{"id":39634,"date":"2023-03-15T11:59:24","date_gmt":"2023-03-15T14:59:24","guid":{"rendered":"https:\/\/jornalfatosenoticias.com.br\/?p=39634"},"modified":"2023-03-15T11:59:24","modified_gmt":"2023-03-15T14:59:24","slug":"abordagens-educativas-em-escolas-orientam-sobre-andada-do-caranguejo","status":"publish","type":"post","link":"https:\/\/jornalfatosenoticias.com.br\/index.php\/2023\/03\/15\/abordagens-educativas-em-escolas-orientam-sobre-andada-do-caranguejo\/","title":{"rendered":"Abordagens educativas em escolas orientam sobre andada do caranguejo"},"content":{"rendered":"\n<p><em><span class=\"has-inline-color has-black-color\">As a\u00e7\u00f5es nas unidades de ensino, ser\u00e3o realizadas nos turnos matutino e vespertino, a partir desta quarta-feira (15)<\/span><\/em><\/p>\n\n\n\n<div class=\"wp-block-image\"><figure class=\"aligncenter size-large is-resized\"><img loading=\"lazy\" decoding=\"async\" src=\"https:\/\/jornalfatosenoticias.com.br\/wp-content\/uploads\/2021\/10\/LOGO-JUNTOS-SOS-ES-AMBIENTAL.jpg\" alt=\"\" class=\"wp-image-23922\" width=\"280\" height=\"259\"\/><\/figure><\/div>\n\n\n\n<p>Estudantes de escolas p\u00fablicas e particulares situadas em Vit\u00f3ria v\u00e3o aprender sobre a import\u00e2ncia do per\u00edodo da andada do caranguejo-u\u00e7\u00e1 <em>(Ucides cordatus)<\/em> para o ecossistema, para a preserva\u00e7\u00e3o da esp\u00e9cie e para a economia, cuja cadeia envolve o com\u00e9rcio e tamb\u00e9m promove a gera\u00e7\u00e3o de renda para muitas fam\u00edlias da capital.<\/p>\n\n\n\n<div class=\"wp-block-image\"><figure class=\"aligncenter size-large\"><img decoding=\"async\" src=\"https:\/\/jornalfatosenoticias.com.br\/wp-content\/uploads\/2020\/02\/barao-das-carnes-300x164-1.jpg\" alt=\"\" class=\"wp-image-34339\"\/><\/figure><\/div>\n\n\n\n<p>As a\u00e7\u00f5es nas unidades de ensino, que est\u00e3o situadas no entorno da \u00e1rea do manguezal, em bairros da Regi\u00e3o de S\u00e3o Pedro, da Grande Goiabeiras, do Forte S\u00e3o Jo\u00e3o e de Jardim Camburi, ser\u00e3o realizadas nos turnos matutino e vespertino, a partir desta quarta-feira (15), seguindo at\u00e9 o pr\u00f3ximo dia 27 de mar\u00e7o.<\/p>\n\n\n\n<div class=\"wp-block-image\"><figure class=\"aligncenter size-large\"><img loading=\"lazy\" decoding=\"async\" width=\"300\" height=\"300\" src=\"https:\/\/jornalfatosenoticias.com.br\/wp-content\/uploads\/2020\/02\/casa-do-torresmo_portal.jpg\" alt=\"\" class=\"wp-image-34472\" srcset=\"https:\/\/jornalfatosenoticias.com.br\/wp-content\/uploads\/2020\/02\/casa-do-torresmo_portal.jpg 300w, https:\/\/jornalfatosenoticias.com.br\/wp-content\/uploads\/2020\/02\/casa-do-torresmo_portal-150x150.jpg 150w\" sizes=\"auto, (max-width: 300px) 100vw, 300px\" \/><\/figure><\/div>\n\n\n\n<blockquote class=\"wp-block-quote is-layout-flow wp-block-quote-is-layout-flow\"><p><span class=\"has-inline-color has-luminous-vivid-orange-color\">A andada visa \u00e0 preserva\u00e7\u00e3o da esp\u00e9cie, protegendo no per\u00edodo de reprodu\u00e7\u00e3o e de recomposi\u00e7\u00e3o da fauna. Respeitando o per\u00edodo de proibi\u00e7\u00e3o, garantimos o aumento do n\u00famero de caranguejos-u\u00e7\u00e1 e a continuidade das atividades da cata e da comercializa\u00e7\u00e3o, que s\u00e3o tradicionais em Vit\u00f3ria e que representam renda para muitas fam\u00edlias&#8221;, diz o secret\u00e1rio municipal de Meio Ambiente, Tarc\u00edsio F\u00f6eger.<\/span><\/p><\/blockquote>\n\n\n\n<div class=\"wp-block-image\"><figure class=\"aligncenter size-large\"><img decoding=\"async\" src=\"https:\/\/jornalfatosenoticias.com.br\/wp-content\/uploads\/2020\/02\/Serra-Grande-1024x160.png\" alt=\"\" class=\"wp-image-7836\"\/><\/figure><\/div>\n\n\n\n<p><strong>Andada<br><\/strong>O quinto e \u00faltimo per\u00edodo da andada, quando os crust\u00e1ceos machos e f\u00eameas saem de suas galerias (tocas) e andam pelo manguezal para acasalamento e libera\u00e7\u00e3o de ovos, tem in\u00edcio na pr\u00f3xima quarta-feira (22) e vai at\u00e9 o dia 27 de mar\u00e7o.<\/p>\n\n\n\n<div class=\"wp-block-image\"><figure class=\"aligncenter size-large is-resized\"><img loading=\"lazy\" decoding=\"async\" src=\"https:\/\/jornalfatosenoticias.com.br\/wp-content\/uploads\/2022\/10\/Arte-jornal-Zucchi-600x600_Prancheta-1-1024x1024.jpg\" alt=\"\" class=\"wp-image-34782\" width=\"268\" height=\"268\" srcset=\"https:\/\/jornalfatosenoticias.com.br\/wp-content\/uploads\/2022\/10\/Arte-jornal-Zucchi-600x600_Prancheta-1-1024x1024.jpg 1024w, https:\/\/jornalfatosenoticias.com.br\/wp-content\/uploads\/2022\/10\/Arte-jornal-Zucchi-600x600_Prancheta-1-300x300.jpg 300w, https:\/\/jornalfatosenoticias.com.br\/wp-content\/uploads\/2022\/10\/Arte-jornal-Zucchi-600x600_Prancheta-1-150x150.jpg 150w, https:\/\/jornalfatosenoticias.com.br\/wp-content\/uploads\/2022\/10\/Arte-jornal-Zucchi-600x600_Prancheta-1-768x768.jpg 768w, https:\/\/jornalfatosenoticias.com.br\/wp-content\/uploads\/2022\/10\/Arte-jornal-Zucchi-600x600_Prancheta-1.jpg 1250w\" sizes=\"auto, (max-width: 268px) 100vw, 268px\" \/><\/figure><\/div>\n\n\n\n<p>Durante o per\u00edodo ficam proibidos a captura, a manuten\u00e7\u00e3o em cativeiro, o transporte, o beneficiamento, a industrializa\u00e7\u00e3o, o armazenamento e a comercializa\u00e7\u00e3o dos indiv\u00edduos da esp\u00e9cie, proveniente de qualquer origem, bem como as partes isoladas (quelas, pin\u00e7as, garras ou desfiado). A proibi\u00e7\u00e3o tem como base a Portaria Estadual Seama n\u00ba 021-R\/2022.<\/p>\n\n\n\n<div class=\"wp-block-image\"><figure class=\"aligncenter size-large is-resized\"><img loading=\"lazy\" decoding=\"async\" src=\"https:\/\/jornalfatosenoticias.com.br\/wp-content\/uploads\/2022\/08\/logo-locau-veiculos-1024x573.png\" alt=\"\" class=\"wp-image-33078\" width=\"318\" height=\"177\"\/><\/figure><\/div>\n\n\n\n<p><strong><span class=\"has-inline-color has-vivid-green-cyan-color\">Educa\u00e7\u00e3o ambiental<br><\/span><\/strong>Al\u00e9m das abordagens educativas em escolas, nesta etapa, t\u00e9cnicos da Ger\u00eancia de Educa\u00e7\u00e3o Ambiental, da Secretaria Municipal de Meio Ambiente (Semmam), tamb\u00e9m realizaram durante os outros quatro per\u00edodos, a\u00e7\u00f5es de sensibiliza\u00e7\u00e3o em feiras livres, peixarias, bares e restaurantes. E, at\u00e9 esta sexta-feira (17), o Museu do Pescador da Ilha das Caieiras recebe a exposi\u00e7\u00e3o &#8220;Manguezal: M\u00faltiplos Olhares&#8221; como forma de chamar a aten\u00e7\u00e3o para a import\u00e2ncia da preserva\u00e7\u00e3o do caranguejo-u\u00e7\u00e1.<\/p>\n\n\n\n<div class=\"wp-block-image\"><figure class=\"aligncenter size-large\"><img loading=\"lazy\" decoding=\"async\" width=\"300\" height=\"250\" src=\"https:\/\/jornalfatosenoticias.com.br\/wp-content\/uploads\/2022\/08\/arte-Casarao.jpg\" alt=\"\" class=\"wp-image-33178\"\/><\/figure><\/div>\n\n\n\n<p><strong><span class=\"has-inline-color has-vivid-green-cyan-color\">Fiscaliza\u00e7\u00e3o<br><\/span><\/strong>Agentes de Prote\u00e7\u00e3o Ambiental da Prefeitura de Vit\u00f3ria t\u00eam acompanhado de perto o per\u00edodo da andada do caranguejo-u\u00e7\u00e1 <em>(Ucides cordatus)<\/em> na capital. De barco, fiscais e t\u00e9cnicos da Secretaria Municipal de Meio Ambiente (Semmam) v\u00e3o aos manguezais para monitoramento do ciclo e abordagens em caso de irregularidades. As a\u00e7\u00f5es de fiscaliza\u00e7\u00e3o ocorrem sempre durante o per\u00edodo da mar\u00e9 baixa, podendo acontecer pela manh\u00e3 ou \u00e0 tarde dependendo do dia.<\/p>\n\n\n\n<div class=\"wp-block-image\"><figure class=\"aligncenter size-large is-resized\"><img loading=\"lazy\" decoding=\"async\" src=\"https:\/\/jornalfatosenoticias.com.br\/wp-content\/uploads\/2020\/02\/logo-embacia.jpg\" alt=\"\" class=\"wp-image-33905\" width=\"276\" height=\"276\"\/><\/figure><\/div>\n\n\n\n<p><em><strong>Fonte: <a href=\"https:\/\/www.vitoria.es.gov.br\/noticia\/abordagens-educativas-em-escolas-orientam-sobre-andada-do-caranguejo-47193\">PMV<\/a><\/strong><\/em><\/p>\n","protected":false},"excerpt":{"rendered":"<p>As a\u00e7\u00f5es nas unidades de ensino, ser\u00e3o realizadas nos turnos matutino e vespertino, a partir desta quarta-feira (15) Estudantes de escolas p\u00fablicas e particulares situadas em Vit\u00f3ria v\u00e3o aprender sobre a import\u00e2ncia do per\u00edodo da andada do caranguejo-u\u00e7\u00e1 (Ucides cordatus) para o ecossistema, para a preserva\u00e7\u00e3o da esp\u00e9cie e para a economia, cuja cadeia envolve [&hellip;]<\/p>\n","protected":false},"author":2,"featured_media":39635,"comment_status":"open","ping_status":"open","sticky":false,"template":"","format":"standard","meta":{"footnotes":""},"categories":[7],"tags":[18551,1631,2531,5176,18552],"class_list":["post-39634","post","type-post","status-publish","format-standard","has-post-thumbnail","hentry","category-educacao","tag-andada-do-caranguejo-uca","tag-ecossistema","tag-educacao-ambiental","tag-manguezais","tag-preservacao-da-especie"],"yoast_head":"<!-- This site is optimized with the Yoast SEO plugin v26.5 - https:\/\/yoast.com\/wordpress\/plugins\/seo\/ -->\n<title>Abordagens educativas em escolas orientam sobre andada do caranguejo - Jornal Fatos e Not\u00edcias<\/title>\n<meta name=\"robots\" content=\"index, follow, max-snippet:-1, max-image-preview:large, max-video-preview:-1\" \/>\n<link rel=\"canonical\" href=\"https:\/\/jornalfatosenoticias.com.br\/index.php\/2023\/03\/15\/abordagens-educativas-em-escolas-orientam-sobre-andada-do-caranguejo\/\" \/>\n<meta property=\"og:locale\" content=\"pt_BR\" \/>\n<meta property=\"og:type\" content=\"article\" \/>\n<meta property=\"og:title\" content=\"Abordagens educativas em escolas orientam sobre andada do caranguejo - Jornal Fatos e Not\u00edcias\" \/>\n<meta property=\"og:description\" content=\"As a\u00e7\u00f5es nas unidades de ensino, ser\u00e3o realizadas nos turnos matutino e vespertino, a partir desta quarta-feira (15) Estudantes de escolas p\u00fablicas e particulares situadas em Vit\u00f3ria v\u00e3o aprender sobre a import\u00e2ncia do per\u00edodo da andada do caranguejo-u\u00e7\u00e1 (Ucides cordatus) para o ecossistema, para a preserva\u00e7\u00e3o da esp\u00e9cie e para a economia, cuja cadeia envolve [&hellip;]\" \/>\n<meta property=\"og:url\" content=\"https:\/\/jornalfatosenoticias.com.br\/index.php\/2023\/03\/15\/abordagens-educativas-em-escolas-orientam-sobre-andada-do-caranguejo\/\" \/>\n<meta property=\"og:site_name\" content=\"Jornal Fatos e Not\u00edcias\" \/>\n<meta property=\"article:published_time\" content=\"2023-03-15T14:59:24+00:00\" \/>\n<meta property=\"og:image\" content=\"https:\/\/jornalfatosenoticias.com.br\/wp-content\/uploads\/2023\/03\/ANDADA-CARANGUEJO.jpg\" \/>\n\t<meta property=\"og:image:width\" content=\"1000\" \/>\n\t<meta property=\"og:image:height\" content=\"665\" \/>\n\t<meta property=\"og:image:type\" content=\"image\/jpeg\" \/>\n<meta name=\"author\" content=\"Luzimara Fernandes\" \/>\n<meta name=\"twitter:card\" content=\"summary_large_image\" \/>\n<meta name=\"twitter:label1\" content=\"Escrito por\" \/>\n\t<meta name=\"twitter:data1\" content=\"Luzimara Fernandes\" \/>\n\t<meta name=\"twitter:label2\" content=\"Est. tempo de leitura\" \/>\n\t<meta name=\"twitter:data2\" content=\"2 minutos\" \/>\n<script type=\"application\/ld+json\" class=\"yoast-schema-graph\">{\"@context\":\"https:\/\/schema.org\",\"@graph\":[{\"@type\":\"Article\",\"@id\":\"https:\/\/jornalfatosenoticias.com.br\/index.php\/2023\/03\/15\/abordagens-educativas-em-escolas-orientam-sobre-andada-do-caranguejo\/#article\",\"isPartOf\":{\"@id\":\"https:\/\/jornalfatosenoticias.com.br\/index.php\/2023\/03\/15\/abordagens-educativas-em-escolas-orientam-sobre-andada-do-caranguejo\/\"},\"author\":{\"name\":\"Luzimara Fernandes\",\"@id\":\"https:\/\/jornalfatosenoticias.com.br\/#\/schema\/person\/d63837fa13ac8666eb9e74e0985d6f81\"},\"headline\":\"Abordagens educativas em escolas orientam sobre andada do caranguejo\",\"datePublished\":\"2023-03-15T14:59:24+00:00\",\"mainEntityOfPage\":{\"@id\":\"https:\/\/jornalfatosenoticias.com.br\/index.php\/2023\/03\/15\/abordagens-educativas-em-escolas-orientam-sobre-andada-do-caranguejo\/\"},\"wordCount\":497,\"commentCount\":0,\"publisher\":{\"@id\":\"https:\/\/jornalfatosenoticias.com.br\/#organization\"},\"image\":{\"@id\":\"https:\/\/jornalfatosenoticias.com.br\/index.php\/2023\/03\/15\/abordagens-educativas-em-escolas-orientam-sobre-andada-do-caranguejo\/#primaryimage\"},\"thumbnailUrl\":\"https:\/\/jornalfatosenoticias.com.br\/wp-content\/uploads\/2023\/03\/ANDADA-CARANGUEJO.jpg\",\"keywords\":[\"andada do caranguejo-u\u00e7\u00e1\",\"ecossistema\",\"educa\u00e7\u00e3o ambiental\",\"manguezais\",\"preserva\u00e7\u00e3o da esp\u00e9cie\"],\"articleSection\":[\"Educa\u00e7\u00e3o\"],\"inLanguage\":\"pt-BR\",\"potentialAction\":[{\"@type\":\"CommentAction\",\"name\":\"Comment\",\"target\":[\"https:\/\/jornalfatosenoticias.com.br\/index.php\/2023\/03\/15\/abordagens-educativas-em-escolas-orientam-sobre-andada-do-caranguejo\/#respond\"]}]},{\"@type\":\"WebPage\",\"@id\":\"https:\/\/jornalfatosenoticias.com.br\/index.php\/2023\/03\/15\/abordagens-educativas-em-escolas-orientam-sobre-andada-do-caranguejo\/\",\"url\":\"https:\/\/jornalfatosenoticias.com.br\/index.php\/2023\/03\/15\/abordagens-educativas-em-escolas-orientam-sobre-andada-do-caranguejo\/\",\"name\":\"Abordagens educativas em escolas orientam sobre andada do caranguejo - Jornal Fatos e Not\u00edcias\",\"isPartOf\":{\"@id\":\"https:\/\/jornalfatosenoticias.com.br\/#website\"},\"primaryImageOfPage\":{\"@id\":\"https:\/\/jornalfatosenoticias.com.br\/index.php\/2023\/03\/15\/abordagens-educativas-em-escolas-orientam-sobre-andada-do-caranguejo\/#primaryimage\"},\"image\":{\"@id\":\"https:\/\/jornalfatosenoticias.com.br\/index.php\/2023\/03\/15\/abordagens-educativas-em-escolas-orientam-sobre-andada-do-caranguejo\/#primaryimage\"},\"thumbnailUrl\":\"https:\/\/jornalfatosenoticias.com.br\/wp-content\/uploads\/2023\/03\/ANDADA-CARANGUEJO.jpg\",\"datePublished\":\"2023-03-15T14:59:24+00:00\",\"breadcrumb\":{\"@id\":\"https:\/\/jornalfatosenoticias.com.br\/index.php\/2023\/03\/15\/abordagens-educativas-em-escolas-orientam-sobre-andada-do-caranguejo\/#breadcrumb\"},\"inLanguage\":\"pt-BR\",\"potentialAction\":[{\"@type\":\"ReadAction\",\"target\":[\"https:\/\/jornalfatosenoticias.com.br\/index.php\/2023\/03\/15\/abordagens-educativas-em-escolas-orientam-sobre-andada-do-caranguejo\/\"]}]},{\"@type\":\"ImageObject\",\"inLanguage\":\"pt-BR\",\"@id\":\"https:\/\/jornalfatosenoticias.com.br\/index.php\/2023\/03\/15\/abordagens-educativas-em-escolas-orientam-sobre-andada-do-caranguejo\/#primaryimage\",\"url\":\"https:\/\/jornalfatosenoticias.com.br\/wp-content\/uploads\/2023\/03\/ANDADA-CARANGUEJO.jpg\",\"contentUrl\":\"https:\/\/jornalfatosenoticias.com.br\/wp-content\/uploads\/2023\/03\/ANDADA-CARANGUEJO.jpg\",\"width\":1000,\"height\":665,\"caption\":\"Fiscaliza\u00e7\u00e3o percorre manguezal da capital para vistoriar per\u00edodo da andada\"},{\"@type\":\"BreadcrumbList\",\"@id\":\"https:\/\/jornalfatosenoticias.com.br\/index.php\/2023\/03\/15\/abordagens-educativas-em-escolas-orientam-sobre-andada-do-caranguejo\/#breadcrumb\",\"itemListElement\":[{\"@type\":\"ListItem\",\"position\":1,\"name\":\"In\u00edcio\",\"item\":\"https:\/\/jornalfatosenoticias.com.br\/\"},{\"@type\":\"ListItem\",\"position\":2,\"name\":\"Abordagens educativas em escolas orientam sobre andada do caranguejo\"}]},{\"@type\":\"WebSite\",\"@id\":\"https:\/\/jornalfatosenoticias.com.br\/#website\",\"url\":\"https:\/\/jornalfatosenoticias.com.br\/\",\"name\":\"Jornal Fatos e Not\u00edcias\",\"description\":\"Not\u00edcias em geral\",\"publisher\":{\"@id\":\"https:\/\/jornalfatosenoticias.com.br\/#organization\"},\"potentialAction\":[{\"@type\":\"SearchAction\",\"target\":{\"@type\":\"EntryPoint\",\"urlTemplate\":\"https:\/\/jornalfatosenoticias.com.br\/?s={search_term_string}\"},\"query-input\":{\"@type\":\"PropertyValueSpecification\",\"valueRequired\":true,\"valueName\":\"search_term_string\"}}],\"inLanguage\":\"pt-BR\"},{\"@type\":\"Organization\",\"@id\":\"https:\/\/jornalfatosenoticias.com.br\/#organization\",\"name\":\"Jornal Fatos e Not\u00edcias\",\"url\":\"https:\/\/jornalfatosenoticias.com.br\/\",\"logo\":{\"@type\":\"ImageObject\",\"inLanguage\":\"pt-BR\",\"@id\":\"https:\/\/jornalfatosenoticias.com.br\/#\/schema\/logo\/image\/\",\"url\":\"https:\/\/jornalfatosenoticias.com.br\/wp-content\/uploads\/2020\/02\/logo120.png\",\"contentUrl\":\"https:\/\/jornalfatosenoticias.com.br\/wp-content\/uploads\/2020\/02\/logo120.png\",\"width\":1227,\"height\":120,\"caption\":\"Jornal Fatos e Not\u00edcias\"},\"image\":{\"@id\":\"https:\/\/jornalfatosenoticias.com.br\/#\/schema\/logo\/image\/\"}},{\"@type\":\"Person\",\"@id\":\"https:\/\/jornalfatosenoticias.com.br\/#\/schema\/person\/d63837fa13ac8666eb9e74e0985d6f81\",\"name\":\"Luzimara Fernandes\",\"image\":{\"@type\":\"ImageObject\",\"inLanguage\":\"pt-BR\",\"@id\":\"https:\/\/jornalfatosenoticias.com.br\/#\/schema\/person\/image\/\",\"url\":\"https:\/\/jornalfatosenoticias.com.br\/wp-content\/uploads\/2025\/05\/EU_portal.jpg\",\"contentUrl\":\"https:\/\/jornalfatosenoticias.com.br\/wp-content\/uploads\/2025\/05\/EU_portal.jpg\",\"caption\":\"Luzimara Fernandes\"},\"description\":\"Jornalista MTB 2358-ES\",\"sameAs\":[\"https:\/\/jornalfatosenoticias.com.br\"],\"url\":\"https:\/\/jornalfatosenoticias.com.br\/index.php\/author\/luzimara\/\"}]}<\/script>\n<!-- \/ Yoast SEO plugin. -->","yoast_head_json":{"title":"Abordagens educativas em escolas orientam sobre andada do caranguejo - Jornal Fatos e Not\u00edcias","robots":{"index":"index","follow":"follow","max-snippet":"max-snippet:-1","max-image-preview":"max-image-preview:large","max-video-preview":"max-video-preview:-1"},"canonical":"https:\/\/jornalfatosenoticias.com.br\/index.php\/2023\/03\/15\/abordagens-educativas-em-escolas-orientam-sobre-andada-do-caranguejo\/","og_locale":"pt_BR","og_type":"article","og_title":"Abordagens educativas em escolas orientam sobre andada do caranguejo - Jornal Fatos e Not\u00edcias","og_description":"As a\u00e7\u00f5es nas unidades de ensino, ser\u00e3o realizadas nos turnos matutino e vespertino, a partir desta quarta-feira (15) Estudantes de escolas p\u00fablicas e particulares situadas em Vit\u00f3ria v\u00e3o aprender sobre a import\u00e2ncia do per\u00edodo da andada do caranguejo-u\u00e7\u00e1 (Ucides cordatus) para o ecossistema, para a preserva\u00e7\u00e3o da esp\u00e9cie e para a economia, cuja cadeia envolve [&hellip;]","og_url":"https:\/\/jornalfatosenoticias.com.br\/index.php\/2023\/03\/15\/abordagens-educativas-em-escolas-orientam-sobre-andada-do-caranguejo\/","og_site_name":"Jornal Fatos e Not\u00edcias","article_published_time":"2023-03-15T14:59:24+00:00","og_image":[{"width":1000,"height":665,"url":"https:\/\/jornalfatosenoticias.com.br\/wp-content\/uploads\/2023\/03\/ANDADA-CARANGUEJO.jpg","type":"image\/jpeg"}],"author":"Luzimara Fernandes","twitter_card":"summary_large_image","twitter_misc":{"Escrito por":"Luzimara Fernandes","Est. tempo de leitura":"2 minutos"},"schema":{"@context":"https:\/\/schema.org","@graph":[{"@type":"Article","@id":"https:\/\/jornalfatosenoticias.com.br\/index.php\/2023\/03\/15\/abordagens-educativas-em-escolas-orientam-sobre-andada-do-caranguejo\/#article","isPartOf":{"@id":"https:\/\/jornalfatosenoticias.com.br\/index.php\/2023\/03\/15\/abordagens-educativas-em-escolas-orientam-sobre-andada-do-caranguejo\/"},"author":{"name":"Luzimara Fernandes","@id":"https:\/\/jornalfatosenoticias.com.br\/#\/schema\/person\/d63837fa13ac8666eb9e74e0985d6f81"},"headline":"Abordagens educativas em escolas orientam sobre andada do caranguejo","datePublished":"2023-03-15T14:59:24+00:00","mainEntityOfPage":{"@id":"https:\/\/jornalfatosenoticias.com.br\/index.php\/2023\/03\/15\/abordagens-educativas-em-escolas-orientam-sobre-andada-do-caranguejo\/"},"wordCount":497,"commentCount":0,"publisher":{"@id":"https:\/\/jornalfatosenoticias.com.br\/#organization"},"image":{"@id":"https:\/\/jornalfatosenoticias.com.br\/index.php\/2023\/03\/15\/abordagens-educativas-em-escolas-orientam-sobre-andada-do-caranguejo\/#primaryimage"},"thumbnailUrl":"https:\/\/jornalfatosenoticias.com.br\/wp-content\/uploads\/2023\/03\/ANDADA-CARANGUEJO.jpg","keywords":["andada do caranguejo-u\u00e7\u00e1","ecossistema","educa\u00e7\u00e3o ambiental","manguezais","preserva\u00e7\u00e3o da esp\u00e9cie"],"articleSection":["Educa\u00e7\u00e3o"],"inLanguage":"pt-BR","potentialAction":[{"@type":"CommentAction","name":"Comment","target":["https:\/\/jornalfatosenoticias.com.br\/index.php\/2023\/03\/15\/abordagens-educativas-em-escolas-orientam-sobre-andada-do-caranguejo\/#respond"]}]},{"@type":"WebPage","@id":"https:\/\/jornalfatosenoticias.com.br\/index.php\/2023\/03\/15\/abordagens-educativas-em-escolas-orientam-sobre-andada-do-caranguejo\/","url":"https:\/\/jornalfatosenoticias.com.br\/index.php\/2023\/03\/15\/abordagens-educativas-em-escolas-orientam-sobre-andada-do-caranguejo\/","name":"Abordagens educativas em escolas orientam sobre andada do caranguejo - Jornal Fatos e Not\u00edcias","isPartOf":{"@id":"https:\/\/jornalfatosenoticias.com.br\/#website"},"primaryImageOfPage":{"@id":"https:\/\/jornalfatosenoticias.com.br\/index.php\/2023\/03\/15\/abordagens-educativas-em-escolas-orientam-sobre-andada-do-caranguejo\/#primaryimage"},"image":{"@id":"https:\/\/jornalfatosenoticias.com.br\/index.php\/2023\/03\/15\/abordagens-educativas-em-escolas-orientam-sobre-andada-do-caranguejo\/#primaryimage"},"thumbnailUrl":"https:\/\/jornalfatosenoticias.com.br\/wp-content\/uploads\/2023\/03\/ANDADA-CARANGUEJO.jpg","datePublished":"2023-03-15T14:59:24+00:00","breadcrumb":{"@id":"https:\/\/jornalfatosenoticias.com.br\/index.php\/2023\/03\/15\/abordagens-educativas-em-escolas-orientam-sobre-andada-do-caranguejo\/#breadcrumb"},"inLanguage":"pt-BR","potentialAction":[{"@type":"ReadAction","target":["https:\/\/jornalfatosenoticias.com.br\/index.php\/2023\/03\/15\/abordagens-educativas-em-escolas-orientam-sobre-andada-do-caranguejo\/"]}]},{"@type":"ImageObject","inLanguage":"pt-BR","@id":"https:\/\/jornalfatosenoticias.com.br\/index.php\/2023\/03\/15\/abordagens-educativas-em-escolas-orientam-sobre-andada-do-caranguejo\/#primaryimage","url":"https:\/\/jornalfatosenoticias.com.br\/wp-content\/uploads\/2023\/03\/ANDADA-CARANGUEJO.jpg","contentUrl":"https:\/\/jornalfatosenoticias.com.br\/wp-content\/uploads\/2023\/03\/ANDADA-CARANGUEJO.jpg","width":1000,"height":665,"caption":"Fiscaliza\u00e7\u00e3o percorre manguezal da capital para vistoriar per\u00edodo da andada"},{"@type":"BreadcrumbList","@id":"https:\/\/jornalfatosenoticias.com.br\/index.php\/2023\/03\/15\/abordagens-educativas-em-escolas-orientam-sobre-andada-do-caranguejo\/#breadcrumb","itemListElement":[{"@type":"ListItem","position":1,"name":"In\u00edcio","item":"https:\/\/jornalfatosenoticias.com.br\/"},{"@type":"ListItem","position":2,"name":"Abordagens educativas em escolas orientam sobre andada do caranguejo"}]},{"@type":"WebSite","@id":"https:\/\/jornalfatosenoticias.com.br\/#website","url":"https:\/\/jornalfatosenoticias.com.br\/","name":"Jornal Fatos e Not\u00edcias","description":"Not\u00edcias em geral","publisher":{"@id":"https:\/\/jornalfatosenoticias.com.br\/#organization"},"potentialAction":[{"@type":"SearchAction","target":{"@type":"EntryPoint","urlTemplate":"https:\/\/jornalfatosenoticias.com.br\/?s={search_term_string}"},"query-input":{"@type":"PropertyValueSpecification","valueRequired":true,"valueName":"search_term_string"}}],"inLanguage":"pt-BR"},{"@type":"Organization","@id":"https:\/\/jornalfatosenoticias.com.br\/#organization","name":"Jornal Fatos e Not\u00edcias","url":"https:\/\/jornalfatosenoticias.com.br\/","logo":{"@type":"ImageObject","inLanguage":"pt-BR","@id":"https:\/\/jornalfatosenoticias.com.br\/#\/schema\/logo\/image\/","url":"https:\/\/jornalfatosenoticias.com.br\/wp-content\/uploads\/2020\/02\/logo120.png","contentUrl":"https:\/\/jornalfatosenoticias.com.br\/wp-content\/uploads\/2020\/02\/logo120.png","width":1227,"height":120,"caption":"Jornal Fatos e Not\u00edcias"},"image":{"@id":"https:\/\/jornalfatosenoticias.com.br\/#\/schema\/logo\/image\/"}},{"@type":"Person","@id":"https:\/\/jornalfatosenoticias.com.br\/#\/schema\/person\/d63837fa13ac8666eb9e74e0985d6f81","name":"Luzimara Fernandes","image":{"@type":"ImageObject","inLanguage":"pt-BR","@id":"https:\/\/jornalfatosenoticias.com.br\/#\/schema\/person\/image\/","url":"https:\/\/jornalfatosenoticias.com.br\/wp-content\/uploads\/2025\/05\/EU_portal.jpg","contentUrl":"https:\/\/jornalfatosenoticias.com.br\/wp-content\/uploads\/2025\/05\/EU_portal.jpg","caption":"Luzimara Fernandes"},"description":"Jornalista MTB 2358-ES","sameAs":["https:\/\/jornalfatosenoticias.com.br"],"url":"https:\/\/jornalfatosenoticias.com.br\/index.php\/author\/luzimara\/"}]}},"cc_featured_image_caption":{"caption_text":"(Foto: Semmam\/Divulga\u00e7\u00e3o) \r\n","source_text":"","source_url":""},"jetpack_featured_media_url":"https:\/\/jornalfatosenoticias.com.br\/wp-content\/uploads\/2023\/03\/ANDADA-CARANGUEJO.jpg","_links":{"self":[{"href":"https:\/\/jornalfatosenoticias.com.br\/index.php\/wp-json\/wp\/v2\/posts\/39634","targetHints":{"allow":["GET"]}}],"collection":[{"href":"https:\/\/jornalfatosenoticias.com.br\/index.php\/wp-json\/wp\/v2\/posts"}],"about":[{"href":"https:\/\/jornalfatosenoticias.com.br\/index.php\/wp-json\/wp\/v2\/types\/post"}],"author":[{"embeddable":true,"href":"https:\/\/jornalfatosenoticias.com.br\/index.php\/wp-json\/wp\/v2\/users\/2"}],"replies":[{"embeddable":true,"href":"https:\/\/jornalfatosenoticias.com.br\/index.php\/wp-json\/wp\/v2\/comments?post=39634"}],"version-history":[{"count":0,"href":"https:\/\/jornalfatosenoticias.com.br\/index.php\/wp-json\/wp\/v2\/posts\/39634\/revisions"}],"wp:featuredmedia":[{"embeddable":true,"href":"https:\/\/jornalfatosenoticias.com.br\/index.php\/wp-json\/wp\/v2\/media\/39635"}],"wp:attachment":[{"href":"https:\/\/jornalfatosenoticias.com.br\/index.php\/wp-json\/wp\/v2\/media?parent=39634"}],"wp:term":[{"taxonomy":"category","embeddable":true,"href":"https:\/\/jornalfatosenoticias.com.br\/index.php\/wp-json\/wp\/v2\/categories?post=39634"},{"taxonomy":"post_tag","embeddable":true,"href":"https:\/\/jornalfatosenoticias.com.br\/index.php\/wp-json\/wp\/v2\/tags?post=39634"}],"curies":[{"name":"wp","href":"https:\/\/api.w.org\/{rel}","templated":true}]}}