{"id":39644,"date":"2023-03-15T12:35:20","date_gmt":"2023-03-15T15:35:20","guid":{"rendered":"https:\/\/jornalfatosenoticias.com.br\/?p=39644"},"modified":"2023-03-15T21:02:54","modified_gmt":"2023-03-16T00:02:54","slug":"apoiado-por-lula-argentina-de-fernandez-registra-inflacao-acima-de-100","status":"publish","type":"post","link":"https:\/\/jornalfatosenoticias.com.br\/index.php\/2023\/03\/15\/apoiado-por-lula-argentina-de-fernandez-registra-inflacao-acima-de-100\/","title":{"rendered":"Apoiada por Lula, Argentina de Fern\u00e1ndez registra infla\u00e7\u00e3o acima de 100%"},"content":{"rendered":"\n<p><em><span class=\"has-inline-color has-black-color\">J\u00e1 \u00e9 a maior disparada desde 1991<\/span><\/em><\/p>\n\n\n\n<div class=\"wp-block-image\"><figure class=\"aligncenter size-large\"><img loading=\"lazy\" decoding=\"async\" width=\"1024\" height=\"109\" src=\"https:\/\/jornalfatosenoticias.com.br\/wp-content\/uploads\/2020\/02\/Propaganda-RC-Radiadores-Jornal_page-0001-1024x109.jpg\" alt=\"\" class=\"wp-image-35278\" srcset=\"https:\/\/jornalfatosenoticias.com.br\/wp-content\/uploads\/2020\/02\/Propaganda-RC-Radiadores-Jornal_page-0001-1024x109.jpg 1024w, https:\/\/jornalfatosenoticias.com.br\/wp-content\/uploads\/2020\/02\/Propaganda-RC-Radiadores-Jornal_page-0001-300x32.jpg 300w, https:\/\/jornalfatosenoticias.com.br\/wp-content\/uploads\/2020\/02\/Propaganda-RC-Radiadores-Jornal_page-0001-768x82.jpg 768w, https:\/\/jornalfatosenoticias.com.br\/wp-content\/uploads\/2020\/02\/Propaganda-RC-Radiadores-Jornal_page-0001.jpg 1220w\" sizes=\"auto, (max-width: 1024px) 100vw, 1024px\" \/><\/figure><\/div>\n\n\n\n<p>Conforme noticiou o Conex\u00e3o Pol\u00edtica na ter\u00e7a-feira (14), os pre\u00e7os ao consumidor na Argentina subiram 102,5% em fevereiro em rela\u00e7\u00e3o ao mesmo m\u00eas no ano passado. Os dados foram divulgados pelo Instituto Nacional de Estat\u00edstica e Censos (Indec). J\u00e1 \u00e9, portanto, a infla\u00e7\u00e3o mais alta no pa\u00eds desde outubro de 1991.<\/p>\n\n\n\n<div class=\"wp-block-image\"><figure class=\"aligncenter size-large is-resized\"><img loading=\"lazy\" decoding=\"async\" src=\"https:\/\/jornalfatosenoticias.com.br\/wp-content\/uploads\/2022\/08\/logo-locau-veiculos-1024x573.png\" alt=\"\" class=\"wp-image-33078\" width=\"272\" height=\"152\"\/><\/figure><\/div>\n\n\n\n<p>Quanto ao aumento registrado apenas dentro do m\u00eas, os pre\u00e7os ao consumidor subiram 6,6% em rela\u00e7\u00e3o a janeiro. Entre os aumentos registrados em fevereiro, destacam-se os de alimentos e bebidas n\u00e3o alco\u00f3licas, que chegou a quase 10%.<\/p>\n\n\n\n<div class=\"wp-block-image\"><figure class=\"aligncenter size-large\"><img decoding=\"async\" src=\"https:\/\/jornalfatosenoticias.com.br\/wp-content\/uploads\/2020\/02\/logo_esteio.jpg\" alt=\"\" class=\"wp-image-1214\"\/><\/figure><\/div>\n\n\n\n<blockquote class=\"wp-block-quote is-layout-flow wp-block-quote-is-layout-flow\"><p><span class=\"has-inline-color has-luminous-vivid-orange-color\">Sob um governo de espectro pol\u00edtico de esquerda, a Argentina vive um salto da fome e da pobreza, que disparam ano ap\u00f3s ano no solo \u2018hermano\u2019. O atual presidente do pa\u00eds, Alberto Fern\u00e1ndez, assim como a sua vice, Cristina Kirchner, s\u00e3o apoiados pelo atual chefe do Executivo federal do Brasil, Luiz In\u00e1cio Lula da Silva (PT). Recentemente, ela foi condenada pelo Tribunal argentino, que sustenta \u201cato de corrup\u00e7\u00e3o estatal\u201d.<\/span><\/p><\/blockquote>\n\n\n\n<div class=\"wp-block-image\"><figure class=\"aligncenter size-large is-resized\"><img loading=\"lazy\" decoding=\"async\" src=\"https:\/\/jornalfatosenoticias.com.br\/wp-content\/uploads\/2020\/02\/casa-do-torresmo_portal.jpg\" alt=\"\" class=\"wp-image-34472\" width=\"248\" height=\"248\" srcset=\"https:\/\/jornalfatosenoticias.com.br\/wp-content\/uploads\/2020\/02\/casa-do-torresmo_portal.jpg 300w, https:\/\/jornalfatosenoticias.com.br\/wp-content\/uploads\/2020\/02\/casa-do-torresmo_portal-150x150.jpg 150w\" sizes=\"auto, (max-width: 248px) 100vw, 248px\" \/><\/figure><\/div>\n\n\n\n<p>Cristina Kirchner recebeu senten\u00e7a de seis anos de pris\u00e3o e inelegibilidade pol\u00edtica perp\u00e9tua. As atividades pol\u00edticas, no entanto, ainda seguem em vigor.<\/p>\n\n\n\n<p><strong><em>Fonte: Conex\u00e3o Pol\u00edtica<\/em><\/strong><\/p>\n","protected":false},"excerpt":{"rendered":"<p>J\u00e1 \u00e9 a maior disparada desde 1991 Conforme noticiou o Conex\u00e3o Pol\u00edtica na ter\u00e7a-feira (14), os pre\u00e7os ao consumidor na Argentina subiram 102,5% em fevereiro em rela\u00e7\u00e3o ao mesmo m\u00eas no ano passado. Os dados foram divulgados pelo Instituto Nacional de Estat\u00edstica e Censos (Indec). J\u00e1 \u00e9, portanto, a infla\u00e7\u00e3o mais alta no pa\u00eds desde [&hellip;]<\/p>\n","protected":false},"author":2,"featured_media":39645,"comment_status":"open","ping_status":"open","sticky":false,"template":"","format":"standard","meta":{"footnotes":""},"categories":[41],"tags":[5995,18156,4182,7580],"class_list":["post-39644","post","type-post","status-publish","format-standard","has-post-thumbnail","hentry","category-internacional","tag-argentina","tag-fiasco-economico","tag-inflacao","tag-lula"],"yoast_head":"<!-- This site is optimized with the Yoast SEO plugin v26.5 - https:\/\/yoast.com\/wordpress\/plugins\/seo\/ -->\n<title>Apoiada por Lula, Argentina de Fern\u00e1ndez registra infla\u00e7\u00e3o acima de 100% - Jornal Fatos e Not\u00edcias<\/title>\n<meta name=\"robots\" content=\"index, follow, max-snippet:-1, max-image-preview:large, max-video-preview:-1\" \/>\n<link rel=\"canonical\" href=\"https:\/\/jornalfatosenoticias.com.br\/index.php\/2023\/03\/15\/apoiado-por-lula-argentina-de-fernandez-registra-inflacao-acima-de-100\/\" \/>\n<meta property=\"og:locale\" content=\"pt_BR\" \/>\n<meta property=\"og:type\" content=\"article\" \/>\n<meta property=\"og:title\" content=\"Apoiada por Lula, Argentina de Fern\u00e1ndez registra infla\u00e7\u00e3o acima de 100% - Jornal Fatos e Not\u00edcias\" \/>\n<meta property=\"og:description\" content=\"J\u00e1 \u00e9 a maior disparada desde 1991 Conforme noticiou o Conex\u00e3o Pol\u00edtica na ter\u00e7a-feira (14), os pre\u00e7os ao consumidor na Argentina subiram 102,5% em fevereiro em rela\u00e7\u00e3o ao mesmo m\u00eas no ano passado. Os dados foram divulgados pelo Instituto Nacional de Estat\u00edstica e Censos (Indec). J\u00e1 \u00e9, portanto, a infla\u00e7\u00e3o mais alta no pa\u00eds desde [&hellip;]\" \/>\n<meta property=\"og:url\" content=\"https:\/\/jornalfatosenoticias.com.br\/index.php\/2023\/03\/15\/apoiado-por-lula-argentina-de-fernandez-registra-inflacao-acima-de-100\/\" \/>\n<meta property=\"og:site_name\" content=\"Jornal Fatos e Not\u00edcias\" \/>\n<meta property=\"article:published_time\" content=\"2023-03-15T15:35:20+00:00\" \/>\n<meta property=\"article:modified_time\" content=\"2023-03-16T00:02:54+00:00\" \/>\n<meta property=\"og:image\" content=\"https:\/\/jornalfatosenoticias.com.br\/wp-content\/uploads\/2023\/03\/FIASCO-COMUNISTA.jpg\" \/>\n\t<meta property=\"og:image:width\" content=\"1000\" \/>\n\t<meta property=\"og:image:height\" content=\"628\" \/>\n\t<meta property=\"og:image:type\" content=\"image\/jpeg\" \/>\n<meta name=\"author\" content=\"Luzimara Fernandes\" \/>\n<meta name=\"twitter:card\" content=\"summary_large_image\" \/>\n<meta name=\"twitter:label1\" content=\"Escrito por\" \/>\n\t<meta name=\"twitter:data1\" content=\"Luzimara Fernandes\" \/>\n\t<meta name=\"twitter:label2\" content=\"Est. tempo de leitura\" \/>\n\t<meta name=\"twitter:data2\" content=\"1 minuto\" \/>\n<script type=\"application\/ld+json\" class=\"yoast-schema-graph\">{\"@context\":\"https:\/\/schema.org\",\"@graph\":[{\"@type\":\"Article\",\"@id\":\"https:\/\/jornalfatosenoticias.com.br\/index.php\/2023\/03\/15\/apoiado-por-lula-argentina-de-fernandez-registra-inflacao-acima-de-100\/#article\",\"isPartOf\":{\"@id\":\"https:\/\/jornalfatosenoticias.com.br\/index.php\/2023\/03\/15\/apoiado-por-lula-argentina-de-fernandez-registra-inflacao-acima-de-100\/\"},\"author\":{\"name\":\"Luzimara Fernandes\",\"@id\":\"https:\/\/jornalfatosenoticias.com.br\/#\/schema\/person\/d63837fa13ac8666eb9e74e0985d6f81\"},\"headline\":\"Apoiada por Lula, Argentina de Fern\u00e1ndez registra infla\u00e7\u00e3o acima de 100%\",\"datePublished\":\"2023-03-15T15:35:20+00:00\",\"dateModified\":\"2023-03-16T00:02:54+00:00\",\"mainEntityOfPage\":{\"@id\":\"https:\/\/jornalfatosenoticias.com.br\/index.php\/2023\/03\/15\/apoiado-por-lula-argentina-de-fernandez-registra-inflacao-acima-de-100\/\"},\"wordCount\":221,\"commentCount\":0,\"publisher\":{\"@id\":\"https:\/\/jornalfatosenoticias.com.br\/#organization\"},\"image\":{\"@id\":\"https:\/\/jornalfatosenoticias.com.br\/index.php\/2023\/03\/15\/apoiado-por-lula-argentina-de-fernandez-registra-inflacao-acima-de-100\/#primaryimage\"},\"thumbnailUrl\":\"https:\/\/jornalfatosenoticias.com.br\/wp-content\/uploads\/2023\/03\/FIASCO-COMUNISTA.jpg\",\"keywords\":[\"Argentina\",\"fiasco econ\u00f4mico\",\"infla\u00e7\u00e3o\",\"Lula\"],\"articleSection\":[\"Internacional\"],\"inLanguage\":\"pt-BR\",\"potentialAction\":[{\"@type\":\"CommentAction\",\"name\":\"Comment\",\"target\":[\"https:\/\/jornalfatosenoticias.com.br\/index.php\/2023\/03\/15\/apoiado-por-lula-argentina-de-fernandez-registra-inflacao-acima-de-100\/#respond\"]}]},{\"@type\":\"WebPage\",\"@id\":\"https:\/\/jornalfatosenoticias.com.br\/index.php\/2023\/03\/15\/apoiado-por-lula-argentina-de-fernandez-registra-inflacao-acima-de-100\/\",\"url\":\"https:\/\/jornalfatosenoticias.com.br\/index.php\/2023\/03\/15\/apoiado-por-lula-argentina-de-fernandez-registra-inflacao-acima-de-100\/\",\"name\":\"Apoiada por Lula, Argentina de Fern\u00e1ndez registra infla\u00e7\u00e3o acima de 100% - Jornal Fatos e Not\u00edcias\",\"isPartOf\":{\"@id\":\"https:\/\/jornalfatosenoticias.com.br\/#website\"},\"primaryImageOfPage\":{\"@id\":\"https:\/\/jornalfatosenoticias.com.br\/index.php\/2023\/03\/15\/apoiado-por-lula-argentina-de-fernandez-registra-inflacao-acima-de-100\/#primaryimage\"},\"image\":{\"@id\":\"https:\/\/jornalfatosenoticias.com.br\/index.php\/2023\/03\/15\/apoiado-por-lula-argentina-de-fernandez-registra-inflacao-acima-de-100\/#primaryimage\"},\"thumbnailUrl\":\"https:\/\/jornalfatosenoticias.com.br\/wp-content\/uploads\/2023\/03\/FIASCO-COMUNISTA.jpg\",\"datePublished\":\"2023-03-15T15:35:20+00:00\",\"dateModified\":\"2023-03-16T00:02:54+00:00\",\"breadcrumb\":{\"@id\":\"https:\/\/jornalfatosenoticias.com.br\/index.php\/2023\/03\/15\/apoiado-por-lula-argentina-de-fernandez-registra-inflacao-acima-de-100\/#breadcrumb\"},\"inLanguage\":\"pt-BR\",\"potentialAction\":[{\"@type\":\"ReadAction\",\"target\":[\"https:\/\/jornalfatosenoticias.com.br\/index.php\/2023\/03\/15\/apoiado-por-lula-argentina-de-fernandez-registra-inflacao-acima-de-100\/\"]}]},{\"@type\":\"ImageObject\",\"inLanguage\":\"pt-BR\",\"@id\":\"https:\/\/jornalfatosenoticias.com.br\/index.php\/2023\/03\/15\/apoiado-por-lula-argentina-de-fernandez-registra-inflacao-acima-de-100\/#primaryimage\",\"url\":\"https:\/\/jornalfatosenoticias.com.br\/wp-content\/uploads\/2023\/03\/FIASCO-COMUNISTA.jpg\",\"contentUrl\":\"https:\/\/jornalfatosenoticias.com.br\/wp-content\/uploads\/2023\/03\/FIASCO-COMUNISTA.jpg\",\"width\":1000,\"height\":628},{\"@type\":\"BreadcrumbList\",\"@id\":\"https:\/\/jornalfatosenoticias.com.br\/index.php\/2023\/03\/15\/apoiado-por-lula-argentina-de-fernandez-registra-inflacao-acima-de-100\/#breadcrumb\",\"itemListElement\":[{\"@type\":\"ListItem\",\"position\":1,\"name\":\"In\u00edcio\",\"item\":\"https:\/\/jornalfatosenoticias.com.br\/\"},{\"@type\":\"ListItem\",\"position\":2,\"name\":\"Apoiada por Lula, Argentina de Fern\u00e1ndez registra infla\u00e7\u00e3o acima de 100%\"}]},{\"@type\":\"WebSite\",\"@id\":\"https:\/\/jornalfatosenoticias.com.br\/#website\",\"url\":\"https:\/\/jornalfatosenoticias.com.br\/\",\"name\":\"Jornal Fatos e Not\u00edcias\",\"description\":\"Not\u00edcias em geral\",\"publisher\":{\"@id\":\"https:\/\/jornalfatosenoticias.com.br\/#organization\"},\"potentialAction\":[{\"@type\":\"SearchAction\",\"target\":{\"@type\":\"EntryPoint\",\"urlTemplate\":\"https:\/\/jornalfatosenoticias.com.br\/?s={search_term_string}\"},\"query-input\":{\"@type\":\"PropertyValueSpecification\",\"valueRequired\":true,\"valueName\":\"search_term_string\"}}],\"inLanguage\":\"pt-BR\"},{\"@type\":\"Organization\",\"@id\":\"https:\/\/jornalfatosenoticias.com.br\/#organization\",\"name\":\"Jornal Fatos e Not\u00edcias\",\"url\":\"https:\/\/jornalfatosenoticias.com.br\/\",\"logo\":{\"@type\":\"ImageObject\",\"inLanguage\":\"pt-BR\",\"@id\":\"https:\/\/jornalfatosenoticias.com.br\/#\/schema\/logo\/image\/\",\"url\":\"https:\/\/jornalfatosenoticias.com.br\/wp-content\/uploads\/2020\/02\/logo120.png\",\"contentUrl\":\"https:\/\/jornalfatosenoticias.com.br\/wp-content\/uploads\/2020\/02\/logo120.png\",\"width\":1227,\"height\":120,\"caption\":\"Jornal Fatos e Not\u00edcias\"},\"image\":{\"@id\":\"https:\/\/jornalfatosenoticias.com.br\/#\/schema\/logo\/image\/\"}},{\"@type\":\"Person\",\"@id\":\"https:\/\/jornalfatosenoticias.com.br\/#\/schema\/person\/d63837fa13ac8666eb9e74e0985d6f81\",\"name\":\"Luzimara Fernandes\",\"image\":{\"@type\":\"ImageObject\",\"inLanguage\":\"pt-BR\",\"@id\":\"https:\/\/jornalfatosenoticias.com.br\/#\/schema\/person\/image\/\",\"url\":\"https:\/\/jornalfatosenoticias.com.br\/wp-content\/uploads\/2025\/05\/EU_portal.jpg\",\"contentUrl\":\"https:\/\/jornalfatosenoticias.com.br\/wp-content\/uploads\/2025\/05\/EU_portal.jpg\",\"caption\":\"Luzimara Fernandes\"},\"description\":\"Jornalista MTB 2358-ES\",\"sameAs\":[\"https:\/\/jornalfatosenoticias.com.br\"],\"url\":\"https:\/\/jornalfatosenoticias.com.br\/index.php\/author\/luzimara\/\"}]}<\/script>\n<!-- \/ Yoast SEO plugin. -->","yoast_head_json":{"title":"Apoiada por Lula, Argentina de Fern\u00e1ndez registra infla\u00e7\u00e3o acima de 100% - Jornal Fatos e Not\u00edcias","robots":{"index":"index","follow":"follow","max-snippet":"max-snippet:-1","max-image-preview":"max-image-preview:large","max-video-preview":"max-video-preview:-1"},"canonical":"https:\/\/jornalfatosenoticias.com.br\/index.php\/2023\/03\/15\/apoiado-por-lula-argentina-de-fernandez-registra-inflacao-acima-de-100\/","og_locale":"pt_BR","og_type":"article","og_title":"Apoiada por Lula, Argentina de Fern\u00e1ndez registra infla\u00e7\u00e3o acima de 100% - Jornal Fatos e Not\u00edcias","og_description":"J\u00e1 \u00e9 a maior disparada desde 1991 Conforme noticiou o Conex\u00e3o Pol\u00edtica na ter\u00e7a-feira (14), os pre\u00e7os ao consumidor na Argentina subiram 102,5% em fevereiro em rela\u00e7\u00e3o ao mesmo m\u00eas no ano passado. Os dados foram divulgados pelo Instituto Nacional de Estat\u00edstica e Censos (Indec). J\u00e1 \u00e9, portanto, a infla\u00e7\u00e3o mais alta no pa\u00eds desde [&hellip;]","og_url":"https:\/\/jornalfatosenoticias.com.br\/index.php\/2023\/03\/15\/apoiado-por-lula-argentina-de-fernandez-registra-inflacao-acima-de-100\/","og_site_name":"Jornal Fatos e Not\u00edcias","article_published_time":"2023-03-15T15:35:20+00:00","article_modified_time":"2023-03-16T00:02:54+00:00","og_image":[{"width":1000,"height":628,"url":"https:\/\/jornalfatosenoticias.com.br\/wp-content\/uploads\/2023\/03\/FIASCO-COMUNISTA.jpg","type":"image\/jpeg"}],"author":"Luzimara Fernandes","twitter_card":"summary_large_image","twitter_misc":{"Escrito por":"Luzimara Fernandes","Est. tempo de leitura":"1 minuto"},"schema":{"@context":"https:\/\/schema.org","@graph":[{"@type":"Article","@id":"https:\/\/jornalfatosenoticias.com.br\/index.php\/2023\/03\/15\/apoiado-por-lula-argentina-de-fernandez-registra-inflacao-acima-de-100\/#article","isPartOf":{"@id":"https:\/\/jornalfatosenoticias.com.br\/index.php\/2023\/03\/15\/apoiado-por-lula-argentina-de-fernandez-registra-inflacao-acima-de-100\/"},"author":{"name":"Luzimara Fernandes","@id":"https:\/\/jornalfatosenoticias.com.br\/#\/schema\/person\/d63837fa13ac8666eb9e74e0985d6f81"},"headline":"Apoiada por Lula, Argentina de Fern\u00e1ndez registra infla\u00e7\u00e3o acima de 100%","datePublished":"2023-03-15T15:35:20+00:00","dateModified":"2023-03-16T00:02:54+00:00","mainEntityOfPage":{"@id":"https:\/\/jornalfatosenoticias.com.br\/index.php\/2023\/03\/15\/apoiado-por-lula-argentina-de-fernandez-registra-inflacao-acima-de-100\/"},"wordCount":221,"commentCount":0,"publisher":{"@id":"https:\/\/jornalfatosenoticias.com.br\/#organization"},"image":{"@id":"https:\/\/jornalfatosenoticias.com.br\/index.php\/2023\/03\/15\/apoiado-por-lula-argentina-de-fernandez-registra-inflacao-acima-de-100\/#primaryimage"},"thumbnailUrl":"https:\/\/jornalfatosenoticias.com.br\/wp-content\/uploads\/2023\/03\/FIASCO-COMUNISTA.jpg","keywords":["Argentina","fiasco econ\u00f4mico","infla\u00e7\u00e3o","Lula"],"articleSection":["Internacional"],"inLanguage":"pt-BR","potentialAction":[{"@type":"CommentAction","name":"Comment","target":["https:\/\/jornalfatosenoticias.com.br\/index.php\/2023\/03\/15\/apoiado-por-lula-argentina-de-fernandez-registra-inflacao-acima-de-100\/#respond"]}]},{"@type":"WebPage","@id":"https:\/\/jornalfatosenoticias.com.br\/index.php\/2023\/03\/15\/apoiado-por-lula-argentina-de-fernandez-registra-inflacao-acima-de-100\/","url":"https:\/\/jornalfatosenoticias.com.br\/index.php\/2023\/03\/15\/apoiado-por-lula-argentina-de-fernandez-registra-inflacao-acima-de-100\/","name":"Apoiada por Lula, Argentina de Fern\u00e1ndez registra infla\u00e7\u00e3o acima de 100% - Jornal Fatos e Not\u00edcias","isPartOf":{"@id":"https:\/\/jornalfatosenoticias.com.br\/#website"},"primaryImageOfPage":{"@id":"https:\/\/jornalfatosenoticias.com.br\/index.php\/2023\/03\/15\/apoiado-por-lula-argentina-de-fernandez-registra-inflacao-acima-de-100\/#primaryimage"},"image":{"@id":"https:\/\/jornalfatosenoticias.com.br\/index.php\/2023\/03\/15\/apoiado-por-lula-argentina-de-fernandez-registra-inflacao-acima-de-100\/#primaryimage"},"thumbnailUrl":"https:\/\/jornalfatosenoticias.com.br\/wp-content\/uploads\/2023\/03\/FIASCO-COMUNISTA.jpg","datePublished":"2023-03-15T15:35:20+00:00","dateModified":"2023-03-16T00:02:54+00:00","breadcrumb":{"@id":"https:\/\/jornalfatosenoticias.com.br\/index.php\/2023\/03\/15\/apoiado-por-lula-argentina-de-fernandez-registra-inflacao-acima-de-100\/#breadcrumb"},"inLanguage":"pt-BR","potentialAction":[{"@type":"ReadAction","target":["https:\/\/jornalfatosenoticias.com.br\/index.php\/2023\/03\/15\/apoiado-por-lula-argentina-de-fernandez-registra-inflacao-acima-de-100\/"]}]},{"@type":"ImageObject","inLanguage":"pt-BR","@id":"https:\/\/jornalfatosenoticias.com.br\/index.php\/2023\/03\/15\/apoiado-por-lula-argentina-de-fernandez-registra-inflacao-acima-de-100\/#primaryimage","url":"https:\/\/jornalfatosenoticias.com.br\/wp-content\/uploads\/2023\/03\/FIASCO-COMUNISTA.jpg","contentUrl":"https:\/\/jornalfatosenoticias.com.br\/wp-content\/uploads\/2023\/03\/FIASCO-COMUNISTA.jpg","width":1000,"height":628},{"@type":"BreadcrumbList","@id":"https:\/\/jornalfatosenoticias.com.br\/index.php\/2023\/03\/15\/apoiado-por-lula-argentina-de-fernandez-registra-inflacao-acima-de-100\/#breadcrumb","itemListElement":[{"@type":"ListItem","position":1,"name":"In\u00edcio","item":"https:\/\/jornalfatosenoticias.com.br\/"},{"@type":"ListItem","position":2,"name":"Apoiada por Lula, Argentina de Fern\u00e1ndez registra infla\u00e7\u00e3o acima de 100%"}]},{"@type":"WebSite","@id":"https:\/\/jornalfatosenoticias.com.br\/#website","url":"https:\/\/jornalfatosenoticias.com.br\/","name":"Jornal Fatos e Not\u00edcias","description":"Not\u00edcias em geral","publisher":{"@id":"https:\/\/jornalfatosenoticias.com.br\/#organization"},"potentialAction":[{"@type":"SearchAction","target":{"@type":"EntryPoint","urlTemplate":"https:\/\/jornalfatosenoticias.com.br\/?s={search_term_string}"},"query-input":{"@type":"PropertyValueSpecification","valueRequired":true,"valueName":"search_term_string"}}],"inLanguage":"pt-BR"},{"@type":"Organization","@id":"https:\/\/jornalfatosenoticias.com.br\/#organization","name":"Jornal Fatos e Not\u00edcias","url":"https:\/\/jornalfatosenoticias.com.br\/","logo":{"@type":"ImageObject","inLanguage":"pt-BR","@id":"https:\/\/jornalfatosenoticias.com.br\/#\/schema\/logo\/image\/","url":"https:\/\/jornalfatosenoticias.com.br\/wp-content\/uploads\/2020\/02\/logo120.png","contentUrl":"https:\/\/jornalfatosenoticias.com.br\/wp-content\/uploads\/2020\/02\/logo120.png","width":1227,"height":120,"caption":"Jornal Fatos e Not\u00edcias"},"image":{"@id":"https:\/\/jornalfatosenoticias.com.br\/#\/schema\/logo\/image\/"}},{"@type":"Person","@id":"https:\/\/jornalfatosenoticias.com.br\/#\/schema\/person\/d63837fa13ac8666eb9e74e0985d6f81","name":"Luzimara Fernandes","image":{"@type":"ImageObject","inLanguage":"pt-BR","@id":"https:\/\/jornalfatosenoticias.com.br\/#\/schema\/person\/image\/","url":"https:\/\/jornalfatosenoticias.com.br\/wp-content\/uploads\/2025\/05\/EU_portal.jpg","contentUrl":"https:\/\/jornalfatosenoticias.com.br\/wp-content\/uploads\/2025\/05\/EU_portal.jpg","caption":"Luzimara Fernandes"},"description":"Jornalista MTB 2358-ES","sameAs":["https:\/\/jornalfatosenoticias.com.br"],"url":"https:\/\/jornalfatosenoticias.com.br\/index.php\/author\/luzimara\/"}]}},"cc_featured_image_caption":{"caption_text":"(Foto: Ricardo Stuckert\/PR) ","source_text":"","source_url":""},"jetpack_featured_media_url":"https:\/\/jornalfatosenoticias.com.br\/wp-content\/uploads\/2023\/03\/FIASCO-COMUNISTA.jpg","_links":{"self":[{"href":"https:\/\/jornalfatosenoticias.com.br\/index.php\/wp-json\/wp\/v2\/posts\/39644","targetHints":{"allow":["GET"]}}],"collection":[{"href":"https:\/\/jornalfatosenoticias.com.br\/index.php\/wp-json\/wp\/v2\/posts"}],"about":[{"href":"https:\/\/jornalfatosenoticias.com.br\/index.php\/wp-json\/wp\/v2\/types\/post"}],"author":[{"embeddable":true,"href":"https:\/\/jornalfatosenoticias.com.br\/index.php\/wp-json\/wp\/v2\/users\/2"}],"replies":[{"embeddable":true,"href":"https:\/\/jornalfatosenoticias.com.br\/index.php\/wp-json\/wp\/v2\/comments?post=39644"}],"version-history":[{"count":0,"href":"https:\/\/jornalfatosenoticias.com.br\/index.php\/wp-json\/wp\/v2\/posts\/39644\/revisions"}],"wp:featuredmedia":[{"embeddable":true,"href":"https:\/\/jornalfatosenoticias.com.br\/index.php\/wp-json\/wp\/v2\/media\/39645"}],"wp:attachment":[{"href":"https:\/\/jornalfatosenoticias.com.br\/index.php\/wp-json\/wp\/v2\/media?parent=39644"}],"wp:term":[{"taxonomy":"category","embeddable":true,"href":"https:\/\/jornalfatosenoticias.com.br\/index.php\/wp-json\/wp\/v2\/categories?post=39644"},{"taxonomy":"post_tag","embeddable":true,"href":"https:\/\/jornalfatosenoticias.com.br\/index.php\/wp-json\/wp\/v2\/tags?post=39644"}],"curies":[{"name":"wp","href":"https:\/\/api.w.org\/{rel}","templated":true}]}}