{"id":39647,"date":"2023-03-15T12:49:13","date_gmt":"2023-03-15T15:49:13","guid":{"rendered":"https:\/\/jornalfatosenoticias.com.br\/?p=39647"},"modified":"2023-03-15T12:49:14","modified_gmt":"2023-03-15T15:49:14","slug":"sob-ataque-de-faccoes-deputado-cobra-intervencao-federal-no-rio-grande-do-norte","status":"publish","type":"post","link":"https:\/\/jornalfatosenoticias.com.br\/index.php\/2023\/03\/15\/sob-ataque-de-faccoes-deputado-cobra-intervencao-federal-no-rio-grande-do-norte\/","title":{"rendered":"Sob ataque de fac\u00e7\u00f5es, deputado cobra interven\u00e7\u00e3o federal no Rio Grande do Norte"},"content":{"rendered":"\n<p><em><span class=\"has-inline-color has-black-color\">Pelo menos 18 cidades do RN sofreram ataques criminosos contra bens e pr\u00e9dios p\u00fablicos, suspeita \u00e9 de retalia\u00e7\u00e3o do tr\u00e1fico de drogas<\/span><\/em><\/p>\n\n\n\n<div class=\"wp-block-image\"><figure class=\"aligncenter size-large\"><img loading=\"lazy\" decoding=\"async\" width=\"1024\" height=\"110\" src=\"https:\/\/jornalfatosenoticias.com.br\/wp-content\/uploads\/2023\/03\/Crypton-1120-\u00d7-120-px-1-1024x110.png\" alt=\"\" class=\"wp-image-39211\" srcset=\"https:\/\/jornalfatosenoticias.com.br\/wp-content\/uploads\/2023\/03\/Crypton-1120-\u00d7-120-px-1-1024x110.png 1024w, https:\/\/jornalfatosenoticias.com.br\/wp-content\/uploads\/2023\/03\/Crypton-1120-\u00d7-120-px-1-300x32.png 300w, https:\/\/jornalfatosenoticias.com.br\/wp-content\/uploads\/2023\/03\/Crypton-1120-\u00d7-120-px-1-768x82.png 768w, https:\/\/jornalfatosenoticias.com.br\/wp-content\/uploads\/2023\/03\/Crypton-1120-\u00d7-120-px-1.png 1120w\" sizes=\"auto, (max-width: 1024px) 100vw, 1024px\" \/><\/figure><\/div>\n\n\n\n<p>O deputado federal General Gir\u00e3o (PL-RN) cobrou do ministro da Justi\u00e7a, Fl\u00e1vio Dino, uma interven\u00e7\u00e3o no estado do Rio Grande Norte. O reduto nordestino registra uma s\u00e9rie de ataques de fac\u00e7\u00f5es criminosas a 19 cidades desde a madrugada da ter\u00e7a-feira (14).<\/p>\n\n\n\n<div class=\"wp-block-image\"><figure class=\"aligncenter size-large\"><img loading=\"lazy\" decoding=\"async\" width=\"300\" height=\"250\" src=\"https:\/\/jornalfatosenoticias.com.br\/wp-content\/uploads\/2022\/08\/arte-Casarao.jpg\" alt=\"\" class=\"wp-image-33178\"\/><\/figure><\/div>\n\n\n\n<blockquote class=\"wp-block-quote is-layout-flow wp-block-quote-is-layout-flow\"><p><span class=\"has-inline-color has-luminous-vivid-orange-color\">O que est\u00e1 faltando para o ministro da Justi\u00e7a levar ao presidente o caso pedindo interven\u00e7\u00e3o federal? Isso sim \u00e9 um caso de interven\u00e7\u00e3o federal. Isso sim \u00e9 caos. E n\u00e3o \u00e9 s\u00f3 na seguran\u00e7a p\u00fablica&#8221;, disse Gir\u00e3o.<\/span><\/p><\/blockquote>\n\n\n\n<div class=\"wp-block-image\"><figure class=\"aligncenter size-large\"><img loading=\"lazy\" decoding=\"async\" width=\"300\" height=\"250\" src=\"https:\/\/jornalfatosenoticias.com.br\/wp-content\/uploads\/2022\/02\/Banner-2.png\" alt=\"\" class=\"wp-image-27877\"\/><\/figure><\/div>\n\n\n\n<div class=\"wp-block-image\"><figure class=\"aligncenter size-large\"><img loading=\"lazy\" decoding=\"async\" width=\"1000\" height=\"666\" src=\"https:\/\/jornalfatosenoticias.com.br\/wp-content\/uploads\/2023\/03\/dep.-girao.jpg\" alt=\"\" class=\"wp-image-39648\" srcset=\"https:\/\/jornalfatosenoticias.com.br\/wp-content\/uploads\/2023\/03\/dep.-girao.jpg 1000w, https:\/\/jornalfatosenoticias.com.br\/wp-content\/uploads\/2023\/03\/dep.-girao-300x200.jpg 300w, https:\/\/jornalfatosenoticias.com.br\/wp-content\/uploads\/2023\/03\/dep.-girao-768x511.jpg 768w\" sizes=\"auto, (max-width: 1000px) 100vw, 1000px\" \/><figcaption><em><span class=\"has-inline-color has-black-color\">Deputado federal General Gir\u00e3o (PL-RN) cobrou o ministro da Justi\u00e7a, Fl\u00e1vio Dino (Foto: RPC)<\/span><\/em><\/figcaption><\/figure><\/div>\n\n\n\n<p>O parlamentar fez cr\u00edticas \u00e0 gest\u00e3o estadual, comandada pela governadora petista F\u00e1tima Bezerra.<\/p>\n\n\n\n<div class=\"wp-block-image\"><figure class=\"aligncenter size-large is-resized\"><img loading=\"lazy\" decoding=\"async\" src=\"https:\/\/jornalfatosenoticias.com.br\/wp-content\/uploads\/2020\/02\/logo-Panper_portal.jpg\" alt=\"\" class=\"wp-image-34474\" width=\"338\" height=\"234\" srcset=\"https:\/\/jornalfatosenoticias.com.br\/wp-content\/uploads\/2020\/02\/logo-Panper_portal.jpg 400w, https:\/\/jornalfatosenoticias.com.br\/wp-content\/uploads\/2020\/02\/logo-Panper_portal-300x208.jpg 300w\" sizes=\"auto, (max-width: 338px) 100vw, 338px\" \/><\/figure><\/div>\n\n\n\n<blockquote class=\"wp-block-quote is-layout-flow wp-block-quote-is-layout-flow\"><p><span class=\"has-inline-color has-luminous-vivid-orange-color\">O que temos notado \u00e9 que os governos do PT, onde quer que eles estejam, est\u00e3o sempre juntos apoiando estes atos criminosos&#8221;, declarou.<\/span><\/p><\/blockquote>\n\n\n\n<div class=\"wp-block-image\"><figure class=\"aligncenter size-large is-resized\"><img loading=\"lazy\" decoding=\"async\" src=\"https:\/\/jornalfatosenoticias.com.br\/wp-content\/uploads\/2020\/02\/logo-embacia.jpg\" alt=\"\" class=\"wp-image-33905\" width=\"290\" height=\"290\"\/><\/figure><\/div>\n\n\n\n<p>Durante a madrugada desta quarta-feira (15), a For\u00e7a Nacional de Seguran\u00e7a desembarcou no Rio Grande do Norte, com a miss\u00e3o de conter o caos no estado.<\/p>\n\n\n\n<figure class=\"wp-block-embed-youtube aligncenter wp-block-embed is-type-video is-provider-youtube wp-embed-aspect-16-9 wp-has-aspect-ratio\"><div class=\"wp-block-embed__wrapper\">\n<iframe loading=\"lazy\" title=\"Criminosos realizam diversos ataques em 18 cidades do RN | SBT Brasil (14\/03\/23)\" width=\"660\" height=\"371\" src=\"https:\/\/www.youtube.com\/embed\/WpmlzdlLq6o?feature=oembed\" frameborder=\"0\" allow=\"accelerometer; autoplay; clipboard-write; encrypted-media; gyroscope; picture-in-picture; web-share\" referrerpolicy=\"strict-origin-when-cross-origin\" allowfullscreen><\/iframe>\n<\/div><\/figure>\n\n\n\n<p><strong><em>Fonte: <a href=\"https:\/\/www.conexaopolitica.com.br\/ultimas\/2023\/03\/15\/sob-ataque-de-faccoes-deputado-cobra-intervencao-federal-no-rio-grande-do-norte\/\">Conex\u00e3o Pol\u00edtica<\/a><\/em><\/strong><\/p>\n","protected":false},"excerpt":{"rendered":"<p>Pelo menos 18 cidades do RN sofreram ataques criminosos contra bens e pr\u00e9dios p\u00fablicos, suspeita \u00e9 de retalia\u00e7\u00e3o do tr\u00e1fico de drogas O deputado federal General Gir\u00e3o (PL-RN) cobrou do ministro da Justi\u00e7a, Fl\u00e1vio Dino, uma interven\u00e7\u00e3o no estado do Rio Grande Norte. O reduto nordestino registra uma s\u00e9rie de ataques de fac\u00e7\u00f5es criminosas a [&hellip;]<\/p>\n","protected":false},"author":2,"featured_media":39649,"comment_status":"open","ping_status":"open","sticky":false,"template":"","format":"standard","meta":{"footnotes":""},"categories":[5],"tags":[18556,18555,13897,18557,18558,18559,9037],"class_list":["post-39647","post","type-post","status-publish","format-standard","has-post-thumbnail","hentry","category-geral","tag-ataque-de-faccoes","tag-ataques","tag-ataques-terroristas","tag-crime-organizado","tag-faccoes","tag-governo-petista","tag-rio-grande-do-norte"],"yoast_head":"<!-- This site is optimized with the Yoast SEO plugin v26.5 - https:\/\/yoast.com\/wordpress\/plugins\/seo\/ -->\n<title>Sob ataque de fac\u00e7\u00f5es, deputado cobra interven\u00e7\u00e3o federal no Rio Grande do Norte - Jornal Fatos e Not\u00edcias<\/title>\n<meta name=\"robots\" content=\"index, follow, max-snippet:-1, max-image-preview:large, max-video-preview:-1\" \/>\n<link rel=\"canonical\" href=\"https:\/\/jornalfatosenoticias.com.br\/index.php\/2023\/03\/15\/sob-ataque-de-faccoes-deputado-cobra-intervencao-federal-no-rio-grande-do-norte\/\" \/>\n<meta property=\"og:locale\" content=\"pt_BR\" \/>\n<meta property=\"og:type\" content=\"article\" \/>\n<meta property=\"og:title\" content=\"Sob ataque de fac\u00e7\u00f5es, deputado cobra interven\u00e7\u00e3o federal no Rio Grande do Norte - Jornal Fatos e Not\u00edcias\" \/>\n<meta property=\"og:description\" content=\"Pelo menos 18 cidades do RN sofreram ataques criminosos contra bens e pr\u00e9dios p\u00fablicos, suspeita \u00e9 de retalia\u00e7\u00e3o do tr\u00e1fico de drogas O deputado federal General Gir\u00e3o (PL-RN) cobrou do ministro da Justi\u00e7a, Fl\u00e1vio Dino, uma interven\u00e7\u00e3o no estado do Rio Grande Norte. O reduto nordestino registra uma s\u00e9rie de ataques de fac\u00e7\u00f5es criminosas a [&hellip;]\" \/>\n<meta property=\"og:url\" content=\"https:\/\/jornalfatosenoticias.com.br\/index.php\/2023\/03\/15\/sob-ataque-de-faccoes-deputado-cobra-intervencao-federal-no-rio-grande-do-norte\/\" \/>\n<meta property=\"og:site_name\" content=\"Jornal Fatos e Not\u00edcias\" \/>\n<meta property=\"article:published_time\" content=\"2023-03-15T15:49:13+00:00\" \/>\n<meta property=\"article:modified_time\" content=\"2023-03-15T15:49:14+00:00\" \/>\n<meta property=\"og:image\" content=\"https:\/\/jornalfatosenoticias.com.br\/wp-content\/uploads\/2023\/03\/ataques-RN-foto-reproducao-internet.jpg\" \/>\n\t<meta property=\"og:image:width\" content=\"1000\" \/>\n\t<meta property=\"og:image:height\" content=\"562\" \/>\n\t<meta property=\"og:image:type\" content=\"image\/jpeg\" \/>\n<meta name=\"author\" content=\"Luzimara Fernandes\" \/>\n<meta name=\"twitter:card\" content=\"summary_large_image\" \/>\n<meta name=\"twitter:label1\" content=\"Escrito por\" \/>\n\t<meta name=\"twitter:data1\" content=\"Luzimara Fernandes\" \/>\n\t<meta name=\"twitter:label2\" content=\"Est. tempo de leitura\" \/>\n\t<meta name=\"twitter:data2\" content=\"1 minuto\" \/>\n<script type=\"application\/ld+json\" class=\"yoast-schema-graph\">{\"@context\":\"https:\/\/schema.org\",\"@graph\":[{\"@type\":\"Article\",\"@id\":\"https:\/\/jornalfatosenoticias.com.br\/index.php\/2023\/03\/15\/sob-ataque-de-faccoes-deputado-cobra-intervencao-federal-no-rio-grande-do-norte\/#article\",\"isPartOf\":{\"@id\":\"https:\/\/jornalfatosenoticias.com.br\/index.php\/2023\/03\/15\/sob-ataque-de-faccoes-deputado-cobra-intervencao-federal-no-rio-grande-do-norte\/\"},\"author\":{\"name\":\"Luzimara Fernandes\",\"@id\":\"https:\/\/jornalfatosenoticias.com.br\/#\/schema\/person\/d63837fa13ac8666eb9e74e0985d6f81\"},\"headline\":\"Sob ataque de fac\u00e7\u00f5es, deputado cobra interven\u00e7\u00e3o federal no Rio Grande do Norte\",\"datePublished\":\"2023-03-15T15:49:13+00:00\",\"dateModified\":\"2023-03-15T15:49:14+00:00\",\"mainEntityOfPage\":{\"@id\":\"https:\/\/jornalfatosenoticias.com.br\/index.php\/2023\/03\/15\/sob-ataque-de-faccoes-deputado-cobra-intervencao-federal-no-rio-grande-do-norte\/\"},\"wordCount\":223,\"commentCount\":0,\"publisher\":{\"@id\":\"https:\/\/jornalfatosenoticias.com.br\/#organization\"},\"image\":{\"@id\":\"https:\/\/jornalfatosenoticias.com.br\/index.php\/2023\/03\/15\/sob-ataque-de-faccoes-deputado-cobra-intervencao-federal-no-rio-grande-do-norte\/#primaryimage\"},\"thumbnailUrl\":\"https:\/\/jornalfatosenoticias.com.br\/wp-content\/uploads\/2023\/03\/ataques-RN-foto-reproducao-internet.jpg\",\"keywords\":[\"ataque de fac\u00e7\u00f5es\",\"ataques\",\"ataques terroristas\",\"crime organizado\",\"fac\u00e7\u00f5es\",\"governo petista\",\"Rio Grande do Norte\"],\"articleSection\":[\"Geral\"],\"inLanguage\":\"pt-BR\",\"potentialAction\":[{\"@type\":\"CommentAction\",\"name\":\"Comment\",\"target\":[\"https:\/\/jornalfatosenoticias.com.br\/index.php\/2023\/03\/15\/sob-ataque-de-faccoes-deputado-cobra-intervencao-federal-no-rio-grande-do-norte\/#respond\"]}]},{\"@type\":\"WebPage\",\"@id\":\"https:\/\/jornalfatosenoticias.com.br\/index.php\/2023\/03\/15\/sob-ataque-de-faccoes-deputado-cobra-intervencao-federal-no-rio-grande-do-norte\/\",\"url\":\"https:\/\/jornalfatosenoticias.com.br\/index.php\/2023\/03\/15\/sob-ataque-de-faccoes-deputado-cobra-intervencao-federal-no-rio-grande-do-norte\/\",\"name\":\"Sob ataque de fac\u00e7\u00f5es, deputado cobra interven\u00e7\u00e3o federal no Rio Grande do Norte - Jornal Fatos e Not\u00edcias\",\"isPartOf\":{\"@id\":\"https:\/\/jornalfatosenoticias.com.br\/#website\"},\"primaryImageOfPage\":{\"@id\":\"https:\/\/jornalfatosenoticias.com.br\/index.php\/2023\/03\/15\/sob-ataque-de-faccoes-deputado-cobra-intervencao-federal-no-rio-grande-do-norte\/#primaryimage\"},\"image\":{\"@id\":\"https:\/\/jornalfatosenoticias.com.br\/index.php\/2023\/03\/15\/sob-ataque-de-faccoes-deputado-cobra-intervencao-federal-no-rio-grande-do-norte\/#primaryimage\"},\"thumbnailUrl\":\"https:\/\/jornalfatosenoticias.com.br\/wp-content\/uploads\/2023\/03\/ataques-RN-foto-reproducao-internet.jpg\",\"datePublished\":\"2023-03-15T15:49:13+00:00\",\"dateModified\":\"2023-03-15T15:49:14+00:00\",\"breadcrumb\":{\"@id\":\"https:\/\/jornalfatosenoticias.com.br\/index.php\/2023\/03\/15\/sob-ataque-de-faccoes-deputado-cobra-intervencao-federal-no-rio-grande-do-norte\/#breadcrumb\"},\"inLanguage\":\"pt-BR\",\"potentialAction\":[{\"@type\":\"ReadAction\",\"target\":[\"https:\/\/jornalfatosenoticias.com.br\/index.php\/2023\/03\/15\/sob-ataque-de-faccoes-deputado-cobra-intervencao-federal-no-rio-grande-do-norte\/\"]}]},{\"@type\":\"ImageObject\",\"inLanguage\":\"pt-BR\",\"@id\":\"https:\/\/jornalfatosenoticias.com.br\/index.php\/2023\/03\/15\/sob-ataque-de-faccoes-deputado-cobra-intervencao-federal-no-rio-grande-do-norte\/#primaryimage\",\"url\":\"https:\/\/jornalfatosenoticias.com.br\/wp-content\/uploads\/2023\/03\/ataques-RN-foto-reproducao-internet.jpg\",\"contentUrl\":\"https:\/\/jornalfatosenoticias.com.br\/wp-content\/uploads\/2023\/03\/ataques-RN-foto-reproducao-internet.jpg\",\"width\":1000,\"height\":562},{\"@type\":\"BreadcrumbList\",\"@id\":\"https:\/\/jornalfatosenoticias.com.br\/index.php\/2023\/03\/15\/sob-ataque-de-faccoes-deputado-cobra-intervencao-federal-no-rio-grande-do-norte\/#breadcrumb\",\"itemListElement\":[{\"@type\":\"ListItem\",\"position\":1,\"name\":\"In\u00edcio\",\"item\":\"https:\/\/jornalfatosenoticias.com.br\/\"},{\"@type\":\"ListItem\",\"position\":2,\"name\":\"Sob ataque de fac\u00e7\u00f5es, deputado cobra interven\u00e7\u00e3o federal no Rio Grande do Norte\"}]},{\"@type\":\"WebSite\",\"@id\":\"https:\/\/jornalfatosenoticias.com.br\/#website\",\"url\":\"https:\/\/jornalfatosenoticias.com.br\/\",\"name\":\"Jornal Fatos e Not\u00edcias\",\"description\":\"Not\u00edcias em geral\",\"publisher\":{\"@id\":\"https:\/\/jornalfatosenoticias.com.br\/#organization\"},\"potentialAction\":[{\"@type\":\"SearchAction\",\"target\":{\"@type\":\"EntryPoint\",\"urlTemplate\":\"https:\/\/jornalfatosenoticias.com.br\/?s={search_term_string}\"},\"query-input\":{\"@type\":\"PropertyValueSpecification\",\"valueRequired\":true,\"valueName\":\"search_term_string\"}}],\"inLanguage\":\"pt-BR\"},{\"@type\":\"Organization\",\"@id\":\"https:\/\/jornalfatosenoticias.com.br\/#organization\",\"name\":\"Jornal Fatos e Not\u00edcias\",\"url\":\"https:\/\/jornalfatosenoticias.com.br\/\",\"logo\":{\"@type\":\"ImageObject\",\"inLanguage\":\"pt-BR\",\"@id\":\"https:\/\/jornalfatosenoticias.com.br\/#\/schema\/logo\/image\/\",\"url\":\"https:\/\/jornalfatosenoticias.com.br\/wp-content\/uploads\/2020\/02\/logo120.png\",\"contentUrl\":\"https:\/\/jornalfatosenoticias.com.br\/wp-content\/uploads\/2020\/02\/logo120.png\",\"width\":1227,\"height\":120,\"caption\":\"Jornal Fatos e Not\u00edcias\"},\"image\":{\"@id\":\"https:\/\/jornalfatosenoticias.com.br\/#\/schema\/logo\/image\/\"}},{\"@type\":\"Person\",\"@id\":\"https:\/\/jornalfatosenoticias.com.br\/#\/schema\/person\/d63837fa13ac8666eb9e74e0985d6f81\",\"name\":\"Luzimara Fernandes\",\"image\":{\"@type\":\"ImageObject\",\"inLanguage\":\"pt-BR\",\"@id\":\"https:\/\/jornalfatosenoticias.com.br\/#\/schema\/person\/image\/\",\"url\":\"https:\/\/jornalfatosenoticias.com.br\/wp-content\/uploads\/2025\/05\/EU_portal.jpg\",\"contentUrl\":\"https:\/\/jornalfatosenoticias.com.br\/wp-content\/uploads\/2025\/05\/EU_portal.jpg\",\"caption\":\"Luzimara Fernandes\"},\"description\":\"Jornalista MTB 2358-ES\",\"sameAs\":[\"https:\/\/jornalfatosenoticias.com.br\"],\"url\":\"https:\/\/jornalfatosenoticias.com.br\/index.php\/author\/luzimara\/\"}]}<\/script>\n<!-- \/ Yoast SEO plugin. -->","yoast_head_json":{"title":"Sob ataque de fac\u00e7\u00f5es, deputado cobra interven\u00e7\u00e3o federal no Rio Grande do Norte - Jornal Fatos e Not\u00edcias","robots":{"index":"index","follow":"follow","max-snippet":"max-snippet:-1","max-image-preview":"max-image-preview:large","max-video-preview":"max-video-preview:-1"},"canonical":"https:\/\/jornalfatosenoticias.com.br\/index.php\/2023\/03\/15\/sob-ataque-de-faccoes-deputado-cobra-intervencao-federal-no-rio-grande-do-norte\/","og_locale":"pt_BR","og_type":"article","og_title":"Sob ataque de fac\u00e7\u00f5es, deputado cobra interven\u00e7\u00e3o federal no Rio Grande do Norte - Jornal Fatos e Not\u00edcias","og_description":"Pelo menos 18 cidades do RN sofreram ataques criminosos contra bens e pr\u00e9dios p\u00fablicos, suspeita \u00e9 de retalia\u00e7\u00e3o do tr\u00e1fico de drogas O deputado federal General Gir\u00e3o (PL-RN) cobrou do ministro da Justi\u00e7a, Fl\u00e1vio Dino, uma interven\u00e7\u00e3o no estado do Rio Grande Norte. O reduto nordestino registra uma s\u00e9rie de ataques de fac\u00e7\u00f5es criminosas a [&hellip;]","og_url":"https:\/\/jornalfatosenoticias.com.br\/index.php\/2023\/03\/15\/sob-ataque-de-faccoes-deputado-cobra-intervencao-federal-no-rio-grande-do-norte\/","og_site_name":"Jornal Fatos e Not\u00edcias","article_published_time":"2023-03-15T15:49:13+00:00","article_modified_time":"2023-03-15T15:49:14+00:00","og_image":[{"width":1000,"height":562,"url":"https:\/\/jornalfatosenoticias.com.br\/wp-content\/uploads\/2023\/03\/ataques-RN-foto-reproducao-internet.jpg","type":"image\/jpeg"}],"author":"Luzimara Fernandes","twitter_card":"summary_large_image","twitter_misc":{"Escrito por":"Luzimara Fernandes","Est. tempo de leitura":"1 minuto"},"schema":{"@context":"https:\/\/schema.org","@graph":[{"@type":"Article","@id":"https:\/\/jornalfatosenoticias.com.br\/index.php\/2023\/03\/15\/sob-ataque-de-faccoes-deputado-cobra-intervencao-federal-no-rio-grande-do-norte\/#article","isPartOf":{"@id":"https:\/\/jornalfatosenoticias.com.br\/index.php\/2023\/03\/15\/sob-ataque-de-faccoes-deputado-cobra-intervencao-federal-no-rio-grande-do-norte\/"},"author":{"name":"Luzimara Fernandes","@id":"https:\/\/jornalfatosenoticias.com.br\/#\/schema\/person\/d63837fa13ac8666eb9e74e0985d6f81"},"headline":"Sob ataque de fac\u00e7\u00f5es, deputado cobra interven\u00e7\u00e3o federal no Rio Grande do Norte","datePublished":"2023-03-15T15:49:13+00:00","dateModified":"2023-03-15T15:49:14+00:00","mainEntityOfPage":{"@id":"https:\/\/jornalfatosenoticias.com.br\/index.php\/2023\/03\/15\/sob-ataque-de-faccoes-deputado-cobra-intervencao-federal-no-rio-grande-do-norte\/"},"wordCount":223,"commentCount":0,"publisher":{"@id":"https:\/\/jornalfatosenoticias.com.br\/#organization"},"image":{"@id":"https:\/\/jornalfatosenoticias.com.br\/index.php\/2023\/03\/15\/sob-ataque-de-faccoes-deputado-cobra-intervencao-federal-no-rio-grande-do-norte\/#primaryimage"},"thumbnailUrl":"https:\/\/jornalfatosenoticias.com.br\/wp-content\/uploads\/2023\/03\/ataques-RN-foto-reproducao-internet.jpg","keywords":["ataque de fac\u00e7\u00f5es","ataques","ataques terroristas","crime organizado","fac\u00e7\u00f5es","governo petista","Rio Grande do Norte"],"articleSection":["Geral"],"inLanguage":"pt-BR","potentialAction":[{"@type":"CommentAction","name":"Comment","target":["https:\/\/jornalfatosenoticias.com.br\/index.php\/2023\/03\/15\/sob-ataque-de-faccoes-deputado-cobra-intervencao-federal-no-rio-grande-do-norte\/#respond"]}]},{"@type":"WebPage","@id":"https:\/\/jornalfatosenoticias.com.br\/index.php\/2023\/03\/15\/sob-ataque-de-faccoes-deputado-cobra-intervencao-federal-no-rio-grande-do-norte\/","url":"https:\/\/jornalfatosenoticias.com.br\/index.php\/2023\/03\/15\/sob-ataque-de-faccoes-deputado-cobra-intervencao-federal-no-rio-grande-do-norte\/","name":"Sob ataque de fac\u00e7\u00f5es, deputado cobra interven\u00e7\u00e3o federal no Rio Grande do Norte - Jornal Fatos e Not\u00edcias","isPartOf":{"@id":"https:\/\/jornalfatosenoticias.com.br\/#website"},"primaryImageOfPage":{"@id":"https:\/\/jornalfatosenoticias.com.br\/index.php\/2023\/03\/15\/sob-ataque-de-faccoes-deputado-cobra-intervencao-federal-no-rio-grande-do-norte\/#primaryimage"},"image":{"@id":"https:\/\/jornalfatosenoticias.com.br\/index.php\/2023\/03\/15\/sob-ataque-de-faccoes-deputado-cobra-intervencao-federal-no-rio-grande-do-norte\/#primaryimage"},"thumbnailUrl":"https:\/\/jornalfatosenoticias.com.br\/wp-content\/uploads\/2023\/03\/ataques-RN-foto-reproducao-internet.jpg","datePublished":"2023-03-15T15:49:13+00:00","dateModified":"2023-03-15T15:49:14+00:00","breadcrumb":{"@id":"https:\/\/jornalfatosenoticias.com.br\/index.php\/2023\/03\/15\/sob-ataque-de-faccoes-deputado-cobra-intervencao-federal-no-rio-grande-do-norte\/#breadcrumb"},"inLanguage":"pt-BR","potentialAction":[{"@type":"ReadAction","target":["https:\/\/jornalfatosenoticias.com.br\/index.php\/2023\/03\/15\/sob-ataque-de-faccoes-deputado-cobra-intervencao-federal-no-rio-grande-do-norte\/"]}]},{"@type":"ImageObject","inLanguage":"pt-BR","@id":"https:\/\/jornalfatosenoticias.com.br\/index.php\/2023\/03\/15\/sob-ataque-de-faccoes-deputado-cobra-intervencao-federal-no-rio-grande-do-norte\/#primaryimage","url":"https:\/\/jornalfatosenoticias.com.br\/wp-content\/uploads\/2023\/03\/ataques-RN-foto-reproducao-internet.jpg","contentUrl":"https:\/\/jornalfatosenoticias.com.br\/wp-content\/uploads\/2023\/03\/ataques-RN-foto-reproducao-internet.jpg","width":1000,"height":562},{"@type":"BreadcrumbList","@id":"https:\/\/jornalfatosenoticias.com.br\/index.php\/2023\/03\/15\/sob-ataque-de-faccoes-deputado-cobra-intervencao-federal-no-rio-grande-do-norte\/#breadcrumb","itemListElement":[{"@type":"ListItem","position":1,"name":"In\u00edcio","item":"https:\/\/jornalfatosenoticias.com.br\/"},{"@type":"ListItem","position":2,"name":"Sob ataque de fac\u00e7\u00f5es, deputado cobra interven\u00e7\u00e3o federal no Rio Grande do Norte"}]},{"@type":"WebSite","@id":"https:\/\/jornalfatosenoticias.com.br\/#website","url":"https:\/\/jornalfatosenoticias.com.br\/","name":"Jornal Fatos e Not\u00edcias","description":"Not\u00edcias em geral","publisher":{"@id":"https:\/\/jornalfatosenoticias.com.br\/#organization"},"potentialAction":[{"@type":"SearchAction","target":{"@type":"EntryPoint","urlTemplate":"https:\/\/jornalfatosenoticias.com.br\/?s={search_term_string}"},"query-input":{"@type":"PropertyValueSpecification","valueRequired":true,"valueName":"search_term_string"}}],"inLanguage":"pt-BR"},{"@type":"Organization","@id":"https:\/\/jornalfatosenoticias.com.br\/#organization","name":"Jornal Fatos e Not\u00edcias","url":"https:\/\/jornalfatosenoticias.com.br\/","logo":{"@type":"ImageObject","inLanguage":"pt-BR","@id":"https:\/\/jornalfatosenoticias.com.br\/#\/schema\/logo\/image\/","url":"https:\/\/jornalfatosenoticias.com.br\/wp-content\/uploads\/2020\/02\/logo120.png","contentUrl":"https:\/\/jornalfatosenoticias.com.br\/wp-content\/uploads\/2020\/02\/logo120.png","width":1227,"height":120,"caption":"Jornal Fatos e Not\u00edcias"},"image":{"@id":"https:\/\/jornalfatosenoticias.com.br\/#\/schema\/logo\/image\/"}},{"@type":"Person","@id":"https:\/\/jornalfatosenoticias.com.br\/#\/schema\/person\/d63837fa13ac8666eb9e74e0985d6f81","name":"Luzimara Fernandes","image":{"@type":"ImageObject","inLanguage":"pt-BR","@id":"https:\/\/jornalfatosenoticias.com.br\/#\/schema\/person\/image\/","url":"https:\/\/jornalfatosenoticias.com.br\/wp-content\/uploads\/2025\/05\/EU_portal.jpg","contentUrl":"https:\/\/jornalfatosenoticias.com.br\/wp-content\/uploads\/2025\/05\/EU_portal.jpg","caption":"Luzimara Fernandes"},"description":"Jornalista MTB 2358-ES","sameAs":["https:\/\/jornalfatosenoticias.com.br"],"url":"https:\/\/jornalfatosenoticias.com.br\/index.php\/author\/luzimara\/"}]}},"cc_featured_image_caption":{"caption_text":"(Foto: Reprodu\u00e7\u00e3o Internet) ","source_text":"","source_url":""},"jetpack_featured_media_url":"https:\/\/jornalfatosenoticias.com.br\/wp-content\/uploads\/2023\/03\/ataques-RN-foto-reproducao-internet.jpg","_links":{"self":[{"href":"https:\/\/jornalfatosenoticias.com.br\/index.php\/wp-json\/wp\/v2\/posts\/39647","targetHints":{"allow":["GET"]}}],"collection":[{"href":"https:\/\/jornalfatosenoticias.com.br\/index.php\/wp-json\/wp\/v2\/posts"}],"about":[{"href":"https:\/\/jornalfatosenoticias.com.br\/index.php\/wp-json\/wp\/v2\/types\/post"}],"author":[{"embeddable":true,"href":"https:\/\/jornalfatosenoticias.com.br\/index.php\/wp-json\/wp\/v2\/users\/2"}],"replies":[{"embeddable":true,"href":"https:\/\/jornalfatosenoticias.com.br\/index.php\/wp-json\/wp\/v2\/comments?post=39647"}],"version-history":[{"count":0,"href":"https:\/\/jornalfatosenoticias.com.br\/index.php\/wp-json\/wp\/v2\/posts\/39647\/revisions"}],"wp:featuredmedia":[{"embeddable":true,"href":"https:\/\/jornalfatosenoticias.com.br\/index.php\/wp-json\/wp\/v2\/media\/39649"}],"wp:attachment":[{"href":"https:\/\/jornalfatosenoticias.com.br\/index.php\/wp-json\/wp\/v2\/media?parent=39647"}],"wp:term":[{"taxonomy":"category","embeddable":true,"href":"https:\/\/jornalfatosenoticias.com.br\/index.php\/wp-json\/wp\/v2\/categories?post=39647"},{"taxonomy":"post_tag","embeddable":true,"href":"https:\/\/jornalfatosenoticias.com.br\/index.php\/wp-json\/wp\/v2\/tags?post=39647"}],"curies":[{"name":"wp","href":"https:\/\/api.w.org\/{rel}","templated":true}]}}