{"id":39663,"date":"2023-03-16T10:02:56","date_gmt":"2023-03-16T13:02:56","guid":{"rendered":"https:\/\/jornalfatosenoticias.com.br\/?p=39663"},"modified":"2023-03-16T10:23:17","modified_gmt":"2023-03-16T13:23:17","slug":"alienacao-parental-pedofilia-violencia-barbarismo-a-perversidade-parte-iii","status":"publish","type":"post","link":"https:\/\/jornalfatosenoticias.com.br\/index.php\/2023\/03\/16\/alienacao-parental-pedofilia-violencia-barbarismo-a-perversidade-parte-iii\/","title":{"rendered":"Aliena\u00e7\u00e3o parental, pedofilia, viol\u00eancia, barbarismo, a perversidade \u2014 Parte III"},"content":{"rendered":"\n<p><em><span class=\"has-inline-color has-black-color\">A qualidade do v\u00ednculo Materno-infantil, que acompanha e promove o desenvolvimento pleno da 1\u00aa Inf\u00e2ncia, j\u00e1 \u00e9 reconhecida pelo CNJ<\/span><\/em><\/p>\n\n\n\n<div class=\"wp-block-image\"><figure class=\"aligncenter size-large\"><img loading=\"lazy\" decoding=\"async\" width=\"300\" height=\"222\" src=\"https:\/\/jornalfatosenoticias.com.br\/wp-content\/uploads\/2023\/03\/logo_Juliana-Graca.jpg\" alt=\"\" class=\"wp-image-39283\"\/><\/figure><\/div>\n\n\n\n<p><em><strong><span class=\"has-inline-color has-black-color\">\u201cN\u00e3o precisa de m\u00e3e, tem uma madrasta que \u00e9 uma m\u00e3ezinha para ela\u201d.<\/span><\/strong><\/em> Frase escrita por um juiz, na justifica\u00e7\u00e3o de que n\u00e3o deveria ser cumprida a revers\u00e3o de guarda de uma menina, para voltar para o cuidado da sua m\u00e3e, ap\u00f3s o atraso de cumprimento de dois anos de decis\u00e3o pelo retorno ao lado da m\u00e3e. A menina tinha seis anos, hoje oito anos, e assim o juiz diz que ela j\u00e1 est\u00e1 adaptada \u00e0 conviv\u00eancia paterna e fam\u00edlia, que tinha sido for\u00e7ada h\u00e1 dois anos. Para completar a defesa da falha da presta\u00e7\u00e3o de justi\u00e7a, completa com essa p\u00e9rola sobre n\u00e3o ser necess\u00e1rio m\u00e3e. Tem madrasta.<\/p>\n\n\n\n<div class=\"wp-block-image\"><figure class=\"aligncenter size-large\"><img decoding=\"async\" src=\"https:\/\/jornalfatosenoticias.com.br\/wp-content\/uploads\/2020\/02\/Serra-Grande-1024x160.png\" alt=\"\" class=\"wp-image-7836\"\/><\/figure><\/div>\n\n\n\n<p>Desde o advento da Psican\u00e1lise, a figura da m\u00e3e, e sua import\u00e2ncia, vem sendo estudada. A qualidade do v\u00ednculo Materno-infantil, a qualidade da Maternagem que acompanha e promove o desenvolvimento pleno da 1\u00aa Inf\u00e2ncia, de import\u00e2ncia j\u00e1 reconhecida pelo Conselho Nacional de Justi\u00e7a (CNJ) atrav\u00e9s do Marco Legal da 1\u00aa Inf\u00e2ncia, estudos cient\u00edficos e Teorias de comprova\u00e7\u00e3o cient\u00edfica, todo esse acervo aponta para a necessidade da rela\u00e7\u00e3o m\u00e3e-beb\u00ea que \u00e9 a garantia da sobreviv\u00eancia para o filhote mam\u00edfero.<\/p>\n\n\n\n<div class=\"wp-block-image\"><figure class=\"aligncenter size-large is-resized\"><img loading=\"lazy\" decoding=\"async\" src=\"https:\/\/jornalfatosenoticias.com.br\/wp-content\/uploads\/2022\/10\/Arte-jornal-Zucchi-600x600_Prancheta-1-1024x1024.jpg\" alt=\"\" class=\"wp-image-34782\" width=\"267\" height=\"267\" srcset=\"https:\/\/jornalfatosenoticias.com.br\/wp-content\/uploads\/2022\/10\/Arte-jornal-Zucchi-600x600_Prancheta-1-1024x1024.jpg 1024w, https:\/\/jornalfatosenoticias.com.br\/wp-content\/uploads\/2022\/10\/Arte-jornal-Zucchi-600x600_Prancheta-1-300x300.jpg 300w, https:\/\/jornalfatosenoticias.com.br\/wp-content\/uploads\/2022\/10\/Arte-jornal-Zucchi-600x600_Prancheta-1-150x150.jpg 150w, https:\/\/jornalfatosenoticias.com.br\/wp-content\/uploads\/2022\/10\/Arte-jornal-Zucchi-600x600_Prancheta-1-768x768.jpg 768w, https:\/\/jornalfatosenoticias.com.br\/wp-content\/uploads\/2022\/10\/Arte-jornal-Zucchi-600x600_Prancheta-1.jpg 1250w\" sizes=\"auto, (max-width: 267px) 100vw, 267px\" \/><\/figure><\/div>\n\n\n\n<p>N\u00e3o estamos, contudo, desconsiderando a import\u00e2ncia da figura do pai para o desenvolvimento da Crian\u00e7a, sobretudo, no que tange ao aprendizado da lei, da conviv\u00eancia afetiva e social. \u00c9 de suma import\u00e2ncia que a Crian\u00e7a construa com o pai a segunda rela\u00e7\u00e3o de troca, em bases claras e, portanto, limitantes mas, ao mesmo tempo, asseguradoras. O &#8220;n\u00e3o&#8221;, o \u201cn\u00e3o pode\u201d, precisam ser aprendidos, solidamente.<\/p>\n\n\n\n<div class=\"wp-block-image\"><figure class=\"aligncenter size-large\"><img loading=\"lazy\" decoding=\"async\" width=\"1000\" height=\"667\" src=\"https:\/\/jornalfatosenoticias.com.br\/wp-content\/uploads\/2023\/03\/criancas-vitimas-de-abusos.jpg\" alt=\"\" class=\"wp-image-39664\" srcset=\"https:\/\/jornalfatosenoticias.com.br\/wp-content\/uploads\/2023\/03\/criancas-vitimas-de-abusos.jpg 1000w, https:\/\/jornalfatosenoticias.com.br\/wp-content\/uploads\/2023\/03\/criancas-vitimas-de-abusos-300x200.jpg 300w, https:\/\/jornalfatosenoticias.com.br\/wp-content\/uploads\/2023\/03\/criancas-vitimas-de-abusos-768x512.jpg 768w\" sizes=\"auto, (max-width: 1000px) 100vw, 1000px\" \/><figcaption><em><span class=\"has-inline-color has-black-color\">Crian\u00e7as s\u00e3o v\u00edtimas de abusos diariamente<\/span><\/em> <em><span class=\"has-inline-color has-black-color\">(Foto: Pixabay)<\/span><\/em><\/figcaption><\/figure><\/div>\n\n\n\n<div class=\"wp-block-image\"><figure class=\"aligncenter size-large\"><img decoding=\"async\" src=\"https:\/\/jornalfatosenoticias.com.br\/wp-content\/uploads\/2020\/02\/logo-embacia-1-1024x110.jpg\" alt=\"\" class=\"wp-image-33954\"\/><\/figure><\/div>\n\n\n\n<p>A M\u00e3e, o v\u00ednculo visceral materno, os cuidados maternos, a Maternagem, n\u00e3o importam mais. Entrou em cena, e ganhou protagonismo junto \u00e0 Crian\u00e7a, a <strong><em><span class=\"has-inline-color has-black-color\">Madrasta.<\/span><\/em><\/strong> Precisamos, urgentemente, dedicar estudos e teses \u00e0 figura da Madrasta, em alta para se efetuar a exclus\u00e3o da m\u00e3e, um prop\u00f3sito explicitado na justifica\u00e7\u00e3o dos autos, que transcrevi acima. Para que m\u00e3e se tem uma madrasta que \u00e9 uma \u201cm\u00e3ezinha\u201d? Uma postura como essa toma uma dimens\u00e3o alarmante quando sai das m\u00e3os de um Operador de Justi\u00e7a.<\/p>\n\n\n\n<div class=\"wp-block-image\"><figure class=\"aligncenter size-large\"><img loading=\"lazy\" decoding=\"async\" width=\"300\" height=\"250\" src=\"https:\/\/jornalfatosenoticias.com.br\/wp-content\/uploads\/2022\/08\/arte-Casarao.jpg\" alt=\"\" class=\"wp-image-33178\"\/><\/figure><\/div>\n\n\n\n<p>Todos conhecemos o estere\u00f3tipo da madrasta dos Contos de Fada. S\u00e3o muitas. A da Branca de Neve, a da Rapunzel, a da Gata Borralheira, por exemplo. N\u00e3o por acaso, s\u00e3o enteadas, meninas, configurando uma rela\u00e7\u00e3o de tr\u00eas mulheres. A m\u00e3e e a filha, e a nova esposa do pai. Esta din\u00e2mica entre as tr\u00eas figuras femininas \u00e9 resultante de emo\u00e7\u00f5es, sentimentos e desejos em acirrada competi\u00e7\u00e3o, nutrida por inveja e desejos de elimina\u00e7\u00e3o da que \u00e9 sentida como em vantagem. O Espelho M\u00e1gico explorava exatamente isso: tu \u00e9s a mais bela, minha rainha. Os maus-tratos eram o suficiente, enquanto a beleza estava garantida pelo Espelho. Mas quando ele revelou que era a Branca de Neve a mais bela, a rainha decidiu elimin\u00e1-la.<\/p>\n\n\n\n<div class=\"wp-block-image\"><figure class=\"aligncenter size-large\"><img decoding=\"async\" src=\"https:\/\/jornalfatosenoticias.com.br\/wp-content\/uploads\/2020\/02\/logo_esteio.jpg\" alt=\"\" class=\"wp-image-1214\"\/><\/figure><\/div>\n\n\n\n<p>Conhe\u00e7o, e todos devem conhecer, <span class=\"has-inline-color has-black-color\"><strong><em>boadrastas. <\/em><\/strong><\/span>Sim. Pessoas excelentes que cuidaram de seus enteados e enteadas da maneira mais amorosa e respons\u00e1vel poss\u00edvel. S\u00e3o muitas. Mas n\u00e3o s\u00e3o todas. A din\u00e2mica de afetos nocivos misturados aos, socialmente, admir\u00e1veis, continua a acontecer quase como nos Contos de Fadas. O que levaria um Operador da Justi\u00e7a de Fam\u00edlia a dizer que uma Crian\u00e7a que teve seu Direito \u00e0 M\u00e3e amputado aos seis anos de idade, n\u00e3o precisa mais da m\u00e3e porque a madrasta \u00e9 sua \u201cm\u00e3ezinha\u201d?<\/p>\n\n\n\n<div class=\"wp-block-image\"><figure class=\"aligncenter size-large is-resized\"><img loading=\"lazy\" decoding=\"async\" src=\"https:\/\/jornalfatosenoticias.com.br\/wp-content\/uploads\/2020\/02\/nova-logo-Marquetti.jpg\" alt=\"\" class=\"wp-image-22331\" width=\"286\" height=\"192\" srcset=\"https:\/\/jornalfatosenoticias.com.br\/wp-content\/uploads\/2020\/02\/nova-logo-Marquetti.jpg 643w, https:\/\/jornalfatosenoticias.com.br\/wp-content\/uploads\/2020\/02\/nova-logo-Marquetti-300x202.jpg 300w\" sizes=\"auto, (max-width: 286px) 100vw, 286px\" \/><\/figure><\/div>\n\n\n\n<p>Urge que se definam novos termos t\u00e9cnicos referentes a essa rela\u00e7\u00e3o cada vez mais frequente na vida das Crian\u00e7as. Madrastagem, v\u00ednculo madrasto-infantil, afeto madrastal, necessitam de estudos cient\u00edficos. Vale ressaltar que tanto a Crian\u00e7a quanto a m\u00e3e s\u00e3o acess\u00edveis \u00e0 figura da m\u00e3e substituta, mas essa substituta sendo nomeada pela m\u00e3e e acompanhada pela m\u00e3e quando necess\u00e1rio ou poss\u00edvel. Ou seja, a m\u00e3e passa o bast\u00e3o, e se mant\u00e9m na retaguarda. No caso da madrasta moderna, a escolha n\u00e3o tem a participa\u00e7\u00e3o da m\u00e3e, os cuidados da m\u00e3e s\u00e3o recha\u00e7ados, muitas vezes n\u00e3o h\u00e1 nenhuma comunica\u00e7\u00e3o entre as duas, a m\u00e3e e a \u201cm\u00e3ezinha\u201d\/madrasta, e se estiver em regime da alega\u00e7\u00e3o de aliena\u00e7\u00e3o parental, um fake termo, a m\u00e3e nem sequer \u00e9 autorizada a ver a Crian\u00e7a. Ela se torna a bruxa mal\u00e9vola. Afinal, foi tachada de \u201calienadora\u201d, figura da mais alta periculosidade, segundo pessoas que n\u00e3o leram o inventor desse termo, mas repetem sem o devido conhecimento.<\/p>\n\n\n\n<div class=\"wp-block-image\"><figure class=\"aligncenter size-large is-resized\"><img loading=\"lazy\" decoding=\"async\" src=\"https:\/\/jornalfatosenoticias.com.br\/wp-content\/uploads\/2020\/02\/logo-Panper_portal.jpg\" alt=\"\" class=\"wp-image-34474\" width=\"318\" height=\"220\" srcset=\"https:\/\/jornalfatosenoticias.com.br\/wp-content\/uploads\/2020\/02\/logo-Panper_portal.jpg 400w, https:\/\/jornalfatosenoticias.com.br\/wp-content\/uploads\/2020\/02\/logo-Panper_portal-300x208.jpg 300w\" sizes=\"auto, (max-width: 318px) 100vw, 318px\" \/><\/figure><\/div>\n\n\n\n<div class=\"wp-block-image\"><figure class=\"aligncenter size-large\"><img loading=\"lazy\" decoding=\"async\" width=\"1000\" height=\"600\" src=\"https:\/\/jornalfatosenoticias.com.br\/wp-content\/uploads\/2023\/03\/abuso-sexual-infantil.jpg\" alt=\"\" class=\"wp-image-39665\" srcset=\"https:\/\/jornalfatosenoticias.com.br\/wp-content\/uploads\/2023\/03\/abuso-sexual-infantil.jpg 1000w, https:\/\/jornalfatosenoticias.com.br\/wp-content\/uploads\/2023\/03\/abuso-sexual-infantil-300x180.jpg 300w, https:\/\/jornalfatosenoticias.com.br\/wp-content\/uploads\/2023\/03\/abuso-sexual-infantil-768x461.jpg 768w\" sizes=\"auto, (max-width: 1000px) 100vw, 1000px\" \/><figcaption><em><span class=\"has-inline-color has-black-color\">O abuso sexual infantil \u00e9 uma dura realidade para in\u00fameras crian\u00e7as todos os dias (Foto: Designi)<\/span><\/em><\/figcaption><\/figure><\/div>\n\n\n\n<div class=\"wp-block-image\"><figure class=\"aligncenter size-large\"><img decoding=\"async\" src=\"https:\/\/jornalfatosenoticias.com.br\/wp-content\/uploads\/2020\/02\/barao-das-carnes-300x164-1.jpg\" alt=\"\" class=\"wp-image-34339\"\/><\/figure><\/div>\n\n\n\n<p>Esses artif\u00edcios jur\u00eddicos promovem apenas a Priva\u00e7\u00e3o Materna Judicial e todas as graves sequelas dela advindas. A Priva\u00e7\u00e3o Materna \u00e9 objeto de in\u00fameras teorias cient\u00edficas, conhecidas, popularmente, pelo abandono materno dos beb\u00eas deixados em ca\u00e7ambas de entulho, ou em sacola de mercado jogada numa lagoa. A \u201calienadora\u201d \u00e9 condenada a abandonar seu filho ou filha. \u00c9 compuls\u00f3rio depois que a m\u00e3e denuncia, como \u00e9 obrigat\u00f3rio pelo Art. 13 do Estatuto da Crian\u00e7a e do Adolescente (ECA), abuso sexual intrafamiliar.<\/p>\n\n\n\n<div class=\"wp-block-image\"><figure class=\"aligncenter size-large is-resized\"><img loading=\"lazy\" decoding=\"async\" src=\"https:\/\/jornalfatosenoticias.com.br\/wp-content\/uploads\/2022\/02\/Precisao-Contabilidade-1024x724.jpg\" alt=\"\" class=\"wp-image-28088\" width=\"332\" height=\"235\"\/><\/figure><\/div>\n\n\n\n<p>Qu\u00eania Gabriely, dois anos, foi assassinada com les\u00f5es no corpo, mais de 50 no tamanho de corpo de dois anos, de v\u00e1rias idades, marcas em cicatriza\u00e7\u00e3o e marcas atuais, al\u00e9m de evid\u00eancias de estupro de vulner\u00e1vel, foi entregue ao pai aos tr\u00eas meses porque ele se negou a pagar pens\u00e3o aliment\u00edcia para a filha. O Juiz aceitou a viola\u00e7\u00e3o \u00e0 lei. Esse ato foi denominado, em ju\u00edzo, num \u201cacordo\u201d entre os pais. N\u00e3o consigo imaginar as condi\u00e7\u00f5es desse \u201cacordo\u201d. Desde os tr\u00eas meses, proibida judicialmente da essencial amamenta\u00e7\u00e3o materna, ela tinha perdido a m\u00e3e. Mas tinha uma madrasta. Uma \u201cm\u00e3ezinha\u201d?<\/p>\n\n\n\n<div class=\"wp-block-image\"><figure class=\"aligncenter size-large is-resized\"><img loading=\"lazy\" decoding=\"async\" src=\"https:\/\/jornalfatosenoticias.com.br\/wp-content\/uploads\/2022\/08\/logo-locau-veiculos-1024x573.png\" alt=\"\" class=\"wp-image-33078\" width=\"361\" height=\"201\"\/><\/figure><\/div>\n\n\n\n<p>M., 15 anos, entrou em desespero quando soube que seria obrigado \u00e0 visita\u00e7\u00e3o presencial com o pai, abusador e torturador, que goza da cumplicidade de uma perita que afirma que os abusos em seu \u00e2nus eram coisas normais que os homens fazem entre eles. Com muitos preju\u00edzos pela inf\u00e2ncia ceifada, M. voltou a falar em suic\u00eddio ou homic\u00eddio.<\/p>\n\n\n\n<div class=\"wp-block-image\"><figure class=\"aligncenter size-large\"><img decoding=\"async\" src=\"https:\/\/jornalfatosenoticias.com.br\/wp-content\/uploads\/2020\/02\/Banner-Site-1120x120px-1024x110.png\" alt=\"\" class=\"wp-image-38901\"\/><\/figure><\/div>\n\n\n\n<div class=\"wp-block-image\"><figure class=\"aligncenter size-large\"><img loading=\"lazy\" decoding=\"async\" width=\"1000\" height=\"484\" src=\"https:\/\/jornalfatosenoticias.com.br\/wp-content\/uploads\/2023\/03\/montagem-violencia-infnatil.jpg\" alt=\"\" class=\"wp-image-39666\" srcset=\"https:\/\/jornalfatosenoticias.com.br\/wp-content\/uploads\/2023\/03\/montagem-violencia-infnatil.jpg 1000w, https:\/\/jornalfatosenoticias.com.br\/wp-content\/uploads\/2023\/03\/montagem-violencia-infnatil-300x145.jpg 300w, https:\/\/jornalfatosenoticias.com.br\/wp-content\/uploads\/2023\/03\/montagem-violencia-infnatil-768x372.jpg 768w\" sizes=\"auto, (max-width: 1000px) 100vw, 1000px\" \/><figcaption><em><span class=\"has-inline-color has-black-color\">Isabella Nardoni, Bernardo Boldrini e \u00c1gatha F\u00e9lix: diferentes hist\u00f3rias que resultaram em tr\u00e1gicas mortes (Montagem com fotos de arquivo pessoal)<\/span><\/em><\/figcaption><\/figure><\/div>\n\n\n\n<p><strong><span class=\"has-inline-color has-black-color\">Neglig\u00eancia, imper\u00edcia, e imprud\u00eancia.<\/span><\/strong> Operadores de Justi\u00e7a de Fam\u00edlia tinham que responder pela irresponsabilidade ancorada no despreparo e na m\u00e1 intencionalidade. Quantas Qu\u00eanias, 2023, ainda ser\u00e3o torturadas e mortas como o Henry, 2021, e a Joanna Marcenal, 2010? As leis n\u00e3o protegem essas Crian\u00e7as. A Lei Henry Borel amplia o espectro dessa barb\u00e1rie e penaliza o entorno que n\u00e3o denunciar. Com a Qu\u00eania, ningu\u00e9m viu nada, nenhuma marca, nem mesmo na creche que frequentava h\u00e1 um m\u00eas, nem vizinhos, ningu\u00e9m. Ela morreu sofrendo.<\/p>\n\n\n\n<div class=\"wp-block-image\"><figure class=\"aligncenter size-large is-resized\"><img loading=\"lazy\" decoding=\"async\" src=\"https:\/\/jornalfatosenoticias.com.br\/wp-content\/uploads\/2021\/10\/LOGO-JUNTOS-SOS-ES-AMBIENTAL.jpg\" alt=\"\" class=\"wp-image-23922\" width=\"324\" height=\"300\"\/><\/figure><\/div>\n","protected":false},"excerpt":{"rendered":"<p>A qualidade do v\u00ednculo Materno-infantil, que acompanha e promove o desenvolvimento pleno da 1\u00aa Inf\u00e2ncia, j\u00e1 \u00e9 reconhecida pelo CNJ \u201cN\u00e3o precisa de m\u00e3e, tem uma madrasta que \u00e9 uma m\u00e3ezinha para ela\u201d. Frase escrita por um juiz, na justifica\u00e7\u00e3o de que n\u00e3o deveria ser cumprida a revers\u00e3o de guarda de uma menina, para voltar [&hellip;]<\/p>\n","protected":false},"author":8,"featured_media":39665,"comment_status":"open","ping_status":"open","sticky":false,"template":"","format":"standard","meta":{"footnotes":""},"categories":[2522],"tags":[1040,4400,4298,13353,3528,18561,2479],"class_list":["post-39663","post","type-post","status-publish","format-standard","has-post-thumbnail","hentry","category-comportamento","tag-abuso-infantil","tag-abuso-sexual-infantil","tag-alienacao-parental","tag-barbaries","tag-pedofilia","tag-vinculo-materno-infantil","tag-violencia"],"yoast_head":"<!-- This site is optimized with the Yoast SEO plugin v26.5 - https:\/\/yoast.com\/wordpress\/plugins\/seo\/ -->\n<title>Aliena\u00e7\u00e3o parental, pedofilia, viol\u00eancia, barbarismo, a perversidade \u2014 Parte III - Jornal Fatos e Not\u00edcias<\/title>\n<meta name=\"robots\" content=\"index, follow, max-snippet:-1, max-image-preview:large, max-video-preview:-1\" \/>\n<link rel=\"canonical\" href=\"https:\/\/jornalfatosenoticias.com.br\/index.php\/2023\/03\/16\/alienacao-parental-pedofilia-violencia-barbarismo-a-perversidade-parte-iii\/\" \/>\n<meta property=\"og:locale\" content=\"pt_BR\" \/>\n<meta property=\"og:type\" content=\"article\" \/>\n<meta property=\"og:title\" content=\"Aliena\u00e7\u00e3o parental, pedofilia, viol\u00eancia, barbarismo, a perversidade \u2014 Parte III - Jornal Fatos e Not\u00edcias\" \/>\n<meta property=\"og:description\" content=\"A qualidade do v\u00ednculo Materno-infantil, que acompanha e promove o desenvolvimento pleno da 1\u00aa Inf\u00e2ncia, j\u00e1 \u00e9 reconhecida pelo CNJ \u201cN\u00e3o precisa de m\u00e3e, tem uma madrasta que \u00e9 uma m\u00e3ezinha para ela\u201d. Frase escrita por um juiz, na justifica\u00e7\u00e3o de que n\u00e3o deveria ser cumprida a revers\u00e3o de guarda de uma menina, para voltar [&hellip;]\" \/>\n<meta property=\"og:url\" content=\"https:\/\/jornalfatosenoticias.com.br\/index.php\/2023\/03\/16\/alienacao-parental-pedofilia-violencia-barbarismo-a-perversidade-parte-iii\/\" \/>\n<meta property=\"og:site_name\" content=\"Jornal Fatos e Not\u00edcias\" \/>\n<meta property=\"article:published_time\" content=\"2023-03-16T13:02:56+00:00\" \/>\n<meta property=\"article:modified_time\" content=\"2023-03-16T13:23:17+00:00\" \/>\n<meta property=\"og:image\" content=\"https:\/\/jornalfatosenoticias.com.br\/wp-content\/uploads\/2023\/03\/abuso-sexual-infantil.jpg\" \/>\n\t<meta property=\"og:image:width\" content=\"1000\" \/>\n\t<meta property=\"og:image:height\" content=\"600\" \/>\n\t<meta property=\"og:image:type\" content=\"image\/jpeg\" \/>\n<meta name=\"author\" content=\"Ana Maria Iencarelli\" \/>\n<meta name=\"twitter:card\" content=\"summary_large_image\" \/>\n<meta name=\"twitter:label1\" content=\"Escrito por\" \/>\n\t<meta name=\"twitter:data1\" content=\"Ana Maria Iencarelli\" \/>\n\t<meta name=\"twitter:label2\" content=\"Est. tempo de leitura\" \/>\n\t<meta name=\"twitter:data2\" content=\"6 minutos\" \/>\n<script type=\"application\/ld+json\" class=\"yoast-schema-graph\">{\"@context\":\"https:\/\/schema.org\",\"@graph\":[{\"@type\":\"Article\",\"@id\":\"https:\/\/jornalfatosenoticias.com.br\/index.php\/2023\/03\/16\/alienacao-parental-pedofilia-violencia-barbarismo-a-perversidade-parte-iii\/#article\",\"isPartOf\":{\"@id\":\"https:\/\/jornalfatosenoticias.com.br\/index.php\/2023\/03\/16\/alienacao-parental-pedofilia-violencia-barbarismo-a-perversidade-parte-iii\/\"},\"author\":{\"name\":\"Ana Maria Iencarelli\",\"@id\":\"https:\/\/jornalfatosenoticias.com.br\/#\/schema\/person\/c33fcf5fb02d729d3fec92c6737a22d1\"},\"headline\":\"Aliena\u00e7\u00e3o parental, pedofilia, viol\u00eancia, barbarismo, a perversidade \u2014 Parte III\",\"datePublished\":\"2023-03-16T13:02:56+00:00\",\"dateModified\":\"2023-03-16T13:23:17+00:00\",\"mainEntityOfPage\":{\"@id\":\"https:\/\/jornalfatosenoticias.com.br\/index.php\/2023\/03\/16\/alienacao-parental-pedofilia-violencia-barbarismo-a-perversidade-parte-iii\/\"},\"wordCount\":1241,\"commentCount\":0,\"publisher\":{\"@id\":\"https:\/\/jornalfatosenoticias.com.br\/#organization\"},\"image\":{\"@id\":\"https:\/\/jornalfatosenoticias.com.br\/index.php\/2023\/03\/16\/alienacao-parental-pedofilia-violencia-barbarismo-a-perversidade-parte-iii\/#primaryimage\"},\"thumbnailUrl\":\"https:\/\/jornalfatosenoticias.com.br\/wp-content\/uploads\/2023\/03\/abuso-sexual-infantil.jpg\",\"keywords\":[\"abuso infantil\",\"abuso sexual infantil\",\"aliena\u00e7\u00e3o parental\",\"barb\u00e1ries\",\"pedofilia\",\"v\u00ednculo materno-infantil\",\"viol\u00eancia\"],\"articleSection\":[\"Comportamento &amp; Equil\u00edbrio\"],\"inLanguage\":\"pt-BR\",\"potentialAction\":[{\"@type\":\"CommentAction\",\"name\":\"Comment\",\"target\":[\"https:\/\/jornalfatosenoticias.com.br\/index.php\/2023\/03\/16\/alienacao-parental-pedofilia-violencia-barbarismo-a-perversidade-parte-iii\/#respond\"]}]},{\"@type\":\"WebPage\",\"@id\":\"https:\/\/jornalfatosenoticias.com.br\/index.php\/2023\/03\/16\/alienacao-parental-pedofilia-violencia-barbarismo-a-perversidade-parte-iii\/\",\"url\":\"https:\/\/jornalfatosenoticias.com.br\/index.php\/2023\/03\/16\/alienacao-parental-pedofilia-violencia-barbarismo-a-perversidade-parte-iii\/\",\"name\":\"Aliena\u00e7\u00e3o parental, pedofilia, viol\u00eancia, barbarismo, a perversidade \u2014 Parte III - Jornal Fatos e Not\u00edcias\",\"isPartOf\":{\"@id\":\"https:\/\/jornalfatosenoticias.com.br\/#website\"},\"primaryImageOfPage\":{\"@id\":\"https:\/\/jornalfatosenoticias.com.br\/index.php\/2023\/03\/16\/alienacao-parental-pedofilia-violencia-barbarismo-a-perversidade-parte-iii\/#primaryimage\"},\"image\":{\"@id\":\"https:\/\/jornalfatosenoticias.com.br\/index.php\/2023\/03\/16\/alienacao-parental-pedofilia-violencia-barbarismo-a-perversidade-parte-iii\/#primaryimage\"},\"thumbnailUrl\":\"https:\/\/jornalfatosenoticias.com.br\/wp-content\/uploads\/2023\/03\/abuso-sexual-infantil.jpg\",\"datePublished\":\"2023-03-16T13:02:56+00:00\",\"dateModified\":\"2023-03-16T13:23:17+00:00\",\"breadcrumb\":{\"@id\":\"https:\/\/jornalfatosenoticias.com.br\/index.php\/2023\/03\/16\/alienacao-parental-pedofilia-violencia-barbarismo-a-perversidade-parte-iii\/#breadcrumb\"},\"inLanguage\":\"pt-BR\",\"potentialAction\":[{\"@type\":\"ReadAction\",\"target\":[\"https:\/\/jornalfatosenoticias.com.br\/index.php\/2023\/03\/16\/alienacao-parental-pedofilia-violencia-barbarismo-a-perversidade-parte-iii\/\"]}]},{\"@type\":\"ImageObject\",\"inLanguage\":\"pt-BR\",\"@id\":\"https:\/\/jornalfatosenoticias.com.br\/index.php\/2023\/03\/16\/alienacao-parental-pedofilia-violencia-barbarismo-a-perversidade-parte-iii\/#primaryimage\",\"url\":\"https:\/\/jornalfatosenoticias.com.br\/wp-content\/uploads\/2023\/03\/abuso-sexual-infantil.jpg\",\"contentUrl\":\"https:\/\/jornalfatosenoticias.com.br\/wp-content\/uploads\/2023\/03\/abuso-sexual-infantil.jpg\",\"width\":1000,\"height\":600},{\"@type\":\"BreadcrumbList\",\"@id\":\"https:\/\/jornalfatosenoticias.com.br\/index.php\/2023\/03\/16\/alienacao-parental-pedofilia-violencia-barbarismo-a-perversidade-parte-iii\/#breadcrumb\",\"itemListElement\":[{\"@type\":\"ListItem\",\"position\":1,\"name\":\"In\u00edcio\",\"item\":\"https:\/\/jornalfatosenoticias.com.br\/\"},{\"@type\":\"ListItem\",\"position\":2,\"name\":\"Aliena\u00e7\u00e3o parental, pedofilia, viol\u00eancia, barbarismo, a perversidade \u2014 Parte III\"}]},{\"@type\":\"WebSite\",\"@id\":\"https:\/\/jornalfatosenoticias.com.br\/#website\",\"url\":\"https:\/\/jornalfatosenoticias.com.br\/\",\"name\":\"Jornal Fatos e Not\u00edcias\",\"description\":\"Not\u00edcias em geral\",\"publisher\":{\"@id\":\"https:\/\/jornalfatosenoticias.com.br\/#organization\"},\"potentialAction\":[{\"@type\":\"SearchAction\",\"target\":{\"@type\":\"EntryPoint\",\"urlTemplate\":\"https:\/\/jornalfatosenoticias.com.br\/?s={search_term_string}\"},\"query-input\":{\"@type\":\"PropertyValueSpecification\",\"valueRequired\":true,\"valueName\":\"search_term_string\"}}],\"inLanguage\":\"pt-BR\"},{\"@type\":\"Organization\",\"@id\":\"https:\/\/jornalfatosenoticias.com.br\/#organization\",\"name\":\"Jornal Fatos e Not\u00edcias\",\"url\":\"https:\/\/jornalfatosenoticias.com.br\/\",\"logo\":{\"@type\":\"ImageObject\",\"inLanguage\":\"pt-BR\",\"@id\":\"https:\/\/jornalfatosenoticias.com.br\/#\/schema\/logo\/image\/\",\"url\":\"https:\/\/jornalfatosenoticias.com.br\/wp-content\/uploads\/2020\/02\/logo120.png\",\"contentUrl\":\"https:\/\/jornalfatosenoticias.com.br\/wp-content\/uploads\/2020\/02\/logo120.png\",\"width\":1227,\"height\":120,\"caption\":\"Jornal Fatos e Not\u00edcias\"},\"image\":{\"@id\":\"https:\/\/jornalfatosenoticias.com.br\/#\/schema\/logo\/image\/\"}},{\"@type\":\"Person\",\"@id\":\"https:\/\/jornalfatosenoticias.com.br\/#\/schema\/person\/c33fcf5fb02d729d3fec92c6737a22d1\",\"name\":\"Ana Maria Iencarelli\",\"image\":{\"@type\":\"ImageObject\",\"inLanguage\":\"pt-BR\",\"@id\":\"https:\/\/jornalfatosenoticias.com.br\/#\/schema\/person\/image\/\",\"url\":\"https:\/\/jornalfatosenoticias.com.br\/wp-content\/uploads\/2020\/02\/Ana-Maria-Iencarelli-1-150x150.jpg\",\"contentUrl\":\"https:\/\/jornalfatosenoticias.com.br\/wp-content\/uploads\/2020\/02\/Ana-Maria-Iencarelli-1-150x150.jpg\",\"caption\":\"Ana Maria Iencarelli\"},\"description\":\"Psicanalista Cl\u00ednica, especializada no atendimento a Crian\u00e7as e Adolescentes. Presidente da ONG Vozes de Anjos.\",\"url\":\"https:\/\/jornalfatosenoticias.com.br\/index.php\/author\/anamaria\/\"}]}<\/script>\n<!-- \/ Yoast SEO plugin. -->","yoast_head_json":{"title":"Aliena\u00e7\u00e3o parental, pedofilia, viol\u00eancia, barbarismo, a perversidade \u2014 Parte III - Jornal Fatos e Not\u00edcias","robots":{"index":"index","follow":"follow","max-snippet":"max-snippet:-1","max-image-preview":"max-image-preview:large","max-video-preview":"max-video-preview:-1"},"canonical":"https:\/\/jornalfatosenoticias.com.br\/index.php\/2023\/03\/16\/alienacao-parental-pedofilia-violencia-barbarismo-a-perversidade-parte-iii\/","og_locale":"pt_BR","og_type":"article","og_title":"Aliena\u00e7\u00e3o parental, pedofilia, viol\u00eancia, barbarismo, a perversidade \u2014 Parte III - Jornal Fatos e Not\u00edcias","og_description":"A qualidade do v\u00ednculo Materno-infantil, que acompanha e promove o desenvolvimento pleno da 1\u00aa Inf\u00e2ncia, j\u00e1 \u00e9 reconhecida pelo CNJ \u201cN\u00e3o precisa de m\u00e3e, tem uma madrasta que \u00e9 uma m\u00e3ezinha para ela\u201d. Frase escrita por um juiz, na justifica\u00e7\u00e3o de que n\u00e3o deveria ser cumprida a revers\u00e3o de guarda de uma menina, para voltar [&hellip;]","og_url":"https:\/\/jornalfatosenoticias.com.br\/index.php\/2023\/03\/16\/alienacao-parental-pedofilia-violencia-barbarismo-a-perversidade-parte-iii\/","og_site_name":"Jornal Fatos e Not\u00edcias","article_published_time":"2023-03-16T13:02:56+00:00","article_modified_time":"2023-03-16T13:23:17+00:00","og_image":[{"width":1000,"height":600,"url":"https:\/\/jornalfatosenoticias.com.br\/wp-content\/uploads\/2023\/03\/abuso-sexual-infantil.jpg","type":"image\/jpeg"}],"author":"Ana Maria Iencarelli","twitter_card":"summary_large_image","twitter_misc":{"Escrito por":"Ana Maria Iencarelli","Est. tempo de leitura":"6 minutos"},"schema":{"@context":"https:\/\/schema.org","@graph":[{"@type":"Article","@id":"https:\/\/jornalfatosenoticias.com.br\/index.php\/2023\/03\/16\/alienacao-parental-pedofilia-violencia-barbarismo-a-perversidade-parte-iii\/#article","isPartOf":{"@id":"https:\/\/jornalfatosenoticias.com.br\/index.php\/2023\/03\/16\/alienacao-parental-pedofilia-violencia-barbarismo-a-perversidade-parte-iii\/"},"author":{"name":"Ana Maria Iencarelli","@id":"https:\/\/jornalfatosenoticias.com.br\/#\/schema\/person\/c33fcf5fb02d729d3fec92c6737a22d1"},"headline":"Aliena\u00e7\u00e3o parental, pedofilia, viol\u00eancia, barbarismo, a perversidade \u2014 Parte III","datePublished":"2023-03-16T13:02:56+00:00","dateModified":"2023-03-16T13:23:17+00:00","mainEntityOfPage":{"@id":"https:\/\/jornalfatosenoticias.com.br\/index.php\/2023\/03\/16\/alienacao-parental-pedofilia-violencia-barbarismo-a-perversidade-parte-iii\/"},"wordCount":1241,"commentCount":0,"publisher":{"@id":"https:\/\/jornalfatosenoticias.com.br\/#organization"},"image":{"@id":"https:\/\/jornalfatosenoticias.com.br\/index.php\/2023\/03\/16\/alienacao-parental-pedofilia-violencia-barbarismo-a-perversidade-parte-iii\/#primaryimage"},"thumbnailUrl":"https:\/\/jornalfatosenoticias.com.br\/wp-content\/uploads\/2023\/03\/abuso-sexual-infantil.jpg","keywords":["abuso infantil","abuso sexual infantil","aliena\u00e7\u00e3o parental","barb\u00e1ries","pedofilia","v\u00ednculo materno-infantil","viol\u00eancia"],"articleSection":["Comportamento &amp; Equil\u00edbrio"],"inLanguage":"pt-BR","potentialAction":[{"@type":"CommentAction","name":"Comment","target":["https:\/\/jornalfatosenoticias.com.br\/index.php\/2023\/03\/16\/alienacao-parental-pedofilia-violencia-barbarismo-a-perversidade-parte-iii\/#respond"]}]},{"@type":"WebPage","@id":"https:\/\/jornalfatosenoticias.com.br\/index.php\/2023\/03\/16\/alienacao-parental-pedofilia-violencia-barbarismo-a-perversidade-parte-iii\/","url":"https:\/\/jornalfatosenoticias.com.br\/index.php\/2023\/03\/16\/alienacao-parental-pedofilia-violencia-barbarismo-a-perversidade-parte-iii\/","name":"Aliena\u00e7\u00e3o parental, pedofilia, viol\u00eancia, barbarismo, a perversidade \u2014 Parte III - Jornal Fatos e Not\u00edcias","isPartOf":{"@id":"https:\/\/jornalfatosenoticias.com.br\/#website"},"primaryImageOfPage":{"@id":"https:\/\/jornalfatosenoticias.com.br\/index.php\/2023\/03\/16\/alienacao-parental-pedofilia-violencia-barbarismo-a-perversidade-parte-iii\/#primaryimage"},"image":{"@id":"https:\/\/jornalfatosenoticias.com.br\/index.php\/2023\/03\/16\/alienacao-parental-pedofilia-violencia-barbarismo-a-perversidade-parte-iii\/#primaryimage"},"thumbnailUrl":"https:\/\/jornalfatosenoticias.com.br\/wp-content\/uploads\/2023\/03\/abuso-sexual-infantil.jpg","datePublished":"2023-03-16T13:02:56+00:00","dateModified":"2023-03-16T13:23:17+00:00","breadcrumb":{"@id":"https:\/\/jornalfatosenoticias.com.br\/index.php\/2023\/03\/16\/alienacao-parental-pedofilia-violencia-barbarismo-a-perversidade-parte-iii\/#breadcrumb"},"inLanguage":"pt-BR","potentialAction":[{"@type":"ReadAction","target":["https:\/\/jornalfatosenoticias.com.br\/index.php\/2023\/03\/16\/alienacao-parental-pedofilia-violencia-barbarismo-a-perversidade-parte-iii\/"]}]},{"@type":"ImageObject","inLanguage":"pt-BR","@id":"https:\/\/jornalfatosenoticias.com.br\/index.php\/2023\/03\/16\/alienacao-parental-pedofilia-violencia-barbarismo-a-perversidade-parte-iii\/#primaryimage","url":"https:\/\/jornalfatosenoticias.com.br\/wp-content\/uploads\/2023\/03\/abuso-sexual-infantil.jpg","contentUrl":"https:\/\/jornalfatosenoticias.com.br\/wp-content\/uploads\/2023\/03\/abuso-sexual-infantil.jpg","width":1000,"height":600},{"@type":"BreadcrumbList","@id":"https:\/\/jornalfatosenoticias.com.br\/index.php\/2023\/03\/16\/alienacao-parental-pedofilia-violencia-barbarismo-a-perversidade-parte-iii\/#breadcrumb","itemListElement":[{"@type":"ListItem","position":1,"name":"In\u00edcio","item":"https:\/\/jornalfatosenoticias.com.br\/"},{"@type":"ListItem","position":2,"name":"Aliena\u00e7\u00e3o parental, pedofilia, viol\u00eancia, barbarismo, a perversidade \u2014 Parte III"}]},{"@type":"WebSite","@id":"https:\/\/jornalfatosenoticias.com.br\/#website","url":"https:\/\/jornalfatosenoticias.com.br\/","name":"Jornal Fatos e Not\u00edcias","description":"Not\u00edcias em geral","publisher":{"@id":"https:\/\/jornalfatosenoticias.com.br\/#organization"},"potentialAction":[{"@type":"SearchAction","target":{"@type":"EntryPoint","urlTemplate":"https:\/\/jornalfatosenoticias.com.br\/?s={search_term_string}"},"query-input":{"@type":"PropertyValueSpecification","valueRequired":true,"valueName":"search_term_string"}}],"inLanguage":"pt-BR"},{"@type":"Organization","@id":"https:\/\/jornalfatosenoticias.com.br\/#organization","name":"Jornal Fatos e Not\u00edcias","url":"https:\/\/jornalfatosenoticias.com.br\/","logo":{"@type":"ImageObject","inLanguage":"pt-BR","@id":"https:\/\/jornalfatosenoticias.com.br\/#\/schema\/logo\/image\/","url":"https:\/\/jornalfatosenoticias.com.br\/wp-content\/uploads\/2020\/02\/logo120.png","contentUrl":"https:\/\/jornalfatosenoticias.com.br\/wp-content\/uploads\/2020\/02\/logo120.png","width":1227,"height":120,"caption":"Jornal Fatos e Not\u00edcias"},"image":{"@id":"https:\/\/jornalfatosenoticias.com.br\/#\/schema\/logo\/image\/"}},{"@type":"Person","@id":"https:\/\/jornalfatosenoticias.com.br\/#\/schema\/person\/c33fcf5fb02d729d3fec92c6737a22d1","name":"Ana Maria Iencarelli","image":{"@type":"ImageObject","inLanguage":"pt-BR","@id":"https:\/\/jornalfatosenoticias.com.br\/#\/schema\/person\/image\/","url":"https:\/\/jornalfatosenoticias.com.br\/wp-content\/uploads\/2020\/02\/Ana-Maria-Iencarelli-1-150x150.jpg","contentUrl":"https:\/\/jornalfatosenoticias.com.br\/wp-content\/uploads\/2020\/02\/Ana-Maria-Iencarelli-1-150x150.jpg","caption":"Ana Maria Iencarelli"},"description":"Psicanalista Cl\u00ednica, especializada no atendimento a Crian\u00e7as e Adolescentes. Presidente da ONG Vozes de Anjos.","url":"https:\/\/jornalfatosenoticias.com.br\/index.php\/author\/anamaria\/"}]}},"cc_featured_image_caption":{"caption_text":"","source_text":"","source_url":""},"jetpack_featured_media_url":"https:\/\/jornalfatosenoticias.com.br\/wp-content\/uploads\/2023\/03\/abuso-sexual-infantil.jpg","_links":{"self":[{"href":"https:\/\/jornalfatosenoticias.com.br\/index.php\/wp-json\/wp\/v2\/posts\/39663","targetHints":{"allow":["GET"]}}],"collection":[{"href":"https:\/\/jornalfatosenoticias.com.br\/index.php\/wp-json\/wp\/v2\/posts"}],"about":[{"href":"https:\/\/jornalfatosenoticias.com.br\/index.php\/wp-json\/wp\/v2\/types\/post"}],"author":[{"embeddable":true,"href":"https:\/\/jornalfatosenoticias.com.br\/index.php\/wp-json\/wp\/v2\/users\/8"}],"replies":[{"embeddable":true,"href":"https:\/\/jornalfatosenoticias.com.br\/index.php\/wp-json\/wp\/v2\/comments?post=39663"}],"version-history":[{"count":0,"href":"https:\/\/jornalfatosenoticias.com.br\/index.php\/wp-json\/wp\/v2\/posts\/39663\/revisions"}],"wp:featuredmedia":[{"embeddable":true,"href":"https:\/\/jornalfatosenoticias.com.br\/index.php\/wp-json\/wp\/v2\/media\/39665"}],"wp:attachment":[{"href":"https:\/\/jornalfatosenoticias.com.br\/index.php\/wp-json\/wp\/v2\/media?parent=39663"}],"wp:term":[{"taxonomy":"category","embeddable":true,"href":"https:\/\/jornalfatosenoticias.com.br\/index.php\/wp-json\/wp\/v2\/categories?post=39663"},{"taxonomy":"post_tag","embeddable":true,"href":"https:\/\/jornalfatosenoticias.com.br\/index.php\/wp-json\/wp\/v2\/tags?post=39663"}],"curies":[{"name":"wp","href":"https:\/\/api.w.org\/{rel}","templated":true}]}}