{"id":39685,"date":"2023-03-16T10:52:47","date_gmt":"2023-03-16T13:52:47","guid":{"rendered":"https:\/\/jornalfatosenoticias.com.br\/?p=39685"},"modified":"2023-03-16T10:52:51","modified_gmt":"2023-03-16T13:52:51","slug":"populacao-reclama-do-po-preto","status":"publish","type":"post","link":"https:\/\/jornalfatosenoticias.com.br\/index.php\/2023\/03\/16\/populacao-reclama-do-po-preto\/","title":{"rendered":"Popula\u00e7\u00e3o reclama do p\u00f3 preto"},"content":{"rendered":"\n<div class=\"wp-block-image\"><figure class=\"aligncenter size-large is-resized\"><img loading=\"lazy\" decoding=\"async\" src=\"https:\/\/jornalfatosenoticias.com.br\/wp-content\/uploads\/2021\/10\/LOGO-JUNTOS-SOS-ES-AMBIENTAL.jpg\" alt=\"\" class=\"wp-image-23922\" width=\"222\" height=\"206\"\/><\/figure><\/div>\n\n\n\n<p>Em fun\u00e7\u00e3o dos ventos nordeste e do baixo \u00edndice pluviom\u00e9trico, nos \u00faltimos dias, aumentaram as reclama\u00e7\u00f5es da popula\u00e7\u00e3o sobre o <strong><span class=\"has-inline-color has-black-color\">\u201cP\u00f3 Preto\u201d.<\/span><\/strong> Atenta \u00e0s reivindica\u00e7\u00f5es, a <strong>ONG Juntos SOS<\/strong> denunciou o ocorrido ao Instituto de Meio Ambiente e Recursos H\u00eddricos (Iema) atrav\u00e9s da den\u00fancia 106\/2023.<br>Nos \u00faltimos dias a quantidade de poeira sediment\u00e1vel que est\u00e1 chegando \u00e0s resid\u00eancias \u00e9 muito superior aos n\u00fameros relatados pelo monitoramento de PS na Ilha do Boi \u2014 Hotel Senac (22\/dez &#8211; 1,1) e (22\/Nov &#8211; 1,1) e Clube \u00cdtalo 2,4 e 1,6 g\/m2 x 30 dias.<\/p>\n\n\n\n<div class=\"wp-block-image\"><figure class=\"aligncenter size-large\"><img decoding=\"async\" src=\"https:\/\/jornalfatosenoticias.com.br\/wp-content\/uploads\/2020\/02\/logo_esteio.jpg\" alt=\"\" class=\"wp-image-1214\"\/><\/figure><\/div>\n\n\n\n<p>Por isso, foi solicitada fiscaliza\u00e7\u00e3o nas instala\u00e7\u00f5es das empresas <em>ArcelorMittal e VALE<\/em> para detectar prov\u00e1veis problemas nos controles ambientais. O \u00faltimo andamento 13\/02\/2023 \u2014 den\u00fancia encaminhada ao SETOR COEI (Encaminhamento 2023-Z6BBZZ) relata os danos causados pela polui\u00e7\u00e3o do ar provocados pelo material particulado como rinite, sinusite, bronquite, asma, doen\u00e7as do sistema respirat\u00f3rio, c\u00e2ncer, uma vez que a polui\u00e7\u00e3o do ar acelera a perda \u00f3ssea (osteoporose), doen\u00e7a cardiovascular, acidentes vasculares cerebrais, disposi\u00e7\u00e3o a diabetes, preju\u00edzo do desenvolvimento cognitivo em crian\u00e7as, dem\u00eancia em idosos e agravamento da covid-19.<\/p>\n\n\n\n<div class=\"wp-block-image\"><figure class=\"aligncenter size-large\"><img loading=\"lazy\" decoding=\"async\" width=\"300\" height=\"250\" src=\"https:\/\/jornalfatosenoticias.com.br\/wp-content\/uploads\/2022\/02\/FERRARI_MAQUINAS-E-FERRAMENTAS2-1.jpg\" alt=\"\" class=\"wp-image-27955\"\/><\/figure><\/div>\n\n\n\n<p>O presidente da <strong>Juntos SOS ES,<\/strong> Eraylton Moreschi, afirma que os respons\u00e1veis sabem que h\u00e1 uma sa\u00edda para o problema. \u201cSolu\u00e7\u00e3o existe, com certeza, no Iema e nas empresas <em>ArcelorMittal e VALE <\/em>h\u00e1 t\u00e9cnicos muito mais competentes do que n\u00f3s, eles conhecem muito bem suas plantas e sabem quais as solu\u00e7\u00f5es para combater suas emiss\u00f5es de materiais particulados e gases das fontes difusas e dos pontuais\u201d, observou, concluindo que \u201cdesde 2007 no TCA da <em>VALE, <\/em>o nosso pedido principal aos Minist\u00e9rios P\u00fablicos (MPs), ao Iema e a outros \u00f3rg\u00e3os \u00e9 pelo enclausuramento de todas as pilhas de estocagem de produtos e mat\u00e9rias-primas da ponta de Tubar\u00e3o e dos sistemas de transporte destes. Desativa\u00e7\u00e3o das Coquerias convencionais da Arcelor e manuten\u00e7\u00e3o preventiva dos sistemas em geral. Instala\u00e7\u00e3o de precipitadores eletrost\u00e1ticos em s\u00e9rie com filtros de manga\u201d.<\/p>\n\n\n\n<div class=\"wp-block-image\"><figure class=\"aligncenter size-large\"><img loading=\"lazy\" decoding=\"async\" width=\"729\" height=\"90\" src=\"https:\/\/jornalfatosenoticias.com.br\/wp-content\/uploads\/2020\/02\/Logo_Mizu.png\" alt=\"\" class=\"wp-image-1441\" srcset=\"https:\/\/jornalfatosenoticias.com.br\/wp-content\/uploads\/2020\/02\/Logo_Mizu.png 729w, https:\/\/jornalfatosenoticias.com.br\/wp-content\/uploads\/2020\/02\/Logo_Mizu-300x37.png 300w\" sizes=\"auto, (max-width: 729px) 100vw, 729px\" \/><\/figure><\/div>\n\n\n\n<div class=\"wp-block-image\"><figure class=\"aligncenter size-large\"><img loading=\"lazy\" decoding=\"async\" width=\"1000\" height=\"695\" src=\"https:\/\/jornalfatosenoticias.com.br\/wp-content\/uploads\/2023\/03\/tca-jan-2023.png\" alt=\"\" class=\"wp-image-39686\" srcset=\"https:\/\/jornalfatosenoticias.com.br\/wp-content\/uploads\/2023\/03\/tca-jan-2023.png 1000w, https:\/\/jornalfatosenoticias.com.br\/wp-content\/uploads\/2023\/03\/tca-jan-2023-300x209.png 300w, https:\/\/jornalfatosenoticias.com.br\/wp-content\/uploads\/2023\/03\/tca-jan-2023-768x534.png 768w\" sizes=\"auto, (max-width: 1000px) 100vw, 1000px\" \/><\/figure><\/div>\n\n\n\n<div class=\"wp-block-image\"><figure class=\"aligncenter size-large\"><img decoding=\"async\" src=\"https:\/\/jornalfatosenoticias.com.br\/wp-content\/uploads\/2020\/02\/barao-das-carnes-300x164-1.jpg\" alt=\"\" class=\"wp-image-34339\"\/><\/figure><\/div>\n\n\n\n<p>Para tanto, \u00e9 preciso algumas prioridades como: Aprova\u00e7\u00e3o do Projeto de Lei no 494\/2022, do deputado Fabr\u00edcio Gandini, que estabelece Pol\u00edticas, Normas e Diretrizes de Prote\u00e7\u00e3o da Qualidade do Ar Atmosf\u00e9rico no \u00e2mbito do Estado de Esp\u00edrito Santo e d\u00e1 outras provid\u00eancias como: Novo invent\u00e1rio de Fontes das empresas <em>ArcelorMittal e VALE<\/em>; Novos TACs com as empresas <em>ArcelorMittal e VALE,<\/em> em especial para tratar das emiss\u00f5es das fontes pontuais de materiais particulados e gases; Realiza\u00e7\u00e3o de novos estudos com o N\u00facleo de Qualidade do Ar \u2014 Ufes, objetivando a Caracteriza\u00e7\u00e3o e Quantifica\u00e7\u00e3o das Part\u00edculas Sedimentadas atualizado; Implanta\u00e7\u00e3o da Diretriz da Sa\u00fade Ambiental nos Planos de Gest\u00e3o da Secret\u00e1ria Estadual de Sa\u00fade e Municipais, em especial da RMGV e Anchieta; Projeto Tem\u00e1tico da funda\u00e7\u00e3o de Amparo \u00e0 Pesquisa do Estado de S\u00e3o Paulo (Fapesp) \u2014 impacto do p\u00f3 preto nos ecossistemas da RMGV e Anchieta; <em>Livro MATERIAL PARTICULADO NA ATMOSFERA URBANA E SUAS INTERA\u00c7\u00d5ES COM A SA\u00daDE HUMANA 15\/12\/2023;<\/em> Informes Gerais: IEMA testando na esta\u00e7\u00e3o da Enseada do Sua, equipamento de monitoramento autom\u00e1tico de PS, e em andamento melhorias da RAMQAr.<br>O ativista aproveita para chamar aten\u00e7\u00e3o das assinaturas dos TCAs 035 \u2014 VALE e o 036 \u2014 ARCELORMITTAL. <\/p>\n\n\n\n<div class=\"wp-block-image\"><figure class=\"aligncenter size-large is-resized\"><img loading=\"lazy\" decoding=\"async\" src=\"https:\/\/jornalfatosenoticias.com.br\/wp-content\/uploads\/2020\/02\/Logomarca-Principal.gif\" alt=\"\" class=\"wp-image-7872\" width=\"266\" height=\"263\"\/><\/figure><\/div>\n\n\n\n<blockquote class=\"wp-block-quote is-layout-flow wp-block-quote-is-layout-flow\"><p><span class=\"has-inline-color has-luminous-vivid-orange-color\">Nos manifestamos contra os mesmos, pois os TCAs s\u00e3o Pol\u00edticas p\u00fablicas e a sociedade n\u00e3o participou nas suas elabora\u00e7\u00f5es e outra que os TCAs n\u00e3o t\u00eam m\u00e9tricas para avaliar se as metas recomendadas pela Cetesb contribu\u00edram com a melhoria da qualidade do ar na Regi\u00e3o Metropolitana da Grande Vit\u00f3ria e questiona, como podemos constatar nos dados de monitoramento?\u201d, questiona.<\/span><\/p><\/blockquote>\n","protected":false},"excerpt":{"rendered":"<p>Em fun\u00e7\u00e3o dos ventos nordeste e do baixo \u00edndice pluviom\u00e9trico, nos \u00faltimos dias, aumentaram as reclama\u00e7\u00f5es da popula\u00e7\u00e3o sobre o \u201cP\u00f3 Preto\u201d. Atenta \u00e0s reivindica\u00e7\u00f5es, a ONG Juntos SOS denunciou o ocorrido ao Instituto de Meio Ambiente e Recursos H\u00eddricos (Iema) atrav\u00e9s da den\u00fancia 106\/2023.Nos \u00faltimos dias a quantidade de poeira sediment\u00e1vel que est\u00e1 chegando [&hellip;]<\/p>\n","protected":false},"author":28,"featured_media":39687,"comment_status":"open","ping_status":"open","sticky":false,"template":"","format":"standard","meta":{"footnotes":""},"categories":[8],"tags":[9765,18571,915,9768,8871,290],"class_list":["post-39685","post","type-post","status-publish","format-standard","has-post-thumbnail","hentry","category-meio-ambiente","tag-arcelormittal","tag-baixo-indice-pluviometrico","tag-doencas-respiratorias","tag-iema","tag-po-preto","tag-vale"],"yoast_head":"<!-- This site is optimized with the Yoast SEO plugin v26.5 - https:\/\/yoast.com\/wordpress\/plugins\/seo\/ -->\n<title>Popula\u00e7\u00e3o reclama do p\u00f3 preto - Jornal Fatos e Not\u00edcias<\/title>\n<meta name=\"robots\" content=\"index, follow, max-snippet:-1, max-image-preview:large, max-video-preview:-1\" \/>\n<link rel=\"canonical\" href=\"https:\/\/jornalfatosenoticias.com.br\/index.php\/2023\/03\/16\/populacao-reclama-do-po-preto\/\" \/>\n<meta property=\"og:locale\" content=\"pt_BR\" \/>\n<meta property=\"og:type\" content=\"article\" \/>\n<meta property=\"og:title\" content=\"Popula\u00e7\u00e3o reclama do p\u00f3 preto - Jornal Fatos e Not\u00edcias\" \/>\n<meta property=\"og:description\" content=\"Em fun\u00e7\u00e3o dos ventos nordeste e do baixo \u00edndice pluviom\u00e9trico, nos \u00faltimos dias, aumentaram as reclama\u00e7\u00f5es da popula\u00e7\u00e3o sobre o \u201cP\u00f3 Preto\u201d. Atenta \u00e0s reivindica\u00e7\u00f5es, a ONG Juntos SOS denunciou o ocorrido ao Instituto de Meio Ambiente e Recursos H\u00eddricos (Iema) atrav\u00e9s da den\u00fancia 106\/2023.Nos \u00faltimos dias a quantidade de poeira sediment\u00e1vel que est\u00e1 chegando [&hellip;]\" \/>\n<meta property=\"og:url\" content=\"https:\/\/jornalfatosenoticias.com.br\/index.php\/2023\/03\/16\/populacao-reclama-do-po-preto\/\" \/>\n<meta property=\"og:site_name\" content=\"Jornal Fatos e Not\u00edcias\" \/>\n<meta property=\"article:published_time\" content=\"2023-03-16T13:52:47+00:00\" \/>\n<meta property=\"article:modified_time\" content=\"2023-03-16T13:52:51+00:00\" \/>\n<meta property=\"og:image\" content=\"https:\/\/jornalfatosenoticias.com.br\/wp-content\/uploads\/2023\/03\/po-preto.jpg\" \/>\n\t<meta property=\"og:image:width\" content=\"1000\" \/>\n\t<meta property=\"og:image:height\" content=\"750\" \/>\n\t<meta property=\"og:image:type\" content=\"image\/jpeg\" \/>\n<meta name=\"author\" content=\"Eraylton Moreschi\" \/>\n<meta name=\"twitter:card\" content=\"summary_large_image\" \/>\n<meta name=\"twitter:label1\" content=\"Escrito por\" \/>\n\t<meta name=\"twitter:data1\" content=\"Eraylton Moreschi\" \/>\n\t<meta name=\"twitter:label2\" content=\"Est. tempo de leitura\" \/>\n\t<meta name=\"twitter:data2\" content=\"3 minutos\" \/>\n<script type=\"application\/ld+json\" class=\"yoast-schema-graph\">{\"@context\":\"https:\/\/schema.org\",\"@graph\":[{\"@type\":\"Article\",\"@id\":\"https:\/\/jornalfatosenoticias.com.br\/index.php\/2023\/03\/16\/populacao-reclama-do-po-preto\/#article\",\"isPartOf\":{\"@id\":\"https:\/\/jornalfatosenoticias.com.br\/index.php\/2023\/03\/16\/populacao-reclama-do-po-preto\/\"},\"author\":{\"name\":\"Eraylton Moreschi\",\"@id\":\"https:\/\/jornalfatosenoticias.com.br\/#\/schema\/person\/c7b0b67d6e4b0261e455c6caa62f64d8\"},\"headline\":\"Popula\u00e7\u00e3o reclama do p\u00f3 preto\",\"datePublished\":\"2023-03-16T13:52:47+00:00\",\"dateModified\":\"2023-03-16T13:52:51+00:00\",\"mainEntityOfPage\":{\"@id\":\"https:\/\/jornalfatosenoticias.com.br\/index.php\/2023\/03\/16\/populacao-reclama-do-po-preto\/\"},\"wordCount\":636,\"commentCount\":0,\"publisher\":{\"@id\":\"https:\/\/jornalfatosenoticias.com.br\/#organization\"},\"image\":{\"@id\":\"https:\/\/jornalfatosenoticias.com.br\/index.php\/2023\/03\/16\/populacao-reclama-do-po-preto\/#primaryimage\"},\"thumbnailUrl\":\"https:\/\/jornalfatosenoticias.com.br\/wp-content\/uploads\/2023\/03\/po-preto.jpg\",\"keywords\":[\"ArcelorMittal\",\"baixo \u00edndice pluviom\u00e9trico\",\"doen\u00e7as respirat\u00f3rias\",\"Iema\",\"p\u00f3 preto\",\"Vale\"],\"articleSection\":[\"Meio ambiente\"],\"inLanguage\":\"pt-BR\",\"potentialAction\":[{\"@type\":\"CommentAction\",\"name\":\"Comment\",\"target\":[\"https:\/\/jornalfatosenoticias.com.br\/index.php\/2023\/03\/16\/populacao-reclama-do-po-preto\/#respond\"]}]},{\"@type\":\"WebPage\",\"@id\":\"https:\/\/jornalfatosenoticias.com.br\/index.php\/2023\/03\/16\/populacao-reclama-do-po-preto\/\",\"url\":\"https:\/\/jornalfatosenoticias.com.br\/index.php\/2023\/03\/16\/populacao-reclama-do-po-preto\/\",\"name\":\"Popula\u00e7\u00e3o reclama do p\u00f3 preto - Jornal Fatos e Not\u00edcias\",\"isPartOf\":{\"@id\":\"https:\/\/jornalfatosenoticias.com.br\/#website\"},\"primaryImageOfPage\":{\"@id\":\"https:\/\/jornalfatosenoticias.com.br\/index.php\/2023\/03\/16\/populacao-reclama-do-po-preto\/#primaryimage\"},\"image\":{\"@id\":\"https:\/\/jornalfatosenoticias.com.br\/index.php\/2023\/03\/16\/populacao-reclama-do-po-preto\/#primaryimage\"},\"thumbnailUrl\":\"https:\/\/jornalfatosenoticias.com.br\/wp-content\/uploads\/2023\/03\/po-preto.jpg\",\"datePublished\":\"2023-03-16T13:52:47+00:00\",\"dateModified\":\"2023-03-16T13:52:51+00:00\",\"breadcrumb\":{\"@id\":\"https:\/\/jornalfatosenoticias.com.br\/index.php\/2023\/03\/16\/populacao-reclama-do-po-preto\/#breadcrumb\"},\"inLanguage\":\"pt-BR\",\"potentialAction\":[{\"@type\":\"ReadAction\",\"target\":[\"https:\/\/jornalfatosenoticias.com.br\/index.php\/2023\/03\/16\/populacao-reclama-do-po-preto\/\"]}]},{\"@type\":\"ImageObject\",\"inLanguage\":\"pt-BR\",\"@id\":\"https:\/\/jornalfatosenoticias.com.br\/index.php\/2023\/03\/16\/populacao-reclama-do-po-preto\/#primaryimage\",\"url\":\"https:\/\/jornalfatosenoticias.com.br\/wp-content\/uploads\/2023\/03\/po-preto.jpg\",\"contentUrl\":\"https:\/\/jornalfatosenoticias.com.br\/wp-content\/uploads\/2023\/03\/po-preto.jpg\",\"width\":1000,\"height\":750},{\"@type\":\"BreadcrumbList\",\"@id\":\"https:\/\/jornalfatosenoticias.com.br\/index.php\/2023\/03\/16\/populacao-reclama-do-po-preto\/#breadcrumb\",\"itemListElement\":[{\"@type\":\"ListItem\",\"position\":1,\"name\":\"In\u00edcio\",\"item\":\"https:\/\/jornalfatosenoticias.com.br\/\"},{\"@type\":\"ListItem\",\"position\":2,\"name\":\"Popula\u00e7\u00e3o reclama do p\u00f3 preto\"}]},{\"@type\":\"WebSite\",\"@id\":\"https:\/\/jornalfatosenoticias.com.br\/#website\",\"url\":\"https:\/\/jornalfatosenoticias.com.br\/\",\"name\":\"Jornal Fatos e Not\u00edcias\",\"description\":\"Not\u00edcias em geral\",\"publisher\":{\"@id\":\"https:\/\/jornalfatosenoticias.com.br\/#organization\"},\"potentialAction\":[{\"@type\":\"SearchAction\",\"target\":{\"@type\":\"EntryPoint\",\"urlTemplate\":\"https:\/\/jornalfatosenoticias.com.br\/?s={search_term_string}\"},\"query-input\":{\"@type\":\"PropertyValueSpecification\",\"valueRequired\":true,\"valueName\":\"search_term_string\"}}],\"inLanguage\":\"pt-BR\"},{\"@type\":\"Organization\",\"@id\":\"https:\/\/jornalfatosenoticias.com.br\/#organization\",\"name\":\"Jornal Fatos e Not\u00edcias\",\"url\":\"https:\/\/jornalfatosenoticias.com.br\/\",\"logo\":{\"@type\":\"ImageObject\",\"inLanguage\":\"pt-BR\",\"@id\":\"https:\/\/jornalfatosenoticias.com.br\/#\/schema\/logo\/image\/\",\"url\":\"https:\/\/jornalfatosenoticias.com.br\/wp-content\/uploads\/2020\/02\/logo120.png\",\"contentUrl\":\"https:\/\/jornalfatosenoticias.com.br\/wp-content\/uploads\/2020\/02\/logo120.png\",\"width\":1227,\"height\":120,\"caption\":\"Jornal Fatos e Not\u00edcias\"},\"image\":{\"@id\":\"https:\/\/jornalfatosenoticias.com.br\/#\/schema\/logo\/image\/\"}},{\"@type\":\"Person\",\"@id\":\"https:\/\/jornalfatosenoticias.com.br\/#\/schema\/person\/c7b0b67d6e4b0261e455c6caa62f64d8\",\"name\":\"Eraylton Moreschi\",\"image\":{\"@type\":\"ImageObject\",\"inLanguage\":\"pt-BR\",\"@id\":\"https:\/\/jornalfatosenoticias.com.br\/#\/schema\/person\/image\/\",\"url\":\"https:\/\/jornalfatosenoticias.com.br\/wp-content\/uploads\/2023\/03\/moreschi-removebg-preview-150x150.png\",\"contentUrl\":\"https:\/\/jornalfatosenoticias.com.br\/wp-content\/uploads\/2023\/03\/moreschi-removebg-preview-150x150.png\",\"caption\":\"Eraylton Moreschi\"},\"description\":\"Presidente da ONG Juntos SOS Esp\u00edrito Santo Ambiental\",\"url\":\"https:\/\/jornalfatosenoticias.com.br\/index.php\/author\/eraylton-moreschi\/\"}]}<\/script>\n<!-- \/ Yoast SEO plugin. -->","yoast_head_json":{"title":"Popula\u00e7\u00e3o reclama do p\u00f3 preto - Jornal Fatos e Not\u00edcias","robots":{"index":"index","follow":"follow","max-snippet":"max-snippet:-1","max-image-preview":"max-image-preview:large","max-video-preview":"max-video-preview:-1"},"canonical":"https:\/\/jornalfatosenoticias.com.br\/index.php\/2023\/03\/16\/populacao-reclama-do-po-preto\/","og_locale":"pt_BR","og_type":"article","og_title":"Popula\u00e7\u00e3o reclama do p\u00f3 preto - Jornal Fatos e Not\u00edcias","og_description":"Em fun\u00e7\u00e3o dos ventos nordeste e do baixo \u00edndice pluviom\u00e9trico, nos \u00faltimos dias, aumentaram as reclama\u00e7\u00f5es da popula\u00e7\u00e3o sobre o \u201cP\u00f3 Preto\u201d. Atenta \u00e0s reivindica\u00e7\u00f5es, a ONG Juntos SOS denunciou o ocorrido ao Instituto de Meio Ambiente e Recursos H\u00eddricos (Iema) atrav\u00e9s da den\u00fancia 106\/2023.Nos \u00faltimos dias a quantidade de poeira sediment\u00e1vel que est\u00e1 chegando [&hellip;]","og_url":"https:\/\/jornalfatosenoticias.com.br\/index.php\/2023\/03\/16\/populacao-reclama-do-po-preto\/","og_site_name":"Jornal Fatos e Not\u00edcias","article_published_time":"2023-03-16T13:52:47+00:00","article_modified_time":"2023-03-16T13:52:51+00:00","og_image":[{"width":1000,"height":750,"url":"https:\/\/jornalfatosenoticias.com.br\/wp-content\/uploads\/2023\/03\/po-preto.jpg","type":"image\/jpeg"}],"author":"Eraylton Moreschi","twitter_card":"summary_large_image","twitter_misc":{"Escrito por":"Eraylton Moreschi","Est. tempo de leitura":"3 minutos"},"schema":{"@context":"https:\/\/schema.org","@graph":[{"@type":"Article","@id":"https:\/\/jornalfatosenoticias.com.br\/index.php\/2023\/03\/16\/populacao-reclama-do-po-preto\/#article","isPartOf":{"@id":"https:\/\/jornalfatosenoticias.com.br\/index.php\/2023\/03\/16\/populacao-reclama-do-po-preto\/"},"author":{"name":"Eraylton Moreschi","@id":"https:\/\/jornalfatosenoticias.com.br\/#\/schema\/person\/c7b0b67d6e4b0261e455c6caa62f64d8"},"headline":"Popula\u00e7\u00e3o reclama do p\u00f3 preto","datePublished":"2023-03-16T13:52:47+00:00","dateModified":"2023-03-16T13:52:51+00:00","mainEntityOfPage":{"@id":"https:\/\/jornalfatosenoticias.com.br\/index.php\/2023\/03\/16\/populacao-reclama-do-po-preto\/"},"wordCount":636,"commentCount":0,"publisher":{"@id":"https:\/\/jornalfatosenoticias.com.br\/#organization"},"image":{"@id":"https:\/\/jornalfatosenoticias.com.br\/index.php\/2023\/03\/16\/populacao-reclama-do-po-preto\/#primaryimage"},"thumbnailUrl":"https:\/\/jornalfatosenoticias.com.br\/wp-content\/uploads\/2023\/03\/po-preto.jpg","keywords":["ArcelorMittal","baixo \u00edndice pluviom\u00e9trico","doen\u00e7as respirat\u00f3rias","Iema","p\u00f3 preto","Vale"],"articleSection":["Meio ambiente"],"inLanguage":"pt-BR","potentialAction":[{"@type":"CommentAction","name":"Comment","target":["https:\/\/jornalfatosenoticias.com.br\/index.php\/2023\/03\/16\/populacao-reclama-do-po-preto\/#respond"]}]},{"@type":"WebPage","@id":"https:\/\/jornalfatosenoticias.com.br\/index.php\/2023\/03\/16\/populacao-reclama-do-po-preto\/","url":"https:\/\/jornalfatosenoticias.com.br\/index.php\/2023\/03\/16\/populacao-reclama-do-po-preto\/","name":"Popula\u00e7\u00e3o reclama do p\u00f3 preto - Jornal Fatos e Not\u00edcias","isPartOf":{"@id":"https:\/\/jornalfatosenoticias.com.br\/#website"},"primaryImageOfPage":{"@id":"https:\/\/jornalfatosenoticias.com.br\/index.php\/2023\/03\/16\/populacao-reclama-do-po-preto\/#primaryimage"},"image":{"@id":"https:\/\/jornalfatosenoticias.com.br\/index.php\/2023\/03\/16\/populacao-reclama-do-po-preto\/#primaryimage"},"thumbnailUrl":"https:\/\/jornalfatosenoticias.com.br\/wp-content\/uploads\/2023\/03\/po-preto.jpg","datePublished":"2023-03-16T13:52:47+00:00","dateModified":"2023-03-16T13:52:51+00:00","breadcrumb":{"@id":"https:\/\/jornalfatosenoticias.com.br\/index.php\/2023\/03\/16\/populacao-reclama-do-po-preto\/#breadcrumb"},"inLanguage":"pt-BR","potentialAction":[{"@type":"ReadAction","target":["https:\/\/jornalfatosenoticias.com.br\/index.php\/2023\/03\/16\/populacao-reclama-do-po-preto\/"]}]},{"@type":"ImageObject","inLanguage":"pt-BR","@id":"https:\/\/jornalfatosenoticias.com.br\/index.php\/2023\/03\/16\/populacao-reclama-do-po-preto\/#primaryimage","url":"https:\/\/jornalfatosenoticias.com.br\/wp-content\/uploads\/2023\/03\/po-preto.jpg","contentUrl":"https:\/\/jornalfatosenoticias.com.br\/wp-content\/uploads\/2023\/03\/po-preto.jpg","width":1000,"height":750},{"@type":"BreadcrumbList","@id":"https:\/\/jornalfatosenoticias.com.br\/index.php\/2023\/03\/16\/populacao-reclama-do-po-preto\/#breadcrumb","itemListElement":[{"@type":"ListItem","position":1,"name":"In\u00edcio","item":"https:\/\/jornalfatosenoticias.com.br\/"},{"@type":"ListItem","position":2,"name":"Popula\u00e7\u00e3o reclama do p\u00f3 preto"}]},{"@type":"WebSite","@id":"https:\/\/jornalfatosenoticias.com.br\/#website","url":"https:\/\/jornalfatosenoticias.com.br\/","name":"Jornal Fatos e Not\u00edcias","description":"Not\u00edcias em geral","publisher":{"@id":"https:\/\/jornalfatosenoticias.com.br\/#organization"},"potentialAction":[{"@type":"SearchAction","target":{"@type":"EntryPoint","urlTemplate":"https:\/\/jornalfatosenoticias.com.br\/?s={search_term_string}"},"query-input":{"@type":"PropertyValueSpecification","valueRequired":true,"valueName":"search_term_string"}}],"inLanguage":"pt-BR"},{"@type":"Organization","@id":"https:\/\/jornalfatosenoticias.com.br\/#organization","name":"Jornal Fatos e Not\u00edcias","url":"https:\/\/jornalfatosenoticias.com.br\/","logo":{"@type":"ImageObject","inLanguage":"pt-BR","@id":"https:\/\/jornalfatosenoticias.com.br\/#\/schema\/logo\/image\/","url":"https:\/\/jornalfatosenoticias.com.br\/wp-content\/uploads\/2020\/02\/logo120.png","contentUrl":"https:\/\/jornalfatosenoticias.com.br\/wp-content\/uploads\/2020\/02\/logo120.png","width":1227,"height":120,"caption":"Jornal Fatos e Not\u00edcias"},"image":{"@id":"https:\/\/jornalfatosenoticias.com.br\/#\/schema\/logo\/image\/"}},{"@type":"Person","@id":"https:\/\/jornalfatosenoticias.com.br\/#\/schema\/person\/c7b0b67d6e4b0261e455c6caa62f64d8","name":"Eraylton Moreschi","image":{"@type":"ImageObject","inLanguage":"pt-BR","@id":"https:\/\/jornalfatosenoticias.com.br\/#\/schema\/person\/image\/","url":"https:\/\/jornalfatosenoticias.com.br\/wp-content\/uploads\/2023\/03\/moreschi-removebg-preview-150x150.png","contentUrl":"https:\/\/jornalfatosenoticias.com.br\/wp-content\/uploads\/2023\/03\/moreschi-removebg-preview-150x150.png","caption":"Eraylton Moreschi"},"description":"Presidente da ONG Juntos SOS Esp\u00edrito Santo Ambiental","url":"https:\/\/jornalfatosenoticias.com.br\/index.php\/author\/eraylton-moreschi\/"}]}},"cc_featured_image_caption":{"caption_text":"P\u00f3 preto (Foto: Arquivo Pessoal) ","source_text":"","source_url":""},"jetpack_featured_media_url":"https:\/\/jornalfatosenoticias.com.br\/wp-content\/uploads\/2023\/03\/po-preto.jpg","_links":{"self":[{"href":"https:\/\/jornalfatosenoticias.com.br\/index.php\/wp-json\/wp\/v2\/posts\/39685","targetHints":{"allow":["GET"]}}],"collection":[{"href":"https:\/\/jornalfatosenoticias.com.br\/index.php\/wp-json\/wp\/v2\/posts"}],"about":[{"href":"https:\/\/jornalfatosenoticias.com.br\/index.php\/wp-json\/wp\/v2\/types\/post"}],"author":[{"embeddable":true,"href":"https:\/\/jornalfatosenoticias.com.br\/index.php\/wp-json\/wp\/v2\/users\/28"}],"replies":[{"embeddable":true,"href":"https:\/\/jornalfatosenoticias.com.br\/index.php\/wp-json\/wp\/v2\/comments?post=39685"}],"version-history":[{"count":0,"href":"https:\/\/jornalfatosenoticias.com.br\/index.php\/wp-json\/wp\/v2\/posts\/39685\/revisions"}],"wp:featuredmedia":[{"embeddable":true,"href":"https:\/\/jornalfatosenoticias.com.br\/index.php\/wp-json\/wp\/v2\/media\/39687"}],"wp:attachment":[{"href":"https:\/\/jornalfatosenoticias.com.br\/index.php\/wp-json\/wp\/v2\/media?parent=39685"}],"wp:term":[{"taxonomy":"category","embeddable":true,"href":"https:\/\/jornalfatosenoticias.com.br\/index.php\/wp-json\/wp\/v2\/categories?post=39685"},{"taxonomy":"post_tag","embeddable":true,"href":"https:\/\/jornalfatosenoticias.com.br\/index.php\/wp-json\/wp\/v2\/tags?post=39685"}],"curies":[{"name":"wp","href":"https:\/\/api.w.org\/{rel}","templated":true}]}}