{"id":39707,"date":"2023-03-16T12:01:09","date_gmt":"2023-03-16T15:01:09","guid":{"rendered":"https:\/\/jornalfatosenoticias.com.br\/?p=39707"},"modified":"2023-03-16T12:01:10","modified_gmt":"2023-03-16T15:01:10","slug":"cancer-e-a-principal-causa-de-morte-em-criancas-no-brasil","status":"publish","type":"post","link":"https:\/\/jornalfatosenoticias.com.br\/index.php\/2023\/03\/16\/cancer-e-a-principal-causa-de-morte-em-criancas-no-brasil\/","title":{"rendered":"C\u00e2ncer \u00e9 a principal causa de morte em crian\u00e7as no Brasil"},"content":{"rendered":"\n<p><em><span class=\"has-inline-color has-black-color\">2.280 pessoas de zero a 19 anos morreram em decorr\u00eancia da doen\u00e7a em 2020<\/span><\/em><\/p>\n\n\n\n<div class=\"wp-block-image\"><figure class=\"aligncenter size-large\"><img loading=\"lazy\" decoding=\"async\" width=\"729\" height=\"90\" src=\"https:\/\/jornalfatosenoticias.com.br\/wp-content\/uploads\/2020\/02\/Logo_Mizu.png\" alt=\"\" class=\"wp-image-1441\" srcset=\"https:\/\/jornalfatosenoticias.com.br\/wp-content\/uploads\/2020\/02\/Logo_Mizu.png 729w, https:\/\/jornalfatosenoticias.com.br\/wp-content\/uploads\/2020\/02\/Logo_Mizu-300x37.png 300w\" sizes=\"auto, (max-width: 729px) 100vw, 729px\" \/><\/figure><\/div>\n\n\n\n<p>O c\u00e2ncer infantil \u00e9 a principal causa de morte por doen\u00e7a em crian\u00e7as e a segunda causa de \u00f3bito em geral, ficando s\u00f3 atr\u00e1s de mortes causadas por acidentes. De acordo com o Instituto Nacional do C\u00e2ncer (Inca), no tri\u00eanio 2023-2024-2025, devem ser registrados, a cada ano, 7.930 novos casos de c\u00e2ncer em crian\u00e7as e jovens de zero a 19 anos de idade.<\/p>\n\n\n\n<div class=\"wp-block-image\"><figure class=\"aligncenter size-large is-resized\"><img loading=\"lazy\" decoding=\"async\" src=\"https:\/\/jornalfatosenoticias.com.br\/wp-content\/uploads\/2020\/02\/logo-embacia.jpg\" alt=\"\" class=\"wp-image-33905\" width=\"268\" height=\"268\"\/><\/figure><\/div>\n\n\n\n<p>Entre os tipos mais comuns de c\u00e2ncer infantojuvenil, est\u00e3o: leucemia, linfoma e tumores do sistema nervoso central. Os sinais s\u00e3o diversos e devem ser acompanhados por profissionais da Sa\u00fade. No geral, segundo m\u00e9dicos, a aten\u00e7\u00e3o dos pais deve estar sempre em constante atividade. Podem ser sinais de tumores em crian\u00e7as uma febre prolongada por mais de sete dias sem causa aparente, dor \u00f3ssea, anemia e manchas roxas no corpo.<\/p>\n\n\n\n<div class=\"wp-block-image\"><figure class=\"aligncenter size-large\"><img loading=\"lazy\" decoding=\"async\" width=\"1024\" height=\"111\" src=\"https:\/\/jornalfatosenoticias.com.br\/wp-content\/uploads\/2020\/02\/WhatsApp-Image-2022-09-23-at-12.09.18-1024x111.jpeg\" alt=\"\" class=\"wp-image-34527\" srcset=\"https:\/\/jornalfatosenoticias.com.br\/wp-content\/uploads\/2020\/02\/WhatsApp-Image-2022-09-23-at-12.09.18-1024x111.jpeg 1024w, https:\/\/jornalfatosenoticias.com.br\/wp-content\/uploads\/2020\/02\/WhatsApp-Image-2022-09-23-at-12.09.18-300x32.jpeg 300w, https:\/\/jornalfatosenoticias.com.br\/wp-content\/uploads\/2020\/02\/WhatsApp-Image-2022-09-23-at-12.09.18-768x83.jpeg 768w, https:\/\/jornalfatosenoticias.com.br\/wp-content\/uploads\/2020\/02\/WhatsApp-Image-2022-09-23-at-12.09.18.jpeg 1121w\" sizes=\"auto, (max-width: 1024px) 100vw, 1024px\" \/><\/figure><\/div>\n\n\n\n<p>Quando a crian\u00e7a apresenta dor de cabe\u00e7a que leva a crian\u00e7a a acordar \u00e0 noite, seguida de v\u00f4mito, altera\u00e7\u00f5es neurol\u00f3gicas como perda de equil\u00edbrio e massas no corpo, tamb\u00e9m pode ser sinal de tumor. No Inca, para cada tipo de c\u00e2ncer, os oncologistas atuam para identificar a biologia da doen\u00e7a, com atua\u00e7\u00f5es que visam direcionar um tratamento espec\u00edfico que possa levar \u00e0 chance de cura com menos efeitos ao longo prazo.<\/p>\n\n\n\n<div class=\"wp-block-image\"><figure class=\"aligncenter size-large\"><img loading=\"lazy\" decoding=\"async\" width=\"300\" height=\"222\" src=\"https:\/\/jornalfatosenoticias.com.br\/wp-content\/uploads\/2023\/03\/logo_Juliana-Graca.jpg\" alt=\"\" class=\"wp-image-39283\"\/><\/figure><\/div>\n\n\n\n<p><strong><em>Fonte: <a href=\"https:\/\/www.conexaopolitica.com.br\/saude\/2023\/02\/20\/cancer-e-a-principal-causa-de-morte-em-criancas-no-brasil\/\">Conex\u00e3o Pol\u00edtica<\/a><\/em><\/strong><\/p>\n","protected":false},"excerpt":{"rendered":"<p>2.280 pessoas de zero a 19 anos morreram em decorr\u00eancia da doen\u00e7a em 2020 O c\u00e2ncer infantil \u00e9 a principal causa de morte por doen\u00e7a em crian\u00e7as e a segunda causa de \u00f3bito em geral, ficando s\u00f3 atr\u00e1s de mortes causadas por acidentes. De acordo com o Instituto Nacional do C\u00e2ncer (Inca), no tri\u00eanio 2023-2024-2025, [&hellip;]<\/p>\n","protected":false},"author":2,"featured_media":39709,"comment_status":"open","ping_status":"open","sticky":false,"template":"","format":"standard","meta":{"footnotes":""},"categories":[11],"tags":[6440,597,642,1361,670,1440,18576,18577,1123,5585,7311,18578,11337,18579,1129],"class_list":["post-39707","post","type-post","status-publish","format-standard","has-post-thumbnail","hentry","category-saude","tag-anemia","tag-brasil","tag-cancer","tag-cancer-infantil","tag-criancas","tag-desafios","tag-dilemas","tag-dor-ossea","tag-inca","tag-leucemia","tag-linfoma","tag-manchas-roxas","tag-primeira-infancia","tag-saude-infantil","tag-tumores"],"yoast_head":"<!-- This site is optimized with the Yoast SEO plugin v26.5 - https:\/\/yoast.com\/wordpress\/plugins\/seo\/ -->\n<title>C\u00e2ncer \u00e9 a principal causa de morte em crian\u00e7as no Brasil - Jornal Fatos e Not\u00edcias<\/title>\n<meta name=\"robots\" content=\"index, follow, max-snippet:-1, max-image-preview:large, max-video-preview:-1\" \/>\n<link rel=\"canonical\" href=\"https:\/\/jornalfatosenoticias.com.br\/index.php\/2023\/03\/16\/cancer-e-a-principal-causa-de-morte-em-criancas-no-brasil\/\" \/>\n<meta property=\"og:locale\" content=\"pt_BR\" \/>\n<meta property=\"og:type\" content=\"article\" \/>\n<meta property=\"og:title\" content=\"C\u00e2ncer \u00e9 a principal causa de morte em crian\u00e7as no Brasil - Jornal Fatos e Not\u00edcias\" \/>\n<meta property=\"og:description\" content=\"2.280 pessoas de zero a 19 anos morreram em decorr\u00eancia da doen\u00e7a em 2020 O c\u00e2ncer infantil \u00e9 a principal causa de morte por doen\u00e7a em crian\u00e7as e a segunda causa de \u00f3bito em geral, ficando s\u00f3 atr\u00e1s de mortes causadas por acidentes. De acordo com o Instituto Nacional do C\u00e2ncer (Inca), no tri\u00eanio 2023-2024-2025, [&hellip;]\" \/>\n<meta property=\"og:url\" content=\"https:\/\/jornalfatosenoticias.com.br\/index.php\/2023\/03\/16\/cancer-e-a-principal-causa-de-morte-em-criancas-no-brasil\/\" \/>\n<meta property=\"og:site_name\" content=\"Jornal Fatos e Not\u00edcias\" \/>\n<meta property=\"article:published_time\" content=\"2023-03-16T15:01:09+00:00\" \/>\n<meta property=\"article:modified_time\" content=\"2023-03-16T15:01:10+00:00\" \/>\n<meta property=\"og:image\" content=\"https:\/\/jornalfatosenoticias.com.br\/wp-content\/uploads\/2023\/03\/CANCER-INFANTIL.jpg\" \/>\n\t<meta property=\"og:image:width\" content=\"1000\" \/>\n\t<meta property=\"og:image:height\" content=\"710\" \/>\n\t<meta property=\"og:image:type\" content=\"image\/jpeg\" \/>\n<meta name=\"author\" content=\"Luzimara Fernandes\" \/>\n<meta name=\"twitter:card\" content=\"summary_large_image\" \/>\n<meta name=\"twitter:label1\" content=\"Escrito por\" \/>\n\t<meta name=\"twitter:data1\" content=\"Luzimara Fernandes\" \/>\n\t<meta name=\"twitter:label2\" content=\"Est. tempo de leitura\" \/>\n\t<meta name=\"twitter:data2\" content=\"1 minuto\" \/>\n<script type=\"application\/ld+json\" class=\"yoast-schema-graph\">{\"@context\":\"https:\/\/schema.org\",\"@graph\":[{\"@type\":\"Article\",\"@id\":\"https:\/\/jornalfatosenoticias.com.br\/index.php\/2023\/03\/16\/cancer-e-a-principal-causa-de-morte-em-criancas-no-brasil\/#article\",\"isPartOf\":{\"@id\":\"https:\/\/jornalfatosenoticias.com.br\/index.php\/2023\/03\/16\/cancer-e-a-principal-causa-de-morte-em-criancas-no-brasil\/\"},\"author\":{\"name\":\"Luzimara Fernandes\",\"@id\":\"https:\/\/jornalfatosenoticias.com.br\/#\/schema\/person\/d63837fa13ac8666eb9e74e0985d6f81\"},\"headline\":\"C\u00e2ncer \u00e9 a principal causa de morte em crian\u00e7as no Brasil\",\"datePublished\":\"2023-03-16T15:01:09+00:00\",\"dateModified\":\"2023-03-16T15:01:10+00:00\",\"mainEntityOfPage\":{\"@id\":\"https:\/\/jornalfatosenoticias.com.br\/index.php\/2023\/03\/16\/cancer-e-a-principal-causa-de-morte-em-criancas-no-brasil\/\"},\"wordCount\":256,\"commentCount\":0,\"publisher\":{\"@id\":\"https:\/\/jornalfatosenoticias.com.br\/#organization\"},\"image\":{\"@id\":\"https:\/\/jornalfatosenoticias.com.br\/index.php\/2023\/03\/16\/cancer-e-a-principal-causa-de-morte-em-criancas-no-brasil\/#primaryimage\"},\"thumbnailUrl\":\"https:\/\/jornalfatosenoticias.com.br\/wp-content\/uploads\/2023\/03\/CANCER-INFANTIL.jpg\",\"keywords\":[\"anemia\",\"Brasil\",\"c\u00e2ncer\",\"c\u00e2ncer infantil\",\"crian\u00e7as\",\"desafios\",\"dilemas\",\"dor \u00f3ssea\",\"Inca\",\"leucemia\",\"linfoma\",\"manchas roxas\",\"primeira inf\u00e2ncia\",\"sa\u00fade infantil\",\"tumores\"],\"articleSection\":[\"Sa\u00fade\"],\"inLanguage\":\"pt-BR\",\"potentialAction\":[{\"@type\":\"CommentAction\",\"name\":\"Comment\",\"target\":[\"https:\/\/jornalfatosenoticias.com.br\/index.php\/2023\/03\/16\/cancer-e-a-principal-causa-de-morte-em-criancas-no-brasil\/#respond\"]}]},{\"@type\":\"WebPage\",\"@id\":\"https:\/\/jornalfatosenoticias.com.br\/index.php\/2023\/03\/16\/cancer-e-a-principal-causa-de-morte-em-criancas-no-brasil\/\",\"url\":\"https:\/\/jornalfatosenoticias.com.br\/index.php\/2023\/03\/16\/cancer-e-a-principal-causa-de-morte-em-criancas-no-brasil\/\",\"name\":\"C\u00e2ncer \u00e9 a principal causa de morte em crian\u00e7as no Brasil - Jornal Fatos e Not\u00edcias\",\"isPartOf\":{\"@id\":\"https:\/\/jornalfatosenoticias.com.br\/#website\"},\"primaryImageOfPage\":{\"@id\":\"https:\/\/jornalfatosenoticias.com.br\/index.php\/2023\/03\/16\/cancer-e-a-principal-causa-de-morte-em-criancas-no-brasil\/#primaryimage\"},\"image\":{\"@id\":\"https:\/\/jornalfatosenoticias.com.br\/index.php\/2023\/03\/16\/cancer-e-a-principal-causa-de-morte-em-criancas-no-brasil\/#primaryimage\"},\"thumbnailUrl\":\"https:\/\/jornalfatosenoticias.com.br\/wp-content\/uploads\/2023\/03\/CANCER-INFANTIL.jpg\",\"datePublished\":\"2023-03-16T15:01:09+00:00\",\"dateModified\":\"2023-03-16T15:01:10+00:00\",\"breadcrumb\":{\"@id\":\"https:\/\/jornalfatosenoticias.com.br\/index.php\/2023\/03\/16\/cancer-e-a-principal-causa-de-morte-em-criancas-no-brasil\/#breadcrumb\"},\"inLanguage\":\"pt-BR\",\"potentialAction\":[{\"@type\":\"ReadAction\",\"target\":[\"https:\/\/jornalfatosenoticias.com.br\/index.php\/2023\/03\/16\/cancer-e-a-principal-causa-de-morte-em-criancas-no-brasil\/\"]}]},{\"@type\":\"ImageObject\",\"inLanguage\":\"pt-BR\",\"@id\":\"https:\/\/jornalfatosenoticias.com.br\/index.php\/2023\/03\/16\/cancer-e-a-principal-causa-de-morte-em-criancas-no-brasil\/#primaryimage\",\"url\":\"https:\/\/jornalfatosenoticias.com.br\/wp-content\/uploads\/2023\/03\/CANCER-INFANTIL.jpg\",\"contentUrl\":\"https:\/\/jornalfatosenoticias.com.br\/wp-content\/uploads\/2023\/03\/CANCER-INFANTIL.jpg\",\"width\":1000,\"height\":710},{\"@type\":\"BreadcrumbList\",\"@id\":\"https:\/\/jornalfatosenoticias.com.br\/index.php\/2023\/03\/16\/cancer-e-a-principal-causa-de-morte-em-criancas-no-brasil\/#breadcrumb\",\"itemListElement\":[{\"@type\":\"ListItem\",\"position\":1,\"name\":\"In\u00edcio\",\"item\":\"https:\/\/jornalfatosenoticias.com.br\/\"},{\"@type\":\"ListItem\",\"position\":2,\"name\":\"C\u00e2ncer \u00e9 a principal causa de morte em crian\u00e7as no Brasil\"}]},{\"@type\":\"WebSite\",\"@id\":\"https:\/\/jornalfatosenoticias.com.br\/#website\",\"url\":\"https:\/\/jornalfatosenoticias.com.br\/\",\"name\":\"Jornal Fatos e Not\u00edcias\",\"description\":\"Not\u00edcias em geral\",\"publisher\":{\"@id\":\"https:\/\/jornalfatosenoticias.com.br\/#organization\"},\"potentialAction\":[{\"@type\":\"SearchAction\",\"target\":{\"@type\":\"EntryPoint\",\"urlTemplate\":\"https:\/\/jornalfatosenoticias.com.br\/?s={search_term_string}\"},\"query-input\":{\"@type\":\"PropertyValueSpecification\",\"valueRequired\":true,\"valueName\":\"search_term_string\"}}],\"inLanguage\":\"pt-BR\"},{\"@type\":\"Organization\",\"@id\":\"https:\/\/jornalfatosenoticias.com.br\/#organization\",\"name\":\"Jornal Fatos e Not\u00edcias\",\"url\":\"https:\/\/jornalfatosenoticias.com.br\/\",\"logo\":{\"@type\":\"ImageObject\",\"inLanguage\":\"pt-BR\",\"@id\":\"https:\/\/jornalfatosenoticias.com.br\/#\/schema\/logo\/image\/\",\"url\":\"https:\/\/jornalfatosenoticias.com.br\/wp-content\/uploads\/2020\/02\/logo120.png\",\"contentUrl\":\"https:\/\/jornalfatosenoticias.com.br\/wp-content\/uploads\/2020\/02\/logo120.png\",\"width\":1227,\"height\":120,\"caption\":\"Jornal Fatos e Not\u00edcias\"},\"image\":{\"@id\":\"https:\/\/jornalfatosenoticias.com.br\/#\/schema\/logo\/image\/\"}},{\"@type\":\"Person\",\"@id\":\"https:\/\/jornalfatosenoticias.com.br\/#\/schema\/person\/d63837fa13ac8666eb9e74e0985d6f81\",\"name\":\"Luzimara Fernandes\",\"image\":{\"@type\":\"ImageObject\",\"inLanguage\":\"pt-BR\",\"@id\":\"https:\/\/jornalfatosenoticias.com.br\/#\/schema\/person\/image\/\",\"url\":\"https:\/\/jornalfatosenoticias.com.br\/wp-content\/uploads\/2025\/05\/EU_portal.jpg\",\"contentUrl\":\"https:\/\/jornalfatosenoticias.com.br\/wp-content\/uploads\/2025\/05\/EU_portal.jpg\",\"caption\":\"Luzimara Fernandes\"},\"description\":\"Jornalista MTB 2358-ES\",\"sameAs\":[\"https:\/\/jornalfatosenoticias.com.br\"],\"url\":\"https:\/\/jornalfatosenoticias.com.br\/index.php\/author\/luzimara\/\"}]}<\/script>\n<!-- \/ Yoast SEO plugin. -->","yoast_head_json":{"title":"C\u00e2ncer \u00e9 a principal causa de morte em crian\u00e7as no Brasil - Jornal Fatos e Not\u00edcias","robots":{"index":"index","follow":"follow","max-snippet":"max-snippet:-1","max-image-preview":"max-image-preview:large","max-video-preview":"max-video-preview:-1"},"canonical":"https:\/\/jornalfatosenoticias.com.br\/index.php\/2023\/03\/16\/cancer-e-a-principal-causa-de-morte-em-criancas-no-brasil\/","og_locale":"pt_BR","og_type":"article","og_title":"C\u00e2ncer \u00e9 a principal causa de morte em crian\u00e7as no Brasil - Jornal Fatos e Not\u00edcias","og_description":"2.280 pessoas de zero a 19 anos morreram em decorr\u00eancia da doen\u00e7a em 2020 O c\u00e2ncer infantil \u00e9 a principal causa de morte por doen\u00e7a em crian\u00e7as e a segunda causa de \u00f3bito em geral, ficando s\u00f3 atr\u00e1s de mortes causadas por acidentes. De acordo com o Instituto Nacional do C\u00e2ncer (Inca), no tri\u00eanio 2023-2024-2025, [&hellip;]","og_url":"https:\/\/jornalfatosenoticias.com.br\/index.php\/2023\/03\/16\/cancer-e-a-principal-causa-de-morte-em-criancas-no-brasil\/","og_site_name":"Jornal Fatos e Not\u00edcias","article_published_time":"2023-03-16T15:01:09+00:00","article_modified_time":"2023-03-16T15:01:10+00:00","og_image":[{"width":1000,"height":710,"url":"https:\/\/jornalfatosenoticias.com.br\/wp-content\/uploads\/2023\/03\/CANCER-INFANTIL.jpg","type":"image\/jpeg"}],"author":"Luzimara Fernandes","twitter_card":"summary_large_image","twitter_misc":{"Escrito por":"Luzimara Fernandes","Est. tempo de leitura":"1 minuto"},"schema":{"@context":"https:\/\/schema.org","@graph":[{"@type":"Article","@id":"https:\/\/jornalfatosenoticias.com.br\/index.php\/2023\/03\/16\/cancer-e-a-principal-causa-de-morte-em-criancas-no-brasil\/#article","isPartOf":{"@id":"https:\/\/jornalfatosenoticias.com.br\/index.php\/2023\/03\/16\/cancer-e-a-principal-causa-de-morte-em-criancas-no-brasil\/"},"author":{"name":"Luzimara Fernandes","@id":"https:\/\/jornalfatosenoticias.com.br\/#\/schema\/person\/d63837fa13ac8666eb9e74e0985d6f81"},"headline":"C\u00e2ncer \u00e9 a principal causa de morte em crian\u00e7as no Brasil","datePublished":"2023-03-16T15:01:09+00:00","dateModified":"2023-03-16T15:01:10+00:00","mainEntityOfPage":{"@id":"https:\/\/jornalfatosenoticias.com.br\/index.php\/2023\/03\/16\/cancer-e-a-principal-causa-de-morte-em-criancas-no-brasil\/"},"wordCount":256,"commentCount":0,"publisher":{"@id":"https:\/\/jornalfatosenoticias.com.br\/#organization"},"image":{"@id":"https:\/\/jornalfatosenoticias.com.br\/index.php\/2023\/03\/16\/cancer-e-a-principal-causa-de-morte-em-criancas-no-brasil\/#primaryimage"},"thumbnailUrl":"https:\/\/jornalfatosenoticias.com.br\/wp-content\/uploads\/2023\/03\/CANCER-INFANTIL.jpg","keywords":["anemia","Brasil","c\u00e2ncer","c\u00e2ncer infantil","crian\u00e7as","desafios","dilemas","dor \u00f3ssea","Inca","leucemia","linfoma","manchas roxas","primeira inf\u00e2ncia","sa\u00fade infantil","tumores"],"articleSection":["Sa\u00fade"],"inLanguage":"pt-BR","potentialAction":[{"@type":"CommentAction","name":"Comment","target":["https:\/\/jornalfatosenoticias.com.br\/index.php\/2023\/03\/16\/cancer-e-a-principal-causa-de-morte-em-criancas-no-brasil\/#respond"]}]},{"@type":"WebPage","@id":"https:\/\/jornalfatosenoticias.com.br\/index.php\/2023\/03\/16\/cancer-e-a-principal-causa-de-morte-em-criancas-no-brasil\/","url":"https:\/\/jornalfatosenoticias.com.br\/index.php\/2023\/03\/16\/cancer-e-a-principal-causa-de-morte-em-criancas-no-brasil\/","name":"C\u00e2ncer \u00e9 a principal causa de morte em crian\u00e7as no Brasil - Jornal Fatos e Not\u00edcias","isPartOf":{"@id":"https:\/\/jornalfatosenoticias.com.br\/#website"},"primaryImageOfPage":{"@id":"https:\/\/jornalfatosenoticias.com.br\/index.php\/2023\/03\/16\/cancer-e-a-principal-causa-de-morte-em-criancas-no-brasil\/#primaryimage"},"image":{"@id":"https:\/\/jornalfatosenoticias.com.br\/index.php\/2023\/03\/16\/cancer-e-a-principal-causa-de-morte-em-criancas-no-brasil\/#primaryimage"},"thumbnailUrl":"https:\/\/jornalfatosenoticias.com.br\/wp-content\/uploads\/2023\/03\/CANCER-INFANTIL.jpg","datePublished":"2023-03-16T15:01:09+00:00","dateModified":"2023-03-16T15:01:10+00:00","breadcrumb":{"@id":"https:\/\/jornalfatosenoticias.com.br\/index.php\/2023\/03\/16\/cancer-e-a-principal-causa-de-morte-em-criancas-no-brasil\/#breadcrumb"},"inLanguage":"pt-BR","potentialAction":[{"@type":"ReadAction","target":["https:\/\/jornalfatosenoticias.com.br\/index.php\/2023\/03\/16\/cancer-e-a-principal-causa-de-morte-em-criancas-no-brasil\/"]}]},{"@type":"ImageObject","inLanguage":"pt-BR","@id":"https:\/\/jornalfatosenoticias.com.br\/index.php\/2023\/03\/16\/cancer-e-a-principal-causa-de-morte-em-criancas-no-brasil\/#primaryimage","url":"https:\/\/jornalfatosenoticias.com.br\/wp-content\/uploads\/2023\/03\/CANCER-INFANTIL.jpg","contentUrl":"https:\/\/jornalfatosenoticias.com.br\/wp-content\/uploads\/2023\/03\/CANCER-INFANTIL.jpg","width":1000,"height":710},{"@type":"BreadcrumbList","@id":"https:\/\/jornalfatosenoticias.com.br\/index.php\/2023\/03\/16\/cancer-e-a-principal-causa-de-morte-em-criancas-no-brasil\/#breadcrumb","itemListElement":[{"@type":"ListItem","position":1,"name":"In\u00edcio","item":"https:\/\/jornalfatosenoticias.com.br\/"},{"@type":"ListItem","position":2,"name":"C\u00e2ncer \u00e9 a principal causa de morte em crian\u00e7as no Brasil"}]},{"@type":"WebSite","@id":"https:\/\/jornalfatosenoticias.com.br\/#website","url":"https:\/\/jornalfatosenoticias.com.br\/","name":"Jornal Fatos e Not\u00edcias","description":"Not\u00edcias em geral","publisher":{"@id":"https:\/\/jornalfatosenoticias.com.br\/#organization"},"potentialAction":[{"@type":"SearchAction","target":{"@type":"EntryPoint","urlTemplate":"https:\/\/jornalfatosenoticias.com.br\/?s={search_term_string}"},"query-input":{"@type":"PropertyValueSpecification","valueRequired":true,"valueName":"search_term_string"}}],"inLanguage":"pt-BR"},{"@type":"Organization","@id":"https:\/\/jornalfatosenoticias.com.br\/#organization","name":"Jornal Fatos e Not\u00edcias","url":"https:\/\/jornalfatosenoticias.com.br\/","logo":{"@type":"ImageObject","inLanguage":"pt-BR","@id":"https:\/\/jornalfatosenoticias.com.br\/#\/schema\/logo\/image\/","url":"https:\/\/jornalfatosenoticias.com.br\/wp-content\/uploads\/2020\/02\/logo120.png","contentUrl":"https:\/\/jornalfatosenoticias.com.br\/wp-content\/uploads\/2020\/02\/logo120.png","width":1227,"height":120,"caption":"Jornal Fatos e Not\u00edcias"},"image":{"@id":"https:\/\/jornalfatosenoticias.com.br\/#\/schema\/logo\/image\/"}},{"@type":"Person","@id":"https:\/\/jornalfatosenoticias.com.br\/#\/schema\/person\/d63837fa13ac8666eb9e74e0985d6f81","name":"Luzimara Fernandes","image":{"@type":"ImageObject","inLanguage":"pt-BR","@id":"https:\/\/jornalfatosenoticias.com.br\/#\/schema\/person\/image\/","url":"https:\/\/jornalfatosenoticias.com.br\/wp-content\/uploads\/2025\/05\/EU_portal.jpg","contentUrl":"https:\/\/jornalfatosenoticias.com.br\/wp-content\/uploads\/2025\/05\/EU_portal.jpg","caption":"Luzimara Fernandes"},"description":"Jornalista MTB 2358-ES","sameAs":["https:\/\/jornalfatosenoticias.com.br"],"url":"https:\/\/jornalfatosenoticias.com.br\/index.php\/author\/luzimara\/"}]}},"cc_featured_image_caption":{"caption_text":"(Foto: Shutterstock) ","source_text":"","source_url":""},"jetpack_featured_media_url":"https:\/\/jornalfatosenoticias.com.br\/wp-content\/uploads\/2023\/03\/CANCER-INFANTIL.jpg","_links":{"self":[{"href":"https:\/\/jornalfatosenoticias.com.br\/index.php\/wp-json\/wp\/v2\/posts\/39707","targetHints":{"allow":["GET"]}}],"collection":[{"href":"https:\/\/jornalfatosenoticias.com.br\/index.php\/wp-json\/wp\/v2\/posts"}],"about":[{"href":"https:\/\/jornalfatosenoticias.com.br\/index.php\/wp-json\/wp\/v2\/types\/post"}],"author":[{"embeddable":true,"href":"https:\/\/jornalfatosenoticias.com.br\/index.php\/wp-json\/wp\/v2\/users\/2"}],"replies":[{"embeddable":true,"href":"https:\/\/jornalfatosenoticias.com.br\/index.php\/wp-json\/wp\/v2\/comments?post=39707"}],"version-history":[{"count":0,"href":"https:\/\/jornalfatosenoticias.com.br\/index.php\/wp-json\/wp\/v2\/posts\/39707\/revisions"}],"wp:featuredmedia":[{"embeddable":true,"href":"https:\/\/jornalfatosenoticias.com.br\/index.php\/wp-json\/wp\/v2\/media\/39709"}],"wp:attachment":[{"href":"https:\/\/jornalfatosenoticias.com.br\/index.php\/wp-json\/wp\/v2\/media?parent=39707"}],"wp:term":[{"taxonomy":"category","embeddable":true,"href":"https:\/\/jornalfatosenoticias.com.br\/index.php\/wp-json\/wp\/v2\/categories?post=39707"},{"taxonomy":"post_tag","embeddable":true,"href":"https:\/\/jornalfatosenoticias.com.br\/index.php\/wp-json\/wp\/v2\/tags?post=39707"}],"curies":[{"name":"wp","href":"https:\/\/api.w.org\/{rel}","templated":true}]}}