{"id":39718,"date":"2023-03-17T11:43:38","date_gmt":"2023-03-17T14:43:38","guid":{"rendered":"https:\/\/jornalfatosenoticias.com.br\/?p=39718"},"modified":"2023-03-17T11:43:40","modified_gmt":"2023-03-17T14:43:40","slug":"sapo-wolverine-o-sapo-peludo-que-quebra-seus-ossos-para-se-defender","status":"publish","type":"post","link":"https:\/\/jornalfatosenoticias.com.br\/index.php\/2023\/03\/17\/sapo-wolverine-o-sapo-peludo-que-quebra-seus-ossos-para-se-defender\/","title":{"rendered":"Sapo Wolverine: o sapo peludo que quebra seus ossos para se defender"},"content":{"rendered":"\n<p><em><span class=\"has-inline-color has-black-color\">Os cientistas ainda n\u00e3o sabem o que o sapo faz com o osso quebrado, quando n\u00e3o precisam mais dele para se defender<\/span><\/em><\/p>\n\n\n\n<div class=\"wp-block-image\"><figure class=\"aligncenter size-large\"><img loading=\"lazy\" decoding=\"async\" width=\"729\" height=\"90\" src=\"https:\/\/jornalfatosenoticias.com.br\/wp-content\/uploads\/2020\/02\/Logo_Mizu.png\" alt=\"\" class=\"wp-image-1441\" srcset=\"https:\/\/jornalfatosenoticias.com.br\/wp-content\/uploads\/2020\/02\/Logo_Mizu.png 729w, https:\/\/jornalfatosenoticias.com.br\/wp-content\/uploads\/2020\/02\/Logo_Mizu-300x37.png 300w\" sizes=\"auto, (max-width: 729px) 100vw, 729px\" \/><\/figure><\/div>\n\n\n\n<p>O t\u00edtulo desse artigo parece bem bizarro, n\u00e9? Mas \u00e9 isso a\u00ed que voc\u00ea leu: existe uma esp\u00e9cie de sapo que, al\u00e9m de ter pelos em todo o corpo, tamb\u00e9m quebra os pr\u00f3prios ossos como um mecanismo de defesa. A gente explica tudo para voc\u00ea entender.<br>Mais ou menos como os felinos e outros mam\u00edferos usam suas garras para atacar presas e se defender de inimigos, o sapo da esp\u00e9cie <em>Trichobatrachus robustus<\/em> usa peda\u00e7os de seus ossos, que se projetam para fora das patas. A diferen\u00e7a \u00e9 que enquanto os felinos t\u00eam unhas naturais, o sapo precisa quebrar seus ossos para criar essas garras, quando necess\u00e1rio.<\/p>\n\n\n\n<div class=\"wp-block-image\"><figure class=\"aligncenter size-large is-resized\"><img loading=\"lazy\" decoding=\"async\" src=\"https:\/\/jornalfatosenoticias.com.br\/wp-content\/uploads\/2022\/10\/Arte-jornal-Zucchi-600x600_Prancheta-1-1024x1024.jpg\" alt=\"\" class=\"wp-image-34782\" width=\"244\" height=\"244\" srcset=\"https:\/\/jornalfatosenoticias.com.br\/wp-content\/uploads\/2022\/10\/Arte-jornal-Zucchi-600x600_Prancheta-1-1024x1024.jpg 1024w, https:\/\/jornalfatosenoticias.com.br\/wp-content\/uploads\/2022\/10\/Arte-jornal-Zucchi-600x600_Prancheta-1-300x300.jpg 300w, https:\/\/jornalfatosenoticias.com.br\/wp-content\/uploads\/2022\/10\/Arte-jornal-Zucchi-600x600_Prancheta-1-150x150.jpg 150w, https:\/\/jornalfatosenoticias.com.br\/wp-content\/uploads\/2022\/10\/Arte-jornal-Zucchi-600x600_Prancheta-1-768x768.jpg 768w, https:\/\/jornalfatosenoticias.com.br\/wp-content\/uploads\/2022\/10\/Arte-jornal-Zucchi-600x600_Prancheta-1.jpg 1250w\" sizes=\"auto, (max-width: 244px) 100vw, 244px\" \/><\/figure><\/div>\n\n\n\n<p>Esse tipo de comportamento n\u00e3o \u00e9 t\u00e3o incomum assim, na classe dos anf\u00edbios: h\u00e1 esp\u00e9cies de salamandra que projetam suas costelas para fora da pele, para criar espinhos quando se sentem amea\u00e7adas. Ainda assim, elas n\u00e3o quebram os pr\u00f3prios ossos para isso.<\/p>\n\n\n\n<div class=\"wp-block-image\"><figure class=\"aligncenter size-large\"><img decoding=\"async\" src=\"https:\/\/jornalfatosenoticias.com.br\/wp-content\/uploads\/2020\/02\/Logomarca-Principal.gif\" alt=\"\" class=\"wp-image-7872\"\/><\/figure><\/div>\n\n\n\n<p>Como dito, n\u00e3o \u00e9 sempre que o <em>T. robustus<\/em> exibe suas garras: em repouso, elas ficam sob uma camada de m\u00fasculos e pele, ligadas aos ossos dos dedos com col\u00e1geno. Quando o bicho est\u00e1 sob amea\u00e7a, ele contrai os m\u00fasculos \u2014 de modo que a ponta da garra se quebra do osso, fura a pele e se projeta para fora.<br>Na pr\u00e1tica, \u00e9 como um gato que esconde suas garras pela maior parte do tempo e s\u00f3 mostra quando necess\u00e1rio. Por\u00e9m, esse mecanismo de quebrar parte do osso e cortar a pele \u00e9 \u00fanico entre os vertebrados. At\u00e9 porque a garra do <em>T. robustus <\/em>\u00e9 puro osso \u2014 n\u00e3o tem uma cobertura de queratina, como a maioria das garras no mundo animal.<\/p>\n\n\n\n<div class=\"wp-block-image\"><figure class=\"aligncenter size-large is-resized\"><img loading=\"lazy\" decoding=\"async\" src=\"https:\/\/jornalfatosenoticias.com.br\/wp-content\/uploads\/2022\/07\/Logo-Grupo-SEI.jpg\" alt=\"\" class=\"wp-image-31973\" width=\"334\" height=\"175\" srcset=\"https:\/\/jornalfatosenoticias.com.br\/wp-content\/uploads\/2022\/07\/Logo-Grupo-SEI.jpg 713w, https:\/\/jornalfatosenoticias.com.br\/wp-content\/uploads\/2022\/07\/Logo-Grupo-SEI-300x158.jpg 300w\" sizes=\"auto, (max-width: 334px) 100vw, 334px\" \/><\/figure><\/div>\n\n\n\n<p>Os cientistas ainda n\u00e3o sabem o que o sapo faz com o osso quebrado, quando n\u00e3o precisam mais dele para se defender \u2014 j\u00e1 que nenhum mecanismo de retra\u00e7\u00e3o foi encontrado. Por\u00e9m, a principal hip\u00f3tese \u00e9 que o m\u00fasculo simplesmente relaxe, osso volte para dentro da pata e seus ferimentos se curem naturalmente.<\/p>\n\n\n\n<div class=\"wp-block-image\"><figure class=\"aligncenter size-large is-resized\"><img loading=\"lazy\" decoding=\"async\" src=\"https:\/\/jornalfatosenoticias.com.br\/wp-content\/uploads\/2020\/02\/logo-Panper_portal.jpg\" alt=\"\" class=\"wp-image-34474\" width=\"371\" height=\"257\" srcset=\"https:\/\/jornalfatosenoticias.com.br\/wp-content\/uploads\/2020\/02\/logo-Panper_portal.jpg 400w, https:\/\/jornalfatosenoticias.com.br\/wp-content\/uploads\/2020\/02\/logo-Panper_portal-300x208.jpg 300w\" sizes=\"auto, (max-width: 371px) 100vw, 371px\" \/><\/figure><\/div>\n\n\n\n<p>Como se esse mecanismo de defesa &#8220;curioso&#8221; n\u00e3o fosse o suficiente, o <em>T. robustus<\/em> ainda tem outra caracter\u00edstica que o diferencia de outros sapos: durante o per\u00edodo de acasalamento, seu organismo produz uma cobertura que lembra pelos. Mas ela \u00e9 feita de pele vascularizada \u2014 e n\u00e3o cabelo, como a maioria dos animais peludos. Acredita-se que isso \u00e9 uma forma pro animal receber mais oxig\u00eanio pela pele e respirar melhor, enquanto cuida de sua prole.<\/p>\n\n\n\n<div class=\"wp-block-image\"><figure class=\"aligncenter size-large\"><img loading=\"lazy\" decoding=\"async\" width=\"300\" height=\"250\" src=\"https:\/\/jornalfatosenoticias.com.br\/wp-content\/uploads\/2022\/02\/FERRARI_MAQUINAS-E-FERRAMENTAS2.jpg\" alt=\"\" class=\"wp-image-27860\"\/><\/figure><\/div>\n\n\n\n<p>Ent\u00e3o, sendo um bicho peludo e com garras que se projetam das patas, n\u00e3o fica dif\u00edcil arranjar um apelido bem popular para o <em>T. robustus<\/em>: sapo Wolverine. S\u00f3 os machos exibem esses dois comportamentos \u2014 as f\u00eameas s\u00e3o mais parecidas com os anf\u00edbios que a gente est\u00e1 acostumado. Ali\u00e1s, essa \u00e9 a \u00fanica, <a href=\"https:\/\/www.megacurioso.com.br\/ciencia\/121376-ra-sapo-ou-perereca-qual-e-a-diferenca-entre-esses-animais.htm\" rel=\"noreferrer noopener\" target=\"_blank\">entre as esp\u00e9cies da fam\u00edlia dos sapos<\/a> (<em>Arthroleptidae<\/em>), em que os machos s\u00e3o significativamente maiores que as f\u00eameas: eles chegam aos 11 cent\u00edmetros, enquanto elas t\u00eam no m\u00e1ximo nove.<\/p>\n\n\n\n<div class=\"wp-block-image\"><figure class=\"aligncenter size-large is-resized\"><img loading=\"lazy\" decoding=\"async\" src=\"https:\/\/jornalfatosenoticias.com.br\/wp-content\/uploads\/2022\/02\/Precisao-Contabilidade-1024x724.jpg\" alt=\"\" class=\"wp-image-28088\" width=\"325\" height=\"230\"\/><\/figure><\/div>\n\n\n\n<p>Mas essa estranheza n\u00e3o assusta os camaroneses: no pa\u00eds, \u00e9 comum que os sapos Wolverine sejam ca\u00e7ados, cozidos e comidos. Quem ca\u00e7a esses sapos usa lan\u00e7as compridas, para evitar as garras do bicho. Um dos povos nativos da regi\u00e3o, os Bakossi, acreditam que os sapos caem do c\u00e9u \u2014 por isso, comer um <em>T. robustus<\/em> <a href=\"https:\/\/www.megacurioso.com.br\/ciencia\/121727-sapos-eram-o-melhor-teste-de-gravidez-nos-anos-70.htm\" rel=\"noreferrer noopener\" target=\"_blank\">ajudaria casais inf\u00e9rteis a se reproduzir<\/a>.<\/p>\n\n\n\n<p><em><strong>Fonte: <a href=\"https:\/\/www.megacurioso.com.br\/ciencia\/124604-sapo-wolverine-o-sapo-peludo-que-quebra-seus-ossos-para-se-defender.htm\">Mega Curioso<\/a><\/strong><\/em><\/p>\n","protected":false},"excerpt":{"rendered":"<p>Os cientistas ainda n\u00e3o sabem o que o sapo faz com o osso quebrado, quando n\u00e3o precisam mais dele para se defender O t\u00edtulo desse artigo parece bem bizarro, n\u00e9? Mas \u00e9 isso a\u00ed que voc\u00ea leu: existe uma esp\u00e9cie de sapo que, al\u00e9m de ter pelos em todo o corpo, tamb\u00e9m quebra os pr\u00f3prios [&hellip;]<\/p>\n","protected":false},"author":2,"featured_media":39719,"comment_status":"open","ping_status":"open","sticky":false,"template":"","format":"standard","meta":{"footnotes":""},"categories":[8],"tags":[1264,9138,2445,18584,18585],"class_list":["post-39718","post","type-post","status-publish","format-standard","has-post-thumbnail","hentry","category-meio-ambiente","tag-animais","tag-animais-sinistros","tag-biologia","tag-sapo-peludo","tag-sapo-wolverine"],"yoast_head":"<!-- This site is optimized with the Yoast SEO plugin v26.5 - https:\/\/yoast.com\/wordpress\/plugins\/seo\/ -->\n<title>Sapo Wolverine: o sapo peludo que quebra seus ossos para se defender - Jornal Fatos e Not\u00edcias<\/title>\n<meta name=\"robots\" content=\"index, follow, max-snippet:-1, max-image-preview:large, max-video-preview:-1\" \/>\n<link rel=\"canonical\" href=\"https:\/\/jornalfatosenoticias.com.br\/index.php\/2023\/03\/17\/sapo-wolverine-o-sapo-peludo-que-quebra-seus-ossos-para-se-defender\/\" \/>\n<meta property=\"og:locale\" content=\"pt_BR\" \/>\n<meta property=\"og:type\" content=\"article\" \/>\n<meta property=\"og:title\" content=\"Sapo Wolverine: o sapo peludo que quebra seus ossos para se defender - Jornal Fatos e Not\u00edcias\" \/>\n<meta property=\"og:description\" content=\"Os cientistas ainda n\u00e3o sabem o que o sapo faz com o osso quebrado, quando n\u00e3o precisam mais dele para se defender O t\u00edtulo desse artigo parece bem bizarro, n\u00e9? Mas \u00e9 isso a\u00ed que voc\u00ea leu: existe uma esp\u00e9cie de sapo que, al\u00e9m de ter pelos em todo o corpo, tamb\u00e9m quebra os pr\u00f3prios [&hellip;]\" \/>\n<meta property=\"og:url\" content=\"https:\/\/jornalfatosenoticias.com.br\/index.php\/2023\/03\/17\/sapo-wolverine-o-sapo-peludo-que-quebra-seus-ossos-para-se-defender\/\" \/>\n<meta property=\"og:site_name\" content=\"Jornal Fatos e Not\u00edcias\" \/>\n<meta property=\"article:published_time\" content=\"2023-03-17T14:43:38+00:00\" \/>\n<meta property=\"article:modified_time\" content=\"2023-03-17T14:43:40+00:00\" \/>\n<meta property=\"og:image\" content=\"https:\/\/jornalfatosenoticias.com.br\/wp-content\/uploads\/2023\/03\/Sapo-Wolverine.jpg\" \/>\n\t<meta property=\"og:image:width\" content=\"1000\" \/>\n\t<meta property=\"og:image:height\" content=\"400\" \/>\n\t<meta property=\"og:image:type\" content=\"image\/jpeg\" \/>\n<meta name=\"author\" content=\"Luzimara Fernandes\" \/>\n<meta name=\"twitter:card\" content=\"summary_large_image\" \/>\n<meta name=\"twitter:label1\" content=\"Escrito por\" \/>\n\t<meta name=\"twitter:data1\" content=\"Luzimara Fernandes\" \/>\n\t<meta name=\"twitter:label2\" content=\"Est. tempo de leitura\" \/>\n\t<meta name=\"twitter:data2\" content=\"3 minutos\" \/>\n<script type=\"application\/ld+json\" class=\"yoast-schema-graph\">{\"@context\":\"https:\/\/schema.org\",\"@graph\":[{\"@type\":\"Article\",\"@id\":\"https:\/\/jornalfatosenoticias.com.br\/index.php\/2023\/03\/17\/sapo-wolverine-o-sapo-peludo-que-quebra-seus-ossos-para-se-defender\/#article\",\"isPartOf\":{\"@id\":\"https:\/\/jornalfatosenoticias.com.br\/index.php\/2023\/03\/17\/sapo-wolverine-o-sapo-peludo-que-quebra-seus-ossos-para-se-defender\/\"},\"author\":{\"name\":\"Luzimara Fernandes\",\"@id\":\"https:\/\/jornalfatosenoticias.com.br\/#\/schema\/person\/d63837fa13ac8666eb9e74e0985d6f81\"},\"headline\":\"Sapo Wolverine: o sapo peludo que quebra seus ossos para se defender\",\"datePublished\":\"2023-03-17T14:43:38+00:00\",\"dateModified\":\"2023-03-17T14:43:40+00:00\",\"mainEntityOfPage\":{\"@id\":\"https:\/\/jornalfatosenoticias.com.br\/index.php\/2023\/03\/17\/sapo-wolverine-o-sapo-peludo-que-quebra-seus-ossos-para-se-defender\/\"},\"wordCount\":621,\"commentCount\":0,\"publisher\":{\"@id\":\"https:\/\/jornalfatosenoticias.com.br\/#organization\"},\"image\":{\"@id\":\"https:\/\/jornalfatosenoticias.com.br\/index.php\/2023\/03\/17\/sapo-wolverine-o-sapo-peludo-que-quebra-seus-ossos-para-se-defender\/#primaryimage\"},\"thumbnailUrl\":\"https:\/\/jornalfatosenoticias.com.br\/wp-content\/uploads\/2023\/03\/Sapo-Wolverine.jpg\",\"keywords\":[\"animais\",\"animais sinistros\",\"biologia\",\"sapo peludo\",\"sapo Wolverine\"],\"articleSection\":[\"Meio ambiente\"],\"inLanguage\":\"pt-BR\",\"potentialAction\":[{\"@type\":\"CommentAction\",\"name\":\"Comment\",\"target\":[\"https:\/\/jornalfatosenoticias.com.br\/index.php\/2023\/03\/17\/sapo-wolverine-o-sapo-peludo-que-quebra-seus-ossos-para-se-defender\/#respond\"]}]},{\"@type\":\"WebPage\",\"@id\":\"https:\/\/jornalfatosenoticias.com.br\/index.php\/2023\/03\/17\/sapo-wolverine-o-sapo-peludo-que-quebra-seus-ossos-para-se-defender\/\",\"url\":\"https:\/\/jornalfatosenoticias.com.br\/index.php\/2023\/03\/17\/sapo-wolverine-o-sapo-peludo-que-quebra-seus-ossos-para-se-defender\/\",\"name\":\"Sapo Wolverine: o sapo peludo que quebra seus ossos para se defender - Jornal Fatos e Not\u00edcias\",\"isPartOf\":{\"@id\":\"https:\/\/jornalfatosenoticias.com.br\/#website\"},\"primaryImageOfPage\":{\"@id\":\"https:\/\/jornalfatosenoticias.com.br\/index.php\/2023\/03\/17\/sapo-wolverine-o-sapo-peludo-que-quebra-seus-ossos-para-se-defender\/#primaryimage\"},\"image\":{\"@id\":\"https:\/\/jornalfatosenoticias.com.br\/index.php\/2023\/03\/17\/sapo-wolverine-o-sapo-peludo-que-quebra-seus-ossos-para-se-defender\/#primaryimage\"},\"thumbnailUrl\":\"https:\/\/jornalfatosenoticias.com.br\/wp-content\/uploads\/2023\/03\/Sapo-Wolverine.jpg\",\"datePublished\":\"2023-03-17T14:43:38+00:00\",\"dateModified\":\"2023-03-17T14:43:40+00:00\",\"breadcrumb\":{\"@id\":\"https:\/\/jornalfatosenoticias.com.br\/index.php\/2023\/03\/17\/sapo-wolverine-o-sapo-peludo-que-quebra-seus-ossos-para-se-defender\/#breadcrumb\"},\"inLanguage\":\"pt-BR\",\"potentialAction\":[{\"@type\":\"ReadAction\",\"target\":[\"https:\/\/jornalfatosenoticias.com.br\/index.php\/2023\/03\/17\/sapo-wolverine-o-sapo-peludo-que-quebra-seus-ossos-para-se-defender\/\"]}]},{\"@type\":\"ImageObject\",\"inLanguage\":\"pt-BR\",\"@id\":\"https:\/\/jornalfatosenoticias.com.br\/index.php\/2023\/03\/17\/sapo-wolverine-o-sapo-peludo-que-quebra-seus-ossos-para-se-defender\/#primaryimage\",\"url\":\"https:\/\/jornalfatosenoticias.com.br\/wp-content\/uploads\/2023\/03\/Sapo-Wolverine.jpg\",\"contentUrl\":\"https:\/\/jornalfatosenoticias.com.br\/wp-content\/uploads\/2023\/03\/Sapo-Wolverine.jpg\",\"width\":1000,\"height\":400},{\"@type\":\"BreadcrumbList\",\"@id\":\"https:\/\/jornalfatosenoticias.com.br\/index.php\/2023\/03\/17\/sapo-wolverine-o-sapo-peludo-que-quebra-seus-ossos-para-se-defender\/#breadcrumb\",\"itemListElement\":[{\"@type\":\"ListItem\",\"position\":1,\"name\":\"In\u00edcio\",\"item\":\"https:\/\/jornalfatosenoticias.com.br\/\"},{\"@type\":\"ListItem\",\"position\":2,\"name\":\"Sapo Wolverine: o sapo peludo que quebra seus ossos para se defender\"}]},{\"@type\":\"WebSite\",\"@id\":\"https:\/\/jornalfatosenoticias.com.br\/#website\",\"url\":\"https:\/\/jornalfatosenoticias.com.br\/\",\"name\":\"Jornal Fatos e Not\u00edcias\",\"description\":\"Not\u00edcias em geral\",\"publisher\":{\"@id\":\"https:\/\/jornalfatosenoticias.com.br\/#organization\"},\"potentialAction\":[{\"@type\":\"SearchAction\",\"target\":{\"@type\":\"EntryPoint\",\"urlTemplate\":\"https:\/\/jornalfatosenoticias.com.br\/?s={search_term_string}\"},\"query-input\":{\"@type\":\"PropertyValueSpecification\",\"valueRequired\":true,\"valueName\":\"search_term_string\"}}],\"inLanguage\":\"pt-BR\"},{\"@type\":\"Organization\",\"@id\":\"https:\/\/jornalfatosenoticias.com.br\/#organization\",\"name\":\"Jornal Fatos e Not\u00edcias\",\"url\":\"https:\/\/jornalfatosenoticias.com.br\/\",\"logo\":{\"@type\":\"ImageObject\",\"inLanguage\":\"pt-BR\",\"@id\":\"https:\/\/jornalfatosenoticias.com.br\/#\/schema\/logo\/image\/\",\"url\":\"https:\/\/jornalfatosenoticias.com.br\/wp-content\/uploads\/2020\/02\/logo120.png\",\"contentUrl\":\"https:\/\/jornalfatosenoticias.com.br\/wp-content\/uploads\/2020\/02\/logo120.png\",\"width\":1227,\"height\":120,\"caption\":\"Jornal Fatos e Not\u00edcias\"},\"image\":{\"@id\":\"https:\/\/jornalfatosenoticias.com.br\/#\/schema\/logo\/image\/\"}},{\"@type\":\"Person\",\"@id\":\"https:\/\/jornalfatosenoticias.com.br\/#\/schema\/person\/d63837fa13ac8666eb9e74e0985d6f81\",\"name\":\"Luzimara Fernandes\",\"image\":{\"@type\":\"ImageObject\",\"inLanguage\":\"pt-BR\",\"@id\":\"https:\/\/jornalfatosenoticias.com.br\/#\/schema\/person\/image\/\",\"url\":\"https:\/\/jornalfatosenoticias.com.br\/wp-content\/uploads\/2025\/05\/EU_portal.jpg\",\"contentUrl\":\"https:\/\/jornalfatosenoticias.com.br\/wp-content\/uploads\/2025\/05\/EU_portal.jpg\",\"caption\":\"Luzimara Fernandes\"},\"description\":\"Jornalista MTB 2358-ES\",\"sameAs\":[\"https:\/\/jornalfatosenoticias.com.br\"],\"url\":\"https:\/\/jornalfatosenoticias.com.br\/index.php\/author\/luzimara\/\"}]}<\/script>\n<!-- \/ Yoast SEO plugin. -->","yoast_head_json":{"title":"Sapo Wolverine: o sapo peludo que quebra seus ossos para se defender - Jornal Fatos e Not\u00edcias","robots":{"index":"index","follow":"follow","max-snippet":"max-snippet:-1","max-image-preview":"max-image-preview:large","max-video-preview":"max-video-preview:-1"},"canonical":"https:\/\/jornalfatosenoticias.com.br\/index.php\/2023\/03\/17\/sapo-wolverine-o-sapo-peludo-que-quebra-seus-ossos-para-se-defender\/","og_locale":"pt_BR","og_type":"article","og_title":"Sapo Wolverine: o sapo peludo que quebra seus ossos para se defender - Jornal Fatos e Not\u00edcias","og_description":"Os cientistas ainda n\u00e3o sabem o que o sapo faz com o osso quebrado, quando n\u00e3o precisam mais dele para se defender O t\u00edtulo desse artigo parece bem bizarro, n\u00e9? Mas \u00e9 isso a\u00ed que voc\u00ea leu: existe uma esp\u00e9cie de sapo que, al\u00e9m de ter pelos em todo o corpo, tamb\u00e9m quebra os pr\u00f3prios [&hellip;]","og_url":"https:\/\/jornalfatosenoticias.com.br\/index.php\/2023\/03\/17\/sapo-wolverine-o-sapo-peludo-que-quebra-seus-ossos-para-se-defender\/","og_site_name":"Jornal Fatos e Not\u00edcias","article_published_time":"2023-03-17T14:43:38+00:00","article_modified_time":"2023-03-17T14:43:40+00:00","og_image":[{"width":1000,"height":400,"url":"https:\/\/jornalfatosenoticias.com.br\/wp-content\/uploads\/2023\/03\/Sapo-Wolverine.jpg","type":"image\/jpeg"}],"author":"Luzimara Fernandes","twitter_card":"summary_large_image","twitter_misc":{"Escrito por":"Luzimara Fernandes","Est. tempo de leitura":"3 minutos"},"schema":{"@context":"https:\/\/schema.org","@graph":[{"@type":"Article","@id":"https:\/\/jornalfatosenoticias.com.br\/index.php\/2023\/03\/17\/sapo-wolverine-o-sapo-peludo-que-quebra-seus-ossos-para-se-defender\/#article","isPartOf":{"@id":"https:\/\/jornalfatosenoticias.com.br\/index.php\/2023\/03\/17\/sapo-wolverine-o-sapo-peludo-que-quebra-seus-ossos-para-se-defender\/"},"author":{"name":"Luzimara Fernandes","@id":"https:\/\/jornalfatosenoticias.com.br\/#\/schema\/person\/d63837fa13ac8666eb9e74e0985d6f81"},"headline":"Sapo Wolverine: o sapo peludo que quebra seus ossos para se defender","datePublished":"2023-03-17T14:43:38+00:00","dateModified":"2023-03-17T14:43:40+00:00","mainEntityOfPage":{"@id":"https:\/\/jornalfatosenoticias.com.br\/index.php\/2023\/03\/17\/sapo-wolverine-o-sapo-peludo-que-quebra-seus-ossos-para-se-defender\/"},"wordCount":621,"commentCount":0,"publisher":{"@id":"https:\/\/jornalfatosenoticias.com.br\/#organization"},"image":{"@id":"https:\/\/jornalfatosenoticias.com.br\/index.php\/2023\/03\/17\/sapo-wolverine-o-sapo-peludo-que-quebra-seus-ossos-para-se-defender\/#primaryimage"},"thumbnailUrl":"https:\/\/jornalfatosenoticias.com.br\/wp-content\/uploads\/2023\/03\/Sapo-Wolverine.jpg","keywords":["animais","animais sinistros","biologia","sapo peludo","sapo Wolverine"],"articleSection":["Meio ambiente"],"inLanguage":"pt-BR","potentialAction":[{"@type":"CommentAction","name":"Comment","target":["https:\/\/jornalfatosenoticias.com.br\/index.php\/2023\/03\/17\/sapo-wolverine-o-sapo-peludo-que-quebra-seus-ossos-para-se-defender\/#respond"]}]},{"@type":"WebPage","@id":"https:\/\/jornalfatosenoticias.com.br\/index.php\/2023\/03\/17\/sapo-wolverine-o-sapo-peludo-que-quebra-seus-ossos-para-se-defender\/","url":"https:\/\/jornalfatosenoticias.com.br\/index.php\/2023\/03\/17\/sapo-wolverine-o-sapo-peludo-que-quebra-seus-ossos-para-se-defender\/","name":"Sapo Wolverine: o sapo peludo que quebra seus ossos para se defender - Jornal Fatos e Not\u00edcias","isPartOf":{"@id":"https:\/\/jornalfatosenoticias.com.br\/#website"},"primaryImageOfPage":{"@id":"https:\/\/jornalfatosenoticias.com.br\/index.php\/2023\/03\/17\/sapo-wolverine-o-sapo-peludo-que-quebra-seus-ossos-para-se-defender\/#primaryimage"},"image":{"@id":"https:\/\/jornalfatosenoticias.com.br\/index.php\/2023\/03\/17\/sapo-wolverine-o-sapo-peludo-que-quebra-seus-ossos-para-se-defender\/#primaryimage"},"thumbnailUrl":"https:\/\/jornalfatosenoticias.com.br\/wp-content\/uploads\/2023\/03\/Sapo-Wolverine.jpg","datePublished":"2023-03-17T14:43:38+00:00","dateModified":"2023-03-17T14:43:40+00:00","breadcrumb":{"@id":"https:\/\/jornalfatosenoticias.com.br\/index.php\/2023\/03\/17\/sapo-wolverine-o-sapo-peludo-que-quebra-seus-ossos-para-se-defender\/#breadcrumb"},"inLanguage":"pt-BR","potentialAction":[{"@type":"ReadAction","target":["https:\/\/jornalfatosenoticias.com.br\/index.php\/2023\/03\/17\/sapo-wolverine-o-sapo-peludo-que-quebra-seus-ossos-para-se-defender\/"]}]},{"@type":"ImageObject","inLanguage":"pt-BR","@id":"https:\/\/jornalfatosenoticias.com.br\/index.php\/2023\/03\/17\/sapo-wolverine-o-sapo-peludo-que-quebra-seus-ossos-para-se-defender\/#primaryimage","url":"https:\/\/jornalfatosenoticias.com.br\/wp-content\/uploads\/2023\/03\/Sapo-Wolverine.jpg","contentUrl":"https:\/\/jornalfatosenoticias.com.br\/wp-content\/uploads\/2023\/03\/Sapo-Wolverine.jpg","width":1000,"height":400},{"@type":"BreadcrumbList","@id":"https:\/\/jornalfatosenoticias.com.br\/index.php\/2023\/03\/17\/sapo-wolverine-o-sapo-peludo-que-quebra-seus-ossos-para-se-defender\/#breadcrumb","itemListElement":[{"@type":"ListItem","position":1,"name":"In\u00edcio","item":"https:\/\/jornalfatosenoticias.com.br\/"},{"@type":"ListItem","position":2,"name":"Sapo Wolverine: o sapo peludo que quebra seus ossos para se defender"}]},{"@type":"WebSite","@id":"https:\/\/jornalfatosenoticias.com.br\/#website","url":"https:\/\/jornalfatosenoticias.com.br\/","name":"Jornal Fatos e Not\u00edcias","description":"Not\u00edcias em geral","publisher":{"@id":"https:\/\/jornalfatosenoticias.com.br\/#organization"},"potentialAction":[{"@type":"SearchAction","target":{"@type":"EntryPoint","urlTemplate":"https:\/\/jornalfatosenoticias.com.br\/?s={search_term_string}"},"query-input":{"@type":"PropertyValueSpecification","valueRequired":true,"valueName":"search_term_string"}}],"inLanguage":"pt-BR"},{"@type":"Organization","@id":"https:\/\/jornalfatosenoticias.com.br\/#organization","name":"Jornal Fatos e Not\u00edcias","url":"https:\/\/jornalfatosenoticias.com.br\/","logo":{"@type":"ImageObject","inLanguage":"pt-BR","@id":"https:\/\/jornalfatosenoticias.com.br\/#\/schema\/logo\/image\/","url":"https:\/\/jornalfatosenoticias.com.br\/wp-content\/uploads\/2020\/02\/logo120.png","contentUrl":"https:\/\/jornalfatosenoticias.com.br\/wp-content\/uploads\/2020\/02\/logo120.png","width":1227,"height":120,"caption":"Jornal Fatos e Not\u00edcias"},"image":{"@id":"https:\/\/jornalfatosenoticias.com.br\/#\/schema\/logo\/image\/"}},{"@type":"Person","@id":"https:\/\/jornalfatosenoticias.com.br\/#\/schema\/person\/d63837fa13ac8666eb9e74e0985d6f81","name":"Luzimara Fernandes","image":{"@type":"ImageObject","inLanguage":"pt-BR","@id":"https:\/\/jornalfatosenoticias.com.br\/#\/schema\/person\/image\/","url":"https:\/\/jornalfatosenoticias.com.br\/wp-content\/uploads\/2025\/05\/EU_portal.jpg","contentUrl":"https:\/\/jornalfatosenoticias.com.br\/wp-content\/uploads\/2025\/05\/EU_portal.jpg","caption":"Luzimara Fernandes"},"description":"Jornalista MTB 2358-ES","sameAs":["https:\/\/jornalfatosenoticias.com.br"],"url":"https:\/\/jornalfatosenoticias.com.br\/index.php\/author\/luzimara\/"}]}},"cc_featured_image_caption":{"caption_text":"(Foto: Creative Commons) ","source_text":"","source_url":""},"jetpack_featured_media_url":"https:\/\/jornalfatosenoticias.com.br\/wp-content\/uploads\/2023\/03\/Sapo-Wolverine.jpg","_links":{"self":[{"href":"https:\/\/jornalfatosenoticias.com.br\/index.php\/wp-json\/wp\/v2\/posts\/39718","targetHints":{"allow":["GET"]}}],"collection":[{"href":"https:\/\/jornalfatosenoticias.com.br\/index.php\/wp-json\/wp\/v2\/posts"}],"about":[{"href":"https:\/\/jornalfatosenoticias.com.br\/index.php\/wp-json\/wp\/v2\/types\/post"}],"author":[{"embeddable":true,"href":"https:\/\/jornalfatosenoticias.com.br\/index.php\/wp-json\/wp\/v2\/users\/2"}],"replies":[{"embeddable":true,"href":"https:\/\/jornalfatosenoticias.com.br\/index.php\/wp-json\/wp\/v2\/comments?post=39718"}],"version-history":[{"count":0,"href":"https:\/\/jornalfatosenoticias.com.br\/index.php\/wp-json\/wp\/v2\/posts\/39718\/revisions"}],"wp:featuredmedia":[{"embeddable":true,"href":"https:\/\/jornalfatosenoticias.com.br\/index.php\/wp-json\/wp\/v2\/media\/39719"}],"wp:attachment":[{"href":"https:\/\/jornalfatosenoticias.com.br\/index.php\/wp-json\/wp\/v2\/media?parent=39718"}],"wp:term":[{"taxonomy":"category","embeddable":true,"href":"https:\/\/jornalfatosenoticias.com.br\/index.php\/wp-json\/wp\/v2\/categories?post=39718"},{"taxonomy":"post_tag","embeddable":true,"href":"https:\/\/jornalfatosenoticias.com.br\/index.php\/wp-json\/wp\/v2\/tags?post=39718"}],"curies":[{"name":"wp","href":"https:\/\/api.w.org\/{rel}","templated":true}]}}