{"id":39737,"date":"2023-03-17T14:25:43","date_gmt":"2023-03-17T17:25:43","guid":{"rendered":"https:\/\/jornalfatosenoticias.com.br\/?p=39737"},"modified":"2023-03-17T14:25:45","modified_gmt":"2023-03-17T17:25:45","slug":"requalificacao-da-curva-da-jurema-contempla-estacionamento-e-mais-infraestrutura","status":"publish","type":"post","link":"https:\/\/jornalfatosenoticias.com.br\/index.php\/2023\/03\/17\/requalificacao-da-curva-da-jurema-contempla-estacionamento-e-mais-infraestrutura\/","title":{"rendered":"Requalifica\u00e7\u00e3o da Curva da Jurema contempla estacionamento e mais infraestrutura"},"content":{"rendered":"\n<p><em><span class=\"has-inline-color has-black-color\">A \u00e1rea total de interven\u00e7\u00e3o \u00e9 de, aproximadamente, 16 mil metros quadrados<\/span><\/em><\/p>\n\n\n\n<div class=\"wp-block-image\"><figure class=\"aligncenter size-large\"><img decoding=\"async\" src=\"https:\/\/jornalfatosenoticias.com.br\/wp-content\/uploads\/2020\/02\/Banner-Site-1120x120px-1024x110.png\" alt=\"\" class=\"wp-image-38901\"\/><\/figure><\/div>\n\n\n\n<p>O projeto de reurbaniza\u00e7\u00e3o da Curva da Jurema utiliza o conceito proposto nas ruas vivas e tornar\u00e1 o espa\u00e7o mais moderno e acess\u00edvel para a perman\u00eancia de pessoas, al\u00e9m de mais convidativo para quem passa pela Avenida Jos\u00e9 Miranda Machado. A \u00e1rea total de interven\u00e7\u00e3o \u00e9 de, aproximadamente, 16 mil metros quadrados.<br>A proposta contempla a remodela\u00e7\u00e3o das \u00e1reas de estacionamento, totalizando 240 vagas, incluindo vagas destinadas a idosos e pessoas com defici\u00eancia, bem como de embarque\/desembarque e carga\/descarga, al\u00e9m de mudan\u00e7a no fluxo de tr\u00e2nsito.<\/p>\n\n\n\n<div class=\"wp-block-image\"><figure class=\"aligncenter size-large is-resized\"><img loading=\"lazy\" decoding=\"async\" src=\"https:\/\/jornalfatosenoticias.com.br\/wp-content\/uploads\/2022\/08\/logo-locau-veiculos-1024x573.png\" alt=\"\" class=\"wp-image-33078\" width=\"310\" height=\"173\"\/><\/figure><\/div>\n\n\n\n<p>A requalifica\u00e7\u00e3o da pra\u00e7a que divide o estacionamento do cal\u00e7ad\u00e3o contempla a retirada de canteiros, troca de piso, cria\u00e7\u00e3o de novas \u00e1reas verdes, instala\u00e7\u00e3o de novo mobili\u00e1rio urbano e novos acessos ao cal\u00e7ad\u00e3o. Prop\u00f5e tamb\u00e9m o alargamento e novo piso do cal\u00e7ad\u00e3o e da ciclovia, criando novas \u00e1reas de paisagismo e melhorando as existentes.<\/p>\n\n\n\n<div class=\"wp-block-image\"><figure class=\"aligncenter size-large\"><img decoding=\"async\" src=\"https:\/\/jornalfatosenoticias.com.br\/wp-content\/uploads\/2020\/02\/barao-das-carnes-300x164-1.jpg\" alt=\"\" class=\"wp-image-34339\"\/><\/figure><\/div>\n\n\n\n<p>A geometria da rua na parte inferior do estacionamento ser\u00e1 elevada ao n\u00edvel da cal\u00e7ada, sendo compartilhada. O tipo de ve\u00edculo a transitar por essa via deve ser m\u00e9dio de passeio e caminh\u00e3o de, no m\u00e1ximo, 16 toneladas. Com o tr\u00e2nsito local de baixo volume, ser\u00e3o implantadas vagas de estacionamento apenas para pessoas com defici\u00eancia, idosos, embarque e desembarque, carga\/descarga e a ciclovia que j\u00e1 existente no local.<\/p>\n\n\n\n<div class=\"wp-block-image\"><figure class=\"aligncenter size-large\"><img decoding=\"async\" src=\"https:\/\/jornalfatosenoticias.com.br\/wp-content\/uploads\/2020\/02\/Serra-Grande-1024x160.png\" alt=\"\" class=\"wp-image-7836\"\/><\/figure><\/div>\n\n\n\n<div class=\"wp-block-image\"><figure class=\"aligncenter size-large\"><img loading=\"lazy\" decoding=\"async\" width=\"1000\" height=\"545\" src=\"https:\/\/jornalfatosenoticias.com.br\/wp-content\/uploads\/2023\/03\/curva-da-jurema_2.jpg\" alt=\"\" class=\"wp-image-39738\" srcset=\"https:\/\/jornalfatosenoticias.com.br\/wp-content\/uploads\/2023\/03\/curva-da-jurema_2.jpg 1000w, https:\/\/jornalfatosenoticias.com.br\/wp-content\/uploads\/2023\/03\/curva-da-jurema_2-300x164.jpg 300w, https:\/\/jornalfatosenoticias.com.br\/wp-content\/uploads\/2023\/03\/curva-da-jurema_2-768x419.jpg 768w\" sizes=\"auto, (max-width: 1000px) 100vw, 1000px\" \/><figcaption><em><span class=\"has-inline-color has-black-color\">Requalifica\u00e7\u00e3o da Curva da Jurema (Foto: Divulga\u00e7\u00e3o\/PMV)<\/span><\/em><\/figcaption><\/figure><\/div>\n\n\n\n<p>Na parte superior, o bols\u00e3o de estacionamento existente ter\u00e1 uma nova geometria com redimensionamento das vagas, al\u00e9m de ser implantada uma faixa elevada no seu interior para dar maior seguran\u00e7a aos usu\u00e1rios da via, conforme apresentado em projeto.<\/p>\n\n\n\n<div class=\"wp-block-image\"><figure class=\"aligncenter size-large is-resized\"><img loading=\"lazy\" decoding=\"async\" src=\"https:\/\/jornalfatosenoticias.com.br\/wp-content\/uploads\/2022\/10\/RC_800x750_page-0001.jpg\" alt=\"\" class=\"wp-image-35338\" width=\"275\" height=\"258\" srcset=\"https:\/\/jornalfatosenoticias.com.br\/wp-content\/uploads\/2022\/10\/RC_800x750_page-0001.jpg 400w, https:\/\/jornalfatosenoticias.com.br\/wp-content\/uploads\/2022\/10\/RC_800x750_page-0001-300x281.jpg 300w\" sizes=\"auto, (max-width: 275px) 100vw, 275px\" \/><\/figure><\/div>\n\n\n\n<p>A proposta de ilumina\u00e7\u00e3o da \u00e1rea prev\u00ea 12 postes de nove metros na \u00e1rea do cal\u00e7ad\u00e3o e 10 postes de quatro metros na \u00e1rea do estacionamento. O grande canteiro entre a pra\u00e7a de estacionamento e a orla receber\u00e1 esp\u00e9cies novas \u2014 grama-esmeralda, moreia e ave do para\u00edso. Na cal\u00e7ada junto \u00e0 Avenida Jos\u00e9 Miranda Machado, foram propostas novas 26 esp\u00e9cies de ip\u00ea-rosa.<\/p>\n\n\n\n<div class=\"wp-block-image\"><figure class=\"aligncenter size-large is-resized\"><img loading=\"lazy\" decoding=\"async\" src=\"https:\/\/jornalfatosenoticias.com.br\/wp-content\/uploads\/2020\/02\/casa-do-torresmo_portal.jpg\" alt=\"\" class=\"wp-image-34472\" width=\"286\" height=\"286\" srcset=\"https:\/\/jornalfatosenoticias.com.br\/wp-content\/uploads\/2020\/02\/casa-do-torresmo_portal.jpg 300w, https:\/\/jornalfatosenoticias.com.br\/wp-content\/uploads\/2020\/02\/casa-do-torresmo_portal-150x150.jpg 150w\" sizes=\"auto, (max-width: 286px) 100vw, 286px\" \/><\/figure><\/div>\n\n\n\n<p>Nesta segunda etapa das obras, as interven\u00e7\u00f5es come\u00e7am pelo bols\u00e3o de estacionamento. A fim de permitir o acesso dos frequentadores, a Secretaria Municipal de Transporte, Tr\u00e2nsito e Infraestrutura Urbana (Setran) vai instalar um espa\u00e7o alternativo para os motoristas.<br>Uma das faixas de rolamento passa a funcionar com vagas a 45\u2070 na Avenida Jos\u00e9 Miranda Machado (ao lado do Shopping Vit\u00f3ria).<\/p>\n\n\n\n<div class=\"wp-block-image\"><figure class=\"aligncenter size-large\"><img loading=\"lazy\" decoding=\"async\" width=\"300\" height=\"250\" src=\"https:\/\/jornalfatosenoticias.com.br\/wp-content\/uploads\/2022\/02\/Banner-2.png\" alt=\"\" class=\"wp-image-27877\"\/><\/figure><\/div>\n\n\n\n<div class=\"wp-block-image\"><figure class=\"aligncenter size-large\"><img loading=\"lazy\" decoding=\"async\" width=\"1000\" height=\"546\" src=\"https:\/\/jornalfatosenoticias.com.br\/wp-content\/uploads\/2023\/03\/curva-da-jurema_3.jpg\" alt=\"\" class=\"wp-image-39739\" srcset=\"https:\/\/jornalfatosenoticias.com.br\/wp-content\/uploads\/2023\/03\/curva-da-jurema_3.jpg 1000w, https:\/\/jornalfatosenoticias.com.br\/wp-content\/uploads\/2023\/03\/curva-da-jurema_3-300x164.jpg 300w, https:\/\/jornalfatosenoticias.com.br\/wp-content\/uploads\/2023\/03\/curva-da-jurema_3-768x419.jpg 768w\" sizes=\"auto, (max-width: 1000px) 100vw, 1000px\" \/><figcaption><em><span class=\"has-inline-color has-black-color\">Requalifica\u00e7\u00e3o da Curva da Jurema (Foto: Divulga\u00e7\u00e3o\/PMV)<\/span><\/em><\/figcaption><\/figure><\/div>\n\n\n\n<p><strong><span class=\"has-inline-color has-vivid-red-color\">A obra<br><\/span><\/strong>A ordem de servi\u00e7o para as obras de reurbaniza\u00e7\u00e3o da Curva da Jurema foi assinada em julho do ano passado. Como a modalidade de licita\u00e7\u00e3o \u00e9 de contrata\u00e7\u00e3o integrada, a empresa vencedora fez inicialmente os projetos, para depois iniciar as obras.<\/p>\n\n\n\n<div class=\"wp-block-image\"><figure class=\"aligncenter size-large is-resized\"><img loading=\"lazy\" decoding=\"async\" src=\"https:\/\/jornalfatosenoticias.com.br\/wp-content\/uploads\/2020\/02\/nova-logo-Marquetti.jpg\" alt=\"\" class=\"wp-image-22331\" width=\"297\" height=\"200\" srcset=\"https:\/\/jornalfatosenoticias.com.br\/wp-content\/uploads\/2020\/02\/nova-logo-Marquetti.jpg 643w, https:\/\/jornalfatosenoticias.com.br\/wp-content\/uploads\/2020\/02\/nova-logo-Marquetti-300x202.jpg 300w\" sizes=\"auto, (max-width: 297px) 100vw, 297px\" \/><\/figure><\/div>\n\n\n\n<p>Em outubro, os projetos ficaram prontos, mas, diante da proximidade do per\u00edodo de fortes chuvas &#8211; que acabou se concretizando com 35 dias de precipita\u00e7\u00e3o pluviom\u00e9trica, a Prefeitura adiou o in\u00edcio das interven\u00e7\u00f5es em comum acordo com os comerciantes da Curva da Jurema para depois do per\u00edodo de f\u00e9rias. Tal decis\u00e3o levou em considera\u00e7\u00e3o o primeiro ver\u00e3o p\u00f3s-pandemia.<\/p>\n\n\n\n<div class=\"wp-block-image\"><figure class=\"aligncenter size-large is-resized\"><img loading=\"lazy\" decoding=\"async\" src=\"https:\/\/jornalfatosenoticias.com.br\/wp-content\/uploads\/2020\/02\/logo-Panper_portal.jpg\" alt=\"\" class=\"wp-image-34474\" width=\"316\" height=\"219\" srcset=\"https:\/\/jornalfatosenoticias.com.br\/wp-content\/uploads\/2020\/02\/logo-Panper_portal.jpg 400w, https:\/\/jornalfatosenoticias.com.br\/wp-content\/uploads\/2020\/02\/logo-Panper_portal-300x208.jpg 300w\" sizes=\"auto, (max-width: 316px) 100vw, 316px\" \/><\/figure><\/div>\n\n\n\n<p>Encerradas as f\u00e9rias, as obras foram iniciadas, com a instala\u00e7\u00e3o do canteiro e isolamento da \u00e1rea a ser reurbanizada. A Secretaria Municipal de Seguran\u00e7a Urbana (Semsu) informa que agentes de Tr\u00e2nsito da Guarda Civil Municipal de Vit\u00f3ria (GCMV) est\u00e3o no local para orientar condutores e pedestres, especialmente em dias e hor\u00e1rios de maior concentra\u00e7\u00e3o de pessoas na regi\u00e3o.<\/p>\n\n\n\n<div class=\"wp-block-image\"><figure class=\"aligncenter size-large is-resized\"><img loading=\"lazy\" decoding=\"async\" src=\"https:\/\/jornalfatosenoticias.com.br\/wp-content\/uploads\/2022\/07\/Logo-Grupo-SEI.jpg\" alt=\"\" class=\"wp-image-31973\" width=\"336\" height=\"176\" srcset=\"https:\/\/jornalfatosenoticias.com.br\/wp-content\/uploads\/2022\/07\/Logo-Grupo-SEI.jpg 713w, https:\/\/jornalfatosenoticias.com.br\/wp-content\/uploads\/2022\/07\/Logo-Grupo-SEI-300x158.jpg 300w\" sizes=\"auto, (max-width: 336px) 100vw, 336px\" \/><\/figure><\/div>\n\n\n\n<p><strong><em>Fonte: <a href=\"https:\/\/www.vitoria.es.gov.br\/noticia\/requalificacao-da-curva-da-jurema-contempla-estacionamento-e-mais-infraestrutura-47201\">PMV<\/a><\/em><\/strong><\/p>\n","protected":false},"excerpt":{"rendered":"<p>A \u00e1rea total de interven\u00e7\u00e3o \u00e9 de, aproximadamente, 16 mil metros quadrados O projeto de reurbaniza\u00e7\u00e3o da Curva da Jurema utiliza o conceito proposto nas ruas vivas e tornar\u00e1 o espa\u00e7o mais moderno e acess\u00edvel para a perman\u00eancia de pessoas, al\u00e9m de mais convidativo para quem passa pela Avenida Jos\u00e9 Miranda Machado. A \u00e1rea total [&hellip;]<\/p>\n","protected":false},"author":2,"featured_media":39740,"comment_status":"open","ping_status":"open","sticky":false,"template":"","format":"standard","meta":{"footnotes":""},"categories":[9923],"tags":[5688,18592,2610,18593,11949,12941],"class_list":["post-39737","post","type-post","status-publish","format-standard","has-post-thumbnail","hentry","category-mobilidade","tag-areas-verdes","tag-calcadao-2","tag-ciclovia","tag-curva-da-jurema","tag-infraestrutura-urbana","tag-reurbanizacao"],"yoast_head":"<!-- This site is optimized with the Yoast SEO plugin v26.5 - https:\/\/yoast.com\/wordpress\/plugins\/seo\/ -->\n<title>Requalifica\u00e7\u00e3o da Curva da Jurema contempla estacionamento e mais infraestrutura - Jornal Fatos e Not\u00edcias<\/title>\n<meta name=\"robots\" content=\"index, follow, max-snippet:-1, max-image-preview:large, max-video-preview:-1\" \/>\n<link rel=\"canonical\" href=\"https:\/\/jornalfatosenoticias.com.br\/index.php\/2023\/03\/17\/requalificacao-da-curva-da-jurema-contempla-estacionamento-e-mais-infraestrutura\/\" \/>\n<meta property=\"og:locale\" content=\"pt_BR\" \/>\n<meta property=\"og:type\" content=\"article\" \/>\n<meta property=\"og:title\" content=\"Requalifica\u00e7\u00e3o da Curva da Jurema contempla estacionamento e mais infraestrutura - Jornal Fatos e Not\u00edcias\" \/>\n<meta property=\"og:description\" content=\"A \u00e1rea total de interven\u00e7\u00e3o \u00e9 de, aproximadamente, 16 mil metros quadrados O projeto de reurbaniza\u00e7\u00e3o da Curva da Jurema utiliza o conceito proposto nas ruas vivas e tornar\u00e1 o espa\u00e7o mais moderno e acess\u00edvel para a perman\u00eancia de pessoas, al\u00e9m de mais convidativo para quem passa pela Avenida Jos\u00e9 Miranda Machado. A \u00e1rea total [&hellip;]\" \/>\n<meta property=\"og:url\" content=\"https:\/\/jornalfatosenoticias.com.br\/index.php\/2023\/03\/17\/requalificacao-da-curva-da-jurema-contempla-estacionamento-e-mais-infraestrutura\/\" \/>\n<meta property=\"og:site_name\" content=\"Jornal Fatos e Not\u00edcias\" \/>\n<meta property=\"article:published_time\" content=\"2023-03-17T17:25:43+00:00\" \/>\n<meta property=\"article:modified_time\" content=\"2023-03-17T17:25:45+00:00\" \/>\n<meta property=\"og:image\" content=\"https:\/\/jornalfatosenoticias.com.br\/wp-content\/uploads\/2023\/03\/curva-da-jurema_capa.jpg\" \/>\n\t<meta property=\"og:image:width\" content=\"1000\" \/>\n\t<meta property=\"og:image:height\" content=\"361\" \/>\n\t<meta property=\"og:image:type\" content=\"image\/jpeg\" \/>\n<meta name=\"author\" content=\"Luzimara Fernandes\" \/>\n<meta name=\"twitter:card\" content=\"summary_large_image\" \/>\n<meta name=\"twitter:label1\" content=\"Escrito por\" \/>\n\t<meta name=\"twitter:data1\" content=\"Luzimara Fernandes\" \/>\n\t<meta name=\"twitter:label2\" content=\"Est. tempo de leitura\" \/>\n\t<meta name=\"twitter:data2\" content=\"3 minutos\" \/>\n<script type=\"application\/ld+json\" class=\"yoast-schema-graph\">{\"@context\":\"https:\/\/schema.org\",\"@graph\":[{\"@type\":\"Article\",\"@id\":\"https:\/\/jornalfatosenoticias.com.br\/index.php\/2023\/03\/17\/requalificacao-da-curva-da-jurema-contempla-estacionamento-e-mais-infraestrutura\/#article\",\"isPartOf\":{\"@id\":\"https:\/\/jornalfatosenoticias.com.br\/index.php\/2023\/03\/17\/requalificacao-da-curva-da-jurema-contempla-estacionamento-e-mais-infraestrutura\/\"},\"author\":{\"name\":\"Luzimara Fernandes\",\"@id\":\"https:\/\/jornalfatosenoticias.com.br\/#\/schema\/person\/d63837fa13ac8666eb9e74e0985d6f81\"},\"headline\":\"Requalifica\u00e7\u00e3o da Curva da Jurema contempla estacionamento e mais infraestrutura\",\"datePublished\":\"2023-03-17T17:25:43+00:00\",\"dateModified\":\"2023-03-17T17:25:45+00:00\",\"mainEntityOfPage\":{\"@id\":\"https:\/\/jornalfatosenoticias.com.br\/index.php\/2023\/03\/17\/requalificacao-da-curva-da-jurema-contempla-estacionamento-e-mais-infraestrutura\/\"},\"wordCount\":638,\"commentCount\":0,\"publisher\":{\"@id\":\"https:\/\/jornalfatosenoticias.com.br\/#organization\"},\"image\":{\"@id\":\"https:\/\/jornalfatosenoticias.com.br\/index.php\/2023\/03\/17\/requalificacao-da-curva-da-jurema-contempla-estacionamento-e-mais-infraestrutura\/#primaryimage\"},\"thumbnailUrl\":\"https:\/\/jornalfatosenoticias.com.br\/wp-content\/uploads\/2023\/03\/curva-da-jurema_capa.jpg\",\"keywords\":[\"\u00e1reas verdes\",\"cal\u00e7\u00e3d\u00e3o\",\"ciclovia\",\"Curva da Jurema\",\"infraestrutura urbana\",\"reurbaniza\u00e7\u00e3o\"],\"articleSection\":[\"Mobilidade\"],\"inLanguage\":\"pt-BR\",\"potentialAction\":[{\"@type\":\"CommentAction\",\"name\":\"Comment\",\"target\":[\"https:\/\/jornalfatosenoticias.com.br\/index.php\/2023\/03\/17\/requalificacao-da-curva-da-jurema-contempla-estacionamento-e-mais-infraestrutura\/#respond\"]}]},{\"@type\":\"WebPage\",\"@id\":\"https:\/\/jornalfatosenoticias.com.br\/index.php\/2023\/03\/17\/requalificacao-da-curva-da-jurema-contempla-estacionamento-e-mais-infraestrutura\/\",\"url\":\"https:\/\/jornalfatosenoticias.com.br\/index.php\/2023\/03\/17\/requalificacao-da-curva-da-jurema-contempla-estacionamento-e-mais-infraestrutura\/\",\"name\":\"Requalifica\u00e7\u00e3o da Curva da Jurema contempla estacionamento e mais infraestrutura - Jornal Fatos e Not\u00edcias\",\"isPartOf\":{\"@id\":\"https:\/\/jornalfatosenoticias.com.br\/#website\"},\"primaryImageOfPage\":{\"@id\":\"https:\/\/jornalfatosenoticias.com.br\/index.php\/2023\/03\/17\/requalificacao-da-curva-da-jurema-contempla-estacionamento-e-mais-infraestrutura\/#primaryimage\"},\"image\":{\"@id\":\"https:\/\/jornalfatosenoticias.com.br\/index.php\/2023\/03\/17\/requalificacao-da-curva-da-jurema-contempla-estacionamento-e-mais-infraestrutura\/#primaryimage\"},\"thumbnailUrl\":\"https:\/\/jornalfatosenoticias.com.br\/wp-content\/uploads\/2023\/03\/curva-da-jurema_capa.jpg\",\"datePublished\":\"2023-03-17T17:25:43+00:00\",\"dateModified\":\"2023-03-17T17:25:45+00:00\",\"breadcrumb\":{\"@id\":\"https:\/\/jornalfatosenoticias.com.br\/index.php\/2023\/03\/17\/requalificacao-da-curva-da-jurema-contempla-estacionamento-e-mais-infraestrutura\/#breadcrumb\"},\"inLanguage\":\"pt-BR\",\"potentialAction\":[{\"@type\":\"ReadAction\",\"target\":[\"https:\/\/jornalfatosenoticias.com.br\/index.php\/2023\/03\/17\/requalificacao-da-curva-da-jurema-contempla-estacionamento-e-mais-infraestrutura\/\"]}]},{\"@type\":\"ImageObject\",\"inLanguage\":\"pt-BR\",\"@id\":\"https:\/\/jornalfatosenoticias.com.br\/index.php\/2023\/03\/17\/requalificacao-da-curva-da-jurema-contempla-estacionamento-e-mais-infraestrutura\/#primaryimage\",\"url\":\"https:\/\/jornalfatosenoticias.com.br\/wp-content\/uploads\/2023\/03\/curva-da-jurema_capa.jpg\",\"contentUrl\":\"https:\/\/jornalfatosenoticias.com.br\/wp-content\/uploads\/2023\/03\/curva-da-jurema_capa.jpg\",\"width\":1000,\"height\":361,\"caption\":\"Requalifica\u00e7\u00e3o da Curva da Jurema contempla estacionamento e mais infraestrutura\"},{\"@type\":\"BreadcrumbList\",\"@id\":\"https:\/\/jornalfatosenoticias.com.br\/index.php\/2023\/03\/17\/requalificacao-da-curva-da-jurema-contempla-estacionamento-e-mais-infraestrutura\/#breadcrumb\",\"itemListElement\":[{\"@type\":\"ListItem\",\"position\":1,\"name\":\"In\u00edcio\",\"item\":\"https:\/\/jornalfatosenoticias.com.br\/\"},{\"@type\":\"ListItem\",\"position\":2,\"name\":\"Requalifica\u00e7\u00e3o da Curva da Jurema contempla estacionamento e mais infraestrutura\"}]},{\"@type\":\"WebSite\",\"@id\":\"https:\/\/jornalfatosenoticias.com.br\/#website\",\"url\":\"https:\/\/jornalfatosenoticias.com.br\/\",\"name\":\"Jornal Fatos e Not\u00edcias\",\"description\":\"Not\u00edcias em geral\",\"publisher\":{\"@id\":\"https:\/\/jornalfatosenoticias.com.br\/#organization\"},\"potentialAction\":[{\"@type\":\"SearchAction\",\"target\":{\"@type\":\"EntryPoint\",\"urlTemplate\":\"https:\/\/jornalfatosenoticias.com.br\/?s={search_term_string}\"},\"query-input\":{\"@type\":\"PropertyValueSpecification\",\"valueRequired\":true,\"valueName\":\"search_term_string\"}}],\"inLanguage\":\"pt-BR\"},{\"@type\":\"Organization\",\"@id\":\"https:\/\/jornalfatosenoticias.com.br\/#organization\",\"name\":\"Jornal Fatos e Not\u00edcias\",\"url\":\"https:\/\/jornalfatosenoticias.com.br\/\",\"logo\":{\"@type\":\"ImageObject\",\"inLanguage\":\"pt-BR\",\"@id\":\"https:\/\/jornalfatosenoticias.com.br\/#\/schema\/logo\/image\/\",\"url\":\"https:\/\/jornalfatosenoticias.com.br\/wp-content\/uploads\/2020\/02\/logo120.png\",\"contentUrl\":\"https:\/\/jornalfatosenoticias.com.br\/wp-content\/uploads\/2020\/02\/logo120.png\",\"width\":1227,\"height\":120,\"caption\":\"Jornal Fatos e Not\u00edcias\"},\"image\":{\"@id\":\"https:\/\/jornalfatosenoticias.com.br\/#\/schema\/logo\/image\/\"}},{\"@type\":\"Person\",\"@id\":\"https:\/\/jornalfatosenoticias.com.br\/#\/schema\/person\/d63837fa13ac8666eb9e74e0985d6f81\",\"name\":\"Luzimara Fernandes\",\"image\":{\"@type\":\"ImageObject\",\"inLanguage\":\"pt-BR\",\"@id\":\"https:\/\/jornalfatosenoticias.com.br\/#\/schema\/person\/image\/\",\"url\":\"https:\/\/jornalfatosenoticias.com.br\/wp-content\/uploads\/2025\/05\/EU_portal.jpg\",\"contentUrl\":\"https:\/\/jornalfatosenoticias.com.br\/wp-content\/uploads\/2025\/05\/EU_portal.jpg\",\"caption\":\"Luzimara Fernandes\"},\"description\":\"Jornalista MTB 2358-ES\",\"sameAs\":[\"https:\/\/jornalfatosenoticias.com.br\"],\"url\":\"https:\/\/jornalfatosenoticias.com.br\/index.php\/author\/luzimara\/\"}]}<\/script>\n<!-- \/ Yoast SEO plugin. -->","yoast_head_json":{"title":"Requalifica\u00e7\u00e3o da Curva da Jurema contempla estacionamento e mais infraestrutura - Jornal Fatos e Not\u00edcias","robots":{"index":"index","follow":"follow","max-snippet":"max-snippet:-1","max-image-preview":"max-image-preview:large","max-video-preview":"max-video-preview:-1"},"canonical":"https:\/\/jornalfatosenoticias.com.br\/index.php\/2023\/03\/17\/requalificacao-da-curva-da-jurema-contempla-estacionamento-e-mais-infraestrutura\/","og_locale":"pt_BR","og_type":"article","og_title":"Requalifica\u00e7\u00e3o da Curva da Jurema contempla estacionamento e mais infraestrutura - Jornal Fatos e Not\u00edcias","og_description":"A \u00e1rea total de interven\u00e7\u00e3o \u00e9 de, aproximadamente, 16 mil metros quadrados O projeto de reurbaniza\u00e7\u00e3o da Curva da Jurema utiliza o conceito proposto nas ruas vivas e tornar\u00e1 o espa\u00e7o mais moderno e acess\u00edvel para a perman\u00eancia de pessoas, al\u00e9m de mais convidativo para quem passa pela Avenida Jos\u00e9 Miranda Machado. A \u00e1rea total [&hellip;]","og_url":"https:\/\/jornalfatosenoticias.com.br\/index.php\/2023\/03\/17\/requalificacao-da-curva-da-jurema-contempla-estacionamento-e-mais-infraestrutura\/","og_site_name":"Jornal Fatos e Not\u00edcias","article_published_time":"2023-03-17T17:25:43+00:00","article_modified_time":"2023-03-17T17:25:45+00:00","og_image":[{"width":1000,"height":361,"url":"https:\/\/jornalfatosenoticias.com.br\/wp-content\/uploads\/2023\/03\/curva-da-jurema_capa.jpg","type":"image\/jpeg"}],"author":"Luzimara Fernandes","twitter_card":"summary_large_image","twitter_misc":{"Escrito por":"Luzimara Fernandes","Est. tempo de leitura":"3 minutos"},"schema":{"@context":"https:\/\/schema.org","@graph":[{"@type":"Article","@id":"https:\/\/jornalfatosenoticias.com.br\/index.php\/2023\/03\/17\/requalificacao-da-curva-da-jurema-contempla-estacionamento-e-mais-infraestrutura\/#article","isPartOf":{"@id":"https:\/\/jornalfatosenoticias.com.br\/index.php\/2023\/03\/17\/requalificacao-da-curva-da-jurema-contempla-estacionamento-e-mais-infraestrutura\/"},"author":{"name":"Luzimara Fernandes","@id":"https:\/\/jornalfatosenoticias.com.br\/#\/schema\/person\/d63837fa13ac8666eb9e74e0985d6f81"},"headline":"Requalifica\u00e7\u00e3o da Curva da Jurema contempla estacionamento e mais infraestrutura","datePublished":"2023-03-17T17:25:43+00:00","dateModified":"2023-03-17T17:25:45+00:00","mainEntityOfPage":{"@id":"https:\/\/jornalfatosenoticias.com.br\/index.php\/2023\/03\/17\/requalificacao-da-curva-da-jurema-contempla-estacionamento-e-mais-infraestrutura\/"},"wordCount":638,"commentCount":0,"publisher":{"@id":"https:\/\/jornalfatosenoticias.com.br\/#organization"},"image":{"@id":"https:\/\/jornalfatosenoticias.com.br\/index.php\/2023\/03\/17\/requalificacao-da-curva-da-jurema-contempla-estacionamento-e-mais-infraestrutura\/#primaryimage"},"thumbnailUrl":"https:\/\/jornalfatosenoticias.com.br\/wp-content\/uploads\/2023\/03\/curva-da-jurema_capa.jpg","keywords":["\u00e1reas verdes","cal\u00e7\u00e3d\u00e3o","ciclovia","Curva da Jurema","infraestrutura urbana","reurbaniza\u00e7\u00e3o"],"articleSection":["Mobilidade"],"inLanguage":"pt-BR","potentialAction":[{"@type":"CommentAction","name":"Comment","target":["https:\/\/jornalfatosenoticias.com.br\/index.php\/2023\/03\/17\/requalificacao-da-curva-da-jurema-contempla-estacionamento-e-mais-infraestrutura\/#respond"]}]},{"@type":"WebPage","@id":"https:\/\/jornalfatosenoticias.com.br\/index.php\/2023\/03\/17\/requalificacao-da-curva-da-jurema-contempla-estacionamento-e-mais-infraestrutura\/","url":"https:\/\/jornalfatosenoticias.com.br\/index.php\/2023\/03\/17\/requalificacao-da-curva-da-jurema-contempla-estacionamento-e-mais-infraestrutura\/","name":"Requalifica\u00e7\u00e3o da Curva da Jurema contempla estacionamento e mais infraestrutura - Jornal Fatos e Not\u00edcias","isPartOf":{"@id":"https:\/\/jornalfatosenoticias.com.br\/#website"},"primaryImageOfPage":{"@id":"https:\/\/jornalfatosenoticias.com.br\/index.php\/2023\/03\/17\/requalificacao-da-curva-da-jurema-contempla-estacionamento-e-mais-infraestrutura\/#primaryimage"},"image":{"@id":"https:\/\/jornalfatosenoticias.com.br\/index.php\/2023\/03\/17\/requalificacao-da-curva-da-jurema-contempla-estacionamento-e-mais-infraestrutura\/#primaryimage"},"thumbnailUrl":"https:\/\/jornalfatosenoticias.com.br\/wp-content\/uploads\/2023\/03\/curva-da-jurema_capa.jpg","datePublished":"2023-03-17T17:25:43+00:00","dateModified":"2023-03-17T17:25:45+00:00","breadcrumb":{"@id":"https:\/\/jornalfatosenoticias.com.br\/index.php\/2023\/03\/17\/requalificacao-da-curva-da-jurema-contempla-estacionamento-e-mais-infraestrutura\/#breadcrumb"},"inLanguage":"pt-BR","potentialAction":[{"@type":"ReadAction","target":["https:\/\/jornalfatosenoticias.com.br\/index.php\/2023\/03\/17\/requalificacao-da-curva-da-jurema-contempla-estacionamento-e-mais-infraestrutura\/"]}]},{"@type":"ImageObject","inLanguage":"pt-BR","@id":"https:\/\/jornalfatosenoticias.com.br\/index.php\/2023\/03\/17\/requalificacao-da-curva-da-jurema-contempla-estacionamento-e-mais-infraestrutura\/#primaryimage","url":"https:\/\/jornalfatosenoticias.com.br\/wp-content\/uploads\/2023\/03\/curva-da-jurema_capa.jpg","contentUrl":"https:\/\/jornalfatosenoticias.com.br\/wp-content\/uploads\/2023\/03\/curva-da-jurema_capa.jpg","width":1000,"height":361,"caption":"Requalifica\u00e7\u00e3o da Curva da Jurema contempla estacionamento e mais infraestrutura"},{"@type":"BreadcrumbList","@id":"https:\/\/jornalfatosenoticias.com.br\/index.php\/2023\/03\/17\/requalificacao-da-curva-da-jurema-contempla-estacionamento-e-mais-infraestrutura\/#breadcrumb","itemListElement":[{"@type":"ListItem","position":1,"name":"In\u00edcio","item":"https:\/\/jornalfatosenoticias.com.br\/"},{"@type":"ListItem","position":2,"name":"Requalifica\u00e7\u00e3o da Curva da Jurema contempla estacionamento e mais infraestrutura"}]},{"@type":"WebSite","@id":"https:\/\/jornalfatosenoticias.com.br\/#website","url":"https:\/\/jornalfatosenoticias.com.br\/","name":"Jornal Fatos e Not\u00edcias","description":"Not\u00edcias em geral","publisher":{"@id":"https:\/\/jornalfatosenoticias.com.br\/#organization"},"potentialAction":[{"@type":"SearchAction","target":{"@type":"EntryPoint","urlTemplate":"https:\/\/jornalfatosenoticias.com.br\/?s={search_term_string}"},"query-input":{"@type":"PropertyValueSpecification","valueRequired":true,"valueName":"search_term_string"}}],"inLanguage":"pt-BR"},{"@type":"Organization","@id":"https:\/\/jornalfatosenoticias.com.br\/#organization","name":"Jornal Fatos e Not\u00edcias","url":"https:\/\/jornalfatosenoticias.com.br\/","logo":{"@type":"ImageObject","inLanguage":"pt-BR","@id":"https:\/\/jornalfatosenoticias.com.br\/#\/schema\/logo\/image\/","url":"https:\/\/jornalfatosenoticias.com.br\/wp-content\/uploads\/2020\/02\/logo120.png","contentUrl":"https:\/\/jornalfatosenoticias.com.br\/wp-content\/uploads\/2020\/02\/logo120.png","width":1227,"height":120,"caption":"Jornal Fatos e Not\u00edcias"},"image":{"@id":"https:\/\/jornalfatosenoticias.com.br\/#\/schema\/logo\/image\/"}},{"@type":"Person","@id":"https:\/\/jornalfatosenoticias.com.br\/#\/schema\/person\/d63837fa13ac8666eb9e74e0985d6f81","name":"Luzimara Fernandes","image":{"@type":"ImageObject","inLanguage":"pt-BR","@id":"https:\/\/jornalfatosenoticias.com.br\/#\/schema\/person\/image\/","url":"https:\/\/jornalfatosenoticias.com.br\/wp-content\/uploads\/2025\/05\/EU_portal.jpg","contentUrl":"https:\/\/jornalfatosenoticias.com.br\/wp-content\/uploads\/2025\/05\/EU_portal.jpg","caption":"Luzimara Fernandes"},"description":"Jornalista MTB 2358-ES","sameAs":["https:\/\/jornalfatosenoticias.com.br"],"url":"https:\/\/jornalfatosenoticias.com.br\/index.php\/author\/luzimara\/"}]}},"cc_featured_image_caption":{"caption_text":"(Foto: Divulga\u00e7\u00e3o\/PMV) ","source_text":"","source_url":""},"jetpack_featured_media_url":"https:\/\/jornalfatosenoticias.com.br\/wp-content\/uploads\/2023\/03\/curva-da-jurema_capa.jpg","_links":{"self":[{"href":"https:\/\/jornalfatosenoticias.com.br\/index.php\/wp-json\/wp\/v2\/posts\/39737","targetHints":{"allow":["GET"]}}],"collection":[{"href":"https:\/\/jornalfatosenoticias.com.br\/index.php\/wp-json\/wp\/v2\/posts"}],"about":[{"href":"https:\/\/jornalfatosenoticias.com.br\/index.php\/wp-json\/wp\/v2\/types\/post"}],"author":[{"embeddable":true,"href":"https:\/\/jornalfatosenoticias.com.br\/index.php\/wp-json\/wp\/v2\/users\/2"}],"replies":[{"embeddable":true,"href":"https:\/\/jornalfatosenoticias.com.br\/index.php\/wp-json\/wp\/v2\/comments?post=39737"}],"version-history":[{"count":0,"href":"https:\/\/jornalfatosenoticias.com.br\/index.php\/wp-json\/wp\/v2\/posts\/39737\/revisions"}],"wp:featuredmedia":[{"embeddable":true,"href":"https:\/\/jornalfatosenoticias.com.br\/index.php\/wp-json\/wp\/v2\/media\/39740"}],"wp:attachment":[{"href":"https:\/\/jornalfatosenoticias.com.br\/index.php\/wp-json\/wp\/v2\/media?parent=39737"}],"wp:term":[{"taxonomy":"category","embeddable":true,"href":"https:\/\/jornalfatosenoticias.com.br\/index.php\/wp-json\/wp\/v2\/categories?post=39737"},{"taxonomy":"post_tag","embeddable":true,"href":"https:\/\/jornalfatosenoticias.com.br\/index.php\/wp-json\/wp\/v2\/tags?post=39737"}],"curies":[{"name":"wp","href":"https:\/\/api.w.org\/{rel}","templated":true}]}}