{"id":39742,"date":"2023-03-17T14:45:25","date_gmt":"2023-03-17T17:45:25","guid":{"rendered":"https:\/\/jornalfatosenoticias.com.br\/?p=39742"},"modified":"2023-03-17T14:45:26","modified_gmt":"2023-03-17T17:45:26","slug":"dia-mundial-da-agua-confira-a-programacao-educativa-de-vitoria","status":"publish","type":"post","link":"https:\/\/jornalfatosenoticias.com.br\/index.php\/2023\/03\/17\/dia-mundial-da-agua-confira-a-programacao-educativa-de-vitoria\/","title":{"rendered":"Dia Mundial da \u00c1gua: confira a programa\u00e7\u00e3o educativa de Vit\u00f3ria"},"content":{"rendered":"\n<p><em><span class=\"has-inline-color has-black-color\">A Secretaria de Meio Ambiente de Vit\u00f3ria preparou uma programa\u00e7\u00e3o com v\u00e1rias atividades que ser\u00e3o trabalhadas durante a &#8220;Semana Municipal da \u00c1gua&#8221;<\/span><\/em><\/p>\n\n\n\n<div class=\"wp-block-image\"><figure class=\"aligncenter size-large\"><img decoding=\"async\" src=\"https:\/\/jornalfatosenoticias.com.br\/wp-content\/uploads\/2020\/02\/logo-embacia-1-1024x110.jpg\" alt=\"\" class=\"wp-image-33954\"\/><\/figure><\/div>\n\n\n\n<p>Na pr\u00f3xima quarta-feira (22) \u00e9 celebrado o <strong>Dia Mundial da \u00c1gua.<\/strong> Para lembrar essa importante data e outras tamb\u00e9m ligadas ao tema na capital, a Secretaria de Meio Ambiente de Vit\u00f3ria (Semmam) preparou uma programa\u00e7\u00e3o com v\u00e1rias atividades que ser\u00e3o trabalhadas durante a <em>&#8220;Semana Municipal da \u00c1gua&#8221;<\/em>, de 19 a 25 de mar\u00e7o. Acesse\u00a0<a href=\"https:\/\/gerenciador.vitoria.es.gov.br\/recursos\/arquivos\/anexos\/00003709_dia_mundial_da_agua.pdf\">aqui<\/a>\u00a0a programa\u00e7\u00e3o.<\/p>\n\n\n\n<div class=\"wp-block-image\"><figure class=\"aligncenter size-large is-resized\"><img loading=\"lazy\" decoding=\"async\" src=\"https:\/\/jornalfatosenoticias.com.br\/wp-content\/uploads\/2021\/10\/LOGO-JUNTOS-SOS-ES-AMBIENTAL.jpg\" alt=\"\" class=\"wp-image-23922\" width=\"289\" height=\"268\"\/><\/figure><\/div>\n\n\n\n<p>A abertura da<em> Semana da \u00c1gua<\/em> ocorrer\u00e1 no parque Gruta da On\u00e7a, no Centro da capital, na pr\u00f3xima ter\u00e7a-feira (21), a partir das oito horas. Na oportunidade, alunos de escolas p\u00fablicas municipais v\u00e3o participar de atividades no local, dentre elas conta\u00e7\u00e3o de hist\u00f3ria sobre o surgimento do parque a partir do Chafariz da Capixaba, visita monitorada \u00e0 nascente e curso d&#8217;\u00e1gua que fica dentro da unidade e caminhada pelas trilhas hist\u00f3ricas.<\/p>\n\n\n\n<div class=\"wp-block-image\"><figure class=\"aligncenter size-large is-resized\"><img loading=\"lazy\" decoding=\"async\" src=\"https:\/\/jornalfatosenoticias.com.br\/wp-content\/uploads\/2022\/02\/Precisao-Contabilidade-1024x724.jpg\" alt=\"\" class=\"wp-image-28088\" width=\"347\" height=\"245\"\/><\/figure><\/div>\n\n\n\n<p>Com a tem\u00e1tica &#8220;\u00c1guas que fluem vida e contam hist\u00f3rias&#8221;, a programa\u00e7\u00e3o elaborada pela equipe da Ger\u00eancia de Educa\u00e7\u00e3o Ambiental (GEA), da Semmam, ter\u00e1 ainda ao longo da semana bate-papos, cine v\u00eddeos, atividades l\u00fadicas e jogos interativos para o envolvimento e aprendizados dos alunos de escolas p\u00fablicas municipais e de outras unidades de ensino localizadas no entorno dos parques Gruta da On\u00e7a e da Fonte Grande, da Mata Paludosa, do Vale do Mulemb\u00e1.<\/p>\n\n\n\n<div class=\"wp-block-image\"><figure class=\"aligncenter size-large\"><img loading=\"lazy\" decoding=\"async\" width=\"300\" height=\"250\" src=\"https:\/\/jornalfatosenoticias.com.br\/wp-content\/uploads\/2022\/08\/arte-Casarao.jpg\" alt=\"\" class=\"wp-image-33178\"\/><\/figure><\/div>\n\n\n\n<blockquote class=\"wp-block-quote is-layout-flow wp-block-quote-is-layout-flow\"><p><span class=\"has-inline-color has-luminous-vivid-orange-color\">A Semana da \u00c1gua tem o objetivo de compartilhar experi\u00eancias e conhecimentos sobre a gest\u00e3o dos recursos h\u00eddricos a partir de diferentes olhares, al\u00e9m de propiciar o di\u00e1logo entre especialistas e a sociedade. Por isso, preparamos uma programa\u00e7\u00e3o voltada \u00e0 educa\u00e7\u00e3o ambiental para mostrar que atitudes do dia a dia podem fazer a diferen\u00e7a&#8221;, destacou o secret\u00e1rio municipal de Meio Ambiente, Tarc\u00edsio Foeger.<\/span><\/p><\/blockquote>\n\n\n\n<div class=\"wp-block-image\"><figure class=\"aligncenter size-large\"><img loading=\"lazy\" decoding=\"async\" width=\"700\" height=\"700\" src=\"https:\/\/jornalfatosenoticias.com.br\/wp-content\/uploads\/2023\/03\/banner-dia-mundial-da-agua.jpg\" alt=\"\" class=\"wp-image-39743\" srcset=\"https:\/\/jornalfatosenoticias.com.br\/wp-content\/uploads\/2023\/03\/banner-dia-mundial-da-agua.jpg 700w, https:\/\/jornalfatosenoticias.com.br\/wp-content\/uploads\/2023\/03\/banner-dia-mundial-da-agua-300x300.jpg 300w, https:\/\/jornalfatosenoticias.com.br\/wp-content\/uploads\/2023\/03\/banner-dia-mundial-da-agua-150x150.jpg 150w\" sizes=\"auto, (max-width: 700px) 100vw, 700px\" \/><figcaption><em><span class=\"has-inline-color has-black-color\">Semana da \u00c1gua 2023 (Foto: Divulga\u00e7\u00e3o\/PMV)<\/span><\/em><\/figcaption><\/figure><\/div>\n\n\n\n<p><strong><span class=\"has-inline-color has-vivid-green-cyan-color\">Fonte Viva<br><\/span><\/strong>Na pr\u00f3xima ter\u00e7a-feira (21), tamb\u00e9m se comemora na capital o <strong>Dia Municipal de Preserva\u00e7\u00e3o e Recupera\u00e7\u00e3o das Nascentes. <\/strong>As nascentes e c\u00f3rregos da cidade s\u00e3o o foco do Programa Fonte Viva, lan\u00e7ado no ano passado pela gest\u00e3o do prefeito Lorenzo Pazolini. Esse programa compreende a elabora\u00e7\u00e3o de estudos hidrol\u00f3gicos, que identificam a qualidade e a quantidade de \u00e1gua, em 25 nascentes, em uma primeira fase.<\/p>\n\n\n\n<div class=\"wp-block-image\"><figure class=\"aligncenter size-large\"><img decoding=\"async\" src=\"https:\/\/jornalfatosenoticias.com.br\/wp-content\/uploads\/2020\/02\/Logomarca-Principal.gif\" alt=\"\" class=\"wp-image-7872\"\/><\/figure><\/div>\n\n\n\n<p>A partir desses estudos, o programa prev\u00ea o desenvolvimento de projetos de engenharia e de obras para constru\u00e7\u00e3o de fontes e de outras estruturas para armazenamento e distribui\u00e7\u00e3o das \u00e1guas nos 15 pontos que apresentarem maior potencial h\u00eddrico. Os recursos foram captados junto ao Banco Interamericano de Desenvolvimento (BID).<\/p>\n\n\n\n<div class=\"wp-block-image\"><figure class=\"aligncenter size-large\"><img decoding=\"async\" src=\"https:\/\/jornalfatosenoticias.com.br\/wp-content\/uploads\/2020\/02\/logo_esteio.jpg\" alt=\"\" class=\"wp-image-1214\"\/><\/figure><\/div>\n\n\n\n<blockquote class=\"wp-block-quote is-layout-flow wp-block-quote-is-layout-flow\"><p><span class=\"has-inline-color has-luminous-vivid-orange-color\">Dessa forma o Programa Fonte Viva permitir\u00e1 a disponibiliza\u00e7\u00e3o de \u00e1gua pot\u00e1vel para as comunidades do entorno das fontes p\u00fablicas que ser\u00e3o constru\u00eddas&#8221;, destaca o secret\u00e1rio Tarc\u00edsio Foeger.<\/span><\/p><\/blockquote>\n\n\n\n<div class=\"wp-block-image\"><figure class=\"aligncenter size-large is-resized\"><img loading=\"lazy\" decoding=\"async\" src=\"https:\/\/jornalfatosenoticias.com.br\/wp-content\/uploads\/2022\/07\/Logo-Grupo-SEI.jpg\" alt=\"\" class=\"wp-image-31973\" width=\"364\" height=\"191\" srcset=\"https:\/\/jornalfatosenoticias.com.br\/wp-content\/uploads\/2022\/07\/Logo-Grupo-SEI.jpg 713w, https:\/\/jornalfatosenoticias.com.br\/wp-content\/uploads\/2022\/07\/Logo-Grupo-SEI-300x158.jpg 300w\" sizes=\"auto, (max-width: 364px) 100vw, 364px\" \/><\/figure><\/div>\n\n\n\n<p><strong><span class=\"has-inline-color has-vivid-green-cyan-color\">Data comemorativa<br><\/span><\/strong>O<strong> Dia Mundial da \u00c1gua<\/strong> \u00e9 comemorado, todos os anos, no dia 22 de mar\u00e7o. A data foi sugerida na Confer\u00eancia das Na\u00e7\u00f5es Unidas sobre Meio Ambiente e Desenvolvimento de 1992, e passou a ser comemorada em 1993.<br>O objetivo do <strong>Dia Mundial da \u00c1gua <\/strong>\u00e9 promover conscientiza\u00e7\u00e3o sobre a relev\u00e2ncia da \u00e1gua para a nossa sobreviv\u00eancia e de outros seres vivos. Al\u00e9m disso, a data \u00e9 um momento para lembrar a import\u00e2ncia do uso sustent\u00e1vel desse recurso e a urgente necessidade de conserva\u00e7\u00e3o dos ambientes aqu\u00e1ticos.<\/p>\n\n\n\n<div class=\"wp-block-image\"><figure class=\"aligncenter size-large\"><img loading=\"lazy\" decoding=\"async\" width=\"1024\" height=\"110\" src=\"https:\/\/jornalfatosenoticias.com.br\/wp-content\/uploads\/2023\/03\/Crypton-1120-\u00d7-120-px-1-1024x110.png\" alt=\"\" class=\"wp-image-39211\" srcset=\"https:\/\/jornalfatosenoticias.com.br\/wp-content\/uploads\/2023\/03\/Crypton-1120-\u00d7-120-px-1-1024x110.png 1024w, https:\/\/jornalfatosenoticias.com.br\/wp-content\/uploads\/2023\/03\/Crypton-1120-\u00d7-120-px-1-300x32.png 300w, https:\/\/jornalfatosenoticias.com.br\/wp-content\/uploads\/2023\/03\/Crypton-1120-\u00d7-120-px-1-768x82.png 768w, https:\/\/jornalfatosenoticias.com.br\/wp-content\/uploads\/2023\/03\/Crypton-1120-\u00d7-120-px-1.png 1120w\" sizes=\"auto, (max-width: 1024px) 100vw, 1024px\" \/><\/figure><\/div>\n\n\n\n<p><strong><em>Fonte: <a href=\"https:\/\/www.vitoria.es.gov.br\/noticia\/dia-mundial-da-agua-confira-a-programacao-educativa-da-capital-47206\">PMV<\/a><\/em><\/strong><\/p>\n","protected":false},"excerpt":{"rendered":"<p>A Secretaria de Meio Ambiente de Vit\u00f3ria preparou uma programa\u00e7\u00e3o com v\u00e1rias atividades que ser\u00e3o trabalhadas durante a &#8220;Semana Municipal da \u00c1gua&#8221; Na pr\u00f3xima quarta-feira (22) \u00e9 celebrado o Dia Mundial da \u00c1gua. Para lembrar essa importante data e outras tamb\u00e9m ligadas ao tema na capital, a Secretaria de Meio Ambiente de Vit\u00f3ria (Semmam) preparou [&hellip;]<\/p>\n","protected":false},"author":2,"featured_media":39744,"comment_status":"open","ping_status":"open","sticky":false,"template":"","format":"standard","meta":{"footnotes":""},"categories":[8],"tags":[8127,8926,18594,882],"class_list":["post-39742","post","type-post","status-publish","format-standard","has-post-thumbnail","hentry","category-meio-ambiente","tag-dia-mundial-da-agua","tag-nascentes","tag-semana-municipal-da-agua","tag-vitoria"],"yoast_head":"<!-- This site is optimized with the Yoast SEO plugin v26.5 - https:\/\/yoast.com\/wordpress\/plugins\/seo\/ -->\n<title>Dia Mundial da \u00c1gua: confira a programa\u00e7\u00e3o educativa de Vit\u00f3ria - Jornal Fatos e Not\u00edcias<\/title>\n<meta name=\"robots\" content=\"index, follow, max-snippet:-1, max-image-preview:large, max-video-preview:-1\" \/>\n<link rel=\"canonical\" href=\"https:\/\/jornalfatosenoticias.com.br\/index.php\/2023\/03\/17\/dia-mundial-da-agua-confira-a-programacao-educativa-de-vitoria\/\" \/>\n<meta property=\"og:locale\" content=\"pt_BR\" \/>\n<meta property=\"og:type\" content=\"article\" \/>\n<meta property=\"og:title\" content=\"Dia Mundial da \u00c1gua: confira a programa\u00e7\u00e3o educativa de Vit\u00f3ria - Jornal Fatos e Not\u00edcias\" \/>\n<meta property=\"og:description\" content=\"A Secretaria de Meio Ambiente de Vit\u00f3ria preparou uma programa\u00e7\u00e3o com v\u00e1rias atividades que ser\u00e3o trabalhadas durante a &#8220;Semana Municipal da \u00c1gua&#8221; Na pr\u00f3xima quarta-feira (22) \u00e9 celebrado o Dia Mundial da \u00c1gua. Para lembrar essa importante data e outras tamb\u00e9m ligadas ao tema na capital, a Secretaria de Meio Ambiente de Vit\u00f3ria (Semmam) preparou [&hellip;]\" \/>\n<meta property=\"og:url\" content=\"https:\/\/jornalfatosenoticias.com.br\/index.php\/2023\/03\/17\/dia-mundial-da-agua-confira-a-programacao-educativa-de-vitoria\/\" \/>\n<meta property=\"og:site_name\" content=\"Jornal Fatos e Not\u00edcias\" \/>\n<meta property=\"article:published_time\" content=\"2023-03-17T17:45:25+00:00\" \/>\n<meta property=\"article:modified_time\" content=\"2023-03-17T17:45:26+00:00\" \/>\n<meta property=\"og:image\" content=\"https:\/\/jornalfatosenoticias.com.br\/wp-content\/uploads\/2023\/03\/dia-mundial-da-agua_gettyimages.jpg\" \/>\n\t<meta property=\"og:image:width\" content=\"1000\" \/>\n\t<meta property=\"og:image:height\" content=\"675\" \/>\n\t<meta property=\"og:image:type\" content=\"image\/jpeg\" \/>\n<meta name=\"author\" content=\"Luzimara Fernandes\" \/>\n<meta name=\"twitter:card\" content=\"summary_large_image\" \/>\n<meta name=\"twitter:label1\" content=\"Escrito por\" \/>\n\t<meta name=\"twitter:data1\" content=\"Luzimara Fernandes\" \/>\n\t<meta name=\"twitter:label2\" content=\"Est. tempo de leitura\" \/>\n\t<meta name=\"twitter:data2\" content=\"3 minutos\" \/>\n<script type=\"application\/ld+json\" class=\"yoast-schema-graph\">{\"@context\":\"https:\/\/schema.org\",\"@graph\":[{\"@type\":\"Article\",\"@id\":\"https:\/\/jornalfatosenoticias.com.br\/index.php\/2023\/03\/17\/dia-mundial-da-agua-confira-a-programacao-educativa-de-vitoria\/#article\",\"isPartOf\":{\"@id\":\"https:\/\/jornalfatosenoticias.com.br\/index.php\/2023\/03\/17\/dia-mundial-da-agua-confira-a-programacao-educativa-de-vitoria\/\"},\"author\":{\"name\":\"Luzimara Fernandes\",\"@id\":\"https:\/\/jornalfatosenoticias.com.br\/#\/schema\/person\/d63837fa13ac8666eb9e74e0985d6f81\"},\"headline\":\"Dia Mundial da \u00c1gua: confira a programa\u00e7\u00e3o educativa de Vit\u00f3ria\",\"datePublished\":\"2023-03-17T17:45:25+00:00\",\"dateModified\":\"2023-03-17T17:45:26+00:00\",\"mainEntityOfPage\":{\"@id\":\"https:\/\/jornalfatosenoticias.com.br\/index.php\/2023\/03\/17\/dia-mundial-da-agua-confira-a-programacao-educativa-de-vitoria\/\"},\"wordCount\":596,\"commentCount\":0,\"publisher\":{\"@id\":\"https:\/\/jornalfatosenoticias.com.br\/#organization\"},\"image\":{\"@id\":\"https:\/\/jornalfatosenoticias.com.br\/index.php\/2023\/03\/17\/dia-mundial-da-agua-confira-a-programacao-educativa-de-vitoria\/#primaryimage\"},\"thumbnailUrl\":\"https:\/\/jornalfatosenoticias.com.br\/wp-content\/uploads\/2023\/03\/dia-mundial-da-agua_gettyimages.jpg\",\"keywords\":[\"Dia Mundial da \u00c1gua\",\"nascentes\",\"Semana Municipal da \u00c1gua\",\"Vit\u00f3ria\"],\"articleSection\":[\"Meio ambiente\"],\"inLanguage\":\"pt-BR\",\"potentialAction\":[{\"@type\":\"CommentAction\",\"name\":\"Comment\",\"target\":[\"https:\/\/jornalfatosenoticias.com.br\/index.php\/2023\/03\/17\/dia-mundial-da-agua-confira-a-programacao-educativa-de-vitoria\/#respond\"]}]},{\"@type\":\"WebPage\",\"@id\":\"https:\/\/jornalfatosenoticias.com.br\/index.php\/2023\/03\/17\/dia-mundial-da-agua-confira-a-programacao-educativa-de-vitoria\/\",\"url\":\"https:\/\/jornalfatosenoticias.com.br\/index.php\/2023\/03\/17\/dia-mundial-da-agua-confira-a-programacao-educativa-de-vitoria\/\",\"name\":\"Dia Mundial da \u00c1gua: confira a programa\u00e7\u00e3o educativa de Vit\u00f3ria - Jornal Fatos e Not\u00edcias\",\"isPartOf\":{\"@id\":\"https:\/\/jornalfatosenoticias.com.br\/#website\"},\"primaryImageOfPage\":{\"@id\":\"https:\/\/jornalfatosenoticias.com.br\/index.php\/2023\/03\/17\/dia-mundial-da-agua-confira-a-programacao-educativa-de-vitoria\/#primaryimage\"},\"image\":{\"@id\":\"https:\/\/jornalfatosenoticias.com.br\/index.php\/2023\/03\/17\/dia-mundial-da-agua-confira-a-programacao-educativa-de-vitoria\/#primaryimage\"},\"thumbnailUrl\":\"https:\/\/jornalfatosenoticias.com.br\/wp-content\/uploads\/2023\/03\/dia-mundial-da-agua_gettyimages.jpg\",\"datePublished\":\"2023-03-17T17:45:25+00:00\",\"dateModified\":\"2023-03-17T17:45:26+00:00\",\"breadcrumb\":{\"@id\":\"https:\/\/jornalfatosenoticias.com.br\/index.php\/2023\/03\/17\/dia-mundial-da-agua-confira-a-programacao-educativa-de-vitoria\/#breadcrumb\"},\"inLanguage\":\"pt-BR\",\"potentialAction\":[{\"@type\":\"ReadAction\",\"target\":[\"https:\/\/jornalfatosenoticias.com.br\/index.php\/2023\/03\/17\/dia-mundial-da-agua-confira-a-programacao-educativa-de-vitoria\/\"]}]},{\"@type\":\"ImageObject\",\"inLanguage\":\"pt-BR\",\"@id\":\"https:\/\/jornalfatosenoticias.com.br\/index.php\/2023\/03\/17\/dia-mundial-da-agua-confira-a-programacao-educativa-de-vitoria\/#primaryimage\",\"url\":\"https:\/\/jornalfatosenoticias.com.br\/wp-content\/uploads\/2023\/03\/dia-mundial-da-agua_gettyimages.jpg\",\"contentUrl\":\"https:\/\/jornalfatosenoticias.com.br\/wp-content\/uploads\/2023\/03\/dia-mundial-da-agua_gettyimages.jpg\",\"width\":1000,\"height\":675},{\"@type\":\"BreadcrumbList\",\"@id\":\"https:\/\/jornalfatosenoticias.com.br\/index.php\/2023\/03\/17\/dia-mundial-da-agua-confira-a-programacao-educativa-de-vitoria\/#breadcrumb\",\"itemListElement\":[{\"@type\":\"ListItem\",\"position\":1,\"name\":\"In\u00edcio\",\"item\":\"https:\/\/jornalfatosenoticias.com.br\/\"},{\"@type\":\"ListItem\",\"position\":2,\"name\":\"Dia Mundial da \u00c1gua: confira a programa\u00e7\u00e3o educativa de Vit\u00f3ria\"}]},{\"@type\":\"WebSite\",\"@id\":\"https:\/\/jornalfatosenoticias.com.br\/#website\",\"url\":\"https:\/\/jornalfatosenoticias.com.br\/\",\"name\":\"Jornal Fatos e Not\u00edcias\",\"description\":\"Not\u00edcias em geral\",\"publisher\":{\"@id\":\"https:\/\/jornalfatosenoticias.com.br\/#organization\"},\"potentialAction\":[{\"@type\":\"SearchAction\",\"target\":{\"@type\":\"EntryPoint\",\"urlTemplate\":\"https:\/\/jornalfatosenoticias.com.br\/?s={search_term_string}\"},\"query-input\":{\"@type\":\"PropertyValueSpecification\",\"valueRequired\":true,\"valueName\":\"search_term_string\"}}],\"inLanguage\":\"pt-BR\"},{\"@type\":\"Organization\",\"@id\":\"https:\/\/jornalfatosenoticias.com.br\/#organization\",\"name\":\"Jornal Fatos e Not\u00edcias\",\"url\":\"https:\/\/jornalfatosenoticias.com.br\/\",\"logo\":{\"@type\":\"ImageObject\",\"inLanguage\":\"pt-BR\",\"@id\":\"https:\/\/jornalfatosenoticias.com.br\/#\/schema\/logo\/image\/\",\"url\":\"https:\/\/jornalfatosenoticias.com.br\/wp-content\/uploads\/2020\/02\/logo120.png\",\"contentUrl\":\"https:\/\/jornalfatosenoticias.com.br\/wp-content\/uploads\/2020\/02\/logo120.png\",\"width\":1227,\"height\":120,\"caption\":\"Jornal Fatos e Not\u00edcias\"},\"image\":{\"@id\":\"https:\/\/jornalfatosenoticias.com.br\/#\/schema\/logo\/image\/\"}},{\"@type\":\"Person\",\"@id\":\"https:\/\/jornalfatosenoticias.com.br\/#\/schema\/person\/d63837fa13ac8666eb9e74e0985d6f81\",\"name\":\"Luzimara Fernandes\",\"image\":{\"@type\":\"ImageObject\",\"inLanguage\":\"pt-BR\",\"@id\":\"https:\/\/jornalfatosenoticias.com.br\/#\/schema\/person\/image\/\",\"url\":\"https:\/\/jornalfatosenoticias.com.br\/wp-content\/uploads\/2025\/05\/EU_portal.jpg\",\"contentUrl\":\"https:\/\/jornalfatosenoticias.com.br\/wp-content\/uploads\/2025\/05\/EU_portal.jpg\",\"caption\":\"Luzimara Fernandes\"},\"description\":\"Jornalista MTB 2358-ES\",\"sameAs\":[\"https:\/\/jornalfatosenoticias.com.br\"],\"url\":\"https:\/\/jornalfatosenoticias.com.br\/index.php\/author\/luzimara\/\"}]}<\/script>\n<!-- \/ Yoast SEO plugin. -->","yoast_head_json":{"title":"Dia Mundial da \u00c1gua: confira a programa\u00e7\u00e3o educativa de Vit\u00f3ria - Jornal Fatos e Not\u00edcias","robots":{"index":"index","follow":"follow","max-snippet":"max-snippet:-1","max-image-preview":"max-image-preview:large","max-video-preview":"max-video-preview:-1"},"canonical":"https:\/\/jornalfatosenoticias.com.br\/index.php\/2023\/03\/17\/dia-mundial-da-agua-confira-a-programacao-educativa-de-vitoria\/","og_locale":"pt_BR","og_type":"article","og_title":"Dia Mundial da \u00c1gua: confira a programa\u00e7\u00e3o educativa de Vit\u00f3ria - Jornal Fatos e Not\u00edcias","og_description":"A Secretaria de Meio Ambiente de Vit\u00f3ria preparou uma programa\u00e7\u00e3o com v\u00e1rias atividades que ser\u00e3o trabalhadas durante a &#8220;Semana Municipal da \u00c1gua&#8221; Na pr\u00f3xima quarta-feira (22) \u00e9 celebrado o Dia Mundial da \u00c1gua. Para lembrar essa importante data e outras tamb\u00e9m ligadas ao tema na capital, a Secretaria de Meio Ambiente de Vit\u00f3ria (Semmam) preparou [&hellip;]","og_url":"https:\/\/jornalfatosenoticias.com.br\/index.php\/2023\/03\/17\/dia-mundial-da-agua-confira-a-programacao-educativa-de-vitoria\/","og_site_name":"Jornal Fatos e Not\u00edcias","article_published_time":"2023-03-17T17:45:25+00:00","article_modified_time":"2023-03-17T17:45:26+00:00","og_image":[{"width":1000,"height":675,"url":"https:\/\/jornalfatosenoticias.com.br\/wp-content\/uploads\/2023\/03\/dia-mundial-da-agua_gettyimages.jpg","type":"image\/jpeg"}],"author":"Luzimara Fernandes","twitter_card":"summary_large_image","twitter_misc":{"Escrito por":"Luzimara Fernandes","Est. tempo de leitura":"3 minutos"},"schema":{"@context":"https:\/\/schema.org","@graph":[{"@type":"Article","@id":"https:\/\/jornalfatosenoticias.com.br\/index.php\/2023\/03\/17\/dia-mundial-da-agua-confira-a-programacao-educativa-de-vitoria\/#article","isPartOf":{"@id":"https:\/\/jornalfatosenoticias.com.br\/index.php\/2023\/03\/17\/dia-mundial-da-agua-confira-a-programacao-educativa-de-vitoria\/"},"author":{"name":"Luzimara Fernandes","@id":"https:\/\/jornalfatosenoticias.com.br\/#\/schema\/person\/d63837fa13ac8666eb9e74e0985d6f81"},"headline":"Dia Mundial da \u00c1gua: confira a programa\u00e7\u00e3o educativa de Vit\u00f3ria","datePublished":"2023-03-17T17:45:25+00:00","dateModified":"2023-03-17T17:45:26+00:00","mainEntityOfPage":{"@id":"https:\/\/jornalfatosenoticias.com.br\/index.php\/2023\/03\/17\/dia-mundial-da-agua-confira-a-programacao-educativa-de-vitoria\/"},"wordCount":596,"commentCount":0,"publisher":{"@id":"https:\/\/jornalfatosenoticias.com.br\/#organization"},"image":{"@id":"https:\/\/jornalfatosenoticias.com.br\/index.php\/2023\/03\/17\/dia-mundial-da-agua-confira-a-programacao-educativa-de-vitoria\/#primaryimage"},"thumbnailUrl":"https:\/\/jornalfatosenoticias.com.br\/wp-content\/uploads\/2023\/03\/dia-mundial-da-agua_gettyimages.jpg","keywords":["Dia Mundial da \u00c1gua","nascentes","Semana Municipal da \u00c1gua","Vit\u00f3ria"],"articleSection":["Meio ambiente"],"inLanguage":"pt-BR","potentialAction":[{"@type":"CommentAction","name":"Comment","target":["https:\/\/jornalfatosenoticias.com.br\/index.php\/2023\/03\/17\/dia-mundial-da-agua-confira-a-programacao-educativa-de-vitoria\/#respond"]}]},{"@type":"WebPage","@id":"https:\/\/jornalfatosenoticias.com.br\/index.php\/2023\/03\/17\/dia-mundial-da-agua-confira-a-programacao-educativa-de-vitoria\/","url":"https:\/\/jornalfatosenoticias.com.br\/index.php\/2023\/03\/17\/dia-mundial-da-agua-confira-a-programacao-educativa-de-vitoria\/","name":"Dia Mundial da \u00c1gua: confira a programa\u00e7\u00e3o educativa de Vit\u00f3ria - Jornal Fatos e Not\u00edcias","isPartOf":{"@id":"https:\/\/jornalfatosenoticias.com.br\/#website"},"primaryImageOfPage":{"@id":"https:\/\/jornalfatosenoticias.com.br\/index.php\/2023\/03\/17\/dia-mundial-da-agua-confira-a-programacao-educativa-de-vitoria\/#primaryimage"},"image":{"@id":"https:\/\/jornalfatosenoticias.com.br\/index.php\/2023\/03\/17\/dia-mundial-da-agua-confira-a-programacao-educativa-de-vitoria\/#primaryimage"},"thumbnailUrl":"https:\/\/jornalfatosenoticias.com.br\/wp-content\/uploads\/2023\/03\/dia-mundial-da-agua_gettyimages.jpg","datePublished":"2023-03-17T17:45:25+00:00","dateModified":"2023-03-17T17:45:26+00:00","breadcrumb":{"@id":"https:\/\/jornalfatosenoticias.com.br\/index.php\/2023\/03\/17\/dia-mundial-da-agua-confira-a-programacao-educativa-de-vitoria\/#breadcrumb"},"inLanguage":"pt-BR","potentialAction":[{"@type":"ReadAction","target":["https:\/\/jornalfatosenoticias.com.br\/index.php\/2023\/03\/17\/dia-mundial-da-agua-confira-a-programacao-educativa-de-vitoria\/"]}]},{"@type":"ImageObject","inLanguage":"pt-BR","@id":"https:\/\/jornalfatosenoticias.com.br\/index.php\/2023\/03\/17\/dia-mundial-da-agua-confira-a-programacao-educativa-de-vitoria\/#primaryimage","url":"https:\/\/jornalfatosenoticias.com.br\/wp-content\/uploads\/2023\/03\/dia-mundial-da-agua_gettyimages.jpg","contentUrl":"https:\/\/jornalfatosenoticias.com.br\/wp-content\/uploads\/2023\/03\/dia-mundial-da-agua_gettyimages.jpg","width":1000,"height":675},{"@type":"BreadcrumbList","@id":"https:\/\/jornalfatosenoticias.com.br\/index.php\/2023\/03\/17\/dia-mundial-da-agua-confira-a-programacao-educativa-de-vitoria\/#breadcrumb","itemListElement":[{"@type":"ListItem","position":1,"name":"In\u00edcio","item":"https:\/\/jornalfatosenoticias.com.br\/"},{"@type":"ListItem","position":2,"name":"Dia Mundial da \u00c1gua: confira a programa\u00e7\u00e3o educativa de Vit\u00f3ria"}]},{"@type":"WebSite","@id":"https:\/\/jornalfatosenoticias.com.br\/#website","url":"https:\/\/jornalfatosenoticias.com.br\/","name":"Jornal Fatos e Not\u00edcias","description":"Not\u00edcias em geral","publisher":{"@id":"https:\/\/jornalfatosenoticias.com.br\/#organization"},"potentialAction":[{"@type":"SearchAction","target":{"@type":"EntryPoint","urlTemplate":"https:\/\/jornalfatosenoticias.com.br\/?s={search_term_string}"},"query-input":{"@type":"PropertyValueSpecification","valueRequired":true,"valueName":"search_term_string"}}],"inLanguage":"pt-BR"},{"@type":"Organization","@id":"https:\/\/jornalfatosenoticias.com.br\/#organization","name":"Jornal Fatos e Not\u00edcias","url":"https:\/\/jornalfatosenoticias.com.br\/","logo":{"@type":"ImageObject","inLanguage":"pt-BR","@id":"https:\/\/jornalfatosenoticias.com.br\/#\/schema\/logo\/image\/","url":"https:\/\/jornalfatosenoticias.com.br\/wp-content\/uploads\/2020\/02\/logo120.png","contentUrl":"https:\/\/jornalfatosenoticias.com.br\/wp-content\/uploads\/2020\/02\/logo120.png","width":1227,"height":120,"caption":"Jornal Fatos e Not\u00edcias"},"image":{"@id":"https:\/\/jornalfatosenoticias.com.br\/#\/schema\/logo\/image\/"}},{"@type":"Person","@id":"https:\/\/jornalfatosenoticias.com.br\/#\/schema\/person\/d63837fa13ac8666eb9e74e0985d6f81","name":"Luzimara Fernandes","image":{"@type":"ImageObject","inLanguage":"pt-BR","@id":"https:\/\/jornalfatosenoticias.com.br\/#\/schema\/person\/image\/","url":"https:\/\/jornalfatosenoticias.com.br\/wp-content\/uploads\/2025\/05\/EU_portal.jpg","contentUrl":"https:\/\/jornalfatosenoticias.com.br\/wp-content\/uploads\/2025\/05\/EU_portal.jpg","caption":"Luzimara Fernandes"},"description":"Jornalista MTB 2358-ES","sameAs":["https:\/\/jornalfatosenoticias.com.br"],"url":"https:\/\/jornalfatosenoticias.com.br\/index.php\/author\/luzimara\/"}]}},"cc_featured_image_caption":{"caption_text":"(Foto: Getty Images) ","source_text":"","source_url":""},"jetpack_featured_media_url":"https:\/\/jornalfatosenoticias.com.br\/wp-content\/uploads\/2023\/03\/dia-mundial-da-agua_gettyimages.jpg","_links":{"self":[{"href":"https:\/\/jornalfatosenoticias.com.br\/index.php\/wp-json\/wp\/v2\/posts\/39742","targetHints":{"allow":["GET"]}}],"collection":[{"href":"https:\/\/jornalfatosenoticias.com.br\/index.php\/wp-json\/wp\/v2\/posts"}],"about":[{"href":"https:\/\/jornalfatosenoticias.com.br\/index.php\/wp-json\/wp\/v2\/types\/post"}],"author":[{"embeddable":true,"href":"https:\/\/jornalfatosenoticias.com.br\/index.php\/wp-json\/wp\/v2\/users\/2"}],"replies":[{"embeddable":true,"href":"https:\/\/jornalfatosenoticias.com.br\/index.php\/wp-json\/wp\/v2\/comments?post=39742"}],"version-history":[{"count":0,"href":"https:\/\/jornalfatosenoticias.com.br\/index.php\/wp-json\/wp\/v2\/posts\/39742\/revisions"}],"wp:featuredmedia":[{"embeddable":true,"href":"https:\/\/jornalfatosenoticias.com.br\/index.php\/wp-json\/wp\/v2\/media\/39744"}],"wp:attachment":[{"href":"https:\/\/jornalfatosenoticias.com.br\/index.php\/wp-json\/wp\/v2\/media?parent=39742"}],"wp:term":[{"taxonomy":"category","embeddable":true,"href":"https:\/\/jornalfatosenoticias.com.br\/index.php\/wp-json\/wp\/v2\/categories?post=39742"},{"taxonomy":"post_tag","embeddable":true,"href":"https:\/\/jornalfatosenoticias.com.br\/index.php\/wp-json\/wp\/v2\/tags?post=39742"}],"curies":[{"name":"wp","href":"https:\/\/api.w.org\/{rel}","templated":true}]}}