{"id":39783,"date":"2023-03-20T14:24:12","date_gmt":"2023-03-20T17:24:12","guid":{"rendered":"https:\/\/jornalfatosenoticias.com.br\/?p=39783"},"modified":"2023-03-20T14:24:13","modified_gmt":"2023-03-20T17:24:13","slug":"etarismo-ou-velhofobia-entenda-o-debate-e-os-termos-corretos","status":"publish","type":"post","link":"https:\/\/jornalfatosenoticias.com.br\/index.php\/2023\/03\/20\/etarismo-ou-velhofobia-entenda-o-debate-e-os-termos-corretos\/","title":{"rendered":"Etarismo ou &#8216;velhofobia&#8217;: entenda o debate e os termos corretos"},"content":{"rendered":"\n<div class=\"wp-block-image\"><figure class=\"aligncenter size-large\"><img loading=\"lazy\" decoding=\"async\" width=\"1024\" height=\"100\" src=\"https:\/\/jornalfatosenoticias.com.br\/wp-content\/uploads\/2020\/02\/banner_ferramentas-1024x100.jpg\" alt=\"\" class=\"wp-image-1258\" srcset=\"https:\/\/jornalfatosenoticias.com.br\/wp-content\/uploads\/2020\/02\/banner_ferramentas-1024x100.jpg 1024w, https:\/\/jornalfatosenoticias.com.br\/wp-content\/uploads\/2020\/02\/banner_ferramentas-300x29.jpg 300w, https:\/\/jornalfatosenoticias.com.br\/wp-content\/uploads\/2020\/02\/banner_ferramentas-768x75.jpg 768w, https:\/\/jornalfatosenoticias.com.br\/wp-content\/uploads\/2020\/02\/banner_ferramentas.jpg 1227w\" sizes=\"auto, (max-width: 1024px) 100vw, 1024px\" \/><\/figure><\/div>\n\n\n\n<p>O preconceito com a velhice \u00e9 um tema que cresce em import\u00e2ncia conforme <a href=\"https:\/\/www.megacurioso.com.br\/ciencia\/115279-taxa-de-fertilidade-cientistas-preveem-queda-de-nascimentos-no-mundo.htm\" rel=\"noreferrer noopener\" target=\"_blank\">a popula\u00e7\u00e3o se torna mais velha em m\u00e9dia<\/a> \u2014 a pir\u00e2mide et\u00e1ria, com mais jovens do que idosos, est\u00e1 mudando para um funil et\u00e1rio, e os mais velhos tendem a se tornar maioria.<\/p>\n\n\n\n<div class=\"wp-block-image\"><figure class=\"aligncenter size-large\"><img decoding=\"async\" src=\"https:\/\/jornalfatosenoticias.com.br\/wp-content\/uploads\/2020\/02\/barao-das-carnes-300x164-1.jpg\" alt=\"\" class=\"wp-image-34339\"\/><\/figure><\/div>\n\n\n\n<p>Mas, nos \u00faltimos dias, esse assunto dominou as manchetes por um motivo inusitado: um grupo de universit\u00e1rias humilhou uma colega de classe, de somente 40 anos, mas que j\u00e1 seria &#8220;velha&#8221; demais para estar em uma faculdade com elas. <a href=\"https:\/\/www.megacurioso.com.br\/artes-cultura\/117989-oscar-como-e-feita-a-escolha-dos-indicados.htm\" rel=\"noreferrer noopener\" target=\"_blank\">Ao ganhar o Oscar<\/a>\u00a0de Melhor Atriz por\u00a0<em>Tudo em Todo Lugar ao Mesmo Tempo<\/em>, a atriz Michelle Yeoh, de 60 anos, disse: &#8220;Senhoras, n\u00e3o deixem ningu\u00e9m dizer que voc\u00eas j\u00e1 passaram do seu auge&#8221;.<\/p>\n\n\n\n<div class=\"wp-block-image\"><figure class=\"aligncenter size-large\"><img loading=\"lazy\" decoding=\"async\" width=\"300\" height=\"222\" src=\"https:\/\/jornalfatosenoticias.com.br\/wp-content\/uploads\/2023\/03\/logo_Juliana-Graca.jpg\" alt=\"\" class=\"wp-image-39283\"\/><\/figure><\/div>\n\n\n\n<p>Esses casos \u2014 e v\u00e1rios outros que vemos com infeliz frequ\u00eancia \u2014 evidenciam o preconceito com a idade. Esse fen\u00f4meno foi definido pela primeira vez pelo geront\u00f3logo norte-americano Robert N. Butler, ainda nos anos 1970. Ele criou o termo em ingl\u00eas, &#8220;ageism&#8221;, que muitas vezes \u00e9 traduzido como age\u00edsmo, mas tamb\u00e9m como etarismo ou idadismo. Esse \u00faltimo passou a ser utilizado pela Organiza\u00e7\u00e3o Mundial da Sa\u00fade (OMS), em relat\u00f3rios sobre o tema.<\/p>\n\n\n\n<div class=\"wp-block-image\"><figure class=\"aligncenter size-large\"><img loading=\"lazy\" decoding=\"async\" width=\"300\" height=\"300\" src=\"https:\/\/jornalfatosenoticias.com.br\/wp-content\/uploads\/2020\/02\/casa-do-torresmo_portal.jpg\" alt=\"\" class=\"wp-image-34472\" srcset=\"https:\/\/jornalfatosenoticias.com.br\/wp-content\/uploads\/2020\/02\/casa-do-torresmo_portal.jpg 300w, https:\/\/jornalfatosenoticias.com.br\/wp-content\/uploads\/2020\/02\/casa-do-torresmo_portal-150x150.jpg 150w\" sizes=\"auto, (max-width: 300px) 100vw, 300px\" \/><\/figure><\/div>\n\n\n\n<p>Alguns especialistas, como a antrop\u00f3loga Mirian Goldenberg, usam o termo &#8220;velhofobia&#8221; para facilitar as discuss\u00f5es. Contudo, \u00e9 importante observar que estere\u00f3tipos relacionados \u00e0 idade podem acontecer em v\u00e1rias etapas da vida \u2014 como acreditar que pessoas jovens s\u00e3o sempre inexperientes, por exemplo. Al\u00e9m disso, o preconceito com o envelhecimento n\u00e3o impacta s\u00f3 as pessoas idosas, como o caso das universit\u00e1rias demonstrou. Dessa maneira, definir esse preconceito como etarismo ou idadismo seria mais correto.<\/p>\n\n\n\n<div class=\"wp-block-image\"><figure class=\"aligncenter size-large\"><img decoding=\"async\" src=\"https:\/\/jornalfatosenoticias.com.br\/wp-content\/uploads\/2020\/02\/Serra-Grande-1024x160.png\" alt=\"\" class=\"wp-image-7836\"\/><\/figure><\/div>\n\n\n\n<p><strong><span class=\"has-inline-color has-black-color\">Um preconceito com o processo de envelhecer<br><\/span><\/strong>Em conversa com o podcast <em>Caf\u00e9 da Manh\u00e3,<\/em> da Folha de S\u00e3o Paulo, Mirian Goldenberg explica que o etarismo ou idadismo est\u00e1 relacionado aos valores sociais que exaltam a juventude \u2014 ao mesmo tempo em que demonizam o envelhecimento. Os 20 ou 30 anos seriam o auge da vida de qualquer pessoa, e passar dos 60 ou 70 <a href=\"https:\/\/www.megacurioso.com.br\/ciencia\/124265-cientistas-estao-tentando-curar-o-envelhecimento-em-promissor-estudo.htm\" rel=\"noreferrer noopener\" target=\"_blank\">seria quase uma doen\u00e7a<\/a>.\u00a0<\/p>\n\n\n\n<div class=\"wp-block-image\"><figure class=\"aligncenter size-large\"><img loading=\"lazy\" decoding=\"async\" width=\"300\" height=\"250\" src=\"https:\/\/jornalfatosenoticias.com.br\/wp-content\/uploads\/2022\/08\/arte-Casarao.jpg\" alt=\"\" class=\"wp-image-33178\"\/><\/figure><\/div>\n\n\n\n<p>Contudo, Mirian conta que o medo da morte \u2014 que supostamente estaria pr\u00f3xima \u2014 n\u00e3o \u00e9 um assunto entre os nonagen\u00e1rios que pesquisa. O que essas pessoas mais temem, na realidade, \u00e9 <a href=\"https:\/\/www.megacurioso.com.br\/saude-bem-estar\/119360-idosos-solitarios-vivem-menos-e-sao-menos-ativos.htm\" rel=\"noreferrer noopener\" target=\"_blank\">a solid\u00e3o<\/a> e a perda da independ\u00eancia. Uma morte simb\u00f3lica, ainda em vida, segundo ela.<\/p>\n\n\n\n<div class=\"wp-block-image\"><figure class=\"aligncenter size-large is-resized\"><img loading=\"lazy\" decoding=\"async\" src=\"https:\/\/jornalfatosenoticias.com.br\/wp-content\/uploads\/2020\/02\/nova-logo-Marquetti.jpg\" alt=\"\" class=\"wp-image-22331\" width=\"306\" height=\"205\" srcset=\"https:\/\/jornalfatosenoticias.com.br\/wp-content\/uploads\/2020\/02\/nova-logo-Marquetti.jpg 643w, https:\/\/jornalfatosenoticias.com.br\/wp-content\/uploads\/2020\/02\/nova-logo-Marquetti-300x202.jpg 300w\" sizes=\"auto, (max-width: 306px) 100vw, 306px\" \/><\/figure><\/div>\n\n\n\n<p>Nesse processo, as pessoas mais velhas sofrem preconceito no mercado de trabalho, pois s\u00e3o vistas como incapazes, como algu\u00e9m que &#8220;j\u00e1 deu o que tinha que dar&#8221;. No conv\u00edvio social, elas podem ser infantilizadas, como se n\u00e3o fossem seres humanos com sonhos, opini\u00f5es pr\u00f3prias e projetos pessoais \u2014 assim como qualquer pessoa, apenas com mais anos de vida.<\/p>\n\n\n\n<div class=\"wp-block-image\"><figure class=\"aligncenter size-large is-resized\"><img loading=\"lazy\" decoding=\"async\" src=\"https:\/\/jornalfatosenoticias.com.br\/wp-content\/uploads\/2022\/02\/Precisao-Contabilidade-1024x724.jpg\" alt=\"\" class=\"wp-image-28088\" width=\"315\" height=\"223\"\/><\/figure><\/div>\n\n\n\n<p>Em \u00faltima inst\u00e2ncia, isso causa grande impacto na sa\u00fade mental dos idosos \u2014 que podem at\u00e9 se sentir capazes, mas sofrem com o julgamento social. Al\u00e9m disso, como a professora Naira Dutra Lemos afirmou ao podcast <em>O Assunto,<\/em> isso pode levar \u00e0 viol\u00eancia f\u00edsica contra pessoas mais velhas. Entre 2019 e 2020, as den\u00fancias desse tipo ao Disque 100 aumentaram de 48,5 mil para cerca de 77 mil \u2014 foi quando mais idosos ficaram em casa com filhos e netos.<\/p>\n\n\n\n<div class=\"wp-block-image\"><figure class=\"aligncenter size-large is-resized\"><img loading=\"lazy\" decoding=\"async\" src=\"https:\/\/jornalfatosenoticias.com.br\/wp-content\/uploads\/2020\/02\/logo-embacia.jpg\" alt=\"\" class=\"wp-image-33905\" width=\"279\" height=\"279\"\/><\/figure><\/div>\n\n\n\n<p><strong><span class=\"has-inline-color has-black-color\">Um problema de valores<br><\/span><\/strong>Mirian Goldenberg afirma que o etarismo ou idadismo \u00e9 um problema ainda mais grave aqui no Brasil \u2014 um Pa\u00eds que at\u00e9 pouco tempo era muito jovem e valoriza demais a apar\u00eancia f\u00edsica da juventude. Em pesquisas na Alemanha, onde o movimento de envelhecimento da popula\u00e7\u00e3o j\u00e1 acontece h\u00e1 mais tempo, ela afirma que idosos ativos s\u00e3o vistos com mais naturalidade.<\/p>\n\n\n\n<div class=\"wp-block-image\"><figure class=\"aligncenter size-large is-resized\"><img loading=\"lazy\" decoding=\"async\" src=\"https:\/\/jornalfatosenoticias.com.br\/wp-content\/uploads\/2022\/07\/Logo-Grupo-SEI.jpg\" alt=\"\" class=\"wp-image-31973\" width=\"328\" height=\"172\" srcset=\"https:\/\/jornalfatosenoticias.com.br\/wp-content\/uploads\/2022\/07\/Logo-Grupo-SEI.jpg 713w, https:\/\/jornalfatosenoticias.com.br\/wp-content\/uploads\/2022\/07\/Logo-Grupo-SEI-300x158.jpg 300w\" sizes=\"auto, (max-width: 328px) 100vw, 328px\" \/><\/figure><\/div>\n\n\n\n<p>A solu\u00e7\u00e3o para esse problema, segundo esses especialistas, passa pela educa\u00e7\u00e3o, as pessoas precisam entender que os idosos podem fazer o que desejarem: trabalhar, viajar, se divertir, ou ter uma vida sexual ativa, de acordo com suas possibilidades. E ainda que a sa\u00fade f\u00edsica possa diminuir ap\u00f3s os 80 ou 90 anos, nem todos se tornam senis ou &#8220;voltam a ser crian\u00e7as&#8221; \u2014 ali\u00e1s, mesmo os idosos senis merecem respeito e tratamento digno. Em resumo, tratar as pessoas mais velhas como gente.<\/p>\n\n\n\n<div class=\"wp-block-image\"><figure class=\"aligncenter size-large\"><img decoding=\"async\" src=\"https:\/\/jornalfatosenoticias.com.br\/wp-content\/uploads\/2020\/02\/logo_esteio.jpg\" alt=\"\" class=\"wp-image-1214\"\/><\/figure><\/div>\n\n\n\n<p>Mas, para Mirian, mesmo que a popula\u00e7\u00e3o brasileira esteja envelhecendo como um todo e a sociedade esteja come\u00e7ando a questionar algumas coisas, ainda levar\u00e1 bastante tempo para mudar esse sistema de valores que exalta a juventude, em detrimento \u00e0 velhice.<\/p>\n\n\n\n<div class=\"wp-block-image\"><figure class=\"aligncenter size-large\"><img loading=\"lazy\" decoding=\"async\" width=\"1024\" height=\"99\" src=\"https:\/\/jornalfatosenoticias.com.br\/wp-content\/uploads\/2020\/02\/Logo-Mizu-segunda-2-1024x99.png\" alt=\"\" class=\"wp-image-2353\" srcset=\"https:\/\/jornalfatosenoticias.com.br\/wp-content\/uploads\/2020\/02\/Logo-Mizu-segunda-2-1024x99.png 1024w, https:\/\/jornalfatosenoticias.com.br\/wp-content\/uploads\/2020\/02\/Logo-Mizu-segunda-2-300x29.png 300w, https:\/\/jornalfatosenoticias.com.br\/wp-content\/uploads\/2020\/02\/Logo-Mizu-segunda-2-768x74.png 768w, https:\/\/jornalfatosenoticias.com.br\/wp-content\/uploads\/2020\/02\/Logo-Mizu-segunda-2.png 1240w\" sizes=\"auto, (max-width: 1024px) 100vw, 1024px\" \/><\/figure><\/div>\n\n\n\n<p><strong><em>Fonte: <a href=\"https:\/\/www.megacurioso.com.br\/estilo-de-vida\/124627-etarismo-ou-velhofobia-entenda-o-debate-e-os-termos-corretos.htm\">Mega Curioso<\/a><\/em><\/strong><\/p>\n","protected":false},"excerpt":{"rendered":"<p>O preconceito com a velhice \u00e9 um tema que cresce em import\u00e2ncia conforme a popula\u00e7\u00e3o se torna mais velha em m\u00e9dia \u2014 a pir\u00e2mide et\u00e1ria, com mais jovens do que idosos, est\u00e1 mudando para um funil et\u00e1rio, e os mais velhos tendem a se tornar maioria. Mas, nos \u00faltimos dias, esse assunto dominou as manchetes [&hellip;]<\/p>\n","protected":false},"author":2,"featured_media":39784,"comment_status":"open","ping_status":"open","sticky":false,"template":"","format":"standard","meta":{"footnotes":""},"categories":[2522],"tags":[4524,7465,4525,18614,850,1148,244],"class_list":["post-39783","post","type-post","status-publish","format-standard","has-post-thumbnail","hentry","category-comportamento","tag-ageismo","tag-comportamneto","tag-etarismo","tag-idadismo","tag-idosos","tag-preconceito","tag-velhice"],"yoast_head":"<!-- This site is optimized with the Yoast SEO plugin v26.5 - https:\/\/yoast.com\/wordpress\/plugins\/seo\/ -->\n<title>Etarismo ou &#039;velhofobia&#039;: entenda o debate e os termos corretos - Jornal Fatos e Not\u00edcias<\/title>\n<meta name=\"robots\" content=\"index, follow, max-snippet:-1, max-image-preview:large, max-video-preview:-1\" \/>\n<link rel=\"canonical\" href=\"https:\/\/jornalfatosenoticias.com.br\/index.php\/2023\/03\/20\/etarismo-ou-velhofobia-entenda-o-debate-e-os-termos-corretos\/\" \/>\n<meta property=\"og:locale\" content=\"pt_BR\" \/>\n<meta property=\"og:type\" content=\"article\" \/>\n<meta property=\"og:title\" content=\"Etarismo ou &#039;velhofobia&#039;: entenda o debate e os termos corretos - Jornal Fatos e Not\u00edcias\" \/>\n<meta property=\"og:description\" content=\"O preconceito com a velhice \u00e9 um tema que cresce em import\u00e2ncia conforme a popula\u00e7\u00e3o se torna mais velha em m\u00e9dia \u2014 a pir\u00e2mide et\u00e1ria, com mais jovens do que idosos, est\u00e1 mudando para um funil et\u00e1rio, e os mais velhos tendem a se tornar maioria. Mas, nos \u00faltimos dias, esse assunto dominou as manchetes [&hellip;]\" \/>\n<meta property=\"og:url\" content=\"https:\/\/jornalfatosenoticias.com.br\/index.php\/2023\/03\/20\/etarismo-ou-velhofobia-entenda-o-debate-e-os-termos-corretos\/\" \/>\n<meta property=\"og:site_name\" content=\"Jornal Fatos e Not\u00edcias\" \/>\n<meta property=\"article:published_time\" content=\"2023-03-20T17:24:12+00:00\" \/>\n<meta property=\"article:modified_time\" content=\"2023-03-20T17:24:13+00:00\" \/>\n<meta property=\"og:image\" content=\"https:\/\/jornalfatosenoticias.com.br\/wp-content\/uploads\/2023\/03\/etarismo.jpg\" \/>\n\t<meta property=\"og:image:width\" content=\"1000\" \/>\n\t<meta property=\"og:image:height\" content=\"666\" \/>\n\t<meta property=\"og:image:type\" content=\"image\/jpeg\" \/>\n<meta name=\"author\" content=\"Luzimara Fernandes\" \/>\n<meta name=\"twitter:card\" content=\"summary_large_image\" \/>\n<meta name=\"twitter:label1\" content=\"Escrito por\" \/>\n\t<meta name=\"twitter:data1\" content=\"Luzimara Fernandes\" \/>\n\t<meta name=\"twitter:label2\" content=\"Est. tempo de leitura\" \/>\n\t<meta name=\"twitter:data2\" content=\"4 minutos\" \/>\n<script type=\"application\/ld+json\" class=\"yoast-schema-graph\">{\"@context\":\"https:\/\/schema.org\",\"@graph\":[{\"@type\":\"Article\",\"@id\":\"https:\/\/jornalfatosenoticias.com.br\/index.php\/2023\/03\/20\/etarismo-ou-velhofobia-entenda-o-debate-e-os-termos-corretos\/#article\",\"isPartOf\":{\"@id\":\"https:\/\/jornalfatosenoticias.com.br\/index.php\/2023\/03\/20\/etarismo-ou-velhofobia-entenda-o-debate-e-os-termos-corretos\/\"},\"author\":{\"name\":\"Luzimara Fernandes\",\"@id\":\"https:\/\/jornalfatosenoticias.com.br\/#\/schema\/person\/d63837fa13ac8666eb9e74e0985d6f81\"},\"headline\":\"Etarismo ou &#8216;velhofobia&#8217;: entenda o debate e os termos corretos\",\"datePublished\":\"2023-03-20T17:24:12+00:00\",\"dateModified\":\"2023-03-20T17:24:13+00:00\",\"mainEntityOfPage\":{\"@id\":\"https:\/\/jornalfatosenoticias.com.br\/index.php\/2023\/03\/20\/etarismo-ou-velhofobia-entenda-o-debate-e-os-termos-corretos\/\"},\"wordCount\":746,\"commentCount\":0,\"publisher\":{\"@id\":\"https:\/\/jornalfatosenoticias.com.br\/#organization\"},\"image\":{\"@id\":\"https:\/\/jornalfatosenoticias.com.br\/index.php\/2023\/03\/20\/etarismo-ou-velhofobia-entenda-o-debate-e-os-termos-corretos\/#primaryimage\"},\"thumbnailUrl\":\"https:\/\/jornalfatosenoticias.com.br\/wp-content\/uploads\/2023\/03\/etarismo.jpg\",\"keywords\":[\"age\u00edsmo\",\"comportamneto\",\"etarismo\",\"idadismo\",\"idosos\",\"preconceito\",\"velhice\"],\"articleSection\":[\"Comportamento &amp; Equil\u00edbrio\"],\"inLanguage\":\"pt-BR\",\"potentialAction\":[{\"@type\":\"CommentAction\",\"name\":\"Comment\",\"target\":[\"https:\/\/jornalfatosenoticias.com.br\/index.php\/2023\/03\/20\/etarismo-ou-velhofobia-entenda-o-debate-e-os-termos-corretos\/#respond\"]}]},{\"@type\":\"WebPage\",\"@id\":\"https:\/\/jornalfatosenoticias.com.br\/index.php\/2023\/03\/20\/etarismo-ou-velhofobia-entenda-o-debate-e-os-termos-corretos\/\",\"url\":\"https:\/\/jornalfatosenoticias.com.br\/index.php\/2023\/03\/20\/etarismo-ou-velhofobia-entenda-o-debate-e-os-termos-corretos\/\",\"name\":\"Etarismo ou 'velhofobia': entenda o debate e os termos corretos - Jornal Fatos e Not\u00edcias\",\"isPartOf\":{\"@id\":\"https:\/\/jornalfatosenoticias.com.br\/#website\"},\"primaryImageOfPage\":{\"@id\":\"https:\/\/jornalfatosenoticias.com.br\/index.php\/2023\/03\/20\/etarismo-ou-velhofobia-entenda-o-debate-e-os-termos-corretos\/#primaryimage\"},\"image\":{\"@id\":\"https:\/\/jornalfatosenoticias.com.br\/index.php\/2023\/03\/20\/etarismo-ou-velhofobia-entenda-o-debate-e-os-termos-corretos\/#primaryimage\"},\"thumbnailUrl\":\"https:\/\/jornalfatosenoticias.com.br\/wp-content\/uploads\/2023\/03\/etarismo.jpg\",\"datePublished\":\"2023-03-20T17:24:12+00:00\",\"dateModified\":\"2023-03-20T17:24:13+00:00\",\"breadcrumb\":{\"@id\":\"https:\/\/jornalfatosenoticias.com.br\/index.php\/2023\/03\/20\/etarismo-ou-velhofobia-entenda-o-debate-e-os-termos-corretos\/#breadcrumb\"},\"inLanguage\":\"pt-BR\",\"potentialAction\":[{\"@type\":\"ReadAction\",\"target\":[\"https:\/\/jornalfatosenoticias.com.br\/index.php\/2023\/03\/20\/etarismo-ou-velhofobia-entenda-o-debate-e-os-termos-corretos\/\"]}]},{\"@type\":\"ImageObject\",\"inLanguage\":\"pt-BR\",\"@id\":\"https:\/\/jornalfatosenoticias.com.br\/index.php\/2023\/03\/20\/etarismo-ou-velhofobia-entenda-o-debate-e-os-termos-corretos\/#primaryimage\",\"url\":\"https:\/\/jornalfatosenoticias.com.br\/wp-content\/uploads\/2023\/03\/etarismo.jpg\",\"contentUrl\":\"https:\/\/jornalfatosenoticias.com.br\/wp-content\/uploads\/2023\/03\/etarismo.jpg\",\"width\":1000,\"height\":666},{\"@type\":\"BreadcrumbList\",\"@id\":\"https:\/\/jornalfatosenoticias.com.br\/index.php\/2023\/03\/20\/etarismo-ou-velhofobia-entenda-o-debate-e-os-termos-corretos\/#breadcrumb\",\"itemListElement\":[{\"@type\":\"ListItem\",\"position\":1,\"name\":\"In\u00edcio\",\"item\":\"https:\/\/jornalfatosenoticias.com.br\/\"},{\"@type\":\"ListItem\",\"position\":2,\"name\":\"Etarismo ou &#8216;velhofobia&#8217;: entenda o debate e os termos corretos\"}]},{\"@type\":\"WebSite\",\"@id\":\"https:\/\/jornalfatosenoticias.com.br\/#website\",\"url\":\"https:\/\/jornalfatosenoticias.com.br\/\",\"name\":\"Jornal Fatos e Not\u00edcias\",\"description\":\"Not\u00edcias em geral\",\"publisher\":{\"@id\":\"https:\/\/jornalfatosenoticias.com.br\/#organization\"},\"potentialAction\":[{\"@type\":\"SearchAction\",\"target\":{\"@type\":\"EntryPoint\",\"urlTemplate\":\"https:\/\/jornalfatosenoticias.com.br\/?s={search_term_string}\"},\"query-input\":{\"@type\":\"PropertyValueSpecification\",\"valueRequired\":true,\"valueName\":\"search_term_string\"}}],\"inLanguage\":\"pt-BR\"},{\"@type\":\"Organization\",\"@id\":\"https:\/\/jornalfatosenoticias.com.br\/#organization\",\"name\":\"Jornal Fatos e Not\u00edcias\",\"url\":\"https:\/\/jornalfatosenoticias.com.br\/\",\"logo\":{\"@type\":\"ImageObject\",\"inLanguage\":\"pt-BR\",\"@id\":\"https:\/\/jornalfatosenoticias.com.br\/#\/schema\/logo\/image\/\",\"url\":\"https:\/\/jornalfatosenoticias.com.br\/wp-content\/uploads\/2020\/02\/logo120.png\",\"contentUrl\":\"https:\/\/jornalfatosenoticias.com.br\/wp-content\/uploads\/2020\/02\/logo120.png\",\"width\":1227,\"height\":120,\"caption\":\"Jornal Fatos e Not\u00edcias\"},\"image\":{\"@id\":\"https:\/\/jornalfatosenoticias.com.br\/#\/schema\/logo\/image\/\"}},{\"@type\":\"Person\",\"@id\":\"https:\/\/jornalfatosenoticias.com.br\/#\/schema\/person\/d63837fa13ac8666eb9e74e0985d6f81\",\"name\":\"Luzimara Fernandes\",\"image\":{\"@type\":\"ImageObject\",\"inLanguage\":\"pt-BR\",\"@id\":\"https:\/\/jornalfatosenoticias.com.br\/#\/schema\/person\/image\/\",\"url\":\"https:\/\/jornalfatosenoticias.com.br\/wp-content\/uploads\/2025\/05\/EU_portal.jpg\",\"contentUrl\":\"https:\/\/jornalfatosenoticias.com.br\/wp-content\/uploads\/2025\/05\/EU_portal.jpg\",\"caption\":\"Luzimara Fernandes\"},\"description\":\"Jornalista MTB 2358-ES\",\"sameAs\":[\"https:\/\/jornalfatosenoticias.com.br\"],\"url\":\"https:\/\/jornalfatosenoticias.com.br\/index.php\/author\/luzimara\/\"}]}<\/script>\n<!-- \/ Yoast SEO plugin. -->","yoast_head_json":{"title":"Etarismo ou 'velhofobia': entenda o debate e os termos corretos - Jornal Fatos e Not\u00edcias","robots":{"index":"index","follow":"follow","max-snippet":"max-snippet:-1","max-image-preview":"max-image-preview:large","max-video-preview":"max-video-preview:-1"},"canonical":"https:\/\/jornalfatosenoticias.com.br\/index.php\/2023\/03\/20\/etarismo-ou-velhofobia-entenda-o-debate-e-os-termos-corretos\/","og_locale":"pt_BR","og_type":"article","og_title":"Etarismo ou 'velhofobia': entenda o debate e os termos corretos - Jornal Fatos e Not\u00edcias","og_description":"O preconceito com a velhice \u00e9 um tema que cresce em import\u00e2ncia conforme a popula\u00e7\u00e3o se torna mais velha em m\u00e9dia \u2014 a pir\u00e2mide et\u00e1ria, com mais jovens do que idosos, est\u00e1 mudando para um funil et\u00e1rio, e os mais velhos tendem a se tornar maioria. Mas, nos \u00faltimos dias, esse assunto dominou as manchetes [&hellip;]","og_url":"https:\/\/jornalfatosenoticias.com.br\/index.php\/2023\/03\/20\/etarismo-ou-velhofobia-entenda-o-debate-e-os-termos-corretos\/","og_site_name":"Jornal Fatos e Not\u00edcias","article_published_time":"2023-03-20T17:24:12+00:00","article_modified_time":"2023-03-20T17:24:13+00:00","og_image":[{"width":1000,"height":666,"url":"https:\/\/jornalfatosenoticias.com.br\/wp-content\/uploads\/2023\/03\/etarismo.jpg","type":"image\/jpeg"}],"author":"Luzimara Fernandes","twitter_card":"summary_large_image","twitter_misc":{"Escrito por":"Luzimara Fernandes","Est. tempo de leitura":"4 minutos"},"schema":{"@context":"https:\/\/schema.org","@graph":[{"@type":"Article","@id":"https:\/\/jornalfatosenoticias.com.br\/index.php\/2023\/03\/20\/etarismo-ou-velhofobia-entenda-o-debate-e-os-termos-corretos\/#article","isPartOf":{"@id":"https:\/\/jornalfatosenoticias.com.br\/index.php\/2023\/03\/20\/etarismo-ou-velhofobia-entenda-o-debate-e-os-termos-corretos\/"},"author":{"name":"Luzimara Fernandes","@id":"https:\/\/jornalfatosenoticias.com.br\/#\/schema\/person\/d63837fa13ac8666eb9e74e0985d6f81"},"headline":"Etarismo ou &#8216;velhofobia&#8217;: entenda o debate e os termos corretos","datePublished":"2023-03-20T17:24:12+00:00","dateModified":"2023-03-20T17:24:13+00:00","mainEntityOfPage":{"@id":"https:\/\/jornalfatosenoticias.com.br\/index.php\/2023\/03\/20\/etarismo-ou-velhofobia-entenda-o-debate-e-os-termos-corretos\/"},"wordCount":746,"commentCount":0,"publisher":{"@id":"https:\/\/jornalfatosenoticias.com.br\/#organization"},"image":{"@id":"https:\/\/jornalfatosenoticias.com.br\/index.php\/2023\/03\/20\/etarismo-ou-velhofobia-entenda-o-debate-e-os-termos-corretos\/#primaryimage"},"thumbnailUrl":"https:\/\/jornalfatosenoticias.com.br\/wp-content\/uploads\/2023\/03\/etarismo.jpg","keywords":["age\u00edsmo","comportamneto","etarismo","idadismo","idosos","preconceito","velhice"],"articleSection":["Comportamento &amp; Equil\u00edbrio"],"inLanguage":"pt-BR","potentialAction":[{"@type":"CommentAction","name":"Comment","target":["https:\/\/jornalfatosenoticias.com.br\/index.php\/2023\/03\/20\/etarismo-ou-velhofobia-entenda-o-debate-e-os-termos-corretos\/#respond"]}]},{"@type":"WebPage","@id":"https:\/\/jornalfatosenoticias.com.br\/index.php\/2023\/03\/20\/etarismo-ou-velhofobia-entenda-o-debate-e-os-termos-corretos\/","url":"https:\/\/jornalfatosenoticias.com.br\/index.php\/2023\/03\/20\/etarismo-ou-velhofobia-entenda-o-debate-e-os-termos-corretos\/","name":"Etarismo ou 'velhofobia': entenda o debate e os termos corretos - Jornal Fatos e Not\u00edcias","isPartOf":{"@id":"https:\/\/jornalfatosenoticias.com.br\/#website"},"primaryImageOfPage":{"@id":"https:\/\/jornalfatosenoticias.com.br\/index.php\/2023\/03\/20\/etarismo-ou-velhofobia-entenda-o-debate-e-os-termos-corretos\/#primaryimage"},"image":{"@id":"https:\/\/jornalfatosenoticias.com.br\/index.php\/2023\/03\/20\/etarismo-ou-velhofobia-entenda-o-debate-e-os-termos-corretos\/#primaryimage"},"thumbnailUrl":"https:\/\/jornalfatosenoticias.com.br\/wp-content\/uploads\/2023\/03\/etarismo.jpg","datePublished":"2023-03-20T17:24:12+00:00","dateModified":"2023-03-20T17:24:13+00:00","breadcrumb":{"@id":"https:\/\/jornalfatosenoticias.com.br\/index.php\/2023\/03\/20\/etarismo-ou-velhofobia-entenda-o-debate-e-os-termos-corretos\/#breadcrumb"},"inLanguage":"pt-BR","potentialAction":[{"@type":"ReadAction","target":["https:\/\/jornalfatosenoticias.com.br\/index.php\/2023\/03\/20\/etarismo-ou-velhofobia-entenda-o-debate-e-os-termos-corretos\/"]}]},{"@type":"ImageObject","inLanguage":"pt-BR","@id":"https:\/\/jornalfatosenoticias.com.br\/index.php\/2023\/03\/20\/etarismo-ou-velhofobia-entenda-o-debate-e-os-termos-corretos\/#primaryimage","url":"https:\/\/jornalfatosenoticias.com.br\/wp-content\/uploads\/2023\/03\/etarismo.jpg","contentUrl":"https:\/\/jornalfatosenoticias.com.br\/wp-content\/uploads\/2023\/03\/etarismo.jpg","width":1000,"height":666},{"@type":"BreadcrumbList","@id":"https:\/\/jornalfatosenoticias.com.br\/index.php\/2023\/03\/20\/etarismo-ou-velhofobia-entenda-o-debate-e-os-termos-corretos\/#breadcrumb","itemListElement":[{"@type":"ListItem","position":1,"name":"In\u00edcio","item":"https:\/\/jornalfatosenoticias.com.br\/"},{"@type":"ListItem","position":2,"name":"Etarismo ou &#8216;velhofobia&#8217;: entenda o debate e os termos corretos"}]},{"@type":"WebSite","@id":"https:\/\/jornalfatosenoticias.com.br\/#website","url":"https:\/\/jornalfatosenoticias.com.br\/","name":"Jornal Fatos e Not\u00edcias","description":"Not\u00edcias em geral","publisher":{"@id":"https:\/\/jornalfatosenoticias.com.br\/#organization"},"potentialAction":[{"@type":"SearchAction","target":{"@type":"EntryPoint","urlTemplate":"https:\/\/jornalfatosenoticias.com.br\/?s={search_term_string}"},"query-input":{"@type":"PropertyValueSpecification","valueRequired":true,"valueName":"search_term_string"}}],"inLanguage":"pt-BR"},{"@type":"Organization","@id":"https:\/\/jornalfatosenoticias.com.br\/#organization","name":"Jornal Fatos e Not\u00edcias","url":"https:\/\/jornalfatosenoticias.com.br\/","logo":{"@type":"ImageObject","inLanguage":"pt-BR","@id":"https:\/\/jornalfatosenoticias.com.br\/#\/schema\/logo\/image\/","url":"https:\/\/jornalfatosenoticias.com.br\/wp-content\/uploads\/2020\/02\/logo120.png","contentUrl":"https:\/\/jornalfatosenoticias.com.br\/wp-content\/uploads\/2020\/02\/logo120.png","width":1227,"height":120,"caption":"Jornal Fatos e Not\u00edcias"},"image":{"@id":"https:\/\/jornalfatosenoticias.com.br\/#\/schema\/logo\/image\/"}},{"@type":"Person","@id":"https:\/\/jornalfatosenoticias.com.br\/#\/schema\/person\/d63837fa13ac8666eb9e74e0985d6f81","name":"Luzimara Fernandes","image":{"@type":"ImageObject","inLanguage":"pt-BR","@id":"https:\/\/jornalfatosenoticias.com.br\/#\/schema\/person\/image\/","url":"https:\/\/jornalfatosenoticias.com.br\/wp-content\/uploads\/2025\/05\/EU_portal.jpg","contentUrl":"https:\/\/jornalfatosenoticias.com.br\/wp-content\/uploads\/2025\/05\/EU_portal.jpg","caption":"Luzimara Fernandes"},"description":"Jornalista MTB 2358-ES","sameAs":["https:\/\/jornalfatosenoticias.com.br"],"url":"https:\/\/jornalfatosenoticias.com.br\/index.php\/author\/luzimara\/"}]}},"cc_featured_image_caption":{"caption_text":"(Foto: Getty Images) \r\n","source_text":"","source_url":""},"jetpack_featured_media_url":"https:\/\/jornalfatosenoticias.com.br\/wp-content\/uploads\/2023\/03\/etarismo.jpg","_links":{"self":[{"href":"https:\/\/jornalfatosenoticias.com.br\/index.php\/wp-json\/wp\/v2\/posts\/39783","targetHints":{"allow":["GET"]}}],"collection":[{"href":"https:\/\/jornalfatosenoticias.com.br\/index.php\/wp-json\/wp\/v2\/posts"}],"about":[{"href":"https:\/\/jornalfatosenoticias.com.br\/index.php\/wp-json\/wp\/v2\/types\/post"}],"author":[{"embeddable":true,"href":"https:\/\/jornalfatosenoticias.com.br\/index.php\/wp-json\/wp\/v2\/users\/2"}],"replies":[{"embeddable":true,"href":"https:\/\/jornalfatosenoticias.com.br\/index.php\/wp-json\/wp\/v2\/comments?post=39783"}],"version-history":[{"count":0,"href":"https:\/\/jornalfatosenoticias.com.br\/index.php\/wp-json\/wp\/v2\/posts\/39783\/revisions"}],"wp:featuredmedia":[{"embeddable":true,"href":"https:\/\/jornalfatosenoticias.com.br\/index.php\/wp-json\/wp\/v2\/media\/39784"}],"wp:attachment":[{"href":"https:\/\/jornalfatosenoticias.com.br\/index.php\/wp-json\/wp\/v2\/media?parent=39783"}],"wp:term":[{"taxonomy":"category","embeddable":true,"href":"https:\/\/jornalfatosenoticias.com.br\/index.php\/wp-json\/wp\/v2\/categories?post=39783"},{"taxonomy":"post_tag","embeddable":true,"href":"https:\/\/jornalfatosenoticias.com.br\/index.php\/wp-json\/wp\/v2\/tags?post=39783"}],"curies":[{"name":"wp","href":"https:\/\/api.w.org\/{rel}","templated":true}]}}