{"id":39786,"date":"2023-03-20T14:33:46","date_gmt":"2023-03-20T17:33:46","guid":{"rendered":"https:\/\/jornalfatosenoticias.com.br\/?p=39786"},"modified":"2023-03-20T14:33:47","modified_gmt":"2023-03-20T17:33:47","slug":"apos-liderar-em-pesquisa-geral-javier-milei-dispara-entre-eleitorado-de-16-a-29-anos","status":"publish","type":"post","link":"https:\/\/jornalfatosenoticias.com.br\/index.php\/2023\/03\/20\/apos-liderar-em-pesquisa-geral-javier-milei-dispara-entre-eleitorado-de-16-a-29-anos\/","title":{"rendered":"Ap\u00f3s liderar em pesquisa geral, Javier Milei dispara entre eleitorado de 16 a 29 anos"},"content":{"rendered":"\n<p><em><span class=\"has-inline-color has-black-color\">Entre outras coisas, fatores econ\u00f4micos influenciam favoritismo do candidato de direita<\/span><\/em><\/p>\n\n\n\n<div class=\"wp-block-image\"><figure class=\"aligncenter size-large\"><img loading=\"lazy\" decoding=\"async\" width=\"1024\" height=\"110\" src=\"https:\/\/jornalfatosenoticias.com.br\/wp-content\/uploads\/2023\/03\/Crypton-1120-\u00d7-120-px-1-1024x110.png\" alt=\"\" class=\"wp-image-39211\" srcset=\"https:\/\/jornalfatosenoticias.com.br\/wp-content\/uploads\/2023\/03\/Crypton-1120-\u00d7-120-px-1-1024x110.png 1024w, https:\/\/jornalfatosenoticias.com.br\/wp-content\/uploads\/2023\/03\/Crypton-1120-\u00d7-120-px-1-300x32.png 300w, https:\/\/jornalfatosenoticias.com.br\/wp-content\/uploads\/2023\/03\/Crypton-1120-\u00d7-120-px-1-768x82.png 768w, https:\/\/jornalfatosenoticias.com.br\/wp-content\/uploads\/2023\/03\/Crypton-1120-\u00d7-120-px-1.png 1120w\" sizes=\"auto, (max-width: 1024px) 100vw, 1024px\" \/><\/figure><\/div>\n\n\n\n<p>A menos de cinco meses das elei\u00e7\u00f5es presidenciais na Argentina, uma nova pesquisa mostra a insatisfa\u00e7\u00e3o do p\u00fablico jovem argentino com a situa\u00e7\u00e3o atual e com alguns pol\u00edticos que buscam se manter como candidatos \u00e0 Casa Rosada.<br>Uma sondagem da <em>Clivajes Consultores <\/em>levantou as principais opini\u00f5es dos jovens entre os 16 e os 29 anos, que constituem o segmento et\u00e1rio mais jovem do eleitorado, e revelou as v\u00e1rias preocupa\u00e7\u00f5es, sendo a quest\u00e3o econ\u00f4mica a mais preponderante.<\/p>\n\n\n\n<div class=\"wp-block-image\"><figure class=\"aligncenter size-large\"><img loading=\"lazy\" decoding=\"async\" width=\"300\" height=\"250\" src=\"https:\/\/jornalfatosenoticias.com.br\/wp-content\/uploads\/2022\/02\/FERRARI_MAQUINAS-E-FERRAMENTAS2.jpg\" alt=\"\" class=\"wp-image-27860\"\/><\/figure><\/div>\n\n\n\n<p>Nesta linha, a instabilidade econ\u00f4mica (26,7%) e a falta de certeza sobre as possibilidades de desenvolver um bom futuro pessoal (15,6%) lideram esta se\u00e7\u00e3o do estudo.<br>A soma de um conjunto de fatores, entre os quais a dificuldade de acesso ao primeiro emprego e a perda de poder de compra e poupan\u00e7a, condicionam em termos econ\u00f4micos este setor que, ali\u00e1s, regista a maior infla\u00e7\u00e3o dos \u00faltimos 30 anos.<\/p>\n\n\n\n<div class=\"wp-block-image\"><figure class=\"aligncenter size-large is-resized\"><img loading=\"lazy\" decoding=\"async\" src=\"https:\/\/jornalfatosenoticias.com.br\/wp-content\/uploads\/2020\/02\/nova-logo-Marquetti.jpg\" alt=\"\" class=\"wp-image-22331\" width=\"277\" height=\"186\" srcset=\"https:\/\/jornalfatosenoticias.com.br\/wp-content\/uploads\/2020\/02\/nova-logo-Marquetti.jpg 643w, https:\/\/jornalfatosenoticias.com.br\/wp-content\/uploads\/2020\/02\/nova-logo-Marquetti-300x202.jpg 300w\" sizes=\"auto, (max-width: 277px) 100vw, 277px\" \/><\/figure><\/div>\n\n\n\n<p>Alberto Fern\u00e1ndez \u00e9 quem marca os piores registos de imagem ao marcar 55%. Eles s\u00e3o seguidos por Mauricio Macri\/53%, Cristina Kirchner e Horacio Rodr\u00edguez Larreta\/50% cada e Axel Kicillof\/49% .<br>A confian\u00e7a no Estado como garantidor e na pol\u00edtica como \u201cmelhor ferramenta de transforma\u00e7\u00e3o\u201d mant\u00e9m n\u00edveis semelhantes de desaprova\u00e7\u00e3o.<\/p>\n\n\n\n<div class=\"wp-block-image\"><figure class=\"aligncenter size-large is-resized\"><img loading=\"lazy\" decoding=\"async\" src=\"https:\/\/jornalfatosenoticias.com.br\/wp-content\/uploads\/2022\/02\/Precisao-Contabilidade-1024x724.jpg\" alt=\"\" class=\"wp-image-28088\" width=\"317\" height=\"224\"\/><\/figure><\/div>\n\n\n\n<p>Apesar disso, um dos dados mais figurativos do relat\u00f3rio refere-se ao questionamento \u201cCom qual dos seguintes l\u00edderes pol\u00edticos voc\u00ea se sente mais representado?\u201d, que \u00e9 amplamente liderado por Javier Milei, do espectro pol\u00edtico de direita, com 20,40% de apoio.<br>Apontado como favorito na disputa, o pol\u00edtico, chamado de \u201cBolsonaro argentino\u201d, tem arrastado milhares de apoiadores nas ruas da Argentina.<\/p>\n\n\n\n<div class=\"wp-block-image\"><figure class=\"aligncenter size-large\"><img loading=\"lazy\" decoding=\"async\" width=\"300\" height=\"250\" src=\"https:\/\/jornalfatosenoticias.com.br\/wp-content\/uploads\/2022\/02\/Banner-2.png\" alt=\"\" class=\"wp-image-27877\"\/><\/figure><\/div>\n\n\n\n<p><strong><em>Fonte: <a href=\"https:\/\/www.conexaopolitica.com.br\/internacional\/2023\/03\/19\/apos-liderar-em-pesquisa-geral-javier-milei-dispara-entre-eleitorado-de-16-a-29-anos\/\">Conex\u00e3o Pol\u00edtica<\/a><\/em><\/strong><\/p>\n","protected":false},"excerpt":{"rendered":"<p>Entre outras coisas, fatores econ\u00f4micos influenciam favoritismo do candidato de direita A menos de cinco meses das elei\u00e7\u00f5es presidenciais na Argentina, uma nova pesquisa mostra a insatisfa\u00e7\u00e3o do p\u00fablico jovem argentino com a situa\u00e7\u00e3o atual e com alguns pol\u00edticos que buscam se manter como candidatos \u00e0 Casa Rosada.Uma sondagem da Clivajes Consultores levantou as principais [&hellip;]<\/p>\n","protected":false},"author":2,"featured_media":39787,"comment_status":"open","ping_status":"open","sticky":false,"template":"","format":"standard","meta":{"footnotes":""},"categories":[41],"tags":[5995,18617,18615,18616],"class_list":["post-39786","post","type-post","status-publish","format-standard","has-post-thumbnail","hentry","category-internacional","tag-argentina","tag-candidato-de-direita","tag-eleicoes-2023","tag-javier-milei"],"yoast_head":"<!-- This site is optimized with the Yoast SEO plugin v26.5 - https:\/\/yoast.com\/wordpress\/plugins\/seo\/ -->\n<title>Ap\u00f3s liderar em pesquisa geral, Javier Milei dispara entre eleitorado de 16 a 29 anos - Jornal Fatos e Not\u00edcias<\/title>\n<meta name=\"robots\" content=\"index, follow, max-snippet:-1, max-image-preview:large, max-video-preview:-1\" \/>\n<link rel=\"canonical\" href=\"https:\/\/jornalfatosenoticias.com.br\/index.php\/2023\/03\/20\/apos-liderar-em-pesquisa-geral-javier-milei-dispara-entre-eleitorado-de-16-a-29-anos\/\" \/>\n<meta property=\"og:locale\" content=\"pt_BR\" \/>\n<meta property=\"og:type\" content=\"article\" \/>\n<meta property=\"og:title\" content=\"Ap\u00f3s liderar em pesquisa geral, Javier Milei dispara entre eleitorado de 16 a 29 anos - Jornal Fatos e Not\u00edcias\" \/>\n<meta property=\"og:description\" content=\"Entre outras coisas, fatores econ\u00f4micos influenciam favoritismo do candidato de direita A menos de cinco meses das elei\u00e7\u00f5es presidenciais na Argentina, uma nova pesquisa mostra a insatisfa\u00e7\u00e3o do p\u00fablico jovem argentino com a situa\u00e7\u00e3o atual e com alguns pol\u00edticos que buscam se manter como candidatos \u00e0 Casa Rosada.Uma sondagem da Clivajes Consultores levantou as principais [&hellip;]\" \/>\n<meta property=\"og:url\" content=\"https:\/\/jornalfatosenoticias.com.br\/index.php\/2023\/03\/20\/apos-liderar-em-pesquisa-geral-javier-milei-dispara-entre-eleitorado-de-16-a-29-anos\/\" \/>\n<meta property=\"og:site_name\" content=\"Jornal Fatos e Not\u00edcias\" \/>\n<meta property=\"article:published_time\" content=\"2023-03-20T17:33:46+00:00\" \/>\n<meta property=\"article:modified_time\" content=\"2023-03-20T17:33:47+00:00\" \/>\n<meta property=\"og:image\" content=\"https:\/\/jornalfatosenoticias.com.br\/wp-content\/uploads\/2023\/03\/Javier-Milei.jpg\" \/>\n\t<meta property=\"og:image:width\" content=\"1000\" \/>\n\t<meta property=\"og:image:height\" content=\"1000\" \/>\n\t<meta property=\"og:image:type\" content=\"image\/jpeg\" \/>\n<meta name=\"author\" content=\"Luzimara Fernandes\" \/>\n<meta name=\"twitter:card\" content=\"summary_large_image\" \/>\n<meta name=\"twitter:label1\" content=\"Escrito por\" \/>\n\t<meta name=\"twitter:data1\" content=\"Luzimara Fernandes\" \/>\n\t<meta name=\"twitter:label2\" content=\"Est. tempo de leitura\" \/>\n\t<meta name=\"twitter:data2\" content=\"1 minuto\" \/>\n<script type=\"application\/ld+json\" class=\"yoast-schema-graph\">{\"@context\":\"https:\/\/schema.org\",\"@graph\":[{\"@type\":\"Article\",\"@id\":\"https:\/\/jornalfatosenoticias.com.br\/index.php\/2023\/03\/20\/apos-liderar-em-pesquisa-geral-javier-milei-dispara-entre-eleitorado-de-16-a-29-anos\/#article\",\"isPartOf\":{\"@id\":\"https:\/\/jornalfatosenoticias.com.br\/index.php\/2023\/03\/20\/apos-liderar-em-pesquisa-geral-javier-milei-dispara-entre-eleitorado-de-16-a-29-anos\/\"},\"author\":{\"name\":\"Luzimara Fernandes\",\"@id\":\"https:\/\/jornalfatosenoticias.com.br\/#\/schema\/person\/d63837fa13ac8666eb9e74e0985d6f81\"},\"headline\":\"Ap\u00f3s liderar em pesquisa geral, Javier Milei dispara entre eleitorado de 16 a 29 anos\",\"datePublished\":\"2023-03-20T17:33:46+00:00\",\"dateModified\":\"2023-03-20T17:33:47+00:00\",\"mainEntityOfPage\":{\"@id\":\"https:\/\/jornalfatosenoticias.com.br\/index.php\/2023\/03\/20\/apos-liderar-em-pesquisa-geral-javier-milei-dispara-entre-eleitorado-de-16-a-29-anos\/\"},\"wordCount\":303,\"commentCount\":0,\"publisher\":{\"@id\":\"https:\/\/jornalfatosenoticias.com.br\/#organization\"},\"image\":{\"@id\":\"https:\/\/jornalfatosenoticias.com.br\/index.php\/2023\/03\/20\/apos-liderar-em-pesquisa-geral-javier-milei-dispara-entre-eleitorado-de-16-a-29-anos\/#primaryimage\"},\"thumbnailUrl\":\"https:\/\/jornalfatosenoticias.com.br\/wp-content\/uploads\/2023\/03\/Javier-Milei.jpg\",\"keywords\":[\"Argentina\",\"candidato de direita\",\"elei\u00e7\u00f5es 2023\",\"Javier Milei\"],\"articleSection\":[\"Internacional\"],\"inLanguage\":\"pt-BR\",\"potentialAction\":[{\"@type\":\"CommentAction\",\"name\":\"Comment\",\"target\":[\"https:\/\/jornalfatosenoticias.com.br\/index.php\/2023\/03\/20\/apos-liderar-em-pesquisa-geral-javier-milei-dispara-entre-eleitorado-de-16-a-29-anos\/#respond\"]}]},{\"@type\":\"WebPage\",\"@id\":\"https:\/\/jornalfatosenoticias.com.br\/index.php\/2023\/03\/20\/apos-liderar-em-pesquisa-geral-javier-milei-dispara-entre-eleitorado-de-16-a-29-anos\/\",\"url\":\"https:\/\/jornalfatosenoticias.com.br\/index.php\/2023\/03\/20\/apos-liderar-em-pesquisa-geral-javier-milei-dispara-entre-eleitorado-de-16-a-29-anos\/\",\"name\":\"Ap\u00f3s liderar em pesquisa geral, Javier Milei dispara entre eleitorado de 16 a 29 anos - Jornal Fatos e Not\u00edcias\",\"isPartOf\":{\"@id\":\"https:\/\/jornalfatosenoticias.com.br\/#website\"},\"primaryImageOfPage\":{\"@id\":\"https:\/\/jornalfatosenoticias.com.br\/index.php\/2023\/03\/20\/apos-liderar-em-pesquisa-geral-javier-milei-dispara-entre-eleitorado-de-16-a-29-anos\/#primaryimage\"},\"image\":{\"@id\":\"https:\/\/jornalfatosenoticias.com.br\/index.php\/2023\/03\/20\/apos-liderar-em-pesquisa-geral-javier-milei-dispara-entre-eleitorado-de-16-a-29-anos\/#primaryimage\"},\"thumbnailUrl\":\"https:\/\/jornalfatosenoticias.com.br\/wp-content\/uploads\/2023\/03\/Javier-Milei.jpg\",\"datePublished\":\"2023-03-20T17:33:46+00:00\",\"dateModified\":\"2023-03-20T17:33:47+00:00\",\"breadcrumb\":{\"@id\":\"https:\/\/jornalfatosenoticias.com.br\/index.php\/2023\/03\/20\/apos-liderar-em-pesquisa-geral-javier-milei-dispara-entre-eleitorado-de-16-a-29-anos\/#breadcrumb\"},\"inLanguage\":\"pt-BR\",\"potentialAction\":[{\"@type\":\"ReadAction\",\"target\":[\"https:\/\/jornalfatosenoticias.com.br\/index.php\/2023\/03\/20\/apos-liderar-em-pesquisa-geral-javier-milei-dispara-entre-eleitorado-de-16-a-29-anos\/\"]}]},{\"@type\":\"ImageObject\",\"inLanguage\":\"pt-BR\",\"@id\":\"https:\/\/jornalfatosenoticias.com.br\/index.php\/2023\/03\/20\/apos-liderar-em-pesquisa-geral-javier-milei-dispara-entre-eleitorado-de-16-a-29-anos\/#primaryimage\",\"url\":\"https:\/\/jornalfatosenoticias.com.br\/wp-content\/uploads\/2023\/03\/Javier-Milei.jpg\",\"contentUrl\":\"https:\/\/jornalfatosenoticias.com.br\/wp-content\/uploads\/2023\/03\/Javier-Milei.jpg\",\"width\":1000,\"height\":1000},{\"@type\":\"BreadcrumbList\",\"@id\":\"https:\/\/jornalfatosenoticias.com.br\/index.php\/2023\/03\/20\/apos-liderar-em-pesquisa-geral-javier-milei-dispara-entre-eleitorado-de-16-a-29-anos\/#breadcrumb\",\"itemListElement\":[{\"@type\":\"ListItem\",\"position\":1,\"name\":\"In\u00edcio\",\"item\":\"https:\/\/jornalfatosenoticias.com.br\/\"},{\"@type\":\"ListItem\",\"position\":2,\"name\":\"Ap\u00f3s liderar em pesquisa geral, Javier Milei dispara entre eleitorado de 16 a 29 anos\"}]},{\"@type\":\"WebSite\",\"@id\":\"https:\/\/jornalfatosenoticias.com.br\/#website\",\"url\":\"https:\/\/jornalfatosenoticias.com.br\/\",\"name\":\"Jornal Fatos e Not\u00edcias\",\"description\":\"Not\u00edcias em geral\",\"publisher\":{\"@id\":\"https:\/\/jornalfatosenoticias.com.br\/#organization\"},\"potentialAction\":[{\"@type\":\"SearchAction\",\"target\":{\"@type\":\"EntryPoint\",\"urlTemplate\":\"https:\/\/jornalfatosenoticias.com.br\/?s={search_term_string}\"},\"query-input\":{\"@type\":\"PropertyValueSpecification\",\"valueRequired\":true,\"valueName\":\"search_term_string\"}}],\"inLanguage\":\"pt-BR\"},{\"@type\":\"Organization\",\"@id\":\"https:\/\/jornalfatosenoticias.com.br\/#organization\",\"name\":\"Jornal Fatos e Not\u00edcias\",\"url\":\"https:\/\/jornalfatosenoticias.com.br\/\",\"logo\":{\"@type\":\"ImageObject\",\"inLanguage\":\"pt-BR\",\"@id\":\"https:\/\/jornalfatosenoticias.com.br\/#\/schema\/logo\/image\/\",\"url\":\"https:\/\/jornalfatosenoticias.com.br\/wp-content\/uploads\/2020\/02\/logo120.png\",\"contentUrl\":\"https:\/\/jornalfatosenoticias.com.br\/wp-content\/uploads\/2020\/02\/logo120.png\",\"width\":1227,\"height\":120,\"caption\":\"Jornal Fatos e Not\u00edcias\"},\"image\":{\"@id\":\"https:\/\/jornalfatosenoticias.com.br\/#\/schema\/logo\/image\/\"}},{\"@type\":\"Person\",\"@id\":\"https:\/\/jornalfatosenoticias.com.br\/#\/schema\/person\/d63837fa13ac8666eb9e74e0985d6f81\",\"name\":\"Luzimara Fernandes\",\"image\":{\"@type\":\"ImageObject\",\"inLanguage\":\"pt-BR\",\"@id\":\"https:\/\/jornalfatosenoticias.com.br\/#\/schema\/person\/image\/\",\"url\":\"https:\/\/jornalfatosenoticias.com.br\/wp-content\/uploads\/2025\/05\/EU_portal.jpg\",\"contentUrl\":\"https:\/\/jornalfatosenoticias.com.br\/wp-content\/uploads\/2025\/05\/EU_portal.jpg\",\"caption\":\"Luzimara Fernandes\"},\"description\":\"Jornalista MTB 2358-ES\",\"sameAs\":[\"https:\/\/jornalfatosenoticias.com.br\"],\"url\":\"https:\/\/jornalfatosenoticias.com.br\/index.php\/author\/luzimara\/\"}]}<\/script>\n<!-- \/ Yoast SEO plugin. -->","yoast_head_json":{"title":"Ap\u00f3s liderar em pesquisa geral, Javier Milei dispara entre eleitorado de 16 a 29 anos - Jornal Fatos e Not\u00edcias","robots":{"index":"index","follow":"follow","max-snippet":"max-snippet:-1","max-image-preview":"max-image-preview:large","max-video-preview":"max-video-preview:-1"},"canonical":"https:\/\/jornalfatosenoticias.com.br\/index.php\/2023\/03\/20\/apos-liderar-em-pesquisa-geral-javier-milei-dispara-entre-eleitorado-de-16-a-29-anos\/","og_locale":"pt_BR","og_type":"article","og_title":"Ap\u00f3s liderar em pesquisa geral, Javier Milei dispara entre eleitorado de 16 a 29 anos - Jornal Fatos e Not\u00edcias","og_description":"Entre outras coisas, fatores econ\u00f4micos influenciam favoritismo do candidato de direita A menos de cinco meses das elei\u00e7\u00f5es presidenciais na Argentina, uma nova pesquisa mostra a insatisfa\u00e7\u00e3o do p\u00fablico jovem argentino com a situa\u00e7\u00e3o atual e com alguns pol\u00edticos que buscam se manter como candidatos \u00e0 Casa Rosada.Uma sondagem da Clivajes Consultores levantou as principais [&hellip;]","og_url":"https:\/\/jornalfatosenoticias.com.br\/index.php\/2023\/03\/20\/apos-liderar-em-pesquisa-geral-javier-milei-dispara-entre-eleitorado-de-16-a-29-anos\/","og_site_name":"Jornal Fatos e Not\u00edcias","article_published_time":"2023-03-20T17:33:46+00:00","article_modified_time":"2023-03-20T17:33:47+00:00","og_image":[{"width":1000,"height":1000,"url":"https:\/\/jornalfatosenoticias.com.br\/wp-content\/uploads\/2023\/03\/Javier-Milei.jpg","type":"image\/jpeg"}],"author":"Luzimara Fernandes","twitter_card":"summary_large_image","twitter_misc":{"Escrito por":"Luzimara Fernandes","Est. tempo de leitura":"1 minuto"},"schema":{"@context":"https:\/\/schema.org","@graph":[{"@type":"Article","@id":"https:\/\/jornalfatosenoticias.com.br\/index.php\/2023\/03\/20\/apos-liderar-em-pesquisa-geral-javier-milei-dispara-entre-eleitorado-de-16-a-29-anos\/#article","isPartOf":{"@id":"https:\/\/jornalfatosenoticias.com.br\/index.php\/2023\/03\/20\/apos-liderar-em-pesquisa-geral-javier-milei-dispara-entre-eleitorado-de-16-a-29-anos\/"},"author":{"name":"Luzimara Fernandes","@id":"https:\/\/jornalfatosenoticias.com.br\/#\/schema\/person\/d63837fa13ac8666eb9e74e0985d6f81"},"headline":"Ap\u00f3s liderar em pesquisa geral, Javier Milei dispara entre eleitorado de 16 a 29 anos","datePublished":"2023-03-20T17:33:46+00:00","dateModified":"2023-03-20T17:33:47+00:00","mainEntityOfPage":{"@id":"https:\/\/jornalfatosenoticias.com.br\/index.php\/2023\/03\/20\/apos-liderar-em-pesquisa-geral-javier-milei-dispara-entre-eleitorado-de-16-a-29-anos\/"},"wordCount":303,"commentCount":0,"publisher":{"@id":"https:\/\/jornalfatosenoticias.com.br\/#organization"},"image":{"@id":"https:\/\/jornalfatosenoticias.com.br\/index.php\/2023\/03\/20\/apos-liderar-em-pesquisa-geral-javier-milei-dispara-entre-eleitorado-de-16-a-29-anos\/#primaryimage"},"thumbnailUrl":"https:\/\/jornalfatosenoticias.com.br\/wp-content\/uploads\/2023\/03\/Javier-Milei.jpg","keywords":["Argentina","candidato de direita","elei\u00e7\u00f5es 2023","Javier Milei"],"articleSection":["Internacional"],"inLanguage":"pt-BR","potentialAction":[{"@type":"CommentAction","name":"Comment","target":["https:\/\/jornalfatosenoticias.com.br\/index.php\/2023\/03\/20\/apos-liderar-em-pesquisa-geral-javier-milei-dispara-entre-eleitorado-de-16-a-29-anos\/#respond"]}]},{"@type":"WebPage","@id":"https:\/\/jornalfatosenoticias.com.br\/index.php\/2023\/03\/20\/apos-liderar-em-pesquisa-geral-javier-milei-dispara-entre-eleitorado-de-16-a-29-anos\/","url":"https:\/\/jornalfatosenoticias.com.br\/index.php\/2023\/03\/20\/apos-liderar-em-pesquisa-geral-javier-milei-dispara-entre-eleitorado-de-16-a-29-anos\/","name":"Ap\u00f3s liderar em pesquisa geral, Javier Milei dispara entre eleitorado de 16 a 29 anos - Jornal Fatos e Not\u00edcias","isPartOf":{"@id":"https:\/\/jornalfatosenoticias.com.br\/#website"},"primaryImageOfPage":{"@id":"https:\/\/jornalfatosenoticias.com.br\/index.php\/2023\/03\/20\/apos-liderar-em-pesquisa-geral-javier-milei-dispara-entre-eleitorado-de-16-a-29-anos\/#primaryimage"},"image":{"@id":"https:\/\/jornalfatosenoticias.com.br\/index.php\/2023\/03\/20\/apos-liderar-em-pesquisa-geral-javier-milei-dispara-entre-eleitorado-de-16-a-29-anos\/#primaryimage"},"thumbnailUrl":"https:\/\/jornalfatosenoticias.com.br\/wp-content\/uploads\/2023\/03\/Javier-Milei.jpg","datePublished":"2023-03-20T17:33:46+00:00","dateModified":"2023-03-20T17:33:47+00:00","breadcrumb":{"@id":"https:\/\/jornalfatosenoticias.com.br\/index.php\/2023\/03\/20\/apos-liderar-em-pesquisa-geral-javier-milei-dispara-entre-eleitorado-de-16-a-29-anos\/#breadcrumb"},"inLanguage":"pt-BR","potentialAction":[{"@type":"ReadAction","target":["https:\/\/jornalfatosenoticias.com.br\/index.php\/2023\/03\/20\/apos-liderar-em-pesquisa-geral-javier-milei-dispara-entre-eleitorado-de-16-a-29-anos\/"]}]},{"@type":"ImageObject","inLanguage":"pt-BR","@id":"https:\/\/jornalfatosenoticias.com.br\/index.php\/2023\/03\/20\/apos-liderar-em-pesquisa-geral-javier-milei-dispara-entre-eleitorado-de-16-a-29-anos\/#primaryimage","url":"https:\/\/jornalfatosenoticias.com.br\/wp-content\/uploads\/2023\/03\/Javier-Milei.jpg","contentUrl":"https:\/\/jornalfatosenoticias.com.br\/wp-content\/uploads\/2023\/03\/Javier-Milei.jpg","width":1000,"height":1000},{"@type":"BreadcrumbList","@id":"https:\/\/jornalfatosenoticias.com.br\/index.php\/2023\/03\/20\/apos-liderar-em-pesquisa-geral-javier-milei-dispara-entre-eleitorado-de-16-a-29-anos\/#breadcrumb","itemListElement":[{"@type":"ListItem","position":1,"name":"In\u00edcio","item":"https:\/\/jornalfatosenoticias.com.br\/"},{"@type":"ListItem","position":2,"name":"Ap\u00f3s liderar em pesquisa geral, Javier Milei dispara entre eleitorado de 16 a 29 anos"}]},{"@type":"WebSite","@id":"https:\/\/jornalfatosenoticias.com.br\/#website","url":"https:\/\/jornalfatosenoticias.com.br\/","name":"Jornal Fatos e Not\u00edcias","description":"Not\u00edcias em geral","publisher":{"@id":"https:\/\/jornalfatosenoticias.com.br\/#organization"},"potentialAction":[{"@type":"SearchAction","target":{"@type":"EntryPoint","urlTemplate":"https:\/\/jornalfatosenoticias.com.br\/?s={search_term_string}"},"query-input":{"@type":"PropertyValueSpecification","valueRequired":true,"valueName":"search_term_string"}}],"inLanguage":"pt-BR"},{"@type":"Organization","@id":"https:\/\/jornalfatosenoticias.com.br\/#organization","name":"Jornal Fatos e Not\u00edcias","url":"https:\/\/jornalfatosenoticias.com.br\/","logo":{"@type":"ImageObject","inLanguage":"pt-BR","@id":"https:\/\/jornalfatosenoticias.com.br\/#\/schema\/logo\/image\/","url":"https:\/\/jornalfatosenoticias.com.br\/wp-content\/uploads\/2020\/02\/logo120.png","contentUrl":"https:\/\/jornalfatosenoticias.com.br\/wp-content\/uploads\/2020\/02\/logo120.png","width":1227,"height":120,"caption":"Jornal Fatos e Not\u00edcias"},"image":{"@id":"https:\/\/jornalfatosenoticias.com.br\/#\/schema\/logo\/image\/"}},{"@type":"Person","@id":"https:\/\/jornalfatosenoticias.com.br\/#\/schema\/person\/d63837fa13ac8666eb9e74e0985d6f81","name":"Luzimara Fernandes","image":{"@type":"ImageObject","inLanguage":"pt-BR","@id":"https:\/\/jornalfatosenoticias.com.br\/#\/schema\/person\/image\/","url":"https:\/\/jornalfatosenoticias.com.br\/wp-content\/uploads\/2025\/05\/EU_portal.jpg","contentUrl":"https:\/\/jornalfatosenoticias.com.br\/wp-content\/uploads\/2025\/05\/EU_portal.jpg","caption":"Luzimara Fernandes"},"description":"Jornalista MTB 2358-ES","sameAs":["https:\/\/jornalfatosenoticias.com.br"],"url":"https:\/\/jornalfatosenoticias.com.br\/index.php\/author\/luzimara\/"}]}},"cc_featured_image_caption":{"caption_text":"(Foto: RCP) ","source_text":"","source_url":""},"jetpack_featured_media_url":"https:\/\/jornalfatosenoticias.com.br\/wp-content\/uploads\/2023\/03\/Javier-Milei.jpg","_links":{"self":[{"href":"https:\/\/jornalfatosenoticias.com.br\/index.php\/wp-json\/wp\/v2\/posts\/39786","targetHints":{"allow":["GET"]}}],"collection":[{"href":"https:\/\/jornalfatosenoticias.com.br\/index.php\/wp-json\/wp\/v2\/posts"}],"about":[{"href":"https:\/\/jornalfatosenoticias.com.br\/index.php\/wp-json\/wp\/v2\/types\/post"}],"author":[{"embeddable":true,"href":"https:\/\/jornalfatosenoticias.com.br\/index.php\/wp-json\/wp\/v2\/users\/2"}],"replies":[{"embeddable":true,"href":"https:\/\/jornalfatosenoticias.com.br\/index.php\/wp-json\/wp\/v2\/comments?post=39786"}],"version-history":[{"count":0,"href":"https:\/\/jornalfatosenoticias.com.br\/index.php\/wp-json\/wp\/v2\/posts\/39786\/revisions"}],"wp:featuredmedia":[{"embeddable":true,"href":"https:\/\/jornalfatosenoticias.com.br\/index.php\/wp-json\/wp\/v2\/media\/39787"}],"wp:attachment":[{"href":"https:\/\/jornalfatosenoticias.com.br\/index.php\/wp-json\/wp\/v2\/media?parent=39786"}],"wp:term":[{"taxonomy":"category","embeddable":true,"href":"https:\/\/jornalfatosenoticias.com.br\/index.php\/wp-json\/wp\/v2\/categories?post=39786"},{"taxonomy":"post_tag","embeddable":true,"href":"https:\/\/jornalfatosenoticias.com.br\/index.php\/wp-json\/wp\/v2\/tags?post=39786"}],"curies":[{"name":"wp","href":"https:\/\/api.w.org\/{rel}","templated":true}]}}