{"id":39836,"date":"2023-03-21T14:06:51","date_gmt":"2023-03-21T17:06:51","guid":{"rendered":"https:\/\/jornalfatosenoticias.com.br\/?p=39836"},"modified":"2023-03-21T14:06:52","modified_gmt":"2023-03-21T17:06:52","slug":"lutadora-da-serra-e-medalha-de-bronze-na-copa-do-mundo-de-kickboxing","status":"publish","type":"post","link":"https:\/\/jornalfatosenoticias.com.br\/index.php\/2023\/03\/21\/lutadora-da-serra-e-medalha-de-bronze-na-copa-do-mundo-de-kickboxing\/","title":{"rendered":"Lutadora da Serra \u00e9 medalha de bronze na Copa do Mundo de Kickboxing"},"content":{"rendered":"\n<p><em><span class=\"has-inline-color has-black-color\">Gabriela Bastos de Lima conquistou o terceiro lugar em competi\u00e7\u00e3o na \u00c1ustria<\/span><\/em><\/p>\n\n\n\n<div class=\"wp-block-image\"><figure class=\"aligncenter size-large\"><img loading=\"lazy\" decoding=\"async\" width=\"1024\" height=\"100\" src=\"https:\/\/jornalfatosenoticias.com.br\/wp-content\/uploads\/2020\/02\/banner_ferramentas-1024x100.jpg\" alt=\"\" class=\"wp-image-1258\" srcset=\"https:\/\/jornalfatosenoticias.com.br\/wp-content\/uploads\/2020\/02\/banner_ferramentas-1024x100.jpg 1024w, https:\/\/jornalfatosenoticias.com.br\/wp-content\/uploads\/2020\/02\/banner_ferramentas-300x29.jpg 300w, https:\/\/jornalfatosenoticias.com.br\/wp-content\/uploads\/2020\/02\/banner_ferramentas-768x75.jpg 768w, https:\/\/jornalfatosenoticias.com.br\/wp-content\/uploads\/2020\/02\/banner_ferramentas.jpg 1227w\" sizes=\"auto, (max-width: 1024px) 100vw, 1024px\" \/><\/figure><\/div>\n\n\n\n<p>Terceira colocada na Copa do Mundo de Kickboxing \u2014 Worldcup Kickboxing \u2014 a atleta Gabriela Bastos de Lima falou ao <strong><span class=\"has-inline-color has-black-color\">Fatos &amp; Not\u00edcias<\/span><\/strong> um pouco sobre a sua ida \u00e0 \u00c1ustria para a competi\u00e7\u00e3o. Gabriela conta que, embora a viagem tenha sido tranquila, foi um pouco cansativa.<\/p>\n\n\n\n<div class=\"wp-block-image\"><figure class=\"aligncenter size-large is-resized\"><img loading=\"lazy\" decoding=\"async\" src=\"https:\/\/jornalfatosenoticias.com.br\/wp-content\/uploads\/2022\/10\/RC_800x750_page-0001.jpg\" alt=\"\" class=\"wp-image-35338\" width=\"291\" height=\"273\" srcset=\"https:\/\/jornalfatosenoticias.com.br\/wp-content\/uploads\/2022\/10\/RC_800x750_page-0001.jpg 400w, https:\/\/jornalfatosenoticias.com.br\/wp-content\/uploads\/2022\/10\/RC_800x750_page-0001-300x281.jpg 300w\" sizes=\"auto, (max-width: 291px) 100vw, 291px\" \/><\/figure><\/div>\n\n\n\n<blockquote class=\"wp-block-quote is-layout-flow wp-block-quote-is-layout-flow\"><p><span class=\"has-inline-color has-luminous-vivid-orange-color\">A viagem de vinda foi bem cansativa, longa. Chegamos em Munique (Alemanha) no dia 16, \u00e0 noite e, pela manh\u00e3, fomos para Innsbruck, cidade localizada a Oeste da \u00c1ustria, capital do estado do Tirol, onde aconteceria a competi\u00e7\u00e3o. Deixamos as coisas no hotel e fomos direto para o gin\u00e1sio fazer o cadastramento e a pesagem para in\u00edcio do evento\u201d, explica.<\/span><\/p><\/blockquote>\n\n\n\n<div class=\"wp-block-image\"><figure class=\"aligncenter size-large\"><img loading=\"lazy\" decoding=\"async\" width=\"300\" height=\"250\" src=\"https:\/\/jornalfatosenoticias.com.br\/wp-content\/uploads\/2022\/08\/arte-Casarao.jpg\" alt=\"\" class=\"wp-image-33178\"\/><\/figure><\/div>\n\n\n\n<p>Ainda de acordo com Gabriela, a chegada foi em cima da hora e, por isso, houve um certo desgaste f\u00edsico e emocional, j\u00e1 que que n\u00e3o houve tempo para adapta\u00e7\u00e3o. \u201cChegar em cima da hora foi ruim, chegamos cansados e n\u00e3o tivemos tempo de adapta\u00e7\u00e3o ao fuso hor\u00e1rio e \u00e0 altitude\u201d, ponderou.<br>A atleta elogiou a recep\u00e7\u00e3o austr\u00edaca e o alto n\u00edvel da competi\u00e7\u00e3o. <\/p>\n\n\n\n<div class=\"wp-block-image\"><figure class=\"aligncenter size-large is-resized\"><img loading=\"lazy\" decoding=\"async\" src=\"https:\/\/jornalfatosenoticias.com.br\/wp-content\/uploads\/2023\/03\/kickboxing3-1.jpg\" alt=\"\" class=\"wp-image-39837\" width=\"580\" height=\"284\" srcset=\"https:\/\/jornalfatosenoticias.com.br\/wp-content\/uploads\/2023\/03\/kickboxing3-1.jpg 1000w, https:\/\/jornalfatosenoticias.com.br\/wp-content\/uploads\/2023\/03\/kickboxing3-1-300x147.jpg 300w, https:\/\/jornalfatosenoticias.com.br\/wp-content\/uploads\/2023\/03\/kickboxing3-1-768x377.jpg 768w\" sizes=\"auto, (max-width: 580px) 100vw, 580px\" \/><figcaption><em><span class=\"has-inline-color has-black-color\">(Foto: Arquivo Pessoal)<\/span><\/em><\/figcaption><\/figure><\/div>\n\n\n\n<blockquote class=\"wp-block-quote is-layout-flow wp-block-quote-is-layout-flow\"><p><span class=\"has-inline-color has-luminous-vivid-orange-color\">Fomos muito bem recepcionados pelos locais, ficamos em um hotel a tr\u00eas minutos do gin\u00e1sio, o que nos facilitou bastante. O n\u00edvel foi alto, fiz uma luta dura com uma polonesa, mas, infelizmente, n\u00e3o venci. Acredito que foi, sem d\u00favida, o meu melhor desempenho na competi\u00e7\u00e3o. A polonesa ficou em primeiro lugar, uma espanhola em segundo e eu em terceiro\u201d, disse a atleta, orgulhosa da conquista.<\/span><\/p><\/blockquote>\n\n\n\n<div class=\"wp-block-image\"><figure class=\"aligncenter size-large is-resized\"><img loading=\"lazy\" decoding=\"async\" src=\"https:\/\/jornalfatosenoticias.com.br\/wp-content\/uploads\/2022\/10\/Arte-jornal-Zucchi-600x600_Prancheta-1-1024x1024.jpg\" alt=\"\" class=\"wp-image-34782\" width=\"268\" height=\"268\" srcset=\"https:\/\/jornalfatosenoticias.com.br\/wp-content\/uploads\/2022\/10\/Arte-jornal-Zucchi-600x600_Prancheta-1-1024x1024.jpg 1024w, https:\/\/jornalfatosenoticias.com.br\/wp-content\/uploads\/2022\/10\/Arte-jornal-Zucchi-600x600_Prancheta-1-300x300.jpg 300w, https:\/\/jornalfatosenoticias.com.br\/wp-content\/uploads\/2022\/10\/Arte-jornal-Zucchi-600x600_Prancheta-1-150x150.jpg 150w, https:\/\/jornalfatosenoticias.com.br\/wp-content\/uploads\/2022\/10\/Arte-jornal-Zucchi-600x600_Prancheta-1-768x768.jpg 768w, https:\/\/jornalfatosenoticias.com.br\/wp-content\/uploads\/2022\/10\/Arte-jornal-Zucchi-600x600_Prancheta-1.jpg 1250w\" sizes=\"auto, (max-width: 268px) 100vw, 268px\" \/><\/figure><\/div>\n\n\n\n<div class=\"wp-block-image\"><figure class=\"aligncenter size-large\"><img loading=\"lazy\" decoding=\"async\" width=\"562\" height=\"1000\" src=\"https:\/\/jornalfatosenoticias.com.br\/wp-content\/uploads\/2023\/03\/kickboxing.jpg\" alt=\"\" class=\"wp-image-39838\" srcset=\"https:\/\/jornalfatosenoticias.com.br\/wp-content\/uploads\/2023\/03\/kickboxing.jpg 562w, https:\/\/jornalfatosenoticias.com.br\/wp-content\/uploads\/2023\/03\/kickboxing-169x300.jpg 169w\" sizes=\"auto, (max-width: 562px) 100vw, 562px\" \/><figcaption><em><span class=\"has-inline-color has-black-color\">(Foto: Arquivo Pessoal)<\/span><\/em><\/figcaption><\/figure><\/div>\n\n\n\n<div class=\"wp-block-image\"><figure class=\"aligncenter size-large is-resized\"><img loading=\"lazy\" decoding=\"async\" src=\"https:\/\/jornalfatosenoticias.com.br\/wp-content\/uploads\/2020\/02\/logo-Panper_portal.jpg\" alt=\"\" class=\"wp-image-34474\" width=\"341\" height=\"236\" srcset=\"https:\/\/jornalfatosenoticias.com.br\/wp-content\/uploads\/2020\/02\/logo-Panper_portal.jpg 400w, https:\/\/jornalfatosenoticias.com.br\/wp-content\/uploads\/2020\/02\/logo-Panper_portal-300x208.jpg 300w\" sizes=\"auto, (max-width: 341px) 100vw, 341px\" \/><\/figure><\/div>\n\n\n\n<p>Gabriela comemora tamb\u00e9m o desempenho da delega\u00e7\u00e3o brasileira, que fez bonito em solo austr\u00edaco, conquistando tr\u00eas medalhas de ouro, duas de prata, cinco quintos lugares e um s\u00e9timo lugar no p\u00f3dio.<br>A atleta se orgulha da conquista que veio com muita garra e disposi\u00e7\u00e3o, uma vez que estava h\u00e1 bastante tempo sem competir. <\/p>\n\n\n\n<div class=\"wp-block-image\"><figure class=\"aligncenter size-large\"><img decoding=\"async\" src=\"https:\/\/jornalfatosenoticias.com.br\/wp-content\/uploads\/2020\/02\/logo_esteio.jpg\" alt=\"\" class=\"wp-image-1214\"\/><\/figure><\/div>\n\n\n\n<blockquote class=\"wp-block-quote is-layout-flow wp-block-quote-is-layout-flow\"><p><span class=\"has-inline-color has-luminous-vivid-orange-color\">Estou muito feliz com o meu resultado, um terceiro lugar numa competi\u00e7\u00e3o desse n\u00edvel, \u00e9 incr\u00edvel! Lutei com garotas com experi\u00eancia internacional. Isso mostra que meu n\u00edvel est\u00e1 compat\u00edvel e n\u00e3o posso deixar de dizer que contra\u00ed dengue duas semanas antes de viajar, mas estou muito feliz com a conquista do terceiro lugar\u201d, ressalta Gabriela.<\/span><\/p><\/blockquote>\n\n\n\n<div class=\"wp-block-image\"><figure class=\"aligncenter size-large\"><img loading=\"lazy\" decoding=\"async\" width=\"300\" height=\"222\" src=\"https:\/\/jornalfatosenoticias.com.br\/wp-content\/uploads\/2023\/03\/logo_Juliana-Graca.jpg\" alt=\"\" class=\"wp-image-39283\"\/><\/figure><\/div>\n\n\n\n<div class=\"wp-block-image\"><figure class=\"aligncenter size-large\"><img loading=\"lazy\" decoding=\"async\" width=\"750\" height=\"1000\" src=\"https:\/\/jornalfatosenoticias.com.br\/wp-content\/uploads\/2023\/03\/kickboxing2-1.jpg\" alt=\"\" class=\"wp-image-39839\" srcset=\"https:\/\/jornalfatosenoticias.com.br\/wp-content\/uploads\/2023\/03\/kickboxing2-1.jpg 750w, https:\/\/jornalfatosenoticias.com.br\/wp-content\/uploads\/2023\/03\/kickboxing2-1-225x300.jpg 225w\" sizes=\"auto, (max-width: 750px) 100vw, 750px\" \/><figcaption><em><span class=\"has-inline-color has-black-color\">(Foto: Arquivo Pessoal)<\/span><\/em><\/figcaption><\/figure><\/div>\n","protected":false},"excerpt":{"rendered":"<p>Gabriela Bastos de Lima conquistou o terceiro lugar em competi\u00e7\u00e3o na \u00c1ustria Terceira colocada na Copa do Mundo de Kickboxing \u2014 Worldcup Kickboxing \u2014 a atleta Gabriela Bastos de Lima falou ao Fatos &amp; Not\u00edcias um pouco sobre a sua ida \u00e0 \u00c1ustria para a competi\u00e7\u00e3o. Gabriela conta que, embora a viagem tenha sido tranquila, [&hellip;]<\/p>\n","protected":false},"author":3,"featured_media":39840,"comment_status":"open","ping_status":"open","sticky":false,"template":"","format":"standard","meta":{"footnotes":""},"categories":[12],"tags":[3207,4045,18562,18636,18637,12194],"class_list":["post-39836","post","type-post","status-publish","format-standard","has-post-thumbnail","hentry","category-esportes","tag-austria","tag-competicao","tag-copa-do-mundo-de-kickboxing","tag-gabriela-bastos-de-lima","tag-medalha-de-bronze","tag-podio"],"yoast_head":"<!-- This site is optimized with the Yoast SEO plugin v26.5 - https:\/\/yoast.com\/wordpress\/plugins\/seo\/ -->\n<title>Lutadora da Serra \u00e9 medalha de bronze na Copa do Mundo de Kickboxing - Jornal Fatos e Not\u00edcias<\/title>\n<meta name=\"robots\" content=\"index, follow, max-snippet:-1, max-image-preview:large, max-video-preview:-1\" \/>\n<link rel=\"canonical\" href=\"https:\/\/jornalfatosenoticias.com.br\/index.php\/2023\/03\/21\/lutadora-da-serra-e-medalha-de-bronze-na-copa-do-mundo-de-kickboxing\/\" \/>\n<meta property=\"og:locale\" content=\"pt_BR\" \/>\n<meta property=\"og:type\" content=\"article\" \/>\n<meta property=\"og:title\" content=\"Lutadora da Serra \u00e9 medalha de bronze na Copa do Mundo de Kickboxing - Jornal Fatos e Not\u00edcias\" \/>\n<meta property=\"og:description\" content=\"Gabriela Bastos de Lima conquistou o terceiro lugar em competi\u00e7\u00e3o na \u00c1ustria Terceira colocada na Copa do Mundo de Kickboxing \u2014 Worldcup Kickboxing \u2014 a atleta Gabriela Bastos de Lima falou ao Fatos &amp; Not\u00edcias um pouco sobre a sua ida \u00e0 \u00c1ustria para a competi\u00e7\u00e3o. Gabriela conta que, embora a viagem tenha sido tranquila, [&hellip;]\" \/>\n<meta property=\"og:url\" content=\"https:\/\/jornalfatosenoticias.com.br\/index.php\/2023\/03\/21\/lutadora-da-serra-e-medalha-de-bronze-na-copa-do-mundo-de-kickboxing\/\" \/>\n<meta property=\"og:site_name\" content=\"Jornal Fatos e Not\u00edcias\" \/>\n<meta property=\"article:published_time\" content=\"2023-03-21T17:06:51+00:00\" \/>\n<meta property=\"article:modified_time\" content=\"2023-03-21T17:06:52+00:00\" \/>\n<meta property=\"og:image\" content=\"https:\/\/jornalfatosenoticias.com.br\/wp-content\/uploads\/2023\/03\/kikcboxing4.jpg\" \/>\n\t<meta property=\"og:image:width\" content=\"1000\" \/>\n\t<meta property=\"og:image:height\" content=\"702\" \/>\n\t<meta property=\"og:image:type\" content=\"image\/jpeg\" \/>\n<meta name=\"author\" content=\"Haroldo Filho\" \/>\n<meta name=\"twitter:card\" content=\"summary_large_image\" \/>\n<meta name=\"twitter:label1\" content=\"Escrito por\" \/>\n\t<meta name=\"twitter:data1\" content=\"Haroldo Filho\" \/>\n\t<meta name=\"twitter:label2\" content=\"Est. tempo de leitura\" \/>\n\t<meta name=\"twitter:data2\" content=\"2 minutos\" \/>\n<script type=\"application\/ld+json\" class=\"yoast-schema-graph\">{\"@context\":\"https:\/\/schema.org\",\"@graph\":[{\"@type\":\"Article\",\"@id\":\"https:\/\/jornalfatosenoticias.com.br\/index.php\/2023\/03\/21\/lutadora-da-serra-e-medalha-de-bronze-na-copa-do-mundo-de-kickboxing\/#article\",\"isPartOf\":{\"@id\":\"https:\/\/jornalfatosenoticias.com.br\/index.php\/2023\/03\/21\/lutadora-da-serra-e-medalha-de-bronze-na-copa-do-mundo-de-kickboxing\/\"},\"author\":{\"name\":\"Haroldo Filho\",\"@id\":\"https:\/\/jornalfatosenoticias.com.br\/#\/schema\/person\/05c46cc25b42a5c27e004fb0fa6b4965\"},\"headline\":\"Lutadora da Serra \u00e9 medalha de bronze na Copa do Mundo de Kickboxing\",\"datePublished\":\"2023-03-21T17:06:51+00:00\",\"dateModified\":\"2023-03-21T17:06:52+00:00\",\"mainEntityOfPage\":{\"@id\":\"https:\/\/jornalfatosenoticias.com.br\/index.php\/2023\/03\/21\/lutadora-da-serra-e-medalha-de-bronze-na-copa-do-mundo-de-kickboxing\/\"},\"wordCount\":407,\"commentCount\":0,\"publisher\":{\"@id\":\"https:\/\/jornalfatosenoticias.com.br\/#organization\"},\"image\":{\"@id\":\"https:\/\/jornalfatosenoticias.com.br\/index.php\/2023\/03\/21\/lutadora-da-serra-e-medalha-de-bronze-na-copa-do-mundo-de-kickboxing\/#primaryimage\"},\"thumbnailUrl\":\"https:\/\/jornalfatosenoticias.com.br\/wp-content\/uploads\/2023\/03\/kikcboxing4.jpg\",\"keywords\":[\"\u00c1ustria\",\"competi\u00e7\u00e3o\",\"Copa do Mundo de Kickboxing\",\"Gabriela Bastos de Lima\",\"medalha de bronze\",\"p\u00f3dio\"],\"articleSection\":[\"Esportes\"],\"inLanguage\":\"pt-BR\",\"potentialAction\":[{\"@type\":\"CommentAction\",\"name\":\"Comment\",\"target\":[\"https:\/\/jornalfatosenoticias.com.br\/index.php\/2023\/03\/21\/lutadora-da-serra-e-medalha-de-bronze-na-copa-do-mundo-de-kickboxing\/#respond\"]}]},{\"@type\":\"WebPage\",\"@id\":\"https:\/\/jornalfatosenoticias.com.br\/index.php\/2023\/03\/21\/lutadora-da-serra-e-medalha-de-bronze-na-copa-do-mundo-de-kickboxing\/\",\"url\":\"https:\/\/jornalfatosenoticias.com.br\/index.php\/2023\/03\/21\/lutadora-da-serra-e-medalha-de-bronze-na-copa-do-mundo-de-kickboxing\/\",\"name\":\"Lutadora da Serra \u00e9 medalha de bronze na Copa do Mundo de Kickboxing - Jornal Fatos e Not\u00edcias\",\"isPartOf\":{\"@id\":\"https:\/\/jornalfatosenoticias.com.br\/#website\"},\"primaryImageOfPage\":{\"@id\":\"https:\/\/jornalfatosenoticias.com.br\/index.php\/2023\/03\/21\/lutadora-da-serra-e-medalha-de-bronze-na-copa-do-mundo-de-kickboxing\/#primaryimage\"},\"image\":{\"@id\":\"https:\/\/jornalfatosenoticias.com.br\/index.php\/2023\/03\/21\/lutadora-da-serra-e-medalha-de-bronze-na-copa-do-mundo-de-kickboxing\/#primaryimage\"},\"thumbnailUrl\":\"https:\/\/jornalfatosenoticias.com.br\/wp-content\/uploads\/2023\/03\/kikcboxing4.jpg\",\"datePublished\":\"2023-03-21T17:06:51+00:00\",\"dateModified\":\"2023-03-21T17:06:52+00:00\",\"breadcrumb\":{\"@id\":\"https:\/\/jornalfatosenoticias.com.br\/index.php\/2023\/03\/21\/lutadora-da-serra-e-medalha-de-bronze-na-copa-do-mundo-de-kickboxing\/#breadcrumb\"},\"inLanguage\":\"pt-BR\",\"potentialAction\":[{\"@type\":\"ReadAction\",\"target\":[\"https:\/\/jornalfatosenoticias.com.br\/index.php\/2023\/03\/21\/lutadora-da-serra-e-medalha-de-bronze-na-copa-do-mundo-de-kickboxing\/\"]}]},{\"@type\":\"ImageObject\",\"inLanguage\":\"pt-BR\",\"@id\":\"https:\/\/jornalfatosenoticias.com.br\/index.php\/2023\/03\/21\/lutadora-da-serra-e-medalha-de-bronze-na-copa-do-mundo-de-kickboxing\/#primaryimage\",\"url\":\"https:\/\/jornalfatosenoticias.com.br\/wp-content\/uploads\/2023\/03\/kikcboxing4.jpg\",\"contentUrl\":\"https:\/\/jornalfatosenoticias.com.br\/wp-content\/uploads\/2023\/03\/kikcboxing4.jpg\",\"width\":1000,\"height\":702},{\"@type\":\"BreadcrumbList\",\"@id\":\"https:\/\/jornalfatosenoticias.com.br\/index.php\/2023\/03\/21\/lutadora-da-serra-e-medalha-de-bronze-na-copa-do-mundo-de-kickboxing\/#breadcrumb\",\"itemListElement\":[{\"@type\":\"ListItem\",\"position\":1,\"name\":\"In\u00edcio\",\"item\":\"https:\/\/jornalfatosenoticias.com.br\/\"},{\"@type\":\"ListItem\",\"position\":2,\"name\":\"Lutadora da Serra \u00e9 medalha de bronze na Copa do Mundo de Kickboxing\"}]},{\"@type\":\"WebSite\",\"@id\":\"https:\/\/jornalfatosenoticias.com.br\/#website\",\"url\":\"https:\/\/jornalfatosenoticias.com.br\/\",\"name\":\"Jornal Fatos e Not\u00edcias\",\"description\":\"Not\u00edcias em geral\",\"publisher\":{\"@id\":\"https:\/\/jornalfatosenoticias.com.br\/#organization\"},\"potentialAction\":[{\"@type\":\"SearchAction\",\"target\":{\"@type\":\"EntryPoint\",\"urlTemplate\":\"https:\/\/jornalfatosenoticias.com.br\/?s={search_term_string}\"},\"query-input\":{\"@type\":\"PropertyValueSpecification\",\"valueRequired\":true,\"valueName\":\"search_term_string\"}}],\"inLanguage\":\"pt-BR\"},{\"@type\":\"Organization\",\"@id\":\"https:\/\/jornalfatosenoticias.com.br\/#organization\",\"name\":\"Jornal Fatos e Not\u00edcias\",\"url\":\"https:\/\/jornalfatosenoticias.com.br\/\",\"logo\":{\"@type\":\"ImageObject\",\"inLanguage\":\"pt-BR\",\"@id\":\"https:\/\/jornalfatosenoticias.com.br\/#\/schema\/logo\/image\/\",\"url\":\"https:\/\/jornalfatosenoticias.com.br\/wp-content\/uploads\/2020\/02\/logo120.png\",\"contentUrl\":\"https:\/\/jornalfatosenoticias.com.br\/wp-content\/uploads\/2020\/02\/logo120.png\",\"width\":1227,\"height\":120,\"caption\":\"Jornal Fatos e Not\u00edcias\"},\"image\":{\"@id\":\"https:\/\/jornalfatosenoticias.com.br\/#\/schema\/logo\/image\/\"}},{\"@type\":\"Person\",\"@id\":\"https:\/\/jornalfatosenoticias.com.br\/#\/schema\/person\/05c46cc25b42a5c27e004fb0fa6b4965\",\"name\":\"Haroldo Filho\",\"image\":{\"@type\":\"ImageObject\",\"inLanguage\":\"pt-BR\",\"@id\":\"https:\/\/jornalfatosenoticias.com.br\/#\/schema\/person\/image\/\",\"url\":\"https:\/\/jornalfatosenoticias.com.br\/wp-content\/uploads\/2025\/08\/WhatsApp-Image-2025-08-18-at-15.30.28-150x150.jpeg\",\"contentUrl\":\"https:\/\/jornalfatosenoticias.com.br\/wp-content\/uploads\/2025\/08\/WhatsApp-Image-2025-08-18-at-15.30.28-150x150.jpeg\",\"caption\":\"Haroldo Filho\"},\"description\":\"Jornalista \u2013 DRT: 0003818\/ES Coordenador-geral da ONG Educar para Crescer\",\"url\":\"https:\/\/jornalfatosenoticias.com.br\/index.php\/author\/haroldo\/\"}]}<\/script>\n<!-- \/ Yoast SEO plugin. -->","yoast_head_json":{"title":"Lutadora da Serra \u00e9 medalha de bronze na Copa do Mundo de Kickboxing - Jornal Fatos e Not\u00edcias","robots":{"index":"index","follow":"follow","max-snippet":"max-snippet:-1","max-image-preview":"max-image-preview:large","max-video-preview":"max-video-preview:-1"},"canonical":"https:\/\/jornalfatosenoticias.com.br\/index.php\/2023\/03\/21\/lutadora-da-serra-e-medalha-de-bronze-na-copa-do-mundo-de-kickboxing\/","og_locale":"pt_BR","og_type":"article","og_title":"Lutadora da Serra \u00e9 medalha de bronze na Copa do Mundo de Kickboxing - Jornal Fatos e Not\u00edcias","og_description":"Gabriela Bastos de Lima conquistou o terceiro lugar em competi\u00e7\u00e3o na \u00c1ustria Terceira colocada na Copa do Mundo de Kickboxing \u2014 Worldcup Kickboxing \u2014 a atleta Gabriela Bastos de Lima falou ao Fatos &amp; Not\u00edcias um pouco sobre a sua ida \u00e0 \u00c1ustria para a competi\u00e7\u00e3o. Gabriela conta que, embora a viagem tenha sido tranquila, [&hellip;]","og_url":"https:\/\/jornalfatosenoticias.com.br\/index.php\/2023\/03\/21\/lutadora-da-serra-e-medalha-de-bronze-na-copa-do-mundo-de-kickboxing\/","og_site_name":"Jornal Fatos e Not\u00edcias","article_published_time":"2023-03-21T17:06:51+00:00","article_modified_time":"2023-03-21T17:06:52+00:00","og_image":[{"width":1000,"height":702,"url":"https:\/\/jornalfatosenoticias.com.br\/wp-content\/uploads\/2023\/03\/kikcboxing4.jpg","type":"image\/jpeg"}],"author":"Haroldo Filho","twitter_card":"summary_large_image","twitter_misc":{"Escrito por":"Haroldo Filho","Est. tempo de leitura":"2 minutos"},"schema":{"@context":"https:\/\/schema.org","@graph":[{"@type":"Article","@id":"https:\/\/jornalfatosenoticias.com.br\/index.php\/2023\/03\/21\/lutadora-da-serra-e-medalha-de-bronze-na-copa-do-mundo-de-kickboxing\/#article","isPartOf":{"@id":"https:\/\/jornalfatosenoticias.com.br\/index.php\/2023\/03\/21\/lutadora-da-serra-e-medalha-de-bronze-na-copa-do-mundo-de-kickboxing\/"},"author":{"name":"Haroldo Filho","@id":"https:\/\/jornalfatosenoticias.com.br\/#\/schema\/person\/05c46cc25b42a5c27e004fb0fa6b4965"},"headline":"Lutadora da Serra \u00e9 medalha de bronze na Copa do Mundo de Kickboxing","datePublished":"2023-03-21T17:06:51+00:00","dateModified":"2023-03-21T17:06:52+00:00","mainEntityOfPage":{"@id":"https:\/\/jornalfatosenoticias.com.br\/index.php\/2023\/03\/21\/lutadora-da-serra-e-medalha-de-bronze-na-copa-do-mundo-de-kickboxing\/"},"wordCount":407,"commentCount":0,"publisher":{"@id":"https:\/\/jornalfatosenoticias.com.br\/#organization"},"image":{"@id":"https:\/\/jornalfatosenoticias.com.br\/index.php\/2023\/03\/21\/lutadora-da-serra-e-medalha-de-bronze-na-copa-do-mundo-de-kickboxing\/#primaryimage"},"thumbnailUrl":"https:\/\/jornalfatosenoticias.com.br\/wp-content\/uploads\/2023\/03\/kikcboxing4.jpg","keywords":["\u00c1ustria","competi\u00e7\u00e3o","Copa do Mundo de Kickboxing","Gabriela Bastos de Lima","medalha de bronze","p\u00f3dio"],"articleSection":["Esportes"],"inLanguage":"pt-BR","potentialAction":[{"@type":"CommentAction","name":"Comment","target":["https:\/\/jornalfatosenoticias.com.br\/index.php\/2023\/03\/21\/lutadora-da-serra-e-medalha-de-bronze-na-copa-do-mundo-de-kickboxing\/#respond"]}]},{"@type":"WebPage","@id":"https:\/\/jornalfatosenoticias.com.br\/index.php\/2023\/03\/21\/lutadora-da-serra-e-medalha-de-bronze-na-copa-do-mundo-de-kickboxing\/","url":"https:\/\/jornalfatosenoticias.com.br\/index.php\/2023\/03\/21\/lutadora-da-serra-e-medalha-de-bronze-na-copa-do-mundo-de-kickboxing\/","name":"Lutadora da Serra \u00e9 medalha de bronze na Copa do Mundo de Kickboxing - Jornal Fatos e Not\u00edcias","isPartOf":{"@id":"https:\/\/jornalfatosenoticias.com.br\/#website"},"primaryImageOfPage":{"@id":"https:\/\/jornalfatosenoticias.com.br\/index.php\/2023\/03\/21\/lutadora-da-serra-e-medalha-de-bronze-na-copa-do-mundo-de-kickboxing\/#primaryimage"},"image":{"@id":"https:\/\/jornalfatosenoticias.com.br\/index.php\/2023\/03\/21\/lutadora-da-serra-e-medalha-de-bronze-na-copa-do-mundo-de-kickboxing\/#primaryimage"},"thumbnailUrl":"https:\/\/jornalfatosenoticias.com.br\/wp-content\/uploads\/2023\/03\/kikcboxing4.jpg","datePublished":"2023-03-21T17:06:51+00:00","dateModified":"2023-03-21T17:06:52+00:00","breadcrumb":{"@id":"https:\/\/jornalfatosenoticias.com.br\/index.php\/2023\/03\/21\/lutadora-da-serra-e-medalha-de-bronze-na-copa-do-mundo-de-kickboxing\/#breadcrumb"},"inLanguage":"pt-BR","potentialAction":[{"@type":"ReadAction","target":["https:\/\/jornalfatosenoticias.com.br\/index.php\/2023\/03\/21\/lutadora-da-serra-e-medalha-de-bronze-na-copa-do-mundo-de-kickboxing\/"]}]},{"@type":"ImageObject","inLanguage":"pt-BR","@id":"https:\/\/jornalfatosenoticias.com.br\/index.php\/2023\/03\/21\/lutadora-da-serra-e-medalha-de-bronze-na-copa-do-mundo-de-kickboxing\/#primaryimage","url":"https:\/\/jornalfatosenoticias.com.br\/wp-content\/uploads\/2023\/03\/kikcboxing4.jpg","contentUrl":"https:\/\/jornalfatosenoticias.com.br\/wp-content\/uploads\/2023\/03\/kikcboxing4.jpg","width":1000,"height":702},{"@type":"BreadcrumbList","@id":"https:\/\/jornalfatosenoticias.com.br\/index.php\/2023\/03\/21\/lutadora-da-serra-e-medalha-de-bronze-na-copa-do-mundo-de-kickboxing\/#breadcrumb","itemListElement":[{"@type":"ListItem","position":1,"name":"In\u00edcio","item":"https:\/\/jornalfatosenoticias.com.br\/"},{"@type":"ListItem","position":2,"name":"Lutadora da Serra \u00e9 medalha de bronze na Copa do Mundo de Kickboxing"}]},{"@type":"WebSite","@id":"https:\/\/jornalfatosenoticias.com.br\/#website","url":"https:\/\/jornalfatosenoticias.com.br\/","name":"Jornal Fatos e Not\u00edcias","description":"Not\u00edcias em geral","publisher":{"@id":"https:\/\/jornalfatosenoticias.com.br\/#organization"},"potentialAction":[{"@type":"SearchAction","target":{"@type":"EntryPoint","urlTemplate":"https:\/\/jornalfatosenoticias.com.br\/?s={search_term_string}"},"query-input":{"@type":"PropertyValueSpecification","valueRequired":true,"valueName":"search_term_string"}}],"inLanguage":"pt-BR"},{"@type":"Organization","@id":"https:\/\/jornalfatosenoticias.com.br\/#organization","name":"Jornal Fatos e Not\u00edcias","url":"https:\/\/jornalfatosenoticias.com.br\/","logo":{"@type":"ImageObject","inLanguage":"pt-BR","@id":"https:\/\/jornalfatosenoticias.com.br\/#\/schema\/logo\/image\/","url":"https:\/\/jornalfatosenoticias.com.br\/wp-content\/uploads\/2020\/02\/logo120.png","contentUrl":"https:\/\/jornalfatosenoticias.com.br\/wp-content\/uploads\/2020\/02\/logo120.png","width":1227,"height":120,"caption":"Jornal Fatos e Not\u00edcias"},"image":{"@id":"https:\/\/jornalfatosenoticias.com.br\/#\/schema\/logo\/image\/"}},{"@type":"Person","@id":"https:\/\/jornalfatosenoticias.com.br\/#\/schema\/person\/05c46cc25b42a5c27e004fb0fa6b4965","name":"Haroldo Filho","image":{"@type":"ImageObject","inLanguage":"pt-BR","@id":"https:\/\/jornalfatosenoticias.com.br\/#\/schema\/person\/image\/","url":"https:\/\/jornalfatosenoticias.com.br\/wp-content\/uploads\/2025\/08\/WhatsApp-Image-2025-08-18-at-15.30.28-150x150.jpeg","contentUrl":"https:\/\/jornalfatosenoticias.com.br\/wp-content\/uploads\/2025\/08\/WhatsApp-Image-2025-08-18-at-15.30.28-150x150.jpeg","caption":"Haroldo Filho"},"description":"Jornalista \u2013 DRT: 0003818\/ES Coordenador-geral da ONG Educar para Crescer","url":"https:\/\/jornalfatosenoticias.com.br\/index.php\/author\/haroldo\/"}]}},"cc_featured_image_caption":{"caption_text":"(Foto: Arquivo Pessoal) \r\n","source_text":"","source_url":""},"jetpack_featured_media_url":"https:\/\/jornalfatosenoticias.com.br\/wp-content\/uploads\/2023\/03\/kikcboxing4.jpg","_links":{"self":[{"href":"https:\/\/jornalfatosenoticias.com.br\/index.php\/wp-json\/wp\/v2\/posts\/39836","targetHints":{"allow":["GET"]}}],"collection":[{"href":"https:\/\/jornalfatosenoticias.com.br\/index.php\/wp-json\/wp\/v2\/posts"}],"about":[{"href":"https:\/\/jornalfatosenoticias.com.br\/index.php\/wp-json\/wp\/v2\/types\/post"}],"author":[{"embeddable":true,"href":"https:\/\/jornalfatosenoticias.com.br\/index.php\/wp-json\/wp\/v2\/users\/3"}],"replies":[{"embeddable":true,"href":"https:\/\/jornalfatosenoticias.com.br\/index.php\/wp-json\/wp\/v2\/comments?post=39836"}],"version-history":[{"count":0,"href":"https:\/\/jornalfatosenoticias.com.br\/index.php\/wp-json\/wp\/v2\/posts\/39836\/revisions"}],"wp:featuredmedia":[{"embeddable":true,"href":"https:\/\/jornalfatosenoticias.com.br\/index.php\/wp-json\/wp\/v2\/media\/39840"}],"wp:attachment":[{"href":"https:\/\/jornalfatosenoticias.com.br\/index.php\/wp-json\/wp\/v2\/media?parent=39836"}],"wp:term":[{"taxonomy":"category","embeddable":true,"href":"https:\/\/jornalfatosenoticias.com.br\/index.php\/wp-json\/wp\/v2\/categories?post=39836"},{"taxonomy":"post_tag","embeddable":true,"href":"https:\/\/jornalfatosenoticias.com.br\/index.php\/wp-json\/wp\/v2\/tags?post=39836"}],"curies":[{"name":"wp","href":"https:\/\/api.w.org\/{rel}","templated":true}]}}