{"id":39845,"date":"2023-03-21T14:26:46","date_gmt":"2023-03-21T17:26:46","guid":{"rendered":"https:\/\/jornalfatosenoticias.com.br\/?p=39845"},"modified":"2023-03-21T14:26:47","modified_gmt":"2023-03-21T17:26:47","slug":"suica-testa-paineis-solares-em-trilhos-de-trem","status":"publish","type":"post","link":"https:\/\/jornalfatosenoticias.com.br\/index.php\/2023\/03\/21\/suica-testa-paineis-solares-em-trilhos-de-trem\/","title":{"rendered":"Su\u00ed\u00e7a testa pain\u00e9is solares em trilhos de trem"},"content":{"rendered":"\n<p><em><span class=\"has-inline-color has-black-color\">Os m\u00f3dulos s\u00e3o desenrolados como um tapete entre os trilhos<\/span><\/em><\/p>\n\n\n\n<div class=\"wp-block-image\"><figure class=\"aligncenter size-large\"><img loading=\"lazy\" decoding=\"async\" width=\"1024\" height=\"99\" src=\"https:\/\/jornalfatosenoticias.com.br\/wp-content\/uploads\/2020\/02\/Logo-Mizu-segunda-2-1024x99.png\" alt=\"\" class=\"wp-image-2353\" srcset=\"https:\/\/jornalfatosenoticias.com.br\/wp-content\/uploads\/2020\/02\/Logo-Mizu-segunda-2-1024x99.png 1024w, https:\/\/jornalfatosenoticias.com.br\/wp-content\/uploads\/2020\/02\/Logo-Mizu-segunda-2-300x29.png 300w, https:\/\/jornalfatosenoticias.com.br\/wp-content\/uploads\/2020\/02\/Logo-Mizu-segunda-2-768x74.png 768w, https:\/\/jornalfatosenoticias.com.br\/wp-content\/uploads\/2020\/02\/Logo-Mizu-segunda-2.png 1240w\" sizes=\"auto, (max-width: 1024px) 100vw, 1024px\" \/><\/figure><\/div>\n\n\n\n<p>A energia solar \u00e9 uma das fontes energ\u00e9ticas que mais cresce no mundo. Indo al\u00e9m das instala\u00e7\u00f5es em telhados ou grandes usinas, diversas inova\u00e7\u00f5es t\u00eam surgido para aproveitar o potencial energ\u00e9tico da luz solar. Uma iniciativa recente, neste sentido, vem sendo implementada pela startup Sun-Ways, que vai implantar pain\u00e9is solares remov\u00edveis ao longo de trilhos ferrovi\u00e1rios na Su\u00ed\u00e7a.<\/p>\n\n\n\n<div class=\"wp-block-image\"><figure class=\"aligncenter size-large is-resized\"><img loading=\"lazy\" decoding=\"async\" src=\"https:\/\/jornalfatosenoticias.com.br\/wp-content\/uploads\/2022\/08\/logo-locau-veiculos-1024x573.png\" alt=\"\" class=\"wp-image-33078\" width=\"385\" height=\"215\"\/><\/figure><\/div>\n\n\n\n<p>O projeto-piloto ter\u00e1 in\u00edcio no sistema p\u00fablico de <a href=\"https:\/\/ciclovivo.com.br\/arq-urb\/mobilidade\/cidade-jardim-vira-segunda-estacao-de-trem-sustentavel-de-sp\/\" target=\"_blank\" rel=\"noreferrer noopener\">trem<\/a> da Su\u00ed\u00e7a Ocidental, pr\u00f3ximo \u00e0 esta\u00e7\u00e3o de Buttes. Pr\u00e9-montados, os pain\u00e9is possuem um metro de largura, s\u00e3o posicionados diretamente entre as linhas de trem e presos aos trilhos por meio de um mecanismo de pist\u00e3o. As unidades s\u00e3o remov\u00edveis e uma m\u00e1quina desenvolvida pela empresa \u00e9 usada para instalar e retirar mecanicamente os pain\u00e9is. \u00c9 \u201ccomo desenrolar um <a href=\"https:\/\/ciclovivo.com.br\/inovacao\/tecnologia\/tapete-solar-e-capaz-de-fornecer-energia-limpa-em-apenas-2-minutos\/\" target=\"_blank\" rel=\"noreferrer noopener\">tapete<\/a>\u201d, afirma a Sun-Ways.<\/p>\n\n\n\n<div class=\"wp-block-image\"><figure class=\"aligncenter size-large\"><img loading=\"lazy\" decoding=\"async\" width=\"1024\" height=\"100\" src=\"https:\/\/jornalfatosenoticias.com.br\/wp-content\/uploads\/2020\/02\/banner_ferramentas-1024x100.jpg\" alt=\"\" class=\"wp-image-1258\" srcset=\"https:\/\/jornalfatosenoticias.com.br\/wp-content\/uploads\/2020\/02\/banner_ferramentas-1024x100.jpg 1024w, https:\/\/jornalfatosenoticias.com.br\/wp-content\/uploads\/2020\/02\/banner_ferramentas-300x29.jpg 300w, https:\/\/jornalfatosenoticias.com.br\/wp-content\/uploads\/2020\/02\/banner_ferramentas-768x75.jpg 768w, https:\/\/jornalfatosenoticias.com.br\/wp-content\/uploads\/2020\/02\/banner_ferramentas.jpg 1227w\" sizes=\"auto, (max-width: 1024px) 100vw, 1024px\" \/><\/figure><\/div>\n\n\n\n<div class=\"wp-block-image\"><figure class=\"aligncenter size-large\"><img loading=\"lazy\" decoding=\"async\" width=\"1000\" height=\"553\" src=\"https:\/\/jornalfatosenoticias.com.br\/wp-content\/uploads\/2023\/03\/trem-painel-solar-suica2.jpg\" alt=\"\" class=\"wp-image-39846\" srcset=\"https:\/\/jornalfatosenoticias.com.br\/wp-content\/uploads\/2023\/03\/trem-painel-solar-suica2.jpg 1000w, https:\/\/jornalfatosenoticias.com.br\/wp-content\/uploads\/2023\/03\/trem-painel-solar-suica2-300x166.jpg 300w, https:\/\/jornalfatosenoticias.com.br\/wp-content\/uploads\/2023\/03\/trem-painel-solar-suica2-768x425.jpg 768w\" sizes=\"auto, (max-width: 1000px) 100vw, 1000px\" \/><figcaption><em><span class=\"has-inline-color has-black-color\">Uma m\u00e1quina desenrola os pain\u00e9is como um tapete (Foto: Sun-Ways)<\/span><\/em><\/figcaption><\/figure><\/div>\n\n\n\n<div class=\"wp-block-image\"><figure class=\"aligncenter size-large is-resized\"><img loading=\"lazy\" decoding=\"async\" src=\"https:\/\/jornalfatosenoticias.com.br\/wp-content\/uploads\/2022\/10\/RC_800x750_page-0001.jpg\" alt=\"\" class=\"wp-image-35338\" width=\"270\" height=\"254\" srcset=\"https:\/\/jornalfatosenoticias.com.br\/wp-content\/uploads\/2022\/10\/RC_800x750_page-0001.jpg 400w, https:\/\/jornalfatosenoticias.com.br\/wp-content\/uploads\/2022\/10\/RC_800x750_page-0001-300x281.jpg 300w\" sizes=\"auto, (max-width: 270px) 100vw, 270px\" \/><\/figure><\/div>\n\n\n\n<p>De acordo com a startup, toda a eletricidade produzida pelo sistema fotovoltaico ir\u00e1 para a rede el\u00e9trica e ser\u00e1 usada para alimentar casas, uma vez que us\u00e1-la nas pr\u00f3prias opera\u00e7\u00f5es ferrovi\u00e1rias seria um processo mais complicado.<br>Entre as desvantagens apontadas sobre o novo produto est\u00e3o o fato de que os pain\u00e9is podem sofrer microfissuras, podem aumentar o risco de inc\u00eandios em \u00e1reas verdes e at\u00e9 distrair os maquinistas com reflexos. <\/p>\n\n\n\n<div class=\"wp-block-image\"><figure class=\"aligncenter size-large is-resized\"><img loading=\"lazy\" decoding=\"async\" src=\"https:\/\/jornalfatosenoticias.com.br\/wp-content\/uploads\/2022\/07\/Logo-Grupo-SEI.jpg\" alt=\"\" class=\"wp-image-31973\" width=\"332\" height=\"174\" srcset=\"https:\/\/jornalfatosenoticias.com.br\/wp-content\/uploads\/2022\/07\/Logo-Grupo-SEI.jpg 713w, https:\/\/jornalfatosenoticias.com.br\/wp-content\/uploads\/2022\/07\/Logo-Grupo-SEI-300x158.jpg 300w\" sizes=\"auto, (max-width: 332px) 100vw, 332px\" \/><\/figure><\/div>\n\n\n\n<p>No entanto, a Sun-Ways garante que o seu modelo de painel \u00e9 mais resistente em compara\u00e7\u00e3o aos convencionais e que ainda podem ter um filtro antirreflexo para evitar acidentes com os maquinistas. Outros pontos de melhoria est\u00e3o em desenvolvimento.<\/p>\n\n\n\n<div class=\"wp-block-image\"><figure class=\"aligncenter size-large\"><img decoding=\"async\" src=\"https:\/\/jornalfatosenoticias.com.br\/wp-content\/uploads\/2020\/02\/Serra-Grande-1024x160.png\" alt=\"\" class=\"wp-image-7836\"\/><\/figure><\/div>\n\n\n\n<h3 class=\"wp-block-heading\"><strong><span class=\"has-inline-color has-vivid-green-cyan-color\">Potencial<\/span><\/strong><\/h3>\n\n\n\n<div class=\"wp-block-image\"><figure class=\"aligncenter size-large\"><img loading=\"lazy\" decoding=\"async\" width=\"1000\" height=\"546\" src=\"https:\/\/jornalfatosenoticias.com.br\/wp-content\/uploads\/2023\/03\/trem-painel-solar-suica3.jpg\" alt=\"\" class=\"wp-image-39847\" srcset=\"https:\/\/jornalfatosenoticias.com.br\/wp-content\/uploads\/2023\/03\/trem-painel-solar-suica3.jpg 1000w, https:\/\/jornalfatosenoticias.com.br\/wp-content\/uploads\/2023\/03\/trem-painel-solar-suica3-300x164.jpg 300w, https:\/\/jornalfatosenoticias.com.br\/wp-content\/uploads\/2023\/03\/trem-painel-solar-suica3-768x419.jpg 768w\" sizes=\"auto, (max-width: 1000px) 100vw, 1000px\" \/><figcaption><em><span class=\"has-inline-color has-black-color\">Pr\u00e9-montados, os pain\u00e9is s\u00e3o remov\u00edveis (Foto: Sun-Ways)<\/span><\/em><\/figcaption><\/figure><\/div>\n\n\n\n<div class=\"wp-block-image\"><figure class=\"aligncenter size-large is-resized\"><img loading=\"lazy\" decoding=\"async\" src=\"https:\/\/jornalfatosenoticias.com.br\/wp-content\/uploads\/2022\/10\/Arte-jornal-Zucchi-600x600_Prancheta-1-1024x1024.jpg\" alt=\"\" class=\"wp-image-34782\" width=\"290\" height=\"290\" srcset=\"https:\/\/jornalfatosenoticias.com.br\/wp-content\/uploads\/2022\/10\/Arte-jornal-Zucchi-600x600_Prancheta-1-1024x1024.jpg 1024w, https:\/\/jornalfatosenoticias.com.br\/wp-content\/uploads\/2022\/10\/Arte-jornal-Zucchi-600x600_Prancheta-1-300x300.jpg 300w, https:\/\/jornalfatosenoticias.com.br\/wp-content\/uploads\/2022\/10\/Arte-jornal-Zucchi-600x600_Prancheta-1-150x150.jpg 150w, https:\/\/jornalfatosenoticias.com.br\/wp-content\/uploads\/2022\/10\/Arte-jornal-Zucchi-600x600_Prancheta-1-768x768.jpg 768w, https:\/\/jornalfatosenoticias.com.br\/wp-content\/uploads\/2022\/10\/Arte-jornal-Zucchi-600x600_Prancheta-1.jpg 1250w\" sizes=\"auto, (max-width: 290px) 100vw, 290px\" \/><\/figure><\/div>\n\n\n\n<p>A rede ferrovi\u00e1ria su\u00ed\u00e7a tem extens\u00e3o total de 5.317 quil\u00f4metros. Neste caso, as c\u00e9lulas fotovoltaicas cobririam uma \u00e1rea do tamanho de 760 campos de futebol. Se tudo fosse coberto por <a href=\"https:\/\/ciclovivo.com.br\/planeta\/energia\/alemanha-esta-tornando-obrigatoria-a-instalacao-de-paineis-solares\/\" target=\"_blank\" rel=\"noreferrer noopener\">pain\u00e9is solares<\/a>, excluindo t\u00faneis e regi\u00f5es com pouca luz solar, o sistema poderia produzir 1 Terawatt-hora de energia solar por ano \u2014 sendo equivalente a 30% do consumo das empresas de transporte p\u00fablico na Su\u00ed\u00e7a e 2% das necessidades de eletricidade do pa\u00eds.<br>A Sun-Ways ainda pretende ampliar seu alcance para outras \u00e1reas da Europa nos pr\u00f3ximos anos, o que inclui os pa\u00edses vizinhos da Alemanha, \u00c1ustria e It\u00e1lia, al\u00e9m dos Estados Unidos e a \u00c1sia. <\/p>\n\n\n\n<div class=\"wp-block-image\"><figure class=\"aligncenter size-large is-resized\"><img loading=\"lazy\" decoding=\"async\" src=\"https:\/\/jornalfatosenoticias.com.br\/wp-content\/uploads\/2020\/02\/logo-embacia.jpg\" alt=\"\" class=\"wp-image-33905\" width=\"300\" height=\"300\"\/><\/figure><\/div>\n\n\n\n<blockquote class=\"wp-block-quote is-layout-flow wp-block-quote-is-layout-flow\"><p><span class=\"has-inline-color has-luminous-vivid-orange-color\">Acreditamos que 50% das ferrovias do mundo poderiam ser equipadas com o nosso sistema\u201d, afirmou o cofundador Baptiste Danichert ao site de not\u00edcias Swissinfo. O projeto est\u00e1 programado para entrar em opera\u00e7\u00e3o em maio de 2023.<\/span><\/p><\/blockquote>\n\n\n\n<p><strong><em>Fonte: <a href=\"https:\/\/ciclovivo.com.br\/inovacao\/tecnologia\/suica-testa-paineis-solares-em-trilhos-de-trem\/\">CicloVivo<\/a><\/em><\/strong><\/p>\n","protected":false},"excerpt":{"rendered":"<p>Os m\u00f3dulos s\u00e3o desenrolados como um tapete entre os trilhos A energia solar \u00e9 uma das fontes energ\u00e9ticas que mais cresce no mundo. Indo al\u00e9m das instala\u00e7\u00f5es em telhados ou grandes usinas, diversas inova\u00e7\u00f5es t\u00eam surgido para aproveitar o potencial energ\u00e9tico da luz solar. Uma iniciativa recente, neste sentido, vem sendo implementada pela startup Sun-Ways, [&hellip;]<\/p>\n","protected":false},"author":2,"featured_media":39848,"comment_status":"open","ping_status":"open","sticky":false,"template":"","format":"standard","meta":{"footnotes":""},"categories":[3],"tags":[600,18642,1143,18643,18644,18645],"class_list":["post-39845","post","type-post","status-publish","format-standard","has-post-thumbnail","hentry","category-tecnologia","tag-paineis-solares","tag-paineis-solares-em-trilhos-de-trem","tag-suica","tag-tapete-solar","tag-trem-solar","tag-trilhos-sustentaveis"],"yoast_head":"<!-- This site is optimized with the Yoast SEO plugin v26.5 - https:\/\/yoast.com\/wordpress\/plugins\/seo\/ -->\n<title>Su\u00ed\u00e7a testa pain\u00e9is solares em trilhos de trem - Jornal Fatos e Not\u00edcias<\/title>\n<meta name=\"robots\" content=\"index, follow, max-snippet:-1, max-image-preview:large, max-video-preview:-1\" \/>\n<link rel=\"canonical\" href=\"https:\/\/jornalfatosenoticias.com.br\/index.php\/2023\/03\/21\/suica-testa-paineis-solares-em-trilhos-de-trem\/\" \/>\n<meta property=\"og:locale\" content=\"pt_BR\" \/>\n<meta property=\"og:type\" content=\"article\" \/>\n<meta property=\"og:title\" content=\"Su\u00ed\u00e7a testa pain\u00e9is solares em trilhos de trem - Jornal Fatos e Not\u00edcias\" \/>\n<meta property=\"og:description\" content=\"Os m\u00f3dulos s\u00e3o desenrolados como um tapete entre os trilhos A energia solar \u00e9 uma das fontes energ\u00e9ticas que mais cresce no mundo. Indo al\u00e9m das instala\u00e7\u00f5es em telhados ou grandes usinas, diversas inova\u00e7\u00f5es t\u00eam surgido para aproveitar o potencial energ\u00e9tico da luz solar. Uma iniciativa recente, neste sentido, vem sendo implementada pela startup Sun-Ways, [&hellip;]\" \/>\n<meta property=\"og:url\" content=\"https:\/\/jornalfatosenoticias.com.br\/index.php\/2023\/03\/21\/suica-testa-paineis-solares-em-trilhos-de-trem\/\" \/>\n<meta property=\"og:site_name\" content=\"Jornal Fatos e Not\u00edcias\" \/>\n<meta property=\"article:published_time\" content=\"2023-03-21T17:26:46+00:00\" \/>\n<meta property=\"article:modified_time\" content=\"2023-03-21T17:26:47+00:00\" \/>\n<meta property=\"og:image\" content=\"https:\/\/jornalfatosenoticias.com.br\/wp-content\/uploads\/2023\/03\/trem-painel-solar-suica.jpg\" \/>\n\t<meta property=\"og:image:width\" content=\"1000\" \/>\n\t<meta property=\"og:image:height\" content=\"500\" \/>\n\t<meta property=\"og:image:type\" content=\"image\/jpeg\" \/>\n<meta name=\"author\" content=\"Luzimara Fernandes\" \/>\n<meta name=\"twitter:card\" content=\"summary_large_image\" \/>\n<meta name=\"twitter:label1\" content=\"Escrito por\" \/>\n\t<meta name=\"twitter:data1\" content=\"Luzimara Fernandes\" \/>\n\t<meta name=\"twitter:label2\" content=\"Est. tempo de leitura\" \/>\n\t<meta name=\"twitter:data2\" content=\"2 minutos\" \/>\n<script type=\"application\/ld+json\" class=\"yoast-schema-graph\">{\"@context\":\"https:\/\/schema.org\",\"@graph\":[{\"@type\":\"Article\",\"@id\":\"https:\/\/jornalfatosenoticias.com.br\/index.php\/2023\/03\/21\/suica-testa-paineis-solares-em-trilhos-de-trem\/#article\",\"isPartOf\":{\"@id\":\"https:\/\/jornalfatosenoticias.com.br\/index.php\/2023\/03\/21\/suica-testa-paineis-solares-em-trilhos-de-trem\/\"},\"author\":{\"name\":\"Luzimara Fernandes\",\"@id\":\"https:\/\/jornalfatosenoticias.com.br\/#\/schema\/person\/d63837fa13ac8666eb9e74e0985d6f81\"},\"headline\":\"Su\u00ed\u00e7a testa pain\u00e9is solares em trilhos de trem\",\"datePublished\":\"2023-03-21T17:26:46+00:00\",\"dateModified\":\"2023-03-21T17:26:47+00:00\",\"mainEntityOfPage\":{\"@id\":\"https:\/\/jornalfatosenoticias.com.br\/index.php\/2023\/03\/21\/suica-testa-paineis-solares-em-trilhos-de-trem\/\"},\"wordCount\":465,\"commentCount\":0,\"publisher\":{\"@id\":\"https:\/\/jornalfatosenoticias.com.br\/#organization\"},\"image\":{\"@id\":\"https:\/\/jornalfatosenoticias.com.br\/index.php\/2023\/03\/21\/suica-testa-paineis-solares-em-trilhos-de-trem\/#primaryimage\"},\"thumbnailUrl\":\"https:\/\/jornalfatosenoticias.com.br\/wp-content\/uploads\/2023\/03\/trem-painel-solar-suica.jpg\",\"keywords\":[\"pain\u00e9is solares\",\"pain\u00e9is solares em trilhos de trem\",\"Su\u00ed\u00e7a\",\"tapete solar\",\"trem solar\",\"trilhos sustent\u00e1veis\"],\"articleSection\":[\"Tecnologia &amp; Inova\u00e7\u00e3o\"],\"inLanguage\":\"pt-BR\",\"potentialAction\":[{\"@type\":\"CommentAction\",\"name\":\"Comment\",\"target\":[\"https:\/\/jornalfatosenoticias.com.br\/index.php\/2023\/03\/21\/suica-testa-paineis-solares-em-trilhos-de-trem\/#respond\"]}]},{\"@type\":\"WebPage\",\"@id\":\"https:\/\/jornalfatosenoticias.com.br\/index.php\/2023\/03\/21\/suica-testa-paineis-solares-em-trilhos-de-trem\/\",\"url\":\"https:\/\/jornalfatosenoticias.com.br\/index.php\/2023\/03\/21\/suica-testa-paineis-solares-em-trilhos-de-trem\/\",\"name\":\"Su\u00ed\u00e7a testa pain\u00e9is solares em trilhos de trem - Jornal Fatos e Not\u00edcias\",\"isPartOf\":{\"@id\":\"https:\/\/jornalfatosenoticias.com.br\/#website\"},\"primaryImageOfPage\":{\"@id\":\"https:\/\/jornalfatosenoticias.com.br\/index.php\/2023\/03\/21\/suica-testa-paineis-solares-em-trilhos-de-trem\/#primaryimage\"},\"image\":{\"@id\":\"https:\/\/jornalfatosenoticias.com.br\/index.php\/2023\/03\/21\/suica-testa-paineis-solares-em-trilhos-de-trem\/#primaryimage\"},\"thumbnailUrl\":\"https:\/\/jornalfatosenoticias.com.br\/wp-content\/uploads\/2023\/03\/trem-painel-solar-suica.jpg\",\"datePublished\":\"2023-03-21T17:26:46+00:00\",\"dateModified\":\"2023-03-21T17:26:47+00:00\",\"breadcrumb\":{\"@id\":\"https:\/\/jornalfatosenoticias.com.br\/index.php\/2023\/03\/21\/suica-testa-paineis-solares-em-trilhos-de-trem\/#breadcrumb\"},\"inLanguage\":\"pt-BR\",\"potentialAction\":[{\"@type\":\"ReadAction\",\"target\":[\"https:\/\/jornalfatosenoticias.com.br\/index.php\/2023\/03\/21\/suica-testa-paineis-solares-em-trilhos-de-trem\/\"]}]},{\"@type\":\"ImageObject\",\"inLanguage\":\"pt-BR\",\"@id\":\"https:\/\/jornalfatosenoticias.com.br\/index.php\/2023\/03\/21\/suica-testa-paineis-solares-em-trilhos-de-trem\/#primaryimage\",\"url\":\"https:\/\/jornalfatosenoticias.com.br\/wp-content\/uploads\/2023\/03\/trem-painel-solar-suica.jpg\",\"contentUrl\":\"https:\/\/jornalfatosenoticias.com.br\/wp-content\/uploads\/2023\/03\/trem-painel-solar-suica.jpg\",\"width\":1000,\"height\":500},{\"@type\":\"BreadcrumbList\",\"@id\":\"https:\/\/jornalfatosenoticias.com.br\/index.php\/2023\/03\/21\/suica-testa-paineis-solares-em-trilhos-de-trem\/#breadcrumb\",\"itemListElement\":[{\"@type\":\"ListItem\",\"position\":1,\"name\":\"In\u00edcio\",\"item\":\"https:\/\/jornalfatosenoticias.com.br\/\"},{\"@type\":\"ListItem\",\"position\":2,\"name\":\"Su\u00ed\u00e7a testa pain\u00e9is solares em trilhos de trem\"}]},{\"@type\":\"WebSite\",\"@id\":\"https:\/\/jornalfatosenoticias.com.br\/#website\",\"url\":\"https:\/\/jornalfatosenoticias.com.br\/\",\"name\":\"Jornal Fatos e Not\u00edcias\",\"description\":\"Not\u00edcias em geral\",\"publisher\":{\"@id\":\"https:\/\/jornalfatosenoticias.com.br\/#organization\"},\"potentialAction\":[{\"@type\":\"SearchAction\",\"target\":{\"@type\":\"EntryPoint\",\"urlTemplate\":\"https:\/\/jornalfatosenoticias.com.br\/?s={search_term_string}\"},\"query-input\":{\"@type\":\"PropertyValueSpecification\",\"valueRequired\":true,\"valueName\":\"search_term_string\"}}],\"inLanguage\":\"pt-BR\"},{\"@type\":\"Organization\",\"@id\":\"https:\/\/jornalfatosenoticias.com.br\/#organization\",\"name\":\"Jornal Fatos e Not\u00edcias\",\"url\":\"https:\/\/jornalfatosenoticias.com.br\/\",\"logo\":{\"@type\":\"ImageObject\",\"inLanguage\":\"pt-BR\",\"@id\":\"https:\/\/jornalfatosenoticias.com.br\/#\/schema\/logo\/image\/\",\"url\":\"https:\/\/jornalfatosenoticias.com.br\/wp-content\/uploads\/2020\/02\/logo120.png\",\"contentUrl\":\"https:\/\/jornalfatosenoticias.com.br\/wp-content\/uploads\/2020\/02\/logo120.png\",\"width\":1227,\"height\":120,\"caption\":\"Jornal Fatos e Not\u00edcias\"},\"image\":{\"@id\":\"https:\/\/jornalfatosenoticias.com.br\/#\/schema\/logo\/image\/\"}},{\"@type\":\"Person\",\"@id\":\"https:\/\/jornalfatosenoticias.com.br\/#\/schema\/person\/d63837fa13ac8666eb9e74e0985d6f81\",\"name\":\"Luzimara Fernandes\",\"image\":{\"@type\":\"ImageObject\",\"inLanguage\":\"pt-BR\",\"@id\":\"https:\/\/jornalfatosenoticias.com.br\/#\/schema\/person\/image\/\",\"url\":\"https:\/\/jornalfatosenoticias.com.br\/wp-content\/uploads\/2025\/05\/EU_portal.jpg\",\"contentUrl\":\"https:\/\/jornalfatosenoticias.com.br\/wp-content\/uploads\/2025\/05\/EU_portal.jpg\",\"caption\":\"Luzimara Fernandes\"},\"description\":\"Jornalista MTB 2358-ES\",\"sameAs\":[\"https:\/\/jornalfatosenoticias.com.br\"],\"url\":\"https:\/\/jornalfatosenoticias.com.br\/index.php\/author\/luzimara\/\"}]}<\/script>\n<!-- \/ Yoast SEO plugin. -->","yoast_head_json":{"title":"Su\u00ed\u00e7a testa pain\u00e9is solares em trilhos de trem - Jornal Fatos e Not\u00edcias","robots":{"index":"index","follow":"follow","max-snippet":"max-snippet:-1","max-image-preview":"max-image-preview:large","max-video-preview":"max-video-preview:-1"},"canonical":"https:\/\/jornalfatosenoticias.com.br\/index.php\/2023\/03\/21\/suica-testa-paineis-solares-em-trilhos-de-trem\/","og_locale":"pt_BR","og_type":"article","og_title":"Su\u00ed\u00e7a testa pain\u00e9is solares em trilhos de trem - Jornal Fatos e Not\u00edcias","og_description":"Os m\u00f3dulos s\u00e3o desenrolados como um tapete entre os trilhos A energia solar \u00e9 uma das fontes energ\u00e9ticas que mais cresce no mundo. Indo al\u00e9m das instala\u00e7\u00f5es em telhados ou grandes usinas, diversas inova\u00e7\u00f5es t\u00eam surgido para aproveitar o potencial energ\u00e9tico da luz solar. Uma iniciativa recente, neste sentido, vem sendo implementada pela startup Sun-Ways, [&hellip;]","og_url":"https:\/\/jornalfatosenoticias.com.br\/index.php\/2023\/03\/21\/suica-testa-paineis-solares-em-trilhos-de-trem\/","og_site_name":"Jornal Fatos e Not\u00edcias","article_published_time":"2023-03-21T17:26:46+00:00","article_modified_time":"2023-03-21T17:26:47+00:00","og_image":[{"width":1000,"height":500,"url":"https:\/\/jornalfatosenoticias.com.br\/wp-content\/uploads\/2023\/03\/trem-painel-solar-suica.jpg","type":"image\/jpeg"}],"author":"Luzimara Fernandes","twitter_card":"summary_large_image","twitter_misc":{"Escrito por":"Luzimara Fernandes","Est. tempo de leitura":"2 minutos"},"schema":{"@context":"https:\/\/schema.org","@graph":[{"@type":"Article","@id":"https:\/\/jornalfatosenoticias.com.br\/index.php\/2023\/03\/21\/suica-testa-paineis-solares-em-trilhos-de-trem\/#article","isPartOf":{"@id":"https:\/\/jornalfatosenoticias.com.br\/index.php\/2023\/03\/21\/suica-testa-paineis-solares-em-trilhos-de-trem\/"},"author":{"name":"Luzimara Fernandes","@id":"https:\/\/jornalfatosenoticias.com.br\/#\/schema\/person\/d63837fa13ac8666eb9e74e0985d6f81"},"headline":"Su\u00ed\u00e7a testa pain\u00e9is solares em trilhos de trem","datePublished":"2023-03-21T17:26:46+00:00","dateModified":"2023-03-21T17:26:47+00:00","mainEntityOfPage":{"@id":"https:\/\/jornalfatosenoticias.com.br\/index.php\/2023\/03\/21\/suica-testa-paineis-solares-em-trilhos-de-trem\/"},"wordCount":465,"commentCount":0,"publisher":{"@id":"https:\/\/jornalfatosenoticias.com.br\/#organization"},"image":{"@id":"https:\/\/jornalfatosenoticias.com.br\/index.php\/2023\/03\/21\/suica-testa-paineis-solares-em-trilhos-de-trem\/#primaryimage"},"thumbnailUrl":"https:\/\/jornalfatosenoticias.com.br\/wp-content\/uploads\/2023\/03\/trem-painel-solar-suica.jpg","keywords":["pain\u00e9is solares","pain\u00e9is solares em trilhos de trem","Su\u00ed\u00e7a","tapete solar","trem solar","trilhos sustent\u00e1veis"],"articleSection":["Tecnologia &amp; Inova\u00e7\u00e3o"],"inLanguage":"pt-BR","potentialAction":[{"@type":"CommentAction","name":"Comment","target":["https:\/\/jornalfatosenoticias.com.br\/index.php\/2023\/03\/21\/suica-testa-paineis-solares-em-trilhos-de-trem\/#respond"]}]},{"@type":"WebPage","@id":"https:\/\/jornalfatosenoticias.com.br\/index.php\/2023\/03\/21\/suica-testa-paineis-solares-em-trilhos-de-trem\/","url":"https:\/\/jornalfatosenoticias.com.br\/index.php\/2023\/03\/21\/suica-testa-paineis-solares-em-trilhos-de-trem\/","name":"Su\u00ed\u00e7a testa pain\u00e9is solares em trilhos de trem - Jornal Fatos e Not\u00edcias","isPartOf":{"@id":"https:\/\/jornalfatosenoticias.com.br\/#website"},"primaryImageOfPage":{"@id":"https:\/\/jornalfatosenoticias.com.br\/index.php\/2023\/03\/21\/suica-testa-paineis-solares-em-trilhos-de-trem\/#primaryimage"},"image":{"@id":"https:\/\/jornalfatosenoticias.com.br\/index.php\/2023\/03\/21\/suica-testa-paineis-solares-em-trilhos-de-trem\/#primaryimage"},"thumbnailUrl":"https:\/\/jornalfatosenoticias.com.br\/wp-content\/uploads\/2023\/03\/trem-painel-solar-suica.jpg","datePublished":"2023-03-21T17:26:46+00:00","dateModified":"2023-03-21T17:26:47+00:00","breadcrumb":{"@id":"https:\/\/jornalfatosenoticias.com.br\/index.php\/2023\/03\/21\/suica-testa-paineis-solares-em-trilhos-de-trem\/#breadcrumb"},"inLanguage":"pt-BR","potentialAction":[{"@type":"ReadAction","target":["https:\/\/jornalfatosenoticias.com.br\/index.php\/2023\/03\/21\/suica-testa-paineis-solares-em-trilhos-de-trem\/"]}]},{"@type":"ImageObject","inLanguage":"pt-BR","@id":"https:\/\/jornalfatosenoticias.com.br\/index.php\/2023\/03\/21\/suica-testa-paineis-solares-em-trilhos-de-trem\/#primaryimage","url":"https:\/\/jornalfatosenoticias.com.br\/wp-content\/uploads\/2023\/03\/trem-painel-solar-suica.jpg","contentUrl":"https:\/\/jornalfatosenoticias.com.br\/wp-content\/uploads\/2023\/03\/trem-painel-solar-suica.jpg","width":1000,"height":500},{"@type":"BreadcrumbList","@id":"https:\/\/jornalfatosenoticias.com.br\/index.php\/2023\/03\/21\/suica-testa-paineis-solares-em-trilhos-de-trem\/#breadcrumb","itemListElement":[{"@type":"ListItem","position":1,"name":"In\u00edcio","item":"https:\/\/jornalfatosenoticias.com.br\/"},{"@type":"ListItem","position":2,"name":"Su\u00ed\u00e7a testa pain\u00e9is solares em trilhos de trem"}]},{"@type":"WebSite","@id":"https:\/\/jornalfatosenoticias.com.br\/#website","url":"https:\/\/jornalfatosenoticias.com.br\/","name":"Jornal Fatos e Not\u00edcias","description":"Not\u00edcias em geral","publisher":{"@id":"https:\/\/jornalfatosenoticias.com.br\/#organization"},"potentialAction":[{"@type":"SearchAction","target":{"@type":"EntryPoint","urlTemplate":"https:\/\/jornalfatosenoticias.com.br\/?s={search_term_string}"},"query-input":{"@type":"PropertyValueSpecification","valueRequired":true,"valueName":"search_term_string"}}],"inLanguage":"pt-BR"},{"@type":"Organization","@id":"https:\/\/jornalfatosenoticias.com.br\/#organization","name":"Jornal Fatos e Not\u00edcias","url":"https:\/\/jornalfatosenoticias.com.br\/","logo":{"@type":"ImageObject","inLanguage":"pt-BR","@id":"https:\/\/jornalfatosenoticias.com.br\/#\/schema\/logo\/image\/","url":"https:\/\/jornalfatosenoticias.com.br\/wp-content\/uploads\/2020\/02\/logo120.png","contentUrl":"https:\/\/jornalfatosenoticias.com.br\/wp-content\/uploads\/2020\/02\/logo120.png","width":1227,"height":120,"caption":"Jornal Fatos e Not\u00edcias"},"image":{"@id":"https:\/\/jornalfatosenoticias.com.br\/#\/schema\/logo\/image\/"}},{"@type":"Person","@id":"https:\/\/jornalfatosenoticias.com.br\/#\/schema\/person\/d63837fa13ac8666eb9e74e0985d6f81","name":"Luzimara Fernandes","image":{"@type":"ImageObject","inLanguage":"pt-BR","@id":"https:\/\/jornalfatosenoticias.com.br\/#\/schema\/person\/image\/","url":"https:\/\/jornalfatosenoticias.com.br\/wp-content\/uploads\/2025\/05\/EU_portal.jpg","contentUrl":"https:\/\/jornalfatosenoticias.com.br\/wp-content\/uploads\/2025\/05\/EU_portal.jpg","caption":"Luzimara Fernandes"},"description":"Jornalista MTB 2358-ES","sameAs":["https:\/\/jornalfatosenoticias.com.br"],"url":"https:\/\/jornalfatosenoticias.com.br\/index.php\/author\/luzimara\/"}]}},"cc_featured_image_caption":{"caption_text":"(Foto: Sun-Ways) ","source_text":"","source_url":""},"jetpack_featured_media_url":"https:\/\/jornalfatosenoticias.com.br\/wp-content\/uploads\/2023\/03\/trem-painel-solar-suica.jpg","_links":{"self":[{"href":"https:\/\/jornalfatosenoticias.com.br\/index.php\/wp-json\/wp\/v2\/posts\/39845","targetHints":{"allow":["GET"]}}],"collection":[{"href":"https:\/\/jornalfatosenoticias.com.br\/index.php\/wp-json\/wp\/v2\/posts"}],"about":[{"href":"https:\/\/jornalfatosenoticias.com.br\/index.php\/wp-json\/wp\/v2\/types\/post"}],"author":[{"embeddable":true,"href":"https:\/\/jornalfatosenoticias.com.br\/index.php\/wp-json\/wp\/v2\/users\/2"}],"replies":[{"embeddable":true,"href":"https:\/\/jornalfatosenoticias.com.br\/index.php\/wp-json\/wp\/v2\/comments?post=39845"}],"version-history":[{"count":0,"href":"https:\/\/jornalfatosenoticias.com.br\/index.php\/wp-json\/wp\/v2\/posts\/39845\/revisions"}],"wp:featuredmedia":[{"embeddable":true,"href":"https:\/\/jornalfatosenoticias.com.br\/index.php\/wp-json\/wp\/v2\/media\/39848"}],"wp:attachment":[{"href":"https:\/\/jornalfatosenoticias.com.br\/index.php\/wp-json\/wp\/v2\/media?parent=39845"}],"wp:term":[{"taxonomy":"category","embeddable":true,"href":"https:\/\/jornalfatosenoticias.com.br\/index.php\/wp-json\/wp\/v2\/categories?post=39845"},{"taxonomy":"post_tag","embeddable":true,"href":"https:\/\/jornalfatosenoticias.com.br\/index.php\/wp-json\/wp\/v2\/tags?post=39845"}],"curies":[{"name":"wp","href":"https:\/\/api.w.org\/{rel}","templated":true}]}}