{"id":3985,"date":"2020-05-04T14:20:06","date_gmt":"2020-05-04T17:20:06","guid":{"rendered":"https:\/\/jornalfatosenoticias.com.br\/?p=3985"},"modified":"2020-05-04T14:20:08","modified_gmt":"2020-05-04T17:20:08","slug":"como-a-oncologia-de-precisao-promove-avancos-no-tratamento-do-cancer","status":"publish","type":"post","link":"https:\/\/jornalfatosenoticias.com.br\/index.php\/2020\/05\/04\/como-a-oncologia-de-precisao-promove-avancos-no-tratamento-do-cancer\/","title":{"rendered":"Como a oncologia de precis\u00e3o promove avan\u00e7os no tratamento do c\u00e2ncer"},"content":{"rendered":"\n<h6 class=\"wp-block-heading\"><em>Terapias gen\u00e9ticas inovadoras prometem um cen\u00e1rio cada vez mais otimista na luta contra tumores malignos, mas ainda est\u00e3o longe de significar a cura da doen\u00e7a. Entenda<\/em><\/h6>\n\n\n\n<p>Se o corpo humano fosse um castelo em guerra contra a invas\u00e3o e dissemina\u00e7\u00e3o de c\u00e9lulas cancer\u00edgenas, os tradicionais m\u00e9todos de combate \u2014 a quimioterapia, a radioterapia ou a cirurgia \u2014 seriam o equivalente a uma bazuca: at\u00e9 conseguem elimin\u00e1-las, mas podem provocar danos irrepar\u00e1veis \u00e0 estrutura do castelo. Como se n\u00e3o bastasse, \u00e9 dif\u00edcil saber exatamente por onde os invasores tentar\u00e3o entrar para ganhar o controle do castelo \u2014 enquanto a mira est\u00e1 na porta, pode ter outra tropa prestes a entrar pela janela.<br>Mas, nos \u00faltimos anos, um novo campo de estudo da medicina come\u00e7ou a mudar este cen\u00e1rio. Na chamada oncologia de precis\u00e3o, desenvolvida a partir dos anos 2000, saem as bazucas e entram os snipers. A ideia \u00e9 saber exatamente quando, como e onde atacar o tumor para ter os melhores resultados com os menores efeitos colaterais. Uma das estrat\u00e9gias mais promissoras \u00e9 a das terapias gen\u00e9ticas. Como o nome sugere, elas miram nas muta\u00e7\u00f5es gen\u00e9ticas das c\u00e9lulas defeituosas para elimin\u00e1-las.<br>Para entender como os novos tratamentos funcionam, \u00e9 preciso compreender o que \u00e9 e como surgem os tumores malignos, ou c\u00e2ncer, termo que engloba um conjunto de mais de 100 doen\u00e7as causadas pelo crescimento desordenado das c\u00e9lulas. Em nosso corpo, existem 10 trilh\u00f5es delas, e no DNA de cada uma existem instru\u00e7\u00f5es de como devem crescer e se multiplicar.<br>\u00c0s vezes, pequenas muta\u00e7\u00f5es podem alterar essas ordens \u2014 em geral, o sistema imunol\u00f3gico consegue identificar as falhas e elimin\u00e1-las antes que se espalhem. Mas isso nem sempre acontece: nossa imunidade tem mecanismos para evitar rea\u00e7\u00f5es exageradas que podem ser prejudiciais ao organismo. E o c\u00e2ncer se aproveita justamente disso, seja se escondendo dessas defesas, seja usando t\u00e1ticas para engan\u00e1-las e inibir um ataque. Assim, as c\u00e9lulas defeituosas se proliferam e replicam as informa\u00e7\u00f5es erradas, crescendo desenfreadamente e invadindo os tecidos e \u00f3rg\u00e3os.<\/p>\n\n\n\n<h4 class=\"wp-block-heading\">Match perfeito para a destrui\u00e7\u00e3o<\/h4>\n\n\n\n<p>A primeira gera\u00e7\u00e3o dessas novas estrat\u00e9gias de combate ao c\u00e2ncer s\u00e3o as terapias-alvo. Trata-se de um ataque \u00e0s mol\u00e9culas essenciais para o funcionamento das c\u00e9lulas cancer\u00edgenas, freando sua expans\u00e3o. A ideia \u00e9 antiga: o bacteriologista alem\u00e3o Paul Ehrlich, vencedor do Pr\u00eamio Nobel de Medicina em 1908, j\u00e1 havia sugerido naquela \u00e9poca a possibilidade de desenvolver um rem\u00e9dio que combatesse os mecanismos espec\u00edficos de doen\u00e7as infecciosas. Mas foi s\u00f3 a partir de 2000 que tais rem\u00e9dios se tornaram realidade \u2014 n\u00e3o para infec\u00e7\u00f5es e, sim, na luta contra contra o c\u00e2ncer.<br>A ideia \u00e9 atacar c\u00e9lulas espec\u00edficas de tumores espec\u00edficos. Por exemplo: existem diferentes tipos de muta\u00e7\u00f5es para c\u00e2ncer de mama, e a terapia foca em uma delas. Portanto, n\u00e3o serve para todos os pacientes. Por serem extremamente precisos, t\u00eam taxa de resposta alta e menos efeitos colaterais. O problema \u00e9 que o tratamento depende de um \u201cmatch\u201d perfeito, e nem todo tumor tem o alvo ou a muta\u00e7\u00e3o espec\u00edfica para as quais os medicamentos funcionam.<br>Atualmente, existem terapias-alvo dispon\u00edveis para c\u00e2ncer de pulm\u00e3o, tireoide, rim, pele, melanoma, sarcoma, f\u00edgado, c\u00f3lon, reto, ov\u00e1rio, mama e leucemias e linfomas. No entanto, elas costumam ser mais recomendadas somente para esses tr\u00eas \u00faltimos tipos de c\u00e2ncer.<\/p>\n\n\n\n<h4 class=\"wp-block-heading\">Quando o corpo \u00e9 o melhor rem\u00e9dio<\/h4>\n\n\n\n<p>Um passo \u00e0 frente da terapia-alvo, a imunoterapia usa nossas pr\u00f3prias c\u00e9lulas de defesa contra o c\u00e2ncer. \u00c9 mais um m\u00e9todo que, embora tenha evolu\u00eddo s\u00f3 nos \u00faltimos cinco anos, vem sendo testado h\u00e1 pelo menos 100 anos.<br>Tudo come\u00e7ou no s\u00e9culo 19, com o cirurgi\u00e3o americano William Coley. Ao observar que uma v\u00edtima de c\u00e2ncer se curou ap\u00f3s uma grave infec\u00e7\u00e3o, ele desenvolveu a teoria de que, se superativado, nosso sistema imunol\u00f3gico seria capaz de acabar com um tumor. O cirurgi\u00e3o chegou a fazer experimentos infectando propositalmente pacientes com c\u00e2ncer, sem sucesso.<br>Os anos passaram e os cientistas descobriram que a teoria de Coley n\u00e3o estava incorreta. Os maiores respons\u00e1veis por provar isso foram os imunologistas James P Allison, dos Estados Unidos, e Tasuku Honjo, do Jap\u00e3o, que venceram o Pr\u00eamio Nobel de Medicina em 2018 pela descoberta. Eles mostraram que \u00e9 poss\u00edvel, sim, estimular o sistema imunol\u00f3gico para combater as c\u00e9lulas cancer\u00edgenas: basta bloquear o mecanismo utilizado por elas para enganar nossas defesas. Ele consiste na libera\u00e7\u00e3o de prote\u00ednas que se encaixam em receptores dos linf\u00f3citos T \u2014 o \u201cc\u00e9rebro din\u00e2mico\u201d do sistema imunol\u00f3gico e o respons\u00e1vel por reconhecer a c\u00e9lula danificada e emitir a ordem para que outras c\u00e9lulas a destruam \u2014 e bloqueiam o sinal de alerta.<br>Os rem\u00e9dios imunoter\u00e1picos atuam impedindo a libera\u00e7\u00e3o dessas prote\u00ednas ou obstruindo os receptores dos linf\u00f3citos T. Sem serem enganados, eles comandam o ataque. Apesar de tamb\u00e9m provocar efeitos colaterais, o m\u00e9todo \u00e9 menos agressivo e mais eficaz que os tratamentos tradicionais.<\/p>\n\n\n\n<figure class=\"wp-block-image size-large\"><img loading=\"lazy\" decoding=\"async\" width=\"1000\" height=\"1000\" src=\"https:\/\/jornalfatosenoticias.com.br\/wp-content\/uploads\/2020\/05\/cancer-de-pulmao-national-cancer-institute-unsplash.jpg\" alt=\"\" class=\"wp-image-3986\" srcset=\"https:\/\/jornalfatosenoticias.com.br\/wp-content\/uploads\/2020\/05\/cancer-de-pulmao-national-cancer-institute-unsplash.jpg 1000w, https:\/\/jornalfatosenoticias.com.br\/wp-content\/uploads\/2020\/05\/cancer-de-pulmao-national-cancer-institute-unsplash-300x300.jpg 300w, https:\/\/jornalfatosenoticias.com.br\/wp-content\/uploads\/2020\/05\/cancer-de-pulmao-national-cancer-institute-unsplash-150x150.jpg 150w, https:\/\/jornalfatosenoticias.com.br\/wp-content\/uploads\/2020\/05\/cancer-de-pulmao-national-cancer-institute-unsplash-768x768.jpg 768w\" sizes=\"auto, (max-width: 1000px) 100vw, 1000px\" \/><figcaption><em>C\u00e2ncer de pulm\u00e3o (Foto: National Cancer Institute\/Unsplash)<\/em><\/figcaption><\/figure>\n\n\n\n<h4 class=\"wp-block-heading\">Super-her\u00f3is feitos sob medida<\/h4>\n\n\n\n<p>Dentro da imunoterapia, um m\u00e9todo ainda mais moderno e inovador tem sido desenvolvido. O tratamento com as chamadas c\u00e9lulas CAR-T consiste na modifica\u00e7\u00e3o gen\u00e9tica em laborat\u00f3rio dos linf\u00f3citos T para que desenvolvam um receptor capaz de identificar as c\u00e9lulas tumorais. \u201cEles se transformam em super-her\u00f3is direcionados para o c\u00e2ncer\u201d, exemplifica o oncologista Bernardo Garicochea, membro do Comit\u00ea de Oncogen\u00f4mica da Sociedade Brasileira de Oncologia Cl\u00ednica (SBOC). Os linf\u00f3citos s\u00e3o ent\u00e3o reinseridos no corpo do paciente para realizarem a miss\u00e3o.<br>Parece coisa de fic\u00e7\u00e3o cient\u00edfica, mas o tratamento j\u00e1 foi aprovado nos Estados Unidos para casos raros de c\u00e2ncer de sangue (linfomas e leucemia) resistentes aos m\u00e9todos tradicionais. No fim de 2019, foi testado pela primeira vez na Am\u00e9rica Latina por pesquisadores brasileiros.<br>Feito na modalidade de tratamento compassivo, que permite o uso de terapias n\u00e3o aprovadas no pa\u00eds em casos graves sem outras op\u00e7\u00f5es dispon\u00edveis, o teste ampliou a expectativa de sobrevida de um paciente que sofria com linfoma n\u00e3o Hodgkin. Al\u00e9m disso, reduziu os sintomas cl\u00ednicos e a necessidade de rem\u00e9dios para dor. E o m\u00e9todo desenvolvido por aqui custa bem menos que o oferecido nos Estados Unidos \u2014 R$ 150 mil, em vez dos US$ 400 mil (mais de R$ 2 milh\u00f5es) necess\u00e1rios por l\u00e1.<\/p>\n\n\n\n<h4 class=\"wp-block-heading\">Entusiasmo cauteloso<\/h4>\n\n\n\n<p>O alto custo n\u00e3o \u00e9 o \u00fanico desafio para esses novos tipos de terapias, nem o mais dif\u00edcil de se contornar: no Brasil, por exemplo, fica levemente acima do valor de um transplante de medula \u00f3ssea (R$ 110 mil \u00e9 o repasse do SUS). H\u00e1 tamb\u00e9m a expectativa de que os pre\u00e7os diminuam \u00e0 medida em que os tratamentos se tornem dispon\u00edveis para mais gente.<br>A parte mais complicada \u00e9 identificar as muta\u00e7\u00f5es ou particularidades que possam ser usadas como alvos, na vis\u00e3o de especialistas. \u201cS\u00e3o muitos passos at\u00e9 desvendar o quebra-cabe\u00e7a de um tumor\u201d, diz o oncologista Ramon Andrade de Mello, professor da Universidade Federal de S\u00e3o Paulo (Unifesp) e consultor cient\u00edfico da Escola Europeia de Oncologia.<br>Mello \u00e9 o respons\u00e1vel por uma pesquisa para sequenciar o c\u00f3digo gen\u00e9tico dos tumores de pacientes n\u00e3o fumantes com c\u00e2ncer de pulm\u00e3o. \u201cN\u00f3s queremos identificar quais os genes mais respons\u00e1veis pelo c\u00e2ncer e, a partir disso, desenvolver medicamentos que inibam esses genes\u201d, explica de Mello, que acredita que a pesquisa deve durar dez anos. O desafio \u00e9 que os tumores no pulm\u00e3o de pessoas que n\u00e3o fumam s\u00e3o minoria: entre os 1,5 milh\u00e3o de casos de c\u00e2ncer de pulm\u00e3o diagnosticados a cada ano no mundo apenas 15% se d\u00e3o entre n\u00e3o fumantes.<br>Na explica\u00e7\u00e3o de Garicochea, para identificar todos os poss\u00edveis alvos, seria necess\u00e1rio um atlas do genoma humano e dos tumores para compar\u00e1-los, e entender o que est\u00e1 errado. Uma tentativa neste sentido foi divulgada em fevereiro deste ano, na revista Nature. Durante uma d\u00e9cada, 1,3 mil pesquisadores do cons\u00f3rcio Pan-Cancer Analysis of Whole Genomes, mais conhecido como Pan-Cancer, analisaram 2,6 mil tumores de 38 tipos de c\u00e2ncer. Eles mapearam o genoma destes tumores e apontaram quais falhas no DNA levaram ao desenvolvimento da doen\u00e7a.<br>Entre as descobertas que mais chamaram a aten\u00e7\u00e3o s\u00e3o as diferen\u00e7as entre o c\u00e2ncer de um paciente e outro, e a interrela\u00e7\u00e3o entre os diferentes genes. \u201cExiste comunica\u00e7\u00e3o cruzada dentro do pr\u00f3prio tumor, a chamada cross-talk, ent\u00e3o \u00e0s vezes quando voc\u00ea descobre como consertar uma pecinha [do quebra-cabe\u00e7a], o danado vem e desmancha outra para atrapalhar\u201d, diz o oncologista da Unifesp.<br>Esses s\u00e3o alguns dos motivos pelos quais os cientistas s\u00e3o receosos em anunciar as terapias como potenciais curas para o c\u00e2ncer. \u201cElas n\u00e3o s\u00e3o a salva\u00e7\u00e3o da p\u00e1tria, s\u00e3o mais um passo dessa caminhada, v\u00e3o falhar em muitos pacientes, v\u00e3o curar algumas vidas, n\u00f3s vamos aprender a melhor\u00e1-las e aprender muitas coisas com elas\u201d, diz Garicochea.<br>Mesmo assim, elas entusiasmam n\u00e3o s\u00f3 pelo potencial de tratamento, mas por tamb\u00e9m incentivarem avan\u00e7o nas pesquisas que trazem descobertas importantes tamb\u00e9m para a preven\u00e7\u00e3o. O especialista da Unifesp n\u00e3o esconde o otimismo: \u201cestamos em uma nova era, o c\u00e2ncer est\u00e1 cada vez mais se tornando uma doen\u00e7a cr\u00f4nica quando bem abordado. Em 2040 talvez o c\u00e2ncer seja tratado como hoje \u00e9 o diabetes\u201d.<\/p>\n\n\n\n<p><em><strong>Fonte: <a href=\"https:\/\/revistagalileu.globo.com\/Ciencia\/Saude\/noticia\/2020\/04\/como-oncologia-de-precisao-promove-avancos-no-tratamento-do-cancer.html\">Revista Galileu<\/a><\/strong><\/em><\/p>\n","protected":false},"excerpt":{"rendered":"<p>Terapias gen\u00e9ticas inovadoras prometem um cen\u00e1rio cada vez mais otimista na luta contra tumores malignos, mas ainda est\u00e3o longe de significar a cura da doen\u00e7a. Entenda Se o corpo humano fosse um castelo em guerra contra a invas\u00e3o e dissemina\u00e7\u00e3o de c\u00e9lulas cancer\u00edgenas, os tradicionais m\u00e9todos de combate \u2014 a quimioterapia, a radioterapia ou a [&hellip;]<\/p>\n","protected":false},"author":2,"featured_media":3987,"comment_status":"open","ping_status":"open","sticky":false,"template":"","format":"standard","meta":{"footnotes":""},"categories":[11],"tags":[642,1118,2342,2343,2344,2345],"class_list":["post-3985","post","type-post","status-publish","format-standard","has-post-thumbnail","hentry","category-saude","tag-cancer","tag-celulas-cancerigenas","tag-curas","tag-imunoterapia","tag-pacientes","tag-terapias"],"yoast_head":"<!-- This site is optimized with the Yoast SEO plugin v26.5 - https:\/\/yoast.com\/wordpress\/plugins\/seo\/ -->\n<title>Como a oncologia de precis\u00e3o promove avan\u00e7os no tratamento do c\u00e2ncer - Jornal Fatos e Not\u00edcias<\/title>\n<meta name=\"robots\" content=\"index, follow, max-snippet:-1, max-image-preview:large, max-video-preview:-1\" \/>\n<link rel=\"canonical\" href=\"https:\/\/jornalfatosenoticias.com.br\/index.php\/2020\/05\/04\/como-a-oncologia-de-precisao-promove-avancos-no-tratamento-do-cancer\/\" \/>\n<meta property=\"og:locale\" content=\"pt_BR\" \/>\n<meta property=\"og:type\" content=\"article\" \/>\n<meta property=\"og:title\" content=\"Como a oncologia de precis\u00e3o promove avan\u00e7os no tratamento do c\u00e2ncer - Jornal Fatos e Not\u00edcias\" \/>\n<meta property=\"og:description\" content=\"Terapias gen\u00e9ticas inovadoras prometem um cen\u00e1rio cada vez mais otimista na luta contra tumores malignos, mas ainda est\u00e3o longe de significar a cura da doen\u00e7a. Entenda Se o corpo humano fosse um castelo em guerra contra a invas\u00e3o e dissemina\u00e7\u00e3o de c\u00e9lulas cancer\u00edgenas, os tradicionais m\u00e9todos de combate \u2014 a quimioterapia, a radioterapia ou a [&hellip;]\" \/>\n<meta property=\"og:url\" content=\"https:\/\/jornalfatosenoticias.com.br\/index.php\/2020\/05\/04\/como-a-oncologia-de-precisao-promove-avancos-no-tratamento-do-cancer\/\" \/>\n<meta property=\"og:site_name\" content=\"Jornal Fatos e Not\u00edcias\" \/>\n<meta property=\"article:published_time\" content=\"2020-05-04T17:20:06+00:00\" \/>\n<meta property=\"article:modified_time\" content=\"2020-05-04T17:20:08+00:00\" \/>\n<meta property=\"og:image\" content=\"https:\/\/jornalfatosenoticias.com.br\/wp-content\/uploads\/2020\/05\/oncologia-de-precisao-artur-matosyan-unsplash.jpg\" \/>\n\t<meta property=\"og:image:width\" content=\"1000\" \/>\n\t<meta property=\"og:image:height\" content=\"666\" \/>\n\t<meta property=\"og:image:type\" content=\"image\/jpeg\" \/>\n<meta name=\"author\" content=\"Luzimara Fernandes\" \/>\n<meta name=\"twitter:card\" content=\"summary_large_image\" \/>\n<meta name=\"twitter:label1\" content=\"Escrito por\" \/>\n\t<meta name=\"twitter:data1\" content=\"Luzimara Fernandes\" \/>\n\t<meta name=\"twitter:label2\" content=\"Est. tempo de leitura\" \/>\n\t<meta name=\"twitter:data2\" content=\"8 minutos\" \/>\n<script type=\"application\/ld+json\" class=\"yoast-schema-graph\">{\"@context\":\"https:\/\/schema.org\",\"@graph\":[{\"@type\":\"Article\",\"@id\":\"https:\/\/jornalfatosenoticias.com.br\/index.php\/2020\/05\/04\/como-a-oncologia-de-precisao-promove-avancos-no-tratamento-do-cancer\/#article\",\"isPartOf\":{\"@id\":\"https:\/\/jornalfatosenoticias.com.br\/index.php\/2020\/05\/04\/como-a-oncologia-de-precisao-promove-avancos-no-tratamento-do-cancer\/\"},\"author\":{\"name\":\"Luzimara Fernandes\",\"@id\":\"https:\/\/jornalfatosenoticias.com.br\/#\/schema\/person\/d63837fa13ac8666eb9e74e0985d6f81\"},\"headline\":\"Como a oncologia de precis\u00e3o promove avan\u00e7os no tratamento do c\u00e2ncer\",\"datePublished\":\"2020-05-04T17:20:06+00:00\",\"dateModified\":\"2020-05-04T17:20:08+00:00\",\"mainEntityOfPage\":{\"@id\":\"https:\/\/jornalfatosenoticias.com.br\/index.php\/2020\/05\/04\/como-a-oncologia-de-precisao-promove-avancos-no-tratamento-do-cancer\/\"},\"wordCount\":1678,\"commentCount\":0,\"publisher\":{\"@id\":\"https:\/\/jornalfatosenoticias.com.br\/#organization\"},\"image\":{\"@id\":\"https:\/\/jornalfatosenoticias.com.br\/index.php\/2020\/05\/04\/como-a-oncologia-de-precisao-promove-avancos-no-tratamento-do-cancer\/#primaryimage\"},\"thumbnailUrl\":\"https:\/\/jornalfatosenoticias.com.br\/wp-content\/uploads\/2020\/05\/oncologia-de-precisao-artur-matosyan-unsplash.jpg\",\"keywords\":[\"c\u00e2ncer\",\"c\u00e9lulas cancer\u00edgenas\",\"curas\",\"imunoterapia\",\"pacientes\",\"terapias\"],\"articleSection\":[\"Sa\u00fade\"],\"inLanguage\":\"pt-BR\",\"potentialAction\":[{\"@type\":\"CommentAction\",\"name\":\"Comment\",\"target\":[\"https:\/\/jornalfatosenoticias.com.br\/index.php\/2020\/05\/04\/como-a-oncologia-de-precisao-promove-avancos-no-tratamento-do-cancer\/#respond\"]}]},{\"@type\":\"WebPage\",\"@id\":\"https:\/\/jornalfatosenoticias.com.br\/index.php\/2020\/05\/04\/como-a-oncologia-de-precisao-promove-avancos-no-tratamento-do-cancer\/\",\"url\":\"https:\/\/jornalfatosenoticias.com.br\/index.php\/2020\/05\/04\/como-a-oncologia-de-precisao-promove-avancos-no-tratamento-do-cancer\/\",\"name\":\"Como a oncologia de precis\u00e3o promove avan\u00e7os no tratamento do c\u00e2ncer - Jornal Fatos e Not\u00edcias\",\"isPartOf\":{\"@id\":\"https:\/\/jornalfatosenoticias.com.br\/#website\"},\"primaryImageOfPage\":{\"@id\":\"https:\/\/jornalfatosenoticias.com.br\/index.php\/2020\/05\/04\/como-a-oncologia-de-precisao-promove-avancos-no-tratamento-do-cancer\/#primaryimage\"},\"image\":{\"@id\":\"https:\/\/jornalfatosenoticias.com.br\/index.php\/2020\/05\/04\/como-a-oncologia-de-precisao-promove-avancos-no-tratamento-do-cancer\/#primaryimage\"},\"thumbnailUrl\":\"https:\/\/jornalfatosenoticias.com.br\/wp-content\/uploads\/2020\/05\/oncologia-de-precisao-artur-matosyan-unsplash.jpg\",\"datePublished\":\"2020-05-04T17:20:06+00:00\",\"dateModified\":\"2020-05-04T17:20:08+00:00\",\"breadcrumb\":{\"@id\":\"https:\/\/jornalfatosenoticias.com.br\/index.php\/2020\/05\/04\/como-a-oncologia-de-precisao-promove-avancos-no-tratamento-do-cancer\/#breadcrumb\"},\"inLanguage\":\"pt-BR\",\"potentialAction\":[{\"@type\":\"ReadAction\",\"target\":[\"https:\/\/jornalfatosenoticias.com.br\/index.php\/2020\/05\/04\/como-a-oncologia-de-precisao-promove-avancos-no-tratamento-do-cancer\/\"]}]},{\"@type\":\"ImageObject\",\"inLanguage\":\"pt-BR\",\"@id\":\"https:\/\/jornalfatosenoticias.com.br\/index.php\/2020\/05\/04\/como-a-oncologia-de-precisao-promove-avancos-no-tratamento-do-cancer\/#primaryimage\",\"url\":\"https:\/\/jornalfatosenoticias.com.br\/wp-content\/uploads\/2020\/05\/oncologia-de-precisao-artur-matosyan-unsplash.jpg\",\"contentUrl\":\"https:\/\/jornalfatosenoticias.com.br\/wp-content\/uploads\/2020\/05\/oncologia-de-precisao-artur-matosyan-unsplash.jpg\",\"width\":1000,\"height\":666},{\"@type\":\"BreadcrumbList\",\"@id\":\"https:\/\/jornalfatosenoticias.com.br\/index.php\/2020\/05\/04\/como-a-oncologia-de-precisao-promove-avancos-no-tratamento-do-cancer\/#breadcrumb\",\"itemListElement\":[{\"@type\":\"ListItem\",\"position\":1,\"name\":\"In\u00edcio\",\"item\":\"https:\/\/jornalfatosenoticias.com.br\/\"},{\"@type\":\"ListItem\",\"position\":2,\"name\":\"Como a oncologia de precis\u00e3o promove avan\u00e7os no tratamento do c\u00e2ncer\"}]},{\"@type\":\"WebSite\",\"@id\":\"https:\/\/jornalfatosenoticias.com.br\/#website\",\"url\":\"https:\/\/jornalfatosenoticias.com.br\/\",\"name\":\"Jornal Fatos e Not\u00edcias\",\"description\":\"Not\u00edcias em geral\",\"publisher\":{\"@id\":\"https:\/\/jornalfatosenoticias.com.br\/#organization\"},\"potentialAction\":[{\"@type\":\"SearchAction\",\"target\":{\"@type\":\"EntryPoint\",\"urlTemplate\":\"https:\/\/jornalfatosenoticias.com.br\/?s={search_term_string}\"},\"query-input\":{\"@type\":\"PropertyValueSpecification\",\"valueRequired\":true,\"valueName\":\"search_term_string\"}}],\"inLanguage\":\"pt-BR\"},{\"@type\":\"Organization\",\"@id\":\"https:\/\/jornalfatosenoticias.com.br\/#organization\",\"name\":\"Jornal Fatos e Not\u00edcias\",\"url\":\"https:\/\/jornalfatosenoticias.com.br\/\",\"logo\":{\"@type\":\"ImageObject\",\"inLanguage\":\"pt-BR\",\"@id\":\"https:\/\/jornalfatosenoticias.com.br\/#\/schema\/logo\/image\/\",\"url\":\"https:\/\/jornalfatosenoticias.com.br\/wp-content\/uploads\/2020\/02\/logo120.png\",\"contentUrl\":\"https:\/\/jornalfatosenoticias.com.br\/wp-content\/uploads\/2020\/02\/logo120.png\",\"width\":1227,\"height\":120,\"caption\":\"Jornal Fatos e Not\u00edcias\"},\"image\":{\"@id\":\"https:\/\/jornalfatosenoticias.com.br\/#\/schema\/logo\/image\/\"}},{\"@type\":\"Person\",\"@id\":\"https:\/\/jornalfatosenoticias.com.br\/#\/schema\/person\/d63837fa13ac8666eb9e74e0985d6f81\",\"name\":\"Luzimara Fernandes\",\"image\":{\"@type\":\"ImageObject\",\"inLanguage\":\"pt-BR\",\"@id\":\"https:\/\/jornalfatosenoticias.com.br\/#\/schema\/person\/image\/\",\"url\":\"https:\/\/jornalfatosenoticias.com.br\/wp-content\/uploads\/2025\/05\/EU_portal.jpg\",\"contentUrl\":\"https:\/\/jornalfatosenoticias.com.br\/wp-content\/uploads\/2025\/05\/EU_portal.jpg\",\"caption\":\"Luzimara Fernandes\"},\"description\":\"Jornalista MTB 2358-ES\",\"sameAs\":[\"https:\/\/jornalfatosenoticias.com.br\"],\"url\":\"https:\/\/jornalfatosenoticias.com.br\/index.php\/author\/luzimara\/\"}]}<\/script>\n<!-- \/ Yoast SEO plugin. -->","yoast_head_json":{"title":"Como a oncologia de precis\u00e3o promove avan\u00e7os no tratamento do c\u00e2ncer - Jornal Fatos e Not\u00edcias","robots":{"index":"index","follow":"follow","max-snippet":"max-snippet:-1","max-image-preview":"max-image-preview:large","max-video-preview":"max-video-preview:-1"},"canonical":"https:\/\/jornalfatosenoticias.com.br\/index.php\/2020\/05\/04\/como-a-oncologia-de-precisao-promove-avancos-no-tratamento-do-cancer\/","og_locale":"pt_BR","og_type":"article","og_title":"Como a oncologia de precis\u00e3o promove avan\u00e7os no tratamento do c\u00e2ncer - Jornal Fatos e Not\u00edcias","og_description":"Terapias gen\u00e9ticas inovadoras prometem um cen\u00e1rio cada vez mais otimista na luta contra tumores malignos, mas ainda est\u00e3o longe de significar a cura da doen\u00e7a. Entenda Se o corpo humano fosse um castelo em guerra contra a invas\u00e3o e dissemina\u00e7\u00e3o de c\u00e9lulas cancer\u00edgenas, os tradicionais m\u00e9todos de combate \u2014 a quimioterapia, a radioterapia ou a [&hellip;]","og_url":"https:\/\/jornalfatosenoticias.com.br\/index.php\/2020\/05\/04\/como-a-oncologia-de-precisao-promove-avancos-no-tratamento-do-cancer\/","og_site_name":"Jornal Fatos e Not\u00edcias","article_published_time":"2020-05-04T17:20:06+00:00","article_modified_time":"2020-05-04T17:20:08+00:00","og_image":[{"width":1000,"height":666,"url":"https:\/\/jornalfatosenoticias.com.br\/wp-content\/uploads\/2020\/05\/oncologia-de-precisao-artur-matosyan-unsplash.jpg","type":"image\/jpeg"}],"author":"Luzimara Fernandes","twitter_card":"summary_large_image","twitter_misc":{"Escrito por":"Luzimara Fernandes","Est. tempo de leitura":"8 minutos"},"schema":{"@context":"https:\/\/schema.org","@graph":[{"@type":"Article","@id":"https:\/\/jornalfatosenoticias.com.br\/index.php\/2020\/05\/04\/como-a-oncologia-de-precisao-promove-avancos-no-tratamento-do-cancer\/#article","isPartOf":{"@id":"https:\/\/jornalfatosenoticias.com.br\/index.php\/2020\/05\/04\/como-a-oncologia-de-precisao-promove-avancos-no-tratamento-do-cancer\/"},"author":{"name":"Luzimara Fernandes","@id":"https:\/\/jornalfatosenoticias.com.br\/#\/schema\/person\/d63837fa13ac8666eb9e74e0985d6f81"},"headline":"Como a oncologia de precis\u00e3o promove avan\u00e7os no tratamento do c\u00e2ncer","datePublished":"2020-05-04T17:20:06+00:00","dateModified":"2020-05-04T17:20:08+00:00","mainEntityOfPage":{"@id":"https:\/\/jornalfatosenoticias.com.br\/index.php\/2020\/05\/04\/como-a-oncologia-de-precisao-promove-avancos-no-tratamento-do-cancer\/"},"wordCount":1678,"commentCount":0,"publisher":{"@id":"https:\/\/jornalfatosenoticias.com.br\/#organization"},"image":{"@id":"https:\/\/jornalfatosenoticias.com.br\/index.php\/2020\/05\/04\/como-a-oncologia-de-precisao-promove-avancos-no-tratamento-do-cancer\/#primaryimage"},"thumbnailUrl":"https:\/\/jornalfatosenoticias.com.br\/wp-content\/uploads\/2020\/05\/oncologia-de-precisao-artur-matosyan-unsplash.jpg","keywords":["c\u00e2ncer","c\u00e9lulas cancer\u00edgenas","curas","imunoterapia","pacientes","terapias"],"articleSection":["Sa\u00fade"],"inLanguage":"pt-BR","potentialAction":[{"@type":"CommentAction","name":"Comment","target":["https:\/\/jornalfatosenoticias.com.br\/index.php\/2020\/05\/04\/como-a-oncologia-de-precisao-promove-avancos-no-tratamento-do-cancer\/#respond"]}]},{"@type":"WebPage","@id":"https:\/\/jornalfatosenoticias.com.br\/index.php\/2020\/05\/04\/como-a-oncologia-de-precisao-promove-avancos-no-tratamento-do-cancer\/","url":"https:\/\/jornalfatosenoticias.com.br\/index.php\/2020\/05\/04\/como-a-oncologia-de-precisao-promove-avancos-no-tratamento-do-cancer\/","name":"Como a oncologia de precis\u00e3o promove avan\u00e7os no tratamento do c\u00e2ncer - Jornal Fatos e Not\u00edcias","isPartOf":{"@id":"https:\/\/jornalfatosenoticias.com.br\/#website"},"primaryImageOfPage":{"@id":"https:\/\/jornalfatosenoticias.com.br\/index.php\/2020\/05\/04\/como-a-oncologia-de-precisao-promove-avancos-no-tratamento-do-cancer\/#primaryimage"},"image":{"@id":"https:\/\/jornalfatosenoticias.com.br\/index.php\/2020\/05\/04\/como-a-oncologia-de-precisao-promove-avancos-no-tratamento-do-cancer\/#primaryimage"},"thumbnailUrl":"https:\/\/jornalfatosenoticias.com.br\/wp-content\/uploads\/2020\/05\/oncologia-de-precisao-artur-matosyan-unsplash.jpg","datePublished":"2020-05-04T17:20:06+00:00","dateModified":"2020-05-04T17:20:08+00:00","breadcrumb":{"@id":"https:\/\/jornalfatosenoticias.com.br\/index.php\/2020\/05\/04\/como-a-oncologia-de-precisao-promove-avancos-no-tratamento-do-cancer\/#breadcrumb"},"inLanguage":"pt-BR","potentialAction":[{"@type":"ReadAction","target":["https:\/\/jornalfatosenoticias.com.br\/index.php\/2020\/05\/04\/como-a-oncologia-de-precisao-promove-avancos-no-tratamento-do-cancer\/"]}]},{"@type":"ImageObject","inLanguage":"pt-BR","@id":"https:\/\/jornalfatosenoticias.com.br\/index.php\/2020\/05\/04\/como-a-oncologia-de-precisao-promove-avancos-no-tratamento-do-cancer\/#primaryimage","url":"https:\/\/jornalfatosenoticias.com.br\/wp-content\/uploads\/2020\/05\/oncologia-de-precisao-artur-matosyan-unsplash.jpg","contentUrl":"https:\/\/jornalfatosenoticias.com.br\/wp-content\/uploads\/2020\/05\/oncologia-de-precisao-artur-matosyan-unsplash.jpg","width":1000,"height":666},{"@type":"BreadcrumbList","@id":"https:\/\/jornalfatosenoticias.com.br\/index.php\/2020\/05\/04\/como-a-oncologia-de-precisao-promove-avancos-no-tratamento-do-cancer\/#breadcrumb","itemListElement":[{"@type":"ListItem","position":1,"name":"In\u00edcio","item":"https:\/\/jornalfatosenoticias.com.br\/"},{"@type":"ListItem","position":2,"name":"Como a oncologia de precis\u00e3o promove avan\u00e7os no tratamento do c\u00e2ncer"}]},{"@type":"WebSite","@id":"https:\/\/jornalfatosenoticias.com.br\/#website","url":"https:\/\/jornalfatosenoticias.com.br\/","name":"Jornal Fatos e Not\u00edcias","description":"Not\u00edcias em geral","publisher":{"@id":"https:\/\/jornalfatosenoticias.com.br\/#organization"},"potentialAction":[{"@type":"SearchAction","target":{"@type":"EntryPoint","urlTemplate":"https:\/\/jornalfatosenoticias.com.br\/?s={search_term_string}"},"query-input":{"@type":"PropertyValueSpecification","valueRequired":true,"valueName":"search_term_string"}}],"inLanguage":"pt-BR"},{"@type":"Organization","@id":"https:\/\/jornalfatosenoticias.com.br\/#organization","name":"Jornal Fatos e Not\u00edcias","url":"https:\/\/jornalfatosenoticias.com.br\/","logo":{"@type":"ImageObject","inLanguage":"pt-BR","@id":"https:\/\/jornalfatosenoticias.com.br\/#\/schema\/logo\/image\/","url":"https:\/\/jornalfatosenoticias.com.br\/wp-content\/uploads\/2020\/02\/logo120.png","contentUrl":"https:\/\/jornalfatosenoticias.com.br\/wp-content\/uploads\/2020\/02\/logo120.png","width":1227,"height":120,"caption":"Jornal Fatos e Not\u00edcias"},"image":{"@id":"https:\/\/jornalfatosenoticias.com.br\/#\/schema\/logo\/image\/"}},{"@type":"Person","@id":"https:\/\/jornalfatosenoticias.com.br\/#\/schema\/person\/d63837fa13ac8666eb9e74e0985d6f81","name":"Luzimara Fernandes","image":{"@type":"ImageObject","inLanguage":"pt-BR","@id":"https:\/\/jornalfatosenoticias.com.br\/#\/schema\/person\/image\/","url":"https:\/\/jornalfatosenoticias.com.br\/wp-content\/uploads\/2025\/05\/EU_portal.jpg","contentUrl":"https:\/\/jornalfatosenoticias.com.br\/wp-content\/uploads\/2025\/05\/EU_portal.jpg","caption":"Luzimara Fernandes"},"description":"Jornalista MTB 2358-ES","sameAs":["https:\/\/jornalfatosenoticias.com.br"],"url":"https:\/\/jornalfatosenoticias.com.br\/index.php\/author\/luzimara\/"}]}},"cc_featured_image_caption":{"caption_text":"(Foto: Artur Matosyan\/Unsplash)","source_text":"","source_url":""},"jetpack_featured_media_url":"https:\/\/jornalfatosenoticias.com.br\/wp-content\/uploads\/2020\/05\/oncologia-de-precisao-artur-matosyan-unsplash.jpg","_links":{"self":[{"href":"https:\/\/jornalfatosenoticias.com.br\/index.php\/wp-json\/wp\/v2\/posts\/3985","targetHints":{"allow":["GET"]}}],"collection":[{"href":"https:\/\/jornalfatosenoticias.com.br\/index.php\/wp-json\/wp\/v2\/posts"}],"about":[{"href":"https:\/\/jornalfatosenoticias.com.br\/index.php\/wp-json\/wp\/v2\/types\/post"}],"author":[{"embeddable":true,"href":"https:\/\/jornalfatosenoticias.com.br\/index.php\/wp-json\/wp\/v2\/users\/2"}],"replies":[{"embeddable":true,"href":"https:\/\/jornalfatosenoticias.com.br\/index.php\/wp-json\/wp\/v2\/comments?post=3985"}],"version-history":[{"count":0,"href":"https:\/\/jornalfatosenoticias.com.br\/index.php\/wp-json\/wp\/v2\/posts\/3985\/revisions"}],"wp:featuredmedia":[{"embeddable":true,"href":"https:\/\/jornalfatosenoticias.com.br\/index.php\/wp-json\/wp\/v2\/media\/3987"}],"wp:attachment":[{"href":"https:\/\/jornalfatosenoticias.com.br\/index.php\/wp-json\/wp\/v2\/media?parent=3985"}],"wp:term":[{"taxonomy":"category","embeddable":true,"href":"https:\/\/jornalfatosenoticias.com.br\/index.php\/wp-json\/wp\/v2\/categories?post=3985"},{"taxonomy":"post_tag","embeddable":true,"href":"https:\/\/jornalfatosenoticias.com.br\/index.php\/wp-json\/wp\/v2\/tags?post=3985"}],"curies":[{"name":"wp","href":"https:\/\/api.w.org\/{rel}","templated":true}]}}