{"id":39851,"date":"2023-03-21T14:42:35","date_gmt":"2023-03-21T17:42:35","guid":{"rendered":"https:\/\/jornalfatosenoticias.com.br\/?p=39851"},"modified":"2023-03-21T14:42:38","modified_gmt":"2023-03-21T17:42:38","slug":"lula-fala-sobre-periodo-da-prisao-so-vou-ficar-bem-quando-fud-com-o-moro","status":"publish","type":"post","link":"https:\/\/jornalfatosenoticias.com.br\/index.php\/2023\/03\/21\/lula-fala-sobre-periodo-da-prisao-so-vou-ficar-bem-quando-fud-com-o-moro\/","title":{"rendered":"Lula fala sobre per\u00edodo da pris\u00e3o: \u2018S\u00f3 vou ficar bem quando \u201cfud**\u201d com o Moro\u2019"},"content":{"rendered":"\n<p><em><span class=\"has-inline-color has-black-color\">Declara\u00e7\u00e3o foi concedida nesta ter\u00e7a-feira (21)<\/span><\/em><\/p>\n\n\n\n<div class=\"wp-block-image\"><figure class=\"aligncenter size-large\"><img loading=\"lazy\" decoding=\"async\" width=\"1024\" height=\"110\" src=\"https:\/\/jornalfatosenoticias.com.br\/wp-content\/uploads\/2022\/10\/Arte-jornal-Zucchi-1120x120_Prancheta-1-1024x110.jpg\" alt=\"\" class=\"wp-image-34772\" srcset=\"https:\/\/jornalfatosenoticias.com.br\/wp-content\/uploads\/2022\/10\/Arte-jornal-Zucchi-1120x120_Prancheta-1-1024x110.jpg 1024w, https:\/\/jornalfatosenoticias.com.br\/wp-content\/uploads\/2022\/10\/Arte-jornal-Zucchi-1120x120_Prancheta-1-300x32.jpg 300w, https:\/\/jornalfatosenoticias.com.br\/wp-content\/uploads\/2022\/10\/Arte-jornal-Zucchi-1120x120_Prancheta-1-768x82.jpg 768w, https:\/\/jornalfatosenoticias.com.br\/wp-content\/uploads\/2022\/10\/Arte-jornal-Zucchi-1120x120_Prancheta-1-1536x165.jpg 1536w, https:\/\/jornalfatosenoticias.com.br\/wp-content\/uploads\/2022\/10\/Arte-jornal-Zucchi-1120x120_Prancheta-1-2048x219.jpg 2048w\" sizes=\"auto, (max-width: 1024px) 100vw, 1024px\" \/><\/figure><\/div>\n\n\n\n<p>Ao falar sobre o per\u00edodo em que esteva na pris\u00e3o em Curitiba (PR), Luiz In\u00e1cio Lula da Silva, do PT, usou um palavr\u00e3o para se referir ao ex-juiz S\u00e9rgio Moro, atualmente senador pelo Uni\u00e3o Brasil.<\/p>\n\n\n\n<div class=\"wp-block-image\"><figure class=\"aligncenter size-large\"><img decoding=\"async\" src=\"https:\/\/jornalfatosenoticias.com.br\/wp-content\/uploads\/2020\/02\/Serra-Grande-1024x160.png\" alt=\"\" class=\"wp-image-7836\"\/><\/figure><\/div>\n\n\n\n<p>&#8220;De vez em quando um procurador entrava l\u00e1 (na cadeia) de s\u00e1bado, ou de semana, para visitar, se estava tudo bem. Entravam tr\u00eas ou quatro procuradores e perguntava \u2018t\u00e1 tudo bem?\u2019. Eu falava \u2018n\u00e3o est\u00e1 tudo bem. S\u00f3 vai estar bem quando eu fud** esse Moro\u2019&#8221;, disse Lula em entrevista ao portal esquerdista Brasil 247.<\/p>\n\n\n\n<div class=\"wp-block-image\"><figure class=\"aligncenter size-large is-resized\"><img loading=\"lazy\" decoding=\"async\" src=\"https:\/\/jornalfatosenoticias.com.br\/wp-content\/uploads\/2020\/02\/casa-do-torresmo_portal.jpg\" alt=\"\" class=\"wp-image-34472\" width=\"290\" height=\"290\" srcset=\"https:\/\/jornalfatosenoticias.com.br\/wp-content\/uploads\/2020\/02\/casa-do-torresmo_portal.jpg 300w, https:\/\/jornalfatosenoticias.com.br\/wp-content\/uploads\/2020\/02\/casa-do-torresmo_portal-150x150.jpg 150w\" sizes=\"auto, (max-width: 290px) 100vw, 290px\" \/><\/figure><\/div>\n\n\n\n<blockquote class=\"wp-block-quote is-layout-flow wp-block-quote-is-layout-flow\"><p><span class=\"has-inline-color has-luminous-vivid-orange-color\">Na sequ\u00eancia, o petista pediu que os jornalistas censurassem o trecho seguinte. &#8220;Voc\u00eas cortam a palavra \u2018fud**\u2019 a\u00ed&#8221;, complementou.<\/span><\/p><\/blockquote>\n\n\n\n<div class=\"wp-block-image\"><figure class=\"aligncenter size-large is-resized\"><img loading=\"lazy\" decoding=\"async\" src=\"https:\/\/jornalfatosenoticias.com.br\/wp-content\/uploads\/2020\/02\/nova-logo-Marquetti.jpg\" alt=\"\" class=\"wp-image-22331\" width=\"289\" height=\"194\" srcset=\"https:\/\/jornalfatosenoticias.com.br\/wp-content\/uploads\/2020\/02\/nova-logo-Marquetti.jpg 643w, https:\/\/jornalfatosenoticias.com.br\/wp-content\/uploads\/2020\/02\/nova-logo-Marquetti-300x202.jpg 300w\" sizes=\"auto, (max-width: 289px) 100vw, 289px\" \/><\/figure><\/div>\n\n\n\n<p>A entrevista, no entanto, foi exibida ao vivo e, obviamente, sem cortes. Lula foi condenado e preso por senten\u00e7a assinada por Moro no \u00e2mbito das investiga\u00e7\u00f5es da opera\u00e7\u00e3o Lava Jato. \u00c0 \u00e9poca, o esquerdista foi acusado de se beneficiar no esquema de corrup\u00e7\u00e3o de desvios de recursos na Petrobras. A condena\u00e7\u00e3o impediu a participa\u00e7\u00e3o a participa\u00e7\u00e3o dele nas elei\u00e7\u00f5es de 2018.<\/p>\n\n\n\n<div class=\"wp-block-image\"><figure class=\"aligncenter size-large is-resized\"><img loading=\"lazy\" decoding=\"async\" src=\"https:\/\/jornalfatosenoticias.com.br\/wp-content\/uploads\/2022\/07\/Logo-Grupo-SEI.jpg\" alt=\"\" class=\"wp-image-31973\" width=\"351\" height=\"184\" srcset=\"https:\/\/jornalfatosenoticias.com.br\/wp-content\/uploads\/2022\/07\/Logo-Grupo-SEI.jpg 713w, https:\/\/jornalfatosenoticias.com.br\/wp-content\/uploads\/2022\/07\/Logo-Grupo-SEI-300x158.jpg 300w\" sizes=\"auto, (max-width: 351px) 100vw, 351px\" \/><\/figure><\/div>\n\n\n\n<p>Em 2021, no entanto, a senten\u00e7a foi anulada por decis\u00e3o do Supremo Tribunal Federal (STF), que considerou Moro parcial ao julgar o petista. Lula chorou diante dos entrevistadores e disse que a fase em que esteve preso foi um um per\u00edodo de \u201cmuita m\u00e1goa\u201d.<\/p>\n\n\n\n<div class=\"wp-block-image\"><figure class=\"aligncenter size-large is-resized\"><img loading=\"lazy\" decoding=\"async\" src=\"https:\/\/jornalfatosenoticias.com.br\/wp-content\/uploads\/2021\/10\/LOGO-JUNTOS-SOS-ES-AMBIENTAL.jpg\" alt=\"\" class=\"wp-image-23922\" width=\"264\" height=\"245\"\/><\/figure><\/div>\n\n\n\n<blockquote class=\"wp-block-quote is-layout-flow wp-block-quote-is-layout-flow\"><p><span class=\"has-inline-color has-luminous-vivid-orange-color\">Muita m\u00e1goa, muita m\u00e1goa. A morte da Marisa foi uma coisa muito ruim. Depois a morte do meu irm\u00e3o quando eu estava na Pol\u00edcia Federal foi muito ruim. As acusa\u00e7\u00f5es, as leviandades, o que as pessoas escreviam. Isso tudo \u00e9 muito, muito duro, muitas vezes voc\u00ea precisa se preparar para suportar isso&#8221;, destacou.<\/span><\/p><\/blockquote>\n\n\n\n<div class=\"wp-block-image\"><figure class=\"aligncenter size-large\"><img loading=\"lazy\" decoding=\"async\" width=\"1024\" height=\"100\" src=\"https:\/\/jornalfatosenoticias.com.br\/wp-content\/uploads\/2020\/02\/banner_ferramentas-1024x100.jpg\" alt=\"\" class=\"wp-image-1258\" srcset=\"https:\/\/jornalfatosenoticias.com.br\/wp-content\/uploads\/2020\/02\/banner_ferramentas-1024x100.jpg 1024w, https:\/\/jornalfatosenoticias.com.br\/wp-content\/uploads\/2020\/02\/banner_ferramentas-300x29.jpg 300w, https:\/\/jornalfatosenoticias.com.br\/wp-content\/uploads\/2020\/02\/banner_ferramentas-768x75.jpg 768w, https:\/\/jornalfatosenoticias.com.br\/wp-content\/uploads\/2020\/02\/banner_ferramentas.jpg 1227w\" sizes=\"auto, (max-width: 1024px) 100vw, 1024px\" \/><\/figure><\/div>\n\n\n\n<p><strong><em>Fonte: <a href=\"https:\/\/www.conexaopolitica.com.br\/politica\/2023\/03\/21\/lula-so-vou-ficar-bem-quando-foder-com-o-moro\/\">Conex\u00e3o Pol\u00edtica<\/a><\/em><\/strong><\/p>\n","protected":false},"excerpt":{"rendered":"<p>Declara\u00e7\u00e3o foi concedida nesta ter\u00e7a-feira (21) Ao falar sobre o per\u00edodo em que esteva na pris\u00e3o em Curitiba (PR), Luiz In\u00e1cio Lula da Silva, do PT, usou um palavr\u00e3o para se referir ao ex-juiz S\u00e9rgio Moro, atualmente senador pelo Uni\u00e3o Brasil. &#8220;De vez em quando um procurador entrava l\u00e1 (na cadeia) de s\u00e1bado, ou de [&hellip;]<\/p>\n","protected":false},"author":2,"featured_media":39852,"comment_status":"open","ping_status":"open","sticky":false,"template":"","format":"standard","meta":{"footnotes":""},"categories":[10],"tags":[18647,7580,18648,15151,3726,18646,238,1930],"class_list":["post-39851","post","type-post","status-publish","format-standard","has-post-thumbnail","hentry","category-politica","tag-ira-2","tag-lula","tag-mascaras-caindo","tag-odio","tag-raiva","tag-rancor","tag-sergio-moro","tag-vinganca"],"yoast_head":"<!-- This site is optimized with the Yoast SEO plugin v26.5 - https:\/\/yoast.com\/wordpress\/plugins\/seo\/ -->\n<title>Lula fala sobre per\u00edodo da pris\u00e3o: \u2018S\u00f3 vou ficar bem quando \u201cfud**\u201d com o Moro\u2019 - Jornal Fatos e Not\u00edcias<\/title>\n<meta name=\"robots\" content=\"index, follow, max-snippet:-1, max-image-preview:large, max-video-preview:-1\" \/>\n<link rel=\"canonical\" href=\"https:\/\/jornalfatosenoticias.com.br\/index.php\/2023\/03\/21\/lula-fala-sobre-periodo-da-prisao-so-vou-ficar-bem-quando-fud-com-o-moro\/\" \/>\n<meta property=\"og:locale\" content=\"pt_BR\" \/>\n<meta property=\"og:type\" content=\"article\" \/>\n<meta property=\"og:title\" content=\"Lula fala sobre per\u00edodo da pris\u00e3o: \u2018S\u00f3 vou ficar bem quando \u201cfud**\u201d com o Moro\u2019 - Jornal Fatos e Not\u00edcias\" \/>\n<meta property=\"og:description\" content=\"Declara\u00e7\u00e3o foi concedida nesta ter\u00e7a-feira (21) Ao falar sobre o per\u00edodo em que esteva na pris\u00e3o em Curitiba (PR), Luiz In\u00e1cio Lula da Silva, do PT, usou um palavr\u00e3o para se referir ao ex-juiz S\u00e9rgio Moro, atualmente senador pelo Uni\u00e3o Brasil. &#8220;De vez em quando um procurador entrava l\u00e1 (na cadeia) de s\u00e1bado, ou de [&hellip;]\" \/>\n<meta property=\"og:url\" content=\"https:\/\/jornalfatosenoticias.com.br\/index.php\/2023\/03\/21\/lula-fala-sobre-periodo-da-prisao-so-vou-ficar-bem-quando-fud-com-o-moro\/\" \/>\n<meta property=\"og:site_name\" content=\"Jornal Fatos e Not\u00edcias\" \/>\n<meta property=\"article:published_time\" content=\"2023-03-21T17:42:35+00:00\" \/>\n<meta property=\"article:modified_time\" content=\"2023-03-21T17:42:38+00:00\" \/>\n<meta property=\"og:image\" content=\"https:\/\/jornalfatosenoticias.com.br\/wp-content\/uploads\/2023\/03\/nine_ladrao.jpg\" \/>\n\t<meta property=\"og:image:width\" content=\"1000\" \/>\n\t<meta property=\"og:image:height\" content=\"606\" \/>\n\t<meta property=\"og:image:type\" content=\"image\/jpeg\" \/>\n<meta name=\"author\" content=\"Luzimara Fernandes\" \/>\n<meta name=\"twitter:card\" content=\"summary_large_image\" \/>\n<meta name=\"twitter:label1\" content=\"Escrito por\" \/>\n\t<meta name=\"twitter:data1\" content=\"Luzimara Fernandes\" \/>\n\t<meta name=\"twitter:label2\" content=\"Est. tempo de leitura\" \/>\n\t<meta name=\"twitter:data2\" content=\"2 minutos\" \/>\n<script type=\"application\/ld+json\" class=\"yoast-schema-graph\">{\"@context\":\"https:\/\/schema.org\",\"@graph\":[{\"@type\":\"Article\",\"@id\":\"https:\/\/jornalfatosenoticias.com.br\/index.php\/2023\/03\/21\/lula-fala-sobre-periodo-da-prisao-so-vou-ficar-bem-quando-fud-com-o-moro\/#article\",\"isPartOf\":{\"@id\":\"https:\/\/jornalfatosenoticias.com.br\/index.php\/2023\/03\/21\/lula-fala-sobre-periodo-da-prisao-so-vou-ficar-bem-quando-fud-com-o-moro\/\"},\"author\":{\"name\":\"Luzimara Fernandes\",\"@id\":\"https:\/\/jornalfatosenoticias.com.br\/#\/schema\/person\/d63837fa13ac8666eb9e74e0985d6f81\"},\"headline\":\"Lula fala sobre per\u00edodo da pris\u00e3o: \u2018S\u00f3 vou ficar bem quando \u201cfud**\u201d com o Moro\u2019\",\"datePublished\":\"2023-03-21T17:42:35+00:00\",\"dateModified\":\"2023-03-21T17:42:38+00:00\",\"mainEntityOfPage\":{\"@id\":\"https:\/\/jornalfatosenoticias.com.br\/index.php\/2023\/03\/21\/lula-fala-sobre-periodo-da-prisao-so-vou-ficar-bem-quando-fud-com-o-moro\/\"},\"wordCount\":319,\"commentCount\":0,\"publisher\":{\"@id\":\"https:\/\/jornalfatosenoticias.com.br\/#organization\"},\"image\":{\"@id\":\"https:\/\/jornalfatosenoticias.com.br\/index.php\/2023\/03\/21\/lula-fala-sobre-periodo-da-prisao-so-vou-ficar-bem-quando-fud-com-o-moro\/#primaryimage\"},\"thumbnailUrl\":\"https:\/\/jornalfatosenoticias.com.br\/wp-content\/uploads\/2023\/03\/nine_ladrao.jpg\",\"keywords\":[\"ira\",\"Lula\",\"m\u00e1scaras caindo\",\"\u00f3dio\",\"raiva\",\"rancor\",\"S\u00e9rgio Moro\",\"vingan\u00e7a\"],\"articleSection\":[\"Pol\u00edtica\"],\"inLanguage\":\"pt-BR\",\"potentialAction\":[{\"@type\":\"CommentAction\",\"name\":\"Comment\",\"target\":[\"https:\/\/jornalfatosenoticias.com.br\/index.php\/2023\/03\/21\/lula-fala-sobre-periodo-da-prisao-so-vou-ficar-bem-quando-fud-com-o-moro\/#respond\"]}]},{\"@type\":\"WebPage\",\"@id\":\"https:\/\/jornalfatosenoticias.com.br\/index.php\/2023\/03\/21\/lula-fala-sobre-periodo-da-prisao-so-vou-ficar-bem-quando-fud-com-o-moro\/\",\"url\":\"https:\/\/jornalfatosenoticias.com.br\/index.php\/2023\/03\/21\/lula-fala-sobre-periodo-da-prisao-so-vou-ficar-bem-quando-fud-com-o-moro\/\",\"name\":\"Lula fala sobre per\u00edodo da pris\u00e3o: \u2018S\u00f3 vou ficar bem quando \u201cfud**\u201d com o Moro\u2019 - Jornal Fatos e Not\u00edcias\",\"isPartOf\":{\"@id\":\"https:\/\/jornalfatosenoticias.com.br\/#website\"},\"primaryImageOfPage\":{\"@id\":\"https:\/\/jornalfatosenoticias.com.br\/index.php\/2023\/03\/21\/lula-fala-sobre-periodo-da-prisao-so-vou-ficar-bem-quando-fud-com-o-moro\/#primaryimage\"},\"image\":{\"@id\":\"https:\/\/jornalfatosenoticias.com.br\/index.php\/2023\/03\/21\/lula-fala-sobre-periodo-da-prisao-so-vou-ficar-bem-quando-fud-com-o-moro\/#primaryimage\"},\"thumbnailUrl\":\"https:\/\/jornalfatosenoticias.com.br\/wp-content\/uploads\/2023\/03\/nine_ladrao.jpg\",\"datePublished\":\"2023-03-21T17:42:35+00:00\",\"dateModified\":\"2023-03-21T17:42:38+00:00\",\"breadcrumb\":{\"@id\":\"https:\/\/jornalfatosenoticias.com.br\/index.php\/2023\/03\/21\/lula-fala-sobre-periodo-da-prisao-so-vou-ficar-bem-quando-fud-com-o-moro\/#breadcrumb\"},\"inLanguage\":\"pt-BR\",\"potentialAction\":[{\"@type\":\"ReadAction\",\"target\":[\"https:\/\/jornalfatosenoticias.com.br\/index.php\/2023\/03\/21\/lula-fala-sobre-periodo-da-prisao-so-vou-ficar-bem-quando-fud-com-o-moro\/\"]}]},{\"@type\":\"ImageObject\",\"inLanguage\":\"pt-BR\",\"@id\":\"https:\/\/jornalfatosenoticias.com.br\/index.php\/2023\/03\/21\/lula-fala-sobre-periodo-da-prisao-so-vou-ficar-bem-quando-fud-com-o-moro\/#primaryimage\",\"url\":\"https:\/\/jornalfatosenoticias.com.br\/wp-content\/uploads\/2023\/03\/nine_ladrao.jpg\",\"contentUrl\":\"https:\/\/jornalfatosenoticias.com.br\/wp-content\/uploads\/2023\/03\/nine_ladrao.jpg\",\"width\":1000,\"height\":606},{\"@type\":\"BreadcrumbList\",\"@id\":\"https:\/\/jornalfatosenoticias.com.br\/index.php\/2023\/03\/21\/lula-fala-sobre-periodo-da-prisao-so-vou-ficar-bem-quando-fud-com-o-moro\/#breadcrumb\",\"itemListElement\":[{\"@type\":\"ListItem\",\"position\":1,\"name\":\"In\u00edcio\",\"item\":\"https:\/\/jornalfatosenoticias.com.br\/\"},{\"@type\":\"ListItem\",\"position\":2,\"name\":\"Lula fala sobre per\u00edodo da pris\u00e3o: \u2018S\u00f3 vou ficar bem quando \u201cfud**\u201d com o Moro\u2019\"}]},{\"@type\":\"WebSite\",\"@id\":\"https:\/\/jornalfatosenoticias.com.br\/#website\",\"url\":\"https:\/\/jornalfatosenoticias.com.br\/\",\"name\":\"Jornal Fatos e Not\u00edcias\",\"description\":\"Not\u00edcias em geral\",\"publisher\":{\"@id\":\"https:\/\/jornalfatosenoticias.com.br\/#organization\"},\"potentialAction\":[{\"@type\":\"SearchAction\",\"target\":{\"@type\":\"EntryPoint\",\"urlTemplate\":\"https:\/\/jornalfatosenoticias.com.br\/?s={search_term_string}\"},\"query-input\":{\"@type\":\"PropertyValueSpecification\",\"valueRequired\":true,\"valueName\":\"search_term_string\"}}],\"inLanguage\":\"pt-BR\"},{\"@type\":\"Organization\",\"@id\":\"https:\/\/jornalfatosenoticias.com.br\/#organization\",\"name\":\"Jornal Fatos e Not\u00edcias\",\"url\":\"https:\/\/jornalfatosenoticias.com.br\/\",\"logo\":{\"@type\":\"ImageObject\",\"inLanguage\":\"pt-BR\",\"@id\":\"https:\/\/jornalfatosenoticias.com.br\/#\/schema\/logo\/image\/\",\"url\":\"https:\/\/jornalfatosenoticias.com.br\/wp-content\/uploads\/2020\/02\/logo120.png\",\"contentUrl\":\"https:\/\/jornalfatosenoticias.com.br\/wp-content\/uploads\/2020\/02\/logo120.png\",\"width\":1227,\"height\":120,\"caption\":\"Jornal Fatos e Not\u00edcias\"},\"image\":{\"@id\":\"https:\/\/jornalfatosenoticias.com.br\/#\/schema\/logo\/image\/\"}},{\"@type\":\"Person\",\"@id\":\"https:\/\/jornalfatosenoticias.com.br\/#\/schema\/person\/d63837fa13ac8666eb9e74e0985d6f81\",\"name\":\"Luzimara Fernandes\",\"image\":{\"@type\":\"ImageObject\",\"inLanguage\":\"pt-BR\",\"@id\":\"https:\/\/jornalfatosenoticias.com.br\/#\/schema\/person\/image\/\",\"url\":\"https:\/\/jornalfatosenoticias.com.br\/wp-content\/uploads\/2025\/05\/EU_portal.jpg\",\"contentUrl\":\"https:\/\/jornalfatosenoticias.com.br\/wp-content\/uploads\/2025\/05\/EU_portal.jpg\",\"caption\":\"Luzimara Fernandes\"},\"description\":\"Jornalista MTB 2358-ES\",\"sameAs\":[\"https:\/\/jornalfatosenoticias.com.br\"],\"url\":\"https:\/\/jornalfatosenoticias.com.br\/index.php\/author\/luzimara\/\"}]}<\/script>\n<!-- \/ Yoast SEO plugin. -->","yoast_head_json":{"title":"Lula fala sobre per\u00edodo da pris\u00e3o: \u2018S\u00f3 vou ficar bem quando \u201cfud**\u201d com o Moro\u2019 - Jornal Fatos e Not\u00edcias","robots":{"index":"index","follow":"follow","max-snippet":"max-snippet:-1","max-image-preview":"max-image-preview:large","max-video-preview":"max-video-preview:-1"},"canonical":"https:\/\/jornalfatosenoticias.com.br\/index.php\/2023\/03\/21\/lula-fala-sobre-periodo-da-prisao-so-vou-ficar-bem-quando-fud-com-o-moro\/","og_locale":"pt_BR","og_type":"article","og_title":"Lula fala sobre per\u00edodo da pris\u00e3o: \u2018S\u00f3 vou ficar bem quando \u201cfud**\u201d com o Moro\u2019 - Jornal Fatos e Not\u00edcias","og_description":"Declara\u00e7\u00e3o foi concedida nesta ter\u00e7a-feira (21) Ao falar sobre o per\u00edodo em que esteva na pris\u00e3o em Curitiba (PR), Luiz In\u00e1cio Lula da Silva, do PT, usou um palavr\u00e3o para se referir ao ex-juiz S\u00e9rgio Moro, atualmente senador pelo Uni\u00e3o Brasil. &#8220;De vez em quando um procurador entrava l\u00e1 (na cadeia) de s\u00e1bado, ou de [&hellip;]","og_url":"https:\/\/jornalfatosenoticias.com.br\/index.php\/2023\/03\/21\/lula-fala-sobre-periodo-da-prisao-so-vou-ficar-bem-quando-fud-com-o-moro\/","og_site_name":"Jornal Fatos e Not\u00edcias","article_published_time":"2023-03-21T17:42:35+00:00","article_modified_time":"2023-03-21T17:42:38+00:00","og_image":[{"width":1000,"height":606,"url":"https:\/\/jornalfatosenoticias.com.br\/wp-content\/uploads\/2023\/03\/nine_ladrao.jpg","type":"image\/jpeg"}],"author":"Luzimara Fernandes","twitter_card":"summary_large_image","twitter_misc":{"Escrito por":"Luzimara Fernandes","Est. tempo de leitura":"2 minutos"},"schema":{"@context":"https:\/\/schema.org","@graph":[{"@type":"Article","@id":"https:\/\/jornalfatosenoticias.com.br\/index.php\/2023\/03\/21\/lula-fala-sobre-periodo-da-prisao-so-vou-ficar-bem-quando-fud-com-o-moro\/#article","isPartOf":{"@id":"https:\/\/jornalfatosenoticias.com.br\/index.php\/2023\/03\/21\/lula-fala-sobre-periodo-da-prisao-so-vou-ficar-bem-quando-fud-com-o-moro\/"},"author":{"name":"Luzimara Fernandes","@id":"https:\/\/jornalfatosenoticias.com.br\/#\/schema\/person\/d63837fa13ac8666eb9e74e0985d6f81"},"headline":"Lula fala sobre per\u00edodo da pris\u00e3o: \u2018S\u00f3 vou ficar bem quando \u201cfud**\u201d com o Moro\u2019","datePublished":"2023-03-21T17:42:35+00:00","dateModified":"2023-03-21T17:42:38+00:00","mainEntityOfPage":{"@id":"https:\/\/jornalfatosenoticias.com.br\/index.php\/2023\/03\/21\/lula-fala-sobre-periodo-da-prisao-so-vou-ficar-bem-quando-fud-com-o-moro\/"},"wordCount":319,"commentCount":0,"publisher":{"@id":"https:\/\/jornalfatosenoticias.com.br\/#organization"},"image":{"@id":"https:\/\/jornalfatosenoticias.com.br\/index.php\/2023\/03\/21\/lula-fala-sobre-periodo-da-prisao-so-vou-ficar-bem-quando-fud-com-o-moro\/#primaryimage"},"thumbnailUrl":"https:\/\/jornalfatosenoticias.com.br\/wp-content\/uploads\/2023\/03\/nine_ladrao.jpg","keywords":["ira","Lula","m\u00e1scaras caindo","\u00f3dio","raiva","rancor","S\u00e9rgio Moro","vingan\u00e7a"],"articleSection":["Pol\u00edtica"],"inLanguage":"pt-BR","potentialAction":[{"@type":"CommentAction","name":"Comment","target":["https:\/\/jornalfatosenoticias.com.br\/index.php\/2023\/03\/21\/lula-fala-sobre-periodo-da-prisao-so-vou-ficar-bem-quando-fud-com-o-moro\/#respond"]}]},{"@type":"WebPage","@id":"https:\/\/jornalfatosenoticias.com.br\/index.php\/2023\/03\/21\/lula-fala-sobre-periodo-da-prisao-so-vou-ficar-bem-quando-fud-com-o-moro\/","url":"https:\/\/jornalfatosenoticias.com.br\/index.php\/2023\/03\/21\/lula-fala-sobre-periodo-da-prisao-so-vou-ficar-bem-quando-fud-com-o-moro\/","name":"Lula fala sobre per\u00edodo da pris\u00e3o: \u2018S\u00f3 vou ficar bem quando \u201cfud**\u201d com o Moro\u2019 - Jornal Fatos e Not\u00edcias","isPartOf":{"@id":"https:\/\/jornalfatosenoticias.com.br\/#website"},"primaryImageOfPage":{"@id":"https:\/\/jornalfatosenoticias.com.br\/index.php\/2023\/03\/21\/lula-fala-sobre-periodo-da-prisao-so-vou-ficar-bem-quando-fud-com-o-moro\/#primaryimage"},"image":{"@id":"https:\/\/jornalfatosenoticias.com.br\/index.php\/2023\/03\/21\/lula-fala-sobre-periodo-da-prisao-so-vou-ficar-bem-quando-fud-com-o-moro\/#primaryimage"},"thumbnailUrl":"https:\/\/jornalfatosenoticias.com.br\/wp-content\/uploads\/2023\/03\/nine_ladrao.jpg","datePublished":"2023-03-21T17:42:35+00:00","dateModified":"2023-03-21T17:42:38+00:00","breadcrumb":{"@id":"https:\/\/jornalfatosenoticias.com.br\/index.php\/2023\/03\/21\/lula-fala-sobre-periodo-da-prisao-so-vou-ficar-bem-quando-fud-com-o-moro\/#breadcrumb"},"inLanguage":"pt-BR","potentialAction":[{"@type":"ReadAction","target":["https:\/\/jornalfatosenoticias.com.br\/index.php\/2023\/03\/21\/lula-fala-sobre-periodo-da-prisao-so-vou-ficar-bem-quando-fud-com-o-moro\/"]}]},{"@type":"ImageObject","inLanguage":"pt-BR","@id":"https:\/\/jornalfatosenoticias.com.br\/index.php\/2023\/03\/21\/lula-fala-sobre-periodo-da-prisao-so-vou-ficar-bem-quando-fud-com-o-moro\/#primaryimage","url":"https:\/\/jornalfatosenoticias.com.br\/wp-content\/uploads\/2023\/03\/nine_ladrao.jpg","contentUrl":"https:\/\/jornalfatosenoticias.com.br\/wp-content\/uploads\/2023\/03\/nine_ladrao.jpg","width":1000,"height":606},{"@type":"BreadcrumbList","@id":"https:\/\/jornalfatosenoticias.com.br\/index.php\/2023\/03\/21\/lula-fala-sobre-periodo-da-prisao-so-vou-ficar-bem-quando-fud-com-o-moro\/#breadcrumb","itemListElement":[{"@type":"ListItem","position":1,"name":"In\u00edcio","item":"https:\/\/jornalfatosenoticias.com.br\/"},{"@type":"ListItem","position":2,"name":"Lula fala sobre per\u00edodo da pris\u00e3o: \u2018S\u00f3 vou ficar bem quando \u201cfud**\u201d com o Moro\u2019"}]},{"@type":"WebSite","@id":"https:\/\/jornalfatosenoticias.com.br\/#website","url":"https:\/\/jornalfatosenoticias.com.br\/","name":"Jornal Fatos e Not\u00edcias","description":"Not\u00edcias em geral","publisher":{"@id":"https:\/\/jornalfatosenoticias.com.br\/#organization"},"potentialAction":[{"@type":"SearchAction","target":{"@type":"EntryPoint","urlTemplate":"https:\/\/jornalfatosenoticias.com.br\/?s={search_term_string}"},"query-input":{"@type":"PropertyValueSpecification","valueRequired":true,"valueName":"search_term_string"}}],"inLanguage":"pt-BR"},{"@type":"Organization","@id":"https:\/\/jornalfatosenoticias.com.br\/#organization","name":"Jornal Fatos e Not\u00edcias","url":"https:\/\/jornalfatosenoticias.com.br\/","logo":{"@type":"ImageObject","inLanguage":"pt-BR","@id":"https:\/\/jornalfatosenoticias.com.br\/#\/schema\/logo\/image\/","url":"https:\/\/jornalfatosenoticias.com.br\/wp-content\/uploads\/2020\/02\/logo120.png","contentUrl":"https:\/\/jornalfatosenoticias.com.br\/wp-content\/uploads\/2020\/02\/logo120.png","width":1227,"height":120,"caption":"Jornal Fatos e Not\u00edcias"},"image":{"@id":"https:\/\/jornalfatosenoticias.com.br\/#\/schema\/logo\/image\/"}},{"@type":"Person","@id":"https:\/\/jornalfatosenoticias.com.br\/#\/schema\/person\/d63837fa13ac8666eb9e74e0985d6f81","name":"Luzimara Fernandes","image":{"@type":"ImageObject","inLanguage":"pt-BR","@id":"https:\/\/jornalfatosenoticias.com.br\/#\/schema\/person\/image\/","url":"https:\/\/jornalfatosenoticias.com.br\/wp-content\/uploads\/2025\/05\/EU_portal.jpg","contentUrl":"https:\/\/jornalfatosenoticias.com.br\/wp-content\/uploads\/2025\/05\/EU_portal.jpg","caption":"Luzimara Fernandes"},"description":"Jornalista MTB 2358-ES","sameAs":["https:\/\/jornalfatosenoticias.com.br"],"url":"https:\/\/jornalfatosenoticias.com.br\/index.php\/author\/luzimara\/"}]}},"cc_featured_image_caption":{"caption_text":"(Foto: Lula Marques\/ABr)","source_text":"","source_url":""},"jetpack_featured_media_url":"https:\/\/jornalfatosenoticias.com.br\/wp-content\/uploads\/2023\/03\/nine_ladrao.jpg","_links":{"self":[{"href":"https:\/\/jornalfatosenoticias.com.br\/index.php\/wp-json\/wp\/v2\/posts\/39851","targetHints":{"allow":["GET"]}}],"collection":[{"href":"https:\/\/jornalfatosenoticias.com.br\/index.php\/wp-json\/wp\/v2\/posts"}],"about":[{"href":"https:\/\/jornalfatosenoticias.com.br\/index.php\/wp-json\/wp\/v2\/types\/post"}],"author":[{"embeddable":true,"href":"https:\/\/jornalfatosenoticias.com.br\/index.php\/wp-json\/wp\/v2\/users\/2"}],"replies":[{"embeddable":true,"href":"https:\/\/jornalfatosenoticias.com.br\/index.php\/wp-json\/wp\/v2\/comments?post=39851"}],"version-history":[{"count":0,"href":"https:\/\/jornalfatosenoticias.com.br\/index.php\/wp-json\/wp\/v2\/posts\/39851\/revisions"}],"wp:featuredmedia":[{"embeddable":true,"href":"https:\/\/jornalfatosenoticias.com.br\/index.php\/wp-json\/wp\/v2\/media\/39852"}],"wp:attachment":[{"href":"https:\/\/jornalfatosenoticias.com.br\/index.php\/wp-json\/wp\/v2\/media?parent=39851"}],"wp:term":[{"taxonomy":"category","embeddable":true,"href":"https:\/\/jornalfatosenoticias.com.br\/index.php\/wp-json\/wp\/v2\/categories?post=39851"},{"taxonomy":"post_tag","embeddable":true,"href":"https:\/\/jornalfatosenoticias.com.br\/index.php\/wp-json\/wp\/v2\/tags?post=39851"}],"curies":[{"name":"wp","href":"https:\/\/api.w.org\/{rel}","templated":true}]}}