{"id":39871,"date":"2023-03-22T14:34:42","date_gmt":"2023-03-22T17:34:42","guid":{"rendered":"https:\/\/jornalfatosenoticias.com.br\/?p=39871"},"modified":"2023-03-22T14:34:43","modified_gmt":"2023-03-22T17:34:43","slug":"inspirado-em-coracao-sistema-gera-energia-com-ondas-do-mar","status":"publish","type":"post","link":"https:\/\/jornalfatosenoticias.com.br\/index.php\/2023\/03\/22\/inspirado-em-coracao-sistema-gera-energia-com-ondas-do-mar\/","title":{"rendered":"Inspirado em cora\u00e7\u00e3o, sistema gera energia com ondas do mar"},"content":{"rendered":"\n<p><em><span class=\"has-inline-color has-black-color\">Boias possuem mecanismo que \u201cbombeia\u201d \u00e1gua para gerar energia renov\u00e1vel<\/span><\/em><\/p>\n\n\n\n<div class=\"wp-block-image\"><figure class=\"aligncenter size-large\"><img loading=\"lazy\" decoding=\"async\" width=\"1024\" height=\"111\" src=\"https:\/\/jornalfatosenoticias.com.br\/wp-content\/uploads\/2020\/02\/WhatsApp-Image-2022-09-23-at-12.09.18-1024x111.jpeg\" alt=\"\" class=\"wp-image-34527\" srcset=\"https:\/\/jornalfatosenoticias.com.br\/wp-content\/uploads\/2020\/02\/WhatsApp-Image-2022-09-23-at-12.09.18-1024x111.jpeg 1024w, https:\/\/jornalfatosenoticias.com.br\/wp-content\/uploads\/2020\/02\/WhatsApp-Image-2022-09-23-at-12.09.18-300x32.jpeg 300w, https:\/\/jornalfatosenoticias.com.br\/wp-content\/uploads\/2020\/02\/WhatsApp-Image-2022-09-23-at-12.09.18-768x83.jpeg 768w, https:\/\/jornalfatosenoticias.com.br\/wp-content\/uploads\/2020\/02\/WhatsApp-Image-2022-09-23-at-12.09.18.jpeg 1121w\" sizes=\"auto, (max-width: 1024px) 100vw, 1024px\" \/><\/figure><\/div>\n\n\n\n<p>Garantir o acesso universal e a pre\u00e7os acess\u00edveis a servi\u00e7os de energia est\u00e1 entre os Objetivos de Desenvolvimento Sustent\u00e1vel da ONU para 2030. Um dos caminhos para alcan\u00e7ar este feito \u00e9 diversificando a matriz energ\u00e9tica e investindo em <a href=\"https:\/\/ciclovivo.com.br\/planeta\/energia\/bateria-de-areia-pode-armazenar-calor-de-fontes-renovaveis\/\" target=\"_blank\" rel=\"noreferrer noopener\">fontes renov\u00e1veis<\/a>. Neste sentido, a empresa sueca CorPower Ocean est\u00e1 apostando no desenvolvimento de uma tecnologia baseada na energia das ondas: o C4 (WEC).<\/p>\n\n\n\n<div class=\"wp-block-image\"><figure class=\"aligncenter size-large is-resized\"><img loading=\"lazy\" decoding=\"async\" src=\"https:\/\/jornalfatosenoticias.com.br\/wp-content\/uploads\/2022\/10\/Arte-jornal-Zucchi-600x600_Prancheta-1-1024x1024.jpg\" alt=\"\" class=\"wp-image-34782\" width=\"290\" height=\"290\" srcset=\"https:\/\/jornalfatosenoticias.com.br\/wp-content\/uploads\/2022\/10\/Arte-jornal-Zucchi-600x600_Prancheta-1-1024x1024.jpg 1024w, https:\/\/jornalfatosenoticias.com.br\/wp-content\/uploads\/2022\/10\/Arte-jornal-Zucchi-600x600_Prancheta-1-300x300.jpg 300w, https:\/\/jornalfatosenoticias.com.br\/wp-content\/uploads\/2022\/10\/Arte-jornal-Zucchi-600x600_Prancheta-1-150x150.jpg 150w, https:\/\/jornalfatosenoticias.com.br\/wp-content\/uploads\/2022\/10\/Arte-jornal-Zucchi-600x600_Prancheta-1-768x768.jpg 768w, https:\/\/jornalfatosenoticias.com.br\/wp-content\/uploads\/2022\/10\/Arte-jornal-Zucchi-600x600_Prancheta-1.jpg 1250w\" sizes=\"auto, (max-width: 290px) 100vw, 290px\" \/><\/figure><\/div>\n\n\n\n<p>O sistema consiste em um conversor que capta a energia das ondas e a transforma em eletricidade. Inspirado na mec\u00e2nica de bombeamento do cora\u00e7\u00e3o humano, a estrutura flutuante <a href=\"https:\/\/ciclovivo.com.br\/canal\/planeta\/energia\/\" target=\"_blank\" rel=\"noreferrer noopener\">energia<\/a>\u00a0em todas as dire\u00e7\u00f5es gra\u00e7as aos seus movimentos na superf\u00edcie da \u00e1gua. Um sistema de transmiss\u00e3o converte o movimento em eletricidade. Semelhante a uma boia, o dispositivo \u00e9 conectado ao\u00a0<a href=\"https:\/\/ciclovivo.com.br\/inovacao\/tecnologia\/bateria-oceanica-armazena-energia-renovavel-no-fundo-do-mar\/\" target=\"_blank\" rel=\"noreferrer noopener\">fundo do mar<\/a> por um sistema de amarra\u00e7\u00e3o de tensionada. Al\u00e9m disso, possui um design leve e de baixo custo.<\/p>\n\n\n\n<div class=\"wp-block-image\"><figure class=\"aligncenter size-large is-resized\"><img loading=\"lazy\" decoding=\"async\" src=\"https:\/\/jornalfatosenoticias.com.br\/wp-content\/uploads\/2021\/10\/LOGO-JUNTOS-SOS-ES-AMBIENTAL.jpg\" alt=\"\" class=\"wp-image-23922\" width=\"285\" height=\"264\"\/><\/figure><\/div>\n\n\n\n<div class=\"wp-block-image\"><figure class=\"aligncenter size-large\"><img loading=\"lazy\" decoding=\"async\" width=\"1000\" height=\"620\" src=\"https:\/\/jornalfatosenoticias.com.br\/wp-content\/uploads\/2023\/03\/energia-ondas-do-mar2.jpg\" alt=\"\" class=\"wp-image-39872\" srcset=\"https:\/\/jornalfatosenoticias.com.br\/wp-content\/uploads\/2023\/03\/energia-ondas-do-mar2.jpg 1000w, https:\/\/jornalfatosenoticias.com.br\/wp-content\/uploads\/2023\/03\/energia-ondas-do-mar2-300x186.jpg 300w, https:\/\/jornalfatosenoticias.com.br\/wp-content\/uploads\/2023\/03\/energia-ondas-do-mar2-768x476.jpg 768w\" sizes=\"auto, (max-width: 1000px) 100vw, 1000px\" \/><figcaption><em><span class=\"has-inline-color has-black-color\">Dispositivo de escala comercial se preparando para implanta\u00e7\u00e3o no oceano (Foto: CorPower Ocean\/Divulga\u00e7\u00e3o)<\/span><\/em><\/figcaption><\/figure><\/div>\n\n\n\n<blockquote class=\"wp-block-quote is-layout-flow wp-block-quote-is-layout-flow\"><p><span class=\"has-inline-color has-luminous-vivid-orange-color\">Nossos conversores de energia das ondas usam um sistema de pr\u00e9-tens\u00e3o para puxar a boia para baixo. Ondula\u00e7\u00f5es das ondas empurram a boia para cima, enquanto a press\u00e3o armazenada fornece for\u00e7a de retorno para impulsionar a boia para baixo. Isso resulta em uma produ\u00e7\u00e3o igual de energia em ambas as dire\u00e7\u00f5es\u201d, explica a empresa.<\/span><\/p><\/blockquote>\n\n\n\n<div class=\"wp-block-image\"><figure class=\"aligncenter size-large is-resized\"><img loading=\"lazy\" decoding=\"async\" src=\"https:\/\/jornalfatosenoticias.com.br\/wp-content\/uploads\/2022\/07\/Logo-Grupo-SEI.jpg\" alt=\"\" class=\"wp-image-31973\" width=\"322\" height=\"169\" srcset=\"https:\/\/jornalfatosenoticias.com.br\/wp-content\/uploads\/2022\/07\/Logo-Grupo-SEI.jpg 713w, https:\/\/jornalfatosenoticias.com.br\/wp-content\/uploads\/2022\/07\/Logo-Grupo-SEI-300x158.jpg 300w\" sizes=\"auto, (max-width: 322px) 100vw, 322px\" \/><\/figure><\/div>\n\n\n\n<p>O modelo \u00e9 inspirado em patentes do cardiologista sueco Stig Lundb\u00e4ck e sua pesquisa sobre bombeamento card\u00edaco e fun\u00e7\u00f5es de controle. Segundo o engenheiro e CEO da CorPower, Patrik M\u00f6ller, o modelo pode aproveitar todo o espectro de ondas, produzindo cinco vezes mais energia por tonelada do que qualquer outro sistema semelhante. Outra vantagem, segundo a companhia, \u00e9 que as estruturas compactas e leves s\u00e3o menos dispendiosas para transportar, instalar e fazer manuten\u00e7\u00e3o, reduzindo as despesas operacionais.<\/p>\n\n\n\n<div class=\"wp-block-image\"><figure class=\"aligncenter size-large is-resized\"><img loading=\"lazy\" decoding=\"async\" src=\"https:\/\/jornalfatosenoticias.com.br\/wp-content\/uploads\/2022\/10\/RC_800x750_page-0001.jpg\" alt=\"\" class=\"wp-image-35338\" width=\"260\" height=\"244\" srcset=\"https:\/\/jornalfatosenoticias.com.br\/wp-content\/uploads\/2022\/10\/RC_800x750_page-0001.jpg 400w, https:\/\/jornalfatosenoticias.com.br\/wp-content\/uploads\/2022\/10\/RC_800x750_page-0001-300x281.jpg 300w\" sizes=\"auto, (max-width: 260px) 100vw, 260px\" \/><\/figure><\/div>\n\n\n\n<p>Em agosto de 2022, a empresa finalizou, ap\u00f3s um ano, um programa rigoroso de testes da tecnologia em terra. O dispositivo C4 foi testado em condi\u00e7\u00f5es adversas, que representam v\u00e1rios locais oce\u00e2nicos ao redor do mundo, a fim de provar sua durabilidade e resist\u00eancia a cargas, vibra\u00e7\u00f5es e estresse t\u00e9rmico. A fase final mostrou-se favor\u00e1vel at\u00e9 mesmo em situa\u00e7\u00f5es de tempestade.<\/p>\n\n\n\n<div class=\"wp-block-image\"><figure class=\"aligncenter size-large\"><img decoding=\"async\" src=\"https:\/\/jornalfatosenoticias.com.br\/wp-content\/uploads\/2020\/02\/barao-das-carnes-300x164-1.jpg\" alt=\"\" class=\"wp-image-34339\"\/><\/figure><\/div>\n\n\n\n<p>Nos \u00faltimos anos, o dispositivo passou por diversos est\u00e1gios, o que incluiu testes no mar nas Ilhas Orkney, na Esc\u00f3cia, levando \u00e0 constru\u00e7\u00e3o do sistema C4 em escala comercial. Agora, est\u00e1 sendo preparado para instala\u00e7\u00e3o na costa de Agu\u00e7adoura, no norte de <a href=\"https:\/\/ciclovivo.com.br\/planeta\/meio-ambiente\/portugal-cria-a-maior-reserva-marinha-da-europa\/\" target=\"_blank\" rel=\"noreferrer noopener\">Portugal<\/a>.<\/p>\n\n\n\n<div class=\"wp-block-image\"><figure class=\"aligncenter size-large\"><img loading=\"lazy\" decoding=\"async\" width=\"1024\" height=\"110\" src=\"https:\/\/jornalfatosenoticias.com.br\/wp-content\/uploads\/2023\/03\/Crypton-1120-\u00d7-120-px-1-1024x110.png\" alt=\"\" class=\"wp-image-39211\" srcset=\"https:\/\/jornalfatosenoticias.com.br\/wp-content\/uploads\/2023\/03\/Crypton-1120-\u00d7-120-px-1-1024x110.png 1024w, https:\/\/jornalfatosenoticias.com.br\/wp-content\/uploads\/2023\/03\/Crypton-1120-\u00d7-120-px-1-300x32.png 300w, https:\/\/jornalfatosenoticias.com.br\/wp-content\/uploads\/2023\/03\/Crypton-1120-\u00d7-120-px-1-768x82.png 768w, https:\/\/jornalfatosenoticias.com.br\/wp-content\/uploads\/2023\/03\/Crypton-1120-\u00d7-120-px-1.png 1120w\" sizes=\"auto, (max-width: 1024px) 100vw, 1024px\" \/><\/figure><\/div>\n\n\n\n<div class=\"wp-block-image\"><figure class=\"aligncenter size-large\"><img loading=\"lazy\" decoding=\"async\" width=\"1000\" height=\"562\" src=\"https:\/\/jornalfatosenoticias.com.br\/wp-content\/uploads\/2023\/03\/energia-ondas-do-mar3.jpg\" alt=\"\" class=\"wp-image-39873\" srcset=\"https:\/\/jornalfatosenoticias.com.br\/wp-content\/uploads\/2023\/03\/energia-ondas-do-mar3.jpg 1000w, https:\/\/jornalfatosenoticias.com.br\/wp-content\/uploads\/2023\/03\/energia-ondas-do-mar3-300x169.jpg 300w, https:\/\/jornalfatosenoticias.com.br\/wp-content\/uploads\/2023\/03\/energia-ondas-do-mar3-768x432.jpg 768w\" sizes=\"auto, (max-width: 1000px) 100vw, 1000px\" \/><figcaption><em><span class=\"has-inline-color has-black-color\">V\u00e1rios m\u00f3dulos podem criar um sistema robusto de gera\u00e7\u00e3o energ\u00e9tica (Foto: CorPower Ocean\/Divulga\u00e7\u00e3o)<\/span><\/em><\/figcaption><\/figure><\/div>\n\n\n\n<p><strong><span class=\"has-inline-color has-vivid-purple-color\">Conceito modular<br><\/span><\/strong>Uma das apostas da empresa sueca \u00e9 investir em sistemas modulares, formado por v\u00e1rias unidades que podem ser dispostas lado a lado criando uma \u201cfazenda de ondas\u201d conectada \u00e0 rede. Em Portugal, por exemplo, a ideia \u00e9 que seja implantando um conjunto composto por quatro estruturas ao largo da costa. Apelidado de CorPack, essa modalidade, segundo a companhia, pode fornecer at\u00e9 tr\u00eas vezes mais pot\u00eancia por \u00e1rea ocupada em compara\u00e7\u00e3o com um <a href=\"https:\/\/ciclovivo.com.br\/planeta\/energia\/maior-parque-eolico-america-do-sul-piaui\/\" target=\"_blank\" rel=\"noreferrer noopener\">parque e\u00f3lico<\/a>\u00a0offshore tradicional.<\/p>\n\n\n\n<div class=\"wp-block-image\"><figure class=\"aligncenter size-large is-resized\"><img loading=\"lazy\" decoding=\"async\" src=\"https:\/\/jornalfatosenoticias.com.br\/wp-content\/uploads\/2020\/02\/casa-do-torresmo_portal.jpg\" alt=\"\" class=\"wp-image-34472\" width=\"277\" height=\"277\" srcset=\"https:\/\/jornalfatosenoticias.com.br\/wp-content\/uploads\/2020\/02\/casa-do-torresmo_portal.jpg 300w, https:\/\/jornalfatosenoticias.com.br\/wp-content\/uploads\/2020\/02\/casa-do-torresmo_portal-150x150.jpg 150w\" sizes=\"auto, (max-width: 277px) 100vw, 277px\" \/><\/figure><\/div>\n\n\n\n<blockquote class=\"wp-block-quote is-layout-flow wp-block-quote-is-layout-flow\"><p><span class=\"has-inline-color has-luminous-vivid-orange-color\">Um cluster de ondas \u2018CorPack\u2019 de 10MW consiste em 28 unidades WEC, 9m de di\u00e2metro com espa\u00e7amento de 150m, fornecendo alta pot\u00eancia por espa\u00e7o oce\u00e2nico\u201d, detalha a empresa.<\/span><\/p><\/blockquote>\n\n\n\n<div class=\"wp-block-image\"><figure class=\"aligncenter size-large is-resized\"><img loading=\"lazy\" decoding=\"async\" src=\"https:\/\/jornalfatosenoticias.com.br\/wp-content\/uploads\/2020\/02\/nova-logo-Marquetti.jpg\" alt=\"\" class=\"wp-image-22331\" width=\"293\" height=\"197\" srcset=\"https:\/\/jornalfatosenoticias.com.br\/wp-content\/uploads\/2020\/02\/nova-logo-Marquetti.jpg 643w, https:\/\/jornalfatosenoticias.com.br\/wp-content\/uploads\/2020\/02\/nova-logo-Marquetti-300x202.jpg 300w\" sizes=\"auto, (max-width: 293px) 100vw, 293px\" \/><\/figure><\/div>\n\n\n\n<p>Para o diretor de integra\u00e7\u00e3o e teste da CorPower Ocean, Jean-Michel Chauvet, esta nova tecnologia mostra o potencial da energia das ondas para trazer maior estabilidade ao sistema energ\u00e9tico global e um futuro alimentado inteiramente por energias renov\u00e1veis. Estes pontos s\u00e3o especialmente relevantes pelo fato de que, apesar das metas estabelecidas pelas ODSs, um <a href=\"https:\/\/brasil.un.org\/pt-br\/184580-relat%C3%B3rio-estima-que-8-da-popula%C3%A7%C3%A3o-n%C3%A3o-ter%C3%A1-acesso-%C3%A0-energia-em-2030\" target=\"_blank\" rel=\"noreferrer noopener\">relat\u00f3rio<\/a> produzido por ag\u00eancias da pr\u00f3pria ONU estima que cerca de 8% da popula\u00e7\u00e3o mundial, equivalente a 670 milh\u00f5es de pessoas, permanecer\u00e1 sem acesso \u00e0 eletricidade at\u00e9 2030.<\/p>\n\n\n\n<div class=\"wp-block-image\"><figure class=\"aligncenter size-large\"><img loading=\"lazy\" decoding=\"async\" width=\"300\" height=\"250\" src=\"https:\/\/jornalfatosenoticias.com.br\/wp-content\/uploads\/2022\/02\/Banner-2.png\" alt=\"\" class=\"wp-image-27877\"\/><\/figure><\/div>\n\n\n\n<p><strong><em>Fonte: <a href=\"https:\/\/ciclovivo.com.br\/planeta\/energia\/inspirado-em-coracao-sistema-gera-energia-com-ondas-do-mar\/\">CicloVivo<\/a><\/em><\/strong><\/p>\n","protected":false},"excerpt":{"rendered":"<p>Boias possuem mecanismo que \u201cbombeia\u201d \u00e1gua para gerar energia renov\u00e1vel Garantir o acesso universal e a pre\u00e7os acess\u00edveis a servi\u00e7os de energia est\u00e1 entre os Objetivos de Desenvolvimento Sustent\u00e1vel da ONU para 2030. Um dos caminhos para alcan\u00e7ar este feito \u00e9 diversificando a matriz energ\u00e9tica e investindo em fontes renov\u00e1veis. Neste sentido, a empresa sueca [&hellip;]<\/p>\n","protected":false},"author":2,"featured_media":39874,"comment_status":"open","ping_status":"open","sticky":false,"template":"","format":"standard","meta":{"footnotes":""},"categories":[3],"tags":[18662,18659,15710,18660,2938,18661],"class_list":["post-39871","post","type-post","status-publish","format-standard","has-post-thumbnail","hentry","category-tecnologia","tag-boias","tag-energia-das-ondas","tag-energia-eolica-offshore","tag-energia-mare","tag-energia-renovavel","tag-ondas-do-mar"],"yoast_head":"<!-- This site is optimized with the Yoast SEO plugin v26.5 - https:\/\/yoast.com\/wordpress\/plugins\/seo\/ -->\n<title>Inspirado em cora\u00e7\u00e3o, sistema gera energia com ondas do mar - Jornal Fatos e Not\u00edcias<\/title>\n<meta name=\"robots\" content=\"index, follow, max-snippet:-1, max-image-preview:large, max-video-preview:-1\" \/>\n<link rel=\"canonical\" href=\"https:\/\/jornalfatosenoticias.com.br\/index.php\/2023\/03\/22\/inspirado-em-coracao-sistema-gera-energia-com-ondas-do-mar\/\" \/>\n<meta property=\"og:locale\" content=\"pt_BR\" \/>\n<meta property=\"og:type\" content=\"article\" \/>\n<meta property=\"og:title\" content=\"Inspirado em cora\u00e7\u00e3o, sistema gera energia com ondas do mar - Jornal Fatos e Not\u00edcias\" \/>\n<meta property=\"og:description\" content=\"Boias possuem mecanismo que \u201cbombeia\u201d \u00e1gua para gerar energia renov\u00e1vel Garantir o acesso universal e a pre\u00e7os acess\u00edveis a servi\u00e7os de energia est\u00e1 entre os Objetivos de Desenvolvimento Sustent\u00e1vel da ONU para 2030. Um dos caminhos para alcan\u00e7ar este feito \u00e9 diversificando a matriz energ\u00e9tica e investindo em fontes renov\u00e1veis. Neste sentido, a empresa sueca [&hellip;]\" \/>\n<meta property=\"og:url\" content=\"https:\/\/jornalfatosenoticias.com.br\/index.php\/2023\/03\/22\/inspirado-em-coracao-sistema-gera-energia-com-ondas-do-mar\/\" \/>\n<meta property=\"og:site_name\" content=\"Jornal Fatos e Not\u00edcias\" \/>\n<meta property=\"article:published_time\" content=\"2023-03-22T17:34:42+00:00\" \/>\n<meta property=\"article:modified_time\" content=\"2023-03-22T17:34:43+00:00\" \/>\n<meta property=\"og:image\" content=\"https:\/\/jornalfatosenoticias.com.br\/wp-content\/uploads\/2023\/03\/energia-ondas-do-mar.jpg\" \/>\n\t<meta property=\"og:image:width\" content=\"1000\" \/>\n\t<meta property=\"og:image:height\" content=\"632\" \/>\n\t<meta property=\"og:image:type\" content=\"image\/jpeg\" \/>\n<meta name=\"author\" content=\"Luzimara Fernandes\" \/>\n<meta name=\"twitter:card\" content=\"summary_large_image\" \/>\n<meta name=\"twitter:label1\" content=\"Escrito por\" \/>\n\t<meta name=\"twitter:data1\" content=\"Luzimara Fernandes\" \/>\n\t<meta name=\"twitter:label2\" content=\"Est. tempo de leitura\" \/>\n\t<meta name=\"twitter:data2\" content=\"3 minutos\" \/>\n<script type=\"application\/ld+json\" class=\"yoast-schema-graph\">{\"@context\":\"https:\/\/schema.org\",\"@graph\":[{\"@type\":\"Article\",\"@id\":\"https:\/\/jornalfatosenoticias.com.br\/index.php\/2023\/03\/22\/inspirado-em-coracao-sistema-gera-energia-com-ondas-do-mar\/#article\",\"isPartOf\":{\"@id\":\"https:\/\/jornalfatosenoticias.com.br\/index.php\/2023\/03\/22\/inspirado-em-coracao-sistema-gera-energia-com-ondas-do-mar\/\"},\"author\":{\"name\":\"Luzimara Fernandes\",\"@id\":\"https:\/\/jornalfatosenoticias.com.br\/#\/schema\/person\/d63837fa13ac8666eb9e74e0985d6f81\"},\"headline\":\"Inspirado em cora\u00e7\u00e3o, sistema gera energia com ondas do mar\",\"datePublished\":\"2023-03-22T17:34:42+00:00\",\"dateModified\":\"2023-03-22T17:34:43+00:00\",\"mainEntityOfPage\":{\"@id\":\"https:\/\/jornalfatosenoticias.com.br\/index.php\/2023\/03\/22\/inspirado-em-coracao-sistema-gera-energia-com-ondas-do-mar\/\"},\"wordCount\":669,\"commentCount\":0,\"publisher\":{\"@id\":\"https:\/\/jornalfatosenoticias.com.br\/#organization\"},\"image\":{\"@id\":\"https:\/\/jornalfatosenoticias.com.br\/index.php\/2023\/03\/22\/inspirado-em-coracao-sistema-gera-energia-com-ondas-do-mar\/#primaryimage\"},\"thumbnailUrl\":\"https:\/\/jornalfatosenoticias.com.br\/wp-content\/uploads\/2023\/03\/energia-ondas-do-mar.jpg\",\"keywords\":[\"boias\",\"energia das ondas\",\"energia e\u00f3lica offshore\",\"energia mar\u00e9\",\"energia renov\u00e1vel\",\"ondas do mar\"],\"articleSection\":[\"Tecnologia &amp; Inova\u00e7\u00e3o\"],\"inLanguage\":\"pt-BR\",\"potentialAction\":[{\"@type\":\"CommentAction\",\"name\":\"Comment\",\"target\":[\"https:\/\/jornalfatosenoticias.com.br\/index.php\/2023\/03\/22\/inspirado-em-coracao-sistema-gera-energia-com-ondas-do-mar\/#respond\"]}]},{\"@type\":\"WebPage\",\"@id\":\"https:\/\/jornalfatosenoticias.com.br\/index.php\/2023\/03\/22\/inspirado-em-coracao-sistema-gera-energia-com-ondas-do-mar\/\",\"url\":\"https:\/\/jornalfatosenoticias.com.br\/index.php\/2023\/03\/22\/inspirado-em-coracao-sistema-gera-energia-com-ondas-do-mar\/\",\"name\":\"Inspirado em cora\u00e7\u00e3o, sistema gera energia com ondas do mar - Jornal Fatos e Not\u00edcias\",\"isPartOf\":{\"@id\":\"https:\/\/jornalfatosenoticias.com.br\/#website\"},\"primaryImageOfPage\":{\"@id\":\"https:\/\/jornalfatosenoticias.com.br\/index.php\/2023\/03\/22\/inspirado-em-coracao-sistema-gera-energia-com-ondas-do-mar\/#primaryimage\"},\"image\":{\"@id\":\"https:\/\/jornalfatosenoticias.com.br\/index.php\/2023\/03\/22\/inspirado-em-coracao-sistema-gera-energia-com-ondas-do-mar\/#primaryimage\"},\"thumbnailUrl\":\"https:\/\/jornalfatosenoticias.com.br\/wp-content\/uploads\/2023\/03\/energia-ondas-do-mar.jpg\",\"datePublished\":\"2023-03-22T17:34:42+00:00\",\"dateModified\":\"2023-03-22T17:34:43+00:00\",\"breadcrumb\":{\"@id\":\"https:\/\/jornalfatosenoticias.com.br\/index.php\/2023\/03\/22\/inspirado-em-coracao-sistema-gera-energia-com-ondas-do-mar\/#breadcrumb\"},\"inLanguage\":\"pt-BR\",\"potentialAction\":[{\"@type\":\"ReadAction\",\"target\":[\"https:\/\/jornalfatosenoticias.com.br\/index.php\/2023\/03\/22\/inspirado-em-coracao-sistema-gera-energia-com-ondas-do-mar\/\"]}]},{\"@type\":\"ImageObject\",\"inLanguage\":\"pt-BR\",\"@id\":\"https:\/\/jornalfatosenoticias.com.br\/index.php\/2023\/03\/22\/inspirado-em-coracao-sistema-gera-energia-com-ondas-do-mar\/#primaryimage\",\"url\":\"https:\/\/jornalfatosenoticias.com.br\/wp-content\/uploads\/2023\/03\/energia-ondas-do-mar.jpg\",\"contentUrl\":\"https:\/\/jornalfatosenoticias.com.br\/wp-content\/uploads\/2023\/03\/energia-ondas-do-mar.jpg\",\"width\":1000,\"height\":632},{\"@type\":\"BreadcrumbList\",\"@id\":\"https:\/\/jornalfatosenoticias.com.br\/index.php\/2023\/03\/22\/inspirado-em-coracao-sistema-gera-energia-com-ondas-do-mar\/#breadcrumb\",\"itemListElement\":[{\"@type\":\"ListItem\",\"position\":1,\"name\":\"In\u00edcio\",\"item\":\"https:\/\/jornalfatosenoticias.com.br\/\"},{\"@type\":\"ListItem\",\"position\":2,\"name\":\"Inspirado em cora\u00e7\u00e3o, sistema gera energia com ondas do mar\"}]},{\"@type\":\"WebSite\",\"@id\":\"https:\/\/jornalfatosenoticias.com.br\/#website\",\"url\":\"https:\/\/jornalfatosenoticias.com.br\/\",\"name\":\"Jornal Fatos e Not\u00edcias\",\"description\":\"Not\u00edcias em geral\",\"publisher\":{\"@id\":\"https:\/\/jornalfatosenoticias.com.br\/#organization\"},\"potentialAction\":[{\"@type\":\"SearchAction\",\"target\":{\"@type\":\"EntryPoint\",\"urlTemplate\":\"https:\/\/jornalfatosenoticias.com.br\/?s={search_term_string}\"},\"query-input\":{\"@type\":\"PropertyValueSpecification\",\"valueRequired\":true,\"valueName\":\"search_term_string\"}}],\"inLanguage\":\"pt-BR\"},{\"@type\":\"Organization\",\"@id\":\"https:\/\/jornalfatosenoticias.com.br\/#organization\",\"name\":\"Jornal Fatos e Not\u00edcias\",\"url\":\"https:\/\/jornalfatosenoticias.com.br\/\",\"logo\":{\"@type\":\"ImageObject\",\"inLanguage\":\"pt-BR\",\"@id\":\"https:\/\/jornalfatosenoticias.com.br\/#\/schema\/logo\/image\/\",\"url\":\"https:\/\/jornalfatosenoticias.com.br\/wp-content\/uploads\/2020\/02\/logo120.png\",\"contentUrl\":\"https:\/\/jornalfatosenoticias.com.br\/wp-content\/uploads\/2020\/02\/logo120.png\",\"width\":1227,\"height\":120,\"caption\":\"Jornal Fatos e Not\u00edcias\"},\"image\":{\"@id\":\"https:\/\/jornalfatosenoticias.com.br\/#\/schema\/logo\/image\/\"}},{\"@type\":\"Person\",\"@id\":\"https:\/\/jornalfatosenoticias.com.br\/#\/schema\/person\/d63837fa13ac8666eb9e74e0985d6f81\",\"name\":\"Luzimara Fernandes\",\"image\":{\"@type\":\"ImageObject\",\"inLanguage\":\"pt-BR\",\"@id\":\"https:\/\/jornalfatosenoticias.com.br\/#\/schema\/person\/image\/\",\"url\":\"https:\/\/jornalfatosenoticias.com.br\/wp-content\/uploads\/2025\/05\/EU_portal.jpg\",\"contentUrl\":\"https:\/\/jornalfatosenoticias.com.br\/wp-content\/uploads\/2025\/05\/EU_portal.jpg\",\"caption\":\"Luzimara Fernandes\"},\"description\":\"Jornalista MTB 2358-ES\",\"sameAs\":[\"https:\/\/jornalfatosenoticias.com.br\"],\"url\":\"https:\/\/jornalfatosenoticias.com.br\/index.php\/author\/luzimara\/\"}]}<\/script>\n<!-- \/ Yoast SEO plugin. -->","yoast_head_json":{"title":"Inspirado em cora\u00e7\u00e3o, sistema gera energia com ondas do mar - Jornal Fatos e Not\u00edcias","robots":{"index":"index","follow":"follow","max-snippet":"max-snippet:-1","max-image-preview":"max-image-preview:large","max-video-preview":"max-video-preview:-1"},"canonical":"https:\/\/jornalfatosenoticias.com.br\/index.php\/2023\/03\/22\/inspirado-em-coracao-sistema-gera-energia-com-ondas-do-mar\/","og_locale":"pt_BR","og_type":"article","og_title":"Inspirado em cora\u00e7\u00e3o, sistema gera energia com ondas do mar - Jornal Fatos e Not\u00edcias","og_description":"Boias possuem mecanismo que \u201cbombeia\u201d \u00e1gua para gerar energia renov\u00e1vel Garantir o acesso universal e a pre\u00e7os acess\u00edveis a servi\u00e7os de energia est\u00e1 entre os Objetivos de Desenvolvimento Sustent\u00e1vel da ONU para 2030. Um dos caminhos para alcan\u00e7ar este feito \u00e9 diversificando a matriz energ\u00e9tica e investindo em fontes renov\u00e1veis. Neste sentido, a empresa sueca [&hellip;]","og_url":"https:\/\/jornalfatosenoticias.com.br\/index.php\/2023\/03\/22\/inspirado-em-coracao-sistema-gera-energia-com-ondas-do-mar\/","og_site_name":"Jornal Fatos e Not\u00edcias","article_published_time":"2023-03-22T17:34:42+00:00","article_modified_time":"2023-03-22T17:34:43+00:00","og_image":[{"width":1000,"height":632,"url":"https:\/\/jornalfatosenoticias.com.br\/wp-content\/uploads\/2023\/03\/energia-ondas-do-mar.jpg","type":"image\/jpeg"}],"author":"Luzimara Fernandes","twitter_card":"summary_large_image","twitter_misc":{"Escrito por":"Luzimara Fernandes","Est. tempo de leitura":"3 minutos"},"schema":{"@context":"https:\/\/schema.org","@graph":[{"@type":"Article","@id":"https:\/\/jornalfatosenoticias.com.br\/index.php\/2023\/03\/22\/inspirado-em-coracao-sistema-gera-energia-com-ondas-do-mar\/#article","isPartOf":{"@id":"https:\/\/jornalfatosenoticias.com.br\/index.php\/2023\/03\/22\/inspirado-em-coracao-sistema-gera-energia-com-ondas-do-mar\/"},"author":{"name":"Luzimara Fernandes","@id":"https:\/\/jornalfatosenoticias.com.br\/#\/schema\/person\/d63837fa13ac8666eb9e74e0985d6f81"},"headline":"Inspirado em cora\u00e7\u00e3o, sistema gera energia com ondas do mar","datePublished":"2023-03-22T17:34:42+00:00","dateModified":"2023-03-22T17:34:43+00:00","mainEntityOfPage":{"@id":"https:\/\/jornalfatosenoticias.com.br\/index.php\/2023\/03\/22\/inspirado-em-coracao-sistema-gera-energia-com-ondas-do-mar\/"},"wordCount":669,"commentCount":0,"publisher":{"@id":"https:\/\/jornalfatosenoticias.com.br\/#organization"},"image":{"@id":"https:\/\/jornalfatosenoticias.com.br\/index.php\/2023\/03\/22\/inspirado-em-coracao-sistema-gera-energia-com-ondas-do-mar\/#primaryimage"},"thumbnailUrl":"https:\/\/jornalfatosenoticias.com.br\/wp-content\/uploads\/2023\/03\/energia-ondas-do-mar.jpg","keywords":["boias","energia das ondas","energia e\u00f3lica offshore","energia mar\u00e9","energia renov\u00e1vel","ondas do mar"],"articleSection":["Tecnologia &amp; Inova\u00e7\u00e3o"],"inLanguage":"pt-BR","potentialAction":[{"@type":"CommentAction","name":"Comment","target":["https:\/\/jornalfatosenoticias.com.br\/index.php\/2023\/03\/22\/inspirado-em-coracao-sistema-gera-energia-com-ondas-do-mar\/#respond"]}]},{"@type":"WebPage","@id":"https:\/\/jornalfatosenoticias.com.br\/index.php\/2023\/03\/22\/inspirado-em-coracao-sistema-gera-energia-com-ondas-do-mar\/","url":"https:\/\/jornalfatosenoticias.com.br\/index.php\/2023\/03\/22\/inspirado-em-coracao-sistema-gera-energia-com-ondas-do-mar\/","name":"Inspirado em cora\u00e7\u00e3o, sistema gera energia com ondas do mar - Jornal Fatos e Not\u00edcias","isPartOf":{"@id":"https:\/\/jornalfatosenoticias.com.br\/#website"},"primaryImageOfPage":{"@id":"https:\/\/jornalfatosenoticias.com.br\/index.php\/2023\/03\/22\/inspirado-em-coracao-sistema-gera-energia-com-ondas-do-mar\/#primaryimage"},"image":{"@id":"https:\/\/jornalfatosenoticias.com.br\/index.php\/2023\/03\/22\/inspirado-em-coracao-sistema-gera-energia-com-ondas-do-mar\/#primaryimage"},"thumbnailUrl":"https:\/\/jornalfatosenoticias.com.br\/wp-content\/uploads\/2023\/03\/energia-ondas-do-mar.jpg","datePublished":"2023-03-22T17:34:42+00:00","dateModified":"2023-03-22T17:34:43+00:00","breadcrumb":{"@id":"https:\/\/jornalfatosenoticias.com.br\/index.php\/2023\/03\/22\/inspirado-em-coracao-sistema-gera-energia-com-ondas-do-mar\/#breadcrumb"},"inLanguage":"pt-BR","potentialAction":[{"@type":"ReadAction","target":["https:\/\/jornalfatosenoticias.com.br\/index.php\/2023\/03\/22\/inspirado-em-coracao-sistema-gera-energia-com-ondas-do-mar\/"]}]},{"@type":"ImageObject","inLanguage":"pt-BR","@id":"https:\/\/jornalfatosenoticias.com.br\/index.php\/2023\/03\/22\/inspirado-em-coracao-sistema-gera-energia-com-ondas-do-mar\/#primaryimage","url":"https:\/\/jornalfatosenoticias.com.br\/wp-content\/uploads\/2023\/03\/energia-ondas-do-mar.jpg","contentUrl":"https:\/\/jornalfatosenoticias.com.br\/wp-content\/uploads\/2023\/03\/energia-ondas-do-mar.jpg","width":1000,"height":632},{"@type":"BreadcrumbList","@id":"https:\/\/jornalfatosenoticias.com.br\/index.php\/2023\/03\/22\/inspirado-em-coracao-sistema-gera-energia-com-ondas-do-mar\/#breadcrumb","itemListElement":[{"@type":"ListItem","position":1,"name":"In\u00edcio","item":"https:\/\/jornalfatosenoticias.com.br\/"},{"@type":"ListItem","position":2,"name":"Inspirado em cora\u00e7\u00e3o, sistema gera energia com ondas do mar"}]},{"@type":"WebSite","@id":"https:\/\/jornalfatosenoticias.com.br\/#website","url":"https:\/\/jornalfatosenoticias.com.br\/","name":"Jornal Fatos e Not\u00edcias","description":"Not\u00edcias em geral","publisher":{"@id":"https:\/\/jornalfatosenoticias.com.br\/#organization"},"potentialAction":[{"@type":"SearchAction","target":{"@type":"EntryPoint","urlTemplate":"https:\/\/jornalfatosenoticias.com.br\/?s={search_term_string}"},"query-input":{"@type":"PropertyValueSpecification","valueRequired":true,"valueName":"search_term_string"}}],"inLanguage":"pt-BR"},{"@type":"Organization","@id":"https:\/\/jornalfatosenoticias.com.br\/#organization","name":"Jornal Fatos e Not\u00edcias","url":"https:\/\/jornalfatosenoticias.com.br\/","logo":{"@type":"ImageObject","inLanguage":"pt-BR","@id":"https:\/\/jornalfatosenoticias.com.br\/#\/schema\/logo\/image\/","url":"https:\/\/jornalfatosenoticias.com.br\/wp-content\/uploads\/2020\/02\/logo120.png","contentUrl":"https:\/\/jornalfatosenoticias.com.br\/wp-content\/uploads\/2020\/02\/logo120.png","width":1227,"height":120,"caption":"Jornal Fatos e Not\u00edcias"},"image":{"@id":"https:\/\/jornalfatosenoticias.com.br\/#\/schema\/logo\/image\/"}},{"@type":"Person","@id":"https:\/\/jornalfatosenoticias.com.br\/#\/schema\/person\/d63837fa13ac8666eb9e74e0985d6f81","name":"Luzimara Fernandes","image":{"@type":"ImageObject","inLanguage":"pt-BR","@id":"https:\/\/jornalfatosenoticias.com.br\/#\/schema\/person\/image\/","url":"https:\/\/jornalfatosenoticias.com.br\/wp-content\/uploads\/2025\/05\/EU_portal.jpg","contentUrl":"https:\/\/jornalfatosenoticias.com.br\/wp-content\/uploads\/2025\/05\/EU_portal.jpg","caption":"Luzimara Fernandes"},"description":"Jornalista MTB 2358-ES","sameAs":["https:\/\/jornalfatosenoticias.com.br"],"url":"https:\/\/jornalfatosenoticias.com.br\/index.php\/author\/luzimara\/"}]}},"cc_featured_image_caption":{"caption_text":"(Foto: CorPower Ocean\/Divulga\u00e7\u00e3o)","source_text":"","source_url":""},"jetpack_featured_media_url":"https:\/\/jornalfatosenoticias.com.br\/wp-content\/uploads\/2023\/03\/energia-ondas-do-mar.jpg","_links":{"self":[{"href":"https:\/\/jornalfatosenoticias.com.br\/index.php\/wp-json\/wp\/v2\/posts\/39871","targetHints":{"allow":["GET"]}}],"collection":[{"href":"https:\/\/jornalfatosenoticias.com.br\/index.php\/wp-json\/wp\/v2\/posts"}],"about":[{"href":"https:\/\/jornalfatosenoticias.com.br\/index.php\/wp-json\/wp\/v2\/types\/post"}],"author":[{"embeddable":true,"href":"https:\/\/jornalfatosenoticias.com.br\/index.php\/wp-json\/wp\/v2\/users\/2"}],"replies":[{"embeddable":true,"href":"https:\/\/jornalfatosenoticias.com.br\/index.php\/wp-json\/wp\/v2\/comments?post=39871"}],"version-history":[{"count":0,"href":"https:\/\/jornalfatosenoticias.com.br\/index.php\/wp-json\/wp\/v2\/posts\/39871\/revisions"}],"wp:featuredmedia":[{"embeddable":true,"href":"https:\/\/jornalfatosenoticias.com.br\/index.php\/wp-json\/wp\/v2\/media\/39874"}],"wp:attachment":[{"href":"https:\/\/jornalfatosenoticias.com.br\/index.php\/wp-json\/wp\/v2\/media?parent=39871"}],"wp:term":[{"taxonomy":"category","embeddable":true,"href":"https:\/\/jornalfatosenoticias.com.br\/index.php\/wp-json\/wp\/v2\/categories?post=39871"},{"taxonomy":"post_tag","embeddable":true,"href":"https:\/\/jornalfatosenoticias.com.br\/index.php\/wp-json\/wp\/v2\/tags?post=39871"}],"curies":[{"name":"wp","href":"https:\/\/api.w.org\/{rel}","templated":true}]}}