{"id":39876,"date":"2023-03-22T14:48:36","date_gmt":"2023-03-22T17:48:36","guid":{"rendered":"https:\/\/jornalfatosenoticias.com.br\/?p=39876"},"modified":"2023-03-22T14:48:37","modified_gmt":"2023-03-22T17:48:37","slug":"obesidade-e-doenca-entenda-a-visao-da-ciencia-sobre-o-assunto","status":"publish","type":"post","link":"https:\/\/jornalfatosenoticias.com.br\/index.php\/2023\/03\/22\/obesidade-e-doenca-entenda-a-visao-da-ciencia-sobre-o-assunto\/","title":{"rendered":"Obesidade \u00e9 doen\u00e7a? Entenda a vis\u00e3o da ci\u00eancia sobre o assunto"},"content":{"rendered":"\n<p><em><span class=\"has-inline-color has-black-color\">A incid\u00eancia da obesidade vem aumentando no Brasil e no mundo, o que tem colocado as autoridades de sa\u00fade em alerta<\/span><\/em><\/p>\n\n\n\n<div class=\"wp-block-image\"><figure class=\"aligncenter size-large is-resized\"><img loading=\"lazy\" decoding=\"async\" src=\"https:\/\/jornalfatosenoticias.com.br\/wp-content\/uploads\/2023\/03\/logo_Juliana-Graca.jpg\" alt=\"\" class=\"wp-image-39283\" width=\"274\" height=\"203\"\/><\/figure><\/div>\n\n\n\n<p>O Dia Mundial da Obesidade \u00e9 uma campanha global que busca alertar as na\u00e7\u00f5es sobre os riscos do excesso de peso entre a popula\u00e7\u00e3o. Segundo a Organiza\u00e7\u00e3o Mundial da Sa\u00fade, (OMS), mais de um bilh\u00e3o de pessoas no mundo s\u00e3o obesas \u2014 650 milh\u00f5es de adultos, 340 milh\u00f5es de adolescentes e 39 milh\u00f5es de crian\u00e7as. E esses n\u00fameros tendem a aumentar.<\/p>\n\n\n\n<div class=\"wp-block-image\"><figure class=\"aligncenter size-large\"><img loading=\"lazy\" decoding=\"async\" width=\"729\" height=\"90\" src=\"https:\/\/jornalfatosenoticias.com.br\/wp-content\/uploads\/2020\/02\/Logo_Mizu.png\" alt=\"\" class=\"wp-image-1441\" srcset=\"https:\/\/jornalfatosenoticias.com.br\/wp-content\/uploads\/2020\/02\/Logo_Mizu.png 729w, https:\/\/jornalfatosenoticias.com.br\/wp-content\/uploads\/2020\/02\/Logo_Mizu-300x37.png 300w\" sizes=\"auto, (max-width: 729px) 100vw, 729px\" \/><\/figure><\/div>\n\n\n\n<p>A obesidade \u00e9 uma doen\u00e7a cr\u00f4nica, definida pela OMS como o ac\u00famulo anormal ou excessivo de gordura no corpo. Segundo o Minist\u00e9rio da Sa\u00fade, a preval\u00eancia de obesidade tem aumentado de maneira epid\u00eamica em todas as faixas et\u00e1rias nas \u00faltimas quatro d\u00e9cadas. Atualmente, a condi\u00e7\u00e3o representa um grande problema de sa\u00fade p\u00fablica no mundo. A OMS estima que, at\u00e9 2025, aproximadamente 167 milh\u00f5es de pessoas \u2014 adultos e crian\u00e7as \u2014 ficar\u00e3o menos saud\u00e1veis por estarem acima do peso ou obesas.<\/p>\n\n\n\n<div class=\"wp-block-image\"><figure class=\"aligncenter size-large\"><img decoding=\"async\" src=\"https:\/\/jornalfatosenoticias.com.br\/wp-content\/uploads\/2020\/02\/logo_esteio.jpg\" alt=\"\" class=\"wp-image-1214\"\/><\/figure><\/div>\n\n\n\n<blockquote class=\"wp-block-quote is-layout-flow wp-block-quote-is-layout-flow\"><p><span class=\"has-inline-color has-luminous-vivid-orange-color\">A obesidade \u00e9 uma doen\u00e7a cr\u00f4nica caracterizada pelo ac\u00famulo excessivo de gordura corporal. Define-se um indiv\u00edduo como obeso quando este apresenta \u00edndice de massa corporal (IMC) maior que 30. As principais causas para esse problema incluem uma alimenta\u00e7\u00e3o desbalanceada, principalmente rica em a\u00e7\u00facar e gorduras, e o sedentarismo\u201d, explica a Dra. Marcella Garcez, m\u00e9dica nutr\u00f3loga e professora da Associa\u00e7\u00e3o Brasileira de Nutrologia (Abran).<\/span><\/p><\/blockquote>\n\n\n\n<div class=\"wp-block-image\"><figure class=\"aligncenter size-large is-resized\"><img loading=\"lazy\" decoding=\"async\" src=\"https:\/\/jornalfatosenoticias.com.br\/wp-content\/uploads\/2020\/02\/logo-embacia.jpg\" alt=\"\" class=\"wp-image-33905\" width=\"265\" height=\"265\"\/><\/figure><\/div>\n\n\n\n<p>A obesidade pode ser resultado de diversos fatores, que englobam diferentes dimens\u00f5es: biol\u00f3gica, social, cultural, comportamental, de <a href=\"https:\/\/www.saudeemdia.com.br\/noticias\/a-saude-do-coracao-depende-do-bem-estar-do-intestino-entenda.phtml\">sa\u00fade<\/a> p\u00fablica e pol\u00edtica. O Minist\u00e9rio da Sa\u00fade destaca que os fatores gen\u00e9ticos, hormonais e relacionados ao ambiente em que estamos inseridos s\u00e3o exemplos daquilo que n\u00e3o est\u00e1 sob nosso controle. Portanto, perder peso se torna um verdadeiro desafio para pessoas que vivem com excesso.<\/p>\n\n\n\n<div class=\"wp-block-image\"><figure class=\"aligncenter size-large\"><img loading=\"lazy\" decoding=\"async\" width=\"300\" height=\"250\" src=\"https:\/\/jornalfatosenoticias.com.br\/wp-content\/uploads\/2022\/02\/FERRARI_MAQUINAS-E-FERRAMENTAS2.jpg\" alt=\"\" class=\"wp-image-27860\"\/><\/figure><\/div>\n\n\n\n<p>Al\u00e9m disso, a condi\u00e7\u00e3o est\u00e1 associada ao aumento do risco para outras doen\u00e7as como as do cora\u00e7\u00e3o, diabetes, hipertens\u00e3o arterial sist\u00eamica, doen\u00e7a do f\u00edgado e diversos tipos de c\u00e2ncer. Os pacientes tamb\u00e9m podem enfrentar problemas renais, asma, agravamento da covid-19, dores nas articula\u00e7\u00f5es, entre outras, reduzindo a qualidade e a expectativa de vida.<\/p>\n\n\n\n<div class=\"wp-block-image\"><figure class=\"aligncenter size-large is-resized\"><img loading=\"lazy\" decoding=\"async\" src=\"https:\/\/jornalfatosenoticias.com.br\/wp-content\/uploads\/2022\/08\/logo-locau-veiculos-1024x573.png\" alt=\"\" class=\"wp-image-33078\" width=\"287\" height=\"160\"\/><\/figure><\/div>\n\n\n\n<p><strong><span class=\"has-inline-color has-vivid-cyan-blue-color\">Excesso de peso em n\u00fameros no Brasil<br><\/span><\/strong>De acordo com a Pesquisa Nacional de Sa\u00fade (PNS, 2020), atualmente <strong>mais da metade dos adultos apresentam excesso de peso<\/strong> (60,3%, o que representa 96 milh\u00f5es de pessoas), com preval\u00eancia maior no p\u00fablico feminino (62,6%) do que no masculino (57,5%). J\u00e1 a condi\u00e7\u00e3o de obesidade atinge 25,9% da popula\u00e7\u00e3o, alcan\u00e7ando 41,2 milh\u00f5es de adultos.<\/p>\n\n\n\n<div class=\"wp-block-image\"><figure class=\"aligncenter size-large\"><img loading=\"lazy\" decoding=\"async\" width=\"300\" height=\"250\" src=\"https:\/\/jornalfatosenoticias.com.br\/wp-content\/uploads\/2022\/08\/arte-Casarao.jpg\" alt=\"\" class=\"wp-image-33178\"\/><\/figure><\/div>\n\n\n\n<p>E, em 2020, das crian\u00e7as acompanhadas na Aten\u00e7\u00e3o Prim\u00e1ria \u00e0 Sa\u00fade (APS) do SUS, 15,9% dos menores de cinco anos e<strong> 31,7% das crian\u00e7as entre cinco e nove anos tinham excesso de peso,<\/strong> e dessas, 7,4% e 15,8%, respectivamente, apresentavam obesidade segundo \u00cdndice de Massa Corporal (IMC) para idade.<\/p>\n\n\n\n<div class=\"wp-block-image\"><figure class=\"aligncenter size-large is-resized\"><img loading=\"lazy\" decoding=\"async\" src=\"https:\/\/jornalfatosenoticias.com.br\/wp-content\/uploads\/2022\/02\/Precisao-Contabilidade-1024x724.jpg\" alt=\"\" class=\"wp-image-28088\" width=\"320\" height=\"226\"\/><\/figure><\/div>\n\n\n\n<p>Quanto aos adolescentes acompanhados na APS em 2020, 31,8% e 11,9% apresentavam excesso de peso e obesidade, respectivamente. Considerando todas as crian\u00e7as brasileiras menores de 10 anos, estima-se que cerca de 6,4 milh\u00f5es tenham excesso de peso e 3,1 milh\u00f5es tenham obesidade. E considerando todos os adolescentes brasileiros, estima-se que cerca de 11 milh\u00f5es tenham excesso de peso e 4,1 milh\u00f5es tenham obesidade.<\/p>\n\n\n\n<div class=\"wp-block-image\"><figure class=\"aligncenter size-large\"><img decoding=\"async\" src=\"https:\/\/jornalfatosenoticias.com.br\/wp-content\/uploads\/2020\/02\/Logomarca-Principal.gif\" alt=\"\" class=\"wp-image-7872\"\/><\/figure><\/div>\n\n\n\n<p><strong><span class=\"has-inline-color has-vivid-cyan-blue-color\">Vencendo a obesidade<br><\/span><\/strong>Devido \u00e0s causas multifatoriais da obesidade, \u00e9 necess\u00e1ria a implementa\u00e7\u00e3o de <strong>pol\u00edticas p\u00fablicas<\/strong> para combater o problema. Para os pacientes com obesidade, o Minist\u00e9rio da Sa\u00fade recomenda um <strong>tratamento<\/strong> <strong>multidisciplinar,<\/strong> com abordagens individuais. No processo de cuidado, devem ser considerados os determinantes e condicionantes do sobrepeso e da obesidade, sem culpabiliza\u00e7\u00e3o, estigmatiza\u00e7\u00e3o e discrimina\u00e7\u00e3o da pessoa ou sua fam\u00edlia.<\/p>\n\n\n\n<div class=\"wp-block-image\"><figure class=\"aligncenter size-large is-resized\"><img loading=\"lazy\" decoding=\"async\" src=\"https:\/\/jornalfatosenoticias.com.br\/wp-content\/uploads\/2021\/10\/LOGO-JUNTOS-SOS-ES-AMBIENTAL.jpg\" alt=\"\" class=\"wp-image-23922\" width=\"241\" height=\"223\"\/><\/figure><\/div>\n\n\n\n<p>Para quem deseja perder peso, a Marcella indica adotar uma <strong>alimenta\u00e7\u00e3o saud\u00e1vel<\/strong>\u00a0e balanceada. Tamb\u00e9m \u00e9 imprescind\u00edvel iniciar a pr\u00e1tica de\u00a0<a href=\"https:\/\/sportlife.com.br\/projeto-verao-3-exercicios-para-manter-a-atividade-fisica-o-ano-todo\/\"><strong>atividade f\u00edsica<\/strong><\/a> \u2014 principalmente porque essa \u00e9 uma boa maneira de afastar os diversos problemas de sa\u00fade que o sobrepeso pode causar. Al\u00e9m disso, a nutr\u00f3loga recomenda buscar ajuda de um especialista para ter <strong>acompanhamento m\u00e9dico.<\/strong><\/p>\n\n\n\n<div class=\"wp-block-image\"><figure class=\"aligncenter size-large is-resized\"><img loading=\"lazy\" decoding=\"async\" src=\"https:\/\/jornalfatosenoticias.com.br\/wp-content\/uploads\/2022\/10\/Arte-jornal-Zucchi-600x600_Prancheta-1-1024x1024.jpg\" alt=\"\" class=\"wp-image-34782\" width=\"252\" height=\"252\" srcset=\"https:\/\/jornalfatosenoticias.com.br\/wp-content\/uploads\/2022\/10\/Arte-jornal-Zucchi-600x600_Prancheta-1-1024x1024.jpg 1024w, https:\/\/jornalfatosenoticias.com.br\/wp-content\/uploads\/2022\/10\/Arte-jornal-Zucchi-600x600_Prancheta-1-300x300.jpg 300w, https:\/\/jornalfatosenoticias.com.br\/wp-content\/uploads\/2022\/10\/Arte-jornal-Zucchi-600x600_Prancheta-1-150x150.jpg 150w, https:\/\/jornalfatosenoticias.com.br\/wp-content\/uploads\/2022\/10\/Arte-jornal-Zucchi-600x600_Prancheta-1-768x768.jpg 768w, https:\/\/jornalfatosenoticias.com.br\/wp-content\/uploads\/2022\/10\/Arte-jornal-Zucchi-600x600_Prancheta-1.jpg 1250w\" sizes=\"auto, (max-width: 252px) 100vw, 252px\" \/><\/figure><\/div>\n\n\n\n<blockquote class=\"wp-block-quote is-layout-flow wp-block-quote-is-layout-flow\"><p><span class=\"has-inline-color has-luminous-vivid-orange-color\">Evite a todo custo receitas milagrosas para emagrecer e dietas extremamente restritivas encontradas na internet. Isso porque, al\u00e9m de n\u00e3o serem realmente eficazes no emagrecimento, essas mudan\u00e7as dr\u00e1sticas nos h\u00e1bitos alimentares, como restri\u00e7\u00e3o de grupos alimentares e diminui\u00e7\u00e3o de calorias e refei\u00e7\u00f5es, podem oferecer riscos \u00e0 sa\u00fade quando realizadas sem acompanhamento m\u00e9dico\u201d, alerta.<\/span><\/p><\/blockquote>\n\n\n\n<div class=\"wp-block-image\"><figure class=\"aligncenter size-large is-resized\"><img loading=\"lazy\" decoding=\"async\" src=\"https:\/\/jornalfatosenoticias.com.br\/wp-content\/uploads\/2022\/10\/RC_800x750_page-0001.jpg\" alt=\"\" class=\"wp-image-35338\" width=\"307\" height=\"288\" srcset=\"https:\/\/jornalfatosenoticias.com.br\/wp-content\/uploads\/2022\/10\/RC_800x750_page-0001.jpg 400w, https:\/\/jornalfatosenoticias.com.br\/wp-content\/uploads\/2022\/10\/RC_800x750_page-0001-300x281.jpg 300w\" sizes=\"auto, (max-width: 307px) 100vw, 307px\" \/><\/figure><\/div>\n\n\n\n<p><strong><em>Fonte: <a href=\"https:\/\/www.saudeemdia.com.br\/noticias\/obesidade-e-doenca-entenda-a-visao-da-ciencia-sobre-o-assunto.phtml\">Sa\u00fade em Dia<\/a><\/em><\/strong><\/p>\n","protected":false},"excerpt":{"rendered":"<p>A incid\u00eancia da obesidade vem aumentando no Brasil e no mundo, o que tem colocado as autoridades de sa\u00fade em alerta O Dia Mundial da Obesidade \u00e9 uma campanha global que busca alertar as na\u00e7\u00f5es sobre os riscos do excesso de peso entre a popula\u00e7\u00e3o. Segundo a Organiza\u00e7\u00e3o Mundial da Sa\u00fade, (OMS), mais de um [&hellip;]<\/p>\n","protected":false},"author":2,"featured_media":39877,"comment_status":"open","ping_status":"open","sticky":false,"template":"","format":"standard","meta":{"footnotes":""},"categories":[11],"tags":[1266,597,394,2898,634],"class_list":["post-39876","post","type-post","status-publish","format-standard","has-post-thumbnail","hentry","category-saude","tag-alerta","tag-brasil","tag-doenca","tag-excesso-de-peso","tag-obesidade"],"yoast_head":"<!-- This site is optimized with the Yoast SEO plugin v26.5 - https:\/\/yoast.com\/wordpress\/plugins\/seo\/ -->\n<title>Obesidade \u00e9 doen\u00e7a? Entenda a vis\u00e3o da ci\u00eancia sobre o assunto - Jornal Fatos e Not\u00edcias<\/title>\n<meta name=\"robots\" content=\"index, follow, max-snippet:-1, max-image-preview:large, max-video-preview:-1\" \/>\n<link rel=\"canonical\" href=\"https:\/\/jornalfatosenoticias.com.br\/index.php\/2023\/03\/22\/obesidade-e-doenca-entenda-a-visao-da-ciencia-sobre-o-assunto\/\" \/>\n<meta property=\"og:locale\" content=\"pt_BR\" \/>\n<meta property=\"og:type\" content=\"article\" \/>\n<meta property=\"og:title\" content=\"Obesidade \u00e9 doen\u00e7a? Entenda a vis\u00e3o da ci\u00eancia sobre o assunto - Jornal Fatos e Not\u00edcias\" \/>\n<meta property=\"og:description\" content=\"A incid\u00eancia da obesidade vem aumentando no Brasil e no mundo, o que tem colocado as autoridades de sa\u00fade em alerta O Dia Mundial da Obesidade \u00e9 uma campanha global que busca alertar as na\u00e7\u00f5es sobre os riscos do excesso de peso entre a popula\u00e7\u00e3o. Segundo a Organiza\u00e7\u00e3o Mundial da Sa\u00fade, (OMS), mais de um [&hellip;]\" \/>\n<meta property=\"og:url\" content=\"https:\/\/jornalfatosenoticias.com.br\/index.php\/2023\/03\/22\/obesidade-e-doenca-entenda-a-visao-da-ciencia-sobre-o-assunto\/\" \/>\n<meta property=\"og:site_name\" content=\"Jornal Fatos e Not\u00edcias\" \/>\n<meta property=\"article:published_time\" content=\"2023-03-22T17:48:36+00:00\" \/>\n<meta property=\"article:modified_time\" content=\"2023-03-22T17:48:37+00:00\" \/>\n<meta property=\"og:image\" content=\"https:\/\/jornalfatosenoticias.com.br\/wp-content\/uploads\/2023\/03\/pessoas-obesas_GettyImages.jpg\" \/>\n\t<meta property=\"og:image:width\" content=\"1000\" \/>\n\t<meta property=\"og:image:height\" content=\"666\" \/>\n\t<meta property=\"og:image:type\" content=\"image\/jpeg\" \/>\n<meta name=\"author\" content=\"Luzimara Fernandes\" \/>\n<meta name=\"twitter:card\" content=\"summary_large_image\" \/>\n<meta name=\"twitter:label1\" content=\"Escrito por\" \/>\n\t<meta name=\"twitter:data1\" content=\"Luzimara Fernandes\" \/>\n\t<meta name=\"twitter:label2\" content=\"Est. tempo de leitura\" \/>\n\t<meta name=\"twitter:data2\" content=\"4 minutos\" \/>\n<script type=\"application\/ld+json\" class=\"yoast-schema-graph\">{\"@context\":\"https:\/\/schema.org\",\"@graph\":[{\"@type\":\"Article\",\"@id\":\"https:\/\/jornalfatosenoticias.com.br\/index.php\/2023\/03\/22\/obesidade-e-doenca-entenda-a-visao-da-ciencia-sobre-o-assunto\/#article\",\"isPartOf\":{\"@id\":\"https:\/\/jornalfatosenoticias.com.br\/index.php\/2023\/03\/22\/obesidade-e-doenca-entenda-a-visao-da-ciencia-sobre-o-assunto\/\"},\"author\":{\"name\":\"Luzimara Fernandes\",\"@id\":\"https:\/\/jornalfatosenoticias.com.br\/#\/schema\/person\/d63837fa13ac8666eb9e74e0985d6f81\"},\"headline\":\"Obesidade \u00e9 doen\u00e7a? Entenda a vis\u00e3o da ci\u00eancia sobre o assunto\",\"datePublished\":\"2023-03-22T17:48:36+00:00\",\"dateModified\":\"2023-03-22T17:48:37+00:00\",\"mainEntityOfPage\":{\"@id\":\"https:\/\/jornalfatosenoticias.com.br\/index.php\/2023\/03\/22\/obesidade-e-doenca-entenda-a-visao-da-ciencia-sobre-o-assunto\/\"},\"wordCount\":773,\"commentCount\":0,\"publisher\":{\"@id\":\"https:\/\/jornalfatosenoticias.com.br\/#organization\"},\"image\":{\"@id\":\"https:\/\/jornalfatosenoticias.com.br\/index.php\/2023\/03\/22\/obesidade-e-doenca-entenda-a-visao-da-ciencia-sobre-o-assunto\/#primaryimage\"},\"thumbnailUrl\":\"https:\/\/jornalfatosenoticias.com.br\/wp-content\/uploads\/2023\/03\/pessoas-obesas_GettyImages.jpg\",\"keywords\":[\"alerta\",\"Brasil\",\"doen\u00e7a\",\"excesso de peso\",\"obesidade\"],\"articleSection\":[\"Sa\u00fade\"],\"inLanguage\":\"pt-BR\",\"potentialAction\":[{\"@type\":\"CommentAction\",\"name\":\"Comment\",\"target\":[\"https:\/\/jornalfatosenoticias.com.br\/index.php\/2023\/03\/22\/obesidade-e-doenca-entenda-a-visao-da-ciencia-sobre-o-assunto\/#respond\"]}]},{\"@type\":\"WebPage\",\"@id\":\"https:\/\/jornalfatosenoticias.com.br\/index.php\/2023\/03\/22\/obesidade-e-doenca-entenda-a-visao-da-ciencia-sobre-o-assunto\/\",\"url\":\"https:\/\/jornalfatosenoticias.com.br\/index.php\/2023\/03\/22\/obesidade-e-doenca-entenda-a-visao-da-ciencia-sobre-o-assunto\/\",\"name\":\"Obesidade \u00e9 doen\u00e7a? Entenda a vis\u00e3o da ci\u00eancia sobre o assunto - Jornal Fatos e Not\u00edcias\",\"isPartOf\":{\"@id\":\"https:\/\/jornalfatosenoticias.com.br\/#website\"},\"primaryImageOfPage\":{\"@id\":\"https:\/\/jornalfatosenoticias.com.br\/index.php\/2023\/03\/22\/obesidade-e-doenca-entenda-a-visao-da-ciencia-sobre-o-assunto\/#primaryimage\"},\"image\":{\"@id\":\"https:\/\/jornalfatosenoticias.com.br\/index.php\/2023\/03\/22\/obesidade-e-doenca-entenda-a-visao-da-ciencia-sobre-o-assunto\/#primaryimage\"},\"thumbnailUrl\":\"https:\/\/jornalfatosenoticias.com.br\/wp-content\/uploads\/2023\/03\/pessoas-obesas_GettyImages.jpg\",\"datePublished\":\"2023-03-22T17:48:36+00:00\",\"dateModified\":\"2023-03-22T17:48:37+00:00\",\"breadcrumb\":{\"@id\":\"https:\/\/jornalfatosenoticias.com.br\/index.php\/2023\/03\/22\/obesidade-e-doenca-entenda-a-visao-da-ciencia-sobre-o-assunto\/#breadcrumb\"},\"inLanguage\":\"pt-BR\",\"potentialAction\":[{\"@type\":\"ReadAction\",\"target\":[\"https:\/\/jornalfatosenoticias.com.br\/index.php\/2023\/03\/22\/obesidade-e-doenca-entenda-a-visao-da-ciencia-sobre-o-assunto\/\"]}]},{\"@type\":\"ImageObject\",\"inLanguage\":\"pt-BR\",\"@id\":\"https:\/\/jornalfatosenoticias.com.br\/index.php\/2023\/03\/22\/obesidade-e-doenca-entenda-a-visao-da-ciencia-sobre-o-assunto\/#primaryimage\",\"url\":\"https:\/\/jornalfatosenoticias.com.br\/wp-content\/uploads\/2023\/03\/pessoas-obesas_GettyImages.jpg\",\"contentUrl\":\"https:\/\/jornalfatosenoticias.com.br\/wp-content\/uploads\/2023\/03\/pessoas-obesas_GettyImages.jpg\",\"width\":1000,\"height\":666},{\"@type\":\"BreadcrumbList\",\"@id\":\"https:\/\/jornalfatosenoticias.com.br\/index.php\/2023\/03\/22\/obesidade-e-doenca-entenda-a-visao-da-ciencia-sobre-o-assunto\/#breadcrumb\",\"itemListElement\":[{\"@type\":\"ListItem\",\"position\":1,\"name\":\"In\u00edcio\",\"item\":\"https:\/\/jornalfatosenoticias.com.br\/\"},{\"@type\":\"ListItem\",\"position\":2,\"name\":\"Obesidade \u00e9 doen\u00e7a? Entenda a vis\u00e3o da ci\u00eancia sobre o assunto\"}]},{\"@type\":\"WebSite\",\"@id\":\"https:\/\/jornalfatosenoticias.com.br\/#website\",\"url\":\"https:\/\/jornalfatosenoticias.com.br\/\",\"name\":\"Jornal Fatos e Not\u00edcias\",\"description\":\"Not\u00edcias em geral\",\"publisher\":{\"@id\":\"https:\/\/jornalfatosenoticias.com.br\/#organization\"},\"potentialAction\":[{\"@type\":\"SearchAction\",\"target\":{\"@type\":\"EntryPoint\",\"urlTemplate\":\"https:\/\/jornalfatosenoticias.com.br\/?s={search_term_string}\"},\"query-input\":{\"@type\":\"PropertyValueSpecification\",\"valueRequired\":true,\"valueName\":\"search_term_string\"}}],\"inLanguage\":\"pt-BR\"},{\"@type\":\"Organization\",\"@id\":\"https:\/\/jornalfatosenoticias.com.br\/#organization\",\"name\":\"Jornal Fatos e Not\u00edcias\",\"url\":\"https:\/\/jornalfatosenoticias.com.br\/\",\"logo\":{\"@type\":\"ImageObject\",\"inLanguage\":\"pt-BR\",\"@id\":\"https:\/\/jornalfatosenoticias.com.br\/#\/schema\/logo\/image\/\",\"url\":\"https:\/\/jornalfatosenoticias.com.br\/wp-content\/uploads\/2020\/02\/logo120.png\",\"contentUrl\":\"https:\/\/jornalfatosenoticias.com.br\/wp-content\/uploads\/2020\/02\/logo120.png\",\"width\":1227,\"height\":120,\"caption\":\"Jornal Fatos e Not\u00edcias\"},\"image\":{\"@id\":\"https:\/\/jornalfatosenoticias.com.br\/#\/schema\/logo\/image\/\"}},{\"@type\":\"Person\",\"@id\":\"https:\/\/jornalfatosenoticias.com.br\/#\/schema\/person\/d63837fa13ac8666eb9e74e0985d6f81\",\"name\":\"Luzimara Fernandes\",\"image\":{\"@type\":\"ImageObject\",\"inLanguage\":\"pt-BR\",\"@id\":\"https:\/\/jornalfatosenoticias.com.br\/#\/schema\/person\/image\/\",\"url\":\"https:\/\/jornalfatosenoticias.com.br\/wp-content\/uploads\/2025\/05\/EU_portal.jpg\",\"contentUrl\":\"https:\/\/jornalfatosenoticias.com.br\/wp-content\/uploads\/2025\/05\/EU_portal.jpg\",\"caption\":\"Luzimara Fernandes\"},\"description\":\"Jornalista MTB 2358-ES\",\"sameAs\":[\"https:\/\/jornalfatosenoticias.com.br\"],\"url\":\"https:\/\/jornalfatosenoticias.com.br\/index.php\/author\/luzimara\/\"}]}<\/script>\n<!-- \/ Yoast SEO plugin. -->","yoast_head_json":{"title":"Obesidade \u00e9 doen\u00e7a? Entenda a vis\u00e3o da ci\u00eancia sobre o assunto - Jornal Fatos e Not\u00edcias","robots":{"index":"index","follow":"follow","max-snippet":"max-snippet:-1","max-image-preview":"max-image-preview:large","max-video-preview":"max-video-preview:-1"},"canonical":"https:\/\/jornalfatosenoticias.com.br\/index.php\/2023\/03\/22\/obesidade-e-doenca-entenda-a-visao-da-ciencia-sobre-o-assunto\/","og_locale":"pt_BR","og_type":"article","og_title":"Obesidade \u00e9 doen\u00e7a? Entenda a vis\u00e3o da ci\u00eancia sobre o assunto - Jornal Fatos e Not\u00edcias","og_description":"A incid\u00eancia da obesidade vem aumentando no Brasil e no mundo, o que tem colocado as autoridades de sa\u00fade em alerta O Dia Mundial da Obesidade \u00e9 uma campanha global que busca alertar as na\u00e7\u00f5es sobre os riscos do excesso de peso entre a popula\u00e7\u00e3o. Segundo a Organiza\u00e7\u00e3o Mundial da Sa\u00fade, (OMS), mais de um [&hellip;]","og_url":"https:\/\/jornalfatosenoticias.com.br\/index.php\/2023\/03\/22\/obesidade-e-doenca-entenda-a-visao-da-ciencia-sobre-o-assunto\/","og_site_name":"Jornal Fatos e Not\u00edcias","article_published_time":"2023-03-22T17:48:36+00:00","article_modified_time":"2023-03-22T17:48:37+00:00","og_image":[{"width":1000,"height":666,"url":"https:\/\/jornalfatosenoticias.com.br\/wp-content\/uploads\/2023\/03\/pessoas-obesas_GettyImages.jpg","type":"image\/jpeg"}],"author":"Luzimara Fernandes","twitter_card":"summary_large_image","twitter_misc":{"Escrito por":"Luzimara Fernandes","Est. tempo de leitura":"4 minutos"},"schema":{"@context":"https:\/\/schema.org","@graph":[{"@type":"Article","@id":"https:\/\/jornalfatosenoticias.com.br\/index.php\/2023\/03\/22\/obesidade-e-doenca-entenda-a-visao-da-ciencia-sobre-o-assunto\/#article","isPartOf":{"@id":"https:\/\/jornalfatosenoticias.com.br\/index.php\/2023\/03\/22\/obesidade-e-doenca-entenda-a-visao-da-ciencia-sobre-o-assunto\/"},"author":{"name":"Luzimara Fernandes","@id":"https:\/\/jornalfatosenoticias.com.br\/#\/schema\/person\/d63837fa13ac8666eb9e74e0985d6f81"},"headline":"Obesidade \u00e9 doen\u00e7a? Entenda a vis\u00e3o da ci\u00eancia sobre o assunto","datePublished":"2023-03-22T17:48:36+00:00","dateModified":"2023-03-22T17:48:37+00:00","mainEntityOfPage":{"@id":"https:\/\/jornalfatosenoticias.com.br\/index.php\/2023\/03\/22\/obesidade-e-doenca-entenda-a-visao-da-ciencia-sobre-o-assunto\/"},"wordCount":773,"commentCount":0,"publisher":{"@id":"https:\/\/jornalfatosenoticias.com.br\/#organization"},"image":{"@id":"https:\/\/jornalfatosenoticias.com.br\/index.php\/2023\/03\/22\/obesidade-e-doenca-entenda-a-visao-da-ciencia-sobre-o-assunto\/#primaryimage"},"thumbnailUrl":"https:\/\/jornalfatosenoticias.com.br\/wp-content\/uploads\/2023\/03\/pessoas-obesas_GettyImages.jpg","keywords":["alerta","Brasil","doen\u00e7a","excesso de peso","obesidade"],"articleSection":["Sa\u00fade"],"inLanguage":"pt-BR","potentialAction":[{"@type":"CommentAction","name":"Comment","target":["https:\/\/jornalfatosenoticias.com.br\/index.php\/2023\/03\/22\/obesidade-e-doenca-entenda-a-visao-da-ciencia-sobre-o-assunto\/#respond"]}]},{"@type":"WebPage","@id":"https:\/\/jornalfatosenoticias.com.br\/index.php\/2023\/03\/22\/obesidade-e-doenca-entenda-a-visao-da-ciencia-sobre-o-assunto\/","url":"https:\/\/jornalfatosenoticias.com.br\/index.php\/2023\/03\/22\/obesidade-e-doenca-entenda-a-visao-da-ciencia-sobre-o-assunto\/","name":"Obesidade \u00e9 doen\u00e7a? Entenda a vis\u00e3o da ci\u00eancia sobre o assunto - Jornal Fatos e Not\u00edcias","isPartOf":{"@id":"https:\/\/jornalfatosenoticias.com.br\/#website"},"primaryImageOfPage":{"@id":"https:\/\/jornalfatosenoticias.com.br\/index.php\/2023\/03\/22\/obesidade-e-doenca-entenda-a-visao-da-ciencia-sobre-o-assunto\/#primaryimage"},"image":{"@id":"https:\/\/jornalfatosenoticias.com.br\/index.php\/2023\/03\/22\/obesidade-e-doenca-entenda-a-visao-da-ciencia-sobre-o-assunto\/#primaryimage"},"thumbnailUrl":"https:\/\/jornalfatosenoticias.com.br\/wp-content\/uploads\/2023\/03\/pessoas-obesas_GettyImages.jpg","datePublished":"2023-03-22T17:48:36+00:00","dateModified":"2023-03-22T17:48:37+00:00","breadcrumb":{"@id":"https:\/\/jornalfatosenoticias.com.br\/index.php\/2023\/03\/22\/obesidade-e-doenca-entenda-a-visao-da-ciencia-sobre-o-assunto\/#breadcrumb"},"inLanguage":"pt-BR","potentialAction":[{"@type":"ReadAction","target":["https:\/\/jornalfatosenoticias.com.br\/index.php\/2023\/03\/22\/obesidade-e-doenca-entenda-a-visao-da-ciencia-sobre-o-assunto\/"]}]},{"@type":"ImageObject","inLanguage":"pt-BR","@id":"https:\/\/jornalfatosenoticias.com.br\/index.php\/2023\/03\/22\/obesidade-e-doenca-entenda-a-visao-da-ciencia-sobre-o-assunto\/#primaryimage","url":"https:\/\/jornalfatosenoticias.com.br\/wp-content\/uploads\/2023\/03\/pessoas-obesas_GettyImages.jpg","contentUrl":"https:\/\/jornalfatosenoticias.com.br\/wp-content\/uploads\/2023\/03\/pessoas-obesas_GettyImages.jpg","width":1000,"height":666},{"@type":"BreadcrumbList","@id":"https:\/\/jornalfatosenoticias.com.br\/index.php\/2023\/03\/22\/obesidade-e-doenca-entenda-a-visao-da-ciencia-sobre-o-assunto\/#breadcrumb","itemListElement":[{"@type":"ListItem","position":1,"name":"In\u00edcio","item":"https:\/\/jornalfatosenoticias.com.br\/"},{"@type":"ListItem","position":2,"name":"Obesidade \u00e9 doen\u00e7a? Entenda a vis\u00e3o da ci\u00eancia sobre o assunto"}]},{"@type":"WebSite","@id":"https:\/\/jornalfatosenoticias.com.br\/#website","url":"https:\/\/jornalfatosenoticias.com.br\/","name":"Jornal Fatos e Not\u00edcias","description":"Not\u00edcias em geral","publisher":{"@id":"https:\/\/jornalfatosenoticias.com.br\/#organization"},"potentialAction":[{"@type":"SearchAction","target":{"@type":"EntryPoint","urlTemplate":"https:\/\/jornalfatosenoticias.com.br\/?s={search_term_string}"},"query-input":{"@type":"PropertyValueSpecification","valueRequired":true,"valueName":"search_term_string"}}],"inLanguage":"pt-BR"},{"@type":"Organization","@id":"https:\/\/jornalfatosenoticias.com.br\/#organization","name":"Jornal Fatos e Not\u00edcias","url":"https:\/\/jornalfatosenoticias.com.br\/","logo":{"@type":"ImageObject","inLanguage":"pt-BR","@id":"https:\/\/jornalfatosenoticias.com.br\/#\/schema\/logo\/image\/","url":"https:\/\/jornalfatosenoticias.com.br\/wp-content\/uploads\/2020\/02\/logo120.png","contentUrl":"https:\/\/jornalfatosenoticias.com.br\/wp-content\/uploads\/2020\/02\/logo120.png","width":1227,"height":120,"caption":"Jornal Fatos e Not\u00edcias"},"image":{"@id":"https:\/\/jornalfatosenoticias.com.br\/#\/schema\/logo\/image\/"}},{"@type":"Person","@id":"https:\/\/jornalfatosenoticias.com.br\/#\/schema\/person\/d63837fa13ac8666eb9e74e0985d6f81","name":"Luzimara Fernandes","image":{"@type":"ImageObject","inLanguage":"pt-BR","@id":"https:\/\/jornalfatosenoticias.com.br\/#\/schema\/person\/image\/","url":"https:\/\/jornalfatosenoticias.com.br\/wp-content\/uploads\/2025\/05\/EU_portal.jpg","contentUrl":"https:\/\/jornalfatosenoticias.com.br\/wp-content\/uploads\/2025\/05\/EU_portal.jpg","caption":"Luzimara Fernandes"},"description":"Jornalista MTB 2358-ES","sameAs":["https:\/\/jornalfatosenoticias.com.br"],"url":"https:\/\/jornalfatosenoticias.com.br\/index.php\/author\/luzimara\/"}]}},"cc_featured_image_caption":{"caption_text":"(Foto: Getty Images) ","source_text":"","source_url":""},"jetpack_featured_media_url":"https:\/\/jornalfatosenoticias.com.br\/wp-content\/uploads\/2023\/03\/pessoas-obesas_GettyImages.jpg","_links":{"self":[{"href":"https:\/\/jornalfatosenoticias.com.br\/index.php\/wp-json\/wp\/v2\/posts\/39876","targetHints":{"allow":["GET"]}}],"collection":[{"href":"https:\/\/jornalfatosenoticias.com.br\/index.php\/wp-json\/wp\/v2\/posts"}],"about":[{"href":"https:\/\/jornalfatosenoticias.com.br\/index.php\/wp-json\/wp\/v2\/types\/post"}],"author":[{"embeddable":true,"href":"https:\/\/jornalfatosenoticias.com.br\/index.php\/wp-json\/wp\/v2\/users\/2"}],"replies":[{"embeddable":true,"href":"https:\/\/jornalfatosenoticias.com.br\/index.php\/wp-json\/wp\/v2\/comments?post=39876"}],"version-history":[{"count":0,"href":"https:\/\/jornalfatosenoticias.com.br\/index.php\/wp-json\/wp\/v2\/posts\/39876\/revisions"}],"wp:featuredmedia":[{"embeddable":true,"href":"https:\/\/jornalfatosenoticias.com.br\/index.php\/wp-json\/wp\/v2\/media\/39877"}],"wp:attachment":[{"href":"https:\/\/jornalfatosenoticias.com.br\/index.php\/wp-json\/wp\/v2\/media?parent=39876"}],"wp:term":[{"taxonomy":"category","embeddable":true,"href":"https:\/\/jornalfatosenoticias.com.br\/index.php\/wp-json\/wp\/v2\/categories?post=39876"},{"taxonomy":"post_tag","embeddable":true,"href":"https:\/\/jornalfatosenoticias.com.br\/index.php\/wp-json\/wp\/v2\/tags?post=39876"}],"curies":[{"name":"wp","href":"https:\/\/api.w.org\/{rel}","templated":true}]}}