{"id":39895,"date":"2023-03-22T16:40:47","date_gmt":"2023-03-22T19:40:47","guid":{"rendered":"https:\/\/jornalfatosenoticias.com.br\/?p=39895"},"modified":"2023-03-22T16:40:48","modified_gmt":"2023-03-22T19:40:48","slug":"pesquisadores-desenvolvem-antenas-bioinspirada-em-formato-de-plantas","status":"publish","type":"post","link":"https:\/\/jornalfatosenoticias.com.br\/index.php\/2023\/03\/22\/pesquisadores-desenvolvem-antenas-bioinspirada-em-formato-de-plantas\/","title":{"rendered":"Pesquisadores desenvolvem antenas bioinspirada em formato de plantas"},"content":{"rendered":"\n<p><span class=\"has-inline-color has-black-color\"><em>A partir do estudo realizado no Maranh\u00e3o foi poss\u00edvel reduzir em at\u00e9 80% a estrutura de uma antena padr\u00e3o sem contar com o baixo custo<\/em><\/span><\/p>\n\n\n\n<div class=\"wp-block-image\"><figure class=\"aligncenter size-large\"><img loading=\"lazy\" decoding=\"async\" width=\"729\" height=\"90\" src=\"https:\/\/jornalfatosenoticias.com.br\/wp-content\/uploads\/2020\/02\/Logo_Mizu.png\" alt=\"\" class=\"wp-image-1441\" srcset=\"https:\/\/jornalfatosenoticias.com.br\/wp-content\/uploads\/2020\/02\/Logo_Mizu.png 729w, https:\/\/jornalfatosenoticias.com.br\/wp-content\/uploads\/2020\/02\/Logo_Mizu-300x37.png 300w\" sizes=\"auto, (max-width: 729px) 100vw, 729px\" \/><\/figure><\/div>\n\n\n\n<p>Eduarda Froes dos Santos, graduada em matem\u00e1tica pela Universidade Estadual do <strong>Maranh\u00e3o<\/strong> (Uema), junto com seu orientador Paulo Fernandes da Silva J\u00fanior, docente do curso de Engenharia da Computa\u00e7\u00e3o da Uema, desenvolveram um projeto sobre formas <strong>bioinspiradas<\/strong> em<strong> plantas<\/strong> para o desenvolvimento de <strong>antenas.<\/strong> O projeto foi iniciado em 2021, mas a pesquisa que j\u00e1 vinha sendo estudada desde 2015, e continuar\u00e1 em desenvolvimento, estudar\u00e1 outras estruturas para operar nas tecnologias 5G e 6G.<\/p>\n\n\n\n<div class=\"wp-block-image\"><figure class=\"aligncenter size-large\"><img loading=\"lazy\" decoding=\"async\" width=\"300\" height=\"250\" src=\"https:\/\/jornalfatosenoticias.com.br\/wp-content\/uploads\/2022\/08\/arte-Casarao.jpg\" alt=\"\" class=\"wp-image-33178\"\/><\/figure><\/div>\n\n\n\n<p>A partir deste estudo foi poss\u00edvel reduzir em at\u00e9 80% a estrutura de uma antena padr\u00e3o sem que houvesse comprometimento na qualidade do produto final e sem contar com o baixo custo dos materiais, como fibra de vidro (FR4) e cobre laminado. As antenas bioinspiradas procuram utilizar formas de seres vivos, com objetivo de dimensionar dispositivos de aprimorar par\u00e2metros de resposta para rede local sem fio, Wi-Fi, redes de sensores sem fio industriais e comunica\u00e7\u00f5es m\u00f3veis.<br>Com o projeto, a graduanda e o professor conquistaram o reconhecimento internacional ao terem um artigo de p\u00f3s-gradua\u00e7\u00e3o divulgado na revista <em>Scientific reports.<\/em><\/p>\n\n\n\n<div class=\"wp-block-image\"><figure class=\"aligncenter size-large is-resized\"><img loading=\"lazy\" decoding=\"async\" src=\"https:\/\/jornalfatosenoticias.com.br\/wp-content\/uploads\/2020\/02\/logo-Panper_portal.jpg\" alt=\"\" class=\"wp-image-34474\" width=\"316\" height=\"219\" srcset=\"https:\/\/jornalfatosenoticias.com.br\/wp-content\/uploads\/2020\/02\/logo-Panper_portal.jpg 400w, https:\/\/jornalfatosenoticias.com.br\/wp-content\/uploads\/2020\/02\/logo-Panper_portal-300x208.jpg 300w\" sizes=\"auto, (max-width: 316px) 100vw, 316px\" \/><\/figure><\/div>\n\n\n\n<blockquote class=\"wp-block-quote is-layout-flow wp-block-quote-is-layout-flow\"><p><span class=\"has-inline-color has-luminous-vivid-orange-color\">Pra mim foi muito gratificante ver que um projeto da Uema, do Maranh\u00e3o, que conseguiu uma visibilidade muito boa, a gente conseguiu publicar em uma revista onde as melhores universidades do mundo publicam, ent\u00e3o isso colocou a Uema l\u00e1 em cima e colocou o curso de Engenharia de Computa\u00e7\u00e3o l\u00e1 em cima&#8221;, destaca Eduarda.<\/span><\/p><\/blockquote>\n\n\n\n<div class=\"wp-block-image\"><figure class=\"aligncenter size-large\"><img loading=\"lazy\" decoding=\"async\" width=\"1024\" height=\"100\" src=\"https:\/\/jornalfatosenoticias.com.br\/wp-content\/uploads\/2022\/05\/NOVA-LOGO-CESCONETTO-1024x100.jpg\" alt=\"\" class=\"wp-image-30792\" srcset=\"https:\/\/jornalfatosenoticias.com.br\/wp-content\/uploads\/2022\/05\/NOVA-LOGO-CESCONETTO-1024x100.jpg 1024w, https:\/\/jornalfatosenoticias.com.br\/wp-content\/uploads\/2022\/05\/NOVA-LOGO-CESCONETTO-300x29.jpg 300w, https:\/\/jornalfatosenoticias.com.br\/wp-content\/uploads\/2022\/05\/NOVA-LOGO-CESCONETTO-768x75.jpg 768w, https:\/\/jornalfatosenoticias.com.br\/wp-content\/uploads\/2022\/05\/NOVA-LOGO-CESCONETTO.jpg 1280w\" sizes=\"auto, (max-width: 1024px) 100vw, 1024px\" \/><\/figure><\/div>\n\n\n\n<div class=\"wp-block-image\"><figure class=\"aligncenter size-large\"><img loading=\"lazy\" decoding=\"async\" width=\"1000\" height=\"648\" src=\"https:\/\/jornalfatosenoticias.com.br\/wp-content\/uploads\/2023\/03\/antenas-bioinspirada-em-formato-de-plantas-pesquisadores.jpeg\" alt=\"\" class=\"wp-image-39896\" srcset=\"https:\/\/jornalfatosenoticias.com.br\/wp-content\/uploads\/2023\/03\/antenas-bioinspirada-em-formato-de-plantas-pesquisadores.jpeg 1000w, https:\/\/jornalfatosenoticias.com.br\/wp-content\/uploads\/2023\/03\/antenas-bioinspirada-em-formato-de-plantas-pesquisadores-300x194.jpeg 300w, https:\/\/jornalfatosenoticias.com.br\/wp-content\/uploads\/2023\/03\/antenas-bioinspirada-em-formato-de-plantas-pesquisadores-768x498.jpeg 768w, https:\/\/jornalfatosenoticias.com.br\/wp-content\/uploads\/2023\/03\/antenas-bioinspirada-em-formato-de-plantas-pesquisadores-880x570.jpeg 880w\" sizes=\"auto, (max-width: 1000px) 100vw, 1000px\" \/><figcaption><em><span class=\"has-inline-color has-black-color\">Eduarda Froes dos Santos e Paulo Fernandes da Silva J\u00fanior (Foto: Divulga\u00e7\u00e3o\/Uema)<\/span><\/em><\/figcaption><\/figure><\/div>\n\n\n\n<div class=\"wp-block-image\"><figure class=\"aligncenter size-large\"><img loading=\"lazy\" decoding=\"async\" width=\"300\" height=\"222\" src=\"https:\/\/jornalfatosenoticias.com.br\/wp-content\/uploads\/2023\/03\/logo_Juliana-Graca.jpg\" alt=\"\" class=\"wp-image-39283\"\/><\/figure><\/div>\n\n\n\n<p>Essa revista \u00e9 uma das cinco maiores revistas cient\u00edficas do mundo com o projeto &#8216;Desenvolvimento de uma antena monopolo direcional bioinspirada em folha el\u00edptica com cortes de acordo com o n\u00famero de ouro para a aplica\u00e7\u00f5es WLAN e 4G&#8217;.<\/p>\n\n\n\n<div class=\"wp-block-image\"><figure class=\"aligncenter size-large is-resized\"><img loading=\"lazy\" decoding=\"async\" src=\"https:\/\/jornalfatosenoticias.com.br\/wp-content\/uploads\/2020\/02\/nova-logo-Marquetti.jpg\" alt=\"\" class=\"wp-image-22331\" width=\"363\" height=\"244\" srcset=\"https:\/\/jornalfatosenoticias.com.br\/wp-content\/uploads\/2020\/02\/nova-logo-Marquetti.jpg 643w, https:\/\/jornalfatosenoticias.com.br\/wp-content\/uploads\/2020\/02\/nova-logo-Marquetti-300x202.jpg 300w\" sizes=\"auto, (max-width: 363px) 100vw, 363px\" \/><\/figure><\/div>\n\n\n\n<blockquote class=\"wp-block-quote is-layout-flow wp-block-quote-is-layout-flow\"><p><span class=\"has-inline-color has-luminous-vivid-orange-color\">\u00c9 sempre bom ter o trabalho reconhecido pela comunidade acad\u00eamica mundial, por\u00e9m o melhor \u00e9 ver os alunos se desenvolvendo e crescendo como pessoa, na pesquisa acad\u00eamica e como profissional. Isto \u00e9 muito gratificante, e vendo que mais alunos est\u00e3o sendo motivados e pesquisar e crescer, principalmente quando percebem que n\u00e3o h\u00e1 limita\u00e7\u00e3o pelo g\u00eanero, pois \u00e9 uma aluna, pelo local, pois estamos no Estado com menor IDH do Brasil, nem pelo curso, pois a aluna \u00e9 formada em licenciatura em matem\u00e1tica. O segredo est\u00e1 no empenho, esfor\u00e7o e vontade de aprender e crescer. N\u00e3o \u00e9 trivial, mas tamb\u00e9m n\u00e3o \u00e9 imposs\u00edvel, s\u00f3 depende do trabalho realizado&#8221;, afirma o professor doutor Paulo Fernandes.<\/span><\/p><\/blockquote>\n\n\n\n<div class=\"wp-block-image\"><figure class=\"aligncenter size-large\"><img decoding=\"async\" src=\"https:\/\/jornalfatosenoticias.com.br\/wp-content\/uploads\/2020\/02\/logo-embacia-1-1024x110.jpg\" alt=\"\" class=\"wp-image-33954\"\/><\/figure><\/div>\n\n\n\n<p><a class=\"\" href=\"https:\/\/www.nature.com\/articles\/s41598-022-21733-z\" rel=\"noreferrer noopener\" target=\"_blank\"><strong><em>Confira aqui o artigo completo<\/em><\/strong><\/a><em><strong>.<\/strong><\/em><\/p>\n\n\n\n<p><strong><em>Fonte: <a href=\"https:\/\/portalamazonia.com\/noticias\/inovacao-e-tecnologia\/pesquisadores-desenvolvem-antenas-bioinspirada-em-formato-de-plantas\">Portal Amaz\u00f4nia<\/a><\/em><\/strong><\/p>\n","protected":false},"excerpt":{"rendered":"<p>A partir do estudo realizado no Maranh\u00e3o foi poss\u00edvel reduzir em at\u00e9 80% a estrutura de uma antena padr\u00e3o sem contar com o baixo custo Eduarda Froes dos Santos, graduada em matem\u00e1tica pela Universidade Estadual do Maranh\u00e3o (Uema), junto com seu orientador Paulo Fernandes da Silva J\u00fanior, docente do curso de Engenharia da Computa\u00e7\u00e3o da [&hellip;]<\/p>\n","protected":false},"author":2,"featured_media":39897,"comment_status":"open","ping_status":"open","sticky":false,"template":"","format":"standard","meta":{"footnotes":""},"categories":[3],"tags":[18678,345,911,11943,784,198,18679],"class_list":["post-39895","post","type-post","status-publish","format-standard","has-post-thumbnail","hentry","category-tecnologia","tag-antena-bioinspirada","tag-educacao","tag-inovacao","tag-maranhao","tag-plantas","tag-tecnologia","tag-uema"],"yoast_head":"<!-- This site is optimized with the Yoast SEO plugin v26.5 - https:\/\/yoast.com\/wordpress\/plugins\/seo\/ -->\n<title>Pesquisadores desenvolvem antenas bioinspirada em formato de plantas - Jornal Fatos e Not\u00edcias<\/title>\n<meta name=\"robots\" content=\"index, follow, max-snippet:-1, max-image-preview:large, max-video-preview:-1\" \/>\n<link rel=\"canonical\" href=\"https:\/\/jornalfatosenoticias.com.br\/index.php\/2023\/03\/22\/pesquisadores-desenvolvem-antenas-bioinspirada-em-formato-de-plantas\/\" \/>\n<meta property=\"og:locale\" content=\"pt_BR\" \/>\n<meta property=\"og:type\" content=\"article\" \/>\n<meta property=\"og:title\" content=\"Pesquisadores desenvolvem antenas bioinspirada em formato de plantas - Jornal Fatos e Not\u00edcias\" \/>\n<meta property=\"og:description\" content=\"A partir do estudo realizado no Maranh\u00e3o foi poss\u00edvel reduzir em at\u00e9 80% a estrutura de uma antena padr\u00e3o sem contar com o baixo custo Eduarda Froes dos Santos, graduada em matem\u00e1tica pela Universidade Estadual do Maranh\u00e3o (Uema), junto com seu orientador Paulo Fernandes da Silva J\u00fanior, docente do curso de Engenharia da Computa\u00e7\u00e3o da [&hellip;]\" \/>\n<meta property=\"og:url\" content=\"https:\/\/jornalfatosenoticias.com.br\/index.php\/2023\/03\/22\/pesquisadores-desenvolvem-antenas-bioinspirada-em-formato-de-plantas\/\" \/>\n<meta property=\"og:site_name\" content=\"Jornal Fatos e Not\u00edcias\" \/>\n<meta property=\"article:published_time\" content=\"2023-03-22T19:40:47+00:00\" \/>\n<meta property=\"article:modified_time\" content=\"2023-03-22T19:40:48+00:00\" \/>\n<meta property=\"og:image\" content=\"https:\/\/jornalfatosenoticias.com.br\/wp-content\/uploads\/2023\/03\/antenas-bioinspirada-em-formato-de-plantas.jpeg\" \/>\n\t<meta property=\"og:image:width\" content=\"1000\" \/>\n\t<meta property=\"og:image:height\" content=\"723\" \/>\n\t<meta property=\"og:image:type\" content=\"image\/jpeg\" \/>\n<meta name=\"author\" content=\"Luzimara Fernandes\" \/>\n<meta name=\"twitter:card\" content=\"summary_large_image\" \/>\n<meta name=\"twitter:label1\" content=\"Escrito por\" \/>\n\t<meta name=\"twitter:data1\" content=\"Luzimara Fernandes\" \/>\n\t<meta name=\"twitter:label2\" content=\"Est. tempo de leitura\" \/>\n\t<meta name=\"twitter:data2\" content=\"2 minutos\" \/>\n<script type=\"application\/ld+json\" class=\"yoast-schema-graph\">{\"@context\":\"https:\/\/schema.org\",\"@graph\":[{\"@type\":\"Article\",\"@id\":\"https:\/\/jornalfatosenoticias.com.br\/index.php\/2023\/03\/22\/pesquisadores-desenvolvem-antenas-bioinspirada-em-formato-de-plantas\/#article\",\"isPartOf\":{\"@id\":\"https:\/\/jornalfatosenoticias.com.br\/index.php\/2023\/03\/22\/pesquisadores-desenvolvem-antenas-bioinspirada-em-formato-de-plantas\/\"},\"author\":{\"name\":\"Luzimara Fernandes\",\"@id\":\"https:\/\/jornalfatosenoticias.com.br\/#\/schema\/person\/d63837fa13ac8666eb9e74e0985d6f81\"},\"headline\":\"Pesquisadores desenvolvem antenas bioinspirada em formato de plantas\",\"datePublished\":\"2023-03-22T19:40:47+00:00\",\"dateModified\":\"2023-03-22T19:40:48+00:00\",\"mainEntityOfPage\":{\"@id\":\"https:\/\/jornalfatosenoticias.com.br\/index.php\/2023\/03\/22\/pesquisadores-desenvolvem-antenas-bioinspirada-em-formato-de-plantas\/\"},\"wordCount\":458,\"commentCount\":0,\"publisher\":{\"@id\":\"https:\/\/jornalfatosenoticias.com.br\/#organization\"},\"image\":{\"@id\":\"https:\/\/jornalfatosenoticias.com.br\/index.php\/2023\/03\/22\/pesquisadores-desenvolvem-antenas-bioinspirada-em-formato-de-plantas\/#primaryimage\"},\"thumbnailUrl\":\"https:\/\/jornalfatosenoticias.com.br\/wp-content\/uploads\/2023\/03\/antenas-bioinspirada-em-formato-de-plantas.jpeg\",\"keywords\":[\"antena bioinspirada\",\"educa\u00e7\u00e3o\",\"inova\u00e7\u00e3o\",\"Maranh\u00e3o\",\"plantas\",\"tecnologia\",\"Uema\"],\"articleSection\":[\"Tecnologia &amp; Inova\u00e7\u00e3o\"],\"inLanguage\":\"pt-BR\",\"potentialAction\":[{\"@type\":\"CommentAction\",\"name\":\"Comment\",\"target\":[\"https:\/\/jornalfatosenoticias.com.br\/index.php\/2023\/03\/22\/pesquisadores-desenvolvem-antenas-bioinspirada-em-formato-de-plantas\/#respond\"]}]},{\"@type\":\"WebPage\",\"@id\":\"https:\/\/jornalfatosenoticias.com.br\/index.php\/2023\/03\/22\/pesquisadores-desenvolvem-antenas-bioinspirada-em-formato-de-plantas\/\",\"url\":\"https:\/\/jornalfatosenoticias.com.br\/index.php\/2023\/03\/22\/pesquisadores-desenvolvem-antenas-bioinspirada-em-formato-de-plantas\/\",\"name\":\"Pesquisadores desenvolvem antenas bioinspirada em formato de plantas - Jornal Fatos e Not\u00edcias\",\"isPartOf\":{\"@id\":\"https:\/\/jornalfatosenoticias.com.br\/#website\"},\"primaryImageOfPage\":{\"@id\":\"https:\/\/jornalfatosenoticias.com.br\/index.php\/2023\/03\/22\/pesquisadores-desenvolvem-antenas-bioinspirada-em-formato-de-plantas\/#primaryimage\"},\"image\":{\"@id\":\"https:\/\/jornalfatosenoticias.com.br\/index.php\/2023\/03\/22\/pesquisadores-desenvolvem-antenas-bioinspirada-em-formato-de-plantas\/#primaryimage\"},\"thumbnailUrl\":\"https:\/\/jornalfatosenoticias.com.br\/wp-content\/uploads\/2023\/03\/antenas-bioinspirada-em-formato-de-plantas.jpeg\",\"datePublished\":\"2023-03-22T19:40:47+00:00\",\"dateModified\":\"2023-03-22T19:40:48+00:00\",\"breadcrumb\":{\"@id\":\"https:\/\/jornalfatosenoticias.com.br\/index.php\/2023\/03\/22\/pesquisadores-desenvolvem-antenas-bioinspirada-em-formato-de-plantas\/#breadcrumb\"},\"inLanguage\":\"pt-BR\",\"potentialAction\":[{\"@type\":\"ReadAction\",\"target\":[\"https:\/\/jornalfatosenoticias.com.br\/index.php\/2023\/03\/22\/pesquisadores-desenvolvem-antenas-bioinspirada-em-formato-de-plantas\/\"]}]},{\"@type\":\"ImageObject\",\"inLanguage\":\"pt-BR\",\"@id\":\"https:\/\/jornalfatosenoticias.com.br\/index.php\/2023\/03\/22\/pesquisadores-desenvolvem-antenas-bioinspirada-em-formato-de-plantas\/#primaryimage\",\"url\":\"https:\/\/jornalfatosenoticias.com.br\/wp-content\/uploads\/2023\/03\/antenas-bioinspirada-em-formato-de-plantas.jpeg\",\"contentUrl\":\"https:\/\/jornalfatosenoticias.com.br\/wp-content\/uploads\/2023\/03\/antenas-bioinspirada-em-formato-de-plantas.jpeg\",\"width\":1000,\"height\":723},{\"@type\":\"BreadcrumbList\",\"@id\":\"https:\/\/jornalfatosenoticias.com.br\/index.php\/2023\/03\/22\/pesquisadores-desenvolvem-antenas-bioinspirada-em-formato-de-plantas\/#breadcrumb\",\"itemListElement\":[{\"@type\":\"ListItem\",\"position\":1,\"name\":\"In\u00edcio\",\"item\":\"https:\/\/jornalfatosenoticias.com.br\/\"},{\"@type\":\"ListItem\",\"position\":2,\"name\":\"Pesquisadores desenvolvem antenas bioinspirada em formato de plantas\"}]},{\"@type\":\"WebSite\",\"@id\":\"https:\/\/jornalfatosenoticias.com.br\/#website\",\"url\":\"https:\/\/jornalfatosenoticias.com.br\/\",\"name\":\"Jornal Fatos e Not\u00edcias\",\"description\":\"Not\u00edcias em geral\",\"publisher\":{\"@id\":\"https:\/\/jornalfatosenoticias.com.br\/#organization\"},\"potentialAction\":[{\"@type\":\"SearchAction\",\"target\":{\"@type\":\"EntryPoint\",\"urlTemplate\":\"https:\/\/jornalfatosenoticias.com.br\/?s={search_term_string}\"},\"query-input\":{\"@type\":\"PropertyValueSpecification\",\"valueRequired\":true,\"valueName\":\"search_term_string\"}}],\"inLanguage\":\"pt-BR\"},{\"@type\":\"Organization\",\"@id\":\"https:\/\/jornalfatosenoticias.com.br\/#organization\",\"name\":\"Jornal Fatos e Not\u00edcias\",\"url\":\"https:\/\/jornalfatosenoticias.com.br\/\",\"logo\":{\"@type\":\"ImageObject\",\"inLanguage\":\"pt-BR\",\"@id\":\"https:\/\/jornalfatosenoticias.com.br\/#\/schema\/logo\/image\/\",\"url\":\"https:\/\/jornalfatosenoticias.com.br\/wp-content\/uploads\/2020\/02\/logo120.png\",\"contentUrl\":\"https:\/\/jornalfatosenoticias.com.br\/wp-content\/uploads\/2020\/02\/logo120.png\",\"width\":1227,\"height\":120,\"caption\":\"Jornal Fatos e Not\u00edcias\"},\"image\":{\"@id\":\"https:\/\/jornalfatosenoticias.com.br\/#\/schema\/logo\/image\/\"}},{\"@type\":\"Person\",\"@id\":\"https:\/\/jornalfatosenoticias.com.br\/#\/schema\/person\/d63837fa13ac8666eb9e74e0985d6f81\",\"name\":\"Luzimara Fernandes\",\"image\":{\"@type\":\"ImageObject\",\"inLanguage\":\"pt-BR\",\"@id\":\"https:\/\/jornalfatosenoticias.com.br\/#\/schema\/person\/image\/\",\"url\":\"https:\/\/jornalfatosenoticias.com.br\/wp-content\/uploads\/2025\/05\/EU_portal.jpg\",\"contentUrl\":\"https:\/\/jornalfatosenoticias.com.br\/wp-content\/uploads\/2025\/05\/EU_portal.jpg\",\"caption\":\"Luzimara Fernandes\"},\"description\":\"Jornalista MTB 2358-ES\",\"sameAs\":[\"https:\/\/jornalfatosenoticias.com.br\"],\"url\":\"https:\/\/jornalfatosenoticias.com.br\/index.php\/author\/luzimara\/\"}]}<\/script>\n<!-- \/ Yoast SEO plugin. -->","yoast_head_json":{"title":"Pesquisadores desenvolvem antenas bioinspirada em formato de plantas - Jornal Fatos e Not\u00edcias","robots":{"index":"index","follow":"follow","max-snippet":"max-snippet:-1","max-image-preview":"max-image-preview:large","max-video-preview":"max-video-preview:-1"},"canonical":"https:\/\/jornalfatosenoticias.com.br\/index.php\/2023\/03\/22\/pesquisadores-desenvolvem-antenas-bioinspirada-em-formato-de-plantas\/","og_locale":"pt_BR","og_type":"article","og_title":"Pesquisadores desenvolvem antenas bioinspirada em formato de plantas - Jornal Fatos e Not\u00edcias","og_description":"A partir do estudo realizado no Maranh\u00e3o foi poss\u00edvel reduzir em at\u00e9 80% a estrutura de uma antena padr\u00e3o sem contar com o baixo custo Eduarda Froes dos Santos, graduada em matem\u00e1tica pela Universidade Estadual do Maranh\u00e3o (Uema), junto com seu orientador Paulo Fernandes da Silva J\u00fanior, docente do curso de Engenharia da Computa\u00e7\u00e3o da [&hellip;]","og_url":"https:\/\/jornalfatosenoticias.com.br\/index.php\/2023\/03\/22\/pesquisadores-desenvolvem-antenas-bioinspirada-em-formato-de-plantas\/","og_site_name":"Jornal Fatos e Not\u00edcias","article_published_time":"2023-03-22T19:40:47+00:00","article_modified_time":"2023-03-22T19:40:48+00:00","og_image":[{"width":1000,"height":723,"url":"https:\/\/jornalfatosenoticias.com.br\/wp-content\/uploads\/2023\/03\/antenas-bioinspirada-em-formato-de-plantas.jpeg","type":"image\/jpeg"}],"author":"Luzimara Fernandes","twitter_card":"summary_large_image","twitter_misc":{"Escrito por":"Luzimara Fernandes","Est. tempo de leitura":"2 minutos"},"schema":{"@context":"https:\/\/schema.org","@graph":[{"@type":"Article","@id":"https:\/\/jornalfatosenoticias.com.br\/index.php\/2023\/03\/22\/pesquisadores-desenvolvem-antenas-bioinspirada-em-formato-de-plantas\/#article","isPartOf":{"@id":"https:\/\/jornalfatosenoticias.com.br\/index.php\/2023\/03\/22\/pesquisadores-desenvolvem-antenas-bioinspirada-em-formato-de-plantas\/"},"author":{"name":"Luzimara Fernandes","@id":"https:\/\/jornalfatosenoticias.com.br\/#\/schema\/person\/d63837fa13ac8666eb9e74e0985d6f81"},"headline":"Pesquisadores desenvolvem antenas bioinspirada em formato de plantas","datePublished":"2023-03-22T19:40:47+00:00","dateModified":"2023-03-22T19:40:48+00:00","mainEntityOfPage":{"@id":"https:\/\/jornalfatosenoticias.com.br\/index.php\/2023\/03\/22\/pesquisadores-desenvolvem-antenas-bioinspirada-em-formato-de-plantas\/"},"wordCount":458,"commentCount":0,"publisher":{"@id":"https:\/\/jornalfatosenoticias.com.br\/#organization"},"image":{"@id":"https:\/\/jornalfatosenoticias.com.br\/index.php\/2023\/03\/22\/pesquisadores-desenvolvem-antenas-bioinspirada-em-formato-de-plantas\/#primaryimage"},"thumbnailUrl":"https:\/\/jornalfatosenoticias.com.br\/wp-content\/uploads\/2023\/03\/antenas-bioinspirada-em-formato-de-plantas.jpeg","keywords":["antena bioinspirada","educa\u00e7\u00e3o","inova\u00e7\u00e3o","Maranh\u00e3o","plantas","tecnologia","Uema"],"articleSection":["Tecnologia &amp; Inova\u00e7\u00e3o"],"inLanguage":"pt-BR","potentialAction":[{"@type":"CommentAction","name":"Comment","target":["https:\/\/jornalfatosenoticias.com.br\/index.php\/2023\/03\/22\/pesquisadores-desenvolvem-antenas-bioinspirada-em-formato-de-plantas\/#respond"]}]},{"@type":"WebPage","@id":"https:\/\/jornalfatosenoticias.com.br\/index.php\/2023\/03\/22\/pesquisadores-desenvolvem-antenas-bioinspirada-em-formato-de-plantas\/","url":"https:\/\/jornalfatosenoticias.com.br\/index.php\/2023\/03\/22\/pesquisadores-desenvolvem-antenas-bioinspirada-em-formato-de-plantas\/","name":"Pesquisadores desenvolvem antenas bioinspirada em formato de plantas - Jornal Fatos e Not\u00edcias","isPartOf":{"@id":"https:\/\/jornalfatosenoticias.com.br\/#website"},"primaryImageOfPage":{"@id":"https:\/\/jornalfatosenoticias.com.br\/index.php\/2023\/03\/22\/pesquisadores-desenvolvem-antenas-bioinspirada-em-formato-de-plantas\/#primaryimage"},"image":{"@id":"https:\/\/jornalfatosenoticias.com.br\/index.php\/2023\/03\/22\/pesquisadores-desenvolvem-antenas-bioinspirada-em-formato-de-plantas\/#primaryimage"},"thumbnailUrl":"https:\/\/jornalfatosenoticias.com.br\/wp-content\/uploads\/2023\/03\/antenas-bioinspirada-em-formato-de-plantas.jpeg","datePublished":"2023-03-22T19:40:47+00:00","dateModified":"2023-03-22T19:40:48+00:00","breadcrumb":{"@id":"https:\/\/jornalfatosenoticias.com.br\/index.php\/2023\/03\/22\/pesquisadores-desenvolvem-antenas-bioinspirada-em-formato-de-plantas\/#breadcrumb"},"inLanguage":"pt-BR","potentialAction":[{"@type":"ReadAction","target":["https:\/\/jornalfatosenoticias.com.br\/index.php\/2023\/03\/22\/pesquisadores-desenvolvem-antenas-bioinspirada-em-formato-de-plantas\/"]}]},{"@type":"ImageObject","inLanguage":"pt-BR","@id":"https:\/\/jornalfatosenoticias.com.br\/index.php\/2023\/03\/22\/pesquisadores-desenvolvem-antenas-bioinspirada-em-formato-de-plantas\/#primaryimage","url":"https:\/\/jornalfatosenoticias.com.br\/wp-content\/uploads\/2023\/03\/antenas-bioinspirada-em-formato-de-plantas.jpeg","contentUrl":"https:\/\/jornalfatosenoticias.com.br\/wp-content\/uploads\/2023\/03\/antenas-bioinspirada-em-formato-de-plantas.jpeg","width":1000,"height":723},{"@type":"BreadcrumbList","@id":"https:\/\/jornalfatosenoticias.com.br\/index.php\/2023\/03\/22\/pesquisadores-desenvolvem-antenas-bioinspirada-em-formato-de-plantas\/#breadcrumb","itemListElement":[{"@type":"ListItem","position":1,"name":"In\u00edcio","item":"https:\/\/jornalfatosenoticias.com.br\/"},{"@type":"ListItem","position":2,"name":"Pesquisadores desenvolvem antenas bioinspirada em formato de plantas"}]},{"@type":"WebSite","@id":"https:\/\/jornalfatosenoticias.com.br\/#website","url":"https:\/\/jornalfatosenoticias.com.br\/","name":"Jornal Fatos e Not\u00edcias","description":"Not\u00edcias em geral","publisher":{"@id":"https:\/\/jornalfatosenoticias.com.br\/#organization"},"potentialAction":[{"@type":"SearchAction","target":{"@type":"EntryPoint","urlTemplate":"https:\/\/jornalfatosenoticias.com.br\/?s={search_term_string}"},"query-input":{"@type":"PropertyValueSpecification","valueRequired":true,"valueName":"search_term_string"}}],"inLanguage":"pt-BR"},{"@type":"Organization","@id":"https:\/\/jornalfatosenoticias.com.br\/#organization","name":"Jornal Fatos e Not\u00edcias","url":"https:\/\/jornalfatosenoticias.com.br\/","logo":{"@type":"ImageObject","inLanguage":"pt-BR","@id":"https:\/\/jornalfatosenoticias.com.br\/#\/schema\/logo\/image\/","url":"https:\/\/jornalfatosenoticias.com.br\/wp-content\/uploads\/2020\/02\/logo120.png","contentUrl":"https:\/\/jornalfatosenoticias.com.br\/wp-content\/uploads\/2020\/02\/logo120.png","width":1227,"height":120,"caption":"Jornal Fatos e Not\u00edcias"},"image":{"@id":"https:\/\/jornalfatosenoticias.com.br\/#\/schema\/logo\/image\/"}},{"@type":"Person","@id":"https:\/\/jornalfatosenoticias.com.br\/#\/schema\/person\/d63837fa13ac8666eb9e74e0985d6f81","name":"Luzimara Fernandes","image":{"@type":"ImageObject","inLanguage":"pt-BR","@id":"https:\/\/jornalfatosenoticias.com.br\/#\/schema\/person\/image\/","url":"https:\/\/jornalfatosenoticias.com.br\/wp-content\/uploads\/2025\/05\/EU_portal.jpg","contentUrl":"https:\/\/jornalfatosenoticias.com.br\/wp-content\/uploads\/2025\/05\/EU_portal.jpg","caption":"Luzimara Fernandes"},"description":"Jornalista MTB 2358-ES","sameAs":["https:\/\/jornalfatosenoticias.com.br"],"url":"https:\/\/jornalfatosenoticias.com.br\/index.php\/author\/luzimara\/"}]}},"cc_featured_image_caption":{"caption_text":"(Foto: Divulga\u00e7\u00e3o\/Uema) ","source_text":"","source_url":""},"jetpack_featured_media_url":"https:\/\/jornalfatosenoticias.com.br\/wp-content\/uploads\/2023\/03\/antenas-bioinspirada-em-formato-de-plantas.jpeg","_links":{"self":[{"href":"https:\/\/jornalfatosenoticias.com.br\/index.php\/wp-json\/wp\/v2\/posts\/39895","targetHints":{"allow":["GET"]}}],"collection":[{"href":"https:\/\/jornalfatosenoticias.com.br\/index.php\/wp-json\/wp\/v2\/posts"}],"about":[{"href":"https:\/\/jornalfatosenoticias.com.br\/index.php\/wp-json\/wp\/v2\/types\/post"}],"author":[{"embeddable":true,"href":"https:\/\/jornalfatosenoticias.com.br\/index.php\/wp-json\/wp\/v2\/users\/2"}],"replies":[{"embeddable":true,"href":"https:\/\/jornalfatosenoticias.com.br\/index.php\/wp-json\/wp\/v2\/comments?post=39895"}],"version-history":[{"count":0,"href":"https:\/\/jornalfatosenoticias.com.br\/index.php\/wp-json\/wp\/v2\/posts\/39895\/revisions"}],"wp:featuredmedia":[{"embeddable":true,"href":"https:\/\/jornalfatosenoticias.com.br\/index.php\/wp-json\/wp\/v2\/media\/39897"}],"wp:attachment":[{"href":"https:\/\/jornalfatosenoticias.com.br\/index.php\/wp-json\/wp\/v2\/media?parent=39895"}],"wp:term":[{"taxonomy":"category","embeddable":true,"href":"https:\/\/jornalfatosenoticias.com.br\/index.php\/wp-json\/wp\/v2\/categories?post=39895"},{"taxonomy":"post_tag","embeddable":true,"href":"https:\/\/jornalfatosenoticias.com.br\/index.php\/wp-json\/wp\/v2\/tags?post=39895"}],"curies":[{"name":"wp","href":"https:\/\/api.w.org\/{rel}","templated":true}]}}