{"id":3997,"date":"2020-05-04T15:16:27","date_gmt":"2020-05-04T18:16:27","guid":{"rendered":"https:\/\/jornalfatosenoticias.com.br\/?p=3997"},"modified":"2020-05-04T15:16:32","modified_gmt":"2020-05-04T18:16:32","slug":"o-indesejado-baby-boom-provocado-pela-pandemia","status":"publish","type":"post","link":"https:\/\/jornalfatosenoticias.com.br\/index.php\/2020\/05\/04\/o-indesejado-baby-boom-provocado-pela-pandemia\/","title":{"rendered":"O indesejado \u2018baby boom\u2019 provocado pela pandemia"},"content":{"rendered":"\n<h6 class=\"wp-block-heading\"><em>Um relat\u00f3rio do Fundo Populacional da ONU alerta que algumas medidas para combater a covid-19, como o confinamento e o fechamento de cl\u00ednicas por falta de material e pessoal, deixar\u00e3o 47 milh\u00f5es de mulheres sem acesso a m\u00e9todos anticoncepcionais<\/em><\/h6>\n\n\n\n<p>Elisabeth X., de 25 anos, carrega sua filha de um ano e cinco meses enquanto espera sua vez para que uma enfermeira em visita \u00e0 sua comunidade lhe administre anticoncepcionais. Escolhe os comprimidos. Joana Mauricio, enfermeira do hospital de Moamba, lhe d\u00e1 tr\u00eas tabletes, um para cada m\u00eas at\u00e9 que a cl\u00ednica ambulante que instalaram \u00e0 sombra de uma grande \u00e1rvore volte a Mahulane. Nesta dispersa aldeia de Mo\u00e7ambique, onde vivem cerca de mil pessoas, o centro de sa\u00fade mais pr\u00f3ximo fica a mais de 20 quil\u00f4metros. Por isso, e dada a dificuldade para que uma popula\u00e7\u00e3o rural pobre se desloque at\u00e9 o consult\u00f3rio, trimestralmente um grupo de profissionais vai ao seu encontro para administrar vacinas e medicamentos contra mal\u00e1ria, aids e outras doen\u00e7as e prestar servi\u00e7os de sa\u00fade sexual e reprodutiva, como a entrega de anticoncepcionais. \u201c\u00c9 muito importante que venhamos, porque para elas \u00e9 muito dif\u00edcil ir aos hospitais. \u00c9 bom que usem estes m\u00e9todos; explicamos a elas a import\u00e2ncia de que os utilizem para reduzir os casos de gravidez indesejada e partos em casa\u201d, conta a especialista.<br>A pr\u00f3xima visita deveria acontecer no come\u00e7o de junho, mas \u00e9 poss\u00edvel que Elisabeth X. e as demais mulheres da regi\u00e3o que n\u00e3o desejam ficar gr\u00e1vidas n\u00e3o recebam os m\u00e9todos para impedi-lo. O minist\u00e9rio de Sa\u00fade n\u00e3o descarta interromper este tipo de atividade em \u00e1reas rurais de Mo\u00e7ambique devido ao coronav\u00edrus (pelo qual foram notificados at\u00e9 agora 76 infectados no pa\u00eds, sem nenhuma morte). \u201cDepende da evolu\u00e7\u00e3o do n\u00famero de casos\u201d, explicam fontes do gabinete. Pode acontecer que, mesmo que a cl\u00ednica ambulante esteja l\u00e1, a popula\u00e7\u00e3o n\u00e3o apare\u00e7a por medo de se contagiar, ou que, embora compare\u00e7am \u00e0 consulta trimestral, n\u00e3o haja distribui\u00e7\u00e3o de anticoncepcionais. Estas s\u00e3o as causas pelas quais, segundo as estimativas do Fundo Populacional da ONU (UNFPA, na sigla em ingl\u00eas) publicadas no final de abril, 47 milh\u00f5es de mulheres deixar\u00e3o de ter acesso a m\u00e9todos de planejamento familiar e haver\u00e1 sete milh\u00f5es de gesta\u00e7\u00f5es indesejadas nos pr\u00f3ximos seis meses em 114 pa\u00edses de renda baixa e m\u00e9dia.<br>A pesquisa do UNFPA, feita com contribui\u00e7\u00f5es da Advir Health, da Universidade Johns Hopkins (EUA) e da Universidade de Victoria (Austr\u00e1lia), revela que, a cada trimestre que dure a interrup\u00e7\u00e3o dos servi\u00e7os de sa\u00fade sexual e reprodutiva, haver\u00e1 dois milh\u00f5es adicionais de mulheres que deixar\u00e3o de usar anticoncepcionais modernos. Isso representar\u00e1 um grande passo atr\u00e1s nos progressos que vinham propiciando a amplia\u00e7\u00e3o do seu uso, que quase duplicou em duas d\u00e9cadas, passando de 470 milh\u00f5es que os utilizavam em 1990 para 840 milh\u00f5es em 2018.<br>\u201cA pandemia est\u00e1 tendo um impacto catastr\u00f3fico para as mulheres e as meninas em n\u00edvel mundial. E temos que enfrent\u00e1-lo. Agora\u201d, sentencia Ramiz Alakbarov, diretor-executivo-adjunto do UNFPA, em uma conversa via internet. \u201cOs servi\u00e7os de aten\u00e7\u00e3o \u00e0 sa\u00fade materna e o acesso a anticoncepcionais n\u00e3o s\u00e3o opcionais. S\u00e3o essenciais e devem ser mantidos. As mulheres continuam ficando gr\u00e1vidas e tamb\u00e9m d\u00e3o \u00e0 luz durante a crise\u201d, enfatiza. \u201cO assessoramento e informa\u00e7\u00e3o sobre planejamento familiar, assim como a anticoncep\u00e7\u00e3o de emerg\u00eancia, consideram-se salvadores de vidas; devem proporcionar-se, estar dispon\u00edveis e ser acess\u00edveis\u201d, sublinha.<\/p>\n\n\n\n<blockquote class=\"wp-block-quote is-layout-flow wp-block-quote-is-layout-flow\"><p>Haver\u00e1 sete milh\u00f5es de gesta\u00e7\u00f5es indesejadas nos pr\u00f3ximos seis meses em 114 pa\u00edses de renda baixa e m\u00e9dia devido \u00e0 falta de acesso a m\u00e9todos e servi\u00e7os de planejamento familiar<\/p><\/blockquote>\n\n\n\n<figure class=\"wp-block-image size-large\"><img loading=\"lazy\" decoding=\"async\" width=\"1000\" height=\"720\" src=\"https:\/\/jornalfatosenoticias.com.br\/wp-content\/uploads\/2020\/05\/africa_anticoncepcional.jpg\" alt=\"\" class=\"wp-image-3998\" srcset=\"https:\/\/jornalfatosenoticias.com.br\/wp-content\/uploads\/2020\/05\/africa_anticoncepcional.jpg 1000w, https:\/\/jornalfatosenoticias.com.br\/wp-content\/uploads\/2020\/05\/africa_anticoncepcional-300x216.jpg 300w, https:\/\/jornalfatosenoticias.com.br\/wp-content\/uploads\/2020\/05\/africa_anticoncepcional-768x553.jpg 768w\" sizes=\"auto, (max-width: 1000px) 100vw, 1000px\" \/><figcaption><em>Joana Mauricio, enfermeira do hospital de Moamba (Mo\u00e7ambique), participa da equipe que a cada tr\u00eas meses viaja a comunidades remotas para informar sobre sa\u00fade sexual e reprodutiva e distribuir anticoncepcionais \u00e0s mulheres que solicitam. No come\u00e7o de mar\u00e7o, ela esteve na aldeia de Mahulane (Foto: A. Agudo)<\/em><\/figcaption><\/figure>\n\n\n\n<p>Neste sentido, o organismo da ONU tem evid\u00eancia de que esta classe de problemas j\u00e1 est\u00e1 acontecendo, sustenta Alakbarov. \u201cEm primeiro lugar, as cadeias de fornecimento se veem afetadas por din\u00e2micas que incluem o fechamento de fronteiras, problemas de transporte, dificuldades de fabrica\u00e7\u00e3o, e outros obst\u00e1culos para a distribui\u00e7\u00e3o\u201d. Mas matiza: \u201cObviamente, a situa\u00e7\u00e3o varia de um pa\u00eds para outro devido ao n\u00edvel de sua infraestrutura de desenvolvimento e a situa\u00e7\u00e3o epidemiol\u00f3gica atual\u201d. Os autores do relat\u00f3rio tamb\u00e9m alertaram que h\u00e1 mulheres que evitam ir ao centro de sa\u00fade por medo de se exporem \u00e0 infec\u00e7\u00e3o. \u201cE existe um problema de disponibilidade de equipamentos de prote\u00e7\u00e3o pessoal para aquelas cl\u00ednicas, como as de planejamento familiar, que podem n\u00e3o ser consideradas essenciais e, portanto, n\u00e3o tenham sido devidamente equipadas\u201d, prossegue.<br>Um estudo do Instituto Guttmacher publicado h\u00e1 10 dias na revista International Perspectives on Sexual and Reproductive Health refor\u00e7a a advert\u00eancia da ONU. Calcula que \u201cuma diminui\u00e7\u00e3o proporcional de 10% no uso de anticoncepcionais revers\u00edveis em curto e longo prazo teria como resultado que 49 milh\u00f5es de mulheres veriam insatisfeita a sua necessidade de anticoncep\u00e7\u00e3o moderna em pa\u00edses de renda baixa e m\u00e9dia\u201d. Elas se somariam a 232 milh\u00f5es que n\u00e3o estavam, j\u00e1 antes da pandemia, usando m\u00e9todos de planejamento familiar apesar de querer evitar uma gravidez.<br>Ocorreriam, al\u00e9m disso, 15 milh\u00f5es adicionais de gesta\u00e7\u00f5es indesejadas, alertam os pesquisadores da organiza\u00e7\u00e3o norte-americana. O que por sua vez \u201clevaria a mais abortos inseguros e outros resultados negativos\u201d como uma maior mortalidade materna. Concretamente, segundo suas proje\u00e7\u00f5es, uma diminui\u00e7\u00e3o de 10% na provis\u00e3o de atendimento m\u00e9dico relacionado \u00e0 gravidez e ao rec\u00e9m-nascido \u201cteria consequ\u00eancias desastrosas\u201d: 1,7 milh\u00e3o de m\u00e3es e 2,6 milh\u00f5es de beb\u00eas experimentariam complica\u00e7\u00f5es graves, e ocorreriam 28 mil mortes maternas e 168 mil falecimentos de rec\u00e9m-nascidos adicionais aos que j\u00e1 acontecem.<\/p>\n\n\n\n<figure class=\"wp-block-image size-large\"><img loading=\"lazy\" decoding=\"async\" width=\"1000\" height=\"569\" src=\"https:\/\/jornalfatosenoticias.com.br\/wp-content\/uploads\/2020\/05\/camisinhas.jpg\" alt=\"\" class=\"wp-image-3999\" srcset=\"https:\/\/jornalfatosenoticias.com.br\/wp-content\/uploads\/2020\/05\/camisinhas.jpg 1000w, https:\/\/jornalfatosenoticias.com.br\/wp-content\/uploads\/2020\/05\/camisinhas-300x171.jpg 300w, https:\/\/jornalfatosenoticias.com.br\/wp-content\/uploads\/2020\/05\/camisinhas-768x437.jpg 768w\" sizes=\"auto, (max-width: 1000px) 100vw, 1000px\" \/><figcaption><em>O UNFPA calcula que 47 milh\u00f5es de mulheres deixar\u00e3o de ter acesso a m\u00e9todos anticoncepcionais devido ao impacto da pandemia (Foto: Charles Deluvio\/Unsplash)<\/em><\/figcaption><\/figure>\n\n\n\n<p><br>\u201cAs mulheres gr\u00e1vidas com sintomas de covid-19 devem ter um acesso priorit\u00e1rio ao teste, e as unidades de sa\u00fade pr\u00e9-natal, neonatal e materna devem estar segregadas dos casos identificados de coronav\u00edrus\u201d, recomenda o diretor-adjunto do UNFPA. \u201cAs emerg\u00eancias de sa\u00fade p\u00fablica anteriores demonstraram que o impacto de uma epidemia na sa\u00fade sexual e reprodutiva frequentemente n\u00e3o \u00e9 reconhecido, porque os efeitos n\u00e3o s\u00e3o em muitos casos o resultado direto da infec\u00e7\u00e3o, mas sim se produzem como consequ\u00eancia indireta das interrup\u00e7\u00f5es no atendimento e do redirecionamento de recursos\u201d, analisa Elizabeth Sully, pesquisadora cient\u00edfica principal do Instituto Guttmacher.<br>Para que isso n\u00e3o aconte\u00e7a, \u201ch\u00e1 passos claros e concretos que os formuladores de pol\u00edticas podem e devem adotar para mitigar o dano e promover a sa\u00fade. N\u00e3o \u00e9 tarde demais, mas o momento de agir \u00e9 agora. O tempo est\u00e1 correndo\u201d, aponta Sully. Primeiro, promover a aten\u00e7\u00e3o \u00e0 sa\u00fade sexual e reprodutiva, inclu\u00eddos o aborto seguro, a anticoncep\u00e7\u00e3o e o atendimento materno e neonatal, pois s\u00e3o essenciais. Outros s\u00e3o garantir as cadeias de suprimento, procurar formas inovadoras de oferecer atendimento, como a telemedicina, e n\u00e3o abandonar as popula\u00e7\u00f5es mais remotas e marginalizadas, como a de Mahulane.<\/p>\n\n\n\n<h4 class=\"wp-block-heading\">Os outros efeitos da covid-19<\/h4>\n\n\n\n<p>\u201cN\u00e3o havia igualdade de g\u00eanero antes que esta epidemia come\u00e7asse, ent\u00e3o a desigualdade que gera se sobrep\u00f5e \u00e0 que j\u00e1 existia\u201d, analisa Alakbarov. Nenhum pa\u00eds estava em posi\u00e7\u00e3o de garantir \u00e0s mulheres que seus direitos seriam 100% preservados, e os recursos para promov\u00ea-los nunca chegavam a ser os minimamente necess\u00e1rios, esclarece o diretor-executivo-adjunto do UNFPA. A pandemia \u00e9 chover nesse molhado. E a sa\u00fade sexual e reprodutiva n\u00e3o \u00e9 o \u00fanico direito amea\u00e7ado pela covid-19 e pelas medidas adotadas para cont\u00ea-la.<br>No caso da viol\u00eancia de g\u00eanero, a decis\u00e3o de confinar \u00e0 popula\u00e7\u00e3o obriga milh\u00f5es de mulheres a conviverem com seus agressores. \u201cEspera-se que a pandemia de covid-19 aumente os n\u00edveis de viol\u00eancia\u201d. J\u00e1 h\u00e1 ind\u00edcios de que isso est\u00e1 acontecendo, diz o relat\u00f3rio do UNFPA, pois aumentaram os chamados \u00e0s linhas diretas de preven\u00e7\u00e3o da viol\u00eancia. Not\u00edcias sobre viol\u00eancia de g\u00eanero e assassinatos machistas nos meios de comunica\u00e7\u00e3o tamb\u00e9m corroboram essa impress\u00e3o. \u201cA sociedade civil e os Governos n\u00e3o deveriam abandonar as v\u00edtimas. Devem ter acesso a ajuda psicol\u00f3gica e, obviamente, a todas as outras formas de apoio\u201d, pede o executivo do UNFPA.<br>As estat\u00edsticas mostram que os abusos aumentam 20% durante os per\u00edodos de confinamento. De tal modo que haveria 15 milh\u00f5es adicionais de casos de viol\u00eancia de g\u00eanero em 2020 para uma dura\u00e7\u00e3o m\u00e9dia de tr\u00eas meses, que seriam 31 milh\u00f5es para um confinamento de seis meses, 45 milh\u00f5es para um bloqueio de nove, e 61 milh\u00f5es se o per\u00edodo for de um ano. S\u00e3o dados do UNFPA. E n\u00e3o \u00e9 o \u00fanico drama que milh\u00f5es de mulheres enfrentam. Devido \u00e0 interrup\u00e7\u00e3o dos programas para prevenir a mutila\u00e7\u00e3o genital feminina, enquanto a humanidade se centra em combater a pandemia dois milh\u00f5es de meninas ser\u00e3o v\u00edtimas desta pr\u00e1tica na pr\u00f3xima d\u00e9cada. \u201cE poderia ser evitado\u201d, escrevem os autores do documento. Como tamb\u00e9m se podem prevenir os 13 milh\u00f5es de casamentos infantis que a ONU calcula que ocorreram entre 2020 e 2030 devido apenas \u00e0 redu\u00e7\u00e3o de esfor\u00e7os neste cap\u00edtulo.<br>Por isso, porque \u00e9 uma quest\u00e3o de vida ou morte, porque o sofrimento pode ser evitado, Alakbarov pede: \u201cPriorizemos as mulheres e as meninas no momento da pandemia, n\u00e3o nos esque\u00e7amos das suas necessidades\u201d.<\/p>\n\n\n\n<p><em><strong>Fonte: <a href=\"https:\/\/brasil.elpais.com\/planeta_futuro\/2020-04-28\/o-indesejado-baby-boom-provocado-pela-pandemia.html\">El Pa\u00eds Brasil<\/a><\/strong><\/em><\/p>\n","protected":false},"excerpt":{"rendered":"<p>Um relat\u00f3rio do Fundo Populacional da ONU alerta que algumas medidas para combater a covid-19, como o confinamento e o fechamento de cl\u00ednicas por falta de material e pessoal, deixar\u00e3o 47 milh\u00f5es de mulheres sem acesso a m\u00e9todos anticoncepcionais Elisabeth X., de 25 anos, carrega sua filha de um ano e cinco meses enquanto espera [&hellip;]<\/p>\n","protected":false},"author":2,"featured_media":4000,"comment_status":"open","ping_status":"open","sticky":false,"template":"","format":"standard","meta":{"footnotes":""},"categories":[41,11],"tags":[2353,2354,273,1705,2355,387,89],"class_list":["post-3997","post","type-post","status-publish","format-standard","has-post-thumbnail","hentry","category-internacional","category-saude","tag-aborto","tag-aborto-ilegal","tag-covid-19","tag-gravidez","tag-gravidezes-nao-desejadas","tag-mulheres","tag-oms"],"yoast_head":"<!-- This site is optimized with the Yoast SEO plugin v26.5 - https:\/\/yoast.com\/wordpress\/plugins\/seo\/ -->\n<title>O indesejado \u2018baby boom\u2019 provocado pela pandemia - Jornal Fatos e Not\u00edcias<\/title>\n<meta name=\"robots\" content=\"index, follow, max-snippet:-1, max-image-preview:large, max-video-preview:-1\" \/>\n<link rel=\"canonical\" href=\"https:\/\/jornalfatosenoticias.com.br\/index.php\/2020\/05\/04\/o-indesejado-baby-boom-provocado-pela-pandemia\/\" \/>\n<meta property=\"og:locale\" content=\"pt_BR\" \/>\n<meta property=\"og:type\" content=\"article\" \/>\n<meta property=\"og:title\" content=\"O indesejado \u2018baby boom\u2019 provocado pela pandemia - Jornal Fatos e Not\u00edcias\" \/>\n<meta property=\"og:description\" content=\"Um relat\u00f3rio do Fundo Populacional da ONU alerta que algumas medidas para combater a covid-19, como o confinamento e o fechamento de cl\u00ednicas por falta de material e pessoal, deixar\u00e3o 47 milh\u00f5es de mulheres sem acesso a m\u00e9todos anticoncepcionais Elisabeth X., de 25 anos, carrega sua filha de um ano e cinco meses enquanto espera [&hellip;]\" \/>\n<meta property=\"og:url\" content=\"https:\/\/jornalfatosenoticias.com.br\/index.php\/2020\/05\/04\/o-indesejado-baby-boom-provocado-pela-pandemia\/\" \/>\n<meta property=\"og:site_name\" content=\"Jornal Fatos e Not\u00edcias\" \/>\n<meta property=\"article:published_time\" content=\"2020-05-04T18:16:27+00:00\" \/>\n<meta property=\"article:modified_time\" content=\"2020-05-04T18:16:32+00:00\" \/>\n<meta property=\"og:image\" content=\"https:\/\/jornalfatosenoticias.com.br\/wp-content\/uploads\/2020\/05\/BABY-BOOM.jpg\" \/>\n\t<meta property=\"og:image:width\" content=\"1000\" \/>\n\t<meta property=\"og:image:height\" content=\"562\" \/>\n\t<meta property=\"og:image:type\" content=\"image\/jpeg\" \/>\n<meta name=\"author\" content=\"Luzimara Fernandes\" \/>\n<meta name=\"twitter:card\" content=\"summary_large_image\" \/>\n<meta name=\"twitter:label1\" content=\"Escrito por\" \/>\n\t<meta name=\"twitter:data1\" content=\"Luzimara Fernandes\" \/>\n\t<meta name=\"twitter:label2\" content=\"Est. tempo de leitura\" \/>\n\t<meta name=\"twitter:data2\" content=\"9 minutos\" \/>\n<script type=\"application\/ld+json\" class=\"yoast-schema-graph\">{\"@context\":\"https:\/\/schema.org\",\"@graph\":[{\"@type\":\"Article\",\"@id\":\"https:\/\/jornalfatosenoticias.com.br\/index.php\/2020\/05\/04\/o-indesejado-baby-boom-provocado-pela-pandemia\/#article\",\"isPartOf\":{\"@id\":\"https:\/\/jornalfatosenoticias.com.br\/index.php\/2020\/05\/04\/o-indesejado-baby-boom-provocado-pela-pandemia\/\"},\"author\":{\"name\":\"Luzimara Fernandes\",\"@id\":\"https:\/\/jornalfatosenoticias.com.br\/#\/schema\/person\/d63837fa13ac8666eb9e74e0985d6f81\"},\"headline\":\"O indesejado \u2018baby boom\u2019 provocado pela pandemia\",\"datePublished\":\"2020-05-04T18:16:27+00:00\",\"dateModified\":\"2020-05-04T18:16:32+00:00\",\"mainEntityOfPage\":{\"@id\":\"https:\/\/jornalfatosenoticias.com.br\/index.php\/2020\/05\/04\/o-indesejado-baby-boom-provocado-pela-pandemia\/\"},\"wordCount\":1715,\"commentCount\":0,\"publisher\":{\"@id\":\"https:\/\/jornalfatosenoticias.com.br\/#organization\"},\"image\":{\"@id\":\"https:\/\/jornalfatosenoticias.com.br\/index.php\/2020\/05\/04\/o-indesejado-baby-boom-provocado-pela-pandemia\/#primaryimage\"},\"thumbnailUrl\":\"https:\/\/jornalfatosenoticias.com.br\/wp-content\/uploads\/2020\/05\/BABY-BOOM.jpg\",\"keywords\":[\"aborto\",\"aborto ilegal\",\"covid-19\",\"gravidez\",\"gravidezes n\u00e3o desejadas\",\"mulheres\",\"oms\"],\"articleSection\":[\"Internacional\",\"Sa\u00fade\"],\"inLanguage\":\"pt-BR\",\"potentialAction\":[{\"@type\":\"CommentAction\",\"name\":\"Comment\",\"target\":[\"https:\/\/jornalfatosenoticias.com.br\/index.php\/2020\/05\/04\/o-indesejado-baby-boom-provocado-pela-pandemia\/#respond\"]}]},{\"@type\":\"WebPage\",\"@id\":\"https:\/\/jornalfatosenoticias.com.br\/index.php\/2020\/05\/04\/o-indesejado-baby-boom-provocado-pela-pandemia\/\",\"url\":\"https:\/\/jornalfatosenoticias.com.br\/index.php\/2020\/05\/04\/o-indesejado-baby-boom-provocado-pela-pandemia\/\",\"name\":\"O indesejado \u2018baby boom\u2019 provocado pela pandemia - Jornal Fatos e Not\u00edcias\",\"isPartOf\":{\"@id\":\"https:\/\/jornalfatosenoticias.com.br\/#website\"},\"primaryImageOfPage\":{\"@id\":\"https:\/\/jornalfatosenoticias.com.br\/index.php\/2020\/05\/04\/o-indesejado-baby-boom-provocado-pela-pandemia\/#primaryimage\"},\"image\":{\"@id\":\"https:\/\/jornalfatosenoticias.com.br\/index.php\/2020\/05\/04\/o-indesejado-baby-boom-provocado-pela-pandemia\/#primaryimage\"},\"thumbnailUrl\":\"https:\/\/jornalfatosenoticias.com.br\/wp-content\/uploads\/2020\/05\/BABY-BOOM.jpg\",\"datePublished\":\"2020-05-04T18:16:27+00:00\",\"dateModified\":\"2020-05-04T18:16:32+00:00\",\"breadcrumb\":{\"@id\":\"https:\/\/jornalfatosenoticias.com.br\/index.php\/2020\/05\/04\/o-indesejado-baby-boom-provocado-pela-pandemia\/#breadcrumb\"},\"inLanguage\":\"pt-BR\",\"potentialAction\":[{\"@type\":\"ReadAction\",\"target\":[\"https:\/\/jornalfatosenoticias.com.br\/index.php\/2020\/05\/04\/o-indesejado-baby-boom-provocado-pela-pandemia\/\"]}]},{\"@type\":\"ImageObject\",\"inLanguage\":\"pt-BR\",\"@id\":\"https:\/\/jornalfatosenoticias.com.br\/index.php\/2020\/05\/04\/o-indesejado-baby-boom-provocado-pela-pandemia\/#primaryimage\",\"url\":\"https:\/\/jornalfatosenoticias.com.br\/wp-content\/uploads\/2020\/05\/BABY-BOOM.jpg\",\"contentUrl\":\"https:\/\/jornalfatosenoticias.com.br\/wp-content\/uploads\/2020\/05\/BABY-BOOM.jpg\",\"width\":1000,\"height\":562},{\"@type\":\"BreadcrumbList\",\"@id\":\"https:\/\/jornalfatosenoticias.com.br\/index.php\/2020\/05\/04\/o-indesejado-baby-boom-provocado-pela-pandemia\/#breadcrumb\",\"itemListElement\":[{\"@type\":\"ListItem\",\"position\":1,\"name\":\"In\u00edcio\",\"item\":\"https:\/\/jornalfatosenoticias.com.br\/\"},{\"@type\":\"ListItem\",\"position\":2,\"name\":\"O indesejado \u2018baby boom\u2019 provocado pela pandemia\"}]},{\"@type\":\"WebSite\",\"@id\":\"https:\/\/jornalfatosenoticias.com.br\/#website\",\"url\":\"https:\/\/jornalfatosenoticias.com.br\/\",\"name\":\"Jornal Fatos e Not\u00edcias\",\"description\":\"Not\u00edcias em geral\",\"publisher\":{\"@id\":\"https:\/\/jornalfatosenoticias.com.br\/#organization\"},\"potentialAction\":[{\"@type\":\"SearchAction\",\"target\":{\"@type\":\"EntryPoint\",\"urlTemplate\":\"https:\/\/jornalfatosenoticias.com.br\/?s={search_term_string}\"},\"query-input\":{\"@type\":\"PropertyValueSpecification\",\"valueRequired\":true,\"valueName\":\"search_term_string\"}}],\"inLanguage\":\"pt-BR\"},{\"@type\":\"Organization\",\"@id\":\"https:\/\/jornalfatosenoticias.com.br\/#organization\",\"name\":\"Jornal Fatos e Not\u00edcias\",\"url\":\"https:\/\/jornalfatosenoticias.com.br\/\",\"logo\":{\"@type\":\"ImageObject\",\"inLanguage\":\"pt-BR\",\"@id\":\"https:\/\/jornalfatosenoticias.com.br\/#\/schema\/logo\/image\/\",\"url\":\"https:\/\/jornalfatosenoticias.com.br\/wp-content\/uploads\/2020\/02\/logo120.png\",\"contentUrl\":\"https:\/\/jornalfatosenoticias.com.br\/wp-content\/uploads\/2020\/02\/logo120.png\",\"width\":1227,\"height\":120,\"caption\":\"Jornal Fatos e Not\u00edcias\"},\"image\":{\"@id\":\"https:\/\/jornalfatosenoticias.com.br\/#\/schema\/logo\/image\/\"}},{\"@type\":\"Person\",\"@id\":\"https:\/\/jornalfatosenoticias.com.br\/#\/schema\/person\/d63837fa13ac8666eb9e74e0985d6f81\",\"name\":\"Luzimara Fernandes\",\"image\":{\"@type\":\"ImageObject\",\"inLanguage\":\"pt-BR\",\"@id\":\"https:\/\/jornalfatosenoticias.com.br\/#\/schema\/person\/image\/\",\"url\":\"https:\/\/jornalfatosenoticias.com.br\/wp-content\/uploads\/2025\/05\/EU_portal.jpg\",\"contentUrl\":\"https:\/\/jornalfatosenoticias.com.br\/wp-content\/uploads\/2025\/05\/EU_portal.jpg\",\"caption\":\"Luzimara Fernandes\"},\"description\":\"Jornalista MTB 2358-ES\",\"sameAs\":[\"https:\/\/jornalfatosenoticias.com.br\"],\"url\":\"https:\/\/jornalfatosenoticias.com.br\/index.php\/author\/luzimara\/\"}]}<\/script>\n<!-- \/ Yoast SEO plugin. -->","yoast_head_json":{"title":"O indesejado \u2018baby boom\u2019 provocado pela pandemia - Jornal Fatos e Not\u00edcias","robots":{"index":"index","follow":"follow","max-snippet":"max-snippet:-1","max-image-preview":"max-image-preview:large","max-video-preview":"max-video-preview:-1"},"canonical":"https:\/\/jornalfatosenoticias.com.br\/index.php\/2020\/05\/04\/o-indesejado-baby-boom-provocado-pela-pandemia\/","og_locale":"pt_BR","og_type":"article","og_title":"O indesejado \u2018baby boom\u2019 provocado pela pandemia - Jornal Fatos e Not\u00edcias","og_description":"Um relat\u00f3rio do Fundo Populacional da ONU alerta que algumas medidas para combater a covid-19, como o confinamento e o fechamento de cl\u00ednicas por falta de material e pessoal, deixar\u00e3o 47 milh\u00f5es de mulheres sem acesso a m\u00e9todos anticoncepcionais Elisabeth X., de 25 anos, carrega sua filha de um ano e cinco meses enquanto espera [&hellip;]","og_url":"https:\/\/jornalfatosenoticias.com.br\/index.php\/2020\/05\/04\/o-indesejado-baby-boom-provocado-pela-pandemia\/","og_site_name":"Jornal Fatos e Not\u00edcias","article_published_time":"2020-05-04T18:16:27+00:00","article_modified_time":"2020-05-04T18:16:32+00:00","og_image":[{"width":1000,"height":562,"url":"https:\/\/jornalfatosenoticias.com.br\/wp-content\/uploads\/2020\/05\/BABY-BOOM.jpg","type":"image\/jpeg"}],"author":"Luzimara Fernandes","twitter_card":"summary_large_image","twitter_misc":{"Escrito por":"Luzimara Fernandes","Est. tempo de leitura":"9 minutos"},"schema":{"@context":"https:\/\/schema.org","@graph":[{"@type":"Article","@id":"https:\/\/jornalfatosenoticias.com.br\/index.php\/2020\/05\/04\/o-indesejado-baby-boom-provocado-pela-pandemia\/#article","isPartOf":{"@id":"https:\/\/jornalfatosenoticias.com.br\/index.php\/2020\/05\/04\/o-indesejado-baby-boom-provocado-pela-pandemia\/"},"author":{"name":"Luzimara Fernandes","@id":"https:\/\/jornalfatosenoticias.com.br\/#\/schema\/person\/d63837fa13ac8666eb9e74e0985d6f81"},"headline":"O indesejado \u2018baby boom\u2019 provocado pela pandemia","datePublished":"2020-05-04T18:16:27+00:00","dateModified":"2020-05-04T18:16:32+00:00","mainEntityOfPage":{"@id":"https:\/\/jornalfatosenoticias.com.br\/index.php\/2020\/05\/04\/o-indesejado-baby-boom-provocado-pela-pandemia\/"},"wordCount":1715,"commentCount":0,"publisher":{"@id":"https:\/\/jornalfatosenoticias.com.br\/#organization"},"image":{"@id":"https:\/\/jornalfatosenoticias.com.br\/index.php\/2020\/05\/04\/o-indesejado-baby-boom-provocado-pela-pandemia\/#primaryimage"},"thumbnailUrl":"https:\/\/jornalfatosenoticias.com.br\/wp-content\/uploads\/2020\/05\/BABY-BOOM.jpg","keywords":["aborto","aborto ilegal","covid-19","gravidez","gravidezes n\u00e3o desejadas","mulheres","oms"],"articleSection":["Internacional","Sa\u00fade"],"inLanguage":"pt-BR","potentialAction":[{"@type":"CommentAction","name":"Comment","target":["https:\/\/jornalfatosenoticias.com.br\/index.php\/2020\/05\/04\/o-indesejado-baby-boom-provocado-pela-pandemia\/#respond"]}]},{"@type":"WebPage","@id":"https:\/\/jornalfatosenoticias.com.br\/index.php\/2020\/05\/04\/o-indesejado-baby-boom-provocado-pela-pandemia\/","url":"https:\/\/jornalfatosenoticias.com.br\/index.php\/2020\/05\/04\/o-indesejado-baby-boom-provocado-pela-pandemia\/","name":"O indesejado \u2018baby boom\u2019 provocado pela pandemia - Jornal Fatos e Not\u00edcias","isPartOf":{"@id":"https:\/\/jornalfatosenoticias.com.br\/#website"},"primaryImageOfPage":{"@id":"https:\/\/jornalfatosenoticias.com.br\/index.php\/2020\/05\/04\/o-indesejado-baby-boom-provocado-pela-pandemia\/#primaryimage"},"image":{"@id":"https:\/\/jornalfatosenoticias.com.br\/index.php\/2020\/05\/04\/o-indesejado-baby-boom-provocado-pela-pandemia\/#primaryimage"},"thumbnailUrl":"https:\/\/jornalfatosenoticias.com.br\/wp-content\/uploads\/2020\/05\/BABY-BOOM.jpg","datePublished":"2020-05-04T18:16:27+00:00","dateModified":"2020-05-04T18:16:32+00:00","breadcrumb":{"@id":"https:\/\/jornalfatosenoticias.com.br\/index.php\/2020\/05\/04\/o-indesejado-baby-boom-provocado-pela-pandemia\/#breadcrumb"},"inLanguage":"pt-BR","potentialAction":[{"@type":"ReadAction","target":["https:\/\/jornalfatosenoticias.com.br\/index.php\/2020\/05\/04\/o-indesejado-baby-boom-provocado-pela-pandemia\/"]}]},{"@type":"ImageObject","inLanguage":"pt-BR","@id":"https:\/\/jornalfatosenoticias.com.br\/index.php\/2020\/05\/04\/o-indesejado-baby-boom-provocado-pela-pandemia\/#primaryimage","url":"https:\/\/jornalfatosenoticias.com.br\/wp-content\/uploads\/2020\/05\/BABY-BOOM.jpg","contentUrl":"https:\/\/jornalfatosenoticias.com.br\/wp-content\/uploads\/2020\/05\/BABY-BOOM.jpg","width":1000,"height":562},{"@type":"BreadcrumbList","@id":"https:\/\/jornalfatosenoticias.com.br\/index.php\/2020\/05\/04\/o-indesejado-baby-boom-provocado-pela-pandemia\/#breadcrumb","itemListElement":[{"@type":"ListItem","position":1,"name":"In\u00edcio","item":"https:\/\/jornalfatosenoticias.com.br\/"},{"@type":"ListItem","position":2,"name":"O indesejado \u2018baby boom\u2019 provocado pela pandemia"}]},{"@type":"WebSite","@id":"https:\/\/jornalfatosenoticias.com.br\/#website","url":"https:\/\/jornalfatosenoticias.com.br\/","name":"Jornal Fatos e Not\u00edcias","description":"Not\u00edcias em geral","publisher":{"@id":"https:\/\/jornalfatosenoticias.com.br\/#organization"},"potentialAction":[{"@type":"SearchAction","target":{"@type":"EntryPoint","urlTemplate":"https:\/\/jornalfatosenoticias.com.br\/?s={search_term_string}"},"query-input":{"@type":"PropertyValueSpecification","valueRequired":true,"valueName":"search_term_string"}}],"inLanguage":"pt-BR"},{"@type":"Organization","@id":"https:\/\/jornalfatosenoticias.com.br\/#organization","name":"Jornal Fatos e Not\u00edcias","url":"https:\/\/jornalfatosenoticias.com.br\/","logo":{"@type":"ImageObject","inLanguage":"pt-BR","@id":"https:\/\/jornalfatosenoticias.com.br\/#\/schema\/logo\/image\/","url":"https:\/\/jornalfatosenoticias.com.br\/wp-content\/uploads\/2020\/02\/logo120.png","contentUrl":"https:\/\/jornalfatosenoticias.com.br\/wp-content\/uploads\/2020\/02\/logo120.png","width":1227,"height":120,"caption":"Jornal Fatos e Not\u00edcias"},"image":{"@id":"https:\/\/jornalfatosenoticias.com.br\/#\/schema\/logo\/image\/"}},{"@type":"Person","@id":"https:\/\/jornalfatosenoticias.com.br\/#\/schema\/person\/d63837fa13ac8666eb9e74e0985d6f81","name":"Luzimara Fernandes","image":{"@type":"ImageObject","inLanguage":"pt-BR","@id":"https:\/\/jornalfatosenoticias.com.br\/#\/schema\/person\/image\/","url":"https:\/\/jornalfatosenoticias.com.br\/wp-content\/uploads\/2025\/05\/EU_portal.jpg","contentUrl":"https:\/\/jornalfatosenoticias.com.br\/wp-content\/uploads\/2025\/05\/EU_portal.jpg","caption":"Luzimara Fernandes"},"description":"Jornalista MTB 2358-ES","sameAs":["https:\/\/jornalfatosenoticias.com.br"],"url":"https:\/\/jornalfatosenoticias.com.br\/index.php\/author\/luzimara\/"}]}},"cc_featured_image_caption":{"caption_text":"Rec\u00e9m-nascidos (Foto: Reuters)\r\n","source_text":"","source_url":""},"jetpack_featured_media_url":"https:\/\/jornalfatosenoticias.com.br\/wp-content\/uploads\/2020\/05\/BABY-BOOM.jpg","_links":{"self":[{"href":"https:\/\/jornalfatosenoticias.com.br\/index.php\/wp-json\/wp\/v2\/posts\/3997","targetHints":{"allow":["GET"]}}],"collection":[{"href":"https:\/\/jornalfatosenoticias.com.br\/index.php\/wp-json\/wp\/v2\/posts"}],"about":[{"href":"https:\/\/jornalfatosenoticias.com.br\/index.php\/wp-json\/wp\/v2\/types\/post"}],"author":[{"embeddable":true,"href":"https:\/\/jornalfatosenoticias.com.br\/index.php\/wp-json\/wp\/v2\/users\/2"}],"replies":[{"embeddable":true,"href":"https:\/\/jornalfatosenoticias.com.br\/index.php\/wp-json\/wp\/v2\/comments?post=3997"}],"version-history":[{"count":0,"href":"https:\/\/jornalfatosenoticias.com.br\/index.php\/wp-json\/wp\/v2\/posts\/3997\/revisions"}],"wp:featuredmedia":[{"embeddable":true,"href":"https:\/\/jornalfatosenoticias.com.br\/index.php\/wp-json\/wp\/v2\/media\/4000"}],"wp:attachment":[{"href":"https:\/\/jornalfatosenoticias.com.br\/index.php\/wp-json\/wp\/v2\/media?parent=3997"}],"wp:term":[{"taxonomy":"category","embeddable":true,"href":"https:\/\/jornalfatosenoticias.com.br\/index.php\/wp-json\/wp\/v2\/categories?post=3997"},{"taxonomy":"post_tag","embeddable":true,"href":"https:\/\/jornalfatosenoticias.com.br\/index.php\/wp-json\/wp\/v2\/tags?post=3997"}],"curies":[{"name":"wp","href":"https:\/\/api.w.org\/{rel}","templated":true}]}}