{"id":40008,"date":"2023-03-27T10:54:20","date_gmt":"2023-03-27T13:54:20","guid":{"rendered":"https:\/\/jornalfatosenoticias.com.br\/?p=40008"},"modified":"2023-03-27T10:54:30","modified_gmt":"2023-03-27T13:54:30","slug":"tirar-uma-soneca-de-30-minutos-melhora-a-memoria-e-a-produtividade","status":"publish","type":"post","link":"https:\/\/jornalfatosenoticias.com.br\/index.php\/2023\/03\/27\/tirar-uma-soneca-de-30-minutos-melhora-a-memoria-e-a-produtividade\/","title":{"rendered":"Tirar uma soneca de 30 minutos melhora a mem\u00f3ria e a produtividade"},"content":{"rendered":"\n<div class=\"wp-block-image\"><figure class=\"aligncenter size-large is-resized\"><img loading=\"lazy\" decoding=\"async\" src=\"https:\/\/jornalfatosenoticias.com.br\/wp-content\/uploads\/2022\/02\/Precisao-Contabilidade-1024x724.jpg\" alt=\"\" class=\"wp-image-28088\" width=\"266\" height=\"188\"\/><\/figure><\/div>\n\n\n\n<p>Tirar cochilos curtos durante o dia, de 30 minutos, ajudam a melhorar a mem\u00f3ria e aumentar a produtividade. A constata\u00e7\u00e3o \u00e9 de uma pesquisa do Centro de Sono e Cogni\u00e7\u00e3o da NUS Medicine, nos EUA, que avaliou se existe uma dura\u00e7\u00e3o recomendada para que as sonecas proporcionem de fato um equil\u00edbrio e tragam um benef\u00edcio significativo. Os resultados do estudo foram publicados na revista Sleep, uma das mais importantes na \u00e1rea de medicina do sono.<\/p>\n\n\n\n<div class=\"wp-block-image\"><figure class=\"aligncenter size-large is-resized\"><img loading=\"lazy\" decoding=\"async\" src=\"https:\/\/jornalfatosenoticias.com.br\/wp-content\/uploads\/2020\/02\/logo-Panper_portal.jpg\" alt=\"\" class=\"wp-image-34474\" width=\"280\" height=\"194\" srcset=\"https:\/\/jornalfatosenoticias.com.br\/wp-content\/uploads\/2020\/02\/logo-Panper_portal.jpg 400w, https:\/\/jornalfatosenoticias.com.br\/wp-content\/uploads\/2020\/02\/logo-Panper_portal-300x208.jpg 300w\" sizes=\"auto, (max-width: 280px) 100vw, 280px\" \/><\/figure><\/div>\n\n\n\n<p><strong><em><span class=\"has-inline-color has-black-color\">As sonecas s\u00e3o per\u00edodos de sono que ocorrem fora do per\u00edodo noturno principal e s\u00e3o diferentes de um epis\u00f3dio de sono incontrol\u00e1vel e n\u00e3o intencional.<\/span><\/em><\/strong> Para descobrir os poss\u00edveis benef\u00edcios desses cochilos no meio do dia, os pesquisadores avaliaram as sonecas em 32 pessoas adultas que ap\u00f3s a quantidade de sono habitual noturno foram submetidas a quatro condi\u00e7\u00f5es experimentais: vig\u00edlia e cochilos de 10, 30 ou 60 minutos em dias alternados.<\/p>\n\n\n\n<div class=\"wp-block-image\"><figure class=\"aligncenter size-large\"><img loading=\"lazy\" decoding=\"async\" width=\"300\" height=\"250\" src=\"https:\/\/jornalfatosenoticias.com.br\/wp-content\/uploads\/2022\/08\/arte-Casarao.jpg\" alt=\"\" class=\"wp-image-33178\"\/><\/figure><\/div>\n\n\n\n<p>Os cientistas compararam o tempo de sono objetivamente por meio da polissonografia (exame realizado para medir as vari\u00e1veis fisiol\u00f3gicas do sono), o que permitiu saber exatamente a quantidade de tempo que deveria ser destinada para uma soneca de qualidade levando em considera\u00e7\u00e3o o tempo m\u00e9dio que a pessoa demorava para adormecer.<\/p>\n\n\n\n<div class=\"wp-block-image\"><figure class=\"aligncenter size-large is-resized\"><img loading=\"lazy\" decoding=\"async\" src=\"https:\/\/jornalfatosenoticias.com.br\/wp-content\/uploads\/2022\/08\/logo-locau-veiculos-1024x573.png\" alt=\"\" class=\"wp-image-33078\" width=\"287\" height=\"160\"\/><\/figure><\/div>\n\n\n\n<p>O humor, a sonol\u00eancia objetiva e o desempenho cognitivo dos volunt\u00e1rios foram medidos em intervalos de cinco minutos, 30, 60 e 240 minutos ap\u00f3s o despertar do cochilo para avaliar os poss\u00edveis efeitos ben\u00e9ficos dessa soneca. Os pesquisadores analisaram ainda os impactos desses minutos de sono na codifica\u00e7\u00e3o da mem\u00f3ria dos participantes.<\/p>\n\n\n\n<div class=\"wp-block-image\"><figure class=\"aligncenter size-large is-resized\"><img loading=\"lazy\" decoding=\"async\" src=\"https:\/\/jornalfatosenoticias.com.br\/wp-content\/uploads\/2022\/10\/Arte-jornal-Zucchi-600x600_Prancheta-1-1024x1024.jpg\" alt=\"\" class=\"wp-image-34782\" width=\"246\" height=\"246\" srcset=\"https:\/\/jornalfatosenoticias.com.br\/wp-content\/uploads\/2022\/10\/Arte-jornal-Zucchi-600x600_Prancheta-1-1024x1024.jpg 1024w, https:\/\/jornalfatosenoticias.com.br\/wp-content\/uploads\/2022\/10\/Arte-jornal-Zucchi-600x600_Prancheta-1-300x300.jpg 300w, https:\/\/jornalfatosenoticias.com.br\/wp-content\/uploads\/2022\/10\/Arte-jornal-Zucchi-600x600_Prancheta-1-150x150.jpg 150w, https:\/\/jornalfatosenoticias.com.br\/wp-content\/uploads\/2022\/10\/Arte-jornal-Zucchi-600x600_Prancheta-1-768x768.jpg 768w, https:\/\/jornalfatosenoticias.com.br\/wp-content\/uploads\/2022\/10\/Arte-jornal-Zucchi-600x600_Prancheta-1.jpg 1250w\" sizes=\"auto, (max-width: 246px) 100vw, 246px\" \/><\/figure><\/div>\n\n\n\n<p>Segundo o estudo, os participantes levaram de 10 a 15 minutos para adormecer. E os resultados apontam que, em compara\u00e7\u00e3o com a vig\u00edlia, todas as dura\u00e7\u00f5es de soneca tiveram benef\u00edcios claros na melhora do humor e no estado de alerta (desde as mais curtas, de 10 minutos, at\u00e9 as mais longas, de 60 minutos). No entanto, somente as sonecas de 30 minutos tiveram um benef\u00edcio direto na codifica\u00e7\u00e3o da mem\u00f3ria, o que indica que \u00e9 necess\u00e1rio dormir pelo menos meia hora para melhorar a mem\u00f3ria.<\/p>\n\n\n\n<div class=\"wp-block-image\"><figure class=\"aligncenter size-large is-resized\"><img loading=\"lazy\" decoding=\"async\" src=\"https:\/\/jornalfatosenoticias.com.br\/wp-content\/uploads\/2022\/07\/Logo-Grupo-SEI.jpg\" alt=\"\" class=\"wp-image-31973\" width=\"299\" height=\"157\" srcset=\"https:\/\/jornalfatosenoticias.com.br\/wp-content\/uploads\/2022\/07\/Logo-Grupo-SEI.jpg 713w, https:\/\/jornalfatosenoticias.com.br\/wp-content\/uploads\/2022\/07\/Logo-Grupo-SEI-300x158.jpg 300w\" sizes=\"auto, (max-width: 299px) 100vw, 299px\" \/><\/figure><\/div>\n\n\n\n<p><strong><span class=\"has-inline-color has-black-color\">Entendendo a soneca<br><\/span><\/strong>Para entender a import\u00e2ncia da soneca durante o dia \u00e9 preciso conhecer os mecanismos fisiol\u00f3gicos que nos fazem dormir \u00e0 noite. Segundo a neurologista Let\u00edcia Azevedo Soster, especialista em Medicina do Sono do Hospital Israelita Albert Einstein, o sono tem v\u00e1rias fun\u00e7\u00f5es no corpo, mas a fun\u00e7\u00e3o prim\u00e1ria \u00e9 fazer com que o nosso corpo recupere a energia que foi gasta no decorrer do dia.<\/p>\n\n\n\n<div class=\"wp-block-image\"><figure class=\"aligncenter size-large\"><img loading=\"lazy\" decoding=\"async\" width=\"300\" height=\"250\" src=\"https:\/\/jornalfatosenoticias.com.br\/wp-content\/uploads\/2022\/02\/FERRARI_MAQUINAS-E-FERRAMENTAS2.jpg\" alt=\"\" class=\"wp-image-27860\"\/><\/figure><\/div>\n\n\n\n<blockquote class=\"wp-block-quote is-layout-flow wp-block-quote-is-layout-flow\"><p><span class=\"has-inline-color has-luminous-vivid-orange-color\">N\u00e3o tiramos energia de nenhum lugar externo, n\u00f3s a produzimos. Acordamos cheios de energia e gastamos essa energia ao longo do dia. Quando isso acontece, as mol\u00e9culas de energia [chamadas de ATP] v\u00e3o se quebrando e se acumulando no organismo. A fun\u00e7\u00e3o do sono \u00e9 justamente reunificar e &#8216;colar&#8217; essas mol\u00e9culas novamente, para voltarmos a ter energia&#8221;, explicou a neurologista, ao frisar que \u00e9 o chamado processo homeost\u00e1tico.<\/span><\/p><\/blockquote>\n\n\n\n<div class=\"wp-block-image\"><figure class=\"aligncenter size-large\"><img loading=\"lazy\" decoding=\"async\" width=\"1024\" height=\"110\" src=\"https:\/\/jornalfatosenoticias.com.br\/wp-content\/uploads\/2023\/03\/Crypton-1120-\u00d7-120-px-1-1024x110.png\" alt=\"\" class=\"wp-image-39211\" srcset=\"https:\/\/jornalfatosenoticias.com.br\/wp-content\/uploads\/2023\/03\/Crypton-1120-\u00d7-120-px-1-1024x110.png 1024w, https:\/\/jornalfatosenoticias.com.br\/wp-content\/uploads\/2023\/03\/Crypton-1120-\u00d7-120-px-1-300x32.png 300w, https:\/\/jornalfatosenoticias.com.br\/wp-content\/uploads\/2023\/03\/Crypton-1120-\u00d7-120-px-1-768x82.png 768w, https:\/\/jornalfatosenoticias.com.br\/wp-content\/uploads\/2023\/03\/Crypton-1120-\u00d7-120-px-1.png 1120w\" sizes=\"auto, (max-width: 1024px) 100vw, 1024px\" \/><\/figure><\/div>\n\n\n\n<p>Mas n\u00e3o \u00e9 apenas por causa do gasto de energia que a gente dorme. N\u00f3s dormimos tamb\u00e9m por conta de um processo metab\u00f3lico \u2014 chamado rel\u00f3gio circadiano \u2014 que promove a sincroniza\u00e7\u00e3o do organismo em rela\u00e7\u00e3o ao claro e ao escuro do ambiente (vig\u00edlia e sono). O terceiro mecanismo que nos faz dormir \u00e9 o comportamental.<\/p>\n\n\n\n<div class=\"wp-block-image\"><figure class=\"aligncenter size-large is-resized\"><img loading=\"lazy\" decoding=\"async\" src=\"https:\/\/jornalfatosenoticias.com.br\/wp-content\/uploads\/2020\/02\/logo-embacia.jpg\" alt=\"\" class=\"wp-image-33905\" width=\"247\" height=\"247\"\/><\/figure><\/div>\n\n\n\n<blockquote class=\"wp-block-quote is-layout-flow wp-block-quote-is-layout-flow\"><p><span class=\"has-inline-color has-luminous-vivid-orange-color\">A gente dorme \u00e0 noite porque existe um favorecimento do processo homeost\u00e1tico [que \u00e9 o cansa\u00e7o ap\u00f3s o gasto da energia] com o momento metab\u00f3lico [o nosso organismo se prepara para dormir no escuro]. Ao unir esses dois mecanismos, mais o nosso comportamento, conseguimos adormecer e permanecer dormindo&#8221;, explicou Let\u00edcia.<\/span><\/p><\/blockquote>\n\n\n\n<div class=\"wp-block-image\"><figure class=\"aligncenter size-large\"><img decoding=\"async\" src=\"https:\/\/jornalfatosenoticias.com.br\/wp-content\/uploads\/2020\/02\/Serra-Grande-1024x160.png\" alt=\"\" class=\"wp-image-7836\"\/><\/figure><\/div>\n\n\n\n<p>Por\u00e9m, pode acontecer de n\u00f3s n\u00e3o suportarmos muito bem o ac\u00famulo de cansa\u00e7o durante o dia e, por isso, precisamos tirar uma soneca no meio do dia para realizar esse processo de reparo do cansa\u00e7o um pouco mais cedo. &#8220;\u00c9 o que acontece com o idoso, por exemplo, que faz mais sonecas ao longo do dia porque ele sente cansa\u00e7o com mais facilidade&#8221;, disse a neurologista.<br>Let\u00edcia destaca que a soneca \u00e9 muito \u00fatil para fazer essa compensa\u00e7\u00e3o do cansa\u00e7o que est\u00e1 excessivo e faz com que a gente n\u00e3o consiga cumprir as nossas atividades cotidianas, afinal, sentir sono durante o dia n\u00e3o \u00e9 bom e faz com que o c\u00e9rebro se ocupe em te manter acordado e em vig\u00edlia enquanto ele deveria se ocupar em te manter atento.<\/p>\n\n\n\n<div class=\"wp-block-image\"><figure class=\"aligncenter size-large is-resized\"><img loading=\"lazy\" decoding=\"async\" src=\"https:\/\/jornalfatosenoticias.com.br\/wp-content\/uploads\/2022\/10\/RC_800x750_page-0001.jpg\" alt=\"\" class=\"wp-image-35338\" width=\"259\" height=\"243\" srcset=\"https:\/\/jornalfatosenoticias.com.br\/wp-content\/uploads\/2022\/10\/RC_800x750_page-0001.jpg 400w, https:\/\/jornalfatosenoticias.com.br\/wp-content\/uploads\/2022\/10\/RC_800x750_page-0001-300x281.jpg 300w\" sizes=\"auto, (max-width: 259px) 100vw, 259px\" \/><\/figure><\/div>\n\n\n\n<blockquote class=\"wp-block-quote is-layout-flow wp-block-quote-is-layout-flow\"><p><span class=\"has-inline-color has-luminous-vivid-orange-color\">A aten\u00e7\u00e3o \u00e9 o item prim\u00e1rio da consolida\u00e7\u00e3o da mem\u00f3ria. Voc\u00ea n\u00e3o vai memorizar nada se voc\u00ea n\u00e3o estiver descansado e n\u00e3o prestar aten\u00e7\u00e3o. Para ter mem\u00f3ria e conseguir memorizar novos fatos, precisa ter aten\u00e7\u00e3o. E para ter aten\u00e7\u00e3o, a pessoa precisa estar v\u00edgil. Por isso, nesses casos, a soneca serve para compensar o cansa\u00e7o e reduzir a press\u00e3o de sono&#8221;, pontuou a especialista, que continua explicando que ao fazer sonecas mais longas voc\u00ea restaura mais fases de sono, o que torna a compensa\u00e7\u00e3o do metabolismo energ\u00e9tico mais eficiente.<\/span><\/p><\/blockquote>\n\n\n\n<div class=\"wp-block-image\"><figure class=\"aligncenter size-large\"><img decoding=\"async\" src=\"https:\/\/jornalfatosenoticias.com.br\/wp-content\/uploads\/2020\/02\/barao-das-carnes-300x164-1.jpg\" alt=\"\" class=\"wp-image-34339\"\/><\/figure><\/div>\n\n\n\n<p>Let\u00edcia ressalta, no entanto, que \u00e9 preciso avaliar a necessidade individual da soneca e encaixar a soneca num hor\u00e1rio adequado para que ela n\u00e3o atrapalhe o seu sono da noite. O primeiro passo \u00e9 saber se voc\u00ea est\u00e1 dormindo o suficiente para voc\u00ea. &#8220;Voc\u00ea s\u00f3 sabe que est\u00e1 dormindo o suficiente se estiver acordando bem&#8221;, diz.<br>Esse \u00e9 o ponto principal e independe da quantidade de horas dormidas, porque a quantidade de horas de sono varia de pessoa para pessoa. <\/p>\n\n\n\n<div class=\"wp-block-image\"><figure class=\"aligncenter size-large\"><img decoding=\"async\" src=\"https:\/\/jornalfatosenoticias.com.br\/wp-content\/uploads\/2020\/02\/logo_esteio.jpg\" alt=\"\" class=\"wp-image-1214\"\/><\/figure><\/div>\n\n\n\n<blockquote class=\"wp-block-quote is-layout-flow wp-block-quote-is-layout-flow\"><p><span class=\"has-inline-color has-luminous-vivid-orange-color\">Se voc\u00ea cochilar das 19h \u00e0s 20h, por exemplo, voc\u00ea provavelmente vai ter dificuldade para iniciar o seu sono \u00e0 noite. Mas se voc\u00ea tirar uma soneca logo depois do almo\u00e7o e se sentir bem, com certeza voc\u00ea vai se beneficiar e ficar mais relaxado&#8221;, finalizou.<\/span><\/p><\/blockquote>\n\n\n\n<div class=\"wp-block-image\"><figure class=\"aligncenter size-large is-resized\"><img loading=\"lazy\" decoding=\"async\" src=\"https:\/\/jornalfatosenoticias.com.br\/wp-content\/uploads\/2020\/02\/casa-do-torresmo_portal.jpg\" alt=\"\" class=\"wp-image-34472\" width=\"282\" height=\"282\" srcset=\"https:\/\/jornalfatosenoticias.com.br\/wp-content\/uploads\/2020\/02\/casa-do-torresmo_portal.jpg 300w, https:\/\/jornalfatosenoticias.com.br\/wp-content\/uploads\/2020\/02\/casa-do-torresmo_portal-150x150.jpg 150w\" sizes=\"auto, (max-width: 282px) 100vw, 282px\" \/><\/figure><\/div>\n\n\n\n<p><strong><em>Fonte: <a href=\"https:\/\/www.uol.com.br\/vivabem\/noticias\/redacao\/2023\/03\/18\/tirar-uma-soneca-de-30-minutos-melhora-a-memoria-e-a-produtividade.htm\">UOL<\/a><\/em><\/strong><\/p>\n","protected":false},"excerpt":{"rendered":"<p>Tirar cochilos curtos durante o dia, de 30 minutos, ajudam a melhorar a mem\u00f3ria e aumentar a produtividade. A constata\u00e7\u00e3o \u00e9 de uma pesquisa do Centro de Sono e Cogni\u00e7\u00e3o da NUS Medicine, nos EUA, que avaliou se existe uma dura\u00e7\u00e3o recomendada para que as sonecas proporcionem de fato um equil\u00edbrio e tragam um benef\u00edcio [&hellip;]<\/p>\n","protected":false},"author":2,"featured_media":40009,"comment_status":"open","ping_status":"open","sticky":false,"template":"","format":"standard","meta":{"footnotes":""},"categories":[42],"tags":[8112,2539,3247,967,18723,7230],"class_list":["post-40008","post","type-post","status-publish","format-standard","has-post-thumbnail","hentry","category-bem-estar","tag-cochilo","tag-energia","tag-memoria","tag-produtividade","tag-relogio-circadiano","tag-soneca"],"yoast_head":"<!-- This site is optimized with the Yoast SEO plugin v26.5 - https:\/\/yoast.com\/wordpress\/plugins\/seo\/ -->\n<title>Tirar uma soneca de 30 minutos melhora a mem\u00f3ria e a produtividade - Jornal Fatos e Not\u00edcias<\/title>\n<meta name=\"robots\" content=\"index, follow, max-snippet:-1, max-image-preview:large, max-video-preview:-1\" \/>\n<link rel=\"canonical\" href=\"https:\/\/jornalfatosenoticias.com.br\/index.php\/2023\/03\/27\/tirar-uma-soneca-de-30-minutos-melhora-a-memoria-e-a-produtividade\/\" \/>\n<meta property=\"og:locale\" content=\"pt_BR\" \/>\n<meta property=\"og:type\" content=\"article\" \/>\n<meta property=\"og:title\" content=\"Tirar uma soneca de 30 minutos melhora a mem\u00f3ria e a produtividade - Jornal Fatos e Not\u00edcias\" \/>\n<meta property=\"og:description\" content=\"Tirar cochilos curtos durante o dia, de 30 minutos, ajudam a melhorar a mem\u00f3ria e aumentar a produtividade. A constata\u00e7\u00e3o \u00e9 de uma pesquisa do Centro de Sono e Cogni\u00e7\u00e3o da NUS Medicine, nos EUA, que avaliou se existe uma dura\u00e7\u00e3o recomendada para que as sonecas proporcionem de fato um equil\u00edbrio e tragam um benef\u00edcio [&hellip;]\" \/>\n<meta property=\"og:url\" content=\"https:\/\/jornalfatosenoticias.com.br\/index.php\/2023\/03\/27\/tirar-uma-soneca-de-30-minutos-melhora-a-memoria-e-a-produtividade\/\" \/>\n<meta property=\"og:site_name\" content=\"Jornal Fatos e Not\u00edcias\" \/>\n<meta property=\"article:published_time\" content=\"2023-03-27T13:54:20+00:00\" \/>\n<meta property=\"article:modified_time\" content=\"2023-03-27T13:54:30+00:00\" \/>\n<meta property=\"og:image\" content=\"https:\/\/jornalfatosenoticias.com.br\/wp-content\/uploads\/2023\/03\/soneca-de-30-minutos-melhora-a-memoria.png\" \/>\n\t<meta property=\"og:image:width\" content=\"1000\" \/>\n\t<meta property=\"og:image:height\" content=\"562\" \/>\n\t<meta property=\"og:image:type\" content=\"image\/png\" \/>\n<meta name=\"author\" content=\"Luzimara Fernandes\" \/>\n<meta name=\"twitter:card\" content=\"summary_large_image\" \/>\n<meta name=\"twitter:label1\" content=\"Escrito por\" \/>\n\t<meta name=\"twitter:data1\" content=\"Luzimara Fernandes\" \/>\n\t<meta name=\"twitter:label2\" content=\"Est. tempo de leitura\" \/>\n\t<meta name=\"twitter:data2\" content=\"5 minutos\" \/>\n<script type=\"application\/ld+json\" class=\"yoast-schema-graph\">{\"@context\":\"https:\/\/schema.org\",\"@graph\":[{\"@type\":\"Article\",\"@id\":\"https:\/\/jornalfatosenoticias.com.br\/index.php\/2023\/03\/27\/tirar-uma-soneca-de-30-minutos-melhora-a-memoria-e-a-produtividade\/#article\",\"isPartOf\":{\"@id\":\"https:\/\/jornalfatosenoticias.com.br\/index.php\/2023\/03\/27\/tirar-uma-soneca-de-30-minutos-melhora-a-memoria-e-a-produtividade\/\"},\"author\":{\"name\":\"Luzimara Fernandes\",\"@id\":\"https:\/\/jornalfatosenoticias.com.br\/#\/schema\/person\/d63837fa13ac8666eb9e74e0985d6f81\"},\"headline\":\"Tirar uma soneca de 30 minutos melhora a mem\u00f3ria e a produtividade\",\"datePublished\":\"2023-03-27T13:54:20+00:00\",\"dateModified\":\"2023-03-27T13:54:30+00:00\",\"mainEntityOfPage\":{\"@id\":\"https:\/\/jornalfatosenoticias.com.br\/index.php\/2023\/03\/27\/tirar-uma-soneca-de-30-minutos-melhora-a-memoria-e-a-produtividade\/\"},\"wordCount\":999,\"commentCount\":0,\"publisher\":{\"@id\":\"https:\/\/jornalfatosenoticias.com.br\/#organization\"},\"image\":{\"@id\":\"https:\/\/jornalfatosenoticias.com.br\/index.php\/2023\/03\/27\/tirar-uma-soneca-de-30-minutos-melhora-a-memoria-e-a-produtividade\/#primaryimage\"},\"thumbnailUrl\":\"https:\/\/jornalfatosenoticias.com.br\/wp-content\/uploads\/2023\/03\/soneca-de-30-minutos-melhora-a-memoria.png\",\"keywords\":[\"cochilo\",\"energia\",\"mem\u00f3ria\",\"produtividade\",\"rel\u00f3gio circadiano\",\"soneca\"],\"articleSection\":[\"Bem-estar\"],\"inLanguage\":\"pt-BR\",\"potentialAction\":[{\"@type\":\"CommentAction\",\"name\":\"Comment\",\"target\":[\"https:\/\/jornalfatosenoticias.com.br\/index.php\/2023\/03\/27\/tirar-uma-soneca-de-30-minutos-melhora-a-memoria-e-a-produtividade\/#respond\"]}]},{\"@type\":\"WebPage\",\"@id\":\"https:\/\/jornalfatosenoticias.com.br\/index.php\/2023\/03\/27\/tirar-uma-soneca-de-30-minutos-melhora-a-memoria-e-a-produtividade\/\",\"url\":\"https:\/\/jornalfatosenoticias.com.br\/index.php\/2023\/03\/27\/tirar-uma-soneca-de-30-minutos-melhora-a-memoria-e-a-produtividade\/\",\"name\":\"Tirar uma soneca de 30 minutos melhora a mem\u00f3ria e a produtividade - Jornal Fatos e Not\u00edcias\",\"isPartOf\":{\"@id\":\"https:\/\/jornalfatosenoticias.com.br\/#website\"},\"primaryImageOfPage\":{\"@id\":\"https:\/\/jornalfatosenoticias.com.br\/index.php\/2023\/03\/27\/tirar-uma-soneca-de-30-minutos-melhora-a-memoria-e-a-produtividade\/#primaryimage\"},\"image\":{\"@id\":\"https:\/\/jornalfatosenoticias.com.br\/index.php\/2023\/03\/27\/tirar-uma-soneca-de-30-minutos-melhora-a-memoria-e-a-produtividade\/#primaryimage\"},\"thumbnailUrl\":\"https:\/\/jornalfatosenoticias.com.br\/wp-content\/uploads\/2023\/03\/soneca-de-30-minutos-melhora-a-memoria.png\",\"datePublished\":\"2023-03-27T13:54:20+00:00\",\"dateModified\":\"2023-03-27T13:54:30+00:00\",\"breadcrumb\":{\"@id\":\"https:\/\/jornalfatosenoticias.com.br\/index.php\/2023\/03\/27\/tirar-uma-soneca-de-30-minutos-melhora-a-memoria-e-a-produtividade\/#breadcrumb\"},\"inLanguage\":\"pt-BR\",\"potentialAction\":[{\"@type\":\"ReadAction\",\"target\":[\"https:\/\/jornalfatosenoticias.com.br\/index.php\/2023\/03\/27\/tirar-uma-soneca-de-30-minutos-melhora-a-memoria-e-a-produtividade\/\"]}]},{\"@type\":\"ImageObject\",\"inLanguage\":\"pt-BR\",\"@id\":\"https:\/\/jornalfatosenoticias.com.br\/index.php\/2023\/03\/27\/tirar-uma-soneca-de-30-minutos-melhora-a-memoria-e-a-produtividade\/#primaryimage\",\"url\":\"https:\/\/jornalfatosenoticias.com.br\/wp-content\/uploads\/2023\/03\/soneca-de-30-minutos-melhora-a-memoria.png\",\"contentUrl\":\"https:\/\/jornalfatosenoticias.com.br\/wp-content\/uploads\/2023\/03\/soneca-de-30-minutos-melhora-a-memoria.png\",\"width\":1000,\"height\":562},{\"@type\":\"BreadcrumbList\",\"@id\":\"https:\/\/jornalfatosenoticias.com.br\/index.php\/2023\/03\/27\/tirar-uma-soneca-de-30-minutos-melhora-a-memoria-e-a-produtividade\/#breadcrumb\",\"itemListElement\":[{\"@type\":\"ListItem\",\"position\":1,\"name\":\"In\u00edcio\",\"item\":\"https:\/\/jornalfatosenoticias.com.br\/\"},{\"@type\":\"ListItem\",\"position\":2,\"name\":\"Tirar uma soneca de 30 minutos melhora a mem\u00f3ria e a produtividade\"}]},{\"@type\":\"WebSite\",\"@id\":\"https:\/\/jornalfatosenoticias.com.br\/#website\",\"url\":\"https:\/\/jornalfatosenoticias.com.br\/\",\"name\":\"Jornal Fatos e Not\u00edcias\",\"description\":\"Not\u00edcias em geral\",\"publisher\":{\"@id\":\"https:\/\/jornalfatosenoticias.com.br\/#organization\"},\"potentialAction\":[{\"@type\":\"SearchAction\",\"target\":{\"@type\":\"EntryPoint\",\"urlTemplate\":\"https:\/\/jornalfatosenoticias.com.br\/?s={search_term_string}\"},\"query-input\":{\"@type\":\"PropertyValueSpecification\",\"valueRequired\":true,\"valueName\":\"search_term_string\"}}],\"inLanguage\":\"pt-BR\"},{\"@type\":\"Organization\",\"@id\":\"https:\/\/jornalfatosenoticias.com.br\/#organization\",\"name\":\"Jornal Fatos e Not\u00edcias\",\"url\":\"https:\/\/jornalfatosenoticias.com.br\/\",\"logo\":{\"@type\":\"ImageObject\",\"inLanguage\":\"pt-BR\",\"@id\":\"https:\/\/jornalfatosenoticias.com.br\/#\/schema\/logo\/image\/\",\"url\":\"https:\/\/jornalfatosenoticias.com.br\/wp-content\/uploads\/2020\/02\/logo120.png\",\"contentUrl\":\"https:\/\/jornalfatosenoticias.com.br\/wp-content\/uploads\/2020\/02\/logo120.png\",\"width\":1227,\"height\":120,\"caption\":\"Jornal Fatos e Not\u00edcias\"},\"image\":{\"@id\":\"https:\/\/jornalfatosenoticias.com.br\/#\/schema\/logo\/image\/\"}},{\"@type\":\"Person\",\"@id\":\"https:\/\/jornalfatosenoticias.com.br\/#\/schema\/person\/d63837fa13ac8666eb9e74e0985d6f81\",\"name\":\"Luzimara Fernandes\",\"image\":{\"@type\":\"ImageObject\",\"inLanguage\":\"pt-BR\",\"@id\":\"https:\/\/jornalfatosenoticias.com.br\/#\/schema\/person\/image\/\",\"url\":\"https:\/\/jornalfatosenoticias.com.br\/wp-content\/uploads\/2025\/05\/EU_portal.jpg\",\"contentUrl\":\"https:\/\/jornalfatosenoticias.com.br\/wp-content\/uploads\/2025\/05\/EU_portal.jpg\",\"caption\":\"Luzimara Fernandes\"},\"description\":\"Jornalista MTB 2358-ES\",\"sameAs\":[\"https:\/\/jornalfatosenoticias.com.br\"],\"url\":\"https:\/\/jornalfatosenoticias.com.br\/index.php\/author\/luzimara\/\"}]}<\/script>\n<!-- \/ Yoast SEO plugin. -->","yoast_head_json":{"title":"Tirar uma soneca de 30 minutos melhora a mem\u00f3ria e a produtividade - Jornal Fatos e Not\u00edcias","robots":{"index":"index","follow":"follow","max-snippet":"max-snippet:-1","max-image-preview":"max-image-preview:large","max-video-preview":"max-video-preview:-1"},"canonical":"https:\/\/jornalfatosenoticias.com.br\/index.php\/2023\/03\/27\/tirar-uma-soneca-de-30-minutos-melhora-a-memoria-e-a-produtividade\/","og_locale":"pt_BR","og_type":"article","og_title":"Tirar uma soneca de 30 minutos melhora a mem\u00f3ria e a produtividade - Jornal Fatos e Not\u00edcias","og_description":"Tirar cochilos curtos durante o dia, de 30 minutos, ajudam a melhorar a mem\u00f3ria e aumentar a produtividade. A constata\u00e7\u00e3o \u00e9 de uma pesquisa do Centro de Sono e Cogni\u00e7\u00e3o da NUS Medicine, nos EUA, que avaliou se existe uma dura\u00e7\u00e3o recomendada para que as sonecas proporcionem de fato um equil\u00edbrio e tragam um benef\u00edcio [&hellip;]","og_url":"https:\/\/jornalfatosenoticias.com.br\/index.php\/2023\/03\/27\/tirar-uma-soneca-de-30-minutos-melhora-a-memoria-e-a-produtividade\/","og_site_name":"Jornal Fatos e Not\u00edcias","article_published_time":"2023-03-27T13:54:20+00:00","article_modified_time":"2023-03-27T13:54:30+00:00","og_image":[{"width":1000,"height":562,"url":"https:\/\/jornalfatosenoticias.com.br\/wp-content\/uploads\/2023\/03\/soneca-de-30-minutos-melhora-a-memoria.png","type":"image\/png"}],"author":"Luzimara Fernandes","twitter_card":"summary_large_image","twitter_misc":{"Escrito por":"Luzimara Fernandes","Est. tempo de leitura":"5 minutos"},"schema":{"@context":"https:\/\/schema.org","@graph":[{"@type":"Article","@id":"https:\/\/jornalfatosenoticias.com.br\/index.php\/2023\/03\/27\/tirar-uma-soneca-de-30-minutos-melhora-a-memoria-e-a-produtividade\/#article","isPartOf":{"@id":"https:\/\/jornalfatosenoticias.com.br\/index.php\/2023\/03\/27\/tirar-uma-soneca-de-30-minutos-melhora-a-memoria-e-a-produtividade\/"},"author":{"name":"Luzimara Fernandes","@id":"https:\/\/jornalfatosenoticias.com.br\/#\/schema\/person\/d63837fa13ac8666eb9e74e0985d6f81"},"headline":"Tirar uma soneca de 30 minutos melhora a mem\u00f3ria e a produtividade","datePublished":"2023-03-27T13:54:20+00:00","dateModified":"2023-03-27T13:54:30+00:00","mainEntityOfPage":{"@id":"https:\/\/jornalfatosenoticias.com.br\/index.php\/2023\/03\/27\/tirar-uma-soneca-de-30-minutos-melhora-a-memoria-e-a-produtividade\/"},"wordCount":999,"commentCount":0,"publisher":{"@id":"https:\/\/jornalfatosenoticias.com.br\/#organization"},"image":{"@id":"https:\/\/jornalfatosenoticias.com.br\/index.php\/2023\/03\/27\/tirar-uma-soneca-de-30-minutos-melhora-a-memoria-e-a-produtividade\/#primaryimage"},"thumbnailUrl":"https:\/\/jornalfatosenoticias.com.br\/wp-content\/uploads\/2023\/03\/soneca-de-30-minutos-melhora-a-memoria.png","keywords":["cochilo","energia","mem\u00f3ria","produtividade","rel\u00f3gio circadiano","soneca"],"articleSection":["Bem-estar"],"inLanguage":"pt-BR","potentialAction":[{"@type":"CommentAction","name":"Comment","target":["https:\/\/jornalfatosenoticias.com.br\/index.php\/2023\/03\/27\/tirar-uma-soneca-de-30-minutos-melhora-a-memoria-e-a-produtividade\/#respond"]}]},{"@type":"WebPage","@id":"https:\/\/jornalfatosenoticias.com.br\/index.php\/2023\/03\/27\/tirar-uma-soneca-de-30-minutos-melhora-a-memoria-e-a-produtividade\/","url":"https:\/\/jornalfatosenoticias.com.br\/index.php\/2023\/03\/27\/tirar-uma-soneca-de-30-minutos-melhora-a-memoria-e-a-produtividade\/","name":"Tirar uma soneca de 30 minutos melhora a mem\u00f3ria e a produtividade - Jornal Fatos e Not\u00edcias","isPartOf":{"@id":"https:\/\/jornalfatosenoticias.com.br\/#website"},"primaryImageOfPage":{"@id":"https:\/\/jornalfatosenoticias.com.br\/index.php\/2023\/03\/27\/tirar-uma-soneca-de-30-minutos-melhora-a-memoria-e-a-produtividade\/#primaryimage"},"image":{"@id":"https:\/\/jornalfatosenoticias.com.br\/index.php\/2023\/03\/27\/tirar-uma-soneca-de-30-minutos-melhora-a-memoria-e-a-produtividade\/#primaryimage"},"thumbnailUrl":"https:\/\/jornalfatosenoticias.com.br\/wp-content\/uploads\/2023\/03\/soneca-de-30-minutos-melhora-a-memoria.png","datePublished":"2023-03-27T13:54:20+00:00","dateModified":"2023-03-27T13:54:30+00:00","breadcrumb":{"@id":"https:\/\/jornalfatosenoticias.com.br\/index.php\/2023\/03\/27\/tirar-uma-soneca-de-30-minutos-melhora-a-memoria-e-a-produtividade\/#breadcrumb"},"inLanguage":"pt-BR","potentialAction":[{"@type":"ReadAction","target":["https:\/\/jornalfatosenoticias.com.br\/index.php\/2023\/03\/27\/tirar-uma-soneca-de-30-minutos-melhora-a-memoria-e-a-produtividade\/"]}]},{"@type":"ImageObject","inLanguage":"pt-BR","@id":"https:\/\/jornalfatosenoticias.com.br\/index.php\/2023\/03\/27\/tirar-uma-soneca-de-30-minutos-melhora-a-memoria-e-a-produtividade\/#primaryimage","url":"https:\/\/jornalfatosenoticias.com.br\/wp-content\/uploads\/2023\/03\/soneca-de-30-minutos-melhora-a-memoria.png","contentUrl":"https:\/\/jornalfatosenoticias.com.br\/wp-content\/uploads\/2023\/03\/soneca-de-30-minutos-melhora-a-memoria.png","width":1000,"height":562},{"@type":"BreadcrumbList","@id":"https:\/\/jornalfatosenoticias.com.br\/index.php\/2023\/03\/27\/tirar-uma-soneca-de-30-minutos-melhora-a-memoria-e-a-produtividade\/#breadcrumb","itemListElement":[{"@type":"ListItem","position":1,"name":"In\u00edcio","item":"https:\/\/jornalfatosenoticias.com.br\/"},{"@type":"ListItem","position":2,"name":"Tirar uma soneca de 30 minutos melhora a mem\u00f3ria e a produtividade"}]},{"@type":"WebSite","@id":"https:\/\/jornalfatosenoticias.com.br\/#website","url":"https:\/\/jornalfatosenoticias.com.br\/","name":"Jornal Fatos e Not\u00edcias","description":"Not\u00edcias em geral","publisher":{"@id":"https:\/\/jornalfatosenoticias.com.br\/#organization"},"potentialAction":[{"@type":"SearchAction","target":{"@type":"EntryPoint","urlTemplate":"https:\/\/jornalfatosenoticias.com.br\/?s={search_term_string}"},"query-input":{"@type":"PropertyValueSpecification","valueRequired":true,"valueName":"search_term_string"}}],"inLanguage":"pt-BR"},{"@type":"Organization","@id":"https:\/\/jornalfatosenoticias.com.br\/#organization","name":"Jornal Fatos e Not\u00edcias","url":"https:\/\/jornalfatosenoticias.com.br\/","logo":{"@type":"ImageObject","inLanguage":"pt-BR","@id":"https:\/\/jornalfatosenoticias.com.br\/#\/schema\/logo\/image\/","url":"https:\/\/jornalfatosenoticias.com.br\/wp-content\/uploads\/2020\/02\/logo120.png","contentUrl":"https:\/\/jornalfatosenoticias.com.br\/wp-content\/uploads\/2020\/02\/logo120.png","width":1227,"height":120,"caption":"Jornal Fatos e Not\u00edcias"},"image":{"@id":"https:\/\/jornalfatosenoticias.com.br\/#\/schema\/logo\/image\/"}},{"@type":"Person","@id":"https:\/\/jornalfatosenoticias.com.br\/#\/schema\/person\/d63837fa13ac8666eb9e74e0985d6f81","name":"Luzimara Fernandes","image":{"@type":"ImageObject","inLanguage":"pt-BR","@id":"https:\/\/jornalfatosenoticias.com.br\/#\/schema\/person\/image\/","url":"https:\/\/jornalfatosenoticias.com.br\/wp-content\/uploads\/2025\/05\/EU_portal.jpg","contentUrl":"https:\/\/jornalfatosenoticias.com.br\/wp-content\/uploads\/2025\/05\/EU_portal.jpg","caption":"Luzimara Fernandes"},"description":"Jornalista MTB 2358-ES","sameAs":["https:\/\/jornalfatosenoticias.com.br"],"url":"https:\/\/jornalfatosenoticias.com.br\/index.php\/author\/luzimara\/"}]}},"cc_featured_image_caption":{"caption_text":"(Foto: iStock) ","source_text":"","source_url":""},"jetpack_featured_media_url":"https:\/\/jornalfatosenoticias.com.br\/wp-content\/uploads\/2023\/03\/soneca-de-30-minutos-melhora-a-memoria.png","_links":{"self":[{"href":"https:\/\/jornalfatosenoticias.com.br\/index.php\/wp-json\/wp\/v2\/posts\/40008","targetHints":{"allow":["GET"]}}],"collection":[{"href":"https:\/\/jornalfatosenoticias.com.br\/index.php\/wp-json\/wp\/v2\/posts"}],"about":[{"href":"https:\/\/jornalfatosenoticias.com.br\/index.php\/wp-json\/wp\/v2\/types\/post"}],"author":[{"embeddable":true,"href":"https:\/\/jornalfatosenoticias.com.br\/index.php\/wp-json\/wp\/v2\/users\/2"}],"replies":[{"embeddable":true,"href":"https:\/\/jornalfatosenoticias.com.br\/index.php\/wp-json\/wp\/v2\/comments?post=40008"}],"version-history":[{"count":0,"href":"https:\/\/jornalfatosenoticias.com.br\/index.php\/wp-json\/wp\/v2\/posts\/40008\/revisions"}],"wp:featuredmedia":[{"embeddable":true,"href":"https:\/\/jornalfatosenoticias.com.br\/index.php\/wp-json\/wp\/v2\/media\/40009"}],"wp:attachment":[{"href":"https:\/\/jornalfatosenoticias.com.br\/index.php\/wp-json\/wp\/v2\/media?parent=40008"}],"wp:term":[{"taxonomy":"category","embeddable":true,"href":"https:\/\/jornalfatosenoticias.com.br\/index.php\/wp-json\/wp\/v2\/categories?post=40008"},{"taxonomy":"post_tag","embeddable":true,"href":"https:\/\/jornalfatosenoticias.com.br\/index.php\/wp-json\/wp\/v2\/tags?post=40008"}],"curies":[{"name":"wp","href":"https:\/\/api.w.org\/{rel}","templated":true}]}}