{"id":40018,"date":"2023-03-27T11:39:07","date_gmt":"2023-03-27T14:39:07","guid":{"rendered":"https:\/\/jornalfatosenoticias.com.br\/?p=40018"},"modified":"2023-03-27T11:39:09","modified_gmt":"2023-03-27T14:39:09","slug":"united-airlines-e-archer-aviation-farao-rota-de-taxi-aereo-em-chicago-em-2025","status":"publish","type":"post","link":"https:\/\/jornalfatosenoticias.com.br\/index.php\/2023\/03\/27\/united-airlines-e-archer-aviation-farao-rota-de-taxi-aereo-em-chicago-em-2025\/","title":{"rendered":"United Airlines e Archer Aviation far\u00e3o rota de taxi a\u00e9reo em Chicago em 2025"},"content":{"rendered":"\n<p><em><span class=\"has-inline-color has-black-color\">Servi\u00e7o dever\u00e1 transportar entre o centro da cidade e o aeroporto de O&#8217;Hare<\/span><\/em><\/p>\n\n\n\n<div class=\"wp-block-image\"><figure class=\"aligncenter size-large\"><img loading=\"lazy\" decoding=\"async\" width=\"300\" height=\"250\" src=\"https:\/\/jornalfatosenoticias.com.br\/wp-content\/uploads\/2022\/02\/FERRARI_MAQUINAS-E-FERRAMENTAS2.jpg\" alt=\"\" class=\"wp-image-27860\"\/><\/figure><\/div>\n\n\n\n<p>A Archer Aviation e a <a href=\"https:\/\/olhardigital.com.br\/tag\/united-airlines\/\" target=\"_blank\" rel=\"noreferrer noopener\">United Airlines<\/a>\u00a0anunciaram que far\u00e3o parceria para desenvolver rota comercial de <a href=\"https:\/\/olhardigital.com.br\/tag\/taxi-aereo\/\" target=\"_blank\" rel=\"noreferrer noopener\">t\u00e1xi a\u00e9reo<\/a>\u00a0em Chicago, nos EUA. O servi\u00e7o dever\u00e1 ser lan\u00e7ado em 2025 e planeja transportar pessoas do centro da cidade at\u00e9 o Aeroporto Internacional O\u2019Hare e vice-versa.<br>Esse trajeto de forma terrestre costuma levar entre 35 minutos a mais de uma hora. A proposta de transporte a\u00e9reo apresentada pelas empresas promete fazer o mesmo trajeto em at\u00e9 dez minutos. A princ\u00edpio, o servi\u00e7o ser\u00e1 somente nesses destinos, mas poder\u00e1 ser expandido para cidades vizinhas.<\/p>\n\n\n\n<div class=\"wp-block-image\"><figure class=\"aligncenter size-large is-resized\"><img loading=\"lazy\" decoding=\"async\" src=\"https:\/\/jornalfatosenoticias.com.br\/wp-content\/uploads\/2022\/08\/logo-locau-veiculos-1024x573.png\" alt=\"\" class=\"wp-image-33078\" width=\"303\" height=\"169\"\/><\/figure><\/div>\n\n\n\n<p><strong><span class=\"has-inline-color has-black-color\">Entenda melhor a parceria:<br><\/span><\/strong>\u2022 A Archer afirma que a rota ser\u00e1 \u201ccompetitiva em termos de custo\u201d e que, mesmo que seja limitada ao p\u00fablico de alta classe, tamb\u00e9m ser\u00e1 bom para o meio ambiente;<br>\u2022 Os t\u00e1xis a\u00e9reos da Archer que ser\u00e3o usados nesse servi\u00e7o s\u00e3o equipados com motores el\u00e9tricos e baterias, al\u00e9m de n\u00e3o produzirem emiss\u00f5es de gases t\u00f3xicos;<br>\u2022 \u201cEsta nova e empolgante tecnologia descarbonizar\u00e1 ainda mais nossos meios de transporte, levando-nos a mais um passo \u00e0 frente em nossa luta contra as mudan\u00e7as clim\u00e1ticas\u201d, afirmou a prefeita de Chicago, Lori Lightfoot.<\/p>\n\n\n\n<div class=\"wp-block-image\"><figure class=\"aligncenter size-large is-resized\"><img loading=\"lazy\" decoding=\"async\" src=\"https:\/\/jornalfatosenoticias.com.br\/wp-content\/uploads\/2022\/10\/RC_800x750_page-0001.jpg\" alt=\"\" class=\"wp-image-35338\" width=\"276\" height=\"258\" srcset=\"https:\/\/jornalfatosenoticias.com.br\/wp-content\/uploads\/2022\/10\/RC_800x750_page-0001.jpg 400w, https:\/\/jornalfatosenoticias.com.br\/wp-content\/uploads\/2022\/10\/RC_800x750_page-0001-300x281.jpg 300w\" sizes=\"auto, (max-width: 276px) 100vw, 276px\" \/><\/figure><\/div>\n\n\n\n<p>A United segue com altos investimentos no ramo de t\u00e1xis a\u00e9reos. No ano passado, a empresa encomendou cerca de 200 desses ve\u00edculos constru\u00eddos pela Eve Air Mobility, que dever\u00e3o ser entregues em 2026 \u2014 al\u00e9m de investir US$ 15 milh\u00f5es na pr\u00f3pria Eve Air.<\/p>\n\n\n\n<div class=\"wp-block-image\"><figure class=\"aligncenter size-large\"><img loading=\"lazy\" decoding=\"async\" width=\"300\" height=\"250\" src=\"https:\/\/jornalfatosenoticias.com.br\/wp-content\/uploads\/2022\/08\/arte-Casarao.jpg\" alt=\"\" class=\"wp-image-33178\"\/><\/figure><\/div>\n\n\n\n<p>Essa rota de voo desenvolvida entre a United e a Archer dever\u00e1 ajudar na diminui\u00e7\u00e3o de emiss\u00f5es de gases t\u00f3xicos ao meio ambiente e o congestionamento do tr\u00e1fego. No lado terrestre, a cidade de Chicago possui sistema de transporte p\u00fablico que inclui trens e \u00f4nibus elevados \u2014 a qual a Chicago Transit Authority (CTA) se comprometeu a converter para el\u00e9tricos at\u00e9 2040.<\/p>\n\n\n\n<div class=\"wp-block-image\"><figure class=\"aligncenter size-large is-resized\"><img loading=\"lazy\" decoding=\"async\" src=\"https:\/\/jornalfatosenoticias.com.br\/wp-content\/uploads\/2022\/02\/Precisao-Contabilidade-1024x724.jpg\" alt=\"\" class=\"wp-image-28088\" width=\"336\" height=\"238\"\/><\/figure><\/div>\n\n\n\n<p><strong><em>Fonte: <a href=\"https:\/\/olhardigital.com.br\/2023\/03\/24\/carros-e-tecnologia\/united-airlines-e-archer-aviation-farao-rota-de-taxi-aereo-em-chicago-em-2025\/amp\/\">Olhar Digital<\/a><\/em><\/strong><\/p>\n","protected":false},"excerpt":{"rendered":"<p>Servi\u00e7o dever\u00e1 transportar entre o centro da cidade e o aeroporto de O&#8217;Hare A Archer Aviation e a United Airlines\u00a0anunciaram que far\u00e3o parceria para desenvolver rota comercial de t\u00e1xi a\u00e9reo\u00a0em Chicago, nos EUA. O servi\u00e7o dever\u00e1 ser lan\u00e7ado em 2025 e planeja transportar pessoas do centro da cidade at\u00e9 o Aeroporto Internacional O\u2019Hare e vice-versa.Esse [&hellip;]<\/p>\n","protected":false},"author":2,"featured_media":40019,"comment_status":"open","ping_status":"open","sticky":false,"template":"","format":"standard","meta":{"footnotes":""},"categories":[9923,3],"tags":[16999,3048,18732,3364,6833,9348],"class_list":["post-40018","post","type-post","status-publish","format-standard","has-post-thumbnail","hentry","category-mobilidade","category-tecnologia","tag-archer-aviation","tag-aviacao","tag-chicago","tag-taxi-aereo","tag-transporte-publico","tag-united-airlines"],"yoast_head":"<!-- This site is optimized with the Yoast SEO plugin v26.5 - https:\/\/yoast.com\/wordpress\/plugins\/seo\/ -->\n<title>United Airlines e Archer Aviation far\u00e3o rota de taxi a\u00e9reo em Chicago em 2025 - Jornal Fatos e Not\u00edcias<\/title>\n<meta name=\"robots\" content=\"index, follow, max-snippet:-1, max-image-preview:large, max-video-preview:-1\" \/>\n<link rel=\"canonical\" href=\"https:\/\/jornalfatosenoticias.com.br\/index.php\/2023\/03\/27\/united-airlines-e-archer-aviation-farao-rota-de-taxi-aereo-em-chicago-em-2025\/\" \/>\n<meta property=\"og:locale\" content=\"pt_BR\" \/>\n<meta property=\"og:type\" content=\"article\" \/>\n<meta property=\"og:title\" content=\"United Airlines e Archer Aviation far\u00e3o rota de taxi a\u00e9reo em Chicago em 2025 - Jornal Fatos e Not\u00edcias\" \/>\n<meta property=\"og:description\" content=\"Servi\u00e7o dever\u00e1 transportar entre o centro da cidade e o aeroporto de O&#8217;Hare A Archer Aviation e a United Airlines\u00a0anunciaram que far\u00e3o parceria para desenvolver rota comercial de t\u00e1xi a\u00e9reo\u00a0em Chicago, nos EUA. O servi\u00e7o dever\u00e1 ser lan\u00e7ado em 2025 e planeja transportar pessoas do centro da cidade at\u00e9 o Aeroporto Internacional O\u2019Hare e vice-versa.Esse [&hellip;]\" \/>\n<meta property=\"og:url\" content=\"https:\/\/jornalfatosenoticias.com.br\/index.php\/2023\/03\/27\/united-airlines-e-archer-aviation-farao-rota-de-taxi-aereo-em-chicago-em-2025\/\" \/>\n<meta property=\"og:site_name\" content=\"Jornal Fatos e Not\u00edcias\" \/>\n<meta property=\"article:published_time\" content=\"2023-03-27T14:39:07+00:00\" \/>\n<meta property=\"article:modified_time\" content=\"2023-03-27T14:39:09+00:00\" \/>\n<meta property=\"og:image\" content=\"https:\/\/jornalfatosenoticias.com.br\/wp-content\/uploads\/2023\/03\/United-Airlines.png\" \/>\n\t<meta property=\"og:image:width\" content=\"1000\" \/>\n\t<meta property=\"og:image:height\" content=\"590\" \/>\n\t<meta property=\"og:image:type\" content=\"image\/png\" \/>\n<meta name=\"author\" content=\"Luzimara Fernandes\" \/>\n<meta name=\"twitter:card\" content=\"summary_large_image\" \/>\n<meta name=\"twitter:label1\" content=\"Escrito por\" \/>\n\t<meta name=\"twitter:data1\" content=\"Luzimara Fernandes\" \/>\n\t<meta name=\"twitter:label2\" content=\"Est. tempo de leitura\" \/>\n\t<meta name=\"twitter:data2\" content=\"2 minutos\" \/>\n<script type=\"application\/ld+json\" class=\"yoast-schema-graph\">{\"@context\":\"https:\/\/schema.org\",\"@graph\":[{\"@type\":\"Article\",\"@id\":\"https:\/\/jornalfatosenoticias.com.br\/index.php\/2023\/03\/27\/united-airlines-e-archer-aviation-farao-rota-de-taxi-aereo-em-chicago-em-2025\/#article\",\"isPartOf\":{\"@id\":\"https:\/\/jornalfatosenoticias.com.br\/index.php\/2023\/03\/27\/united-airlines-e-archer-aviation-farao-rota-de-taxi-aereo-em-chicago-em-2025\/\"},\"author\":{\"name\":\"Luzimara Fernandes\",\"@id\":\"https:\/\/jornalfatosenoticias.com.br\/#\/schema\/person\/d63837fa13ac8666eb9e74e0985d6f81\"},\"headline\":\"United Airlines e Archer Aviation far\u00e3o rota de taxi a\u00e9reo em Chicago em 2025\",\"datePublished\":\"2023-03-27T14:39:07+00:00\",\"dateModified\":\"2023-03-27T14:39:09+00:00\",\"mainEntityOfPage\":{\"@id\":\"https:\/\/jornalfatosenoticias.com.br\/index.php\/2023\/03\/27\/united-airlines-e-archer-aviation-farao-rota-de-taxi-aereo-em-chicago-em-2025\/\"},\"wordCount\":349,\"commentCount\":0,\"publisher\":{\"@id\":\"https:\/\/jornalfatosenoticias.com.br\/#organization\"},\"image\":{\"@id\":\"https:\/\/jornalfatosenoticias.com.br\/index.php\/2023\/03\/27\/united-airlines-e-archer-aviation-farao-rota-de-taxi-aereo-em-chicago-em-2025\/#primaryimage\"},\"thumbnailUrl\":\"https:\/\/jornalfatosenoticias.com.br\/wp-content\/uploads\/2023\/03\/United-Airlines.png\",\"keywords\":[\"Archer Aviation\",\"avia\u00e7\u00e3o\",\"Chicago\",\"t\u00e1xi a\u00e9reo\",\"transporte p\u00fablico\",\"United Airlines\"],\"articleSection\":[\"Mobilidade\",\"Tecnologia &amp; Inova\u00e7\u00e3o\"],\"inLanguage\":\"pt-BR\",\"potentialAction\":[{\"@type\":\"CommentAction\",\"name\":\"Comment\",\"target\":[\"https:\/\/jornalfatosenoticias.com.br\/index.php\/2023\/03\/27\/united-airlines-e-archer-aviation-farao-rota-de-taxi-aereo-em-chicago-em-2025\/#respond\"]}]},{\"@type\":\"WebPage\",\"@id\":\"https:\/\/jornalfatosenoticias.com.br\/index.php\/2023\/03\/27\/united-airlines-e-archer-aviation-farao-rota-de-taxi-aereo-em-chicago-em-2025\/\",\"url\":\"https:\/\/jornalfatosenoticias.com.br\/index.php\/2023\/03\/27\/united-airlines-e-archer-aviation-farao-rota-de-taxi-aereo-em-chicago-em-2025\/\",\"name\":\"United Airlines e Archer Aviation far\u00e3o rota de taxi a\u00e9reo em Chicago em 2025 - Jornal Fatos e Not\u00edcias\",\"isPartOf\":{\"@id\":\"https:\/\/jornalfatosenoticias.com.br\/#website\"},\"primaryImageOfPage\":{\"@id\":\"https:\/\/jornalfatosenoticias.com.br\/index.php\/2023\/03\/27\/united-airlines-e-archer-aviation-farao-rota-de-taxi-aereo-em-chicago-em-2025\/#primaryimage\"},\"image\":{\"@id\":\"https:\/\/jornalfatosenoticias.com.br\/index.php\/2023\/03\/27\/united-airlines-e-archer-aviation-farao-rota-de-taxi-aereo-em-chicago-em-2025\/#primaryimage\"},\"thumbnailUrl\":\"https:\/\/jornalfatosenoticias.com.br\/wp-content\/uploads\/2023\/03\/United-Airlines.png\",\"datePublished\":\"2023-03-27T14:39:07+00:00\",\"dateModified\":\"2023-03-27T14:39:09+00:00\",\"breadcrumb\":{\"@id\":\"https:\/\/jornalfatosenoticias.com.br\/index.php\/2023\/03\/27\/united-airlines-e-archer-aviation-farao-rota-de-taxi-aereo-em-chicago-em-2025\/#breadcrumb\"},\"inLanguage\":\"pt-BR\",\"potentialAction\":[{\"@type\":\"ReadAction\",\"target\":[\"https:\/\/jornalfatosenoticias.com.br\/index.php\/2023\/03\/27\/united-airlines-e-archer-aviation-farao-rota-de-taxi-aereo-em-chicago-em-2025\/\"]}]},{\"@type\":\"ImageObject\",\"inLanguage\":\"pt-BR\",\"@id\":\"https:\/\/jornalfatosenoticias.com.br\/index.php\/2023\/03\/27\/united-airlines-e-archer-aviation-farao-rota-de-taxi-aereo-em-chicago-em-2025\/#primaryimage\",\"url\":\"https:\/\/jornalfatosenoticias.com.br\/wp-content\/uploads\/2023\/03\/United-Airlines.png\",\"contentUrl\":\"https:\/\/jornalfatosenoticias.com.br\/wp-content\/uploads\/2023\/03\/United-Airlines.png\",\"width\":1000,\"height\":590},{\"@type\":\"BreadcrumbList\",\"@id\":\"https:\/\/jornalfatosenoticias.com.br\/index.php\/2023\/03\/27\/united-airlines-e-archer-aviation-farao-rota-de-taxi-aereo-em-chicago-em-2025\/#breadcrumb\",\"itemListElement\":[{\"@type\":\"ListItem\",\"position\":1,\"name\":\"In\u00edcio\",\"item\":\"https:\/\/jornalfatosenoticias.com.br\/\"},{\"@type\":\"ListItem\",\"position\":2,\"name\":\"United Airlines e Archer Aviation far\u00e3o rota de taxi a\u00e9reo em Chicago em 2025\"}]},{\"@type\":\"WebSite\",\"@id\":\"https:\/\/jornalfatosenoticias.com.br\/#website\",\"url\":\"https:\/\/jornalfatosenoticias.com.br\/\",\"name\":\"Jornal Fatos e Not\u00edcias\",\"description\":\"Not\u00edcias em geral\",\"publisher\":{\"@id\":\"https:\/\/jornalfatosenoticias.com.br\/#organization\"},\"potentialAction\":[{\"@type\":\"SearchAction\",\"target\":{\"@type\":\"EntryPoint\",\"urlTemplate\":\"https:\/\/jornalfatosenoticias.com.br\/?s={search_term_string}\"},\"query-input\":{\"@type\":\"PropertyValueSpecification\",\"valueRequired\":true,\"valueName\":\"search_term_string\"}}],\"inLanguage\":\"pt-BR\"},{\"@type\":\"Organization\",\"@id\":\"https:\/\/jornalfatosenoticias.com.br\/#organization\",\"name\":\"Jornal Fatos e Not\u00edcias\",\"url\":\"https:\/\/jornalfatosenoticias.com.br\/\",\"logo\":{\"@type\":\"ImageObject\",\"inLanguage\":\"pt-BR\",\"@id\":\"https:\/\/jornalfatosenoticias.com.br\/#\/schema\/logo\/image\/\",\"url\":\"https:\/\/jornalfatosenoticias.com.br\/wp-content\/uploads\/2020\/02\/logo120.png\",\"contentUrl\":\"https:\/\/jornalfatosenoticias.com.br\/wp-content\/uploads\/2020\/02\/logo120.png\",\"width\":1227,\"height\":120,\"caption\":\"Jornal Fatos e Not\u00edcias\"},\"image\":{\"@id\":\"https:\/\/jornalfatosenoticias.com.br\/#\/schema\/logo\/image\/\"}},{\"@type\":\"Person\",\"@id\":\"https:\/\/jornalfatosenoticias.com.br\/#\/schema\/person\/d63837fa13ac8666eb9e74e0985d6f81\",\"name\":\"Luzimara Fernandes\",\"image\":{\"@type\":\"ImageObject\",\"inLanguage\":\"pt-BR\",\"@id\":\"https:\/\/jornalfatosenoticias.com.br\/#\/schema\/person\/image\/\",\"url\":\"https:\/\/jornalfatosenoticias.com.br\/wp-content\/uploads\/2025\/05\/EU_portal.jpg\",\"contentUrl\":\"https:\/\/jornalfatosenoticias.com.br\/wp-content\/uploads\/2025\/05\/EU_portal.jpg\",\"caption\":\"Luzimara Fernandes\"},\"description\":\"Jornalista MTB 2358-ES\",\"sameAs\":[\"https:\/\/jornalfatosenoticias.com.br\"],\"url\":\"https:\/\/jornalfatosenoticias.com.br\/index.php\/author\/luzimara\/\"}]}<\/script>\n<!-- \/ Yoast SEO plugin. -->","yoast_head_json":{"title":"United Airlines e Archer Aviation far\u00e3o rota de taxi a\u00e9reo em Chicago em 2025 - Jornal Fatos e Not\u00edcias","robots":{"index":"index","follow":"follow","max-snippet":"max-snippet:-1","max-image-preview":"max-image-preview:large","max-video-preview":"max-video-preview:-1"},"canonical":"https:\/\/jornalfatosenoticias.com.br\/index.php\/2023\/03\/27\/united-airlines-e-archer-aviation-farao-rota-de-taxi-aereo-em-chicago-em-2025\/","og_locale":"pt_BR","og_type":"article","og_title":"United Airlines e Archer Aviation far\u00e3o rota de taxi a\u00e9reo em Chicago em 2025 - Jornal Fatos e Not\u00edcias","og_description":"Servi\u00e7o dever\u00e1 transportar entre o centro da cidade e o aeroporto de O&#8217;Hare A Archer Aviation e a United Airlines\u00a0anunciaram que far\u00e3o parceria para desenvolver rota comercial de t\u00e1xi a\u00e9reo\u00a0em Chicago, nos EUA. O servi\u00e7o dever\u00e1 ser lan\u00e7ado em 2025 e planeja transportar pessoas do centro da cidade at\u00e9 o Aeroporto Internacional O\u2019Hare e vice-versa.Esse [&hellip;]","og_url":"https:\/\/jornalfatosenoticias.com.br\/index.php\/2023\/03\/27\/united-airlines-e-archer-aviation-farao-rota-de-taxi-aereo-em-chicago-em-2025\/","og_site_name":"Jornal Fatos e Not\u00edcias","article_published_time":"2023-03-27T14:39:07+00:00","article_modified_time":"2023-03-27T14:39:09+00:00","og_image":[{"width":1000,"height":590,"url":"https:\/\/jornalfatosenoticias.com.br\/wp-content\/uploads\/2023\/03\/United-Airlines.png","type":"image\/png"}],"author":"Luzimara Fernandes","twitter_card":"summary_large_image","twitter_misc":{"Escrito por":"Luzimara Fernandes","Est. tempo de leitura":"2 minutos"},"schema":{"@context":"https:\/\/schema.org","@graph":[{"@type":"Article","@id":"https:\/\/jornalfatosenoticias.com.br\/index.php\/2023\/03\/27\/united-airlines-e-archer-aviation-farao-rota-de-taxi-aereo-em-chicago-em-2025\/#article","isPartOf":{"@id":"https:\/\/jornalfatosenoticias.com.br\/index.php\/2023\/03\/27\/united-airlines-e-archer-aviation-farao-rota-de-taxi-aereo-em-chicago-em-2025\/"},"author":{"name":"Luzimara Fernandes","@id":"https:\/\/jornalfatosenoticias.com.br\/#\/schema\/person\/d63837fa13ac8666eb9e74e0985d6f81"},"headline":"United Airlines e Archer Aviation far\u00e3o rota de taxi a\u00e9reo em Chicago em 2025","datePublished":"2023-03-27T14:39:07+00:00","dateModified":"2023-03-27T14:39:09+00:00","mainEntityOfPage":{"@id":"https:\/\/jornalfatosenoticias.com.br\/index.php\/2023\/03\/27\/united-airlines-e-archer-aviation-farao-rota-de-taxi-aereo-em-chicago-em-2025\/"},"wordCount":349,"commentCount":0,"publisher":{"@id":"https:\/\/jornalfatosenoticias.com.br\/#organization"},"image":{"@id":"https:\/\/jornalfatosenoticias.com.br\/index.php\/2023\/03\/27\/united-airlines-e-archer-aviation-farao-rota-de-taxi-aereo-em-chicago-em-2025\/#primaryimage"},"thumbnailUrl":"https:\/\/jornalfatosenoticias.com.br\/wp-content\/uploads\/2023\/03\/United-Airlines.png","keywords":["Archer Aviation","avia\u00e7\u00e3o","Chicago","t\u00e1xi a\u00e9reo","transporte p\u00fablico","United Airlines"],"articleSection":["Mobilidade","Tecnologia &amp; Inova\u00e7\u00e3o"],"inLanguage":"pt-BR","potentialAction":[{"@type":"CommentAction","name":"Comment","target":["https:\/\/jornalfatosenoticias.com.br\/index.php\/2023\/03\/27\/united-airlines-e-archer-aviation-farao-rota-de-taxi-aereo-em-chicago-em-2025\/#respond"]}]},{"@type":"WebPage","@id":"https:\/\/jornalfatosenoticias.com.br\/index.php\/2023\/03\/27\/united-airlines-e-archer-aviation-farao-rota-de-taxi-aereo-em-chicago-em-2025\/","url":"https:\/\/jornalfatosenoticias.com.br\/index.php\/2023\/03\/27\/united-airlines-e-archer-aviation-farao-rota-de-taxi-aereo-em-chicago-em-2025\/","name":"United Airlines e Archer Aviation far\u00e3o rota de taxi a\u00e9reo em Chicago em 2025 - Jornal Fatos e Not\u00edcias","isPartOf":{"@id":"https:\/\/jornalfatosenoticias.com.br\/#website"},"primaryImageOfPage":{"@id":"https:\/\/jornalfatosenoticias.com.br\/index.php\/2023\/03\/27\/united-airlines-e-archer-aviation-farao-rota-de-taxi-aereo-em-chicago-em-2025\/#primaryimage"},"image":{"@id":"https:\/\/jornalfatosenoticias.com.br\/index.php\/2023\/03\/27\/united-airlines-e-archer-aviation-farao-rota-de-taxi-aereo-em-chicago-em-2025\/#primaryimage"},"thumbnailUrl":"https:\/\/jornalfatosenoticias.com.br\/wp-content\/uploads\/2023\/03\/United-Airlines.png","datePublished":"2023-03-27T14:39:07+00:00","dateModified":"2023-03-27T14:39:09+00:00","breadcrumb":{"@id":"https:\/\/jornalfatosenoticias.com.br\/index.php\/2023\/03\/27\/united-airlines-e-archer-aviation-farao-rota-de-taxi-aereo-em-chicago-em-2025\/#breadcrumb"},"inLanguage":"pt-BR","potentialAction":[{"@type":"ReadAction","target":["https:\/\/jornalfatosenoticias.com.br\/index.php\/2023\/03\/27\/united-airlines-e-archer-aviation-farao-rota-de-taxi-aereo-em-chicago-em-2025\/"]}]},{"@type":"ImageObject","inLanguage":"pt-BR","@id":"https:\/\/jornalfatosenoticias.com.br\/index.php\/2023\/03\/27\/united-airlines-e-archer-aviation-farao-rota-de-taxi-aereo-em-chicago-em-2025\/#primaryimage","url":"https:\/\/jornalfatosenoticias.com.br\/wp-content\/uploads\/2023\/03\/United-Airlines.png","contentUrl":"https:\/\/jornalfatosenoticias.com.br\/wp-content\/uploads\/2023\/03\/United-Airlines.png","width":1000,"height":590},{"@type":"BreadcrumbList","@id":"https:\/\/jornalfatosenoticias.com.br\/index.php\/2023\/03\/27\/united-airlines-e-archer-aviation-farao-rota-de-taxi-aereo-em-chicago-em-2025\/#breadcrumb","itemListElement":[{"@type":"ListItem","position":1,"name":"In\u00edcio","item":"https:\/\/jornalfatosenoticias.com.br\/"},{"@type":"ListItem","position":2,"name":"United Airlines e Archer Aviation far\u00e3o rota de taxi a\u00e9reo em Chicago em 2025"}]},{"@type":"WebSite","@id":"https:\/\/jornalfatosenoticias.com.br\/#website","url":"https:\/\/jornalfatosenoticias.com.br\/","name":"Jornal Fatos e Not\u00edcias","description":"Not\u00edcias em geral","publisher":{"@id":"https:\/\/jornalfatosenoticias.com.br\/#organization"},"potentialAction":[{"@type":"SearchAction","target":{"@type":"EntryPoint","urlTemplate":"https:\/\/jornalfatosenoticias.com.br\/?s={search_term_string}"},"query-input":{"@type":"PropertyValueSpecification","valueRequired":true,"valueName":"search_term_string"}}],"inLanguage":"pt-BR"},{"@type":"Organization","@id":"https:\/\/jornalfatosenoticias.com.br\/#organization","name":"Jornal Fatos e Not\u00edcias","url":"https:\/\/jornalfatosenoticias.com.br\/","logo":{"@type":"ImageObject","inLanguage":"pt-BR","@id":"https:\/\/jornalfatosenoticias.com.br\/#\/schema\/logo\/image\/","url":"https:\/\/jornalfatosenoticias.com.br\/wp-content\/uploads\/2020\/02\/logo120.png","contentUrl":"https:\/\/jornalfatosenoticias.com.br\/wp-content\/uploads\/2020\/02\/logo120.png","width":1227,"height":120,"caption":"Jornal Fatos e Not\u00edcias"},"image":{"@id":"https:\/\/jornalfatosenoticias.com.br\/#\/schema\/logo\/image\/"}},{"@type":"Person","@id":"https:\/\/jornalfatosenoticias.com.br\/#\/schema\/person\/d63837fa13ac8666eb9e74e0985d6f81","name":"Luzimara Fernandes","image":{"@type":"ImageObject","inLanguage":"pt-BR","@id":"https:\/\/jornalfatosenoticias.com.br\/#\/schema\/person\/image\/","url":"https:\/\/jornalfatosenoticias.com.br\/wp-content\/uploads\/2025\/05\/EU_portal.jpg","contentUrl":"https:\/\/jornalfatosenoticias.com.br\/wp-content\/uploads\/2025\/05\/EU_portal.jpg","caption":"Luzimara Fernandes"},"description":"Jornalista MTB 2358-ES","sameAs":["https:\/\/jornalfatosenoticias.com.br"],"url":"https:\/\/jornalfatosenoticias.com.br\/index.php\/author\/luzimara\/"}]}},"cc_featured_image_caption":{"caption_text":"(Foto: Archer Aviation\/United Airlines)","source_text":"","source_url":""},"jetpack_featured_media_url":"https:\/\/jornalfatosenoticias.com.br\/wp-content\/uploads\/2023\/03\/United-Airlines.png","_links":{"self":[{"href":"https:\/\/jornalfatosenoticias.com.br\/index.php\/wp-json\/wp\/v2\/posts\/40018","targetHints":{"allow":["GET"]}}],"collection":[{"href":"https:\/\/jornalfatosenoticias.com.br\/index.php\/wp-json\/wp\/v2\/posts"}],"about":[{"href":"https:\/\/jornalfatosenoticias.com.br\/index.php\/wp-json\/wp\/v2\/types\/post"}],"author":[{"embeddable":true,"href":"https:\/\/jornalfatosenoticias.com.br\/index.php\/wp-json\/wp\/v2\/users\/2"}],"replies":[{"embeddable":true,"href":"https:\/\/jornalfatosenoticias.com.br\/index.php\/wp-json\/wp\/v2\/comments?post=40018"}],"version-history":[{"count":0,"href":"https:\/\/jornalfatosenoticias.com.br\/index.php\/wp-json\/wp\/v2\/posts\/40018\/revisions"}],"wp:featuredmedia":[{"embeddable":true,"href":"https:\/\/jornalfatosenoticias.com.br\/index.php\/wp-json\/wp\/v2\/media\/40019"}],"wp:attachment":[{"href":"https:\/\/jornalfatosenoticias.com.br\/index.php\/wp-json\/wp\/v2\/media?parent=40018"}],"wp:term":[{"taxonomy":"category","embeddable":true,"href":"https:\/\/jornalfatosenoticias.com.br\/index.php\/wp-json\/wp\/v2\/categories?post=40018"},{"taxonomy":"post_tag","embeddable":true,"href":"https:\/\/jornalfatosenoticias.com.br\/index.php\/wp-json\/wp\/v2\/tags?post=40018"}],"curies":[{"name":"wp","href":"https:\/\/api.w.org\/{rel}","templated":true}]}}