{"id":40021,"date":"2023-03-27T11:55:10","date_gmt":"2023-03-27T14:55:10","guid":{"rendered":"https:\/\/jornalfatosenoticias.com.br\/?p=40021"},"modified":"2023-03-27T11:55:12","modified_gmt":"2023-03-27T14:55:12","slug":"semana-santa-festival-da-torta-capixaba-comeca-no-proximo-dia-6","status":"publish","type":"post","link":"https:\/\/jornalfatosenoticias.com.br\/index.php\/2023\/03\/27\/semana-santa-festival-da-torta-capixaba-comeca-no-proximo-dia-6\/","title":{"rendered":"Semana Santa: Festival da Torta Capixaba come\u00e7a no pr\u00f3ximo dia 6"},"content":{"rendered":"\n<div class=\"wp-block-image\"><figure class=\"aligncenter size-large\"><img loading=\"lazy\" decoding=\"async\" width=\"300\" height=\"250\" src=\"https:\/\/jornalfatosenoticias.com.br\/wp-content\/uploads\/2022\/02\/Banner-2.png\" alt=\"\" class=\"wp-image-27877\"\/><\/figure><\/div>\n\n\n\n<p>Com a proximidade da Semana Santa, ela invade as mesas de refei\u00e7\u00e3o das resid\u00eancias, bares, restaurantes, hot\u00e9is e tem at\u00e9 mesmo um festival em sua homenagem. Estamos falando da tradicional\u00edssima torta capixaba. Na Ilha das Caieiras, os preparativos para o festival do prato mais famoso do Estado j\u00e1 est\u00e3o a todo vapor. A partir do pr\u00f3ximo dia 6 de abril at\u00e9 o domingo de P\u00e1scoa, no dia 9, acontece o &#8220;Festival da Torta Capixaba 2023&#8221;.<\/p>\n\n\n\n<div class=\"wp-block-image\"><figure class=\"aligncenter size-large\"><img loading=\"lazy\" decoding=\"async\" width=\"300\" height=\"222\" src=\"https:\/\/jornalfatosenoticias.com.br\/wp-content\/uploads\/2023\/03\/logo_Juliana-Graca.jpg\" alt=\"\" class=\"wp-image-39283\"\/><\/figure><\/div>\n\n\n\n<p>O evento, que ocorrer\u00e1 das 8h \u00e0s 18h, com apresenta\u00e7\u00f5es musicais do meio dia \u00e0s 17 horas, \u00e9 uma realiza\u00e7\u00e3o da Prefeitura Municipal de Vit\u00f3ria (PMV) por meio das secretarias da Cultura (Semc) e da Companhia de Desenvolvimento, Turismo e Inova\u00e7\u00e3o de Vit\u00f3ria (CDTIV) em parceria com o Instituto de Desenvolvimento Sustent\u00e1vel da Ilha das Caieiras, Movimento Comunit\u00e1rio da Ilha das Caieiras e Associa\u00e7\u00e3o de Pescadores, Marisqueiros e Desfiadeiras de Siri da Ilha das Caieiras.<\/p>\n\n\n\n<div class=\"wp-block-image\"><figure class=\"aligncenter size-large\"><img loading=\"lazy\" decoding=\"async\" width=\"729\" height=\"90\" src=\"https:\/\/jornalfatosenoticias.com.br\/wp-content\/uploads\/2020\/02\/Logo_Mizu.png\" alt=\"\" class=\"wp-image-1441\" srcset=\"https:\/\/jornalfatosenoticias.com.br\/wp-content\/uploads\/2020\/02\/Logo_Mizu.png 729w, https:\/\/jornalfatosenoticias.com.br\/wp-content\/uploads\/2020\/02\/Logo_Mizu-300x37.png 300w\" sizes=\"auto, (max-width: 729px) 100vw, 729px\" \/><\/figure><\/div>\n\n\n\n<p>Al\u00e9m do carro chefe do festival, o visitante poder\u00e1 degustar outras del\u00edcias da culin\u00e1ria capixaba, como bob\u00f3 de camar\u00e3o, moqueca e outros pratos com frutos do mar. Tamb\u00e9m estar\u00e1 \u00e0 disposi\u00e7\u00e3o da popula\u00e7\u00e3o barracas e lojas com o melhor do artesanato da regi\u00e3o e \u00e9 claro boa m\u00fasica. A Semc est\u00e1 elaborando uma programa\u00e7\u00e3o especial para animar o festival em um palco especialmente montado na Ilha.<\/p>\n\n\n\n<div class=\"wp-block-image\"><figure class=\"aligncenter size-large\"><img decoding=\"async\" src=\"https:\/\/jornalfatosenoticias.com.br\/wp-content\/uploads\/2020\/02\/Logomarca-Principal.gif\" alt=\"\" class=\"wp-image-7872\"\/><\/figure><\/div>\n\n\n\n<blockquote class=\"wp-block-quote is-layout-flow wp-block-quote-is-layout-flow\"><p><span class=\"has-inline-color has-luminous-vivid-orange-color\">Essa festa que j\u00e1 faz parte do nosso calend\u00e1rio de eventos \u00e9 muito importante para n\u00f3s. Em um s\u00f3 evento divulgamos a arte, a cultura e a culin\u00e1ria da nossa cidade. O &#8220;Festival da Torta Capixaba&#8221; \u00e9 uma verdadeira vitrine do potencial da Ilha das Caieiras. Tivemos um grande sucesso em 2022 e para este ano estamos muito otimistas de que os n\u00fameros alcan\u00e7ados ser\u00e3o bastante expressivos&#8221;, afirma o secret\u00e1rio municipal de Cultura, Luciano Gagno.<\/span><\/p><\/blockquote>\n\n\n\n<div class=\"wp-block-image\"><figure class=\"aligncenter size-large is-resized\"><img loading=\"lazy\" decoding=\"async\" src=\"https:\/\/jornalfatosenoticias.com.br\/wp-content\/uploads\/2020\/02\/logo-Panper_portal.jpg\" alt=\"\" class=\"wp-image-34474\" width=\"316\" height=\"219\" srcset=\"https:\/\/jornalfatosenoticias.com.br\/wp-content\/uploads\/2020\/02\/logo-Panper_portal.jpg 400w, https:\/\/jornalfatosenoticias.com.br\/wp-content\/uploads\/2020\/02\/logo-Panper_portal-300x208.jpg 300w\" sizes=\"auto, (max-width: 316px) 100vw, 316px\" \/><\/figure><\/div>\n\n\n\n<p><strong><span class=\"has-inline-color has-vivid-cyan-blue-color\">Expectativa<br><\/span><\/strong>De acordo com a presidente do Instituto de Desenvolvimento Sustent\u00e1vel da Ilha das Caieiras e chef de cozinha, Eliana Santos, a expectativa \u00e9 que tr\u00eas toneladas de alimentos sejam comercializados nos quatro dias de festival.<\/p>\n\n\n\n<div class=\"wp-block-image\"><figure class=\"aligncenter size-large\"><img loading=\"lazy\" decoding=\"async\" width=\"700\" height=\"875\" src=\"https:\/\/jornalfatosenoticias.com.br\/wp-content\/uploads\/2023\/03\/torta-capixaba2.jpg\" alt=\"\" class=\"wp-image-40022\" srcset=\"https:\/\/jornalfatosenoticias.com.br\/wp-content\/uploads\/2023\/03\/torta-capixaba2.jpg 700w, https:\/\/jornalfatosenoticias.com.br\/wp-content\/uploads\/2023\/03\/torta-capixaba2-240x300.jpg 240w\" sizes=\"auto, (max-width: 700px) 100vw, 700px\" \/><figcaption><em><span class=\"has-inline-color has-black-color\">Festival da Torta Capixaba 2023 (Foto: Comunica\u00e7\u00e3o PMV)<\/span><\/em><\/figcaption><\/figure><\/div>\n\n\n\n<blockquote class=\"wp-block-quote is-layout-flow wp-block-quote-is-layout-flow\"><p><span class=\"has-inline-color has-luminous-vivid-orange-color\">J\u00e1 sabemos que a procura ser\u00e1 grande e estamos nos organizando para oferecer tudo da melhor qualidade&#8221;, garante a chef.<\/span><\/p><\/blockquote>\n\n\n\n<p>Os amantes da boa gastronomia podem ficar animados, pois as op\u00e7\u00f5es e formatos dos pratos ser\u00e3o variados e para todos os bolsos.<\/p>\n\n\n\n<div class=\"wp-block-image\"><figure class=\"aligncenter size-large is-resized\"><img loading=\"lazy\" decoding=\"async\" src=\"https:\/\/jornalfatosenoticias.com.br\/wp-content\/uploads\/2021\/10\/LOGO-JUNTOS-SOS-ES-AMBIENTAL.jpg\" alt=\"\" class=\"wp-image-23922\" width=\"295\" height=\"273\"\/><\/figure><\/div>\n\n\n\n<blockquote class=\"wp-block-quote is-layout-flow wp-block-quote-is-layout-flow\"><p><span class=\"has-inline-color has-luminous-vivid-orange-color\">Vamos trabalhar com diferentes tamanhos e apresenta\u00e7\u00f5es da nossa torta. Tem tamanhos maiores na panela de barro, que podem custar R$ 200, R$ 300 at\u00e9 R$ 500, mas tamb\u00e9m temos op\u00e7\u00f5es modestas em embalagens descart\u00e1veis que custam R$ 8, R$ 15, R$ 50 e R$ 80. O importante \u00e9 que sem torta ningu\u00e9m fica&#8221;, brinca Eliana.<\/span><\/p><\/blockquote>\n\n\n\n<p><strong><span class=\"has-inline-color has-vivid-cyan-blue-color\">Estrutura<br><\/span><\/strong>A prefeitura de Vit\u00f3ria disponibilizar\u00e1 33 barracas que junto a 13 restaurantes v\u00e3o participar das vendas dos alimentos. Al\u00e9m das barracas, para compor a estrutura do evento, a PMV vai instalar no local 20 banheiros qu\u00edmicos, 10 lavat\u00f3rios e ilumina\u00e7\u00e3o para todas as barracas.<\/p>\n\n\n\n<div class=\"wp-block-image\"><figure class=\"aligncenter size-large is-resized\"><img loading=\"lazy\" decoding=\"async\" src=\"https:\/\/jornalfatosenoticias.com.br\/wp-content\/uploads\/2022\/10\/Arte-jornal-Zucchi-600x600_Prancheta-1-1024x1024.jpg\" alt=\"\" class=\"wp-image-34782\" width=\"285\" height=\"285\" srcset=\"https:\/\/jornalfatosenoticias.com.br\/wp-content\/uploads\/2022\/10\/Arte-jornal-Zucchi-600x600_Prancheta-1-1024x1024.jpg 1024w, https:\/\/jornalfatosenoticias.com.br\/wp-content\/uploads\/2022\/10\/Arte-jornal-Zucchi-600x600_Prancheta-1-300x300.jpg 300w, https:\/\/jornalfatosenoticias.com.br\/wp-content\/uploads\/2022\/10\/Arte-jornal-Zucchi-600x600_Prancheta-1-150x150.jpg 150w, https:\/\/jornalfatosenoticias.com.br\/wp-content\/uploads\/2022\/10\/Arte-jornal-Zucchi-600x600_Prancheta-1-768x768.jpg 768w, https:\/\/jornalfatosenoticias.com.br\/wp-content\/uploads\/2022\/10\/Arte-jornal-Zucchi-600x600_Prancheta-1.jpg 1250w\" sizes=\"auto, (max-width: 285px) 100vw, 285px\" \/><\/figure><\/div>\n\n\n\n<p>&#8220;O Festival da Torta Capixaba, na Ilha das Caieiras, valoriza essa tradi\u00e7\u00e3o culin\u00e1ria e tamb\u00e9m \u00e9 uma oportunidade para turistas e visitantes conhecerem a Ilha das Caieiras, um bairro hist\u00f3rico de Vit\u00f3ria, que possui uma forte identidade cultural. Para esse ano \u00e9 esperado um p\u00fablico de 14 mil pessoas durante os quatro dias de festa. O evento promove o turismo na regi\u00e3o, gerando emprego e renda para os moradores locais. No ano passado, o valor total das vendas dos expositores passou de R$ 300 mil e para este ano, a expectativa \u00e9 maior&#8221;, declara o diretor-presidente da CDTIV, Marcus Greg\u00f3rio.<\/p>\n\n\n\n<div class=\"wp-block-image\"><figure class=\"aligncenter size-large\"><img loading=\"lazy\" decoding=\"async\" width=\"300\" height=\"300\" src=\"https:\/\/jornalfatosenoticias.com.br\/wp-content\/uploads\/2020\/02\/casa-do-torresmo_portal.jpg\" alt=\"\" class=\"wp-image-34472\" srcset=\"https:\/\/jornalfatosenoticias.com.br\/wp-content\/uploads\/2020\/02\/casa-do-torresmo_portal.jpg 300w, https:\/\/jornalfatosenoticias.com.br\/wp-content\/uploads\/2020\/02\/casa-do-torresmo_portal-150x150.jpg 150w\" sizes=\"auto, (max-width: 300px) 100vw, 300px\" \/><\/figure><\/div>\n\n\n\n<blockquote class=\"wp-block-quote is-layout-flow wp-block-quote-is-layout-flow\"><p><span class=\"has-inline-color has-luminous-vivid-orange-color\">A cidade de Vit\u00f3ria tem muito a oferecer aos visitantes, com sua rica hist\u00f3ria, belas paisagens e uma gastronomia \u00fanica. O festival \u00e9 uma oportunidade para conhecer um pouco mais sobre a cultura e a gastronomia local e desfrutar de momentos \u00fanicos em fam\u00edlia ou entre amigos&#8221;, finaliza Marcus.<\/span><\/p><\/blockquote>\n\n\n\n<div class=\"wp-block-image\"><figure class=\"aligncenter size-large is-resized\"><img loading=\"lazy\" decoding=\"async\" src=\"https:\/\/jornalfatosenoticias.com.br\/wp-content\/uploads\/2020\/02\/nova-logo-Marquetti.jpg\" alt=\"\" class=\"wp-image-22331\" width=\"312\" height=\"210\" srcset=\"https:\/\/jornalfatosenoticias.com.br\/wp-content\/uploads\/2020\/02\/nova-logo-Marquetti.jpg 643w, https:\/\/jornalfatosenoticias.com.br\/wp-content\/uploads\/2020\/02\/nova-logo-Marquetti-300x202.jpg 300w\" sizes=\"auto, (max-width: 312px) 100vw, 312px\" \/><\/figure><\/div>\n\n\n\n<p><strong><span class=\"has-inline-color has-vivid-cyan-blue-color\">Interdi\u00e7\u00e3o<br><\/span><\/strong>A Secretaria de Transportes, Tr\u00e2nsito e Infraestrutura Urbana de Vit\u00f3ria informa que a rua Felicidade Correa dos Santos, entre a rua Amadeu Muniz Correa e a avenida Beira Mar, na Ilha das Caieiras, estar\u00e1 totalmente interditada nos dias de festa. O \u00f3rg\u00e3o informa, ainda, que o tr\u00e2nsito ser\u00e1 desviado pelas ruas pr\u00f3ximas.<\/p>\n\n\n\n<p><strong><em>Fonte: <a href=\"https:\/\/vitoria.es.gov.br\/noticia\/semana-santa-festival-da-torta-capixaba-comeca-no-proximo-dia-6-47249\">PMV<\/a><\/em><\/strong><\/p>\n","protected":false},"excerpt":{"rendered":"<p>Com a proximidade da Semana Santa, ela invade as mesas de refei\u00e7\u00e3o das resid\u00eancias, bares, restaurantes, hot\u00e9is e tem at\u00e9 mesmo um festival em sua homenagem. Estamos falando da tradicional\u00edssima torta capixaba. Na Ilha das Caieiras, os preparativos para o festival do prato mais famoso do Estado j\u00e1 est\u00e3o a todo vapor. A partir do [&hellip;]<\/p>\n","protected":false},"author":2,"featured_media":40023,"comment_status":"open","ping_status":"open","sticky":false,"template":"","format":"standard","meta":{"footnotes":""},"categories":[5],"tags":[18734,1580,1617,18733,18735,1426],"class_list":["post-40021","post","type-post","status-publish","format-standard","has-post-thumbnail","hentry","category-geral","tag-domingo-de-pascoa","tag-festival-da-torta-capixaba","tag-pascoa","tag-prato-mais-famoso-do-estado","tag-prefeitura-municipal-de-vitoria","tag-semana-santa"],"yoast_head":"<!-- This site is optimized with the Yoast SEO plugin v26.5 - https:\/\/yoast.com\/wordpress\/plugins\/seo\/ -->\n<title>Semana Santa: Festival da Torta Capixaba come\u00e7a no pr\u00f3ximo dia 6 - Jornal Fatos e Not\u00edcias<\/title>\n<meta name=\"robots\" content=\"index, follow, max-snippet:-1, max-image-preview:large, max-video-preview:-1\" \/>\n<link rel=\"canonical\" href=\"https:\/\/jornalfatosenoticias.com.br\/index.php\/2023\/03\/27\/semana-santa-festival-da-torta-capixaba-comeca-no-proximo-dia-6\/\" \/>\n<meta property=\"og:locale\" content=\"pt_BR\" \/>\n<meta property=\"og:type\" content=\"article\" \/>\n<meta property=\"og:title\" content=\"Semana Santa: Festival da Torta Capixaba come\u00e7a no pr\u00f3ximo dia 6 - Jornal Fatos e Not\u00edcias\" \/>\n<meta property=\"og:description\" content=\"Com a proximidade da Semana Santa, ela invade as mesas de refei\u00e7\u00e3o das resid\u00eancias, bares, restaurantes, hot\u00e9is e tem at\u00e9 mesmo um festival em sua homenagem. Estamos falando da tradicional\u00edssima torta capixaba. Na Ilha das Caieiras, os preparativos para o festival do prato mais famoso do Estado j\u00e1 est\u00e3o a todo vapor. A partir do [&hellip;]\" \/>\n<meta property=\"og:url\" content=\"https:\/\/jornalfatosenoticias.com.br\/index.php\/2023\/03\/27\/semana-santa-festival-da-torta-capixaba-comeca-no-proximo-dia-6\/\" \/>\n<meta property=\"og:site_name\" content=\"Jornal Fatos e Not\u00edcias\" \/>\n<meta property=\"article:published_time\" content=\"2023-03-27T14:55:10+00:00\" \/>\n<meta property=\"article:modified_time\" content=\"2023-03-27T14:55:12+00:00\" \/>\n<meta property=\"og:image\" content=\"https:\/\/jornalfatosenoticias.com.br\/wp-content\/uploads\/2023\/03\/torta-capixaba.jpg\" \/>\n\t<meta property=\"og:image:width\" content=\"1000\" \/>\n\t<meta property=\"og:image:height\" content=\"361\" \/>\n\t<meta property=\"og:image:type\" content=\"image\/jpeg\" \/>\n<meta name=\"author\" content=\"Luzimara Fernandes\" \/>\n<meta name=\"twitter:card\" content=\"summary_large_image\" \/>\n<meta name=\"twitter:label1\" content=\"Escrito por\" \/>\n\t<meta name=\"twitter:data1\" content=\"Luzimara Fernandes\" \/>\n\t<meta name=\"twitter:label2\" content=\"Est. tempo de leitura\" \/>\n\t<meta name=\"twitter:data2\" content=\"4 minutos\" \/>\n<script type=\"application\/ld+json\" class=\"yoast-schema-graph\">{\"@context\":\"https:\/\/schema.org\",\"@graph\":[{\"@type\":\"Article\",\"@id\":\"https:\/\/jornalfatosenoticias.com.br\/index.php\/2023\/03\/27\/semana-santa-festival-da-torta-capixaba-comeca-no-proximo-dia-6\/#article\",\"isPartOf\":{\"@id\":\"https:\/\/jornalfatosenoticias.com.br\/index.php\/2023\/03\/27\/semana-santa-festival-da-torta-capixaba-comeca-no-proximo-dia-6\/\"},\"author\":{\"name\":\"Luzimara Fernandes\",\"@id\":\"https:\/\/jornalfatosenoticias.com.br\/#\/schema\/person\/d63837fa13ac8666eb9e74e0985d6f81\"},\"headline\":\"Semana Santa: Festival da Torta Capixaba come\u00e7a no pr\u00f3ximo dia 6\",\"datePublished\":\"2023-03-27T14:55:10+00:00\",\"dateModified\":\"2023-03-27T14:55:12+00:00\",\"mainEntityOfPage\":{\"@id\":\"https:\/\/jornalfatosenoticias.com.br\/index.php\/2023\/03\/27\/semana-santa-festival-da-torta-capixaba-comeca-no-proximo-dia-6\/\"},\"wordCount\":729,\"commentCount\":0,\"publisher\":{\"@id\":\"https:\/\/jornalfatosenoticias.com.br\/#organization\"},\"image\":{\"@id\":\"https:\/\/jornalfatosenoticias.com.br\/index.php\/2023\/03\/27\/semana-santa-festival-da-torta-capixaba-comeca-no-proximo-dia-6\/#primaryimage\"},\"thumbnailUrl\":\"https:\/\/jornalfatosenoticias.com.br\/wp-content\/uploads\/2023\/03\/torta-capixaba.jpg\",\"keywords\":[\"domingo de P\u00e1scoa\",\"Festival da Torta Capixaba\",\"P\u00e1scoa\",\"prato mais famoso do Estado\",\"Prefeitura Municipal de Vit\u00f3ria\",\"Semana Santa\"],\"articleSection\":[\"Geral\"],\"inLanguage\":\"pt-BR\",\"potentialAction\":[{\"@type\":\"CommentAction\",\"name\":\"Comment\",\"target\":[\"https:\/\/jornalfatosenoticias.com.br\/index.php\/2023\/03\/27\/semana-santa-festival-da-torta-capixaba-comeca-no-proximo-dia-6\/#respond\"]}]},{\"@type\":\"WebPage\",\"@id\":\"https:\/\/jornalfatosenoticias.com.br\/index.php\/2023\/03\/27\/semana-santa-festival-da-torta-capixaba-comeca-no-proximo-dia-6\/\",\"url\":\"https:\/\/jornalfatosenoticias.com.br\/index.php\/2023\/03\/27\/semana-santa-festival-da-torta-capixaba-comeca-no-proximo-dia-6\/\",\"name\":\"Semana Santa: Festival da Torta Capixaba come\u00e7a no pr\u00f3ximo dia 6 - Jornal Fatos e Not\u00edcias\",\"isPartOf\":{\"@id\":\"https:\/\/jornalfatosenoticias.com.br\/#website\"},\"primaryImageOfPage\":{\"@id\":\"https:\/\/jornalfatosenoticias.com.br\/index.php\/2023\/03\/27\/semana-santa-festival-da-torta-capixaba-comeca-no-proximo-dia-6\/#primaryimage\"},\"image\":{\"@id\":\"https:\/\/jornalfatosenoticias.com.br\/index.php\/2023\/03\/27\/semana-santa-festival-da-torta-capixaba-comeca-no-proximo-dia-6\/#primaryimage\"},\"thumbnailUrl\":\"https:\/\/jornalfatosenoticias.com.br\/wp-content\/uploads\/2023\/03\/torta-capixaba.jpg\",\"datePublished\":\"2023-03-27T14:55:10+00:00\",\"dateModified\":\"2023-03-27T14:55:12+00:00\",\"breadcrumb\":{\"@id\":\"https:\/\/jornalfatosenoticias.com.br\/index.php\/2023\/03\/27\/semana-santa-festival-da-torta-capixaba-comeca-no-proximo-dia-6\/#breadcrumb\"},\"inLanguage\":\"pt-BR\",\"potentialAction\":[{\"@type\":\"ReadAction\",\"target\":[\"https:\/\/jornalfatosenoticias.com.br\/index.php\/2023\/03\/27\/semana-santa-festival-da-torta-capixaba-comeca-no-proximo-dia-6\/\"]}]},{\"@type\":\"ImageObject\",\"inLanguage\":\"pt-BR\",\"@id\":\"https:\/\/jornalfatosenoticias.com.br\/index.php\/2023\/03\/27\/semana-santa-festival-da-torta-capixaba-comeca-no-proximo-dia-6\/#primaryimage\",\"url\":\"https:\/\/jornalfatosenoticias.com.br\/wp-content\/uploads\/2023\/03\/torta-capixaba.jpg\",\"contentUrl\":\"https:\/\/jornalfatosenoticias.com.br\/wp-content\/uploads\/2023\/03\/torta-capixaba.jpg\",\"width\":1000,\"height\":361,\"caption\":\"Semana Santa: Festival da Torta Capixaba come\u00e7a no pr\u00f3ximo dia 6\"},{\"@type\":\"BreadcrumbList\",\"@id\":\"https:\/\/jornalfatosenoticias.com.br\/index.php\/2023\/03\/27\/semana-santa-festival-da-torta-capixaba-comeca-no-proximo-dia-6\/#breadcrumb\",\"itemListElement\":[{\"@type\":\"ListItem\",\"position\":1,\"name\":\"In\u00edcio\",\"item\":\"https:\/\/jornalfatosenoticias.com.br\/\"},{\"@type\":\"ListItem\",\"position\":2,\"name\":\"Semana Santa: Festival da Torta Capixaba come\u00e7a no pr\u00f3ximo dia 6\"}]},{\"@type\":\"WebSite\",\"@id\":\"https:\/\/jornalfatosenoticias.com.br\/#website\",\"url\":\"https:\/\/jornalfatosenoticias.com.br\/\",\"name\":\"Jornal Fatos e Not\u00edcias\",\"description\":\"Not\u00edcias em geral\",\"publisher\":{\"@id\":\"https:\/\/jornalfatosenoticias.com.br\/#organization\"},\"potentialAction\":[{\"@type\":\"SearchAction\",\"target\":{\"@type\":\"EntryPoint\",\"urlTemplate\":\"https:\/\/jornalfatosenoticias.com.br\/?s={search_term_string}\"},\"query-input\":{\"@type\":\"PropertyValueSpecification\",\"valueRequired\":true,\"valueName\":\"search_term_string\"}}],\"inLanguage\":\"pt-BR\"},{\"@type\":\"Organization\",\"@id\":\"https:\/\/jornalfatosenoticias.com.br\/#organization\",\"name\":\"Jornal Fatos e Not\u00edcias\",\"url\":\"https:\/\/jornalfatosenoticias.com.br\/\",\"logo\":{\"@type\":\"ImageObject\",\"inLanguage\":\"pt-BR\",\"@id\":\"https:\/\/jornalfatosenoticias.com.br\/#\/schema\/logo\/image\/\",\"url\":\"https:\/\/jornalfatosenoticias.com.br\/wp-content\/uploads\/2020\/02\/logo120.png\",\"contentUrl\":\"https:\/\/jornalfatosenoticias.com.br\/wp-content\/uploads\/2020\/02\/logo120.png\",\"width\":1227,\"height\":120,\"caption\":\"Jornal Fatos e Not\u00edcias\"},\"image\":{\"@id\":\"https:\/\/jornalfatosenoticias.com.br\/#\/schema\/logo\/image\/\"}},{\"@type\":\"Person\",\"@id\":\"https:\/\/jornalfatosenoticias.com.br\/#\/schema\/person\/d63837fa13ac8666eb9e74e0985d6f81\",\"name\":\"Luzimara Fernandes\",\"image\":{\"@type\":\"ImageObject\",\"inLanguage\":\"pt-BR\",\"@id\":\"https:\/\/jornalfatosenoticias.com.br\/#\/schema\/person\/image\/\",\"url\":\"https:\/\/jornalfatosenoticias.com.br\/wp-content\/uploads\/2025\/05\/EU_portal.jpg\",\"contentUrl\":\"https:\/\/jornalfatosenoticias.com.br\/wp-content\/uploads\/2025\/05\/EU_portal.jpg\",\"caption\":\"Luzimara Fernandes\"},\"description\":\"Jornalista MTB 2358-ES\",\"sameAs\":[\"https:\/\/jornalfatosenoticias.com.br\"],\"url\":\"https:\/\/jornalfatosenoticias.com.br\/index.php\/author\/luzimara\/\"}]}<\/script>\n<!-- \/ Yoast SEO plugin. -->","yoast_head_json":{"title":"Semana Santa: Festival da Torta Capixaba come\u00e7a no pr\u00f3ximo dia 6 - Jornal Fatos e Not\u00edcias","robots":{"index":"index","follow":"follow","max-snippet":"max-snippet:-1","max-image-preview":"max-image-preview:large","max-video-preview":"max-video-preview:-1"},"canonical":"https:\/\/jornalfatosenoticias.com.br\/index.php\/2023\/03\/27\/semana-santa-festival-da-torta-capixaba-comeca-no-proximo-dia-6\/","og_locale":"pt_BR","og_type":"article","og_title":"Semana Santa: Festival da Torta Capixaba come\u00e7a no pr\u00f3ximo dia 6 - Jornal Fatos e Not\u00edcias","og_description":"Com a proximidade da Semana Santa, ela invade as mesas de refei\u00e7\u00e3o das resid\u00eancias, bares, restaurantes, hot\u00e9is e tem at\u00e9 mesmo um festival em sua homenagem. Estamos falando da tradicional\u00edssima torta capixaba. Na Ilha das Caieiras, os preparativos para o festival do prato mais famoso do Estado j\u00e1 est\u00e3o a todo vapor. A partir do [&hellip;]","og_url":"https:\/\/jornalfatosenoticias.com.br\/index.php\/2023\/03\/27\/semana-santa-festival-da-torta-capixaba-comeca-no-proximo-dia-6\/","og_site_name":"Jornal Fatos e Not\u00edcias","article_published_time":"2023-03-27T14:55:10+00:00","article_modified_time":"2023-03-27T14:55:12+00:00","og_image":[{"width":1000,"height":361,"url":"https:\/\/jornalfatosenoticias.com.br\/wp-content\/uploads\/2023\/03\/torta-capixaba.jpg","type":"image\/jpeg"}],"author":"Luzimara Fernandes","twitter_card":"summary_large_image","twitter_misc":{"Escrito por":"Luzimara Fernandes","Est. tempo de leitura":"4 minutos"},"schema":{"@context":"https:\/\/schema.org","@graph":[{"@type":"Article","@id":"https:\/\/jornalfatosenoticias.com.br\/index.php\/2023\/03\/27\/semana-santa-festival-da-torta-capixaba-comeca-no-proximo-dia-6\/#article","isPartOf":{"@id":"https:\/\/jornalfatosenoticias.com.br\/index.php\/2023\/03\/27\/semana-santa-festival-da-torta-capixaba-comeca-no-proximo-dia-6\/"},"author":{"name":"Luzimara Fernandes","@id":"https:\/\/jornalfatosenoticias.com.br\/#\/schema\/person\/d63837fa13ac8666eb9e74e0985d6f81"},"headline":"Semana Santa: Festival da Torta Capixaba come\u00e7a no pr\u00f3ximo dia 6","datePublished":"2023-03-27T14:55:10+00:00","dateModified":"2023-03-27T14:55:12+00:00","mainEntityOfPage":{"@id":"https:\/\/jornalfatosenoticias.com.br\/index.php\/2023\/03\/27\/semana-santa-festival-da-torta-capixaba-comeca-no-proximo-dia-6\/"},"wordCount":729,"commentCount":0,"publisher":{"@id":"https:\/\/jornalfatosenoticias.com.br\/#organization"},"image":{"@id":"https:\/\/jornalfatosenoticias.com.br\/index.php\/2023\/03\/27\/semana-santa-festival-da-torta-capixaba-comeca-no-proximo-dia-6\/#primaryimage"},"thumbnailUrl":"https:\/\/jornalfatosenoticias.com.br\/wp-content\/uploads\/2023\/03\/torta-capixaba.jpg","keywords":["domingo de P\u00e1scoa","Festival da Torta Capixaba","P\u00e1scoa","prato mais famoso do Estado","Prefeitura Municipal de Vit\u00f3ria","Semana Santa"],"articleSection":["Geral"],"inLanguage":"pt-BR","potentialAction":[{"@type":"CommentAction","name":"Comment","target":["https:\/\/jornalfatosenoticias.com.br\/index.php\/2023\/03\/27\/semana-santa-festival-da-torta-capixaba-comeca-no-proximo-dia-6\/#respond"]}]},{"@type":"WebPage","@id":"https:\/\/jornalfatosenoticias.com.br\/index.php\/2023\/03\/27\/semana-santa-festival-da-torta-capixaba-comeca-no-proximo-dia-6\/","url":"https:\/\/jornalfatosenoticias.com.br\/index.php\/2023\/03\/27\/semana-santa-festival-da-torta-capixaba-comeca-no-proximo-dia-6\/","name":"Semana Santa: Festival da Torta Capixaba come\u00e7a no pr\u00f3ximo dia 6 - Jornal Fatos e Not\u00edcias","isPartOf":{"@id":"https:\/\/jornalfatosenoticias.com.br\/#website"},"primaryImageOfPage":{"@id":"https:\/\/jornalfatosenoticias.com.br\/index.php\/2023\/03\/27\/semana-santa-festival-da-torta-capixaba-comeca-no-proximo-dia-6\/#primaryimage"},"image":{"@id":"https:\/\/jornalfatosenoticias.com.br\/index.php\/2023\/03\/27\/semana-santa-festival-da-torta-capixaba-comeca-no-proximo-dia-6\/#primaryimage"},"thumbnailUrl":"https:\/\/jornalfatosenoticias.com.br\/wp-content\/uploads\/2023\/03\/torta-capixaba.jpg","datePublished":"2023-03-27T14:55:10+00:00","dateModified":"2023-03-27T14:55:12+00:00","breadcrumb":{"@id":"https:\/\/jornalfatosenoticias.com.br\/index.php\/2023\/03\/27\/semana-santa-festival-da-torta-capixaba-comeca-no-proximo-dia-6\/#breadcrumb"},"inLanguage":"pt-BR","potentialAction":[{"@type":"ReadAction","target":["https:\/\/jornalfatosenoticias.com.br\/index.php\/2023\/03\/27\/semana-santa-festival-da-torta-capixaba-comeca-no-proximo-dia-6\/"]}]},{"@type":"ImageObject","inLanguage":"pt-BR","@id":"https:\/\/jornalfatosenoticias.com.br\/index.php\/2023\/03\/27\/semana-santa-festival-da-torta-capixaba-comeca-no-proximo-dia-6\/#primaryimage","url":"https:\/\/jornalfatosenoticias.com.br\/wp-content\/uploads\/2023\/03\/torta-capixaba.jpg","contentUrl":"https:\/\/jornalfatosenoticias.com.br\/wp-content\/uploads\/2023\/03\/torta-capixaba.jpg","width":1000,"height":361,"caption":"Semana Santa: Festival da Torta Capixaba come\u00e7a no pr\u00f3ximo dia 6"},{"@type":"BreadcrumbList","@id":"https:\/\/jornalfatosenoticias.com.br\/index.php\/2023\/03\/27\/semana-santa-festival-da-torta-capixaba-comeca-no-proximo-dia-6\/#breadcrumb","itemListElement":[{"@type":"ListItem","position":1,"name":"In\u00edcio","item":"https:\/\/jornalfatosenoticias.com.br\/"},{"@type":"ListItem","position":2,"name":"Semana Santa: Festival da Torta Capixaba come\u00e7a no pr\u00f3ximo dia 6"}]},{"@type":"WebSite","@id":"https:\/\/jornalfatosenoticias.com.br\/#website","url":"https:\/\/jornalfatosenoticias.com.br\/","name":"Jornal Fatos e Not\u00edcias","description":"Not\u00edcias em geral","publisher":{"@id":"https:\/\/jornalfatosenoticias.com.br\/#organization"},"potentialAction":[{"@type":"SearchAction","target":{"@type":"EntryPoint","urlTemplate":"https:\/\/jornalfatosenoticias.com.br\/?s={search_term_string}"},"query-input":{"@type":"PropertyValueSpecification","valueRequired":true,"valueName":"search_term_string"}}],"inLanguage":"pt-BR"},{"@type":"Organization","@id":"https:\/\/jornalfatosenoticias.com.br\/#organization","name":"Jornal Fatos e Not\u00edcias","url":"https:\/\/jornalfatosenoticias.com.br\/","logo":{"@type":"ImageObject","inLanguage":"pt-BR","@id":"https:\/\/jornalfatosenoticias.com.br\/#\/schema\/logo\/image\/","url":"https:\/\/jornalfatosenoticias.com.br\/wp-content\/uploads\/2020\/02\/logo120.png","contentUrl":"https:\/\/jornalfatosenoticias.com.br\/wp-content\/uploads\/2020\/02\/logo120.png","width":1227,"height":120,"caption":"Jornal Fatos e Not\u00edcias"},"image":{"@id":"https:\/\/jornalfatosenoticias.com.br\/#\/schema\/logo\/image\/"}},{"@type":"Person","@id":"https:\/\/jornalfatosenoticias.com.br\/#\/schema\/person\/d63837fa13ac8666eb9e74e0985d6f81","name":"Luzimara Fernandes","image":{"@type":"ImageObject","inLanguage":"pt-BR","@id":"https:\/\/jornalfatosenoticias.com.br\/#\/schema\/person\/image\/","url":"https:\/\/jornalfatosenoticias.com.br\/wp-content\/uploads\/2025\/05\/EU_portal.jpg","contentUrl":"https:\/\/jornalfatosenoticias.com.br\/wp-content\/uploads\/2025\/05\/EU_portal.jpg","caption":"Luzimara Fernandes"},"description":"Jornalista MTB 2358-ES","sameAs":["https:\/\/jornalfatosenoticias.com.br"],"url":"https:\/\/jornalfatosenoticias.com.br\/index.php\/author\/luzimara\/"}]}},"cc_featured_image_caption":{"caption_text":"(Foto: Comunica\u00e7\u00e3o PMV) ","source_text":"","source_url":""},"jetpack_featured_media_url":"https:\/\/jornalfatosenoticias.com.br\/wp-content\/uploads\/2023\/03\/torta-capixaba.jpg","_links":{"self":[{"href":"https:\/\/jornalfatosenoticias.com.br\/index.php\/wp-json\/wp\/v2\/posts\/40021","targetHints":{"allow":["GET"]}}],"collection":[{"href":"https:\/\/jornalfatosenoticias.com.br\/index.php\/wp-json\/wp\/v2\/posts"}],"about":[{"href":"https:\/\/jornalfatosenoticias.com.br\/index.php\/wp-json\/wp\/v2\/types\/post"}],"author":[{"embeddable":true,"href":"https:\/\/jornalfatosenoticias.com.br\/index.php\/wp-json\/wp\/v2\/users\/2"}],"replies":[{"embeddable":true,"href":"https:\/\/jornalfatosenoticias.com.br\/index.php\/wp-json\/wp\/v2\/comments?post=40021"}],"version-history":[{"count":0,"href":"https:\/\/jornalfatosenoticias.com.br\/index.php\/wp-json\/wp\/v2\/posts\/40021\/revisions"}],"wp:featuredmedia":[{"embeddable":true,"href":"https:\/\/jornalfatosenoticias.com.br\/index.php\/wp-json\/wp\/v2\/media\/40023"}],"wp:attachment":[{"href":"https:\/\/jornalfatosenoticias.com.br\/index.php\/wp-json\/wp\/v2\/media?parent=40021"}],"wp:term":[{"taxonomy":"category","embeddable":true,"href":"https:\/\/jornalfatosenoticias.com.br\/index.php\/wp-json\/wp\/v2\/categories?post=40021"},{"taxonomy":"post_tag","embeddable":true,"href":"https:\/\/jornalfatosenoticias.com.br\/index.php\/wp-json\/wp\/v2\/tags?post=40021"}],"curies":[{"name":"wp","href":"https:\/\/api.w.org\/{rel}","templated":true}]}}