{"id":40028,"date":"2023-03-27T12:34:59","date_gmt":"2023-03-27T15:34:59","guid":{"rendered":"https:\/\/jornalfatosenoticias.com.br\/?p=40028"},"modified":"2023-03-27T12:35:01","modified_gmt":"2023-03-27T15:35:01","slug":"a-solucao-definitiva-para-quem-busca-tecnologia-educacional","status":"publish","type":"post","link":"https:\/\/jornalfatosenoticias.com.br\/index.php\/2023\/03\/27\/a-solucao-definitiva-para-quem-busca-tecnologia-educacional\/","title":{"rendered":"A solu\u00e7\u00e3o definitiva para quem busca tecnologia educacional"},"content":{"rendered":"\n<p><em><span class=\"has-inline-color has-black-color\">Como a tecnologia pode promover mudan\u00e7as significativas no processo de aprendizagem e garantir educa\u00e7\u00e3o de alta performance<\/span><\/em><\/p>\n\n\n\n<div class=\"wp-block-image\"><figure class=\"aligncenter size-large\"><img loading=\"lazy\" decoding=\"async\" width=\"300\" height=\"250\" src=\"https:\/\/jornalfatosenoticias.com.br\/wp-content\/uploads\/2022\/02\/FERRARI_MAQUINAS-E-FERRAMENTAS2.jpg\" alt=\"\" class=\"wp-image-27860\"\/><\/figure><\/div>\n\n\n\n<p>A decis\u00e3o mais dif\u00edcil hoje para uma escola \u00e9 no que mirar quando o assunto \u00e9 tecnologia. A r\u00e1pida obsolesc\u00eancia de equipamentos deixa todas as pessoas preocupadas. Contudo, a partir de 2012, com a cria\u00e7\u00e3o da iPlace Educacional, escolas de todos os tamanhos, at\u00e9 universidades, passaram a contar com as ferramentas Apple. Com isso, as institui\u00e7\u00f5es de ensino exploram novos conte\u00fados e metodologias adequados \u00e0 proposta educacional.<\/p>\n\n\n\n<div class=\"wp-block-image\"><figure class=\"aligncenter size-large is-resized\"><img loading=\"lazy\" decoding=\"async\" src=\"https:\/\/jornalfatosenoticias.com.br\/wp-content\/uploads\/2022\/02\/Precisao-Contabilidade-1024x724.jpg\" alt=\"\" class=\"wp-image-28088\" width=\"351\" height=\"248\"\/><\/figure><\/div>\n\n\n\n<p>Especialista em projetos de tecnologia voltados \u00e0 educa\u00e7\u00e3o, a iPlace Educacional vem contribuindo para o processo de transforma\u00e7\u00e3o do ensino no Brasil. Com os recursos personalizados para as demandas das institui\u00e7\u00f5es de ensino, a marca potencializa o trabalho do professor implementando inova\u00e7\u00e3o atrav\u00e9s de projetos tecnol\u00f3gicos no curr\u00edculo escolar; motiva os estudantes a serem protagonistas do seu processo de aprendizagem, uma vez que os dispositivos Apple geram autonomia; estimula a criatividade, a resolu\u00e7\u00e3o de problemas e a colabora\u00e7\u00e3o: as novas formas de aprendizagem encoraja ainda mais a troca de informa\u00e7\u00f5es.<\/p>\n\n\n\n<div class=\"wp-block-image\"><figure class=\"aligncenter size-large is-resized\"><img loading=\"lazy\" decoding=\"async\" src=\"https:\/\/jornalfatosenoticias.com.br\/wp-content\/uploads\/2022\/07\/Logo-Grupo-SEI.jpg\" alt=\"\" class=\"wp-image-31973\" width=\"347\" height=\"182\" srcset=\"https:\/\/jornalfatosenoticias.com.br\/wp-content\/uploads\/2022\/07\/Logo-Grupo-SEI.jpg 713w, https:\/\/jornalfatosenoticias.com.br\/wp-content\/uploads\/2022\/07\/Logo-Grupo-SEI-300x158.jpg 300w\" sizes=\"auto, (max-width: 347px) 100vw, 347px\" \/><\/figure><\/div>\n\n\n\n<p><strong><span class=\"has-inline-color has-vivid-cyan-blue-color\">iPad tamb\u00e9m na aprendizagem<br><\/span><\/strong>Sem perder a conex\u00e3o com as pessoas e com o \u2018mundo real\u2019, a <em>iPlace Educacional<\/em> promove uma abertura de horizontes para estudantes que, por meio dos diferentes dispositivos e solu\u00e7\u00f5es, t\u00eam a possibilidade de melhorar a sua performance em sala de aula. Dentre os dispositivos dispon\u00edveis para o uso, o iPad \u00e9 a ferramenta ideal para alunos e professores de todas as disciplinas e faixa et\u00e1ria. F\u00e1cil de utilizar, ele oferece alto desempenho e versatilidade, al\u00e9m de ser compat\u00edvel com milhares de aplicativos que auxiliam no aprendizado dos estudantes.<\/p>\n\n\n\n<div class=\"wp-block-image\"><figure class=\"aligncenter size-large is-resized\"><img loading=\"lazy\" decoding=\"async\" src=\"https:\/\/jornalfatosenoticias.com.br\/wp-content\/uploads\/2020\/02\/logo-embacia.jpg\" alt=\"\" class=\"wp-image-33905\" width=\"282\" height=\"282\"\/><\/figure><\/div>\n\n\n\n<p>Essa tecnologia j\u00e1 vem sendo implementada em diversas institui\u00e7\u00f5es do Pa\u00eds. Com a utiliza\u00e7\u00e3o de iPads, a institui\u00e7\u00e3o tem o objetivo de promover o desenvolvimento do aluno com flexibilidade de produ\u00e7\u00e3o das atividades nos mais diversos ambientes. O dispositivo facilmente se transforma em livro, caderno, jogo, lousa, est\u00fadio, museu e, at\u00e9 mesmo, em laborat\u00f3rio de ci\u00eancias.<\/p>\n\n\n\n<div class=\"wp-block-image\"><figure class=\"aligncenter size-large is-resized\"><img loading=\"lazy\" decoding=\"async\" src=\"https:\/\/jornalfatosenoticias.com.br\/wp-content\/uploads\/2020\/02\/logo-Panper_portal.jpg\" alt=\"\" class=\"wp-image-34474\" width=\"321\" height=\"222\" srcset=\"https:\/\/jornalfatosenoticias.com.br\/wp-content\/uploads\/2020\/02\/logo-Panper_portal.jpg 400w, https:\/\/jornalfatosenoticias.com.br\/wp-content\/uploads\/2020\/02\/logo-Panper_portal-300x208.jpg 300w\" sizes=\"auto, (max-width: 321px) 100vw, 321px\" \/><\/figure><\/div>\n\n\n\n<p>O ecossistema Apple tamb\u00e9m oferece dois apps gratuitos que otimizam o trabalho do professor: o Sala de Aula e o Projeto Escolar. Ambos trazem dinamismo e inova\u00e7\u00e3o para que os educadores trabalhem os materiais de aula da melhor forma poss\u00edvel.<\/p>\n\n\n\n<p><strong><span class=\"has-inline-color has-vivid-cyan-blue-color\">Com seguran\u00e7a<br><\/span><\/strong>No decorrer das opera\u00e7\u00f5es, a institui\u00e7\u00e3o tem em m\u00e3os a gest\u00e3o completa dos <em>devices,<\/em> o que possibilita um ambiente de seguran\u00e7a refor\u00e7ada tanto para a escola, quanto para os usu\u00e1rios. <\/p>\n\n\n\n<div class=\"wp-block-image\"><figure class=\"aligncenter size-large is-resized\"><img loading=\"lazy\" decoding=\"async\" src=\"https:\/\/jornalfatosenoticias.com.br\/wp-content\/uploads\/2022\/10\/RC_800x750_page-0001.jpg\" alt=\"\" class=\"wp-image-35338\" width=\"277\" height=\"260\" srcset=\"https:\/\/jornalfatosenoticias.com.br\/wp-content\/uploads\/2022\/10\/RC_800x750_page-0001.jpg 400w, https:\/\/jornalfatosenoticias.com.br\/wp-content\/uploads\/2022\/10\/RC_800x750_page-0001-300x281.jpg 300w\" sizes=\"auto, (max-width: 277px) 100vw, 277px\" \/><\/figure><\/div>\n\n\n\n<blockquote class=\"wp-block-quote is-layout-flow wp-block-quote-is-layout-flow\"><p><span class=\"has-inline-color has-luminous-vivid-orange-color\">Os equipamentos est\u00e3o integrados e sob a pol\u00edtica do <em>compliance<\/em> que acompanha o uso no col\u00e9gio\u201d, esclarece o supervisor comercial da iPlace Educacional, Leandro Dantas, que foi um dos criadores do projeto e atua em todas as fases das opera\u00e7\u00f5es.<\/span><\/p><\/blockquote>\n\n\n\n<div class=\"wp-block-image\"><figure class=\"aligncenter size-large\"><img decoding=\"async\" src=\"https:\/\/jornalfatosenoticias.com.br\/wp-content\/uploads\/2020\/02\/Logomarca-Principal.gif\" alt=\"\" class=\"wp-image-7872\"\/><\/figure><\/div>\n\n\n\n<p>Considerado um sucesso de engajamento e obten\u00e7\u00e3o de bons resultados, a tecnologia oferecida pelos iPad \u00e9 bem recebida por donos de escolas e oferece a possibilidade de configura\u00e7\u00e3o remota dos dispositivos.<\/p>\n\n\n\n<p><strong><span class=\"has-inline-color has-vivid-cyan-blue-color\">iPlace Educacional, da infraestrutura ao pedag\u00f3gico<br><\/span><\/strong>H\u00e1 mais de 10 anos, a iPlace Educacional atua no relacionamento com diretores, docentes e estudantes, com o fornecimento de produtos Apple, al\u00e9m de servi\u00e7os e treinamentos. O caso do Col\u00e9gio Sion revela um pouco da abordagem da equipe respons\u00e1vel pela interface com as institui\u00e7\u00f5es de ensino.<\/p>\n\n\n\n<div class=\"wp-block-image\"><figure class=\"aligncenter size-large is-resized\"><img loading=\"lazy\" decoding=\"async\" src=\"https:\/\/jornalfatosenoticias.com.br\/wp-content\/uploads\/2021\/10\/LOGO-JUNTOS-SOS-ES-AMBIENTAL.jpg\" alt=\"\" class=\"wp-image-23922\" width=\"314\" height=\"291\"\/><\/figure><\/div>\n\n\n\n<blockquote class=\"wp-block-quote is-layout-flow wp-block-quote-is-layout-flow\"><p><span class=\"has-inline-color has-luminous-vivid-orange-color\">Vamos at\u00e9 essas escolas para entender o cen\u00e1rio e viabilizar recursos tecnol\u00f3gicos para atender a todas as necessidades \u2014 n\u00e3o se trata da venda apenas pela venda\u201d, complementa o supervisor Leandro Dantas.<\/span><\/p><\/blockquote>\n\n\n\n<p>Os produtos e servi\u00e7os s\u00e3o adequados para institui\u00e7\u00f5es de ensino dos mais diversos perfis e tamanhos. Na proposi\u00e7\u00e3o de projetos de tecnologia voltados ao ensino, consideram-se as linhas pedag\u00f3gicas e a infraestrutura. <\/p>\n\n\n\n<div class=\"wp-block-image\"><figure class=\"aligncenter size-large\"><img loading=\"lazy\" decoding=\"async\" width=\"300\" height=\"250\" src=\"https:\/\/jornalfatosenoticias.com.br\/wp-content\/uploads\/2022\/02\/Banner-2.png\" alt=\"\" class=\"wp-image-27877\"\/><\/figure><\/div>\n\n\n\n<blockquote class=\"wp-block-quote is-layout-flow wp-block-quote-is-layout-flow\"><p><span class=\"has-inline-color has-luminous-vivid-orange-color\">Nossos servi\u00e7os e treinamentos n\u00e3o s\u00e3o de curto prazo. O objetivo \u00e9 perpetuar uma parceria que vai trazer benef\u00edcios para crian\u00e7as, adolescentes e adultos\u201d, finaliza Dantas.<\/span><\/p><\/blockquote>\n\n\n\n<div class=\"wp-block-image\"><figure class=\"aligncenter size-large is-resized\"><img loading=\"lazy\" decoding=\"async\" src=\"https:\/\/jornalfatosenoticias.com.br\/wp-content\/uploads\/2022\/10\/Arte-jornal-Zucchi-600x600_Prancheta-1-1024x1024.jpg\" alt=\"\" class=\"wp-image-34782\" width=\"302\" height=\"302\" srcset=\"https:\/\/jornalfatosenoticias.com.br\/wp-content\/uploads\/2022\/10\/Arte-jornal-Zucchi-600x600_Prancheta-1-1024x1024.jpg 1024w, https:\/\/jornalfatosenoticias.com.br\/wp-content\/uploads\/2022\/10\/Arte-jornal-Zucchi-600x600_Prancheta-1-300x300.jpg 300w, https:\/\/jornalfatosenoticias.com.br\/wp-content\/uploads\/2022\/10\/Arte-jornal-Zucchi-600x600_Prancheta-1-150x150.jpg 150w, https:\/\/jornalfatosenoticias.com.br\/wp-content\/uploads\/2022\/10\/Arte-jornal-Zucchi-600x600_Prancheta-1-768x768.jpg 768w, https:\/\/jornalfatosenoticias.com.br\/wp-content\/uploads\/2022\/10\/Arte-jornal-Zucchi-600x600_Prancheta-1.jpg 1250w\" sizes=\"auto, (max-width: 302px) 100vw, 302px\" \/><\/figure><\/div>\n\n\n\n<p>Conhe\u00e7a os produtos e servi\u00e7os do portf\u00f3lio Apple oferecidos pela iPlace Educacional e agende uma conversa com o suporte pedag\u00f3gico profissional. <a href=\"https:\/\/www.iplacecorp.com.br\/educacional\" target=\"_blank\" rel=\"noreferrer noopener\"><strong>Clique aqui<\/strong><\/a>.<\/p>\n\n\n\n<p><strong><em>Fonte: <a href=\"https:\/\/revistaeducacao.com.br\/2023\/03\/13\/iplace-educacional-tecnologia-educacional\/\">Revista Educa\u00e7\u00e3o<\/a><\/em><\/strong><\/p>\n","protected":false},"excerpt":{"rendered":"<p>Como a tecnologia pode promover mudan\u00e7as significativas no processo de aprendizagem e garantir educa\u00e7\u00e3o de alta performance A decis\u00e3o mais dif\u00edcil hoje para uma escola \u00e9 no que mirar quando o assunto \u00e9 tecnologia. A r\u00e1pida obsolesc\u00eancia de equipamentos deixa todas as pessoas preocupadas. Contudo, a partir de 2012, com a cria\u00e7\u00e3o da iPlace Educacional, [&hellip;]<\/p>\n","protected":false},"author":2,"featured_media":40029,"comment_status":"open","ping_status":"open","sticky":false,"template":"","format":"standard","meta":{"footnotes":""},"categories":[7],"tags":[18741,1298,18740,18742,9823],"class_list":["post-40028","post","type-post","status-publish","format-standard","has-post-thumbnail","hentry","category-educacao","tag-alta-performance-educacional","tag-apple","tag-apple-na-educacao","tag-iplace-educacional","tag-tecnologia-educacional"],"yoast_head":"<!-- This site is optimized with the Yoast SEO plugin v26.5 - https:\/\/yoast.com\/wordpress\/plugins\/seo\/ -->\n<title>A solu\u00e7\u00e3o definitiva para quem busca tecnologia educacional - Jornal Fatos e Not\u00edcias<\/title>\n<meta name=\"robots\" content=\"index, follow, max-snippet:-1, max-image-preview:large, max-video-preview:-1\" \/>\n<link rel=\"canonical\" href=\"https:\/\/jornalfatosenoticias.com.br\/index.php\/2023\/03\/27\/a-solucao-definitiva-para-quem-busca-tecnologia-educacional\/\" \/>\n<meta property=\"og:locale\" content=\"pt_BR\" \/>\n<meta property=\"og:type\" content=\"article\" \/>\n<meta property=\"og:title\" content=\"A solu\u00e7\u00e3o definitiva para quem busca tecnologia educacional - Jornal Fatos e Not\u00edcias\" \/>\n<meta property=\"og:description\" content=\"Como a tecnologia pode promover mudan\u00e7as significativas no processo de aprendizagem e garantir educa\u00e7\u00e3o de alta performance A decis\u00e3o mais dif\u00edcil hoje para uma escola \u00e9 no que mirar quando o assunto \u00e9 tecnologia. A r\u00e1pida obsolesc\u00eancia de equipamentos deixa todas as pessoas preocupadas. Contudo, a partir de 2012, com a cria\u00e7\u00e3o da iPlace Educacional, [&hellip;]\" \/>\n<meta property=\"og:url\" content=\"https:\/\/jornalfatosenoticias.com.br\/index.php\/2023\/03\/27\/a-solucao-definitiva-para-quem-busca-tecnologia-educacional\/\" \/>\n<meta property=\"og:site_name\" content=\"Jornal Fatos e Not\u00edcias\" \/>\n<meta property=\"article:published_time\" content=\"2023-03-27T15:34:59+00:00\" \/>\n<meta property=\"article:modified_time\" content=\"2023-03-27T15:35:01+00:00\" \/>\n<meta property=\"og:image\" content=\"https:\/\/jornalfatosenoticias.com.br\/wp-content\/uploads\/2023\/03\/tecnologia-educacional.jpeg\" \/>\n\t<meta property=\"og:image:width\" content=\"1000\" \/>\n\t<meta property=\"og:image:height\" content=\"663\" \/>\n\t<meta property=\"og:image:type\" content=\"image\/jpeg\" \/>\n<meta name=\"author\" content=\"Luzimara Fernandes\" \/>\n<meta name=\"twitter:card\" content=\"summary_large_image\" \/>\n<meta name=\"twitter:label1\" content=\"Escrito por\" \/>\n\t<meta name=\"twitter:data1\" content=\"Luzimara Fernandes\" \/>\n\t<meta name=\"twitter:label2\" content=\"Est. tempo de leitura\" \/>\n\t<meta name=\"twitter:data2\" content=\"3 minutos\" \/>\n<script type=\"application\/ld+json\" class=\"yoast-schema-graph\">{\"@context\":\"https:\/\/schema.org\",\"@graph\":[{\"@type\":\"Article\",\"@id\":\"https:\/\/jornalfatosenoticias.com.br\/index.php\/2023\/03\/27\/a-solucao-definitiva-para-quem-busca-tecnologia-educacional\/#article\",\"isPartOf\":{\"@id\":\"https:\/\/jornalfatosenoticias.com.br\/index.php\/2023\/03\/27\/a-solucao-definitiva-para-quem-busca-tecnologia-educacional\/\"},\"author\":{\"name\":\"Luzimara Fernandes\",\"@id\":\"https:\/\/jornalfatosenoticias.com.br\/#\/schema\/person\/d63837fa13ac8666eb9e74e0985d6f81\"},\"headline\":\"A solu\u00e7\u00e3o definitiva para quem busca tecnologia educacional\",\"datePublished\":\"2023-03-27T15:34:59+00:00\",\"dateModified\":\"2023-03-27T15:35:01+00:00\",\"mainEntityOfPage\":{\"@id\":\"https:\/\/jornalfatosenoticias.com.br\/index.php\/2023\/03\/27\/a-solucao-definitiva-para-quem-busca-tecnologia-educacional\/\"},\"wordCount\":711,\"commentCount\":0,\"publisher\":{\"@id\":\"https:\/\/jornalfatosenoticias.com.br\/#organization\"},\"image\":{\"@id\":\"https:\/\/jornalfatosenoticias.com.br\/index.php\/2023\/03\/27\/a-solucao-definitiva-para-quem-busca-tecnologia-educacional\/#primaryimage\"},\"thumbnailUrl\":\"https:\/\/jornalfatosenoticias.com.br\/wp-content\/uploads\/2023\/03\/tecnologia-educacional.jpeg\",\"keywords\":[\"alta performance educacional\",\"Apple\",\"Apple na educa\u00e7\u00e3o\",\"iPlace Educacional\",\"tecnologia educacional\"],\"articleSection\":[\"Educa\u00e7\u00e3o\"],\"inLanguage\":\"pt-BR\",\"potentialAction\":[{\"@type\":\"CommentAction\",\"name\":\"Comment\",\"target\":[\"https:\/\/jornalfatosenoticias.com.br\/index.php\/2023\/03\/27\/a-solucao-definitiva-para-quem-busca-tecnologia-educacional\/#respond\"]}]},{\"@type\":\"WebPage\",\"@id\":\"https:\/\/jornalfatosenoticias.com.br\/index.php\/2023\/03\/27\/a-solucao-definitiva-para-quem-busca-tecnologia-educacional\/\",\"url\":\"https:\/\/jornalfatosenoticias.com.br\/index.php\/2023\/03\/27\/a-solucao-definitiva-para-quem-busca-tecnologia-educacional\/\",\"name\":\"A solu\u00e7\u00e3o definitiva para quem busca tecnologia educacional - Jornal Fatos e Not\u00edcias\",\"isPartOf\":{\"@id\":\"https:\/\/jornalfatosenoticias.com.br\/#website\"},\"primaryImageOfPage\":{\"@id\":\"https:\/\/jornalfatosenoticias.com.br\/index.php\/2023\/03\/27\/a-solucao-definitiva-para-quem-busca-tecnologia-educacional\/#primaryimage\"},\"image\":{\"@id\":\"https:\/\/jornalfatosenoticias.com.br\/index.php\/2023\/03\/27\/a-solucao-definitiva-para-quem-busca-tecnologia-educacional\/#primaryimage\"},\"thumbnailUrl\":\"https:\/\/jornalfatosenoticias.com.br\/wp-content\/uploads\/2023\/03\/tecnologia-educacional.jpeg\",\"datePublished\":\"2023-03-27T15:34:59+00:00\",\"dateModified\":\"2023-03-27T15:35:01+00:00\",\"breadcrumb\":{\"@id\":\"https:\/\/jornalfatosenoticias.com.br\/index.php\/2023\/03\/27\/a-solucao-definitiva-para-quem-busca-tecnologia-educacional\/#breadcrumb\"},\"inLanguage\":\"pt-BR\",\"potentialAction\":[{\"@type\":\"ReadAction\",\"target\":[\"https:\/\/jornalfatosenoticias.com.br\/index.php\/2023\/03\/27\/a-solucao-definitiva-para-quem-busca-tecnologia-educacional\/\"]}]},{\"@type\":\"ImageObject\",\"inLanguage\":\"pt-BR\",\"@id\":\"https:\/\/jornalfatosenoticias.com.br\/index.php\/2023\/03\/27\/a-solucao-definitiva-para-quem-busca-tecnologia-educacional\/#primaryimage\",\"url\":\"https:\/\/jornalfatosenoticias.com.br\/wp-content\/uploads\/2023\/03\/tecnologia-educacional.jpeg\",\"contentUrl\":\"https:\/\/jornalfatosenoticias.com.br\/wp-content\/uploads\/2023\/03\/tecnologia-educacional.jpeg\",\"width\":1000,\"height\":663},{\"@type\":\"BreadcrumbList\",\"@id\":\"https:\/\/jornalfatosenoticias.com.br\/index.php\/2023\/03\/27\/a-solucao-definitiva-para-quem-busca-tecnologia-educacional\/#breadcrumb\",\"itemListElement\":[{\"@type\":\"ListItem\",\"position\":1,\"name\":\"In\u00edcio\",\"item\":\"https:\/\/jornalfatosenoticias.com.br\/\"},{\"@type\":\"ListItem\",\"position\":2,\"name\":\"A solu\u00e7\u00e3o definitiva para quem busca tecnologia educacional\"}]},{\"@type\":\"WebSite\",\"@id\":\"https:\/\/jornalfatosenoticias.com.br\/#website\",\"url\":\"https:\/\/jornalfatosenoticias.com.br\/\",\"name\":\"Jornal Fatos e Not\u00edcias\",\"description\":\"Not\u00edcias em geral\",\"publisher\":{\"@id\":\"https:\/\/jornalfatosenoticias.com.br\/#organization\"},\"potentialAction\":[{\"@type\":\"SearchAction\",\"target\":{\"@type\":\"EntryPoint\",\"urlTemplate\":\"https:\/\/jornalfatosenoticias.com.br\/?s={search_term_string}\"},\"query-input\":{\"@type\":\"PropertyValueSpecification\",\"valueRequired\":true,\"valueName\":\"search_term_string\"}}],\"inLanguage\":\"pt-BR\"},{\"@type\":\"Organization\",\"@id\":\"https:\/\/jornalfatosenoticias.com.br\/#organization\",\"name\":\"Jornal Fatos e Not\u00edcias\",\"url\":\"https:\/\/jornalfatosenoticias.com.br\/\",\"logo\":{\"@type\":\"ImageObject\",\"inLanguage\":\"pt-BR\",\"@id\":\"https:\/\/jornalfatosenoticias.com.br\/#\/schema\/logo\/image\/\",\"url\":\"https:\/\/jornalfatosenoticias.com.br\/wp-content\/uploads\/2020\/02\/logo120.png\",\"contentUrl\":\"https:\/\/jornalfatosenoticias.com.br\/wp-content\/uploads\/2020\/02\/logo120.png\",\"width\":1227,\"height\":120,\"caption\":\"Jornal Fatos e Not\u00edcias\"},\"image\":{\"@id\":\"https:\/\/jornalfatosenoticias.com.br\/#\/schema\/logo\/image\/\"}},{\"@type\":\"Person\",\"@id\":\"https:\/\/jornalfatosenoticias.com.br\/#\/schema\/person\/d63837fa13ac8666eb9e74e0985d6f81\",\"name\":\"Luzimara Fernandes\",\"image\":{\"@type\":\"ImageObject\",\"inLanguage\":\"pt-BR\",\"@id\":\"https:\/\/jornalfatosenoticias.com.br\/#\/schema\/person\/image\/\",\"url\":\"https:\/\/jornalfatosenoticias.com.br\/wp-content\/uploads\/2025\/05\/EU_portal.jpg\",\"contentUrl\":\"https:\/\/jornalfatosenoticias.com.br\/wp-content\/uploads\/2025\/05\/EU_portal.jpg\",\"caption\":\"Luzimara Fernandes\"},\"description\":\"Jornalista MTB 2358-ES\",\"sameAs\":[\"https:\/\/jornalfatosenoticias.com.br\"],\"url\":\"https:\/\/jornalfatosenoticias.com.br\/index.php\/author\/luzimara\/\"}]}<\/script>\n<!-- \/ Yoast SEO plugin. -->","yoast_head_json":{"title":"A solu\u00e7\u00e3o definitiva para quem busca tecnologia educacional - Jornal Fatos e Not\u00edcias","robots":{"index":"index","follow":"follow","max-snippet":"max-snippet:-1","max-image-preview":"max-image-preview:large","max-video-preview":"max-video-preview:-1"},"canonical":"https:\/\/jornalfatosenoticias.com.br\/index.php\/2023\/03\/27\/a-solucao-definitiva-para-quem-busca-tecnologia-educacional\/","og_locale":"pt_BR","og_type":"article","og_title":"A solu\u00e7\u00e3o definitiva para quem busca tecnologia educacional - Jornal Fatos e Not\u00edcias","og_description":"Como a tecnologia pode promover mudan\u00e7as significativas no processo de aprendizagem e garantir educa\u00e7\u00e3o de alta performance A decis\u00e3o mais dif\u00edcil hoje para uma escola \u00e9 no que mirar quando o assunto \u00e9 tecnologia. A r\u00e1pida obsolesc\u00eancia de equipamentos deixa todas as pessoas preocupadas. Contudo, a partir de 2012, com a cria\u00e7\u00e3o da iPlace Educacional, [&hellip;]","og_url":"https:\/\/jornalfatosenoticias.com.br\/index.php\/2023\/03\/27\/a-solucao-definitiva-para-quem-busca-tecnologia-educacional\/","og_site_name":"Jornal Fatos e Not\u00edcias","article_published_time":"2023-03-27T15:34:59+00:00","article_modified_time":"2023-03-27T15:35:01+00:00","og_image":[{"width":1000,"height":663,"url":"https:\/\/jornalfatosenoticias.com.br\/wp-content\/uploads\/2023\/03\/tecnologia-educacional.jpeg","type":"image\/jpeg"}],"author":"Luzimara Fernandes","twitter_card":"summary_large_image","twitter_misc":{"Escrito por":"Luzimara Fernandes","Est. tempo de leitura":"3 minutos"},"schema":{"@context":"https:\/\/schema.org","@graph":[{"@type":"Article","@id":"https:\/\/jornalfatosenoticias.com.br\/index.php\/2023\/03\/27\/a-solucao-definitiva-para-quem-busca-tecnologia-educacional\/#article","isPartOf":{"@id":"https:\/\/jornalfatosenoticias.com.br\/index.php\/2023\/03\/27\/a-solucao-definitiva-para-quem-busca-tecnologia-educacional\/"},"author":{"name":"Luzimara Fernandes","@id":"https:\/\/jornalfatosenoticias.com.br\/#\/schema\/person\/d63837fa13ac8666eb9e74e0985d6f81"},"headline":"A solu\u00e7\u00e3o definitiva para quem busca tecnologia educacional","datePublished":"2023-03-27T15:34:59+00:00","dateModified":"2023-03-27T15:35:01+00:00","mainEntityOfPage":{"@id":"https:\/\/jornalfatosenoticias.com.br\/index.php\/2023\/03\/27\/a-solucao-definitiva-para-quem-busca-tecnologia-educacional\/"},"wordCount":711,"commentCount":0,"publisher":{"@id":"https:\/\/jornalfatosenoticias.com.br\/#organization"},"image":{"@id":"https:\/\/jornalfatosenoticias.com.br\/index.php\/2023\/03\/27\/a-solucao-definitiva-para-quem-busca-tecnologia-educacional\/#primaryimage"},"thumbnailUrl":"https:\/\/jornalfatosenoticias.com.br\/wp-content\/uploads\/2023\/03\/tecnologia-educacional.jpeg","keywords":["alta performance educacional","Apple","Apple na educa\u00e7\u00e3o","iPlace Educacional","tecnologia educacional"],"articleSection":["Educa\u00e7\u00e3o"],"inLanguage":"pt-BR","potentialAction":[{"@type":"CommentAction","name":"Comment","target":["https:\/\/jornalfatosenoticias.com.br\/index.php\/2023\/03\/27\/a-solucao-definitiva-para-quem-busca-tecnologia-educacional\/#respond"]}]},{"@type":"WebPage","@id":"https:\/\/jornalfatosenoticias.com.br\/index.php\/2023\/03\/27\/a-solucao-definitiva-para-quem-busca-tecnologia-educacional\/","url":"https:\/\/jornalfatosenoticias.com.br\/index.php\/2023\/03\/27\/a-solucao-definitiva-para-quem-busca-tecnologia-educacional\/","name":"A solu\u00e7\u00e3o definitiva para quem busca tecnologia educacional - Jornal Fatos e Not\u00edcias","isPartOf":{"@id":"https:\/\/jornalfatosenoticias.com.br\/#website"},"primaryImageOfPage":{"@id":"https:\/\/jornalfatosenoticias.com.br\/index.php\/2023\/03\/27\/a-solucao-definitiva-para-quem-busca-tecnologia-educacional\/#primaryimage"},"image":{"@id":"https:\/\/jornalfatosenoticias.com.br\/index.php\/2023\/03\/27\/a-solucao-definitiva-para-quem-busca-tecnologia-educacional\/#primaryimage"},"thumbnailUrl":"https:\/\/jornalfatosenoticias.com.br\/wp-content\/uploads\/2023\/03\/tecnologia-educacional.jpeg","datePublished":"2023-03-27T15:34:59+00:00","dateModified":"2023-03-27T15:35:01+00:00","breadcrumb":{"@id":"https:\/\/jornalfatosenoticias.com.br\/index.php\/2023\/03\/27\/a-solucao-definitiva-para-quem-busca-tecnologia-educacional\/#breadcrumb"},"inLanguage":"pt-BR","potentialAction":[{"@type":"ReadAction","target":["https:\/\/jornalfatosenoticias.com.br\/index.php\/2023\/03\/27\/a-solucao-definitiva-para-quem-busca-tecnologia-educacional\/"]}]},{"@type":"ImageObject","inLanguage":"pt-BR","@id":"https:\/\/jornalfatosenoticias.com.br\/index.php\/2023\/03\/27\/a-solucao-definitiva-para-quem-busca-tecnologia-educacional\/#primaryimage","url":"https:\/\/jornalfatosenoticias.com.br\/wp-content\/uploads\/2023\/03\/tecnologia-educacional.jpeg","contentUrl":"https:\/\/jornalfatosenoticias.com.br\/wp-content\/uploads\/2023\/03\/tecnologia-educacional.jpeg","width":1000,"height":663},{"@type":"BreadcrumbList","@id":"https:\/\/jornalfatosenoticias.com.br\/index.php\/2023\/03\/27\/a-solucao-definitiva-para-quem-busca-tecnologia-educacional\/#breadcrumb","itemListElement":[{"@type":"ListItem","position":1,"name":"In\u00edcio","item":"https:\/\/jornalfatosenoticias.com.br\/"},{"@type":"ListItem","position":2,"name":"A solu\u00e7\u00e3o definitiva para quem busca tecnologia educacional"}]},{"@type":"WebSite","@id":"https:\/\/jornalfatosenoticias.com.br\/#website","url":"https:\/\/jornalfatosenoticias.com.br\/","name":"Jornal Fatos e Not\u00edcias","description":"Not\u00edcias em geral","publisher":{"@id":"https:\/\/jornalfatosenoticias.com.br\/#organization"},"potentialAction":[{"@type":"SearchAction","target":{"@type":"EntryPoint","urlTemplate":"https:\/\/jornalfatosenoticias.com.br\/?s={search_term_string}"},"query-input":{"@type":"PropertyValueSpecification","valueRequired":true,"valueName":"search_term_string"}}],"inLanguage":"pt-BR"},{"@type":"Organization","@id":"https:\/\/jornalfatosenoticias.com.br\/#organization","name":"Jornal Fatos e Not\u00edcias","url":"https:\/\/jornalfatosenoticias.com.br\/","logo":{"@type":"ImageObject","inLanguage":"pt-BR","@id":"https:\/\/jornalfatosenoticias.com.br\/#\/schema\/logo\/image\/","url":"https:\/\/jornalfatosenoticias.com.br\/wp-content\/uploads\/2020\/02\/logo120.png","contentUrl":"https:\/\/jornalfatosenoticias.com.br\/wp-content\/uploads\/2020\/02\/logo120.png","width":1227,"height":120,"caption":"Jornal Fatos e Not\u00edcias"},"image":{"@id":"https:\/\/jornalfatosenoticias.com.br\/#\/schema\/logo\/image\/"}},{"@type":"Person","@id":"https:\/\/jornalfatosenoticias.com.br\/#\/schema\/person\/d63837fa13ac8666eb9e74e0985d6f81","name":"Luzimara Fernandes","image":{"@type":"ImageObject","inLanguage":"pt-BR","@id":"https:\/\/jornalfatosenoticias.com.br\/#\/schema\/person\/image\/","url":"https:\/\/jornalfatosenoticias.com.br\/wp-content\/uploads\/2025\/05\/EU_portal.jpg","contentUrl":"https:\/\/jornalfatosenoticias.com.br\/wp-content\/uploads\/2025\/05\/EU_portal.jpg","caption":"Luzimara Fernandes"},"description":"Jornalista MTB 2358-ES","sameAs":["https:\/\/jornalfatosenoticias.com.br"],"url":"https:\/\/jornalfatosenoticias.com.br\/index.php\/author\/luzimara\/"}]}},"cc_featured_image_caption":{"caption_text":"(Foto: Monkey Business Images) ","source_text":"","source_url":""},"jetpack_featured_media_url":"https:\/\/jornalfatosenoticias.com.br\/wp-content\/uploads\/2023\/03\/tecnologia-educacional.jpeg","_links":{"self":[{"href":"https:\/\/jornalfatosenoticias.com.br\/index.php\/wp-json\/wp\/v2\/posts\/40028","targetHints":{"allow":["GET"]}}],"collection":[{"href":"https:\/\/jornalfatosenoticias.com.br\/index.php\/wp-json\/wp\/v2\/posts"}],"about":[{"href":"https:\/\/jornalfatosenoticias.com.br\/index.php\/wp-json\/wp\/v2\/types\/post"}],"author":[{"embeddable":true,"href":"https:\/\/jornalfatosenoticias.com.br\/index.php\/wp-json\/wp\/v2\/users\/2"}],"replies":[{"embeddable":true,"href":"https:\/\/jornalfatosenoticias.com.br\/index.php\/wp-json\/wp\/v2\/comments?post=40028"}],"version-history":[{"count":0,"href":"https:\/\/jornalfatosenoticias.com.br\/index.php\/wp-json\/wp\/v2\/posts\/40028\/revisions"}],"wp:featuredmedia":[{"embeddable":true,"href":"https:\/\/jornalfatosenoticias.com.br\/index.php\/wp-json\/wp\/v2\/media\/40029"}],"wp:attachment":[{"href":"https:\/\/jornalfatosenoticias.com.br\/index.php\/wp-json\/wp\/v2\/media?parent=40028"}],"wp:term":[{"taxonomy":"category","embeddable":true,"href":"https:\/\/jornalfatosenoticias.com.br\/index.php\/wp-json\/wp\/v2\/categories?post=40028"},{"taxonomy":"post_tag","embeddable":true,"href":"https:\/\/jornalfatosenoticias.com.br\/index.php\/wp-json\/wp\/v2\/tags?post=40028"}],"curies":[{"name":"wp","href":"https:\/\/api.w.org\/{rel}","templated":true}]}}