{"id":40034,"date":"2023-03-27T12:58:00","date_gmt":"2023-03-27T15:58:00","guid":{"rendered":"https:\/\/jornalfatosenoticias.com.br\/?p=40034"},"modified":"2023-03-27T12:58:00","modified_gmt":"2023-03-27T15:58:00","slug":"governo-lula-perde-12-milhao-de-testes-de-covid","status":"publish","type":"post","link":"https:\/\/jornalfatosenoticias.com.br\/index.php\/2023\/03\/27\/governo-lula-perde-12-milhao-de-testes-de-covid\/","title":{"rendered":"Governo Lula perde 1,2 milh\u00e3o de testes de covid"},"content":{"rendered":"\n<p><em><span class=\"has-inline-color has-black-color\">Os produtos foram avaliados em quase R$ 43 milh\u00f5es<\/span><\/em><\/p>\n\n\n\n<div class=\"wp-block-image\"><figure class=\"aligncenter size-large\"><img loading=\"lazy\" decoding=\"async\" width=\"300\" height=\"222\" src=\"https:\/\/jornalfatosenoticias.com.br\/wp-content\/uploads\/2023\/03\/logo_Juliana-Graca.jpg\" alt=\"\" class=\"wp-image-39283\"\/><\/figure><\/div>\n\n\n\n<p>O <a href=\"https:\/\/revistaoeste.com\/brasil\/ministerio-da-saude-perde-12-milhao-de-testes-de-covid\/\">Minist\u00e9rio da Sa\u00fade<\/a> perdeu 1,2 milh\u00e3o de testes para detec\u00e7\u00e3o da covid-19 em mar\u00e7o. Os produtos, que estavam no estoque da pasta, venceram neste m\u00eas. Eles foram avaliados em quase R$ 43 milh\u00f5es. Os testes s\u00e3o do tipo RT-PCR e tamb\u00e9m servem para o diagn\u00f3stico do v\u00edrus sincicial respirat\u00f3rio e da <em>influenza<\/em> A e B. Parte dos lotes perdeu a validade em 9 de mar\u00e7o, enquanto o resto venceu no dia 13.<\/p>\n\n\n\n<div class=\"wp-block-image\"><figure class=\"aligncenter size-large is-resized\"><img loading=\"lazy\" decoding=\"async\" src=\"https:\/\/jornalfatosenoticias.com.br\/wp-content\/uploads\/2022\/08\/logo-locau-veiculos-1024x573.png\" alt=\"\" class=\"wp-image-33078\" width=\"330\" height=\"184\"\/><\/figure><\/div>\n\n\n\n<p>A equipe da ministra N\u00edsia Trindade culpa a gest\u00e3o anterior pelo ac\u00famulo de exames com validade curta. O minist\u00e9rio afirmou ainda que n\u00e3o teve acesso a dados sobre os estoques durante a transi\u00e7\u00e3o de governo. \u201cAo assumir, a atual gest\u00e3o da pasta deparou com os quantitativos em estoque sem tempo h\u00e1bil para distribui\u00e7\u00e3o e uso, ou sem demanda nos Estados\u201d, informou o minist\u00e9rio, em nota.<\/p>\n\n\n\n<div class=\"wp-block-image\"><figure class=\"aligncenter size-large\"><img loading=\"lazy\" decoding=\"async\" width=\"300\" height=\"300\" src=\"https:\/\/jornalfatosenoticias.com.br\/wp-content\/uploads\/2020\/02\/casa-do-torresmo_portal.jpg\" alt=\"\" class=\"wp-image-34472\" srcset=\"https:\/\/jornalfatosenoticias.com.br\/wp-content\/uploads\/2020\/02\/casa-do-torresmo_portal.jpg 300w, https:\/\/jornalfatosenoticias.com.br\/wp-content\/uploads\/2020\/02\/casa-do-torresmo_portal-150x150.jpg 150w\" sizes=\"auto, (max-width: 300px) 100vw, 300px\" \/><\/figure><\/div>\n\n\n\n<blockquote class=\"wp-block-quote is-layout-flow wp-block-quote-is-layout-flow\"><p><span class=\"has-inline-color has-luminous-vivid-orange-color\">O ex-ministro Marcelo Queiroga disse que \u201ctodos os dados foram passados para a equipe de transi\u00e7\u00e3o\u201d. \u201cEles sabem disso, inclusive foi assinado termo de confidencialidade\u201d.<\/span><\/p><\/blockquote>\n\n\n\n<h3 class=\"wp-block-heading\"><span class=\"has-inline-color has-vivid-red-color\">Vacinas tamb\u00e9m venceram na gest\u00e3o Lula<\/span><\/h3>\n\n\n\n<div class=\"wp-block-image\"><figure class=\"aligncenter size-large is-resized\"><img loading=\"lazy\" decoding=\"async\" src=\"https:\/\/jornalfatosenoticias.com.br\/wp-content\/uploads\/2023\/03\/Crypton-1000-\u00d7-900-px.png\" alt=\"\" class=\"wp-image-39189\" width=\"253\" height=\"228\" srcset=\"https:\/\/jornalfatosenoticias.com.br\/wp-content\/uploads\/2023\/03\/Crypton-1000-\u00d7-900-px.png 1000w, https:\/\/jornalfatosenoticias.com.br\/wp-content\/uploads\/2023\/03\/Crypton-1000-\u00d7-900-px-300x270.png 300w, https:\/\/jornalfatosenoticias.com.br\/wp-content\/uploads\/2023\/03\/Crypton-1000-\u00d7-900-px-768x691.png 768w\" sizes=\"auto, (max-width: 253px) 100vw, 253px\" \/><\/figure><\/div>\n\n\n\n<p>A nova gest\u00e3o do Minist\u00e9rio da Sa\u00fade tamb\u00e9m deixou vencer 27 milh\u00f5es de vacinas contra a covid-19 no in\u00edcio de mar\u00e7o. A pasta tamb\u00e9m culpou a gest\u00e3o anterior no minist\u00e9rio, informando que \u201cn\u00e3o houve tempo h\u00e1bil para distribui\u00e7\u00e3o e uso\u201d. Desde 2021, quase 40 milh\u00f5es de doses foram descartadas. O preju\u00edzo aos cofres p\u00fablicos \u00e9 calculado em cerca de R$ 2 bilh\u00f5es.<br>Ainda conforme o minist\u00e9rio, nos pr\u00f3ximos 90 dias, mais cinco milh\u00f5es de doses v\u00e3o vencer e outros 15 milh\u00f5es de vacinas ter\u00e3o o prazo de validade expirado dentro de seis meses.<\/p>\n\n\n\n<div class=\"wp-block-image\"><figure class=\"aligncenter size-large is-resized\"><img loading=\"lazy\" decoding=\"async\" src=\"https:\/\/jornalfatosenoticias.com.br\/wp-content\/uploads\/2020\/02\/nova-logo-Marquetti.jpg\" alt=\"\" class=\"wp-image-22331\" width=\"322\" height=\"216\" srcset=\"https:\/\/jornalfatosenoticias.com.br\/wp-content\/uploads\/2020\/02\/nova-logo-Marquetti.jpg 643w, https:\/\/jornalfatosenoticias.com.br\/wp-content\/uploads\/2020\/02\/nova-logo-Marquetti-300x202.jpg 300w\" sizes=\"auto, (max-width: 322px) 100vw, 322px\" \/><\/figure><\/div>\n\n\n\n<blockquote class=\"wp-block-quote is-layout-flow wp-block-quote-is-layout-flow\"><p><span class=\"has-inline-color has-luminous-vivid-orange-color\">O Minist\u00e9rio da Sa\u00fade buscou uma solu\u00e7\u00e3o pactuada com o conselho de secret\u00e1rios estaduais e municipais de Sa\u00fade, para um esfor\u00e7o conjunto, para evitar novos desperd\u00edcios\u201d, afirmou a pasta. \u201cOutras a\u00e7\u00f5es tamb\u00e9m est\u00e3o sendo pactuadas dentro do Movimento Nacional pela Vacina\u00e7\u00e3o\u201d.<\/span><\/p><\/blockquote>\n\n\n\n<div class=\"wp-block-image\"><figure class=\"aligncenter size-large\"><img decoding=\"async\" src=\"https:\/\/jornalfatosenoticias.com.br\/wp-content\/uploads\/2020\/02\/logo_esteio.jpg\" alt=\"\" class=\"wp-image-1214\"\/><\/figure><\/div>\n\n\n\n<p>De acordo com a nota do minist\u00e9rio, em 2021 quase dois milh\u00f5es de doses venceram, devido ao prazo. J\u00e1 no ano passado, esse n\u00famero chegou a 9,9 milh\u00f5es de vacinas contra a covid-19.<\/p>\n\n\n\n<p><strong><em>Fonte: <a href=\"https:\/\/revistaoeste.com\/brasil\/ministerio-da-saude-perde-12-milhao-de-testes-de-covid\/\">Revista Oeste<\/a><\/em><\/strong><\/p>\n","protected":false},"excerpt":{"rendered":"<p>Os produtos foram avaliados em quase R$ 43 milh\u00f5es O Minist\u00e9rio da Sa\u00fade perdeu 1,2 milh\u00e3o de testes para detec\u00e7\u00e3o da covid-19 em mar\u00e7o. Os produtos, que estavam no estoque da pasta, venceram neste m\u00eas. Eles foram avaliados em quase R$ 43 milh\u00f5es. Os testes s\u00e3o do tipo RT-PCR e tamb\u00e9m servem para o diagn\u00f3stico [&hellip;]<\/p>\n","protected":false},"author":2,"featured_media":40035,"comment_status":"open","ping_status":"open","sticky":false,"template":"","format":"standard","meta":{"footnotes":""},"categories":[11],"tags":[273,18746,14271,447,18747,563],"class_list":["post-40034","post","type-post","status-publish","format-standard","has-post-thumbnail","hentry","category-saude","tag-covid-19","tag-descaso-dinheiro-publico","tag-desperdicio-dinheiro-publico","tag-ministerio-da-saude","tag-testes-covid","tag-vacina"],"yoast_head":"<!-- This site is optimized with the Yoast SEO plugin v26.5 - https:\/\/yoast.com\/wordpress\/plugins\/seo\/ -->\n<title>Governo Lula perde 1,2 milh\u00e3o de testes de covid - Jornal Fatos e Not\u00edcias<\/title>\n<meta name=\"robots\" content=\"index, follow, max-snippet:-1, max-image-preview:large, max-video-preview:-1\" \/>\n<link rel=\"canonical\" href=\"https:\/\/jornalfatosenoticias.com.br\/index.php\/2023\/03\/27\/governo-lula-perde-12-milhao-de-testes-de-covid\/\" \/>\n<meta property=\"og:locale\" content=\"pt_BR\" \/>\n<meta property=\"og:type\" content=\"article\" \/>\n<meta property=\"og:title\" content=\"Governo Lula perde 1,2 milh\u00e3o de testes de covid - Jornal Fatos e Not\u00edcias\" \/>\n<meta property=\"og:description\" content=\"Os produtos foram avaliados em quase R$ 43 milh\u00f5es O Minist\u00e9rio da Sa\u00fade perdeu 1,2 milh\u00e3o de testes para detec\u00e7\u00e3o da covid-19 em mar\u00e7o. Os produtos, que estavam no estoque da pasta, venceram neste m\u00eas. Eles foram avaliados em quase R$ 43 milh\u00f5es. Os testes s\u00e3o do tipo RT-PCR e tamb\u00e9m servem para o diagn\u00f3stico [&hellip;]\" \/>\n<meta property=\"og:url\" content=\"https:\/\/jornalfatosenoticias.com.br\/index.php\/2023\/03\/27\/governo-lula-perde-12-milhao-de-testes-de-covid\/\" \/>\n<meta property=\"og:site_name\" content=\"Jornal Fatos e Not\u00edcias\" \/>\n<meta property=\"article:published_time\" content=\"2023-03-27T15:58:00+00:00\" \/>\n<meta property=\"og:image\" content=\"https:\/\/jornalfatosenoticias.com.br\/wp-content\/uploads\/2023\/03\/test-covid.jpg\" \/>\n\t<meta property=\"og:image:width\" content=\"1000\" \/>\n\t<meta property=\"og:image:height\" content=\"563\" \/>\n\t<meta property=\"og:image:type\" content=\"image\/jpeg\" \/>\n<meta name=\"author\" content=\"Luzimara Fernandes\" \/>\n<meta name=\"twitter:card\" content=\"summary_large_image\" \/>\n<meta name=\"twitter:label1\" content=\"Escrito por\" \/>\n\t<meta name=\"twitter:data1\" content=\"Luzimara Fernandes\" \/>\n\t<meta name=\"twitter:label2\" content=\"Est. tempo de leitura\" \/>\n\t<meta name=\"twitter:data2\" content=\"2 minutos\" \/>\n<script type=\"application\/ld+json\" class=\"yoast-schema-graph\">{\"@context\":\"https:\/\/schema.org\",\"@graph\":[{\"@type\":\"Article\",\"@id\":\"https:\/\/jornalfatosenoticias.com.br\/index.php\/2023\/03\/27\/governo-lula-perde-12-milhao-de-testes-de-covid\/#article\",\"isPartOf\":{\"@id\":\"https:\/\/jornalfatosenoticias.com.br\/index.php\/2023\/03\/27\/governo-lula-perde-12-milhao-de-testes-de-covid\/\"},\"author\":{\"name\":\"Luzimara Fernandes\",\"@id\":\"https:\/\/jornalfatosenoticias.com.br\/#\/schema\/person\/d63837fa13ac8666eb9e74e0985d6f81\"},\"headline\":\"Governo Lula perde 1,2 milh\u00e3o de testes de covid\",\"datePublished\":\"2023-03-27T15:58:00+00:00\",\"mainEntityOfPage\":{\"@id\":\"https:\/\/jornalfatosenoticias.com.br\/index.php\/2023\/03\/27\/governo-lula-perde-12-milhao-de-testes-de-covid\/\"},\"wordCount\":408,\"commentCount\":0,\"publisher\":{\"@id\":\"https:\/\/jornalfatosenoticias.com.br\/#organization\"},\"image\":{\"@id\":\"https:\/\/jornalfatosenoticias.com.br\/index.php\/2023\/03\/27\/governo-lula-perde-12-milhao-de-testes-de-covid\/#primaryimage\"},\"thumbnailUrl\":\"https:\/\/jornalfatosenoticias.com.br\/wp-content\/uploads\/2023\/03\/test-covid.jpg\",\"keywords\":[\"covid-19\",\"descaso dinheiro p\u00fablico\",\"desperd\u00edcio dinheiro p\u00fablico\",\"Minist\u00e9rio da Sa\u00fade\",\"testes covid\",\"vacina\"],\"articleSection\":[\"Sa\u00fade\"],\"inLanguage\":\"pt-BR\",\"potentialAction\":[{\"@type\":\"CommentAction\",\"name\":\"Comment\",\"target\":[\"https:\/\/jornalfatosenoticias.com.br\/index.php\/2023\/03\/27\/governo-lula-perde-12-milhao-de-testes-de-covid\/#respond\"]}]},{\"@type\":\"WebPage\",\"@id\":\"https:\/\/jornalfatosenoticias.com.br\/index.php\/2023\/03\/27\/governo-lula-perde-12-milhao-de-testes-de-covid\/\",\"url\":\"https:\/\/jornalfatosenoticias.com.br\/index.php\/2023\/03\/27\/governo-lula-perde-12-milhao-de-testes-de-covid\/\",\"name\":\"Governo Lula perde 1,2 milh\u00e3o de testes de covid - Jornal Fatos e Not\u00edcias\",\"isPartOf\":{\"@id\":\"https:\/\/jornalfatosenoticias.com.br\/#website\"},\"primaryImageOfPage\":{\"@id\":\"https:\/\/jornalfatosenoticias.com.br\/index.php\/2023\/03\/27\/governo-lula-perde-12-milhao-de-testes-de-covid\/#primaryimage\"},\"image\":{\"@id\":\"https:\/\/jornalfatosenoticias.com.br\/index.php\/2023\/03\/27\/governo-lula-perde-12-milhao-de-testes-de-covid\/#primaryimage\"},\"thumbnailUrl\":\"https:\/\/jornalfatosenoticias.com.br\/wp-content\/uploads\/2023\/03\/test-covid.jpg\",\"datePublished\":\"2023-03-27T15:58:00+00:00\",\"breadcrumb\":{\"@id\":\"https:\/\/jornalfatosenoticias.com.br\/index.php\/2023\/03\/27\/governo-lula-perde-12-milhao-de-testes-de-covid\/#breadcrumb\"},\"inLanguage\":\"pt-BR\",\"potentialAction\":[{\"@type\":\"ReadAction\",\"target\":[\"https:\/\/jornalfatosenoticias.com.br\/index.php\/2023\/03\/27\/governo-lula-perde-12-milhao-de-testes-de-covid\/\"]}]},{\"@type\":\"ImageObject\",\"inLanguage\":\"pt-BR\",\"@id\":\"https:\/\/jornalfatosenoticias.com.br\/index.php\/2023\/03\/27\/governo-lula-perde-12-milhao-de-testes-de-covid\/#primaryimage\",\"url\":\"https:\/\/jornalfatosenoticias.com.br\/wp-content\/uploads\/2023\/03\/test-covid.jpg\",\"contentUrl\":\"https:\/\/jornalfatosenoticias.com.br\/wp-content\/uploads\/2023\/03\/test-covid.jpg\",\"width\":1000,\"height\":563},{\"@type\":\"BreadcrumbList\",\"@id\":\"https:\/\/jornalfatosenoticias.com.br\/index.php\/2023\/03\/27\/governo-lula-perde-12-milhao-de-testes-de-covid\/#breadcrumb\",\"itemListElement\":[{\"@type\":\"ListItem\",\"position\":1,\"name\":\"In\u00edcio\",\"item\":\"https:\/\/jornalfatosenoticias.com.br\/\"},{\"@type\":\"ListItem\",\"position\":2,\"name\":\"Governo Lula perde 1,2 milh\u00e3o de testes de covid\"}]},{\"@type\":\"WebSite\",\"@id\":\"https:\/\/jornalfatosenoticias.com.br\/#website\",\"url\":\"https:\/\/jornalfatosenoticias.com.br\/\",\"name\":\"Jornal Fatos e Not\u00edcias\",\"description\":\"Not\u00edcias em geral\",\"publisher\":{\"@id\":\"https:\/\/jornalfatosenoticias.com.br\/#organization\"},\"potentialAction\":[{\"@type\":\"SearchAction\",\"target\":{\"@type\":\"EntryPoint\",\"urlTemplate\":\"https:\/\/jornalfatosenoticias.com.br\/?s={search_term_string}\"},\"query-input\":{\"@type\":\"PropertyValueSpecification\",\"valueRequired\":true,\"valueName\":\"search_term_string\"}}],\"inLanguage\":\"pt-BR\"},{\"@type\":\"Organization\",\"@id\":\"https:\/\/jornalfatosenoticias.com.br\/#organization\",\"name\":\"Jornal Fatos e Not\u00edcias\",\"url\":\"https:\/\/jornalfatosenoticias.com.br\/\",\"logo\":{\"@type\":\"ImageObject\",\"inLanguage\":\"pt-BR\",\"@id\":\"https:\/\/jornalfatosenoticias.com.br\/#\/schema\/logo\/image\/\",\"url\":\"https:\/\/jornalfatosenoticias.com.br\/wp-content\/uploads\/2020\/02\/logo120.png\",\"contentUrl\":\"https:\/\/jornalfatosenoticias.com.br\/wp-content\/uploads\/2020\/02\/logo120.png\",\"width\":1227,\"height\":120,\"caption\":\"Jornal Fatos e Not\u00edcias\"},\"image\":{\"@id\":\"https:\/\/jornalfatosenoticias.com.br\/#\/schema\/logo\/image\/\"}},{\"@type\":\"Person\",\"@id\":\"https:\/\/jornalfatosenoticias.com.br\/#\/schema\/person\/d63837fa13ac8666eb9e74e0985d6f81\",\"name\":\"Luzimara Fernandes\",\"image\":{\"@type\":\"ImageObject\",\"inLanguage\":\"pt-BR\",\"@id\":\"https:\/\/jornalfatosenoticias.com.br\/#\/schema\/person\/image\/\",\"url\":\"https:\/\/jornalfatosenoticias.com.br\/wp-content\/uploads\/2025\/05\/EU_portal.jpg\",\"contentUrl\":\"https:\/\/jornalfatosenoticias.com.br\/wp-content\/uploads\/2025\/05\/EU_portal.jpg\",\"caption\":\"Luzimara Fernandes\"},\"description\":\"Jornalista MTB 2358-ES\",\"sameAs\":[\"https:\/\/jornalfatosenoticias.com.br\"],\"url\":\"https:\/\/jornalfatosenoticias.com.br\/index.php\/author\/luzimara\/\"}]}<\/script>\n<!-- \/ Yoast SEO plugin. -->","yoast_head_json":{"title":"Governo Lula perde 1,2 milh\u00e3o de testes de covid - Jornal Fatos e Not\u00edcias","robots":{"index":"index","follow":"follow","max-snippet":"max-snippet:-1","max-image-preview":"max-image-preview:large","max-video-preview":"max-video-preview:-1"},"canonical":"https:\/\/jornalfatosenoticias.com.br\/index.php\/2023\/03\/27\/governo-lula-perde-12-milhao-de-testes-de-covid\/","og_locale":"pt_BR","og_type":"article","og_title":"Governo Lula perde 1,2 milh\u00e3o de testes de covid - Jornal Fatos e Not\u00edcias","og_description":"Os produtos foram avaliados em quase R$ 43 milh\u00f5es O Minist\u00e9rio da Sa\u00fade perdeu 1,2 milh\u00e3o de testes para detec\u00e7\u00e3o da covid-19 em mar\u00e7o. Os produtos, que estavam no estoque da pasta, venceram neste m\u00eas. Eles foram avaliados em quase R$ 43 milh\u00f5es. Os testes s\u00e3o do tipo RT-PCR e tamb\u00e9m servem para o diagn\u00f3stico [&hellip;]","og_url":"https:\/\/jornalfatosenoticias.com.br\/index.php\/2023\/03\/27\/governo-lula-perde-12-milhao-de-testes-de-covid\/","og_site_name":"Jornal Fatos e Not\u00edcias","article_published_time":"2023-03-27T15:58:00+00:00","og_image":[{"width":1000,"height":563,"url":"https:\/\/jornalfatosenoticias.com.br\/wp-content\/uploads\/2023\/03\/test-covid.jpg","type":"image\/jpeg"}],"author":"Luzimara Fernandes","twitter_card":"summary_large_image","twitter_misc":{"Escrito por":"Luzimara Fernandes","Est. tempo de leitura":"2 minutos"},"schema":{"@context":"https:\/\/schema.org","@graph":[{"@type":"Article","@id":"https:\/\/jornalfatosenoticias.com.br\/index.php\/2023\/03\/27\/governo-lula-perde-12-milhao-de-testes-de-covid\/#article","isPartOf":{"@id":"https:\/\/jornalfatosenoticias.com.br\/index.php\/2023\/03\/27\/governo-lula-perde-12-milhao-de-testes-de-covid\/"},"author":{"name":"Luzimara Fernandes","@id":"https:\/\/jornalfatosenoticias.com.br\/#\/schema\/person\/d63837fa13ac8666eb9e74e0985d6f81"},"headline":"Governo Lula perde 1,2 milh\u00e3o de testes de covid","datePublished":"2023-03-27T15:58:00+00:00","mainEntityOfPage":{"@id":"https:\/\/jornalfatosenoticias.com.br\/index.php\/2023\/03\/27\/governo-lula-perde-12-milhao-de-testes-de-covid\/"},"wordCount":408,"commentCount":0,"publisher":{"@id":"https:\/\/jornalfatosenoticias.com.br\/#organization"},"image":{"@id":"https:\/\/jornalfatosenoticias.com.br\/index.php\/2023\/03\/27\/governo-lula-perde-12-milhao-de-testes-de-covid\/#primaryimage"},"thumbnailUrl":"https:\/\/jornalfatosenoticias.com.br\/wp-content\/uploads\/2023\/03\/test-covid.jpg","keywords":["covid-19","descaso dinheiro p\u00fablico","desperd\u00edcio dinheiro p\u00fablico","Minist\u00e9rio da Sa\u00fade","testes covid","vacina"],"articleSection":["Sa\u00fade"],"inLanguage":"pt-BR","potentialAction":[{"@type":"CommentAction","name":"Comment","target":["https:\/\/jornalfatosenoticias.com.br\/index.php\/2023\/03\/27\/governo-lula-perde-12-milhao-de-testes-de-covid\/#respond"]}]},{"@type":"WebPage","@id":"https:\/\/jornalfatosenoticias.com.br\/index.php\/2023\/03\/27\/governo-lula-perde-12-milhao-de-testes-de-covid\/","url":"https:\/\/jornalfatosenoticias.com.br\/index.php\/2023\/03\/27\/governo-lula-perde-12-milhao-de-testes-de-covid\/","name":"Governo Lula perde 1,2 milh\u00e3o de testes de covid - Jornal Fatos e Not\u00edcias","isPartOf":{"@id":"https:\/\/jornalfatosenoticias.com.br\/#website"},"primaryImageOfPage":{"@id":"https:\/\/jornalfatosenoticias.com.br\/index.php\/2023\/03\/27\/governo-lula-perde-12-milhao-de-testes-de-covid\/#primaryimage"},"image":{"@id":"https:\/\/jornalfatosenoticias.com.br\/index.php\/2023\/03\/27\/governo-lula-perde-12-milhao-de-testes-de-covid\/#primaryimage"},"thumbnailUrl":"https:\/\/jornalfatosenoticias.com.br\/wp-content\/uploads\/2023\/03\/test-covid.jpg","datePublished":"2023-03-27T15:58:00+00:00","breadcrumb":{"@id":"https:\/\/jornalfatosenoticias.com.br\/index.php\/2023\/03\/27\/governo-lula-perde-12-milhao-de-testes-de-covid\/#breadcrumb"},"inLanguage":"pt-BR","potentialAction":[{"@type":"ReadAction","target":["https:\/\/jornalfatosenoticias.com.br\/index.php\/2023\/03\/27\/governo-lula-perde-12-milhao-de-testes-de-covid\/"]}]},{"@type":"ImageObject","inLanguage":"pt-BR","@id":"https:\/\/jornalfatosenoticias.com.br\/index.php\/2023\/03\/27\/governo-lula-perde-12-milhao-de-testes-de-covid\/#primaryimage","url":"https:\/\/jornalfatosenoticias.com.br\/wp-content\/uploads\/2023\/03\/test-covid.jpg","contentUrl":"https:\/\/jornalfatosenoticias.com.br\/wp-content\/uploads\/2023\/03\/test-covid.jpg","width":1000,"height":563},{"@type":"BreadcrumbList","@id":"https:\/\/jornalfatosenoticias.com.br\/index.php\/2023\/03\/27\/governo-lula-perde-12-milhao-de-testes-de-covid\/#breadcrumb","itemListElement":[{"@type":"ListItem","position":1,"name":"In\u00edcio","item":"https:\/\/jornalfatosenoticias.com.br\/"},{"@type":"ListItem","position":2,"name":"Governo Lula perde 1,2 milh\u00e3o de testes de covid"}]},{"@type":"WebSite","@id":"https:\/\/jornalfatosenoticias.com.br\/#website","url":"https:\/\/jornalfatosenoticias.com.br\/","name":"Jornal Fatos e Not\u00edcias","description":"Not\u00edcias em geral","publisher":{"@id":"https:\/\/jornalfatosenoticias.com.br\/#organization"},"potentialAction":[{"@type":"SearchAction","target":{"@type":"EntryPoint","urlTemplate":"https:\/\/jornalfatosenoticias.com.br\/?s={search_term_string}"},"query-input":{"@type":"PropertyValueSpecification","valueRequired":true,"valueName":"search_term_string"}}],"inLanguage":"pt-BR"},{"@type":"Organization","@id":"https:\/\/jornalfatosenoticias.com.br\/#organization","name":"Jornal Fatos e Not\u00edcias","url":"https:\/\/jornalfatosenoticias.com.br\/","logo":{"@type":"ImageObject","inLanguage":"pt-BR","@id":"https:\/\/jornalfatosenoticias.com.br\/#\/schema\/logo\/image\/","url":"https:\/\/jornalfatosenoticias.com.br\/wp-content\/uploads\/2020\/02\/logo120.png","contentUrl":"https:\/\/jornalfatosenoticias.com.br\/wp-content\/uploads\/2020\/02\/logo120.png","width":1227,"height":120,"caption":"Jornal Fatos e Not\u00edcias"},"image":{"@id":"https:\/\/jornalfatosenoticias.com.br\/#\/schema\/logo\/image\/"}},{"@type":"Person","@id":"https:\/\/jornalfatosenoticias.com.br\/#\/schema\/person\/d63837fa13ac8666eb9e74e0985d6f81","name":"Luzimara Fernandes","image":{"@type":"ImageObject","inLanguage":"pt-BR","@id":"https:\/\/jornalfatosenoticias.com.br\/#\/schema\/person\/image\/","url":"https:\/\/jornalfatosenoticias.com.br\/wp-content\/uploads\/2025\/05\/EU_portal.jpg","contentUrl":"https:\/\/jornalfatosenoticias.com.br\/wp-content\/uploads\/2025\/05\/EU_portal.jpg","caption":"Luzimara Fernandes"},"description":"Jornalista MTB 2358-ES","sameAs":["https:\/\/jornalfatosenoticias.com.br"],"url":"https:\/\/jornalfatosenoticias.com.br\/index.php\/author\/luzimara\/"}]}},"cc_featured_image_caption":{"caption_text":"(Foto: Getty Images) ","source_text":"","source_url":""},"jetpack_featured_media_url":"https:\/\/jornalfatosenoticias.com.br\/wp-content\/uploads\/2023\/03\/test-covid.jpg","_links":{"self":[{"href":"https:\/\/jornalfatosenoticias.com.br\/index.php\/wp-json\/wp\/v2\/posts\/40034","targetHints":{"allow":["GET"]}}],"collection":[{"href":"https:\/\/jornalfatosenoticias.com.br\/index.php\/wp-json\/wp\/v2\/posts"}],"about":[{"href":"https:\/\/jornalfatosenoticias.com.br\/index.php\/wp-json\/wp\/v2\/types\/post"}],"author":[{"embeddable":true,"href":"https:\/\/jornalfatosenoticias.com.br\/index.php\/wp-json\/wp\/v2\/users\/2"}],"replies":[{"embeddable":true,"href":"https:\/\/jornalfatosenoticias.com.br\/index.php\/wp-json\/wp\/v2\/comments?post=40034"}],"version-history":[{"count":0,"href":"https:\/\/jornalfatosenoticias.com.br\/index.php\/wp-json\/wp\/v2\/posts\/40034\/revisions"}],"wp:featuredmedia":[{"embeddable":true,"href":"https:\/\/jornalfatosenoticias.com.br\/index.php\/wp-json\/wp\/v2\/media\/40035"}],"wp:attachment":[{"href":"https:\/\/jornalfatosenoticias.com.br\/index.php\/wp-json\/wp\/v2\/media?parent=40034"}],"wp:term":[{"taxonomy":"category","embeddable":true,"href":"https:\/\/jornalfatosenoticias.com.br\/index.php\/wp-json\/wp\/v2\/categories?post=40034"},{"taxonomy":"post_tag","embeddable":true,"href":"https:\/\/jornalfatosenoticias.com.br\/index.php\/wp-json\/wp\/v2\/tags?post=40034"}],"curies":[{"name":"wp","href":"https:\/\/api.w.org\/{rel}","templated":true}]}}