{"id":40040,"date":"2023-03-28T10:19:34","date_gmt":"2023-03-28T13:19:34","guid":{"rendered":"https:\/\/jornalfatosenoticias.com.br\/?p=40040"},"modified":"2023-03-28T10:19:35","modified_gmt":"2023-03-28T13:19:35","slug":"criado-um-motor-eletrico-em-escala-molecular","status":"publish","type":"post","link":"https:\/\/jornalfatosenoticias.com.br\/index.php\/2023\/03\/28\/criado-um-motor-eletrico-em-escala-molecular\/","title":{"rendered":"Criado um motor el\u00e9trico em escala molecular"},"content":{"rendered":"\n<p><em><span class=\"has-inline-color has-black-color\">Os catenanos, dos quais o rotaxano \u00e9 o componente mais conhecido, est\u00e3o na base das m\u00e1quinas moleculares<\/span><\/em><\/p>\n\n\n\n<div class=\"wp-block-image\"><figure class=\"aligncenter size-large\"><img loading=\"lazy\" decoding=\"async\" width=\"729\" height=\"90\" src=\"https:\/\/jornalfatosenoticias.com.br\/wp-content\/uploads\/2020\/02\/Logo_Mizu.png\" alt=\"\" class=\"wp-image-1441\" srcset=\"https:\/\/jornalfatosenoticias.com.br\/wp-content\/uploads\/2020\/02\/Logo_Mizu.png 729w, https:\/\/jornalfatosenoticias.com.br\/wp-content\/uploads\/2020\/02\/Logo_Mizu-300x37.png 300w\" sizes=\"auto, (max-width: 729px) 100vw, 729px\" \/><\/figure><\/div>\n\n\n\n<p>Cientistas criaram o primeiro motor el\u00e9trico molecular \u2014 formado por apenas uma mol\u00e9cula \u2014 capaz de funcionar em condi\u00e7\u00f5es pr\u00e1ticas. Existem <a href=\"https:\/\/www.inovacaotecnologica.com.br\/pesquisar.php?keyword=%22motor%20molecular%22%3Emotores%20de%20mol%E9cula%20%FAnica%3C\/a%3E%20por%20toda%20a%20natureza,%20que%20t%EAm%20servido%20de%20base%20para%20a%20cria%E7%E3o%20de%20vers%F5es%20sint%E9ticas%20em%20laborat%F3rio.%20Mas,%20como%20suas%20inspira%E7%F5es%20biol%F3gicas,%20eles%20geralmente%20s%E3o%20controlados%20quimicamente.%3C\/p%3E%3Cp%3ENa%20%FAltima%20d%E9cada%20come%E7aram%20a%20surgir%20%3Ca%20href=\">motores moleculares movidos eletricamente<\/a>, mas eles s\u00f3 funcionam em ambientes muito controlados de laborat\u00f3rio, geralmente em condi\u00e7\u00f5es de v\u00e1cuo.<br>Long Zhang e colegas da Universidade Northwestern, nos EUA, criaram agora o primeiro motor el\u00e9trico molecular que funciona em condi\u00e7\u00f5es ambiente e, mais importante ainda, pode ser facilmente fabricado em larga escala. Al\u00e9m disso, o motor \u00e9 veloz e n\u00e3o produz qualquer tipo de produto residual, n\u00e3o estragando o ambiente que ele precisa para funcionar.<\/p>\n\n\n\n<div class=\"wp-block-image\"><figure class=\"aligncenter size-large is-resized\"><img loading=\"lazy\" decoding=\"async\" src=\"https:\/\/jornalfatosenoticias.com.br\/wp-content\/uploads\/2022\/07\/Logo-Grupo-SEI.jpg\" alt=\"\" class=\"wp-image-31973\" width=\"387\" height=\"203\" srcset=\"https:\/\/jornalfatosenoticias.com.br\/wp-content\/uploads\/2022\/07\/Logo-Grupo-SEI.jpg 713w, https:\/\/jornalfatosenoticias.com.br\/wp-content\/uploads\/2022\/07\/Logo-Grupo-SEI-300x158.jpg 300w\" sizes=\"auto, (max-width: 387px) 100vw, 387px\" \/><\/figure><\/div>\n\n\n\n<blockquote class=\"wp-block-quote is-layout-flow wp-block-quote-is-layout-flow\"><p><span class=\"has-inline-color has-luminous-vivid-orange-color\">N\u00f3s levamos a nanotecnologia molecular a um outro patamar&#8221;, disse o professor Fraser Stoddart, coordenador da equipe e ganhador do <a href=\"https:\/\/www.inovacaotecnologica.com.br\/noticias\/noticia.php?artigo=nobel-quimica-nanotecnologia-maquinas-moleculares&amp;id=010165161006\">Pr\u00eamio Nobel de Qu\u00edmica de 2016 por seu trabalho com m\u00e1quinas moleculares<\/a>. &#8220;Essa qu\u00edmica elegante usa el\u00e9trons para acionar efetivamente um motor molecular, muito parecido com um motor macrosc\u00f3pico. Embora essa \u00e1rea da qu\u00edmica esteja em sua inf\u00e2ncia, prevejo que um dia esses pequenos motores far\u00e3o uma enorme diferen\u00e7a na medicina&#8221;.<\/span><\/p><\/blockquote>\n\n\n\n<div class=\"wp-block-image\"><figure class=\"aligncenter size-large\"><img decoding=\"async\" src=\"https:\/\/jornalfatosenoticias.com.br\/wp-content\/uploads\/2020\/02\/barao-das-carnes-300x164-1.jpg\" alt=\"\" class=\"wp-image-34339\"\/><\/figure><\/div>\n\n\n\n<p>O motor microsc\u00f3pico, com apenas dois nan\u00f4metros de di\u00e2metro, foi constru\u00eddo com um tipo de mol\u00e9cula com an\u00e9is interligados, conhecida como catenano. O an\u00e9is s\u00e3o mantidos juntos por fortes liga\u00e7\u00f5es mec\u00e2nicas, de modo que os componentes possam se mover livremente uns em rela\u00e7\u00e3o aos outros sem se desintegrar.<\/p>\n\n\n\n<div class=\"wp-block-image\"><figure class=\"aligncenter size-large is-resized\"><img loading=\"lazy\" decoding=\"async\" src=\"https:\/\/jornalfatosenoticias.com.br\/wp-content\/uploads\/2021\/10\/LOGO-JUNTOS-SOS-ES-AMBIENTAL.jpg\" alt=\"\" class=\"wp-image-23922\" width=\"308\" height=\"286\"\/><\/figure><\/div>\n\n\n\n<p>A equipe descobriu que as pe\u00e7as ideais s\u00e3o os catenanos, cujos componentes &#8211; um loop interligado com dois an\u00e9is id\u00eanticos \u2014 s\u00e3o redox ativos, ou seja, eles sofrem movimento unidirecional em resposta a mudan\u00e7as no potencial el\u00e9trico a que est\u00e3o sujeitos. Os dois an\u00e9is s\u00e3o necess\u00e1rios para alcan\u00e7ar esse movimento unidirecional, o que n\u00e3o \u00e9 poss\u00edvel com um catenano, que tem um loop interligado com apenas um anel.<br>Sintetizado o motor, ele pode ser controlado ajustando-se o potencial el\u00e9trico da solu\u00e7\u00e3o em que as mol\u00e9culas est\u00e3o mergulhadas. Agora que o motor est\u00e1 pronto parece f\u00e1cil, mas n\u00e3o foi nada simples chegar a uma vers\u00e3o funcional. <\/p>\n\n\n\n<div class=\"wp-block-image\"><figure class=\"aligncenter size-large\"><img loading=\"lazy\" decoding=\"async\" width=\"300\" height=\"250\" src=\"https:\/\/jornalfatosenoticias.com.br\/wp-content\/uploads\/2022\/02\/FERRARI_MAQUINAS-E-FERRAMENTAS2.jpg\" alt=\"\" class=\"wp-image-27860\"\/><\/figure><\/div>\n\n\n\n<blockquote class=\"wp-block-quote is-layout-flow wp-block-quote-is-layout-flow\"><p><span class=\"has-inline-color has-luminous-vivid-orange-color\">Controlar o movimento relativo dos componentes em escala molecular \u00e9 um desafio formid\u00e1vel, ent\u00e3o a colabora\u00e7\u00e3o foi crucial&#8221;, contou Zhang. &#8220;Trabalhar com especialistas em s\u00edntese, medi\u00e7\u00f5es, qu\u00edmica computacional e teoria nos permitiu desenvolver um motor molecular el\u00e9trico que funciona em solu\u00e7\u00e3o&#8221;.<\/span><\/p><\/blockquote>\n\n\n\n<div class=\"wp-block-image\"><figure class=\"aligncenter size-large is-resized\"><img loading=\"lazy\" decoding=\"async\" src=\"https:\/\/jornalfatosenoticias.com.br\/wp-content\/uploads\/2020\/02\/logo-embacia.jpg\" alt=\"\" class=\"wp-image-33905\" width=\"308\" height=\"308\"\/><\/figure><\/div>\n\n\n\n<p>A voca\u00e7\u00e3o natural de um motor el\u00e9trico molecular \u00e9 servir como impulsionador de <a href=\"https:\/\/www.inovacaotecnologica.com.br\/noticias\/meta.php?meta=nanomaquinas\">nanom\u00e1quinas<\/a>\u00a0e\u00a0<a href=\"https:\/\/www.inovacaotecnologica.com.br\/noticias\/meta.php?meta=micro-e-nano-robos\">micro e nanorrob\u00f4s<\/a>, mas esse \u00e9 um trabalho para d\u00e9cadas. Antes disso, a equipe espera montar uma infinidade de seus motores sobre uma superf\u00edcie condutora de modo a influenciar o comportamento dessa superf\u00edcie, eventualmente realizando algum trabalho \u00fatil.<\/p>\n\n\n\n<div class=\"wp-block-image\"><figure class=\"aligncenter size-large is-resized\"><img loading=\"lazy\" decoding=\"async\" src=\"https:\/\/jornalfatosenoticias.com.br\/wp-content\/uploads\/2020\/02\/nova-logo-Marquetti.jpg\" alt=\"\" class=\"wp-image-22331\" width=\"304\" height=\"204\" srcset=\"https:\/\/jornalfatosenoticias.com.br\/wp-content\/uploads\/2020\/02\/nova-logo-Marquetti.jpg 643w, https:\/\/jornalfatosenoticias.com.br\/wp-content\/uploads\/2020\/02\/nova-logo-Marquetti-300x202.jpg 300w\" sizes=\"auto, (max-width: 304px) 100vw, 304px\" \/><\/figure><\/div>\n\n\n\n<p><strong><em>Fonte: <a href=\"https:\/\/www.inovacaotecnologica.com.br\/noticias\/noticia.php?artigo=motor-eletrico-molecular&amp;id=010165230112#.ZCLnXnbMK1t\">Inova\u00e7\u00e3o Tecnol\u00f3gica<\/a><\/em><\/strong><\/p>\n","protected":false},"excerpt":{"rendered":"<p>Os catenanos, dos quais o rotaxano \u00e9 o componente mais conhecido, est\u00e3o na base das m\u00e1quinas moleculares Cientistas criaram o primeiro motor el\u00e9trico molecular \u2014 formado por apenas uma mol\u00e9cula \u2014 capaz de funcionar em condi\u00e7\u00f5es pr\u00e1ticas. Existem motores moleculares movidos eletricamente, mas eles s\u00f3 funcionam em ambientes muito controlados de laborat\u00f3rio, geralmente em condi\u00e7\u00f5es [&hellip;]<\/p>\n","protected":false},"author":2,"featured_media":40041,"comment_status":"open","ping_status":"open","sticky":false,"template":"","format":"standard","meta":{"footnotes":""},"categories":[3],"tags":[18753,1021,18754,12993,18755],"class_list":["post-40040","post","type-post","status-publish","format-standard","has-post-thumbnail","hentry","category-tecnologia","tag-maquinas-moleculares","tag-moleculas","tag-motor-eletrico-molecular","tag-nanorrobo","tag-nanorrobos"],"yoast_head":"<!-- This site is optimized with the Yoast SEO plugin v26.5 - https:\/\/yoast.com\/wordpress\/plugins\/seo\/ -->\n<title>Criado um motor el\u00e9trico em escala molecular - Jornal Fatos e Not\u00edcias<\/title>\n<meta name=\"robots\" content=\"index, follow, max-snippet:-1, max-image-preview:large, max-video-preview:-1\" \/>\n<link rel=\"canonical\" href=\"https:\/\/jornalfatosenoticias.com.br\/index.php\/2023\/03\/28\/criado-um-motor-eletrico-em-escala-molecular\/\" \/>\n<meta property=\"og:locale\" content=\"pt_BR\" \/>\n<meta property=\"og:type\" content=\"article\" \/>\n<meta property=\"og:title\" content=\"Criado um motor el\u00e9trico em escala molecular - Jornal Fatos e Not\u00edcias\" \/>\n<meta property=\"og:description\" content=\"Os catenanos, dos quais o rotaxano \u00e9 o componente mais conhecido, est\u00e3o na base das m\u00e1quinas moleculares Cientistas criaram o primeiro motor el\u00e9trico molecular \u2014 formado por apenas uma mol\u00e9cula \u2014 capaz de funcionar em condi\u00e7\u00f5es pr\u00e1ticas. Existem motores moleculares movidos eletricamente, mas eles s\u00f3 funcionam em ambientes muito controlados de laborat\u00f3rio, geralmente em condi\u00e7\u00f5es [&hellip;]\" \/>\n<meta property=\"og:url\" content=\"https:\/\/jornalfatosenoticias.com.br\/index.php\/2023\/03\/28\/criado-um-motor-eletrico-em-escala-molecular\/\" \/>\n<meta property=\"og:site_name\" content=\"Jornal Fatos e Not\u00edcias\" \/>\n<meta property=\"article:published_time\" content=\"2023-03-28T13:19:34+00:00\" \/>\n<meta property=\"article:modified_time\" content=\"2023-03-28T13:19:35+00:00\" \/>\n<meta property=\"og:image\" content=\"https:\/\/jornalfatosenoticias.com.br\/wp-content\/uploads\/2023\/03\/motor-eletrico-molecular.jpg\" \/>\n\t<meta property=\"og:image:width\" content=\"1000\" \/>\n\t<meta property=\"og:image:height\" content=\"924\" \/>\n\t<meta property=\"og:image:type\" content=\"image\/jpeg\" \/>\n<meta name=\"author\" content=\"Luzimara Fernandes\" \/>\n<meta name=\"twitter:card\" content=\"summary_large_image\" \/>\n<meta name=\"twitter:label1\" content=\"Escrito por\" \/>\n\t<meta name=\"twitter:data1\" content=\"Luzimara Fernandes\" \/>\n\t<meta name=\"twitter:label2\" content=\"Est. tempo de leitura\" \/>\n\t<meta name=\"twitter:data2\" content=\"2 minutos\" \/>\n<script type=\"application\/ld+json\" class=\"yoast-schema-graph\">{\"@context\":\"https:\/\/schema.org\",\"@graph\":[{\"@type\":\"Article\",\"@id\":\"https:\/\/jornalfatosenoticias.com.br\/index.php\/2023\/03\/28\/criado-um-motor-eletrico-em-escala-molecular\/#article\",\"isPartOf\":{\"@id\":\"https:\/\/jornalfatosenoticias.com.br\/index.php\/2023\/03\/28\/criado-um-motor-eletrico-em-escala-molecular\/\"},\"author\":{\"name\":\"Luzimara Fernandes\",\"@id\":\"https:\/\/jornalfatosenoticias.com.br\/#\/schema\/person\/d63837fa13ac8666eb9e74e0985d6f81\"},\"headline\":\"Criado um motor el\u00e9trico em escala molecular\",\"datePublished\":\"2023-03-28T13:19:34+00:00\",\"dateModified\":\"2023-03-28T13:19:35+00:00\",\"mainEntityOfPage\":{\"@id\":\"https:\/\/jornalfatosenoticias.com.br\/index.php\/2023\/03\/28\/criado-um-motor-eletrico-em-escala-molecular\/\"},\"wordCount\":505,\"commentCount\":0,\"publisher\":{\"@id\":\"https:\/\/jornalfatosenoticias.com.br\/#organization\"},\"image\":{\"@id\":\"https:\/\/jornalfatosenoticias.com.br\/index.php\/2023\/03\/28\/criado-um-motor-eletrico-em-escala-molecular\/#primaryimage\"},\"thumbnailUrl\":\"https:\/\/jornalfatosenoticias.com.br\/wp-content\/uploads\/2023\/03\/motor-eletrico-molecular.jpg\",\"keywords\":[\"m\u00e1quinas moleculares\",\"mol\u00e9culas\",\"motor el\u00e9trico molecular\",\"nanorrob\u00f4\",\"nanorrob\u00f4s\"],\"articleSection\":[\"Tecnologia &amp; Inova\u00e7\u00e3o\"],\"inLanguage\":\"pt-BR\",\"potentialAction\":[{\"@type\":\"CommentAction\",\"name\":\"Comment\",\"target\":[\"https:\/\/jornalfatosenoticias.com.br\/index.php\/2023\/03\/28\/criado-um-motor-eletrico-em-escala-molecular\/#respond\"]}]},{\"@type\":\"WebPage\",\"@id\":\"https:\/\/jornalfatosenoticias.com.br\/index.php\/2023\/03\/28\/criado-um-motor-eletrico-em-escala-molecular\/\",\"url\":\"https:\/\/jornalfatosenoticias.com.br\/index.php\/2023\/03\/28\/criado-um-motor-eletrico-em-escala-molecular\/\",\"name\":\"Criado um motor el\u00e9trico em escala molecular - Jornal Fatos e Not\u00edcias\",\"isPartOf\":{\"@id\":\"https:\/\/jornalfatosenoticias.com.br\/#website\"},\"primaryImageOfPage\":{\"@id\":\"https:\/\/jornalfatosenoticias.com.br\/index.php\/2023\/03\/28\/criado-um-motor-eletrico-em-escala-molecular\/#primaryimage\"},\"image\":{\"@id\":\"https:\/\/jornalfatosenoticias.com.br\/index.php\/2023\/03\/28\/criado-um-motor-eletrico-em-escala-molecular\/#primaryimage\"},\"thumbnailUrl\":\"https:\/\/jornalfatosenoticias.com.br\/wp-content\/uploads\/2023\/03\/motor-eletrico-molecular.jpg\",\"datePublished\":\"2023-03-28T13:19:34+00:00\",\"dateModified\":\"2023-03-28T13:19:35+00:00\",\"breadcrumb\":{\"@id\":\"https:\/\/jornalfatosenoticias.com.br\/index.php\/2023\/03\/28\/criado-um-motor-eletrico-em-escala-molecular\/#breadcrumb\"},\"inLanguage\":\"pt-BR\",\"potentialAction\":[{\"@type\":\"ReadAction\",\"target\":[\"https:\/\/jornalfatosenoticias.com.br\/index.php\/2023\/03\/28\/criado-um-motor-eletrico-em-escala-molecular\/\"]}]},{\"@type\":\"ImageObject\",\"inLanguage\":\"pt-BR\",\"@id\":\"https:\/\/jornalfatosenoticias.com.br\/index.php\/2023\/03\/28\/criado-um-motor-eletrico-em-escala-molecular\/#primaryimage\",\"url\":\"https:\/\/jornalfatosenoticias.com.br\/wp-content\/uploads\/2023\/03\/motor-eletrico-molecular.jpg\",\"contentUrl\":\"https:\/\/jornalfatosenoticias.com.br\/wp-content\/uploads\/2023\/03\/motor-eletrico-molecular.jpg\",\"width\":1000,\"height\":924},{\"@type\":\"BreadcrumbList\",\"@id\":\"https:\/\/jornalfatosenoticias.com.br\/index.php\/2023\/03\/28\/criado-um-motor-eletrico-em-escala-molecular\/#breadcrumb\",\"itemListElement\":[{\"@type\":\"ListItem\",\"position\":1,\"name\":\"In\u00edcio\",\"item\":\"https:\/\/jornalfatosenoticias.com.br\/\"},{\"@type\":\"ListItem\",\"position\":2,\"name\":\"Criado um motor el\u00e9trico em escala molecular\"}]},{\"@type\":\"WebSite\",\"@id\":\"https:\/\/jornalfatosenoticias.com.br\/#website\",\"url\":\"https:\/\/jornalfatosenoticias.com.br\/\",\"name\":\"Jornal Fatos e Not\u00edcias\",\"description\":\"Not\u00edcias em geral\",\"publisher\":{\"@id\":\"https:\/\/jornalfatosenoticias.com.br\/#organization\"},\"potentialAction\":[{\"@type\":\"SearchAction\",\"target\":{\"@type\":\"EntryPoint\",\"urlTemplate\":\"https:\/\/jornalfatosenoticias.com.br\/?s={search_term_string}\"},\"query-input\":{\"@type\":\"PropertyValueSpecification\",\"valueRequired\":true,\"valueName\":\"search_term_string\"}}],\"inLanguage\":\"pt-BR\"},{\"@type\":\"Organization\",\"@id\":\"https:\/\/jornalfatosenoticias.com.br\/#organization\",\"name\":\"Jornal Fatos e Not\u00edcias\",\"url\":\"https:\/\/jornalfatosenoticias.com.br\/\",\"logo\":{\"@type\":\"ImageObject\",\"inLanguage\":\"pt-BR\",\"@id\":\"https:\/\/jornalfatosenoticias.com.br\/#\/schema\/logo\/image\/\",\"url\":\"https:\/\/jornalfatosenoticias.com.br\/wp-content\/uploads\/2020\/02\/logo120.png\",\"contentUrl\":\"https:\/\/jornalfatosenoticias.com.br\/wp-content\/uploads\/2020\/02\/logo120.png\",\"width\":1227,\"height\":120,\"caption\":\"Jornal Fatos e Not\u00edcias\"},\"image\":{\"@id\":\"https:\/\/jornalfatosenoticias.com.br\/#\/schema\/logo\/image\/\"}},{\"@type\":\"Person\",\"@id\":\"https:\/\/jornalfatosenoticias.com.br\/#\/schema\/person\/d63837fa13ac8666eb9e74e0985d6f81\",\"name\":\"Luzimara Fernandes\",\"image\":{\"@type\":\"ImageObject\",\"inLanguage\":\"pt-BR\",\"@id\":\"https:\/\/jornalfatosenoticias.com.br\/#\/schema\/person\/image\/\",\"url\":\"https:\/\/jornalfatosenoticias.com.br\/wp-content\/uploads\/2025\/05\/EU_portal.jpg\",\"contentUrl\":\"https:\/\/jornalfatosenoticias.com.br\/wp-content\/uploads\/2025\/05\/EU_portal.jpg\",\"caption\":\"Luzimara Fernandes\"},\"description\":\"Jornalista MTB 2358-ES\",\"sameAs\":[\"https:\/\/jornalfatosenoticias.com.br\"],\"url\":\"https:\/\/jornalfatosenoticias.com.br\/index.php\/author\/luzimara\/\"}]}<\/script>\n<!-- \/ Yoast SEO plugin. -->","yoast_head_json":{"title":"Criado um motor el\u00e9trico em escala molecular - Jornal Fatos e Not\u00edcias","robots":{"index":"index","follow":"follow","max-snippet":"max-snippet:-1","max-image-preview":"max-image-preview:large","max-video-preview":"max-video-preview:-1"},"canonical":"https:\/\/jornalfatosenoticias.com.br\/index.php\/2023\/03\/28\/criado-um-motor-eletrico-em-escala-molecular\/","og_locale":"pt_BR","og_type":"article","og_title":"Criado um motor el\u00e9trico em escala molecular - Jornal Fatos e Not\u00edcias","og_description":"Os catenanos, dos quais o rotaxano \u00e9 o componente mais conhecido, est\u00e3o na base das m\u00e1quinas moleculares Cientistas criaram o primeiro motor el\u00e9trico molecular \u2014 formado por apenas uma mol\u00e9cula \u2014 capaz de funcionar em condi\u00e7\u00f5es pr\u00e1ticas. Existem motores moleculares movidos eletricamente, mas eles s\u00f3 funcionam em ambientes muito controlados de laborat\u00f3rio, geralmente em condi\u00e7\u00f5es [&hellip;]","og_url":"https:\/\/jornalfatosenoticias.com.br\/index.php\/2023\/03\/28\/criado-um-motor-eletrico-em-escala-molecular\/","og_site_name":"Jornal Fatos e Not\u00edcias","article_published_time":"2023-03-28T13:19:34+00:00","article_modified_time":"2023-03-28T13:19:35+00:00","og_image":[{"width":1000,"height":924,"url":"https:\/\/jornalfatosenoticias.com.br\/wp-content\/uploads\/2023\/03\/motor-eletrico-molecular.jpg","type":"image\/jpeg"}],"author":"Luzimara Fernandes","twitter_card":"summary_large_image","twitter_misc":{"Escrito por":"Luzimara Fernandes","Est. tempo de leitura":"2 minutos"},"schema":{"@context":"https:\/\/schema.org","@graph":[{"@type":"Article","@id":"https:\/\/jornalfatosenoticias.com.br\/index.php\/2023\/03\/28\/criado-um-motor-eletrico-em-escala-molecular\/#article","isPartOf":{"@id":"https:\/\/jornalfatosenoticias.com.br\/index.php\/2023\/03\/28\/criado-um-motor-eletrico-em-escala-molecular\/"},"author":{"name":"Luzimara Fernandes","@id":"https:\/\/jornalfatosenoticias.com.br\/#\/schema\/person\/d63837fa13ac8666eb9e74e0985d6f81"},"headline":"Criado um motor el\u00e9trico em escala molecular","datePublished":"2023-03-28T13:19:34+00:00","dateModified":"2023-03-28T13:19:35+00:00","mainEntityOfPage":{"@id":"https:\/\/jornalfatosenoticias.com.br\/index.php\/2023\/03\/28\/criado-um-motor-eletrico-em-escala-molecular\/"},"wordCount":505,"commentCount":0,"publisher":{"@id":"https:\/\/jornalfatosenoticias.com.br\/#organization"},"image":{"@id":"https:\/\/jornalfatosenoticias.com.br\/index.php\/2023\/03\/28\/criado-um-motor-eletrico-em-escala-molecular\/#primaryimage"},"thumbnailUrl":"https:\/\/jornalfatosenoticias.com.br\/wp-content\/uploads\/2023\/03\/motor-eletrico-molecular.jpg","keywords":["m\u00e1quinas moleculares","mol\u00e9culas","motor el\u00e9trico molecular","nanorrob\u00f4","nanorrob\u00f4s"],"articleSection":["Tecnologia &amp; Inova\u00e7\u00e3o"],"inLanguage":"pt-BR","potentialAction":[{"@type":"CommentAction","name":"Comment","target":["https:\/\/jornalfatosenoticias.com.br\/index.php\/2023\/03\/28\/criado-um-motor-eletrico-em-escala-molecular\/#respond"]}]},{"@type":"WebPage","@id":"https:\/\/jornalfatosenoticias.com.br\/index.php\/2023\/03\/28\/criado-um-motor-eletrico-em-escala-molecular\/","url":"https:\/\/jornalfatosenoticias.com.br\/index.php\/2023\/03\/28\/criado-um-motor-eletrico-em-escala-molecular\/","name":"Criado um motor el\u00e9trico em escala molecular - Jornal Fatos e Not\u00edcias","isPartOf":{"@id":"https:\/\/jornalfatosenoticias.com.br\/#website"},"primaryImageOfPage":{"@id":"https:\/\/jornalfatosenoticias.com.br\/index.php\/2023\/03\/28\/criado-um-motor-eletrico-em-escala-molecular\/#primaryimage"},"image":{"@id":"https:\/\/jornalfatosenoticias.com.br\/index.php\/2023\/03\/28\/criado-um-motor-eletrico-em-escala-molecular\/#primaryimage"},"thumbnailUrl":"https:\/\/jornalfatosenoticias.com.br\/wp-content\/uploads\/2023\/03\/motor-eletrico-molecular.jpg","datePublished":"2023-03-28T13:19:34+00:00","dateModified":"2023-03-28T13:19:35+00:00","breadcrumb":{"@id":"https:\/\/jornalfatosenoticias.com.br\/index.php\/2023\/03\/28\/criado-um-motor-eletrico-em-escala-molecular\/#breadcrumb"},"inLanguage":"pt-BR","potentialAction":[{"@type":"ReadAction","target":["https:\/\/jornalfatosenoticias.com.br\/index.php\/2023\/03\/28\/criado-um-motor-eletrico-em-escala-molecular\/"]}]},{"@type":"ImageObject","inLanguage":"pt-BR","@id":"https:\/\/jornalfatosenoticias.com.br\/index.php\/2023\/03\/28\/criado-um-motor-eletrico-em-escala-molecular\/#primaryimage","url":"https:\/\/jornalfatosenoticias.com.br\/wp-content\/uploads\/2023\/03\/motor-eletrico-molecular.jpg","contentUrl":"https:\/\/jornalfatosenoticias.com.br\/wp-content\/uploads\/2023\/03\/motor-eletrico-molecular.jpg","width":1000,"height":924},{"@type":"BreadcrumbList","@id":"https:\/\/jornalfatosenoticias.com.br\/index.php\/2023\/03\/28\/criado-um-motor-eletrico-em-escala-molecular\/#breadcrumb","itemListElement":[{"@type":"ListItem","position":1,"name":"In\u00edcio","item":"https:\/\/jornalfatosenoticias.com.br\/"},{"@type":"ListItem","position":2,"name":"Criado um motor el\u00e9trico em escala molecular"}]},{"@type":"WebSite","@id":"https:\/\/jornalfatosenoticias.com.br\/#website","url":"https:\/\/jornalfatosenoticias.com.br\/","name":"Jornal Fatos e Not\u00edcias","description":"Not\u00edcias em geral","publisher":{"@id":"https:\/\/jornalfatosenoticias.com.br\/#organization"},"potentialAction":[{"@type":"SearchAction","target":{"@type":"EntryPoint","urlTemplate":"https:\/\/jornalfatosenoticias.com.br\/?s={search_term_string}"},"query-input":{"@type":"PropertyValueSpecification","valueRequired":true,"valueName":"search_term_string"}}],"inLanguage":"pt-BR"},{"@type":"Organization","@id":"https:\/\/jornalfatosenoticias.com.br\/#organization","name":"Jornal Fatos e Not\u00edcias","url":"https:\/\/jornalfatosenoticias.com.br\/","logo":{"@type":"ImageObject","inLanguage":"pt-BR","@id":"https:\/\/jornalfatosenoticias.com.br\/#\/schema\/logo\/image\/","url":"https:\/\/jornalfatosenoticias.com.br\/wp-content\/uploads\/2020\/02\/logo120.png","contentUrl":"https:\/\/jornalfatosenoticias.com.br\/wp-content\/uploads\/2020\/02\/logo120.png","width":1227,"height":120,"caption":"Jornal Fatos e Not\u00edcias"},"image":{"@id":"https:\/\/jornalfatosenoticias.com.br\/#\/schema\/logo\/image\/"}},{"@type":"Person","@id":"https:\/\/jornalfatosenoticias.com.br\/#\/schema\/person\/d63837fa13ac8666eb9e74e0985d6f81","name":"Luzimara Fernandes","image":{"@type":"ImageObject","inLanguage":"pt-BR","@id":"https:\/\/jornalfatosenoticias.com.br\/#\/schema\/person\/image\/","url":"https:\/\/jornalfatosenoticias.com.br\/wp-content\/uploads\/2025\/05\/EU_portal.jpg","contentUrl":"https:\/\/jornalfatosenoticias.com.br\/wp-content\/uploads\/2025\/05\/EU_portal.jpg","caption":"Luzimara Fernandes"},"description":"Jornalista MTB 2358-ES","sameAs":["https:\/\/jornalfatosenoticias.com.br"],"url":"https:\/\/jornalfatosenoticias.com.br\/index.php\/author\/luzimara\/"}]}},"cc_featured_image_caption":{"caption_text":"(Foto: Universidade Northwestern) ","source_text":"","source_url":""},"jetpack_featured_media_url":"https:\/\/jornalfatosenoticias.com.br\/wp-content\/uploads\/2023\/03\/motor-eletrico-molecular.jpg","_links":{"self":[{"href":"https:\/\/jornalfatosenoticias.com.br\/index.php\/wp-json\/wp\/v2\/posts\/40040","targetHints":{"allow":["GET"]}}],"collection":[{"href":"https:\/\/jornalfatosenoticias.com.br\/index.php\/wp-json\/wp\/v2\/posts"}],"about":[{"href":"https:\/\/jornalfatosenoticias.com.br\/index.php\/wp-json\/wp\/v2\/types\/post"}],"author":[{"embeddable":true,"href":"https:\/\/jornalfatosenoticias.com.br\/index.php\/wp-json\/wp\/v2\/users\/2"}],"replies":[{"embeddable":true,"href":"https:\/\/jornalfatosenoticias.com.br\/index.php\/wp-json\/wp\/v2\/comments?post=40040"}],"version-history":[{"count":0,"href":"https:\/\/jornalfatosenoticias.com.br\/index.php\/wp-json\/wp\/v2\/posts\/40040\/revisions"}],"wp:featuredmedia":[{"embeddable":true,"href":"https:\/\/jornalfatosenoticias.com.br\/index.php\/wp-json\/wp\/v2\/media\/40041"}],"wp:attachment":[{"href":"https:\/\/jornalfatosenoticias.com.br\/index.php\/wp-json\/wp\/v2\/media?parent=40040"}],"wp:term":[{"taxonomy":"category","embeddable":true,"href":"https:\/\/jornalfatosenoticias.com.br\/index.php\/wp-json\/wp\/v2\/categories?post=40040"},{"taxonomy":"post_tag","embeddable":true,"href":"https:\/\/jornalfatosenoticias.com.br\/index.php\/wp-json\/wp\/v2\/tags?post=40040"}],"curies":[{"name":"wp","href":"https:\/\/api.w.org\/{rel}","templated":true}]}}