{"id":40063,"date":"2023-03-28T11:40:54","date_gmt":"2023-03-28T14:40:54","guid":{"rendered":"https:\/\/jornalfatosenoticias.com.br\/?p=40063"},"modified":"2023-03-28T11:40:55","modified_gmt":"2023-03-28T14:40:55","slug":"vulcao-anak-krakatoa-entra-em-erupcao-na-indonesia","status":"publish","type":"post","link":"https:\/\/jornalfatosenoticias.com.br\/index.php\/2023\/03\/28\/vulcao-anak-krakatoa-entra-em-erupcao-na-indonesia\/","title":{"rendered":"Vulc\u00e3o Anak Krakatoa entra em erup\u00e7\u00e3o na Indon\u00e9sia"},"content":{"rendered":"\n<div class=\"wp-block-image\"><figure class=\"aligncenter size-large\"><img loading=\"lazy\" decoding=\"async\" width=\"729\" height=\"90\" src=\"https:\/\/jornalfatosenoticias.com.br\/wp-content\/uploads\/2020\/02\/Logo_Mizu.png\" alt=\"\" class=\"wp-image-1441\" srcset=\"https:\/\/jornalfatosenoticias.com.br\/wp-content\/uploads\/2020\/02\/Logo_Mizu.png 729w, https:\/\/jornalfatosenoticias.com.br\/wp-content\/uploads\/2020\/02\/Logo_Mizu-300x37.png 300w\" sizes=\"auto, (max-width: 729px) 100vw, 729px\" \/><\/figure><\/div>\n\n\n\n<p>O Monte Anak Krakatoa, forma\u00e7\u00e3o derivada dos restos do famoso vulc\u00e3o Krakatoa, entrou em erup\u00e7\u00e3o v\u00e1rias vezes na manh\u00e3 desta ter\u00e7a-feira (28). Ele expeliu uma coluna de cinzas de mais de 2.500 metros de altura.<\/p>\n\n\n\n<div class=\"wp-block-image\"><figure class=\"aligncenter size-large is-resized\"><img loading=\"lazy\" decoding=\"async\" src=\"https:\/\/jornalfatosenoticias.com.br\/wp-content\/uploads\/2023\/03\/Crypton-1000-\u00d7-900-px.png\" alt=\"\" class=\"wp-image-39189\" width=\"299\" height=\"269\" srcset=\"https:\/\/jornalfatosenoticias.com.br\/wp-content\/uploads\/2023\/03\/Crypton-1000-\u00d7-900-px.png 1000w, https:\/\/jornalfatosenoticias.com.br\/wp-content\/uploads\/2023\/03\/Crypton-1000-\u00d7-900-px-300x270.png 300w, https:\/\/jornalfatosenoticias.com.br\/wp-content\/uploads\/2023\/03\/Crypton-1000-\u00d7-900-px-768x691.png 768w\" sizes=\"auto, (max-width: 299px) 100vw, 299px\" \/><\/figure><\/div>\n\n\n\n<blockquote class=\"wp-block-quote is-layout-flow wp-block-quote-is-layout-flow\"><p><span class=\"has-inline-color has-luminous-vivid-orange-color\">Isso faz parte de uma fase de erup\u00e7\u00e3o associada \u00e0 forma\u00e7\u00e3o de um novo corpo do vulc\u00e3o\u201d, disse Oktory Prambada, funcion\u00e1rio do Centro de Vulcanologia e Mitiga\u00e7\u00e3o de Riscos Geol\u00f3gicos, \u00e0 AFP.<\/span><\/p><\/blockquote>\n\n\n\n<div class=\"wp-block-image\"><figure class=\"aligncenter size-large\"><img decoding=\"async\" src=\"https:\/\/jornalfatosenoticias.com.br\/wp-content\/uploads\/2020\/02\/Logomarca-Principal.gif\" alt=\"\" class=\"wp-image-7872\"\/><\/figure><\/div>\n\n\n\n<p>A cratera Anak Krakatoa desabou parcialmente ap\u00f3s uma enorme erup\u00e7\u00e3o em 2018. Ela acabou levando a um tsunami que matou mais de 400 pessoas.<br>Prambada informou que se estabeleceu uma zona de exclus\u00e3o de cinco quil\u00f4metros ao redor da cratera. As autoridades indon\u00e9sias n\u00e3o relataram um balan\u00e7o de feridos, nem de danos, ap\u00f3s a erup\u00e7\u00e3o de hoje.<\/p>\n\n\n\n<div class=\"wp-block-image\"><figure class=\"aligncenter size-large is-resized\"><img loading=\"lazy\" decoding=\"async\" src=\"https:\/\/jornalfatosenoticias.com.br\/wp-content\/uploads\/2022\/10\/RC_800x750_page-0001.jpg\" alt=\"\" class=\"wp-image-35338\" width=\"271\" height=\"254\" srcset=\"https:\/\/jornalfatosenoticias.com.br\/wp-content\/uploads\/2022\/10\/RC_800x750_page-0001.jpg 400w, https:\/\/jornalfatosenoticias.com.br\/wp-content\/uploads\/2022\/10\/RC_800x750_page-0001-300x281.jpg 300w\" sizes=\"auto, (max-width: 271px) 100vw, 271px\" \/><\/figure><\/div>\n\n\n\n<p>Anak Krakatoa \u00e9 uma pequena ilha vulc\u00e2nica que surgiu no oceano meio s\u00e9culo depois da erup\u00e7\u00e3o mortal do vulc\u00e3o Krakatoa em 1883, que deixou mais de 35.000 mortos. \u00c9 um dos 127 vulc\u00f5es ativos da Indon\u00e9sia.<\/p>\n\n\n\n<p><strong><em>Fonte: <a href=\"https:\/\/gazetabrasil.com.br\/mundo\/2023\/03\/28\/vulcao-anak-krakatoa-entra-em-erupcao-na-indonesia\/\">Gazeta Brasil<\/a><\/em><\/strong><\/p>\n","protected":false},"excerpt":{"rendered":"<p>O Monte Anak Krakatoa, forma\u00e7\u00e3o derivada dos restos do famoso vulc\u00e3o Krakatoa, entrou em erup\u00e7\u00e3o v\u00e1rias vezes na manh\u00e3 desta ter\u00e7a-feira (28). Ele expeliu uma coluna de cinzas de mais de 2.500 metros de altura. Isso faz parte de uma fase de erup\u00e7\u00e3o associada \u00e0 forma\u00e7\u00e3o de um novo corpo do vulc\u00e3o\u201d, disse Oktory Prambada, [&hellip;]<\/p>\n","protected":false},"author":2,"featured_media":40064,"comment_status":"open","ping_status":"open","sticky":false,"template":"","format":"standard","meta":{"footnotes":""},"categories":[41],"tags":[18768,9723,228,992,2466,93],"class_list":["post-40063","post","type-post","status-publish","format-standard","has-post-thumbnail","hentry","category-internacional","tag-anak-krakatoa","tag-cratera","tag-erupcao","tag-ilha-vulcanica","tag-indonesia","tag-vulcao"],"yoast_head":"<!-- This site is optimized with the Yoast SEO plugin v26.5 - https:\/\/yoast.com\/wordpress\/plugins\/seo\/ -->\n<title>Vulc\u00e3o Anak Krakatoa entra em erup\u00e7\u00e3o na Indon\u00e9sia - Jornal Fatos e Not\u00edcias<\/title>\n<meta name=\"robots\" content=\"index, follow, max-snippet:-1, max-image-preview:large, max-video-preview:-1\" \/>\n<link rel=\"canonical\" href=\"https:\/\/jornalfatosenoticias.com.br\/index.php\/2023\/03\/28\/vulcao-anak-krakatoa-entra-em-erupcao-na-indonesia\/\" \/>\n<meta property=\"og:locale\" content=\"pt_BR\" \/>\n<meta property=\"og:type\" content=\"article\" \/>\n<meta property=\"og:title\" content=\"Vulc\u00e3o Anak Krakatoa entra em erup\u00e7\u00e3o na Indon\u00e9sia - Jornal Fatos e Not\u00edcias\" \/>\n<meta property=\"og:description\" content=\"O Monte Anak Krakatoa, forma\u00e7\u00e3o derivada dos restos do famoso vulc\u00e3o Krakatoa, entrou em erup\u00e7\u00e3o v\u00e1rias vezes na manh\u00e3 desta ter\u00e7a-feira (28). Ele expeliu uma coluna de cinzas de mais de 2.500 metros de altura. Isso faz parte de uma fase de erup\u00e7\u00e3o associada \u00e0 forma\u00e7\u00e3o de um novo corpo do vulc\u00e3o\u201d, disse Oktory Prambada, [&hellip;]\" \/>\n<meta property=\"og:url\" content=\"https:\/\/jornalfatosenoticias.com.br\/index.php\/2023\/03\/28\/vulcao-anak-krakatoa-entra-em-erupcao-na-indonesia\/\" \/>\n<meta property=\"og:site_name\" content=\"Jornal Fatos e Not\u00edcias\" \/>\n<meta property=\"article:published_time\" content=\"2023-03-28T14:40:54+00:00\" \/>\n<meta property=\"article:modified_time\" content=\"2023-03-28T14:40:55+00:00\" \/>\n<meta property=\"og:image\" content=\"https:\/\/jornalfatosenoticias.com.br\/wp-content\/uploads\/2023\/03\/Vulcao-Anak-Krakatoa-entra-em-erupcao-na-Indonesia.jpg\" \/>\n\t<meta property=\"og:image:width\" content=\"1000\" \/>\n\t<meta property=\"og:image:height\" content=\"561\" \/>\n\t<meta property=\"og:image:type\" content=\"image\/jpeg\" \/>\n<meta name=\"author\" content=\"Luzimara Fernandes\" \/>\n<meta name=\"twitter:card\" content=\"summary_large_image\" \/>\n<meta name=\"twitter:label1\" content=\"Escrito por\" \/>\n\t<meta name=\"twitter:data1\" content=\"Luzimara Fernandes\" \/>\n\t<meta name=\"twitter:label2\" content=\"Est. tempo de leitura\" \/>\n\t<meta name=\"twitter:data2\" content=\"1 minuto\" \/>\n<script type=\"application\/ld+json\" class=\"yoast-schema-graph\">{\"@context\":\"https:\/\/schema.org\",\"@graph\":[{\"@type\":\"Article\",\"@id\":\"https:\/\/jornalfatosenoticias.com.br\/index.php\/2023\/03\/28\/vulcao-anak-krakatoa-entra-em-erupcao-na-indonesia\/#article\",\"isPartOf\":{\"@id\":\"https:\/\/jornalfatosenoticias.com.br\/index.php\/2023\/03\/28\/vulcao-anak-krakatoa-entra-em-erupcao-na-indonesia\/\"},\"author\":{\"name\":\"Luzimara Fernandes\",\"@id\":\"https:\/\/jornalfatosenoticias.com.br\/#\/schema\/person\/d63837fa13ac8666eb9e74e0985d6f81\"},\"headline\":\"Vulc\u00e3o Anak Krakatoa entra em erup\u00e7\u00e3o na Indon\u00e9sia\",\"datePublished\":\"2023-03-28T14:40:54+00:00\",\"dateModified\":\"2023-03-28T14:40:55+00:00\",\"mainEntityOfPage\":{\"@id\":\"https:\/\/jornalfatosenoticias.com.br\/index.php\/2023\/03\/28\/vulcao-anak-krakatoa-entra-em-erupcao-na-indonesia\/\"},\"wordCount\":189,\"commentCount\":0,\"publisher\":{\"@id\":\"https:\/\/jornalfatosenoticias.com.br\/#organization\"},\"image\":{\"@id\":\"https:\/\/jornalfatosenoticias.com.br\/index.php\/2023\/03\/28\/vulcao-anak-krakatoa-entra-em-erupcao-na-indonesia\/#primaryimage\"},\"thumbnailUrl\":\"https:\/\/jornalfatosenoticias.com.br\/wp-content\/uploads\/2023\/03\/Vulcao-Anak-Krakatoa-entra-em-erupcao-na-Indonesia.jpg\",\"keywords\":[\"Anak Krakatoa\",\"cratera\",\"erup\u00e7\u00e3o\",\"ilha vulc\u00e2nica\",\"Indon\u00e9sia\",\"vulc\u00e3o\"],\"articleSection\":[\"Internacional\"],\"inLanguage\":\"pt-BR\",\"potentialAction\":[{\"@type\":\"CommentAction\",\"name\":\"Comment\",\"target\":[\"https:\/\/jornalfatosenoticias.com.br\/index.php\/2023\/03\/28\/vulcao-anak-krakatoa-entra-em-erupcao-na-indonesia\/#respond\"]}]},{\"@type\":\"WebPage\",\"@id\":\"https:\/\/jornalfatosenoticias.com.br\/index.php\/2023\/03\/28\/vulcao-anak-krakatoa-entra-em-erupcao-na-indonesia\/\",\"url\":\"https:\/\/jornalfatosenoticias.com.br\/index.php\/2023\/03\/28\/vulcao-anak-krakatoa-entra-em-erupcao-na-indonesia\/\",\"name\":\"Vulc\u00e3o Anak Krakatoa entra em erup\u00e7\u00e3o na Indon\u00e9sia - Jornal Fatos e Not\u00edcias\",\"isPartOf\":{\"@id\":\"https:\/\/jornalfatosenoticias.com.br\/#website\"},\"primaryImageOfPage\":{\"@id\":\"https:\/\/jornalfatosenoticias.com.br\/index.php\/2023\/03\/28\/vulcao-anak-krakatoa-entra-em-erupcao-na-indonesia\/#primaryimage\"},\"image\":{\"@id\":\"https:\/\/jornalfatosenoticias.com.br\/index.php\/2023\/03\/28\/vulcao-anak-krakatoa-entra-em-erupcao-na-indonesia\/#primaryimage\"},\"thumbnailUrl\":\"https:\/\/jornalfatosenoticias.com.br\/wp-content\/uploads\/2023\/03\/Vulcao-Anak-Krakatoa-entra-em-erupcao-na-Indonesia.jpg\",\"datePublished\":\"2023-03-28T14:40:54+00:00\",\"dateModified\":\"2023-03-28T14:40:55+00:00\",\"breadcrumb\":{\"@id\":\"https:\/\/jornalfatosenoticias.com.br\/index.php\/2023\/03\/28\/vulcao-anak-krakatoa-entra-em-erupcao-na-indonesia\/#breadcrumb\"},\"inLanguage\":\"pt-BR\",\"potentialAction\":[{\"@type\":\"ReadAction\",\"target\":[\"https:\/\/jornalfatosenoticias.com.br\/index.php\/2023\/03\/28\/vulcao-anak-krakatoa-entra-em-erupcao-na-indonesia\/\"]}]},{\"@type\":\"ImageObject\",\"inLanguage\":\"pt-BR\",\"@id\":\"https:\/\/jornalfatosenoticias.com.br\/index.php\/2023\/03\/28\/vulcao-anak-krakatoa-entra-em-erupcao-na-indonesia\/#primaryimage\",\"url\":\"https:\/\/jornalfatosenoticias.com.br\/wp-content\/uploads\/2023\/03\/Vulcao-Anak-Krakatoa-entra-em-erupcao-na-Indonesia.jpg\",\"contentUrl\":\"https:\/\/jornalfatosenoticias.com.br\/wp-content\/uploads\/2023\/03\/Vulcao-Anak-Krakatoa-entra-em-erupcao-na-Indonesia.jpg\",\"width\":1000,\"height\":561},{\"@type\":\"BreadcrumbList\",\"@id\":\"https:\/\/jornalfatosenoticias.com.br\/index.php\/2023\/03\/28\/vulcao-anak-krakatoa-entra-em-erupcao-na-indonesia\/#breadcrumb\",\"itemListElement\":[{\"@type\":\"ListItem\",\"position\":1,\"name\":\"In\u00edcio\",\"item\":\"https:\/\/jornalfatosenoticias.com.br\/\"},{\"@type\":\"ListItem\",\"position\":2,\"name\":\"Vulc\u00e3o Anak Krakatoa entra em erup\u00e7\u00e3o na Indon\u00e9sia\"}]},{\"@type\":\"WebSite\",\"@id\":\"https:\/\/jornalfatosenoticias.com.br\/#website\",\"url\":\"https:\/\/jornalfatosenoticias.com.br\/\",\"name\":\"Jornal Fatos e Not\u00edcias\",\"description\":\"Not\u00edcias em geral\",\"publisher\":{\"@id\":\"https:\/\/jornalfatosenoticias.com.br\/#organization\"},\"potentialAction\":[{\"@type\":\"SearchAction\",\"target\":{\"@type\":\"EntryPoint\",\"urlTemplate\":\"https:\/\/jornalfatosenoticias.com.br\/?s={search_term_string}\"},\"query-input\":{\"@type\":\"PropertyValueSpecification\",\"valueRequired\":true,\"valueName\":\"search_term_string\"}}],\"inLanguage\":\"pt-BR\"},{\"@type\":\"Organization\",\"@id\":\"https:\/\/jornalfatosenoticias.com.br\/#organization\",\"name\":\"Jornal Fatos e Not\u00edcias\",\"url\":\"https:\/\/jornalfatosenoticias.com.br\/\",\"logo\":{\"@type\":\"ImageObject\",\"inLanguage\":\"pt-BR\",\"@id\":\"https:\/\/jornalfatosenoticias.com.br\/#\/schema\/logo\/image\/\",\"url\":\"https:\/\/jornalfatosenoticias.com.br\/wp-content\/uploads\/2020\/02\/logo120.png\",\"contentUrl\":\"https:\/\/jornalfatosenoticias.com.br\/wp-content\/uploads\/2020\/02\/logo120.png\",\"width\":1227,\"height\":120,\"caption\":\"Jornal Fatos e Not\u00edcias\"},\"image\":{\"@id\":\"https:\/\/jornalfatosenoticias.com.br\/#\/schema\/logo\/image\/\"}},{\"@type\":\"Person\",\"@id\":\"https:\/\/jornalfatosenoticias.com.br\/#\/schema\/person\/d63837fa13ac8666eb9e74e0985d6f81\",\"name\":\"Luzimara Fernandes\",\"image\":{\"@type\":\"ImageObject\",\"inLanguage\":\"pt-BR\",\"@id\":\"https:\/\/jornalfatosenoticias.com.br\/#\/schema\/person\/image\/\",\"url\":\"https:\/\/jornalfatosenoticias.com.br\/wp-content\/uploads\/2025\/05\/EU_portal.jpg\",\"contentUrl\":\"https:\/\/jornalfatosenoticias.com.br\/wp-content\/uploads\/2025\/05\/EU_portal.jpg\",\"caption\":\"Luzimara Fernandes\"},\"description\":\"Jornalista MTB 2358-ES\",\"sameAs\":[\"https:\/\/jornalfatosenoticias.com.br\"],\"url\":\"https:\/\/jornalfatosenoticias.com.br\/index.php\/author\/luzimara\/\"}]}<\/script>\n<!-- \/ Yoast SEO plugin. -->","yoast_head_json":{"title":"Vulc\u00e3o Anak Krakatoa entra em erup\u00e7\u00e3o na Indon\u00e9sia - Jornal Fatos e Not\u00edcias","robots":{"index":"index","follow":"follow","max-snippet":"max-snippet:-1","max-image-preview":"max-image-preview:large","max-video-preview":"max-video-preview:-1"},"canonical":"https:\/\/jornalfatosenoticias.com.br\/index.php\/2023\/03\/28\/vulcao-anak-krakatoa-entra-em-erupcao-na-indonesia\/","og_locale":"pt_BR","og_type":"article","og_title":"Vulc\u00e3o Anak Krakatoa entra em erup\u00e7\u00e3o na Indon\u00e9sia - Jornal Fatos e Not\u00edcias","og_description":"O Monte Anak Krakatoa, forma\u00e7\u00e3o derivada dos restos do famoso vulc\u00e3o Krakatoa, entrou em erup\u00e7\u00e3o v\u00e1rias vezes na manh\u00e3 desta ter\u00e7a-feira (28). Ele expeliu uma coluna de cinzas de mais de 2.500 metros de altura. Isso faz parte de uma fase de erup\u00e7\u00e3o associada \u00e0 forma\u00e7\u00e3o de um novo corpo do vulc\u00e3o\u201d, disse Oktory Prambada, [&hellip;]","og_url":"https:\/\/jornalfatosenoticias.com.br\/index.php\/2023\/03\/28\/vulcao-anak-krakatoa-entra-em-erupcao-na-indonesia\/","og_site_name":"Jornal Fatos e Not\u00edcias","article_published_time":"2023-03-28T14:40:54+00:00","article_modified_time":"2023-03-28T14:40:55+00:00","og_image":[{"width":1000,"height":561,"url":"https:\/\/jornalfatosenoticias.com.br\/wp-content\/uploads\/2023\/03\/Vulcao-Anak-Krakatoa-entra-em-erupcao-na-Indonesia.jpg","type":"image\/jpeg"}],"author":"Luzimara Fernandes","twitter_card":"summary_large_image","twitter_misc":{"Escrito por":"Luzimara Fernandes","Est. tempo de leitura":"1 minuto"},"schema":{"@context":"https:\/\/schema.org","@graph":[{"@type":"Article","@id":"https:\/\/jornalfatosenoticias.com.br\/index.php\/2023\/03\/28\/vulcao-anak-krakatoa-entra-em-erupcao-na-indonesia\/#article","isPartOf":{"@id":"https:\/\/jornalfatosenoticias.com.br\/index.php\/2023\/03\/28\/vulcao-anak-krakatoa-entra-em-erupcao-na-indonesia\/"},"author":{"name":"Luzimara Fernandes","@id":"https:\/\/jornalfatosenoticias.com.br\/#\/schema\/person\/d63837fa13ac8666eb9e74e0985d6f81"},"headline":"Vulc\u00e3o Anak Krakatoa entra em erup\u00e7\u00e3o na Indon\u00e9sia","datePublished":"2023-03-28T14:40:54+00:00","dateModified":"2023-03-28T14:40:55+00:00","mainEntityOfPage":{"@id":"https:\/\/jornalfatosenoticias.com.br\/index.php\/2023\/03\/28\/vulcao-anak-krakatoa-entra-em-erupcao-na-indonesia\/"},"wordCount":189,"commentCount":0,"publisher":{"@id":"https:\/\/jornalfatosenoticias.com.br\/#organization"},"image":{"@id":"https:\/\/jornalfatosenoticias.com.br\/index.php\/2023\/03\/28\/vulcao-anak-krakatoa-entra-em-erupcao-na-indonesia\/#primaryimage"},"thumbnailUrl":"https:\/\/jornalfatosenoticias.com.br\/wp-content\/uploads\/2023\/03\/Vulcao-Anak-Krakatoa-entra-em-erupcao-na-Indonesia.jpg","keywords":["Anak Krakatoa","cratera","erup\u00e7\u00e3o","ilha vulc\u00e2nica","Indon\u00e9sia","vulc\u00e3o"],"articleSection":["Internacional"],"inLanguage":"pt-BR","potentialAction":[{"@type":"CommentAction","name":"Comment","target":["https:\/\/jornalfatosenoticias.com.br\/index.php\/2023\/03\/28\/vulcao-anak-krakatoa-entra-em-erupcao-na-indonesia\/#respond"]}]},{"@type":"WebPage","@id":"https:\/\/jornalfatosenoticias.com.br\/index.php\/2023\/03\/28\/vulcao-anak-krakatoa-entra-em-erupcao-na-indonesia\/","url":"https:\/\/jornalfatosenoticias.com.br\/index.php\/2023\/03\/28\/vulcao-anak-krakatoa-entra-em-erupcao-na-indonesia\/","name":"Vulc\u00e3o Anak Krakatoa entra em erup\u00e7\u00e3o na Indon\u00e9sia - Jornal Fatos e Not\u00edcias","isPartOf":{"@id":"https:\/\/jornalfatosenoticias.com.br\/#website"},"primaryImageOfPage":{"@id":"https:\/\/jornalfatosenoticias.com.br\/index.php\/2023\/03\/28\/vulcao-anak-krakatoa-entra-em-erupcao-na-indonesia\/#primaryimage"},"image":{"@id":"https:\/\/jornalfatosenoticias.com.br\/index.php\/2023\/03\/28\/vulcao-anak-krakatoa-entra-em-erupcao-na-indonesia\/#primaryimage"},"thumbnailUrl":"https:\/\/jornalfatosenoticias.com.br\/wp-content\/uploads\/2023\/03\/Vulcao-Anak-Krakatoa-entra-em-erupcao-na-Indonesia.jpg","datePublished":"2023-03-28T14:40:54+00:00","dateModified":"2023-03-28T14:40:55+00:00","breadcrumb":{"@id":"https:\/\/jornalfatosenoticias.com.br\/index.php\/2023\/03\/28\/vulcao-anak-krakatoa-entra-em-erupcao-na-indonesia\/#breadcrumb"},"inLanguage":"pt-BR","potentialAction":[{"@type":"ReadAction","target":["https:\/\/jornalfatosenoticias.com.br\/index.php\/2023\/03\/28\/vulcao-anak-krakatoa-entra-em-erupcao-na-indonesia\/"]}]},{"@type":"ImageObject","inLanguage":"pt-BR","@id":"https:\/\/jornalfatosenoticias.com.br\/index.php\/2023\/03\/28\/vulcao-anak-krakatoa-entra-em-erupcao-na-indonesia\/#primaryimage","url":"https:\/\/jornalfatosenoticias.com.br\/wp-content\/uploads\/2023\/03\/Vulcao-Anak-Krakatoa-entra-em-erupcao-na-Indonesia.jpg","contentUrl":"https:\/\/jornalfatosenoticias.com.br\/wp-content\/uploads\/2023\/03\/Vulcao-Anak-Krakatoa-entra-em-erupcao-na-Indonesia.jpg","width":1000,"height":561},{"@type":"BreadcrumbList","@id":"https:\/\/jornalfatosenoticias.com.br\/index.php\/2023\/03\/28\/vulcao-anak-krakatoa-entra-em-erupcao-na-indonesia\/#breadcrumb","itemListElement":[{"@type":"ListItem","position":1,"name":"In\u00edcio","item":"https:\/\/jornalfatosenoticias.com.br\/"},{"@type":"ListItem","position":2,"name":"Vulc\u00e3o Anak Krakatoa entra em erup\u00e7\u00e3o na Indon\u00e9sia"}]},{"@type":"WebSite","@id":"https:\/\/jornalfatosenoticias.com.br\/#website","url":"https:\/\/jornalfatosenoticias.com.br\/","name":"Jornal Fatos e Not\u00edcias","description":"Not\u00edcias em geral","publisher":{"@id":"https:\/\/jornalfatosenoticias.com.br\/#organization"},"potentialAction":[{"@type":"SearchAction","target":{"@type":"EntryPoint","urlTemplate":"https:\/\/jornalfatosenoticias.com.br\/?s={search_term_string}"},"query-input":{"@type":"PropertyValueSpecification","valueRequired":true,"valueName":"search_term_string"}}],"inLanguage":"pt-BR"},{"@type":"Organization","@id":"https:\/\/jornalfatosenoticias.com.br\/#organization","name":"Jornal Fatos e Not\u00edcias","url":"https:\/\/jornalfatosenoticias.com.br\/","logo":{"@type":"ImageObject","inLanguage":"pt-BR","@id":"https:\/\/jornalfatosenoticias.com.br\/#\/schema\/logo\/image\/","url":"https:\/\/jornalfatosenoticias.com.br\/wp-content\/uploads\/2020\/02\/logo120.png","contentUrl":"https:\/\/jornalfatosenoticias.com.br\/wp-content\/uploads\/2020\/02\/logo120.png","width":1227,"height":120,"caption":"Jornal Fatos e Not\u00edcias"},"image":{"@id":"https:\/\/jornalfatosenoticias.com.br\/#\/schema\/logo\/image\/"}},{"@type":"Person","@id":"https:\/\/jornalfatosenoticias.com.br\/#\/schema\/person\/d63837fa13ac8666eb9e74e0985d6f81","name":"Luzimara Fernandes","image":{"@type":"ImageObject","inLanguage":"pt-BR","@id":"https:\/\/jornalfatosenoticias.com.br\/#\/schema\/person\/image\/","url":"https:\/\/jornalfatosenoticias.com.br\/wp-content\/uploads\/2025\/05\/EU_portal.jpg","contentUrl":"https:\/\/jornalfatosenoticias.com.br\/wp-content\/uploads\/2025\/05\/EU_portal.jpg","caption":"Luzimara Fernandes"},"description":"Jornalista MTB 2358-ES","sameAs":["https:\/\/jornalfatosenoticias.com.br"],"url":"https:\/\/jornalfatosenoticias.com.br\/index.php\/author\/luzimara\/"}]}},"cc_featured_image_caption":{"caption_text":"(Foto: Reprodu\u00e7\u00e3o\/Magma Indonesia)","source_text":"","source_url":""},"jetpack_featured_media_url":"https:\/\/jornalfatosenoticias.com.br\/wp-content\/uploads\/2023\/03\/Vulcao-Anak-Krakatoa-entra-em-erupcao-na-Indonesia.jpg","_links":{"self":[{"href":"https:\/\/jornalfatosenoticias.com.br\/index.php\/wp-json\/wp\/v2\/posts\/40063","targetHints":{"allow":["GET"]}}],"collection":[{"href":"https:\/\/jornalfatosenoticias.com.br\/index.php\/wp-json\/wp\/v2\/posts"}],"about":[{"href":"https:\/\/jornalfatosenoticias.com.br\/index.php\/wp-json\/wp\/v2\/types\/post"}],"author":[{"embeddable":true,"href":"https:\/\/jornalfatosenoticias.com.br\/index.php\/wp-json\/wp\/v2\/users\/2"}],"replies":[{"embeddable":true,"href":"https:\/\/jornalfatosenoticias.com.br\/index.php\/wp-json\/wp\/v2\/comments?post=40063"}],"version-history":[{"count":0,"href":"https:\/\/jornalfatosenoticias.com.br\/index.php\/wp-json\/wp\/v2\/posts\/40063\/revisions"}],"wp:featuredmedia":[{"embeddable":true,"href":"https:\/\/jornalfatosenoticias.com.br\/index.php\/wp-json\/wp\/v2\/media\/40064"}],"wp:attachment":[{"href":"https:\/\/jornalfatosenoticias.com.br\/index.php\/wp-json\/wp\/v2\/media?parent=40063"}],"wp:term":[{"taxonomy":"category","embeddable":true,"href":"https:\/\/jornalfatosenoticias.com.br\/index.php\/wp-json\/wp\/v2\/categories?post=40063"},{"taxonomy":"post_tag","embeddable":true,"href":"https:\/\/jornalfatosenoticias.com.br\/index.php\/wp-json\/wp\/v2\/tags?post=40063"}],"curies":[{"name":"wp","href":"https:\/\/api.w.org\/{rel}","templated":true}]}}