{"id":40069,"date":"2023-03-28T12:05:37","date_gmt":"2023-03-28T15:05:37","guid":{"rendered":"https:\/\/jornalfatosenoticias.com.br\/?p=40069"},"modified":"2023-03-28T12:05:40","modified_gmt":"2023-03-28T15:05:40","slug":"campea-nacional-de-ciclismo-desiste-da-carreira-depois-de-perder-para-atleta-trans","status":"publish","type":"post","link":"https:\/\/jornalfatosenoticias.com.br\/index.php\/2023\/03\/28\/campea-nacional-de-ciclismo-desiste-da-carreira-depois-de-perder-para-atleta-trans\/","title":{"rendered":"Campe\u00e3 nacional de ciclismo desiste da carreira depois de perder para atleta trans"},"content":{"rendered":"\n<p><em><span class=\"has-inline-color has-black-color\">&#8216;Minha fam\u00edlia chorou, ao ver um homem terminar na minha frente&#8217;, relatou a mulher, ao dizer que se sentiu humilhada<\/span><\/em><\/p>\n\n\n\n<div class=\"wp-block-image\"><figure class=\"aligncenter size-large\"><img loading=\"lazy\" decoding=\"async\" width=\"1024\" height=\"111\" src=\"https:\/\/jornalfatosenoticias.com.br\/wp-content\/uploads\/2020\/02\/WhatsApp-Image-2022-09-23-at-12.09.18-1024x111.jpeg\" alt=\"\" class=\"wp-image-34527\" srcset=\"https:\/\/jornalfatosenoticias.com.br\/wp-content\/uploads\/2020\/02\/WhatsApp-Image-2022-09-23-at-12.09.18-1024x111.jpeg 1024w, https:\/\/jornalfatosenoticias.com.br\/wp-content\/uploads\/2020\/02\/WhatsApp-Image-2022-09-23-at-12.09.18-300x32.jpeg 300w, https:\/\/jornalfatosenoticias.com.br\/wp-content\/uploads\/2020\/02\/WhatsApp-Image-2022-09-23-at-12.09.18-768x83.jpeg 768w, https:\/\/jornalfatosenoticias.com.br\/wp-content\/uploads\/2020\/02\/WhatsApp-Image-2022-09-23-at-12.09.18.jpeg 1121w\" sizes=\"auto, (max-width: 1024px) 100vw, 1024px\" \/><\/figure><\/div>\n\n\n\n<p>A campe\u00e3 nacional de ciclocross dos Estados Unidos, Hannah Arensman, desistiu de sua carreira promissora, depois de perder um dos torneios mais relevantes da categoria feminina para <a href=\"https:\/\/www.instagram.com\/tiffany.a.thomas\/\" target=\"_blank\" rel=\"noreferrer noopener\"><strong>Tiffany Thomas<\/strong><\/a>, atleta trans. \u201cDecidi encerrar a minha carreira no ciclismo\u201d, disse Hannah, na semana passada. Thomas ficou em primeiro lugar; Hannah, em quarto.<\/p>\n\n\n\n<div class=\"wp-block-image\"><figure class=\"aligncenter size-large is-resized\"><img loading=\"lazy\" decoding=\"async\" src=\"https:\/\/jornalfatosenoticias.com.br\/wp-content\/uploads\/2020\/02\/logo-embacia.jpg\" alt=\"\" class=\"wp-image-33905\" width=\"280\" height=\"280\"\/><\/figure><\/div>\n\n\n\n<blockquote class=\"wp-block-quote is-layout-flow wp-block-quote-is-layout-flow\"><p><span class=\"has-inline-color has-luminous-vivid-orange-color\">Minha irm\u00e3 e minha fam\u00edlia choraram, ao ver um homem terminar \u00e0 minha frente, tendo testemunhado v\u00e1rias intera\u00e7\u00f5es f\u00edsicas com ele durante a corrida\u201d, lembrou, em um comunicado enviado ao Conselho Independente de Esportes Femininos.<\/span><\/p><\/blockquote>\n\n\n\n<div class=\"wp-block-image\"><figure class=\"aligncenter size-large\"><img loading=\"lazy\" decoding=\"async\" width=\"1024\" height=\"110\" src=\"https:\/\/jornalfatosenoticias.com.br\/wp-content\/uploads\/2023\/03\/Crypton-1120-\u00d7-120-px-1-1024x110.png\" alt=\"\" class=\"wp-image-39211\" srcset=\"https:\/\/jornalfatosenoticias.com.br\/wp-content\/uploads\/2023\/03\/Crypton-1120-\u00d7-120-px-1-1024x110.png 1024w, https:\/\/jornalfatosenoticias.com.br\/wp-content\/uploads\/2023\/03\/Crypton-1120-\u00d7-120-px-1-300x32.png 300w, https:\/\/jornalfatosenoticias.com.br\/wp-content\/uploads\/2023\/03\/Crypton-1120-\u00d7-120-px-1-768x82.png 768w, https:\/\/jornalfatosenoticias.com.br\/wp-content\/uploads\/2023\/03\/Crypton-1120-\u00d7-120-px-1.png 1120w\" sizes=\"auto, (max-width: 1024px) 100vw, 1024px\" \/><\/figure><\/div>\n\n\n\n<p>A campe\u00e3 disse que perdeu a motiva\u00e7\u00e3o para continuar no ramo, ao ver um atleta trans na categoria feminina, porque o corpo de um homem sempre vai ter mais vantagem que o de uma mulher, \u201cn\u00e3o importa quanto ela treine\u201d.<\/p>\n\n\n\n<div class=\"wp-block-image\"><figure class=\"aligncenter size-large\"><img decoding=\"async\" src=\"https:\/\/jornalfatosenoticias.com.br\/wp-content\/uploads\/2020\/02\/logo_esteio.jpg\" alt=\"\" class=\"wp-image-1214\"\/><\/figure><\/div>\n\n\n\n<blockquote class=\"wp-block-quote is-layout-flow wp-block-quote-is-layout-flow\"><p><span class=\"has-inline-color has-luminous-vivid-orange-color\">Sinto muito pelas meninas de agora, que est\u00e3o crescendo em uma \u00e9poca em que n\u00e3o t\u00eam mais chances justas de ser as novas recordistas e campe\u00e3s do ciclismo\u201d, escreveu Hannah. \u201cSenti-me profundamente irritada, desapontada, negligenciada e humilhada, porque os legisladores dos esportes femininos n\u00e3o acham mais necess\u00e1rio proteger os esportes femininos para garantir uma competi\u00e7\u00e3o justa para as mulheres\u201d.<\/span><\/p><\/blockquote>\n\n\n\n<div class=\"wp-block-image\"><figure class=\"aligncenter size-large is-resized\"><img loading=\"lazy\" decoding=\"async\" src=\"https:\/\/jornalfatosenoticias.com.br\/wp-content\/uploads\/2022\/08\/logo-locau-veiculos-1024x573.png\" alt=\"\" class=\"wp-image-33078\" width=\"305\" height=\"170\"\/><\/figure><\/div>\n\n\n\n<p>Depois de derrotar Hannah, Thomas publicou em seu Instagram uma foto com os bra\u00e7os erguidos, comemorando a vit\u00f3ria no topo de um p\u00f3dio. O pr\u00eamio garantiu-lhe a 20\u00aa vit\u00f3ria na categoria feminina, desde que come\u00e7ou a correr contra mulheres, em 2018. No post, Thomas diz sentir-se \u201cuma super-hero\u00edna\u201d.<\/p>\n\n\n\n<div class=\"wp-block-image\"><figure class=\"aligncenter size-large\"><img loading=\"lazy\" decoding=\"async\" width=\"300\" height=\"222\" src=\"https:\/\/jornalfatosenoticias.com.br\/wp-content\/uploads\/2023\/03\/logo_Juliana-Graca.jpg\" alt=\"\" class=\"wp-image-39283\"\/><\/figure><\/div>\n\n\n\n<p><strong><em>Fonte: <a href=\"https:\/\/revistaoeste.com\/mundo\/campea-nacional-de-ciclismo-desiste-da-carreira-depois-de-perder-para-atleta-trans\/\">Revista Oeste<\/a><\/em><\/strong><\/p>\n","protected":false},"excerpt":{"rendered":"<p>&#8216;Minha fam\u00edlia chorou, ao ver um homem terminar na minha frente&#8217;, relatou a mulher, ao dizer que se sentiu humilhada A campe\u00e3 nacional de ciclocross dos Estados Unidos, Hannah Arensman, desistiu de sua carreira promissora, depois de perder um dos torneios mais relevantes da categoria feminina para Tiffany Thomas, atleta trans. \u201cDecidi encerrar a minha [&hellip;]<\/p>\n","protected":false},"author":2,"featured_media":40070,"comment_status":"open","ping_status":"open","sticky":false,"template":"","format":"standard","meta":{"footnotes":""},"categories":[12],"tags":[18771,8812,18772,18773],"class_list":["post-40069","post","type-post","status-publish","format-standard","has-post-thumbnail","hentry","category-esportes","tag-atleta-trans","tag-ciclismo","tag-mulher-trans","tag-transexual"],"yoast_head":"<!-- This site is optimized with the Yoast SEO plugin v26.5 - https:\/\/yoast.com\/wordpress\/plugins\/seo\/ -->\n<title>Campe\u00e3 nacional de ciclismo desiste da carreira depois de perder para atleta trans - Jornal Fatos e Not\u00edcias<\/title>\n<meta name=\"robots\" content=\"index, follow, max-snippet:-1, max-image-preview:large, max-video-preview:-1\" \/>\n<link rel=\"canonical\" href=\"https:\/\/jornalfatosenoticias.com.br\/index.php\/2023\/03\/28\/campea-nacional-de-ciclismo-desiste-da-carreira-depois-de-perder-para-atleta-trans\/\" \/>\n<meta property=\"og:locale\" content=\"pt_BR\" \/>\n<meta property=\"og:type\" content=\"article\" \/>\n<meta property=\"og:title\" content=\"Campe\u00e3 nacional de ciclismo desiste da carreira depois de perder para atleta trans - Jornal Fatos e Not\u00edcias\" \/>\n<meta property=\"og:description\" content=\"&#8216;Minha fam\u00edlia chorou, ao ver um homem terminar na minha frente&#8217;, relatou a mulher, ao dizer que se sentiu humilhada A campe\u00e3 nacional de ciclocross dos Estados Unidos, Hannah Arensman, desistiu de sua carreira promissora, depois de perder um dos torneios mais relevantes da categoria feminina para Tiffany Thomas, atleta trans. \u201cDecidi encerrar a minha [&hellip;]\" \/>\n<meta property=\"og:url\" content=\"https:\/\/jornalfatosenoticias.com.br\/index.php\/2023\/03\/28\/campea-nacional-de-ciclismo-desiste-da-carreira-depois-de-perder-para-atleta-trans\/\" \/>\n<meta property=\"og:site_name\" content=\"Jornal Fatos e Not\u00edcias\" \/>\n<meta property=\"article:published_time\" content=\"2023-03-28T15:05:37+00:00\" \/>\n<meta property=\"article:modified_time\" content=\"2023-03-28T15:05:40+00:00\" \/>\n<meta property=\"og:image\" content=\"https:\/\/jornalfatosenoticias.com.br\/wp-content\/uploads\/2023\/03\/hannah-arensman-ciclista.png\" \/>\n\t<meta property=\"og:image:width\" content=\"900\" \/>\n\t<meta property=\"og:image:height\" content=\"525\" \/>\n\t<meta property=\"og:image:type\" content=\"image\/png\" \/>\n<meta name=\"author\" content=\"Luzimara Fernandes\" \/>\n<meta name=\"twitter:card\" content=\"summary_large_image\" \/>\n<meta name=\"twitter:label1\" content=\"Escrito por\" \/>\n\t<meta name=\"twitter:data1\" content=\"Luzimara Fernandes\" \/>\n\t<meta name=\"twitter:label2\" content=\"Est. tempo de leitura\" \/>\n\t<meta name=\"twitter:data2\" content=\"1 minuto\" \/>\n<script type=\"application\/ld+json\" class=\"yoast-schema-graph\">{\"@context\":\"https:\/\/schema.org\",\"@graph\":[{\"@type\":\"Article\",\"@id\":\"https:\/\/jornalfatosenoticias.com.br\/index.php\/2023\/03\/28\/campea-nacional-de-ciclismo-desiste-da-carreira-depois-de-perder-para-atleta-trans\/#article\",\"isPartOf\":{\"@id\":\"https:\/\/jornalfatosenoticias.com.br\/index.php\/2023\/03\/28\/campea-nacional-de-ciclismo-desiste-da-carreira-depois-de-perder-para-atleta-trans\/\"},\"author\":{\"name\":\"Luzimara Fernandes\",\"@id\":\"https:\/\/jornalfatosenoticias.com.br\/#\/schema\/person\/d63837fa13ac8666eb9e74e0985d6f81\"},\"headline\":\"Campe\u00e3 nacional de ciclismo desiste da carreira depois de perder para atleta trans\",\"datePublished\":\"2023-03-28T15:05:37+00:00\",\"dateModified\":\"2023-03-28T15:05:40+00:00\",\"mainEntityOfPage\":{\"@id\":\"https:\/\/jornalfatosenoticias.com.br\/index.php\/2023\/03\/28\/campea-nacional-de-ciclismo-desiste-da-carreira-depois-de-perder-para-atleta-trans\/\"},\"wordCount\":287,\"commentCount\":0,\"publisher\":{\"@id\":\"https:\/\/jornalfatosenoticias.com.br\/#organization\"},\"image\":{\"@id\":\"https:\/\/jornalfatosenoticias.com.br\/index.php\/2023\/03\/28\/campea-nacional-de-ciclismo-desiste-da-carreira-depois-de-perder-para-atleta-trans\/#primaryimage\"},\"thumbnailUrl\":\"https:\/\/jornalfatosenoticias.com.br\/wp-content\/uploads\/2023\/03\/hannah-arensman-ciclista.png\",\"keywords\":[\"atleta trans\",\"ciclismo\",\"mulher trans\",\"transexual\"],\"articleSection\":[\"Esportes\"],\"inLanguage\":\"pt-BR\",\"potentialAction\":[{\"@type\":\"CommentAction\",\"name\":\"Comment\",\"target\":[\"https:\/\/jornalfatosenoticias.com.br\/index.php\/2023\/03\/28\/campea-nacional-de-ciclismo-desiste-da-carreira-depois-de-perder-para-atleta-trans\/#respond\"]}]},{\"@type\":\"WebPage\",\"@id\":\"https:\/\/jornalfatosenoticias.com.br\/index.php\/2023\/03\/28\/campea-nacional-de-ciclismo-desiste-da-carreira-depois-de-perder-para-atleta-trans\/\",\"url\":\"https:\/\/jornalfatosenoticias.com.br\/index.php\/2023\/03\/28\/campea-nacional-de-ciclismo-desiste-da-carreira-depois-de-perder-para-atleta-trans\/\",\"name\":\"Campe\u00e3 nacional de ciclismo desiste da carreira depois de perder para atleta trans - Jornal Fatos e Not\u00edcias\",\"isPartOf\":{\"@id\":\"https:\/\/jornalfatosenoticias.com.br\/#website\"},\"primaryImageOfPage\":{\"@id\":\"https:\/\/jornalfatosenoticias.com.br\/index.php\/2023\/03\/28\/campea-nacional-de-ciclismo-desiste-da-carreira-depois-de-perder-para-atleta-trans\/#primaryimage\"},\"image\":{\"@id\":\"https:\/\/jornalfatosenoticias.com.br\/index.php\/2023\/03\/28\/campea-nacional-de-ciclismo-desiste-da-carreira-depois-de-perder-para-atleta-trans\/#primaryimage\"},\"thumbnailUrl\":\"https:\/\/jornalfatosenoticias.com.br\/wp-content\/uploads\/2023\/03\/hannah-arensman-ciclista.png\",\"datePublished\":\"2023-03-28T15:05:37+00:00\",\"dateModified\":\"2023-03-28T15:05:40+00:00\",\"breadcrumb\":{\"@id\":\"https:\/\/jornalfatosenoticias.com.br\/index.php\/2023\/03\/28\/campea-nacional-de-ciclismo-desiste-da-carreira-depois-de-perder-para-atleta-trans\/#breadcrumb\"},\"inLanguage\":\"pt-BR\",\"potentialAction\":[{\"@type\":\"ReadAction\",\"target\":[\"https:\/\/jornalfatosenoticias.com.br\/index.php\/2023\/03\/28\/campea-nacional-de-ciclismo-desiste-da-carreira-depois-de-perder-para-atleta-trans\/\"]}]},{\"@type\":\"ImageObject\",\"inLanguage\":\"pt-BR\",\"@id\":\"https:\/\/jornalfatosenoticias.com.br\/index.php\/2023\/03\/28\/campea-nacional-de-ciclismo-desiste-da-carreira-depois-de-perder-para-atleta-trans\/#primaryimage\",\"url\":\"https:\/\/jornalfatosenoticias.com.br\/wp-content\/uploads\/2023\/03\/hannah-arensman-ciclista.png\",\"contentUrl\":\"https:\/\/jornalfatosenoticias.com.br\/wp-content\/uploads\/2023\/03\/hannah-arensman-ciclista.png\",\"width\":900,\"height\":525},{\"@type\":\"BreadcrumbList\",\"@id\":\"https:\/\/jornalfatosenoticias.com.br\/index.php\/2023\/03\/28\/campea-nacional-de-ciclismo-desiste-da-carreira-depois-de-perder-para-atleta-trans\/#breadcrumb\",\"itemListElement\":[{\"@type\":\"ListItem\",\"position\":1,\"name\":\"In\u00edcio\",\"item\":\"https:\/\/jornalfatosenoticias.com.br\/\"},{\"@type\":\"ListItem\",\"position\":2,\"name\":\"Campe\u00e3 nacional de ciclismo desiste da carreira depois de perder para atleta trans\"}]},{\"@type\":\"WebSite\",\"@id\":\"https:\/\/jornalfatosenoticias.com.br\/#website\",\"url\":\"https:\/\/jornalfatosenoticias.com.br\/\",\"name\":\"Jornal Fatos e Not\u00edcias\",\"description\":\"Not\u00edcias em geral\",\"publisher\":{\"@id\":\"https:\/\/jornalfatosenoticias.com.br\/#organization\"},\"potentialAction\":[{\"@type\":\"SearchAction\",\"target\":{\"@type\":\"EntryPoint\",\"urlTemplate\":\"https:\/\/jornalfatosenoticias.com.br\/?s={search_term_string}\"},\"query-input\":{\"@type\":\"PropertyValueSpecification\",\"valueRequired\":true,\"valueName\":\"search_term_string\"}}],\"inLanguage\":\"pt-BR\"},{\"@type\":\"Organization\",\"@id\":\"https:\/\/jornalfatosenoticias.com.br\/#organization\",\"name\":\"Jornal Fatos e Not\u00edcias\",\"url\":\"https:\/\/jornalfatosenoticias.com.br\/\",\"logo\":{\"@type\":\"ImageObject\",\"inLanguage\":\"pt-BR\",\"@id\":\"https:\/\/jornalfatosenoticias.com.br\/#\/schema\/logo\/image\/\",\"url\":\"https:\/\/jornalfatosenoticias.com.br\/wp-content\/uploads\/2020\/02\/logo120.png\",\"contentUrl\":\"https:\/\/jornalfatosenoticias.com.br\/wp-content\/uploads\/2020\/02\/logo120.png\",\"width\":1227,\"height\":120,\"caption\":\"Jornal Fatos e Not\u00edcias\"},\"image\":{\"@id\":\"https:\/\/jornalfatosenoticias.com.br\/#\/schema\/logo\/image\/\"}},{\"@type\":\"Person\",\"@id\":\"https:\/\/jornalfatosenoticias.com.br\/#\/schema\/person\/d63837fa13ac8666eb9e74e0985d6f81\",\"name\":\"Luzimara Fernandes\",\"image\":{\"@type\":\"ImageObject\",\"inLanguage\":\"pt-BR\",\"@id\":\"https:\/\/jornalfatosenoticias.com.br\/#\/schema\/person\/image\/\",\"url\":\"https:\/\/jornalfatosenoticias.com.br\/wp-content\/uploads\/2025\/05\/EU_portal.jpg\",\"contentUrl\":\"https:\/\/jornalfatosenoticias.com.br\/wp-content\/uploads\/2025\/05\/EU_portal.jpg\",\"caption\":\"Luzimara Fernandes\"},\"description\":\"Jornalista MTB 2358-ES\",\"sameAs\":[\"https:\/\/jornalfatosenoticias.com.br\"],\"url\":\"https:\/\/jornalfatosenoticias.com.br\/index.php\/author\/luzimara\/\"}]}<\/script>\n<!-- \/ Yoast SEO plugin. -->","yoast_head_json":{"title":"Campe\u00e3 nacional de ciclismo desiste da carreira depois de perder para atleta trans - Jornal Fatos e Not\u00edcias","robots":{"index":"index","follow":"follow","max-snippet":"max-snippet:-1","max-image-preview":"max-image-preview:large","max-video-preview":"max-video-preview:-1"},"canonical":"https:\/\/jornalfatosenoticias.com.br\/index.php\/2023\/03\/28\/campea-nacional-de-ciclismo-desiste-da-carreira-depois-de-perder-para-atleta-trans\/","og_locale":"pt_BR","og_type":"article","og_title":"Campe\u00e3 nacional de ciclismo desiste da carreira depois de perder para atleta trans - Jornal Fatos e Not\u00edcias","og_description":"&#8216;Minha fam\u00edlia chorou, ao ver um homem terminar na minha frente&#8217;, relatou a mulher, ao dizer que se sentiu humilhada A campe\u00e3 nacional de ciclocross dos Estados Unidos, Hannah Arensman, desistiu de sua carreira promissora, depois de perder um dos torneios mais relevantes da categoria feminina para Tiffany Thomas, atleta trans. \u201cDecidi encerrar a minha [&hellip;]","og_url":"https:\/\/jornalfatosenoticias.com.br\/index.php\/2023\/03\/28\/campea-nacional-de-ciclismo-desiste-da-carreira-depois-de-perder-para-atleta-trans\/","og_site_name":"Jornal Fatos e Not\u00edcias","article_published_time":"2023-03-28T15:05:37+00:00","article_modified_time":"2023-03-28T15:05:40+00:00","og_image":[{"width":900,"height":525,"url":"https:\/\/jornalfatosenoticias.com.br\/wp-content\/uploads\/2023\/03\/hannah-arensman-ciclista.png","type":"image\/png"}],"author":"Luzimara Fernandes","twitter_card":"summary_large_image","twitter_misc":{"Escrito por":"Luzimara Fernandes","Est. tempo de leitura":"1 minuto"},"schema":{"@context":"https:\/\/schema.org","@graph":[{"@type":"Article","@id":"https:\/\/jornalfatosenoticias.com.br\/index.php\/2023\/03\/28\/campea-nacional-de-ciclismo-desiste-da-carreira-depois-de-perder-para-atleta-trans\/#article","isPartOf":{"@id":"https:\/\/jornalfatosenoticias.com.br\/index.php\/2023\/03\/28\/campea-nacional-de-ciclismo-desiste-da-carreira-depois-de-perder-para-atleta-trans\/"},"author":{"name":"Luzimara Fernandes","@id":"https:\/\/jornalfatosenoticias.com.br\/#\/schema\/person\/d63837fa13ac8666eb9e74e0985d6f81"},"headline":"Campe\u00e3 nacional de ciclismo desiste da carreira depois de perder para atleta trans","datePublished":"2023-03-28T15:05:37+00:00","dateModified":"2023-03-28T15:05:40+00:00","mainEntityOfPage":{"@id":"https:\/\/jornalfatosenoticias.com.br\/index.php\/2023\/03\/28\/campea-nacional-de-ciclismo-desiste-da-carreira-depois-de-perder-para-atleta-trans\/"},"wordCount":287,"commentCount":0,"publisher":{"@id":"https:\/\/jornalfatosenoticias.com.br\/#organization"},"image":{"@id":"https:\/\/jornalfatosenoticias.com.br\/index.php\/2023\/03\/28\/campea-nacional-de-ciclismo-desiste-da-carreira-depois-de-perder-para-atleta-trans\/#primaryimage"},"thumbnailUrl":"https:\/\/jornalfatosenoticias.com.br\/wp-content\/uploads\/2023\/03\/hannah-arensman-ciclista.png","keywords":["atleta trans","ciclismo","mulher trans","transexual"],"articleSection":["Esportes"],"inLanguage":"pt-BR","potentialAction":[{"@type":"CommentAction","name":"Comment","target":["https:\/\/jornalfatosenoticias.com.br\/index.php\/2023\/03\/28\/campea-nacional-de-ciclismo-desiste-da-carreira-depois-de-perder-para-atleta-trans\/#respond"]}]},{"@type":"WebPage","@id":"https:\/\/jornalfatosenoticias.com.br\/index.php\/2023\/03\/28\/campea-nacional-de-ciclismo-desiste-da-carreira-depois-de-perder-para-atleta-trans\/","url":"https:\/\/jornalfatosenoticias.com.br\/index.php\/2023\/03\/28\/campea-nacional-de-ciclismo-desiste-da-carreira-depois-de-perder-para-atleta-trans\/","name":"Campe\u00e3 nacional de ciclismo desiste da carreira depois de perder para atleta trans - Jornal Fatos e Not\u00edcias","isPartOf":{"@id":"https:\/\/jornalfatosenoticias.com.br\/#website"},"primaryImageOfPage":{"@id":"https:\/\/jornalfatosenoticias.com.br\/index.php\/2023\/03\/28\/campea-nacional-de-ciclismo-desiste-da-carreira-depois-de-perder-para-atleta-trans\/#primaryimage"},"image":{"@id":"https:\/\/jornalfatosenoticias.com.br\/index.php\/2023\/03\/28\/campea-nacional-de-ciclismo-desiste-da-carreira-depois-de-perder-para-atleta-trans\/#primaryimage"},"thumbnailUrl":"https:\/\/jornalfatosenoticias.com.br\/wp-content\/uploads\/2023\/03\/hannah-arensman-ciclista.png","datePublished":"2023-03-28T15:05:37+00:00","dateModified":"2023-03-28T15:05:40+00:00","breadcrumb":{"@id":"https:\/\/jornalfatosenoticias.com.br\/index.php\/2023\/03\/28\/campea-nacional-de-ciclismo-desiste-da-carreira-depois-de-perder-para-atleta-trans\/#breadcrumb"},"inLanguage":"pt-BR","potentialAction":[{"@type":"ReadAction","target":["https:\/\/jornalfatosenoticias.com.br\/index.php\/2023\/03\/28\/campea-nacional-de-ciclismo-desiste-da-carreira-depois-de-perder-para-atleta-trans\/"]}]},{"@type":"ImageObject","inLanguage":"pt-BR","@id":"https:\/\/jornalfatosenoticias.com.br\/index.php\/2023\/03\/28\/campea-nacional-de-ciclismo-desiste-da-carreira-depois-de-perder-para-atleta-trans\/#primaryimage","url":"https:\/\/jornalfatosenoticias.com.br\/wp-content\/uploads\/2023\/03\/hannah-arensman-ciclista.png","contentUrl":"https:\/\/jornalfatosenoticias.com.br\/wp-content\/uploads\/2023\/03\/hannah-arensman-ciclista.png","width":900,"height":525},{"@type":"BreadcrumbList","@id":"https:\/\/jornalfatosenoticias.com.br\/index.php\/2023\/03\/28\/campea-nacional-de-ciclismo-desiste-da-carreira-depois-de-perder-para-atleta-trans\/#breadcrumb","itemListElement":[{"@type":"ListItem","position":1,"name":"In\u00edcio","item":"https:\/\/jornalfatosenoticias.com.br\/"},{"@type":"ListItem","position":2,"name":"Campe\u00e3 nacional de ciclismo desiste da carreira depois de perder para atleta trans"}]},{"@type":"WebSite","@id":"https:\/\/jornalfatosenoticias.com.br\/#website","url":"https:\/\/jornalfatosenoticias.com.br\/","name":"Jornal Fatos e Not\u00edcias","description":"Not\u00edcias em geral","publisher":{"@id":"https:\/\/jornalfatosenoticias.com.br\/#organization"},"potentialAction":[{"@type":"SearchAction","target":{"@type":"EntryPoint","urlTemplate":"https:\/\/jornalfatosenoticias.com.br\/?s={search_term_string}"},"query-input":{"@type":"PropertyValueSpecification","valueRequired":true,"valueName":"search_term_string"}}],"inLanguage":"pt-BR"},{"@type":"Organization","@id":"https:\/\/jornalfatosenoticias.com.br\/#organization","name":"Jornal Fatos e Not\u00edcias","url":"https:\/\/jornalfatosenoticias.com.br\/","logo":{"@type":"ImageObject","inLanguage":"pt-BR","@id":"https:\/\/jornalfatosenoticias.com.br\/#\/schema\/logo\/image\/","url":"https:\/\/jornalfatosenoticias.com.br\/wp-content\/uploads\/2020\/02\/logo120.png","contentUrl":"https:\/\/jornalfatosenoticias.com.br\/wp-content\/uploads\/2020\/02\/logo120.png","width":1227,"height":120,"caption":"Jornal Fatos e Not\u00edcias"},"image":{"@id":"https:\/\/jornalfatosenoticias.com.br\/#\/schema\/logo\/image\/"}},{"@type":"Person","@id":"https:\/\/jornalfatosenoticias.com.br\/#\/schema\/person\/d63837fa13ac8666eb9e74e0985d6f81","name":"Luzimara Fernandes","image":{"@type":"ImageObject","inLanguage":"pt-BR","@id":"https:\/\/jornalfatosenoticias.com.br\/#\/schema\/person\/image\/","url":"https:\/\/jornalfatosenoticias.com.br\/wp-content\/uploads\/2025\/05\/EU_portal.jpg","contentUrl":"https:\/\/jornalfatosenoticias.com.br\/wp-content\/uploads\/2025\/05\/EU_portal.jpg","caption":"Luzimara Fernandes"},"description":"Jornalista MTB 2358-ES","sameAs":["https:\/\/jornalfatosenoticias.com.br"],"url":"https:\/\/jornalfatosenoticias.com.br\/index.php\/author\/luzimara\/"}]}},"cc_featured_image_caption":{"caption_text":"(Foto: USA Cycling\/YouTube) ","source_text":"","source_url":""},"jetpack_featured_media_url":"https:\/\/jornalfatosenoticias.com.br\/wp-content\/uploads\/2023\/03\/hannah-arensman-ciclista.png","_links":{"self":[{"href":"https:\/\/jornalfatosenoticias.com.br\/index.php\/wp-json\/wp\/v2\/posts\/40069","targetHints":{"allow":["GET"]}}],"collection":[{"href":"https:\/\/jornalfatosenoticias.com.br\/index.php\/wp-json\/wp\/v2\/posts"}],"about":[{"href":"https:\/\/jornalfatosenoticias.com.br\/index.php\/wp-json\/wp\/v2\/types\/post"}],"author":[{"embeddable":true,"href":"https:\/\/jornalfatosenoticias.com.br\/index.php\/wp-json\/wp\/v2\/users\/2"}],"replies":[{"embeddable":true,"href":"https:\/\/jornalfatosenoticias.com.br\/index.php\/wp-json\/wp\/v2\/comments?post=40069"}],"version-history":[{"count":0,"href":"https:\/\/jornalfatosenoticias.com.br\/index.php\/wp-json\/wp\/v2\/posts\/40069\/revisions"}],"wp:featuredmedia":[{"embeddable":true,"href":"https:\/\/jornalfatosenoticias.com.br\/index.php\/wp-json\/wp\/v2\/media\/40070"}],"wp:attachment":[{"href":"https:\/\/jornalfatosenoticias.com.br\/index.php\/wp-json\/wp\/v2\/media?parent=40069"}],"wp:term":[{"taxonomy":"category","embeddable":true,"href":"https:\/\/jornalfatosenoticias.com.br\/index.php\/wp-json\/wp\/v2\/categories?post=40069"},{"taxonomy":"post_tag","embeddable":true,"href":"https:\/\/jornalfatosenoticias.com.br\/index.php\/wp-json\/wp\/v2\/tags?post=40069"}],"curies":[{"name":"wp","href":"https:\/\/api.w.org\/{rel}","templated":true}]}}