{"id":40102,"date":"2023-03-29T11:26:37","date_gmt":"2023-03-29T14:26:37","guid":{"rendered":"https:\/\/jornalfatosenoticias.com.br\/?p=40102"},"modified":"2023-03-29T11:26:38","modified_gmt":"2023-03-29T14:26:38","slug":"audiencia-do-jornal-nacional-despenca-e-emissora-perde-forca-em-uma-de-suas-principais-armas","status":"publish","type":"post","link":"https:\/\/jornalfatosenoticias.com.br\/index.php\/2023\/03\/29\/audiencia-do-jornal-nacional-despenca-e-emissora-perde-forca-em-uma-de-suas-principais-armas\/","title":{"rendered":"Audi\u00eancia do Jornal Nacional despenca e emissora perde for\u00e7a em uma de suas principais armas"},"content":{"rendered":"\n<div class=\"wp-block-image\"><figure class=\"aligncenter size-large is-resized\"><img loading=\"lazy\" decoding=\"async\" src=\"https:\/\/jornalfatosenoticias.com.br\/wp-content\/uploads\/2022\/02\/Banner-2.png\" alt=\"\" class=\"wp-image-27877\" width=\"265\" height=\"221\"\/><\/figure><\/div>\n\n\n\n<p>O Jornal Nacional perdeu quase metade da audi\u00eancia nas \u00faltimas duas d\u00e9cadas. Em 2004, o notici\u00e1rio, que tinha William Bonner e F\u00e1tima Bernardes no comando, registrava m\u00e9dia de 39,8 pontos no Ibope da Grande S\u00e3o Paulo. Agora, o jornal mant\u00e9m a m\u00e9dia de 23,5 pontos de audi\u00eancia. Os dados foram divulgados pelo portal <a href=\"https:\/\/noticiasdatv.uol.com.br\/noticia\/televisao\/jornal-nacional-perde-quase-metade-do-publico-em-20-anos-e-sofre-derrocada-99765\" target=\"_blank\" rel=\"noreferrer noopener\">Not\u00edcias da TV<\/a>.<\/p>\n\n\n\n<div class=\"wp-block-image\"><figure class=\"aligncenter size-large\"><img loading=\"lazy\" decoding=\"async\" width=\"300\" height=\"250\" src=\"https:\/\/jornalfatosenoticias.com.br\/wp-content\/uploads\/2022\/02\/FERRARI_MAQUINAS-E-FERRAMENTAS2.jpg\" alt=\"\" class=\"wp-image-27860\"\/><\/figure><\/div>\n\n\n\n<p>Os n\u00fameros significam uma perda de 41% dos telespectadores que acompanhavam as not\u00edcias no hor\u00e1rio nobre da Globo. A maior queda registrada foi no Distrito Federal. No \u00faltimos 20 anos, a atra\u00e7\u00e3o caiu de 32,6 pontos no Ibope para 22,7 pontos.<br>Al\u00e9m da Grande S\u00e3o Paulo, o Jornal Nacional tamb\u00e9m registrou perda de audi\u00eancia em outras cinco capitais desde 2018: Belo Horizonte, Curitiba, Goi\u00e2nia, Porto Alegre e Rio de Janeiro.<\/p>\n\n\n\n<div class=\"wp-block-image\"><figure class=\"aligncenter size-large is-resized\"><img loading=\"lazy\" decoding=\"async\" src=\"https:\/\/jornalfatosenoticias.com.br\/wp-content\/uploads\/2022\/10\/RC_800x750_page-0001.jpg\" alt=\"\" class=\"wp-image-35338\" width=\"287\" height=\"269\" srcset=\"https:\/\/jornalfatosenoticias.com.br\/wp-content\/uploads\/2022\/10\/RC_800x750_page-0001.jpg 400w, https:\/\/jornalfatosenoticias.com.br\/wp-content\/uploads\/2022\/10\/RC_800x750_page-0001-300x281.jpg 300w\" sizes=\"auto, (max-width: 287px) 100vw, 287px\" \/><\/figure><\/div>\n\n\n\n<p><strong><span class=\"has-inline-color has-vivid-red-color\">Sem motivos para otimismo<br><\/span><\/strong>Os resultados em 2023 n\u00e3o s\u00e3o animadores. Os n\u00fameros mostram que a m\u00e9dia da audi\u00eancia do telejornal, at\u00e9 o dia 16 de mar\u00e7o, \u00e9 de 23,5 \u2014 abaixo dos 23,6 registrados durante todo o ano de 2022.<\/p>\n\n\n\n<div class=\"wp-block-image\"><figure class=\"aligncenter size-large is-resized\"><img loading=\"lazy\" decoding=\"async\" src=\"https:\/\/jornalfatosenoticias.com.br\/wp-content\/uploads\/2022\/07\/Logo-Grupo-SEI.jpg\" alt=\"\" class=\"wp-image-31973\" width=\"353\" height=\"185\" srcset=\"https:\/\/jornalfatosenoticias.com.br\/wp-content\/uploads\/2022\/07\/Logo-Grupo-SEI.jpg 713w, https:\/\/jornalfatosenoticias.com.br\/wp-content\/uploads\/2022\/07\/Logo-Grupo-SEI-300x158.jpg 300w\" sizes=\"auto, (max-width: 353px) 100vw, 353px\" \/><\/figure><\/div>\n\n\n\n<p><strong><em>Fonte:<a href=\"https:\/\/terrabrasilnoticias.com\/2023\/03\/audiencia-do-jornal-nacional-despenca-e-emissora-perde-forca-em-uma-de-suas-principais-armas-veja-numeros\/\"> Terra Brasil Not\u00edcias<\/a><\/em><\/strong><\/p>\n","protected":false},"excerpt":{"rendered":"<p>O Jornal Nacional perdeu quase metade da audi\u00eancia nas \u00faltimas duas d\u00e9cadas. Em 2004, o notici\u00e1rio, que tinha William Bonner e F\u00e1tima Bernardes no comando, registrava m\u00e9dia de 39,8 pontos no Ibope da Grande S\u00e3o Paulo. Agora, o jornal mant\u00e9m a m\u00e9dia de 23,5 pontos de audi\u00eancia. Os dados foram divulgados pelo portal Not\u00edcias da [&hellip;]<\/p>\n","protected":false},"author":2,"featured_media":40103,"comment_status":"open","ping_status":"open","sticky":false,"template":"","format":"standard","meta":{"footnotes":""},"categories":[5],"tags":[3936,18796,4399,18798,18799,18797,17440],"class_list":["post-40102","post","type-post","status-publish","format-standard","has-post-thumbnail","hentry","category-geral","tag-audiencia","tag-audiencia-tv","tag-ibope","tag-jornal-nacional","tag-noticias-da-tv","tag-queda-de-audiencia","tag-tv-globo"],"yoast_head":"<!-- This site is optimized with the Yoast SEO plugin v26.5 - https:\/\/yoast.com\/wordpress\/plugins\/seo\/ -->\n<title>Audi\u00eancia do Jornal Nacional despenca e emissora perde for\u00e7a em uma de suas principais armas - Jornal Fatos e Not\u00edcias<\/title>\n<meta name=\"robots\" content=\"index, follow, max-snippet:-1, max-image-preview:large, max-video-preview:-1\" \/>\n<link rel=\"canonical\" href=\"https:\/\/jornalfatosenoticias.com.br\/index.php\/2023\/03\/29\/audiencia-do-jornal-nacional-despenca-e-emissora-perde-forca-em-uma-de-suas-principais-armas\/\" \/>\n<meta property=\"og:locale\" content=\"pt_BR\" \/>\n<meta property=\"og:type\" content=\"article\" \/>\n<meta property=\"og:title\" content=\"Audi\u00eancia do Jornal Nacional despenca e emissora perde for\u00e7a em uma de suas principais armas - Jornal Fatos e Not\u00edcias\" \/>\n<meta property=\"og:description\" content=\"O Jornal Nacional perdeu quase metade da audi\u00eancia nas \u00faltimas duas d\u00e9cadas. Em 2004, o notici\u00e1rio, que tinha William Bonner e F\u00e1tima Bernardes no comando, registrava m\u00e9dia de 39,8 pontos no Ibope da Grande S\u00e3o Paulo. Agora, o jornal mant\u00e9m a m\u00e9dia de 23,5 pontos de audi\u00eancia. Os dados foram divulgados pelo portal Not\u00edcias da [&hellip;]\" \/>\n<meta property=\"og:url\" content=\"https:\/\/jornalfatosenoticias.com.br\/index.php\/2023\/03\/29\/audiencia-do-jornal-nacional-despenca-e-emissora-perde-forca-em-uma-de-suas-principais-armas\/\" \/>\n<meta property=\"og:site_name\" content=\"Jornal Fatos e Not\u00edcias\" \/>\n<meta property=\"article:published_time\" content=\"2023-03-29T14:26:37+00:00\" \/>\n<meta property=\"article:modified_time\" content=\"2023-03-29T14:26:38+00:00\" \/>\n<meta property=\"og:image\" content=\"https:\/\/jornalfatosenoticias.com.br\/wp-content\/uploads\/2023\/03\/jornal-nacional.jpeg\" \/>\n\t<meta property=\"og:image:width\" content=\"1000\" \/>\n\t<meta property=\"og:image:height\" content=\"666\" \/>\n\t<meta property=\"og:image:type\" content=\"image\/jpeg\" \/>\n<meta name=\"author\" content=\"Luzimara Fernandes\" \/>\n<meta name=\"twitter:card\" content=\"summary_large_image\" \/>\n<meta name=\"twitter:label1\" content=\"Escrito por\" \/>\n\t<meta name=\"twitter:data1\" content=\"Luzimara Fernandes\" \/>\n\t<meta name=\"twitter:label2\" content=\"Est. tempo de leitura\" \/>\n\t<meta name=\"twitter:data2\" content=\"1 minuto\" \/>\n<script type=\"application\/ld+json\" class=\"yoast-schema-graph\">{\"@context\":\"https:\/\/schema.org\",\"@graph\":[{\"@type\":\"Article\",\"@id\":\"https:\/\/jornalfatosenoticias.com.br\/index.php\/2023\/03\/29\/audiencia-do-jornal-nacional-despenca-e-emissora-perde-forca-em-uma-de-suas-principais-armas\/#article\",\"isPartOf\":{\"@id\":\"https:\/\/jornalfatosenoticias.com.br\/index.php\/2023\/03\/29\/audiencia-do-jornal-nacional-despenca-e-emissora-perde-forca-em-uma-de-suas-principais-armas\/\"},\"author\":{\"name\":\"Luzimara Fernandes\",\"@id\":\"https:\/\/jornalfatosenoticias.com.br\/#\/schema\/person\/d63837fa13ac8666eb9e74e0985d6f81\"},\"headline\":\"Audi\u00eancia do Jornal Nacional despenca e emissora perde for\u00e7a em uma de suas principais armas\",\"datePublished\":\"2023-03-29T14:26:37+00:00\",\"dateModified\":\"2023-03-29T14:26:38+00:00\",\"mainEntityOfPage\":{\"@id\":\"https:\/\/jornalfatosenoticias.com.br\/index.php\/2023\/03\/29\/audiencia-do-jornal-nacional-despenca-e-emissora-perde-forca-em-uma-de-suas-principais-armas\/\"},\"wordCount\":199,\"commentCount\":2,\"publisher\":{\"@id\":\"https:\/\/jornalfatosenoticias.com.br\/#organization\"},\"image\":{\"@id\":\"https:\/\/jornalfatosenoticias.com.br\/index.php\/2023\/03\/29\/audiencia-do-jornal-nacional-despenca-e-emissora-perde-forca-em-uma-de-suas-principais-armas\/#primaryimage\"},\"thumbnailUrl\":\"https:\/\/jornalfatosenoticias.com.br\/wp-content\/uploads\/2023\/03\/jornal-nacional.jpeg\",\"keywords\":[\"audi\u00eancia\",\"audi\u00eancia TV\",\"Ibope\",\"Jornal Nacional\",\"not\u00edcias da TV\",\"queda de audi\u00eancia\",\"TV Globo\"],\"articleSection\":[\"Geral\"],\"inLanguage\":\"pt-BR\",\"potentialAction\":[{\"@type\":\"CommentAction\",\"name\":\"Comment\",\"target\":[\"https:\/\/jornalfatosenoticias.com.br\/index.php\/2023\/03\/29\/audiencia-do-jornal-nacional-despenca-e-emissora-perde-forca-em-uma-de-suas-principais-armas\/#respond\"]}]},{\"@type\":\"WebPage\",\"@id\":\"https:\/\/jornalfatosenoticias.com.br\/index.php\/2023\/03\/29\/audiencia-do-jornal-nacional-despenca-e-emissora-perde-forca-em-uma-de-suas-principais-armas\/\",\"url\":\"https:\/\/jornalfatosenoticias.com.br\/index.php\/2023\/03\/29\/audiencia-do-jornal-nacional-despenca-e-emissora-perde-forca-em-uma-de-suas-principais-armas\/\",\"name\":\"Audi\u00eancia do Jornal Nacional despenca e emissora perde for\u00e7a em uma de suas principais armas - Jornal Fatos e Not\u00edcias\",\"isPartOf\":{\"@id\":\"https:\/\/jornalfatosenoticias.com.br\/#website\"},\"primaryImageOfPage\":{\"@id\":\"https:\/\/jornalfatosenoticias.com.br\/index.php\/2023\/03\/29\/audiencia-do-jornal-nacional-despenca-e-emissora-perde-forca-em-uma-de-suas-principais-armas\/#primaryimage\"},\"image\":{\"@id\":\"https:\/\/jornalfatosenoticias.com.br\/index.php\/2023\/03\/29\/audiencia-do-jornal-nacional-despenca-e-emissora-perde-forca-em-uma-de-suas-principais-armas\/#primaryimage\"},\"thumbnailUrl\":\"https:\/\/jornalfatosenoticias.com.br\/wp-content\/uploads\/2023\/03\/jornal-nacional.jpeg\",\"datePublished\":\"2023-03-29T14:26:37+00:00\",\"dateModified\":\"2023-03-29T14:26:38+00:00\",\"breadcrumb\":{\"@id\":\"https:\/\/jornalfatosenoticias.com.br\/index.php\/2023\/03\/29\/audiencia-do-jornal-nacional-despenca-e-emissora-perde-forca-em-uma-de-suas-principais-armas\/#breadcrumb\"},\"inLanguage\":\"pt-BR\",\"potentialAction\":[{\"@type\":\"ReadAction\",\"target\":[\"https:\/\/jornalfatosenoticias.com.br\/index.php\/2023\/03\/29\/audiencia-do-jornal-nacional-despenca-e-emissora-perde-forca-em-uma-de-suas-principais-armas\/\"]}]},{\"@type\":\"ImageObject\",\"inLanguage\":\"pt-BR\",\"@id\":\"https:\/\/jornalfatosenoticias.com.br\/index.php\/2023\/03\/29\/audiencia-do-jornal-nacional-despenca-e-emissora-perde-forca-em-uma-de-suas-principais-armas\/#primaryimage\",\"url\":\"https:\/\/jornalfatosenoticias.com.br\/wp-content\/uploads\/2023\/03\/jornal-nacional.jpeg\",\"contentUrl\":\"https:\/\/jornalfatosenoticias.com.br\/wp-content\/uploads\/2023\/03\/jornal-nacional.jpeg\",\"width\":1000,\"height\":666},{\"@type\":\"BreadcrumbList\",\"@id\":\"https:\/\/jornalfatosenoticias.com.br\/index.php\/2023\/03\/29\/audiencia-do-jornal-nacional-despenca-e-emissora-perde-forca-em-uma-de-suas-principais-armas\/#breadcrumb\",\"itemListElement\":[{\"@type\":\"ListItem\",\"position\":1,\"name\":\"In\u00edcio\",\"item\":\"https:\/\/jornalfatosenoticias.com.br\/\"},{\"@type\":\"ListItem\",\"position\":2,\"name\":\"Audi\u00eancia do Jornal Nacional despenca e emissora perde for\u00e7a em uma de suas principais armas\"}]},{\"@type\":\"WebSite\",\"@id\":\"https:\/\/jornalfatosenoticias.com.br\/#website\",\"url\":\"https:\/\/jornalfatosenoticias.com.br\/\",\"name\":\"Jornal Fatos e Not\u00edcias\",\"description\":\"Not\u00edcias em geral\",\"publisher\":{\"@id\":\"https:\/\/jornalfatosenoticias.com.br\/#organization\"},\"potentialAction\":[{\"@type\":\"SearchAction\",\"target\":{\"@type\":\"EntryPoint\",\"urlTemplate\":\"https:\/\/jornalfatosenoticias.com.br\/?s={search_term_string}\"},\"query-input\":{\"@type\":\"PropertyValueSpecification\",\"valueRequired\":true,\"valueName\":\"search_term_string\"}}],\"inLanguage\":\"pt-BR\"},{\"@type\":\"Organization\",\"@id\":\"https:\/\/jornalfatosenoticias.com.br\/#organization\",\"name\":\"Jornal Fatos e Not\u00edcias\",\"url\":\"https:\/\/jornalfatosenoticias.com.br\/\",\"logo\":{\"@type\":\"ImageObject\",\"inLanguage\":\"pt-BR\",\"@id\":\"https:\/\/jornalfatosenoticias.com.br\/#\/schema\/logo\/image\/\",\"url\":\"https:\/\/jornalfatosenoticias.com.br\/wp-content\/uploads\/2020\/02\/logo120.png\",\"contentUrl\":\"https:\/\/jornalfatosenoticias.com.br\/wp-content\/uploads\/2020\/02\/logo120.png\",\"width\":1227,\"height\":120,\"caption\":\"Jornal Fatos e Not\u00edcias\"},\"image\":{\"@id\":\"https:\/\/jornalfatosenoticias.com.br\/#\/schema\/logo\/image\/\"}},{\"@type\":\"Person\",\"@id\":\"https:\/\/jornalfatosenoticias.com.br\/#\/schema\/person\/d63837fa13ac8666eb9e74e0985d6f81\",\"name\":\"Luzimara Fernandes\",\"image\":{\"@type\":\"ImageObject\",\"inLanguage\":\"pt-BR\",\"@id\":\"https:\/\/jornalfatosenoticias.com.br\/#\/schema\/person\/image\/\",\"url\":\"https:\/\/jornalfatosenoticias.com.br\/wp-content\/uploads\/2025\/05\/EU_portal.jpg\",\"contentUrl\":\"https:\/\/jornalfatosenoticias.com.br\/wp-content\/uploads\/2025\/05\/EU_portal.jpg\",\"caption\":\"Luzimara Fernandes\"},\"description\":\"Jornalista MTB 2358-ES\",\"sameAs\":[\"https:\/\/jornalfatosenoticias.com.br\"],\"url\":\"https:\/\/jornalfatosenoticias.com.br\/index.php\/author\/luzimara\/\"}]}<\/script>\n<!-- \/ Yoast SEO plugin. -->","yoast_head_json":{"title":"Audi\u00eancia do Jornal Nacional despenca e emissora perde for\u00e7a em uma de suas principais armas - Jornal Fatos e Not\u00edcias","robots":{"index":"index","follow":"follow","max-snippet":"max-snippet:-1","max-image-preview":"max-image-preview:large","max-video-preview":"max-video-preview:-1"},"canonical":"https:\/\/jornalfatosenoticias.com.br\/index.php\/2023\/03\/29\/audiencia-do-jornal-nacional-despenca-e-emissora-perde-forca-em-uma-de-suas-principais-armas\/","og_locale":"pt_BR","og_type":"article","og_title":"Audi\u00eancia do Jornal Nacional despenca e emissora perde for\u00e7a em uma de suas principais armas - Jornal Fatos e Not\u00edcias","og_description":"O Jornal Nacional perdeu quase metade da audi\u00eancia nas \u00faltimas duas d\u00e9cadas. Em 2004, o notici\u00e1rio, que tinha William Bonner e F\u00e1tima Bernardes no comando, registrava m\u00e9dia de 39,8 pontos no Ibope da Grande S\u00e3o Paulo. Agora, o jornal mant\u00e9m a m\u00e9dia de 23,5 pontos de audi\u00eancia. Os dados foram divulgados pelo portal Not\u00edcias da [&hellip;]","og_url":"https:\/\/jornalfatosenoticias.com.br\/index.php\/2023\/03\/29\/audiencia-do-jornal-nacional-despenca-e-emissora-perde-forca-em-uma-de-suas-principais-armas\/","og_site_name":"Jornal Fatos e Not\u00edcias","article_published_time":"2023-03-29T14:26:37+00:00","article_modified_time":"2023-03-29T14:26:38+00:00","og_image":[{"width":1000,"height":666,"url":"https:\/\/jornalfatosenoticias.com.br\/wp-content\/uploads\/2023\/03\/jornal-nacional.jpeg","type":"image\/jpeg"}],"author":"Luzimara Fernandes","twitter_card":"summary_large_image","twitter_misc":{"Escrito por":"Luzimara Fernandes","Est. tempo de leitura":"1 minuto"},"schema":{"@context":"https:\/\/schema.org","@graph":[{"@type":"Article","@id":"https:\/\/jornalfatosenoticias.com.br\/index.php\/2023\/03\/29\/audiencia-do-jornal-nacional-despenca-e-emissora-perde-forca-em-uma-de-suas-principais-armas\/#article","isPartOf":{"@id":"https:\/\/jornalfatosenoticias.com.br\/index.php\/2023\/03\/29\/audiencia-do-jornal-nacional-despenca-e-emissora-perde-forca-em-uma-de-suas-principais-armas\/"},"author":{"name":"Luzimara Fernandes","@id":"https:\/\/jornalfatosenoticias.com.br\/#\/schema\/person\/d63837fa13ac8666eb9e74e0985d6f81"},"headline":"Audi\u00eancia do Jornal Nacional despenca e emissora perde for\u00e7a em uma de suas principais armas","datePublished":"2023-03-29T14:26:37+00:00","dateModified":"2023-03-29T14:26:38+00:00","mainEntityOfPage":{"@id":"https:\/\/jornalfatosenoticias.com.br\/index.php\/2023\/03\/29\/audiencia-do-jornal-nacional-despenca-e-emissora-perde-forca-em-uma-de-suas-principais-armas\/"},"wordCount":199,"commentCount":2,"publisher":{"@id":"https:\/\/jornalfatosenoticias.com.br\/#organization"},"image":{"@id":"https:\/\/jornalfatosenoticias.com.br\/index.php\/2023\/03\/29\/audiencia-do-jornal-nacional-despenca-e-emissora-perde-forca-em-uma-de-suas-principais-armas\/#primaryimage"},"thumbnailUrl":"https:\/\/jornalfatosenoticias.com.br\/wp-content\/uploads\/2023\/03\/jornal-nacional.jpeg","keywords":["audi\u00eancia","audi\u00eancia TV","Ibope","Jornal Nacional","not\u00edcias da TV","queda de audi\u00eancia","TV Globo"],"articleSection":["Geral"],"inLanguage":"pt-BR","potentialAction":[{"@type":"CommentAction","name":"Comment","target":["https:\/\/jornalfatosenoticias.com.br\/index.php\/2023\/03\/29\/audiencia-do-jornal-nacional-despenca-e-emissora-perde-forca-em-uma-de-suas-principais-armas\/#respond"]}]},{"@type":"WebPage","@id":"https:\/\/jornalfatosenoticias.com.br\/index.php\/2023\/03\/29\/audiencia-do-jornal-nacional-despenca-e-emissora-perde-forca-em-uma-de-suas-principais-armas\/","url":"https:\/\/jornalfatosenoticias.com.br\/index.php\/2023\/03\/29\/audiencia-do-jornal-nacional-despenca-e-emissora-perde-forca-em-uma-de-suas-principais-armas\/","name":"Audi\u00eancia do Jornal Nacional despenca e emissora perde for\u00e7a em uma de suas principais armas - Jornal Fatos e Not\u00edcias","isPartOf":{"@id":"https:\/\/jornalfatosenoticias.com.br\/#website"},"primaryImageOfPage":{"@id":"https:\/\/jornalfatosenoticias.com.br\/index.php\/2023\/03\/29\/audiencia-do-jornal-nacional-despenca-e-emissora-perde-forca-em-uma-de-suas-principais-armas\/#primaryimage"},"image":{"@id":"https:\/\/jornalfatosenoticias.com.br\/index.php\/2023\/03\/29\/audiencia-do-jornal-nacional-despenca-e-emissora-perde-forca-em-uma-de-suas-principais-armas\/#primaryimage"},"thumbnailUrl":"https:\/\/jornalfatosenoticias.com.br\/wp-content\/uploads\/2023\/03\/jornal-nacional.jpeg","datePublished":"2023-03-29T14:26:37+00:00","dateModified":"2023-03-29T14:26:38+00:00","breadcrumb":{"@id":"https:\/\/jornalfatosenoticias.com.br\/index.php\/2023\/03\/29\/audiencia-do-jornal-nacional-despenca-e-emissora-perde-forca-em-uma-de-suas-principais-armas\/#breadcrumb"},"inLanguage":"pt-BR","potentialAction":[{"@type":"ReadAction","target":["https:\/\/jornalfatosenoticias.com.br\/index.php\/2023\/03\/29\/audiencia-do-jornal-nacional-despenca-e-emissora-perde-forca-em-uma-de-suas-principais-armas\/"]}]},{"@type":"ImageObject","inLanguage":"pt-BR","@id":"https:\/\/jornalfatosenoticias.com.br\/index.php\/2023\/03\/29\/audiencia-do-jornal-nacional-despenca-e-emissora-perde-forca-em-uma-de-suas-principais-armas\/#primaryimage","url":"https:\/\/jornalfatosenoticias.com.br\/wp-content\/uploads\/2023\/03\/jornal-nacional.jpeg","contentUrl":"https:\/\/jornalfatosenoticias.com.br\/wp-content\/uploads\/2023\/03\/jornal-nacional.jpeg","width":1000,"height":666},{"@type":"BreadcrumbList","@id":"https:\/\/jornalfatosenoticias.com.br\/index.php\/2023\/03\/29\/audiencia-do-jornal-nacional-despenca-e-emissora-perde-forca-em-uma-de-suas-principais-armas\/#breadcrumb","itemListElement":[{"@type":"ListItem","position":1,"name":"In\u00edcio","item":"https:\/\/jornalfatosenoticias.com.br\/"},{"@type":"ListItem","position":2,"name":"Audi\u00eancia do Jornal Nacional despenca e emissora perde for\u00e7a em uma de suas principais armas"}]},{"@type":"WebSite","@id":"https:\/\/jornalfatosenoticias.com.br\/#website","url":"https:\/\/jornalfatosenoticias.com.br\/","name":"Jornal Fatos e Not\u00edcias","description":"Not\u00edcias em geral","publisher":{"@id":"https:\/\/jornalfatosenoticias.com.br\/#organization"},"potentialAction":[{"@type":"SearchAction","target":{"@type":"EntryPoint","urlTemplate":"https:\/\/jornalfatosenoticias.com.br\/?s={search_term_string}"},"query-input":{"@type":"PropertyValueSpecification","valueRequired":true,"valueName":"search_term_string"}}],"inLanguage":"pt-BR"},{"@type":"Organization","@id":"https:\/\/jornalfatosenoticias.com.br\/#organization","name":"Jornal Fatos e Not\u00edcias","url":"https:\/\/jornalfatosenoticias.com.br\/","logo":{"@type":"ImageObject","inLanguage":"pt-BR","@id":"https:\/\/jornalfatosenoticias.com.br\/#\/schema\/logo\/image\/","url":"https:\/\/jornalfatosenoticias.com.br\/wp-content\/uploads\/2020\/02\/logo120.png","contentUrl":"https:\/\/jornalfatosenoticias.com.br\/wp-content\/uploads\/2020\/02\/logo120.png","width":1227,"height":120,"caption":"Jornal Fatos e Not\u00edcias"},"image":{"@id":"https:\/\/jornalfatosenoticias.com.br\/#\/schema\/logo\/image\/"}},{"@type":"Person","@id":"https:\/\/jornalfatosenoticias.com.br\/#\/schema\/person\/d63837fa13ac8666eb9e74e0985d6f81","name":"Luzimara Fernandes","image":{"@type":"ImageObject","inLanguage":"pt-BR","@id":"https:\/\/jornalfatosenoticias.com.br\/#\/schema\/person\/image\/","url":"https:\/\/jornalfatosenoticias.com.br\/wp-content\/uploads\/2025\/05\/EU_portal.jpg","contentUrl":"https:\/\/jornalfatosenoticias.com.br\/wp-content\/uploads\/2025\/05\/EU_portal.jpg","caption":"Luzimara Fernandes"},"description":"Jornalista MTB 2358-ES","sameAs":["https:\/\/jornalfatosenoticias.com.br"],"url":"https:\/\/jornalfatosenoticias.com.br\/index.php\/author\/luzimara\/"}]}},"cc_featured_image_caption":{"caption_text":"(Foto: TV Globo) ","source_text":"","source_url":""},"jetpack_featured_media_url":"https:\/\/jornalfatosenoticias.com.br\/wp-content\/uploads\/2023\/03\/jornal-nacional.jpeg","_links":{"self":[{"href":"https:\/\/jornalfatosenoticias.com.br\/index.php\/wp-json\/wp\/v2\/posts\/40102","targetHints":{"allow":["GET"]}}],"collection":[{"href":"https:\/\/jornalfatosenoticias.com.br\/index.php\/wp-json\/wp\/v2\/posts"}],"about":[{"href":"https:\/\/jornalfatosenoticias.com.br\/index.php\/wp-json\/wp\/v2\/types\/post"}],"author":[{"embeddable":true,"href":"https:\/\/jornalfatosenoticias.com.br\/index.php\/wp-json\/wp\/v2\/users\/2"}],"replies":[{"embeddable":true,"href":"https:\/\/jornalfatosenoticias.com.br\/index.php\/wp-json\/wp\/v2\/comments?post=40102"}],"version-history":[{"count":0,"href":"https:\/\/jornalfatosenoticias.com.br\/index.php\/wp-json\/wp\/v2\/posts\/40102\/revisions"}],"wp:featuredmedia":[{"embeddable":true,"href":"https:\/\/jornalfatosenoticias.com.br\/index.php\/wp-json\/wp\/v2\/media\/40103"}],"wp:attachment":[{"href":"https:\/\/jornalfatosenoticias.com.br\/index.php\/wp-json\/wp\/v2\/media?parent=40102"}],"wp:term":[{"taxonomy":"category","embeddable":true,"href":"https:\/\/jornalfatosenoticias.com.br\/index.php\/wp-json\/wp\/v2\/categories?post=40102"},{"taxonomy":"post_tag","embeddable":true,"href":"https:\/\/jornalfatosenoticias.com.br\/index.php\/wp-json\/wp\/v2\/tags?post=40102"}],"curies":[{"name":"wp","href":"https:\/\/api.w.org\/{rel}","templated":true}]}}