{"id":40122,"date":"2023-03-30T12:58:40","date_gmt":"2023-03-30T15:58:40","guid":{"rendered":"https:\/\/jornalfatosenoticias.com.br\/?p=40122"},"modified":"2023-03-30T12:58:42","modified_gmt":"2023-03-30T15:58:42","slug":"versao-parte-i","status":"publish","type":"post","link":"https:\/\/jornalfatosenoticias.com.br\/index.php\/2023\/03\/30\/versao-parte-i\/","title":{"rendered":"Vers\u00e3o \u2013 Parte I"},"content":{"rendered":"\n<div class=\"wp-block-image\"><figure class=\"aligncenter size-large\"><img loading=\"lazy\" decoding=\"async\" width=\"300\" height=\"250\" src=\"https:\/\/jornalfatosenoticias.com.br\/wp-content\/uploads\/2022\/02\/Banner-2.png\" alt=\"\" class=\"wp-image-27877\"\/><\/figure><\/div>\n\n\n\n<p>Aqui estou de novo, diante do espelho. Penso se devo ou n\u00e3o questionar a minha sanidade. Acho que ele escuta os meus pensamentos e vem at\u00e9 mim, atrav\u00e9s da imagem que me reflete. Hoje \u00e9 o dia! N\u00e3o me fa\u00e7a mudar de ideia. Vou pedir o div\u00f3rcio a ela. Preciso ser um homem livre, n\u00e3o s\u00f3 do casamento, mas principalmente livre de voc\u00ea, pois me domina de tal forma que deixo de saber quem realmente sou. Aparece logo, para ordenar o seu egocentrismo.<\/p>\n\n\n\n<div class=\"wp-block-image\"><figure class=\"aligncenter size-large\"><img decoding=\"async\" src=\"https:\/\/jornalfatosenoticias.com.br\/wp-content\/uploads\/2020\/02\/barao-das-carnes-300x164-1.jpg\" alt=\"\" class=\"wp-image-34339\"\/><\/figure><\/div>\n\n\n\n<p>\u2014 Sua fragilidade me assusta! N\u00e3o pe\u00e7a o div\u00f3rcio, mate-a de uma vez! Assim, n\u00e3o perder\u00e1 o seu tempo futuro com conflitos mentais sobre a sua covardia. \u2014 respondeu a outra vers\u00e3o, com um tom dr\u00e1stico e desprez\u00edvel sobre a minha pessoa.<br>\u2014 Caso eu te ou\u00e7a, e cometa tal ato criminoso, irei destruir a nossa vida! N\u00e3o h\u00e1 motivos para tanto. S\u00f3 vou pedir o div\u00f3rcio. \u2014 Com altivez, fixei os meus olhos nos dele.<\/p>\n\n\n\n<div class=\"wp-block-image\"><figure class=\"aligncenter size-large is-resized\"><img loading=\"lazy\" decoding=\"async\" src=\"https:\/\/jornalfatosenoticias.com.br\/wp-content\/uploads\/2023\/03\/Crypton-1000-\u00d7-900-px.png\" alt=\"\" class=\"wp-image-39189\" width=\"302\" height=\"272\" srcset=\"https:\/\/jornalfatosenoticias.com.br\/wp-content\/uploads\/2023\/03\/Crypton-1000-\u00d7-900-px.png 1000w, https:\/\/jornalfatosenoticias.com.br\/wp-content\/uploads\/2023\/03\/Crypton-1000-\u00d7-900-px-300x270.png 300w, https:\/\/jornalfatosenoticias.com.br\/wp-content\/uploads\/2023\/03\/Crypton-1000-\u00d7-900-px-768x691.png 768w\" sizes=\"auto, (max-width: 302px) 100vw, 302px\" \/><\/figure><\/div>\n\n\n\n<p>\u2014 Se a matar, estar\u00e1 livre dela para sempre, e prov\u00e1vel que de mim tamb\u00e9m, pois acredito que n\u00e3o h\u00e1 espelhos nas pris\u00f5es. Sua covardia me assombra. Dizer que n\u00e3o tem motivos? Como pode n\u00e3o ter motivos? \u00c9 mera loucura! Sendo que a flagrou na cama com o seu amigo! Persisto em ir mais longe e te dizer que precisa matar os dois. Assim, far\u00e1 valer a sua posi\u00e7\u00e3o viril para sempre.<br>\u2014 Ela n\u00e3o sabe do flagrante. Posso recome\u00e7ar, e n\u00e3o agir por impulso. Lembre-se que n\u00f3s ficaremos presos para sempre! Preciso de uma chance, sei que eu posso ser um novo homem, sem marcas.<\/p>\n\n\n\n<div class=\"wp-block-image\"><figure class=\"aligncenter size-large is-resized\"><img loading=\"lazy\" decoding=\"async\" src=\"https:\/\/jornalfatosenoticias.com.br\/wp-content\/uploads\/2020\/02\/logo-Panper_portal.jpg\" alt=\"\" class=\"wp-image-34474\" width=\"322\" height=\"223\" srcset=\"https:\/\/jornalfatosenoticias.com.br\/wp-content\/uploads\/2020\/02\/logo-Panper_portal.jpg 400w, https:\/\/jornalfatosenoticias.com.br\/wp-content\/uploads\/2020\/02\/logo-Panper_portal-300x208.jpg 300w\" sizes=\"auto, (max-width: 322px) 100vw, 322px\" \/><\/figure><\/div>\n\n\n\n<p>\u2014 Quanta resili\u00eancia! S\u00e3o in\u00fateis tais pensamentos. O seu hor\u00e1rio est\u00e1 acabando. Daqui a pouco, ela entra por aquela porta. Fa\u00e7a o seguinte: espera por ela com duas ta\u00e7as nas m\u00e3os e um bom vinho. Abrace-a e a jogue contra a parede, com movimentos sensuais. Apenas finja que est\u00e1 com tes\u00e3o, para criar a cena prop\u00edcia. Quando ela estiver em suas m\u00e3os, poder\u00e1 definir se a enforca ou a asfixia com uma almofada. \u2014 Assim que ele finalizou o planejamento, o seu semblante estava assustador. Confesso que sempre o temi, pois, n\u00e3o consigo controlar a influ\u00eancia que ele exerce sobre mim.<\/p>\n\n\n\n<div class=\"wp-block-image\"><figure class=\"aligncenter size-large\"><img loading=\"lazy\" decoding=\"async\" width=\"1000\" height=\"1000\" src=\"https:\/\/jornalfatosenoticias.com.br\/wp-content\/uploads\/2023\/03\/conto-versao.jpg\" alt=\"\" class=\"wp-image-40123\" srcset=\"https:\/\/jornalfatosenoticias.com.br\/wp-content\/uploads\/2023\/03\/conto-versao.jpg 1000w, https:\/\/jornalfatosenoticias.com.br\/wp-content\/uploads\/2023\/03\/conto-versao-300x300.jpg 300w, https:\/\/jornalfatosenoticias.com.br\/wp-content\/uploads\/2023\/03\/conto-versao-150x150.jpg 150w, https:\/\/jornalfatosenoticias.com.br\/wp-content\/uploads\/2023\/03\/conto-versao-768x768.jpg 768w\" sizes=\"auto, (max-width: 1000px) 100vw, 1000px\" \/><figcaption><em><span class=\"has-inline-color has-black-color\"><strong>Autora:<\/strong> Silvia Vanderss<br><strong>Conto:<\/strong> Vers\u00e3o<br><strong>Palavras: <\/strong>731<br><strong>Livro:<\/strong> O Medo<br><strong>Arte:<\/strong> Tha\u00eds Alves<\/span><\/em><\/figcaption><\/figure><\/div>\n\n\n\n<div class=\"wp-block-image\"><figure class=\"aligncenter size-large\"><img decoding=\"async\" src=\"https:\/\/jornalfatosenoticias.com.br\/wp-content\/uploads\/2020\/02\/logo_esteio.jpg\" alt=\"\" class=\"wp-image-1214\"\/><\/figure><\/div>\n\n\n\n<p>Sua proposta me fez refletir em como agir realmente. Meu dist\u00farbio mental fragilizou a percep\u00e7\u00e3o entre o bem e o mal. Diante do espelho, os seus olhos estavam fixos nos meus, por\u00e9m, o seu \u00f3dio era maior do que eu. Em uma coisa ele est\u00e1 certo: se eu n\u00e3o a matar, eles v\u00e3o ficar juntos. Seria deprimente. Ent\u00e3o, o que \u00e9 pior ou melhor? Mat\u00e1-la e ficar preso com a consci\u00eancia lavada, no entanto, com uma culpa imensur\u00e1vel, ou talvez divorciar e ter uma vida de liberdade pela frente, podendo conhecer outro algu\u00e9m que saiba realmente me amar?<\/p>\n\n\n\n<div class=\"wp-block-image\"><figure class=\"aligncenter size-large\"><img loading=\"lazy\" decoding=\"async\" width=\"300\" height=\"250\" src=\"https:\/\/jornalfatosenoticias.com.br\/wp-content\/uploads\/2022\/08\/arte-Casarao.jpg\" alt=\"\" class=\"wp-image-33178\"\/><\/figure><\/div>\n\n\n\n<p>\u2014 Pare de se enganar! Fa\u00e7a de uma vez o que falo. Acabe com isso. \u2014 Ele respondeu impaciente, nada compreensivo com o meu lado sensato.<br>\u2014 Cara, eu n\u00e3o sou um psicopata como voc\u00ea. Acredito que possuo alguma dignidade dentro de mim.<br>\u2014 O que sobra em voc\u00ea \u00e9 covardia, n\u00e3o dignidade.<br>\u2014 Chega de conversa. Preciso ir, afinal, ela deve estar chegando. Vou pensar em tudo o que me disse, principalmente na covardia.<br>\u2014 Voc\u00ea sempre faz o que te digo.<br>\u2014 N\u00e3o, nem sempre! \u2014 falei ao me afastar do espelho e lavar o rosto na pia.<\/p>\n\n\n\n<div class=\"wp-block-image\"><figure class=\"aligncenter size-large\"><img loading=\"lazy\" decoding=\"async\" width=\"300\" height=\"222\" src=\"https:\/\/jornalfatosenoticias.com.br\/wp-content\/uploads\/2023\/03\/logo_Juliana-Graca.jpg\" alt=\"\" class=\"wp-image-39283\"\/><\/figure><\/div>\n\n\n\n<p>Nem sempre fa\u00e7o o que ele manda, mas confesso que \u00e9 tentador agir assim. Vou para a cozinha. Resolvi cozinhar uma carne, para refletir melhor, e entre temperos e cortes, permaneci pensativo. Abri uma garrafa de vinho e preparei duas ta\u00e7as. Ansioso, pude sentir o seu perfume pr\u00f3ximo a mim. A outra vers\u00e3o conseguiu confundir o que j\u00e1 estava decidido. De certo, a decis\u00e3o seria definitiva: morte ou separa\u00e7\u00e3o? Com a faca nas m\u00e3os, cogito as possibilidades. Acho que ela acabou de chegar! Sinto uma leve taquicardia.<\/p>\n\n\n\n<div class=\"wp-block-image\"><figure class=\"aligncenter size-large is-resized\"><img loading=\"lazy\" decoding=\"async\" src=\"https:\/\/jornalfatosenoticias.com.br\/wp-content\/uploads\/2022\/02\/Precisao-Contabilidade-1024x724.jpg\" alt=\"\" class=\"wp-image-28088\" width=\"341\" height=\"241\"\/><\/figure><\/div>\n\n\n\n<p>\u2014 Oi, amor. Boa noite! \u2014 Ela colocou a bolsa no arm\u00e1rio.<br>Vou permanecer aqui, na cozinha, \u00e0 espreita. Ah, ela j\u00e1 se aproxima, com aquele rosto angelical e o sorriso mais encantador do mundo.<br>\u2014 Nossa, amor, o cheiro est\u00e1 incr\u00edvel. Teremos assado para o jantar? \u2014 Ela me questionou, assim que entrou pela porta e me viu com a faca na m\u00e3o.<br>\u2014 Sim, amor. Teremos um assado para o jantar. Venha aqui. Me d\u00e1 um abra\u00e7o!<br>Ao se aproximar, eu a abracei suavemente, sem conseguir conter os meus desejos, e a envolvi em um beijo, o \u00faltimo beijo.<\/p>\n","protected":false},"excerpt":{"rendered":"<p>Aqui estou de novo, diante do espelho. Penso se devo ou n\u00e3o questionar a minha sanidade. Acho que ele escuta os meus pensamentos e vem at\u00e9 mim, atrav\u00e9s da imagem que me reflete. Hoje \u00e9 o dia! N\u00e3o me fa\u00e7a mudar de ideia. Vou pedir o div\u00f3rcio a ela. Preciso ser um homem livre, n\u00e3o [&hellip;]<\/p>\n","protected":false},"author":19,"featured_media":40124,"comment_status":"open","ping_status":"open","sticky":false,"template":"","format":"standard","meta":{"footnotes":""},"categories":[4],"tags":[1431,18813,16834,3045,17129],"class_list":["post-40122","post","type-post","status-publish","format-standard","has-post-thumbnail","hentry","category-cultura","tag-artes","tag-conto-de-amor","tag-prosas","tag-romance","tag-romantismo"],"yoast_head":"<!-- This site is optimized with the Yoast SEO plugin v26.5 - https:\/\/yoast.com\/wordpress\/plugins\/seo\/ -->\n<title>Vers\u00e3o \u2013 Parte I - Jornal Fatos e Not\u00edcias<\/title>\n<meta name=\"robots\" content=\"index, follow, max-snippet:-1, max-image-preview:large, max-video-preview:-1\" \/>\n<link rel=\"canonical\" href=\"https:\/\/jornalfatosenoticias.com.br\/index.php\/2023\/03\/30\/versao-parte-i\/\" \/>\n<meta property=\"og:locale\" content=\"pt_BR\" \/>\n<meta property=\"og:type\" content=\"article\" \/>\n<meta property=\"og:title\" content=\"Vers\u00e3o \u2013 Parte I - Jornal Fatos e Not\u00edcias\" \/>\n<meta property=\"og:description\" content=\"Aqui estou de novo, diante do espelho. Penso se devo ou n\u00e3o questionar a minha sanidade. Acho que ele escuta os meus pensamentos e vem at\u00e9 mim, atrav\u00e9s da imagem que me reflete. Hoje \u00e9 o dia! N\u00e3o me fa\u00e7a mudar de ideia. Vou pedir o div\u00f3rcio a ela. Preciso ser um homem livre, n\u00e3o [&hellip;]\" \/>\n<meta property=\"og:url\" content=\"https:\/\/jornalfatosenoticias.com.br\/index.php\/2023\/03\/30\/versao-parte-i\/\" \/>\n<meta property=\"og:site_name\" content=\"Jornal Fatos e Not\u00edcias\" \/>\n<meta property=\"article:published_time\" content=\"2023-03-30T15:58:40+00:00\" \/>\n<meta property=\"article:modified_time\" content=\"2023-03-30T15:58:42+00:00\" \/>\n<meta property=\"og:image\" content=\"https:\/\/jornalfatosenoticias.com.br\/wp-content\/uploads\/2023\/03\/CONTO-VERSAO-1.jpg\" \/>\n\t<meta property=\"og:image:width\" content=\"1000\" \/>\n\t<meta property=\"og:image:height\" content=\"686\" \/>\n\t<meta property=\"og:image:type\" content=\"image\/jpeg\" \/>\n<meta name=\"author\" content=\"Silvia Vanderss\" \/>\n<meta name=\"twitter:card\" content=\"summary_large_image\" \/>\n<meta name=\"twitter:label1\" content=\"Escrito por\" \/>\n\t<meta name=\"twitter:data1\" content=\"Silvia Vanderss\" \/>\n\t<meta name=\"twitter:label2\" content=\"Est. tempo de leitura\" \/>\n\t<meta name=\"twitter:data2\" content=\"4 minutos\" \/>\n<script type=\"application\/ld+json\" class=\"yoast-schema-graph\">{\"@context\":\"https:\/\/schema.org\",\"@graph\":[{\"@type\":\"Article\",\"@id\":\"https:\/\/jornalfatosenoticias.com.br\/index.php\/2023\/03\/30\/versao-parte-i\/#article\",\"isPartOf\":{\"@id\":\"https:\/\/jornalfatosenoticias.com.br\/index.php\/2023\/03\/30\/versao-parte-i\/\"},\"author\":{\"name\":\"Silvia Vanderss\",\"@id\":\"https:\/\/jornalfatosenoticias.com.br\/#\/schema\/person\/1848e8dc50d3650cb68e053b98dfbdf0\"},\"headline\":\"Vers\u00e3o \u2013 Parte I\",\"datePublished\":\"2023-03-30T15:58:40+00:00\",\"dateModified\":\"2023-03-30T15:58:42+00:00\",\"mainEntityOfPage\":{\"@id\":\"https:\/\/jornalfatosenoticias.com.br\/index.php\/2023\/03\/30\/versao-parte-i\/\"},\"wordCount\":807,\"commentCount\":0,\"publisher\":{\"@id\":\"https:\/\/jornalfatosenoticias.com.br\/#organization\"},\"image\":{\"@id\":\"https:\/\/jornalfatosenoticias.com.br\/index.php\/2023\/03\/30\/versao-parte-i\/#primaryimage\"},\"thumbnailUrl\":\"https:\/\/jornalfatosenoticias.com.br\/wp-content\/uploads\/2023\/03\/CONTO-VERSAO-1.jpg\",\"keywords\":[\"artes\",\"conto de amor\",\"prosas\",\"romance\",\"romantismo\"],\"articleSection\":[\"Cultura\"],\"inLanguage\":\"pt-BR\",\"potentialAction\":[{\"@type\":\"CommentAction\",\"name\":\"Comment\",\"target\":[\"https:\/\/jornalfatosenoticias.com.br\/index.php\/2023\/03\/30\/versao-parte-i\/#respond\"]}]},{\"@type\":\"WebPage\",\"@id\":\"https:\/\/jornalfatosenoticias.com.br\/index.php\/2023\/03\/30\/versao-parte-i\/\",\"url\":\"https:\/\/jornalfatosenoticias.com.br\/index.php\/2023\/03\/30\/versao-parte-i\/\",\"name\":\"Vers\u00e3o \u2013 Parte I - Jornal Fatos e Not\u00edcias\",\"isPartOf\":{\"@id\":\"https:\/\/jornalfatosenoticias.com.br\/#website\"},\"primaryImageOfPage\":{\"@id\":\"https:\/\/jornalfatosenoticias.com.br\/index.php\/2023\/03\/30\/versao-parte-i\/#primaryimage\"},\"image\":{\"@id\":\"https:\/\/jornalfatosenoticias.com.br\/index.php\/2023\/03\/30\/versao-parte-i\/#primaryimage\"},\"thumbnailUrl\":\"https:\/\/jornalfatosenoticias.com.br\/wp-content\/uploads\/2023\/03\/CONTO-VERSAO-1.jpg\",\"datePublished\":\"2023-03-30T15:58:40+00:00\",\"dateModified\":\"2023-03-30T15:58:42+00:00\",\"breadcrumb\":{\"@id\":\"https:\/\/jornalfatosenoticias.com.br\/index.php\/2023\/03\/30\/versao-parte-i\/#breadcrumb\"},\"inLanguage\":\"pt-BR\",\"potentialAction\":[{\"@type\":\"ReadAction\",\"target\":[\"https:\/\/jornalfatosenoticias.com.br\/index.php\/2023\/03\/30\/versao-parte-i\/\"]}]},{\"@type\":\"ImageObject\",\"inLanguage\":\"pt-BR\",\"@id\":\"https:\/\/jornalfatosenoticias.com.br\/index.php\/2023\/03\/30\/versao-parte-i\/#primaryimage\",\"url\":\"https:\/\/jornalfatosenoticias.com.br\/wp-content\/uploads\/2023\/03\/CONTO-VERSAO-1.jpg\",\"contentUrl\":\"https:\/\/jornalfatosenoticias.com.br\/wp-content\/uploads\/2023\/03\/CONTO-VERSAO-1.jpg\",\"width\":1000,\"height\":686},{\"@type\":\"BreadcrumbList\",\"@id\":\"https:\/\/jornalfatosenoticias.com.br\/index.php\/2023\/03\/30\/versao-parte-i\/#breadcrumb\",\"itemListElement\":[{\"@type\":\"ListItem\",\"position\":1,\"name\":\"In\u00edcio\",\"item\":\"https:\/\/jornalfatosenoticias.com.br\/\"},{\"@type\":\"ListItem\",\"position\":2,\"name\":\"Vers\u00e3o \u2013 Parte I\"}]},{\"@type\":\"WebSite\",\"@id\":\"https:\/\/jornalfatosenoticias.com.br\/#website\",\"url\":\"https:\/\/jornalfatosenoticias.com.br\/\",\"name\":\"Jornal Fatos e Not\u00edcias\",\"description\":\"Not\u00edcias em geral\",\"publisher\":{\"@id\":\"https:\/\/jornalfatosenoticias.com.br\/#organization\"},\"potentialAction\":[{\"@type\":\"SearchAction\",\"target\":{\"@type\":\"EntryPoint\",\"urlTemplate\":\"https:\/\/jornalfatosenoticias.com.br\/?s={search_term_string}\"},\"query-input\":{\"@type\":\"PropertyValueSpecification\",\"valueRequired\":true,\"valueName\":\"search_term_string\"}}],\"inLanguage\":\"pt-BR\"},{\"@type\":\"Organization\",\"@id\":\"https:\/\/jornalfatosenoticias.com.br\/#organization\",\"name\":\"Jornal Fatos e Not\u00edcias\",\"url\":\"https:\/\/jornalfatosenoticias.com.br\/\",\"logo\":{\"@type\":\"ImageObject\",\"inLanguage\":\"pt-BR\",\"@id\":\"https:\/\/jornalfatosenoticias.com.br\/#\/schema\/logo\/image\/\",\"url\":\"https:\/\/jornalfatosenoticias.com.br\/wp-content\/uploads\/2020\/02\/logo120.png\",\"contentUrl\":\"https:\/\/jornalfatosenoticias.com.br\/wp-content\/uploads\/2020\/02\/logo120.png\",\"width\":1227,\"height\":120,\"caption\":\"Jornal Fatos e Not\u00edcias\"},\"image\":{\"@id\":\"https:\/\/jornalfatosenoticias.com.br\/#\/schema\/logo\/image\/\"}},{\"@type\":\"Person\",\"@id\":\"https:\/\/jornalfatosenoticias.com.br\/#\/schema\/person\/1848e8dc50d3650cb68e053b98dfbdf0\",\"name\":\"Silvia Vanderss\",\"image\":{\"@type\":\"ImageObject\",\"inLanguage\":\"pt-BR\",\"@id\":\"https:\/\/jornalfatosenoticias.com.br\/#\/schema\/person\/image\/\",\"url\":\"https:\/\/jornalfatosenoticias.com.br\/wp-content\/uploads\/2023\/05\/silvia-150x150.jpg\",\"contentUrl\":\"https:\/\/jornalfatosenoticias.com.br\/wp-content\/uploads\/2023\/05\/silvia-150x150.jpg\",\"caption\":\"Silvia Vanderss\"},\"description\":\"Autora capixaba, com forma\u00e7\u00e3o em Administra\u00e7\u00e3o e Letras Seis obras publicadas que abrangem os g\u00eaneros, romance, suspense e poesia Blog liter\u00e1rio: www.silviavanderss.com.br\",\"url\":\"https:\/\/jornalfatosenoticias.com.br\/index.php\/author\/silvia\/\"}]}<\/script>\n<!-- \/ Yoast SEO plugin. -->","yoast_head_json":{"title":"Vers\u00e3o \u2013 Parte I - Jornal Fatos e Not\u00edcias","robots":{"index":"index","follow":"follow","max-snippet":"max-snippet:-1","max-image-preview":"max-image-preview:large","max-video-preview":"max-video-preview:-1"},"canonical":"https:\/\/jornalfatosenoticias.com.br\/index.php\/2023\/03\/30\/versao-parte-i\/","og_locale":"pt_BR","og_type":"article","og_title":"Vers\u00e3o \u2013 Parte I - Jornal Fatos e Not\u00edcias","og_description":"Aqui estou de novo, diante do espelho. Penso se devo ou n\u00e3o questionar a minha sanidade. Acho que ele escuta os meus pensamentos e vem at\u00e9 mim, atrav\u00e9s da imagem que me reflete. Hoje \u00e9 o dia! N\u00e3o me fa\u00e7a mudar de ideia. Vou pedir o div\u00f3rcio a ela. Preciso ser um homem livre, n\u00e3o [&hellip;]","og_url":"https:\/\/jornalfatosenoticias.com.br\/index.php\/2023\/03\/30\/versao-parte-i\/","og_site_name":"Jornal Fatos e Not\u00edcias","article_published_time":"2023-03-30T15:58:40+00:00","article_modified_time":"2023-03-30T15:58:42+00:00","og_image":[{"width":1000,"height":686,"url":"https:\/\/jornalfatosenoticias.com.br\/wp-content\/uploads\/2023\/03\/CONTO-VERSAO-1.jpg","type":"image\/jpeg"}],"author":"Silvia Vanderss","twitter_card":"summary_large_image","twitter_misc":{"Escrito por":"Silvia Vanderss","Est. tempo de leitura":"4 minutos"},"schema":{"@context":"https:\/\/schema.org","@graph":[{"@type":"Article","@id":"https:\/\/jornalfatosenoticias.com.br\/index.php\/2023\/03\/30\/versao-parte-i\/#article","isPartOf":{"@id":"https:\/\/jornalfatosenoticias.com.br\/index.php\/2023\/03\/30\/versao-parte-i\/"},"author":{"name":"Silvia Vanderss","@id":"https:\/\/jornalfatosenoticias.com.br\/#\/schema\/person\/1848e8dc50d3650cb68e053b98dfbdf0"},"headline":"Vers\u00e3o \u2013 Parte I","datePublished":"2023-03-30T15:58:40+00:00","dateModified":"2023-03-30T15:58:42+00:00","mainEntityOfPage":{"@id":"https:\/\/jornalfatosenoticias.com.br\/index.php\/2023\/03\/30\/versao-parte-i\/"},"wordCount":807,"commentCount":0,"publisher":{"@id":"https:\/\/jornalfatosenoticias.com.br\/#organization"},"image":{"@id":"https:\/\/jornalfatosenoticias.com.br\/index.php\/2023\/03\/30\/versao-parte-i\/#primaryimage"},"thumbnailUrl":"https:\/\/jornalfatosenoticias.com.br\/wp-content\/uploads\/2023\/03\/CONTO-VERSAO-1.jpg","keywords":["artes","conto de amor","prosas","romance","romantismo"],"articleSection":["Cultura"],"inLanguage":"pt-BR","potentialAction":[{"@type":"CommentAction","name":"Comment","target":["https:\/\/jornalfatosenoticias.com.br\/index.php\/2023\/03\/30\/versao-parte-i\/#respond"]}]},{"@type":"WebPage","@id":"https:\/\/jornalfatosenoticias.com.br\/index.php\/2023\/03\/30\/versao-parte-i\/","url":"https:\/\/jornalfatosenoticias.com.br\/index.php\/2023\/03\/30\/versao-parte-i\/","name":"Vers\u00e3o \u2013 Parte I - Jornal Fatos e Not\u00edcias","isPartOf":{"@id":"https:\/\/jornalfatosenoticias.com.br\/#website"},"primaryImageOfPage":{"@id":"https:\/\/jornalfatosenoticias.com.br\/index.php\/2023\/03\/30\/versao-parte-i\/#primaryimage"},"image":{"@id":"https:\/\/jornalfatosenoticias.com.br\/index.php\/2023\/03\/30\/versao-parte-i\/#primaryimage"},"thumbnailUrl":"https:\/\/jornalfatosenoticias.com.br\/wp-content\/uploads\/2023\/03\/CONTO-VERSAO-1.jpg","datePublished":"2023-03-30T15:58:40+00:00","dateModified":"2023-03-30T15:58:42+00:00","breadcrumb":{"@id":"https:\/\/jornalfatosenoticias.com.br\/index.php\/2023\/03\/30\/versao-parte-i\/#breadcrumb"},"inLanguage":"pt-BR","potentialAction":[{"@type":"ReadAction","target":["https:\/\/jornalfatosenoticias.com.br\/index.php\/2023\/03\/30\/versao-parte-i\/"]}]},{"@type":"ImageObject","inLanguage":"pt-BR","@id":"https:\/\/jornalfatosenoticias.com.br\/index.php\/2023\/03\/30\/versao-parte-i\/#primaryimage","url":"https:\/\/jornalfatosenoticias.com.br\/wp-content\/uploads\/2023\/03\/CONTO-VERSAO-1.jpg","contentUrl":"https:\/\/jornalfatosenoticias.com.br\/wp-content\/uploads\/2023\/03\/CONTO-VERSAO-1.jpg","width":1000,"height":686},{"@type":"BreadcrumbList","@id":"https:\/\/jornalfatosenoticias.com.br\/index.php\/2023\/03\/30\/versao-parte-i\/#breadcrumb","itemListElement":[{"@type":"ListItem","position":1,"name":"In\u00edcio","item":"https:\/\/jornalfatosenoticias.com.br\/"},{"@type":"ListItem","position":2,"name":"Vers\u00e3o \u2013 Parte I"}]},{"@type":"WebSite","@id":"https:\/\/jornalfatosenoticias.com.br\/#website","url":"https:\/\/jornalfatosenoticias.com.br\/","name":"Jornal Fatos e Not\u00edcias","description":"Not\u00edcias em geral","publisher":{"@id":"https:\/\/jornalfatosenoticias.com.br\/#organization"},"potentialAction":[{"@type":"SearchAction","target":{"@type":"EntryPoint","urlTemplate":"https:\/\/jornalfatosenoticias.com.br\/?s={search_term_string}"},"query-input":{"@type":"PropertyValueSpecification","valueRequired":true,"valueName":"search_term_string"}}],"inLanguage":"pt-BR"},{"@type":"Organization","@id":"https:\/\/jornalfatosenoticias.com.br\/#organization","name":"Jornal Fatos e Not\u00edcias","url":"https:\/\/jornalfatosenoticias.com.br\/","logo":{"@type":"ImageObject","inLanguage":"pt-BR","@id":"https:\/\/jornalfatosenoticias.com.br\/#\/schema\/logo\/image\/","url":"https:\/\/jornalfatosenoticias.com.br\/wp-content\/uploads\/2020\/02\/logo120.png","contentUrl":"https:\/\/jornalfatosenoticias.com.br\/wp-content\/uploads\/2020\/02\/logo120.png","width":1227,"height":120,"caption":"Jornal Fatos e Not\u00edcias"},"image":{"@id":"https:\/\/jornalfatosenoticias.com.br\/#\/schema\/logo\/image\/"}},{"@type":"Person","@id":"https:\/\/jornalfatosenoticias.com.br\/#\/schema\/person\/1848e8dc50d3650cb68e053b98dfbdf0","name":"Silvia Vanderss","image":{"@type":"ImageObject","inLanguage":"pt-BR","@id":"https:\/\/jornalfatosenoticias.com.br\/#\/schema\/person\/image\/","url":"https:\/\/jornalfatosenoticias.com.br\/wp-content\/uploads\/2023\/05\/silvia-150x150.jpg","contentUrl":"https:\/\/jornalfatosenoticias.com.br\/wp-content\/uploads\/2023\/05\/silvia-150x150.jpg","caption":"Silvia Vanderss"},"description":"Autora capixaba, com forma\u00e7\u00e3o em Administra\u00e7\u00e3o e Letras Seis obras publicadas que abrangem os g\u00eaneros, romance, suspense e poesia Blog liter\u00e1rio: www.silviavanderss.com.br","url":"https:\/\/jornalfatosenoticias.com.br\/index.php\/author\/silvia\/"}]}},"cc_featured_image_caption":{"caption_text":"(Foto: Freepik) ","source_text":"","source_url":""},"jetpack_featured_media_url":"https:\/\/jornalfatosenoticias.com.br\/wp-content\/uploads\/2023\/03\/CONTO-VERSAO-1.jpg","_links":{"self":[{"href":"https:\/\/jornalfatosenoticias.com.br\/index.php\/wp-json\/wp\/v2\/posts\/40122","targetHints":{"allow":["GET"]}}],"collection":[{"href":"https:\/\/jornalfatosenoticias.com.br\/index.php\/wp-json\/wp\/v2\/posts"}],"about":[{"href":"https:\/\/jornalfatosenoticias.com.br\/index.php\/wp-json\/wp\/v2\/types\/post"}],"author":[{"embeddable":true,"href":"https:\/\/jornalfatosenoticias.com.br\/index.php\/wp-json\/wp\/v2\/users\/19"}],"replies":[{"embeddable":true,"href":"https:\/\/jornalfatosenoticias.com.br\/index.php\/wp-json\/wp\/v2\/comments?post=40122"}],"version-history":[{"count":0,"href":"https:\/\/jornalfatosenoticias.com.br\/index.php\/wp-json\/wp\/v2\/posts\/40122\/revisions"}],"wp:featuredmedia":[{"embeddable":true,"href":"https:\/\/jornalfatosenoticias.com.br\/index.php\/wp-json\/wp\/v2\/media\/40124"}],"wp:attachment":[{"href":"https:\/\/jornalfatosenoticias.com.br\/index.php\/wp-json\/wp\/v2\/media?parent=40122"}],"wp:term":[{"taxonomy":"category","embeddable":true,"href":"https:\/\/jornalfatosenoticias.com.br\/index.php\/wp-json\/wp\/v2\/categories?post=40122"},{"taxonomy":"post_tag","embeddable":true,"href":"https:\/\/jornalfatosenoticias.com.br\/index.php\/wp-json\/wp\/v2\/tags?post=40122"}],"curies":[{"name":"wp","href":"https:\/\/api.w.org\/{rel}","templated":true}]}}