{"id":40132,"date":"2023-03-30T13:24:44","date_gmt":"2023-03-30T16:24:44","guid":{"rendered":"https:\/\/jornalfatosenoticias.com.br\/?p=40132"},"modified":"2023-03-30T13:24:45","modified_gmt":"2023-03-30T16:24:45","slug":"alienacao-parental-pedofilia-violencia-barbarismo-a-perversidade-parte-v","status":"publish","type":"post","link":"https:\/\/jornalfatosenoticias.com.br\/index.php\/2023\/03\/30\/alienacao-parental-pedofilia-violencia-barbarismo-a-perversidade-parte-v\/","title":{"rendered":"Aliena\u00e7\u00e3o Parental, pedofilia, viol\u00eancia, barbarismo, a perversidade \u2014 Parte V"},"content":{"rendered":"\n<p><em><span class=\"has-inline-color has-black-color\">Gardner \u2014 aquele m\u00e9dico americano que defendia a pedofilia como ben\u00e9fica para a Crian\u00e7a \u2014 instruiu as pessoas do sistema judici\u00e1rio a fazer o que ele chamou de \u201cterapia da amea\u00e7a\u201d<\/span><\/em><\/p>\n\n\n\n<div class=\"wp-block-image\"><figure class=\"aligncenter size-large\"><img decoding=\"async\" src=\"https:\/\/jornalfatosenoticias.com.br\/wp-content\/uploads\/2020\/02\/barao-das-carnes-300x164-1.jpg\" alt=\"\" class=\"wp-image-34339\"\/><\/figure><\/div>\n\n\n\n<p>Um Juiz de Direito que estupra, espanca, xinga, carimba a pele de mulheres, como se gado fossem, incluindo sua pr\u00f3pria mulher na execu\u00e7\u00e3o dessas v\u00e1rias viol\u00eancias. Um Promotor de Justi\u00e7a que estrangula a namorada e simula uma crise al\u00e9rgica para sua morte. Um Relat\u00f3rio da Anistia Internacional e um Relat\u00f3rio do F\u00f3rum Brasileiro de Seguran\u00e7a P\u00fablica, que nos confere o vergonhoso 4\u00ba lugar no ranking mundial de assassinatos de Defensores de Direitos Humanos e o 5\u00ba lugar em Feminic\u00eddio.<\/p>\n\n\n\n<div class=\"wp-block-image\"><figure class=\"aligncenter size-large is-resized\"><img loading=\"lazy\" decoding=\"async\" src=\"https:\/\/jornalfatosenoticias.com.br\/wp-content\/uploads\/2020\/02\/logo-embacia.jpg\" alt=\"\" class=\"wp-image-33905\" width=\"293\" height=\"293\"\/><\/figure><\/div>\n\n\n\n<p>E, quantas ju\u00edzas e ju\u00edzes, quantas promotoras e promotores, quantas peritas e peritos de avalia\u00e7\u00f5es psicol\u00f3gicas, desdenharam de Crian\u00e7as e desqualificaram suas m\u00e3es, que foram assassinadas, Crian\u00e7as e M\u00e3es\/Mulheres, em seguida, pelos seus predadores defendidos por preconceitos e dogmas? Alguns, apenas alguns, em geral, quando ocorre o assassinato da Crian\u00e7a, executado pelo pai, caem em depress\u00e3o, se entregam ao alcoolismo, finalizam a carreira por autofal\u00eancia. Afinal, n\u00e3o \u00e9 f\u00e1cil carregar a culpa de uma Joanna, de um Bernardo, e de tantos outros.<\/p>\n\n\n\n<div class=\"wp-block-image\"><figure class=\"aligncenter size-large\"><img loading=\"lazy\" decoding=\"async\" width=\"1024\" height=\"110\" src=\"https:\/\/jornalfatosenoticias.com.br\/wp-content\/uploads\/2023\/03\/Crypton-1120-\u00d7-120-px-1-1024x110.png\" alt=\"\" class=\"wp-image-39211\" srcset=\"https:\/\/jornalfatosenoticias.com.br\/wp-content\/uploads\/2023\/03\/Crypton-1120-\u00d7-120-px-1-1024x110.png 1024w, https:\/\/jornalfatosenoticias.com.br\/wp-content\/uploads\/2023\/03\/Crypton-1120-\u00d7-120-px-1-300x32.png 300w, https:\/\/jornalfatosenoticias.com.br\/wp-content\/uploads\/2023\/03\/Crypton-1120-\u00d7-120-px-1-768x82.png 768w, https:\/\/jornalfatosenoticias.com.br\/wp-content\/uploads\/2023\/03\/Crypton-1120-\u00d7-120-px-1.png 1120w\" sizes=\"auto, (max-width: 1024px) 100vw, 1024px\" \/><\/figure><\/div>\n\n\n\n<div class=\"wp-block-image\"><figure class=\"aligncenter size-large\"><img loading=\"lazy\" decoding=\"async\" width=\"1000\" height=\"562\" src=\"https:\/\/jornalfatosenoticias.com.br\/wp-content\/uploads\/2023\/03\/MULHER-ACUSA-JUIZ.jpg\" alt=\"\" class=\"wp-image-40133\" srcset=\"https:\/\/jornalfatosenoticias.com.br\/wp-content\/uploads\/2023\/03\/MULHER-ACUSA-JUIZ.jpg 1000w, https:\/\/jornalfatosenoticias.com.br\/wp-content\/uploads\/2023\/03\/MULHER-ACUSA-JUIZ-300x169.jpg 300w, https:\/\/jornalfatosenoticias.com.br\/wp-content\/uploads\/2023\/03\/MULHER-ACUSA-JUIZ-768x432.jpg 768w\" sizes=\"auto, (max-width: 1000px) 100vw, 1000px\" \/><figcaption><em><span class=\"has-inline-color has-black-color\">(Foto: Reprodu\u00e7\u00e3o Internet)<\/span><\/em><\/figcaption><\/figure><\/div>\n\n\n\n<div class=\"wp-block-image\"><figure class=\"aligncenter size-large\"><img loading=\"lazy\" decoding=\"async\" width=\"300\" height=\"250\" src=\"https:\/\/jornalfatosenoticias.com.br\/wp-content\/uploads\/2022\/02\/Banner-2.png\" alt=\"\" class=\"wp-image-27877\"\/><\/figure><\/div>\n\n\n\n<p>\u00c9 f\u00e1cil alegar que todas as M\u00e3es que denunciaram viol\u00eancia dom\u00e9stica ou abuso sexual intrafamiliar s\u00e3o loucas. Gardner, aquele m\u00e9dico americano que defendia a pedofilia como ben\u00e9fica para a Crian\u00e7a, e ganhou notoriedade fornecendo laudos inocentando pais abusadores, instruiu as pessoas do sistema judici\u00e1rio a fazer o que ele chamou de <strong>\u201cterapia da amea\u00e7a\u201d.<\/strong> Ele afirma em seu livro<em><span class=\"has-inline-color has-black-color\"> \u201cTrue and falses accusations of child sex abuse\u201d<\/span><\/em> que nenhuma Crian\u00e7a consegue sustentar a descri\u00e7\u00e3o dos epis\u00f3dios de abuso intrafamiliar quando \u00e9 levada a repetir o relato \u00e0 exaust\u00e3o, e que amea\u00e7ar a M\u00e3e com a perda da guarda e afastamento total do filho ou filha. Essa \u00e9 uma estrat\u00e9gia proposta por Gardner em seu livro, e que \u00e9 seguida \u00e0 risca porquanto, muito eficiente. \u00c9 uma morda\u00e7a que paralisa a M\u00e3e pelo medo da perda do filho ou filha. Mumificada, alvo de viol\u00eancia patrimonial, a M\u00e3e passa a aceitar \u201cacordos\u201d que ferem os artigos do Estatuto da Crian\u00e7a e do Adolescente (ECA), da Constitui\u00e7\u00e3o Federal, assim como Tratados Internacionais dos quais o Brasil \u00e9 signat\u00e1rio.<\/p>\n\n\n\n<div class=\"wp-block-image\"><figure class=\"aligncenter size-large is-resized\"><img loading=\"lazy\" decoding=\"async\" src=\"https:\/\/jornalfatosenoticias.com.br\/wp-content\/uploads\/2021\/10\/LOGO-JUNTOS-SOS-ES-AMBIENTAL.jpg\" alt=\"\" class=\"wp-image-23922\" width=\"305\" height=\"283\"\/><\/figure><\/div>\n\n\n\n<div class=\"wp-block-image\"><figure class=\"aligncenter size-large\"><img loading=\"lazy\" decoding=\"async\" width=\"1000\" height=\"667\" src=\"https:\/\/jornalfatosenoticias.com.br\/wp-content\/uploads\/2023\/03\/VIOLENCIA-CONTRA-A-MULHER.jpeg\" alt=\"\" class=\"wp-image-40134\" srcset=\"https:\/\/jornalfatosenoticias.com.br\/wp-content\/uploads\/2023\/03\/VIOLENCIA-CONTRA-A-MULHER.jpeg 1000w, https:\/\/jornalfatosenoticias.com.br\/wp-content\/uploads\/2023\/03\/VIOLENCIA-CONTRA-A-MULHER-300x200.jpeg 300w, https:\/\/jornalfatosenoticias.com.br\/wp-content\/uploads\/2023\/03\/VIOLENCIA-CONTRA-A-MULHER-768x512.jpeg 768w\" sizes=\"auto, (max-width: 1000px) 100vw, 1000px\" \/><figcaption><em><span class=\"has-inline-color has-black-color\">Viol\u00eancia dom\u00e9stica (Foto: Reprodu\u00e7\u00e3o YouTube)<\/span><\/em><\/figcaption><\/figure><\/div>\n\n\n\n<p>H\u00e1 ainda uma diferen\u00e7a de G\u00eanero que \u00e9 escancarada nas audi\u00eancias de acusa\u00e7\u00e3o \u00e0s M\u00e3es \u201cloucas\u201d e \u201calienadoras\u201d. Gritos, e o famoso \u201ccala a boca\u201d s\u00e3o dirigidos com frequ\u00eancia \u00e0s M\u00e3es. Enquanto isso, uma alega\u00e7\u00e3o de aliena\u00e7\u00e3o n\u00e3o necessita de nenhuma comprova\u00e7\u00e3o, sendo suficiente apenas o timbre grave da voz masculina que acusa. Como na campanha de Igualdade de G\u00eanero, quando estamos assistindo o esfor\u00e7o de uma tentativa de Pol\u00edtica P\u00fablica que seja justa quanto aos sal\u00e1rios de homens e mulheres exercendo a mesma fun\u00e7\u00e3o numa empresa, precisamos de uma Pol\u00edtica P\u00fablica, consistente e efetiva, que garanta a igualdade na justi\u00e7a entre voz de timbre feminino e de timbre masculino, atualmente t\u00e3o d\u00edspares.<\/p>\n\n\n\n<div class=\"wp-block-image\"><figure class=\"aligncenter size-large is-resized\"><img loading=\"lazy\" decoding=\"async\" src=\"https:\/\/jornalfatosenoticias.com.br\/wp-content\/uploads\/2020\/02\/logo-Panper_portal.jpg\" alt=\"\" class=\"wp-image-34474\" width=\"305\" height=\"211\" srcset=\"https:\/\/jornalfatosenoticias.com.br\/wp-content\/uploads\/2020\/02\/logo-Panper_portal.jpg 400w, https:\/\/jornalfatosenoticias.com.br\/wp-content\/uploads\/2020\/02\/logo-Panper_portal-300x208.jpg 300w\" sizes=\"auto, (max-width: 305px) 100vw, 305px\" \/><\/figure><\/div>\n\n\n\n<p>Na lenda urbana da \u00fanica situa\u00e7\u00e3o em que h\u00e1 possibilidade de pris\u00e3o diante de n\u00e3o pagamento de pens\u00e3o aliment\u00edcia, a validade dessa lenda \u00e9 dirigida apenas para as Mulheres\/M\u00e3es. O pai da Qu\u00eania se negou para o Juiz a pagar a pens\u00e3o da filha, e acabou ganhando a menina com tr\u00eas meses em guarda unilateral, o que obriga a m\u00e3e a pagar pens\u00e3o para o pai. Esta pens\u00e3o quando recai sobre a M\u00e3e taxada de \u201calienadora\u201d, \u00e9, rigorosamente, cobrada. E a\u00ed a lenda urbana masculina \u00e9 cobrada com pris\u00e3o quando n\u00e3o \u00e9 cumprida. H\u00e1 algum tempo, tivemos mais uma M\u00e3e presa por atraso na pens\u00e3o aliment\u00edcia da filha que h\u00e1 anos n\u00e3o lhe \u00e9 permitido ver. Desempregada, usando a Defensoria P\u00fablica, foi presa em casa por um grupo de policiais, sem a presen\u00e7a do Oficial de Justi\u00e7a, e levada da cidade em que mora para uma carceragem numa Delegacia de Homic\u00eddios de outra cidade. Uma \u201cvaquinha virtual\u201d levantou a soma em atraso e alguns dias depois, essa M\u00e3e foi solta. Mesmo tendo a garantia de poder ter Pris\u00e3o Domiciliar, essa M\u00e3e foi retirada de sua filha beb\u00ea, o que o Marco Legal da 1\u00aa Inf\u00e2ncia deveria lhe garantir. Ferir a lei? \u00c9 comum.<\/p>\n\n\n\n<div class=\"wp-block-image\"><figure class=\"aligncenter size-large\"><img loading=\"lazy\" decoding=\"async\" width=\"1024\" height=\"100\" src=\"https:\/\/jornalfatosenoticias.com.br\/wp-content\/uploads\/2020\/02\/banner_ferramentas-1024x100.jpg\" alt=\"\" class=\"wp-image-1258\" srcset=\"https:\/\/jornalfatosenoticias.com.br\/wp-content\/uploads\/2020\/02\/banner_ferramentas-1024x100.jpg 1024w, https:\/\/jornalfatosenoticias.com.br\/wp-content\/uploads\/2020\/02\/banner_ferramentas-300x29.jpg 300w, https:\/\/jornalfatosenoticias.com.br\/wp-content\/uploads\/2020\/02\/banner_ferramentas-768x75.jpg 768w, https:\/\/jornalfatosenoticias.com.br\/wp-content\/uploads\/2020\/02\/banner_ferramentas.jpg 1227w\" sizes=\"auto, (max-width: 1024px) 100vw, 1024px\" \/><\/figure><\/div>\n\n\n\n<div class=\"wp-block-image\"><figure class=\"aligncenter size-large\"><img loading=\"lazy\" decoding=\"async\" width=\"1000\" height=\"877\" src=\"https:\/\/jornalfatosenoticias.com.br\/wp-content\/uploads\/2023\/03\/bebe-Quenia.jpg\" alt=\"\" class=\"wp-image-40135\" srcset=\"https:\/\/jornalfatosenoticias.com.br\/wp-content\/uploads\/2023\/03\/bebe-Quenia.jpg 1000w, https:\/\/jornalfatosenoticias.com.br\/wp-content\/uploads\/2023\/03\/bebe-Quenia-300x263.jpg 300w, https:\/\/jornalfatosenoticias.com.br\/wp-content\/uploads\/2023\/03\/bebe-Quenia-768x674.jpg 768w\" sizes=\"auto, (max-width: 1000px) 100vw, 1000px\" \/><figcaption><em><span class=\"has-inline-color has-black-color\">Beb\u00ea Qu\u00eania Gabriela Oliveira Matos de Lima, espancada e morta pelo pai e a madrasta (Foto: Reprodu\u00e7\u00e3o Internet)<\/span><\/em><\/figcaption><\/figure><\/div>\n\n\n\n<div class=\"wp-block-image\"><figure class=\"aligncenter size-large is-resized\"><img loading=\"lazy\" decoding=\"async\" src=\"https:\/\/jornalfatosenoticias.com.br\/wp-content\/uploads\/2022\/02\/Precisao-Contabilidade-1024x724.jpg\" alt=\"\" class=\"wp-image-28088\" width=\"293\" height=\"207\"\/><\/figure><\/div>\n\n\n\n<p>Proibida de abrir a boca, vai seguir at\u00e9 o pr\u00f3ximo atraso de pagamento da pens\u00e3o que foi condenada pela Priva\u00e7\u00e3o Materna Judicial promovida pela Lei de aliena\u00e7\u00e3o parental. O Direito de ter M\u00e3e foi ceifado para aquelas Crian\u00e7as que um dia acreditaram que poderiam reclamar por serem abusadas pelo pai. Isso n\u00e3o pode. Para todo lado, fala-se de den\u00fancia. Denuncie. Denuncie. Denuncie. Mas, para que? Para perder a M\u00e3e e ser entregue a seu agressor? E ainda se cr\u00ea que a Crian\u00e7a poder\u00e1 escolher aos 12 anos. Outra lenda urbana. S\u00f3 quem n\u00e3o conhece a Crian\u00e7a e a din\u00e2mica de manipula\u00e7\u00e3o de um abusador incestuoso pode se iludir com essa lenda. Uma vez que a Crian\u00e7a \u00e9 entregue ao seu agressor, ela escolhe ficar com ele. \u00c9 uma quest\u00e3o de l\u00f3gica, ele \u00e9 mais forte e poderoso e ela n\u00e3o ir\u00e1 confront\u00e1-lo, nunca.<\/p>\n\n\n\n<div class=\"wp-block-image\"><figure class=\"aligncenter size-large\"><img loading=\"lazy\" decoding=\"async\" width=\"300\" height=\"222\" src=\"https:\/\/jornalfatosenoticias.com.br\/wp-content\/uploads\/2023\/03\/logo_Juliana-Graca.jpg\" alt=\"\" class=\"wp-image-39283\"\/><\/figure><\/div>\n\n\n\n<p>A Viol\u00eancia Institucional \u00e9 desastrosa porque aniquila a possibilidade de formar uma Crian\u00e7a Cidad\u00e3. E se replica como uma onda. Um tsunami que tudo arrasa. No entanto, existe M\u00e3e que contraria a regra da mumifica\u00e7\u00e3o judicial. A Reclama\u00e7\u00e3o Disciplinar\/Criminal, que aponta os crimes cometidos por agentes que deveriam proteger e obedecer \u00e0s Leis e Tratados Internacionais, ao ECA e \u00e0 Constitui\u00e7\u00e3o Federal, mesmo que arrastados, existem. O Abuso de Autoridade \u00e9 corriqueiro, pode ser punido. \u00c9 dif\u00edcil, mas n\u00e3o \u00e9 imposs\u00edvel.<\/p>\n\n\n\n<div class=\"wp-block-image\"><figure class=\"aligncenter size-large is-resized\"><img loading=\"lazy\" decoding=\"async\" src=\"https:\/\/jornalfatosenoticias.com.br\/wp-content\/uploads\/2022\/08\/logo-locau-veiculos-1024x573.png\" alt=\"\" class=\"wp-image-33078\" width=\"293\" height=\"163\"\/><\/figure><\/div>\n\n\n\n<p>No pr\u00f3ximo artigo, traremos um exemplo de M\u00e3e que luta, criminalmente, contra os maus profissionais nomeados e nominados para proteger a Crian\u00e7a, executando a Lei.<br>H\u00e1 que se fundar uma Cultura de Responsabiliza\u00e7\u00e3o. Porque h\u00e1 JUSTOS na Justi\u00e7a.<\/p>\n","protected":false},"excerpt":{"rendered":"<p>Gardner \u2014 aquele m\u00e9dico americano que defendia a pedofilia como ben\u00e9fica para a Crian\u00e7a \u2014 instruiu as pessoas do sistema judici\u00e1rio a fazer o que ele chamou de \u201cterapia da amea\u00e7a\u201d Um Juiz de Direito que estupra, espanca, xinga, carimba a pele de mulheres, como se gado fossem, incluindo sua pr\u00f3pria mulher na execu\u00e7\u00e3o dessas [&hellip;]<\/p>\n","protected":false},"author":8,"featured_media":40135,"comment_status":"open","ping_status":"open","sticky":false,"template":"","format":"standard","meta":{"footnotes":""},"categories":[2522],"tags":[4100,328,18819,17236,18818],"class_list":["post-40132","post","type-post","status-publish","format-standard","has-post-thumbnail","hentry","category-comportamento","tag-criminalidade","tag-feminicidio","tag-mortandade-infantil","tag-operadores-de-justica","tag-sistema-judiciario"],"yoast_head":"<!-- This site is optimized with the Yoast SEO plugin v26.5 - https:\/\/yoast.com\/wordpress\/plugins\/seo\/ -->\n<title>Aliena\u00e7\u00e3o Parental, pedofilia, viol\u00eancia, barbarismo, a perversidade \u2014 Parte V - Jornal Fatos e Not\u00edcias<\/title>\n<meta name=\"robots\" content=\"index, follow, max-snippet:-1, max-image-preview:large, max-video-preview:-1\" \/>\n<link rel=\"canonical\" href=\"https:\/\/jornalfatosenoticias.com.br\/index.php\/2023\/03\/30\/alienacao-parental-pedofilia-violencia-barbarismo-a-perversidade-parte-v\/\" \/>\n<meta property=\"og:locale\" content=\"pt_BR\" \/>\n<meta property=\"og:type\" content=\"article\" \/>\n<meta property=\"og:title\" content=\"Aliena\u00e7\u00e3o Parental, pedofilia, viol\u00eancia, barbarismo, a perversidade \u2014 Parte V - Jornal Fatos e Not\u00edcias\" \/>\n<meta property=\"og:description\" content=\"Gardner \u2014 aquele m\u00e9dico americano que defendia a pedofilia como ben\u00e9fica para a Crian\u00e7a \u2014 instruiu as pessoas do sistema judici\u00e1rio a fazer o que ele chamou de \u201cterapia da amea\u00e7a\u201d Um Juiz de Direito que estupra, espanca, xinga, carimba a pele de mulheres, como se gado fossem, incluindo sua pr\u00f3pria mulher na execu\u00e7\u00e3o dessas [&hellip;]\" \/>\n<meta property=\"og:url\" content=\"https:\/\/jornalfatosenoticias.com.br\/index.php\/2023\/03\/30\/alienacao-parental-pedofilia-violencia-barbarismo-a-perversidade-parte-v\/\" \/>\n<meta property=\"og:site_name\" content=\"Jornal Fatos e Not\u00edcias\" \/>\n<meta property=\"article:published_time\" content=\"2023-03-30T16:24:44+00:00\" \/>\n<meta property=\"article:modified_time\" content=\"2023-03-30T16:24:45+00:00\" \/>\n<meta property=\"og:image\" content=\"https:\/\/jornalfatosenoticias.com.br\/wp-content\/uploads\/2023\/03\/bebe-Quenia.jpg\" \/>\n\t<meta property=\"og:image:width\" content=\"1000\" \/>\n\t<meta property=\"og:image:height\" content=\"877\" \/>\n\t<meta property=\"og:image:type\" content=\"image\/jpeg\" \/>\n<meta name=\"author\" content=\"Ana Maria Iencarelli\" \/>\n<meta name=\"twitter:card\" content=\"summary_large_image\" \/>\n<meta name=\"twitter:label1\" content=\"Escrito por\" \/>\n\t<meta name=\"twitter:data1\" content=\"Ana Maria Iencarelli\" \/>\n\t<meta name=\"twitter:label2\" content=\"Est. tempo de leitura\" \/>\n\t<meta name=\"twitter:data2\" content=\"5 minutos\" \/>\n<script type=\"application\/ld+json\" class=\"yoast-schema-graph\">{\"@context\":\"https:\/\/schema.org\",\"@graph\":[{\"@type\":\"Article\",\"@id\":\"https:\/\/jornalfatosenoticias.com.br\/index.php\/2023\/03\/30\/alienacao-parental-pedofilia-violencia-barbarismo-a-perversidade-parte-v\/#article\",\"isPartOf\":{\"@id\":\"https:\/\/jornalfatosenoticias.com.br\/index.php\/2023\/03\/30\/alienacao-parental-pedofilia-violencia-barbarismo-a-perversidade-parte-v\/\"},\"author\":{\"name\":\"Ana Maria Iencarelli\",\"@id\":\"https:\/\/jornalfatosenoticias.com.br\/#\/schema\/person\/c33fcf5fb02d729d3fec92c6737a22d1\"},\"headline\":\"Aliena\u00e7\u00e3o Parental, pedofilia, viol\u00eancia, barbarismo, a perversidade \u2014 Parte V\",\"datePublished\":\"2023-03-30T16:24:44+00:00\",\"dateModified\":\"2023-03-30T16:24:45+00:00\",\"mainEntityOfPage\":{\"@id\":\"https:\/\/jornalfatosenoticias.com.br\/index.php\/2023\/03\/30\/alienacao-parental-pedofilia-violencia-barbarismo-a-perversidade-parte-v\/\"},\"wordCount\":1098,\"commentCount\":0,\"publisher\":{\"@id\":\"https:\/\/jornalfatosenoticias.com.br\/#organization\"},\"image\":{\"@id\":\"https:\/\/jornalfatosenoticias.com.br\/index.php\/2023\/03\/30\/alienacao-parental-pedofilia-violencia-barbarismo-a-perversidade-parte-v\/#primaryimage\"},\"thumbnailUrl\":\"https:\/\/jornalfatosenoticias.com.br\/wp-content\/uploads\/2023\/03\/bebe-Quenia.jpg\",\"keywords\":[\"criminalidade\",\"feminic\u00eddio\",\"mortandade infantil\",\"operadores de justi\u00e7a\",\"sistema judici\u00e1rio\"],\"articleSection\":[\"Comportamento &amp; Equil\u00edbrio\"],\"inLanguage\":\"pt-BR\",\"potentialAction\":[{\"@type\":\"CommentAction\",\"name\":\"Comment\",\"target\":[\"https:\/\/jornalfatosenoticias.com.br\/index.php\/2023\/03\/30\/alienacao-parental-pedofilia-violencia-barbarismo-a-perversidade-parte-v\/#respond\"]}]},{\"@type\":\"WebPage\",\"@id\":\"https:\/\/jornalfatosenoticias.com.br\/index.php\/2023\/03\/30\/alienacao-parental-pedofilia-violencia-barbarismo-a-perversidade-parte-v\/\",\"url\":\"https:\/\/jornalfatosenoticias.com.br\/index.php\/2023\/03\/30\/alienacao-parental-pedofilia-violencia-barbarismo-a-perversidade-parte-v\/\",\"name\":\"Aliena\u00e7\u00e3o Parental, pedofilia, viol\u00eancia, barbarismo, a perversidade \u2014 Parte V - Jornal Fatos e Not\u00edcias\",\"isPartOf\":{\"@id\":\"https:\/\/jornalfatosenoticias.com.br\/#website\"},\"primaryImageOfPage\":{\"@id\":\"https:\/\/jornalfatosenoticias.com.br\/index.php\/2023\/03\/30\/alienacao-parental-pedofilia-violencia-barbarismo-a-perversidade-parte-v\/#primaryimage\"},\"image\":{\"@id\":\"https:\/\/jornalfatosenoticias.com.br\/index.php\/2023\/03\/30\/alienacao-parental-pedofilia-violencia-barbarismo-a-perversidade-parte-v\/#primaryimage\"},\"thumbnailUrl\":\"https:\/\/jornalfatosenoticias.com.br\/wp-content\/uploads\/2023\/03\/bebe-Quenia.jpg\",\"datePublished\":\"2023-03-30T16:24:44+00:00\",\"dateModified\":\"2023-03-30T16:24:45+00:00\",\"breadcrumb\":{\"@id\":\"https:\/\/jornalfatosenoticias.com.br\/index.php\/2023\/03\/30\/alienacao-parental-pedofilia-violencia-barbarismo-a-perversidade-parte-v\/#breadcrumb\"},\"inLanguage\":\"pt-BR\",\"potentialAction\":[{\"@type\":\"ReadAction\",\"target\":[\"https:\/\/jornalfatosenoticias.com.br\/index.php\/2023\/03\/30\/alienacao-parental-pedofilia-violencia-barbarismo-a-perversidade-parte-v\/\"]}]},{\"@type\":\"ImageObject\",\"inLanguage\":\"pt-BR\",\"@id\":\"https:\/\/jornalfatosenoticias.com.br\/index.php\/2023\/03\/30\/alienacao-parental-pedofilia-violencia-barbarismo-a-perversidade-parte-v\/#primaryimage\",\"url\":\"https:\/\/jornalfatosenoticias.com.br\/wp-content\/uploads\/2023\/03\/bebe-Quenia.jpg\",\"contentUrl\":\"https:\/\/jornalfatosenoticias.com.br\/wp-content\/uploads\/2023\/03\/bebe-Quenia.jpg\",\"width\":1000,\"height\":877},{\"@type\":\"BreadcrumbList\",\"@id\":\"https:\/\/jornalfatosenoticias.com.br\/index.php\/2023\/03\/30\/alienacao-parental-pedofilia-violencia-barbarismo-a-perversidade-parte-v\/#breadcrumb\",\"itemListElement\":[{\"@type\":\"ListItem\",\"position\":1,\"name\":\"In\u00edcio\",\"item\":\"https:\/\/jornalfatosenoticias.com.br\/\"},{\"@type\":\"ListItem\",\"position\":2,\"name\":\"Aliena\u00e7\u00e3o Parental, pedofilia, viol\u00eancia, barbarismo, a perversidade \u2014 Parte V\"}]},{\"@type\":\"WebSite\",\"@id\":\"https:\/\/jornalfatosenoticias.com.br\/#website\",\"url\":\"https:\/\/jornalfatosenoticias.com.br\/\",\"name\":\"Jornal Fatos e Not\u00edcias\",\"description\":\"Not\u00edcias em geral\",\"publisher\":{\"@id\":\"https:\/\/jornalfatosenoticias.com.br\/#organization\"},\"potentialAction\":[{\"@type\":\"SearchAction\",\"target\":{\"@type\":\"EntryPoint\",\"urlTemplate\":\"https:\/\/jornalfatosenoticias.com.br\/?s={search_term_string}\"},\"query-input\":{\"@type\":\"PropertyValueSpecification\",\"valueRequired\":true,\"valueName\":\"search_term_string\"}}],\"inLanguage\":\"pt-BR\"},{\"@type\":\"Organization\",\"@id\":\"https:\/\/jornalfatosenoticias.com.br\/#organization\",\"name\":\"Jornal Fatos e Not\u00edcias\",\"url\":\"https:\/\/jornalfatosenoticias.com.br\/\",\"logo\":{\"@type\":\"ImageObject\",\"inLanguage\":\"pt-BR\",\"@id\":\"https:\/\/jornalfatosenoticias.com.br\/#\/schema\/logo\/image\/\",\"url\":\"https:\/\/jornalfatosenoticias.com.br\/wp-content\/uploads\/2020\/02\/logo120.png\",\"contentUrl\":\"https:\/\/jornalfatosenoticias.com.br\/wp-content\/uploads\/2020\/02\/logo120.png\",\"width\":1227,\"height\":120,\"caption\":\"Jornal Fatos e Not\u00edcias\"},\"image\":{\"@id\":\"https:\/\/jornalfatosenoticias.com.br\/#\/schema\/logo\/image\/\"}},{\"@type\":\"Person\",\"@id\":\"https:\/\/jornalfatosenoticias.com.br\/#\/schema\/person\/c33fcf5fb02d729d3fec92c6737a22d1\",\"name\":\"Ana Maria Iencarelli\",\"image\":{\"@type\":\"ImageObject\",\"inLanguage\":\"pt-BR\",\"@id\":\"https:\/\/jornalfatosenoticias.com.br\/#\/schema\/person\/image\/\",\"url\":\"https:\/\/jornalfatosenoticias.com.br\/wp-content\/uploads\/2020\/02\/Ana-Maria-Iencarelli-1-150x150.jpg\",\"contentUrl\":\"https:\/\/jornalfatosenoticias.com.br\/wp-content\/uploads\/2020\/02\/Ana-Maria-Iencarelli-1-150x150.jpg\",\"caption\":\"Ana Maria Iencarelli\"},\"description\":\"Psicanalista Cl\u00ednica, especializada no atendimento a Crian\u00e7as e Adolescentes. Presidente da ONG Vozes de Anjos.\",\"url\":\"https:\/\/jornalfatosenoticias.com.br\/index.php\/author\/anamaria\/\"}]}<\/script>\n<!-- \/ Yoast SEO plugin. -->","yoast_head_json":{"title":"Aliena\u00e7\u00e3o Parental, pedofilia, viol\u00eancia, barbarismo, a perversidade \u2014 Parte V - Jornal Fatos e Not\u00edcias","robots":{"index":"index","follow":"follow","max-snippet":"max-snippet:-1","max-image-preview":"max-image-preview:large","max-video-preview":"max-video-preview:-1"},"canonical":"https:\/\/jornalfatosenoticias.com.br\/index.php\/2023\/03\/30\/alienacao-parental-pedofilia-violencia-barbarismo-a-perversidade-parte-v\/","og_locale":"pt_BR","og_type":"article","og_title":"Aliena\u00e7\u00e3o Parental, pedofilia, viol\u00eancia, barbarismo, a perversidade \u2014 Parte V - Jornal Fatos e Not\u00edcias","og_description":"Gardner \u2014 aquele m\u00e9dico americano que defendia a pedofilia como ben\u00e9fica para a Crian\u00e7a \u2014 instruiu as pessoas do sistema judici\u00e1rio a fazer o que ele chamou de \u201cterapia da amea\u00e7a\u201d Um Juiz de Direito que estupra, espanca, xinga, carimba a pele de mulheres, como se gado fossem, incluindo sua pr\u00f3pria mulher na execu\u00e7\u00e3o dessas [&hellip;]","og_url":"https:\/\/jornalfatosenoticias.com.br\/index.php\/2023\/03\/30\/alienacao-parental-pedofilia-violencia-barbarismo-a-perversidade-parte-v\/","og_site_name":"Jornal Fatos e Not\u00edcias","article_published_time":"2023-03-30T16:24:44+00:00","article_modified_time":"2023-03-30T16:24:45+00:00","og_image":[{"width":1000,"height":877,"url":"https:\/\/jornalfatosenoticias.com.br\/wp-content\/uploads\/2023\/03\/bebe-Quenia.jpg","type":"image\/jpeg"}],"author":"Ana Maria Iencarelli","twitter_card":"summary_large_image","twitter_misc":{"Escrito por":"Ana Maria Iencarelli","Est. tempo de leitura":"5 minutos"},"schema":{"@context":"https:\/\/schema.org","@graph":[{"@type":"Article","@id":"https:\/\/jornalfatosenoticias.com.br\/index.php\/2023\/03\/30\/alienacao-parental-pedofilia-violencia-barbarismo-a-perversidade-parte-v\/#article","isPartOf":{"@id":"https:\/\/jornalfatosenoticias.com.br\/index.php\/2023\/03\/30\/alienacao-parental-pedofilia-violencia-barbarismo-a-perversidade-parte-v\/"},"author":{"name":"Ana Maria Iencarelli","@id":"https:\/\/jornalfatosenoticias.com.br\/#\/schema\/person\/c33fcf5fb02d729d3fec92c6737a22d1"},"headline":"Aliena\u00e7\u00e3o Parental, pedofilia, viol\u00eancia, barbarismo, a perversidade \u2014 Parte V","datePublished":"2023-03-30T16:24:44+00:00","dateModified":"2023-03-30T16:24:45+00:00","mainEntityOfPage":{"@id":"https:\/\/jornalfatosenoticias.com.br\/index.php\/2023\/03\/30\/alienacao-parental-pedofilia-violencia-barbarismo-a-perversidade-parte-v\/"},"wordCount":1098,"commentCount":0,"publisher":{"@id":"https:\/\/jornalfatosenoticias.com.br\/#organization"},"image":{"@id":"https:\/\/jornalfatosenoticias.com.br\/index.php\/2023\/03\/30\/alienacao-parental-pedofilia-violencia-barbarismo-a-perversidade-parte-v\/#primaryimage"},"thumbnailUrl":"https:\/\/jornalfatosenoticias.com.br\/wp-content\/uploads\/2023\/03\/bebe-Quenia.jpg","keywords":["criminalidade","feminic\u00eddio","mortandade infantil","operadores de justi\u00e7a","sistema judici\u00e1rio"],"articleSection":["Comportamento &amp; Equil\u00edbrio"],"inLanguage":"pt-BR","potentialAction":[{"@type":"CommentAction","name":"Comment","target":["https:\/\/jornalfatosenoticias.com.br\/index.php\/2023\/03\/30\/alienacao-parental-pedofilia-violencia-barbarismo-a-perversidade-parte-v\/#respond"]}]},{"@type":"WebPage","@id":"https:\/\/jornalfatosenoticias.com.br\/index.php\/2023\/03\/30\/alienacao-parental-pedofilia-violencia-barbarismo-a-perversidade-parte-v\/","url":"https:\/\/jornalfatosenoticias.com.br\/index.php\/2023\/03\/30\/alienacao-parental-pedofilia-violencia-barbarismo-a-perversidade-parte-v\/","name":"Aliena\u00e7\u00e3o Parental, pedofilia, viol\u00eancia, barbarismo, a perversidade \u2014 Parte V - Jornal Fatos e Not\u00edcias","isPartOf":{"@id":"https:\/\/jornalfatosenoticias.com.br\/#website"},"primaryImageOfPage":{"@id":"https:\/\/jornalfatosenoticias.com.br\/index.php\/2023\/03\/30\/alienacao-parental-pedofilia-violencia-barbarismo-a-perversidade-parte-v\/#primaryimage"},"image":{"@id":"https:\/\/jornalfatosenoticias.com.br\/index.php\/2023\/03\/30\/alienacao-parental-pedofilia-violencia-barbarismo-a-perversidade-parte-v\/#primaryimage"},"thumbnailUrl":"https:\/\/jornalfatosenoticias.com.br\/wp-content\/uploads\/2023\/03\/bebe-Quenia.jpg","datePublished":"2023-03-30T16:24:44+00:00","dateModified":"2023-03-30T16:24:45+00:00","breadcrumb":{"@id":"https:\/\/jornalfatosenoticias.com.br\/index.php\/2023\/03\/30\/alienacao-parental-pedofilia-violencia-barbarismo-a-perversidade-parte-v\/#breadcrumb"},"inLanguage":"pt-BR","potentialAction":[{"@type":"ReadAction","target":["https:\/\/jornalfatosenoticias.com.br\/index.php\/2023\/03\/30\/alienacao-parental-pedofilia-violencia-barbarismo-a-perversidade-parte-v\/"]}]},{"@type":"ImageObject","inLanguage":"pt-BR","@id":"https:\/\/jornalfatosenoticias.com.br\/index.php\/2023\/03\/30\/alienacao-parental-pedofilia-violencia-barbarismo-a-perversidade-parte-v\/#primaryimage","url":"https:\/\/jornalfatosenoticias.com.br\/wp-content\/uploads\/2023\/03\/bebe-Quenia.jpg","contentUrl":"https:\/\/jornalfatosenoticias.com.br\/wp-content\/uploads\/2023\/03\/bebe-Quenia.jpg","width":1000,"height":877},{"@type":"BreadcrumbList","@id":"https:\/\/jornalfatosenoticias.com.br\/index.php\/2023\/03\/30\/alienacao-parental-pedofilia-violencia-barbarismo-a-perversidade-parte-v\/#breadcrumb","itemListElement":[{"@type":"ListItem","position":1,"name":"In\u00edcio","item":"https:\/\/jornalfatosenoticias.com.br\/"},{"@type":"ListItem","position":2,"name":"Aliena\u00e7\u00e3o Parental, pedofilia, viol\u00eancia, barbarismo, a perversidade \u2014 Parte V"}]},{"@type":"WebSite","@id":"https:\/\/jornalfatosenoticias.com.br\/#website","url":"https:\/\/jornalfatosenoticias.com.br\/","name":"Jornal Fatos e Not\u00edcias","description":"Not\u00edcias em geral","publisher":{"@id":"https:\/\/jornalfatosenoticias.com.br\/#organization"},"potentialAction":[{"@type":"SearchAction","target":{"@type":"EntryPoint","urlTemplate":"https:\/\/jornalfatosenoticias.com.br\/?s={search_term_string}"},"query-input":{"@type":"PropertyValueSpecification","valueRequired":true,"valueName":"search_term_string"}}],"inLanguage":"pt-BR"},{"@type":"Organization","@id":"https:\/\/jornalfatosenoticias.com.br\/#organization","name":"Jornal Fatos e Not\u00edcias","url":"https:\/\/jornalfatosenoticias.com.br\/","logo":{"@type":"ImageObject","inLanguage":"pt-BR","@id":"https:\/\/jornalfatosenoticias.com.br\/#\/schema\/logo\/image\/","url":"https:\/\/jornalfatosenoticias.com.br\/wp-content\/uploads\/2020\/02\/logo120.png","contentUrl":"https:\/\/jornalfatosenoticias.com.br\/wp-content\/uploads\/2020\/02\/logo120.png","width":1227,"height":120,"caption":"Jornal Fatos e Not\u00edcias"},"image":{"@id":"https:\/\/jornalfatosenoticias.com.br\/#\/schema\/logo\/image\/"}},{"@type":"Person","@id":"https:\/\/jornalfatosenoticias.com.br\/#\/schema\/person\/c33fcf5fb02d729d3fec92c6737a22d1","name":"Ana Maria Iencarelli","image":{"@type":"ImageObject","inLanguage":"pt-BR","@id":"https:\/\/jornalfatosenoticias.com.br\/#\/schema\/person\/image\/","url":"https:\/\/jornalfatosenoticias.com.br\/wp-content\/uploads\/2020\/02\/Ana-Maria-Iencarelli-1-150x150.jpg","contentUrl":"https:\/\/jornalfatosenoticias.com.br\/wp-content\/uploads\/2020\/02\/Ana-Maria-Iencarelli-1-150x150.jpg","caption":"Ana Maria Iencarelli"},"description":"Psicanalista Cl\u00ednica, especializada no atendimento a Crian\u00e7as e Adolescentes. Presidente da ONG Vozes de Anjos.","url":"https:\/\/jornalfatosenoticias.com.br\/index.php\/author\/anamaria\/"}]}},"cc_featured_image_caption":{"caption_text":"","source_text":"","source_url":""},"jetpack_featured_media_url":"https:\/\/jornalfatosenoticias.com.br\/wp-content\/uploads\/2023\/03\/bebe-Quenia.jpg","_links":{"self":[{"href":"https:\/\/jornalfatosenoticias.com.br\/index.php\/wp-json\/wp\/v2\/posts\/40132","targetHints":{"allow":["GET"]}}],"collection":[{"href":"https:\/\/jornalfatosenoticias.com.br\/index.php\/wp-json\/wp\/v2\/posts"}],"about":[{"href":"https:\/\/jornalfatosenoticias.com.br\/index.php\/wp-json\/wp\/v2\/types\/post"}],"author":[{"embeddable":true,"href":"https:\/\/jornalfatosenoticias.com.br\/index.php\/wp-json\/wp\/v2\/users\/8"}],"replies":[{"embeddable":true,"href":"https:\/\/jornalfatosenoticias.com.br\/index.php\/wp-json\/wp\/v2\/comments?post=40132"}],"version-history":[{"count":0,"href":"https:\/\/jornalfatosenoticias.com.br\/index.php\/wp-json\/wp\/v2\/posts\/40132\/revisions"}],"wp:featuredmedia":[{"embeddable":true,"href":"https:\/\/jornalfatosenoticias.com.br\/index.php\/wp-json\/wp\/v2\/media\/40135"}],"wp:attachment":[{"href":"https:\/\/jornalfatosenoticias.com.br\/index.php\/wp-json\/wp\/v2\/media?parent=40132"}],"wp:term":[{"taxonomy":"category","embeddable":true,"href":"https:\/\/jornalfatosenoticias.com.br\/index.php\/wp-json\/wp\/v2\/categories?post=40132"},{"taxonomy":"post_tag","embeddable":true,"href":"https:\/\/jornalfatosenoticias.com.br\/index.php\/wp-json\/wp\/v2\/tags?post=40132"}],"curies":[{"name":"wp","href":"https:\/\/api.w.org\/{rel}","templated":true}]}}