{"id":40137,"date":"2023-03-30T13:51:31","date_gmt":"2023-03-30T16:51:31","guid":{"rendered":"https:\/\/jornalfatosenoticias.com.br\/?p=40137"},"modified":"2023-03-30T13:51:32","modified_gmt":"2023-03-30T16:51:32","slug":"a-semana-em-brasilia-e-no-es","status":"publish","type":"post","link":"https:\/\/jornalfatosenoticias.com.br\/index.php\/2023\/03\/30\/a-semana-em-brasilia-e-no-es\/","title":{"rendered":"A Semana em Bras\u00edlia e no ES"},"content":{"rendered":"\n<div class=\"wp-block-image\"><figure class=\"aligncenter size-large is-resized\"><img loading=\"lazy\" decoding=\"async\" src=\"https:\/\/jornalfatosenoticias.com.br\/wp-content\/uploads\/2022\/10\/Arte-jornal-Zucchi-600x600_Prancheta-1-1024x1024.jpg\" alt=\"\" class=\"wp-image-34782\" width=\"279\" height=\"279\" srcset=\"https:\/\/jornalfatosenoticias.com.br\/wp-content\/uploads\/2022\/10\/Arte-jornal-Zucchi-600x600_Prancheta-1-1024x1024.jpg 1024w, https:\/\/jornalfatosenoticias.com.br\/wp-content\/uploads\/2022\/10\/Arte-jornal-Zucchi-600x600_Prancheta-1-300x300.jpg 300w, https:\/\/jornalfatosenoticias.com.br\/wp-content\/uploads\/2022\/10\/Arte-jornal-Zucchi-600x600_Prancheta-1-150x150.jpg 150w, https:\/\/jornalfatosenoticias.com.br\/wp-content\/uploads\/2022\/10\/Arte-jornal-Zucchi-600x600_Prancheta-1-768x768.jpg 768w, https:\/\/jornalfatosenoticias.com.br\/wp-content\/uploads\/2022\/10\/Arte-jornal-Zucchi-600x600_Prancheta-1.jpg 1250w\" sizes=\"auto, (max-width: 279px) 100vw, 279px\" \/><\/figure><\/div>\n\n\n\n<p><strong><span class=\"has-inline-color has-black-color\">IMPEACHMENT \u2014 01<br><\/span><\/strong>Nesta quarta-feira (29), o PL apresentou um pedido de impeachment por crime de responsabilidade contra Lula. O documento, que deve ser assinado por tr\u00eas dezenas de deputados federais, tem como motivo principal a acusa\u00e7\u00e3o infundada do petista que declarou publicamente que o senador S\u00e9rgio Moro (Uni\u00e3o Brasil \u2013 RJ) estaria fazendo uma \u201carma\u00e7\u00e3o\u201d no caso descoberto pela Pol\u00edcia Federal (PF) de que o PCC planejava sequestrar e matar o ex-juiz da Lava Jato e sua fam\u00edlia.<\/p>\n\n\n\n<div class=\"wp-block-image\"><figure class=\"aligncenter size-large\"><img loading=\"lazy\" decoding=\"async\" width=\"1024\" height=\"99\" src=\"https:\/\/jornalfatosenoticias.com.br\/wp-content\/uploads\/2020\/02\/Logo-Mizu-segunda-2-1024x99.png\" alt=\"\" class=\"wp-image-2353\" srcset=\"https:\/\/jornalfatosenoticias.com.br\/wp-content\/uploads\/2020\/02\/Logo-Mizu-segunda-2-1024x99.png 1024w, https:\/\/jornalfatosenoticias.com.br\/wp-content\/uploads\/2020\/02\/Logo-Mizu-segunda-2-300x29.png 300w, https:\/\/jornalfatosenoticias.com.br\/wp-content\/uploads\/2020\/02\/Logo-Mizu-segunda-2-768x74.png 768w, https:\/\/jornalfatosenoticias.com.br\/wp-content\/uploads\/2020\/02\/Logo-Mizu-segunda-2.png 1240w\" sizes=\"auto, (max-width: 1024px) 100vw, 1024px\" \/><\/figure><\/div>\n\n\n\n<p><strong><span class=\"has-inline-color has-black-color\"><em>IMPEACHMENT \u2014 02 \u2014 Grupo de 30 deputados protocola novo pedido de impeachment contra Lula<br><\/em><\/span><\/strong>Tamb\u00e9m nesta quarta-feira (29), um grupo de 30 deputados federais da oposi\u00e7\u00e3o apresentou pedido de impeachment contra Lula. O documento, de 20 p\u00e1ginas, foi encaminhado ao presidente da C\u00e2mara, Arthur Lira (PP-AL), e alega que o chefe do Poder Executivo cometeu crime de responsabilidade ao coagir um representante do Poder Legislativo, atacar institui\u00e7\u00f5es e agentes do estado e manter investigados em cargos de comando do governo federal.<\/p>\n\n\n\n<hr class=\"wp-block-separator\"\/>\n\n\n\n<div class=\"wp-block-image\"><figure class=\"aligncenter size-large\"><img decoding=\"async\" src=\"https:\/\/jornalfatosenoticias.com.br\/wp-content\/uploads\/2020\/02\/barao-das-carnes-300x164-1.jpg\" alt=\"\" class=\"wp-image-34339\"\/><\/figure><\/div>\n\n\n\n<h3 class=\"wp-block-heading\"><span class=\"has-inline-color has-black-color\">Senador Marcos do Val<br><\/span><\/h3>\n\n\n\n<div class=\"wp-block-image\"><figure class=\"aligncenter size-large\"><img loading=\"lazy\" decoding=\"async\" width=\"1000\" height=\"608\" src=\"https:\/\/jornalfatosenoticias.com.br\/wp-content\/uploads\/2023\/03\/marcos-do-val.jpg\" alt=\"\" class=\"wp-image-40138\" srcset=\"https:\/\/jornalfatosenoticias.com.br\/wp-content\/uploads\/2023\/03\/marcos-do-val.jpg 1000w, https:\/\/jornalfatosenoticias.com.br\/wp-content\/uploads\/2023\/03\/marcos-do-val-300x182.jpg 300w, https:\/\/jornalfatosenoticias.com.br\/wp-content\/uploads\/2023\/03\/marcos-do-val-768x467.jpg 768w\" sizes=\"auto, (max-width: 1000px) 100vw, 1000px\" \/><figcaption><em><span class=\"has-inline-color has-black-color\">(Foto: Pedro Fran\u00e7a\/Ag\u00eancia Senado)<\/span><\/em><\/figcaption><\/figure><\/div>\n\n\n\n<p>Foi aprovado, na Comiss\u00e3o de Constitui\u00e7\u00e3o e Justi\u00e7a (CCJ), o projeto 1.899\/2019, do senador Marcos do Val, que pro\u00edbe contrata\u00e7\u00e3o, pela Administra\u00e7\u00e3o P\u00fablica, de pessoas condenadas por crimes hediondos, bem como por crimes previstos na Lei de Drogas, crimes de viol\u00eancia dom\u00e9stica e familiar contra a mulher e crimes contra crian\u00e7as e adolescentes punidos com reclus\u00e3o.<\/p>\n\n\n\n<div class=\"wp-block-image\"><figure class=\"aligncenter size-large is-resized\"><img loading=\"lazy\" decoding=\"async\" src=\"https:\/\/jornalfatosenoticias.com.br\/wp-content\/uploads\/2020\/02\/casa-do-torresmo_portal.jpg\" alt=\"\" class=\"wp-image-34472\" width=\"313\" height=\"313\" srcset=\"https:\/\/jornalfatosenoticias.com.br\/wp-content\/uploads\/2020\/02\/casa-do-torresmo_portal.jpg 300w, https:\/\/jornalfatosenoticias.com.br\/wp-content\/uploads\/2020\/02\/casa-do-torresmo_portal-150x150.jpg 150w\" sizes=\"auto, (max-width: 313px) 100vw, 313px\" \/><\/figure><\/div>\n\n\n\n<blockquote class=\"wp-block-quote is-layout-flow wp-block-quote-is-layout-flow\"><p><span class=\"has-inline-color has-luminous-vivid-orange-color\">A sociedade brasileira vem reclamando do Poder P\u00fablico, em todos os n\u00edveis federativos, a intensifica\u00e7\u00e3o das a\u00e7\u00f5es punitivas contra condenados por crimes que atraem profundo rep\u00fadio social. Ent\u00e3o me pergunto o que se leva a crer que uma pessoa que cometeu crimes de tais naturezas possa ter a chance de ser contratado pelo administra\u00e7\u00e3o p\u00fablica. Para mim isso \u00e9 inadmiss\u00edvel!\u201d, afirmou o senador.<\/span><\/p><\/blockquote>\n\n\n\n<div class=\"wp-block-image\"><figure class=\"aligncenter size-large is-resized\"><img loading=\"lazy\" decoding=\"async\" src=\"https:\/\/jornalfatosenoticias.com.br\/wp-content\/uploads\/2023\/03\/Crypton-1000-\u00d7-900-px.png\" alt=\"\" class=\"wp-image-39189\" width=\"318\" height=\"286\" srcset=\"https:\/\/jornalfatosenoticias.com.br\/wp-content\/uploads\/2023\/03\/Crypton-1000-\u00d7-900-px.png 1000w, https:\/\/jornalfatosenoticias.com.br\/wp-content\/uploads\/2023\/03\/Crypton-1000-\u00d7-900-px-300x270.png 300w, https:\/\/jornalfatosenoticias.com.br\/wp-content\/uploads\/2023\/03\/Crypton-1000-\u00d7-900-px-768x691.png 768w\" sizes=\"auto, (max-width: 318px) 100vw, 318px\" \/><\/figure><\/div>\n\n\n\n<hr class=\"wp-block-separator\"\/>\n\n\n\n<h3 class=\"wp-block-heading\"><span class=\"has-inline-color has-black-color\">Confaz fixa al\u00edquotas de ICMS para gasolina e etanol anidro<\/span><\/h3>\n\n\n\n<div class=\"wp-block-image\"><figure class=\"aligncenter size-large\"><img loading=\"lazy\" decoding=\"async\" width=\"1000\" height=\"598\" src=\"https:\/\/jornalfatosenoticias.com.br\/wp-content\/uploads\/2023\/03\/Confaz-517.jpg\" alt=\"\" class=\"wp-image-40139\" srcset=\"https:\/\/jornalfatosenoticias.com.br\/wp-content\/uploads\/2023\/03\/Confaz-517.jpg 1000w, https:\/\/jornalfatosenoticias.com.br\/wp-content\/uploads\/2023\/03\/Confaz-517-300x179.jpg 300w, https:\/\/jornalfatosenoticias.com.br\/wp-content\/uploads\/2023\/03\/Confaz-517-768x459.jpg 768w\" sizes=\"auto, (max-width: 1000px) 100vw, 1000px\" \/><figcaption><em><span class=\"has-inline-color has-black-color\">(Foto: Marcello Casal Jr\/Ag\u00eancia Brasil)<\/span><\/em><\/figcaption><\/figure><\/div>\n\n\n\n<p>Na quarta-feira (29), o Conselho Nacional de Pol\u00edtica Fazend\u00e1ria (Confaz) divulgou o conv\u00eanio que estabelece as al\u00edquotas de Imposto sobre Circula\u00e7\u00e3o de Mercadorias e Servi\u00e7os (ICMS) para as opera\u00e7\u00f5es envolvendo gasolina e etanol anidro. Com o valor definido em R$ 1,4527 por litro, especialistas estimam que o pre\u00e7o da gasolina pode sofrer um aumento de at\u00e9 R$ 11,45%.<\/p>\n\n\n\n<div class=\"wp-block-image\"><figure class=\"aligncenter size-large is-resized\"><img loading=\"lazy\" decoding=\"async\" src=\"https:\/\/jornalfatosenoticias.com.br\/wp-content\/uploads\/2021\/10\/LOGO-JUNTOS-SOS-ES-AMBIENTAL.jpg\" alt=\"\" class=\"wp-image-23922\" width=\"300\" height=\"278\"\/><\/figure><\/div>\n\n\n\n<hr class=\"wp-block-separator\"\/>\n\n\n\n<h3 class=\"wp-block-heading\"><span class=\"has-inline-color has-black-color\">Picanha \u201ctrans\u201d \u2014 Deputado cobra promessa de campanha de Lula<\/span><\/h3>\n\n\n\n<div class=\"wp-block-image\"><figure class=\"aligncenter size-large\"><img loading=\"lazy\" decoding=\"async\" width=\"1024\" height=\"989\" src=\"https:\/\/jornalfatosenoticias.com.br\/wp-content\/uploads\/2023\/03\/Picanha-517-BBB-1024x989.jpg\" alt=\"\" class=\"wp-image-40140\" srcset=\"https:\/\/jornalfatosenoticias.com.br\/wp-content\/uploads\/2023\/03\/Picanha-517-BBB-1024x989.jpg 1024w, https:\/\/jornalfatosenoticias.com.br\/wp-content\/uploads\/2023\/03\/Picanha-517-BBB-300x290.jpg 300w, https:\/\/jornalfatosenoticias.com.br\/wp-content\/uploads\/2023\/03\/Picanha-517-BBB-768x742.jpg 768w, https:\/\/jornalfatosenoticias.com.br\/wp-content\/uploads\/2023\/03\/Picanha-517-BBB.jpg 1080w\" sizes=\"auto, (max-width: 1024px) 100vw, 1024px\" \/><\/figure><\/div>\n\n\n\n<p>O deputado federal Rodolfo Nogueira (PL-MS) usou a tribuna da C\u00e2mara dos Deputados para expressar sua insatisfa\u00e7\u00e3o com a forma como uma promessa de campanha de Luiz In\u00e1cio Lula da Silva (PT) est\u00e1 sendo \u2018cumprida\u2019. Segundo ele, Lula havia prometido que o brasileiro teria picanha na mesa, mas incentivou recentemente o consumo de ab\u00f3bora.<\/p>\n\n\n\n<div class=\"wp-block-image\"><figure class=\"aligncenter size-large is-resized\"><img loading=\"lazy\" decoding=\"async\" src=\"https:\/\/jornalfatosenoticias.com.br\/wp-content\/uploads\/2022\/10\/RC_800x750_page-0001.jpg\" alt=\"\" class=\"wp-image-35338\" width=\"299\" height=\"280\" srcset=\"https:\/\/jornalfatosenoticias.com.br\/wp-content\/uploads\/2022\/10\/RC_800x750_page-0001.jpg 400w, https:\/\/jornalfatosenoticias.com.br\/wp-content\/uploads\/2022\/10\/RC_800x750_page-0001-300x281.jpg 300w\" sizes=\"auto, (max-width: 299px) 100vw, 299px\" \/><\/figure><\/div>\n\n\n\n<hr class=\"wp-block-separator\"\/>\n\n\n\n<h3 class=\"wp-block-heading\"><span class=\"has-inline-color has-black-color\">Juiz da Lava Jato \u00e9 acusado de descumprir C\u00f3digo de Processo Penal<\/span><\/h3>\n\n\n\n<div class=\"wp-block-image\"><figure class=\"aligncenter size-large\"><img loading=\"lazy\" decoding=\"async\" width=\"1000\" height=\"563\" src=\"https:\/\/jornalfatosenoticias.com.br\/wp-content\/uploads\/2023\/03\/Appio-517.jpg\" alt=\"\" class=\"wp-image-40141\" srcset=\"https:\/\/jornalfatosenoticias.com.br\/wp-content\/uploads\/2023\/03\/Appio-517.jpg 1000w, https:\/\/jornalfatosenoticias.com.br\/wp-content\/uploads\/2023\/03\/Appio-517-300x169.jpg 300w, https:\/\/jornalfatosenoticias.com.br\/wp-content\/uploads\/2023\/03\/Appio-517-768x432.jpg 768w\" sizes=\"auto, (max-width: 1000px) 100vw, 1000px\" \/><figcaption><em><span class=\"has-inline-color has-black-color\">(Foto: Reprodu\u00e7\u00e3o\/Justi\u00e7a Federal)<\/span><\/em><\/figcaption><\/figure><\/div>\n\n\n\n<p>O juiz federal Eduardo Appio, que presidiu audi\u00eancia de Rodrigo Tecla Duran, descumpre C\u00f3digo de Processo Penal, ao ser acusado de n\u00e3o analisar pedido de suspei\u00e7\u00e3o apresentado pelo Minist\u00e9rio P\u00fablico Federal. A argui\u00e7\u00e3o de suspei\u00e7\u00e3o foi protocolada no in\u00edcio de mar\u00e7o, e o CPP determina que esse tipo de recurso seja analisado em at\u00e9 tr\u00eas dias, precedendo qualquer outro.<\/p>\n\n\n\n<div class=\"wp-block-image\"><figure class=\"aligncenter size-large\"><img loading=\"lazy\" decoding=\"async\" width=\"300\" height=\"250\" src=\"https:\/\/jornalfatosenoticias.com.br\/wp-content\/uploads\/2022\/08\/arte-Casarao.jpg\" alt=\"\" class=\"wp-image-33178\"\/><\/figure><\/div>\n\n\n\n<hr class=\"wp-block-separator\"\/>\n\n\n\n<h3 class=\"wp-block-heading\"><span class=\"has-inline-color has-black-color\">Mais uma do Pacheco, presidente do Senado Federal<\/span><\/h3>\n\n\n\n<div class=\"wp-block-image\"><figure class=\"aligncenter size-large\"><img loading=\"lazy\" decoding=\"async\" width=\"1000\" height=\"598\" src=\"https:\/\/jornalfatosenoticias.com.br\/wp-content\/uploads\/2023\/03\/Pacheco-517.jpg\" alt=\"\" class=\"wp-image-40142\" srcset=\"https:\/\/jornalfatosenoticias.com.br\/wp-content\/uploads\/2023\/03\/Pacheco-517.jpg 1000w, https:\/\/jornalfatosenoticias.com.br\/wp-content\/uploads\/2023\/03\/Pacheco-517-300x179.jpg 300w, https:\/\/jornalfatosenoticias.com.br\/wp-content\/uploads\/2023\/03\/Pacheco-517-768x459.jpg 768w\" sizes=\"auto, (max-width: 1000px) 100vw, 1000px\" \/><figcaption><em><span class=\"has-inline-color has-black-color\">(Foto: Pedro Gontijo\/Ag\u00eancia Senado)<\/span><\/em><\/figcaption><\/figure><\/div>\n\n\n\n<p>Presidente do Senado prop\u00f5e mudan\u00e7as na lei do impeachment que desconfiguram a prerrogativa constitucional do presidente da C\u00e2mara em decidir sobre a abertura do processo. A proposta conta com apoio do ministro Ricardo Lewandowski.<\/p>\n\n\n\n<div class=\"wp-block-image\"><figure class=\"aligncenter size-large\"><img decoding=\"async\" src=\"https:\/\/jornalfatosenoticias.com.br\/wp-content\/uploads\/2020\/02\/logo_esteio.jpg\" alt=\"\" class=\"wp-image-1214\"\/><\/figure><\/div>\n\n\n\n<hr class=\"wp-block-separator\"\/>\n\n\n\n<h3 class=\"wp-block-heading\"><span class=\"has-inline-color has-black-color\">MPSP pede interna\u00e7\u00e3o provis\u00f3ria de adolescente respons\u00e1vel por ataque em escola<\/span><\/h3>\n\n\n\n<div class=\"wp-block-image\"><figure class=\"aligncenter size-large\"><img loading=\"lazy\" decoding=\"async\" width=\"1000\" height=\"734\" src=\"https:\/\/jornalfatosenoticias.com.br\/wp-content\/uploads\/2023\/03\/ataque-escola-SP.jpg\" alt=\"\" class=\"wp-image-40143\" srcset=\"https:\/\/jornalfatosenoticias.com.br\/wp-content\/uploads\/2023\/03\/ataque-escola-SP.jpg 1000w, https:\/\/jornalfatosenoticias.com.br\/wp-content\/uploads\/2023\/03\/ataque-escola-SP-300x220.jpg 300w, https:\/\/jornalfatosenoticias.com.br\/wp-content\/uploads\/2023\/03\/ataque-escola-SP-768x564.jpg 768w\" sizes=\"auto, (max-width: 1000px) 100vw, 1000px\" \/><figcaption><em><span class=\"has-inline-color has-black-color\">(Foto: Reprodu\u00e7\u00e3o)<\/span><\/em><\/figcaption><\/figure><\/div>\n\n\n\n<p>O Minist\u00e9rio P\u00fablico de S\u00e3o Paulo (MP-SP) solicitou, na ter\u00e7a-feira (28), a interna\u00e7\u00e3o provis\u00f3ria do adolescente de 13 anos respons\u00e1vel pelo ataque que deixou uma professora morta e outras quatro pessoas feridas na escola estadual Thomazia Montoro, na zona oeste da capital paulista, na segunda-feira (27).<br>Segundo informou a CNN, a representa\u00e7\u00e3o com o pedido de interna\u00e7\u00e3o foi peticionada pela Promotoria, que agora aguarda decis\u00e3o da Justi\u00e7a. O MP solicitou ainda que o jovem passe por avalia\u00e7\u00e3o de uma equipe da Funda\u00e7\u00e3o Casa e por avalia\u00e7\u00e3o psiqui\u00e1trica.<\/p>\n\n\n\n<div class=\"wp-block-image\"><figure class=\"aligncenter size-large is-resized\"><img loading=\"lazy\" decoding=\"async\" src=\"https:\/\/jornalfatosenoticias.com.br\/wp-content\/uploads\/2022\/07\/Logo-Grupo-SEI.jpg\" alt=\"\" class=\"wp-image-31973\" width=\"341\" height=\"179\" srcset=\"https:\/\/jornalfatosenoticias.com.br\/wp-content\/uploads\/2022\/07\/Logo-Grupo-SEI.jpg 713w, https:\/\/jornalfatosenoticias.com.br\/wp-content\/uploads\/2022\/07\/Logo-Grupo-SEI-300x158.jpg 300w\" sizes=\"auto, (max-width: 341px) 100vw, 341px\" \/><\/figure><\/div>\n\n\n\n<hr class=\"wp-block-separator\"\/>\n\n\n\n<h3 class=\"wp-block-heading\"><span class=\"has-inline-color has-black-color\">Plen\u00e1rio do TSE confirma multa de R$ 30 mil contra Nikolas Ferreira<\/span><\/h3>\n\n\n\n<div class=\"wp-block-image\"><figure class=\"aligncenter size-large\"><img loading=\"lazy\" decoding=\"async\" width=\"850\" height=\"480\" src=\"https:\/\/jornalfatosenoticias.com.br\/wp-content\/uploads\/2023\/03\/MULTA-NIKOLAS-FERREIRA.jpg\" alt=\"\" class=\"wp-image-40144\" srcset=\"https:\/\/jornalfatosenoticias.com.br\/wp-content\/uploads\/2023\/03\/MULTA-NIKOLAS-FERREIRA.jpg 850w, https:\/\/jornalfatosenoticias.com.br\/wp-content\/uploads\/2023\/03\/MULTA-NIKOLAS-FERREIRA-300x169.jpg 300w, https:\/\/jornalfatosenoticias.com.br\/wp-content\/uploads\/2023\/03\/MULTA-NIKOLAS-FERREIRA-768x434.jpg 768w\" sizes=\"auto, (max-width: 850px) 100vw, 850px\" \/><figcaption><em><span class=\"has-inline-color has-black-color\">(Foto: Reprodu\u00e7\u00e3o)<\/span><\/em><\/figcaption><\/figure><\/div>\n\n\n\n<p>O Tribunal Superior Eleitoral (TSE) confirmou uma decis\u00e3o que determina a retirada de um v\u00eddeo postado pelo deputado federal Nikolas Ferreira (PL-MG) durante as elei\u00e7\u00f5es presidenciais de 2022. Na mat\u00e9ria, o parlamentar acusou o ent\u00e3o candidato \u00e0 presid\u00eancia Luiz In\u00e1cio Lula da Silva (PT) de desviar R$ 242,2 bilh\u00f5es da sa\u00fade p\u00fablica brasileira durante os tr\u00eas primeiros governos petistas. ABSURDO! Falar a verdade agora \u00e9 proibido no Pa\u00eds.<\/p>\n\n\n\n<div class=\"wp-block-image\"><figure class=\"aligncenter size-large is-resized\"><img loading=\"lazy\" decoding=\"async\" src=\"https:\/\/jornalfatosenoticias.com.br\/wp-content\/uploads\/2022\/02\/Precisao-Contabilidade-1024x724.jpg\" alt=\"\" class=\"wp-image-28088\" width=\"331\" height=\"234\"\/><\/figure><\/div>\n\n\n\n<hr class=\"wp-block-separator\"\/>\n\n\n\n<h3 class=\"wp-block-heading\"><span class=\"has-inline-color has-black-color\">Desafio da deputada federal Ros\u00e2ngela Moro<\/span><\/h3>\n\n\n\n<div class=\"wp-block-image\"><figure class=\"aligncenter size-large\"><img loading=\"lazy\" decoding=\"async\" width=\"1000\" height=\"562\" src=\"https:\/\/jornalfatosenoticias.com.br\/wp-content\/uploads\/2023\/03\/ROSANGELA-MORO-PODEMOS.jpg\" alt=\"\" class=\"wp-image-40145\" srcset=\"https:\/\/jornalfatosenoticias.com.br\/wp-content\/uploads\/2023\/03\/ROSANGELA-MORO-PODEMOS.jpg 1000w, https:\/\/jornalfatosenoticias.com.br\/wp-content\/uploads\/2023\/03\/ROSANGELA-MORO-PODEMOS-300x169.jpg 300w, https:\/\/jornalfatosenoticias.com.br\/wp-content\/uploads\/2023\/03\/ROSANGELA-MORO-PODEMOS-768x432.jpg 768w\" sizes=\"auto, (max-width: 1000px) 100vw, 1000px\" \/><figcaption><em><span class=\"has-inline-color has-black-color\">(Foto: Folhapress)<\/span><\/em><\/figcaption><\/figure><\/div>\n\n\n\n<p>A deputada federal Ros\u00e2ngela Moro (Uni\u00e3o-SP) desafiou o governo federal a combater a desinforma\u00e7\u00e3o espalhada pelo presidente, em meio \u00e0 campanha \u201cBrasil contra Fake\u201d, que visa combater discursos de \u00f3dio no Pa\u00eds.<br>Inspirada pela iniciativa do Pal\u00e1cio do Planalto, a campanha lan\u00e7ada pelo governo Lula no \u00faltimo final de semana, a deputada desafiou o pr\u00f3prio chefe do Pal\u00e1cio do Planalto em rela\u00e7\u00e3o \u00e0 Opera\u00e7\u00e3o Sequaz.<\/p>\n\n\n\n<div class=\"wp-block-image\"><figure class=\"aligncenter size-large is-resized\"><img loading=\"lazy\" decoding=\"async\" src=\"https:\/\/jornalfatosenoticias.com.br\/wp-content\/uploads\/2020\/02\/logo-embacia.jpg\" alt=\"\" class=\"wp-image-33905\" width=\"301\" height=\"301\"\/><\/figure><\/div>\n\n\n\n<hr class=\"wp-block-separator\"\/>\n\n\n\n<h3 class=\"wp-block-heading\"><span class=\"has-inline-color has-black-color\">CCJ aprova projeto que impede guarda compartilhada em caso de viol\u00eancia<\/span><\/h3>\n\n\n\n<div class=\"wp-block-image\"><figure class=\"aligncenter size-large\"><img loading=\"lazy\" decoding=\"async\" width=\"1000\" height=\"662\" src=\"https:\/\/jornalfatosenoticias.com.br\/wp-content\/uploads\/2023\/03\/Rodrigo-cunha-517.jpg\" alt=\"\" class=\"wp-image-40146\" srcset=\"https:\/\/jornalfatosenoticias.com.br\/wp-content\/uploads\/2023\/03\/Rodrigo-cunha-517.jpg 1000w, https:\/\/jornalfatosenoticias.com.br\/wp-content\/uploads\/2023\/03\/Rodrigo-cunha-517-300x199.jpg 300w, https:\/\/jornalfatosenoticias.com.br\/wp-content\/uploads\/2023\/03\/Rodrigo-cunha-517-768x508.jpg 768w\" sizes=\"auto, (max-width: 1000px) 100vw, 1000px\" \/><figcaption><em><span class=\"has-inline-color has-black-color\">Senador Rodrigo Cunha<\/span><\/em> <em><span class=\"has-inline-color has-black-color\">(Foto: Pedro Fran\u00e7a\/Ag\u00eancia Senado)<\/span><\/em><\/figcaption><\/figure><\/div>\n\n\n\n<p>A Comiss\u00e3o de Constitui\u00e7\u00e3o e Justi\u00e7a (CCJ) aprovou, nesta quarta-feira (29), o projeto de lei (PL) 2.491\/2019, que estabelece o risco de viol\u00eancia dom\u00e9stica ou familiar como impedimento \u00e0 guarda compartilhada de crian\u00e7as e adolescentes. A proposta tamb\u00e9m imp\u00f5e ao juiz o dever de indagar previamente o Minist\u00e9rio P\u00fablico e as partes sobre situa\u00e7\u00f5es de viol\u00eancia dom\u00e9stica ou familiar envolvendo o casal ou os filhos.<\/p>\n\n\n\n<div class=\"wp-block-image\"><figure class=\"aligncenter size-large\"><img loading=\"lazy\" decoding=\"async\" width=\"300\" height=\"250\" src=\"https:\/\/jornalfatosenoticias.com.br\/wp-content\/uploads\/2022\/02\/Banner-2.png\" alt=\"\" class=\"wp-image-27877\"\/><\/figure><\/div>\n\n\n\n<p>O texto do senador Rodrigo Cunha (Uni\u00e3o-AL) altera C\u00f3digo Civil (Lei 10.406, de 2002) e o C\u00f3digo de Processo Civil (Lei 13.105, de 2015). A mat\u00e9ria recebeu parecer favor\u00e1vel da senadora Eliziane Gama (PSD-MA) e segue para a C\u00e2mara dos Deputados, se n\u00e3o houver pedido para vota\u00e7\u00e3o pelo Plen\u00e1rio.<br>Segundo o PL 2.491\/2019, se houver hist\u00f3rico, amea\u00e7a ou risco de viol\u00eancia dom\u00e9stica ou familiar, o juiz n\u00e3o deve aplicar a guarda compartilhada entre os pais ou familiares da crian\u00e7a. Estabelece ainda que o juiz, no processo de guarda, deve indagar \u00e0s partes e ao Minist\u00e9rio P\u00fablico se h\u00e1 ou n\u00e3o risco de viol\u00eancia dom\u00e9stica ou familiar, abrindo prazo de cinco dias para a juntada de provas.<\/p>\n\n\n\n<div class=\"wp-block-image\"><figure class=\"aligncenter size-large is-resized\"><img loading=\"lazy\" decoding=\"async\" src=\"https:\/\/jornalfatosenoticias.com.br\/wp-content\/uploads\/2020\/02\/logo-Panper_portal.jpg\" alt=\"\" class=\"wp-image-34474\" width=\"306\" height=\"212\" srcset=\"https:\/\/jornalfatosenoticias.com.br\/wp-content\/uploads\/2020\/02\/logo-Panper_portal.jpg 400w, https:\/\/jornalfatosenoticias.com.br\/wp-content\/uploads\/2020\/02\/logo-Panper_portal-300x208.jpg 300w\" sizes=\"auto, (max-width: 306px) 100vw, 306px\" \/><\/figure><\/div>\n\n\n\n<p>Segundo Rodrigo Cunha, o objetivo \u00e9 que o juiz e o representante do Minist\u00e9rio P\u00fablico tomem conhecimento de situa\u00e7\u00f5es de viol\u00eancia dom\u00e9stica e familiar envolvendo as partes do processo de guarda. &#8220;Se houver prova de risco \u00e0 vida, sa\u00fade, integridade f\u00edsica ou psicol\u00f3gica da crian\u00e7a ou do outro genitor, a guarda da crian\u00e7a deve ser entregue \u00e0quele que n\u00e3o seja o respons\u00e1vel pela situa\u00e7\u00e3o de viol\u00eancia dom\u00e9stica ou familiar. (\u2026) Cabe ao juiz determinar, de imediato, a guarda unilateral ao genitor n\u00e3o respons\u00e1vel pela viol\u00eancia&#8221;, argumenta o senador na justificativa do projeto.<br>No parecer, Eliziane afirma que &#8220;viol\u00eancias f\u00edsica ou psicol\u00f3gica deixam marcas profundas na forma\u00e7\u00e3o da crian\u00e7a e do adolescente, amea\u00e7ando o seu bem-estar durante o resto da vida&#8221;. Segundo a relatora, o Congresso Nacional j\u00e1 aprovou outras iniciativas &#8220;en\u00e9rgicas&#8221; para prevenir riscos de exposi\u00e7\u00e3o de jovens \u00e0 viol\u00eancia.<\/p>\n\n\n\n<div class=\"wp-block-image\"><figure class=\"aligncenter size-large is-resized\"><img loading=\"lazy\" decoding=\"async\" src=\"https:\/\/jornalfatosenoticias.com.br\/wp-content\/uploads\/2022\/08\/logo-locau-veiculos-1024x573.png\" alt=\"\" class=\"wp-image-33078\" width=\"316\" height=\"176\"\/><\/figure><\/div>\n\n\n\n<p>&#8220;Recentemente, entregamos \u00e0 na\u00e7\u00e3o a Lei 13.715, de 2018, que estabeleceu a perda do poder familiar do genitor que tenha sido condenado por crime doloso cometido contra o outro genitor ou contra o descendente. Pais ou m\u00e3es violentos t\u00eam de perder o poder familiar! E essa preocupa\u00e7\u00e3o do Parlamento com a integridade f\u00edsica e psicol\u00f3gica dos nossos pequenos tem de continuar&#8221;, argumentou Eliziane Gama.<br>Ela considera que os ju\u00edzes, ao se depararem com riscos de exposi\u00e7\u00e3o de um filho \u00e0 viol\u00eancia dom\u00e9stica praticada por um dos pais, t\u00eam de agir preventivamente, repelindo o genitor agressor da esfera de conv\u00edvio do filho. \u201cN\u00e3o \u00e9 s\u00f3 suprimir o per\u00edodo de conviv\u00eancia, mas tamb\u00e9m exclui-lo da tomada de decis\u00f5es do quotidiano do jovem. A guarda, pois, n\u00e3o pode ser compartilhada em hip\u00f3teses como essa\u201d, afirma.<\/p>\n\n\n\n<div class=\"wp-block-image\"><figure class=\"aligncenter size-large is-resized\"><img loading=\"lazy\" decoding=\"async\" src=\"https:\/\/jornalfatosenoticias.com.br\/wp-content\/uploads\/2020\/02\/nova-logo-Marquetti.jpg\" alt=\"\" class=\"wp-image-22331\" width=\"292\" height=\"196\" srcset=\"https:\/\/jornalfatosenoticias.com.br\/wp-content\/uploads\/2020\/02\/nova-logo-Marquetti.jpg 643w, https:\/\/jornalfatosenoticias.com.br\/wp-content\/uploads\/2020\/02\/nova-logo-Marquetti-300x202.jpg 300w\" sizes=\"auto, (max-width: 292px) 100vw, 292px\" \/><\/figure><\/div>\n\n\n\n<p>Eliziane Gama ressalta que o C\u00f3digo Civil e o Estatuto da Crian\u00e7a e do Adolescente j\u00e1 determinam que o juiz, quando constatar a exist\u00eancia de motivos graves, pode regular a guarda de modo peculiar, afastando a guarda compartilhada. Essa medida j\u00e1 abrange a exposi\u00e7\u00e3o da crian\u00e7a e do adolescente a riscos de viol\u00eancia. Para ela, no entanto, o projeto busca \u201cafastar qualquer d\u00favida\u201d sobre o tema.<\/p>\n\n\n\n<hr class=\"wp-block-separator\"\/>\n\n\n\n<h3 class=\"wp-block-heading\"><span class=\"has-inline-color has-black-color\">Extin\u00e7\u00e3o da Funasa divide opini\u00f5es na Comiss\u00e3o de Infraestrutura<\/span><\/h3>\n\n\n\n<div class=\"wp-block-image\"><figure class=\"aligncenter size-large\"><img loading=\"lazy\" decoding=\"async\" width=\"700\" height=\"463\" src=\"https:\/\/jornalfatosenoticias.com.br\/wp-content\/uploads\/2023\/03\/funasa-517.jpeg\" alt=\"\" class=\"wp-image-40147\" srcset=\"https:\/\/jornalfatosenoticias.com.br\/wp-content\/uploads\/2023\/03\/funasa-517.jpeg 700w, https:\/\/jornalfatosenoticias.com.br\/wp-content\/uploads\/2023\/03\/funasa-517-300x198.jpeg 300w\" sizes=\"auto, (max-width: 700px) 100vw, 700px\" \/><figcaption><em><span class=\"has-inline-color has-black-color\">(Foto: Arquivo\/Ag\u00eancia Brasil)<\/span><\/em><\/figcaption><\/figure><\/div>\n\n\n\n<div class=\"wp-block-image\"><figure class=\"aligncenter size-large\"><img decoding=\"async\" src=\"https:\/\/jornalfatosenoticias.com.br\/wp-content\/uploads\/2020\/02\/Logomarca-Principal.gif\" alt=\"\" class=\"wp-image-7872\"\/><\/figure><\/div>\n\n\n\n<p>A extin\u00e7\u00e3o da Funda\u00e7\u00e3o Nacional de Sa\u00fade (Funasa) por meio da Medida Provis\u00f3ria (MP) 1.156\/2023 dividiu opini\u00f5es em audi\u00eancia na Comiss\u00e3o de Infraestrutura (CI) nesta quarta-feira (29). Enquanto representantes do governo defenderam a extin\u00e7\u00e3o do \u00f3rg\u00e3o e a realoca\u00e7\u00e3o de seus funcion\u00e1rios e programas nos minist\u00e9rios da Sa\u00fade e das Cidades, senadores e servidores da Funasa criticaram a proposta. A MP ainda aguarda a designa\u00e7\u00e3o de senadores e deputados para a comiss\u00e3o mista.<br>A reuni\u00e3o foi conduzida pela senadora Daniella Ribeiro (PSD-PB), uma das signat\u00e1rias da audi\u00eancia p\u00fablica. A parlamentar disse estranhar que o governo Lula tenha optado pela extin\u00e7\u00e3o da Funasa. Para ela, a funda\u00e7\u00e3o tem o potencial de a\u00e7\u00e3o social que, a seu ver, o governo tenta dar \u00e0 gest\u00e3o p\u00fablica nos pr\u00f3ximos quatro anos. Daniella criticou fortemente o desmonte que a Funasa j\u00e1 vem sofrendo \u2014 antes mesmo da vota\u00e7\u00e3o da MP \u2014 e garantiu que esse desmonte n\u00e3o ir\u00e1 influenciar os parlamentares.<\/p>\n\n\n\n<div class=\"wp-block-image\"><figure class=\"aligncenter size-large\"><img loading=\"lazy\" decoding=\"async\" width=\"300\" height=\"222\" src=\"https:\/\/jornalfatosenoticias.com.br\/wp-content\/uploads\/2023\/03\/logo_Juliana-Graca.jpg\" alt=\"\" class=\"wp-image-39283\"\/><\/figure><\/div>\n\n\n\n<blockquote class=\"wp-block-quote is-layout-flow wp-block-quote-is-layout-flow\"><p><span class=\"has-inline-color has-luminous-vivid-orange-color\">O desmonte n\u00e3o intimida nenhum senador ou deputado. Se est\u00e3o desmontando, a decis\u00e3o final ser\u00e1 do Parlamento e, dependendo do nosso texto final, v\u00e3o ter que remontar a Funasa talvez at\u00e9 mais estruturada do que estava. Al\u00e9m disso, a extin\u00e7\u00e3o da Funasa traz desemprego sim, porque os terceirizados e as milhares de parcerias com munic\u00edpios v\u00e3o ser prejudicados\u201d.<\/span><\/p><\/blockquote>\n\n\n\n<p>Daniella tamb\u00e9m concordou com a proposta do senador Cleitinho (Republicanos-MG) para que uma comiss\u00e3o da CI se re\u00fana com o presidente do Congresso, senador Rodrigo Pacheco, visando articula\u00e7\u00f5es para derrubar a MP 1.156.<br>Para a senadora Tereza Cristina (PP-MS), o Parlamento deve refor\u00e7ar o or\u00e7amento da Funasa, e n\u00e3o extingui-la. J\u00e1 Izalci Lucas (PSDB-DF) teme que passar as pol\u00edticas p\u00fablicas da Funasa para os minist\u00e9rios prejudicar\u00e1 ainda mais o cen\u00e1rio de saneamento b\u00e1sico, j\u00e1 que a seu ver as pastas federais tem como marca registrada &#8220;o excesso de burocratismo&#8221; e a infraestrutura pouco capilarizada.<\/p>\n\n\n\n<div class=\"wp-block-image\"><figure class=\"aligncenter size-large\"><img loading=\"lazy\" decoding=\"async\" width=\"300\" height=\"250\" src=\"https:\/\/jornalfatosenoticias.com.br\/wp-content\/uploads\/2022\/02\/FERRARI_MAQUINAS-E-FERRAMENTAS2.jpg\" alt=\"\" class=\"wp-image-27860\"\/><\/figure><\/div>\n\n\n\n<p>Soraya Thronicke (Uni\u00e3o-MS) foi outra que reclamou que a maioria dos prefeitos faz cr\u00edticas \u00e0 burocracia nas parcerias com os minist\u00e9rios. O presidente da CI, senador Conf\u00facio Moura (MDB-RO), n\u00e3o descarta que a MP 1.156 nem sequer seja votada, diante do impasse em torno da tramita\u00e7\u00e3o das MPs que envolve Senado e C\u00e2mara. Se a MP perder a validade por n\u00e3o ser deliberada em at\u00e9 120 dias (caso o prazo de 60 dias seja prorrogado), a Funasa n\u00e3o ser\u00e1 extinta.<br>A vis\u00e3o do governo<br>Representante do Minist\u00e9rio das Cidades, Jamaci Avelino do Nascimento J\u00fanior alegou que os indicadores de desempenho de saneamento da Funasa n\u00e3o convergem com as metas do Plano Nacional de Saneamento B\u00e1sico (Plansab), conforme ac\u00f3rd\u00e3os do Tribunal de Contas da Uni\u00e3o (TCU). H\u00e1 uma elevada chance das metas de cobertura de esgotamento sanit\u00e1rio rural e de universaliza\u00e7\u00e3o do abastecimento de \u00e1gua dos domic\u00edlios rurais n\u00e3o serem alcan\u00e7adas, segundo o servidor.<br>Nascimento J\u00fanior acrescentou que a Funasa n\u00e3o desenvolveu estrat\u00e9gias para enfrentar a estimativa de redu\u00e7\u00e3o de 90% no seu quadro de pessoal nos pr\u00f3ximos quatro anos, o que p\u00f5e em risco sua viabilidade operacional. Ele alegou ainda que &#8220;a estrat\u00e9gia da Funasa para enfrentar o cen\u00e1rio de escassez de recursos or\u00e7ament\u00e1rios podia colocar em risco o cumprimento das metas do Plansab em si, que s\u00e3o de universaliza\u00e7\u00e3o do acesso \u00e0 \u00e1gua, do esgotamento sanit\u00e1rio, res\u00edduos s\u00f3lidos, drenagem, etc.&#8221;.<\/p>\n","protected":false},"excerpt":{"rendered":"<p>IMPEACHMENT \u2014 01Nesta quarta-feira (29), o PL apresentou um pedido de impeachment por crime de responsabilidade contra Lula. O documento, que deve ser assinado por tr\u00eas dezenas de deputados federais, tem como motivo principal a acusa\u00e7\u00e3o infundada do petista que declarou publicamente que o senador S\u00e9rgio Moro (Uni\u00e3o Brasil \u2013 RJ) estaria fazendo uma \u201carma\u00e7\u00e3o\u201d [&hellip;]<\/p>\n","protected":false},"author":3,"featured_media":40148,"comment_status":"open","ping_status":"open","sticky":false,"template":"","format":"standard","meta":{"footnotes":""},"categories":[10],"tags":[18820,2140,18663,545],"class_list":["post-40137","post","type-post","status-publish","format-standard","has-post-thumbnail","hentry","category-politica","tag-fatos-politicos","tag-impeachment","tag-impeachment-de-lula","tag-politica"],"yoast_head":"<!-- This site is optimized with the Yoast SEO plugin v26.5 - https:\/\/yoast.com\/wordpress\/plugins\/seo\/ -->\n<title>A Semana em Bras\u00edlia e no ES - Jornal Fatos e Not\u00edcias<\/title>\n<meta name=\"robots\" content=\"index, follow, max-snippet:-1, max-image-preview:large, max-video-preview:-1\" \/>\n<link rel=\"canonical\" href=\"https:\/\/jornalfatosenoticias.com.br\/index.php\/2023\/03\/30\/a-semana-em-brasilia-e-no-es\/\" \/>\n<meta property=\"og:locale\" content=\"pt_BR\" \/>\n<meta property=\"og:type\" content=\"article\" \/>\n<meta property=\"og:title\" content=\"A Semana em Bras\u00edlia e no ES - Jornal Fatos e Not\u00edcias\" \/>\n<meta property=\"og:description\" content=\"IMPEACHMENT \u2014 01Nesta quarta-feira (29), o PL apresentou um pedido de impeachment por crime de responsabilidade contra Lula. O documento, que deve ser assinado por tr\u00eas dezenas de deputados federais, tem como motivo principal a acusa\u00e7\u00e3o infundada do petista que declarou publicamente que o senador S\u00e9rgio Moro (Uni\u00e3o Brasil \u2013 RJ) estaria fazendo uma \u201carma\u00e7\u00e3o\u201d [&hellip;]\" \/>\n<meta property=\"og:url\" content=\"https:\/\/jornalfatosenoticias.com.br\/index.php\/2023\/03\/30\/a-semana-em-brasilia-e-no-es\/\" \/>\n<meta property=\"og:site_name\" content=\"Jornal Fatos e Not\u00edcias\" \/>\n<meta property=\"article:published_time\" content=\"2023-03-30T16:51:31+00:00\" \/>\n<meta property=\"article:modified_time\" content=\"2023-03-30T16:51:32+00:00\" \/>\n<meta property=\"og:image\" content=\"https:\/\/jornalfatosenoticias.com.br\/wp-content\/uploads\/2023\/03\/Lula-517-BBB.jpg\" \/>\n\t<meta property=\"og:image:width\" content=\"1000\" \/>\n\t<meta property=\"og:image:height\" content=\"562\" \/>\n\t<meta property=\"og:image:type\" content=\"image\/jpeg\" \/>\n<meta name=\"author\" content=\"Haroldo Filho\" \/>\n<meta name=\"twitter:card\" content=\"summary_large_image\" \/>\n<meta name=\"twitter:label1\" content=\"Escrito por\" \/>\n\t<meta name=\"twitter:data1\" content=\"Haroldo Filho\" \/>\n\t<meta name=\"twitter:label2\" content=\"Est. tempo de leitura\" \/>\n\t<meta name=\"twitter:data2\" content=\"11 minutos\" \/>\n<script type=\"application\/ld+json\" class=\"yoast-schema-graph\">{\"@context\":\"https:\/\/schema.org\",\"@graph\":[{\"@type\":\"Article\",\"@id\":\"https:\/\/jornalfatosenoticias.com.br\/index.php\/2023\/03\/30\/a-semana-em-brasilia-e-no-es\/#article\",\"isPartOf\":{\"@id\":\"https:\/\/jornalfatosenoticias.com.br\/index.php\/2023\/03\/30\/a-semana-em-brasilia-e-no-es\/\"},\"author\":{\"name\":\"Haroldo Filho\",\"@id\":\"https:\/\/jornalfatosenoticias.com.br\/#\/schema\/person\/05c46cc25b42a5c27e004fb0fa6b4965\"},\"headline\":\"A Semana em Bras\u00edlia e no ES\",\"datePublished\":\"2023-03-30T16:51:31+00:00\",\"dateModified\":\"2023-03-30T16:51:32+00:00\",\"mainEntityOfPage\":{\"@id\":\"https:\/\/jornalfatosenoticias.com.br\/index.php\/2023\/03\/30\/a-semana-em-brasilia-e-no-es\/\"},\"wordCount\":2131,\"commentCount\":0,\"publisher\":{\"@id\":\"https:\/\/jornalfatosenoticias.com.br\/#organization\"},\"image\":{\"@id\":\"https:\/\/jornalfatosenoticias.com.br\/index.php\/2023\/03\/30\/a-semana-em-brasilia-e-no-es\/#primaryimage\"},\"thumbnailUrl\":\"https:\/\/jornalfatosenoticias.com.br\/wp-content\/uploads\/2023\/03\/Lula-517-BBB.jpg\",\"keywords\":[\"fatos pol\u00edticos\",\"impeachment\",\"impeachment de Lula\",\"pol\u00edtica\"],\"articleSection\":[\"Pol\u00edtica\"],\"inLanguage\":\"pt-BR\",\"potentialAction\":[{\"@type\":\"CommentAction\",\"name\":\"Comment\",\"target\":[\"https:\/\/jornalfatosenoticias.com.br\/index.php\/2023\/03\/30\/a-semana-em-brasilia-e-no-es\/#respond\"]}]},{\"@type\":\"WebPage\",\"@id\":\"https:\/\/jornalfatosenoticias.com.br\/index.php\/2023\/03\/30\/a-semana-em-brasilia-e-no-es\/\",\"url\":\"https:\/\/jornalfatosenoticias.com.br\/index.php\/2023\/03\/30\/a-semana-em-brasilia-e-no-es\/\",\"name\":\"A Semana em Bras\u00edlia e no ES - Jornal Fatos e Not\u00edcias\",\"isPartOf\":{\"@id\":\"https:\/\/jornalfatosenoticias.com.br\/#website\"},\"primaryImageOfPage\":{\"@id\":\"https:\/\/jornalfatosenoticias.com.br\/index.php\/2023\/03\/30\/a-semana-em-brasilia-e-no-es\/#primaryimage\"},\"image\":{\"@id\":\"https:\/\/jornalfatosenoticias.com.br\/index.php\/2023\/03\/30\/a-semana-em-brasilia-e-no-es\/#primaryimage\"},\"thumbnailUrl\":\"https:\/\/jornalfatosenoticias.com.br\/wp-content\/uploads\/2023\/03\/Lula-517-BBB.jpg\",\"datePublished\":\"2023-03-30T16:51:31+00:00\",\"dateModified\":\"2023-03-30T16:51:32+00:00\",\"breadcrumb\":{\"@id\":\"https:\/\/jornalfatosenoticias.com.br\/index.php\/2023\/03\/30\/a-semana-em-brasilia-e-no-es\/#breadcrumb\"},\"inLanguage\":\"pt-BR\",\"potentialAction\":[{\"@type\":\"ReadAction\",\"target\":[\"https:\/\/jornalfatosenoticias.com.br\/index.php\/2023\/03\/30\/a-semana-em-brasilia-e-no-es\/\"]}]},{\"@type\":\"ImageObject\",\"inLanguage\":\"pt-BR\",\"@id\":\"https:\/\/jornalfatosenoticias.com.br\/index.php\/2023\/03\/30\/a-semana-em-brasilia-e-no-es\/#primaryimage\",\"url\":\"https:\/\/jornalfatosenoticias.com.br\/wp-content\/uploads\/2023\/03\/Lula-517-BBB.jpg\",\"contentUrl\":\"https:\/\/jornalfatosenoticias.com.br\/wp-content\/uploads\/2023\/03\/Lula-517-BBB.jpg\",\"width\":1000,\"height\":562},{\"@type\":\"BreadcrumbList\",\"@id\":\"https:\/\/jornalfatosenoticias.com.br\/index.php\/2023\/03\/30\/a-semana-em-brasilia-e-no-es\/#breadcrumb\",\"itemListElement\":[{\"@type\":\"ListItem\",\"position\":1,\"name\":\"In\u00edcio\",\"item\":\"https:\/\/jornalfatosenoticias.com.br\/\"},{\"@type\":\"ListItem\",\"position\":2,\"name\":\"A Semana em Bras\u00edlia e no ES\"}]},{\"@type\":\"WebSite\",\"@id\":\"https:\/\/jornalfatosenoticias.com.br\/#website\",\"url\":\"https:\/\/jornalfatosenoticias.com.br\/\",\"name\":\"Jornal Fatos e Not\u00edcias\",\"description\":\"Not\u00edcias em geral\",\"publisher\":{\"@id\":\"https:\/\/jornalfatosenoticias.com.br\/#organization\"},\"potentialAction\":[{\"@type\":\"SearchAction\",\"target\":{\"@type\":\"EntryPoint\",\"urlTemplate\":\"https:\/\/jornalfatosenoticias.com.br\/?s={search_term_string}\"},\"query-input\":{\"@type\":\"PropertyValueSpecification\",\"valueRequired\":true,\"valueName\":\"search_term_string\"}}],\"inLanguage\":\"pt-BR\"},{\"@type\":\"Organization\",\"@id\":\"https:\/\/jornalfatosenoticias.com.br\/#organization\",\"name\":\"Jornal Fatos e Not\u00edcias\",\"url\":\"https:\/\/jornalfatosenoticias.com.br\/\",\"logo\":{\"@type\":\"ImageObject\",\"inLanguage\":\"pt-BR\",\"@id\":\"https:\/\/jornalfatosenoticias.com.br\/#\/schema\/logo\/image\/\",\"url\":\"https:\/\/jornalfatosenoticias.com.br\/wp-content\/uploads\/2020\/02\/logo120.png\",\"contentUrl\":\"https:\/\/jornalfatosenoticias.com.br\/wp-content\/uploads\/2020\/02\/logo120.png\",\"width\":1227,\"height\":120,\"caption\":\"Jornal Fatos e Not\u00edcias\"},\"image\":{\"@id\":\"https:\/\/jornalfatosenoticias.com.br\/#\/schema\/logo\/image\/\"}},{\"@type\":\"Person\",\"@id\":\"https:\/\/jornalfatosenoticias.com.br\/#\/schema\/person\/05c46cc25b42a5c27e004fb0fa6b4965\",\"name\":\"Haroldo Filho\",\"image\":{\"@type\":\"ImageObject\",\"inLanguage\":\"pt-BR\",\"@id\":\"https:\/\/jornalfatosenoticias.com.br\/#\/schema\/person\/image\/\",\"url\":\"https:\/\/jornalfatosenoticias.com.br\/wp-content\/uploads\/2025\/08\/WhatsApp-Image-2025-08-18-at-15.30.28-150x150.jpeg\",\"contentUrl\":\"https:\/\/jornalfatosenoticias.com.br\/wp-content\/uploads\/2025\/08\/WhatsApp-Image-2025-08-18-at-15.30.28-150x150.jpeg\",\"caption\":\"Haroldo Filho\"},\"description\":\"Jornalista \u2013 DRT: 0003818\/ES Coordenador-geral da ONG Educar para Crescer\",\"url\":\"https:\/\/jornalfatosenoticias.com.br\/index.php\/author\/haroldo\/\"}]}<\/script>\n<!-- \/ Yoast SEO plugin. -->","yoast_head_json":{"title":"A Semana em Bras\u00edlia e no ES - Jornal Fatos e Not\u00edcias","robots":{"index":"index","follow":"follow","max-snippet":"max-snippet:-1","max-image-preview":"max-image-preview:large","max-video-preview":"max-video-preview:-1"},"canonical":"https:\/\/jornalfatosenoticias.com.br\/index.php\/2023\/03\/30\/a-semana-em-brasilia-e-no-es\/","og_locale":"pt_BR","og_type":"article","og_title":"A Semana em Bras\u00edlia e no ES - Jornal Fatos e Not\u00edcias","og_description":"IMPEACHMENT \u2014 01Nesta quarta-feira (29), o PL apresentou um pedido de impeachment por crime de responsabilidade contra Lula. O documento, que deve ser assinado por tr\u00eas dezenas de deputados federais, tem como motivo principal a acusa\u00e7\u00e3o infundada do petista que declarou publicamente que o senador S\u00e9rgio Moro (Uni\u00e3o Brasil \u2013 RJ) estaria fazendo uma \u201carma\u00e7\u00e3o\u201d [&hellip;]","og_url":"https:\/\/jornalfatosenoticias.com.br\/index.php\/2023\/03\/30\/a-semana-em-brasilia-e-no-es\/","og_site_name":"Jornal Fatos e Not\u00edcias","article_published_time":"2023-03-30T16:51:31+00:00","article_modified_time":"2023-03-30T16:51:32+00:00","og_image":[{"width":1000,"height":562,"url":"https:\/\/jornalfatosenoticias.com.br\/wp-content\/uploads\/2023\/03\/Lula-517-BBB.jpg","type":"image\/jpeg"}],"author":"Haroldo Filho","twitter_card":"summary_large_image","twitter_misc":{"Escrito por":"Haroldo Filho","Est. tempo de leitura":"11 minutos"},"schema":{"@context":"https:\/\/schema.org","@graph":[{"@type":"Article","@id":"https:\/\/jornalfatosenoticias.com.br\/index.php\/2023\/03\/30\/a-semana-em-brasilia-e-no-es\/#article","isPartOf":{"@id":"https:\/\/jornalfatosenoticias.com.br\/index.php\/2023\/03\/30\/a-semana-em-brasilia-e-no-es\/"},"author":{"name":"Haroldo Filho","@id":"https:\/\/jornalfatosenoticias.com.br\/#\/schema\/person\/05c46cc25b42a5c27e004fb0fa6b4965"},"headline":"A Semana em Bras\u00edlia e no ES","datePublished":"2023-03-30T16:51:31+00:00","dateModified":"2023-03-30T16:51:32+00:00","mainEntityOfPage":{"@id":"https:\/\/jornalfatosenoticias.com.br\/index.php\/2023\/03\/30\/a-semana-em-brasilia-e-no-es\/"},"wordCount":2131,"commentCount":0,"publisher":{"@id":"https:\/\/jornalfatosenoticias.com.br\/#organization"},"image":{"@id":"https:\/\/jornalfatosenoticias.com.br\/index.php\/2023\/03\/30\/a-semana-em-brasilia-e-no-es\/#primaryimage"},"thumbnailUrl":"https:\/\/jornalfatosenoticias.com.br\/wp-content\/uploads\/2023\/03\/Lula-517-BBB.jpg","keywords":["fatos pol\u00edticos","impeachment","impeachment de Lula","pol\u00edtica"],"articleSection":["Pol\u00edtica"],"inLanguage":"pt-BR","potentialAction":[{"@type":"CommentAction","name":"Comment","target":["https:\/\/jornalfatosenoticias.com.br\/index.php\/2023\/03\/30\/a-semana-em-brasilia-e-no-es\/#respond"]}]},{"@type":"WebPage","@id":"https:\/\/jornalfatosenoticias.com.br\/index.php\/2023\/03\/30\/a-semana-em-brasilia-e-no-es\/","url":"https:\/\/jornalfatosenoticias.com.br\/index.php\/2023\/03\/30\/a-semana-em-brasilia-e-no-es\/","name":"A Semana em Bras\u00edlia e no ES - Jornal Fatos e Not\u00edcias","isPartOf":{"@id":"https:\/\/jornalfatosenoticias.com.br\/#website"},"primaryImageOfPage":{"@id":"https:\/\/jornalfatosenoticias.com.br\/index.php\/2023\/03\/30\/a-semana-em-brasilia-e-no-es\/#primaryimage"},"image":{"@id":"https:\/\/jornalfatosenoticias.com.br\/index.php\/2023\/03\/30\/a-semana-em-brasilia-e-no-es\/#primaryimage"},"thumbnailUrl":"https:\/\/jornalfatosenoticias.com.br\/wp-content\/uploads\/2023\/03\/Lula-517-BBB.jpg","datePublished":"2023-03-30T16:51:31+00:00","dateModified":"2023-03-30T16:51:32+00:00","breadcrumb":{"@id":"https:\/\/jornalfatosenoticias.com.br\/index.php\/2023\/03\/30\/a-semana-em-brasilia-e-no-es\/#breadcrumb"},"inLanguage":"pt-BR","potentialAction":[{"@type":"ReadAction","target":["https:\/\/jornalfatosenoticias.com.br\/index.php\/2023\/03\/30\/a-semana-em-brasilia-e-no-es\/"]}]},{"@type":"ImageObject","inLanguage":"pt-BR","@id":"https:\/\/jornalfatosenoticias.com.br\/index.php\/2023\/03\/30\/a-semana-em-brasilia-e-no-es\/#primaryimage","url":"https:\/\/jornalfatosenoticias.com.br\/wp-content\/uploads\/2023\/03\/Lula-517-BBB.jpg","contentUrl":"https:\/\/jornalfatosenoticias.com.br\/wp-content\/uploads\/2023\/03\/Lula-517-BBB.jpg","width":1000,"height":562},{"@type":"BreadcrumbList","@id":"https:\/\/jornalfatosenoticias.com.br\/index.php\/2023\/03\/30\/a-semana-em-brasilia-e-no-es\/#breadcrumb","itemListElement":[{"@type":"ListItem","position":1,"name":"In\u00edcio","item":"https:\/\/jornalfatosenoticias.com.br\/"},{"@type":"ListItem","position":2,"name":"A Semana em Bras\u00edlia e no ES"}]},{"@type":"WebSite","@id":"https:\/\/jornalfatosenoticias.com.br\/#website","url":"https:\/\/jornalfatosenoticias.com.br\/","name":"Jornal Fatos e Not\u00edcias","description":"Not\u00edcias em geral","publisher":{"@id":"https:\/\/jornalfatosenoticias.com.br\/#organization"},"potentialAction":[{"@type":"SearchAction","target":{"@type":"EntryPoint","urlTemplate":"https:\/\/jornalfatosenoticias.com.br\/?s={search_term_string}"},"query-input":{"@type":"PropertyValueSpecification","valueRequired":true,"valueName":"search_term_string"}}],"inLanguage":"pt-BR"},{"@type":"Organization","@id":"https:\/\/jornalfatosenoticias.com.br\/#organization","name":"Jornal Fatos e Not\u00edcias","url":"https:\/\/jornalfatosenoticias.com.br\/","logo":{"@type":"ImageObject","inLanguage":"pt-BR","@id":"https:\/\/jornalfatosenoticias.com.br\/#\/schema\/logo\/image\/","url":"https:\/\/jornalfatosenoticias.com.br\/wp-content\/uploads\/2020\/02\/logo120.png","contentUrl":"https:\/\/jornalfatosenoticias.com.br\/wp-content\/uploads\/2020\/02\/logo120.png","width":1227,"height":120,"caption":"Jornal Fatos e Not\u00edcias"},"image":{"@id":"https:\/\/jornalfatosenoticias.com.br\/#\/schema\/logo\/image\/"}},{"@type":"Person","@id":"https:\/\/jornalfatosenoticias.com.br\/#\/schema\/person\/05c46cc25b42a5c27e004fb0fa6b4965","name":"Haroldo Filho","image":{"@type":"ImageObject","inLanguage":"pt-BR","@id":"https:\/\/jornalfatosenoticias.com.br\/#\/schema\/person\/image\/","url":"https:\/\/jornalfatosenoticias.com.br\/wp-content\/uploads\/2025\/08\/WhatsApp-Image-2025-08-18-at-15.30.28-150x150.jpeg","contentUrl":"https:\/\/jornalfatosenoticias.com.br\/wp-content\/uploads\/2025\/08\/WhatsApp-Image-2025-08-18-at-15.30.28-150x150.jpeg","caption":"Haroldo Filho"},"description":"Jornalista \u2013 DRT: 0003818\/ES Coordenador-geral da ONG Educar para Crescer","url":"https:\/\/jornalfatosenoticias.com.br\/index.php\/author\/haroldo\/"}]}},"cc_featured_image_caption":{"caption_text":"(Foto: Reprodu\u00e7\u00e3o YouTube)","source_text":"","source_url":""},"jetpack_featured_media_url":"https:\/\/jornalfatosenoticias.com.br\/wp-content\/uploads\/2023\/03\/Lula-517-BBB.jpg","_links":{"self":[{"href":"https:\/\/jornalfatosenoticias.com.br\/index.php\/wp-json\/wp\/v2\/posts\/40137","targetHints":{"allow":["GET"]}}],"collection":[{"href":"https:\/\/jornalfatosenoticias.com.br\/index.php\/wp-json\/wp\/v2\/posts"}],"about":[{"href":"https:\/\/jornalfatosenoticias.com.br\/index.php\/wp-json\/wp\/v2\/types\/post"}],"author":[{"embeddable":true,"href":"https:\/\/jornalfatosenoticias.com.br\/index.php\/wp-json\/wp\/v2\/users\/3"}],"replies":[{"embeddable":true,"href":"https:\/\/jornalfatosenoticias.com.br\/index.php\/wp-json\/wp\/v2\/comments?post=40137"}],"version-history":[{"count":0,"href":"https:\/\/jornalfatosenoticias.com.br\/index.php\/wp-json\/wp\/v2\/posts\/40137\/revisions"}],"wp:featuredmedia":[{"embeddable":true,"href":"https:\/\/jornalfatosenoticias.com.br\/index.php\/wp-json\/wp\/v2\/media\/40148"}],"wp:attachment":[{"href":"https:\/\/jornalfatosenoticias.com.br\/index.php\/wp-json\/wp\/v2\/media?parent=40137"}],"wp:term":[{"taxonomy":"category","embeddable":true,"href":"https:\/\/jornalfatosenoticias.com.br\/index.php\/wp-json\/wp\/v2\/categories?post=40137"},{"taxonomy":"post_tag","embeddable":true,"href":"https:\/\/jornalfatosenoticias.com.br\/index.php\/wp-json\/wp\/v2\/tags?post=40137"}],"curies":[{"name":"wp","href":"https:\/\/api.w.org\/{rel}","templated":true}]}}