{"id":40150,"date":"2023-03-30T13:57:54","date_gmt":"2023-03-30T16:57:54","guid":{"rendered":"https:\/\/jornalfatosenoticias.com.br\/?p=40150"},"modified":"2023-03-30T13:57:56","modified_gmt":"2023-03-30T16:57:56","slug":"relatos-do-servidor-publico-sob-a-visao-de-um-servidor-publico-prioridades-politiqueiras","status":"publish","type":"post","link":"https:\/\/jornalfatosenoticias.com.br\/index.php\/2023\/03\/30\/relatos-do-servidor-publico-sob-a-visao-de-um-servidor-publico-prioridades-politiqueiras\/","title":{"rendered":"Relatos do servidor p\u00fablico sob a vis\u00e3o de um servidor p\u00fablico&#8230;prioridades politiqueiras"},"content":{"rendered":"\n<p><em><span class=\"has-inline-color has-black-color\">\u201cA burocracia \u00e9 um sistema gigantesco gerido por pigmeus\u201d, Honor\u00e9 de Balzac<\/span><\/em><\/p>\n\n\n\n<p><strong><em><span class=\"has-inline-color has-luminous-vivid-orange-color\">Texto: <\/span><\/em><\/strong><em><span class=\"has-inline-color has-luminous-vivid-orange-color\">Ronaldo Teixeirinha<\/span><\/em><\/p>\n\n\n\n<div class=\"wp-block-image\"><figure class=\"aligncenter size-large\"><img loading=\"lazy\" decoding=\"async\" width=\"1024\" height=\"110\" src=\"https:\/\/jornalfatosenoticias.com.br\/wp-content\/uploads\/2022\/10\/Arte-jornal-Zucchi-1120x120_Prancheta-1-1024x110.jpg\" alt=\"\" class=\"wp-image-34772\" srcset=\"https:\/\/jornalfatosenoticias.com.br\/wp-content\/uploads\/2022\/10\/Arte-jornal-Zucchi-1120x120_Prancheta-1-1024x110.jpg 1024w, https:\/\/jornalfatosenoticias.com.br\/wp-content\/uploads\/2022\/10\/Arte-jornal-Zucchi-1120x120_Prancheta-1-300x32.jpg 300w, https:\/\/jornalfatosenoticias.com.br\/wp-content\/uploads\/2022\/10\/Arte-jornal-Zucchi-1120x120_Prancheta-1-768x82.jpg 768w, https:\/\/jornalfatosenoticias.com.br\/wp-content\/uploads\/2022\/10\/Arte-jornal-Zucchi-1120x120_Prancheta-1-1536x165.jpg 1536w, https:\/\/jornalfatosenoticias.com.br\/wp-content\/uploads\/2022\/10\/Arte-jornal-Zucchi-1120x120_Prancheta-1-2048x219.jpg 2048w\" sizes=\"auto, (max-width: 1024px) 100vw, 1024px\" \/><\/figure><\/div>\n\n\n\n<p>Todos os dias somos demandados com dezenas de requerimentos do nosso p\u00fablico-alvo, onde os mesmos v\u00eam pleitear os seus direitos. Pessoas chegam aos nossos guich\u00eas, por vezes, acometidas por doen\u00e7as, carentes de aten\u00e7\u00e3o e, por muitas vezes, vislumbrando alguma solu\u00e7\u00e3o imediata para o seu problema. Como deveria ser, em qualquer institui\u00e7\u00e3o p\u00fablica minimamente organizada, se \u201cEU\u201d requeri algo primeiro que \u201cVOC\u00ca\u201d, \u201cEU\u201d teria que ser atendido primeiro\u2026concordam????!!! A n\u00e3o ser em casos de doen\u00e7as, idade avan\u00e7ada\u2026(prioridades). Ent\u00e3o vamos l\u00e1, a institui\u00e7\u00e3o na qual trabalho, atende todas as outras institui\u00e7\u00f5es da administra\u00e7\u00e3o p\u00fablica direta, indireta e tamb\u00e9m o Poder Judici\u00e1rio, o Minist\u00e9rio P\u00fablico, o Tribunal de Contas e a Assembleia Legislativa, ou seja, do servente de escola, que faz a merenda escolar at\u00e9 o magistrado, desembargador, etc. Conforme o Art. 5\u00ba da Constitui\u00e7\u00e3o Federal que garante que &#8216;todos s\u00e3o iguais perante a lei, sem distin\u00e7\u00e3o de qualquer natureza&#8217;, pressup\u00f5e-se que n\u00e3o h\u00e1 distin\u00e7\u00e3o entre os que nos procuram, ou seja, todos ser\u00e3o tratados de maneira ison\u00f4mica n\u00e3o \u00e9 mesmo? Ledo engano!!!<\/p>\n\n\n\n<div class=\"wp-block-image\"><figure class=\"aligncenter size-large is-resized\"><img loading=\"lazy\" decoding=\"async\" src=\"https:\/\/jornalfatosenoticias.com.br\/wp-content\/uploads\/2022\/07\/Logo-Grupo-SEI.jpg\" alt=\"\" class=\"wp-image-31973\" width=\"357\" height=\"187\" srcset=\"https:\/\/jornalfatosenoticias.com.br\/wp-content\/uploads\/2022\/07\/Logo-Grupo-SEI.jpg 713w, https:\/\/jornalfatosenoticias.com.br\/wp-content\/uploads\/2022\/07\/Logo-Grupo-SEI-300x158.jpg 300w\" sizes=\"auto, (max-width: 357px) 100vw, 357px\" \/><\/figure><\/div>\n\n\n\n<p>Como j\u00e1 havia falado, no artigo anterior, a politicagem permeia a nossa institui\u00e7\u00e3o. Vejam bem, caros leitores, n\u00e3o estou generalizando, a grande maioria dos requerentes respeitam e aguardam na fila as respostas de seus pleitos. Por\u00e9m, volta e meia, aparecem pedidos das mais variadas autoridades da nossa administra\u00e7\u00e3o p\u00fablica estadual, solicitando que seus processos ou de algum conhecido, sejam analisados de pronto (absurdo total). Muitos de nossos requerentes, qui\u00e7\u00e1 a maioria, residem no interior de nosso Estado e, por muitas vezes, nem t\u00eam acesso a um computador com internet para saberem como \u201candam\u201d os seus processos. Muitas dessas pessoas se desdobram, in\u00fameras vezes, para virem pessoalmente a nossa institui\u00e7\u00e3o, para obterem uma simples informa\u00e7\u00e3o e saberem o porqu\u00ea da demora. J\u00e1 ocorreram (ocorrem) casos de pessoas enfermas falecerem antes de terem os seus pedidos analisados, como tamb\u00e9m j\u00e1 ocorreram (ocorrem) casos de pessoas, de tiveram seus pedidos analisados e benef\u00edcios concedidos de imediato (influ\u00eancia politiqueira).<\/p>\n\n\n\n<div class=\"wp-block-image\"><figure class=\"aligncenter size-large is-resized\"><img loading=\"lazy\" decoding=\"async\" src=\"https:\/\/jornalfatosenoticias.com.br\/wp-content\/uploads\/2020\/02\/casa-do-torresmo_portal.jpg\" alt=\"\" class=\"wp-image-34472\" width=\"272\" height=\"272\" srcset=\"https:\/\/jornalfatosenoticias.com.br\/wp-content\/uploads\/2020\/02\/casa-do-torresmo_portal.jpg 300w, https:\/\/jornalfatosenoticias.com.br\/wp-content\/uploads\/2020\/02\/casa-do-torresmo_portal-150x150.jpg 150w\" sizes=\"auto, (max-width: 272px) 100vw, 272px\" \/><\/figure><\/div>\n\n\n\n<p>Me perdoem caros leitores, mas, vendo tudo acontecer bem \u00e0 minha frente, tomei a decis\u00e3o de tentar ajudar \u00e0s pessoas mais desfavorecidas, sempre que me procuram, a primeira pergunta que fa\u00e7o \u00e9 \u2018de que institui\u00e7\u00e3o elas fazem parte e onde moram\u2019. Ap\u00f3s responderem e, dependendo da resposta, eu me comprometo a ajud\u00e1-las. A burocracia e a politicagem s\u00e3o realmente os grandes entraves da administra\u00e7\u00e3o p\u00fablica, mas a falta de empatia e de comprometimento de uma grande parte dos servidores p\u00fablicos tamb\u00e9m refletem na m\u00e1 presta\u00e7\u00e3o do servi\u00e7o p\u00fablico em geral.<\/p>\n\n\n\n<div class=\"wp-block-image\"><figure class=\"aligncenter size-large is-resized\"><img loading=\"lazy\" decoding=\"async\" src=\"https:\/\/jornalfatosenoticias.com.br\/wp-content\/uploads\/2021\/10\/LOGO-JUNTOS-SOS-ES-AMBIENTAL.jpg\" alt=\"\" class=\"wp-image-23922\" width=\"294\" height=\"272\"\/><\/figure><\/div>\n\n\n\n<p>Por enquanto, ainda sou um servidor p\u00fablico e, assim sendo, continuarei a fazer o meu melhor, tentando ser o mais emp\u00e1tico e respeitoso poss\u00edvel e enxergando que, por tr\u00e1s de cada requerimento, cada processo, existe uma pessoa ou uma fam\u00edlia que necessita de uma resposta da administra\u00e7\u00e3o p\u00fablica.<br>Eu me considero uma pessoa conservadora e obediente \u00e0s minhas obriga\u00e7\u00f5es enquanto cidad\u00e3o, tendo como o meu farol, a tr\u00edade\u2026DEUS, P\u00c1TRIA e FAM\u00cdLIA.<\/p>\n\n\n\n<p><em><span class=\"has-inline-color has-black-color\">\u201cACENDA SUA LUZ INTERIOR E OFUSQUE OS OLHOS DO MAL\u201d<\/span><\/em><\/p>\n\n\n\n<div class=\"wp-block-image is-style-rounded\"><figure class=\"alignleft size-large is-resized\"><img decoding=\"async\" src=\"https:\/\/jornalfatosenoticias.com.br\/wp-content\/uploads\/2023\/03\/Ronaldo_Teixeirinha_jornal-removebg-preview.png\" alt=\"\" class=\"wp-image-40151\" width=\"-32\" height=\"-42\" srcset=\"https:\/\/jornalfatosenoticias.com.br\/wp-content\/uploads\/2023\/03\/Ronaldo_Teixeirinha_jornal-removebg-preview.png 399w, https:\/\/jornalfatosenoticias.com.br\/wp-content\/uploads\/2023\/03\/Ronaldo_Teixeirinha_jornal-removebg-preview-225x300.png 225w\" sizes=\"(max-width: 399px) 100vw, 399px\" \/><figcaption><em><span class=\"has-inline-color has-black-color\"><strong>Ronaldo Teixeirinha<br><\/strong>Formado em Direito, esportista, crist\u00e3o, servidor p\u00fablico estadual e amante da natureza<\/span><\/em><\/figcaption><\/figure><\/div>\n","protected":false},"excerpt":{"rendered":"<p>\u201cA burocracia \u00e9 um sistema gigantesco gerido por pigmeus\u201d, Honor\u00e9 de Balzac Texto: Ronaldo Teixeirinha Todos os dias somos demandados com dezenas de requerimentos do nosso p\u00fablico-alvo, onde os mesmos v\u00eam pleitear os seus direitos. Pessoas chegam aos nossos guich\u00eas, por vezes, acometidas por doen\u00e7as, carentes de aten\u00e7\u00e3o e, por muitas vezes, vislumbrando alguma solu\u00e7\u00e3o [&hellip;]<\/p>\n","protected":false},"author":2,"featured_media":40152,"comment_status":"open","ping_status":"open","sticky":false,"template":"","format":"standard","meta":{"footnotes":""},"categories":[5],"tags":[15279,18821,18822,18823,14353],"class_list":["post-40150","post","type-post","status-publish","format-standard","has-post-thumbnail","hentry","category-geral","tag-burocracia","tag-burocraticos","tag-lentidao","tag-passividade","tag-servidores-publicos"],"yoast_head":"<!-- This site is optimized with the Yoast SEO plugin v26.5 - https:\/\/yoast.com\/wordpress\/plugins\/seo\/ -->\n<title>Relatos do servidor p\u00fablico sob a vis\u00e3o de um servidor p\u00fablico...prioridades politiqueiras - Jornal Fatos e Not\u00edcias<\/title>\n<meta name=\"robots\" content=\"index, follow, max-snippet:-1, max-image-preview:large, max-video-preview:-1\" \/>\n<link rel=\"canonical\" href=\"https:\/\/jornalfatosenoticias.com.br\/index.php\/2023\/03\/30\/relatos-do-servidor-publico-sob-a-visao-de-um-servidor-publico-prioridades-politiqueiras\/\" \/>\n<meta property=\"og:locale\" content=\"pt_BR\" \/>\n<meta property=\"og:type\" content=\"article\" \/>\n<meta property=\"og:title\" content=\"Relatos do servidor p\u00fablico sob a vis\u00e3o de um servidor p\u00fablico...prioridades politiqueiras - Jornal Fatos e Not\u00edcias\" \/>\n<meta property=\"og:description\" content=\"\u201cA burocracia \u00e9 um sistema gigantesco gerido por pigmeus\u201d, Honor\u00e9 de Balzac Texto: Ronaldo Teixeirinha Todos os dias somos demandados com dezenas de requerimentos do nosso p\u00fablico-alvo, onde os mesmos v\u00eam pleitear os seus direitos. Pessoas chegam aos nossos guich\u00eas, por vezes, acometidas por doen\u00e7as, carentes de aten\u00e7\u00e3o e, por muitas vezes, vislumbrando alguma solu\u00e7\u00e3o [&hellip;]\" \/>\n<meta property=\"og:url\" content=\"https:\/\/jornalfatosenoticias.com.br\/index.php\/2023\/03\/30\/relatos-do-servidor-publico-sob-a-visao-de-um-servidor-publico-prioridades-politiqueiras\/\" \/>\n<meta property=\"og:site_name\" content=\"Jornal Fatos e Not\u00edcias\" \/>\n<meta property=\"article:published_time\" content=\"2023-03-30T16:57:54+00:00\" \/>\n<meta property=\"article:modified_time\" content=\"2023-03-30T16:57:56+00:00\" \/>\n<meta property=\"og:image\" content=\"https:\/\/jornalfatosenoticias.com.br\/wp-content\/uploads\/2023\/03\/imagem-texto-ronaldo.jpg\" \/>\n\t<meta property=\"og:image:width\" content=\"924\" \/>\n\t<meta property=\"og:image:height\" content=\"1000\" \/>\n\t<meta property=\"og:image:type\" content=\"image\/jpeg\" \/>\n<meta name=\"author\" content=\"Luzimara Fernandes\" \/>\n<meta name=\"twitter:card\" content=\"summary_large_image\" \/>\n<meta name=\"twitter:label1\" content=\"Escrito por\" \/>\n\t<meta name=\"twitter:data1\" content=\"Luzimara Fernandes\" \/>\n\t<meta name=\"twitter:label2\" content=\"Est. tempo de leitura\" \/>\n\t<meta name=\"twitter:data2\" content=\"3 minutos\" \/>\n<script type=\"application\/ld+json\" class=\"yoast-schema-graph\">{\"@context\":\"https:\/\/schema.org\",\"@graph\":[{\"@type\":\"Article\",\"@id\":\"https:\/\/jornalfatosenoticias.com.br\/index.php\/2023\/03\/30\/relatos-do-servidor-publico-sob-a-visao-de-um-servidor-publico-prioridades-politiqueiras\/#article\",\"isPartOf\":{\"@id\":\"https:\/\/jornalfatosenoticias.com.br\/index.php\/2023\/03\/30\/relatos-do-servidor-publico-sob-a-visao-de-um-servidor-publico-prioridades-politiqueiras\/\"},\"author\":{\"name\":\"Luzimara Fernandes\",\"@id\":\"https:\/\/jornalfatosenoticias.com.br\/#\/schema\/person\/d63837fa13ac8666eb9e74e0985d6f81\"},\"headline\":\"Relatos do servidor p\u00fablico sob a vis\u00e3o de um servidor p\u00fablico&#8230;prioridades politiqueiras\",\"datePublished\":\"2023-03-30T16:57:54+00:00\",\"dateModified\":\"2023-03-30T16:57:56+00:00\",\"mainEntityOfPage\":{\"@id\":\"https:\/\/jornalfatosenoticias.com.br\/index.php\/2023\/03\/30\/relatos-do-servidor-publico-sob-a-visao-de-um-servidor-publico-prioridades-politiqueiras\/\"},\"wordCount\":607,\"commentCount\":0,\"publisher\":{\"@id\":\"https:\/\/jornalfatosenoticias.com.br\/#organization\"},\"image\":{\"@id\":\"https:\/\/jornalfatosenoticias.com.br\/index.php\/2023\/03\/30\/relatos-do-servidor-publico-sob-a-visao-de-um-servidor-publico-prioridades-politiqueiras\/#primaryimage\"},\"thumbnailUrl\":\"https:\/\/jornalfatosenoticias.com.br\/wp-content\/uploads\/2023\/03\/imagem-texto-ronaldo.jpg\",\"keywords\":[\"burocracia\",\"burocr\u00e1ticos\",\"lentid\u00e3o\",\"passividade\",\"servidores p\u00fablicos\"],\"articleSection\":[\"Geral\"],\"inLanguage\":\"pt-BR\",\"potentialAction\":[{\"@type\":\"CommentAction\",\"name\":\"Comment\",\"target\":[\"https:\/\/jornalfatosenoticias.com.br\/index.php\/2023\/03\/30\/relatos-do-servidor-publico-sob-a-visao-de-um-servidor-publico-prioridades-politiqueiras\/#respond\"]}]},{\"@type\":\"WebPage\",\"@id\":\"https:\/\/jornalfatosenoticias.com.br\/index.php\/2023\/03\/30\/relatos-do-servidor-publico-sob-a-visao-de-um-servidor-publico-prioridades-politiqueiras\/\",\"url\":\"https:\/\/jornalfatosenoticias.com.br\/index.php\/2023\/03\/30\/relatos-do-servidor-publico-sob-a-visao-de-um-servidor-publico-prioridades-politiqueiras\/\",\"name\":\"Relatos do servidor p\u00fablico sob a vis\u00e3o de um servidor p\u00fablico...prioridades politiqueiras - Jornal Fatos e Not\u00edcias\",\"isPartOf\":{\"@id\":\"https:\/\/jornalfatosenoticias.com.br\/#website\"},\"primaryImageOfPage\":{\"@id\":\"https:\/\/jornalfatosenoticias.com.br\/index.php\/2023\/03\/30\/relatos-do-servidor-publico-sob-a-visao-de-um-servidor-publico-prioridades-politiqueiras\/#primaryimage\"},\"image\":{\"@id\":\"https:\/\/jornalfatosenoticias.com.br\/index.php\/2023\/03\/30\/relatos-do-servidor-publico-sob-a-visao-de-um-servidor-publico-prioridades-politiqueiras\/#primaryimage\"},\"thumbnailUrl\":\"https:\/\/jornalfatosenoticias.com.br\/wp-content\/uploads\/2023\/03\/imagem-texto-ronaldo.jpg\",\"datePublished\":\"2023-03-30T16:57:54+00:00\",\"dateModified\":\"2023-03-30T16:57:56+00:00\",\"breadcrumb\":{\"@id\":\"https:\/\/jornalfatosenoticias.com.br\/index.php\/2023\/03\/30\/relatos-do-servidor-publico-sob-a-visao-de-um-servidor-publico-prioridades-politiqueiras\/#breadcrumb\"},\"inLanguage\":\"pt-BR\",\"potentialAction\":[{\"@type\":\"ReadAction\",\"target\":[\"https:\/\/jornalfatosenoticias.com.br\/index.php\/2023\/03\/30\/relatos-do-servidor-publico-sob-a-visao-de-um-servidor-publico-prioridades-politiqueiras\/\"]}]},{\"@type\":\"ImageObject\",\"inLanguage\":\"pt-BR\",\"@id\":\"https:\/\/jornalfatosenoticias.com.br\/index.php\/2023\/03\/30\/relatos-do-servidor-publico-sob-a-visao-de-um-servidor-publico-prioridades-politiqueiras\/#primaryimage\",\"url\":\"https:\/\/jornalfatosenoticias.com.br\/wp-content\/uploads\/2023\/03\/imagem-texto-ronaldo.jpg\",\"contentUrl\":\"https:\/\/jornalfatosenoticias.com.br\/wp-content\/uploads\/2023\/03\/imagem-texto-ronaldo.jpg\",\"width\":924,\"height\":1000},{\"@type\":\"BreadcrumbList\",\"@id\":\"https:\/\/jornalfatosenoticias.com.br\/index.php\/2023\/03\/30\/relatos-do-servidor-publico-sob-a-visao-de-um-servidor-publico-prioridades-politiqueiras\/#breadcrumb\",\"itemListElement\":[{\"@type\":\"ListItem\",\"position\":1,\"name\":\"In\u00edcio\",\"item\":\"https:\/\/jornalfatosenoticias.com.br\/\"},{\"@type\":\"ListItem\",\"position\":2,\"name\":\"Relatos do servidor p\u00fablico sob a vis\u00e3o de um servidor p\u00fablico&#8230;prioridades politiqueiras\"}]},{\"@type\":\"WebSite\",\"@id\":\"https:\/\/jornalfatosenoticias.com.br\/#website\",\"url\":\"https:\/\/jornalfatosenoticias.com.br\/\",\"name\":\"Jornal Fatos e Not\u00edcias\",\"description\":\"Not\u00edcias em geral\",\"publisher\":{\"@id\":\"https:\/\/jornalfatosenoticias.com.br\/#organization\"},\"potentialAction\":[{\"@type\":\"SearchAction\",\"target\":{\"@type\":\"EntryPoint\",\"urlTemplate\":\"https:\/\/jornalfatosenoticias.com.br\/?s={search_term_string}\"},\"query-input\":{\"@type\":\"PropertyValueSpecification\",\"valueRequired\":true,\"valueName\":\"search_term_string\"}}],\"inLanguage\":\"pt-BR\"},{\"@type\":\"Organization\",\"@id\":\"https:\/\/jornalfatosenoticias.com.br\/#organization\",\"name\":\"Jornal Fatos e Not\u00edcias\",\"url\":\"https:\/\/jornalfatosenoticias.com.br\/\",\"logo\":{\"@type\":\"ImageObject\",\"inLanguage\":\"pt-BR\",\"@id\":\"https:\/\/jornalfatosenoticias.com.br\/#\/schema\/logo\/image\/\",\"url\":\"https:\/\/jornalfatosenoticias.com.br\/wp-content\/uploads\/2020\/02\/logo120.png\",\"contentUrl\":\"https:\/\/jornalfatosenoticias.com.br\/wp-content\/uploads\/2020\/02\/logo120.png\",\"width\":1227,\"height\":120,\"caption\":\"Jornal Fatos e Not\u00edcias\"},\"image\":{\"@id\":\"https:\/\/jornalfatosenoticias.com.br\/#\/schema\/logo\/image\/\"}},{\"@type\":\"Person\",\"@id\":\"https:\/\/jornalfatosenoticias.com.br\/#\/schema\/person\/d63837fa13ac8666eb9e74e0985d6f81\",\"name\":\"Luzimara Fernandes\",\"image\":{\"@type\":\"ImageObject\",\"inLanguage\":\"pt-BR\",\"@id\":\"https:\/\/jornalfatosenoticias.com.br\/#\/schema\/person\/image\/\",\"url\":\"https:\/\/jornalfatosenoticias.com.br\/wp-content\/uploads\/2025\/05\/EU_portal.jpg\",\"contentUrl\":\"https:\/\/jornalfatosenoticias.com.br\/wp-content\/uploads\/2025\/05\/EU_portal.jpg\",\"caption\":\"Luzimara Fernandes\"},\"description\":\"Jornalista MTB 2358-ES\",\"sameAs\":[\"https:\/\/jornalfatosenoticias.com.br\"],\"url\":\"https:\/\/jornalfatosenoticias.com.br\/index.php\/author\/luzimara\/\"}]}<\/script>\n<!-- \/ Yoast SEO plugin. -->","yoast_head_json":{"title":"Relatos do servidor p\u00fablico sob a vis\u00e3o de um servidor p\u00fablico...prioridades politiqueiras - Jornal Fatos e Not\u00edcias","robots":{"index":"index","follow":"follow","max-snippet":"max-snippet:-1","max-image-preview":"max-image-preview:large","max-video-preview":"max-video-preview:-1"},"canonical":"https:\/\/jornalfatosenoticias.com.br\/index.php\/2023\/03\/30\/relatos-do-servidor-publico-sob-a-visao-de-um-servidor-publico-prioridades-politiqueiras\/","og_locale":"pt_BR","og_type":"article","og_title":"Relatos do servidor p\u00fablico sob a vis\u00e3o de um servidor p\u00fablico...prioridades politiqueiras - Jornal Fatos e Not\u00edcias","og_description":"\u201cA burocracia \u00e9 um sistema gigantesco gerido por pigmeus\u201d, Honor\u00e9 de Balzac Texto: Ronaldo Teixeirinha Todos os dias somos demandados com dezenas de requerimentos do nosso p\u00fablico-alvo, onde os mesmos v\u00eam pleitear os seus direitos. Pessoas chegam aos nossos guich\u00eas, por vezes, acometidas por doen\u00e7as, carentes de aten\u00e7\u00e3o e, por muitas vezes, vislumbrando alguma solu\u00e7\u00e3o [&hellip;]","og_url":"https:\/\/jornalfatosenoticias.com.br\/index.php\/2023\/03\/30\/relatos-do-servidor-publico-sob-a-visao-de-um-servidor-publico-prioridades-politiqueiras\/","og_site_name":"Jornal Fatos e Not\u00edcias","article_published_time":"2023-03-30T16:57:54+00:00","article_modified_time":"2023-03-30T16:57:56+00:00","og_image":[{"width":924,"height":1000,"url":"https:\/\/jornalfatosenoticias.com.br\/wp-content\/uploads\/2023\/03\/imagem-texto-ronaldo.jpg","type":"image\/jpeg"}],"author":"Luzimara Fernandes","twitter_card":"summary_large_image","twitter_misc":{"Escrito por":"Luzimara Fernandes","Est. tempo de leitura":"3 minutos"},"schema":{"@context":"https:\/\/schema.org","@graph":[{"@type":"Article","@id":"https:\/\/jornalfatosenoticias.com.br\/index.php\/2023\/03\/30\/relatos-do-servidor-publico-sob-a-visao-de-um-servidor-publico-prioridades-politiqueiras\/#article","isPartOf":{"@id":"https:\/\/jornalfatosenoticias.com.br\/index.php\/2023\/03\/30\/relatos-do-servidor-publico-sob-a-visao-de-um-servidor-publico-prioridades-politiqueiras\/"},"author":{"name":"Luzimara Fernandes","@id":"https:\/\/jornalfatosenoticias.com.br\/#\/schema\/person\/d63837fa13ac8666eb9e74e0985d6f81"},"headline":"Relatos do servidor p\u00fablico sob a vis\u00e3o de um servidor p\u00fablico&#8230;prioridades politiqueiras","datePublished":"2023-03-30T16:57:54+00:00","dateModified":"2023-03-30T16:57:56+00:00","mainEntityOfPage":{"@id":"https:\/\/jornalfatosenoticias.com.br\/index.php\/2023\/03\/30\/relatos-do-servidor-publico-sob-a-visao-de-um-servidor-publico-prioridades-politiqueiras\/"},"wordCount":607,"commentCount":0,"publisher":{"@id":"https:\/\/jornalfatosenoticias.com.br\/#organization"},"image":{"@id":"https:\/\/jornalfatosenoticias.com.br\/index.php\/2023\/03\/30\/relatos-do-servidor-publico-sob-a-visao-de-um-servidor-publico-prioridades-politiqueiras\/#primaryimage"},"thumbnailUrl":"https:\/\/jornalfatosenoticias.com.br\/wp-content\/uploads\/2023\/03\/imagem-texto-ronaldo.jpg","keywords":["burocracia","burocr\u00e1ticos","lentid\u00e3o","passividade","servidores p\u00fablicos"],"articleSection":["Geral"],"inLanguage":"pt-BR","potentialAction":[{"@type":"CommentAction","name":"Comment","target":["https:\/\/jornalfatosenoticias.com.br\/index.php\/2023\/03\/30\/relatos-do-servidor-publico-sob-a-visao-de-um-servidor-publico-prioridades-politiqueiras\/#respond"]}]},{"@type":"WebPage","@id":"https:\/\/jornalfatosenoticias.com.br\/index.php\/2023\/03\/30\/relatos-do-servidor-publico-sob-a-visao-de-um-servidor-publico-prioridades-politiqueiras\/","url":"https:\/\/jornalfatosenoticias.com.br\/index.php\/2023\/03\/30\/relatos-do-servidor-publico-sob-a-visao-de-um-servidor-publico-prioridades-politiqueiras\/","name":"Relatos do servidor p\u00fablico sob a vis\u00e3o de um servidor p\u00fablico...prioridades politiqueiras - Jornal Fatos e Not\u00edcias","isPartOf":{"@id":"https:\/\/jornalfatosenoticias.com.br\/#website"},"primaryImageOfPage":{"@id":"https:\/\/jornalfatosenoticias.com.br\/index.php\/2023\/03\/30\/relatos-do-servidor-publico-sob-a-visao-de-um-servidor-publico-prioridades-politiqueiras\/#primaryimage"},"image":{"@id":"https:\/\/jornalfatosenoticias.com.br\/index.php\/2023\/03\/30\/relatos-do-servidor-publico-sob-a-visao-de-um-servidor-publico-prioridades-politiqueiras\/#primaryimage"},"thumbnailUrl":"https:\/\/jornalfatosenoticias.com.br\/wp-content\/uploads\/2023\/03\/imagem-texto-ronaldo.jpg","datePublished":"2023-03-30T16:57:54+00:00","dateModified":"2023-03-30T16:57:56+00:00","breadcrumb":{"@id":"https:\/\/jornalfatosenoticias.com.br\/index.php\/2023\/03\/30\/relatos-do-servidor-publico-sob-a-visao-de-um-servidor-publico-prioridades-politiqueiras\/#breadcrumb"},"inLanguage":"pt-BR","potentialAction":[{"@type":"ReadAction","target":["https:\/\/jornalfatosenoticias.com.br\/index.php\/2023\/03\/30\/relatos-do-servidor-publico-sob-a-visao-de-um-servidor-publico-prioridades-politiqueiras\/"]}]},{"@type":"ImageObject","inLanguage":"pt-BR","@id":"https:\/\/jornalfatosenoticias.com.br\/index.php\/2023\/03\/30\/relatos-do-servidor-publico-sob-a-visao-de-um-servidor-publico-prioridades-politiqueiras\/#primaryimage","url":"https:\/\/jornalfatosenoticias.com.br\/wp-content\/uploads\/2023\/03\/imagem-texto-ronaldo.jpg","contentUrl":"https:\/\/jornalfatosenoticias.com.br\/wp-content\/uploads\/2023\/03\/imagem-texto-ronaldo.jpg","width":924,"height":1000},{"@type":"BreadcrumbList","@id":"https:\/\/jornalfatosenoticias.com.br\/index.php\/2023\/03\/30\/relatos-do-servidor-publico-sob-a-visao-de-um-servidor-publico-prioridades-politiqueiras\/#breadcrumb","itemListElement":[{"@type":"ListItem","position":1,"name":"In\u00edcio","item":"https:\/\/jornalfatosenoticias.com.br\/"},{"@type":"ListItem","position":2,"name":"Relatos do servidor p\u00fablico sob a vis\u00e3o de um servidor p\u00fablico&#8230;prioridades politiqueiras"}]},{"@type":"WebSite","@id":"https:\/\/jornalfatosenoticias.com.br\/#website","url":"https:\/\/jornalfatosenoticias.com.br\/","name":"Jornal Fatos e Not\u00edcias","description":"Not\u00edcias em geral","publisher":{"@id":"https:\/\/jornalfatosenoticias.com.br\/#organization"},"potentialAction":[{"@type":"SearchAction","target":{"@type":"EntryPoint","urlTemplate":"https:\/\/jornalfatosenoticias.com.br\/?s={search_term_string}"},"query-input":{"@type":"PropertyValueSpecification","valueRequired":true,"valueName":"search_term_string"}}],"inLanguage":"pt-BR"},{"@type":"Organization","@id":"https:\/\/jornalfatosenoticias.com.br\/#organization","name":"Jornal Fatos e Not\u00edcias","url":"https:\/\/jornalfatosenoticias.com.br\/","logo":{"@type":"ImageObject","inLanguage":"pt-BR","@id":"https:\/\/jornalfatosenoticias.com.br\/#\/schema\/logo\/image\/","url":"https:\/\/jornalfatosenoticias.com.br\/wp-content\/uploads\/2020\/02\/logo120.png","contentUrl":"https:\/\/jornalfatosenoticias.com.br\/wp-content\/uploads\/2020\/02\/logo120.png","width":1227,"height":120,"caption":"Jornal Fatos e Not\u00edcias"},"image":{"@id":"https:\/\/jornalfatosenoticias.com.br\/#\/schema\/logo\/image\/"}},{"@type":"Person","@id":"https:\/\/jornalfatosenoticias.com.br\/#\/schema\/person\/d63837fa13ac8666eb9e74e0985d6f81","name":"Luzimara Fernandes","image":{"@type":"ImageObject","inLanguage":"pt-BR","@id":"https:\/\/jornalfatosenoticias.com.br\/#\/schema\/person\/image\/","url":"https:\/\/jornalfatosenoticias.com.br\/wp-content\/uploads\/2025\/05\/EU_portal.jpg","contentUrl":"https:\/\/jornalfatosenoticias.com.br\/wp-content\/uploads\/2025\/05\/EU_portal.jpg","caption":"Luzimara Fernandes"},"description":"Jornalista MTB 2358-ES","sameAs":["https:\/\/jornalfatosenoticias.com.br"],"url":"https:\/\/jornalfatosenoticias.com.br\/index.php\/author\/luzimara\/"}]}},"cc_featured_image_caption":{"caption_text":"","source_text":"","source_url":""},"jetpack_featured_media_url":"https:\/\/jornalfatosenoticias.com.br\/wp-content\/uploads\/2023\/03\/imagem-texto-ronaldo.jpg","_links":{"self":[{"href":"https:\/\/jornalfatosenoticias.com.br\/index.php\/wp-json\/wp\/v2\/posts\/40150","targetHints":{"allow":["GET"]}}],"collection":[{"href":"https:\/\/jornalfatosenoticias.com.br\/index.php\/wp-json\/wp\/v2\/posts"}],"about":[{"href":"https:\/\/jornalfatosenoticias.com.br\/index.php\/wp-json\/wp\/v2\/types\/post"}],"author":[{"embeddable":true,"href":"https:\/\/jornalfatosenoticias.com.br\/index.php\/wp-json\/wp\/v2\/users\/2"}],"replies":[{"embeddable":true,"href":"https:\/\/jornalfatosenoticias.com.br\/index.php\/wp-json\/wp\/v2\/comments?post=40150"}],"version-history":[{"count":0,"href":"https:\/\/jornalfatosenoticias.com.br\/index.php\/wp-json\/wp\/v2\/posts\/40150\/revisions"}],"wp:featuredmedia":[{"embeddable":true,"href":"https:\/\/jornalfatosenoticias.com.br\/index.php\/wp-json\/wp\/v2\/media\/40152"}],"wp:attachment":[{"href":"https:\/\/jornalfatosenoticias.com.br\/index.php\/wp-json\/wp\/v2\/media?parent=40150"}],"wp:term":[{"taxonomy":"category","embeddable":true,"href":"https:\/\/jornalfatosenoticias.com.br\/index.php\/wp-json\/wp\/v2\/categories?post=40150"},{"taxonomy":"post_tag","embeddable":true,"href":"https:\/\/jornalfatosenoticias.com.br\/index.php\/wp-json\/wp\/v2\/tags?post=40150"}],"curies":[{"name":"wp","href":"https:\/\/api.w.org\/{rel}","templated":true}]}}