{"id":40157,"date":"2023-03-30T14:08:52","date_gmt":"2023-03-30T17:08:52","guid":{"rendered":"https:\/\/jornalfatosenoticias.com.br\/?p=40157"},"modified":"2023-03-30T14:08:52","modified_gmt":"2023-03-30T17:08:52","slug":"iema-responde-a-ambientalista-da-ong-juntos-sos-es","status":"publish","type":"post","link":"https:\/\/jornalfatosenoticias.com.br\/index.php\/2023\/03\/30\/iema-responde-a-ambientalista-da-ong-juntos-sos-es\/","title":{"rendered":"Iema responde \u00e0 ambientalista da ONG Juntos SOS ES"},"content":{"rendered":"\n<div class=\"wp-block-image\"><figure class=\"aligncenter size-large is-resized\"><img loading=\"lazy\" decoding=\"async\" src=\"https:\/\/jornalfatosenoticias.com.br\/wp-content\/uploads\/2021\/10\/LOGO-JUNTOS-SOS-ES-AMBIENTAL.jpg\" alt=\"\" class=\"wp-image-23922\" width=\"299\" height=\"277\"\/><\/figure><\/div>\n\n\n\n<p>A ONG Juntos SOS ES questionou o Instituto de Meio Ambiente e Recursos H\u00eddricos (Iema), sobre a presen\u00e7a dos novos equipamentos instalados na Esta\u00e7\u00e3o 04, na Praia do Su\u00e1 e suas fun\u00e7\u00f5es no processo de despolui\u00e7\u00e3o e\/ou medi\u00e7\u00e3o de poeira sediment\u00e1vel do ar da Regi\u00e3o da Grande Vit\u00f3ria e a Coordena\u00e7\u00e3o de Qualidade do Ar e \u00c1reas Contaminadas. Em NOTA, a autarquia respondeu que, tais equipamentos, conforme observado pela associa\u00e7\u00e3o ambientalista Juntos SOS ES, instalados na \u00e1rea do Corpo de Bombeiros de Vit\u00f3ria, consistem em:<\/p>\n\n\n\n<div class=\"wp-block-image\"><figure class=\"aligncenter size-large is-resized\"><img loading=\"lazy\" decoding=\"async\" src=\"https:\/\/jornalfatosenoticias.com.br\/wp-content\/uploads\/2022\/10\/RC_800x750_page-0001.jpg\" alt=\"\" class=\"wp-image-35338\" width=\"260\" height=\"244\" srcset=\"https:\/\/jornalfatosenoticias.com.br\/wp-content\/uploads\/2022\/10\/RC_800x750_page-0001.jpg 400w, https:\/\/jornalfatosenoticias.com.br\/wp-content\/uploads\/2022\/10\/RC_800x750_page-0001-300x281.jpg 300w\" sizes=\"auto, (max-width: 260px) 100vw, 260px\" \/><\/figure><\/div>\n\n\n\n<p><strong><span class=\"has-inline-color has-vivid-red-color\">\u2022 Analisador autom\u00e1tico de Poeira Sediment\u00e1vel (PS) \u2014<\/span><\/strong> Equipamento localizado na parte superior da estrutura da esta\u00e7\u00e3o destinado ao monitoramento autom\u00e1tico de OS. O equipamento foi adquirido pela empresa ArcelorMittal, em atendimento a condicionante ambiental. Trata-se de equipamento de tecnologia francesa operada pela empresa Aires que atualmente se encontra em fase de opera\u00e7\u00e3o em fase de teste operacional.<\/p>\n\n\n\n<div class=\"wp-block-image\"><figure class=\"aligncenter size-large\"><img decoding=\"async\" src=\"https:\/\/jornalfatosenoticias.com.br\/wp-content\/uploads\/2020\/02\/logo_esteio.jpg\" alt=\"\" class=\"wp-image-1214\"\/><\/figure><\/div>\n\n\n\n<p>O equipamento em quest\u00e3o consiste em um coletor de poeira que realiza a pesagem do material (poeira sediment\u00e1vel) por meio de uma balan\u00e7a de precis\u00e3o, com a periodicidade desejada, no caso de hora em hora. O equipamento possui uma interface de transmiss\u00e3o das informa\u00e7\u00f5es e s\u00e3o disponibilizados ap\u00f3s valida\u00e7\u00e3o em um sistema pr\u00f3prio;<\/p>\n\n\n\n<div class=\"wp-block-image\"><figure class=\"aligncenter size-large\"><img loading=\"lazy\" decoding=\"async\" width=\"750\" height=\"1000\" src=\"https:\/\/jornalfatosenoticias.com.br\/wp-content\/uploads\/2023\/03\/moreschi3.jpg\" alt=\"\" class=\"wp-image-40158\" srcset=\"https:\/\/jornalfatosenoticias.com.br\/wp-content\/uploads\/2023\/03\/moreschi3.jpg 750w, https:\/\/jornalfatosenoticias.com.br\/wp-content\/uploads\/2023\/03\/moreschi3-225x300.jpg 225w\" sizes=\"auto, (max-width: 750px) 100vw, 750px\" \/><figcaption><em><span class=\"has-inline-color has-black-color\">(Foto: Arquivo Pessoal)<\/span><\/em><\/figcaption><\/figure><\/div>\n\n\n\n<div class=\"wp-block-image\"><figure class=\"aligncenter size-large is-resized\"><img loading=\"lazy\" decoding=\"async\" src=\"https:\/\/jornalfatosenoticias.com.br\/wp-content\/uploads\/2023\/03\/Crypton-1000-\u00d7-900-px.png\" alt=\"\" class=\"wp-image-39189\" width=\"317\" height=\"286\" srcset=\"https:\/\/jornalfatosenoticias.com.br\/wp-content\/uploads\/2023\/03\/Crypton-1000-\u00d7-900-px.png 1000w, https:\/\/jornalfatosenoticias.com.br\/wp-content\/uploads\/2023\/03\/Crypton-1000-\u00d7-900-px-300x270.png 300w, https:\/\/jornalfatosenoticias.com.br\/wp-content\/uploads\/2023\/03\/Crypton-1000-\u00d7-900-px-768x691.png 768w\" sizes=\"auto, (max-width: 317px) 100vw, 317px\" \/><\/figure><\/div>\n\n\n\n<p><strong><span class=\"has-inline-color has-vivid-red-color\">\u2022 Equipamentos de medi\u00e7\u00e3o de PM10 e PM2,5 \u2014<\/span><\/strong> Encontra-se em fase de opera\u00e7\u00e3o assistida os novos equipamentos de PM10 e PM2,5 da esta\u00e7\u00e3o 04. Os novos equipamentos foram adquiridos e instalados pela empresa Vale, por meio do Conv\u00eanio 001\/2021, e est\u00e3o em acordo com as exig\u00eancias t\u00e9cnicas do Iema para moderniza\u00e7\u00e3o das esta\u00e7\u00f5es de qualidade do ar;<br><strong><span class=\"has-inline-color has-vivid-red-color\">\u2022 A moderniza\u00e7\u00e3o em curso inclui ainda a substitui\u00e7\u00e3o<\/span><\/strong> dos medidores de gases. Contudo, tais equipamentos ainda encontram-se em fase de prepara\u00e7\u00e3o para instala\u00e7\u00e3o pela ArcelorMittal, por meio do conv\u00eanio 002\/2021, o que dever\u00e1 acontecer nos pr\u00f3ximos meses.<\/p>\n\n\n\n<div class=\"wp-block-image\"><figure class=\"aligncenter size-large\"><img loading=\"lazy\" decoding=\"async\" width=\"750\" height=\"1000\" src=\"https:\/\/jornalfatosenoticias.com.br\/wp-content\/uploads\/2023\/03\/moreschi1.jpg\" alt=\"\" class=\"wp-image-40159\" srcset=\"https:\/\/jornalfatosenoticias.com.br\/wp-content\/uploads\/2023\/03\/moreschi1.jpg 750w, https:\/\/jornalfatosenoticias.com.br\/wp-content\/uploads\/2023\/03\/moreschi1-225x300.jpg 225w\" sizes=\"auto, (max-width: 750px) 100vw, 750px\" \/><figcaption><span class=\"has-inline-color has-black-color\"><em>(Foto: Arquivo Pessoal)<\/em><\/span><\/figcaption><\/figure><\/div>\n\n\n\n<div class=\"wp-block-image\"><figure class=\"aligncenter size-large\"><img decoding=\"async\" src=\"https:\/\/jornalfatosenoticias.com.br\/wp-content\/uploads\/2020\/02\/barao-das-carnes-300x164-1.jpg\" alt=\"\" class=\"wp-image-34339\"\/><\/figure><\/div>\n\n\n\n<p>Al\u00e9m dos equipamentos que comp\u00f5em a RAMQAR, est\u00e1 instalado pr\u00f3ximo \u00e0 esta\u00e7\u00e3o 04 um cont\u00eainer \u2014 contendo uma esta\u00e7\u00e3o m\u00f3vel adquirida pela Ufes junto a empresa Aires e destinada a pesquisa cient\u00edfica. Ressalta-se que o referido container n\u00e3o \u00e9 integrante da Esta\u00e7\u00e3o 04 e, portanto, os equipamentos nela contidos n\u00e3o s\u00e3o de responsabilidade do Estado. O Iema n\u00e3o possui informa\u00e7\u00f5es referentes a situa\u00e7\u00e3o da pesquisa, uma vez que os dados coletados n\u00e3o s\u00e3o interligados a base de dados do Iema. A Gest\u00e3o da esta\u00e7\u00e3o m\u00f3vel citada \u00e9 de responsabilidade, \u00fanica e exclusivamente, da Ufes.<\/p>\n\n\n\n<div class=\"wp-block-image\"><figure class=\"aligncenter size-large\"><img loading=\"lazy\" decoding=\"async\" width=\"1024\" height=\"111\" src=\"https:\/\/jornalfatosenoticias.com.br\/wp-content\/uploads\/2020\/02\/WhatsApp-Image-2022-09-23-at-12.09.18-1024x111.jpeg\" alt=\"\" class=\"wp-image-34527\" srcset=\"https:\/\/jornalfatosenoticias.com.br\/wp-content\/uploads\/2020\/02\/WhatsApp-Image-2022-09-23-at-12.09.18-1024x111.jpeg 1024w, https:\/\/jornalfatosenoticias.com.br\/wp-content\/uploads\/2020\/02\/WhatsApp-Image-2022-09-23-at-12.09.18-300x32.jpeg 300w, https:\/\/jornalfatosenoticias.com.br\/wp-content\/uploads\/2020\/02\/WhatsApp-Image-2022-09-23-at-12.09.18-768x83.jpeg 768w, https:\/\/jornalfatosenoticias.com.br\/wp-content\/uploads\/2020\/02\/WhatsApp-Image-2022-09-23-at-12.09.18.jpeg 1121w\" sizes=\"auto, (max-width: 1024px) 100vw, 1024px\" \/><\/figure><\/div>\n","protected":false},"excerpt":{"rendered":"<p>A ONG Juntos SOS ES questionou o Instituto de Meio Ambiente e Recursos H\u00eddricos (Iema), sobre a presen\u00e7a dos novos equipamentos instalados na Esta\u00e7\u00e3o 04, na Praia do Su\u00e1 e suas fun\u00e7\u00f5es no processo de despolui\u00e7\u00e3o e\/ou medi\u00e7\u00e3o de poeira sediment\u00e1vel do ar da Regi\u00e3o da Grande Vit\u00f3ria e a Coordena\u00e7\u00e3o de Qualidade do Ar [&hellip;]<\/p>\n","protected":false},"author":28,"featured_media":40160,"comment_status":"open","ping_status":"open","sticky":false,"template":"","format":"standard","meta":{"footnotes":""},"categories":[8],"tags":[2731,9768,8871,2912,4024,1098],"class_list":["post-40157","post","type-post","status-publish","format-standard","has-post-thumbnail","hentry","category-meio-ambiente","tag-grande-vitoria","tag-iema","tag-po-preto","tag-poeira","tag-poluicao-do-ar","tag-solucao"],"yoast_head":"<!-- This site is optimized with the Yoast SEO plugin v26.5 - https:\/\/yoast.com\/wordpress\/plugins\/seo\/ -->\n<title>Iema responde \u00e0 ambientalista da ONG Juntos SOS ES - Jornal Fatos e Not\u00edcias<\/title>\n<meta name=\"robots\" content=\"index, follow, max-snippet:-1, max-image-preview:large, max-video-preview:-1\" \/>\n<link rel=\"canonical\" href=\"https:\/\/jornalfatosenoticias.com.br\/index.php\/2023\/03\/30\/iema-responde-a-ambientalista-da-ong-juntos-sos-es\/\" \/>\n<meta property=\"og:locale\" content=\"pt_BR\" \/>\n<meta property=\"og:type\" content=\"article\" \/>\n<meta property=\"og:title\" content=\"Iema responde \u00e0 ambientalista da ONG Juntos SOS ES - Jornal Fatos e Not\u00edcias\" \/>\n<meta property=\"og:description\" content=\"A ONG Juntos SOS ES questionou o Instituto de Meio Ambiente e Recursos H\u00eddricos (Iema), sobre a presen\u00e7a dos novos equipamentos instalados na Esta\u00e7\u00e3o 04, na Praia do Su\u00e1 e suas fun\u00e7\u00f5es no processo de despolui\u00e7\u00e3o e\/ou medi\u00e7\u00e3o de poeira sediment\u00e1vel do ar da Regi\u00e3o da Grande Vit\u00f3ria e a Coordena\u00e7\u00e3o de Qualidade do Ar [&hellip;]\" \/>\n<meta property=\"og:url\" content=\"https:\/\/jornalfatosenoticias.com.br\/index.php\/2023\/03\/30\/iema-responde-a-ambientalista-da-ong-juntos-sos-es\/\" \/>\n<meta property=\"og:site_name\" content=\"Jornal Fatos e Not\u00edcias\" \/>\n<meta property=\"article:published_time\" content=\"2023-03-30T17:08:52+00:00\" \/>\n<meta property=\"og:image\" content=\"https:\/\/jornalfatosenoticias.com.br\/wp-content\/uploads\/2023\/03\/moreschi2.jpg\" \/>\n\t<meta property=\"og:image:width\" content=\"1000\" \/>\n\t<meta property=\"og:image:height\" content=\"750\" \/>\n\t<meta property=\"og:image:type\" content=\"image\/jpeg\" \/>\n<meta name=\"author\" content=\"Eraylton Moreschi\" \/>\n<meta name=\"twitter:card\" content=\"summary_large_image\" \/>\n<meta name=\"twitter:label1\" content=\"Escrito por\" \/>\n\t<meta name=\"twitter:data1\" content=\"Eraylton Moreschi\" \/>\n\t<meta name=\"twitter:label2\" content=\"Est. tempo de leitura\" \/>\n\t<meta name=\"twitter:data2\" content=\"2 minutos\" \/>\n<script type=\"application\/ld+json\" class=\"yoast-schema-graph\">{\"@context\":\"https:\/\/schema.org\",\"@graph\":[{\"@type\":\"Article\",\"@id\":\"https:\/\/jornalfatosenoticias.com.br\/index.php\/2023\/03\/30\/iema-responde-a-ambientalista-da-ong-juntos-sos-es\/#article\",\"isPartOf\":{\"@id\":\"https:\/\/jornalfatosenoticias.com.br\/index.php\/2023\/03\/30\/iema-responde-a-ambientalista-da-ong-juntos-sos-es\/\"},\"author\":{\"name\":\"Eraylton Moreschi\",\"@id\":\"https:\/\/jornalfatosenoticias.com.br\/#\/schema\/person\/c7b0b67d6e4b0261e455c6caa62f64d8\"},\"headline\":\"Iema responde \u00e0 ambientalista da ONG Juntos SOS ES\",\"datePublished\":\"2023-03-30T17:08:52+00:00\",\"mainEntityOfPage\":{\"@id\":\"https:\/\/jornalfatosenoticias.com.br\/index.php\/2023\/03\/30\/iema-responde-a-ambientalista-da-ong-juntos-sos-es\/\"},\"wordCount\":448,\"commentCount\":0,\"publisher\":{\"@id\":\"https:\/\/jornalfatosenoticias.com.br\/#organization\"},\"image\":{\"@id\":\"https:\/\/jornalfatosenoticias.com.br\/index.php\/2023\/03\/30\/iema-responde-a-ambientalista-da-ong-juntos-sos-es\/#primaryimage\"},\"thumbnailUrl\":\"https:\/\/jornalfatosenoticias.com.br\/wp-content\/uploads\/2023\/03\/moreschi2.jpg\",\"keywords\":[\"Grande Vit\u00f3ria\",\"Iema\",\"p\u00f3 preto\",\"poeira\",\"polui\u00e7\u00e3o do ar\",\"solu\u00e7\u00e3o\"],\"articleSection\":[\"Meio ambiente\"],\"inLanguage\":\"pt-BR\",\"potentialAction\":[{\"@type\":\"CommentAction\",\"name\":\"Comment\",\"target\":[\"https:\/\/jornalfatosenoticias.com.br\/index.php\/2023\/03\/30\/iema-responde-a-ambientalista-da-ong-juntos-sos-es\/#respond\"]}]},{\"@type\":\"WebPage\",\"@id\":\"https:\/\/jornalfatosenoticias.com.br\/index.php\/2023\/03\/30\/iema-responde-a-ambientalista-da-ong-juntos-sos-es\/\",\"url\":\"https:\/\/jornalfatosenoticias.com.br\/index.php\/2023\/03\/30\/iema-responde-a-ambientalista-da-ong-juntos-sos-es\/\",\"name\":\"Iema responde \u00e0 ambientalista da ONG Juntos SOS ES - Jornal Fatos e Not\u00edcias\",\"isPartOf\":{\"@id\":\"https:\/\/jornalfatosenoticias.com.br\/#website\"},\"primaryImageOfPage\":{\"@id\":\"https:\/\/jornalfatosenoticias.com.br\/index.php\/2023\/03\/30\/iema-responde-a-ambientalista-da-ong-juntos-sos-es\/#primaryimage\"},\"image\":{\"@id\":\"https:\/\/jornalfatosenoticias.com.br\/index.php\/2023\/03\/30\/iema-responde-a-ambientalista-da-ong-juntos-sos-es\/#primaryimage\"},\"thumbnailUrl\":\"https:\/\/jornalfatosenoticias.com.br\/wp-content\/uploads\/2023\/03\/moreschi2.jpg\",\"datePublished\":\"2023-03-30T17:08:52+00:00\",\"breadcrumb\":{\"@id\":\"https:\/\/jornalfatosenoticias.com.br\/index.php\/2023\/03\/30\/iema-responde-a-ambientalista-da-ong-juntos-sos-es\/#breadcrumb\"},\"inLanguage\":\"pt-BR\",\"potentialAction\":[{\"@type\":\"ReadAction\",\"target\":[\"https:\/\/jornalfatosenoticias.com.br\/index.php\/2023\/03\/30\/iema-responde-a-ambientalista-da-ong-juntos-sos-es\/\"]}]},{\"@type\":\"ImageObject\",\"inLanguage\":\"pt-BR\",\"@id\":\"https:\/\/jornalfatosenoticias.com.br\/index.php\/2023\/03\/30\/iema-responde-a-ambientalista-da-ong-juntos-sos-es\/#primaryimage\",\"url\":\"https:\/\/jornalfatosenoticias.com.br\/wp-content\/uploads\/2023\/03\/moreschi2.jpg\",\"contentUrl\":\"https:\/\/jornalfatosenoticias.com.br\/wp-content\/uploads\/2023\/03\/moreschi2.jpg\",\"width\":1000,\"height\":750},{\"@type\":\"BreadcrumbList\",\"@id\":\"https:\/\/jornalfatosenoticias.com.br\/index.php\/2023\/03\/30\/iema-responde-a-ambientalista-da-ong-juntos-sos-es\/#breadcrumb\",\"itemListElement\":[{\"@type\":\"ListItem\",\"position\":1,\"name\":\"In\u00edcio\",\"item\":\"https:\/\/jornalfatosenoticias.com.br\/\"},{\"@type\":\"ListItem\",\"position\":2,\"name\":\"Iema responde \u00e0 ambientalista da ONG Juntos SOS ES\"}]},{\"@type\":\"WebSite\",\"@id\":\"https:\/\/jornalfatosenoticias.com.br\/#website\",\"url\":\"https:\/\/jornalfatosenoticias.com.br\/\",\"name\":\"Jornal Fatos e Not\u00edcias\",\"description\":\"Not\u00edcias em geral\",\"publisher\":{\"@id\":\"https:\/\/jornalfatosenoticias.com.br\/#organization\"},\"potentialAction\":[{\"@type\":\"SearchAction\",\"target\":{\"@type\":\"EntryPoint\",\"urlTemplate\":\"https:\/\/jornalfatosenoticias.com.br\/?s={search_term_string}\"},\"query-input\":{\"@type\":\"PropertyValueSpecification\",\"valueRequired\":true,\"valueName\":\"search_term_string\"}}],\"inLanguage\":\"pt-BR\"},{\"@type\":\"Organization\",\"@id\":\"https:\/\/jornalfatosenoticias.com.br\/#organization\",\"name\":\"Jornal Fatos e Not\u00edcias\",\"url\":\"https:\/\/jornalfatosenoticias.com.br\/\",\"logo\":{\"@type\":\"ImageObject\",\"inLanguage\":\"pt-BR\",\"@id\":\"https:\/\/jornalfatosenoticias.com.br\/#\/schema\/logo\/image\/\",\"url\":\"https:\/\/jornalfatosenoticias.com.br\/wp-content\/uploads\/2020\/02\/logo120.png\",\"contentUrl\":\"https:\/\/jornalfatosenoticias.com.br\/wp-content\/uploads\/2020\/02\/logo120.png\",\"width\":1227,\"height\":120,\"caption\":\"Jornal Fatos e Not\u00edcias\"},\"image\":{\"@id\":\"https:\/\/jornalfatosenoticias.com.br\/#\/schema\/logo\/image\/\"}},{\"@type\":\"Person\",\"@id\":\"https:\/\/jornalfatosenoticias.com.br\/#\/schema\/person\/c7b0b67d6e4b0261e455c6caa62f64d8\",\"name\":\"Eraylton Moreschi\",\"image\":{\"@type\":\"ImageObject\",\"inLanguage\":\"pt-BR\",\"@id\":\"https:\/\/jornalfatosenoticias.com.br\/#\/schema\/person\/image\/\",\"url\":\"https:\/\/jornalfatosenoticias.com.br\/wp-content\/uploads\/2023\/03\/moreschi-removebg-preview-150x150.png\",\"contentUrl\":\"https:\/\/jornalfatosenoticias.com.br\/wp-content\/uploads\/2023\/03\/moreschi-removebg-preview-150x150.png\",\"caption\":\"Eraylton Moreschi\"},\"description\":\"Presidente da ONG Juntos SOS Esp\u00edrito Santo Ambiental\",\"url\":\"https:\/\/jornalfatosenoticias.com.br\/index.php\/author\/eraylton-moreschi\/\"}]}<\/script>\n<!-- \/ Yoast SEO plugin. -->","yoast_head_json":{"title":"Iema responde \u00e0 ambientalista da ONG Juntos SOS ES - Jornal Fatos e Not\u00edcias","robots":{"index":"index","follow":"follow","max-snippet":"max-snippet:-1","max-image-preview":"max-image-preview:large","max-video-preview":"max-video-preview:-1"},"canonical":"https:\/\/jornalfatosenoticias.com.br\/index.php\/2023\/03\/30\/iema-responde-a-ambientalista-da-ong-juntos-sos-es\/","og_locale":"pt_BR","og_type":"article","og_title":"Iema responde \u00e0 ambientalista da ONG Juntos SOS ES - Jornal Fatos e Not\u00edcias","og_description":"A ONG Juntos SOS ES questionou o Instituto de Meio Ambiente e Recursos H\u00eddricos (Iema), sobre a presen\u00e7a dos novos equipamentos instalados na Esta\u00e7\u00e3o 04, na Praia do Su\u00e1 e suas fun\u00e7\u00f5es no processo de despolui\u00e7\u00e3o e\/ou medi\u00e7\u00e3o de poeira sediment\u00e1vel do ar da Regi\u00e3o da Grande Vit\u00f3ria e a Coordena\u00e7\u00e3o de Qualidade do Ar [&hellip;]","og_url":"https:\/\/jornalfatosenoticias.com.br\/index.php\/2023\/03\/30\/iema-responde-a-ambientalista-da-ong-juntos-sos-es\/","og_site_name":"Jornal Fatos e Not\u00edcias","article_published_time":"2023-03-30T17:08:52+00:00","og_image":[{"width":1000,"height":750,"url":"https:\/\/jornalfatosenoticias.com.br\/wp-content\/uploads\/2023\/03\/moreschi2.jpg","type":"image\/jpeg"}],"author":"Eraylton Moreschi","twitter_card":"summary_large_image","twitter_misc":{"Escrito por":"Eraylton Moreschi","Est. tempo de leitura":"2 minutos"},"schema":{"@context":"https:\/\/schema.org","@graph":[{"@type":"Article","@id":"https:\/\/jornalfatosenoticias.com.br\/index.php\/2023\/03\/30\/iema-responde-a-ambientalista-da-ong-juntos-sos-es\/#article","isPartOf":{"@id":"https:\/\/jornalfatosenoticias.com.br\/index.php\/2023\/03\/30\/iema-responde-a-ambientalista-da-ong-juntos-sos-es\/"},"author":{"name":"Eraylton Moreschi","@id":"https:\/\/jornalfatosenoticias.com.br\/#\/schema\/person\/c7b0b67d6e4b0261e455c6caa62f64d8"},"headline":"Iema responde \u00e0 ambientalista da ONG Juntos SOS ES","datePublished":"2023-03-30T17:08:52+00:00","mainEntityOfPage":{"@id":"https:\/\/jornalfatosenoticias.com.br\/index.php\/2023\/03\/30\/iema-responde-a-ambientalista-da-ong-juntos-sos-es\/"},"wordCount":448,"commentCount":0,"publisher":{"@id":"https:\/\/jornalfatosenoticias.com.br\/#organization"},"image":{"@id":"https:\/\/jornalfatosenoticias.com.br\/index.php\/2023\/03\/30\/iema-responde-a-ambientalista-da-ong-juntos-sos-es\/#primaryimage"},"thumbnailUrl":"https:\/\/jornalfatosenoticias.com.br\/wp-content\/uploads\/2023\/03\/moreschi2.jpg","keywords":["Grande Vit\u00f3ria","Iema","p\u00f3 preto","poeira","polui\u00e7\u00e3o do ar","solu\u00e7\u00e3o"],"articleSection":["Meio ambiente"],"inLanguage":"pt-BR","potentialAction":[{"@type":"CommentAction","name":"Comment","target":["https:\/\/jornalfatosenoticias.com.br\/index.php\/2023\/03\/30\/iema-responde-a-ambientalista-da-ong-juntos-sos-es\/#respond"]}]},{"@type":"WebPage","@id":"https:\/\/jornalfatosenoticias.com.br\/index.php\/2023\/03\/30\/iema-responde-a-ambientalista-da-ong-juntos-sos-es\/","url":"https:\/\/jornalfatosenoticias.com.br\/index.php\/2023\/03\/30\/iema-responde-a-ambientalista-da-ong-juntos-sos-es\/","name":"Iema responde \u00e0 ambientalista da ONG Juntos SOS ES - Jornal Fatos e Not\u00edcias","isPartOf":{"@id":"https:\/\/jornalfatosenoticias.com.br\/#website"},"primaryImageOfPage":{"@id":"https:\/\/jornalfatosenoticias.com.br\/index.php\/2023\/03\/30\/iema-responde-a-ambientalista-da-ong-juntos-sos-es\/#primaryimage"},"image":{"@id":"https:\/\/jornalfatosenoticias.com.br\/index.php\/2023\/03\/30\/iema-responde-a-ambientalista-da-ong-juntos-sos-es\/#primaryimage"},"thumbnailUrl":"https:\/\/jornalfatosenoticias.com.br\/wp-content\/uploads\/2023\/03\/moreschi2.jpg","datePublished":"2023-03-30T17:08:52+00:00","breadcrumb":{"@id":"https:\/\/jornalfatosenoticias.com.br\/index.php\/2023\/03\/30\/iema-responde-a-ambientalista-da-ong-juntos-sos-es\/#breadcrumb"},"inLanguage":"pt-BR","potentialAction":[{"@type":"ReadAction","target":["https:\/\/jornalfatosenoticias.com.br\/index.php\/2023\/03\/30\/iema-responde-a-ambientalista-da-ong-juntos-sos-es\/"]}]},{"@type":"ImageObject","inLanguage":"pt-BR","@id":"https:\/\/jornalfatosenoticias.com.br\/index.php\/2023\/03\/30\/iema-responde-a-ambientalista-da-ong-juntos-sos-es\/#primaryimage","url":"https:\/\/jornalfatosenoticias.com.br\/wp-content\/uploads\/2023\/03\/moreschi2.jpg","contentUrl":"https:\/\/jornalfatosenoticias.com.br\/wp-content\/uploads\/2023\/03\/moreschi2.jpg","width":1000,"height":750},{"@type":"BreadcrumbList","@id":"https:\/\/jornalfatosenoticias.com.br\/index.php\/2023\/03\/30\/iema-responde-a-ambientalista-da-ong-juntos-sos-es\/#breadcrumb","itemListElement":[{"@type":"ListItem","position":1,"name":"In\u00edcio","item":"https:\/\/jornalfatosenoticias.com.br\/"},{"@type":"ListItem","position":2,"name":"Iema responde \u00e0 ambientalista da ONG Juntos SOS ES"}]},{"@type":"WebSite","@id":"https:\/\/jornalfatosenoticias.com.br\/#website","url":"https:\/\/jornalfatosenoticias.com.br\/","name":"Jornal Fatos e Not\u00edcias","description":"Not\u00edcias em geral","publisher":{"@id":"https:\/\/jornalfatosenoticias.com.br\/#organization"},"potentialAction":[{"@type":"SearchAction","target":{"@type":"EntryPoint","urlTemplate":"https:\/\/jornalfatosenoticias.com.br\/?s={search_term_string}"},"query-input":{"@type":"PropertyValueSpecification","valueRequired":true,"valueName":"search_term_string"}}],"inLanguage":"pt-BR"},{"@type":"Organization","@id":"https:\/\/jornalfatosenoticias.com.br\/#organization","name":"Jornal Fatos e Not\u00edcias","url":"https:\/\/jornalfatosenoticias.com.br\/","logo":{"@type":"ImageObject","inLanguage":"pt-BR","@id":"https:\/\/jornalfatosenoticias.com.br\/#\/schema\/logo\/image\/","url":"https:\/\/jornalfatosenoticias.com.br\/wp-content\/uploads\/2020\/02\/logo120.png","contentUrl":"https:\/\/jornalfatosenoticias.com.br\/wp-content\/uploads\/2020\/02\/logo120.png","width":1227,"height":120,"caption":"Jornal Fatos e Not\u00edcias"},"image":{"@id":"https:\/\/jornalfatosenoticias.com.br\/#\/schema\/logo\/image\/"}},{"@type":"Person","@id":"https:\/\/jornalfatosenoticias.com.br\/#\/schema\/person\/c7b0b67d6e4b0261e455c6caa62f64d8","name":"Eraylton Moreschi","image":{"@type":"ImageObject","inLanguage":"pt-BR","@id":"https:\/\/jornalfatosenoticias.com.br\/#\/schema\/person\/image\/","url":"https:\/\/jornalfatosenoticias.com.br\/wp-content\/uploads\/2023\/03\/moreschi-removebg-preview-150x150.png","contentUrl":"https:\/\/jornalfatosenoticias.com.br\/wp-content\/uploads\/2023\/03\/moreschi-removebg-preview-150x150.png","caption":"Eraylton Moreschi"},"description":"Presidente da ONG Juntos SOS Esp\u00edrito Santo Ambiental","url":"https:\/\/jornalfatosenoticias.com.br\/index.php\/author\/eraylton-moreschi\/"}]}},"cc_featured_image_caption":{"caption_text":"(Foto: Arquivo Pessoal) ","source_text":"","source_url":""},"jetpack_featured_media_url":"https:\/\/jornalfatosenoticias.com.br\/wp-content\/uploads\/2023\/03\/moreschi2.jpg","_links":{"self":[{"href":"https:\/\/jornalfatosenoticias.com.br\/index.php\/wp-json\/wp\/v2\/posts\/40157","targetHints":{"allow":["GET"]}}],"collection":[{"href":"https:\/\/jornalfatosenoticias.com.br\/index.php\/wp-json\/wp\/v2\/posts"}],"about":[{"href":"https:\/\/jornalfatosenoticias.com.br\/index.php\/wp-json\/wp\/v2\/types\/post"}],"author":[{"embeddable":true,"href":"https:\/\/jornalfatosenoticias.com.br\/index.php\/wp-json\/wp\/v2\/users\/28"}],"replies":[{"embeddable":true,"href":"https:\/\/jornalfatosenoticias.com.br\/index.php\/wp-json\/wp\/v2\/comments?post=40157"}],"version-history":[{"count":0,"href":"https:\/\/jornalfatosenoticias.com.br\/index.php\/wp-json\/wp\/v2\/posts\/40157\/revisions"}],"wp:featuredmedia":[{"embeddable":true,"href":"https:\/\/jornalfatosenoticias.com.br\/index.php\/wp-json\/wp\/v2\/media\/40160"}],"wp:attachment":[{"href":"https:\/\/jornalfatosenoticias.com.br\/index.php\/wp-json\/wp\/v2\/media?parent=40157"}],"wp:term":[{"taxonomy":"category","embeddable":true,"href":"https:\/\/jornalfatosenoticias.com.br\/index.php\/wp-json\/wp\/v2\/categories?post=40157"},{"taxonomy":"post_tag","embeddable":true,"href":"https:\/\/jornalfatosenoticias.com.br\/index.php\/wp-json\/wp\/v2\/tags?post=40157"}],"curies":[{"name":"wp","href":"https:\/\/api.w.org\/{rel}","templated":true}]}}