{"id":40187,"date":"2023-03-31T09:54:57","date_gmt":"2023-03-31T12:54:57","guid":{"rendered":"https:\/\/jornalfatosenoticias.com.br\/?p=40187"},"modified":"2023-03-31T09:54:57","modified_gmt":"2023-03-31T12:54:57","slug":"fogao-solar-dobravel-transforma-qualquer-lugar-em-cozinha","status":"publish","type":"post","link":"https:\/\/jornalfatosenoticias.com.br\/index.php\/2023\/03\/31\/fogao-solar-dobravel-transforma-qualquer-lugar-em-cozinha\/","title":{"rendered":"Fog\u00e3o solar dobr\u00e1vel transforma qualquer lugar em cozinha"},"content":{"rendered":"\n<p><em><span class=\"has-inline-color has-black-color\">F\u00e1cil de transportar e montar, equipamento usa o calor do sol para cozinhar diversas receitas com seguran\u00e7a e praticidade<\/span><\/em><\/p>\n\n\n\n<div class=\"wp-block-image\"><figure class=\"aligncenter size-large\"><img decoding=\"async\" src=\"https:\/\/jornalfatosenoticias.com.br\/wp-content\/uploads\/2020\/02\/logo_esteio.jpg\" alt=\"\" class=\"wp-image-1214\"\/><\/figure><\/div>\n\n\n\n<p>Enquanto sua comida est\u00e1 cozinhando em pleno <a href=\"https:\/\/ciclovivo.com.br\/mao-na-massa\/faca-voce-mesmo\/5-dicas-para-ter-um-jardim-cheio-de-passaros\/\">jardim<\/a>, voc\u00ea pode relaxar e aproveitar os momentos ao ar livre, sem se preocupar com fuma\u00e7a, g\u00e1s, com comida queimando ou com a seguran\u00e7a de crian\u00e7as e animais. Quem garante isso \u00e9 Alain Bivas, respons\u00e1vel pelo projeto do fog\u00e3o solar dobr\u00e1vel\u00a0<a href=\"https:\/\/sunplicity.fr\/en\/parabolic-cooker\/\" target=\"_blank\" rel=\"noreferrer noopener\">SUNplicity<\/a>, uma mistura das palavras sol (sun) e\u00a0<a href=\"https:\/\/ciclovivo.com.br\/arq-urb\/mobilidade\/carro-conceito-eletrico-quer-unir-simplicidade-e-sustentabilidade\/\" target=\"_blank\" rel=\"noreferrer noopener\">simplicidade<\/a> (simplicity) em ingl\u00eas.<\/p>\n\n\n\n<div class=\"wp-block-image\"><figure class=\"aligncenter size-large is-resized\"><img loading=\"lazy\" decoding=\"async\" src=\"https:\/\/jornalfatosenoticias.com.br\/wp-content\/uploads\/2021\/10\/LOGO-JUNTOS-SOS-ES-AMBIENTAL.jpg\" alt=\"\" class=\"wp-image-23922\" width=\"260\" height=\"241\"\/><\/figure><\/div>\n\n\n\n<p>Desde muito cedo, Alain tinha interesse pela energia e pelo calor do sol. Quando jovem tentou criar um primeiro fog\u00e3o solar, mas a pot\u00eancia do equipamento era alta demais e causou alguns inc\u00eandios. Depois de muitos projetos e tentativas, ele criou um fog\u00e3o solar seguro e come\u00e7ou a cozinhar com a namorada, usando apenas o <a href=\"https:\/\/ciclovivo.com.br\/inovacao\/negocios\/marca-lanca-protetor-solar-recarregavel-para-reduzir-plastico\/\" target=\"_blank\" rel=\"noreferrer noopener\">calor do sol<\/a>. Os modelos que Alain desenvolvia eram testados em v\u00e1rios locais e no preparo de diversas receitas.<\/p>\n\n\n\n<div class=\"wp-block-image\"><figure class=\"aligncenter size-large is-resized\"><img loading=\"lazy\" decoding=\"async\" src=\"https:\/\/jornalfatosenoticias.com.br\/wp-content\/uploads\/2020\/02\/logo-Panper_portal.jpg\" alt=\"\" class=\"wp-image-34474\" width=\"312\" height=\"216\" srcset=\"https:\/\/jornalfatosenoticias.com.br\/wp-content\/uploads\/2020\/02\/logo-Panper_portal.jpg 400w, https:\/\/jornalfatosenoticias.com.br\/wp-content\/uploads\/2020\/02\/logo-Panper_portal-300x208.jpg 300w\" sizes=\"auto, (max-width: 312px) 100vw, 312px\" \/><\/figure><\/div>\n\n\n\n<p>Toda esta experi\u00eancia levou ao SUNplicity. Convencido da possibilidade de se cozinhar com o calor do sol, o inventor quis criar um modelo pr\u00e1tico, seguro, leve e f\u00e1cil de transportar. A ideia \u00e9 que o fog\u00e3o possa ser montado em qualquer lugar, dispensando, por exemplo, o uso de botij\u00f5es de g\u00e1s ou outras fontes de energia em <a href=\"https:\/\/ciclovivo.com.br\/inovacao\/tecnologia\/barraca-de-camping-tem-sinal-de-internet-e-produz-energia-solar-para-carregar-celulares\/\" target=\"_blank\" rel=\"noreferrer noopener\">campings<\/a> e trilhas. <\/p>\n\n\n\n<div class=\"wp-block-image\"><figure class=\"aligncenter size-large is-resized\"><img loading=\"lazy\" decoding=\"async\" src=\"https:\/\/jornalfatosenoticias.com.br\/wp-content\/uploads\/2020\/02\/casa-do-torresmo_portal.jpg\" alt=\"\" class=\"wp-image-34472\" width=\"254\" height=\"254\" srcset=\"https:\/\/jornalfatosenoticias.com.br\/wp-content\/uploads\/2020\/02\/casa-do-torresmo_portal.jpg 300w, https:\/\/jornalfatosenoticias.com.br\/wp-content\/uploads\/2020\/02\/casa-do-torresmo_portal-150x150.jpg 150w\" sizes=\"auto, (max-width: 254px) 100vw, 254px\" \/><\/figure><\/div>\n\n\n\n<blockquote class=\"wp-block-quote is-layout-flow wp-block-quote-is-layout-flow\"><p><span class=\"has-inline-color has-luminous-vivid-orange-color\">Cozinhar com energia solar \u00e9 a forma mais divertida e saborosa de proteger o futuro do nosso belo planeta\u201d, conta Alain.<\/span><\/p><\/blockquote>\n\n\n\n<div class=\"wp-block-image\"><figure class=\"aligncenter size-large is-resized\"><img loading=\"lazy\" decoding=\"async\" src=\"https:\/\/jornalfatosenoticias.com.br\/wp-content\/uploads\/2020\/02\/logo-embacia.jpg\" alt=\"\" class=\"wp-image-33905\" width=\"253\" height=\"253\"\/><\/figure><\/div>\n\n\n\n<p>A constru\u00e7\u00e3o deste modelo come\u00e7ou em 2009 e foi premiada em 201, quando o SUNplicity recebeu a medalha de ouro no Concours L\u00e9pine Int., em Paris. Desde 2015, o fog\u00e3o solar dobr\u00e1vel \u00e9 vendido para a <a href=\"https:\/\/ciclovivo.com.br\/inovacao\/inspiracao\/franca-bane-descartaveis-em-redes-de-fast-food\/\" target=\"_blank\" rel=\"noreferrer noopener\">Fran\u00e7a<\/a> e Europa. Pelo site \u00e9 poss\u00edvel fazer encomendas para outras regi\u00f5es, mas o valor \u00e9 bastante alto, considerando as taxas de convers\u00e3o e transporte \u2014 o SUNplicity \u00e9 vendido a 410 euro na <a href=\"https:\/\/sunplicity.fr\/en\/shop-2\/\" target=\"_blank\" rel=\"noreferrer noopener\">loja on-line<\/a>, que tamb\u00e9m oferece panelas de diferentes tamanhos.<\/p>\n\n\n\n<div class=\"wp-block-jetpack-slideshow aligncenter\" data-effect=\"slide\"><div class=\"wp-block-jetpack-slideshow_container swiper-container\"><ul class=\"wp-block-jetpack-slideshow_swiper-wrapper swiper-wrapper\"><li class=\"wp-block-jetpack-slideshow_slide swiper-slide\"><figure><img loading=\"lazy\" decoding=\"async\" width=\"1000\" height=\"645\" alt=\"\" class=\"wp-block-jetpack-slideshow_image wp-image-40188\" data-id=\"40188\" src=\"https:\/\/jornalfatosenoticias.com.br\/wp-content\/uploads\/2023\/03\/fogao-solar-dobravel-5.jpg\" srcset=\"https:\/\/jornalfatosenoticias.com.br\/wp-content\/uploads\/2023\/03\/fogao-solar-dobravel-5.jpg 1000w, https:\/\/jornalfatosenoticias.com.br\/wp-content\/uploads\/2023\/03\/fogao-solar-dobravel-5-300x194.jpg 300w, https:\/\/jornalfatosenoticias.com.br\/wp-content\/uploads\/2023\/03\/fogao-solar-dobravel-5-768x495.jpg 768w\" sizes=\"auto, (max-width: 1000px) 100vw, 1000px\" \/><figcaption class=\"wp-block-jetpack-slideshow_caption gallery-caption\">(Foto: SUNplicity) <\/figcaption><\/figure><\/li><li class=\"wp-block-jetpack-slideshow_slide swiper-slide\"><figure><img loading=\"lazy\" decoding=\"async\" width=\"1000\" height=\"690\" alt=\"\" class=\"wp-block-jetpack-slideshow_image wp-image-40189\" data-id=\"40189\" src=\"https:\/\/jornalfatosenoticias.com.br\/wp-content\/uploads\/2023\/03\/fogao-solar-dobravel-2.jpg\" srcset=\"https:\/\/jornalfatosenoticias.com.br\/wp-content\/uploads\/2023\/03\/fogao-solar-dobravel-2.jpg 1000w, https:\/\/jornalfatosenoticias.com.br\/wp-content\/uploads\/2023\/03\/fogao-solar-dobravel-2-300x207.jpg 300w, https:\/\/jornalfatosenoticias.com.br\/wp-content\/uploads\/2023\/03\/fogao-solar-dobravel-2-768x530.jpg 768w\" sizes=\"auto, (max-width: 1000px) 100vw, 1000px\" \/><figcaption class=\"wp-block-jetpack-slideshow_caption gallery-caption\">Fog\u00e3o dobrado pode ser transportado facilmente (Foto: SUNplicity)<\/figcaption><\/figure><\/li><li class=\"wp-block-jetpack-slideshow_slide swiper-slide\"><figure><img loading=\"lazy\" decoding=\"async\" width=\"1000\" height=\"750\" alt=\"\" class=\"wp-block-jetpack-slideshow_image wp-image-40190\" data-id=\"40190\" src=\"https:\/\/jornalfatosenoticias.com.br\/wp-content\/uploads\/2023\/03\/fogao-solar-dobravel-3.jpeg\" srcset=\"https:\/\/jornalfatosenoticias.com.br\/wp-content\/uploads\/2023\/03\/fogao-solar-dobravel-3.jpeg 1000w, https:\/\/jornalfatosenoticias.com.br\/wp-content\/uploads\/2023\/03\/fogao-solar-dobravel-3-300x225.jpeg 300w, https:\/\/jornalfatosenoticias.com.br\/wp-content\/uploads\/2023\/03\/fogao-solar-dobravel-3-768x576.jpeg 768w\" sizes=\"auto, (max-width: 1000px) 100vw, 1000px\" \/><figcaption class=\"wp-block-jetpack-slideshow_caption gallery-caption\">(Foto: SUNplicity) <\/figcaption><\/figure><\/li><\/ul><a class=\"wp-block-jetpack-slideshow_button-prev swiper-button-prev swiper-button-white\" role=\"button\"><\/a><a class=\"wp-block-jetpack-slideshow_button-next swiper-button-next swiper-button-white\" role=\"button\"><\/a><a aria-label=\"Pause Slideshow\" class=\"wp-block-jetpack-slideshow_button-pause\" role=\"button\"><\/a><div class=\"wp-block-jetpack-slideshow_pagination swiper-pagination swiper-pagination-white\"><\/div><\/div><\/div>\n\n\n\n<div class=\"wp-block-image\"><figure class=\"aligncenter size-large is-resized\"><img loading=\"lazy\" decoding=\"async\" src=\"https:\/\/jornalfatosenoticias.com.br\/wp-content\/uploads\/2020\/02\/nova-logo-Marquetti.jpg\" alt=\"\" class=\"wp-image-22331\" width=\"264\" height=\"177\" srcset=\"https:\/\/jornalfatosenoticias.com.br\/wp-content\/uploads\/2020\/02\/nova-logo-Marquetti.jpg 643w, https:\/\/jornalfatosenoticias.com.br\/wp-content\/uploads\/2020\/02\/nova-logo-Marquetti-300x202.jpg 300w\" sizes=\"auto, (max-width: 264px) 100vw, 264px\" \/><\/figure><\/div>\n\n\n\n<p>O produto \u00e9 feito de metal, com materiais selecionados levando-se em conta a durabilidade. O espelho \u00e9 feito de alum\u00ednio e coberto com dois nanocamadas de ceramida que refor\u00e7am a luz e limitam os riscos. O fabricante garante que para montar o fog\u00e3o, o tempo gasto n\u00e3o supera um minuto (confira neste <a href=\"https:\/\/www.youtube.com\/watch?v=jFgSjde4rvU&amp;t=1s\" target=\"_blank\" rel=\"noreferrer noopener\">v\u00eddeo<\/a>). Com 2,8 quilos e dimens\u00f5es pequenas (85cm quando est\u00e1 aberto e 55x30x5 quando est\u00e1 fechado), ele pode ser facilmente transportado.<\/p>\n\n\n\n<div class=\"wp-block-image\"><figure class=\"aligncenter size-large is-resized\"><img loading=\"lazy\" decoding=\"async\" src=\"https:\/\/jornalfatosenoticias.com.br\/wp-content\/uploads\/2022\/08\/logo-locau-veiculos-1024x573.png\" alt=\"\" class=\"wp-image-33078\" width=\"307\" height=\"171\"\/><\/figure><\/div>\n\n\n\n<p>A pot\u00eancia m\u00e9dia de 230\u00b0C \u00e9 um pouco menor do que a de um fog\u00e3o convencional, mas \u00e9 capaz de ferver um litro de \u00e1gua ferve em 30 minutos. Com o SUNplicity \u00e9 poss\u00edvel cozinhar refei\u00e7\u00f5es para at\u00e9 tr\u00eas pessoas tranquilamente.<br>Alain faz quest\u00e3o de explicar que seu produto \u00e9 totalmente seguro para as pessoas, para a cozinha e para o meio ambiente: em todos os momentos, o espelho da placa permanece frio, apenas o recipiente \u00e9 aquecido, a profundidade evita qualquer risco de inc\u00eandio e o brilho \u00e9 controlado para n\u00e3o fazer mal aos olhos. Em caso de ventos fortes, a placa desengata sem derramar o conte\u00fado da panela. Al\u00e9m disso, a distribui\u00e7\u00e3o mais uniforme do calor evita que os alimentos grudem no fundo da panela.<\/p>\n\n\n\n<div class=\"wp-block-image\"><figure class=\"aligncenter size-large is-resized\"><img loading=\"lazy\" decoding=\"async\" src=\"https:\/\/jornalfatosenoticias.com.br\/wp-content\/uploads\/2022\/07\/Logo-Grupo-SEI.jpg\" alt=\"\" class=\"wp-image-31973\" width=\"330\" height=\"173\" srcset=\"https:\/\/jornalfatosenoticias.com.br\/wp-content\/uploads\/2022\/07\/Logo-Grupo-SEI.jpg 713w, https:\/\/jornalfatosenoticias.com.br\/wp-content\/uploads\/2022\/07\/Logo-Grupo-SEI-300x158.jpg 300w\" sizes=\"auto, (max-width: 330px) 100vw, 330px\" \/><\/figure><\/div>\n\n\n\n<p>Em rela\u00e7\u00e3o \u00e0s receitas, Alain explica que o cozimento solar aprimora o sabor e o aroma e respeita os nutrientes, mas demora cerca de 15 minutos a mais por hora do que o convencional. Depois do uso, a limpeza \u00e9 f\u00e1cil. Com uma esponja macia \u00e9 poss\u00edvel tirar qualquer res\u00edduo, pois os respingos n\u00e3o grudam no espelho frio.<\/p>\n\n\n\n<p><strong><em>Fonte: <a href=\"https:\/\/ciclovivo.com.br\/arq-urb\/design\/fogao-solar-dobravel-transforma-qualquer-lugar-em-cozinha\/\">CicloVivo<\/a><\/em><\/strong><\/p>\n","protected":false},"excerpt":{"rendered":"<p>F\u00e1cil de transportar e montar, equipamento usa o calor do sol para cozinhar diversas receitas com seguran\u00e7a e praticidade Enquanto sua comida est\u00e1 cozinhando em pleno jardim, voc\u00ea pode relaxar e aproveitar os momentos ao ar livre, sem se preocupar com fuma\u00e7a, g\u00e1s, com comida queimando ou com a seguran\u00e7a de crian\u00e7as e animais. Quem [&hellip;]<\/p>\n","protected":false},"author":2,"featured_media":40191,"comment_status":"open","ping_status":"open","sticky":false,"template":"","format":"standard","meta":{"footnotes":""},"categories":[3],"tags":[18837,14114,599,9842,9648,9650,18838],"class_list":["post-40187","post","type-post","status-publish","format-standard","has-post-thumbnail","hentry","category-tecnologia","tag-calor-do-sol","tag-cozinhar","tag-energia-solar","tag-fogao","tag-fogao-ecologico","tag-fogao-solar","tag-fogao-solar-dobravel"],"yoast_head":"<!-- This site is optimized with the Yoast SEO plugin v26.5 - https:\/\/yoast.com\/wordpress\/plugins\/seo\/ -->\n<title>Fog\u00e3o solar dobr\u00e1vel transforma qualquer lugar em cozinha - Jornal Fatos e Not\u00edcias<\/title>\n<meta name=\"robots\" content=\"index, follow, max-snippet:-1, max-image-preview:large, max-video-preview:-1\" \/>\n<link rel=\"canonical\" href=\"https:\/\/jornalfatosenoticias.com.br\/index.php\/2023\/03\/31\/fogao-solar-dobravel-transforma-qualquer-lugar-em-cozinha\/\" \/>\n<meta property=\"og:locale\" content=\"pt_BR\" \/>\n<meta property=\"og:type\" content=\"article\" \/>\n<meta property=\"og:title\" content=\"Fog\u00e3o solar dobr\u00e1vel transforma qualquer lugar em cozinha - Jornal Fatos e Not\u00edcias\" \/>\n<meta property=\"og:description\" content=\"F\u00e1cil de transportar e montar, equipamento usa o calor do sol para cozinhar diversas receitas com seguran\u00e7a e praticidade Enquanto sua comida est\u00e1 cozinhando em pleno jardim, voc\u00ea pode relaxar e aproveitar os momentos ao ar livre, sem se preocupar com fuma\u00e7a, g\u00e1s, com comida queimando ou com a seguran\u00e7a de crian\u00e7as e animais. Quem [&hellip;]\" \/>\n<meta property=\"og:url\" content=\"https:\/\/jornalfatosenoticias.com.br\/index.php\/2023\/03\/31\/fogao-solar-dobravel-transforma-qualquer-lugar-em-cozinha\/\" \/>\n<meta property=\"og:site_name\" content=\"Jornal Fatos e Not\u00edcias\" \/>\n<meta property=\"article:published_time\" content=\"2023-03-31T12:54:57+00:00\" \/>\n<meta property=\"og:image\" content=\"https:\/\/jornalfatosenoticias.com.br\/wp-content\/uploads\/2023\/03\/fogao-solar-dobravel.jpg\" \/>\n\t<meta property=\"og:image:width\" content=\"1000\" \/>\n\t<meta property=\"og:image:height\" content=\"575\" \/>\n\t<meta property=\"og:image:type\" content=\"image\/jpeg\" \/>\n<meta name=\"author\" content=\"Luzimara Fernandes\" \/>\n<meta name=\"twitter:card\" content=\"summary_large_image\" \/>\n<meta name=\"twitter:label1\" content=\"Escrito por\" \/>\n\t<meta name=\"twitter:data1\" content=\"Luzimara Fernandes\" \/>\n\t<meta name=\"twitter:label2\" content=\"Est. tempo de leitura\" \/>\n\t<meta name=\"twitter:data2\" content=\"3 minutos\" \/>\n<script type=\"application\/ld+json\" class=\"yoast-schema-graph\">{\"@context\":\"https:\/\/schema.org\",\"@graph\":[{\"@type\":\"Article\",\"@id\":\"https:\/\/jornalfatosenoticias.com.br\/index.php\/2023\/03\/31\/fogao-solar-dobravel-transforma-qualquer-lugar-em-cozinha\/#article\",\"isPartOf\":{\"@id\":\"https:\/\/jornalfatosenoticias.com.br\/index.php\/2023\/03\/31\/fogao-solar-dobravel-transforma-qualquer-lugar-em-cozinha\/\"},\"author\":{\"name\":\"Luzimara Fernandes\",\"@id\":\"https:\/\/jornalfatosenoticias.com.br\/#\/schema\/person\/d63837fa13ac8666eb9e74e0985d6f81\"},\"headline\":\"Fog\u00e3o solar dobr\u00e1vel transforma qualquer lugar em cozinha\",\"datePublished\":\"2023-03-31T12:54:57+00:00\",\"mainEntityOfPage\":{\"@id\":\"https:\/\/jornalfatosenoticias.com.br\/index.php\/2023\/03\/31\/fogao-solar-dobravel-transforma-qualquer-lugar-em-cozinha\/\"},\"wordCount\":627,\"commentCount\":0,\"publisher\":{\"@id\":\"https:\/\/jornalfatosenoticias.com.br\/#organization\"},\"image\":{\"@id\":\"https:\/\/jornalfatosenoticias.com.br\/index.php\/2023\/03\/31\/fogao-solar-dobravel-transforma-qualquer-lugar-em-cozinha\/#primaryimage\"},\"thumbnailUrl\":\"https:\/\/jornalfatosenoticias.com.br\/wp-content\/uploads\/2023\/03\/fogao-solar-dobravel.jpg\",\"keywords\":[\"calor do sol\",\"cozinhar\",\"energia solar\",\"fog\u00e3o\",\"fog\u00e3o ecol\u00f3gico\",\"fog\u00e3o solar\",\"fog\u00e3o solar dobr\u00e1vel\"],\"articleSection\":[\"Tecnologia &amp; Inova\u00e7\u00e3o\"],\"inLanguage\":\"pt-BR\",\"potentialAction\":[{\"@type\":\"CommentAction\",\"name\":\"Comment\",\"target\":[\"https:\/\/jornalfatosenoticias.com.br\/index.php\/2023\/03\/31\/fogao-solar-dobravel-transforma-qualquer-lugar-em-cozinha\/#respond\"]}]},{\"@type\":\"WebPage\",\"@id\":\"https:\/\/jornalfatosenoticias.com.br\/index.php\/2023\/03\/31\/fogao-solar-dobravel-transforma-qualquer-lugar-em-cozinha\/\",\"url\":\"https:\/\/jornalfatosenoticias.com.br\/index.php\/2023\/03\/31\/fogao-solar-dobravel-transforma-qualquer-lugar-em-cozinha\/\",\"name\":\"Fog\u00e3o solar dobr\u00e1vel transforma qualquer lugar em cozinha - Jornal Fatos e Not\u00edcias\",\"isPartOf\":{\"@id\":\"https:\/\/jornalfatosenoticias.com.br\/#website\"},\"primaryImageOfPage\":{\"@id\":\"https:\/\/jornalfatosenoticias.com.br\/index.php\/2023\/03\/31\/fogao-solar-dobravel-transforma-qualquer-lugar-em-cozinha\/#primaryimage\"},\"image\":{\"@id\":\"https:\/\/jornalfatosenoticias.com.br\/index.php\/2023\/03\/31\/fogao-solar-dobravel-transforma-qualquer-lugar-em-cozinha\/#primaryimage\"},\"thumbnailUrl\":\"https:\/\/jornalfatosenoticias.com.br\/wp-content\/uploads\/2023\/03\/fogao-solar-dobravel.jpg\",\"datePublished\":\"2023-03-31T12:54:57+00:00\",\"breadcrumb\":{\"@id\":\"https:\/\/jornalfatosenoticias.com.br\/index.php\/2023\/03\/31\/fogao-solar-dobravel-transforma-qualquer-lugar-em-cozinha\/#breadcrumb\"},\"inLanguage\":\"pt-BR\",\"potentialAction\":[{\"@type\":\"ReadAction\",\"target\":[\"https:\/\/jornalfatosenoticias.com.br\/index.php\/2023\/03\/31\/fogao-solar-dobravel-transforma-qualquer-lugar-em-cozinha\/\"]}]},{\"@type\":\"ImageObject\",\"inLanguage\":\"pt-BR\",\"@id\":\"https:\/\/jornalfatosenoticias.com.br\/index.php\/2023\/03\/31\/fogao-solar-dobravel-transforma-qualquer-lugar-em-cozinha\/#primaryimage\",\"url\":\"https:\/\/jornalfatosenoticias.com.br\/wp-content\/uploads\/2023\/03\/fogao-solar-dobravel.jpg\",\"contentUrl\":\"https:\/\/jornalfatosenoticias.com.br\/wp-content\/uploads\/2023\/03\/fogao-solar-dobravel.jpg\",\"width\":1000,\"height\":575},{\"@type\":\"BreadcrumbList\",\"@id\":\"https:\/\/jornalfatosenoticias.com.br\/index.php\/2023\/03\/31\/fogao-solar-dobravel-transforma-qualquer-lugar-em-cozinha\/#breadcrumb\",\"itemListElement\":[{\"@type\":\"ListItem\",\"position\":1,\"name\":\"In\u00edcio\",\"item\":\"https:\/\/jornalfatosenoticias.com.br\/\"},{\"@type\":\"ListItem\",\"position\":2,\"name\":\"Fog\u00e3o solar dobr\u00e1vel transforma qualquer lugar em cozinha\"}]},{\"@type\":\"WebSite\",\"@id\":\"https:\/\/jornalfatosenoticias.com.br\/#website\",\"url\":\"https:\/\/jornalfatosenoticias.com.br\/\",\"name\":\"Jornal Fatos e Not\u00edcias\",\"description\":\"Not\u00edcias em geral\",\"publisher\":{\"@id\":\"https:\/\/jornalfatosenoticias.com.br\/#organization\"},\"potentialAction\":[{\"@type\":\"SearchAction\",\"target\":{\"@type\":\"EntryPoint\",\"urlTemplate\":\"https:\/\/jornalfatosenoticias.com.br\/?s={search_term_string}\"},\"query-input\":{\"@type\":\"PropertyValueSpecification\",\"valueRequired\":true,\"valueName\":\"search_term_string\"}}],\"inLanguage\":\"pt-BR\"},{\"@type\":\"Organization\",\"@id\":\"https:\/\/jornalfatosenoticias.com.br\/#organization\",\"name\":\"Jornal Fatos e Not\u00edcias\",\"url\":\"https:\/\/jornalfatosenoticias.com.br\/\",\"logo\":{\"@type\":\"ImageObject\",\"inLanguage\":\"pt-BR\",\"@id\":\"https:\/\/jornalfatosenoticias.com.br\/#\/schema\/logo\/image\/\",\"url\":\"https:\/\/jornalfatosenoticias.com.br\/wp-content\/uploads\/2020\/02\/logo120.png\",\"contentUrl\":\"https:\/\/jornalfatosenoticias.com.br\/wp-content\/uploads\/2020\/02\/logo120.png\",\"width\":1227,\"height\":120,\"caption\":\"Jornal Fatos e Not\u00edcias\"},\"image\":{\"@id\":\"https:\/\/jornalfatosenoticias.com.br\/#\/schema\/logo\/image\/\"}},{\"@type\":\"Person\",\"@id\":\"https:\/\/jornalfatosenoticias.com.br\/#\/schema\/person\/d63837fa13ac8666eb9e74e0985d6f81\",\"name\":\"Luzimara Fernandes\",\"image\":{\"@type\":\"ImageObject\",\"inLanguage\":\"pt-BR\",\"@id\":\"https:\/\/jornalfatosenoticias.com.br\/#\/schema\/person\/image\/\",\"url\":\"https:\/\/jornalfatosenoticias.com.br\/wp-content\/uploads\/2025\/05\/EU_portal.jpg\",\"contentUrl\":\"https:\/\/jornalfatosenoticias.com.br\/wp-content\/uploads\/2025\/05\/EU_portal.jpg\",\"caption\":\"Luzimara Fernandes\"},\"description\":\"Jornalista MTB 2358-ES\",\"sameAs\":[\"https:\/\/jornalfatosenoticias.com.br\"],\"url\":\"https:\/\/jornalfatosenoticias.com.br\/index.php\/author\/luzimara\/\"}]}<\/script>\n<!-- \/ Yoast SEO plugin. -->","yoast_head_json":{"title":"Fog\u00e3o solar dobr\u00e1vel transforma qualquer lugar em cozinha - Jornal Fatos e Not\u00edcias","robots":{"index":"index","follow":"follow","max-snippet":"max-snippet:-1","max-image-preview":"max-image-preview:large","max-video-preview":"max-video-preview:-1"},"canonical":"https:\/\/jornalfatosenoticias.com.br\/index.php\/2023\/03\/31\/fogao-solar-dobravel-transforma-qualquer-lugar-em-cozinha\/","og_locale":"pt_BR","og_type":"article","og_title":"Fog\u00e3o solar dobr\u00e1vel transforma qualquer lugar em cozinha - Jornal Fatos e Not\u00edcias","og_description":"F\u00e1cil de transportar e montar, equipamento usa o calor do sol para cozinhar diversas receitas com seguran\u00e7a e praticidade Enquanto sua comida est\u00e1 cozinhando em pleno jardim, voc\u00ea pode relaxar e aproveitar os momentos ao ar livre, sem se preocupar com fuma\u00e7a, g\u00e1s, com comida queimando ou com a seguran\u00e7a de crian\u00e7as e animais. Quem [&hellip;]","og_url":"https:\/\/jornalfatosenoticias.com.br\/index.php\/2023\/03\/31\/fogao-solar-dobravel-transforma-qualquer-lugar-em-cozinha\/","og_site_name":"Jornal Fatos e Not\u00edcias","article_published_time":"2023-03-31T12:54:57+00:00","og_image":[{"width":1000,"height":575,"url":"https:\/\/jornalfatosenoticias.com.br\/wp-content\/uploads\/2023\/03\/fogao-solar-dobravel.jpg","type":"image\/jpeg"}],"author":"Luzimara Fernandes","twitter_card":"summary_large_image","twitter_misc":{"Escrito por":"Luzimara Fernandes","Est. tempo de leitura":"3 minutos"},"schema":{"@context":"https:\/\/schema.org","@graph":[{"@type":"Article","@id":"https:\/\/jornalfatosenoticias.com.br\/index.php\/2023\/03\/31\/fogao-solar-dobravel-transforma-qualquer-lugar-em-cozinha\/#article","isPartOf":{"@id":"https:\/\/jornalfatosenoticias.com.br\/index.php\/2023\/03\/31\/fogao-solar-dobravel-transforma-qualquer-lugar-em-cozinha\/"},"author":{"name":"Luzimara Fernandes","@id":"https:\/\/jornalfatosenoticias.com.br\/#\/schema\/person\/d63837fa13ac8666eb9e74e0985d6f81"},"headline":"Fog\u00e3o solar dobr\u00e1vel transforma qualquer lugar em cozinha","datePublished":"2023-03-31T12:54:57+00:00","mainEntityOfPage":{"@id":"https:\/\/jornalfatosenoticias.com.br\/index.php\/2023\/03\/31\/fogao-solar-dobravel-transforma-qualquer-lugar-em-cozinha\/"},"wordCount":627,"commentCount":0,"publisher":{"@id":"https:\/\/jornalfatosenoticias.com.br\/#organization"},"image":{"@id":"https:\/\/jornalfatosenoticias.com.br\/index.php\/2023\/03\/31\/fogao-solar-dobravel-transforma-qualquer-lugar-em-cozinha\/#primaryimage"},"thumbnailUrl":"https:\/\/jornalfatosenoticias.com.br\/wp-content\/uploads\/2023\/03\/fogao-solar-dobravel.jpg","keywords":["calor do sol","cozinhar","energia solar","fog\u00e3o","fog\u00e3o ecol\u00f3gico","fog\u00e3o solar","fog\u00e3o solar dobr\u00e1vel"],"articleSection":["Tecnologia &amp; Inova\u00e7\u00e3o"],"inLanguage":"pt-BR","potentialAction":[{"@type":"CommentAction","name":"Comment","target":["https:\/\/jornalfatosenoticias.com.br\/index.php\/2023\/03\/31\/fogao-solar-dobravel-transforma-qualquer-lugar-em-cozinha\/#respond"]}]},{"@type":"WebPage","@id":"https:\/\/jornalfatosenoticias.com.br\/index.php\/2023\/03\/31\/fogao-solar-dobravel-transforma-qualquer-lugar-em-cozinha\/","url":"https:\/\/jornalfatosenoticias.com.br\/index.php\/2023\/03\/31\/fogao-solar-dobravel-transforma-qualquer-lugar-em-cozinha\/","name":"Fog\u00e3o solar dobr\u00e1vel transforma qualquer lugar em cozinha - Jornal Fatos e Not\u00edcias","isPartOf":{"@id":"https:\/\/jornalfatosenoticias.com.br\/#website"},"primaryImageOfPage":{"@id":"https:\/\/jornalfatosenoticias.com.br\/index.php\/2023\/03\/31\/fogao-solar-dobravel-transforma-qualquer-lugar-em-cozinha\/#primaryimage"},"image":{"@id":"https:\/\/jornalfatosenoticias.com.br\/index.php\/2023\/03\/31\/fogao-solar-dobravel-transforma-qualquer-lugar-em-cozinha\/#primaryimage"},"thumbnailUrl":"https:\/\/jornalfatosenoticias.com.br\/wp-content\/uploads\/2023\/03\/fogao-solar-dobravel.jpg","datePublished":"2023-03-31T12:54:57+00:00","breadcrumb":{"@id":"https:\/\/jornalfatosenoticias.com.br\/index.php\/2023\/03\/31\/fogao-solar-dobravel-transforma-qualquer-lugar-em-cozinha\/#breadcrumb"},"inLanguage":"pt-BR","potentialAction":[{"@type":"ReadAction","target":["https:\/\/jornalfatosenoticias.com.br\/index.php\/2023\/03\/31\/fogao-solar-dobravel-transforma-qualquer-lugar-em-cozinha\/"]}]},{"@type":"ImageObject","inLanguage":"pt-BR","@id":"https:\/\/jornalfatosenoticias.com.br\/index.php\/2023\/03\/31\/fogao-solar-dobravel-transforma-qualquer-lugar-em-cozinha\/#primaryimage","url":"https:\/\/jornalfatosenoticias.com.br\/wp-content\/uploads\/2023\/03\/fogao-solar-dobravel.jpg","contentUrl":"https:\/\/jornalfatosenoticias.com.br\/wp-content\/uploads\/2023\/03\/fogao-solar-dobravel.jpg","width":1000,"height":575},{"@type":"BreadcrumbList","@id":"https:\/\/jornalfatosenoticias.com.br\/index.php\/2023\/03\/31\/fogao-solar-dobravel-transforma-qualquer-lugar-em-cozinha\/#breadcrumb","itemListElement":[{"@type":"ListItem","position":1,"name":"In\u00edcio","item":"https:\/\/jornalfatosenoticias.com.br\/"},{"@type":"ListItem","position":2,"name":"Fog\u00e3o solar dobr\u00e1vel transforma qualquer lugar em cozinha"}]},{"@type":"WebSite","@id":"https:\/\/jornalfatosenoticias.com.br\/#website","url":"https:\/\/jornalfatosenoticias.com.br\/","name":"Jornal Fatos e Not\u00edcias","description":"Not\u00edcias em geral","publisher":{"@id":"https:\/\/jornalfatosenoticias.com.br\/#organization"},"potentialAction":[{"@type":"SearchAction","target":{"@type":"EntryPoint","urlTemplate":"https:\/\/jornalfatosenoticias.com.br\/?s={search_term_string}"},"query-input":{"@type":"PropertyValueSpecification","valueRequired":true,"valueName":"search_term_string"}}],"inLanguage":"pt-BR"},{"@type":"Organization","@id":"https:\/\/jornalfatosenoticias.com.br\/#organization","name":"Jornal Fatos e Not\u00edcias","url":"https:\/\/jornalfatosenoticias.com.br\/","logo":{"@type":"ImageObject","inLanguage":"pt-BR","@id":"https:\/\/jornalfatosenoticias.com.br\/#\/schema\/logo\/image\/","url":"https:\/\/jornalfatosenoticias.com.br\/wp-content\/uploads\/2020\/02\/logo120.png","contentUrl":"https:\/\/jornalfatosenoticias.com.br\/wp-content\/uploads\/2020\/02\/logo120.png","width":1227,"height":120,"caption":"Jornal Fatos e Not\u00edcias"},"image":{"@id":"https:\/\/jornalfatosenoticias.com.br\/#\/schema\/logo\/image\/"}},{"@type":"Person","@id":"https:\/\/jornalfatosenoticias.com.br\/#\/schema\/person\/d63837fa13ac8666eb9e74e0985d6f81","name":"Luzimara Fernandes","image":{"@type":"ImageObject","inLanguage":"pt-BR","@id":"https:\/\/jornalfatosenoticias.com.br\/#\/schema\/person\/image\/","url":"https:\/\/jornalfatosenoticias.com.br\/wp-content\/uploads\/2025\/05\/EU_portal.jpg","contentUrl":"https:\/\/jornalfatosenoticias.com.br\/wp-content\/uploads\/2025\/05\/EU_portal.jpg","caption":"Luzimara Fernandes"},"description":"Jornalista MTB 2358-ES","sameAs":["https:\/\/jornalfatosenoticias.com.br"],"url":"https:\/\/jornalfatosenoticias.com.br\/index.php\/author\/luzimara\/"}]}},"cc_featured_image_caption":{"caption_text":"(Foto: SUNplicity) ","source_text":"","source_url":""},"jetpack_featured_media_url":"https:\/\/jornalfatosenoticias.com.br\/wp-content\/uploads\/2023\/03\/fogao-solar-dobravel.jpg","_links":{"self":[{"href":"https:\/\/jornalfatosenoticias.com.br\/index.php\/wp-json\/wp\/v2\/posts\/40187","targetHints":{"allow":["GET"]}}],"collection":[{"href":"https:\/\/jornalfatosenoticias.com.br\/index.php\/wp-json\/wp\/v2\/posts"}],"about":[{"href":"https:\/\/jornalfatosenoticias.com.br\/index.php\/wp-json\/wp\/v2\/types\/post"}],"author":[{"embeddable":true,"href":"https:\/\/jornalfatosenoticias.com.br\/index.php\/wp-json\/wp\/v2\/users\/2"}],"replies":[{"embeddable":true,"href":"https:\/\/jornalfatosenoticias.com.br\/index.php\/wp-json\/wp\/v2\/comments?post=40187"}],"version-history":[{"count":0,"href":"https:\/\/jornalfatosenoticias.com.br\/index.php\/wp-json\/wp\/v2\/posts\/40187\/revisions"}],"wp:featuredmedia":[{"embeddable":true,"href":"https:\/\/jornalfatosenoticias.com.br\/index.php\/wp-json\/wp\/v2\/media\/40191"}],"wp:attachment":[{"href":"https:\/\/jornalfatosenoticias.com.br\/index.php\/wp-json\/wp\/v2\/media?parent=40187"}],"wp:term":[{"taxonomy":"category","embeddable":true,"href":"https:\/\/jornalfatosenoticias.com.br\/index.php\/wp-json\/wp\/v2\/categories?post=40187"},{"taxonomy":"post_tag","embeddable":true,"href":"https:\/\/jornalfatosenoticias.com.br\/index.php\/wp-json\/wp\/v2\/tags?post=40187"}],"curies":[{"name":"wp","href":"https:\/\/api.w.org\/{rel}","templated":true}]}}