{"id":40193,"date":"2023-03-31T10:08:41","date_gmt":"2023-03-31T13:08:41","guid":{"rendered":"https:\/\/jornalfatosenoticias.com.br\/?p=40193"},"modified":"2023-03-31T10:08:41","modified_gmt":"2023-03-31T13:08:41","slug":"meditacao-pode-ser-tao-eficaz-quanto-antidepressivo-para-a-ansiedade","status":"publish","type":"post","link":"https:\/\/jornalfatosenoticias.com.br\/index.php\/2023\/03\/31\/meditacao-pode-ser-tao-eficaz-quanto-antidepressivo-para-a-ansiedade\/","title":{"rendered":"Medita\u00e7\u00e3o pode ser t\u00e3o eficaz quanto antidepressivo para a ansiedade"},"content":{"rendered":"\n<p><em><span class=\"has-inline-color has-black-color\">Trata-se do primeiro estudo cl\u00ednico randomizado que comparou a medita\u00e7\u00e3o com o uso de um medicamento considerado padr\u00e3o-ouro e os resultados fortalecem a import\u00e2ncia das pr\u00e1ticas integrativas<\/span><\/em><\/p>\n\n\n\n<div class=\"wp-block-image\"><figure class=\"aligncenter size-large\"><img loading=\"lazy\" decoding=\"async\" width=\"300\" height=\"222\" src=\"https:\/\/jornalfatosenoticias.com.br\/wp-content\/uploads\/2023\/03\/logo_Juliana-Graca.jpg\" alt=\"\" class=\"wp-image-39283\"\/><\/figure><\/div>\n\n\n\n<p>\u00c9 fato que meditar \u00e9 uma forma de acalmar o corpo e a mente, mas um novo estudo rec\u00e9m-publicado no JAMA Psychiatry constatou que participar de um programa de redu\u00e7\u00e3o do <a href=\"https:\/\/www.uol.com.br\/vivabem\/noticias\/redacao\/2018\/08\/14\/estresse-pode-causar-sudorese-tontura-e-taquicardia-veja-como-lidar.htm\">estresse<\/a> baseado em mindfulness (aten\u00e7\u00e3o plena) foi t\u00e3o eficaz quanto usar um antidepressivo (<a href=\"https:\/\/www.uol.com.br\/vivabem\/noticias\/redacao\/2020\/10\/13\/escitalopram-util-para-depressao-e-ansiedade-tem-menos-efeito-colateral.htm\">escitalopram<\/a>) para tratamento de transtorno de <a href=\"https:\/\/www.uol.com.br\/vivabem\/noticias\/redacao\/2018\/07\/17\/ansiedade-o-que-e-quais-os-tipos-os-sintomas-e-tratamentos-mais-eficazes.htm\">ansiedade.<\/a><br>Trata-se do primeiro estudo cl\u00ednico randomizado que comparou a medita\u00e7\u00e3o com o uso de um medicamento considerado padr\u00e3o-ouro e os resultados fortalecem a import\u00e2ncia das pr\u00e1ticas integrativas.<\/p>\n\n\n\n<div class=\"wp-block-image\"><figure class=\"aligncenter size-large\"><img loading=\"lazy\" decoding=\"async\" width=\"300\" height=\"250\" src=\"https:\/\/jornalfatosenoticias.com.br\/wp-content\/uploads\/2022\/08\/arte-Casarao.jpg\" alt=\"\" class=\"wp-image-33178\"\/><\/figure><\/div>\n\n\n\n<blockquote class=\"wp-block-quote is-layout-flow wp-block-quote-is-layout-flow\"><p><span class=\"has-inline-color has-luminous-vivid-orange-color\">Somos um dos pa\u00edses campe\u00f5es em transtornos de ansiedade e um trabalho como esse, com \u00f3tima metodologia, auxilia muito a ampliar as formas de tratamento. Ele possibilita que os profissionais da sa\u00fade olhem para as pr\u00e1ticas integrativas sem preconceito e observem que elas s\u00e3o um importante coadjuvante e podem se somar ao tratamento convencional&#8221;, afirmou Maria Ester Azevedo Massola, coordenadora da Equipe de Medicina Integrativa do Hospital Israelita Albert Einstein.<\/span><\/p><\/blockquote>\n\n\n\n<div class=\"wp-block-image\"><figure class=\"aligncenter size-large\"><img loading=\"lazy\" decoding=\"async\" width=\"1024\" height=\"99\" src=\"https:\/\/jornalfatosenoticias.com.br\/wp-content\/uploads\/2020\/02\/Logo-Mizu-segunda-2-1024x99.png\" alt=\"\" class=\"wp-image-2353\" srcset=\"https:\/\/jornalfatosenoticias.com.br\/wp-content\/uploads\/2020\/02\/Logo-Mizu-segunda-2-1024x99.png 1024w, https:\/\/jornalfatosenoticias.com.br\/wp-content\/uploads\/2020\/02\/Logo-Mizu-segunda-2-300x29.png 300w, https:\/\/jornalfatosenoticias.com.br\/wp-content\/uploads\/2020\/02\/Logo-Mizu-segunda-2-768x74.png 768w, https:\/\/jornalfatosenoticias.com.br\/wp-content\/uploads\/2020\/02\/Logo-Mizu-segunda-2.png 1240w\" sizes=\"auto, (max-width: 1024px) 100vw, 1024px\" \/><\/figure><\/div>\n\n\n\n<p>Os transtornos de ansiedade podem ser altamente angustiantes: eles incluem ansiedade generalizada, fobia social, s\u00edndrome do p\u00e2nico e medo de certos lugares e situa\u00e7\u00f5es, incluindo multid\u00f5es, por exemplo. Geralmente esses problemas s\u00e3o tratados em cl\u00ednicas psiqui\u00e1tricas com uso de medica\u00e7\u00f5es espec\u00edficas. O problema \u00e9 que alguns pacientes n\u00e3o respondem bem aos medicamentos ou n\u00e3o toleram os poss\u00edveis efeitos colaterais deles, entre eles, n\u00e1usea, sonol\u00eancia e dor de cabe\u00e7a. Por conta disso, alguns pacientes acabam n\u00e3o seguindo o tratamento de forma correta.<\/p>\n\n\n\n<div class=\"wp-block-image\"><figure class=\"aligncenter size-large is-resized\"><img loading=\"lazy\" decoding=\"async\" src=\"https:\/\/jornalfatosenoticias.com.br\/wp-content\/uploads\/2023\/03\/Crypton-1000-\u00d7-900-px.png\" alt=\"\" class=\"wp-image-39189\" width=\"291\" height=\"261\" srcset=\"https:\/\/jornalfatosenoticias.com.br\/wp-content\/uploads\/2023\/03\/Crypton-1000-\u00d7-900-px.png 1000w, https:\/\/jornalfatosenoticias.com.br\/wp-content\/uploads\/2023\/03\/Crypton-1000-\u00d7-900-px-300x270.png 300w, https:\/\/jornalfatosenoticias.com.br\/wp-content\/uploads\/2023\/03\/Crypton-1000-\u00d7-900-px-768x691.png 768w\" sizes=\"auto, (max-width: 291px) 100vw, 291px\" \/><\/figure><\/div>\n\n\n\n<p>Para chegar aos resultados, os pesquisadores acompanharam 276 pacientes (com idade m\u00e9dia de 33 anos) entre junho de 2018 e fevereiro de 2020 em tr\u00eas hospitais de Boston, Nova York e Washington, nos Estados Unidos. Eles foram separados aleatoriamente &#8211; uma parte recebeu o escitalopram como forma de tratamento e outra metade participou do programa de Mindfulness-Based <a href=\"https:\/\/www.uol.com.br\/vivabem\/noticias\/redacao\/2018\/08\/14\/estresse-pode-causar-sudorese-tontura-e-taquicardia-veja-como-lidar.htm\">Stress<\/a> Reduction (MBSR), redu\u00e7\u00e3o de estresse baseada em mindfulness (em tradu\u00e7\u00e3o livre).<\/p>\n\n\n\n<div class=\"wp-block-image\"><figure class=\"aligncenter size-large is-resized\"><img loading=\"lazy\" decoding=\"async\" src=\"https:\/\/jornalfatosenoticias.com.br\/wp-content\/uploads\/2022\/10\/RC_800x750_page-0001.jpg\" alt=\"\" class=\"wp-image-35338\" width=\"285\" height=\"267\" srcset=\"https:\/\/jornalfatosenoticias.com.br\/wp-content\/uploads\/2022\/10\/RC_800x750_page-0001.jpg 400w, https:\/\/jornalfatosenoticias.com.br\/wp-content\/uploads\/2022\/10\/RC_800x750_page-0001-300x281.jpg 300w\" sizes=\"auto, (max-width: 285px) 100vw, 285px\" \/><\/figure><\/div>\n\n\n\n<p>O programa foi oferecido durante oito semanas por meio de aulas presenciais de duas horas e meia, um retiro de um dia em um final de semana (na quinta ou sexta semana ap\u00f3s o in\u00edcio do tratamento), al\u00e9m de exerc\u00edcios di\u00e1rios de 45 minutos feitos em casa.<\/p>\n\n\n\n<div class=\"wp-block-image\"><figure class=\"aligncenter size-large is-resized\"><img loading=\"lazy\" decoding=\"async\" src=\"https:\/\/jornalfatosenoticias.com.br\/wp-content\/uploads\/2020\/02\/logo-Panper_portal.jpg\" alt=\"\" class=\"wp-image-34474\" width=\"283\" height=\"196\" srcset=\"https:\/\/jornalfatosenoticias.com.br\/wp-content\/uploads\/2020\/02\/logo-Panper_portal.jpg 400w, https:\/\/jornalfatosenoticias.com.br\/wp-content\/uploads\/2020\/02\/logo-Panper_portal-300x208.jpg 300w\" sizes=\"auto, (max-width: 283px) 100vw, 283px\" \/><\/figure><\/div>\n\n\n\n<p>Os sintomas de ansiedade dos pacientes foram avaliados no come\u00e7o do estudo e, depois, oito, 12 e 24 semanas ap\u00f3s o in\u00edcio do acompanhamento. As avalia\u00e7\u00f5es foram feitas de forma cega \u2014 os pesquisadores n\u00e3o sabiam se as pessoas haviam recebido a medica\u00e7\u00e3o ou o programa de medita\u00e7\u00e3o \u2014 e utilizando escalas para avaliar a gravidade dos sintomas.<\/p>\n\n\n\n<div class=\"wp-block-image\"><figure class=\"aligncenter size-large\"><img loading=\"lazy\" decoding=\"async\" width=\"300\" height=\"250\" src=\"https:\/\/jornalfatosenoticias.com.br\/wp-content\/uploads\/2022\/02\/FERRARI_MAQUINAS-E-FERRAMENTAS2.jpg\" alt=\"\" class=\"wp-image-27860\"\/><\/figure><\/div>\n\n\n\n<p>Os dois grupos tiveram redu\u00e7\u00e3o significativa nos sintomas de ansiedade, com m\u00e9dia de 1,35 ponto para quem praticou a medita\u00e7\u00e3o e 1,43 para quem tomou o rem\u00e9dio, o que foi considerado um resultado estatisticamente equivalente. Segundo a pesquisa, isso significa uma redu\u00e7\u00e3o de 30% nos sintomas de ansiedade dos participantes.<\/p>\n\n\n\n<div class=\"wp-block-image\"><figure class=\"aligncenter size-large is-resized\"><img loading=\"lazy\" decoding=\"async\" src=\"https:\/\/jornalfatosenoticias.com.br\/wp-content\/uploads\/2020\/02\/logo-embacia.jpg\" alt=\"\" class=\"wp-image-33905\" width=\"255\" height=\"255\"\/><\/figure><\/div>\n\n\n\n<p><strong><span class=\"has-inline-color has-vivid-purple-color\">Pr\u00e1tica \u00e9 bem conhecida<br><\/span><\/strong>Segundo Massola, o programa MBSR \u00e9 muito bem descrito na literatura desde os anos 90 e tem como base tr\u00eas partes que o praticante vai usar diariamente: a primeira \u00e9 a medita\u00e7\u00e3o com consci\u00eancia da respira\u00e7\u00e3o e nas sensa\u00e7\u00f5es corporais; a segunda \u00e9 o escaneamento corporal, que \u00e9 um tipo de relaxamento tanto do corpo quanto da mente; j\u00e1 a terceira parte do programa usa movimentos conscientes com alongamentos suaves para consci\u00eancia corporal e das sensa\u00e7\u00f5es internas.<\/p>\n\n\n\n<div class=\"wp-block-image\"><figure class=\"aligncenter size-large is-resized\"><img loading=\"lazy\" decoding=\"async\" src=\"https:\/\/jornalfatosenoticias.com.br\/wp-content\/uploads\/2022\/02\/Precisao-Contabilidade-1024x724.jpg\" alt=\"\" class=\"wp-image-28088\" width=\"342\" height=\"242\"\/><\/figure><\/div>\n\n\n\n<blockquote class=\"wp-block-quote is-layout-flow wp-block-quote-is-layout-flow\"><p><span class=\"has-inline-color has-luminous-vivid-orange-color\">Esse trabalho \u00e9 bem importante porque \u00e9 o primeiro estudo cl\u00ednico randomizado que investigou um medicamento padr\u00e3o ouro no tratamento da ansiedade com a pr\u00e1tica de um programa de MBSR. Os resultados mostram que a medita\u00e7\u00e3o pode entrar como um tratamento complementar, conjuntamente ou n\u00e3o ao convencional medicamentoso. O paciente, no entanto, deve manter o acompanhamento regular com um profissional especializado&#8221;, afirmou a especialista.<\/span><\/p><\/blockquote>\n\n\n\n<div class=\"wp-block-image\"><figure class=\"aligncenter size-large is-resized\"><img loading=\"lazy\" decoding=\"async\" src=\"https:\/\/jornalfatosenoticias.com.br\/wp-content\/uploads\/2022\/08\/logo-locau-veiculos-1024x573.png\" alt=\"\" class=\"wp-image-33078\" width=\"321\" height=\"179\"\/><\/figure><\/div>\n\n\n\n<p>A coordenadora da Equipe de Medicina Integrativa do Einstein destacou, ainda, que o acompanhamento \u00e9 necess\u00e1rio porque qualquer pr\u00e1tica de mindfulness exige uma dedica\u00e7\u00e3o do paciente e n\u00e3o \u00e9 poss\u00edvel come\u00e7ar um tratamento de sa\u00fade mental apenas com a medita\u00e7\u00e3o. <\/p>\n\n\n\n<div class=\"wp-block-image\"><figure class=\"aligncenter size-large\"><img decoding=\"async\" src=\"https:\/\/jornalfatosenoticias.com.br\/wp-content\/uploads\/2020\/02\/logo_esteio.jpg\" alt=\"\" class=\"wp-image-1214\"\/><\/figure><\/div>\n\n\n\n<blockquote class=\"wp-block-quote is-layout-flow wp-block-quote-is-layout-flow\"><p><span class=\"has-inline-color has-luminous-vivid-orange-color\">\u00c0 medida em que o paciente for diminuindo a necessidade do uso de medicamento, a medita\u00e7\u00e3o pode dar um suporte para que ele se mantenha no controle da ansiedade&#8221;, explicou.<\/span><\/p><\/blockquote>\n\n\n\n<div class=\"wp-block-image\"><figure class=\"aligncenter size-large\"><img decoding=\"async\" src=\"https:\/\/jornalfatosenoticias.com.br\/wp-content\/uploads\/2020\/02\/barao-das-carnes-300x164-1.jpg\" alt=\"\" class=\"wp-image-34339\"\/><\/figure><\/div>\n\n\n\n<p>Segundo Massola, muitos pacientes n\u00e3o toleram bem os medicamentos psiqui\u00e1tricos e o estudo mostra que o grupo que recebeu o escitalopram teve mais efeitos colaterais (como dist\u00farbios do sono, n\u00e1usea, fadiga, cefaleia, diminui\u00e7\u00e3o do apetite, nervosismo, tontura e ansiedade) do que o grupo que fez o MBSR.<\/p>\n\n\n\n<div class=\"wp-block-image\"><figure class=\"aligncenter size-large is-resized\"><img loading=\"lazy\" decoding=\"async\" src=\"https:\/\/jornalfatosenoticias.com.br\/wp-content\/uploads\/2021\/10\/LOGO-JUNTOS-SOS-ES-AMBIENTAL.jpg\" alt=\"\" class=\"wp-image-23922\" width=\"297\" height=\"275\"\/><\/figure><\/div>\n\n\n\n<blockquote class=\"wp-block-quote is-layout-flow wp-block-quote-is-layout-flow\"><p><span class=\"has-inline-color has-luminous-vivid-orange-color\">Poder oferecer aos pacientes uma terapia n\u00e3o farmacol\u00f3gica para a melhora da sa\u00fade mental \u00e9 muito importante. Esse resultado com certeza vem fortalecer as pr\u00e1ticas integrativas para que cada vez mais m\u00e9dicos, psiquiatras e psic\u00f3logos olhem para elas sem preconceito. Todas visam fortalecer o autocuidado e s\u00e3o um importante coadjuvante no tratamento&#8221;, finalizou.<\/span><\/p><\/blockquote>\n\n\n\n<div class=\"wp-block-image\"><figure class=\"aligncenter size-large\"><img decoding=\"async\" src=\"https:\/\/jornalfatosenoticias.com.br\/wp-content\/uploads\/2020\/02\/Serra-Grande-1024x160.png\" alt=\"\" class=\"wp-image-7836\"\/><\/figure><\/div>\n\n\n\n<p><strong><em>Fonte: <a href=\"https:\/\/www.uol.com.br\/vivabem\/noticias\/redacao\/2023\/03\/19\/meditacao-pode-ser-tao-eficaz-quanto-antidepressivo-para-a-ansiedade.htm\">UOL<\/a><\/em><\/strong><\/p>\n","protected":false},"excerpt":{"rendered":"<p>Trata-se do primeiro estudo cl\u00ednico randomizado que comparou a medita\u00e7\u00e3o com o uso de um medicamento considerado padr\u00e3o-ouro e os resultados fortalecem a import\u00e2ncia das pr\u00e1ticas integrativas \u00c9 fato que meditar \u00e9 uma forma de acalmar o corpo e a mente, mas um novo estudo rec\u00e9m-publicado no JAMA Psychiatry constatou que participar de um programa [&hellip;]<\/p>\n","protected":false},"author":2,"featured_media":40194,"comment_status":"open","ping_status":"open","sticky":false,"template":"","format":"standard","meta":{"footnotes":""},"categories":[42,2522],"tags":[2279,5901,2280,18839,2281,18652,1120],"class_list":["post-40193","post","type-post","status-publish","format-standard","has-post-thumbnail","hentry","category-bem-estar","category-comportamento","tag-ansiedade","tag-antidepressivo","tag-estresse","tag-estudo-clinico","tag-meditacao","tag-transtorno-de-ansiedade","tag-tratamento"],"yoast_head":"<!-- This site is optimized with the Yoast SEO plugin v26.5 - https:\/\/yoast.com\/wordpress\/plugins\/seo\/ -->\n<title>Medita\u00e7\u00e3o pode ser t\u00e3o eficaz quanto antidepressivo para a ansiedade - Jornal Fatos e Not\u00edcias<\/title>\n<meta name=\"robots\" content=\"index, follow, max-snippet:-1, max-image-preview:large, max-video-preview:-1\" \/>\n<link rel=\"canonical\" href=\"https:\/\/jornalfatosenoticias.com.br\/index.php\/2023\/03\/31\/meditacao-pode-ser-tao-eficaz-quanto-antidepressivo-para-a-ansiedade\/\" \/>\n<meta property=\"og:locale\" content=\"pt_BR\" \/>\n<meta property=\"og:type\" content=\"article\" \/>\n<meta property=\"og:title\" content=\"Medita\u00e7\u00e3o pode ser t\u00e3o eficaz quanto antidepressivo para a ansiedade - Jornal Fatos e Not\u00edcias\" \/>\n<meta property=\"og:description\" content=\"Trata-se do primeiro estudo cl\u00ednico randomizado que comparou a medita\u00e7\u00e3o com o uso de um medicamento considerado padr\u00e3o-ouro e os resultados fortalecem a import\u00e2ncia das pr\u00e1ticas integrativas \u00c9 fato que meditar \u00e9 uma forma de acalmar o corpo e a mente, mas um novo estudo rec\u00e9m-publicado no JAMA Psychiatry constatou que participar de um programa [&hellip;]\" \/>\n<meta property=\"og:url\" content=\"https:\/\/jornalfatosenoticias.com.br\/index.php\/2023\/03\/31\/meditacao-pode-ser-tao-eficaz-quanto-antidepressivo-para-a-ansiedade\/\" \/>\n<meta property=\"og:site_name\" content=\"Jornal Fatos e Not\u00edcias\" \/>\n<meta property=\"article:published_time\" content=\"2023-03-31T13:08:41+00:00\" \/>\n<meta property=\"og:image\" content=\"https:\/\/jornalfatosenoticias.com.br\/wp-content\/uploads\/2023\/03\/Meditacao-pode-ser-tao-eficaz-quanto-antidepressivo-para-a-ansiedade.jpg\" \/>\n\t<meta property=\"og:image:width\" content=\"1000\" \/>\n\t<meta property=\"og:image:height\" content=\"591\" \/>\n\t<meta property=\"og:image:type\" content=\"image\/jpeg\" \/>\n<meta name=\"author\" content=\"Luzimara Fernandes\" \/>\n<meta name=\"twitter:card\" content=\"summary_large_image\" \/>\n<meta name=\"twitter:label1\" content=\"Escrito por\" \/>\n\t<meta name=\"twitter:data1\" content=\"Luzimara Fernandes\" \/>\n\t<meta name=\"twitter:label2\" content=\"Est. tempo de leitura\" \/>\n\t<meta name=\"twitter:data2\" content=\"4 minutos\" \/>\n<script type=\"application\/ld+json\" class=\"yoast-schema-graph\">{\"@context\":\"https:\/\/schema.org\",\"@graph\":[{\"@type\":\"Article\",\"@id\":\"https:\/\/jornalfatosenoticias.com.br\/index.php\/2023\/03\/31\/meditacao-pode-ser-tao-eficaz-quanto-antidepressivo-para-a-ansiedade\/#article\",\"isPartOf\":{\"@id\":\"https:\/\/jornalfatosenoticias.com.br\/index.php\/2023\/03\/31\/meditacao-pode-ser-tao-eficaz-quanto-antidepressivo-para-a-ansiedade\/\"},\"author\":{\"name\":\"Luzimara Fernandes\",\"@id\":\"https:\/\/jornalfatosenoticias.com.br\/#\/schema\/person\/d63837fa13ac8666eb9e74e0985d6f81\"},\"headline\":\"Medita\u00e7\u00e3o pode ser t\u00e3o eficaz quanto antidepressivo para a ansiedade\",\"datePublished\":\"2023-03-31T13:08:41+00:00\",\"mainEntityOfPage\":{\"@id\":\"https:\/\/jornalfatosenoticias.com.br\/index.php\/2023\/03\/31\/meditacao-pode-ser-tao-eficaz-quanto-antidepressivo-para-a-ansiedade\/\"},\"wordCount\":872,\"commentCount\":0,\"publisher\":{\"@id\":\"https:\/\/jornalfatosenoticias.com.br\/#organization\"},\"image\":{\"@id\":\"https:\/\/jornalfatosenoticias.com.br\/index.php\/2023\/03\/31\/meditacao-pode-ser-tao-eficaz-quanto-antidepressivo-para-a-ansiedade\/#primaryimage\"},\"thumbnailUrl\":\"https:\/\/jornalfatosenoticias.com.br\/wp-content\/uploads\/2023\/03\/Meditacao-pode-ser-tao-eficaz-quanto-antidepressivo-para-a-ansiedade.jpg\",\"keywords\":[\"ansiedade\",\"antidepressivo\",\"estresse\",\"estudo cl\u00ednico\",\"medita\u00e7\u00e3o\",\"transtorno de ansiedade\",\"tratamento\"],\"articleSection\":[\"Bem-estar\",\"Comportamento &amp; Equil\u00edbrio\"],\"inLanguage\":\"pt-BR\",\"potentialAction\":[{\"@type\":\"CommentAction\",\"name\":\"Comment\",\"target\":[\"https:\/\/jornalfatosenoticias.com.br\/index.php\/2023\/03\/31\/meditacao-pode-ser-tao-eficaz-quanto-antidepressivo-para-a-ansiedade\/#respond\"]}]},{\"@type\":\"WebPage\",\"@id\":\"https:\/\/jornalfatosenoticias.com.br\/index.php\/2023\/03\/31\/meditacao-pode-ser-tao-eficaz-quanto-antidepressivo-para-a-ansiedade\/\",\"url\":\"https:\/\/jornalfatosenoticias.com.br\/index.php\/2023\/03\/31\/meditacao-pode-ser-tao-eficaz-quanto-antidepressivo-para-a-ansiedade\/\",\"name\":\"Medita\u00e7\u00e3o pode ser t\u00e3o eficaz quanto antidepressivo para a ansiedade - Jornal Fatos e Not\u00edcias\",\"isPartOf\":{\"@id\":\"https:\/\/jornalfatosenoticias.com.br\/#website\"},\"primaryImageOfPage\":{\"@id\":\"https:\/\/jornalfatosenoticias.com.br\/index.php\/2023\/03\/31\/meditacao-pode-ser-tao-eficaz-quanto-antidepressivo-para-a-ansiedade\/#primaryimage\"},\"image\":{\"@id\":\"https:\/\/jornalfatosenoticias.com.br\/index.php\/2023\/03\/31\/meditacao-pode-ser-tao-eficaz-quanto-antidepressivo-para-a-ansiedade\/#primaryimage\"},\"thumbnailUrl\":\"https:\/\/jornalfatosenoticias.com.br\/wp-content\/uploads\/2023\/03\/Meditacao-pode-ser-tao-eficaz-quanto-antidepressivo-para-a-ansiedade.jpg\",\"datePublished\":\"2023-03-31T13:08:41+00:00\",\"breadcrumb\":{\"@id\":\"https:\/\/jornalfatosenoticias.com.br\/index.php\/2023\/03\/31\/meditacao-pode-ser-tao-eficaz-quanto-antidepressivo-para-a-ansiedade\/#breadcrumb\"},\"inLanguage\":\"pt-BR\",\"potentialAction\":[{\"@type\":\"ReadAction\",\"target\":[\"https:\/\/jornalfatosenoticias.com.br\/index.php\/2023\/03\/31\/meditacao-pode-ser-tao-eficaz-quanto-antidepressivo-para-a-ansiedade\/\"]}]},{\"@type\":\"ImageObject\",\"inLanguage\":\"pt-BR\",\"@id\":\"https:\/\/jornalfatosenoticias.com.br\/index.php\/2023\/03\/31\/meditacao-pode-ser-tao-eficaz-quanto-antidepressivo-para-a-ansiedade\/#primaryimage\",\"url\":\"https:\/\/jornalfatosenoticias.com.br\/wp-content\/uploads\/2023\/03\/Meditacao-pode-ser-tao-eficaz-quanto-antidepressivo-para-a-ansiedade.jpg\",\"contentUrl\":\"https:\/\/jornalfatosenoticias.com.br\/wp-content\/uploads\/2023\/03\/Meditacao-pode-ser-tao-eficaz-quanto-antidepressivo-para-a-ansiedade.jpg\",\"width\":1000,\"height\":591},{\"@type\":\"BreadcrumbList\",\"@id\":\"https:\/\/jornalfatosenoticias.com.br\/index.php\/2023\/03\/31\/meditacao-pode-ser-tao-eficaz-quanto-antidepressivo-para-a-ansiedade\/#breadcrumb\",\"itemListElement\":[{\"@type\":\"ListItem\",\"position\":1,\"name\":\"In\u00edcio\",\"item\":\"https:\/\/jornalfatosenoticias.com.br\/\"},{\"@type\":\"ListItem\",\"position\":2,\"name\":\"Medita\u00e7\u00e3o pode ser t\u00e3o eficaz quanto antidepressivo para a ansiedade\"}]},{\"@type\":\"WebSite\",\"@id\":\"https:\/\/jornalfatosenoticias.com.br\/#website\",\"url\":\"https:\/\/jornalfatosenoticias.com.br\/\",\"name\":\"Jornal Fatos e Not\u00edcias\",\"description\":\"Not\u00edcias em geral\",\"publisher\":{\"@id\":\"https:\/\/jornalfatosenoticias.com.br\/#organization\"},\"potentialAction\":[{\"@type\":\"SearchAction\",\"target\":{\"@type\":\"EntryPoint\",\"urlTemplate\":\"https:\/\/jornalfatosenoticias.com.br\/?s={search_term_string}\"},\"query-input\":{\"@type\":\"PropertyValueSpecification\",\"valueRequired\":true,\"valueName\":\"search_term_string\"}}],\"inLanguage\":\"pt-BR\"},{\"@type\":\"Organization\",\"@id\":\"https:\/\/jornalfatosenoticias.com.br\/#organization\",\"name\":\"Jornal Fatos e Not\u00edcias\",\"url\":\"https:\/\/jornalfatosenoticias.com.br\/\",\"logo\":{\"@type\":\"ImageObject\",\"inLanguage\":\"pt-BR\",\"@id\":\"https:\/\/jornalfatosenoticias.com.br\/#\/schema\/logo\/image\/\",\"url\":\"https:\/\/jornalfatosenoticias.com.br\/wp-content\/uploads\/2020\/02\/logo120.png\",\"contentUrl\":\"https:\/\/jornalfatosenoticias.com.br\/wp-content\/uploads\/2020\/02\/logo120.png\",\"width\":1227,\"height\":120,\"caption\":\"Jornal Fatos e Not\u00edcias\"},\"image\":{\"@id\":\"https:\/\/jornalfatosenoticias.com.br\/#\/schema\/logo\/image\/\"}},{\"@type\":\"Person\",\"@id\":\"https:\/\/jornalfatosenoticias.com.br\/#\/schema\/person\/d63837fa13ac8666eb9e74e0985d6f81\",\"name\":\"Luzimara Fernandes\",\"image\":{\"@type\":\"ImageObject\",\"inLanguage\":\"pt-BR\",\"@id\":\"https:\/\/jornalfatosenoticias.com.br\/#\/schema\/person\/image\/\",\"url\":\"https:\/\/jornalfatosenoticias.com.br\/wp-content\/uploads\/2025\/05\/EU_portal.jpg\",\"contentUrl\":\"https:\/\/jornalfatosenoticias.com.br\/wp-content\/uploads\/2025\/05\/EU_portal.jpg\",\"caption\":\"Luzimara Fernandes\"},\"description\":\"Jornalista MTB 2358-ES\",\"sameAs\":[\"https:\/\/jornalfatosenoticias.com.br\"],\"url\":\"https:\/\/jornalfatosenoticias.com.br\/index.php\/author\/luzimara\/\"}]}<\/script>\n<!-- \/ Yoast SEO plugin. -->","yoast_head_json":{"title":"Medita\u00e7\u00e3o pode ser t\u00e3o eficaz quanto antidepressivo para a ansiedade - Jornal Fatos e Not\u00edcias","robots":{"index":"index","follow":"follow","max-snippet":"max-snippet:-1","max-image-preview":"max-image-preview:large","max-video-preview":"max-video-preview:-1"},"canonical":"https:\/\/jornalfatosenoticias.com.br\/index.php\/2023\/03\/31\/meditacao-pode-ser-tao-eficaz-quanto-antidepressivo-para-a-ansiedade\/","og_locale":"pt_BR","og_type":"article","og_title":"Medita\u00e7\u00e3o pode ser t\u00e3o eficaz quanto antidepressivo para a ansiedade - Jornal Fatos e Not\u00edcias","og_description":"Trata-se do primeiro estudo cl\u00ednico randomizado que comparou a medita\u00e7\u00e3o com o uso de um medicamento considerado padr\u00e3o-ouro e os resultados fortalecem a import\u00e2ncia das pr\u00e1ticas integrativas \u00c9 fato que meditar \u00e9 uma forma de acalmar o corpo e a mente, mas um novo estudo rec\u00e9m-publicado no JAMA Psychiatry constatou que participar de um programa [&hellip;]","og_url":"https:\/\/jornalfatosenoticias.com.br\/index.php\/2023\/03\/31\/meditacao-pode-ser-tao-eficaz-quanto-antidepressivo-para-a-ansiedade\/","og_site_name":"Jornal Fatos e Not\u00edcias","article_published_time":"2023-03-31T13:08:41+00:00","og_image":[{"width":1000,"height":591,"url":"https:\/\/jornalfatosenoticias.com.br\/wp-content\/uploads\/2023\/03\/Meditacao-pode-ser-tao-eficaz-quanto-antidepressivo-para-a-ansiedade.jpg","type":"image\/jpeg"}],"author":"Luzimara Fernandes","twitter_card":"summary_large_image","twitter_misc":{"Escrito por":"Luzimara Fernandes","Est. tempo de leitura":"4 minutos"},"schema":{"@context":"https:\/\/schema.org","@graph":[{"@type":"Article","@id":"https:\/\/jornalfatosenoticias.com.br\/index.php\/2023\/03\/31\/meditacao-pode-ser-tao-eficaz-quanto-antidepressivo-para-a-ansiedade\/#article","isPartOf":{"@id":"https:\/\/jornalfatosenoticias.com.br\/index.php\/2023\/03\/31\/meditacao-pode-ser-tao-eficaz-quanto-antidepressivo-para-a-ansiedade\/"},"author":{"name":"Luzimara Fernandes","@id":"https:\/\/jornalfatosenoticias.com.br\/#\/schema\/person\/d63837fa13ac8666eb9e74e0985d6f81"},"headline":"Medita\u00e7\u00e3o pode ser t\u00e3o eficaz quanto antidepressivo para a ansiedade","datePublished":"2023-03-31T13:08:41+00:00","mainEntityOfPage":{"@id":"https:\/\/jornalfatosenoticias.com.br\/index.php\/2023\/03\/31\/meditacao-pode-ser-tao-eficaz-quanto-antidepressivo-para-a-ansiedade\/"},"wordCount":872,"commentCount":0,"publisher":{"@id":"https:\/\/jornalfatosenoticias.com.br\/#organization"},"image":{"@id":"https:\/\/jornalfatosenoticias.com.br\/index.php\/2023\/03\/31\/meditacao-pode-ser-tao-eficaz-quanto-antidepressivo-para-a-ansiedade\/#primaryimage"},"thumbnailUrl":"https:\/\/jornalfatosenoticias.com.br\/wp-content\/uploads\/2023\/03\/Meditacao-pode-ser-tao-eficaz-quanto-antidepressivo-para-a-ansiedade.jpg","keywords":["ansiedade","antidepressivo","estresse","estudo cl\u00ednico","medita\u00e7\u00e3o","transtorno de ansiedade","tratamento"],"articleSection":["Bem-estar","Comportamento &amp; Equil\u00edbrio"],"inLanguage":"pt-BR","potentialAction":[{"@type":"CommentAction","name":"Comment","target":["https:\/\/jornalfatosenoticias.com.br\/index.php\/2023\/03\/31\/meditacao-pode-ser-tao-eficaz-quanto-antidepressivo-para-a-ansiedade\/#respond"]}]},{"@type":"WebPage","@id":"https:\/\/jornalfatosenoticias.com.br\/index.php\/2023\/03\/31\/meditacao-pode-ser-tao-eficaz-quanto-antidepressivo-para-a-ansiedade\/","url":"https:\/\/jornalfatosenoticias.com.br\/index.php\/2023\/03\/31\/meditacao-pode-ser-tao-eficaz-quanto-antidepressivo-para-a-ansiedade\/","name":"Medita\u00e7\u00e3o pode ser t\u00e3o eficaz quanto antidepressivo para a ansiedade - Jornal Fatos e Not\u00edcias","isPartOf":{"@id":"https:\/\/jornalfatosenoticias.com.br\/#website"},"primaryImageOfPage":{"@id":"https:\/\/jornalfatosenoticias.com.br\/index.php\/2023\/03\/31\/meditacao-pode-ser-tao-eficaz-quanto-antidepressivo-para-a-ansiedade\/#primaryimage"},"image":{"@id":"https:\/\/jornalfatosenoticias.com.br\/index.php\/2023\/03\/31\/meditacao-pode-ser-tao-eficaz-quanto-antidepressivo-para-a-ansiedade\/#primaryimage"},"thumbnailUrl":"https:\/\/jornalfatosenoticias.com.br\/wp-content\/uploads\/2023\/03\/Meditacao-pode-ser-tao-eficaz-quanto-antidepressivo-para-a-ansiedade.jpg","datePublished":"2023-03-31T13:08:41+00:00","breadcrumb":{"@id":"https:\/\/jornalfatosenoticias.com.br\/index.php\/2023\/03\/31\/meditacao-pode-ser-tao-eficaz-quanto-antidepressivo-para-a-ansiedade\/#breadcrumb"},"inLanguage":"pt-BR","potentialAction":[{"@type":"ReadAction","target":["https:\/\/jornalfatosenoticias.com.br\/index.php\/2023\/03\/31\/meditacao-pode-ser-tao-eficaz-quanto-antidepressivo-para-a-ansiedade\/"]}]},{"@type":"ImageObject","inLanguage":"pt-BR","@id":"https:\/\/jornalfatosenoticias.com.br\/index.php\/2023\/03\/31\/meditacao-pode-ser-tao-eficaz-quanto-antidepressivo-para-a-ansiedade\/#primaryimage","url":"https:\/\/jornalfatosenoticias.com.br\/wp-content\/uploads\/2023\/03\/Meditacao-pode-ser-tao-eficaz-quanto-antidepressivo-para-a-ansiedade.jpg","contentUrl":"https:\/\/jornalfatosenoticias.com.br\/wp-content\/uploads\/2023\/03\/Meditacao-pode-ser-tao-eficaz-quanto-antidepressivo-para-a-ansiedade.jpg","width":1000,"height":591},{"@type":"BreadcrumbList","@id":"https:\/\/jornalfatosenoticias.com.br\/index.php\/2023\/03\/31\/meditacao-pode-ser-tao-eficaz-quanto-antidepressivo-para-a-ansiedade\/#breadcrumb","itemListElement":[{"@type":"ListItem","position":1,"name":"In\u00edcio","item":"https:\/\/jornalfatosenoticias.com.br\/"},{"@type":"ListItem","position":2,"name":"Medita\u00e7\u00e3o pode ser t\u00e3o eficaz quanto antidepressivo para a ansiedade"}]},{"@type":"WebSite","@id":"https:\/\/jornalfatosenoticias.com.br\/#website","url":"https:\/\/jornalfatosenoticias.com.br\/","name":"Jornal Fatos e Not\u00edcias","description":"Not\u00edcias em geral","publisher":{"@id":"https:\/\/jornalfatosenoticias.com.br\/#organization"},"potentialAction":[{"@type":"SearchAction","target":{"@type":"EntryPoint","urlTemplate":"https:\/\/jornalfatosenoticias.com.br\/?s={search_term_string}"},"query-input":{"@type":"PropertyValueSpecification","valueRequired":true,"valueName":"search_term_string"}}],"inLanguage":"pt-BR"},{"@type":"Organization","@id":"https:\/\/jornalfatosenoticias.com.br\/#organization","name":"Jornal Fatos e Not\u00edcias","url":"https:\/\/jornalfatosenoticias.com.br\/","logo":{"@type":"ImageObject","inLanguage":"pt-BR","@id":"https:\/\/jornalfatosenoticias.com.br\/#\/schema\/logo\/image\/","url":"https:\/\/jornalfatosenoticias.com.br\/wp-content\/uploads\/2020\/02\/logo120.png","contentUrl":"https:\/\/jornalfatosenoticias.com.br\/wp-content\/uploads\/2020\/02\/logo120.png","width":1227,"height":120,"caption":"Jornal Fatos e Not\u00edcias"},"image":{"@id":"https:\/\/jornalfatosenoticias.com.br\/#\/schema\/logo\/image\/"}},{"@type":"Person","@id":"https:\/\/jornalfatosenoticias.com.br\/#\/schema\/person\/d63837fa13ac8666eb9e74e0985d6f81","name":"Luzimara Fernandes","image":{"@type":"ImageObject","inLanguage":"pt-BR","@id":"https:\/\/jornalfatosenoticias.com.br\/#\/schema\/person\/image\/","url":"https:\/\/jornalfatosenoticias.com.br\/wp-content\/uploads\/2025\/05\/EU_portal.jpg","contentUrl":"https:\/\/jornalfatosenoticias.com.br\/wp-content\/uploads\/2025\/05\/EU_portal.jpg","caption":"Luzimara Fernandes"},"description":"Jornalista MTB 2358-ES","sameAs":["https:\/\/jornalfatosenoticias.com.br"],"url":"https:\/\/jornalfatosenoticias.com.br\/index.php\/author\/luzimara\/"}]}},"cc_featured_image_caption":{"caption_text":"","source_text":"","source_url":""},"jetpack_featured_media_url":"https:\/\/jornalfatosenoticias.com.br\/wp-content\/uploads\/2023\/03\/Meditacao-pode-ser-tao-eficaz-quanto-antidepressivo-para-a-ansiedade.jpg","_links":{"self":[{"href":"https:\/\/jornalfatosenoticias.com.br\/index.php\/wp-json\/wp\/v2\/posts\/40193","targetHints":{"allow":["GET"]}}],"collection":[{"href":"https:\/\/jornalfatosenoticias.com.br\/index.php\/wp-json\/wp\/v2\/posts"}],"about":[{"href":"https:\/\/jornalfatosenoticias.com.br\/index.php\/wp-json\/wp\/v2\/types\/post"}],"author":[{"embeddable":true,"href":"https:\/\/jornalfatosenoticias.com.br\/index.php\/wp-json\/wp\/v2\/users\/2"}],"replies":[{"embeddable":true,"href":"https:\/\/jornalfatosenoticias.com.br\/index.php\/wp-json\/wp\/v2\/comments?post=40193"}],"version-history":[{"count":0,"href":"https:\/\/jornalfatosenoticias.com.br\/index.php\/wp-json\/wp\/v2\/posts\/40193\/revisions"}],"wp:featuredmedia":[{"embeddable":true,"href":"https:\/\/jornalfatosenoticias.com.br\/index.php\/wp-json\/wp\/v2\/media\/40194"}],"wp:attachment":[{"href":"https:\/\/jornalfatosenoticias.com.br\/index.php\/wp-json\/wp\/v2\/media?parent=40193"}],"wp:term":[{"taxonomy":"category","embeddable":true,"href":"https:\/\/jornalfatosenoticias.com.br\/index.php\/wp-json\/wp\/v2\/categories?post=40193"},{"taxonomy":"post_tag","embeddable":true,"href":"https:\/\/jornalfatosenoticias.com.br\/index.php\/wp-json\/wp\/v2\/tags?post=40193"}],"curies":[{"name":"wp","href":"https:\/\/api.w.org\/{rel}","templated":true}]}}