{"id":40223,"date":"2023-03-31T11:37:06","date_gmt":"2023-03-31T14:37:06","guid":{"rendered":"https:\/\/jornalfatosenoticias.com.br\/?p=40223"},"modified":"2023-03-31T11:37:08","modified_gmt":"2023-03-31T14:37:08","slug":"moraes-arquiva-pedidos-para-investigar-lula-por-acusacoes-contra-moro","status":"publish","type":"post","link":"https:\/\/jornalfatosenoticias.com.br\/index.php\/2023\/03\/31\/moraes-arquiva-pedidos-para-investigar-lula-por-acusacoes-contra-moro\/","title":{"rendered":"Moraes arquiva pedidos para investigar Lula por acusa\u00e7\u00f5es contra Moro"},"content":{"rendered":"\n<p><em><span class=\"has-inline-color has-black-color\">Sem ouvir PGR, ministro do STF avaliou que n\u00e3o h\u00e1 \u2018ind\u00edcios m\u00ednimos da ocorr\u00eancia de il\u00edcito penal\u2019 por parte do petista<\/span><\/em><\/p>\n\n\n\n<div class=\"wp-block-image\"><figure class=\"aligncenter size-large\"><img loading=\"lazy\" decoding=\"async\" width=\"300\" height=\"250\" src=\"https:\/\/jornalfatosenoticias.com.br\/wp-content\/uploads\/2022\/08\/arte-Casarao.jpg\" alt=\"\" class=\"wp-image-33178\"\/><\/figure><\/div>\n\n\n\n<p>O ministro Alexandre de Moraes, do Supremo Tribunal Federal (STF), ordenou o arquivamento de duas a\u00e7\u00f5es apresentadas pelo senador Rog\u00e9rio Marinho (PL-RN) e pelo deputado federal Nikolas Ferreira (PL-MG) sobre declara\u00e7\u00f5es de Luiz In\u00e1cio Lula da Silva (PT).<br>Os congressistas queriam que a Corte investigasse Lula pela fala que o plano do crime organizado para sequestrar e matar o senador S\u00e9rgio Moro (Uni\u00e3o-PR) era \u201cuma vis\u00edvel arma\u00e7\u00e3o\u201d do ex-juiz federal.<\/p>\n\n\n\n<div class=\"wp-block-image\"><figure class=\"aligncenter size-large is-resized\"><img loading=\"lazy\" decoding=\"async\" src=\"https:\/\/jornalfatosenoticias.com.br\/wp-content\/uploads\/2020\/02\/logo-embacia.jpg\" alt=\"\" class=\"wp-image-33905\" width=\"281\" height=\"281\"\/><\/figure><\/div>\n\n\n\n<p>Em ambos os processos, Moraes determinou o \u201carquivamento imediato\u201d. A justificativa do ministro \u00e9 que as not\u00edcias-crime foram apresentadas sob \u201caus\u00eancia de ind\u00edcios m\u00ednimos da ocorr\u00eancia de il\u00edcito penal\u201d. O magistrado n\u00e3o quis nem ouvir o parecer da Procuradoria-Geral da Rep\u00fablica (PGR).<\/p>\n\n\n\n<div class=\"wp-block-image\"><figure class=\"aligncenter size-large is-resized\"><img loading=\"lazy\" decoding=\"async\" src=\"https:\/\/jornalfatosenoticias.com.br\/wp-content\/uploads\/2022\/08\/logo-locau-veiculos-1024x573.png\" alt=\"\" class=\"wp-image-33078\" width=\"318\" height=\"177\"\/><\/figure><\/div>\n\n\n\n<p>Na semana passada, o chefe do Executivo afirmou que a opera\u00e7\u00e3o da Pol\u00edcia Federal (PF) contra integrantes do Primeiro Comando da Capital (PCC) que espreitavam autoridades da Rep\u00fablica era \u201cuma vis\u00edvel arma\u00e7\u00e3o do Moro\u201d, apesar de admitir que n\u00e3o tinha provas.<\/p>\n\n\n\n<div class=\"wp-block-image\"><figure class=\"aligncenter size-large\"><img decoding=\"async\" src=\"https:\/\/jornalfatosenoticias.com.br\/wp-content\/uploads\/2020\/02\/logo_esteio.jpg\" alt=\"\" class=\"wp-image-1214\"\/><\/figure><\/div>\n\n\n\n<p>Em seus pedidos ao Supremo, Marinho queria que o mandat\u00e1rio fosse inclu\u00eddo no inqu\u00e9rito das fake news, acusando-o de \u201catentar contra as institui\u00e7\u00f5es republicanas\u201d. J\u00e1 Nikolas, por sua vez, pleiteava que o petista fosse processado por incita\u00e7\u00e3o ao crime.<\/p>\n\n\n\n<p><strong><em>Fonte: <a href=\"https:\/\/www.conexaopolitica.com.br\/politica\/2023\/03\/31\/moraes-arquiva-pedidos-para-investigar-lula-por-acusacoes-contra-moro\/\">Conex\u00e3o Pol\u00edtica<\/a><\/em><\/strong><\/p>\n","protected":false},"excerpt":{"rendered":"<p>Sem ouvir PGR, ministro do STF avaliou que n\u00e3o h\u00e1 \u2018ind\u00edcios m\u00ednimos da ocorr\u00eancia de il\u00edcito penal\u2019 por parte do petista O ministro Alexandre de Moraes, do Supremo Tribunal Federal (STF), ordenou o arquivamento de duas a\u00e7\u00f5es apresentadas pelo senador Rog\u00e9rio Marinho (PL-RN) e pelo deputado federal Nikolas Ferreira (PL-MG) sobre declara\u00e7\u00f5es de Luiz In\u00e1cio [&hellip;]<\/p>\n","protected":false},"author":2,"featured_media":40224,"comment_status":"open","ping_status":"open","sticky":false,"template":"","format":"standard","meta":{"footnotes":""},"categories":[10],"tags":[7580,18748,18852,18853,18854,301,294],"class_list":["post-40223","post","type-post","status-publish","format-standard","has-post-thumbnail","hentry","category-politica","tag-lula","tag-ministro-do-stf","tag-moraes","tag-moro","tag-petista","tag-pgr","tag-stf"],"yoast_head":"<!-- This site is optimized with the Yoast SEO plugin v26.5 - https:\/\/yoast.com\/wordpress\/plugins\/seo\/ -->\n<title>Moraes arquiva pedidos para investigar Lula por acusa\u00e7\u00f5es contra Moro - Jornal Fatos e Not\u00edcias<\/title>\n<meta name=\"robots\" content=\"index, follow, max-snippet:-1, max-image-preview:large, max-video-preview:-1\" \/>\n<link rel=\"canonical\" href=\"https:\/\/jornalfatosenoticias.com.br\/index.php\/2023\/03\/31\/moraes-arquiva-pedidos-para-investigar-lula-por-acusacoes-contra-moro\/\" \/>\n<meta property=\"og:locale\" content=\"pt_BR\" \/>\n<meta property=\"og:type\" content=\"article\" \/>\n<meta property=\"og:title\" content=\"Moraes arquiva pedidos para investigar Lula por acusa\u00e7\u00f5es contra Moro - Jornal Fatos e Not\u00edcias\" \/>\n<meta property=\"og:description\" content=\"Sem ouvir PGR, ministro do STF avaliou que n\u00e3o h\u00e1 \u2018ind\u00edcios m\u00ednimos da ocorr\u00eancia de il\u00edcito penal\u2019 por parte do petista O ministro Alexandre de Moraes, do Supremo Tribunal Federal (STF), ordenou o arquivamento de duas a\u00e7\u00f5es apresentadas pelo senador Rog\u00e9rio Marinho (PL-RN) e pelo deputado federal Nikolas Ferreira (PL-MG) sobre declara\u00e7\u00f5es de Luiz In\u00e1cio [&hellip;]\" \/>\n<meta property=\"og:url\" content=\"https:\/\/jornalfatosenoticias.com.br\/index.php\/2023\/03\/31\/moraes-arquiva-pedidos-para-investigar-lula-por-acusacoes-contra-moro\/\" \/>\n<meta property=\"og:site_name\" content=\"Jornal Fatos e Not\u00edcias\" \/>\n<meta property=\"article:published_time\" content=\"2023-03-31T14:37:06+00:00\" \/>\n<meta property=\"article:modified_time\" content=\"2023-03-31T14:37:08+00:00\" \/>\n<meta property=\"og:image\" content=\"https:\/\/jornalfatosenoticias.com.br\/wp-content\/uploads\/2023\/03\/cabeca-de-ovo.jpg\" \/>\n\t<meta property=\"og:image:width\" content=\"1000\" \/>\n\t<meta property=\"og:image:height\" content=\"666\" \/>\n\t<meta property=\"og:image:type\" content=\"image\/jpeg\" \/>\n<meta name=\"author\" content=\"Luzimara Fernandes\" \/>\n<meta name=\"twitter:card\" content=\"summary_large_image\" \/>\n<meta name=\"twitter:label1\" content=\"Escrito por\" \/>\n\t<meta name=\"twitter:data1\" content=\"Luzimara Fernandes\" \/>\n\t<meta name=\"twitter:label2\" content=\"Est. tempo de leitura\" \/>\n\t<meta name=\"twitter:data2\" content=\"1 minuto\" \/>\n<script type=\"application\/ld+json\" class=\"yoast-schema-graph\">{\"@context\":\"https:\/\/schema.org\",\"@graph\":[{\"@type\":\"Article\",\"@id\":\"https:\/\/jornalfatosenoticias.com.br\/index.php\/2023\/03\/31\/moraes-arquiva-pedidos-para-investigar-lula-por-acusacoes-contra-moro\/#article\",\"isPartOf\":{\"@id\":\"https:\/\/jornalfatosenoticias.com.br\/index.php\/2023\/03\/31\/moraes-arquiva-pedidos-para-investigar-lula-por-acusacoes-contra-moro\/\"},\"author\":{\"name\":\"Luzimara Fernandes\",\"@id\":\"https:\/\/jornalfatosenoticias.com.br\/#\/schema\/person\/d63837fa13ac8666eb9e74e0985d6f81\"},\"headline\":\"Moraes arquiva pedidos para investigar Lula por acusa\u00e7\u00f5es contra Moro\",\"datePublished\":\"2023-03-31T14:37:06+00:00\",\"dateModified\":\"2023-03-31T14:37:08+00:00\",\"mainEntityOfPage\":{\"@id\":\"https:\/\/jornalfatosenoticias.com.br\/index.php\/2023\/03\/31\/moraes-arquiva-pedidos-para-investigar-lula-por-acusacoes-contra-moro\/\"},\"wordCount\":260,\"commentCount\":0,\"publisher\":{\"@id\":\"https:\/\/jornalfatosenoticias.com.br\/#organization\"},\"image\":{\"@id\":\"https:\/\/jornalfatosenoticias.com.br\/index.php\/2023\/03\/31\/moraes-arquiva-pedidos-para-investigar-lula-por-acusacoes-contra-moro\/#primaryimage\"},\"thumbnailUrl\":\"https:\/\/jornalfatosenoticias.com.br\/wp-content\/uploads\/2023\/03\/cabeca-de-ovo.jpg\",\"keywords\":[\"Lula\",\"ministro do STF\",\"Moraes\",\"Moro\",\"petista\",\"PGR\",\"STF\"],\"articleSection\":[\"Pol\u00edtica\"],\"inLanguage\":\"pt-BR\",\"potentialAction\":[{\"@type\":\"CommentAction\",\"name\":\"Comment\",\"target\":[\"https:\/\/jornalfatosenoticias.com.br\/index.php\/2023\/03\/31\/moraes-arquiva-pedidos-para-investigar-lula-por-acusacoes-contra-moro\/#respond\"]}]},{\"@type\":\"WebPage\",\"@id\":\"https:\/\/jornalfatosenoticias.com.br\/index.php\/2023\/03\/31\/moraes-arquiva-pedidos-para-investigar-lula-por-acusacoes-contra-moro\/\",\"url\":\"https:\/\/jornalfatosenoticias.com.br\/index.php\/2023\/03\/31\/moraes-arquiva-pedidos-para-investigar-lula-por-acusacoes-contra-moro\/\",\"name\":\"Moraes arquiva pedidos para investigar Lula por acusa\u00e7\u00f5es contra Moro - Jornal Fatos e Not\u00edcias\",\"isPartOf\":{\"@id\":\"https:\/\/jornalfatosenoticias.com.br\/#website\"},\"primaryImageOfPage\":{\"@id\":\"https:\/\/jornalfatosenoticias.com.br\/index.php\/2023\/03\/31\/moraes-arquiva-pedidos-para-investigar-lula-por-acusacoes-contra-moro\/#primaryimage\"},\"image\":{\"@id\":\"https:\/\/jornalfatosenoticias.com.br\/index.php\/2023\/03\/31\/moraes-arquiva-pedidos-para-investigar-lula-por-acusacoes-contra-moro\/#primaryimage\"},\"thumbnailUrl\":\"https:\/\/jornalfatosenoticias.com.br\/wp-content\/uploads\/2023\/03\/cabeca-de-ovo.jpg\",\"datePublished\":\"2023-03-31T14:37:06+00:00\",\"dateModified\":\"2023-03-31T14:37:08+00:00\",\"breadcrumb\":{\"@id\":\"https:\/\/jornalfatosenoticias.com.br\/index.php\/2023\/03\/31\/moraes-arquiva-pedidos-para-investigar-lula-por-acusacoes-contra-moro\/#breadcrumb\"},\"inLanguage\":\"pt-BR\",\"potentialAction\":[{\"@type\":\"ReadAction\",\"target\":[\"https:\/\/jornalfatosenoticias.com.br\/index.php\/2023\/03\/31\/moraes-arquiva-pedidos-para-investigar-lula-por-acusacoes-contra-moro\/\"]}]},{\"@type\":\"ImageObject\",\"inLanguage\":\"pt-BR\",\"@id\":\"https:\/\/jornalfatosenoticias.com.br\/index.php\/2023\/03\/31\/moraes-arquiva-pedidos-para-investigar-lula-por-acusacoes-contra-moro\/#primaryimage\",\"url\":\"https:\/\/jornalfatosenoticias.com.br\/wp-content\/uploads\/2023\/03\/cabeca-de-ovo.jpg\",\"contentUrl\":\"https:\/\/jornalfatosenoticias.com.br\/wp-content\/uploads\/2023\/03\/cabeca-de-ovo.jpg\",\"width\":1000,\"height\":666},{\"@type\":\"BreadcrumbList\",\"@id\":\"https:\/\/jornalfatosenoticias.com.br\/index.php\/2023\/03\/31\/moraes-arquiva-pedidos-para-investigar-lula-por-acusacoes-contra-moro\/#breadcrumb\",\"itemListElement\":[{\"@type\":\"ListItem\",\"position\":1,\"name\":\"In\u00edcio\",\"item\":\"https:\/\/jornalfatosenoticias.com.br\/\"},{\"@type\":\"ListItem\",\"position\":2,\"name\":\"Moraes arquiva pedidos para investigar Lula por acusa\u00e7\u00f5es contra Moro\"}]},{\"@type\":\"WebSite\",\"@id\":\"https:\/\/jornalfatosenoticias.com.br\/#website\",\"url\":\"https:\/\/jornalfatosenoticias.com.br\/\",\"name\":\"Jornal Fatos e Not\u00edcias\",\"description\":\"Not\u00edcias em geral\",\"publisher\":{\"@id\":\"https:\/\/jornalfatosenoticias.com.br\/#organization\"},\"potentialAction\":[{\"@type\":\"SearchAction\",\"target\":{\"@type\":\"EntryPoint\",\"urlTemplate\":\"https:\/\/jornalfatosenoticias.com.br\/?s={search_term_string}\"},\"query-input\":{\"@type\":\"PropertyValueSpecification\",\"valueRequired\":true,\"valueName\":\"search_term_string\"}}],\"inLanguage\":\"pt-BR\"},{\"@type\":\"Organization\",\"@id\":\"https:\/\/jornalfatosenoticias.com.br\/#organization\",\"name\":\"Jornal Fatos e Not\u00edcias\",\"url\":\"https:\/\/jornalfatosenoticias.com.br\/\",\"logo\":{\"@type\":\"ImageObject\",\"inLanguage\":\"pt-BR\",\"@id\":\"https:\/\/jornalfatosenoticias.com.br\/#\/schema\/logo\/image\/\",\"url\":\"https:\/\/jornalfatosenoticias.com.br\/wp-content\/uploads\/2020\/02\/logo120.png\",\"contentUrl\":\"https:\/\/jornalfatosenoticias.com.br\/wp-content\/uploads\/2020\/02\/logo120.png\",\"width\":1227,\"height\":120,\"caption\":\"Jornal Fatos e Not\u00edcias\"},\"image\":{\"@id\":\"https:\/\/jornalfatosenoticias.com.br\/#\/schema\/logo\/image\/\"}},{\"@type\":\"Person\",\"@id\":\"https:\/\/jornalfatosenoticias.com.br\/#\/schema\/person\/d63837fa13ac8666eb9e74e0985d6f81\",\"name\":\"Luzimara Fernandes\",\"image\":{\"@type\":\"ImageObject\",\"inLanguage\":\"pt-BR\",\"@id\":\"https:\/\/jornalfatosenoticias.com.br\/#\/schema\/person\/image\/\",\"url\":\"https:\/\/jornalfatosenoticias.com.br\/wp-content\/uploads\/2025\/05\/EU_portal.jpg\",\"contentUrl\":\"https:\/\/jornalfatosenoticias.com.br\/wp-content\/uploads\/2025\/05\/EU_portal.jpg\",\"caption\":\"Luzimara Fernandes\"},\"description\":\"Jornalista MTB 2358-ES\",\"sameAs\":[\"https:\/\/jornalfatosenoticias.com.br\"],\"url\":\"https:\/\/jornalfatosenoticias.com.br\/index.php\/author\/luzimara\/\"}]}<\/script>\n<!-- \/ Yoast SEO plugin. -->","yoast_head_json":{"title":"Moraes arquiva pedidos para investigar Lula por acusa\u00e7\u00f5es contra Moro - Jornal Fatos e Not\u00edcias","robots":{"index":"index","follow":"follow","max-snippet":"max-snippet:-1","max-image-preview":"max-image-preview:large","max-video-preview":"max-video-preview:-1"},"canonical":"https:\/\/jornalfatosenoticias.com.br\/index.php\/2023\/03\/31\/moraes-arquiva-pedidos-para-investigar-lula-por-acusacoes-contra-moro\/","og_locale":"pt_BR","og_type":"article","og_title":"Moraes arquiva pedidos para investigar Lula por acusa\u00e7\u00f5es contra Moro - Jornal Fatos e Not\u00edcias","og_description":"Sem ouvir PGR, ministro do STF avaliou que n\u00e3o h\u00e1 \u2018ind\u00edcios m\u00ednimos da ocorr\u00eancia de il\u00edcito penal\u2019 por parte do petista O ministro Alexandre de Moraes, do Supremo Tribunal Federal (STF), ordenou o arquivamento de duas a\u00e7\u00f5es apresentadas pelo senador Rog\u00e9rio Marinho (PL-RN) e pelo deputado federal Nikolas Ferreira (PL-MG) sobre declara\u00e7\u00f5es de Luiz In\u00e1cio [&hellip;]","og_url":"https:\/\/jornalfatosenoticias.com.br\/index.php\/2023\/03\/31\/moraes-arquiva-pedidos-para-investigar-lula-por-acusacoes-contra-moro\/","og_site_name":"Jornal Fatos e Not\u00edcias","article_published_time":"2023-03-31T14:37:06+00:00","article_modified_time":"2023-03-31T14:37:08+00:00","og_image":[{"width":1000,"height":666,"url":"https:\/\/jornalfatosenoticias.com.br\/wp-content\/uploads\/2023\/03\/cabeca-de-ovo.jpg","type":"image\/jpeg"}],"author":"Luzimara Fernandes","twitter_card":"summary_large_image","twitter_misc":{"Escrito por":"Luzimara Fernandes","Est. tempo de leitura":"1 minuto"},"schema":{"@context":"https:\/\/schema.org","@graph":[{"@type":"Article","@id":"https:\/\/jornalfatosenoticias.com.br\/index.php\/2023\/03\/31\/moraes-arquiva-pedidos-para-investigar-lula-por-acusacoes-contra-moro\/#article","isPartOf":{"@id":"https:\/\/jornalfatosenoticias.com.br\/index.php\/2023\/03\/31\/moraes-arquiva-pedidos-para-investigar-lula-por-acusacoes-contra-moro\/"},"author":{"name":"Luzimara Fernandes","@id":"https:\/\/jornalfatosenoticias.com.br\/#\/schema\/person\/d63837fa13ac8666eb9e74e0985d6f81"},"headline":"Moraes arquiva pedidos para investigar Lula por acusa\u00e7\u00f5es contra Moro","datePublished":"2023-03-31T14:37:06+00:00","dateModified":"2023-03-31T14:37:08+00:00","mainEntityOfPage":{"@id":"https:\/\/jornalfatosenoticias.com.br\/index.php\/2023\/03\/31\/moraes-arquiva-pedidos-para-investigar-lula-por-acusacoes-contra-moro\/"},"wordCount":260,"commentCount":0,"publisher":{"@id":"https:\/\/jornalfatosenoticias.com.br\/#organization"},"image":{"@id":"https:\/\/jornalfatosenoticias.com.br\/index.php\/2023\/03\/31\/moraes-arquiva-pedidos-para-investigar-lula-por-acusacoes-contra-moro\/#primaryimage"},"thumbnailUrl":"https:\/\/jornalfatosenoticias.com.br\/wp-content\/uploads\/2023\/03\/cabeca-de-ovo.jpg","keywords":["Lula","ministro do STF","Moraes","Moro","petista","PGR","STF"],"articleSection":["Pol\u00edtica"],"inLanguage":"pt-BR","potentialAction":[{"@type":"CommentAction","name":"Comment","target":["https:\/\/jornalfatosenoticias.com.br\/index.php\/2023\/03\/31\/moraes-arquiva-pedidos-para-investigar-lula-por-acusacoes-contra-moro\/#respond"]}]},{"@type":"WebPage","@id":"https:\/\/jornalfatosenoticias.com.br\/index.php\/2023\/03\/31\/moraes-arquiva-pedidos-para-investigar-lula-por-acusacoes-contra-moro\/","url":"https:\/\/jornalfatosenoticias.com.br\/index.php\/2023\/03\/31\/moraes-arquiva-pedidos-para-investigar-lula-por-acusacoes-contra-moro\/","name":"Moraes arquiva pedidos para investigar Lula por acusa\u00e7\u00f5es contra Moro - Jornal Fatos e Not\u00edcias","isPartOf":{"@id":"https:\/\/jornalfatosenoticias.com.br\/#website"},"primaryImageOfPage":{"@id":"https:\/\/jornalfatosenoticias.com.br\/index.php\/2023\/03\/31\/moraes-arquiva-pedidos-para-investigar-lula-por-acusacoes-contra-moro\/#primaryimage"},"image":{"@id":"https:\/\/jornalfatosenoticias.com.br\/index.php\/2023\/03\/31\/moraes-arquiva-pedidos-para-investigar-lula-por-acusacoes-contra-moro\/#primaryimage"},"thumbnailUrl":"https:\/\/jornalfatosenoticias.com.br\/wp-content\/uploads\/2023\/03\/cabeca-de-ovo.jpg","datePublished":"2023-03-31T14:37:06+00:00","dateModified":"2023-03-31T14:37:08+00:00","breadcrumb":{"@id":"https:\/\/jornalfatosenoticias.com.br\/index.php\/2023\/03\/31\/moraes-arquiva-pedidos-para-investigar-lula-por-acusacoes-contra-moro\/#breadcrumb"},"inLanguage":"pt-BR","potentialAction":[{"@type":"ReadAction","target":["https:\/\/jornalfatosenoticias.com.br\/index.php\/2023\/03\/31\/moraes-arquiva-pedidos-para-investigar-lula-por-acusacoes-contra-moro\/"]}]},{"@type":"ImageObject","inLanguage":"pt-BR","@id":"https:\/\/jornalfatosenoticias.com.br\/index.php\/2023\/03\/31\/moraes-arquiva-pedidos-para-investigar-lula-por-acusacoes-contra-moro\/#primaryimage","url":"https:\/\/jornalfatosenoticias.com.br\/wp-content\/uploads\/2023\/03\/cabeca-de-ovo.jpg","contentUrl":"https:\/\/jornalfatosenoticias.com.br\/wp-content\/uploads\/2023\/03\/cabeca-de-ovo.jpg","width":1000,"height":666},{"@type":"BreadcrumbList","@id":"https:\/\/jornalfatosenoticias.com.br\/index.php\/2023\/03\/31\/moraes-arquiva-pedidos-para-investigar-lula-por-acusacoes-contra-moro\/#breadcrumb","itemListElement":[{"@type":"ListItem","position":1,"name":"In\u00edcio","item":"https:\/\/jornalfatosenoticias.com.br\/"},{"@type":"ListItem","position":2,"name":"Moraes arquiva pedidos para investigar Lula por acusa\u00e7\u00f5es contra Moro"}]},{"@type":"WebSite","@id":"https:\/\/jornalfatosenoticias.com.br\/#website","url":"https:\/\/jornalfatosenoticias.com.br\/","name":"Jornal Fatos e Not\u00edcias","description":"Not\u00edcias em geral","publisher":{"@id":"https:\/\/jornalfatosenoticias.com.br\/#organization"},"potentialAction":[{"@type":"SearchAction","target":{"@type":"EntryPoint","urlTemplate":"https:\/\/jornalfatosenoticias.com.br\/?s={search_term_string}"},"query-input":{"@type":"PropertyValueSpecification","valueRequired":true,"valueName":"search_term_string"}}],"inLanguage":"pt-BR"},{"@type":"Organization","@id":"https:\/\/jornalfatosenoticias.com.br\/#organization","name":"Jornal Fatos e Not\u00edcias","url":"https:\/\/jornalfatosenoticias.com.br\/","logo":{"@type":"ImageObject","inLanguage":"pt-BR","@id":"https:\/\/jornalfatosenoticias.com.br\/#\/schema\/logo\/image\/","url":"https:\/\/jornalfatosenoticias.com.br\/wp-content\/uploads\/2020\/02\/logo120.png","contentUrl":"https:\/\/jornalfatosenoticias.com.br\/wp-content\/uploads\/2020\/02\/logo120.png","width":1227,"height":120,"caption":"Jornal Fatos e Not\u00edcias"},"image":{"@id":"https:\/\/jornalfatosenoticias.com.br\/#\/schema\/logo\/image\/"}},{"@type":"Person","@id":"https:\/\/jornalfatosenoticias.com.br\/#\/schema\/person\/d63837fa13ac8666eb9e74e0985d6f81","name":"Luzimara Fernandes","image":{"@type":"ImageObject","inLanguage":"pt-BR","@id":"https:\/\/jornalfatosenoticias.com.br\/#\/schema\/person\/image\/","url":"https:\/\/jornalfatosenoticias.com.br\/wp-content\/uploads\/2025\/05\/EU_portal.jpg","contentUrl":"https:\/\/jornalfatosenoticias.com.br\/wp-content\/uploads\/2025\/05\/EU_portal.jpg","caption":"Luzimara Fernandes"},"description":"Jornalista MTB 2358-ES","sameAs":["https:\/\/jornalfatosenoticias.com.br"],"url":"https:\/\/jornalfatosenoticias.com.br\/index.php\/author\/luzimara\/"}]}},"cc_featured_image_caption":{"caption_text":"(Foto: Ascom AGU) ","source_text":"","source_url":""},"jetpack_featured_media_url":"https:\/\/jornalfatosenoticias.com.br\/wp-content\/uploads\/2023\/03\/cabeca-de-ovo.jpg","_links":{"self":[{"href":"https:\/\/jornalfatosenoticias.com.br\/index.php\/wp-json\/wp\/v2\/posts\/40223","targetHints":{"allow":["GET"]}}],"collection":[{"href":"https:\/\/jornalfatosenoticias.com.br\/index.php\/wp-json\/wp\/v2\/posts"}],"about":[{"href":"https:\/\/jornalfatosenoticias.com.br\/index.php\/wp-json\/wp\/v2\/types\/post"}],"author":[{"embeddable":true,"href":"https:\/\/jornalfatosenoticias.com.br\/index.php\/wp-json\/wp\/v2\/users\/2"}],"replies":[{"embeddable":true,"href":"https:\/\/jornalfatosenoticias.com.br\/index.php\/wp-json\/wp\/v2\/comments?post=40223"}],"version-history":[{"count":0,"href":"https:\/\/jornalfatosenoticias.com.br\/index.php\/wp-json\/wp\/v2\/posts\/40223\/revisions"}],"wp:featuredmedia":[{"embeddable":true,"href":"https:\/\/jornalfatosenoticias.com.br\/index.php\/wp-json\/wp\/v2\/media\/40224"}],"wp:attachment":[{"href":"https:\/\/jornalfatosenoticias.com.br\/index.php\/wp-json\/wp\/v2\/media?parent=40223"}],"wp:term":[{"taxonomy":"category","embeddable":true,"href":"https:\/\/jornalfatosenoticias.com.br\/index.php\/wp-json\/wp\/v2\/categories?post=40223"},{"taxonomy":"post_tag","embeddable":true,"href":"https:\/\/jornalfatosenoticias.com.br\/index.php\/wp-json\/wp\/v2\/tags?post=40223"}],"curies":[{"name":"wp","href":"https:\/\/api.w.org\/{rel}","templated":true}]}}