{"id":4026,"date":"2020-05-05T09:21:29","date_gmt":"2020-05-05T12:21:29","guid":{"rendered":"https:\/\/jornalfatosenoticias.com.br\/?p=4026"},"modified":"2020-05-05T09:21:35","modified_gmt":"2020-05-05T12:21:35","slug":"dia-mundial-da-lingua-portuguesa-saiba-mais-sobre-o-5o-idioma-mais-falado-do-mundo","status":"publish","type":"post","link":"https:\/\/jornalfatosenoticias.com.br\/index.php\/2020\/05\/05\/dia-mundial-da-lingua-portuguesa-saiba-mais-sobre-o-5o-idioma-mais-falado-do-mundo\/","title":{"rendered":"Dia Mundial da L\u00edngua Portuguesa: saiba mais sobre o 5\u00ba idioma mais falado do mundo"},"content":{"rendered":"\n<h5 class=\"wp-block-heading\"><em>Dia Mundial \u00e9 celebrado hoje e comemora pluralidade<\/em><\/h5>\n\n\n\n<p>L\u00e1 vem o machimbombo, algu\u00e9m te avisa em Mo\u00e7ambique. Em Angola, te pedem calma, j\u00e1 que o autocarro est\u00e1 a passar. Machimbombo e autocarro, acreditem (!), s\u00e3o o mesmo ve\u00edculo. No Brasil, conhecido como \u00f4nibus. Na g\u00edria muito comum das ruas, o bus\u00e3o. A par de todas as diferen\u00e7as de vocabul\u00e1rio ou organiza\u00e7\u00e3o textual, falantes da l\u00edngua portuguesa somam mais de 260 milh\u00f5es de pessoas em nove pa\u00edses que t\u00eam o idioma como oficial. Trata-se do quinto mais usado no mundo, o terceiro no Ocidente e o primeiro no Hemisf\u00e9rio Sul.<br>Em 2009, pa\u00edses da comunidade lus\u00f3fona decidiram que 5 de maio deveria marcar o Dia Internacional da L\u00edngua Portuguesa. Em novembro do ano passado, a Unesco ratificou a data como Dia Mundial da L\u00edngua Portuguesa, para celebrar a pluralidade como valor identit\u00e1rio de tanta gente. A decis\u00e3o ocorreu em Paris, durante a assembleia geral da Organiza\u00e7\u00e3o das Na\u00e7\u00f5es Unidas para a Educa\u00e7\u00e3o, Ci\u00eancia e Cultura. E as diferen\u00e7as, longe de afastar, tamb\u00e9m podem unir. Nos acordos, no com\u00e9rcio, no turismo, na literatura, na cultura. Em Cabo Verde, chamam-se de brodas. Em Angola, cambas. Em bom brasileiro, amigos.<br>Ali\u00e1s, quando a TV Brasil exibiu a novela Jikulumessu, o telespectador tamb\u00e9m entendeu mais sobre a l\u00edngua falada em Angola. Confira express\u00f5es Uma novidade na rela\u00e7\u00e3o dos pa\u00edses lus\u00f3fonos com o idioma escrito foi o acordo ortogr\u00e1fico que entrou em vigor no ano de 2016, mas que estava em uso desde 2009. Entre as mudan\u00e7as, houve o fim do sinal do trema e novas regras para o uso do h\u00edfen e de acentos diferenciais.<br>O acordo havia sido celebrado no ano de 1990. Uma estimativa feita em 2013 \u00e9 que, at\u00e9 o fim do s\u00e9culo 21, os pa\u00edses de l\u00edngua portuguesa (Angola, Brasil, Cabo Verde, Guin\u00e9-Bissau, Mo\u00e7ambique, Portugal, S\u00e3o Tom\u00e9 e Pr\u00edncipe e Timor Leste) dever\u00e3o somar 350 milh\u00f5es de cidad\u00e3os pelos Estados-Membros da Comunidade de Pa\u00edses de L\u00edngua Portuguesa (CPLP) para padronizar as regras ortogr\u00e1ficas.<br>No ano passado, a TV Brasil celebrou a data com uma homenagem aos imigrantes que trouxeram caracter\u00edsticas particulares para o idioma. O v\u00eddeo trata da variedade e pluralidade da l\u00edngua no Pa\u00eds\u2026<br>Com uma literatura transformadora, obras em l\u00edngua portuguesa est\u00e3o entre as principais do mundo. No ano de 2011, a TV Brasil explicou como a leitura pode ser transformadora no destino dos brasileiros.<br>Atravessando o oceano Atl\u00e2ntico, na \u00c1frica que fala portugu\u00eas, as dificuldades dos pa\u00edses com a liberdade tardia e as manifesta\u00e7\u00f5es culturais foram trazidas no ano de 2015 no programa Caminhos da Reportagem.<\/p>\n\n\n\n<figure class=\"wp-block-embed-youtube wp-block-embed is-type-video is-provider-youtube wp-embed-aspect-4-3 wp-has-aspect-ratio\"><div class=\"wp-block-embed__wrapper\">\n<iframe loading=\"lazy\" title=\"Caminhos da Reportagem | Leitura\" width=\"660\" height=\"495\" src=\"https:\/\/www.youtube.com\/embed\/vb56mQ75ILI?feature=oembed\" frameborder=\"0\" allow=\"accelerometer; autoplay; clipboard-write; encrypted-media; gyroscope; picture-in-picture; web-share\" referrerpolicy=\"strict-origin-when-cross-origin\" allowfullscreen><\/iframe>\n<\/div><\/figure>\n\n\n\n<p><strong><em>Fonte: <a href=\"https:\/\/agenciabrasil.ebc.com.br\/educacao\/noticia\/2020-05\/lingua-portuguesa-saiba-mais-sobre-o-5o-idioma-mais-falado-do-mundo\">Ag\u00eancia Brasil<\/a><\/em><\/strong><\/p>\n","protected":false},"excerpt":{"rendered":"<p>Dia Mundial \u00e9 celebrado hoje e comemora pluralidade L\u00e1 vem o machimbombo, algu\u00e9m te avisa em Mo\u00e7ambique. Em Angola, te pedem calma, j\u00e1 que o autocarro est\u00e1 a passar. Machimbombo e autocarro, acreditem (!), s\u00e3o o mesmo ve\u00edculo. No Brasil, conhecido como \u00f4nibus. Na g\u00edria muito comum das ruas, o bus\u00e3o. A par de todas [&hellip;]<\/p>\n","protected":false},"author":2,"featured_media":4027,"comment_status":"open","ping_status":"open","sticky":false,"template":"","format":"standard","meta":{"footnotes":""},"categories":[7],"tags":[713,2366,2367,2368],"class_list":["post-4026","post","type-post","status-publish","format-standard","has-post-thumbnail","hentry","category-educacao","tag-cultura","tag-idioma","tag-lingua-portuguesa","tag-portugues"],"yoast_head":"<!-- This site is optimized with the Yoast SEO plugin v26.5 - https:\/\/yoast.com\/wordpress\/plugins\/seo\/ -->\n<title>Dia Mundial da L\u00edngua Portuguesa: saiba mais sobre o 5\u00ba idioma mais falado do mundo - Jornal Fatos e Not\u00edcias<\/title>\n<meta name=\"robots\" content=\"index, follow, max-snippet:-1, max-image-preview:large, max-video-preview:-1\" \/>\n<link rel=\"canonical\" href=\"https:\/\/jornalfatosenoticias.com.br\/index.php\/2020\/05\/05\/dia-mundial-da-lingua-portuguesa-saiba-mais-sobre-o-5o-idioma-mais-falado-do-mundo\/\" \/>\n<meta property=\"og:locale\" content=\"pt_BR\" \/>\n<meta property=\"og:type\" content=\"article\" \/>\n<meta property=\"og:title\" content=\"Dia Mundial da L\u00edngua Portuguesa: saiba mais sobre o 5\u00ba idioma mais falado do mundo - Jornal Fatos e Not\u00edcias\" \/>\n<meta property=\"og:description\" content=\"Dia Mundial \u00e9 celebrado hoje e comemora pluralidade L\u00e1 vem o machimbombo, algu\u00e9m te avisa em Mo\u00e7ambique. Em Angola, te pedem calma, j\u00e1 que o autocarro est\u00e1 a passar. Machimbombo e autocarro, acreditem (!), s\u00e3o o mesmo ve\u00edculo. No Brasil, conhecido como \u00f4nibus. Na g\u00edria muito comum das ruas, o bus\u00e3o. A par de todas [&hellip;]\" \/>\n<meta property=\"og:url\" content=\"https:\/\/jornalfatosenoticias.com.br\/index.php\/2020\/05\/05\/dia-mundial-da-lingua-portuguesa-saiba-mais-sobre-o-5o-idioma-mais-falado-do-mundo\/\" \/>\n<meta property=\"og:site_name\" content=\"Jornal Fatos e Not\u00edcias\" \/>\n<meta property=\"article:published_time\" content=\"2020-05-05T12:21:29+00:00\" \/>\n<meta property=\"article:modified_time\" content=\"2020-05-05T12:21:35+00:00\" \/>\n<meta property=\"og:image\" content=\"https:\/\/jornalfatosenoticias.com.br\/wp-content\/uploads\/2020\/05\/lingua-portuguesa-rvrsa_abr.jpg\" \/>\n\t<meta property=\"og:image:width\" content=\"1000\" \/>\n\t<meta property=\"og:image:height\" content=\"598\" \/>\n\t<meta property=\"og:image:type\" content=\"image\/jpeg\" \/>\n<meta name=\"author\" content=\"Luzimara Fernandes\" \/>\n<meta name=\"twitter:card\" content=\"summary_large_image\" \/>\n<meta name=\"twitter:label1\" content=\"Escrito por\" \/>\n\t<meta name=\"twitter:data1\" content=\"Luzimara Fernandes\" \/>\n\t<meta name=\"twitter:label2\" content=\"Est. tempo de leitura\" \/>\n\t<meta name=\"twitter:data2\" content=\"2 minutos\" \/>\n<script type=\"application\/ld+json\" class=\"yoast-schema-graph\">{\"@context\":\"https:\/\/schema.org\",\"@graph\":[{\"@type\":\"Article\",\"@id\":\"https:\/\/jornalfatosenoticias.com.br\/index.php\/2020\/05\/05\/dia-mundial-da-lingua-portuguesa-saiba-mais-sobre-o-5o-idioma-mais-falado-do-mundo\/#article\",\"isPartOf\":{\"@id\":\"https:\/\/jornalfatosenoticias.com.br\/index.php\/2020\/05\/05\/dia-mundial-da-lingua-portuguesa-saiba-mais-sobre-o-5o-idioma-mais-falado-do-mundo\/\"},\"author\":{\"name\":\"Luzimara Fernandes\",\"@id\":\"https:\/\/jornalfatosenoticias.com.br\/#\/schema\/person\/d63837fa13ac8666eb9e74e0985d6f81\"},\"headline\":\"Dia Mundial da L\u00edngua Portuguesa: saiba mais sobre o 5\u00ba idioma mais falado do mundo\",\"datePublished\":\"2020-05-05T12:21:29+00:00\",\"dateModified\":\"2020-05-05T12:21:35+00:00\",\"mainEntityOfPage\":{\"@id\":\"https:\/\/jornalfatosenoticias.com.br\/index.php\/2020\/05\/05\/dia-mundial-da-lingua-portuguesa-saiba-mais-sobre-o-5o-idioma-mais-falado-do-mundo\/\"},\"wordCount\":506,\"commentCount\":0,\"publisher\":{\"@id\":\"https:\/\/jornalfatosenoticias.com.br\/#organization\"},\"image\":{\"@id\":\"https:\/\/jornalfatosenoticias.com.br\/index.php\/2020\/05\/05\/dia-mundial-da-lingua-portuguesa-saiba-mais-sobre-o-5o-idioma-mais-falado-do-mundo\/#primaryimage\"},\"thumbnailUrl\":\"https:\/\/jornalfatosenoticias.com.br\/wp-content\/uploads\/2020\/05\/lingua-portuguesa-rvrsa_abr.jpg\",\"keywords\":[\"cultura\",\"idioma\",\"l\u00edngua portuguesa\",\"portugu\u00eas\"],\"articleSection\":[\"Educa\u00e7\u00e3o\"],\"inLanguage\":\"pt-BR\",\"potentialAction\":[{\"@type\":\"CommentAction\",\"name\":\"Comment\",\"target\":[\"https:\/\/jornalfatosenoticias.com.br\/index.php\/2020\/05\/05\/dia-mundial-da-lingua-portuguesa-saiba-mais-sobre-o-5o-idioma-mais-falado-do-mundo\/#respond\"]}]},{\"@type\":\"WebPage\",\"@id\":\"https:\/\/jornalfatosenoticias.com.br\/index.php\/2020\/05\/05\/dia-mundial-da-lingua-portuguesa-saiba-mais-sobre-o-5o-idioma-mais-falado-do-mundo\/\",\"url\":\"https:\/\/jornalfatosenoticias.com.br\/index.php\/2020\/05\/05\/dia-mundial-da-lingua-portuguesa-saiba-mais-sobre-o-5o-idioma-mais-falado-do-mundo\/\",\"name\":\"Dia Mundial da L\u00edngua Portuguesa: saiba mais sobre o 5\u00ba idioma mais falado do mundo - Jornal Fatos e Not\u00edcias\",\"isPartOf\":{\"@id\":\"https:\/\/jornalfatosenoticias.com.br\/#website\"},\"primaryImageOfPage\":{\"@id\":\"https:\/\/jornalfatosenoticias.com.br\/index.php\/2020\/05\/05\/dia-mundial-da-lingua-portuguesa-saiba-mais-sobre-o-5o-idioma-mais-falado-do-mundo\/#primaryimage\"},\"image\":{\"@id\":\"https:\/\/jornalfatosenoticias.com.br\/index.php\/2020\/05\/05\/dia-mundial-da-lingua-portuguesa-saiba-mais-sobre-o-5o-idioma-mais-falado-do-mundo\/#primaryimage\"},\"thumbnailUrl\":\"https:\/\/jornalfatosenoticias.com.br\/wp-content\/uploads\/2020\/05\/lingua-portuguesa-rvrsa_abr.jpg\",\"datePublished\":\"2020-05-05T12:21:29+00:00\",\"dateModified\":\"2020-05-05T12:21:35+00:00\",\"breadcrumb\":{\"@id\":\"https:\/\/jornalfatosenoticias.com.br\/index.php\/2020\/05\/05\/dia-mundial-da-lingua-portuguesa-saiba-mais-sobre-o-5o-idioma-mais-falado-do-mundo\/#breadcrumb\"},\"inLanguage\":\"pt-BR\",\"potentialAction\":[{\"@type\":\"ReadAction\",\"target\":[\"https:\/\/jornalfatosenoticias.com.br\/index.php\/2020\/05\/05\/dia-mundial-da-lingua-portuguesa-saiba-mais-sobre-o-5o-idioma-mais-falado-do-mundo\/\"]}]},{\"@type\":\"ImageObject\",\"inLanguage\":\"pt-BR\",\"@id\":\"https:\/\/jornalfatosenoticias.com.br\/index.php\/2020\/05\/05\/dia-mundial-da-lingua-portuguesa-saiba-mais-sobre-o-5o-idioma-mais-falado-do-mundo\/#primaryimage\",\"url\":\"https:\/\/jornalfatosenoticias.com.br\/wp-content\/uploads\/2020\/05\/lingua-portuguesa-rvrsa_abr.jpg\",\"contentUrl\":\"https:\/\/jornalfatosenoticias.com.br\/wp-content\/uploads\/2020\/05\/lingua-portuguesa-rvrsa_abr.jpg\",\"width\":1000,\"height\":598,\"caption\":\"Programa\u00e7\u00e3o cultural de celebra\u00e7\u00e3o do Dia Internacional da L\u00edngua Portuguesa, com o tema Museu, Escola e Territ\u00f3rio, no Museu da L\u00edngua Portuguesa.\"},{\"@type\":\"BreadcrumbList\",\"@id\":\"https:\/\/jornalfatosenoticias.com.br\/index.php\/2020\/05\/05\/dia-mundial-da-lingua-portuguesa-saiba-mais-sobre-o-5o-idioma-mais-falado-do-mundo\/#breadcrumb\",\"itemListElement\":[{\"@type\":\"ListItem\",\"position\":1,\"name\":\"In\u00edcio\",\"item\":\"https:\/\/jornalfatosenoticias.com.br\/\"},{\"@type\":\"ListItem\",\"position\":2,\"name\":\"Dia Mundial da L\u00edngua Portuguesa: saiba mais sobre o 5\u00ba idioma mais falado do mundo\"}]},{\"@type\":\"WebSite\",\"@id\":\"https:\/\/jornalfatosenoticias.com.br\/#website\",\"url\":\"https:\/\/jornalfatosenoticias.com.br\/\",\"name\":\"Jornal Fatos e Not\u00edcias\",\"description\":\"Not\u00edcias em geral\",\"publisher\":{\"@id\":\"https:\/\/jornalfatosenoticias.com.br\/#organization\"},\"potentialAction\":[{\"@type\":\"SearchAction\",\"target\":{\"@type\":\"EntryPoint\",\"urlTemplate\":\"https:\/\/jornalfatosenoticias.com.br\/?s={search_term_string}\"},\"query-input\":{\"@type\":\"PropertyValueSpecification\",\"valueRequired\":true,\"valueName\":\"search_term_string\"}}],\"inLanguage\":\"pt-BR\"},{\"@type\":\"Organization\",\"@id\":\"https:\/\/jornalfatosenoticias.com.br\/#organization\",\"name\":\"Jornal Fatos e Not\u00edcias\",\"url\":\"https:\/\/jornalfatosenoticias.com.br\/\",\"logo\":{\"@type\":\"ImageObject\",\"inLanguage\":\"pt-BR\",\"@id\":\"https:\/\/jornalfatosenoticias.com.br\/#\/schema\/logo\/image\/\",\"url\":\"https:\/\/jornalfatosenoticias.com.br\/wp-content\/uploads\/2020\/02\/logo120.png\",\"contentUrl\":\"https:\/\/jornalfatosenoticias.com.br\/wp-content\/uploads\/2020\/02\/logo120.png\",\"width\":1227,\"height\":120,\"caption\":\"Jornal Fatos e Not\u00edcias\"},\"image\":{\"@id\":\"https:\/\/jornalfatosenoticias.com.br\/#\/schema\/logo\/image\/\"}},{\"@type\":\"Person\",\"@id\":\"https:\/\/jornalfatosenoticias.com.br\/#\/schema\/person\/d63837fa13ac8666eb9e74e0985d6f81\",\"name\":\"Luzimara Fernandes\",\"image\":{\"@type\":\"ImageObject\",\"inLanguage\":\"pt-BR\",\"@id\":\"https:\/\/jornalfatosenoticias.com.br\/#\/schema\/person\/image\/\",\"url\":\"https:\/\/jornalfatosenoticias.com.br\/wp-content\/uploads\/2025\/05\/EU_portal.jpg\",\"contentUrl\":\"https:\/\/jornalfatosenoticias.com.br\/wp-content\/uploads\/2025\/05\/EU_portal.jpg\",\"caption\":\"Luzimara Fernandes\"},\"description\":\"Jornalista MTB 2358-ES\",\"sameAs\":[\"https:\/\/jornalfatosenoticias.com.br\"],\"url\":\"https:\/\/jornalfatosenoticias.com.br\/index.php\/author\/luzimara\/\"}]}<\/script>\n<!-- \/ Yoast SEO plugin. -->","yoast_head_json":{"title":"Dia Mundial da L\u00edngua Portuguesa: saiba mais sobre o 5\u00ba idioma mais falado do mundo - Jornal Fatos e Not\u00edcias","robots":{"index":"index","follow":"follow","max-snippet":"max-snippet:-1","max-image-preview":"max-image-preview:large","max-video-preview":"max-video-preview:-1"},"canonical":"https:\/\/jornalfatosenoticias.com.br\/index.php\/2020\/05\/05\/dia-mundial-da-lingua-portuguesa-saiba-mais-sobre-o-5o-idioma-mais-falado-do-mundo\/","og_locale":"pt_BR","og_type":"article","og_title":"Dia Mundial da L\u00edngua Portuguesa: saiba mais sobre o 5\u00ba idioma mais falado do mundo - Jornal Fatos e Not\u00edcias","og_description":"Dia Mundial \u00e9 celebrado hoje e comemora pluralidade L\u00e1 vem o machimbombo, algu\u00e9m te avisa em Mo\u00e7ambique. Em Angola, te pedem calma, j\u00e1 que o autocarro est\u00e1 a passar. Machimbombo e autocarro, acreditem (!), s\u00e3o o mesmo ve\u00edculo. No Brasil, conhecido como \u00f4nibus. Na g\u00edria muito comum das ruas, o bus\u00e3o. A par de todas [&hellip;]","og_url":"https:\/\/jornalfatosenoticias.com.br\/index.php\/2020\/05\/05\/dia-mundial-da-lingua-portuguesa-saiba-mais-sobre-o-5o-idioma-mais-falado-do-mundo\/","og_site_name":"Jornal Fatos e Not\u00edcias","article_published_time":"2020-05-05T12:21:29+00:00","article_modified_time":"2020-05-05T12:21:35+00:00","og_image":[{"width":1000,"height":598,"url":"https:\/\/jornalfatosenoticias.com.br\/wp-content\/uploads\/2020\/05\/lingua-portuguesa-rvrsa_abr.jpg","type":"image\/jpeg"}],"author":"Luzimara Fernandes","twitter_card":"summary_large_image","twitter_misc":{"Escrito por":"Luzimara Fernandes","Est. tempo de leitura":"2 minutos"},"schema":{"@context":"https:\/\/schema.org","@graph":[{"@type":"Article","@id":"https:\/\/jornalfatosenoticias.com.br\/index.php\/2020\/05\/05\/dia-mundial-da-lingua-portuguesa-saiba-mais-sobre-o-5o-idioma-mais-falado-do-mundo\/#article","isPartOf":{"@id":"https:\/\/jornalfatosenoticias.com.br\/index.php\/2020\/05\/05\/dia-mundial-da-lingua-portuguesa-saiba-mais-sobre-o-5o-idioma-mais-falado-do-mundo\/"},"author":{"name":"Luzimara Fernandes","@id":"https:\/\/jornalfatosenoticias.com.br\/#\/schema\/person\/d63837fa13ac8666eb9e74e0985d6f81"},"headline":"Dia Mundial da L\u00edngua Portuguesa: saiba mais sobre o 5\u00ba idioma mais falado do mundo","datePublished":"2020-05-05T12:21:29+00:00","dateModified":"2020-05-05T12:21:35+00:00","mainEntityOfPage":{"@id":"https:\/\/jornalfatosenoticias.com.br\/index.php\/2020\/05\/05\/dia-mundial-da-lingua-portuguesa-saiba-mais-sobre-o-5o-idioma-mais-falado-do-mundo\/"},"wordCount":506,"commentCount":0,"publisher":{"@id":"https:\/\/jornalfatosenoticias.com.br\/#organization"},"image":{"@id":"https:\/\/jornalfatosenoticias.com.br\/index.php\/2020\/05\/05\/dia-mundial-da-lingua-portuguesa-saiba-mais-sobre-o-5o-idioma-mais-falado-do-mundo\/#primaryimage"},"thumbnailUrl":"https:\/\/jornalfatosenoticias.com.br\/wp-content\/uploads\/2020\/05\/lingua-portuguesa-rvrsa_abr.jpg","keywords":["cultura","idioma","l\u00edngua portuguesa","portugu\u00eas"],"articleSection":["Educa\u00e7\u00e3o"],"inLanguage":"pt-BR","potentialAction":[{"@type":"CommentAction","name":"Comment","target":["https:\/\/jornalfatosenoticias.com.br\/index.php\/2020\/05\/05\/dia-mundial-da-lingua-portuguesa-saiba-mais-sobre-o-5o-idioma-mais-falado-do-mundo\/#respond"]}]},{"@type":"WebPage","@id":"https:\/\/jornalfatosenoticias.com.br\/index.php\/2020\/05\/05\/dia-mundial-da-lingua-portuguesa-saiba-mais-sobre-o-5o-idioma-mais-falado-do-mundo\/","url":"https:\/\/jornalfatosenoticias.com.br\/index.php\/2020\/05\/05\/dia-mundial-da-lingua-portuguesa-saiba-mais-sobre-o-5o-idioma-mais-falado-do-mundo\/","name":"Dia Mundial da L\u00edngua Portuguesa: saiba mais sobre o 5\u00ba idioma mais falado do mundo - Jornal Fatos e Not\u00edcias","isPartOf":{"@id":"https:\/\/jornalfatosenoticias.com.br\/#website"},"primaryImageOfPage":{"@id":"https:\/\/jornalfatosenoticias.com.br\/index.php\/2020\/05\/05\/dia-mundial-da-lingua-portuguesa-saiba-mais-sobre-o-5o-idioma-mais-falado-do-mundo\/#primaryimage"},"image":{"@id":"https:\/\/jornalfatosenoticias.com.br\/index.php\/2020\/05\/05\/dia-mundial-da-lingua-portuguesa-saiba-mais-sobre-o-5o-idioma-mais-falado-do-mundo\/#primaryimage"},"thumbnailUrl":"https:\/\/jornalfatosenoticias.com.br\/wp-content\/uploads\/2020\/05\/lingua-portuguesa-rvrsa_abr.jpg","datePublished":"2020-05-05T12:21:29+00:00","dateModified":"2020-05-05T12:21:35+00:00","breadcrumb":{"@id":"https:\/\/jornalfatosenoticias.com.br\/index.php\/2020\/05\/05\/dia-mundial-da-lingua-portuguesa-saiba-mais-sobre-o-5o-idioma-mais-falado-do-mundo\/#breadcrumb"},"inLanguage":"pt-BR","potentialAction":[{"@type":"ReadAction","target":["https:\/\/jornalfatosenoticias.com.br\/index.php\/2020\/05\/05\/dia-mundial-da-lingua-portuguesa-saiba-mais-sobre-o-5o-idioma-mais-falado-do-mundo\/"]}]},{"@type":"ImageObject","inLanguage":"pt-BR","@id":"https:\/\/jornalfatosenoticias.com.br\/index.php\/2020\/05\/05\/dia-mundial-da-lingua-portuguesa-saiba-mais-sobre-o-5o-idioma-mais-falado-do-mundo\/#primaryimage","url":"https:\/\/jornalfatosenoticias.com.br\/wp-content\/uploads\/2020\/05\/lingua-portuguesa-rvrsa_abr.jpg","contentUrl":"https:\/\/jornalfatosenoticias.com.br\/wp-content\/uploads\/2020\/05\/lingua-portuguesa-rvrsa_abr.jpg","width":1000,"height":598,"caption":"Programa\u00e7\u00e3o cultural de celebra\u00e7\u00e3o do Dia Internacional da L\u00edngua Portuguesa, com o tema Museu, Escola e Territ\u00f3rio, no Museu da L\u00edngua Portuguesa."},{"@type":"BreadcrumbList","@id":"https:\/\/jornalfatosenoticias.com.br\/index.php\/2020\/05\/05\/dia-mundial-da-lingua-portuguesa-saiba-mais-sobre-o-5o-idioma-mais-falado-do-mundo\/#breadcrumb","itemListElement":[{"@type":"ListItem","position":1,"name":"In\u00edcio","item":"https:\/\/jornalfatosenoticias.com.br\/"},{"@type":"ListItem","position":2,"name":"Dia Mundial da L\u00edngua Portuguesa: saiba mais sobre o 5\u00ba idioma mais falado do mundo"}]},{"@type":"WebSite","@id":"https:\/\/jornalfatosenoticias.com.br\/#website","url":"https:\/\/jornalfatosenoticias.com.br\/","name":"Jornal Fatos e Not\u00edcias","description":"Not\u00edcias em geral","publisher":{"@id":"https:\/\/jornalfatosenoticias.com.br\/#organization"},"potentialAction":[{"@type":"SearchAction","target":{"@type":"EntryPoint","urlTemplate":"https:\/\/jornalfatosenoticias.com.br\/?s={search_term_string}"},"query-input":{"@type":"PropertyValueSpecification","valueRequired":true,"valueName":"search_term_string"}}],"inLanguage":"pt-BR"},{"@type":"Organization","@id":"https:\/\/jornalfatosenoticias.com.br\/#organization","name":"Jornal Fatos e Not\u00edcias","url":"https:\/\/jornalfatosenoticias.com.br\/","logo":{"@type":"ImageObject","inLanguage":"pt-BR","@id":"https:\/\/jornalfatosenoticias.com.br\/#\/schema\/logo\/image\/","url":"https:\/\/jornalfatosenoticias.com.br\/wp-content\/uploads\/2020\/02\/logo120.png","contentUrl":"https:\/\/jornalfatosenoticias.com.br\/wp-content\/uploads\/2020\/02\/logo120.png","width":1227,"height":120,"caption":"Jornal Fatos e Not\u00edcias"},"image":{"@id":"https:\/\/jornalfatosenoticias.com.br\/#\/schema\/logo\/image\/"}},{"@type":"Person","@id":"https:\/\/jornalfatosenoticias.com.br\/#\/schema\/person\/d63837fa13ac8666eb9e74e0985d6f81","name":"Luzimara Fernandes","image":{"@type":"ImageObject","inLanguage":"pt-BR","@id":"https:\/\/jornalfatosenoticias.com.br\/#\/schema\/person\/image\/","url":"https:\/\/jornalfatosenoticias.com.br\/wp-content\/uploads\/2025\/05\/EU_portal.jpg","contentUrl":"https:\/\/jornalfatosenoticias.com.br\/wp-content\/uploads\/2025\/05\/EU_portal.jpg","caption":"Luzimara Fernandes"},"description":"Jornalista MTB 2358-ES","sameAs":["https:\/\/jornalfatosenoticias.com.br"],"url":"https:\/\/jornalfatosenoticias.com.br\/index.php\/author\/luzimara\/"}]}},"cc_featured_image_caption":{"caption_text":"(Foto: Rovena Rosa\/Ag\u00eancia Brasil)","source_text":"","source_url":""},"jetpack_featured_media_url":"https:\/\/jornalfatosenoticias.com.br\/wp-content\/uploads\/2020\/05\/lingua-portuguesa-rvrsa_abr.jpg","_links":{"self":[{"href":"https:\/\/jornalfatosenoticias.com.br\/index.php\/wp-json\/wp\/v2\/posts\/4026","targetHints":{"allow":["GET"]}}],"collection":[{"href":"https:\/\/jornalfatosenoticias.com.br\/index.php\/wp-json\/wp\/v2\/posts"}],"about":[{"href":"https:\/\/jornalfatosenoticias.com.br\/index.php\/wp-json\/wp\/v2\/types\/post"}],"author":[{"embeddable":true,"href":"https:\/\/jornalfatosenoticias.com.br\/index.php\/wp-json\/wp\/v2\/users\/2"}],"replies":[{"embeddable":true,"href":"https:\/\/jornalfatosenoticias.com.br\/index.php\/wp-json\/wp\/v2\/comments?post=4026"}],"version-history":[{"count":0,"href":"https:\/\/jornalfatosenoticias.com.br\/index.php\/wp-json\/wp\/v2\/posts\/4026\/revisions"}],"wp:featuredmedia":[{"embeddable":true,"href":"https:\/\/jornalfatosenoticias.com.br\/index.php\/wp-json\/wp\/v2\/media\/4027"}],"wp:attachment":[{"href":"https:\/\/jornalfatosenoticias.com.br\/index.php\/wp-json\/wp\/v2\/media?parent=4026"}],"wp:term":[{"taxonomy":"category","embeddable":true,"href":"https:\/\/jornalfatosenoticias.com.br\/index.php\/wp-json\/wp\/v2\/categories?post=4026"},{"taxonomy":"post_tag","embeddable":true,"href":"https:\/\/jornalfatosenoticias.com.br\/index.php\/wp-json\/wp\/v2\/tags?post=4026"}],"curies":[{"name":"wp","href":"https:\/\/api.w.org\/{rel}","templated":true}]}}