{"id":40286,"date":"2023-04-03T15:36:13","date_gmt":"2023-04-03T18:36:13","guid":{"rendered":"https:\/\/jornalfatosenoticias.com.br\/?p=40286"},"modified":"2023-04-03T15:36:14","modified_gmt":"2023-04-03T18:36:14","slug":"em-editorial-revista-de-esquerda-ataca-haddad-governo-ja-era","status":"publish","type":"post","link":"https:\/\/jornalfatosenoticias.com.br\/index.php\/2023\/04\/03\/em-editorial-revista-de-esquerda-ataca-haddad-governo-ja-era\/","title":{"rendered":"Em editorial, revista de esquerda ataca Haddad: \u2018Governo j\u00e1 era\u2019"},"content":{"rendered":"\n<p><em><span class=\"has-inline-color has-black-color\">Publica\u00e7\u00e3o defende \u2018derrotar arcabou\u00e7o fiscal\u2019 do ministro da Fazenda<\/span><\/em><\/p>\n\n\n\n<div class=\"wp-block-image\"><figure class=\"aligncenter size-large is-resized\"><img loading=\"lazy\" decoding=\"async\" src=\"https:\/\/jornalfatosenoticias.com.br\/wp-content\/uploads\/2022\/10\/Arte-jornal-Zucchi-600x600_Prancheta-1-1024x1024.jpg\" alt=\"\" class=\"wp-image-34782\" width=\"276\" height=\"276\" srcset=\"https:\/\/jornalfatosenoticias.com.br\/wp-content\/uploads\/2022\/10\/Arte-jornal-Zucchi-600x600_Prancheta-1-1024x1024.jpg 1024w, https:\/\/jornalfatosenoticias.com.br\/wp-content\/uploads\/2022\/10\/Arte-jornal-Zucchi-600x600_Prancheta-1-300x300.jpg 300w, https:\/\/jornalfatosenoticias.com.br\/wp-content\/uploads\/2022\/10\/Arte-jornal-Zucchi-600x600_Prancheta-1-150x150.jpg 150w, https:\/\/jornalfatosenoticias.com.br\/wp-content\/uploads\/2022\/10\/Arte-jornal-Zucchi-600x600_Prancheta-1-768x768.jpg 768w, https:\/\/jornalfatosenoticias.com.br\/wp-content\/uploads\/2022\/10\/Arte-jornal-Zucchi-600x600_Prancheta-1.jpg 1250w\" sizes=\"auto, (max-width: 276px) 100vw, 276px\" \/><\/figure><\/div>\n\n\n\n<p>A revista F\u00f3rum publicou um editorial defendendo \u201cderrotar o arcabou\u00e7o fiscal\u201d, apresentado na semana passada pelo ministro da Fazenda, Fernando Haddad. A publica\u00e7\u00e3o de esquerda afirmou que caso contr\u00e1rio, o governo de Luiz In\u00e1cio Lula da Silva \u201cj\u00e1 era\u201d.<\/p>\n\n\n\n<div class=\"wp-block-image\"><figure class=\"aligncenter size-large is-resized\"><img loading=\"lazy\" decoding=\"async\" src=\"https:\/\/jornalfatosenoticias.com.br\/wp-content\/uploads\/2020\/02\/casa-do-torresmo_portal.jpg\" alt=\"\" class=\"wp-image-34472\" width=\"293\" height=\"293\" srcset=\"https:\/\/jornalfatosenoticias.com.br\/wp-content\/uploads\/2020\/02\/casa-do-torresmo_portal.jpg 300w, https:\/\/jornalfatosenoticias.com.br\/wp-content\/uploads\/2020\/02\/casa-do-torresmo_portal-150x150.jpg 150w\" sizes=\"auto, (max-width: 293px) 100vw, 293px\" \/><\/figure><\/div>\n\n\n\n<blockquote class=\"wp-block-quote is-layout-flow wp-block-quote-is-layout-flow\"><p><span class=\"has-inline-color has-luminous-vivid-orange-color\">Ou derrotamos o tal arcabou\u00e7o fiscal como proposto pelo ministro da Economia, ou o governo Lula j\u00e1 era\u201d, disse, em um trecho. O texto foi publicado no domingo (2).<\/span><\/p><\/blockquote>\n\n\n\n<div class=\"wp-block-image\"><figure class=\"aligncenter size-large is-resized\"><img loading=\"lazy\" decoding=\"async\" src=\"https:\/\/jornalfatosenoticias.com.br\/wp-content\/uploads\/2022\/07\/Logo-Grupo-SEI.jpg\" alt=\"\" class=\"wp-image-31973\" width=\"335\" height=\"176\" srcset=\"https:\/\/jornalfatosenoticias.com.br\/wp-content\/uploads\/2022\/07\/Logo-Grupo-SEI.jpg 713w, https:\/\/jornalfatosenoticias.com.br\/wp-content\/uploads\/2022\/07\/Logo-Grupo-SEI-300x158.jpg 300w\" sizes=\"auto, (max-width: 335px) 100vw, 335px\" \/><\/figure><\/div>\n\n\n\n<p>Conforme o editorial, Lula foi eleito para fazer pol\u00edtica social. \u201cVamos come\u00e7ar do princ\u00edpio: regra fiscal por qu\u00ea? Para quem?\u201d, questionou. \u201c\u00c9 preciso abrir as torneiras. Investir, jogar dinheiro pelo helic\u00f3ptero\u201d.<\/p>\n\n\n\n<div class=\"wp-block-image\"><figure class=\"aligncenter size-large\"><img decoding=\"async\" src=\"https:\/\/jornalfatosenoticias.com.br\/wp-content\/uploads\/2020\/02\/Logomarca-Principal.gif\" alt=\"\" class=\"wp-image-7872\"\/><\/figure><\/div>\n\n\n\n<p>A publica\u00e7\u00e3o citou a presen\u00e7a de Jair Bolsonaro e seus eleitores \u201cfirmes e fortes\u201d, e que, por isso, Lula tem de entregar resultados imediatamente. \u201cN\u00e3o temos um ano para jogar fora\u201d, admitiu.<br>A revista usou o arcabou\u00e7o fiscal para atacar Haddad. <\/p>\n\n\n\n<div class=\"wp-block-image\"><figure class=\"aligncenter size-large\"><img loading=\"lazy\" decoding=\"async\" width=\"300\" height=\"250\" src=\"https:\/\/jornalfatosenoticias.com.br\/wp-content\/uploads\/2022\/02\/FERRARI_MAQUINAS-E-FERRAMENTAS2.jpg\" alt=\"\" class=\"wp-image-27860\"\/><\/figure><\/div>\n\n\n\n<blockquote class=\"wp-block-quote is-layout-flow wp-block-quote-is-layout-flow\"><p><span class=\"has-inline-color has-luminous-vivid-orange-color\">Parece que est\u00e1 confort\u00e1vel demais nesse papel de homem da tesoura, de amigo dos mercados, de chefe da ala respons\u00e1vel de um governo supostamente populista\u201d. Segundo a revista, \u201ca principal tarefa agora \u00e9 derrotar o pacote econ\u00f4mico haddadista\u201d.<\/span><\/p><\/blockquote>\n\n\n\n<div class=\"wp-block-image\"><figure class=\"aligncenter size-large is-resized\"><img loading=\"lazy\" decoding=\"async\" src=\"https:\/\/jornalfatosenoticias.com.br\/wp-content\/uploads\/2023\/03\/nova-logo-Marquetti.jpg\" alt=\"\" class=\"wp-image-40207\" width=\"306\" height=\"205\" srcset=\"https:\/\/jornalfatosenoticias.com.br\/wp-content\/uploads\/2023\/03\/nova-logo-Marquetti.jpg 643w, https:\/\/jornalfatosenoticias.com.br\/wp-content\/uploads\/2023\/03\/nova-logo-Marquetti-300x202.jpg 300w\" sizes=\"auto, (max-width: 306px) 100vw, 306px\" \/><\/figure><\/div>\n\n\n\n<p><strong><em>Fonte:<a href=\"https:\/\/revistaoeste.com\/politica\/em-editorial-revista-de-esquerda-ataca-haddad-governo-ja-era\/\"> Revista Oeste<\/a><\/em><\/strong><\/p>\n","protected":false},"excerpt":{"rendered":"<p>Publica\u00e7\u00e3o defende \u2018derrotar arcabou\u00e7o fiscal\u2019 do ministro da Fazenda A revista F\u00f3rum publicou um editorial defendendo \u201cderrotar o arcabou\u00e7o fiscal\u201d, apresentado na semana passada pelo ministro da Fazenda, Fernando Haddad. A publica\u00e7\u00e3o de esquerda afirmou que caso contr\u00e1rio, o governo de Luiz In\u00e1cio Lula da Silva \u201cj\u00e1 era\u201d. Ou derrotamos o tal arcabou\u00e7o fiscal como [&hellip;]<\/p>\n","protected":false},"author":2,"featured_media":40287,"comment_status":"open","ping_status":"open","sticky":false,"template":"","format":"standard","meta":{"footnotes":""},"categories":[10],"tags":[4968,18155,18156,18851,18343],"class_list":["post-40286","post","type-post","status-publish","format-standard","has-post-thumbnail","hentry","category-politica","tag-esquerda","tag-fernando-haddad","tag-fiasco-economico","tag-fiasco-haddad","tag-governo-lula"],"yoast_head":"<!-- This site is optimized with the Yoast SEO plugin v26.5 - https:\/\/yoast.com\/wordpress\/plugins\/seo\/ -->\n<title>Em editorial, revista de esquerda ataca Haddad: \u2018Governo j\u00e1 era\u2019 - Jornal Fatos e Not\u00edcias<\/title>\n<meta name=\"robots\" content=\"index, follow, max-snippet:-1, max-image-preview:large, max-video-preview:-1\" \/>\n<link rel=\"canonical\" href=\"https:\/\/jornalfatosenoticias.com.br\/index.php\/2023\/04\/03\/em-editorial-revista-de-esquerda-ataca-haddad-governo-ja-era\/\" \/>\n<meta property=\"og:locale\" content=\"pt_BR\" \/>\n<meta property=\"og:type\" content=\"article\" \/>\n<meta property=\"og:title\" content=\"Em editorial, revista de esquerda ataca Haddad: \u2018Governo j\u00e1 era\u2019 - Jornal Fatos e Not\u00edcias\" \/>\n<meta property=\"og:description\" content=\"Publica\u00e7\u00e3o defende \u2018derrotar arcabou\u00e7o fiscal\u2019 do ministro da Fazenda A revista F\u00f3rum publicou um editorial defendendo \u201cderrotar o arcabou\u00e7o fiscal\u201d, apresentado na semana passada pelo ministro da Fazenda, Fernando Haddad. A publica\u00e7\u00e3o de esquerda afirmou que caso contr\u00e1rio, o governo de Luiz In\u00e1cio Lula da Silva \u201cj\u00e1 era\u201d. Ou derrotamos o tal arcabou\u00e7o fiscal como [&hellip;]\" \/>\n<meta property=\"og:url\" content=\"https:\/\/jornalfatosenoticias.com.br\/index.php\/2023\/04\/03\/em-editorial-revista-de-esquerda-ataca-haddad-governo-ja-era\/\" \/>\n<meta property=\"og:site_name\" content=\"Jornal Fatos e Not\u00edcias\" \/>\n<meta property=\"article:published_time\" content=\"2023-04-03T18:36:13+00:00\" \/>\n<meta property=\"article:modified_time\" content=\"2023-04-03T18:36:14+00:00\" \/>\n<meta property=\"og:image\" content=\"https:\/\/jornalfatosenoticias.com.br\/wp-content\/uploads\/2023\/04\/fernando-haddad_gettyimages.jpg\" \/>\n\t<meta property=\"og:image:width\" content=\"1000\" \/>\n\t<meta property=\"og:image:height\" content=\"665\" \/>\n\t<meta property=\"og:image:type\" content=\"image\/jpeg\" \/>\n<meta name=\"author\" content=\"Luzimara Fernandes\" \/>\n<meta name=\"twitter:card\" content=\"summary_large_image\" \/>\n<meta name=\"twitter:label1\" content=\"Escrito por\" \/>\n\t<meta name=\"twitter:data1\" content=\"Luzimara Fernandes\" \/>\n\t<meta name=\"twitter:label2\" content=\"Est. tempo de leitura\" \/>\n\t<meta name=\"twitter:data2\" content=\"1 minuto\" \/>\n<script type=\"application\/ld+json\" class=\"yoast-schema-graph\">{\"@context\":\"https:\/\/schema.org\",\"@graph\":[{\"@type\":\"Article\",\"@id\":\"https:\/\/jornalfatosenoticias.com.br\/index.php\/2023\/04\/03\/em-editorial-revista-de-esquerda-ataca-haddad-governo-ja-era\/#article\",\"isPartOf\":{\"@id\":\"https:\/\/jornalfatosenoticias.com.br\/index.php\/2023\/04\/03\/em-editorial-revista-de-esquerda-ataca-haddad-governo-ja-era\/\"},\"author\":{\"name\":\"Luzimara Fernandes\",\"@id\":\"https:\/\/jornalfatosenoticias.com.br\/#\/schema\/person\/d63837fa13ac8666eb9e74e0985d6f81\"},\"headline\":\"Em editorial, revista de esquerda ataca Haddad: \u2018Governo j\u00e1 era\u2019\",\"datePublished\":\"2023-04-03T18:36:13+00:00\",\"dateModified\":\"2023-04-03T18:36:14+00:00\",\"mainEntityOfPage\":{\"@id\":\"https:\/\/jornalfatosenoticias.com.br\/index.php\/2023\/04\/03\/em-editorial-revista-de-esquerda-ataca-haddad-governo-ja-era\/\"},\"wordCount\":216,\"commentCount\":0,\"publisher\":{\"@id\":\"https:\/\/jornalfatosenoticias.com.br\/#organization\"},\"image\":{\"@id\":\"https:\/\/jornalfatosenoticias.com.br\/index.php\/2023\/04\/03\/em-editorial-revista-de-esquerda-ataca-haddad-governo-ja-era\/#primaryimage\"},\"thumbnailUrl\":\"https:\/\/jornalfatosenoticias.com.br\/wp-content\/uploads\/2023\/04\/fernando-haddad_gettyimages.jpg\",\"keywords\":[\"esquerda\",\"Fernando Haddad\",\"fiasco econ\u00f4mico\",\"fiasco Haddad\",\"governo Lula\"],\"articleSection\":[\"Pol\u00edtica\"],\"inLanguage\":\"pt-BR\",\"potentialAction\":[{\"@type\":\"CommentAction\",\"name\":\"Comment\",\"target\":[\"https:\/\/jornalfatosenoticias.com.br\/index.php\/2023\/04\/03\/em-editorial-revista-de-esquerda-ataca-haddad-governo-ja-era\/#respond\"]}]},{\"@type\":\"WebPage\",\"@id\":\"https:\/\/jornalfatosenoticias.com.br\/index.php\/2023\/04\/03\/em-editorial-revista-de-esquerda-ataca-haddad-governo-ja-era\/\",\"url\":\"https:\/\/jornalfatosenoticias.com.br\/index.php\/2023\/04\/03\/em-editorial-revista-de-esquerda-ataca-haddad-governo-ja-era\/\",\"name\":\"Em editorial, revista de esquerda ataca Haddad: \u2018Governo j\u00e1 era\u2019 - Jornal Fatos e Not\u00edcias\",\"isPartOf\":{\"@id\":\"https:\/\/jornalfatosenoticias.com.br\/#website\"},\"primaryImageOfPage\":{\"@id\":\"https:\/\/jornalfatosenoticias.com.br\/index.php\/2023\/04\/03\/em-editorial-revista-de-esquerda-ataca-haddad-governo-ja-era\/#primaryimage\"},\"image\":{\"@id\":\"https:\/\/jornalfatosenoticias.com.br\/index.php\/2023\/04\/03\/em-editorial-revista-de-esquerda-ataca-haddad-governo-ja-era\/#primaryimage\"},\"thumbnailUrl\":\"https:\/\/jornalfatosenoticias.com.br\/wp-content\/uploads\/2023\/04\/fernando-haddad_gettyimages.jpg\",\"datePublished\":\"2023-04-03T18:36:13+00:00\",\"dateModified\":\"2023-04-03T18:36:14+00:00\",\"breadcrumb\":{\"@id\":\"https:\/\/jornalfatosenoticias.com.br\/index.php\/2023\/04\/03\/em-editorial-revista-de-esquerda-ataca-haddad-governo-ja-era\/#breadcrumb\"},\"inLanguage\":\"pt-BR\",\"potentialAction\":[{\"@type\":\"ReadAction\",\"target\":[\"https:\/\/jornalfatosenoticias.com.br\/index.php\/2023\/04\/03\/em-editorial-revista-de-esquerda-ataca-haddad-governo-ja-era\/\"]}]},{\"@type\":\"ImageObject\",\"inLanguage\":\"pt-BR\",\"@id\":\"https:\/\/jornalfatosenoticias.com.br\/index.php\/2023\/04\/03\/em-editorial-revista-de-esquerda-ataca-haddad-governo-ja-era\/#primaryimage\",\"url\":\"https:\/\/jornalfatosenoticias.com.br\/wp-content\/uploads\/2023\/04\/fernando-haddad_gettyimages.jpg\",\"contentUrl\":\"https:\/\/jornalfatosenoticias.com.br\/wp-content\/uploads\/2023\/04\/fernando-haddad_gettyimages.jpg\",\"width\":1000,\"height\":665,\"caption\":\"Fernando Haddad, Brazil's incoming finance minister, during a press conference at the Bank of Brazil Cultural Center (CCBB) in Brasilia, Brazil, on Friday, Dec. 9, 2022. President-elect Lula picked former Sao Paulo Mayor\u00a0Fernando Haddad\u00a0to head Brazils economy in a sign his leftist Workers Party will have outsize influence in the most crucial decisions of government.\u00a0Photographer: Andressa Anholete\/Bloomberg via Getty Images\"},{\"@type\":\"BreadcrumbList\",\"@id\":\"https:\/\/jornalfatosenoticias.com.br\/index.php\/2023\/04\/03\/em-editorial-revista-de-esquerda-ataca-haddad-governo-ja-era\/#breadcrumb\",\"itemListElement\":[{\"@type\":\"ListItem\",\"position\":1,\"name\":\"In\u00edcio\",\"item\":\"https:\/\/jornalfatosenoticias.com.br\/\"},{\"@type\":\"ListItem\",\"position\":2,\"name\":\"Em editorial, revista de esquerda ataca Haddad: \u2018Governo j\u00e1 era\u2019\"}]},{\"@type\":\"WebSite\",\"@id\":\"https:\/\/jornalfatosenoticias.com.br\/#website\",\"url\":\"https:\/\/jornalfatosenoticias.com.br\/\",\"name\":\"Jornal Fatos e Not\u00edcias\",\"description\":\"Not\u00edcias em geral\",\"publisher\":{\"@id\":\"https:\/\/jornalfatosenoticias.com.br\/#organization\"},\"potentialAction\":[{\"@type\":\"SearchAction\",\"target\":{\"@type\":\"EntryPoint\",\"urlTemplate\":\"https:\/\/jornalfatosenoticias.com.br\/?s={search_term_string}\"},\"query-input\":{\"@type\":\"PropertyValueSpecification\",\"valueRequired\":true,\"valueName\":\"search_term_string\"}}],\"inLanguage\":\"pt-BR\"},{\"@type\":\"Organization\",\"@id\":\"https:\/\/jornalfatosenoticias.com.br\/#organization\",\"name\":\"Jornal Fatos e Not\u00edcias\",\"url\":\"https:\/\/jornalfatosenoticias.com.br\/\",\"logo\":{\"@type\":\"ImageObject\",\"inLanguage\":\"pt-BR\",\"@id\":\"https:\/\/jornalfatosenoticias.com.br\/#\/schema\/logo\/image\/\",\"url\":\"https:\/\/jornalfatosenoticias.com.br\/wp-content\/uploads\/2020\/02\/logo120.png\",\"contentUrl\":\"https:\/\/jornalfatosenoticias.com.br\/wp-content\/uploads\/2020\/02\/logo120.png\",\"width\":1227,\"height\":120,\"caption\":\"Jornal Fatos e Not\u00edcias\"},\"image\":{\"@id\":\"https:\/\/jornalfatosenoticias.com.br\/#\/schema\/logo\/image\/\"}},{\"@type\":\"Person\",\"@id\":\"https:\/\/jornalfatosenoticias.com.br\/#\/schema\/person\/d63837fa13ac8666eb9e74e0985d6f81\",\"name\":\"Luzimara Fernandes\",\"image\":{\"@type\":\"ImageObject\",\"inLanguage\":\"pt-BR\",\"@id\":\"https:\/\/jornalfatosenoticias.com.br\/#\/schema\/person\/image\/\",\"url\":\"https:\/\/jornalfatosenoticias.com.br\/wp-content\/uploads\/2025\/05\/EU_portal.jpg\",\"contentUrl\":\"https:\/\/jornalfatosenoticias.com.br\/wp-content\/uploads\/2025\/05\/EU_portal.jpg\",\"caption\":\"Luzimara Fernandes\"},\"description\":\"Jornalista MTB 2358-ES\",\"sameAs\":[\"https:\/\/jornalfatosenoticias.com.br\"],\"url\":\"https:\/\/jornalfatosenoticias.com.br\/index.php\/author\/luzimara\/\"}]}<\/script>\n<!-- \/ Yoast SEO plugin. -->","yoast_head_json":{"title":"Em editorial, revista de esquerda ataca Haddad: \u2018Governo j\u00e1 era\u2019 - Jornal Fatos e Not\u00edcias","robots":{"index":"index","follow":"follow","max-snippet":"max-snippet:-1","max-image-preview":"max-image-preview:large","max-video-preview":"max-video-preview:-1"},"canonical":"https:\/\/jornalfatosenoticias.com.br\/index.php\/2023\/04\/03\/em-editorial-revista-de-esquerda-ataca-haddad-governo-ja-era\/","og_locale":"pt_BR","og_type":"article","og_title":"Em editorial, revista de esquerda ataca Haddad: \u2018Governo j\u00e1 era\u2019 - Jornal Fatos e Not\u00edcias","og_description":"Publica\u00e7\u00e3o defende \u2018derrotar arcabou\u00e7o fiscal\u2019 do ministro da Fazenda A revista F\u00f3rum publicou um editorial defendendo \u201cderrotar o arcabou\u00e7o fiscal\u201d, apresentado na semana passada pelo ministro da Fazenda, Fernando Haddad. A publica\u00e7\u00e3o de esquerda afirmou que caso contr\u00e1rio, o governo de Luiz In\u00e1cio Lula da Silva \u201cj\u00e1 era\u201d. Ou derrotamos o tal arcabou\u00e7o fiscal como [&hellip;]","og_url":"https:\/\/jornalfatosenoticias.com.br\/index.php\/2023\/04\/03\/em-editorial-revista-de-esquerda-ataca-haddad-governo-ja-era\/","og_site_name":"Jornal Fatos e Not\u00edcias","article_published_time":"2023-04-03T18:36:13+00:00","article_modified_time":"2023-04-03T18:36:14+00:00","og_image":[{"width":1000,"height":665,"url":"https:\/\/jornalfatosenoticias.com.br\/wp-content\/uploads\/2023\/04\/fernando-haddad_gettyimages.jpg","type":"image\/jpeg"}],"author":"Luzimara Fernandes","twitter_card":"summary_large_image","twitter_misc":{"Escrito por":"Luzimara Fernandes","Est. tempo de leitura":"1 minuto"},"schema":{"@context":"https:\/\/schema.org","@graph":[{"@type":"Article","@id":"https:\/\/jornalfatosenoticias.com.br\/index.php\/2023\/04\/03\/em-editorial-revista-de-esquerda-ataca-haddad-governo-ja-era\/#article","isPartOf":{"@id":"https:\/\/jornalfatosenoticias.com.br\/index.php\/2023\/04\/03\/em-editorial-revista-de-esquerda-ataca-haddad-governo-ja-era\/"},"author":{"name":"Luzimara Fernandes","@id":"https:\/\/jornalfatosenoticias.com.br\/#\/schema\/person\/d63837fa13ac8666eb9e74e0985d6f81"},"headline":"Em editorial, revista de esquerda ataca Haddad: \u2018Governo j\u00e1 era\u2019","datePublished":"2023-04-03T18:36:13+00:00","dateModified":"2023-04-03T18:36:14+00:00","mainEntityOfPage":{"@id":"https:\/\/jornalfatosenoticias.com.br\/index.php\/2023\/04\/03\/em-editorial-revista-de-esquerda-ataca-haddad-governo-ja-era\/"},"wordCount":216,"commentCount":0,"publisher":{"@id":"https:\/\/jornalfatosenoticias.com.br\/#organization"},"image":{"@id":"https:\/\/jornalfatosenoticias.com.br\/index.php\/2023\/04\/03\/em-editorial-revista-de-esquerda-ataca-haddad-governo-ja-era\/#primaryimage"},"thumbnailUrl":"https:\/\/jornalfatosenoticias.com.br\/wp-content\/uploads\/2023\/04\/fernando-haddad_gettyimages.jpg","keywords":["esquerda","Fernando Haddad","fiasco econ\u00f4mico","fiasco Haddad","governo Lula"],"articleSection":["Pol\u00edtica"],"inLanguage":"pt-BR","potentialAction":[{"@type":"CommentAction","name":"Comment","target":["https:\/\/jornalfatosenoticias.com.br\/index.php\/2023\/04\/03\/em-editorial-revista-de-esquerda-ataca-haddad-governo-ja-era\/#respond"]}]},{"@type":"WebPage","@id":"https:\/\/jornalfatosenoticias.com.br\/index.php\/2023\/04\/03\/em-editorial-revista-de-esquerda-ataca-haddad-governo-ja-era\/","url":"https:\/\/jornalfatosenoticias.com.br\/index.php\/2023\/04\/03\/em-editorial-revista-de-esquerda-ataca-haddad-governo-ja-era\/","name":"Em editorial, revista de esquerda ataca Haddad: \u2018Governo j\u00e1 era\u2019 - Jornal Fatos e Not\u00edcias","isPartOf":{"@id":"https:\/\/jornalfatosenoticias.com.br\/#website"},"primaryImageOfPage":{"@id":"https:\/\/jornalfatosenoticias.com.br\/index.php\/2023\/04\/03\/em-editorial-revista-de-esquerda-ataca-haddad-governo-ja-era\/#primaryimage"},"image":{"@id":"https:\/\/jornalfatosenoticias.com.br\/index.php\/2023\/04\/03\/em-editorial-revista-de-esquerda-ataca-haddad-governo-ja-era\/#primaryimage"},"thumbnailUrl":"https:\/\/jornalfatosenoticias.com.br\/wp-content\/uploads\/2023\/04\/fernando-haddad_gettyimages.jpg","datePublished":"2023-04-03T18:36:13+00:00","dateModified":"2023-04-03T18:36:14+00:00","breadcrumb":{"@id":"https:\/\/jornalfatosenoticias.com.br\/index.php\/2023\/04\/03\/em-editorial-revista-de-esquerda-ataca-haddad-governo-ja-era\/#breadcrumb"},"inLanguage":"pt-BR","potentialAction":[{"@type":"ReadAction","target":["https:\/\/jornalfatosenoticias.com.br\/index.php\/2023\/04\/03\/em-editorial-revista-de-esquerda-ataca-haddad-governo-ja-era\/"]}]},{"@type":"ImageObject","inLanguage":"pt-BR","@id":"https:\/\/jornalfatosenoticias.com.br\/index.php\/2023\/04\/03\/em-editorial-revista-de-esquerda-ataca-haddad-governo-ja-era\/#primaryimage","url":"https:\/\/jornalfatosenoticias.com.br\/wp-content\/uploads\/2023\/04\/fernando-haddad_gettyimages.jpg","contentUrl":"https:\/\/jornalfatosenoticias.com.br\/wp-content\/uploads\/2023\/04\/fernando-haddad_gettyimages.jpg","width":1000,"height":665,"caption":"Fernando Haddad, Brazil's incoming finance minister, during a press conference at the Bank of Brazil Cultural Center (CCBB) in Brasilia, Brazil, on Friday, Dec. 9, 2022. President-elect Lula picked former Sao Paulo Mayor\u00a0Fernando Haddad\u00a0to head Brazils economy in a sign his leftist Workers Party will have outsize influence in the most crucial decisions of government.\u00a0Photographer: Andressa Anholete\/Bloomberg via Getty Images"},{"@type":"BreadcrumbList","@id":"https:\/\/jornalfatosenoticias.com.br\/index.php\/2023\/04\/03\/em-editorial-revista-de-esquerda-ataca-haddad-governo-ja-era\/#breadcrumb","itemListElement":[{"@type":"ListItem","position":1,"name":"In\u00edcio","item":"https:\/\/jornalfatosenoticias.com.br\/"},{"@type":"ListItem","position":2,"name":"Em editorial, revista de esquerda ataca Haddad: \u2018Governo j\u00e1 era\u2019"}]},{"@type":"WebSite","@id":"https:\/\/jornalfatosenoticias.com.br\/#website","url":"https:\/\/jornalfatosenoticias.com.br\/","name":"Jornal Fatos e Not\u00edcias","description":"Not\u00edcias em geral","publisher":{"@id":"https:\/\/jornalfatosenoticias.com.br\/#organization"},"potentialAction":[{"@type":"SearchAction","target":{"@type":"EntryPoint","urlTemplate":"https:\/\/jornalfatosenoticias.com.br\/?s={search_term_string}"},"query-input":{"@type":"PropertyValueSpecification","valueRequired":true,"valueName":"search_term_string"}}],"inLanguage":"pt-BR"},{"@type":"Organization","@id":"https:\/\/jornalfatosenoticias.com.br\/#organization","name":"Jornal Fatos e Not\u00edcias","url":"https:\/\/jornalfatosenoticias.com.br\/","logo":{"@type":"ImageObject","inLanguage":"pt-BR","@id":"https:\/\/jornalfatosenoticias.com.br\/#\/schema\/logo\/image\/","url":"https:\/\/jornalfatosenoticias.com.br\/wp-content\/uploads\/2020\/02\/logo120.png","contentUrl":"https:\/\/jornalfatosenoticias.com.br\/wp-content\/uploads\/2020\/02\/logo120.png","width":1227,"height":120,"caption":"Jornal Fatos e Not\u00edcias"},"image":{"@id":"https:\/\/jornalfatosenoticias.com.br\/#\/schema\/logo\/image\/"}},{"@type":"Person","@id":"https:\/\/jornalfatosenoticias.com.br\/#\/schema\/person\/d63837fa13ac8666eb9e74e0985d6f81","name":"Luzimara Fernandes","image":{"@type":"ImageObject","inLanguage":"pt-BR","@id":"https:\/\/jornalfatosenoticias.com.br\/#\/schema\/person\/image\/","url":"https:\/\/jornalfatosenoticias.com.br\/wp-content\/uploads\/2025\/05\/EU_portal.jpg","contentUrl":"https:\/\/jornalfatosenoticias.com.br\/wp-content\/uploads\/2025\/05\/EU_portal.jpg","caption":"Luzimara Fernandes"},"description":"Jornalista MTB 2358-ES","sameAs":["https:\/\/jornalfatosenoticias.com.br"],"url":"https:\/\/jornalfatosenoticias.com.br\/index.php\/author\/luzimara\/"}]}},"cc_featured_image_caption":{"caption_text":"(Foto: Getty Images)","source_text":"","source_url":""},"jetpack_featured_media_url":"https:\/\/jornalfatosenoticias.com.br\/wp-content\/uploads\/2023\/04\/fernando-haddad_gettyimages.jpg","_links":{"self":[{"href":"https:\/\/jornalfatosenoticias.com.br\/index.php\/wp-json\/wp\/v2\/posts\/40286","targetHints":{"allow":["GET"]}}],"collection":[{"href":"https:\/\/jornalfatosenoticias.com.br\/index.php\/wp-json\/wp\/v2\/posts"}],"about":[{"href":"https:\/\/jornalfatosenoticias.com.br\/index.php\/wp-json\/wp\/v2\/types\/post"}],"author":[{"embeddable":true,"href":"https:\/\/jornalfatosenoticias.com.br\/index.php\/wp-json\/wp\/v2\/users\/2"}],"replies":[{"embeddable":true,"href":"https:\/\/jornalfatosenoticias.com.br\/index.php\/wp-json\/wp\/v2\/comments?post=40286"}],"version-history":[{"count":0,"href":"https:\/\/jornalfatosenoticias.com.br\/index.php\/wp-json\/wp\/v2\/posts\/40286\/revisions"}],"wp:featuredmedia":[{"embeddable":true,"href":"https:\/\/jornalfatosenoticias.com.br\/index.php\/wp-json\/wp\/v2\/media\/40287"}],"wp:attachment":[{"href":"https:\/\/jornalfatosenoticias.com.br\/index.php\/wp-json\/wp\/v2\/media?parent=40286"}],"wp:term":[{"taxonomy":"category","embeddable":true,"href":"https:\/\/jornalfatosenoticias.com.br\/index.php\/wp-json\/wp\/v2\/categories?post=40286"},{"taxonomy":"post_tag","embeddable":true,"href":"https:\/\/jornalfatosenoticias.com.br\/index.php\/wp-json\/wp\/v2\/tags?post=40286"}],"curies":[{"name":"wp","href":"https:\/\/api.w.org\/{rel}","templated":true}]}}