{"id":40373,"date":"2023-04-06T11:48:18","date_gmt":"2023-04-06T14:48:18","guid":{"rendered":"https:\/\/jornalfatosenoticias.com.br\/?p=40373"},"modified":"2023-04-06T11:48:19","modified_gmt":"2023-04-06T14:48:19","slug":"os-scem-dias-de-pt","status":"publish","type":"post","link":"https:\/\/jornalfatosenoticias.com.br\/index.php\/2023\/04\/06\/os-scem-dias-de-pt\/","title":{"rendered":"Os (s)cem dias de PT"},"content":{"rendered":"\n<p><em><span class=\"has-inline-color has-black-color\">Valeu a pena sacrificar novamente uma gera\u00e7\u00e3o em prol de uma ideologia fracassada desde a sua idealiza\u00e7\u00e3o, que n\u00e3o deu certo em lugar nenhum do planeta, pelo contr\u00e1rio, sepultou gera\u00e7\u00f5es, matou milh\u00f5es e levou \u00e0 mis\u00e9ria outros milhares?<\/span><\/em><\/p>\n\n\n\n<div class=\"wp-block-image\"><figure class=\"aligncenter size-large\"><img decoding=\"async\" src=\"https:\/\/jornalfatosenoticias.com.br\/wp-content\/uploads\/2020\/02\/Serra-Grande-1024x160.png\" alt=\"\" class=\"wp-image-7836\"\/><\/figure><\/div>\n\n\n\n<p>Parece pesadelo, mas \u00e9 real, o Brasil est\u00e1 ladeira abaixo. Acredito que nem nos piores sonhos imagin\u00e1vamos um governo t\u00e3o desastroso. N\u00e3o \u00e9 pra menos, pois a mentira \u00e9 o carro-chefe e a incompet\u00eancia, a locomotiva que puxa a lamban\u00e7a desses quase cem dias petistas.<br>Interroga\u00e7\u00f5es n\u00e3o faltam e projetos, esses, nem no papel. A estagna\u00e7\u00e3o, em todas as \u00e1reas, \u00e9 total. Notem que tudo nesse grupo \u00e9 suspeito. \u00c9 ministro da Justi\u00e7a subindo favela do Rio de janeiro, controlada por fac\u00e7\u00e3o criminosas, sem refor\u00e7o na seguran\u00e7a; \u00e9 cria\u00e7\u00e3o desordenada de minist\u00e9rios para atender partidos de apoio (moeda de troca); fake news jogadas ao ventilador pelo propagador da cervejinha e da picanha\u2026 todo tipo de artif\u00edcios e bizarrices usados para enganar \u2014 os j\u00e1 ludibriados e vulner\u00e1veis \u2014 eles utilizam com a cara de pau de sempre. \u00d3leo de peroba deve ser o creme de barbear da trupe receitado, \u00e9 claro, pelo mentiroso-mor, Lula da Silva.<\/p>\n\n\n\n<div class=\"wp-block-image\"><figure class=\"aligncenter size-large\"><img loading=\"lazy\" decoding=\"async\" width=\"300\" height=\"300\" src=\"https:\/\/jornalfatosenoticias.com.br\/wp-content\/uploads\/2020\/02\/casa-do-torresmo_portal.jpg\" alt=\"\" class=\"wp-image-34472\" srcset=\"https:\/\/jornalfatosenoticias.com.br\/wp-content\/uploads\/2020\/02\/casa-do-torresmo_portal.jpg 300w, https:\/\/jornalfatosenoticias.com.br\/wp-content\/uploads\/2020\/02\/casa-do-torresmo_portal-150x150.jpg 150w\" sizes=\"auto, (max-width: 300px) 100vw, 300px\" \/><\/figure><\/div>\n\n\n\n<p>A situa\u00e7\u00e3o \u00e9 t\u00e3o cr\u00edtica, para dizer o m\u00ednimo, que a \u00fanica \u2018obra\u2019 realizada at\u00e9 agora foi o letreiro do decr\u00e9pito Minist\u00e9rio da Cultura. Seria c\u00f4mico, se n\u00e3o fosse tr\u00e1gico. O descaso com o patrim\u00f4nio p\u00fablico \u00e9 vis\u00edvel e not\u00f3rio e, pior, sem ativismo nenhum do Poder Judici\u00e1rio, como ocorreu no governo do ex-presidente Jair Bolsonaro. Vejam o caso do ministro das Comunica\u00e7\u00f5es, Juscelino Filho, que h\u00e1 poucas semanas, a imprensa comprometida com a verdade, noticiou que ele usou, indevidamente, uma aeronave da For\u00e7a A\u00e9rea Brasileira (FAB), com direito a di\u00e1rias alt\u00edssimas, para participar de leil\u00f5es de cavalos de ra\u00e7a que chegam a custar mais de R$ 1 milh\u00e3o.<\/p>\n\n\n\n<div class=\"wp-block-image\"><figure class=\"aligncenter size-large\"><img decoding=\"async\" src=\"https:\/\/jornalfatosenoticias.com.br\/wp-content\/uploads\/2020\/02\/logo_esteio.jpg\" alt=\"\" class=\"wp-image-1214\"\/><\/figure><\/div>\n\n\n\n<p>O Brasil, ou melhor, o mundo, est\u00e1 de ponta cabe\u00e7a. Estudantes universit\u00e1rios norte-americanos participando de palestras do ministro Lu\u00eds Roberto Barroso, com temas como Liberdade de Express\u00e3o, \u201cCredibilidade do Judici\u00e1rio\u201d e Resist\u00eancia Democr\u00e1tica. Quanta hipocrisia somada \u00e0 cegueira.<\/p>\n\n\n\n<div class=\"wp-block-image\"><figure class=\"aligncenter size-large\"><img loading=\"lazy\" decoding=\"async\" width=\"875\" height=\"1024\" src=\"https:\/\/jornalfatosenoticias.com.br\/wp-content\/uploads\/2023\/04\/tweet-carla-zambelli-875x1024.png\" alt=\"\" class=\"wp-image-40374\" srcset=\"https:\/\/jornalfatosenoticias.com.br\/wp-content\/uploads\/2023\/04\/tweet-carla-zambelli-875x1024.png 875w, https:\/\/jornalfatosenoticias.com.br\/wp-content\/uploads\/2023\/04\/tweet-carla-zambelli-256x300.png 256w, https:\/\/jornalfatosenoticias.com.br\/wp-content\/uploads\/2023\/04\/tweet-carla-zambelli-768x899.png 768w, https:\/\/jornalfatosenoticias.com.br\/wp-content\/uploads\/2023\/04\/tweet-carla-zambelli.png 1000w\" sizes=\"auto, (max-width: 875px) 100vw, 875px\" \/><figcaption><em><span class=\"has-inline-color has-black-color\">(Foto: Twitter Carla Zambelli)<\/span><\/em><\/figcaption><\/figure><\/div>\n\n\n\n<div class=\"wp-block-image\"><figure class=\"aligncenter size-large\"><img loading=\"lazy\" decoding=\"async\" width=\"300\" height=\"250\" src=\"https:\/\/jornalfatosenoticias.com.br\/wp-content\/uploads\/2022\/08\/arte-Casarao.jpg\" alt=\"\" class=\"wp-image-33178\"\/><\/figure><\/div>\n\n\n\n<p>No campo econ\u00f4mico, tentam, a todo custo desmerecer, a pol\u00edtica de controle dos juros do presidente do Banco Central, Campos Neto. Dentro desse contexto, foi muito interessante o debate entre os senadores Randolfe Rodrigues (Rede\/AP) e Rog\u00e9rio Marinho (PL\/RN) no programa CNN Dois Lados, quando Randolfe Rodrigues afirmou que o atual governo herdou a alta taxa de 13,75% do governo anterior e em seguida o senador Rog\u00e9rio Marinho convidou o senador a estudar mais a hist\u00f3ria econ\u00f4mica do Pa\u00eds.<\/p>\n\n\n\n<div class=\"wp-block-image\"><figure class=\"aligncenter size-large is-resized\"><img loading=\"lazy\" decoding=\"async\" src=\"https:\/\/jornalfatosenoticias.com.br\/wp-content\/uploads\/2022\/08\/logo-locau-veiculos-1024x573.png\" alt=\"\" class=\"wp-image-33078\" width=\"341\" height=\"190\"\/><\/figure><\/div>\n\n\n\n<p>\u201cConvido o senador Randolfe a estudar a hist\u00f3ria econ\u00f4mica do Brasil. O Lula, quando chegou ao governo, no seu primeiro mandato, atrav\u00e9s do ministro Henrique Meirelles aumentou a taxa de juros para mais de 26% ao ano e, na \u00e9poca \u2014 com o descontrole e o gasto excessivo e irrespons\u00e1vel do ent\u00e3o governo que hoje pretende implementar [a mesma pol\u00edtica econ\u00f4mica] \u2014 chegou a 46% ao ano. Precisamos voltar aos livros de hist\u00f3ria para verificar que os erros que foram cometidos anteriormente est\u00e3o voltando com muita for\u00e7a agora\u201d.<\/p>\n\n\n\n<div class=\"wp-block-image\"><figure class=\"aligncenter size-large is-resized\"><img loading=\"lazy\" decoding=\"async\" src=\"https:\/\/jornalfatosenoticias.com.br\/wp-content\/uploads\/2023\/03\/logo-Panper_portal.jpg\" alt=\"\" class=\"wp-image-40208\" width=\"377\" height=\"261\" srcset=\"https:\/\/jornalfatosenoticias.com.br\/wp-content\/uploads\/2023\/03\/logo-Panper_portal.jpg 400w, https:\/\/jornalfatosenoticias.com.br\/wp-content\/uploads\/2023\/03\/logo-Panper_portal-300x208.jpg 300w\" sizes=\"auto, (max-width: 377px) 100vw, 377px\" \/><\/figure><\/div>\n\n\n\n<p>No campo internacional, qual a justificativa de usar dinheiro do Banco Nacional de Desenvolvimento Econ\u00f4mico (BNDES) em pa\u00edses falidos, que t\u00eam \u00e0 frente presidentes populistas e autorit\u00e1rios como Nicol\u00e1s Maduro (Venezuela); Daniel Ortega (Nicar\u00e1gua), o perseguidor de religiosos e Alberto Fern\u00e1ndez que colocou mais da metade da popula\u00e7\u00e3o Argentina abaixo da linha de pobreza, amargando 100% de infla\u00e7\u00e3o? E o que dizer de Cuba? Sem coment\u00e1rios.<\/p>\n\n\n\n<div class=\"wp-block-image\"><figure class=\"aligncenter size-large is-resized\"><img loading=\"lazy\" decoding=\"async\" src=\"https:\/\/jornalfatosenoticias.com.br\/wp-content\/uploads\/2022\/10\/RC_800x750_page-0001.jpg\" alt=\"\" class=\"wp-image-35338\" width=\"301\" height=\"282\" srcset=\"https:\/\/jornalfatosenoticias.com.br\/wp-content\/uploads\/2022\/10\/RC_800x750_page-0001.jpg 400w, https:\/\/jornalfatosenoticias.com.br\/wp-content\/uploads\/2022\/10\/RC_800x750_page-0001-300x281.jpg 300w\" sizes=\"auto, (max-width: 301px) 100vw, 301px\" \/><\/figure><\/div>\n\n\n\n<p>Em contrapartida, o \u2018rei\u2019 da picanha e da cervejinha quer cobrar R$ 77,6 milh\u00f5es da popula\u00e7\u00e3o paraibana por uso das \u00e1guas da transposi\u00e7\u00e3o do Rio S\u00e3o Francisco. Que falta faz a equipe de Bolsonaro!<\/p>\n\n\n\n<div class=\"wp-block-image\"><figure class=\"aligncenter size-large\"><img loading=\"lazy\" decoding=\"async\" width=\"559\" height=\"584\" src=\"https:\/\/jornalfatosenoticias.com.br\/wp-content\/uploads\/2023\/04\/haddad_taxacoes.png\" alt=\"\" class=\"wp-image-40375\" srcset=\"https:\/\/jornalfatosenoticias.com.br\/wp-content\/uploads\/2023\/04\/haddad_taxacoes.png 559w, https:\/\/jornalfatosenoticias.com.br\/wp-content\/uploads\/2023\/04\/haddad_taxacoes-287x300.png 287w\" sizes=\"auto, (max-width: 559px) 100vw, 559px\" \/><figcaption><em><span class=\"has-inline-color has-black-color\">(Foto: Reprodu\u00e7\u00e3o Internet)<\/span><\/em><\/figcaption><\/figure><\/div>\n\n\n\n<p>Sem d\u00f3 nem piedade, o desgoverno tem como prop\u00f3sito aumentar a arrecada\u00e7\u00e3o do Estado, mesmo que, para isso, sacrifique o seu eleitorado. As coisas n\u00e3o param de aumentar de pre\u00e7os. A cesta b\u00e1sica, as tarifas, os impostos est\u00e3o sendo novamente planilhados pelas empresas, postagens dos correios tiveram 5,4% nas tarifas, ou seja, economicamente, estamos indo de mal a pior.<br>Falar dos Correios e n\u00e3o lembr\u00e1-los do rombo da quadrilha colocada por Lula no Fundo de Pens\u00e3o dos Funcion\u00e1rios dos Correios (Postalis), n\u00e3o seria correto da minha parte. Segundo a revista Veja, em 2015, a Opera\u00e7\u00e3o Postimus apurou desvios de cerca de US$ 20 milh\u00f5es (R$ 100 milh\u00f5es) em opera\u00e7\u00f5es financeiras no Postalis, que at\u00e9 hoje os carteiros trabalham para cobrir o rombo.<\/p>\n\n\n\n<div class=\"wp-block-image\"><figure class=\"aligncenter size-large is-resized\"><img loading=\"lazy\" decoding=\"async\" src=\"https:\/\/jornalfatosenoticias.com.br\/wp-content\/uploads\/2022\/02\/Precisao-Contabilidade-1024x724.jpg\" alt=\"\" class=\"wp-image-28088\" width=\"350\" height=\"247\"\/><\/figure><\/div>\n\n\n\n<p>N\u00e3o tenho como elencar todas as $%&amp;+##@ dos (s)cem dias petistas, a verdade \u00e9 que est\u00e1vamos nadando de bra\u00e7adas, tanto que finalizo com uma postagem do ex-ministro de Minas e Energia, do governo Bolsonaro, Adolfo Sachsida, em seu Instagram \u201co tempo vai passando e a verdade vai aparecendo. Os dados s\u00e3o muito claros: a pol\u00edtica econ\u00f4mica adotada no per\u00edodo 2019-22 reduziu a pobreza, o desemprego e a infla\u00e7\u00e3o e aumentou o investimento privado, a renda e a produtividade. Reformas micro importam!\u201d.<\/p>\n\n\n\n<div class=\"wp-block-image\"><figure class=\"aligncenter size-large is-resized\"><img loading=\"lazy\" decoding=\"async\" src=\"https:\/\/jornalfatosenoticias.com.br\/wp-content\/uploads\/2022\/10\/Arte-jornal-Zucchi-600x600_Prancheta-1-1024x1024.jpg\" alt=\"\" class=\"wp-image-34782\" width=\"284\" height=\"284\" srcset=\"https:\/\/jornalfatosenoticias.com.br\/wp-content\/uploads\/2022\/10\/Arte-jornal-Zucchi-600x600_Prancheta-1-1024x1024.jpg 1024w, https:\/\/jornalfatosenoticias.com.br\/wp-content\/uploads\/2022\/10\/Arte-jornal-Zucchi-600x600_Prancheta-1-300x300.jpg 300w, https:\/\/jornalfatosenoticias.com.br\/wp-content\/uploads\/2022\/10\/Arte-jornal-Zucchi-600x600_Prancheta-1-150x150.jpg 150w, https:\/\/jornalfatosenoticias.com.br\/wp-content\/uploads\/2022\/10\/Arte-jornal-Zucchi-600x600_Prancheta-1-768x768.jpg 768w, https:\/\/jornalfatosenoticias.com.br\/wp-content\/uploads\/2022\/10\/Arte-jornal-Zucchi-600x600_Prancheta-1.jpg 1250w\" sizes=\"auto, (max-width: 284px) 100vw, 284px\" \/><\/figure><\/div>\n\n\n\n<p>Para quem pagou pra ver as desordens e corrup\u00e7\u00e3o \u2014 provadas e comprovadas \u2014 das gest\u00f5es petistas, fica a reflex\u00e3o. Valeu a pena sacrificar novamente uma gera\u00e7\u00e3o em prol de uma ideologia fracassada desde a sua idealiza\u00e7\u00e3o, que n\u00e3o deu certo em lugar nenhum do planeta, pelo contr\u00e1rio, sepultou gera\u00e7\u00f5es, matou milh\u00f5es e levou \u00e0 mis\u00e9ria outros milhares?<br>At\u00e9 a pr\u00f3xima!<\/p>\n","protected":false},"excerpt":{"rendered":"<p>Valeu a pena sacrificar novamente uma gera\u00e7\u00e3o em prol de uma ideologia fracassada desde a sua idealiza\u00e7\u00e3o, que n\u00e3o deu certo em lugar nenhum do planeta, pelo contr\u00e1rio, sepultou gera\u00e7\u00f5es, matou milh\u00f5es e levou \u00e0 mis\u00e9ria outros milhares? Parece pesadelo, mas \u00e9 real, o Brasil est\u00e1 ladeira abaixo. Acredito que nem nos piores sonhos imagin\u00e1vamos [&hellip;]<\/p>\n","protected":false},"author":3,"featured_media":40376,"comment_status":"open","ping_status":"open","sticky":false,"template":"","format":"standard","meta":{"footnotes":""},"categories":[10],"tags":[18920,18156,18922,18921,7580,13186,18505],"class_list":["post-40373","post","type-post","status-publish","format-standard","has-post-thumbnail","hentry","category-politica","tag-100-dias-de-desgoverno-pt","tag-fiasco-economico","tag-fiasco-politico","tag-haddad","tag-lula","tag-pt","tag-tragedia-economica"],"yoast_head":"<!-- This site is optimized with the Yoast SEO plugin v26.5 - https:\/\/yoast.com\/wordpress\/plugins\/seo\/ -->\n<title>Os (s)cem dias de PT - Jornal Fatos e Not\u00edcias<\/title>\n<meta name=\"robots\" content=\"index, follow, max-snippet:-1, max-image-preview:large, max-video-preview:-1\" \/>\n<link rel=\"canonical\" href=\"https:\/\/jornalfatosenoticias.com.br\/index.php\/2023\/04\/06\/os-scem-dias-de-pt\/\" \/>\n<meta property=\"og:locale\" content=\"pt_BR\" \/>\n<meta property=\"og:type\" content=\"article\" \/>\n<meta property=\"og:title\" content=\"Os (s)cem dias de PT - Jornal Fatos e Not\u00edcias\" \/>\n<meta property=\"og:description\" content=\"Valeu a pena sacrificar novamente uma gera\u00e7\u00e3o em prol de uma ideologia fracassada desde a sua idealiza\u00e7\u00e3o, que n\u00e3o deu certo em lugar nenhum do planeta, pelo contr\u00e1rio, sepultou gera\u00e7\u00f5es, matou milh\u00f5es e levou \u00e0 mis\u00e9ria outros milhares? Parece pesadelo, mas \u00e9 real, o Brasil est\u00e1 ladeira abaixo. Acredito que nem nos piores sonhos imagin\u00e1vamos [&hellip;]\" \/>\n<meta property=\"og:url\" content=\"https:\/\/jornalfatosenoticias.com.br\/index.php\/2023\/04\/06\/os-scem-dias-de-pt\/\" \/>\n<meta property=\"og:site_name\" content=\"Jornal Fatos e Not\u00edcias\" \/>\n<meta property=\"article:published_time\" content=\"2023-04-06T14:48:18+00:00\" \/>\n<meta property=\"article:modified_time\" content=\"2023-04-06T14:48:19+00:00\" \/>\n<meta property=\"og:image\" content=\"https:\/\/jornalfatosenoticias.com.br\/wp-content\/uploads\/2023\/04\/ibovespa.jpg\" \/>\n\t<meta property=\"og:image:width\" content=\"1000\" \/>\n\t<meta property=\"og:image:height\" content=\"562\" \/>\n\t<meta property=\"og:image:type\" content=\"image\/jpeg\" \/>\n<meta name=\"author\" content=\"Haroldo Filho\" \/>\n<meta name=\"twitter:card\" content=\"summary_large_image\" \/>\n<meta name=\"twitter:label1\" content=\"Escrito por\" \/>\n\t<meta name=\"twitter:data1\" content=\"Haroldo Filho\" \/>\n\t<meta name=\"twitter:label2\" content=\"Est. tempo de leitura\" \/>\n\t<meta name=\"twitter:data2\" content=\"5 minutos\" \/>\n<script type=\"application\/ld+json\" class=\"yoast-schema-graph\">{\"@context\":\"https:\/\/schema.org\",\"@graph\":[{\"@type\":\"Article\",\"@id\":\"https:\/\/jornalfatosenoticias.com.br\/index.php\/2023\/04\/06\/os-scem-dias-de-pt\/#article\",\"isPartOf\":{\"@id\":\"https:\/\/jornalfatosenoticias.com.br\/index.php\/2023\/04\/06\/os-scem-dias-de-pt\/\"},\"author\":{\"name\":\"Haroldo Filho\",\"@id\":\"https:\/\/jornalfatosenoticias.com.br\/#\/schema\/person\/05c46cc25b42a5c27e004fb0fa6b4965\"},\"headline\":\"Os (s)cem dias de PT\",\"datePublished\":\"2023-04-06T14:48:18+00:00\",\"dateModified\":\"2023-04-06T14:48:19+00:00\",\"mainEntityOfPage\":{\"@id\":\"https:\/\/jornalfatosenoticias.com.br\/index.php\/2023\/04\/06\/os-scem-dias-de-pt\/\"},\"wordCount\":975,\"commentCount\":0,\"publisher\":{\"@id\":\"https:\/\/jornalfatosenoticias.com.br\/#organization\"},\"image\":{\"@id\":\"https:\/\/jornalfatosenoticias.com.br\/index.php\/2023\/04\/06\/os-scem-dias-de-pt\/#primaryimage\"},\"thumbnailUrl\":\"https:\/\/jornalfatosenoticias.com.br\/wp-content\/uploads\/2023\/04\/ibovespa.jpg\",\"keywords\":[\"100 dias de desgoverno PT\",\"fiasco econ\u00f4mico\",\"fiasco pol\u00edtico\",\"Haddad\",\"Lula\",\"PT\",\"trag\u00e9dia econ\u00f4mica\"],\"articleSection\":[\"Pol\u00edtica\"],\"inLanguage\":\"pt-BR\",\"potentialAction\":[{\"@type\":\"CommentAction\",\"name\":\"Comment\",\"target\":[\"https:\/\/jornalfatosenoticias.com.br\/index.php\/2023\/04\/06\/os-scem-dias-de-pt\/#respond\"]}]},{\"@type\":\"WebPage\",\"@id\":\"https:\/\/jornalfatosenoticias.com.br\/index.php\/2023\/04\/06\/os-scem-dias-de-pt\/\",\"url\":\"https:\/\/jornalfatosenoticias.com.br\/index.php\/2023\/04\/06\/os-scem-dias-de-pt\/\",\"name\":\"Os (s)cem dias de PT - Jornal Fatos e Not\u00edcias\",\"isPartOf\":{\"@id\":\"https:\/\/jornalfatosenoticias.com.br\/#website\"},\"primaryImageOfPage\":{\"@id\":\"https:\/\/jornalfatosenoticias.com.br\/index.php\/2023\/04\/06\/os-scem-dias-de-pt\/#primaryimage\"},\"image\":{\"@id\":\"https:\/\/jornalfatosenoticias.com.br\/index.php\/2023\/04\/06\/os-scem-dias-de-pt\/#primaryimage\"},\"thumbnailUrl\":\"https:\/\/jornalfatosenoticias.com.br\/wp-content\/uploads\/2023\/04\/ibovespa.jpg\",\"datePublished\":\"2023-04-06T14:48:18+00:00\",\"dateModified\":\"2023-04-06T14:48:19+00:00\",\"breadcrumb\":{\"@id\":\"https:\/\/jornalfatosenoticias.com.br\/index.php\/2023\/04\/06\/os-scem-dias-de-pt\/#breadcrumb\"},\"inLanguage\":\"pt-BR\",\"potentialAction\":[{\"@type\":\"ReadAction\",\"target\":[\"https:\/\/jornalfatosenoticias.com.br\/index.php\/2023\/04\/06\/os-scem-dias-de-pt\/\"]}]},{\"@type\":\"ImageObject\",\"inLanguage\":\"pt-BR\",\"@id\":\"https:\/\/jornalfatosenoticias.com.br\/index.php\/2023\/04\/06\/os-scem-dias-de-pt\/#primaryimage\",\"url\":\"https:\/\/jornalfatosenoticias.com.br\/wp-content\/uploads\/2023\/04\/ibovespa.jpg\",\"contentUrl\":\"https:\/\/jornalfatosenoticias.com.br\/wp-content\/uploads\/2023\/04\/ibovespa.jpg\",\"width\":1000,\"height\":562},{\"@type\":\"BreadcrumbList\",\"@id\":\"https:\/\/jornalfatosenoticias.com.br\/index.php\/2023\/04\/06\/os-scem-dias-de-pt\/#breadcrumb\",\"itemListElement\":[{\"@type\":\"ListItem\",\"position\":1,\"name\":\"In\u00edcio\",\"item\":\"https:\/\/jornalfatosenoticias.com.br\/\"},{\"@type\":\"ListItem\",\"position\":2,\"name\":\"Os (s)cem dias de PT\"}]},{\"@type\":\"WebSite\",\"@id\":\"https:\/\/jornalfatosenoticias.com.br\/#website\",\"url\":\"https:\/\/jornalfatosenoticias.com.br\/\",\"name\":\"Jornal Fatos e Not\u00edcias\",\"description\":\"Not\u00edcias em geral\",\"publisher\":{\"@id\":\"https:\/\/jornalfatosenoticias.com.br\/#organization\"},\"potentialAction\":[{\"@type\":\"SearchAction\",\"target\":{\"@type\":\"EntryPoint\",\"urlTemplate\":\"https:\/\/jornalfatosenoticias.com.br\/?s={search_term_string}\"},\"query-input\":{\"@type\":\"PropertyValueSpecification\",\"valueRequired\":true,\"valueName\":\"search_term_string\"}}],\"inLanguage\":\"pt-BR\"},{\"@type\":\"Organization\",\"@id\":\"https:\/\/jornalfatosenoticias.com.br\/#organization\",\"name\":\"Jornal Fatos e Not\u00edcias\",\"url\":\"https:\/\/jornalfatosenoticias.com.br\/\",\"logo\":{\"@type\":\"ImageObject\",\"inLanguage\":\"pt-BR\",\"@id\":\"https:\/\/jornalfatosenoticias.com.br\/#\/schema\/logo\/image\/\",\"url\":\"https:\/\/jornalfatosenoticias.com.br\/wp-content\/uploads\/2020\/02\/logo120.png\",\"contentUrl\":\"https:\/\/jornalfatosenoticias.com.br\/wp-content\/uploads\/2020\/02\/logo120.png\",\"width\":1227,\"height\":120,\"caption\":\"Jornal Fatos e Not\u00edcias\"},\"image\":{\"@id\":\"https:\/\/jornalfatosenoticias.com.br\/#\/schema\/logo\/image\/\"}},{\"@type\":\"Person\",\"@id\":\"https:\/\/jornalfatosenoticias.com.br\/#\/schema\/person\/05c46cc25b42a5c27e004fb0fa6b4965\",\"name\":\"Haroldo Filho\",\"image\":{\"@type\":\"ImageObject\",\"inLanguage\":\"pt-BR\",\"@id\":\"https:\/\/jornalfatosenoticias.com.br\/#\/schema\/person\/image\/\",\"url\":\"https:\/\/jornalfatosenoticias.com.br\/wp-content\/uploads\/2025\/08\/WhatsApp-Image-2025-08-18-at-15.30.28-150x150.jpeg\",\"contentUrl\":\"https:\/\/jornalfatosenoticias.com.br\/wp-content\/uploads\/2025\/08\/WhatsApp-Image-2025-08-18-at-15.30.28-150x150.jpeg\",\"caption\":\"Haroldo Filho\"},\"description\":\"Jornalista \u2013 DRT: 0003818\/ES Coordenador-geral da ONG Educar para Crescer\",\"url\":\"https:\/\/jornalfatosenoticias.com.br\/index.php\/author\/haroldo\/\"}]}<\/script>\n<!-- \/ Yoast SEO plugin. -->","yoast_head_json":{"title":"Os (s)cem dias de PT - Jornal Fatos e Not\u00edcias","robots":{"index":"index","follow":"follow","max-snippet":"max-snippet:-1","max-image-preview":"max-image-preview:large","max-video-preview":"max-video-preview:-1"},"canonical":"https:\/\/jornalfatosenoticias.com.br\/index.php\/2023\/04\/06\/os-scem-dias-de-pt\/","og_locale":"pt_BR","og_type":"article","og_title":"Os (s)cem dias de PT - Jornal Fatos e Not\u00edcias","og_description":"Valeu a pena sacrificar novamente uma gera\u00e7\u00e3o em prol de uma ideologia fracassada desde a sua idealiza\u00e7\u00e3o, que n\u00e3o deu certo em lugar nenhum do planeta, pelo contr\u00e1rio, sepultou gera\u00e7\u00f5es, matou milh\u00f5es e levou \u00e0 mis\u00e9ria outros milhares? Parece pesadelo, mas \u00e9 real, o Brasil est\u00e1 ladeira abaixo. Acredito que nem nos piores sonhos imagin\u00e1vamos [&hellip;]","og_url":"https:\/\/jornalfatosenoticias.com.br\/index.php\/2023\/04\/06\/os-scem-dias-de-pt\/","og_site_name":"Jornal Fatos e Not\u00edcias","article_published_time":"2023-04-06T14:48:18+00:00","article_modified_time":"2023-04-06T14:48:19+00:00","og_image":[{"width":1000,"height":562,"url":"https:\/\/jornalfatosenoticias.com.br\/wp-content\/uploads\/2023\/04\/ibovespa.jpg","type":"image\/jpeg"}],"author":"Haroldo Filho","twitter_card":"summary_large_image","twitter_misc":{"Escrito por":"Haroldo Filho","Est. tempo de leitura":"5 minutos"},"schema":{"@context":"https:\/\/schema.org","@graph":[{"@type":"Article","@id":"https:\/\/jornalfatosenoticias.com.br\/index.php\/2023\/04\/06\/os-scem-dias-de-pt\/#article","isPartOf":{"@id":"https:\/\/jornalfatosenoticias.com.br\/index.php\/2023\/04\/06\/os-scem-dias-de-pt\/"},"author":{"name":"Haroldo Filho","@id":"https:\/\/jornalfatosenoticias.com.br\/#\/schema\/person\/05c46cc25b42a5c27e004fb0fa6b4965"},"headline":"Os (s)cem dias de PT","datePublished":"2023-04-06T14:48:18+00:00","dateModified":"2023-04-06T14:48:19+00:00","mainEntityOfPage":{"@id":"https:\/\/jornalfatosenoticias.com.br\/index.php\/2023\/04\/06\/os-scem-dias-de-pt\/"},"wordCount":975,"commentCount":0,"publisher":{"@id":"https:\/\/jornalfatosenoticias.com.br\/#organization"},"image":{"@id":"https:\/\/jornalfatosenoticias.com.br\/index.php\/2023\/04\/06\/os-scem-dias-de-pt\/#primaryimage"},"thumbnailUrl":"https:\/\/jornalfatosenoticias.com.br\/wp-content\/uploads\/2023\/04\/ibovespa.jpg","keywords":["100 dias de desgoverno PT","fiasco econ\u00f4mico","fiasco pol\u00edtico","Haddad","Lula","PT","trag\u00e9dia econ\u00f4mica"],"articleSection":["Pol\u00edtica"],"inLanguage":"pt-BR","potentialAction":[{"@type":"CommentAction","name":"Comment","target":["https:\/\/jornalfatosenoticias.com.br\/index.php\/2023\/04\/06\/os-scem-dias-de-pt\/#respond"]}]},{"@type":"WebPage","@id":"https:\/\/jornalfatosenoticias.com.br\/index.php\/2023\/04\/06\/os-scem-dias-de-pt\/","url":"https:\/\/jornalfatosenoticias.com.br\/index.php\/2023\/04\/06\/os-scem-dias-de-pt\/","name":"Os (s)cem dias de PT - Jornal Fatos e Not\u00edcias","isPartOf":{"@id":"https:\/\/jornalfatosenoticias.com.br\/#website"},"primaryImageOfPage":{"@id":"https:\/\/jornalfatosenoticias.com.br\/index.php\/2023\/04\/06\/os-scem-dias-de-pt\/#primaryimage"},"image":{"@id":"https:\/\/jornalfatosenoticias.com.br\/index.php\/2023\/04\/06\/os-scem-dias-de-pt\/#primaryimage"},"thumbnailUrl":"https:\/\/jornalfatosenoticias.com.br\/wp-content\/uploads\/2023\/04\/ibovespa.jpg","datePublished":"2023-04-06T14:48:18+00:00","dateModified":"2023-04-06T14:48:19+00:00","breadcrumb":{"@id":"https:\/\/jornalfatosenoticias.com.br\/index.php\/2023\/04\/06\/os-scem-dias-de-pt\/#breadcrumb"},"inLanguage":"pt-BR","potentialAction":[{"@type":"ReadAction","target":["https:\/\/jornalfatosenoticias.com.br\/index.php\/2023\/04\/06\/os-scem-dias-de-pt\/"]}]},{"@type":"ImageObject","inLanguage":"pt-BR","@id":"https:\/\/jornalfatosenoticias.com.br\/index.php\/2023\/04\/06\/os-scem-dias-de-pt\/#primaryimage","url":"https:\/\/jornalfatosenoticias.com.br\/wp-content\/uploads\/2023\/04\/ibovespa.jpg","contentUrl":"https:\/\/jornalfatosenoticias.com.br\/wp-content\/uploads\/2023\/04\/ibovespa.jpg","width":1000,"height":562},{"@type":"BreadcrumbList","@id":"https:\/\/jornalfatosenoticias.com.br\/index.php\/2023\/04\/06\/os-scem-dias-de-pt\/#breadcrumb","itemListElement":[{"@type":"ListItem","position":1,"name":"In\u00edcio","item":"https:\/\/jornalfatosenoticias.com.br\/"},{"@type":"ListItem","position":2,"name":"Os (s)cem dias de PT"}]},{"@type":"WebSite","@id":"https:\/\/jornalfatosenoticias.com.br\/#website","url":"https:\/\/jornalfatosenoticias.com.br\/","name":"Jornal Fatos e Not\u00edcias","description":"Not\u00edcias em geral","publisher":{"@id":"https:\/\/jornalfatosenoticias.com.br\/#organization"},"potentialAction":[{"@type":"SearchAction","target":{"@type":"EntryPoint","urlTemplate":"https:\/\/jornalfatosenoticias.com.br\/?s={search_term_string}"},"query-input":{"@type":"PropertyValueSpecification","valueRequired":true,"valueName":"search_term_string"}}],"inLanguage":"pt-BR"},{"@type":"Organization","@id":"https:\/\/jornalfatosenoticias.com.br\/#organization","name":"Jornal Fatos e Not\u00edcias","url":"https:\/\/jornalfatosenoticias.com.br\/","logo":{"@type":"ImageObject","inLanguage":"pt-BR","@id":"https:\/\/jornalfatosenoticias.com.br\/#\/schema\/logo\/image\/","url":"https:\/\/jornalfatosenoticias.com.br\/wp-content\/uploads\/2020\/02\/logo120.png","contentUrl":"https:\/\/jornalfatosenoticias.com.br\/wp-content\/uploads\/2020\/02\/logo120.png","width":1227,"height":120,"caption":"Jornal Fatos e Not\u00edcias"},"image":{"@id":"https:\/\/jornalfatosenoticias.com.br\/#\/schema\/logo\/image\/"}},{"@type":"Person","@id":"https:\/\/jornalfatosenoticias.com.br\/#\/schema\/person\/05c46cc25b42a5c27e004fb0fa6b4965","name":"Haroldo Filho","image":{"@type":"ImageObject","inLanguage":"pt-BR","@id":"https:\/\/jornalfatosenoticias.com.br\/#\/schema\/person\/image\/","url":"https:\/\/jornalfatosenoticias.com.br\/wp-content\/uploads\/2025\/08\/WhatsApp-Image-2025-08-18-at-15.30.28-150x150.jpeg","contentUrl":"https:\/\/jornalfatosenoticias.com.br\/wp-content\/uploads\/2025\/08\/WhatsApp-Image-2025-08-18-at-15.30.28-150x150.jpeg","caption":"Haroldo Filho"},"description":"Jornalista \u2013 DRT: 0003818\/ES Coordenador-geral da ONG Educar para Crescer","url":"https:\/\/jornalfatosenoticias.com.br\/index.php\/author\/haroldo\/"}]}},"cc_featured_image_caption":{"caption_text":"(Foto: Reprodu\u00e7\u00e3o YouTube) ","source_text":"","source_url":""},"jetpack_featured_media_url":"https:\/\/jornalfatosenoticias.com.br\/wp-content\/uploads\/2023\/04\/ibovespa.jpg","_links":{"self":[{"href":"https:\/\/jornalfatosenoticias.com.br\/index.php\/wp-json\/wp\/v2\/posts\/40373","targetHints":{"allow":["GET"]}}],"collection":[{"href":"https:\/\/jornalfatosenoticias.com.br\/index.php\/wp-json\/wp\/v2\/posts"}],"about":[{"href":"https:\/\/jornalfatosenoticias.com.br\/index.php\/wp-json\/wp\/v2\/types\/post"}],"author":[{"embeddable":true,"href":"https:\/\/jornalfatosenoticias.com.br\/index.php\/wp-json\/wp\/v2\/users\/3"}],"replies":[{"embeddable":true,"href":"https:\/\/jornalfatosenoticias.com.br\/index.php\/wp-json\/wp\/v2\/comments?post=40373"}],"version-history":[{"count":0,"href":"https:\/\/jornalfatosenoticias.com.br\/index.php\/wp-json\/wp\/v2\/posts\/40373\/revisions"}],"wp:featuredmedia":[{"embeddable":true,"href":"https:\/\/jornalfatosenoticias.com.br\/index.php\/wp-json\/wp\/v2\/media\/40376"}],"wp:attachment":[{"href":"https:\/\/jornalfatosenoticias.com.br\/index.php\/wp-json\/wp\/v2\/media?parent=40373"}],"wp:term":[{"taxonomy":"category","embeddable":true,"href":"https:\/\/jornalfatosenoticias.com.br\/index.php\/wp-json\/wp\/v2\/categories?post=40373"},{"taxonomy":"post_tag","embeddable":true,"href":"https:\/\/jornalfatosenoticias.com.br\/index.php\/wp-json\/wp\/v2\/tags?post=40373"}],"curies":[{"name":"wp","href":"https:\/\/api.w.org\/{rel}","templated":true}]}}