{"id":40436,"date":"2023-04-10T10:48:16","date_gmt":"2023-04-10T13:48:16","guid":{"rendered":"https:\/\/jornalfatosenoticias.com.br\/?p=40436"},"modified":"2023-04-10T10:48:17","modified_gmt":"2023-04-10T13:48:17","slug":"pecas-feitas-com-madeira-substituem-louca-e-porcelana-em-banheiro","status":"publish","type":"post","link":"https:\/\/jornalfatosenoticias.com.br\/index.php\/2023\/04\/10\/pecas-feitas-com-madeira-substituem-louca-e-porcelana-em-banheiro\/","title":{"rendered":"Pe\u00e7as feitas com madeira substituem lou\u00e7a e porcelana em banheiro"},"content":{"rendered":"\n<p><em><span class=\"has-inline-color has-black-color\">Novo material reduz em mais de 90% a emiss\u00e3o de gases de efeito estufa e economiza \u00e1gua e eletricidade na fabrica\u00e7\u00e3o<\/span><\/em><\/p>\n\n\n\n<p><em><span class=\"has-inline-color has-black-color\">por <strong>Natasha Olsen<\/strong><\/span><\/em><\/p>\n\n\n\n<div class=\"wp-block-image\"><figure class=\"aligncenter size-large\"><img decoding=\"async\" src=\"https:\/\/jornalfatosenoticias.com.br\/wp-content\/uploads\/2020\/02\/logo-embacia-1-1024x110.jpg\" alt=\"\" class=\"wp-image-33954\"\/><\/figure><\/div>\n\n\n\n<p>O uso da madeira \u00e9 apontado como um caminho para reduzir ou at\u00e9 zerar as emiss\u00f5es de CO\u2082 em diferentes constru\u00e7\u00f5es, de casas at\u00e9 <a href=\"https:\/\/ciclovivo.com.br\/arq-urb\/arquitetura\/predio-feito-de-madeira-e-exemplo-de-arquitetura-sustentavel\/\" target=\"_blank\" rel=\"noreferrer noopener\">grandes edif\u00edcios<\/a>. E a madeira pode substituir ainda lou\u00e7a e a porcelana nas pe\u00e7as de banheiro, sendo usado para fabricar do vaso sanit\u00e1rio at\u00e9 a pia. A empresa finlandesa de design <a href=\"https:\/\/woodio.fi\/en\/\" target=\"_blank\" rel=\"noreferrer noopener\">Woodio<\/a>, que criou o material, afirma que as pe\u00e7as feitas de um composto geram 99% menos emiss\u00f5es em sua produ\u00e7\u00e3o do que a cer\u00e2mica.<\/p>\n\n\n\n<div class=\"wp-block-image\"><figure class=\"aligncenter size-large\"><img loading=\"lazy\" decoding=\"async\" width=\"300\" height=\"250\" src=\"https:\/\/jornalfatosenoticias.com.br\/wp-content\/uploads\/2022\/08\/arte-Casarao.jpg\" alt=\"\" class=\"wp-image-33178\"\/><\/figure><\/div>\n\n\n\n<p>Batizado de Block, o banheiro de madeira foi desenvolvido pelo fundador da Woodio, Petro Lahtinen. O material cont\u00e9m cerca de 80% de madeira em volume, incorporando \u00e1lamo de origem local e sobras da ind\u00fastria florestal finlandesa.<br>As lascas de madeira s\u00e3o misturadas com uma combina\u00e7\u00e3o de poli\u00e9ster de origem f\u00f3ssil e resinas <a href=\"https:\/\/ciclovivo.com.br\/inovacao\/inspiracao\/alunos-do-interior-da-bahia-desenvolvem-bioplastico-feito-com-sisal\/\" target=\"_blank\" rel=\"noreferrer noopener\">biopl\u00e1sticas<\/a> para criar um composto \u00e0 prova d\u2019\u00e1gua e \u201cpraticamente inquebr\u00e1vel\u201d, segundo a fabricante. Lahtinen explica que o processo de produ\u00e7\u00e3o n\u00e3o requer calor e usa apenas uma fra\u00e7\u00e3o da \u00e1gua e da energia necess\u00e1rias que seriam gastas na fabrica\u00e7\u00e3o de <a href=\"https:\/\/ciclovivo.com.br\/inovacao\/tecnologia\/banheiros-espaciais-transformam-urina-em-agua-limpa-e-fertilizante\/\" target=\"_blank\" rel=\"noreferrer noopener\">banheiros<\/a> tradicionais de cer\u00e2mica ou porcelana \u2014 estas pe\u00e7as s\u00e3o queimadas em fornos acima de 1000\u00baC por v\u00e1rias horas.<\/p>\n\n\n\n<div class=\"wp-block-image\"><figure class=\"aligncenter size-large is-resized\"><img loading=\"lazy\" decoding=\"async\" src=\"https:\/\/jornalfatosenoticias.com.br\/wp-content\/uploads\/2023\/03\/nova-logo-Marquetti.jpg\" alt=\"\" class=\"wp-image-40207\" width=\"312\" height=\"209\" srcset=\"https:\/\/jornalfatosenoticias.com.br\/wp-content\/uploads\/2023\/03\/nova-logo-Marquetti.jpg 643w, https:\/\/jornalfatosenoticias.com.br\/wp-content\/uploads\/2023\/03\/nova-logo-Marquetti-300x202.jpg 300w\" sizes=\"auto, (max-width: 312px) 100vw, 312px\" \/><\/figure><\/div>\n\n\n\n<div class=\"wp-block-image\"><figure class=\"aligncenter size-large\"><img loading=\"lazy\" decoding=\"async\" width=\"1000\" height=\"461\" src=\"https:\/\/jornalfatosenoticias.com.br\/wp-content\/uploads\/2023\/04\/banheiro-madeira-woodio-ciclovivo-2.jpg\" alt=\"\" class=\"wp-image-40437\" srcset=\"https:\/\/jornalfatosenoticias.com.br\/wp-content\/uploads\/2023\/04\/banheiro-madeira-woodio-ciclovivo-2.jpg 1000w, https:\/\/jornalfatosenoticias.com.br\/wp-content\/uploads\/2023\/04\/banheiro-madeira-woodio-ciclovivo-2-300x138.jpg 300w, https:\/\/jornalfatosenoticias.com.br\/wp-content\/uploads\/2023\/04\/banheiro-madeira-woodio-ciclovivo-2-768x354.jpg 768w\" sizes=\"auto, (max-width: 1000px) 100vw, 1000px\" \/><figcaption><em><span class=\"has-inline-color has-black-color\">(Foto: Woodio)<\/span><\/em><\/figcaption><\/figure><\/div>\n\n\n\n<blockquote class=\"wp-block-quote is-layout-flow wp-block-quote-is-layout-flow\"><p><span class=\"has-inline-color has-luminous-vivid-orange-color\">N\u00e3o h\u00e1 nada de errado com a cer\u00e2mica em si, mas o seu processo de fabrica\u00e7\u00e3o tem um grande impacto ambiental\u201d, explica Petro. \u201cNormalmente, as cer\u00e2micas industriais s\u00e3o queimadas a 1.500 graus Celsius por pelo menos 12 horas e esse calor \u00e9 produzido normalmente pela queima de g\u00e1s, o que obviamente causa emiss\u00f5es consider\u00e1veis \u200b\u200bde CO\u2082\u201d.<\/span><\/p><\/blockquote>\n\n\n\n<div class=\"wp-block-image\"><figure class=\"aligncenter size-large\"><img decoding=\"async\" src=\"https:\/\/jornalfatosenoticias.com.br\/wp-content\/uploads\/2020\/02\/logo_esteio.jpg\" alt=\"\" class=\"wp-image-1214\"\/><\/figure><\/div>\n\n\n\n<p>No caso das pe\u00e7as feitas com o <a href=\"https:\/\/ciclovivo.com.br\/inovacao\/tecnologia\/material-feito-com-limao-e-coco-pode-ajudar-a-aquecer-e-resfriar-casas\/\" target=\"_blank\" rel=\"noreferrer noopener\">composto de madeira<\/a>, a empresa afirma que o processo de produ\u00e7\u00e3o gera at\u00e9 99% menos emiss\u00f5es do que o usado para criar lou\u00e7as sanit\u00e1rias tradicionais, dependendo do produto. \u00c9 importante lembrar que esta conta considera apenas o processo de fabrica\u00e7\u00e3o e n\u00e3o o ciclo total do produto que inclui ainda a extra\u00e7\u00e3o das mat\u00e9rias-primas, o transporte e descarte de materiais, por exemplo.<\/p>\n\n\n\n<div class=\"wp-block-image\"><figure class=\"aligncenter size-large\"><img loading=\"lazy\" decoding=\"async\" width=\"1000\" height=\"649\" src=\"https:\/\/jornalfatosenoticias.com.br\/wp-content\/uploads\/2023\/04\/banheiro-madeira-woodio-ciclovivo-3.jpg\" alt=\"\" class=\"wp-image-40438\" srcset=\"https:\/\/jornalfatosenoticias.com.br\/wp-content\/uploads\/2023\/04\/banheiro-madeira-woodio-ciclovivo-3.jpg 1000w, https:\/\/jornalfatosenoticias.com.br\/wp-content\/uploads\/2023\/04\/banheiro-madeira-woodio-ciclovivo-3-300x195.jpg 300w, https:\/\/jornalfatosenoticias.com.br\/wp-content\/uploads\/2023\/04\/banheiro-madeira-woodio-ciclovivo-3-768x498.jpg 768w, https:\/\/jornalfatosenoticias.com.br\/wp-content\/uploads\/2023\/04\/banheiro-madeira-woodio-ciclovivo-3-880x570.jpg 880w\" sizes=\"auto, (max-width: 1000px) 100vw, 1000px\" \/><figcaption><em><span class=\"has-inline-color has-black-color\">(Foto: Woodio)<\/span><\/em><\/figcaption><\/figure><\/div>\n\n\n\n<p><strong><span class=\"has-inline-color has-black-color\">Pesquisa e desenvolvimento<br><\/span><\/strong>O banheiro feito com composto de madeira come\u00e7ou a ser desenvolvido em 2017 e, desde ent\u00e3o, Lahtinen conta que a Woodio j\u00e1 fabricou tudo com o material, usando uma t\u00e9cnica de moldagem fundida patenteada.<\/p>\n\n\n\n<div class=\"wp-block-image\"><figure class=\"aligncenter size-large\"><img loading=\"lazy\" decoding=\"async\" width=\"300\" height=\"250\" src=\"https:\/\/jornalfatosenoticias.com.br\/wp-content\/uploads\/2022\/02\/Banner-2.png\" alt=\"\" class=\"wp-image-27877\"\/><\/figure><\/div>\n\n\n\n<blockquote class=\"wp-block-quote is-layout-flow wp-block-quote-is-layout-flow\"><p><span class=\"has-inline-color has-luminous-vivid-orange-color\">Basicamente, desenvolvemos moldes que podem lidar com mat\u00e9rias-primas n\u00e3o fluidas. \u00c9 um m\u00e9todo realmente inovador\u201d, explica Lahtinen.<\/span><\/p><\/blockquote>\n\n\n\n<div class=\"wp-block-image\"><figure class=\"aligncenter size-large\"><img decoding=\"async\" src=\"https:\/\/jornalfatosenoticias.com.br\/wp-content\/uploads\/2020\/02\/barao-das-carnes-300x164-1.jpg\" alt=\"\" class=\"wp-image-34339\"\/><\/figure><\/div>\n\n\n\n<p>O banheiro Block demorou tr\u00eas anos para ficar pronto e foi desenvolvido e projetado em colabora\u00e7\u00e3o com o est\u00fadio finland\u00eas <a href=\"https:\/\/pentagondesign.fi\/\">Pentagon Design<\/a>. Pela primeira vez, a madeira est\u00e1 sendo usada como mat\u00e9ria-prima para fabricar vasos sanit\u00e1rios tradicionais. Antes, serragem e outros res\u00edduos org\u00e2nicos eram usados apenas em banheiros secos, para ajudar a decompor os res\u00edduos.<\/p>\n\n\n\n<div class=\"wp-block-image\"><figure class=\"aligncenter size-large\"><img loading=\"lazy\" decoding=\"async\" width=\"1000\" height=\"624\" src=\"https:\/\/jornalfatosenoticias.com.br\/wp-content\/uploads\/2023\/04\/banheiro-madeira-woodio-ciclovivo-4.jpg\" alt=\"\" class=\"wp-image-40439\" srcset=\"https:\/\/jornalfatosenoticias.com.br\/wp-content\/uploads\/2023\/04\/banheiro-madeira-woodio-ciclovivo-4.jpg 1000w, https:\/\/jornalfatosenoticias.com.br\/wp-content\/uploads\/2023\/04\/banheiro-madeira-woodio-ciclovivo-4-300x187.jpg 300w, https:\/\/jornalfatosenoticias.com.br\/wp-content\/uploads\/2023\/04\/banheiro-madeira-woodio-ciclovivo-4-768x479.jpg 768w\" sizes=\"auto, (max-width: 1000px) 100vw, 1000px\" \/><figcaption><em><span class=\"has-inline-color has-black-color\">(Foto: Woodio)<\/span><\/em><\/figcaption><\/figure><\/div>\n\n\n\n<p><strong><span class=\"has-inline-color has-black-color\">Melhorias poss\u00edveis<br><\/span><\/strong>Para que o impacto ambiental seja cada vez menor, a fabricante precisa encontrar alternativas para recursos de base f\u00f3ssil, incluindo resina de poli\u00e9ster, bem como v\u00e1rios aditivos e tratamentos de superf\u00edcie. A Woodio planeja usar apenas resinas de base biol\u00f3gica quando se mudar para uma f\u00e1brica industrial nos pr\u00f3ximos anos.<\/p>\n\n\n\n<div class=\"wp-block-image\"><figure class=\"aligncenter size-large is-resized\"><img loading=\"lazy\" decoding=\"async\" src=\"https:\/\/jornalfatosenoticias.com.br\/wp-content\/uploads\/2023\/03\/logo-Panper_portal.jpg\" alt=\"\" class=\"wp-image-40208\" width=\"309\" height=\"214\" srcset=\"https:\/\/jornalfatosenoticias.com.br\/wp-content\/uploads\/2023\/03\/logo-Panper_portal.jpg 400w, https:\/\/jornalfatosenoticias.com.br\/wp-content\/uploads\/2023\/03\/logo-Panper_portal-300x208.jpg 300w\" sizes=\"auto, (max-width: 309px) 100vw, 309px\" \/><\/figure><\/div>\n\n\n\n<p>O fato de o material ser um comp\u00f3sito tamb\u00e9m tornar\u00e1 o banheiro quase imposs\u00edvel de reciclar no final de sua vida \u00fatil, que pode variar de 10 a 50 anos.<br>Woodio argumenta que o banheiro pode ser queimado para obter energia no final de sua vida \u00fatil, para evitar que acabe em aterros sanit\u00e1rios \u2014 mas este processo acabaria emitindo carbono na atmosfera.<\/p>\n\n\n\n<div class=\"wp-block-image\"><figure class=\"aligncenter size-large\"><img loading=\"lazy\" decoding=\"async\" width=\"729\" height=\"90\" src=\"https:\/\/jornalfatosenoticias.com.br\/wp-content\/uploads\/2020\/02\/Logo_Mizu.png\" alt=\"\" class=\"wp-image-1441\" srcset=\"https:\/\/jornalfatosenoticias.com.br\/wp-content\/uploads\/2020\/02\/Logo_Mizu.png 729w, https:\/\/jornalfatosenoticias.com.br\/wp-content\/uploads\/2020\/02\/Logo_Mizu-300x37.png 300w\" sizes=\"auto, (max-width: 729px) 100vw, 729px\" \/><\/figure><\/div>\n\n\n\n<p><strong><em>Fonte: <a href=\"https:\/\/ciclovivo.com.br\/arq-urb\/design\/pecas-com-madeira-substituem-louca-e-porcelana-em-banheiro\/\">CicloVivo<\/a><\/em><\/strong><\/p>\n","protected":false},"excerpt":{"rendered":"<p>Novo material reduz em mais de 90% a emiss\u00e3o de gases de efeito estufa e economiza \u00e1gua e eletricidade na fabrica\u00e7\u00e3o por Natasha Olsen O uso da madeira \u00e9 apontado como um caminho para reduzir ou at\u00e9 zerar as emiss\u00f5es de CO\u2082 em diferentes constru\u00e7\u00f5es, de casas at\u00e9 grandes edif\u00edcios. E a madeira pode substituir [&hellip;]<\/p>\n","protected":false},"author":2,"featured_media":40440,"comment_status":"open","ping_status":"open","sticky":false,"template":"","format":"standard","meta":{"footnotes":""},"categories":[744],"tags":[451,18944,795,201,18948,18946,7234,14029,18947,18945],"class_list":["post-40436","post","type-post","status-publish","format-standard","has-post-thumbnail","hentry","category-arq-urbanismo","tag-agua","tag-banheiro-de-madeira","tag-design","tag-eletricidade","tag-emissao-de-gases-de-efeito-estufa","tag-louca","tag-madeira","tag-materia-prima","tag-porcelana","tag-woodio"],"yoast_head":"<!-- This site is optimized with the Yoast SEO plugin v26.5 - https:\/\/yoast.com\/wordpress\/plugins\/seo\/ -->\n<title>Pe\u00e7as feitas com madeira substituem lou\u00e7a e porcelana em banheiro - Jornal Fatos e Not\u00edcias<\/title>\n<meta name=\"robots\" content=\"index, follow, max-snippet:-1, max-image-preview:large, max-video-preview:-1\" \/>\n<link rel=\"canonical\" href=\"https:\/\/jornalfatosenoticias.com.br\/index.php\/2023\/04\/10\/pecas-feitas-com-madeira-substituem-louca-e-porcelana-em-banheiro\/\" \/>\n<meta property=\"og:locale\" content=\"pt_BR\" \/>\n<meta property=\"og:type\" content=\"article\" \/>\n<meta property=\"og:title\" content=\"Pe\u00e7as feitas com madeira substituem lou\u00e7a e porcelana em banheiro - Jornal Fatos e Not\u00edcias\" \/>\n<meta property=\"og:description\" content=\"Novo material reduz em mais de 90% a emiss\u00e3o de gases de efeito estufa e economiza \u00e1gua e eletricidade na fabrica\u00e7\u00e3o por Natasha Olsen O uso da madeira \u00e9 apontado como um caminho para reduzir ou at\u00e9 zerar as emiss\u00f5es de CO\u2082 em diferentes constru\u00e7\u00f5es, de casas at\u00e9 grandes edif\u00edcios. E a madeira pode substituir [&hellip;]\" \/>\n<meta property=\"og:url\" content=\"https:\/\/jornalfatosenoticias.com.br\/index.php\/2023\/04\/10\/pecas-feitas-com-madeira-substituem-louca-e-porcelana-em-banheiro\/\" \/>\n<meta property=\"og:site_name\" content=\"Jornal Fatos e Not\u00edcias\" \/>\n<meta property=\"article:published_time\" content=\"2023-04-10T13:48:16+00:00\" \/>\n<meta property=\"article:modified_time\" content=\"2023-04-10T13:48:17+00:00\" \/>\n<meta property=\"og:image\" content=\"https:\/\/jornalfatosenoticias.com.br\/wp-content\/uploads\/2023\/04\/banheiro-madeira-woodio-ciclovivo-1.jpg\" \/>\n\t<meta property=\"og:image:width\" content=\"1000\" \/>\n\t<meta property=\"og:image:height\" content=\"697\" \/>\n\t<meta property=\"og:image:type\" content=\"image\/jpeg\" \/>\n<meta name=\"author\" content=\"Luzimara Fernandes\" \/>\n<meta name=\"twitter:card\" content=\"summary_large_image\" \/>\n<meta name=\"twitter:label1\" content=\"Escrito por\" \/>\n\t<meta name=\"twitter:data1\" content=\"Luzimara Fernandes\" \/>\n\t<meta name=\"twitter:label2\" content=\"Est. tempo de leitura\" \/>\n\t<meta name=\"twitter:data2\" content=\"3 minutos\" \/>\n<script type=\"application\/ld+json\" class=\"yoast-schema-graph\">{\"@context\":\"https:\/\/schema.org\",\"@graph\":[{\"@type\":\"Article\",\"@id\":\"https:\/\/jornalfatosenoticias.com.br\/index.php\/2023\/04\/10\/pecas-feitas-com-madeira-substituem-louca-e-porcelana-em-banheiro\/#article\",\"isPartOf\":{\"@id\":\"https:\/\/jornalfatosenoticias.com.br\/index.php\/2023\/04\/10\/pecas-feitas-com-madeira-substituem-louca-e-porcelana-em-banheiro\/\"},\"author\":{\"name\":\"Luzimara Fernandes\",\"@id\":\"https:\/\/jornalfatosenoticias.com.br\/#\/schema\/person\/d63837fa13ac8666eb9e74e0985d6f81\"},\"headline\":\"Pe\u00e7as feitas com madeira substituem lou\u00e7a e porcelana em banheiro\",\"datePublished\":\"2023-04-10T13:48:16+00:00\",\"dateModified\":\"2023-04-10T13:48:17+00:00\",\"mainEntityOfPage\":{\"@id\":\"https:\/\/jornalfatosenoticias.com.br\/index.php\/2023\/04\/10\/pecas-feitas-com-madeira-substituem-louca-e-porcelana-em-banheiro\/\"},\"wordCount\":642,\"commentCount\":0,\"publisher\":{\"@id\":\"https:\/\/jornalfatosenoticias.com.br\/#organization\"},\"image\":{\"@id\":\"https:\/\/jornalfatosenoticias.com.br\/index.php\/2023\/04\/10\/pecas-feitas-com-madeira-substituem-louca-e-porcelana-em-banheiro\/#primaryimage\"},\"thumbnailUrl\":\"https:\/\/jornalfatosenoticias.com.br\/wp-content\/uploads\/2023\/04\/banheiro-madeira-woodio-ciclovivo-1.jpg\",\"keywords\":[\"\u00e1gua\",\"banheiro de madeira\",\"design\",\"eletricidade\",\"emiss\u00e3o de gases de efeito estufa\",\"lou\u00e7a\",\"madeira\",\"mat\u00e9ria-prima\",\"porcelana\",\"Woodio\"],\"articleSection\":[\"Arq &amp; Urb\"],\"inLanguage\":\"pt-BR\",\"potentialAction\":[{\"@type\":\"CommentAction\",\"name\":\"Comment\",\"target\":[\"https:\/\/jornalfatosenoticias.com.br\/index.php\/2023\/04\/10\/pecas-feitas-com-madeira-substituem-louca-e-porcelana-em-banheiro\/#respond\"]}]},{\"@type\":\"WebPage\",\"@id\":\"https:\/\/jornalfatosenoticias.com.br\/index.php\/2023\/04\/10\/pecas-feitas-com-madeira-substituem-louca-e-porcelana-em-banheiro\/\",\"url\":\"https:\/\/jornalfatosenoticias.com.br\/index.php\/2023\/04\/10\/pecas-feitas-com-madeira-substituem-louca-e-porcelana-em-banheiro\/\",\"name\":\"Pe\u00e7as feitas com madeira substituem lou\u00e7a e porcelana em banheiro - Jornal Fatos e Not\u00edcias\",\"isPartOf\":{\"@id\":\"https:\/\/jornalfatosenoticias.com.br\/#website\"},\"primaryImageOfPage\":{\"@id\":\"https:\/\/jornalfatosenoticias.com.br\/index.php\/2023\/04\/10\/pecas-feitas-com-madeira-substituem-louca-e-porcelana-em-banheiro\/#primaryimage\"},\"image\":{\"@id\":\"https:\/\/jornalfatosenoticias.com.br\/index.php\/2023\/04\/10\/pecas-feitas-com-madeira-substituem-louca-e-porcelana-em-banheiro\/#primaryimage\"},\"thumbnailUrl\":\"https:\/\/jornalfatosenoticias.com.br\/wp-content\/uploads\/2023\/04\/banheiro-madeira-woodio-ciclovivo-1.jpg\",\"datePublished\":\"2023-04-10T13:48:16+00:00\",\"dateModified\":\"2023-04-10T13:48:17+00:00\",\"breadcrumb\":{\"@id\":\"https:\/\/jornalfatosenoticias.com.br\/index.php\/2023\/04\/10\/pecas-feitas-com-madeira-substituem-louca-e-porcelana-em-banheiro\/#breadcrumb\"},\"inLanguage\":\"pt-BR\",\"potentialAction\":[{\"@type\":\"ReadAction\",\"target\":[\"https:\/\/jornalfatosenoticias.com.br\/index.php\/2023\/04\/10\/pecas-feitas-com-madeira-substituem-louca-e-porcelana-em-banheiro\/\"]}]},{\"@type\":\"ImageObject\",\"inLanguage\":\"pt-BR\",\"@id\":\"https:\/\/jornalfatosenoticias.com.br\/index.php\/2023\/04\/10\/pecas-feitas-com-madeira-substituem-louca-e-porcelana-em-banheiro\/#primaryimage\",\"url\":\"https:\/\/jornalfatosenoticias.com.br\/wp-content\/uploads\/2023\/04\/banheiro-madeira-woodio-ciclovivo-1.jpg\",\"contentUrl\":\"https:\/\/jornalfatosenoticias.com.br\/wp-content\/uploads\/2023\/04\/banheiro-madeira-woodio-ciclovivo-1.jpg\",\"width\":1000,\"height\":697},{\"@type\":\"BreadcrumbList\",\"@id\":\"https:\/\/jornalfatosenoticias.com.br\/index.php\/2023\/04\/10\/pecas-feitas-com-madeira-substituem-louca-e-porcelana-em-banheiro\/#breadcrumb\",\"itemListElement\":[{\"@type\":\"ListItem\",\"position\":1,\"name\":\"In\u00edcio\",\"item\":\"https:\/\/jornalfatosenoticias.com.br\/\"},{\"@type\":\"ListItem\",\"position\":2,\"name\":\"Pe\u00e7as feitas com madeira substituem lou\u00e7a e porcelana em banheiro\"}]},{\"@type\":\"WebSite\",\"@id\":\"https:\/\/jornalfatosenoticias.com.br\/#website\",\"url\":\"https:\/\/jornalfatosenoticias.com.br\/\",\"name\":\"Jornal Fatos e Not\u00edcias\",\"description\":\"Not\u00edcias em geral\",\"publisher\":{\"@id\":\"https:\/\/jornalfatosenoticias.com.br\/#organization\"},\"potentialAction\":[{\"@type\":\"SearchAction\",\"target\":{\"@type\":\"EntryPoint\",\"urlTemplate\":\"https:\/\/jornalfatosenoticias.com.br\/?s={search_term_string}\"},\"query-input\":{\"@type\":\"PropertyValueSpecification\",\"valueRequired\":true,\"valueName\":\"search_term_string\"}}],\"inLanguage\":\"pt-BR\"},{\"@type\":\"Organization\",\"@id\":\"https:\/\/jornalfatosenoticias.com.br\/#organization\",\"name\":\"Jornal Fatos e Not\u00edcias\",\"url\":\"https:\/\/jornalfatosenoticias.com.br\/\",\"logo\":{\"@type\":\"ImageObject\",\"inLanguage\":\"pt-BR\",\"@id\":\"https:\/\/jornalfatosenoticias.com.br\/#\/schema\/logo\/image\/\",\"url\":\"https:\/\/jornalfatosenoticias.com.br\/wp-content\/uploads\/2020\/02\/logo120.png\",\"contentUrl\":\"https:\/\/jornalfatosenoticias.com.br\/wp-content\/uploads\/2020\/02\/logo120.png\",\"width\":1227,\"height\":120,\"caption\":\"Jornal Fatos e Not\u00edcias\"},\"image\":{\"@id\":\"https:\/\/jornalfatosenoticias.com.br\/#\/schema\/logo\/image\/\"}},{\"@type\":\"Person\",\"@id\":\"https:\/\/jornalfatosenoticias.com.br\/#\/schema\/person\/d63837fa13ac8666eb9e74e0985d6f81\",\"name\":\"Luzimara Fernandes\",\"image\":{\"@type\":\"ImageObject\",\"inLanguage\":\"pt-BR\",\"@id\":\"https:\/\/jornalfatosenoticias.com.br\/#\/schema\/person\/image\/\",\"url\":\"https:\/\/jornalfatosenoticias.com.br\/wp-content\/uploads\/2025\/05\/EU_portal.jpg\",\"contentUrl\":\"https:\/\/jornalfatosenoticias.com.br\/wp-content\/uploads\/2025\/05\/EU_portal.jpg\",\"caption\":\"Luzimara Fernandes\"},\"description\":\"Jornalista MTB 2358-ES\",\"sameAs\":[\"https:\/\/jornalfatosenoticias.com.br\"],\"url\":\"https:\/\/jornalfatosenoticias.com.br\/index.php\/author\/luzimara\/\"}]}<\/script>\n<!-- \/ Yoast SEO plugin. -->","yoast_head_json":{"title":"Pe\u00e7as feitas com madeira substituem lou\u00e7a e porcelana em banheiro - Jornal Fatos e Not\u00edcias","robots":{"index":"index","follow":"follow","max-snippet":"max-snippet:-1","max-image-preview":"max-image-preview:large","max-video-preview":"max-video-preview:-1"},"canonical":"https:\/\/jornalfatosenoticias.com.br\/index.php\/2023\/04\/10\/pecas-feitas-com-madeira-substituem-louca-e-porcelana-em-banheiro\/","og_locale":"pt_BR","og_type":"article","og_title":"Pe\u00e7as feitas com madeira substituem lou\u00e7a e porcelana em banheiro - Jornal Fatos e Not\u00edcias","og_description":"Novo material reduz em mais de 90% a emiss\u00e3o de gases de efeito estufa e economiza \u00e1gua e eletricidade na fabrica\u00e7\u00e3o por Natasha Olsen O uso da madeira \u00e9 apontado como um caminho para reduzir ou at\u00e9 zerar as emiss\u00f5es de CO\u2082 em diferentes constru\u00e7\u00f5es, de casas at\u00e9 grandes edif\u00edcios. E a madeira pode substituir [&hellip;]","og_url":"https:\/\/jornalfatosenoticias.com.br\/index.php\/2023\/04\/10\/pecas-feitas-com-madeira-substituem-louca-e-porcelana-em-banheiro\/","og_site_name":"Jornal Fatos e Not\u00edcias","article_published_time":"2023-04-10T13:48:16+00:00","article_modified_time":"2023-04-10T13:48:17+00:00","og_image":[{"width":1000,"height":697,"url":"https:\/\/jornalfatosenoticias.com.br\/wp-content\/uploads\/2023\/04\/banheiro-madeira-woodio-ciclovivo-1.jpg","type":"image\/jpeg"}],"author":"Luzimara Fernandes","twitter_card":"summary_large_image","twitter_misc":{"Escrito por":"Luzimara Fernandes","Est. tempo de leitura":"3 minutos"},"schema":{"@context":"https:\/\/schema.org","@graph":[{"@type":"Article","@id":"https:\/\/jornalfatosenoticias.com.br\/index.php\/2023\/04\/10\/pecas-feitas-com-madeira-substituem-louca-e-porcelana-em-banheiro\/#article","isPartOf":{"@id":"https:\/\/jornalfatosenoticias.com.br\/index.php\/2023\/04\/10\/pecas-feitas-com-madeira-substituem-louca-e-porcelana-em-banheiro\/"},"author":{"name":"Luzimara Fernandes","@id":"https:\/\/jornalfatosenoticias.com.br\/#\/schema\/person\/d63837fa13ac8666eb9e74e0985d6f81"},"headline":"Pe\u00e7as feitas com madeira substituem lou\u00e7a e porcelana em banheiro","datePublished":"2023-04-10T13:48:16+00:00","dateModified":"2023-04-10T13:48:17+00:00","mainEntityOfPage":{"@id":"https:\/\/jornalfatosenoticias.com.br\/index.php\/2023\/04\/10\/pecas-feitas-com-madeira-substituem-louca-e-porcelana-em-banheiro\/"},"wordCount":642,"commentCount":0,"publisher":{"@id":"https:\/\/jornalfatosenoticias.com.br\/#organization"},"image":{"@id":"https:\/\/jornalfatosenoticias.com.br\/index.php\/2023\/04\/10\/pecas-feitas-com-madeira-substituem-louca-e-porcelana-em-banheiro\/#primaryimage"},"thumbnailUrl":"https:\/\/jornalfatosenoticias.com.br\/wp-content\/uploads\/2023\/04\/banheiro-madeira-woodio-ciclovivo-1.jpg","keywords":["\u00e1gua","banheiro de madeira","design","eletricidade","emiss\u00e3o de gases de efeito estufa","lou\u00e7a","madeira","mat\u00e9ria-prima","porcelana","Woodio"],"articleSection":["Arq &amp; Urb"],"inLanguage":"pt-BR","potentialAction":[{"@type":"CommentAction","name":"Comment","target":["https:\/\/jornalfatosenoticias.com.br\/index.php\/2023\/04\/10\/pecas-feitas-com-madeira-substituem-louca-e-porcelana-em-banheiro\/#respond"]}]},{"@type":"WebPage","@id":"https:\/\/jornalfatosenoticias.com.br\/index.php\/2023\/04\/10\/pecas-feitas-com-madeira-substituem-louca-e-porcelana-em-banheiro\/","url":"https:\/\/jornalfatosenoticias.com.br\/index.php\/2023\/04\/10\/pecas-feitas-com-madeira-substituem-louca-e-porcelana-em-banheiro\/","name":"Pe\u00e7as feitas com madeira substituem lou\u00e7a e porcelana em banheiro - Jornal Fatos e Not\u00edcias","isPartOf":{"@id":"https:\/\/jornalfatosenoticias.com.br\/#website"},"primaryImageOfPage":{"@id":"https:\/\/jornalfatosenoticias.com.br\/index.php\/2023\/04\/10\/pecas-feitas-com-madeira-substituem-louca-e-porcelana-em-banheiro\/#primaryimage"},"image":{"@id":"https:\/\/jornalfatosenoticias.com.br\/index.php\/2023\/04\/10\/pecas-feitas-com-madeira-substituem-louca-e-porcelana-em-banheiro\/#primaryimage"},"thumbnailUrl":"https:\/\/jornalfatosenoticias.com.br\/wp-content\/uploads\/2023\/04\/banheiro-madeira-woodio-ciclovivo-1.jpg","datePublished":"2023-04-10T13:48:16+00:00","dateModified":"2023-04-10T13:48:17+00:00","breadcrumb":{"@id":"https:\/\/jornalfatosenoticias.com.br\/index.php\/2023\/04\/10\/pecas-feitas-com-madeira-substituem-louca-e-porcelana-em-banheiro\/#breadcrumb"},"inLanguage":"pt-BR","potentialAction":[{"@type":"ReadAction","target":["https:\/\/jornalfatosenoticias.com.br\/index.php\/2023\/04\/10\/pecas-feitas-com-madeira-substituem-louca-e-porcelana-em-banheiro\/"]}]},{"@type":"ImageObject","inLanguage":"pt-BR","@id":"https:\/\/jornalfatosenoticias.com.br\/index.php\/2023\/04\/10\/pecas-feitas-com-madeira-substituem-louca-e-porcelana-em-banheiro\/#primaryimage","url":"https:\/\/jornalfatosenoticias.com.br\/wp-content\/uploads\/2023\/04\/banheiro-madeira-woodio-ciclovivo-1.jpg","contentUrl":"https:\/\/jornalfatosenoticias.com.br\/wp-content\/uploads\/2023\/04\/banheiro-madeira-woodio-ciclovivo-1.jpg","width":1000,"height":697},{"@type":"BreadcrumbList","@id":"https:\/\/jornalfatosenoticias.com.br\/index.php\/2023\/04\/10\/pecas-feitas-com-madeira-substituem-louca-e-porcelana-em-banheiro\/#breadcrumb","itemListElement":[{"@type":"ListItem","position":1,"name":"In\u00edcio","item":"https:\/\/jornalfatosenoticias.com.br\/"},{"@type":"ListItem","position":2,"name":"Pe\u00e7as feitas com madeira substituem lou\u00e7a e porcelana em banheiro"}]},{"@type":"WebSite","@id":"https:\/\/jornalfatosenoticias.com.br\/#website","url":"https:\/\/jornalfatosenoticias.com.br\/","name":"Jornal Fatos e Not\u00edcias","description":"Not\u00edcias em geral","publisher":{"@id":"https:\/\/jornalfatosenoticias.com.br\/#organization"},"potentialAction":[{"@type":"SearchAction","target":{"@type":"EntryPoint","urlTemplate":"https:\/\/jornalfatosenoticias.com.br\/?s={search_term_string}"},"query-input":{"@type":"PropertyValueSpecification","valueRequired":true,"valueName":"search_term_string"}}],"inLanguage":"pt-BR"},{"@type":"Organization","@id":"https:\/\/jornalfatosenoticias.com.br\/#organization","name":"Jornal Fatos e Not\u00edcias","url":"https:\/\/jornalfatosenoticias.com.br\/","logo":{"@type":"ImageObject","inLanguage":"pt-BR","@id":"https:\/\/jornalfatosenoticias.com.br\/#\/schema\/logo\/image\/","url":"https:\/\/jornalfatosenoticias.com.br\/wp-content\/uploads\/2020\/02\/logo120.png","contentUrl":"https:\/\/jornalfatosenoticias.com.br\/wp-content\/uploads\/2020\/02\/logo120.png","width":1227,"height":120,"caption":"Jornal Fatos e Not\u00edcias"},"image":{"@id":"https:\/\/jornalfatosenoticias.com.br\/#\/schema\/logo\/image\/"}},{"@type":"Person","@id":"https:\/\/jornalfatosenoticias.com.br\/#\/schema\/person\/d63837fa13ac8666eb9e74e0985d6f81","name":"Luzimara Fernandes","image":{"@type":"ImageObject","inLanguage":"pt-BR","@id":"https:\/\/jornalfatosenoticias.com.br\/#\/schema\/person\/image\/","url":"https:\/\/jornalfatosenoticias.com.br\/wp-content\/uploads\/2025\/05\/EU_portal.jpg","contentUrl":"https:\/\/jornalfatosenoticias.com.br\/wp-content\/uploads\/2025\/05\/EU_portal.jpg","caption":"Luzimara Fernandes"},"description":"Jornalista MTB 2358-ES","sameAs":["https:\/\/jornalfatosenoticias.com.br"],"url":"https:\/\/jornalfatosenoticias.com.br\/index.php\/author\/luzimara\/"}]}},"cc_featured_image_caption":{"caption_text":"(Foto: Woodio)","source_text":"","source_url":""},"jetpack_featured_media_url":"https:\/\/jornalfatosenoticias.com.br\/wp-content\/uploads\/2023\/04\/banheiro-madeira-woodio-ciclovivo-1.jpg","_links":{"self":[{"href":"https:\/\/jornalfatosenoticias.com.br\/index.php\/wp-json\/wp\/v2\/posts\/40436","targetHints":{"allow":["GET"]}}],"collection":[{"href":"https:\/\/jornalfatosenoticias.com.br\/index.php\/wp-json\/wp\/v2\/posts"}],"about":[{"href":"https:\/\/jornalfatosenoticias.com.br\/index.php\/wp-json\/wp\/v2\/types\/post"}],"author":[{"embeddable":true,"href":"https:\/\/jornalfatosenoticias.com.br\/index.php\/wp-json\/wp\/v2\/users\/2"}],"replies":[{"embeddable":true,"href":"https:\/\/jornalfatosenoticias.com.br\/index.php\/wp-json\/wp\/v2\/comments?post=40436"}],"version-history":[{"count":0,"href":"https:\/\/jornalfatosenoticias.com.br\/index.php\/wp-json\/wp\/v2\/posts\/40436\/revisions"}],"wp:featuredmedia":[{"embeddable":true,"href":"https:\/\/jornalfatosenoticias.com.br\/index.php\/wp-json\/wp\/v2\/media\/40440"}],"wp:attachment":[{"href":"https:\/\/jornalfatosenoticias.com.br\/index.php\/wp-json\/wp\/v2\/media?parent=40436"}],"wp:term":[{"taxonomy":"category","embeddable":true,"href":"https:\/\/jornalfatosenoticias.com.br\/index.php\/wp-json\/wp\/v2\/categories?post=40436"},{"taxonomy":"post_tag","embeddable":true,"href":"https:\/\/jornalfatosenoticias.com.br\/index.php\/wp-json\/wp\/v2\/tags?post=40436"}],"curies":[{"name":"wp","href":"https:\/\/api.w.org\/{rel}","templated":true}]}}