{"id":40442,"date":"2023-04-10T11:04:41","date_gmt":"2023-04-10T14:04:41","guid":{"rendered":"https:\/\/jornalfatosenoticias.com.br\/?p=40442"},"modified":"2023-04-10T11:04:42","modified_gmt":"2023-04-10T14:04:42","slug":"ingrediente-natural-potencializa-efeito-de-filtro-solar-em-mais-de-40","status":"publish","type":"post","link":"https:\/\/jornalfatosenoticias.com.br\/index.php\/2023\/04\/10\/ingrediente-natural-potencializa-efeito-de-filtro-solar-em-mais-de-40\/","title":{"rendered":"Ingrediente natural potencializa efeito de filtro solar em mais de 40%"},"content":{"rendered":"\n<p><em><span class=\"has-inline-color has-black-color\">Subst\u00e2ncia encontrada no alecrim e na s\u00e1lvia aumenta o valor de prote\u00e7\u00e3o solar e tem a\u00e7\u00e3o antioxidante na pele<\/span><\/em><\/p>\n\n\n\n<p><em><span class=\"has-inline-color has-black-color\">por <strong>Reda\u00e7\u00e3o CicloVivo<\/strong><\/span><\/em><\/p>\n\n\n\n<div class=\"wp-block-image\"><figure class=\"aligncenter size-large\"><img loading=\"lazy\" decoding=\"async\" width=\"300\" height=\"222\" src=\"https:\/\/jornalfatosenoticias.com.br\/wp-content\/uploads\/2023\/03\/logo_Juliana-Graca.jpg\" alt=\"\" class=\"wp-image-39283\"\/><\/figure><\/div>\n\n\n\n<p>Um artigo <a href=\"https:\/\/www.mdpi.com\/2079-9284\/10\/1\/11\" target=\"_blank\" rel=\"noreferrer noopener\">publicado na revista Cosmetics<\/a> descreve trabalho que incorporou a protetores solares um ingrediente ativo antioxidante, o \u00e1cido rosmar\u00ednico, junto a dois tradicionais filtros ultravioleta, um contra a radia\u00e7\u00e3o UVB, o metoxicinamato de octila, e outro contra a UVA, a avobenzona.<br>O grupo de pesquisa obteve aumento da efic\u00e1cia do sistema <a href=\"https:\/\/ciclovivo.com.br\/vida-sustentavel\/bem-estar\/verao-e-calor-7-mitos-e-verdades-sobre-protecao-solar\/\" target=\"_blank\" rel=\"noreferrer noopener\">fotoprotetor<\/a> com a adi\u00e7\u00e3o de somente 0,1% do \u00e1cido rosmar\u00ednico, uma concentra\u00e7\u00e3o bem reduzida em compara\u00e7\u00e3o com as normalmente encontradas nos filtros ultravioletas tradicionais. O resultado melhorou o desempenho dos produtos sem a necessidade de aumentar as concentra\u00e7\u00f5es dos princ\u00edpios ativos, reduzindo tanto a aplica\u00e7\u00e3o no corpo quanto o descarte de maiores propor\u00e7\u00f5es de subst\u00e2ncias qu\u00edmicas sint\u00e9ticas no ambiente.<\/p>\n\n\n\n<div class=\"wp-block-image\"><figure class=\"aligncenter size-large\"><img loading=\"lazy\" decoding=\"async\" width=\"300\" height=\"250\" src=\"https:\/\/jornalfatosenoticias.com.br\/wp-content\/uploads\/2022\/02\/Banner-2.png\" alt=\"\" class=\"wp-image-27877\"\/><\/figure><\/div>\n\n\n\n<p>Foi obtido um aumento superior a 41% do valor do fator de <a href=\"https:\/\/ciclovivo.com.br\/vida-sustentavel\/bem-estar\/dezembro-laranja-como-prevenir-e-identificar-o-cancer-de-pele\/\" target=\"_blank\" rel=\"noreferrer noopener\">prote\u00e7\u00e3o solar<\/a> (FPS: quanto maior, mais protegida est\u00e1 a pele da radia\u00e7\u00e3o solar) tanto in vitro quanto em seres humanos. Outra vantagem foi que, ao adicionar \u00e0 mistura dos filtros o \u00e1cido rosmar\u00ednico, as amostras adquiriram propriedades multifuncionais: o sistema passou a ter, al\u00e9m do desempenho fotoprotetor, atividade antioxidante para a <a href=\"https:\/\/ciclovivo.com.br\/mao-na-massa\/faca-voce-mesmo\/8-hidratantes-naturais-e-poderosos-para-sua-pele\/\" target=\"_blank\" rel=\"noreferrer noopener\">pele<\/a>, podendo agir como, por exemplo, um produto cosm\u00e9tico com a\u00e7\u00e3o antienvelhecimento.<\/p>\n\n\n\n<div class=\"wp-block-image\"><figure class=\"aligncenter size-large is-resized\"><img loading=\"lazy\" decoding=\"async\" src=\"https:\/\/jornalfatosenoticias.com.br\/wp-content\/uploads\/2020\/02\/casa-do-torresmo_portal.jpg\" alt=\"\" class=\"wp-image-34472\" width=\"282\" height=\"282\" srcset=\"https:\/\/jornalfatosenoticias.com.br\/wp-content\/uploads\/2020\/02\/casa-do-torresmo_portal.jpg 300w, https:\/\/jornalfatosenoticias.com.br\/wp-content\/uploads\/2020\/02\/casa-do-torresmo_portal-150x150.jpg 150w\" sizes=\"auto, (max-width: 282px) 100vw, 282px\" \/><\/figure><\/div>\n\n\n\n<blockquote class=\"wp-block-quote is-layout-flow wp-block-quote-is-layout-flow\"><p><span class=\"has-inline-color has-luminous-vivid-orange-color\">O interesse do nosso grupo de pesquisa ao investigar sistemas fotoprotetores est\u00e1 em avaliar potenciais estrat\u00e9gias para melhorar o desempenho dos protetores solares, isto \u00e9, descobrir meios para aumentar a prote\u00e7\u00e3o da pele contra a radia\u00e7\u00e3o proveniente do sol e, ainda, melhorar o perfil de estabilidade do produto para que se mantenha por mais tempo \u00edntegro, seguro e eficaz\u201d, diz o farmac\u00eautico e bioqu\u00edmico <a href=\"https:\/\/bv.fapesp.br\/pt\/pesquisador\/33489\/andre-rolim-baby\/\" target=\"_blank\" rel=\"noreferrer noopener\">Andr\u00e9 Rolim Baby<\/a>, professor da Faculdade de Ci\u00eancias Farmac\u00eauticas da Universidade de S\u00e3o Paulo (FCF-USP).<\/span><\/p><\/blockquote>\n\n\n\n<div class=\"wp-block-image\"><figure class=\"aligncenter size-large is-resized\"><img loading=\"lazy\" decoding=\"async\" src=\"https:\/\/jornalfatosenoticias.com.br\/wp-content\/uploads\/2022\/10\/Arte-jornal-Zucchi-600x600_Prancheta-1-1024x1024.jpg\" alt=\"\" class=\"wp-image-34782\" width=\"272\" height=\"272\" srcset=\"https:\/\/jornalfatosenoticias.com.br\/wp-content\/uploads\/2022\/10\/Arte-jornal-Zucchi-600x600_Prancheta-1-1024x1024.jpg 1024w, https:\/\/jornalfatosenoticias.com.br\/wp-content\/uploads\/2022\/10\/Arte-jornal-Zucchi-600x600_Prancheta-1-300x300.jpg 300w, https:\/\/jornalfatosenoticias.com.br\/wp-content\/uploads\/2022\/10\/Arte-jornal-Zucchi-600x600_Prancheta-1-150x150.jpg 150w, https:\/\/jornalfatosenoticias.com.br\/wp-content\/uploads\/2022\/10\/Arte-jornal-Zucchi-600x600_Prancheta-1-768x768.jpg 768w, https:\/\/jornalfatosenoticias.com.br\/wp-content\/uploads\/2022\/10\/Arte-jornal-Zucchi-600x600_Prancheta-1.jpg 1250w\" sizes=\"auto, (max-width: 272px) 100vw, 272px\" \/><\/figure><\/div>\n\n\n\n<p>\u201cTamb\u00e9m buscamos produtos ou sistemas com menor impacto ambiental, quando h\u00e1 a possibilidade de reduzir a concentra\u00e7\u00e3o dos filtros tradicionais por meio da incorpora\u00e7\u00e3o de <a href=\"https:\/\/ciclovivo.com.br\/mao-na-massa\/faca-voce-mesmo\/aprenda-a-fazer-creme-de-arnica-natural-e-caseiro\/\" target=\"_blank\" rel=\"noreferrer noopener\">ingredientes naturais<\/a> que contribuem com melhorias na formula\u00e7\u00e3o, e temos um grande interesse em mapear outras propriedades cosm\u00e9ticas das mol\u00e9culas fotoprotetoras, como, por exemplo, a\u00e7\u00e3o antirradicalar [contra radicais livres] e protetora de biomarcadores das camadas mais externas da pele\u201d, completa o farmac\u00eautico.<\/p>\n\n\n\n<div class=\"wp-block-image\"><figure class=\"aligncenter size-large is-resized\"><img loading=\"lazy\" decoding=\"async\" src=\"https:\/\/jornalfatosenoticias.com.br\/wp-content\/uploads\/2022\/07\/Logo-Grupo-SEI.jpg\" alt=\"\" class=\"wp-image-31973\" width=\"332\" height=\"174\" srcset=\"https:\/\/jornalfatosenoticias.com.br\/wp-content\/uploads\/2022\/07\/Logo-Grupo-SEI.jpg 713w, https:\/\/jornalfatosenoticias.com.br\/wp-content\/uploads\/2022\/07\/Logo-Grupo-SEI-300x158.jpg 300w\" sizes=\"auto, (max-width: 332px) 100vw, 332px\" \/><\/figure><\/div>\n\n\n\n<p><strong><span class=\"has-inline-color has-vivid-purple-color\">Composto multifuncional<br><\/span><\/strong>A investiga\u00e7\u00e3o foi parte de um projeto <a href=\"https:\/\/bv.fapesp.br\/pt\/auxilios\/106137\/estabelecimento-ex-vivo-e-in-vivo-de-novas-propriedades-quimiopreventivas-de-filtros-solares\/?q=2019\/16169-0\" target=\"_blank\" rel=\"noreferrer noopener\">apoiado pela Fapesp<\/a>, cujo objetivo foi mapear propriedades quimiopreventivas de filtros solares ultravioleta diversos.<br>O \u00e1cido rosmar\u00ednico, uma subst\u00e2ncia polifen\u00f3lica encontrada em plantas como <a href=\"https:\/\/ciclovivo.com.br\/mao-na-massa\/horta\/como-plantar-alecrim\/\" target=\"_blank\" rel=\"noreferrer noopener\">alecrim<\/a> e s\u00e1lvia, tem diversos atributos biol\u00f3gicos, al\u00e9m do antioxidante: \u00e9 antiviral, anti-inflamat\u00f3rio, imunomodulador, antibi\u00f3tico e antineopl\u00e1sico. Em artigo de revis\u00e3o publicado em 2022 na revista Nutrients intitulado <a href=\"https:\/\/www.mdpi.com\/2072-6643\/14\/6\/1248\" target=\"_blank\" rel=\"noreferrer noopener\">Dietary Supplements and the Skin: Focus on Photoprotection and Antioxidant Activiy \u2014 A Review<\/a>, o grupo de pesquisa ressaltou o uso e os benef\u00edcios dessa subst\u00e2ncia como suplemento alimentar com impacto em variados aspectos cosm\u00e9ticos da pele, como aumento da firmeza cut\u00e2nea e redu\u00e7\u00e3o de rugas. <\/p>\n\n\n\n<div class=\"wp-block-image\"><figure class=\"aligncenter size-large is-resized\"><img loading=\"lazy\" decoding=\"async\" src=\"https:\/\/jornalfatosenoticias.com.br\/wp-content\/uploads\/2022\/02\/Precisao-Contabilidade-1024x724.jpg\" alt=\"\" class=\"wp-image-28088\" width=\"349\" height=\"247\"\/><\/figure><\/div>\n\n\n\n<blockquote class=\"wp-block-quote is-layout-flow wp-block-quote-is-layout-flow\"><p><span class=\"has-inline-color has-luminous-vivid-orange-color\">Em outra investiga\u00e7\u00e3o, verificamos que o \u00e1cido rosmar\u00ednico tem potencial efeito no aumento da hidrata\u00e7\u00e3o superficial da pele, resultado que refor\u00e7a a necessidade de mais estudos sobre essa subst\u00e2ncia na \u00e1rea da cosmetologia\u201d, complementa Baby.<\/span><\/p><\/blockquote>\n\n\n\n<div class=\"wp-block-image\"><figure class=\"aligncenter size-large is-resized\"><img loading=\"lazy\" decoding=\"async\" src=\"https:\/\/jornalfatosenoticias.com.br\/wp-content\/uploads\/2023\/03\/Crypton-1000-\u00d7-900-px-300x270-1.png\" alt=\"\" class=\"wp-image-40206\" width=\"273\" height=\"246\"\/><\/figure><\/div>\n\n\n\n<p>Nos ensaios in vitro, foi usado um equipamento exclusivo para o estabelecimento de par\u00e2metros da prote\u00e7\u00e3o solar, chamado Labsphere UV2000S, adquirido com <a href=\"https:\/\/bv.fapesp.br\/pt\/auxilios\/25315\/fotoprotetores-de-amplo-espectro-desenvolvimento-conceitual-e-pratico-de-fotoprotetores-bioativos\/?q=2008\/57800-0\" target=\"_blank\" rel=\"noreferrer noopener\">financiamento da Fapesp.<\/a><\/p>\n\n\n\n<p><strong><em>Fonte: <a href=\"https:\/\/ciclovivo.com.br\/vida-sustentavel\/bem-estar\/ingrediente-natural-potencializa-efeito-de-filtro-solar-em-mais-de-40\/\">CicloVivo<\/a><\/em><\/strong><\/p>\n","protected":false},"excerpt":{"rendered":"<p>Subst\u00e2ncia encontrada no alecrim e na s\u00e1lvia aumenta o valor de prote\u00e7\u00e3o solar e tem a\u00e7\u00e3o antioxidante na pele por Reda\u00e7\u00e3o CicloVivo Um artigo publicado na revista Cosmetics descreve trabalho que incorporou a protetores solares um ingrediente ativo antioxidante, o \u00e1cido rosmar\u00ednico, junto a dois tradicionais filtros ultravioleta, um contra a radia\u00e7\u00e3o UVB, o metoxicinamato [&hellip;]<\/p>\n","protected":false},"author":2,"featured_media":40443,"comment_status":"open","ping_status":"open","sticky":false,"template":"","format":"standard","meta":{"footnotes":""},"categories":[42],"tags":[4379,18949,18950,18951,18952,2585,12191,4680],"class_list":["post-40442","post","type-post","status-publish","format-standard","has-post-thumbnail","hentry","category-bem-estar","tag-alecrim","tag-cosmetico-natural","tag-cuidados-com-a-pele","tag-filtro-solar","tag-ingredientes-naturais","tag-pele","tag-protetor-solar","tag-salvia"],"yoast_head":"<!-- This site is optimized with the Yoast SEO plugin v26.5 - https:\/\/yoast.com\/wordpress\/plugins\/seo\/ -->\n<title>Ingrediente natural potencializa efeito de filtro solar em mais de 40% - Jornal Fatos e Not\u00edcias<\/title>\n<meta name=\"robots\" content=\"index, follow, max-snippet:-1, max-image-preview:large, max-video-preview:-1\" \/>\n<link rel=\"canonical\" href=\"https:\/\/jornalfatosenoticias.com.br\/index.php\/2023\/04\/10\/ingrediente-natural-potencializa-efeito-de-filtro-solar-em-mais-de-40\/\" \/>\n<meta property=\"og:locale\" content=\"pt_BR\" \/>\n<meta property=\"og:type\" content=\"article\" \/>\n<meta property=\"og:title\" content=\"Ingrediente natural potencializa efeito de filtro solar em mais de 40% - Jornal Fatos e Not\u00edcias\" \/>\n<meta property=\"og:description\" content=\"Subst\u00e2ncia encontrada no alecrim e na s\u00e1lvia aumenta o valor de prote\u00e7\u00e3o solar e tem a\u00e7\u00e3o antioxidante na pele por Reda\u00e7\u00e3o CicloVivo Um artigo publicado na revista Cosmetics descreve trabalho que incorporou a protetores solares um ingrediente ativo antioxidante, o \u00e1cido rosmar\u00ednico, junto a dois tradicionais filtros ultravioleta, um contra a radia\u00e7\u00e3o UVB, o metoxicinamato [&hellip;]\" \/>\n<meta property=\"og:url\" content=\"https:\/\/jornalfatosenoticias.com.br\/index.php\/2023\/04\/10\/ingrediente-natural-potencializa-efeito-de-filtro-solar-em-mais-de-40\/\" \/>\n<meta property=\"og:site_name\" content=\"Jornal Fatos e Not\u00edcias\" \/>\n<meta property=\"article:published_time\" content=\"2023-04-10T14:04:41+00:00\" \/>\n<meta property=\"article:modified_time\" content=\"2023-04-10T14:04:42+00:00\" \/>\n<meta property=\"og:image\" content=\"https:\/\/jornalfatosenoticias.com.br\/wp-content\/uploads\/2023\/04\/filtro-solar-BEBE_Getty-Images_iStockphoto.jpg\" \/>\n\t<meta property=\"og:image:width\" content=\"1000\" \/>\n\t<meta property=\"og:image:height\" content=\"667\" \/>\n\t<meta property=\"og:image:type\" content=\"image\/jpeg\" \/>\n<meta name=\"author\" content=\"Luzimara Fernandes\" \/>\n<meta name=\"twitter:card\" content=\"summary_large_image\" \/>\n<meta name=\"twitter:label1\" content=\"Escrito por\" \/>\n\t<meta name=\"twitter:data1\" content=\"Luzimara Fernandes\" \/>\n\t<meta name=\"twitter:label2\" content=\"Est. tempo de leitura\" \/>\n\t<meta name=\"twitter:data2\" content=\"3 minutos\" \/>\n<script type=\"application\/ld+json\" class=\"yoast-schema-graph\">{\"@context\":\"https:\/\/schema.org\",\"@graph\":[{\"@type\":\"Article\",\"@id\":\"https:\/\/jornalfatosenoticias.com.br\/index.php\/2023\/04\/10\/ingrediente-natural-potencializa-efeito-de-filtro-solar-em-mais-de-40\/#article\",\"isPartOf\":{\"@id\":\"https:\/\/jornalfatosenoticias.com.br\/index.php\/2023\/04\/10\/ingrediente-natural-potencializa-efeito-de-filtro-solar-em-mais-de-40\/\"},\"author\":{\"name\":\"Luzimara Fernandes\",\"@id\":\"https:\/\/jornalfatosenoticias.com.br\/#\/schema\/person\/d63837fa13ac8666eb9e74e0985d6f81\"},\"headline\":\"Ingrediente natural potencializa efeito de filtro solar em mais de 40%\",\"datePublished\":\"2023-04-10T14:04:41+00:00\",\"dateModified\":\"2023-04-10T14:04:42+00:00\",\"mainEntityOfPage\":{\"@id\":\"https:\/\/jornalfatosenoticias.com.br\/index.php\/2023\/04\/10\/ingrediente-natural-potencializa-efeito-de-filtro-solar-em-mais-de-40\/\"},\"wordCount\":591,\"commentCount\":0,\"publisher\":{\"@id\":\"https:\/\/jornalfatosenoticias.com.br\/#organization\"},\"image\":{\"@id\":\"https:\/\/jornalfatosenoticias.com.br\/index.php\/2023\/04\/10\/ingrediente-natural-potencializa-efeito-de-filtro-solar-em-mais-de-40\/#primaryimage\"},\"thumbnailUrl\":\"https:\/\/jornalfatosenoticias.com.br\/wp-content\/uploads\/2023\/04\/filtro-solar-BEBE_Getty-Images_iStockphoto.jpg\",\"keywords\":[\"alecrim\",\"cosm\u00e9tico natural\",\"cuidados com a pele\",\"filtro solar\",\"ingredientes naturais\",\"pele\",\"protetor solar\",\"s\u00e1lvia\"],\"articleSection\":[\"Bem-estar\"],\"inLanguage\":\"pt-BR\",\"potentialAction\":[{\"@type\":\"CommentAction\",\"name\":\"Comment\",\"target\":[\"https:\/\/jornalfatosenoticias.com.br\/index.php\/2023\/04\/10\/ingrediente-natural-potencializa-efeito-de-filtro-solar-em-mais-de-40\/#respond\"]}]},{\"@type\":\"WebPage\",\"@id\":\"https:\/\/jornalfatosenoticias.com.br\/index.php\/2023\/04\/10\/ingrediente-natural-potencializa-efeito-de-filtro-solar-em-mais-de-40\/\",\"url\":\"https:\/\/jornalfatosenoticias.com.br\/index.php\/2023\/04\/10\/ingrediente-natural-potencializa-efeito-de-filtro-solar-em-mais-de-40\/\",\"name\":\"Ingrediente natural potencializa efeito de filtro solar em mais de 40% - Jornal Fatos e Not\u00edcias\",\"isPartOf\":{\"@id\":\"https:\/\/jornalfatosenoticias.com.br\/#website\"},\"primaryImageOfPage\":{\"@id\":\"https:\/\/jornalfatosenoticias.com.br\/index.php\/2023\/04\/10\/ingrediente-natural-potencializa-efeito-de-filtro-solar-em-mais-de-40\/#primaryimage\"},\"image\":{\"@id\":\"https:\/\/jornalfatosenoticias.com.br\/index.php\/2023\/04\/10\/ingrediente-natural-potencializa-efeito-de-filtro-solar-em-mais-de-40\/#primaryimage\"},\"thumbnailUrl\":\"https:\/\/jornalfatosenoticias.com.br\/wp-content\/uploads\/2023\/04\/filtro-solar-BEBE_Getty-Images_iStockphoto.jpg\",\"datePublished\":\"2023-04-10T14:04:41+00:00\",\"dateModified\":\"2023-04-10T14:04:42+00:00\",\"breadcrumb\":{\"@id\":\"https:\/\/jornalfatosenoticias.com.br\/index.php\/2023\/04\/10\/ingrediente-natural-potencializa-efeito-de-filtro-solar-em-mais-de-40\/#breadcrumb\"},\"inLanguage\":\"pt-BR\",\"potentialAction\":[{\"@type\":\"ReadAction\",\"target\":[\"https:\/\/jornalfatosenoticias.com.br\/index.php\/2023\/04\/10\/ingrediente-natural-potencializa-efeito-de-filtro-solar-em-mais-de-40\/\"]}]},{\"@type\":\"ImageObject\",\"inLanguage\":\"pt-BR\",\"@id\":\"https:\/\/jornalfatosenoticias.com.br\/index.php\/2023\/04\/10\/ingrediente-natural-potencializa-efeito-de-filtro-solar-em-mais-de-40\/#primaryimage\",\"url\":\"https:\/\/jornalfatosenoticias.com.br\/wp-content\/uploads\/2023\/04\/filtro-solar-BEBE_Getty-Images_iStockphoto.jpg\",\"contentUrl\":\"https:\/\/jornalfatosenoticias.com.br\/wp-content\/uploads\/2023\/04\/filtro-solar-BEBE_Getty-Images_iStockphoto.jpg\",\"width\":1000,\"height\":667},{\"@type\":\"BreadcrumbList\",\"@id\":\"https:\/\/jornalfatosenoticias.com.br\/index.php\/2023\/04\/10\/ingrediente-natural-potencializa-efeito-de-filtro-solar-em-mais-de-40\/#breadcrumb\",\"itemListElement\":[{\"@type\":\"ListItem\",\"position\":1,\"name\":\"In\u00edcio\",\"item\":\"https:\/\/jornalfatosenoticias.com.br\/\"},{\"@type\":\"ListItem\",\"position\":2,\"name\":\"Ingrediente natural potencializa efeito de filtro solar em mais de 40%\"}]},{\"@type\":\"WebSite\",\"@id\":\"https:\/\/jornalfatosenoticias.com.br\/#website\",\"url\":\"https:\/\/jornalfatosenoticias.com.br\/\",\"name\":\"Jornal Fatos e Not\u00edcias\",\"description\":\"Not\u00edcias em geral\",\"publisher\":{\"@id\":\"https:\/\/jornalfatosenoticias.com.br\/#organization\"},\"potentialAction\":[{\"@type\":\"SearchAction\",\"target\":{\"@type\":\"EntryPoint\",\"urlTemplate\":\"https:\/\/jornalfatosenoticias.com.br\/?s={search_term_string}\"},\"query-input\":{\"@type\":\"PropertyValueSpecification\",\"valueRequired\":true,\"valueName\":\"search_term_string\"}}],\"inLanguage\":\"pt-BR\"},{\"@type\":\"Organization\",\"@id\":\"https:\/\/jornalfatosenoticias.com.br\/#organization\",\"name\":\"Jornal Fatos e Not\u00edcias\",\"url\":\"https:\/\/jornalfatosenoticias.com.br\/\",\"logo\":{\"@type\":\"ImageObject\",\"inLanguage\":\"pt-BR\",\"@id\":\"https:\/\/jornalfatosenoticias.com.br\/#\/schema\/logo\/image\/\",\"url\":\"https:\/\/jornalfatosenoticias.com.br\/wp-content\/uploads\/2020\/02\/logo120.png\",\"contentUrl\":\"https:\/\/jornalfatosenoticias.com.br\/wp-content\/uploads\/2020\/02\/logo120.png\",\"width\":1227,\"height\":120,\"caption\":\"Jornal Fatos e Not\u00edcias\"},\"image\":{\"@id\":\"https:\/\/jornalfatosenoticias.com.br\/#\/schema\/logo\/image\/\"}},{\"@type\":\"Person\",\"@id\":\"https:\/\/jornalfatosenoticias.com.br\/#\/schema\/person\/d63837fa13ac8666eb9e74e0985d6f81\",\"name\":\"Luzimara Fernandes\",\"image\":{\"@type\":\"ImageObject\",\"inLanguage\":\"pt-BR\",\"@id\":\"https:\/\/jornalfatosenoticias.com.br\/#\/schema\/person\/image\/\",\"url\":\"https:\/\/jornalfatosenoticias.com.br\/wp-content\/uploads\/2025\/05\/EU_portal.jpg\",\"contentUrl\":\"https:\/\/jornalfatosenoticias.com.br\/wp-content\/uploads\/2025\/05\/EU_portal.jpg\",\"caption\":\"Luzimara Fernandes\"},\"description\":\"Jornalista MTB 2358-ES\",\"sameAs\":[\"https:\/\/jornalfatosenoticias.com.br\"],\"url\":\"https:\/\/jornalfatosenoticias.com.br\/index.php\/author\/luzimara\/\"}]}<\/script>\n<!-- \/ Yoast SEO plugin. -->","yoast_head_json":{"title":"Ingrediente natural potencializa efeito de filtro solar em mais de 40% - Jornal Fatos e Not\u00edcias","robots":{"index":"index","follow":"follow","max-snippet":"max-snippet:-1","max-image-preview":"max-image-preview:large","max-video-preview":"max-video-preview:-1"},"canonical":"https:\/\/jornalfatosenoticias.com.br\/index.php\/2023\/04\/10\/ingrediente-natural-potencializa-efeito-de-filtro-solar-em-mais-de-40\/","og_locale":"pt_BR","og_type":"article","og_title":"Ingrediente natural potencializa efeito de filtro solar em mais de 40% - Jornal Fatos e Not\u00edcias","og_description":"Subst\u00e2ncia encontrada no alecrim e na s\u00e1lvia aumenta o valor de prote\u00e7\u00e3o solar e tem a\u00e7\u00e3o antioxidante na pele por Reda\u00e7\u00e3o CicloVivo Um artigo publicado na revista Cosmetics descreve trabalho que incorporou a protetores solares um ingrediente ativo antioxidante, o \u00e1cido rosmar\u00ednico, junto a dois tradicionais filtros ultravioleta, um contra a radia\u00e7\u00e3o UVB, o metoxicinamato [&hellip;]","og_url":"https:\/\/jornalfatosenoticias.com.br\/index.php\/2023\/04\/10\/ingrediente-natural-potencializa-efeito-de-filtro-solar-em-mais-de-40\/","og_site_name":"Jornal Fatos e Not\u00edcias","article_published_time":"2023-04-10T14:04:41+00:00","article_modified_time":"2023-04-10T14:04:42+00:00","og_image":[{"width":1000,"height":667,"url":"https:\/\/jornalfatosenoticias.com.br\/wp-content\/uploads\/2023\/04\/filtro-solar-BEBE_Getty-Images_iStockphoto.jpg","type":"image\/jpeg"}],"author":"Luzimara Fernandes","twitter_card":"summary_large_image","twitter_misc":{"Escrito por":"Luzimara Fernandes","Est. tempo de leitura":"3 minutos"},"schema":{"@context":"https:\/\/schema.org","@graph":[{"@type":"Article","@id":"https:\/\/jornalfatosenoticias.com.br\/index.php\/2023\/04\/10\/ingrediente-natural-potencializa-efeito-de-filtro-solar-em-mais-de-40\/#article","isPartOf":{"@id":"https:\/\/jornalfatosenoticias.com.br\/index.php\/2023\/04\/10\/ingrediente-natural-potencializa-efeito-de-filtro-solar-em-mais-de-40\/"},"author":{"name":"Luzimara Fernandes","@id":"https:\/\/jornalfatosenoticias.com.br\/#\/schema\/person\/d63837fa13ac8666eb9e74e0985d6f81"},"headline":"Ingrediente natural potencializa efeito de filtro solar em mais de 40%","datePublished":"2023-04-10T14:04:41+00:00","dateModified":"2023-04-10T14:04:42+00:00","mainEntityOfPage":{"@id":"https:\/\/jornalfatosenoticias.com.br\/index.php\/2023\/04\/10\/ingrediente-natural-potencializa-efeito-de-filtro-solar-em-mais-de-40\/"},"wordCount":591,"commentCount":0,"publisher":{"@id":"https:\/\/jornalfatosenoticias.com.br\/#organization"},"image":{"@id":"https:\/\/jornalfatosenoticias.com.br\/index.php\/2023\/04\/10\/ingrediente-natural-potencializa-efeito-de-filtro-solar-em-mais-de-40\/#primaryimage"},"thumbnailUrl":"https:\/\/jornalfatosenoticias.com.br\/wp-content\/uploads\/2023\/04\/filtro-solar-BEBE_Getty-Images_iStockphoto.jpg","keywords":["alecrim","cosm\u00e9tico natural","cuidados com a pele","filtro solar","ingredientes naturais","pele","protetor solar","s\u00e1lvia"],"articleSection":["Bem-estar"],"inLanguage":"pt-BR","potentialAction":[{"@type":"CommentAction","name":"Comment","target":["https:\/\/jornalfatosenoticias.com.br\/index.php\/2023\/04\/10\/ingrediente-natural-potencializa-efeito-de-filtro-solar-em-mais-de-40\/#respond"]}]},{"@type":"WebPage","@id":"https:\/\/jornalfatosenoticias.com.br\/index.php\/2023\/04\/10\/ingrediente-natural-potencializa-efeito-de-filtro-solar-em-mais-de-40\/","url":"https:\/\/jornalfatosenoticias.com.br\/index.php\/2023\/04\/10\/ingrediente-natural-potencializa-efeito-de-filtro-solar-em-mais-de-40\/","name":"Ingrediente natural potencializa efeito de filtro solar em mais de 40% - Jornal Fatos e Not\u00edcias","isPartOf":{"@id":"https:\/\/jornalfatosenoticias.com.br\/#website"},"primaryImageOfPage":{"@id":"https:\/\/jornalfatosenoticias.com.br\/index.php\/2023\/04\/10\/ingrediente-natural-potencializa-efeito-de-filtro-solar-em-mais-de-40\/#primaryimage"},"image":{"@id":"https:\/\/jornalfatosenoticias.com.br\/index.php\/2023\/04\/10\/ingrediente-natural-potencializa-efeito-de-filtro-solar-em-mais-de-40\/#primaryimage"},"thumbnailUrl":"https:\/\/jornalfatosenoticias.com.br\/wp-content\/uploads\/2023\/04\/filtro-solar-BEBE_Getty-Images_iStockphoto.jpg","datePublished":"2023-04-10T14:04:41+00:00","dateModified":"2023-04-10T14:04:42+00:00","breadcrumb":{"@id":"https:\/\/jornalfatosenoticias.com.br\/index.php\/2023\/04\/10\/ingrediente-natural-potencializa-efeito-de-filtro-solar-em-mais-de-40\/#breadcrumb"},"inLanguage":"pt-BR","potentialAction":[{"@type":"ReadAction","target":["https:\/\/jornalfatosenoticias.com.br\/index.php\/2023\/04\/10\/ingrediente-natural-potencializa-efeito-de-filtro-solar-em-mais-de-40\/"]}]},{"@type":"ImageObject","inLanguage":"pt-BR","@id":"https:\/\/jornalfatosenoticias.com.br\/index.php\/2023\/04\/10\/ingrediente-natural-potencializa-efeito-de-filtro-solar-em-mais-de-40\/#primaryimage","url":"https:\/\/jornalfatosenoticias.com.br\/wp-content\/uploads\/2023\/04\/filtro-solar-BEBE_Getty-Images_iStockphoto.jpg","contentUrl":"https:\/\/jornalfatosenoticias.com.br\/wp-content\/uploads\/2023\/04\/filtro-solar-BEBE_Getty-Images_iStockphoto.jpg","width":1000,"height":667},{"@type":"BreadcrumbList","@id":"https:\/\/jornalfatosenoticias.com.br\/index.php\/2023\/04\/10\/ingrediente-natural-potencializa-efeito-de-filtro-solar-em-mais-de-40\/#breadcrumb","itemListElement":[{"@type":"ListItem","position":1,"name":"In\u00edcio","item":"https:\/\/jornalfatosenoticias.com.br\/"},{"@type":"ListItem","position":2,"name":"Ingrediente natural potencializa efeito de filtro solar em mais de 40%"}]},{"@type":"WebSite","@id":"https:\/\/jornalfatosenoticias.com.br\/#website","url":"https:\/\/jornalfatosenoticias.com.br\/","name":"Jornal Fatos e Not\u00edcias","description":"Not\u00edcias em geral","publisher":{"@id":"https:\/\/jornalfatosenoticias.com.br\/#organization"},"potentialAction":[{"@type":"SearchAction","target":{"@type":"EntryPoint","urlTemplate":"https:\/\/jornalfatosenoticias.com.br\/?s={search_term_string}"},"query-input":{"@type":"PropertyValueSpecification","valueRequired":true,"valueName":"search_term_string"}}],"inLanguage":"pt-BR"},{"@type":"Organization","@id":"https:\/\/jornalfatosenoticias.com.br\/#organization","name":"Jornal Fatos e Not\u00edcias","url":"https:\/\/jornalfatosenoticias.com.br\/","logo":{"@type":"ImageObject","inLanguage":"pt-BR","@id":"https:\/\/jornalfatosenoticias.com.br\/#\/schema\/logo\/image\/","url":"https:\/\/jornalfatosenoticias.com.br\/wp-content\/uploads\/2020\/02\/logo120.png","contentUrl":"https:\/\/jornalfatosenoticias.com.br\/wp-content\/uploads\/2020\/02\/logo120.png","width":1227,"height":120,"caption":"Jornal Fatos e Not\u00edcias"},"image":{"@id":"https:\/\/jornalfatosenoticias.com.br\/#\/schema\/logo\/image\/"}},{"@type":"Person","@id":"https:\/\/jornalfatosenoticias.com.br\/#\/schema\/person\/d63837fa13ac8666eb9e74e0985d6f81","name":"Luzimara Fernandes","image":{"@type":"ImageObject","inLanguage":"pt-BR","@id":"https:\/\/jornalfatosenoticias.com.br\/#\/schema\/person\/image\/","url":"https:\/\/jornalfatosenoticias.com.br\/wp-content\/uploads\/2025\/05\/EU_portal.jpg","contentUrl":"https:\/\/jornalfatosenoticias.com.br\/wp-content\/uploads\/2025\/05\/EU_portal.jpg","caption":"Luzimara Fernandes"},"description":"Jornalista MTB 2358-ES","sameAs":["https:\/\/jornalfatosenoticias.com.br"],"url":"https:\/\/jornalfatosenoticias.com.br\/index.php\/author\/luzimara\/"}]}},"cc_featured_image_caption":{"caption_text":"(Foto: Getty Images\/iStockphoto)","source_text":"","source_url":""},"jetpack_featured_media_url":"https:\/\/jornalfatosenoticias.com.br\/wp-content\/uploads\/2023\/04\/filtro-solar-BEBE_Getty-Images_iStockphoto.jpg","_links":{"self":[{"href":"https:\/\/jornalfatosenoticias.com.br\/index.php\/wp-json\/wp\/v2\/posts\/40442","targetHints":{"allow":["GET"]}}],"collection":[{"href":"https:\/\/jornalfatosenoticias.com.br\/index.php\/wp-json\/wp\/v2\/posts"}],"about":[{"href":"https:\/\/jornalfatosenoticias.com.br\/index.php\/wp-json\/wp\/v2\/types\/post"}],"author":[{"embeddable":true,"href":"https:\/\/jornalfatosenoticias.com.br\/index.php\/wp-json\/wp\/v2\/users\/2"}],"replies":[{"embeddable":true,"href":"https:\/\/jornalfatosenoticias.com.br\/index.php\/wp-json\/wp\/v2\/comments?post=40442"}],"version-history":[{"count":0,"href":"https:\/\/jornalfatosenoticias.com.br\/index.php\/wp-json\/wp\/v2\/posts\/40442\/revisions"}],"wp:featuredmedia":[{"embeddable":true,"href":"https:\/\/jornalfatosenoticias.com.br\/index.php\/wp-json\/wp\/v2\/media\/40443"}],"wp:attachment":[{"href":"https:\/\/jornalfatosenoticias.com.br\/index.php\/wp-json\/wp\/v2\/media?parent=40442"}],"wp:term":[{"taxonomy":"category","embeddable":true,"href":"https:\/\/jornalfatosenoticias.com.br\/index.php\/wp-json\/wp\/v2\/categories?post=40442"},{"taxonomy":"post_tag","embeddable":true,"href":"https:\/\/jornalfatosenoticias.com.br\/index.php\/wp-json\/wp\/v2\/tags?post=40442"}],"curies":[{"name":"wp","href":"https:\/\/api.w.org\/{rel}","templated":true}]}}