{"id":40449,"date":"2023-04-10T11:23:03","date_gmt":"2023-04-10T14:23:03","guid":{"rendered":"https:\/\/jornalfatosenoticias.com.br\/?p=40449"},"modified":"2023-04-10T11:23:04","modified_gmt":"2023-04-10T14:23:04","slug":"escola-bosque-em-belem-preserva-especies-da-flora-amazonica-ameacadas-de-extincao","status":"publish","type":"post","link":"https:\/\/jornalfatosenoticias.com.br\/index.php\/2023\/04\/10\/escola-bosque-em-belem-preserva-especies-da-flora-amazonica-ameacadas-de-extincao\/","title":{"rendered":"Escola Bosque em Bel\u00e9m preserva esp\u00e9cies da flora amaz\u00f4nica amea\u00e7adas de extin\u00e7\u00e3o"},"content":{"rendered":"\n<p><em><span class=\"has-inline-color has-black-color\">No fragmento de floresta da Funbosque existem duas das esp\u00e9cies arb\u00f3reas amea\u00e7adas de extin\u00e7\u00e3o<\/span><\/em><\/p>\n\n\n\n<div class=\"wp-block-image\"><figure class=\"aligncenter size-large\"><img loading=\"lazy\" decoding=\"async\" width=\"300\" height=\"250\" src=\"https:\/\/jornalfatosenoticias.com.br\/wp-content\/uploads\/2022\/02\/Banner-2.png\" alt=\"\" class=\"wp-image-27877\"\/><\/figure><\/div>\n\n\n\n<p>Alunos do 3\u00ba ano do Ensino M\u00e9dio T\u00e9cnico em Meio Ambiente da Funda\u00e7\u00e3o Escola Bosque (Funbosque), apresentaram esp\u00e9cies em extin\u00e7\u00e3o para visitantes da Funda\u00e7\u00e3o. Os estudam realizam est\u00e1gio curricular no projetos Agente e Monitores Ambientais (AMA).<br>No fragmento de floresta da Funbosque existem duas das esp\u00e9cies arb\u00f3reas, atualmente amea\u00e7adas de extin\u00e7\u00e3o no Brasil, sendo que uma delas \u00e9 registrada com apenas um \u00fanico indiv\u00edduo na Institui\u00e7\u00e3o, o que torna sua conserva\u00e7\u00e3o ainda mais fundamental.<\/p>\n\n\n\n<div class=\"wp-block-image\"><figure class=\"aligncenter size-large\"><img decoding=\"async\" src=\"https:\/\/jornalfatosenoticias.com.br\/wp-content\/uploads\/2020\/02\/barao-das-carnes-300x164-1.jpg\" alt=\"\" class=\"wp-image-34339\"\/><\/figure><\/div>\n\n\n\n<p>Os alunos realizaram a sensibiliza\u00e7\u00e3o dos visitantes do Centro Educacional Santa Terezinha. Eles destacaram a import\u00e2ncia de preserva\u00e7\u00e3o dessas esp\u00e9cies e fixaram placas nos dois indiv\u00edduos das esp\u00e9cies amea\u00e7adas, com o intuito de agu\u00e7ar a curiosidade das pessoas que transitam por perto das \u00e1rvores, bem como destacar a import\u00e2ncia da conserva\u00e7\u00e3o das esp\u00e9cies da flora.<\/p>\n\n\n\n<div class=\"wp-block-image\"><figure class=\"aligncenter size-large\"><img loading=\"lazy\" decoding=\"async\" width=\"300\" height=\"250\" src=\"https:\/\/jornalfatosenoticias.com.br\/wp-content\/uploads\/2022\/02\/FERRARI_MAQUINAS-E-FERRAMENTAS2.jpg\" alt=\"\" class=\"wp-image-27860\"\/><\/figure><\/div>\n\n\n\n<blockquote class=\"wp-block-quote is-layout-flow wp-block-quote-is-layout-flow\"><p><span class=\"has-inline-color has-luminous-vivid-orange-color\">Na Funbosque, h\u00e1 uma \u00fanica \u00e1rvore de Ma\u00e7aranduba, que est\u00e1 localizada perto do audit\u00f3rio da escola. O exemplar tem mais de 20 anos. J\u00e1 a \u00e1rvore de Ucuuba, cujo nome que vem do tupi e significa &#8216;\u00e1rvore da manteiga&#8217; ou &#8216;Virola&#8217;, pode ser encontrada em v\u00e1rios espa\u00e7os da Funda\u00e7\u00e3o. Ela \u00e9 muito explorada ilegalmente no Par\u00e1 e atualmente j\u00e1 n\u00e3o restam tantas, por isso passou a ser protegida por lei&#8221;, explicou o aluno da Funbosque, La\u00e9rcio Rodrigues.<\/span><\/p><\/blockquote>\n\n\n\n<div class=\"wp-block-image\"><figure class=\"aligncenter size-large is-resized\"><img loading=\"lazy\" decoding=\"async\" src=\"https:\/\/jornalfatosenoticias.com.br\/wp-content\/uploads\/2023\/03\/nova-logo-Marquetti.jpg\" alt=\"\" class=\"wp-image-40207\" width=\"319\" height=\"214\" srcset=\"https:\/\/jornalfatosenoticias.com.br\/wp-content\/uploads\/2023\/03\/nova-logo-Marquetti.jpg 643w, https:\/\/jornalfatosenoticias.com.br\/wp-content\/uploads\/2023\/03\/nova-logo-Marquetti-300x202.jpg 300w\" sizes=\"auto, (max-width: 319px) 100vw, 319px\" \/><\/figure><\/div>\n\n\n\n<p>De acordo com o estudante, a esp\u00e9cie tem \u00e1rvores com flores masculinas e \u00e1rvores com flores femininas. &#8220;Os insetos trazem da \u00e1rvore masculina o gr\u00e3o de p\u00f3len para as femininas produzirem as sementes. Essas sementes possuem uma gordura muito boa, para produzir sabonetes e cremes, e \u00e9 muito utilizada nas empresas de cosm\u00e9ticos&#8221;, esclarece La\u00e9rcio.<\/p>\n\n\n\n<div class=\"wp-block-image\"><figure class=\"aligncenter size-large is-resized\"><img loading=\"lazy\" decoding=\"async\" src=\"https:\/\/jornalfatosenoticias.com.br\/wp-content\/uploads\/2022\/10\/RC_800x750_page-0001.jpg\" alt=\"\" class=\"wp-image-35338\" width=\"266\" height=\"250\" srcset=\"https:\/\/jornalfatosenoticias.com.br\/wp-content\/uploads\/2022\/10\/RC_800x750_page-0001.jpg 400w, https:\/\/jornalfatosenoticias.com.br\/wp-content\/uploads\/2022\/10\/RC_800x750_page-0001-300x281.jpg 300w\" sizes=\"auto, (max-width: 266px) 100vw, 266px\" \/><\/figure><\/div>\n\n\n\n<p>A Escola tamb\u00e9m apresentou no roteiro da visita o Melipon\u00e1rio Pedag\u00f3gico, no Casar\u00e3o da Cultura Amarildo Mattos, onde est\u00e1 a exposi\u00e7\u00e3o das abelhas nativas sem ferr\u00e3o, com o apoio do Coletivo de Abelha Nativa. &#8220;Eu amei conhecer a Escola Bosque. Aprendi que as abelhas s\u00e3o muito importantes para as \u00e1rvores e para o nosso planeta&#8221;, contou Adriane Silva, de oito anos, estudante do 3\u00ba ano do fundamental do Centro Educacional Santa Terezinha.<\/p>\n\n\n\n<div class=\"wp-block-image\"><figure class=\"aligncenter size-large\"><img loading=\"lazy\" decoding=\"async\" width=\"1000\" height=\"657\" src=\"https:\/\/jornalfatosenoticias.com.br\/wp-content\/uploads\/2023\/04\/Escola-Bosque-em-Belem1.jpg\" alt=\"\" class=\"wp-image-40450\" srcset=\"https:\/\/jornalfatosenoticias.com.br\/wp-content\/uploads\/2023\/04\/Escola-Bosque-em-Belem1.jpg 1000w, https:\/\/jornalfatosenoticias.com.br\/wp-content\/uploads\/2023\/04\/Escola-Bosque-em-Belem1-300x197.jpg 300w, https:\/\/jornalfatosenoticias.com.br\/wp-content\/uploads\/2023\/04\/Escola-Bosque-em-Belem1-768x505.jpg 768w\" sizes=\"auto, (max-width: 1000px) 100vw, 1000px\" \/><figcaption><em><span class=\"has-inline-color has-black-color\">(Foto: Divulga\u00e7\u00e3o\/Ascom Funbosque)<\/span><\/em><\/figcaption><\/figure><\/div>\n\n\n\n<div class=\"wp-block-image\"><figure class=\"aligncenter size-large\"><img decoding=\"async\" src=\"https:\/\/jornalfatosenoticias.com.br\/wp-content\/uploads\/2020\/02\/Logomarca-Principal.gif\" alt=\"\" class=\"wp-image-7872\"\/><\/figure><\/div>\n\n\n\n<blockquote class=\"wp-block-quote is-layout-flow wp-block-quote-is-layout-flow\"><p><span class=\"has-inline-color has-luminous-vivid-orange-color\">Nosso objetivo \u00e9 formar cidad\u00e3os que atuem ativamente na sociedade em que vivem e que sejam agentes e monitores ambientais. E nessa atividade os estagi\u00e1rios t\u00eam a possibilidade de praticar e repassar o que eles v\u00eam aprendendo no dia a dia&#8221;, disse a professora de educa\u00e7\u00e3o geral e pedagoga no projeto AMA, Mauren Ara\u00fajo.<\/span><\/p><\/blockquote>\n\n\n\n<div class=\"wp-block-image\"><figure class=\"aligncenter size-large is-resized\"><img loading=\"lazy\" decoding=\"async\" src=\"https:\/\/jornalfatosenoticias.com.br\/wp-content\/uploads\/2022\/08\/logo-locau-veiculos-1024x573.png\" alt=\"\" class=\"wp-image-33078\" width=\"339\" height=\"189\"\/><\/figure><\/div>\n\n\n\n<p>Para Mauren, o ato de mostrar uma pequena parcela da din\u00e2mica florestal \u00e9 essencial para a educa\u00e7\u00e3o dos jovens atualmente. &#8220;Falar sobre a import\u00e2ncia da floresta \u00e9 inter-relacionar tudo: \u00e1gua, floresta e sobre a import\u00e2ncia das abelhas no processo de poliniza\u00e7\u00e3o e da produ\u00e7\u00e3o de alimento no mundo e vice-versa. Sem floresta tamb\u00e9m n\u00e3o tem abelhas&#8221;, finalizou.<\/p>\n\n\n\n<div class=\"wp-block-image\"><figure class=\"aligncenter size-large\"><img loading=\"lazy\" decoding=\"async\" width=\"300\" height=\"250\" src=\"https:\/\/jornalfatosenoticias.com.br\/wp-content\/uploads\/2022\/08\/arte-Casarao.jpg\" alt=\"\" class=\"wp-image-33178\"\/><\/figure><\/div>\n\n\n\n<p><strong><span class=\"has-inline-color has-vivid-green-cyan-color\">Ma\u00e7aranduba<br><\/span><\/strong>A <a class=\"\" href=\"https:\/\/www.embrapa.br\/agrossilvipastoril\/sitio-tecnologico\/trilha-ecologica\/especies\/macaranduba\" target=\"_blank\" rel=\"noreferrer noopener\"><strong>Ma\u00e7aranduba<\/strong><\/a>\u00a0(<em>Manilkara huberi<\/em>) ocorre na regi\u00e3o amaz\u00f4nica, principalmente na mata pluvial de terra firme, mas tamb\u00e9m no sul da Venezuela e Guianas. Sua frequ\u00eancia \u00e9 elevada, por\u00e9m com padr\u00e3o de dispers\u00e3o descont\u00ednua e irregular ao longo de sua vasta \u00e1rea de distribui\u00e7\u00e3o. Chega at\u00e9 os 50 metros de altura e possui colora\u00e7\u00e3o amarelada-p\u00e1lida da parte inferior de sua folhagem.<\/p>\n\n\n\n<div class=\"wp-block-image\"><figure class=\"aligncenter size-large\"><img decoding=\"async\" src=\"https:\/\/jornalfatosenoticias.com.br\/wp-content\/uploads\/2020\/02\/logo_esteio.jpg\" alt=\"\" class=\"wp-image-1214\"\/><\/figure><\/div>\n\n\n\n<p>Floresce geralmente durante mais de uma \u00e9poca do ano, com um pico nos meses de abril-junho e outubro-novembro. Os frutos amadurecem em setembro-outubro e janeiro-fevereiro e muito procurados por aves. A<strong> <a class=\"\" href=\"https:\/\/www.ipt.br\/informacoes_madeiras\/4.htm#:~:text=Nome%20cient%C3%ADfico%3A%20Manilkara%20spp.%2C,bidentata%20subsp.\" target=\"_blank\" rel=\"noreferrer noopener\">madeira de ma\u00e7aranduba<\/a><\/strong> pertence ao grupo de esp\u00e9cies do g\u00eanero <strong>Manilkara<\/strong> que produzem madeiras pesadas, duras, de colora\u00e7\u00e3o castanho-avermelhada.<\/p>\n\n\n\n<div class=\"wp-block-image\"><figure class=\"aligncenter size-large is-resized\"><img loading=\"lazy\" decoding=\"async\" src=\"https:\/\/jornalfatosenoticias.com.br\/wp-content\/uploads\/2020\/02\/logo-embacia.jpg\" alt=\"\" class=\"wp-image-33905\" width=\"286\" height=\"286\"\/><\/figure><\/div>\n\n\n\n<p><strong><em>Fonte: <a href=\"https:\/\/portalamazonia.com\/noticias\/educacao\/escola-bosque-em-belem-preserva-especies-da-flora-amazonica-ameacadas-de-extincao\">Portal Amaz\u00f4nia<\/a><\/em><\/strong><\/p>\n","protected":false},"excerpt":{"rendered":"<p>No fragmento de floresta da Funbosque existem duas das esp\u00e9cies arb\u00f3reas amea\u00e7adas de extin\u00e7\u00e3o Alunos do 3\u00ba ano do Ensino M\u00e9dio T\u00e9cnico em Meio Ambiente da Funda\u00e7\u00e3o Escola Bosque (Funbosque), apresentaram esp\u00e9cies em extin\u00e7\u00e3o para visitantes da Funda\u00e7\u00e3o. Os estudam realizam est\u00e1gio curricular no projetos Agente e Monitores Ambientais (AMA).No fragmento de floresta da Funbosque [&hellip;]<\/p>\n","protected":false},"author":2,"featured_media":40451,"comment_status":"open","ping_status":"open","sticky":false,"template":"","format":"standard","meta":{"footnotes":""},"categories":[7],"tags":[123,10177,345,2531,13218,7386,1065,18953,18954,940],"class_list":["post-40449","post","type-post","status-publish","format-standard","has-post-thumbnail","hentry","category-educacao","tag-amazonia","tag-ameacadas-de-extincao","tag-educacao","tag-educacao-ambiental","tag-especies-arboreas","tag-flora-amazonica","tag-floresta","tag-funbosque","tag-macaranduba","tag-para"],"yoast_head":"<!-- This site is optimized with the Yoast SEO plugin v26.5 - https:\/\/yoast.com\/wordpress\/plugins\/seo\/ -->\n<title>Escola Bosque em Bel\u00e9m preserva esp\u00e9cies da flora amaz\u00f4nica amea\u00e7adas de extin\u00e7\u00e3o - Jornal Fatos e Not\u00edcias<\/title>\n<meta name=\"robots\" content=\"index, follow, max-snippet:-1, max-image-preview:large, max-video-preview:-1\" \/>\n<link rel=\"canonical\" href=\"https:\/\/jornalfatosenoticias.com.br\/index.php\/2023\/04\/10\/escola-bosque-em-belem-preserva-especies-da-flora-amazonica-ameacadas-de-extincao\/\" \/>\n<meta property=\"og:locale\" content=\"pt_BR\" \/>\n<meta property=\"og:type\" content=\"article\" \/>\n<meta property=\"og:title\" content=\"Escola Bosque em Bel\u00e9m preserva esp\u00e9cies da flora amaz\u00f4nica amea\u00e7adas de extin\u00e7\u00e3o - Jornal Fatos e Not\u00edcias\" \/>\n<meta property=\"og:description\" content=\"No fragmento de floresta da Funbosque existem duas das esp\u00e9cies arb\u00f3reas amea\u00e7adas de extin\u00e7\u00e3o Alunos do 3\u00ba ano do Ensino M\u00e9dio T\u00e9cnico em Meio Ambiente da Funda\u00e7\u00e3o Escola Bosque (Funbosque), apresentaram esp\u00e9cies em extin\u00e7\u00e3o para visitantes da Funda\u00e7\u00e3o. Os estudam realizam est\u00e1gio curricular no projetos Agente e Monitores Ambientais (AMA).No fragmento de floresta da Funbosque [&hellip;]\" \/>\n<meta property=\"og:url\" content=\"https:\/\/jornalfatosenoticias.com.br\/index.php\/2023\/04\/10\/escola-bosque-em-belem-preserva-especies-da-flora-amazonica-ameacadas-de-extincao\/\" \/>\n<meta property=\"og:site_name\" content=\"Jornal Fatos e Not\u00edcias\" \/>\n<meta property=\"article:published_time\" content=\"2023-04-10T14:23:03+00:00\" \/>\n<meta property=\"article:modified_time\" content=\"2023-04-10T14:23:04+00:00\" \/>\n<meta property=\"og:image\" content=\"https:\/\/jornalfatosenoticias.com.br\/wp-content\/uploads\/2023\/04\/Escola-Bosque-em-Belem2.jpg\" \/>\n\t<meta property=\"og:image:width\" content=\"1000\" \/>\n\t<meta property=\"og:image:height\" content=\"665\" \/>\n\t<meta property=\"og:image:type\" content=\"image\/jpeg\" \/>\n<meta name=\"author\" content=\"Luzimara Fernandes\" \/>\n<meta name=\"twitter:card\" content=\"summary_large_image\" \/>\n<meta name=\"twitter:label1\" content=\"Escrito por\" \/>\n\t<meta name=\"twitter:data1\" content=\"Luzimara Fernandes\" \/>\n\t<meta name=\"twitter:label2\" content=\"Est. tempo de leitura\" \/>\n\t<meta name=\"twitter:data2\" content=\"3 minutos\" \/>\n<script type=\"application\/ld+json\" class=\"yoast-schema-graph\">{\"@context\":\"https:\/\/schema.org\",\"@graph\":[{\"@type\":\"Article\",\"@id\":\"https:\/\/jornalfatosenoticias.com.br\/index.php\/2023\/04\/10\/escola-bosque-em-belem-preserva-especies-da-flora-amazonica-ameacadas-de-extincao\/#article\",\"isPartOf\":{\"@id\":\"https:\/\/jornalfatosenoticias.com.br\/index.php\/2023\/04\/10\/escola-bosque-em-belem-preserva-especies-da-flora-amazonica-ameacadas-de-extincao\/\"},\"author\":{\"name\":\"Luzimara Fernandes\",\"@id\":\"https:\/\/jornalfatosenoticias.com.br\/#\/schema\/person\/d63837fa13ac8666eb9e74e0985d6f81\"},\"headline\":\"Escola Bosque em Bel\u00e9m preserva esp\u00e9cies da flora amaz\u00f4nica amea\u00e7adas de extin\u00e7\u00e3o\",\"datePublished\":\"2023-04-10T14:23:03+00:00\",\"dateModified\":\"2023-04-10T14:23:04+00:00\",\"mainEntityOfPage\":{\"@id\":\"https:\/\/jornalfatosenoticias.com.br\/index.php\/2023\/04\/10\/escola-bosque-em-belem-preserva-especies-da-flora-amazonica-ameacadas-de-extincao\/\"},\"wordCount\":664,\"commentCount\":0,\"publisher\":{\"@id\":\"https:\/\/jornalfatosenoticias.com.br\/#organization\"},\"image\":{\"@id\":\"https:\/\/jornalfatosenoticias.com.br\/index.php\/2023\/04\/10\/escola-bosque-em-belem-preserva-especies-da-flora-amazonica-ameacadas-de-extincao\/#primaryimage\"},\"thumbnailUrl\":\"https:\/\/jornalfatosenoticias.com.br\/wp-content\/uploads\/2023\/04\/Escola-Bosque-em-Belem2.jpg\",\"keywords\":[\"amaz\u00f4nia\",\"amea\u00e7adas de extin\u00e7\u00e3o\",\"educa\u00e7\u00e3o\",\"educa\u00e7\u00e3o ambiental\",\"esp\u00e9cies arb\u00f3reas\",\"flora amaz\u00f4nica\",\"floresta\",\"Funbosque\",\"ma\u00e7aranduba\",\"Par\u00e1\"],\"articleSection\":[\"Educa\u00e7\u00e3o\"],\"inLanguage\":\"pt-BR\",\"potentialAction\":[{\"@type\":\"CommentAction\",\"name\":\"Comment\",\"target\":[\"https:\/\/jornalfatosenoticias.com.br\/index.php\/2023\/04\/10\/escola-bosque-em-belem-preserva-especies-da-flora-amazonica-ameacadas-de-extincao\/#respond\"]}]},{\"@type\":\"WebPage\",\"@id\":\"https:\/\/jornalfatosenoticias.com.br\/index.php\/2023\/04\/10\/escola-bosque-em-belem-preserva-especies-da-flora-amazonica-ameacadas-de-extincao\/\",\"url\":\"https:\/\/jornalfatosenoticias.com.br\/index.php\/2023\/04\/10\/escola-bosque-em-belem-preserva-especies-da-flora-amazonica-ameacadas-de-extincao\/\",\"name\":\"Escola Bosque em Bel\u00e9m preserva esp\u00e9cies da flora amaz\u00f4nica amea\u00e7adas de extin\u00e7\u00e3o - Jornal Fatos e Not\u00edcias\",\"isPartOf\":{\"@id\":\"https:\/\/jornalfatosenoticias.com.br\/#website\"},\"primaryImageOfPage\":{\"@id\":\"https:\/\/jornalfatosenoticias.com.br\/index.php\/2023\/04\/10\/escola-bosque-em-belem-preserva-especies-da-flora-amazonica-ameacadas-de-extincao\/#primaryimage\"},\"image\":{\"@id\":\"https:\/\/jornalfatosenoticias.com.br\/index.php\/2023\/04\/10\/escola-bosque-em-belem-preserva-especies-da-flora-amazonica-ameacadas-de-extincao\/#primaryimage\"},\"thumbnailUrl\":\"https:\/\/jornalfatosenoticias.com.br\/wp-content\/uploads\/2023\/04\/Escola-Bosque-em-Belem2.jpg\",\"datePublished\":\"2023-04-10T14:23:03+00:00\",\"dateModified\":\"2023-04-10T14:23:04+00:00\",\"breadcrumb\":{\"@id\":\"https:\/\/jornalfatosenoticias.com.br\/index.php\/2023\/04\/10\/escola-bosque-em-belem-preserva-especies-da-flora-amazonica-ameacadas-de-extincao\/#breadcrumb\"},\"inLanguage\":\"pt-BR\",\"potentialAction\":[{\"@type\":\"ReadAction\",\"target\":[\"https:\/\/jornalfatosenoticias.com.br\/index.php\/2023\/04\/10\/escola-bosque-em-belem-preserva-especies-da-flora-amazonica-ameacadas-de-extincao\/\"]}]},{\"@type\":\"ImageObject\",\"inLanguage\":\"pt-BR\",\"@id\":\"https:\/\/jornalfatosenoticias.com.br\/index.php\/2023\/04\/10\/escola-bosque-em-belem-preserva-especies-da-flora-amazonica-ameacadas-de-extincao\/#primaryimage\",\"url\":\"https:\/\/jornalfatosenoticias.com.br\/wp-content\/uploads\/2023\/04\/Escola-Bosque-em-Belem2.jpg\",\"contentUrl\":\"https:\/\/jornalfatosenoticias.com.br\/wp-content\/uploads\/2023\/04\/Escola-Bosque-em-Belem2.jpg\",\"width\":1000,\"height\":665},{\"@type\":\"BreadcrumbList\",\"@id\":\"https:\/\/jornalfatosenoticias.com.br\/index.php\/2023\/04\/10\/escola-bosque-em-belem-preserva-especies-da-flora-amazonica-ameacadas-de-extincao\/#breadcrumb\",\"itemListElement\":[{\"@type\":\"ListItem\",\"position\":1,\"name\":\"In\u00edcio\",\"item\":\"https:\/\/jornalfatosenoticias.com.br\/\"},{\"@type\":\"ListItem\",\"position\":2,\"name\":\"Escola Bosque em Bel\u00e9m preserva esp\u00e9cies da flora amaz\u00f4nica amea\u00e7adas de extin\u00e7\u00e3o\"}]},{\"@type\":\"WebSite\",\"@id\":\"https:\/\/jornalfatosenoticias.com.br\/#website\",\"url\":\"https:\/\/jornalfatosenoticias.com.br\/\",\"name\":\"Jornal Fatos e Not\u00edcias\",\"description\":\"Not\u00edcias em geral\",\"publisher\":{\"@id\":\"https:\/\/jornalfatosenoticias.com.br\/#organization\"},\"potentialAction\":[{\"@type\":\"SearchAction\",\"target\":{\"@type\":\"EntryPoint\",\"urlTemplate\":\"https:\/\/jornalfatosenoticias.com.br\/?s={search_term_string}\"},\"query-input\":{\"@type\":\"PropertyValueSpecification\",\"valueRequired\":true,\"valueName\":\"search_term_string\"}}],\"inLanguage\":\"pt-BR\"},{\"@type\":\"Organization\",\"@id\":\"https:\/\/jornalfatosenoticias.com.br\/#organization\",\"name\":\"Jornal Fatos e Not\u00edcias\",\"url\":\"https:\/\/jornalfatosenoticias.com.br\/\",\"logo\":{\"@type\":\"ImageObject\",\"inLanguage\":\"pt-BR\",\"@id\":\"https:\/\/jornalfatosenoticias.com.br\/#\/schema\/logo\/image\/\",\"url\":\"https:\/\/jornalfatosenoticias.com.br\/wp-content\/uploads\/2020\/02\/logo120.png\",\"contentUrl\":\"https:\/\/jornalfatosenoticias.com.br\/wp-content\/uploads\/2020\/02\/logo120.png\",\"width\":1227,\"height\":120,\"caption\":\"Jornal Fatos e Not\u00edcias\"},\"image\":{\"@id\":\"https:\/\/jornalfatosenoticias.com.br\/#\/schema\/logo\/image\/\"}},{\"@type\":\"Person\",\"@id\":\"https:\/\/jornalfatosenoticias.com.br\/#\/schema\/person\/d63837fa13ac8666eb9e74e0985d6f81\",\"name\":\"Luzimara Fernandes\",\"image\":{\"@type\":\"ImageObject\",\"inLanguage\":\"pt-BR\",\"@id\":\"https:\/\/jornalfatosenoticias.com.br\/#\/schema\/person\/image\/\",\"url\":\"https:\/\/jornalfatosenoticias.com.br\/wp-content\/uploads\/2025\/05\/EU_portal.jpg\",\"contentUrl\":\"https:\/\/jornalfatosenoticias.com.br\/wp-content\/uploads\/2025\/05\/EU_portal.jpg\",\"caption\":\"Luzimara Fernandes\"},\"description\":\"Jornalista MTB 2358-ES\",\"sameAs\":[\"https:\/\/jornalfatosenoticias.com.br\"],\"url\":\"https:\/\/jornalfatosenoticias.com.br\/index.php\/author\/luzimara\/\"}]}<\/script>\n<!-- \/ Yoast SEO plugin. -->","yoast_head_json":{"title":"Escola Bosque em Bel\u00e9m preserva esp\u00e9cies da flora amaz\u00f4nica amea\u00e7adas de extin\u00e7\u00e3o - Jornal Fatos e Not\u00edcias","robots":{"index":"index","follow":"follow","max-snippet":"max-snippet:-1","max-image-preview":"max-image-preview:large","max-video-preview":"max-video-preview:-1"},"canonical":"https:\/\/jornalfatosenoticias.com.br\/index.php\/2023\/04\/10\/escola-bosque-em-belem-preserva-especies-da-flora-amazonica-ameacadas-de-extincao\/","og_locale":"pt_BR","og_type":"article","og_title":"Escola Bosque em Bel\u00e9m preserva esp\u00e9cies da flora amaz\u00f4nica amea\u00e7adas de extin\u00e7\u00e3o - Jornal Fatos e Not\u00edcias","og_description":"No fragmento de floresta da Funbosque existem duas das esp\u00e9cies arb\u00f3reas amea\u00e7adas de extin\u00e7\u00e3o Alunos do 3\u00ba ano do Ensino M\u00e9dio T\u00e9cnico em Meio Ambiente da Funda\u00e7\u00e3o Escola Bosque (Funbosque), apresentaram esp\u00e9cies em extin\u00e7\u00e3o para visitantes da Funda\u00e7\u00e3o. Os estudam realizam est\u00e1gio curricular no projetos Agente e Monitores Ambientais (AMA).No fragmento de floresta da Funbosque [&hellip;]","og_url":"https:\/\/jornalfatosenoticias.com.br\/index.php\/2023\/04\/10\/escola-bosque-em-belem-preserva-especies-da-flora-amazonica-ameacadas-de-extincao\/","og_site_name":"Jornal Fatos e Not\u00edcias","article_published_time":"2023-04-10T14:23:03+00:00","article_modified_time":"2023-04-10T14:23:04+00:00","og_image":[{"width":1000,"height":665,"url":"https:\/\/jornalfatosenoticias.com.br\/wp-content\/uploads\/2023\/04\/Escola-Bosque-em-Belem2.jpg","type":"image\/jpeg"}],"author":"Luzimara Fernandes","twitter_card":"summary_large_image","twitter_misc":{"Escrito por":"Luzimara Fernandes","Est. tempo de leitura":"3 minutos"},"schema":{"@context":"https:\/\/schema.org","@graph":[{"@type":"Article","@id":"https:\/\/jornalfatosenoticias.com.br\/index.php\/2023\/04\/10\/escola-bosque-em-belem-preserva-especies-da-flora-amazonica-ameacadas-de-extincao\/#article","isPartOf":{"@id":"https:\/\/jornalfatosenoticias.com.br\/index.php\/2023\/04\/10\/escola-bosque-em-belem-preserva-especies-da-flora-amazonica-ameacadas-de-extincao\/"},"author":{"name":"Luzimara Fernandes","@id":"https:\/\/jornalfatosenoticias.com.br\/#\/schema\/person\/d63837fa13ac8666eb9e74e0985d6f81"},"headline":"Escola Bosque em Bel\u00e9m preserva esp\u00e9cies da flora amaz\u00f4nica amea\u00e7adas de extin\u00e7\u00e3o","datePublished":"2023-04-10T14:23:03+00:00","dateModified":"2023-04-10T14:23:04+00:00","mainEntityOfPage":{"@id":"https:\/\/jornalfatosenoticias.com.br\/index.php\/2023\/04\/10\/escola-bosque-em-belem-preserva-especies-da-flora-amazonica-ameacadas-de-extincao\/"},"wordCount":664,"commentCount":0,"publisher":{"@id":"https:\/\/jornalfatosenoticias.com.br\/#organization"},"image":{"@id":"https:\/\/jornalfatosenoticias.com.br\/index.php\/2023\/04\/10\/escola-bosque-em-belem-preserva-especies-da-flora-amazonica-ameacadas-de-extincao\/#primaryimage"},"thumbnailUrl":"https:\/\/jornalfatosenoticias.com.br\/wp-content\/uploads\/2023\/04\/Escola-Bosque-em-Belem2.jpg","keywords":["amaz\u00f4nia","amea\u00e7adas de extin\u00e7\u00e3o","educa\u00e7\u00e3o","educa\u00e7\u00e3o ambiental","esp\u00e9cies arb\u00f3reas","flora amaz\u00f4nica","floresta","Funbosque","ma\u00e7aranduba","Par\u00e1"],"articleSection":["Educa\u00e7\u00e3o"],"inLanguage":"pt-BR","potentialAction":[{"@type":"CommentAction","name":"Comment","target":["https:\/\/jornalfatosenoticias.com.br\/index.php\/2023\/04\/10\/escola-bosque-em-belem-preserva-especies-da-flora-amazonica-ameacadas-de-extincao\/#respond"]}]},{"@type":"WebPage","@id":"https:\/\/jornalfatosenoticias.com.br\/index.php\/2023\/04\/10\/escola-bosque-em-belem-preserva-especies-da-flora-amazonica-ameacadas-de-extincao\/","url":"https:\/\/jornalfatosenoticias.com.br\/index.php\/2023\/04\/10\/escola-bosque-em-belem-preserva-especies-da-flora-amazonica-ameacadas-de-extincao\/","name":"Escola Bosque em Bel\u00e9m preserva esp\u00e9cies da flora amaz\u00f4nica amea\u00e7adas de extin\u00e7\u00e3o - Jornal Fatos e Not\u00edcias","isPartOf":{"@id":"https:\/\/jornalfatosenoticias.com.br\/#website"},"primaryImageOfPage":{"@id":"https:\/\/jornalfatosenoticias.com.br\/index.php\/2023\/04\/10\/escola-bosque-em-belem-preserva-especies-da-flora-amazonica-ameacadas-de-extincao\/#primaryimage"},"image":{"@id":"https:\/\/jornalfatosenoticias.com.br\/index.php\/2023\/04\/10\/escola-bosque-em-belem-preserva-especies-da-flora-amazonica-ameacadas-de-extincao\/#primaryimage"},"thumbnailUrl":"https:\/\/jornalfatosenoticias.com.br\/wp-content\/uploads\/2023\/04\/Escola-Bosque-em-Belem2.jpg","datePublished":"2023-04-10T14:23:03+00:00","dateModified":"2023-04-10T14:23:04+00:00","breadcrumb":{"@id":"https:\/\/jornalfatosenoticias.com.br\/index.php\/2023\/04\/10\/escola-bosque-em-belem-preserva-especies-da-flora-amazonica-ameacadas-de-extincao\/#breadcrumb"},"inLanguage":"pt-BR","potentialAction":[{"@type":"ReadAction","target":["https:\/\/jornalfatosenoticias.com.br\/index.php\/2023\/04\/10\/escola-bosque-em-belem-preserva-especies-da-flora-amazonica-ameacadas-de-extincao\/"]}]},{"@type":"ImageObject","inLanguage":"pt-BR","@id":"https:\/\/jornalfatosenoticias.com.br\/index.php\/2023\/04\/10\/escola-bosque-em-belem-preserva-especies-da-flora-amazonica-ameacadas-de-extincao\/#primaryimage","url":"https:\/\/jornalfatosenoticias.com.br\/wp-content\/uploads\/2023\/04\/Escola-Bosque-em-Belem2.jpg","contentUrl":"https:\/\/jornalfatosenoticias.com.br\/wp-content\/uploads\/2023\/04\/Escola-Bosque-em-Belem2.jpg","width":1000,"height":665},{"@type":"BreadcrumbList","@id":"https:\/\/jornalfatosenoticias.com.br\/index.php\/2023\/04\/10\/escola-bosque-em-belem-preserva-especies-da-flora-amazonica-ameacadas-de-extincao\/#breadcrumb","itemListElement":[{"@type":"ListItem","position":1,"name":"In\u00edcio","item":"https:\/\/jornalfatosenoticias.com.br\/"},{"@type":"ListItem","position":2,"name":"Escola Bosque em Bel\u00e9m preserva esp\u00e9cies da flora amaz\u00f4nica amea\u00e7adas de extin\u00e7\u00e3o"}]},{"@type":"WebSite","@id":"https:\/\/jornalfatosenoticias.com.br\/#website","url":"https:\/\/jornalfatosenoticias.com.br\/","name":"Jornal Fatos e Not\u00edcias","description":"Not\u00edcias em geral","publisher":{"@id":"https:\/\/jornalfatosenoticias.com.br\/#organization"},"potentialAction":[{"@type":"SearchAction","target":{"@type":"EntryPoint","urlTemplate":"https:\/\/jornalfatosenoticias.com.br\/?s={search_term_string}"},"query-input":{"@type":"PropertyValueSpecification","valueRequired":true,"valueName":"search_term_string"}}],"inLanguage":"pt-BR"},{"@type":"Organization","@id":"https:\/\/jornalfatosenoticias.com.br\/#organization","name":"Jornal Fatos e Not\u00edcias","url":"https:\/\/jornalfatosenoticias.com.br\/","logo":{"@type":"ImageObject","inLanguage":"pt-BR","@id":"https:\/\/jornalfatosenoticias.com.br\/#\/schema\/logo\/image\/","url":"https:\/\/jornalfatosenoticias.com.br\/wp-content\/uploads\/2020\/02\/logo120.png","contentUrl":"https:\/\/jornalfatosenoticias.com.br\/wp-content\/uploads\/2020\/02\/logo120.png","width":1227,"height":120,"caption":"Jornal Fatos e Not\u00edcias"},"image":{"@id":"https:\/\/jornalfatosenoticias.com.br\/#\/schema\/logo\/image\/"}},{"@type":"Person","@id":"https:\/\/jornalfatosenoticias.com.br\/#\/schema\/person\/d63837fa13ac8666eb9e74e0985d6f81","name":"Luzimara Fernandes","image":{"@type":"ImageObject","inLanguage":"pt-BR","@id":"https:\/\/jornalfatosenoticias.com.br\/#\/schema\/person\/image\/","url":"https:\/\/jornalfatosenoticias.com.br\/wp-content\/uploads\/2025\/05\/EU_portal.jpg","contentUrl":"https:\/\/jornalfatosenoticias.com.br\/wp-content\/uploads\/2025\/05\/EU_portal.jpg","caption":"Luzimara Fernandes"},"description":"Jornalista MTB 2358-ES","sameAs":["https:\/\/jornalfatosenoticias.com.br"],"url":"https:\/\/jornalfatosenoticias.com.br\/index.php\/author\/luzimara\/"}]}},"cc_featured_image_caption":{"caption_text":"(Foto: Divulga\u00e7\u00e3o\/Ascom Funbosque)","source_text":"","source_url":""},"jetpack_featured_media_url":"https:\/\/jornalfatosenoticias.com.br\/wp-content\/uploads\/2023\/04\/Escola-Bosque-em-Belem2.jpg","_links":{"self":[{"href":"https:\/\/jornalfatosenoticias.com.br\/index.php\/wp-json\/wp\/v2\/posts\/40449","targetHints":{"allow":["GET"]}}],"collection":[{"href":"https:\/\/jornalfatosenoticias.com.br\/index.php\/wp-json\/wp\/v2\/posts"}],"about":[{"href":"https:\/\/jornalfatosenoticias.com.br\/index.php\/wp-json\/wp\/v2\/types\/post"}],"author":[{"embeddable":true,"href":"https:\/\/jornalfatosenoticias.com.br\/index.php\/wp-json\/wp\/v2\/users\/2"}],"replies":[{"embeddable":true,"href":"https:\/\/jornalfatosenoticias.com.br\/index.php\/wp-json\/wp\/v2\/comments?post=40449"}],"version-history":[{"count":0,"href":"https:\/\/jornalfatosenoticias.com.br\/index.php\/wp-json\/wp\/v2\/posts\/40449\/revisions"}],"wp:featuredmedia":[{"embeddable":true,"href":"https:\/\/jornalfatosenoticias.com.br\/index.php\/wp-json\/wp\/v2\/media\/40451"}],"wp:attachment":[{"href":"https:\/\/jornalfatosenoticias.com.br\/index.php\/wp-json\/wp\/v2\/media?parent=40449"}],"wp:term":[{"taxonomy":"category","embeddable":true,"href":"https:\/\/jornalfatosenoticias.com.br\/index.php\/wp-json\/wp\/v2\/categories?post=40449"},{"taxonomy":"post_tag","embeddable":true,"href":"https:\/\/jornalfatosenoticias.com.br\/index.php\/wp-json\/wp\/v2\/tags?post=40449"}],"curies":[{"name":"wp","href":"https:\/\/api.w.org\/{rel}","templated":true}]}}