{"id":40528,"date":"2023-04-12T10:43:10","date_gmt":"2023-04-12T13:43:10","guid":{"rendered":"https:\/\/jornalfatosenoticias.com.br\/?p=40528"},"modified":"2023-04-12T10:43:11","modified_gmt":"2023-04-12T13:43:11","slug":"oficinas-de-poesia-danca-trancas-e-hip-hop-com-inscricoes-abertas","status":"publish","type":"post","link":"https:\/\/jornalfatosenoticias.com.br\/index.php\/2023\/04\/12\/oficinas-de-poesia-danca-trancas-e-hip-hop-com-inscricoes-abertas\/","title":{"rendered":"Oficinas de poesia, dan\u00e7a, tran\u00e7as e hip hop com inscri\u00e7\u00f5es abertas"},"content":{"rendered":"\n<p><em><span class=\"has-inline-color has-black-color\">por: <strong>Edlamara Conti<\/strong><\/span><\/em><\/p>\n\n\n\n<div class=\"wp-block-image\"><figure class=\"aligncenter size-large is-resized\"><img loading=\"lazy\" decoding=\"async\" src=\"https:\/\/jornalfatosenoticias.com.br\/wp-content\/uploads\/2023\/03\/Crypton-1000-\u00d7-900-px-300x270-1.png\" alt=\"\" class=\"wp-image-40206\" width=\"285\" height=\"257\"\/><\/figure><\/div>\n\n\n\n<p>Um espa\u00e7o para a juventude de Vit\u00f3ria interagir, se expressar, desenvolver habilidades e deixar a criatividade fluir. O Odomod\u00ea est\u00e1 com uma programa\u00e7\u00e3o intensa nos meses de abril e maio, com oficinas de poesia, dan\u00e7a, penteados com tran\u00e7as e hip hop, todas com inscri\u00e7\u00f5es abertas para moradores da capital entre 15 a 29 anos de idade.<br>Para quem j\u00e1 curte escrever ou quer aprimorar a habilidade da escrita po\u00e9tica, a dica \u00e9 a oficina de poesia Palavra (En) Cantada, que acontece \u00e0s quartas-feiras, das 17h \u00e0s 17, at\u00e9 o dia 24 de maio. A produ\u00e7\u00e3o de poesia valoriza a criatividade, al\u00e9m de trabalhar as sensa\u00e7\u00f5es de al\u00edvio, inspira\u00e7\u00e3o, motiva\u00e7\u00e3o e emo\u00e7\u00e3o que s\u00e3o essenciais na constru\u00e7\u00e3o de personalidade e da realidade das juventudes.<\/p>\n\n\n\n<div class=\"wp-block-image\"><figure class=\"aligncenter size-large is-resized\"><img loading=\"lazy\" decoding=\"async\" src=\"https:\/\/jornalfatosenoticias.com.br\/wp-content\/uploads\/2023\/03\/nova-logo-Marquetti.jpg\" alt=\"\" class=\"wp-image-40207\" width=\"280\" height=\"188\" srcset=\"https:\/\/jornalfatosenoticias.com.br\/wp-content\/uploads\/2023\/03\/nova-logo-Marquetti.jpg 643w, https:\/\/jornalfatosenoticias.com.br\/wp-content\/uploads\/2023\/03\/nova-logo-Marquetti-300x202.jpg 300w\" sizes=\"auto, (max-width: 280px) 100vw, 280px\" \/><\/figure><\/div>\n\n\n\n<p>Quem ama dan\u00e7a n\u00e3o pode perder a Oficina Rabiscando No Beat, com Jadson Titanium, sempre \u00e0s ter\u00e7as-feiras, das 9h \u00e0s 12h, na Fafi. Atrav\u00e9s das din\u00e2micas e jogos coreogr\u00e1ficos, a oficina traz estudos te\u00f3ricos e pr\u00e1ticos para aprofundar conhecimentos sobre manifesta\u00e7\u00f5es corporais, dialogando com o cotidiano de cada participante.<\/p>\n\n\n\n<div class=\"wp-block-image\"><figure class=\"aligncenter size-large\"><img loading=\"lazy\" decoding=\"async\" width=\"1024\" height=\"99\" src=\"https:\/\/jornalfatosenoticias.com.br\/wp-content\/uploads\/2020\/02\/Logo-Mizu-segunda-2-1024x99.png\" alt=\"\" class=\"wp-image-2353\" srcset=\"https:\/\/jornalfatosenoticias.com.br\/wp-content\/uploads\/2020\/02\/Logo-Mizu-segunda-2-1024x99.png 1024w, https:\/\/jornalfatosenoticias.com.br\/wp-content\/uploads\/2020\/02\/Logo-Mizu-segunda-2-300x29.png 300w, https:\/\/jornalfatosenoticias.com.br\/wp-content\/uploads\/2020\/02\/Logo-Mizu-segunda-2-768x74.png 768w, https:\/\/jornalfatosenoticias.com.br\/wp-content\/uploads\/2020\/02\/Logo-Mizu-segunda-2.png 1240w\" sizes=\"auto, (max-width: 1024px) 100vw, 1024px\" \/><\/figure><\/div>\n\n\n\n<p>J\u00e1 nas tardes das ter\u00e7as-feiras, a dica \u00e9 a oficina de tran\u00e7as Enraizadas, que apresenta t\u00e9cnicas cheias de historicidade. A produ\u00e7\u00e3o de penteados com tran\u00e7as ganha espa\u00e7o profissional e movimenta a economia criativa. As aulas acontecem at\u00e9 o dia 25 de maio, das 15 \u00e0s 17h.<\/p>\n\n\n\n<div class=\"wp-block-image\"><figure class=\"aligncenter size-large is-resized\"><img loading=\"lazy\" decoding=\"async\" src=\"https:\/\/jornalfatosenoticias.com.br\/wp-content\/uploads\/2022\/10\/Arte-jornal-Zucchi-600x600_Prancheta-1-1024x1024.jpg\" alt=\"\" class=\"wp-image-34782\" width=\"257\" height=\"257\" srcset=\"https:\/\/jornalfatosenoticias.com.br\/wp-content\/uploads\/2022\/10\/Arte-jornal-Zucchi-600x600_Prancheta-1-1024x1024.jpg 1024w, https:\/\/jornalfatosenoticias.com.br\/wp-content\/uploads\/2022\/10\/Arte-jornal-Zucchi-600x600_Prancheta-1-300x300.jpg 300w, https:\/\/jornalfatosenoticias.com.br\/wp-content\/uploads\/2022\/10\/Arte-jornal-Zucchi-600x600_Prancheta-1-150x150.jpg 150w, https:\/\/jornalfatosenoticias.com.br\/wp-content\/uploads\/2022\/10\/Arte-jornal-Zucchi-600x600_Prancheta-1-768x768.jpg 768w, https:\/\/jornalfatosenoticias.com.br\/wp-content\/uploads\/2022\/10\/Arte-jornal-Zucchi-600x600_Prancheta-1.jpg 1250w\" sizes=\"auto, (max-width: 257px) 100vw, 257px\" \/><\/figure><\/div>\n\n\n\n<p>Nas quintas-feiras, dias 13 e 27 de abril, e 11 e 25 de maio, sempre das 15 \u00e0s 17h, acontece a oficina de hip hop O Que o Rap Diz Sobre a Vida. Tem espa\u00e7o para conhecer o rap, como se apresenta e como retrata a realidade. E, a partir disso, ser\u00e3o pensadas as formas de se produzir rap, desde a constru\u00e7\u00e3o m\u00e9trica de uma rima, \u00e0 produ\u00e7\u00e3o de uma m\u00fasica em est\u00fadio e \u00e0 idealiza\u00e7\u00e3o de um videoclipe.<\/p>\n\n\n\n<div class=\"wp-block-image\"><figure class=\"aligncenter size-large\"><img loading=\"lazy\" decoding=\"async\" width=\"700\" height=\"912\" src=\"https:\/\/jornalfatosenoticias.com.br\/wp-content\/uploads\/2023\/04\/Oficinas-de-poesia-ODOMODE.jpg\" alt=\"\" class=\"wp-image-40529\" srcset=\"https:\/\/jornalfatosenoticias.com.br\/wp-content\/uploads\/2023\/04\/Oficinas-de-poesia-ODOMODE.jpg 700w, https:\/\/jornalfatosenoticias.com.br\/wp-content\/uploads\/2023\/04\/Oficinas-de-poesia-ODOMODE-230x300.jpg 230w\" sizes=\"auto, (max-width: 700px) 100vw, 700px\" \/><figcaption><em><span class=\"has-inline-color has-black-color\">Odomod\u00ea (Foto: Divulga\u00e7\u00e3o\/PMV)<\/span><\/em><\/figcaption><\/figure><\/div>\n\n\n\n<p><strong><span class=\"has-inline-color has-black-color\"><span style=\"text-decoration: underline;\">N\u00facleo Afro Odomod\u00ea<br><\/span><\/span><\/strong>Rua S\u00e3o Bartolomeu, 121 \u2014 no Morro do Quadro<br>Informa\u00e7\u00f5es e inscri\u00e7\u00f5es: (27) 3132-4042 e odomode@vitoria.es.gov.br e odomode@iphac.org.br<\/p>\n\n\n\n<div class=\"wp-block-image\"><figure class=\"aligncenter size-large\"><img decoding=\"async\" src=\"https:\/\/jornalfatosenoticias.com.br\/wp-content\/uploads\/2020\/02\/Logomarca-Principal.gif\" alt=\"\" class=\"wp-image-7872\"\/><\/figure><\/div>\n\n\n\n<p><strong><em>Fonte: <a href=\"https:\/\/www.vitoria.es.gov.br\/noticia\/odomode-oficinas-de-poesia-danca-trancas-e-hip-hop-com-inscricoes-abertas-47385\">PMV<\/a><\/em><\/strong><\/p>\n","protected":false},"excerpt":{"rendered":"<p>por: Edlamara Conti Um espa\u00e7o para a juventude de Vit\u00f3ria interagir, se expressar, desenvolver habilidades e deixar a criatividade fluir. O Odomod\u00ea est\u00e1 com uma programa\u00e7\u00e3o intensa nos meses de abril e maio, com oficinas de poesia, dan\u00e7a, penteados com tran\u00e7as e hip hop, todas com inscri\u00e7\u00f5es abertas para moradores da capital entre 15 a [&hellip;]<\/p>\n","protected":false},"author":2,"featured_media":40530,"comment_status":"open","ping_status":"open","sticky":false,"template":"","format":"standard","meta":{"footnotes":""},"categories":[4],"tags":[18989,13608,18990,3315,18986,18988,18985,18987],"class_list":["post-40528","post","type-post","status-publish","format-standard","has-post-thumbnail","hentry","category-cultura","tag-espaco-para-a-juventude","tag-inscricoes-abertas","tag-odomode","tag-oficinas","tag-oficinas-de-danca","tag-oficinas-de-hip-hop","tag-oficinas-de-poesia","tag-oficinas-de-trancas"],"yoast_head":"<!-- This site is optimized with the Yoast SEO plugin v26.5 - https:\/\/yoast.com\/wordpress\/plugins\/seo\/ -->\n<title>Oficinas de poesia, dan\u00e7a, tran\u00e7as e hip hop com inscri\u00e7\u00f5es abertas - Jornal Fatos e Not\u00edcias<\/title>\n<meta name=\"robots\" content=\"index, follow, max-snippet:-1, max-image-preview:large, max-video-preview:-1\" \/>\n<link rel=\"canonical\" href=\"https:\/\/jornalfatosenoticias.com.br\/index.php\/2023\/04\/12\/oficinas-de-poesia-danca-trancas-e-hip-hop-com-inscricoes-abertas\/\" \/>\n<meta property=\"og:locale\" content=\"pt_BR\" \/>\n<meta property=\"og:type\" content=\"article\" \/>\n<meta property=\"og:title\" content=\"Oficinas de poesia, dan\u00e7a, tran\u00e7as e hip hop com inscri\u00e7\u00f5es abertas - Jornal Fatos e Not\u00edcias\" \/>\n<meta property=\"og:description\" content=\"por: Edlamara Conti Um espa\u00e7o para a juventude de Vit\u00f3ria interagir, se expressar, desenvolver habilidades e deixar a criatividade fluir. O Odomod\u00ea est\u00e1 com uma programa\u00e7\u00e3o intensa nos meses de abril e maio, com oficinas de poesia, dan\u00e7a, penteados com tran\u00e7as e hip hop, todas com inscri\u00e7\u00f5es abertas para moradores da capital entre 15 a [&hellip;]\" \/>\n<meta property=\"og:url\" content=\"https:\/\/jornalfatosenoticias.com.br\/index.php\/2023\/04\/12\/oficinas-de-poesia-danca-trancas-e-hip-hop-com-inscricoes-abertas\/\" \/>\n<meta property=\"og:site_name\" content=\"Jornal Fatos e Not\u00edcias\" \/>\n<meta property=\"article:published_time\" content=\"2023-04-12T13:43:10+00:00\" \/>\n<meta property=\"article:modified_time\" content=\"2023-04-12T13:43:11+00:00\" \/>\n<meta property=\"og:image\" content=\"https:\/\/jornalfatosenoticias.com.br\/wp-content\/uploads\/2023\/04\/Oficinas-de-poesia-ODOMODE_CAPA.jpg\" \/>\n\t<meta property=\"og:image:width\" content=\"1000\" \/>\n\t<meta property=\"og:image:height\" content=\"555\" \/>\n\t<meta property=\"og:image:type\" content=\"image\/jpeg\" \/>\n<meta name=\"author\" content=\"Luzimara Fernandes\" \/>\n<meta name=\"twitter:card\" content=\"summary_large_image\" \/>\n<meta name=\"twitter:label1\" content=\"Escrito por\" \/>\n\t<meta name=\"twitter:data1\" content=\"Luzimara Fernandes\" \/>\n\t<meta name=\"twitter:label2\" content=\"Est. tempo de leitura\" \/>\n\t<meta name=\"twitter:data2\" content=\"2 minutos\" \/>\n<script type=\"application\/ld+json\" class=\"yoast-schema-graph\">{\"@context\":\"https:\/\/schema.org\",\"@graph\":[{\"@type\":\"Article\",\"@id\":\"https:\/\/jornalfatosenoticias.com.br\/index.php\/2023\/04\/12\/oficinas-de-poesia-danca-trancas-e-hip-hop-com-inscricoes-abertas\/#article\",\"isPartOf\":{\"@id\":\"https:\/\/jornalfatosenoticias.com.br\/index.php\/2023\/04\/12\/oficinas-de-poesia-danca-trancas-e-hip-hop-com-inscricoes-abertas\/\"},\"author\":{\"name\":\"Luzimara Fernandes\",\"@id\":\"https:\/\/jornalfatosenoticias.com.br\/#\/schema\/person\/d63837fa13ac8666eb9e74e0985d6f81\"},\"headline\":\"Oficinas de poesia, dan\u00e7a, tran\u00e7as e hip hop com inscri\u00e7\u00f5es abertas\",\"datePublished\":\"2023-04-12T13:43:10+00:00\",\"dateModified\":\"2023-04-12T13:43:11+00:00\",\"mainEntityOfPage\":{\"@id\":\"https:\/\/jornalfatosenoticias.com.br\/index.php\/2023\/04\/12\/oficinas-de-poesia-danca-trancas-e-hip-hop-com-inscricoes-abertas\/\"},\"wordCount\":373,\"commentCount\":0,\"publisher\":{\"@id\":\"https:\/\/jornalfatosenoticias.com.br\/#organization\"},\"image\":{\"@id\":\"https:\/\/jornalfatosenoticias.com.br\/index.php\/2023\/04\/12\/oficinas-de-poesia-danca-trancas-e-hip-hop-com-inscricoes-abertas\/#primaryimage\"},\"thumbnailUrl\":\"https:\/\/jornalfatosenoticias.com.br\/wp-content\/uploads\/2023\/04\/Oficinas-de-poesia-ODOMODE_CAPA.jpg\",\"keywords\":[\"espa\u00e7o para a juventude\",\"inscri\u00e7\u00f5es abertas\",\"Odomod\u00ea\",\"oficinas\",\"oficinas de dan\u00e7a\",\"oficinas de hip hop\",\"oficinas de poesia\",\"oficinas de tran\u00e7as\"],\"articleSection\":[\"Cultura\"],\"inLanguage\":\"pt-BR\",\"potentialAction\":[{\"@type\":\"CommentAction\",\"name\":\"Comment\",\"target\":[\"https:\/\/jornalfatosenoticias.com.br\/index.php\/2023\/04\/12\/oficinas-de-poesia-danca-trancas-e-hip-hop-com-inscricoes-abertas\/#respond\"]}]},{\"@type\":\"WebPage\",\"@id\":\"https:\/\/jornalfatosenoticias.com.br\/index.php\/2023\/04\/12\/oficinas-de-poesia-danca-trancas-e-hip-hop-com-inscricoes-abertas\/\",\"url\":\"https:\/\/jornalfatosenoticias.com.br\/index.php\/2023\/04\/12\/oficinas-de-poesia-danca-trancas-e-hip-hop-com-inscricoes-abertas\/\",\"name\":\"Oficinas de poesia, dan\u00e7a, tran\u00e7as e hip hop com inscri\u00e7\u00f5es abertas - Jornal Fatos e Not\u00edcias\",\"isPartOf\":{\"@id\":\"https:\/\/jornalfatosenoticias.com.br\/#website\"},\"primaryImageOfPage\":{\"@id\":\"https:\/\/jornalfatosenoticias.com.br\/index.php\/2023\/04\/12\/oficinas-de-poesia-danca-trancas-e-hip-hop-com-inscricoes-abertas\/#primaryimage\"},\"image\":{\"@id\":\"https:\/\/jornalfatosenoticias.com.br\/index.php\/2023\/04\/12\/oficinas-de-poesia-danca-trancas-e-hip-hop-com-inscricoes-abertas\/#primaryimage\"},\"thumbnailUrl\":\"https:\/\/jornalfatosenoticias.com.br\/wp-content\/uploads\/2023\/04\/Oficinas-de-poesia-ODOMODE_CAPA.jpg\",\"datePublished\":\"2023-04-12T13:43:10+00:00\",\"dateModified\":\"2023-04-12T13:43:11+00:00\",\"breadcrumb\":{\"@id\":\"https:\/\/jornalfatosenoticias.com.br\/index.php\/2023\/04\/12\/oficinas-de-poesia-danca-trancas-e-hip-hop-com-inscricoes-abertas\/#breadcrumb\"},\"inLanguage\":\"pt-BR\",\"potentialAction\":[{\"@type\":\"ReadAction\",\"target\":[\"https:\/\/jornalfatosenoticias.com.br\/index.php\/2023\/04\/12\/oficinas-de-poesia-danca-trancas-e-hip-hop-com-inscricoes-abertas\/\"]}]},{\"@type\":\"ImageObject\",\"inLanguage\":\"pt-BR\",\"@id\":\"https:\/\/jornalfatosenoticias.com.br\/index.php\/2023\/04\/12\/oficinas-de-poesia-danca-trancas-e-hip-hop-com-inscricoes-abertas\/#primaryimage\",\"url\":\"https:\/\/jornalfatosenoticias.com.br\/wp-content\/uploads\/2023\/04\/Oficinas-de-poesia-ODOMODE_CAPA.jpg\",\"contentUrl\":\"https:\/\/jornalfatosenoticias.com.br\/wp-content\/uploads\/2023\/04\/Oficinas-de-poesia-ODOMODE_CAPA.jpg\",\"width\":1000,\"height\":555,\"caption\":\"Odomod\u00ea\"},{\"@type\":\"BreadcrumbList\",\"@id\":\"https:\/\/jornalfatosenoticias.com.br\/index.php\/2023\/04\/12\/oficinas-de-poesia-danca-trancas-e-hip-hop-com-inscricoes-abertas\/#breadcrumb\",\"itemListElement\":[{\"@type\":\"ListItem\",\"position\":1,\"name\":\"In\u00edcio\",\"item\":\"https:\/\/jornalfatosenoticias.com.br\/\"},{\"@type\":\"ListItem\",\"position\":2,\"name\":\"Oficinas de poesia, dan\u00e7a, tran\u00e7as e hip hop com inscri\u00e7\u00f5es abertas\"}]},{\"@type\":\"WebSite\",\"@id\":\"https:\/\/jornalfatosenoticias.com.br\/#website\",\"url\":\"https:\/\/jornalfatosenoticias.com.br\/\",\"name\":\"Jornal Fatos e Not\u00edcias\",\"description\":\"Not\u00edcias em geral\",\"publisher\":{\"@id\":\"https:\/\/jornalfatosenoticias.com.br\/#organization\"},\"potentialAction\":[{\"@type\":\"SearchAction\",\"target\":{\"@type\":\"EntryPoint\",\"urlTemplate\":\"https:\/\/jornalfatosenoticias.com.br\/?s={search_term_string}\"},\"query-input\":{\"@type\":\"PropertyValueSpecification\",\"valueRequired\":true,\"valueName\":\"search_term_string\"}}],\"inLanguage\":\"pt-BR\"},{\"@type\":\"Organization\",\"@id\":\"https:\/\/jornalfatosenoticias.com.br\/#organization\",\"name\":\"Jornal Fatos e Not\u00edcias\",\"url\":\"https:\/\/jornalfatosenoticias.com.br\/\",\"logo\":{\"@type\":\"ImageObject\",\"inLanguage\":\"pt-BR\",\"@id\":\"https:\/\/jornalfatosenoticias.com.br\/#\/schema\/logo\/image\/\",\"url\":\"https:\/\/jornalfatosenoticias.com.br\/wp-content\/uploads\/2020\/02\/logo120.png\",\"contentUrl\":\"https:\/\/jornalfatosenoticias.com.br\/wp-content\/uploads\/2020\/02\/logo120.png\",\"width\":1227,\"height\":120,\"caption\":\"Jornal Fatos e Not\u00edcias\"},\"image\":{\"@id\":\"https:\/\/jornalfatosenoticias.com.br\/#\/schema\/logo\/image\/\"}},{\"@type\":\"Person\",\"@id\":\"https:\/\/jornalfatosenoticias.com.br\/#\/schema\/person\/d63837fa13ac8666eb9e74e0985d6f81\",\"name\":\"Luzimara Fernandes\",\"image\":{\"@type\":\"ImageObject\",\"inLanguage\":\"pt-BR\",\"@id\":\"https:\/\/jornalfatosenoticias.com.br\/#\/schema\/person\/image\/\",\"url\":\"https:\/\/jornalfatosenoticias.com.br\/wp-content\/uploads\/2025\/05\/EU_portal.jpg\",\"contentUrl\":\"https:\/\/jornalfatosenoticias.com.br\/wp-content\/uploads\/2025\/05\/EU_portal.jpg\",\"caption\":\"Luzimara Fernandes\"},\"description\":\"Jornalista MTB 2358-ES\",\"sameAs\":[\"https:\/\/jornalfatosenoticias.com.br\"],\"url\":\"https:\/\/jornalfatosenoticias.com.br\/index.php\/author\/luzimara\/\"}]}<\/script>\n<!-- \/ Yoast SEO plugin. -->","yoast_head_json":{"title":"Oficinas de poesia, dan\u00e7a, tran\u00e7as e hip hop com inscri\u00e7\u00f5es abertas - Jornal Fatos e Not\u00edcias","robots":{"index":"index","follow":"follow","max-snippet":"max-snippet:-1","max-image-preview":"max-image-preview:large","max-video-preview":"max-video-preview:-1"},"canonical":"https:\/\/jornalfatosenoticias.com.br\/index.php\/2023\/04\/12\/oficinas-de-poesia-danca-trancas-e-hip-hop-com-inscricoes-abertas\/","og_locale":"pt_BR","og_type":"article","og_title":"Oficinas de poesia, dan\u00e7a, tran\u00e7as e hip hop com inscri\u00e7\u00f5es abertas - Jornal Fatos e Not\u00edcias","og_description":"por: Edlamara Conti Um espa\u00e7o para a juventude de Vit\u00f3ria interagir, se expressar, desenvolver habilidades e deixar a criatividade fluir. O Odomod\u00ea est\u00e1 com uma programa\u00e7\u00e3o intensa nos meses de abril e maio, com oficinas de poesia, dan\u00e7a, penteados com tran\u00e7as e hip hop, todas com inscri\u00e7\u00f5es abertas para moradores da capital entre 15 a [&hellip;]","og_url":"https:\/\/jornalfatosenoticias.com.br\/index.php\/2023\/04\/12\/oficinas-de-poesia-danca-trancas-e-hip-hop-com-inscricoes-abertas\/","og_site_name":"Jornal Fatos e Not\u00edcias","article_published_time":"2023-04-12T13:43:10+00:00","article_modified_time":"2023-04-12T13:43:11+00:00","og_image":[{"width":1000,"height":555,"url":"https:\/\/jornalfatosenoticias.com.br\/wp-content\/uploads\/2023\/04\/Oficinas-de-poesia-ODOMODE_CAPA.jpg","type":"image\/jpeg"}],"author":"Luzimara Fernandes","twitter_card":"summary_large_image","twitter_misc":{"Escrito por":"Luzimara Fernandes","Est. tempo de leitura":"2 minutos"},"schema":{"@context":"https:\/\/schema.org","@graph":[{"@type":"Article","@id":"https:\/\/jornalfatosenoticias.com.br\/index.php\/2023\/04\/12\/oficinas-de-poesia-danca-trancas-e-hip-hop-com-inscricoes-abertas\/#article","isPartOf":{"@id":"https:\/\/jornalfatosenoticias.com.br\/index.php\/2023\/04\/12\/oficinas-de-poesia-danca-trancas-e-hip-hop-com-inscricoes-abertas\/"},"author":{"name":"Luzimara Fernandes","@id":"https:\/\/jornalfatosenoticias.com.br\/#\/schema\/person\/d63837fa13ac8666eb9e74e0985d6f81"},"headline":"Oficinas de poesia, dan\u00e7a, tran\u00e7as e hip hop com inscri\u00e7\u00f5es abertas","datePublished":"2023-04-12T13:43:10+00:00","dateModified":"2023-04-12T13:43:11+00:00","mainEntityOfPage":{"@id":"https:\/\/jornalfatosenoticias.com.br\/index.php\/2023\/04\/12\/oficinas-de-poesia-danca-trancas-e-hip-hop-com-inscricoes-abertas\/"},"wordCount":373,"commentCount":0,"publisher":{"@id":"https:\/\/jornalfatosenoticias.com.br\/#organization"},"image":{"@id":"https:\/\/jornalfatosenoticias.com.br\/index.php\/2023\/04\/12\/oficinas-de-poesia-danca-trancas-e-hip-hop-com-inscricoes-abertas\/#primaryimage"},"thumbnailUrl":"https:\/\/jornalfatosenoticias.com.br\/wp-content\/uploads\/2023\/04\/Oficinas-de-poesia-ODOMODE_CAPA.jpg","keywords":["espa\u00e7o para a juventude","inscri\u00e7\u00f5es abertas","Odomod\u00ea","oficinas","oficinas de dan\u00e7a","oficinas de hip hop","oficinas de poesia","oficinas de tran\u00e7as"],"articleSection":["Cultura"],"inLanguage":"pt-BR","potentialAction":[{"@type":"CommentAction","name":"Comment","target":["https:\/\/jornalfatosenoticias.com.br\/index.php\/2023\/04\/12\/oficinas-de-poesia-danca-trancas-e-hip-hop-com-inscricoes-abertas\/#respond"]}]},{"@type":"WebPage","@id":"https:\/\/jornalfatosenoticias.com.br\/index.php\/2023\/04\/12\/oficinas-de-poesia-danca-trancas-e-hip-hop-com-inscricoes-abertas\/","url":"https:\/\/jornalfatosenoticias.com.br\/index.php\/2023\/04\/12\/oficinas-de-poesia-danca-trancas-e-hip-hop-com-inscricoes-abertas\/","name":"Oficinas de poesia, dan\u00e7a, tran\u00e7as e hip hop com inscri\u00e7\u00f5es abertas - Jornal Fatos e Not\u00edcias","isPartOf":{"@id":"https:\/\/jornalfatosenoticias.com.br\/#website"},"primaryImageOfPage":{"@id":"https:\/\/jornalfatosenoticias.com.br\/index.php\/2023\/04\/12\/oficinas-de-poesia-danca-trancas-e-hip-hop-com-inscricoes-abertas\/#primaryimage"},"image":{"@id":"https:\/\/jornalfatosenoticias.com.br\/index.php\/2023\/04\/12\/oficinas-de-poesia-danca-trancas-e-hip-hop-com-inscricoes-abertas\/#primaryimage"},"thumbnailUrl":"https:\/\/jornalfatosenoticias.com.br\/wp-content\/uploads\/2023\/04\/Oficinas-de-poesia-ODOMODE_CAPA.jpg","datePublished":"2023-04-12T13:43:10+00:00","dateModified":"2023-04-12T13:43:11+00:00","breadcrumb":{"@id":"https:\/\/jornalfatosenoticias.com.br\/index.php\/2023\/04\/12\/oficinas-de-poesia-danca-trancas-e-hip-hop-com-inscricoes-abertas\/#breadcrumb"},"inLanguage":"pt-BR","potentialAction":[{"@type":"ReadAction","target":["https:\/\/jornalfatosenoticias.com.br\/index.php\/2023\/04\/12\/oficinas-de-poesia-danca-trancas-e-hip-hop-com-inscricoes-abertas\/"]}]},{"@type":"ImageObject","inLanguage":"pt-BR","@id":"https:\/\/jornalfatosenoticias.com.br\/index.php\/2023\/04\/12\/oficinas-de-poesia-danca-trancas-e-hip-hop-com-inscricoes-abertas\/#primaryimage","url":"https:\/\/jornalfatosenoticias.com.br\/wp-content\/uploads\/2023\/04\/Oficinas-de-poesia-ODOMODE_CAPA.jpg","contentUrl":"https:\/\/jornalfatosenoticias.com.br\/wp-content\/uploads\/2023\/04\/Oficinas-de-poesia-ODOMODE_CAPA.jpg","width":1000,"height":555,"caption":"Odomod\u00ea"},{"@type":"BreadcrumbList","@id":"https:\/\/jornalfatosenoticias.com.br\/index.php\/2023\/04\/12\/oficinas-de-poesia-danca-trancas-e-hip-hop-com-inscricoes-abertas\/#breadcrumb","itemListElement":[{"@type":"ListItem","position":1,"name":"In\u00edcio","item":"https:\/\/jornalfatosenoticias.com.br\/"},{"@type":"ListItem","position":2,"name":"Oficinas de poesia, dan\u00e7a, tran\u00e7as e hip hop com inscri\u00e7\u00f5es abertas"}]},{"@type":"WebSite","@id":"https:\/\/jornalfatosenoticias.com.br\/#website","url":"https:\/\/jornalfatosenoticias.com.br\/","name":"Jornal Fatos e Not\u00edcias","description":"Not\u00edcias em geral","publisher":{"@id":"https:\/\/jornalfatosenoticias.com.br\/#organization"},"potentialAction":[{"@type":"SearchAction","target":{"@type":"EntryPoint","urlTemplate":"https:\/\/jornalfatosenoticias.com.br\/?s={search_term_string}"},"query-input":{"@type":"PropertyValueSpecification","valueRequired":true,"valueName":"search_term_string"}}],"inLanguage":"pt-BR"},{"@type":"Organization","@id":"https:\/\/jornalfatosenoticias.com.br\/#organization","name":"Jornal Fatos e Not\u00edcias","url":"https:\/\/jornalfatosenoticias.com.br\/","logo":{"@type":"ImageObject","inLanguage":"pt-BR","@id":"https:\/\/jornalfatosenoticias.com.br\/#\/schema\/logo\/image\/","url":"https:\/\/jornalfatosenoticias.com.br\/wp-content\/uploads\/2020\/02\/logo120.png","contentUrl":"https:\/\/jornalfatosenoticias.com.br\/wp-content\/uploads\/2020\/02\/logo120.png","width":1227,"height":120,"caption":"Jornal Fatos e Not\u00edcias"},"image":{"@id":"https:\/\/jornalfatosenoticias.com.br\/#\/schema\/logo\/image\/"}},{"@type":"Person","@id":"https:\/\/jornalfatosenoticias.com.br\/#\/schema\/person\/d63837fa13ac8666eb9e74e0985d6f81","name":"Luzimara Fernandes","image":{"@type":"ImageObject","inLanguage":"pt-BR","@id":"https:\/\/jornalfatosenoticias.com.br\/#\/schema\/person\/image\/","url":"https:\/\/jornalfatosenoticias.com.br\/wp-content\/uploads\/2025\/05\/EU_portal.jpg","contentUrl":"https:\/\/jornalfatosenoticias.com.br\/wp-content\/uploads\/2025\/05\/EU_portal.jpg","caption":"Luzimara Fernandes"},"description":"Jornalista MTB 2358-ES","sameAs":["https:\/\/jornalfatosenoticias.com.br"],"url":"https:\/\/jornalfatosenoticias.com.br\/index.php\/author\/luzimara\/"}]}},"cc_featured_image_caption":{"caption_text":"(Foto: Divulga\u00e7\u00e3o\/PMV) ","source_text":"","source_url":""},"jetpack_featured_media_url":"https:\/\/jornalfatosenoticias.com.br\/wp-content\/uploads\/2023\/04\/Oficinas-de-poesia-ODOMODE_CAPA.jpg","_links":{"self":[{"href":"https:\/\/jornalfatosenoticias.com.br\/index.php\/wp-json\/wp\/v2\/posts\/40528","targetHints":{"allow":["GET"]}}],"collection":[{"href":"https:\/\/jornalfatosenoticias.com.br\/index.php\/wp-json\/wp\/v2\/posts"}],"about":[{"href":"https:\/\/jornalfatosenoticias.com.br\/index.php\/wp-json\/wp\/v2\/types\/post"}],"author":[{"embeddable":true,"href":"https:\/\/jornalfatosenoticias.com.br\/index.php\/wp-json\/wp\/v2\/users\/2"}],"replies":[{"embeddable":true,"href":"https:\/\/jornalfatosenoticias.com.br\/index.php\/wp-json\/wp\/v2\/comments?post=40528"}],"version-history":[{"count":0,"href":"https:\/\/jornalfatosenoticias.com.br\/index.php\/wp-json\/wp\/v2\/posts\/40528\/revisions"}],"wp:featuredmedia":[{"embeddable":true,"href":"https:\/\/jornalfatosenoticias.com.br\/index.php\/wp-json\/wp\/v2\/media\/40530"}],"wp:attachment":[{"href":"https:\/\/jornalfatosenoticias.com.br\/index.php\/wp-json\/wp\/v2\/media?parent=40528"}],"wp:term":[{"taxonomy":"category","embeddable":true,"href":"https:\/\/jornalfatosenoticias.com.br\/index.php\/wp-json\/wp\/v2\/categories?post=40528"},{"taxonomy":"post_tag","embeddable":true,"href":"https:\/\/jornalfatosenoticias.com.br\/index.php\/wp-json\/wp\/v2\/tags?post=40528"}],"curies":[{"name":"wp","href":"https:\/\/api.w.org\/{rel}","templated":true}]}}