{"id":40532,"date":"2023-04-12T10:51:50","date_gmt":"2023-04-12T13:51:50","guid":{"rendered":"https:\/\/jornalfatosenoticias.com.br\/?p=40532"},"modified":"2023-04-12T10:51:52","modified_gmt":"2023-04-12T13:51:52","slug":"tecnologia-dos-metamateriais-chega-ao-concreto","status":"publish","type":"post","link":"https:\/\/jornalfatosenoticias.com.br\/index.php\/2023\/04\/12\/tecnologia-dos-metamateriais-chega-ao-concreto\/","title":{"rendered":"Tecnologia dos metamateriais chega ao concreto"},"content":{"rendered":"\n<div class=\"wp-block-image\"><figure class=\"aligncenter size-large\"><img loading=\"lazy\" decoding=\"async\" width=\"729\" height=\"90\" src=\"https:\/\/jornalfatosenoticias.com.br\/wp-content\/uploads\/2020\/02\/Logo_Mizu.png\" alt=\"\" class=\"wp-image-1441\" srcset=\"https:\/\/jornalfatosenoticias.com.br\/wp-content\/uploads\/2020\/02\/Logo_Mizu.png 729w, https:\/\/jornalfatosenoticias.com.br\/wp-content\/uploads\/2020\/02\/Logo_Mizu-300x37.png 300w\" sizes=\"auto, (max-width: 729px) 100vw, 729px\" \/><\/figure><\/div>\n\n\n\n<p>Os <a href=\"https:\/\/www.inovacaotecnologica.com.br\/noticias\/meta.php?meta=metamateriais\">metamateriais<\/a>, que est\u00e3o entre as tecnologias com maior impacto neste s\u00e9culo, acabam de entrar em uma nova \u00e1rea um tanto inesperada: Na fabrica\u00e7\u00e3o de concreto para a\u00a0<a href=\"https:\/\/www.inovacaotecnologica.com.br\/noticias\/meta.php?meta=construcao-civil\">constru\u00e7\u00e3o civil<\/a>. <\/p>\n\n\n\n<blockquote class=\"wp-block-quote is-layout-flow wp-block-quote-is-layout-flow\"><p><span class=\"has-inline-color has-luminous-vivid-orange-color\">O uso maci\u00e7o de <a href=\"https:\/\/www.inovacaotecnologica.com.br\/pesquisar.php?keyword=concreto&amp;pb=1\">concreto<\/a> em nossos projetos de infraestrutura implica a necessidade de desenvolver uma nova gera\u00e7\u00e3o de materiais de concreto que sejam mais econ\u00f4micos e ambientalmente sustent\u00e1veis, mas que ofere\u00e7am funcionalidades avan\u00e7adas. Acreditamos que podemos alcan\u00e7ar todos esses objetivos introduzindo um paradigma metamaterial no desenvolvimento dos materiais de constru\u00e7\u00e3o&#8221;, disse o professor Amir Alavi, da Universidade de Pittsburgh (EUA).<\/span><\/p><\/blockquote>\n\n\n\n<figure class=\"wp-block-embed-youtube wp-block-embed is-type-video is-provider-youtube wp-embed-aspect-16-9 wp-has-aspect-ratio\"><div class=\"wp-block-embed__wrapper\">\n<iframe loading=\"lazy\" title=\"Metamaterial Mechanisms (UIST&#039;16)\" width=\"660\" height=\"371\" src=\"https:\/\/www.youtube.com\/embed\/lsTiWYSfPck?feature=oembed\" frameborder=\"0\" allow=\"accelerometer; autoplay; clipboard-write; encrypted-media; gyroscope; picture-in-picture; web-share\" referrerpolicy=\"strict-origin-when-cross-origin\" allowfullscreen><\/iframe>\n<\/div><\/figure>\n\n\n\n<div class=\"wp-block-image\"><figure class=\"aligncenter size-large is-resized\"><img loading=\"lazy\" decoding=\"async\" src=\"https:\/\/jornalfatosenoticias.com.br\/wp-content\/uploads\/2023\/03\/logo-Panper_portal.jpg\" alt=\"\" class=\"wp-image-40208\" width=\"313\" height=\"217\" srcset=\"https:\/\/jornalfatosenoticias.com.br\/wp-content\/uploads\/2023\/03\/logo-Panper_portal.jpg 400w, https:\/\/jornalfatosenoticias.com.br\/wp-content\/uploads\/2023\/03\/logo-Panper_portal-300x208.jpg 300w\" sizes=\"auto, (max-width: 313px) 100vw, 313px\" \/><\/figure><\/div>\n\n\n\n<p>Alavi e sua equipe j\u00e1 desenvolveram <a href=\"https:\/\/www.inovacaotecnologica.com.br\/noticias\/noticia.php?artigo=materiais-autoconscientes&amp;id=010160210614\">metamateriais autoconscientes<\/a> e exploraram seu uso em aplica\u00e7\u00f5es como implantes inteligentes. Agora, eles usaram os mesmos princ\u00edpios para ajustar a fabrica\u00e7\u00e3o do concreto, permitindo que o material seja projetado e constru\u00eddo especificamente para sua finalidade.<br>Com isto, atributos como fragilidade, flexibilidade e moldabilidade podem ser ajustados na cria\u00e7\u00e3o da estrutura de concreto, permitindo que os construtores usem menos material sem sacrificar a resist\u00eancia ou a longevidade.<\/p>\n\n\n\n<div class=\"wp-block-image\"><figure class=\"aligncenter size-large\"><img loading=\"lazy\" decoding=\"async\" width=\"300\" height=\"250\" src=\"https:\/\/jornalfatosenoticias.com.br\/wp-content\/uploads\/2022\/02\/FERRARI_MAQUINAS-E-FERRAMENTAS2.jpg\" alt=\"\" class=\"wp-image-27860\"\/><\/figure><\/div>\n\n\n\n<p>As estruturas de concreto resultantes ficam leves e s\u00e3o mecanicamente ajust\u00e1veis, viabilizando o uso de concreto em v\u00e1rias aplica\u00e7\u00f5es, como materiais de absor\u00e7\u00e3o de choque, para desacelera\u00e7\u00e3o de ve\u00edculos ou em sistemas de isolamento dos pr\u00e9dios contra atividades s\u00edsmicas.<\/p>\n\n\n\n<figure class=\"wp-block-embed-youtube wp-block-embed is-type-video is-provider-youtube wp-embed-aspect-16-9 wp-has-aspect-ratio\"><div class=\"wp-block-embed__wrapper\">\n<iframe loading=\"lazy\" title=\"Negative Poisson Material\" width=\"660\" height=\"371\" src=\"https:\/\/www.youtube.com\/embed\/WYEqsCnOdQk?feature=oembed\" frameborder=\"0\" allow=\"accelerometer; autoplay; clipboard-write; encrypted-media; gyroscope; picture-in-picture; web-share\" referrerpolicy=\"strict-origin-when-cross-origin\" allowfullscreen><\/iframe>\n<\/div><\/figure>\n\n\n\n<p><strong><span class=\"has-inline-color has-black-color\">Concreto que gera eletricidade<br><\/span><\/strong>Os primeiros prot\u00f3tipos do metaconcreto foram criados visando uma funcionalidade em grande demanda nos EUA, onde a maioria das estradas \u00e9 feita de concreto: Ele gera eletricidade. O material \u00e9 composto por redes de pol\u00edmero <a href=\"https:\/\/www.inovacaotecnologica.com.br\/pesquisar.php?keyword=aux%C3%A9tico\">aux\u00e9tico<\/a> (do grego antigo auxeto, que significa estic\u00e1vel) embutidas em uma matriz de cimento \u00e0 qual \u00e9 adicionado grafite, para que ela se torne eletricamente condutora.<\/p>\n\n\n\n<div class=\"wp-block-image\"><figure class=\"aligncenter size-large is-resized\"><img loading=\"lazy\" decoding=\"async\" src=\"https:\/\/jornalfatosenoticias.com.br\/wp-content\/uploads\/2022\/10\/RC_800x750_page-0001.jpg\" alt=\"\" class=\"wp-image-35338\" width=\"266\" height=\"249\" srcset=\"https:\/\/jornalfatosenoticias.com.br\/wp-content\/uploads\/2022\/10\/RC_800x750_page-0001.jpg 400w, https:\/\/jornalfatosenoticias.com.br\/wp-content\/uploads\/2022\/10\/RC_800x750_page-0001-300x281.jpg 300w\" sizes=\"auto, (max-width: 266px) 100vw, 266px\" \/><\/figure><\/div>\n\n\n\n<p>A estrutura induz eletrifica\u00e7\u00e3o de contato entre as camadas quando recebe uma carga mec\u00e2nica. Como o material pode ser comprimido em at\u00e9 15% sob carga c\u00edclica, ele produz cerca 330 \u03bcW de pot\u00eancia. Isso n\u00e3o \u00e9 eletricidade suficiente para enviar energia \u00e0 rede el\u00e9trica, mas \u00e9 mais do que o bastante para alimentar sensores para monitoramento das estruturas civis ou estradas, al\u00e9m de terremotos.<\/p>\n\n\n\n<div class=\"wp-block-image\"><figure class=\"aligncenter size-large is-resized\"><img loading=\"lazy\" decoding=\"async\" src=\"https:\/\/jornalfatosenoticias.com.br\/wp-content\/uploads\/2020\/02\/logo-embacia.jpg\" alt=\"\" class=\"wp-image-33905\" width=\"258\" height=\"258\"\/><\/figure><\/div>\n\n\n\n<p>Eventualmente, sugere a equipe, essas estruturas inteligentes poder\u00e3o alimentar chips embutidos nas estradas para ajudar os carros aut\u00f4nomos a navegar nas rodovias quando os sinais de GPS s\u00e3o muito fracos ou o LIDAR n\u00e3o est\u00e1 funcionando.<\/p>\n\n\n\n<p><strong><em>Fonte: <a href=\"https:\/\/www.inovacaotecnologica.com.br\/noticias\/noticia.php?artigo=tecnologia-metamateriais-chega-concreto&amp;id=010160230410#.ZDa1vXbMK1t\">Inova\u00e7\u00e3o Tecnol\u00f3gica<\/a><\/em><\/strong><\/p>\n","protected":false},"excerpt":{"rendered":"<p>Os metamateriais, que est\u00e3o entre as tecnologias com maior impacto neste s\u00e9culo, acabam de entrar em uma nova \u00e1rea um tanto inesperada: Na fabrica\u00e7\u00e3o de concreto para a\u00a0constru\u00e7\u00e3o civil. O uso maci\u00e7o de concreto em nossos projetos de infraestrutura implica a necessidade de desenvolver uma nova gera\u00e7\u00e3o de materiais de concreto que sejam mais econ\u00f4micos [&hellip;]<\/p>\n","protected":false},"author":2,"featured_media":40533,"comment_status":"open","ping_status":"open","sticky":false,"template":"","format":"standard","meta":{"footnotes":""},"categories":[744],"tags":[835,2852,18993,18991,198,18992],"class_list":["post-40532","post","type-post","status-publish","format-standard","has-post-thumbnail","hentry","category-arq-urbanismo","tag-concreto","tag-construcao-civil","tag-inovacao-tecnologica","tag-metamateriais","tag-tecnologia","tag-tecnologia-dos-metamateriais"],"yoast_head":"<!-- This site is optimized with the Yoast SEO plugin v26.5 - https:\/\/yoast.com\/wordpress\/plugins\/seo\/ -->\n<title>Tecnologia dos metamateriais chega ao concreto - Jornal Fatos e Not\u00edcias<\/title>\n<meta name=\"robots\" content=\"index, follow, max-snippet:-1, max-image-preview:large, max-video-preview:-1\" \/>\n<link rel=\"canonical\" href=\"https:\/\/jornalfatosenoticias.com.br\/index.php\/2023\/04\/12\/tecnologia-dos-metamateriais-chega-ao-concreto\/\" \/>\n<meta property=\"og:locale\" content=\"pt_BR\" \/>\n<meta property=\"og:type\" content=\"article\" \/>\n<meta property=\"og:title\" content=\"Tecnologia dos metamateriais chega ao concreto - Jornal Fatos e Not\u00edcias\" \/>\n<meta property=\"og:description\" content=\"Os metamateriais, que est\u00e3o entre as tecnologias com maior impacto neste s\u00e9culo, acabam de entrar em uma nova \u00e1rea um tanto inesperada: Na fabrica\u00e7\u00e3o de concreto para a\u00a0constru\u00e7\u00e3o civil. O uso maci\u00e7o de concreto em nossos projetos de infraestrutura implica a necessidade de desenvolver uma nova gera\u00e7\u00e3o de materiais de concreto que sejam mais econ\u00f4micos [&hellip;]\" \/>\n<meta property=\"og:url\" content=\"https:\/\/jornalfatosenoticias.com.br\/index.php\/2023\/04\/12\/tecnologia-dos-metamateriais-chega-ao-concreto\/\" \/>\n<meta property=\"og:site_name\" content=\"Jornal Fatos e Not\u00edcias\" \/>\n<meta property=\"article:published_time\" content=\"2023-04-12T13:51:50+00:00\" \/>\n<meta property=\"article:modified_time\" content=\"2023-04-12T13:51:52+00:00\" \/>\n<meta property=\"og:image\" content=\"https:\/\/jornalfatosenoticias.com.br\/wp-content\/uploads\/2023\/04\/metamateriais-concreto.jpg\" \/>\n\t<meta property=\"og:image:width\" content=\"850\" \/>\n\t<meta property=\"og:image:height\" content=\"637\" \/>\n\t<meta property=\"og:image:type\" content=\"image\/jpeg\" \/>\n<meta name=\"author\" content=\"Luzimara Fernandes\" \/>\n<meta name=\"twitter:card\" content=\"summary_large_image\" \/>\n<meta name=\"twitter:label1\" content=\"Escrito por\" \/>\n\t<meta name=\"twitter:data1\" content=\"Luzimara Fernandes\" \/>\n\t<meta name=\"twitter:label2\" content=\"Est. tempo de leitura\" \/>\n\t<meta name=\"twitter:data2\" content=\"2 minutos\" \/>\n<script type=\"application\/ld+json\" class=\"yoast-schema-graph\">{\"@context\":\"https:\/\/schema.org\",\"@graph\":[{\"@type\":\"Article\",\"@id\":\"https:\/\/jornalfatosenoticias.com.br\/index.php\/2023\/04\/12\/tecnologia-dos-metamateriais-chega-ao-concreto\/#article\",\"isPartOf\":{\"@id\":\"https:\/\/jornalfatosenoticias.com.br\/index.php\/2023\/04\/12\/tecnologia-dos-metamateriais-chega-ao-concreto\/\"},\"author\":{\"name\":\"Luzimara Fernandes\",\"@id\":\"https:\/\/jornalfatosenoticias.com.br\/#\/schema\/person\/d63837fa13ac8666eb9e74e0985d6f81\"},\"headline\":\"Tecnologia dos metamateriais chega ao concreto\",\"datePublished\":\"2023-04-12T13:51:50+00:00\",\"dateModified\":\"2023-04-12T13:51:52+00:00\",\"mainEntityOfPage\":{\"@id\":\"https:\/\/jornalfatosenoticias.com.br\/index.php\/2023\/04\/12\/tecnologia-dos-metamateriais-chega-ao-concreto\/\"},\"wordCount\":455,\"commentCount\":0,\"publisher\":{\"@id\":\"https:\/\/jornalfatosenoticias.com.br\/#organization\"},\"image\":{\"@id\":\"https:\/\/jornalfatosenoticias.com.br\/index.php\/2023\/04\/12\/tecnologia-dos-metamateriais-chega-ao-concreto\/#primaryimage\"},\"thumbnailUrl\":\"https:\/\/jornalfatosenoticias.com.br\/wp-content\/uploads\/2023\/04\/metamateriais-concreto.jpg\",\"keywords\":[\"concreto\",\"constru\u00e7\u00e3o civil\",\"inova\u00e7\u00e3o tecnol\u00f3gica\",\"metamateriais\",\"tecnologia\",\"tecnologia dos metamateriais\"],\"articleSection\":[\"Arq &amp; Urb\"],\"inLanguage\":\"pt-BR\",\"potentialAction\":[{\"@type\":\"CommentAction\",\"name\":\"Comment\",\"target\":[\"https:\/\/jornalfatosenoticias.com.br\/index.php\/2023\/04\/12\/tecnologia-dos-metamateriais-chega-ao-concreto\/#respond\"]}]},{\"@type\":\"WebPage\",\"@id\":\"https:\/\/jornalfatosenoticias.com.br\/index.php\/2023\/04\/12\/tecnologia-dos-metamateriais-chega-ao-concreto\/\",\"url\":\"https:\/\/jornalfatosenoticias.com.br\/index.php\/2023\/04\/12\/tecnologia-dos-metamateriais-chega-ao-concreto\/\",\"name\":\"Tecnologia dos metamateriais chega ao concreto - Jornal Fatos e Not\u00edcias\",\"isPartOf\":{\"@id\":\"https:\/\/jornalfatosenoticias.com.br\/#website\"},\"primaryImageOfPage\":{\"@id\":\"https:\/\/jornalfatosenoticias.com.br\/index.php\/2023\/04\/12\/tecnologia-dos-metamateriais-chega-ao-concreto\/#primaryimage\"},\"image\":{\"@id\":\"https:\/\/jornalfatosenoticias.com.br\/index.php\/2023\/04\/12\/tecnologia-dos-metamateriais-chega-ao-concreto\/#primaryimage\"},\"thumbnailUrl\":\"https:\/\/jornalfatosenoticias.com.br\/wp-content\/uploads\/2023\/04\/metamateriais-concreto.jpg\",\"datePublished\":\"2023-04-12T13:51:50+00:00\",\"dateModified\":\"2023-04-12T13:51:52+00:00\",\"breadcrumb\":{\"@id\":\"https:\/\/jornalfatosenoticias.com.br\/index.php\/2023\/04\/12\/tecnologia-dos-metamateriais-chega-ao-concreto\/#breadcrumb\"},\"inLanguage\":\"pt-BR\",\"potentialAction\":[{\"@type\":\"ReadAction\",\"target\":[\"https:\/\/jornalfatosenoticias.com.br\/index.php\/2023\/04\/12\/tecnologia-dos-metamateriais-chega-ao-concreto\/\"]}]},{\"@type\":\"ImageObject\",\"inLanguage\":\"pt-BR\",\"@id\":\"https:\/\/jornalfatosenoticias.com.br\/index.php\/2023\/04\/12\/tecnologia-dos-metamateriais-chega-ao-concreto\/#primaryimage\",\"url\":\"https:\/\/jornalfatosenoticias.com.br\/wp-content\/uploads\/2023\/04\/metamateriais-concreto.jpg\",\"contentUrl\":\"https:\/\/jornalfatosenoticias.com.br\/wp-content\/uploads\/2023\/04\/metamateriais-concreto.jpg\",\"width\":850,\"height\":637},{\"@type\":\"BreadcrumbList\",\"@id\":\"https:\/\/jornalfatosenoticias.com.br\/index.php\/2023\/04\/12\/tecnologia-dos-metamateriais-chega-ao-concreto\/#breadcrumb\",\"itemListElement\":[{\"@type\":\"ListItem\",\"position\":1,\"name\":\"In\u00edcio\",\"item\":\"https:\/\/jornalfatosenoticias.com.br\/\"},{\"@type\":\"ListItem\",\"position\":2,\"name\":\"Tecnologia dos metamateriais chega ao concreto\"}]},{\"@type\":\"WebSite\",\"@id\":\"https:\/\/jornalfatosenoticias.com.br\/#website\",\"url\":\"https:\/\/jornalfatosenoticias.com.br\/\",\"name\":\"Jornal Fatos e Not\u00edcias\",\"description\":\"Not\u00edcias em geral\",\"publisher\":{\"@id\":\"https:\/\/jornalfatosenoticias.com.br\/#organization\"},\"potentialAction\":[{\"@type\":\"SearchAction\",\"target\":{\"@type\":\"EntryPoint\",\"urlTemplate\":\"https:\/\/jornalfatosenoticias.com.br\/?s={search_term_string}\"},\"query-input\":{\"@type\":\"PropertyValueSpecification\",\"valueRequired\":true,\"valueName\":\"search_term_string\"}}],\"inLanguage\":\"pt-BR\"},{\"@type\":\"Organization\",\"@id\":\"https:\/\/jornalfatosenoticias.com.br\/#organization\",\"name\":\"Jornal Fatos e Not\u00edcias\",\"url\":\"https:\/\/jornalfatosenoticias.com.br\/\",\"logo\":{\"@type\":\"ImageObject\",\"inLanguage\":\"pt-BR\",\"@id\":\"https:\/\/jornalfatosenoticias.com.br\/#\/schema\/logo\/image\/\",\"url\":\"https:\/\/jornalfatosenoticias.com.br\/wp-content\/uploads\/2020\/02\/logo120.png\",\"contentUrl\":\"https:\/\/jornalfatosenoticias.com.br\/wp-content\/uploads\/2020\/02\/logo120.png\",\"width\":1227,\"height\":120,\"caption\":\"Jornal Fatos e Not\u00edcias\"},\"image\":{\"@id\":\"https:\/\/jornalfatosenoticias.com.br\/#\/schema\/logo\/image\/\"}},{\"@type\":\"Person\",\"@id\":\"https:\/\/jornalfatosenoticias.com.br\/#\/schema\/person\/d63837fa13ac8666eb9e74e0985d6f81\",\"name\":\"Luzimara Fernandes\",\"image\":{\"@type\":\"ImageObject\",\"inLanguage\":\"pt-BR\",\"@id\":\"https:\/\/jornalfatosenoticias.com.br\/#\/schema\/person\/image\/\",\"url\":\"https:\/\/jornalfatosenoticias.com.br\/wp-content\/uploads\/2025\/05\/EU_portal.jpg\",\"contentUrl\":\"https:\/\/jornalfatosenoticias.com.br\/wp-content\/uploads\/2025\/05\/EU_portal.jpg\",\"caption\":\"Luzimara Fernandes\"},\"description\":\"Jornalista MTB 2358-ES\",\"sameAs\":[\"https:\/\/jornalfatosenoticias.com.br\"],\"url\":\"https:\/\/jornalfatosenoticias.com.br\/index.php\/author\/luzimara\/\"}]}<\/script>\n<!-- \/ Yoast SEO plugin. -->","yoast_head_json":{"title":"Tecnologia dos metamateriais chega ao concreto - Jornal Fatos e Not\u00edcias","robots":{"index":"index","follow":"follow","max-snippet":"max-snippet:-1","max-image-preview":"max-image-preview:large","max-video-preview":"max-video-preview:-1"},"canonical":"https:\/\/jornalfatosenoticias.com.br\/index.php\/2023\/04\/12\/tecnologia-dos-metamateriais-chega-ao-concreto\/","og_locale":"pt_BR","og_type":"article","og_title":"Tecnologia dos metamateriais chega ao concreto - Jornal Fatos e Not\u00edcias","og_description":"Os metamateriais, que est\u00e3o entre as tecnologias com maior impacto neste s\u00e9culo, acabam de entrar em uma nova \u00e1rea um tanto inesperada: Na fabrica\u00e7\u00e3o de concreto para a\u00a0constru\u00e7\u00e3o civil. O uso maci\u00e7o de concreto em nossos projetos de infraestrutura implica a necessidade de desenvolver uma nova gera\u00e7\u00e3o de materiais de concreto que sejam mais econ\u00f4micos [&hellip;]","og_url":"https:\/\/jornalfatosenoticias.com.br\/index.php\/2023\/04\/12\/tecnologia-dos-metamateriais-chega-ao-concreto\/","og_site_name":"Jornal Fatos e Not\u00edcias","article_published_time":"2023-04-12T13:51:50+00:00","article_modified_time":"2023-04-12T13:51:52+00:00","og_image":[{"width":850,"height":637,"url":"https:\/\/jornalfatosenoticias.com.br\/wp-content\/uploads\/2023\/04\/metamateriais-concreto.jpg","type":"image\/jpeg"}],"author":"Luzimara Fernandes","twitter_card":"summary_large_image","twitter_misc":{"Escrito por":"Luzimara Fernandes","Est. tempo de leitura":"2 minutos"},"schema":{"@context":"https:\/\/schema.org","@graph":[{"@type":"Article","@id":"https:\/\/jornalfatosenoticias.com.br\/index.php\/2023\/04\/12\/tecnologia-dos-metamateriais-chega-ao-concreto\/#article","isPartOf":{"@id":"https:\/\/jornalfatosenoticias.com.br\/index.php\/2023\/04\/12\/tecnologia-dos-metamateriais-chega-ao-concreto\/"},"author":{"name":"Luzimara Fernandes","@id":"https:\/\/jornalfatosenoticias.com.br\/#\/schema\/person\/d63837fa13ac8666eb9e74e0985d6f81"},"headline":"Tecnologia dos metamateriais chega ao concreto","datePublished":"2023-04-12T13:51:50+00:00","dateModified":"2023-04-12T13:51:52+00:00","mainEntityOfPage":{"@id":"https:\/\/jornalfatosenoticias.com.br\/index.php\/2023\/04\/12\/tecnologia-dos-metamateriais-chega-ao-concreto\/"},"wordCount":455,"commentCount":0,"publisher":{"@id":"https:\/\/jornalfatosenoticias.com.br\/#organization"},"image":{"@id":"https:\/\/jornalfatosenoticias.com.br\/index.php\/2023\/04\/12\/tecnologia-dos-metamateriais-chega-ao-concreto\/#primaryimage"},"thumbnailUrl":"https:\/\/jornalfatosenoticias.com.br\/wp-content\/uploads\/2023\/04\/metamateriais-concreto.jpg","keywords":["concreto","constru\u00e7\u00e3o civil","inova\u00e7\u00e3o tecnol\u00f3gica","metamateriais","tecnologia","tecnologia dos metamateriais"],"articleSection":["Arq &amp; Urb"],"inLanguage":"pt-BR","potentialAction":[{"@type":"CommentAction","name":"Comment","target":["https:\/\/jornalfatosenoticias.com.br\/index.php\/2023\/04\/12\/tecnologia-dos-metamateriais-chega-ao-concreto\/#respond"]}]},{"@type":"WebPage","@id":"https:\/\/jornalfatosenoticias.com.br\/index.php\/2023\/04\/12\/tecnologia-dos-metamateriais-chega-ao-concreto\/","url":"https:\/\/jornalfatosenoticias.com.br\/index.php\/2023\/04\/12\/tecnologia-dos-metamateriais-chega-ao-concreto\/","name":"Tecnologia dos metamateriais chega ao concreto - Jornal Fatos e Not\u00edcias","isPartOf":{"@id":"https:\/\/jornalfatosenoticias.com.br\/#website"},"primaryImageOfPage":{"@id":"https:\/\/jornalfatosenoticias.com.br\/index.php\/2023\/04\/12\/tecnologia-dos-metamateriais-chega-ao-concreto\/#primaryimage"},"image":{"@id":"https:\/\/jornalfatosenoticias.com.br\/index.php\/2023\/04\/12\/tecnologia-dos-metamateriais-chega-ao-concreto\/#primaryimage"},"thumbnailUrl":"https:\/\/jornalfatosenoticias.com.br\/wp-content\/uploads\/2023\/04\/metamateriais-concreto.jpg","datePublished":"2023-04-12T13:51:50+00:00","dateModified":"2023-04-12T13:51:52+00:00","breadcrumb":{"@id":"https:\/\/jornalfatosenoticias.com.br\/index.php\/2023\/04\/12\/tecnologia-dos-metamateriais-chega-ao-concreto\/#breadcrumb"},"inLanguage":"pt-BR","potentialAction":[{"@type":"ReadAction","target":["https:\/\/jornalfatosenoticias.com.br\/index.php\/2023\/04\/12\/tecnologia-dos-metamateriais-chega-ao-concreto\/"]}]},{"@type":"ImageObject","inLanguage":"pt-BR","@id":"https:\/\/jornalfatosenoticias.com.br\/index.php\/2023\/04\/12\/tecnologia-dos-metamateriais-chega-ao-concreto\/#primaryimage","url":"https:\/\/jornalfatosenoticias.com.br\/wp-content\/uploads\/2023\/04\/metamateriais-concreto.jpg","contentUrl":"https:\/\/jornalfatosenoticias.com.br\/wp-content\/uploads\/2023\/04\/metamateriais-concreto.jpg","width":850,"height":637},{"@type":"BreadcrumbList","@id":"https:\/\/jornalfatosenoticias.com.br\/index.php\/2023\/04\/12\/tecnologia-dos-metamateriais-chega-ao-concreto\/#breadcrumb","itemListElement":[{"@type":"ListItem","position":1,"name":"In\u00edcio","item":"https:\/\/jornalfatosenoticias.com.br\/"},{"@type":"ListItem","position":2,"name":"Tecnologia dos metamateriais chega ao concreto"}]},{"@type":"WebSite","@id":"https:\/\/jornalfatosenoticias.com.br\/#website","url":"https:\/\/jornalfatosenoticias.com.br\/","name":"Jornal Fatos e Not\u00edcias","description":"Not\u00edcias em geral","publisher":{"@id":"https:\/\/jornalfatosenoticias.com.br\/#organization"},"potentialAction":[{"@type":"SearchAction","target":{"@type":"EntryPoint","urlTemplate":"https:\/\/jornalfatosenoticias.com.br\/?s={search_term_string}"},"query-input":{"@type":"PropertyValueSpecification","valueRequired":true,"valueName":"search_term_string"}}],"inLanguage":"pt-BR"},{"@type":"Organization","@id":"https:\/\/jornalfatosenoticias.com.br\/#organization","name":"Jornal Fatos e Not\u00edcias","url":"https:\/\/jornalfatosenoticias.com.br\/","logo":{"@type":"ImageObject","inLanguage":"pt-BR","@id":"https:\/\/jornalfatosenoticias.com.br\/#\/schema\/logo\/image\/","url":"https:\/\/jornalfatosenoticias.com.br\/wp-content\/uploads\/2020\/02\/logo120.png","contentUrl":"https:\/\/jornalfatosenoticias.com.br\/wp-content\/uploads\/2020\/02\/logo120.png","width":1227,"height":120,"caption":"Jornal Fatos e Not\u00edcias"},"image":{"@id":"https:\/\/jornalfatosenoticias.com.br\/#\/schema\/logo\/image\/"}},{"@type":"Person","@id":"https:\/\/jornalfatosenoticias.com.br\/#\/schema\/person\/d63837fa13ac8666eb9e74e0985d6f81","name":"Luzimara Fernandes","image":{"@type":"ImageObject","inLanguage":"pt-BR","@id":"https:\/\/jornalfatosenoticias.com.br\/#\/schema\/person\/image\/","url":"https:\/\/jornalfatosenoticias.com.br\/wp-content\/uploads\/2025\/05\/EU_portal.jpg","contentUrl":"https:\/\/jornalfatosenoticias.com.br\/wp-content\/uploads\/2025\/05\/EU_portal.jpg","caption":"Luzimara Fernandes"},"description":"Jornalista MTB 2358-ES","sameAs":["https:\/\/jornalfatosenoticias.com.br"],"url":"https:\/\/jornalfatosenoticias.com.br\/index.php\/author\/luzimara\/"}]}},"cc_featured_image_caption":{"caption_text":"(Foto: Midjourney) ","source_text":"","source_url":""},"jetpack_featured_media_url":"https:\/\/jornalfatosenoticias.com.br\/wp-content\/uploads\/2023\/04\/metamateriais-concreto.jpg","_links":{"self":[{"href":"https:\/\/jornalfatosenoticias.com.br\/index.php\/wp-json\/wp\/v2\/posts\/40532","targetHints":{"allow":["GET"]}}],"collection":[{"href":"https:\/\/jornalfatosenoticias.com.br\/index.php\/wp-json\/wp\/v2\/posts"}],"about":[{"href":"https:\/\/jornalfatosenoticias.com.br\/index.php\/wp-json\/wp\/v2\/types\/post"}],"author":[{"embeddable":true,"href":"https:\/\/jornalfatosenoticias.com.br\/index.php\/wp-json\/wp\/v2\/users\/2"}],"replies":[{"embeddable":true,"href":"https:\/\/jornalfatosenoticias.com.br\/index.php\/wp-json\/wp\/v2\/comments?post=40532"}],"version-history":[{"count":0,"href":"https:\/\/jornalfatosenoticias.com.br\/index.php\/wp-json\/wp\/v2\/posts\/40532\/revisions"}],"wp:featuredmedia":[{"embeddable":true,"href":"https:\/\/jornalfatosenoticias.com.br\/index.php\/wp-json\/wp\/v2\/media\/40533"}],"wp:attachment":[{"href":"https:\/\/jornalfatosenoticias.com.br\/index.php\/wp-json\/wp\/v2\/media?parent=40532"}],"wp:term":[{"taxonomy":"category","embeddable":true,"href":"https:\/\/jornalfatosenoticias.com.br\/index.php\/wp-json\/wp\/v2\/categories?post=40532"},{"taxonomy":"post_tag","embeddable":true,"href":"https:\/\/jornalfatosenoticias.com.br\/index.php\/wp-json\/wp\/v2\/tags?post=40532"}],"curies":[{"name":"wp","href":"https:\/\/api.w.org\/{rel}","templated":true}]}}