{"id":40543,"date":"2023-04-12T11:30:16","date_gmt":"2023-04-12T14:30:16","guid":{"rendered":"https:\/\/jornalfatosenoticias.com.br\/?p=40543"},"modified":"2023-04-12T11:30:17","modified_gmt":"2023-04-12T14:30:17","slug":"governo-lula-gasta-r-65-mil-com-sofa-e-r-42-mil-com-cama","status":"publish","type":"post","link":"https:\/\/jornalfatosenoticias.com.br\/index.php\/2023\/04\/12\/governo-lula-gasta-r-65-mil-com-sofa-e-r-42-mil-com-cama\/","title":{"rendered":"Governo Lula gasta R$ 65 mil com sof\u00e1 e R$ 42 mil com cama"},"content":{"rendered":"\n<p><span class=\"has-inline-color has-black-color\"><em>As compras ocorreram neste ano, com dispensa de licita\u00e7\u00e3o<\/em><\/span><\/p>\n\n\n\n<div class=\"wp-block-image\"><figure class=\"aligncenter size-large\"><img loading=\"lazy\" decoding=\"async\" width=\"300\" height=\"222\" src=\"https:\/\/jornalfatosenoticias.com.br\/wp-content\/uploads\/2023\/03\/logo_Juliana-Graca.jpg\" alt=\"\" class=\"wp-image-39283\"\/><\/figure><\/div>\n\n\n\n<p>O governo de Luiz In\u00e1cio Lula da Silva gastou aproximadamente R$ 200 mil em m\u00f3veis para o Pal\u00e1cio da Alvorada. A Presid\u00eancia comprou dois sof\u00e1s, duas poltronas e um colch\u00e3o <em>king size<\/em> numa loja de um shopping em Bras\u00edlia. A informa\u00e7\u00e3o \u00e9 do jornal <em>Folha de S.Paulo.<\/em><br>O custo mais alto \u00e9 o do sof\u00e1, reclin\u00e1vel para a cabe\u00e7a e para os p\u00e9s: R$ 65 mil. J\u00e1 a cama para Lula e Janja, \u00e9 avaliada em pouco mais R$ 42 mil. As pe\u00e7as t\u00eam revestimento de couro italiano, 100% natural, e recebem tratamento espec\u00edfico para evitar ressecamento.<br>A Secretaria de Comunica\u00e7\u00e3o Social da Presid\u00eancia (<a href=\"https:\/\/www.gov.br\/secom\/pt-br\" target=\"_blank\" rel=\"noreferrer noopener\"><strong>Secom<\/strong><\/a>) informou que a compra se deve \u00e0s supostas m\u00e1s condi\u00e7\u00f5es dos m\u00f3veis encontrados anteriormente no Alvorada.<\/p>\n\n\n\n<div class=\"wp-block-image\"><figure class=\"aligncenter size-large is-resized\"><img loading=\"lazy\" decoding=\"async\" src=\"https:\/\/jornalfatosenoticias.com.br\/wp-content\/uploads\/2023\/03\/Crypton-1000-\u00d7-900-px-300x270-1.png\" alt=\"\" class=\"wp-image-40206\" width=\"297\" height=\"267\"\/><\/figure><\/div>\n\n\n\n<blockquote class=\"wp-block-quote is-layout-flow wp-block-quote-is-layout-flow\"><p><span class=\"has-inline-color has-luminous-vivid-orange-color\">A aus\u00eancia de m\u00f3veis e o p\u00e9ssimo estado de manuten\u00e7\u00e3o encontrado na mob\u00edlia do Alvorada exigiram a aquisi\u00e7\u00e3o de alguns itens\u201d, justificou. \u201cOs m\u00f3veis adquiridos agora integram o patrim\u00f4nio da Uni\u00e3o e ser\u00e3o utilizados pelos futuros chefes de Estado que l\u00e1 residirem\u201d. As compras ocorreram neste ano, com dispensa de licita\u00e7\u00e3o.<\/span><\/p><\/blockquote>\n\n\n\n<div class=\"wp-block-image\"><figure class=\"aligncenter size-large\"><img decoding=\"async\" src=\"https:\/\/jornalfatosenoticias.com.br\/wp-content\/uploads\/2020\/02\/barao-das-carnes-300x164-1.jpg\" alt=\"\" class=\"wp-image-34339\"\/><\/figure><\/div>\n\n\n\n<ul class=\"wp-block-list\"><li>Sof\u00e1 (306 cent\u00edmetros de largura, 110 cent\u00edmetros de profundidade), com mecanismo el\u00e9trico reclin\u00e1vel para a cabe\u00e7a e para os p\u00e9s, revestido em couro na tonalidade cinza, gr\u00e3o natural. Valor: R$ 65.140;<\/li><li>Sof\u00e1 (232 cent\u00edmetros de largura, 109 cent\u00edmetros de profundidade), com mecanismo el\u00e9trico reclin\u00e1vel para a cabe\u00e7a e para os p\u00e9s, revestido em couro na tonalidade cinza, gr\u00e3o natural. Valor: R$ 31.690;<\/li><li>Cama (231 cent\u00edmetros de largura, 246 cent\u00edmetros de profundidade e 94 cent\u00edmetros de altura), com revestimento em couro gr\u00e3o natural, lixamento leve e acabamento oleoso. P\u00e9s em metal e revestimento secund\u00e1rio em tecido. Valor: R$ 42.230;<\/li><li>Poltrona ergon\u00f4mica (90 cent\u00edmetros de largura e 82 cent\u00edmetros de profundidade), revestida em couro, com pufe na cor branca, revestimento em couro gr\u00e3o natural, com almofadas do assento com enchimento em poliuretano e estrutura met\u00e1lica. Valor: R$ 29.450;<\/li><li>Poltrona fixa (107 cent\u00edmetros de largura e 94 cent\u00edmetros de profundidade), em veludo azul, com p\u00e9s em a\u00e7o inox, estrutura em madeira de reflorestamento, pinus naval. Valor: R$ 19.270; e<\/li><li>Colch\u00e3o (193 cent\u00edmetros de largura e 203 cent\u00edmetros de comprimento) masterpiece top visco. Valor: R$ 8.990.<\/li><\/ul>\n\n\n\n<div class=\"wp-block-image\"><figure class=\"aligncenter size-large is-resized\"><img loading=\"lazy\" decoding=\"async\" src=\"https:\/\/jornalfatosenoticias.com.br\/wp-content\/uploads\/2022\/10\/Arte-jornal-Zucchi-600x600_Prancheta-1-1024x1024.jpg\" alt=\"\" class=\"wp-image-34782\" width=\"314\" height=\"314\" srcset=\"https:\/\/jornalfatosenoticias.com.br\/wp-content\/uploads\/2022\/10\/Arte-jornal-Zucchi-600x600_Prancheta-1-1024x1024.jpg 1024w, https:\/\/jornalfatosenoticias.com.br\/wp-content\/uploads\/2022\/10\/Arte-jornal-Zucchi-600x600_Prancheta-1-300x300.jpg 300w, https:\/\/jornalfatosenoticias.com.br\/wp-content\/uploads\/2022\/10\/Arte-jornal-Zucchi-600x600_Prancheta-1-150x150.jpg 150w, https:\/\/jornalfatosenoticias.com.br\/wp-content\/uploads\/2022\/10\/Arte-jornal-Zucchi-600x600_Prancheta-1-768x768.jpg 768w, https:\/\/jornalfatosenoticias.com.br\/wp-content\/uploads\/2022\/10\/Arte-jornal-Zucchi-600x600_Prancheta-1.jpg 1250w\" sizes=\"auto, (max-width: 314px) 100vw, 314px\" \/><\/figure><\/div>\n\n\n\n<p><strong><span class=\"has-inline-color has-vivid-red-color\">Alvorada \u201csemidestru\u00eddo\u201d<br><\/span><\/strong>Em janeiro, durante entrevista \u00e0 GloboNews, Lula disse que encontrou o Alvorada \u201csemidestru\u00eddo\u201d. \u201cHerdei o Alvorada de um mandato de oito anos do Fernando Henrique Cardoso e recebi tudo limpo e cuidado\u201d, disse o petista, na ocasi\u00e3o. \u201cDo jeito que estava, fui morar por oito anos. Quando entreguei o Pal\u00e1cio para Dilma, deixei tudo limpo e, inclusive, reformado. Fizemos uma reforma com 25 empres\u00e1rios. Era uma doa\u00e7\u00e3o deles para a Uni\u00e3o e para o patrim\u00f4nio p\u00fablico. Agora, sinceramente, n\u00e3o sei o que foi feito no Alvorada. Quando cheguei l\u00e1, n\u00e3o havia cama no quarto\u201d.<\/p>\n\n\n\n<div class=\"wp-block-image\"><figure class=\"aligncenter size-large is-resized\"><img loading=\"lazy\" decoding=\"async\" src=\"https:\/\/jornalfatosenoticias.com.br\/wp-content\/uploads\/2023\/03\/nova-logo-Marquetti.jpg\" alt=\"\" class=\"wp-image-40207\" width=\"350\" height=\"235\" srcset=\"https:\/\/jornalfatosenoticias.com.br\/wp-content\/uploads\/2023\/03\/nova-logo-Marquetti.jpg 643w, https:\/\/jornalfatosenoticias.com.br\/wp-content\/uploads\/2023\/03\/nova-logo-Marquetti-300x202.jpg 300w\" sizes=\"auto, (max-width: 350px) 100vw, 350px\" \/><\/figure><\/div>\n\n\n\n<figure class=\"wp-block-embed-twitter aligncenter wp-block-embed is-type-rich is-provider-twitter\"><div class=\"wp-block-embed__wrapper\">\n<blockquote class=\"twitter-tweet\" data-width=\"550\" data-dnt=\"true\"><p lang=\"pt\" dir=\"ltr\">O jur\u00eddico me proibiu de comentar\ud83e\udd10 <a href=\"https:\/\/t.co\/1NXGKhlDlk\">pic.twitter.com\/1NXGKhlDlk<\/a><\/p>&mdash; Elisa Brom (@brom_elisa) <a href=\"https:\/\/twitter.com\/brom_elisa\/status\/1615868456980692994?ref_src=twsrc%5Etfw\">January 19, 2023<\/a><\/blockquote><script async src=\"https:\/\/platform.twitter.com\/widgets.js\" charset=\"utf-8\"><\/script>\n<\/div><\/figure>\n\n\n\n<div class=\"wp-block-image\"><figure class=\"aligncenter size-large\"><img decoding=\"async\" src=\"https:\/\/jornalfatosenoticias.com.br\/wp-content\/uploads\/2020\/02\/Logomarca-Principal.gif\" alt=\"\" class=\"wp-image-7872\"\/><\/figure><\/div>\n\n\n\n<p>Lula engrossou as cr\u00edticas de Janja. Ela, ali\u00e1s, chegou a levar a Rede Globo ao local. O objetivo era fazer uma vistoria. Depois do epis\u00f3dio, Michelle Bolsonaro manifestou-se nas redes sociais e alegou que, diferentemente do que Janja havia afirmado, o edif\u00edcio foi preservado durante o mandato do ex-presidente Jair Bolsonaro (PL). Ela aproveitou a ocasi\u00e3o para lembrar da reforma contratada pelo petista em sua primeira passagem pela Presid\u00eancia da Rep\u00fablica.<\/p>\n\n\n\n<div class=\"wp-block-image\"><figure class=\"aligncenter size-large\"><img loading=\"lazy\" decoding=\"async\" width=\"300\" height=\"300\" src=\"https:\/\/jornalfatosenoticias.com.br\/wp-content\/uploads\/2020\/02\/casa-do-torresmo_portal.jpg\" alt=\"\" class=\"wp-image-34472\" srcset=\"https:\/\/jornalfatosenoticias.com.br\/wp-content\/uploads\/2020\/02\/casa-do-torresmo_portal.jpg 300w, https:\/\/jornalfatosenoticias.com.br\/wp-content\/uploads\/2020\/02\/casa-do-torresmo_portal-150x150.jpg 150w\" sizes=\"auto, (max-width: 300px) 100vw, 300px\" \/><\/figure><\/div>\n\n\n\n<blockquote class=\"wp-block-quote is-layout-flow wp-block-quote-is-layout-flow\"><p><span class=\"has-inline-color has-luminous-vivid-orange-color\">\u00c9 de conhecimento p\u00fablico que, em 2006, o local passou por uma reforma avaliada em milh\u00f5es\u201d, lembrou a ex-primeira-dama. \u201cForam executadas algumas mordomias, como jacuzzis com hidromassagem, pela empresa Odebrecht\u201d.<\/span><\/p><\/blockquote>\n\n\n\n<div class=\"wp-block-image\"><figure class=\"aligncenter size-large\"><img loading=\"lazy\" decoding=\"async\" width=\"300\" height=\"250\" src=\"https:\/\/jornalfatosenoticias.com.br\/wp-content\/uploads\/2022\/02\/FERRARI_MAQUINAS-E-FERRAMENTAS2.jpg\" alt=\"\" class=\"wp-image-27860\"\/><\/figure><\/div>\n\n\n\n<p><strong><span class=\"has-inline-color has-vivid-red-color\">Reforma pol\u00eamica<br><\/span><\/strong>Uma das primeiras pol\u00eamicas relacionadas \u00e0s reformas de Lula no Alvorada \u00e9 aquela realizada no jardim. Em 2004, a ent\u00e3o primeira-dama, Marisa Let\u00edcia, mandou fazer um canteiro em forma de estrelas e s\u00e1lvias vermelhas no jardim, em alus\u00e3o ao s\u00edmbolo do PT.<br>No mesmo ano, Lula chamou um grupo de empres\u00e1rios da constru\u00e7\u00e3o civil e pediu que custeassem o projeto \u2014 meses antes, o petista dissera que o governo estava sem dinheiro para uma mudan\u00e7a ampla. Foi uma \u201cparceria p\u00fablico-privada\u201d, para garantir o conforto do ent\u00e3o presidente. A obra foi or\u00e7ada em R$ 16 milh\u00f5es, o que gerou muitas cr\u00edticas da popula\u00e7\u00e3o.<\/p>\n\n\n\n<div class=\"wp-block-image\"><figure class=\"aligncenter size-large\"><img loading=\"lazy\" decoding=\"async\" width=\"300\" height=\"250\" src=\"https:\/\/jornalfatosenoticias.com.br\/wp-content\/uploads\/2022\/02\/Banner-2.png\" alt=\"\" class=\"wp-image-27877\"\/><\/figure><\/div>\n\n\n\n<p>Em seu segundo mandato, o petista decidiu revitalizar a piscina do Alvorada \u2014 parte da resid\u00eancia que nunca havia passado por uma reforma. Em 2018, uma investiga\u00e7\u00e3o da Pol\u00edcia Federal mostrou que a troca do granito da piscina teria sido feita pela Odebrecht, sem contrato nem publicidade.<\/p>\n\n\n\n<p><strong><em>Fonte: <a href=\"https:\/\/revistaoeste.com\/politica\/governo-lula-gasta-r-65-mil-com-sofa-e-r-42-mil-com-cama\/\">Revista Oeste<\/a><\/em><\/strong><\/p>\n","protected":false},"excerpt":{"rendered":"<p>As compras ocorreram neste ano, com dispensa de licita\u00e7\u00e3o O governo de Luiz In\u00e1cio Lula da Silva gastou aproximadamente R$ 200 mil em m\u00f3veis para o Pal\u00e1cio da Alvorada. A Presid\u00eancia comprou dois sof\u00e1s, duas poltronas e um colch\u00e3o king size numa loja de um shopping em Bras\u00edlia. A informa\u00e7\u00e3o \u00e9 do jornal Folha de [&hellip;]<\/p>\n","protected":false},"author":2,"featured_media":40544,"comment_status":"open","ping_status":"open","sticky":false,"template":"","format":"standard","meta":{"footnotes":""},"categories":[10],"tags":[13969,10242,13851,18997,13870,18998],"class_list":["post-40543","post","type-post","status-publish","format-standard","has-post-thumbnail","hentry","category-politica","tag-corrupcao-politica","tag-corrupcao-sistemica","tag-desvios-de-recursos-publicos","tag-janja","tag-luiz-inacio-lula-da-silva","tag-partido-dos-trabalhadores-pt"],"yoast_head":"<!-- This site is optimized with the Yoast SEO plugin v26.5 - https:\/\/yoast.com\/wordpress\/plugins\/seo\/ -->\n<title>Governo Lula gasta R$ 65 mil com sof\u00e1 e R$ 42 mil com cama - Jornal Fatos e Not\u00edcias<\/title>\n<meta name=\"robots\" content=\"index, follow, max-snippet:-1, max-image-preview:large, max-video-preview:-1\" \/>\n<link rel=\"canonical\" href=\"https:\/\/jornalfatosenoticias.com.br\/index.php\/2023\/04\/12\/governo-lula-gasta-r-65-mil-com-sofa-e-r-42-mil-com-cama\/\" \/>\n<meta property=\"og:locale\" content=\"pt_BR\" \/>\n<meta property=\"og:type\" content=\"article\" \/>\n<meta property=\"og:title\" content=\"Governo Lula gasta R$ 65 mil com sof\u00e1 e R$ 42 mil com cama - Jornal Fatos e Not\u00edcias\" \/>\n<meta property=\"og:description\" content=\"As compras ocorreram neste ano, com dispensa de licita\u00e7\u00e3o O governo de Luiz In\u00e1cio Lula da Silva gastou aproximadamente R$ 200 mil em m\u00f3veis para o Pal\u00e1cio da Alvorada. A Presid\u00eancia comprou dois sof\u00e1s, duas poltronas e um colch\u00e3o king size numa loja de um shopping em Bras\u00edlia. A informa\u00e7\u00e3o \u00e9 do jornal Folha de [&hellip;]\" \/>\n<meta property=\"og:url\" content=\"https:\/\/jornalfatosenoticias.com.br\/index.php\/2023\/04\/12\/governo-lula-gasta-r-65-mil-com-sofa-e-r-42-mil-com-cama\/\" \/>\n<meta property=\"og:site_name\" content=\"Jornal Fatos e Not\u00edcias\" \/>\n<meta property=\"article:published_time\" content=\"2023-04-12T14:30:16+00:00\" \/>\n<meta property=\"article:modified_time\" content=\"2023-04-12T14:30:17+00:00\" \/>\n<meta property=\"og:image\" content=\"https:\/\/jornalfatosenoticias.com.br\/wp-content\/uploads\/2023\/04\/molusco-1.jpg\" \/>\n\t<meta property=\"og:image:width\" content=\"1000\" \/>\n\t<meta property=\"og:image:height\" content=\"597\" \/>\n\t<meta property=\"og:image:type\" content=\"image\/jpeg\" \/>\n<meta name=\"author\" content=\"Luzimara Fernandes\" \/>\n<meta name=\"twitter:card\" content=\"summary_large_image\" \/>\n<meta name=\"twitter:label1\" content=\"Escrito por\" \/>\n\t<meta name=\"twitter:data1\" content=\"Luzimara Fernandes\" \/>\n\t<meta name=\"twitter:label2\" content=\"Est. tempo de leitura\" \/>\n\t<meta name=\"twitter:data2\" content=\"4 minutos\" \/>\n<script type=\"application\/ld+json\" class=\"yoast-schema-graph\">{\"@context\":\"https:\/\/schema.org\",\"@graph\":[{\"@type\":\"Article\",\"@id\":\"https:\/\/jornalfatosenoticias.com.br\/index.php\/2023\/04\/12\/governo-lula-gasta-r-65-mil-com-sofa-e-r-42-mil-com-cama\/#article\",\"isPartOf\":{\"@id\":\"https:\/\/jornalfatosenoticias.com.br\/index.php\/2023\/04\/12\/governo-lula-gasta-r-65-mil-com-sofa-e-r-42-mil-com-cama\/\"},\"author\":{\"name\":\"Luzimara Fernandes\",\"@id\":\"https:\/\/jornalfatosenoticias.com.br\/#\/schema\/person\/d63837fa13ac8666eb9e74e0985d6f81\"},\"headline\":\"Governo Lula gasta R$ 65 mil com sof\u00e1 e R$ 42 mil com cama\",\"datePublished\":\"2023-04-12T14:30:16+00:00\",\"dateModified\":\"2023-04-12T14:30:17+00:00\",\"mainEntityOfPage\":{\"@id\":\"https:\/\/jornalfatosenoticias.com.br\/index.php\/2023\/04\/12\/governo-lula-gasta-r-65-mil-com-sofa-e-r-42-mil-com-cama\/\"},\"wordCount\":830,\"commentCount\":0,\"publisher\":{\"@id\":\"https:\/\/jornalfatosenoticias.com.br\/#organization\"},\"image\":{\"@id\":\"https:\/\/jornalfatosenoticias.com.br\/index.php\/2023\/04\/12\/governo-lula-gasta-r-65-mil-com-sofa-e-r-42-mil-com-cama\/#primaryimage\"},\"thumbnailUrl\":\"https:\/\/jornalfatosenoticias.com.br\/wp-content\/uploads\/2023\/04\/molusco-1.jpg\",\"keywords\":[\"corrup\u00e7\u00e3o pol\u00edtica\",\"corrup\u00e7\u00e3o sist\u00eamica\",\"desvios de recursos p\u00fablicos\",\"Janja\",\"Luiz In\u00e1cio Lula da Silva\",\"Partido dos Trabalhadores (PT)\"],\"articleSection\":[\"Pol\u00edtica\"],\"inLanguage\":\"pt-BR\",\"potentialAction\":[{\"@type\":\"CommentAction\",\"name\":\"Comment\",\"target\":[\"https:\/\/jornalfatosenoticias.com.br\/index.php\/2023\/04\/12\/governo-lula-gasta-r-65-mil-com-sofa-e-r-42-mil-com-cama\/#respond\"]}]},{\"@type\":\"WebPage\",\"@id\":\"https:\/\/jornalfatosenoticias.com.br\/index.php\/2023\/04\/12\/governo-lula-gasta-r-65-mil-com-sofa-e-r-42-mil-com-cama\/\",\"url\":\"https:\/\/jornalfatosenoticias.com.br\/index.php\/2023\/04\/12\/governo-lula-gasta-r-65-mil-com-sofa-e-r-42-mil-com-cama\/\",\"name\":\"Governo Lula gasta R$ 65 mil com sof\u00e1 e R$ 42 mil com cama - Jornal Fatos e Not\u00edcias\",\"isPartOf\":{\"@id\":\"https:\/\/jornalfatosenoticias.com.br\/#website\"},\"primaryImageOfPage\":{\"@id\":\"https:\/\/jornalfatosenoticias.com.br\/index.php\/2023\/04\/12\/governo-lula-gasta-r-65-mil-com-sofa-e-r-42-mil-com-cama\/#primaryimage\"},\"image\":{\"@id\":\"https:\/\/jornalfatosenoticias.com.br\/index.php\/2023\/04\/12\/governo-lula-gasta-r-65-mil-com-sofa-e-r-42-mil-com-cama\/#primaryimage\"},\"thumbnailUrl\":\"https:\/\/jornalfatosenoticias.com.br\/wp-content\/uploads\/2023\/04\/molusco-1.jpg\",\"datePublished\":\"2023-04-12T14:30:16+00:00\",\"dateModified\":\"2023-04-12T14:30:17+00:00\",\"breadcrumb\":{\"@id\":\"https:\/\/jornalfatosenoticias.com.br\/index.php\/2023\/04\/12\/governo-lula-gasta-r-65-mil-com-sofa-e-r-42-mil-com-cama\/#breadcrumb\"},\"inLanguage\":\"pt-BR\",\"potentialAction\":[{\"@type\":\"ReadAction\",\"target\":[\"https:\/\/jornalfatosenoticias.com.br\/index.php\/2023\/04\/12\/governo-lula-gasta-r-65-mil-com-sofa-e-r-42-mil-com-cama\/\"]}]},{\"@type\":\"ImageObject\",\"inLanguage\":\"pt-BR\",\"@id\":\"https:\/\/jornalfatosenoticias.com.br\/index.php\/2023\/04\/12\/governo-lula-gasta-r-65-mil-com-sofa-e-r-42-mil-com-cama\/#primaryimage\",\"url\":\"https:\/\/jornalfatosenoticias.com.br\/wp-content\/uploads\/2023\/04\/molusco-1.jpg\",\"contentUrl\":\"https:\/\/jornalfatosenoticias.com.br\/wp-content\/uploads\/2023\/04\/molusco-1.jpg\",\"width\":1000,\"height\":597,\"caption\":\"O presidente eleito, Luiz In\u00e1cio Lula da Silva, visita pela primeira vez o centro de transi\u00e7\u00e3o no Centro Cultural Banco do Brasil (CCBB) e se re\u00fane com parlamentares das bancadas aliadas.\"},{\"@type\":\"BreadcrumbList\",\"@id\":\"https:\/\/jornalfatosenoticias.com.br\/index.php\/2023\/04\/12\/governo-lula-gasta-r-65-mil-com-sofa-e-r-42-mil-com-cama\/#breadcrumb\",\"itemListElement\":[{\"@type\":\"ListItem\",\"position\":1,\"name\":\"In\u00edcio\",\"item\":\"https:\/\/jornalfatosenoticias.com.br\/\"},{\"@type\":\"ListItem\",\"position\":2,\"name\":\"Governo Lula gasta R$ 65 mil com sof\u00e1 e R$ 42 mil com cama\"}]},{\"@type\":\"WebSite\",\"@id\":\"https:\/\/jornalfatosenoticias.com.br\/#website\",\"url\":\"https:\/\/jornalfatosenoticias.com.br\/\",\"name\":\"Jornal Fatos e Not\u00edcias\",\"description\":\"Not\u00edcias em geral\",\"publisher\":{\"@id\":\"https:\/\/jornalfatosenoticias.com.br\/#organization\"},\"potentialAction\":[{\"@type\":\"SearchAction\",\"target\":{\"@type\":\"EntryPoint\",\"urlTemplate\":\"https:\/\/jornalfatosenoticias.com.br\/?s={search_term_string}\"},\"query-input\":{\"@type\":\"PropertyValueSpecification\",\"valueRequired\":true,\"valueName\":\"search_term_string\"}}],\"inLanguage\":\"pt-BR\"},{\"@type\":\"Organization\",\"@id\":\"https:\/\/jornalfatosenoticias.com.br\/#organization\",\"name\":\"Jornal Fatos e Not\u00edcias\",\"url\":\"https:\/\/jornalfatosenoticias.com.br\/\",\"logo\":{\"@type\":\"ImageObject\",\"inLanguage\":\"pt-BR\",\"@id\":\"https:\/\/jornalfatosenoticias.com.br\/#\/schema\/logo\/image\/\",\"url\":\"https:\/\/jornalfatosenoticias.com.br\/wp-content\/uploads\/2020\/02\/logo120.png\",\"contentUrl\":\"https:\/\/jornalfatosenoticias.com.br\/wp-content\/uploads\/2020\/02\/logo120.png\",\"width\":1227,\"height\":120,\"caption\":\"Jornal Fatos e Not\u00edcias\"},\"image\":{\"@id\":\"https:\/\/jornalfatosenoticias.com.br\/#\/schema\/logo\/image\/\"}},{\"@type\":\"Person\",\"@id\":\"https:\/\/jornalfatosenoticias.com.br\/#\/schema\/person\/d63837fa13ac8666eb9e74e0985d6f81\",\"name\":\"Luzimara Fernandes\",\"image\":{\"@type\":\"ImageObject\",\"inLanguage\":\"pt-BR\",\"@id\":\"https:\/\/jornalfatosenoticias.com.br\/#\/schema\/person\/image\/\",\"url\":\"https:\/\/jornalfatosenoticias.com.br\/wp-content\/uploads\/2025\/05\/EU_portal.jpg\",\"contentUrl\":\"https:\/\/jornalfatosenoticias.com.br\/wp-content\/uploads\/2025\/05\/EU_portal.jpg\",\"caption\":\"Luzimara Fernandes\"},\"description\":\"Jornalista MTB 2358-ES\",\"sameAs\":[\"https:\/\/jornalfatosenoticias.com.br\"],\"url\":\"https:\/\/jornalfatosenoticias.com.br\/index.php\/author\/luzimara\/\"}]}<\/script>\n<!-- \/ Yoast SEO plugin. -->","yoast_head_json":{"title":"Governo Lula gasta R$ 65 mil com sof\u00e1 e R$ 42 mil com cama - Jornal Fatos e Not\u00edcias","robots":{"index":"index","follow":"follow","max-snippet":"max-snippet:-1","max-image-preview":"max-image-preview:large","max-video-preview":"max-video-preview:-1"},"canonical":"https:\/\/jornalfatosenoticias.com.br\/index.php\/2023\/04\/12\/governo-lula-gasta-r-65-mil-com-sofa-e-r-42-mil-com-cama\/","og_locale":"pt_BR","og_type":"article","og_title":"Governo Lula gasta R$ 65 mil com sof\u00e1 e R$ 42 mil com cama - Jornal Fatos e Not\u00edcias","og_description":"As compras ocorreram neste ano, com dispensa de licita\u00e7\u00e3o O governo de Luiz In\u00e1cio Lula da Silva gastou aproximadamente R$ 200 mil em m\u00f3veis para o Pal\u00e1cio da Alvorada. A Presid\u00eancia comprou dois sof\u00e1s, duas poltronas e um colch\u00e3o king size numa loja de um shopping em Bras\u00edlia. A informa\u00e7\u00e3o \u00e9 do jornal Folha de [&hellip;]","og_url":"https:\/\/jornalfatosenoticias.com.br\/index.php\/2023\/04\/12\/governo-lula-gasta-r-65-mil-com-sofa-e-r-42-mil-com-cama\/","og_site_name":"Jornal Fatos e Not\u00edcias","article_published_time":"2023-04-12T14:30:16+00:00","article_modified_time":"2023-04-12T14:30:17+00:00","og_image":[{"width":1000,"height":597,"url":"https:\/\/jornalfatosenoticias.com.br\/wp-content\/uploads\/2023\/04\/molusco-1.jpg","type":"image\/jpeg"}],"author":"Luzimara Fernandes","twitter_card":"summary_large_image","twitter_misc":{"Escrito por":"Luzimara Fernandes","Est. tempo de leitura":"4 minutos"},"schema":{"@context":"https:\/\/schema.org","@graph":[{"@type":"Article","@id":"https:\/\/jornalfatosenoticias.com.br\/index.php\/2023\/04\/12\/governo-lula-gasta-r-65-mil-com-sofa-e-r-42-mil-com-cama\/#article","isPartOf":{"@id":"https:\/\/jornalfatosenoticias.com.br\/index.php\/2023\/04\/12\/governo-lula-gasta-r-65-mil-com-sofa-e-r-42-mil-com-cama\/"},"author":{"name":"Luzimara Fernandes","@id":"https:\/\/jornalfatosenoticias.com.br\/#\/schema\/person\/d63837fa13ac8666eb9e74e0985d6f81"},"headline":"Governo Lula gasta R$ 65 mil com sof\u00e1 e R$ 42 mil com cama","datePublished":"2023-04-12T14:30:16+00:00","dateModified":"2023-04-12T14:30:17+00:00","mainEntityOfPage":{"@id":"https:\/\/jornalfatosenoticias.com.br\/index.php\/2023\/04\/12\/governo-lula-gasta-r-65-mil-com-sofa-e-r-42-mil-com-cama\/"},"wordCount":830,"commentCount":0,"publisher":{"@id":"https:\/\/jornalfatosenoticias.com.br\/#organization"},"image":{"@id":"https:\/\/jornalfatosenoticias.com.br\/index.php\/2023\/04\/12\/governo-lula-gasta-r-65-mil-com-sofa-e-r-42-mil-com-cama\/#primaryimage"},"thumbnailUrl":"https:\/\/jornalfatosenoticias.com.br\/wp-content\/uploads\/2023\/04\/molusco-1.jpg","keywords":["corrup\u00e7\u00e3o pol\u00edtica","corrup\u00e7\u00e3o sist\u00eamica","desvios de recursos p\u00fablicos","Janja","Luiz In\u00e1cio Lula da Silva","Partido dos Trabalhadores (PT)"],"articleSection":["Pol\u00edtica"],"inLanguage":"pt-BR","potentialAction":[{"@type":"CommentAction","name":"Comment","target":["https:\/\/jornalfatosenoticias.com.br\/index.php\/2023\/04\/12\/governo-lula-gasta-r-65-mil-com-sofa-e-r-42-mil-com-cama\/#respond"]}]},{"@type":"WebPage","@id":"https:\/\/jornalfatosenoticias.com.br\/index.php\/2023\/04\/12\/governo-lula-gasta-r-65-mil-com-sofa-e-r-42-mil-com-cama\/","url":"https:\/\/jornalfatosenoticias.com.br\/index.php\/2023\/04\/12\/governo-lula-gasta-r-65-mil-com-sofa-e-r-42-mil-com-cama\/","name":"Governo Lula gasta R$ 65 mil com sof\u00e1 e R$ 42 mil com cama - Jornal Fatos e Not\u00edcias","isPartOf":{"@id":"https:\/\/jornalfatosenoticias.com.br\/#website"},"primaryImageOfPage":{"@id":"https:\/\/jornalfatosenoticias.com.br\/index.php\/2023\/04\/12\/governo-lula-gasta-r-65-mil-com-sofa-e-r-42-mil-com-cama\/#primaryimage"},"image":{"@id":"https:\/\/jornalfatosenoticias.com.br\/index.php\/2023\/04\/12\/governo-lula-gasta-r-65-mil-com-sofa-e-r-42-mil-com-cama\/#primaryimage"},"thumbnailUrl":"https:\/\/jornalfatosenoticias.com.br\/wp-content\/uploads\/2023\/04\/molusco-1.jpg","datePublished":"2023-04-12T14:30:16+00:00","dateModified":"2023-04-12T14:30:17+00:00","breadcrumb":{"@id":"https:\/\/jornalfatosenoticias.com.br\/index.php\/2023\/04\/12\/governo-lula-gasta-r-65-mil-com-sofa-e-r-42-mil-com-cama\/#breadcrumb"},"inLanguage":"pt-BR","potentialAction":[{"@type":"ReadAction","target":["https:\/\/jornalfatosenoticias.com.br\/index.php\/2023\/04\/12\/governo-lula-gasta-r-65-mil-com-sofa-e-r-42-mil-com-cama\/"]}]},{"@type":"ImageObject","inLanguage":"pt-BR","@id":"https:\/\/jornalfatosenoticias.com.br\/index.php\/2023\/04\/12\/governo-lula-gasta-r-65-mil-com-sofa-e-r-42-mil-com-cama\/#primaryimage","url":"https:\/\/jornalfatosenoticias.com.br\/wp-content\/uploads\/2023\/04\/molusco-1.jpg","contentUrl":"https:\/\/jornalfatosenoticias.com.br\/wp-content\/uploads\/2023\/04\/molusco-1.jpg","width":1000,"height":597,"caption":"O presidente eleito, Luiz In\u00e1cio Lula da Silva, visita pela primeira vez o centro de transi\u00e7\u00e3o no Centro Cultural Banco do Brasil (CCBB) e se re\u00fane com parlamentares das bancadas aliadas."},{"@type":"BreadcrumbList","@id":"https:\/\/jornalfatosenoticias.com.br\/index.php\/2023\/04\/12\/governo-lula-gasta-r-65-mil-com-sofa-e-r-42-mil-com-cama\/#breadcrumb","itemListElement":[{"@type":"ListItem","position":1,"name":"In\u00edcio","item":"https:\/\/jornalfatosenoticias.com.br\/"},{"@type":"ListItem","position":2,"name":"Governo Lula gasta R$ 65 mil com sof\u00e1 e R$ 42 mil com cama"}]},{"@type":"WebSite","@id":"https:\/\/jornalfatosenoticias.com.br\/#website","url":"https:\/\/jornalfatosenoticias.com.br\/","name":"Jornal Fatos e Not\u00edcias","description":"Not\u00edcias em geral","publisher":{"@id":"https:\/\/jornalfatosenoticias.com.br\/#organization"},"potentialAction":[{"@type":"SearchAction","target":{"@type":"EntryPoint","urlTemplate":"https:\/\/jornalfatosenoticias.com.br\/?s={search_term_string}"},"query-input":{"@type":"PropertyValueSpecification","valueRequired":true,"valueName":"search_term_string"}}],"inLanguage":"pt-BR"},{"@type":"Organization","@id":"https:\/\/jornalfatosenoticias.com.br\/#organization","name":"Jornal Fatos e Not\u00edcias","url":"https:\/\/jornalfatosenoticias.com.br\/","logo":{"@type":"ImageObject","inLanguage":"pt-BR","@id":"https:\/\/jornalfatosenoticias.com.br\/#\/schema\/logo\/image\/","url":"https:\/\/jornalfatosenoticias.com.br\/wp-content\/uploads\/2020\/02\/logo120.png","contentUrl":"https:\/\/jornalfatosenoticias.com.br\/wp-content\/uploads\/2020\/02\/logo120.png","width":1227,"height":120,"caption":"Jornal Fatos e Not\u00edcias"},"image":{"@id":"https:\/\/jornalfatosenoticias.com.br\/#\/schema\/logo\/image\/"}},{"@type":"Person","@id":"https:\/\/jornalfatosenoticias.com.br\/#\/schema\/person\/d63837fa13ac8666eb9e74e0985d6f81","name":"Luzimara Fernandes","image":{"@type":"ImageObject","inLanguage":"pt-BR","@id":"https:\/\/jornalfatosenoticias.com.br\/#\/schema\/person\/image\/","url":"https:\/\/jornalfatosenoticias.com.br\/wp-content\/uploads\/2025\/05\/EU_portal.jpg","contentUrl":"https:\/\/jornalfatosenoticias.com.br\/wp-content\/uploads\/2025\/05\/EU_portal.jpg","caption":"Luzimara Fernandes"},"description":"Jornalista MTB 2358-ES","sameAs":["https:\/\/jornalfatosenoticias.com.br"],"url":"https:\/\/jornalfatosenoticias.com.br\/index.php\/author\/luzimara\/"}]}},"cc_featured_image_caption":{"caption_text":"(Foto: Marcelo Camargo\/Ag\u00eancia Brasil) ","source_text":"","source_url":""},"jetpack_featured_media_url":"https:\/\/jornalfatosenoticias.com.br\/wp-content\/uploads\/2023\/04\/molusco-1.jpg","_links":{"self":[{"href":"https:\/\/jornalfatosenoticias.com.br\/index.php\/wp-json\/wp\/v2\/posts\/40543","targetHints":{"allow":["GET"]}}],"collection":[{"href":"https:\/\/jornalfatosenoticias.com.br\/index.php\/wp-json\/wp\/v2\/posts"}],"about":[{"href":"https:\/\/jornalfatosenoticias.com.br\/index.php\/wp-json\/wp\/v2\/types\/post"}],"author":[{"embeddable":true,"href":"https:\/\/jornalfatosenoticias.com.br\/index.php\/wp-json\/wp\/v2\/users\/2"}],"replies":[{"embeddable":true,"href":"https:\/\/jornalfatosenoticias.com.br\/index.php\/wp-json\/wp\/v2\/comments?post=40543"}],"version-history":[{"count":0,"href":"https:\/\/jornalfatosenoticias.com.br\/index.php\/wp-json\/wp\/v2\/posts\/40543\/revisions"}],"wp:featuredmedia":[{"embeddable":true,"href":"https:\/\/jornalfatosenoticias.com.br\/index.php\/wp-json\/wp\/v2\/media\/40544"}],"wp:attachment":[{"href":"https:\/\/jornalfatosenoticias.com.br\/index.php\/wp-json\/wp\/v2\/media?parent=40543"}],"wp:term":[{"taxonomy":"category","embeddable":true,"href":"https:\/\/jornalfatosenoticias.com.br\/index.php\/wp-json\/wp\/v2\/categories?post=40543"},{"taxonomy":"post_tag","embeddable":true,"href":"https:\/\/jornalfatosenoticias.com.br\/index.php\/wp-json\/wp\/v2\/tags?post=40543"}],"curies":[{"name":"wp","href":"https:\/\/api.w.org\/{rel}","templated":true}]}}