{"id":40558,"date":"2023-04-13T12:57:48","date_gmt":"2023-04-13T15:57:48","guid":{"rendered":"https:\/\/jornalfatosenoticias.com.br\/?p=40558"},"modified":"2023-04-13T12:57:52","modified_gmt":"2023-04-13T15:57:52","slug":"tragedia-o-assassinato-de-criancas-a-machadinha-parte-i","status":"publish","type":"post","link":"https:\/\/jornalfatosenoticias.com.br\/index.php\/2023\/04\/13\/tragedia-o-assassinato-de-criancas-a-machadinha-parte-i\/","title":{"rendered":"Trag\u00e9dia: o assassinato de Crian\u00e7as a machadinha \u2014 Parte I"},"content":{"rendered":"\n<p><em><span class=\"has-inline-color has-black-color\">A Escola \u00e9 alvo de uma sociedade que desce a ladeira de um pretenso progresso e evidencia a nossa sociedade de faz de conta<\/span><\/em><\/p>\n\n\n\n<div class=\"wp-block-image\"><figure class=\"aligncenter size-large\"><img loading=\"lazy\" decoding=\"async\" width=\"1024\" height=\"99\" src=\"https:\/\/jornalfatosenoticias.com.br\/wp-content\/uploads\/2020\/02\/Logo-Mizu-segunda-2-1024x99.png\" alt=\"\" class=\"wp-image-2353\" srcset=\"https:\/\/jornalfatosenoticias.com.br\/wp-content\/uploads\/2020\/02\/Logo-Mizu-segunda-2-1024x99.png 1024w, https:\/\/jornalfatosenoticias.com.br\/wp-content\/uploads\/2020\/02\/Logo-Mizu-segunda-2-300x29.png 300w, https:\/\/jornalfatosenoticias.com.br\/wp-content\/uploads\/2020\/02\/Logo-Mizu-segunda-2-768x74.png 768w, https:\/\/jornalfatosenoticias.com.br\/wp-content\/uploads\/2020\/02\/Logo-Mizu-segunda-2.png 1240w\" sizes=\"auto, (max-width: 1024px) 100vw, 1024px\" \/><\/figure><\/div>\n\n\n\n<p>\u00c9 dif\u00edcil botar o dedo numa ferida social desta dimens\u00e3o. Confesso que, apesar dos meus 50 anos de trabalho com crian\u00e7as e adolescentes, as palavras n\u00e3o chegam, as palavras s\u00e3o pequenas para dizer o enorme tamanho do horror.<br>No entanto, n\u00e3o posso deixar de analisar a quest\u00e3o do massacre de quatro crian\u00e7as, e ferimento em mais cinco, pelo vi\u00e9s fenomenol\u00f3gico. Um homem invade uma creche\/escola pulando o muro. Munido de uma machadinha ataca as crian\u00e7as que encontra pela frente, com v\u00e1rios golpes em cada uma delas. Em seguida, foge e vai se entregar, espontaneamente, num quartel ali perto.<\/p>\n\n\n\n<div class=\"wp-block-image\"><figure class=\"aligncenter size-large\"><img loading=\"lazy\" decoding=\"async\" width=\"300\" height=\"250\" src=\"https:\/\/jornalfatosenoticias.com.br\/wp-content\/uploads\/2022\/08\/arte-Casarao.jpg\" alt=\"\" class=\"wp-image-33178\"\/><\/figure><\/div>\n\n\n\n<p>A morte dessas crian\u00e7as e os ferimentos das outras nessas circunst\u00e2ncias promovem uma como\u00e7\u00e3o em mistura de horror, \u00f3dio, rejei\u00e7\u00e3o pelo agressor, dor, empatia pelas crian\u00e7as, por suas m\u00e3es, seus pais, suas fam\u00edlias, sentimentos em caldo de impot\u00eancia. Pressa na solu\u00e7\u00e3o imediata que sempre tende \u00e0 linha do armamento, da agressividade contra-atacada. Seguran\u00e7as armados, detector de metais e psic\u00f3logos, tudo imediato. No momento cr\u00edtico, chamam os psic\u00f3logos. <\/p>\n\n\n\n<div class=\"wp-block-image\"><figure class=\"aligncenter size-large\"><img decoding=\"async\" src=\"https:\/\/jornalfatosenoticias.com.br\/wp-content\/uploads\/2020\/02\/logo_esteio.jpg\" alt=\"\" class=\"wp-image-1214\"\/><\/figure><\/div>\n\n\n\n<p>Como se um psic\u00f3logo, e s\u00f3 um psic\u00f3logo, fosse capaz de \u201cresolver\u201d um trauma de uma dada comunidade. Esse \u00e9 um equ\u00edvoco que coloca esse profissional como um salvador, que n\u00e3o \u00e9. O trabalho psicol\u00f3gico, n\u00e3o importa a linha te\u00f3rica seguida, acontece em um tempo peculiar a cada pessoa traumatizada. N\u00e3o h\u00e1 m\u00e1gica. O estresse p\u00f3s-traum\u00e1tico se instala de v\u00e1rias maneiras, em diferentes tempos. Uma professora que socorreu as Crian\u00e7as na creche, sofreu um infarto e precisou ser operada, alguns dias depois.<\/p>\n\n\n\n<div class=\"wp-block-image\"><figure class=\"aligncenter size-large is-resized\"><img loading=\"lazy\" decoding=\"async\" src=\"https:\/\/jornalfatosenoticias.com.br\/wp-content\/uploads\/2022\/02\/Precisao-Contabilidade-1024x724.jpg\" alt=\"\" class=\"wp-image-28088\" width=\"335\" height=\"237\"\/><\/figure><\/div>\n\n\n\n<p>Enquanto reuni\u00f5es e comiss\u00f5es s\u00e3o prementes, a Escola agoniza em sua fun\u00e7\u00e3o de forma\u00e7\u00e3o socioepistemol\u00f3gica. Faltam professores e, \u00e0s vezes, telhado, nas P\u00fablicas, e sobram preconceitos e epis\u00f3dios de bullying nas privadas, que s\u00e3o minimizados. Sua fun\u00e7\u00e3o est\u00e1 em franca fal\u00eancia.<br>Por outro lado, a escola \u00e9 o grande concentrado de vulner\u00e1veis. N\u00e3o \u00e0 toa, ela \u00e9 locadora de pessoas com grandes defeitos ou com aus\u00eancia de car\u00e1ter. E, a vulnerabilidade, \u00e9 o maior dos atrativos para os que n\u00e3o t\u00eam car\u00e1ter porque esses buscam o Poder sobre os outros.<\/p>\n\n\n\n<div class=\"wp-block-image\"><figure class=\"aligncenter size-large\"><img loading=\"lazy\" decoding=\"async\" width=\"1000\" height=\"598\" src=\"https:\/\/jornalfatosenoticias.com.br\/wp-content\/uploads\/2023\/04\/professora-morta_SP.jpg\" alt=\"\" class=\"wp-image-40559\" srcset=\"https:\/\/jornalfatosenoticias.com.br\/wp-content\/uploads\/2023\/04\/professora-morta_SP.jpg 1000w, https:\/\/jornalfatosenoticias.com.br\/wp-content\/uploads\/2023\/04\/professora-morta_SP-300x179.jpg 300w, https:\/\/jornalfatosenoticias.com.br\/wp-content\/uploads\/2023\/04\/professora-morta_SP-768x459.jpg 768w\" sizes=\"auto, (max-width: 1000px) 100vw, 1000px\" \/><figcaption><em><span class=\"has-inline-color has-black-color\">Alunos da escola estadual Thomazia Montoro e secundaristas do movimento estudantil prestam homenagens \u00e0s v\u00edtimas do ataque, na porta da escola, em Vila S\u00f4nia (Foto: Fernando Fraz\u00e3o\/Ag\u00eancia Brasil)<\/span><\/em><\/figcaption><\/figure><\/div>\n\n\n\n<div class=\"wp-block-image\"><figure class=\"aligncenter size-large\"><img decoding=\"async\" src=\"https:\/\/jornalfatosenoticias.com.br\/wp-content\/uploads\/2020\/02\/Logomarca-Principal.gif\" alt=\"\" class=\"wp-image-7872\"\/><\/figure><\/div>\n\n\n\n<p>A Escola \u00e9 um alvo de uma sociedade que desce a ladeira de um pretenso progresso. Ataques de alunos que surgem em seu seio, ou de adultos invasores, tanto faz, a faca, a tiros, e, agora, a machadinha, evidenciam nossa sociedade cenogr\u00e1fica, de papel\u00e3o, uma sociedade de faz de conta. Faz de conta que temos leis, faz de conta que fomentamos o conhecimento, faz de conta que cuidamos da forma\u00e7\u00e3o da pessoa do amanh\u00e3.<\/p>\n\n\n\n<div class=\"wp-block-image\"><figure class=\"aligncenter size-large\"><img loading=\"lazy\" decoding=\"async\" width=\"300\" height=\"300\" src=\"https:\/\/jornalfatosenoticias.com.br\/wp-content\/uploads\/2020\/02\/casa-do-torresmo_portal.jpg\" alt=\"\" class=\"wp-image-34472\" srcset=\"https:\/\/jornalfatosenoticias.com.br\/wp-content\/uploads\/2020\/02\/casa-do-torresmo_portal.jpg 300w, https:\/\/jornalfatosenoticias.com.br\/wp-content\/uploads\/2020\/02\/casa-do-torresmo_portal-150x150.jpg 150w\" sizes=\"auto, (max-width: 300px) 100vw, 300px\" \/><\/figure><\/div>\n\n\n\n<p>Menina de nove anos morre com um tiro de fuzil no Rio de Janeiro, indo para a escola. No dia anterior, menina de oito anos, voltando da escola, morre com um tiro na cabe\u00e7a, em Minas Gerais. Aluno esfaqueia colega na escola no Amazonas. H\u00e1 algumas semanas, uma professora foi assassinada por um aluno, no Rio de Janeiro, tentando impedi-lo de fazer uso da arma contra os colegas. Em Santa Catarina, na pacata e elogiada Blumenau pela qualidade de vida, quatro Crian\u00e7as s\u00e3o assassinadas e cinco feridas, a machadinha. Indo, vindo ou dentro da escola, as Crian\u00e7as est\u00e3o sendo assassinadas.<\/p>\n\n\n\n<div class=\"wp-block-image\"><figure class=\"aligncenter size-large is-resized\"><img loading=\"lazy\" decoding=\"async\" src=\"https:\/\/jornalfatosenoticias.com.br\/wp-content\/uploads\/2020\/02\/logo-embacia.jpg\" alt=\"\" class=\"wp-image-33905\" width=\"311\" height=\"311\"\/><\/figure><\/div>\n\n\n\n<p>Se h\u00e1, hoje, uma mudan\u00e7a na abordagem da not\u00edcia desse tipo de crime, acordada pelos ve\u00edculos de informa\u00e7\u00e3o, n\u00e3o publicitar o nome de criminoso para diminuir o efeito \u201cibope\u201d que incentiva outros criminosos, continuamos a ver pessoas que repostam v\u00eddeos de atrocidades cometidas contra crian\u00e7as, sob a ilus\u00f3ria alega\u00e7\u00e3o de que \u00e9 para prender o agressor. N\u00e3o pensam que est\u00e3o publicitando um crime e expondo a Crian\u00e7a a situa\u00e7\u00e3o vexat\u00f3ria. Existe o caminho curto de fazer chegar \u00e0 pol\u00edcia, ao Minist\u00e9rio P\u00fablico. Vale ressaltar que repostar para \u201cpegar\u201d o agressor \u00e9 crime.<\/p>\n\n\n\n<div class=\"wp-block-image\"><figure class=\"aligncenter size-large\"><img loading=\"lazy\" decoding=\"async\" width=\"780\" height=\"340\" src=\"https:\/\/jornalfatosenoticias.com.br\/wp-content\/uploads\/2023\/04\/PERIGO-NAS-ESCOLAS.jpeg\" alt=\"\" class=\"wp-image-40560\" srcset=\"https:\/\/jornalfatosenoticias.com.br\/wp-content\/uploads\/2023\/04\/PERIGO-NAS-ESCOLAS.jpeg 780w, https:\/\/jornalfatosenoticias.com.br\/wp-content\/uploads\/2023\/04\/PERIGO-NAS-ESCOLAS-300x131.jpeg 300w, https:\/\/jornalfatosenoticias.com.br\/wp-content\/uploads\/2023\/04\/PERIGO-NAS-ESCOLAS-768x335.jpeg 768w\" sizes=\"auto, (max-width: 780px) 100vw, 780px\" \/><figcaption><em><span class=\"has-inline-color has-black-color\">Ao todo, 39 pessoas foram assassinadas em atentados em institui\u00e7\u00f5es de ensino brasileiras desde 2011, sendo sete no somente no \u00faltimo ano (Foto: Reprodu\u00e7\u00e3o\/Rede Record)<\/span><\/em><\/figcaption><\/figure><\/div>\n\n\n\n<p>Facilmente, se lan\u00e7a m\u00e3o da justifica\u00e7\u00e3o de que os autores dessas trag\u00e9dias estavam em surto. Ou que tinham sofrido bullying e mataram em busca de vingan\u00e7a. Bem semelhante ao calo social de dar como motivo para os Feminic\u00eddios a frase \u201cn\u00e3o se conformou com o t\u00e9rmino do relacionamento\u201d. Mas, como coadunar a sequ\u00eancia de comportamentos de algu\u00e9m em surto psic\u00f3tico matando crian\u00e7as em s\u00e9rie e logo a seguir, recobrando sua lucidez, magicamente, ao se dirigir a um quartel e se entregar?<\/p>\n\n\n\n<div class=\"wp-block-image\"><figure class=\"aligncenter size-large is-resized\"><img loading=\"lazy\" decoding=\"async\" src=\"https:\/\/jornalfatosenoticias.com.br\/wp-content\/uploads\/2023\/03\/logo-Panper_portal.jpg\" alt=\"\" class=\"wp-image-40208\" width=\"323\" height=\"224\" srcset=\"https:\/\/jornalfatosenoticias.com.br\/wp-content\/uploads\/2023\/03\/logo-Panper_portal.jpg 400w, https:\/\/jornalfatosenoticias.com.br\/wp-content\/uploads\/2023\/03\/logo-Panper_portal-300x208.jpg 300w\" sizes=\"auto, (max-width: 323px) 100vw, 323px\" \/><\/figure><\/div>\n\n\n\n<p>Analisando o comportamento praticado, com muita dificuldade, nos deparamos com algu\u00e9m que repete um gesto violento v\u00e1rias vezes, tirando a vida de pequenos, com as pr\u00f3prias m\u00e3os, pequenos que eram facilmente dominados e que nada lhe tinham feito. A machadinha retrocede a a\u00e7\u00e3o repetitiva ao mais primitivo dos prim\u00f3rdios da necessidade de sobreviv\u00eancia, h\u00e1 mil\u00eanios. N\u00e3o h\u00e1 nenhum rastro de l\u00f3gica nesse comportamento que n\u00e3o foi instant\u00e2neo, durou alguns minutos, sem que nenhum rastro de humanidade o detivesse. Nem o olhar suplicante de suas v\u00edtimas. E, ent\u00e3o, sai da cena dos crimes hediondos que tinha cometido e caminha para se entregar a figuras de autoridade num quartel. Isso n\u00e3o tem nenhum sentido.<\/p>\n\n\n\n<div class=\"wp-block-image\"><figure class=\"aligncenter size-large is-resized\"><img loading=\"lazy\" decoding=\"async\" src=\"https:\/\/jornalfatosenoticias.com.br\/wp-content\/uploads\/2023\/03\/Crypton-1000-\u00d7-900-px-300x270-1.png\" alt=\"\" class=\"wp-image-40206\" width=\"280\" height=\"252\"\/><\/figure><\/div>\n\n\n\n<p>Temos tantos bons pesquisadores e pensadores sociais, por que n\u00e3o convoca-los para pensar junto a etiologia da viol\u00eancia crescente em nossa sociedade? Por que n\u00e3o nobilizar a sociedade para refletir sobre suas a\u00e7\u00f5es violentas e suas omiss\u00f5es protagonizadas pela impunidade reinante de todos os tipos de crime que cometemos, todos? A impunidade estrutural est\u00e1 matando nossos filhos. A n\u00e3o reflex\u00e3o leva ao erro por repeti\u00e7\u00e3o piorada.<\/p>\n\n\n\n<div class=\"wp-block-image\"><figure class=\"aligncenter size-large\"><img loading=\"lazy\" decoding=\"async\" width=\"1024\" height=\"1024\" src=\"https:\/\/jornalfatosenoticias.com.br\/wp-content\/uploads\/2023\/04\/ataques-escolas-brasil-1024x1024.png\" alt=\"\" class=\"wp-image-40561\" srcset=\"https:\/\/jornalfatosenoticias.com.br\/wp-content\/uploads\/2023\/04\/ataques-escolas-brasil.png 1024w, https:\/\/jornalfatosenoticias.com.br\/wp-content\/uploads\/2023\/04\/ataques-escolas-brasil-300x300.png 300w, https:\/\/jornalfatosenoticias.com.br\/wp-content\/uploads\/2023\/04\/ataques-escolas-brasil-150x150.png 150w, https:\/\/jornalfatosenoticias.com.br\/wp-content\/uploads\/2023\/04\/ataques-escolas-brasil-768x768.png 768w\" sizes=\"auto, (max-width: 1024px) 100vw, 1024px\" \/><\/figure><\/div>\n","protected":false},"excerpt":{"rendered":"<p>A Escola \u00e9 alvo de uma sociedade que desce a ladeira de um pretenso progresso e evidencia a nossa sociedade de faz de conta \u00c9 dif\u00edcil botar o dedo numa ferida social desta dimens\u00e3o. Confesso que, apesar dos meus 50 anos de trabalho com crian\u00e7as e adolescentes, as palavras n\u00e3o chegam, as palavras s\u00e3o pequenas [&hellip;]<\/p>\n","protected":false},"author":8,"featured_media":40560,"comment_status":"open","ping_status":"open","sticky":false,"template":"","format":"standard","meta":{"footnotes":""},"categories":[2522],"tags":[18555,17132,15880,12671,19004,19005],"class_list":["post-40558","post","type-post","status-publish","format-standard","has-post-thumbnail","hentry","category-comportamento","tag-ataques","tag-ataques-a-escolas","tag-atentados","tag-massacre","tag-massacre-em-escolas","tag-violencia-em-escolas"],"yoast_head":"<!-- This site is optimized with the Yoast SEO plugin v26.5 - https:\/\/yoast.com\/wordpress\/plugins\/seo\/ -->\n<title>Trag\u00e9dia: o assassinato de Crian\u00e7as a machadinha \u2014 Parte I - Jornal Fatos e Not\u00edcias<\/title>\n<meta name=\"robots\" content=\"index, follow, max-snippet:-1, max-image-preview:large, max-video-preview:-1\" \/>\n<link rel=\"canonical\" href=\"https:\/\/jornalfatosenoticias.com.br\/index.php\/2023\/04\/13\/tragedia-o-assassinato-de-criancas-a-machadinha-parte-i\/\" \/>\n<meta property=\"og:locale\" content=\"pt_BR\" \/>\n<meta property=\"og:type\" content=\"article\" \/>\n<meta property=\"og:title\" content=\"Trag\u00e9dia: o assassinato de Crian\u00e7as a machadinha \u2014 Parte I - Jornal Fatos e Not\u00edcias\" \/>\n<meta property=\"og:description\" content=\"A Escola \u00e9 alvo de uma sociedade que desce a ladeira de um pretenso progresso e evidencia a nossa sociedade de faz de conta \u00c9 dif\u00edcil botar o dedo numa ferida social desta dimens\u00e3o. Confesso que, apesar dos meus 50 anos de trabalho com crian\u00e7as e adolescentes, as palavras n\u00e3o chegam, as palavras s\u00e3o pequenas [&hellip;]\" \/>\n<meta property=\"og:url\" content=\"https:\/\/jornalfatosenoticias.com.br\/index.php\/2023\/04\/13\/tragedia-o-assassinato-de-criancas-a-machadinha-parte-i\/\" \/>\n<meta property=\"og:site_name\" content=\"Jornal Fatos e Not\u00edcias\" \/>\n<meta property=\"article:published_time\" content=\"2023-04-13T15:57:48+00:00\" \/>\n<meta property=\"article:modified_time\" content=\"2023-04-13T15:57:52+00:00\" \/>\n<meta property=\"og:image\" content=\"https:\/\/jornalfatosenoticias.com.br\/wp-content\/uploads\/2023\/04\/PERIGO-NAS-ESCOLAS.jpeg\" \/>\n\t<meta property=\"og:image:width\" content=\"780\" \/>\n\t<meta property=\"og:image:height\" content=\"340\" \/>\n\t<meta property=\"og:image:type\" content=\"image\/jpeg\" \/>\n<meta name=\"author\" content=\"Ana Maria Iencarelli\" \/>\n<meta name=\"twitter:card\" content=\"summary_large_image\" \/>\n<meta name=\"twitter:label1\" content=\"Escrito por\" \/>\n\t<meta name=\"twitter:data1\" content=\"Ana Maria Iencarelli\" \/>\n\t<meta name=\"twitter:label2\" content=\"Est. tempo de leitura\" \/>\n\t<meta name=\"twitter:data2\" content=\"5 minutos\" \/>\n<script type=\"application\/ld+json\" class=\"yoast-schema-graph\">{\"@context\":\"https:\/\/schema.org\",\"@graph\":[{\"@type\":\"Article\",\"@id\":\"https:\/\/jornalfatosenoticias.com.br\/index.php\/2023\/04\/13\/tragedia-o-assassinato-de-criancas-a-machadinha-parte-i\/#article\",\"isPartOf\":{\"@id\":\"https:\/\/jornalfatosenoticias.com.br\/index.php\/2023\/04\/13\/tragedia-o-assassinato-de-criancas-a-machadinha-parte-i\/\"},\"author\":{\"name\":\"Ana Maria Iencarelli\",\"@id\":\"https:\/\/jornalfatosenoticias.com.br\/#\/schema\/person\/c33fcf5fb02d729d3fec92c6737a22d1\"},\"headline\":\"Trag\u00e9dia: o assassinato de Crian\u00e7as a machadinha \u2014 Parte I\",\"datePublished\":\"2023-04-13T15:57:48+00:00\",\"dateModified\":\"2023-04-13T15:57:52+00:00\",\"mainEntityOfPage\":{\"@id\":\"https:\/\/jornalfatosenoticias.com.br\/index.php\/2023\/04\/13\/tragedia-o-assassinato-de-criancas-a-machadinha-parte-i\/\"},\"wordCount\":1060,\"commentCount\":0,\"publisher\":{\"@id\":\"https:\/\/jornalfatosenoticias.com.br\/#organization\"},\"image\":{\"@id\":\"https:\/\/jornalfatosenoticias.com.br\/index.php\/2023\/04\/13\/tragedia-o-assassinato-de-criancas-a-machadinha-parte-i\/#primaryimage\"},\"thumbnailUrl\":\"https:\/\/jornalfatosenoticias.com.br\/wp-content\/uploads\/2023\/04\/PERIGO-NAS-ESCOLAS.jpeg\",\"keywords\":[\"ataques\",\"ataques a escolas\",\"atentados\",\"massacre\",\"massacre em escolas\",\"viol\u00eancia em escolas\"],\"articleSection\":[\"Comportamento &amp; Equil\u00edbrio\"],\"inLanguage\":\"pt-BR\",\"potentialAction\":[{\"@type\":\"CommentAction\",\"name\":\"Comment\",\"target\":[\"https:\/\/jornalfatosenoticias.com.br\/index.php\/2023\/04\/13\/tragedia-o-assassinato-de-criancas-a-machadinha-parte-i\/#respond\"]}]},{\"@type\":\"WebPage\",\"@id\":\"https:\/\/jornalfatosenoticias.com.br\/index.php\/2023\/04\/13\/tragedia-o-assassinato-de-criancas-a-machadinha-parte-i\/\",\"url\":\"https:\/\/jornalfatosenoticias.com.br\/index.php\/2023\/04\/13\/tragedia-o-assassinato-de-criancas-a-machadinha-parte-i\/\",\"name\":\"Trag\u00e9dia: o assassinato de Crian\u00e7as a machadinha \u2014 Parte I - Jornal Fatos e Not\u00edcias\",\"isPartOf\":{\"@id\":\"https:\/\/jornalfatosenoticias.com.br\/#website\"},\"primaryImageOfPage\":{\"@id\":\"https:\/\/jornalfatosenoticias.com.br\/index.php\/2023\/04\/13\/tragedia-o-assassinato-de-criancas-a-machadinha-parte-i\/#primaryimage\"},\"image\":{\"@id\":\"https:\/\/jornalfatosenoticias.com.br\/index.php\/2023\/04\/13\/tragedia-o-assassinato-de-criancas-a-machadinha-parte-i\/#primaryimage\"},\"thumbnailUrl\":\"https:\/\/jornalfatosenoticias.com.br\/wp-content\/uploads\/2023\/04\/PERIGO-NAS-ESCOLAS.jpeg\",\"datePublished\":\"2023-04-13T15:57:48+00:00\",\"dateModified\":\"2023-04-13T15:57:52+00:00\",\"breadcrumb\":{\"@id\":\"https:\/\/jornalfatosenoticias.com.br\/index.php\/2023\/04\/13\/tragedia-o-assassinato-de-criancas-a-machadinha-parte-i\/#breadcrumb\"},\"inLanguage\":\"pt-BR\",\"potentialAction\":[{\"@type\":\"ReadAction\",\"target\":[\"https:\/\/jornalfatosenoticias.com.br\/index.php\/2023\/04\/13\/tragedia-o-assassinato-de-criancas-a-machadinha-parte-i\/\"]}]},{\"@type\":\"ImageObject\",\"inLanguage\":\"pt-BR\",\"@id\":\"https:\/\/jornalfatosenoticias.com.br\/index.php\/2023\/04\/13\/tragedia-o-assassinato-de-criancas-a-machadinha-parte-i\/#primaryimage\",\"url\":\"https:\/\/jornalfatosenoticias.com.br\/wp-content\/uploads\/2023\/04\/PERIGO-NAS-ESCOLAS.jpeg\",\"contentUrl\":\"https:\/\/jornalfatosenoticias.com.br\/wp-content\/uploads\/2023\/04\/PERIGO-NAS-ESCOLAS.jpeg\",\"width\":780,\"height\":340},{\"@type\":\"BreadcrumbList\",\"@id\":\"https:\/\/jornalfatosenoticias.com.br\/index.php\/2023\/04\/13\/tragedia-o-assassinato-de-criancas-a-machadinha-parte-i\/#breadcrumb\",\"itemListElement\":[{\"@type\":\"ListItem\",\"position\":1,\"name\":\"In\u00edcio\",\"item\":\"https:\/\/jornalfatosenoticias.com.br\/\"},{\"@type\":\"ListItem\",\"position\":2,\"name\":\"Trag\u00e9dia: o assassinato de Crian\u00e7as a machadinha \u2014 Parte I\"}]},{\"@type\":\"WebSite\",\"@id\":\"https:\/\/jornalfatosenoticias.com.br\/#website\",\"url\":\"https:\/\/jornalfatosenoticias.com.br\/\",\"name\":\"Jornal Fatos e Not\u00edcias\",\"description\":\"Not\u00edcias em geral\",\"publisher\":{\"@id\":\"https:\/\/jornalfatosenoticias.com.br\/#organization\"},\"potentialAction\":[{\"@type\":\"SearchAction\",\"target\":{\"@type\":\"EntryPoint\",\"urlTemplate\":\"https:\/\/jornalfatosenoticias.com.br\/?s={search_term_string}\"},\"query-input\":{\"@type\":\"PropertyValueSpecification\",\"valueRequired\":true,\"valueName\":\"search_term_string\"}}],\"inLanguage\":\"pt-BR\"},{\"@type\":\"Organization\",\"@id\":\"https:\/\/jornalfatosenoticias.com.br\/#organization\",\"name\":\"Jornal Fatos e Not\u00edcias\",\"url\":\"https:\/\/jornalfatosenoticias.com.br\/\",\"logo\":{\"@type\":\"ImageObject\",\"inLanguage\":\"pt-BR\",\"@id\":\"https:\/\/jornalfatosenoticias.com.br\/#\/schema\/logo\/image\/\",\"url\":\"https:\/\/jornalfatosenoticias.com.br\/wp-content\/uploads\/2020\/02\/logo120.png\",\"contentUrl\":\"https:\/\/jornalfatosenoticias.com.br\/wp-content\/uploads\/2020\/02\/logo120.png\",\"width\":1227,\"height\":120,\"caption\":\"Jornal Fatos e Not\u00edcias\"},\"image\":{\"@id\":\"https:\/\/jornalfatosenoticias.com.br\/#\/schema\/logo\/image\/\"}},{\"@type\":\"Person\",\"@id\":\"https:\/\/jornalfatosenoticias.com.br\/#\/schema\/person\/c33fcf5fb02d729d3fec92c6737a22d1\",\"name\":\"Ana Maria Iencarelli\",\"image\":{\"@type\":\"ImageObject\",\"inLanguage\":\"pt-BR\",\"@id\":\"https:\/\/jornalfatosenoticias.com.br\/#\/schema\/person\/image\/\",\"url\":\"https:\/\/jornalfatosenoticias.com.br\/wp-content\/uploads\/2020\/02\/Ana-Maria-Iencarelli-1-150x150.jpg\",\"contentUrl\":\"https:\/\/jornalfatosenoticias.com.br\/wp-content\/uploads\/2020\/02\/Ana-Maria-Iencarelli-1-150x150.jpg\",\"caption\":\"Ana Maria Iencarelli\"},\"description\":\"Psicanalista Cl\u00ednica, especializada no atendimento a Crian\u00e7as e Adolescentes. Presidente da ONG Vozes de Anjos.\",\"url\":\"https:\/\/jornalfatosenoticias.com.br\/index.php\/author\/anamaria\/\"}]}<\/script>\n<!-- \/ Yoast SEO plugin. -->","yoast_head_json":{"title":"Trag\u00e9dia: o assassinato de Crian\u00e7as a machadinha \u2014 Parte I - Jornal Fatos e Not\u00edcias","robots":{"index":"index","follow":"follow","max-snippet":"max-snippet:-1","max-image-preview":"max-image-preview:large","max-video-preview":"max-video-preview:-1"},"canonical":"https:\/\/jornalfatosenoticias.com.br\/index.php\/2023\/04\/13\/tragedia-o-assassinato-de-criancas-a-machadinha-parte-i\/","og_locale":"pt_BR","og_type":"article","og_title":"Trag\u00e9dia: o assassinato de Crian\u00e7as a machadinha \u2014 Parte I - Jornal Fatos e Not\u00edcias","og_description":"A Escola \u00e9 alvo de uma sociedade que desce a ladeira de um pretenso progresso e evidencia a nossa sociedade de faz de conta \u00c9 dif\u00edcil botar o dedo numa ferida social desta dimens\u00e3o. Confesso que, apesar dos meus 50 anos de trabalho com crian\u00e7as e adolescentes, as palavras n\u00e3o chegam, as palavras s\u00e3o pequenas [&hellip;]","og_url":"https:\/\/jornalfatosenoticias.com.br\/index.php\/2023\/04\/13\/tragedia-o-assassinato-de-criancas-a-machadinha-parte-i\/","og_site_name":"Jornal Fatos e Not\u00edcias","article_published_time":"2023-04-13T15:57:48+00:00","article_modified_time":"2023-04-13T15:57:52+00:00","og_image":[{"width":780,"height":340,"url":"https:\/\/jornalfatosenoticias.com.br\/wp-content\/uploads\/2023\/04\/PERIGO-NAS-ESCOLAS.jpeg","type":"image\/jpeg"}],"author":"Ana Maria Iencarelli","twitter_card":"summary_large_image","twitter_misc":{"Escrito por":"Ana Maria Iencarelli","Est. tempo de leitura":"5 minutos"},"schema":{"@context":"https:\/\/schema.org","@graph":[{"@type":"Article","@id":"https:\/\/jornalfatosenoticias.com.br\/index.php\/2023\/04\/13\/tragedia-o-assassinato-de-criancas-a-machadinha-parte-i\/#article","isPartOf":{"@id":"https:\/\/jornalfatosenoticias.com.br\/index.php\/2023\/04\/13\/tragedia-o-assassinato-de-criancas-a-machadinha-parte-i\/"},"author":{"name":"Ana Maria Iencarelli","@id":"https:\/\/jornalfatosenoticias.com.br\/#\/schema\/person\/c33fcf5fb02d729d3fec92c6737a22d1"},"headline":"Trag\u00e9dia: o assassinato de Crian\u00e7as a machadinha \u2014 Parte I","datePublished":"2023-04-13T15:57:48+00:00","dateModified":"2023-04-13T15:57:52+00:00","mainEntityOfPage":{"@id":"https:\/\/jornalfatosenoticias.com.br\/index.php\/2023\/04\/13\/tragedia-o-assassinato-de-criancas-a-machadinha-parte-i\/"},"wordCount":1060,"commentCount":0,"publisher":{"@id":"https:\/\/jornalfatosenoticias.com.br\/#organization"},"image":{"@id":"https:\/\/jornalfatosenoticias.com.br\/index.php\/2023\/04\/13\/tragedia-o-assassinato-de-criancas-a-machadinha-parte-i\/#primaryimage"},"thumbnailUrl":"https:\/\/jornalfatosenoticias.com.br\/wp-content\/uploads\/2023\/04\/PERIGO-NAS-ESCOLAS.jpeg","keywords":["ataques","ataques a escolas","atentados","massacre","massacre em escolas","viol\u00eancia em escolas"],"articleSection":["Comportamento &amp; Equil\u00edbrio"],"inLanguage":"pt-BR","potentialAction":[{"@type":"CommentAction","name":"Comment","target":["https:\/\/jornalfatosenoticias.com.br\/index.php\/2023\/04\/13\/tragedia-o-assassinato-de-criancas-a-machadinha-parte-i\/#respond"]}]},{"@type":"WebPage","@id":"https:\/\/jornalfatosenoticias.com.br\/index.php\/2023\/04\/13\/tragedia-o-assassinato-de-criancas-a-machadinha-parte-i\/","url":"https:\/\/jornalfatosenoticias.com.br\/index.php\/2023\/04\/13\/tragedia-o-assassinato-de-criancas-a-machadinha-parte-i\/","name":"Trag\u00e9dia: o assassinato de Crian\u00e7as a machadinha \u2014 Parte I - Jornal Fatos e Not\u00edcias","isPartOf":{"@id":"https:\/\/jornalfatosenoticias.com.br\/#website"},"primaryImageOfPage":{"@id":"https:\/\/jornalfatosenoticias.com.br\/index.php\/2023\/04\/13\/tragedia-o-assassinato-de-criancas-a-machadinha-parte-i\/#primaryimage"},"image":{"@id":"https:\/\/jornalfatosenoticias.com.br\/index.php\/2023\/04\/13\/tragedia-o-assassinato-de-criancas-a-machadinha-parte-i\/#primaryimage"},"thumbnailUrl":"https:\/\/jornalfatosenoticias.com.br\/wp-content\/uploads\/2023\/04\/PERIGO-NAS-ESCOLAS.jpeg","datePublished":"2023-04-13T15:57:48+00:00","dateModified":"2023-04-13T15:57:52+00:00","breadcrumb":{"@id":"https:\/\/jornalfatosenoticias.com.br\/index.php\/2023\/04\/13\/tragedia-o-assassinato-de-criancas-a-machadinha-parte-i\/#breadcrumb"},"inLanguage":"pt-BR","potentialAction":[{"@type":"ReadAction","target":["https:\/\/jornalfatosenoticias.com.br\/index.php\/2023\/04\/13\/tragedia-o-assassinato-de-criancas-a-machadinha-parte-i\/"]}]},{"@type":"ImageObject","inLanguage":"pt-BR","@id":"https:\/\/jornalfatosenoticias.com.br\/index.php\/2023\/04\/13\/tragedia-o-assassinato-de-criancas-a-machadinha-parte-i\/#primaryimage","url":"https:\/\/jornalfatosenoticias.com.br\/wp-content\/uploads\/2023\/04\/PERIGO-NAS-ESCOLAS.jpeg","contentUrl":"https:\/\/jornalfatosenoticias.com.br\/wp-content\/uploads\/2023\/04\/PERIGO-NAS-ESCOLAS.jpeg","width":780,"height":340},{"@type":"BreadcrumbList","@id":"https:\/\/jornalfatosenoticias.com.br\/index.php\/2023\/04\/13\/tragedia-o-assassinato-de-criancas-a-machadinha-parte-i\/#breadcrumb","itemListElement":[{"@type":"ListItem","position":1,"name":"In\u00edcio","item":"https:\/\/jornalfatosenoticias.com.br\/"},{"@type":"ListItem","position":2,"name":"Trag\u00e9dia: o assassinato de Crian\u00e7as a machadinha \u2014 Parte I"}]},{"@type":"WebSite","@id":"https:\/\/jornalfatosenoticias.com.br\/#website","url":"https:\/\/jornalfatosenoticias.com.br\/","name":"Jornal Fatos e Not\u00edcias","description":"Not\u00edcias em geral","publisher":{"@id":"https:\/\/jornalfatosenoticias.com.br\/#organization"},"potentialAction":[{"@type":"SearchAction","target":{"@type":"EntryPoint","urlTemplate":"https:\/\/jornalfatosenoticias.com.br\/?s={search_term_string}"},"query-input":{"@type":"PropertyValueSpecification","valueRequired":true,"valueName":"search_term_string"}}],"inLanguage":"pt-BR"},{"@type":"Organization","@id":"https:\/\/jornalfatosenoticias.com.br\/#organization","name":"Jornal Fatos e Not\u00edcias","url":"https:\/\/jornalfatosenoticias.com.br\/","logo":{"@type":"ImageObject","inLanguage":"pt-BR","@id":"https:\/\/jornalfatosenoticias.com.br\/#\/schema\/logo\/image\/","url":"https:\/\/jornalfatosenoticias.com.br\/wp-content\/uploads\/2020\/02\/logo120.png","contentUrl":"https:\/\/jornalfatosenoticias.com.br\/wp-content\/uploads\/2020\/02\/logo120.png","width":1227,"height":120,"caption":"Jornal Fatos e Not\u00edcias"},"image":{"@id":"https:\/\/jornalfatosenoticias.com.br\/#\/schema\/logo\/image\/"}},{"@type":"Person","@id":"https:\/\/jornalfatosenoticias.com.br\/#\/schema\/person\/c33fcf5fb02d729d3fec92c6737a22d1","name":"Ana Maria Iencarelli","image":{"@type":"ImageObject","inLanguage":"pt-BR","@id":"https:\/\/jornalfatosenoticias.com.br\/#\/schema\/person\/image\/","url":"https:\/\/jornalfatosenoticias.com.br\/wp-content\/uploads\/2020\/02\/Ana-Maria-Iencarelli-1-150x150.jpg","contentUrl":"https:\/\/jornalfatosenoticias.com.br\/wp-content\/uploads\/2020\/02\/Ana-Maria-Iencarelli-1-150x150.jpg","caption":"Ana Maria Iencarelli"},"description":"Psicanalista Cl\u00ednica, especializada no atendimento a Crian\u00e7as e Adolescentes. Presidente da ONG Vozes de Anjos.","url":"https:\/\/jornalfatosenoticias.com.br\/index.php\/author\/anamaria\/"}]}},"cc_featured_image_caption":{"caption_text":"","source_text":"","source_url":""},"jetpack_featured_media_url":"https:\/\/jornalfatosenoticias.com.br\/wp-content\/uploads\/2023\/04\/PERIGO-NAS-ESCOLAS.jpeg","_links":{"self":[{"href":"https:\/\/jornalfatosenoticias.com.br\/index.php\/wp-json\/wp\/v2\/posts\/40558","targetHints":{"allow":["GET"]}}],"collection":[{"href":"https:\/\/jornalfatosenoticias.com.br\/index.php\/wp-json\/wp\/v2\/posts"}],"about":[{"href":"https:\/\/jornalfatosenoticias.com.br\/index.php\/wp-json\/wp\/v2\/types\/post"}],"author":[{"embeddable":true,"href":"https:\/\/jornalfatosenoticias.com.br\/index.php\/wp-json\/wp\/v2\/users\/8"}],"replies":[{"embeddable":true,"href":"https:\/\/jornalfatosenoticias.com.br\/index.php\/wp-json\/wp\/v2\/comments?post=40558"}],"version-history":[{"count":0,"href":"https:\/\/jornalfatosenoticias.com.br\/index.php\/wp-json\/wp\/v2\/posts\/40558\/revisions"}],"wp:featuredmedia":[{"embeddable":true,"href":"https:\/\/jornalfatosenoticias.com.br\/index.php\/wp-json\/wp\/v2\/media\/40560"}],"wp:attachment":[{"href":"https:\/\/jornalfatosenoticias.com.br\/index.php\/wp-json\/wp\/v2\/media?parent=40558"}],"wp:term":[{"taxonomy":"category","embeddable":true,"href":"https:\/\/jornalfatosenoticias.com.br\/index.php\/wp-json\/wp\/v2\/categories?post=40558"},{"taxonomy":"post_tag","embeddable":true,"href":"https:\/\/jornalfatosenoticias.com.br\/index.php\/wp-json\/wp\/v2\/tags?post=40558"}],"curies":[{"name":"wp","href":"https:\/\/api.w.org\/{rel}","templated":true}]}}