{"id":40660,"date":"2023-04-17T15:35:08","date_gmt":"2023-04-17T18:35:08","guid":{"rendered":"https:\/\/jornalfatosenoticias.com.br\/?p=40660"},"modified":"2023-04-17T15:35:10","modified_gmt":"2023-04-17T18:35:10","slug":"bolsonaro-surpreende-e-externa-decisao-que-pode-mudar-o-rumo-das-proximas-eleicoes","status":"publish","type":"post","link":"https:\/\/jornalfatosenoticias.com.br\/index.php\/2023\/04\/17\/bolsonaro-surpreende-e-externa-decisao-que-pode-mudar-o-rumo-das-proximas-eleicoes\/","title":{"rendered":"Bolsonaro surpreende e externa decis\u00e3o que pode mudar o rumo das pr\u00f3ximas elei\u00e7\u00f5es"},"content":{"rendered":"\n<p><span class=\"has-inline-color has-black-color\"><em>Ainda distante de 2026, PL j\u00e1 organiza quebra-cabe\u00e7a pol\u00edtico para orquestrar o futuro da legenda partid\u00e1ria<\/em><\/span><\/p>\n\n\n\n<p><em><span class=\"has-inline-color has-black-color\">por: <strong>Raul Holderf Nascimento<\/strong><\/span><\/em><\/p>\n\n\n\n<div class=\"wp-block-image\"><figure class=\"aligncenter size-large\"><img loading=\"lazy\" decoding=\"async\" width=\"300\" height=\"250\" src=\"https:\/\/jornalfatosenoticias.com.br\/wp-content\/uploads\/2022\/08\/arte-Casarao.jpg\" alt=\"\" class=\"wp-image-33178\"\/><\/figure><\/div>\n\n\n\n<p>O Conex\u00e3o Pol\u00edtica conversou, sob a condi\u00e7\u00e3o de anonimato, com fontes ligadas ao ex-presidente Jair Bolsonaro (PL), para saber se h\u00e1 uma movimenta\u00e7\u00e3o interna no Partido Liberal em torno das pr\u00f3ximas elei\u00e7\u00f5es no Pa\u00eds. A resposta \u00e9 sim, e envolve, principalmente, Bolsonaro.<br>No \u00faltimo domingo (16), um ve\u00edculo de grande circula\u00e7\u00e3o no pa\u00eds disse, entre outras coisas, que o direitista cogita a possibilidade de ser candidato ao Senado Federal em 2026.<br>De modo reservado, aliados pol\u00edticos e pessoas pr\u00f3ximas confirmaram a informa\u00e7\u00e3o a este jornal digital. Bolsonaro externou que pretende se candidatar \u00e0 Casa Alta do Congresso.<\/p>\n\n\n\n<div class=\"wp-block-image\"><figure class=\"aligncenter size-large\"><img loading=\"lazy\" decoding=\"async\" width=\"250\" height=\"250\" src=\"https:\/\/jornalfatosenoticias.com.br\/wp-content\/uploads\/2023\/04\/baile.jpg\" alt=\"\" class=\"wp-image-40627\" srcset=\"https:\/\/jornalfatosenoticias.com.br\/wp-content\/uploads\/2023\/04\/baile.jpg 250w, https:\/\/jornalfatosenoticias.com.br\/wp-content\/uploads\/2023\/04\/baile-150x150.jpg 150w\" sizes=\"auto, (max-width: 250px) 100vw, 250px\" \/><\/figure><\/div>\n\n\n\n<p><strong><span class=\"has-inline-color has-black-color\">O \u2018sim\u2019 de Bolsonaro<br><\/span><\/strong>Inicialmente, a possibilidade foi ventilada pelo cacique Valdemar Costa Neto, que n\u00e3o esperava uma resposta t\u00e3o positiva. No entanto, desde que chegou dos Estados Unidos, o ex-presidente tem visto a ideia com muito bons olhos. A rea\u00e7\u00e3o do militar da reserva surpreendeu, \u00e9 claro.<br>Para 2026, o entendimento que tem sido explorado \u00e9 a tentativa de repetir o feito de 2022 no Legislativo. O foco, ent\u00e3o, seria conquistar um n\u00famero ainda mais expressivo de deputados federais e, especialmente, senadores, na pr\u00f3xima elei\u00e7\u00e3o.<\/p>\n\n\n\n<div class=\"wp-block-image\"><figure class=\"aligncenter size-large is-resized\"><img loading=\"lazy\" decoding=\"async\" src=\"https:\/\/jornalfatosenoticias.com.br\/wp-content\/uploads\/2023\/03\/logo-Panper_portal.jpg\" alt=\"\" class=\"wp-image-40208\" width=\"273\" height=\"189\" srcset=\"https:\/\/jornalfatosenoticias.com.br\/wp-content\/uploads\/2023\/03\/logo-Panper_portal.jpg 400w, https:\/\/jornalfatosenoticias.com.br\/wp-content\/uploads\/2023\/03\/logo-Panper_portal-300x208.jpg 300w\" sizes=\"auto, (max-width: 273px) 100vw, 273px\" \/><\/figure><\/div>\n\n\n\n<h3 class=\"wp-block-heading\"><span class=\"has-inline-color has-black-color\">Fam\u00edlia em cena<\/span><\/h3>\n\n\n\n<div class=\"wp-block-image\"><figure class=\"aligncenter size-large\"><img loading=\"lazy\" decoding=\"async\" width=\"950\" height=\"720\" src=\"https:\/\/jornalfatosenoticias.com.br\/wp-content\/uploads\/2023\/04\/cla-bolsonaro.jpg\" alt=\"\" class=\"wp-image-40661\" srcset=\"https:\/\/jornalfatosenoticias.com.br\/wp-content\/uploads\/2023\/04\/cla-bolsonaro.jpg 950w, https:\/\/jornalfatosenoticias.com.br\/wp-content\/uploads\/2023\/04\/cla-bolsonaro-300x227.jpg 300w, https:\/\/jornalfatosenoticias.com.br\/wp-content\/uploads\/2023\/04\/cla-bolsonaro-768x582.jpg 768w\" sizes=\"auto, (max-width: 950px) 100vw, 950px\" \/><figcaption><em><span class=\"has-inline-color has-black-color\">Reunidos, Eduardo, Helo\u00edsa, Jair, Michelle, Fl\u00e1vio e Fernanda Bolsonaro (Foto: Arquivo\/Reprodu\u00e7\u00e3o)<\/span><\/em><\/figcaption><\/figure><\/div>\n\n\n\n<p>Outro ponto em discuss\u00e3o \u00e9 a jun\u00e7\u00e3o da fam\u00edlia no pleito geral futuro. Se tudo se confirmar, Eduardo Bolsonaro, Fl\u00e1vio Bolsonaro e Michelle Bolsonaro tamb\u00e9m entrar\u00e3o na disputa ao Senado, compondo um superbloco bolsonarista. Em efeito cascata, al\u00e9m da garantia dos quatro nomes, o PL teria tamb\u00e9m a presen\u00e7a f\u00edsica e constante do cl\u00e3 parental.<\/p>\n\n\n\n<div class=\"wp-block-image\"><figure class=\"aligncenter size-large is-resized\"><img loading=\"lazy\" decoding=\"async\" src=\"https:\/\/jornalfatosenoticias.com.br\/wp-content\/uploads\/2023\/03\/nova-logo-Marquetti.jpg\" alt=\"\" class=\"wp-image-40207\" width=\"301\" height=\"202\" srcset=\"https:\/\/jornalfatosenoticias.com.br\/wp-content\/uploads\/2023\/03\/nova-logo-Marquetti.jpg 643w, https:\/\/jornalfatosenoticias.com.br\/wp-content\/uploads\/2023\/03\/nova-logo-Marquetti-300x202.jpg 300w\" sizes=\"auto, (max-width: 301px) 100vw, 301px\" \/><\/figure><\/div>\n\n\n\n<p><strong><span class=\"has-inline-color has-black-color\">Origem eleitoral<br><\/span><\/strong>H\u00e1 tamb\u00e9m um outro fator que chama ainda mais aten\u00e7\u00e3o: o reduto eleitoral de origem. Jair Bolsonaro sairia do seu estado, o Rio de Janeiro, e se lan\u00e7aria candidato em uma outra zona. O intuito \u00e9 coloc\u00e1-lo na disputa por um lugar que o elegeria sem nenhuma dificuldade.<br>Os estados com maior \u00edndice de bolsonarismo ser\u00e3o colocados como prioridade no radar. S\u00e3o eles: Mato Grosso, Distrito Federal, Roraima e Rond\u00f4nia, com probabilidade superior nos dois \u00faltimos locais citados.<\/p>\n\n\n\n<div class=\"wp-block-image\"><figure class=\"aligncenter size-large\"><img loading=\"lazy\" decoding=\"async\" width=\"300\" height=\"222\" src=\"https:\/\/jornalfatosenoticias.com.br\/wp-content\/uploads\/2023\/03\/logo_Juliana-Graca.jpg\" alt=\"\" class=\"wp-image-39283\"\/><\/figure><\/div>\n\n\n\n<blockquote class=\"wp-block-quote is-layout-flow wp-block-quote-is-layout-flow\"><p><span class=\"has-inline-color has-luminous-vivid-orange-color\">Valdemar cogita que Bolsonaro saia candidato por Roraima&#8221;, pontuou uma das fontes ouvidas pelo Conex\u00e3o Pol\u00edtica.<\/span><\/p><\/blockquote>\n\n\n\n<p>Em Roraima, no primeiro turno das elei\u00e7\u00f5es de 2022, Lula venceu em apenas uma cidade, enquanto Bolsonaro cravou maior percentual de votos do Brasil no estado. No turno seguinte, o cen\u00e1rio se repetiu. O ent\u00e3o presidente e candidato derrotado do PL \u00e0 reelei\u00e7\u00e3o foi o mais votado pela popula\u00e7\u00e3o roraimense, arrastando 76,08% dos votos, onde garantiu a maior numera\u00e7\u00e3o entre todos os estados do Pa\u00eds.<\/p>\n\n\n\n<div class=\"wp-block-image\"><figure class=\"aligncenter size-large is-resized\"><img loading=\"lazy\" decoding=\"async\" src=\"https:\/\/jornalfatosenoticias.com.br\/wp-content\/uploads\/2020\/02\/logo-embacia.jpg\" alt=\"\" class=\"wp-image-33905\" width=\"266\" height=\"266\"\/><\/figure><\/div>\n\n\n\n<p>Em Rond\u00f4nia, o cen\u00e1rio foi semelhante. Bolsonaro venceu os dois turnos com vota\u00e7\u00e3o disparada. Al\u00e9m disso, tanto o Coronel Marcos Rocha (Uni\u00e3o Brasil), que j\u00e1 era governador e foi reeleito \u2014 quanto o senador Marcos Rog\u00e9rio (PL), que tentava o Executivo estadual, sendo o segundo mais votado \u2014 s\u00e3o apoiadores de Bolsonaro.<\/p>\n\n\n\n<div class=\"wp-block-image\"><figure class=\"aligncenter size-large\"><img loading=\"lazy\" decoding=\"async\" width=\"950\" height=\"634\" src=\"https:\/\/jornalfatosenoticias.com.br\/wp-content\/uploads\/2023\/04\/bolsonaro-2.jpg\" alt=\"\" class=\"wp-image-40662\" srcset=\"https:\/\/jornalfatosenoticias.com.br\/wp-content\/uploads\/2023\/04\/bolsonaro-2.jpg 950w, https:\/\/jornalfatosenoticias.com.br\/wp-content\/uploads\/2023\/04\/bolsonaro-2-300x200.jpg 300w, https:\/\/jornalfatosenoticias.com.br\/wp-content\/uploads\/2023\/04\/bolsonaro-2-768x513.jpg 768w\" sizes=\"auto, (max-width: 950px) 100vw, 950px\" \/><figcaption><em><span class=\"has-inline-color has-black-color\">Na imagem, Bolsonaro discursando em Londres, Inglaterra, onde aconteceu o funeral da rainha Elizabeth 2\u00aa (Foto: Arquivo\/Reprodu\u00e7\u00e3o)<\/span><\/em><\/figcaption><\/figure><\/div>\n\n\n\n<p><strong><span class=\"has-inline-color has-black-color\">Tabuleiro pol\u00edtico<br><\/span><\/strong>Com as pe\u00e7as sendo enfileiradas, o tabuleiro da fam\u00edlia Bolsonaro vai ganhando composi\u00e7\u00e3o e, de antem\u00e3o, abrindo o leque de fatores que devem ser considerados. Por ora, se nada for alterado, a proje\u00e7\u00e3o deve ficar da seguinte maneira:<\/p>\n\n\n\n<div class=\"wp-block-image\"><figure class=\"aligncenter size-large\"><img decoding=\"async\" src=\"https:\/\/jornalfatosenoticias.com.br\/wp-content\/uploads\/2020\/02\/logo_esteio.jpg\" alt=\"\" class=\"wp-image-1214\"\/><\/figure><\/div>\n\n\n\n<ul class=\"wp-block-list\"><li><strong>Eduardo Bolsonaro <\/strong>\u2014 candidato ao Senado pelo Estado de S\u00e3o Paulo;<\/li><li><strong>Fl\u00e1vio Bolsonaro<\/strong> \u2014 senador \u00e0 reelei\u00e7\u00e3o pelo Estado do Rio de Janeiro;<\/li><li><strong>Jair Bolsonaro <\/strong>\u2014 candidato ao Senado pelo Estado de Roraima ou Rond\u00f4nia;<\/li><li><strong>Michelle Bolsonaro <\/strong>\u2014 candidata ao Senado pelo Mato Grosso ou Distrito Federal.<\/li><\/ul>\n\n\n\n<div class=\"wp-block-image\"><figure class=\"aligncenter size-large\"><img loading=\"lazy\" decoding=\"async\" width=\"1024\" height=\"99\" src=\"https:\/\/jornalfatosenoticias.com.br\/wp-content\/uploads\/2020\/02\/Logo-Mizu-segunda-2-1024x99.png\" alt=\"\" class=\"wp-image-2353\" srcset=\"https:\/\/jornalfatosenoticias.com.br\/wp-content\/uploads\/2020\/02\/Logo-Mizu-segunda-2-1024x99.png 1024w, https:\/\/jornalfatosenoticias.com.br\/wp-content\/uploads\/2020\/02\/Logo-Mizu-segunda-2-300x29.png 300w, https:\/\/jornalfatosenoticias.com.br\/wp-content\/uploads\/2020\/02\/Logo-Mizu-segunda-2-768x74.png 768w, https:\/\/jornalfatosenoticias.com.br\/wp-content\/uploads\/2020\/02\/Logo-Mizu-segunda-2.png 1240w\" sizes=\"auto, (max-width: 1024px) 100vw, 1024px\" \/><\/figure><\/div>\n\n\n\n<p><strong><span class=\"has-inline-color has-black-color\">Status jur\u00eddico<br><\/span><\/strong>At\u00e9 2026, no entanto, muitas \u00e1guas devem rolar debaixo da ponte pol\u00edtica. Jair Messias Bolsonaro enfrenta 16 processos em andamento no Tribunal Superior Eleitoral (TSE) por acusa\u00e7\u00f5es de supostas ilegalidades cometidas durante a campanha. Todas as a\u00e7\u00f5es apuram se houve abuso de poder econ\u00f4mico, abuso de poder pol\u00edtico e abuso do uso dos meios de comunica\u00e7\u00e3o.<\/p>\n\n\n\n<div class=\"wp-block-image\"><figure class=\"aligncenter size-large is-resized\"><img loading=\"lazy\" decoding=\"async\" src=\"https:\/\/jornalfatosenoticias.com.br\/wp-content\/uploads\/2022\/10\/Arte-jornal-Zucchi-600x600_Prancheta-1-1024x1024.jpg\" alt=\"\" class=\"wp-image-34782\" width=\"248\" height=\"248\" srcset=\"https:\/\/jornalfatosenoticias.com.br\/wp-content\/uploads\/2022\/10\/Arte-jornal-Zucchi-600x600_Prancheta-1-1024x1024.jpg 1024w, https:\/\/jornalfatosenoticias.com.br\/wp-content\/uploads\/2022\/10\/Arte-jornal-Zucchi-600x600_Prancheta-1-300x300.jpg 300w, https:\/\/jornalfatosenoticias.com.br\/wp-content\/uploads\/2022\/10\/Arte-jornal-Zucchi-600x600_Prancheta-1-150x150.jpg 150w, https:\/\/jornalfatosenoticias.com.br\/wp-content\/uploads\/2022\/10\/Arte-jornal-Zucchi-600x600_Prancheta-1-768x768.jpg 768w, https:\/\/jornalfatosenoticias.com.br\/wp-content\/uploads\/2022\/10\/Arte-jornal-Zucchi-600x600_Prancheta-1.jpg 1250w\" sizes=\"auto, (max-width: 248px) 100vw, 248px\" \/><\/figure><\/div>\n\n\n\n<p>Das 16, oito a\u00e7\u00f5es foram propostas pelo PT e sua coliga\u00e7\u00e3o, seis apresentadas pelo PDT e duas protocoladas pela senadora e ex-candidata \u00e0 Presid\u00eancia Soraya Thronicke (Uni\u00e3o Brasil). Todos os processos acusam o direitista de ter se aproveitado do cargo e da estrutura presidencial no \u00e2mbito pol\u00edtico e eleitoral.<br>Caso seja condenado em alguma das a\u00e7\u00f5es, considerando algum tipo de extrema gravidade na conduta, a consequ\u00eancia pode ser a inelegibilidade por um prazo de oito anos. Por consequ\u00eancia, Bolsonaro n\u00e3o poderia participar das pr\u00f3ximas duas campanhas presidenciais, al\u00e9m de ficar fora das elei\u00e7\u00f5es municipais.<\/p>\n\n\n\n<div class=\"wp-block-image\"><figure class=\"aligncenter size-large is-resized\"><img loading=\"lazy\" decoding=\"async\" src=\"https:\/\/jornalfatosenoticias.com.br\/wp-content\/uploads\/2022\/02\/Precisao-Contabilidade-1024x724.jpg\" alt=\"\" class=\"wp-image-28088\" width=\"281\" height=\"199\"\/><\/figure><\/div>\n\n\n\n<p><strong><em>Fonte: <a href=\"https:\/\/www.conexaopolitica.com.br\/politica\/2023\/04\/17\/bolsonaro-surpreende-e-externa-decisao-que-pode-mudar-o-rumo-das-proximas-eleicoes\/\">Conex\u00e3o Pol\u00edtica<\/a><\/em><\/strong><\/p>\n","protected":false},"excerpt":{"rendered":"<p>Ainda distante de 2026, PL j\u00e1 organiza quebra-cabe\u00e7a pol\u00edtico para orquestrar o futuro da legenda partid\u00e1ria por: Raul Holderf Nascimento O Conex\u00e3o Pol\u00edtica conversou, sob a condi\u00e7\u00e3o de anonimato, com fontes ligadas ao ex-presidente Jair Bolsonaro (PL), para saber se h\u00e1 uma movimenta\u00e7\u00e3o interna no Partido Liberal em torno das pr\u00f3ximas elei\u00e7\u00f5es no Pa\u00eds. A [&hellip;]<\/p>\n","protected":false},"author":2,"featured_media":40663,"comment_status":"open","ping_status":"open","sticky":false,"template":"","format":"standard","meta":{"footnotes":""},"categories":[10],"tags":[239,19047,479,1610,486],"class_list":["post-40660","post","type-post","status-publish","format-standard","has-post-thumbnail","hentry","category-politica","tag-bolsonaro","tag-eleicoes-2026","tag-rondonia","tag-roraima","tag-senado"],"yoast_head":"<!-- This site is optimized with the Yoast SEO plugin v26.5 - https:\/\/yoast.com\/wordpress\/plugins\/seo\/ -->\n<title>Bolsonaro surpreende e externa decis\u00e3o que pode mudar o rumo das pr\u00f3ximas elei\u00e7\u00f5es - Jornal Fatos e Not\u00edcias<\/title>\n<meta name=\"robots\" content=\"index, follow, max-snippet:-1, max-image-preview:large, max-video-preview:-1\" \/>\n<link rel=\"canonical\" href=\"https:\/\/jornalfatosenoticias.com.br\/index.php\/2023\/04\/17\/bolsonaro-surpreende-e-externa-decisao-que-pode-mudar-o-rumo-das-proximas-eleicoes\/\" \/>\n<meta property=\"og:locale\" content=\"pt_BR\" \/>\n<meta property=\"og:type\" content=\"article\" \/>\n<meta property=\"og:title\" content=\"Bolsonaro surpreende e externa decis\u00e3o que pode mudar o rumo das pr\u00f3ximas elei\u00e7\u00f5es - Jornal Fatos e Not\u00edcias\" \/>\n<meta property=\"og:description\" content=\"Ainda distante de 2026, PL j\u00e1 organiza quebra-cabe\u00e7a pol\u00edtico para orquestrar o futuro da legenda partid\u00e1ria por: Raul Holderf Nascimento O Conex\u00e3o Pol\u00edtica conversou, sob a condi\u00e7\u00e3o de anonimato, com fontes ligadas ao ex-presidente Jair Bolsonaro (PL), para saber se h\u00e1 uma movimenta\u00e7\u00e3o interna no Partido Liberal em torno das pr\u00f3ximas elei\u00e7\u00f5es no Pa\u00eds. A [&hellip;]\" \/>\n<meta property=\"og:url\" content=\"https:\/\/jornalfatosenoticias.com.br\/index.php\/2023\/04\/17\/bolsonaro-surpreende-e-externa-decisao-que-pode-mudar-o-rumo-das-proximas-eleicoes\/\" \/>\n<meta property=\"og:site_name\" content=\"Jornal Fatos e Not\u00edcias\" \/>\n<meta property=\"article:published_time\" content=\"2023-04-17T18:35:08+00:00\" \/>\n<meta property=\"article:modified_time\" content=\"2023-04-17T18:35:10+00:00\" \/>\n<meta property=\"og:image\" content=\"https:\/\/jornalfatosenoticias.com.br\/wp-content\/uploads\/2023\/04\/Bolsonaro_Marcos-Rocha-PR.jpg\" \/>\n\t<meta property=\"og:image:width\" content=\"950\" \/>\n\t<meta property=\"og:image:height\" content=\"475\" \/>\n\t<meta property=\"og:image:type\" content=\"image\/jpeg\" \/>\n<meta name=\"author\" content=\"Luzimara Fernandes\" \/>\n<meta name=\"twitter:card\" content=\"summary_large_image\" \/>\n<meta name=\"twitter:label1\" content=\"Escrito por\" \/>\n\t<meta name=\"twitter:data1\" content=\"Luzimara Fernandes\" \/>\n\t<meta name=\"twitter:label2\" content=\"Est. tempo de leitura\" \/>\n\t<meta name=\"twitter:data2\" content=\"4 minutos\" \/>\n<script type=\"application\/ld+json\" class=\"yoast-schema-graph\">{\"@context\":\"https:\/\/schema.org\",\"@graph\":[{\"@type\":\"Article\",\"@id\":\"https:\/\/jornalfatosenoticias.com.br\/index.php\/2023\/04\/17\/bolsonaro-surpreende-e-externa-decisao-que-pode-mudar-o-rumo-das-proximas-eleicoes\/#article\",\"isPartOf\":{\"@id\":\"https:\/\/jornalfatosenoticias.com.br\/index.php\/2023\/04\/17\/bolsonaro-surpreende-e-externa-decisao-que-pode-mudar-o-rumo-das-proximas-eleicoes\/\"},\"author\":{\"name\":\"Luzimara Fernandes\",\"@id\":\"https:\/\/jornalfatosenoticias.com.br\/#\/schema\/person\/d63837fa13ac8666eb9e74e0985d6f81\"},\"headline\":\"Bolsonaro surpreende e externa decis\u00e3o que pode mudar o rumo das pr\u00f3ximas elei\u00e7\u00f5es\",\"datePublished\":\"2023-04-17T18:35:08+00:00\",\"dateModified\":\"2023-04-17T18:35:10+00:00\",\"mainEntityOfPage\":{\"@id\":\"https:\/\/jornalfatosenoticias.com.br\/index.php\/2023\/04\/17\/bolsonaro-surpreende-e-externa-decisao-que-pode-mudar-o-rumo-das-proximas-eleicoes\/\"},\"wordCount\":828,\"commentCount\":0,\"publisher\":{\"@id\":\"https:\/\/jornalfatosenoticias.com.br\/#organization\"},\"image\":{\"@id\":\"https:\/\/jornalfatosenoticias.com.br\/index.php\/2023\/04\/17\/bolsonaro-surpreende-e-externa-decisao-que-pode-mudar-o-rumo-das-proximas-eleicoes\/#primaryimage\"},\"thumbnailUrl\":\"https:\/\/jornalfatosenoticias.com.br\/wp-content\/uploads\/2023\/04\/Bolsonaro_Marcos-Rocha-PR.jpg\",\"keywords\":[\"Bolsonaro\",\"Elei\u00e7\u00f5es 2026\",\"Rond\u00f4nia\",\"Roraima\",\"Senado\"],\"articleSection\":[\"Pol\u00edtica\"],\"inLanguage\":\"pt-BR\",\"potentialAction\":[{\"@type\":\"CommentAction\",\"name\":\"Comment\",\"target\":[\"https:\/\/jornalfatosenoticias.com.br\/index.php\/2023\/04\/17\/bolsonaro-surpreende-e-externa-decisao-que-pode-mudar-o-rumo-das-proximas-eleicoes\/#respond\"]}]},{\"@type\":\"WebPage\",\"@id\":\"https:\/\/jornalfatosenoticias.com.br\/index.php\/2023\/04\/17\/bolsonaro-surpreende-e-externa-decisao-que-pode-mudar-o-rumo-das-proximas-eleicoes\/\",\"url\":\"https:\/\/jornalfatosenoticias.com.br\/index.php\/2023\/04\/17\/bolsonaro-surpreende-e-externa-decisao-que-pode-mudar-o-rumo-das-proximas-eleicoes\/\",\"name\":\"Bolsonaro surpreende e externa decis\u00e3o que pode mudar o rumo das pr\u00f3ximas elei\u00e7\u00f5es - Jornal Fatos e Not\u00edcias\",\"isPartOf\":{\"@id\":\"https:\/\/jornalfatosenoticias.com.br\/#website\"},\"primaryImageOfPage\":{\"@id\":\"https:\/\/jornalfatosenoticias.com.br\/index.php\/2023\/04\/17\/bolsonaro-surpreende-e-externa-decisao-que-pode-mudar-o-rumo-das-proximas-eleicoes\/#primaryimage\"},\"image\":{\"@id\":\"https:\/\/jornalfatosenoticias.com.br\/index.php\/2023\/04\/17\/bolsonaro-surpreende-e-externa-decisao-que-pode-mudar-o-rumo-das-proximas-eleicoes\/#primaryimage\"},\"thumbnailUrl\":\"https:\/\/jornalfatosenoticias.com.br\/wp-content\/uploads\/2023\/04\/Bolsonaro_Marcos-Rocha-PR.jpg\",\"datePublished\":\"2023-04-17T18:35:08+00:00\",\"dateModified\":\"2023-04-17T18:35:10+00:00\",\"breadcrumb\":{\"@id\":\"https:\/\/jornalfatosenoticias.com.br\/index.php\/2023\/04\/17\/bolsonaro-surpreende-e-externa-decisao-que-pode-mudar-o-rumo-das-proximas-eleicoes\/#breadcrumb\"},\"inLanguage\":\"pt-BR\",\"potentialAction\":[{\"@type\":\"ReadAction\",\"target\":[\"https:\/\/jornalfatosenoticias.com.br\/index.php\/2023\/04\/17\/bolsonaro-surpreende-e-externa-decisao-que-pode-mudar-o-rumo-das-proximas-eleicoes\/\"]}]},{\"@type\":\"ImageObject\",\"inLanguage\":\"pt-BR\",\"@id\":\"https:\/\/jornalfatosenoticias.com.br\/index.php\/2023\/04\/17\/bolsonaro-surpreende-e-externa-decisao-que-pode-mudar-o-rumo-das-proximas-eleicoes\/#primaryimage\",\"url\":\"https:\/\/jornalfatosenoticias.com.br\/wp-content\/uploads\/2023\/04\/Bolsonaro_Marcos-Rocha-PR.jpg\",\"contentUrl\":\"https:\/\/jornalfatosenoticias.com.br\/wp-content\/uploads\/2023\/04\/Bolsonaro_Marcos-Rocha-PR.jpg\",\"width\":950,\"height\":475},{\"@type\":\"BreadcrumbList\",\"@id\":\"https:\/\/jornalfatosenoticias.com.br\/index.php\/2023\/04\/17\/bolsonaro-surpreende-e-externa-decisao-que-pode-mudar-o-rumo-das-proximas-eleicoes\/#breadcrumb\",\"itemListElement\":[{\"@type\":\"ListItem\",\"position\":1,\"name\":\"In\u00edcio\",\"item\":\"https:\/\/jornalfatosenoticias.com.br\/\"},{\"@type\":\"ListItem\",\"position\":2,\"name\":\"Bolsonaro surpreende e externa decis\u00e3o que pode mudar o rumo das pr\u00f3ximas elei\u00e7\u00f5es\"}]},{\"@type\":\"WebSite\",\"@id\":\"https:\/\/jornalfatosenoticias.com.br\/#website\",\"url\":\"https:\/\/jornalfatosenoticias.com.br\/\",\"name\":\"Jornal Fatos e Not\u00edcias\",\"description\":\"Not\u00edcias em geral\",\"publisher\":{\"@id\":\"https:\/\/jornalfatosenoticias.com.br\/#organization\"},\"potentialAction\":[{\"@type\":\"SearchAction\",\"target\":{\"@type\":\"EntryPoint\",\"urlTemplate\":\"https:\/\/jornalfatosenoticias.com.br\/?s={search_term_string}\"},\"query-input\":{\"@type\":\"PropertyValueSpecification\",\"valueRequired\":true,\"valueName\":\"search_term_string\"}}],\"inLanguage\":\"pt-BR\"},{\"@type\":\"Organization\",\"@id\":\"https:\/\/jornalfatosenoticias.com.br\/#organization\",\"name\":\"Jornal Fatos e Not\u00edcias\",\"url\":\"https:\/\/jornalfatosenoticias.com.br\/\",\"logo\":{\"@type\":\"ImageObject\",\"inLanguage\":\"pt-BR\",\"@id\":\"https:\/\/jornalfatosenoticias.com.br\/#\/schema\/logo\/image\/\",\"url\":\"https:\/\/jornalfatosenoticias.com.br\/wp-content\/uploads\/2020\/02\/logo120.png\",\"contentUrl\":\"https:\/\/jornalfatosenoticias.com.br\/wp-content\/uploads\/2020\/02\/logo120.png\",\"width\":1227,\"height\":120,\"caption\":\"Jornal Fatos e Not\u00edcias\"},\"image\":{\"@id\":\"https:\/\/jornalfatosenoticias.com.br\/#\/schema\/logo\/image\/\"}},{\"@type\":\"Person\",\"@id\":\"https:\/\/jornalfatosenoticias.com.br\/#\/schema\/person\/d63837fa13ac8666eb9e74e0985d6f81\",\"name\":\"Luzimara Fernandes\",\"image\":{\"@type\":\"ImageObject\",\"inLanguage\":\"pt-BR\",\"@id\":\"https:\/\/jornalfatosenoticias.com.br\/#\/schema\/person\/image\/\",\"url\":\"https:\/\/jornalfatosenoticias.com.br\/wp-content\/uploads\/2025\/05\/EU_portal.jpg\",\"contentUrl\":\"https:\/\/jornalfatosenoticias.com.br\/wp-content\/uploads\/2025\/05\/EU_portal.jpg\",\"caption\":\"Luzimara Fernandes\"},\"description\":\"Jornalista MTB 2358-ES\",\"sameAs\":[\"https:\/\/jornalfatosenoticias.com.br\"],\"url\":\"https:\/\/jornalfatosenoticias.com.br\/index.php\/author\/luzimara\/\"}]}<\/script>\n<!-- \/ Yoast SEO plugin. -->","yoast_head_json":{"title":"Bolsonaro surpreende e externa decis\u00e3o que pode mudar o rumo das pr\u00f3ximas elei\u00e7\u00f5es - Jornal Fatos e Not\u00edcias","robots":{"index":"index","follow":"follow","max-snippet":"max-snippet:-1","max-image-preview":"max-image-preview:large","max-video-preview":"max-video-preview:-1"},"canonical":"https:\/\/jornalfatosenoticias.com.br\/index.php\/2023\/04\/17\/bolsonaro-surpreende-e-externa-decisao-que-pode-mudar-o-rumo-das-proximas-eleicoes\/","og_locale":"pt_BR","og_type":"article","og_title":"Bolsonaro surpreende e externa decis\u00e3o que pode mudar o rumo das pr\u00f3ximas elei\u00e7\u00f5es - Jornal Fatos e Not\u00edcias","og_description":"Ainda distante de 2026, PL j\u00e1 organiza quebra-cabe\u00e7a pol\u00edtico para orquestrar o futuro da legenda partid\u00e1ria por: Raul Holderf Nascimento O Conex\u00e3o Pol\u00edtica conversou, sob a condi\u00e7\u00e3o de anonimato, com fontes ligadas ao ex-presidente Jair Bolsonaro (PL), para saber se h\u00e1 uma movimenta\u00e7\u00e3o interna no Partido Liberal em torno das pr\u00f3ximas elei\u00e7\u00f5es no Pa\u00eds. A [&hellip;]","og_url":"https:\/\/jornalfatosenoticias.com.br\/index.php\/2023\/04\/17\/bolsonaro-surpreende-e-externa-decisao-que-pode-mudar-o-rumo-das-proximas-eleicoes\/","og_site_name":"Jornal Fatos e Not\u00edcias","article_published_time":"2023-04-17T18:35:08+00:00","article_modified_time":"2023-04-17T18:35:10+00:00","og_image":[{"width":950,"height":475,"url":"https:\/\/jornalfatosenoticias.com.br\/wp-content\/uploads\/2023\/04\/Bolsonaro_Marcos-Rocha-PR.jpg","type":"image\/jpeg"}],"author":"Luzimara Fernandes","twitter_card":"summary_large_image","twitter_misc":{"Escrito por":"Luzimara Fernandes","Est. tempo de leitura":"4 minutos"},"schema":{"@context":"https:\/\/schema.org","@graph":[{"@type":"Article","@id":"https:\/\/jornalfatosenoticias.com.br\/index.php\/2023\/04\/17\/bolsonaro-surpreende-e-externa-decisao-que-pode-mudar-o-rumo-das-proximas-eleicoes\/#article","isPartOf":{"@id":"https:\/\/jornalfatosenoticias.com.br\/index.php\/2023\/04\/17\/bolsonaro-surpreende-e-externa-decisao-que-pode-mudar-o-rumo-das-proximas-eleicoes\/"},"author":{"name":"Luzimara Fernandes","@id":"https:\/\/jornalfatosenoticias.com.br\/#\/schema\/person\/d63837fa13ac8666eb9e74e0985d6f81"},"headline":"Bolsonaro surpreende e externa decis\u00e3o que pode mudar o rumo das pr\u00f3ximas elei\u00e7\u00f5es","datePublished":"2023-04-17T18:35:08+00:00","dateModified":"2023-04-17T18:35:10+00:00","mainEntityOfPage":{"@id":"https:\/\/jornalfatosenoticias.com.br\/index.php\/2023\/04\/17\/bolsonaro-surpreende-e-externa-decisao-que-pode-mudar-o-rumo-das-proximas-eleicoes\/"},"wordCount":828,"commentCount":0,"publisher":{"@id":"https:\/\/jornalfatosenoticias.com.br\/#organization"},"image":{"@id":"https:\/\/jornalfatosenoticias.com.br\/index.php\/2023\/04\/17\/bolsonaro-surpreende-e-externa-decisao-que-pode-mudar-o-rumo-das-proximas-eleicoes\/#primaryimage"},"thumbnailUrl":"https:\/\/jornalfatosenoticias.com.br\/wp-content\/uploads\/2023\/04\/Bolsonaro_Marcos-Rocha-PR.jpg","keywords":["Bolsonaro","Elei\u00e7\u00f5es 2026","Rond\u00f4nia","Roraima","Senado"],"articleSection":["Pol\u00edtica"],"inLanguage":"pt-BR","potentialAction":[{"@type":"CommentAction","name":"Comment","target":["https:\/\/jornalfatosenoticias.com.br\/index.php\/2023\/04\/17\/bolsonaro-surpreende-e-externa-decisao-que-pode-mudar-o-rumo-das-proximas-eleicoes\/#respond"]}]},{"@type":"WebPage","@id":"https:\/\/jornalfatosenoticias.com.br\/index.php\/2023\/04\/17\/bolsonaro-surpreende-e-externa-decisao-que-pode-mudar-o-rumo-das-proximas-eleicoes\/","url":"https:\/\/jornalfatosenoticias.com.br\/index.php\/2023\/04\/17\/bolsonaro-surpreende-e-externa-decisao-que-pode-mudar-o-rumo-das-proximas-eleicoes\/","name":"Bolsonaro surpreende e externa decis\u00e3o que pode mudar o rumo das pr\u00f3ximas elei\u00e7\u00f5es - Jornal Fatos e Not\u00edcias","isPartOf":{"@id":"https:\/\/jornalfatosenoticias.com.br\/#website"},"primaryImageOfPage":{"@id":"https:\/\/jornalfatosenoticias.com.br\/index.php\/2023\/04\/17\/bolsonaro-surpreende-e-externa-decisao-que-pode-mudar-o-rumo-das-proximas-eleicoes\/#primaryimage"},"image":{"@id":"https:\/\/jornalfatosenoticias.com.br\/index.php\/2023\/04\/17\/bolsonaro-surpreende-e-externa-decisao-que-pode-mudar-o-rumo-das-proximas-eleicoes\/#primaryimage"},"thumbnailUrl":"https:\/\/jornalfatosenoticias.com.br\/wp-content\/uploads\/2023\/04\/Bolsonaro_Marcos-Rocha-PR.jpg","datePublished":"2023-04-17T18:35:08+00:00","dateModified":"2023-04-17T18:35:10+00:00","breadcrumb":{"@id":"https:\/\/jornalfatosenoticias.com.br\/index.php\/2023\/04\/17\/bolsonaro-surpreende-e-externa-decisao-que-pode-mudar-o-rumo-das-proximas-eleicoes\/#breadcrumb"},"inLanguage":"pt-BR","potentialAction":[{"@type":"ReadAction","target":["https:\/\/jornalfatosenoticias.com.br\/index.php\/2023\/04\/17\/bolsonaro-surpreende-e-externa-decisao-que-pode-mudar-o-rumo-das-proximas-eleicoes\/"]}]},{"@type":"ImageObject","inLanguage":"pt-BR","@id":"https:\/\/jornalfatosenoticias.com.br\/index.php\/2023\/04\/17\/bolsonaro-surpreende-e-externa-decisao-que-pode-mudar-o-rumo-das-proximas-eleicoes\/#primaryimage","url":"https:\/\/jornalfatosenoticias.com.br\/wp-content\/uploads\/2023\/04\/Bolsonaro_Marcos-Rocha-PR.jpg","contentUrl":"https:\/\/jornalfatosenoticias.com.br\/wp-content\/uploads\/2023\/04\/Bolsonaro_Marcos-Rocha-PR.jpg","width":950,"height":475},{"@type":"BreadcrumbList","@id":"https:\/\/jornalfatosenoticias.com.br\/index.php\/2023\/04\/17\/bolsonaro-surpreende-e-externa-decisao-que-pode-mudar-o-rumo-das-proximas-eleicoes\/#breadcrumb","itemListElement":[{"@type":"ListItem","position":1,"name":"In\u00edcio","item":"https:\/\/jornalfatosenoticias.com.br\/"},{"@type":"ListItem","position":2,"name":"Bolsonaro surpreende e externa decis\u00e3o que pode mudar o rumo das pr\u00f3ximas elei\u00e7\u00f5es"}]},{"@type":"WebSite","@id":"https:\/\/jornalfatosenoticias.com.br\/#website","url":"https:\/\/jornalfatosenoticias.com.br\/","name":"Jornal Fatos e Not\u00edcias","description":"Not\u00edcias em geral","publisher":{"@id":"https:\/\/jornalfatosenoticias.com.br\/#organization"},"potentialAction":[{"@type":"SearchAction","target":{"@type":"EntryPoint","urlTemplate":"https:\/\/jornalfatosenoticias.com.br\/?s={search_term_string}"},"query-input":{"@type":"PropertyValueSpecification","valueRequired":true,"valueName":"search_term_string"}}],"inLanguage":"pt-BR"},{"@type":"Organization","@id":"https:\/\/jornalfatosenoticias.com.br\/#organization","name":"Jornal Fatos e Not\u00edcias","url":"https:\/\/jornalfatosenoticias.com.br\/","logo":{"@type":"ImageObject","inLanguage":"pt-BR","@id":"https:\/\/jornalfatosenoticias.com.br\/#\/schema\/logo\/image\/","url":"https:\/\/jornalfatosenoticias.com.br\/wp-content\/uploads\/2020\/02\/logo120.png","contentUrl":"https:\/\/jornalfatosenoticias.com.br\/wp-content\/uploads\/2020\/02\/logo120.png","width":1227,"height":120,"caption":"Jornal Fatos e Not\u00edcias"},"image":{"@id":"https:\/\/jornalfatosenoticias.com.br\/#\/schema\/logo\/image\/"}},{"@type":"Person","@id":"https:\/\/jornalfatosenoticias.com.br\/#\/schema\/person\/d63837fa13ac8666eb9e74e0985d6f81","name":"Luzimara Fernandes","image":{"@type":"ImageObject","inLanguage":"pt-BR","@id":"https:\/\/jornalfatosenoticias.com.br\/#\/schema\/person\/image\/","url":"https:\/\/jornalfatosenoticias.com.br\/wp-content\/uploads\/2025\/05\/EU_portal.jpg","contentUrl":"https:\/\/jornalfatosenoticias.com.br\/wp-content\/uploads\/2025\/05\/EU_portal.jpg","caption":"Luzimara Fernandes"},"description":"Jornalista MTB 2358-ES","sameAs":["https:\/\/jornalfatosenoticias.com.br"],"url":"https:\/\/jornalfatosenoticias.com.br\/index.php\/author\/luzimara\/"}]}},"cc_featured_image_caption":{"caption_text":"(Foto: Marcos Correa\/PR) ","source_text":"","source_url":""},"jetpack_featured_media_url":"https:\/\/jornalfatosenoticias.com.br\/wp-content\/uploads\/2023\/04\/Bolsonaro_Marcos-Rocha-PR.jpg","_links":{"self":[{"href":"https:\/\/jornalfatosenoticias.com.br\/index.php\/wp-json\/wp\/v2\/posts\/40660","targetHints":{"allow":["GET"]}}],"collection":[{"href":"https:\/\/jornalfatosenoticias.com.br\/index.php\/wp-json\/wp\/v2\/posts"}],"about":[{"href":"https:\/\/jornalfatosenoticias.com.br\/index.php\/wp-json\/wp\/v2\/types\/post"}],"author":[{"embeddable":true,"href":"https:\/\/jornalfatosenoticias.com.br\/index.php\/wp-json\/wp\/v2\/users\/2"}],"replies":[{"embeddable":true,"href":"https:\/\/jornalfatosenoticias.com.br\/index.php\/wp-json\/wp\/v2\/comments?post=40660"}],"version-history":[{"count":0,"href":"https:\/\/jornalfatosenoticias.com.br\/index.php\/wp-json\/wp\/v2\/posts\/40660\/revisions"}],"wp:featuredmedia":[{"embeddable":true,"href":"https:\/\/jornalfatosenoticias.com.br\/index.php\/wp-json\/wp\/v2\/media\/40663"}],"wp:attachment":[{"href":"https:\/\/jornalfatosenoticias.com.br\/index.php\/wp-json\/wp\/v2\/media?parent=40660"}],"wp:term":[{"taxonomy":"category","embeddable":true,"href":"https:\/\/jornalfatosenoticias.com.br\/index.php\/wp-json\/wp\/v2\/categories?post=40660"},{"taxonomy":"post_tag","embeddable":true,"href":"https:\/\/jornalfatosenoticias.com.br\/index.php\/wp-json\/wp\/v2\/tags?post=40660"}],"curies":[{"name":"wp","href":"https:\/\/api.w.org\/{rel}","templated":true}]}}