{"id":40669,"date":"2023-04-18T09:23:45","date_gmt":"2023-04-18T12:23:45","guid":{"rendered":"https:\/\/jornalfatosenoticias.com.br\/?p=40669"},"modified":"2023-04-18T09:23:46","modified_gmt":"2023-04-18T12:23:46","slug":"meninas-experimentam-maior-insatisfacao-corporal-apos-primeira-menstruacao","status":"publish","type":"post","link":"https:\/\/jornalfatosenoticias.com.br\/index.php\/2023\/04\/18\/meninas-experimentam-maior-insatisfacao-corporal-apos-primeira-menstruacao\/","title":{"rendered":"Meninas experimentam maior insatisfa\u00e7\u00e3o corporal ap\u00f3s primeira menstrua\u00e7\u00e3o"},"content":{"rendered":"\n<p><em><span class=\"has-inline-color has-black-color\">por: <strong>Brenda Marchiori<\/strong><\/span><\/em><\/p>\n\n\n\n<div class=\"wp-block-image\"><figure class=\"aligncenter size-large\"><img loading=\"lazy\" decoding=\"async\" width=\"300\" height=\"222\" src=\"https:\/\/jornalfatosenoticias.com.br\/wp-content\/uploads\/2023\/03\/logo_Juliana-Graca.jpg\" alt=\"\" class=\"wp-image-39283\"\/><\/figure><\/div>\n\n\n\n<p>Mais que fase final da puberdade e entrada na vida adulta, o primeiro ciclo menstrual \u00e9 marcado por insatisfa\u00e7\u00e3o com a apar\u00eancia e idealiza\u00e7\u00e3o do corpo magro. A informa\u00e7\u00e3o vem de estudo do Departamento de Psicologia da Faculdade de Filosofia, Ci\u00eancias e Letras de Ribeir\u00e3o Preto da USP, realizado com 222 meninas de nove a 14 anos, estudantes de tr\u00eas escolas de Ribeir\u00e3o Preto.<br>A falta de dados sobre o tema estimulou a busca sobre os impactos da imagem corporal e autoestima nessa faixa da popula\u00e7\u00e3o \u2014 os adolescentes \u2014 que, segundo a Organiza\u00e7\u00e3o Mundial de Sa\u00fade (OMS) fazem parte do grupo com maior incid\u00eancia de transtornos alimentares no Brasil.<\/p>\n\n\n\n<div class=\"wp-block-image\"><figure class=\"aligncenter size-large\"><img loading=\"lazy\" decoding=\"async\" width=\"250\" height=\"250\" src=\"https:\/\/jornalfatosenoticias.com.br\/wp-content\/uploads\/2023\/04\/baile.jpg\" alt=\"\" class=\"wp-image-40627\" srcset=\"https:\/\/jornalfatosenoticias.com.br\/wp-content\/uploads\/2023\/04\/baile.jpg 250w, https:\/\/jornalfatosenoticias.com.br\/wp-content\/uploads\/2023\/04\/baile-150x150.jpg 150w\" sizes=\"auto, (max-width: 250px) 100vw, 250px\" \/><\/figure><\/div>\n\n\n\n<p>Entre os resultados, a psic\u00f3loga Tatiane Possani, respons\u00e1vel pelo estudo, destaca que, independente do est\u00e1gio de desenvolvimento das mamas ou da idade em que ocorreu a menarca (primeira menstrua\u00e7\u00e3o), as meninas que j\u00e1 menstruaram sofrem mais pela insatisfa\u00e7\u00e3o corporal e se importam mais com o \u00cdndice de Massa Corporal (<a href=\"https:\/\/www.uol.com.br\/vivabem\/faq\/imc-como-calcular-tabela-dicas-como-melhorar-e-mais.htm\">IMC<\/a>). E o problema come\u00e7a mais cedo para as brasileiras. A m\u00e9dia de idade da primeira menstrua\u00e7\u00e3o \u00e9 de 11,6 anos, cerca de um ano antes das meninas europeias.<\/p>\n\n\n\n<div class=\"wp-block-image\"><figure class=\"aligncenter size-large\"><img decoding=\"async\" src=\"https:\/\/jornalfatosenoticias.com.br\/wp-content\/uploads\/2020\/02\/barao-das-carnes-300x164-1.jpg\" alt=\"\" class=\"wp-image-34339\"\/><\/figure><\/div>\n\n\n\n<p>Segundo a psic\u00f3loga, a situa\u00e7\u00e3o pode ser agravada pela &#8220;porcentagem maior de <a href=\"https:\/\/www.uol.com.br\/vivabem\/doencas-de-a-z\/obesidade-eleva-risco-para-outras-doencas-cronicas-e-agudas-e-reduz-a-vida-de-3-a-10-anos.htm\">obesidade<\/a>&#8221; encontrada no grupo p\u00f3s-menarca, justamente o que apresenta &#8220;menor satisfa\u00e7\u00e3o corporal e acur\u00e1cia do tamanho do corpo, menor autoestima e maior idealiza\u00e7\u00e3o do corpo magro, comparado ao grupo pr\u00e9-menarca&#8221;.<br>Segundo a OMS, cerca de 4,7% dos brasileiros, aproximadamente 10 milh\u00f5es de pessoas, sofrem com transtornos alimentares; mas entre os adolescentes esse \u00edndice \u00e9 maior, chegando aos 10%.<\/p>\n\n\n\n<div class=\"wp-block-image\"><figure class=\"aligncenter size-large\"><img loading=\"lazy\" decoding=\"async\" width=\"300\" height=\"250\" src=\"https:\/\/jornalfatosenoticias.com.br\/wp-content\/uploads\/2022\/08\/arte-Casarao.jpg\" alt=\"\" class=\"wp-image-33178\"\/><\/figure><\/div>\n\n\n\n<p>Como as mulheres s\u00e3o mais propensas \u00e0 compuls\u00e3o alimentar e a anorexia e bulimia nervosas, faz sentido, argumenta o professor Sebasti\u00e3o de Sousa Almeida, orientador do estudo, &#8220;determinar os per\u00edodos de vida em que essas mulheres s\u00e3o mais suscet\u00edveis a desenvolver uma imagem corporal negativa&#8221;. Conhecidos, esses fatores podem levar ao desenvolvimento de programas de interven\u00e7\u00e3o para &#8220;ajud\u00e1-las a desenvolver uma avalia\u00e7\u00e3o positiva da pr\u00f3pria imagem corporal&#8221;.<\/p>\n\n\n\n<div class=\"wp-block-image\"><figure class=\"aligncenter size-large is-resized\"><img loading=\"lazy\" decoding=\"async\" src=\"https:\/\/jornalfatosenoticias.com.br\/wp-content\/uploads\/2020\/02\/logo-embacia.jpg\" alt=\"\" class=\"wp-image-33905\" width=\"307\" height=\"307\"\/><\/figure><\/div>\n\n\n\n<p>O estudo traz avan\u00e7os &#8220;na compreens\u00e3o das influ\u00eancias na imagem corporal e no comportamento alimentar de meninas brasileiras durante o desenvolvimento puberal e contribui para a amplia\u00e7\u00e3o na compreens\u00e3o da aprecia\u00e7\u00e3o corporal&#8221;, diz Tatiane Possani, acrescentando que essas informa\u00e7\u00f5es s\u00e3o escassas no Brasil e que esfor\u00e7os para a preven\u00e7\u00e3o de transtornos alimentares e insatisfa\u00e7\u00e3o corporal devem ser espec\u00edficos para cada idade.<\/p>\n\n\n\n<div class=\"wp-block-image\"><figure class=\"aligncenter size-large\"><img loading=\"lazy\" decoding=\"async\" width=\"300\" height=\"250\" src=\"https:\/\/jornalfatosenoticias.com.br\/wp-content\/uploads\/2022\/02\/Banner-2.png\" alt=\"\" class=\"wp-image-27877\"\/><\/figure><\/div>\n\n\n\n<p>Para o professor Almeida, os resultados j\u00e1 s\u00e3o suficientes para pensar em programas de interven\u00e7\u00e3o espec\u00edficos para lidar com transtornos alimentares desse p\u00fablico, usando cada fator estudado na pesquisa. Al\u00e9m da imagem corporal, autoestima e atitudes alimentares, foram avaliados peso, altura, \u00edndice de massa corporal e os est\u00e1gios de matura\u00e7\u00e3o das mamas.<\/p>\n\n\n\n<div class=\"wp-block-image\"><figure class=\"aligncenter size-large\"><img decoding=\"async\" src=\"https:\/\/jornalfatosenoticias.com.br\/wp-content\/uploads\/2020\/02\/logo_esteio.jpg\" alt=\"\" class=\"wp-image-1214\"\/><\/figure><\/div>\n\n\n\n<p>O estudo analisou ainda fatores fisiol\u00f3gicos, psicol\u00f3gicos e comportamentais, &#8220;ampliando a compreens\u00e3o das especificidades ao longo do desenvolvimento puberal e trazendo direcionamentos para programas de preven\u00e7\u00e3o e interven\u00e7\u00e3o nos transtornos de imagem e alimentar para meninas brasileiras&#8221;. A participa\u00e7\u00e3o das estudantes, adiantam os pesquisadores, foi previamente autorizada pelos pais e respons\u00e1veis e se deu na forma de coleta de dados no ambiente escolar e respostas a question\u00e1rios.<\/p>\n\n\n\n<div class=\"wp-block-image\"><figure class=\"aligncenter size-large\"><img loading=\"lazy\" decoding=\"async\" width=\"1024\" height=\"99\" src=\"https:\/\/jornalfatosenoticias.com.br\/wp-content\/uploads\/2020\/02\/Logo-Mizu-segunda-2-1024x99.png\" alt=\"\" class=\"wp-image-2353\" srcset=\"https:\/\/jornalfatosenoticias.com.br\/wp-content\/uploads\/2020\/02\/Logo-Mizu-segunda-2-1024x99.png 1024w, https:\/\/jornalfatosenoticias.com.br\/wp-content\/uploads\/2020\/02\/Logo-Mizu-segunda-2-300x29.png 300w, https:\/\/jornalfatosenoticias.com.br\/wp-content\/uploads\/2020\/02\/Logo-Mizu-segunda-2-768x74.png 768w, https:\/\/jornalfatosenoticias.com.br\/wp-content\/uploads\/2020\/02\/Logo-Mizu-segunda-2.png 1240w\" sizes=\"auto, (max-width: 1024px) 100vw, 1024px\" \/><\/figure><\/div>\n\n\n\n<p><strong><span class=\"has-inline-color has-black-color\">Dados justificam programas de preven\u00e7\u00e3o<br><\/span><\/strong>Meninas que buscam o emagrecimento como forma de alcan\u00e7ar um padr\u00e3o de beleza, muitas vezes irrealiz\u00e1vel, s\u00e3o mais vulner\u00e1veis aos transtornos alimentares. \u00c9 que a insatisfa\u00e7\u00e3o com a forma do corpo, explica o professor Almeida, pode levar a atitudes alimentares n\u00e3o saud\u00e1veis e, em alguns casos, a transtornos como:<\/p>\n\n\n\n<div class=\"wp-block-image\"><figure class=\"aligncenter size-large is-resized\"><img loading=\"lazy\" decoding=\"async\" src=\"https:\/\/jornalfatosenoticias.com.br\/wp-content\/uploads\/2022\/07\/Logo-Grupo-SEI.jpg\" alt=\"\" class=\"wp-image-31973\" width=\"380\" height=\"199\" srcset=\"https:\/\/jornalfatosenoticias.com.br\/wp-content\/uploads\/2022\/07\/Logo-Grupo-SEI.jpg 713w, https:\/\/jornalfatosenoticias.com.br\/wp-content\/uploads\/2022\/07\/Logo-Grupo-SEI-300x158.jpg 300w\" sizes=\"auto, (max-width: 380px) 100vw, 380px\" \/><\/figure><\/div>\n\n\n\n<ul class=\"wp-block-list\"><li>Anorexia nervosa, caracterizada pela restri\u00e7\u00e3o persistente da ingest\u00e3o de alimentos;<\/li><li>Bulimia nervosa, marcada pelo consumo exagerado de alimentos (compuls\u00e3o alimentar epis\u00f3dica), seguido por medidas para controlar o peso (exerc\u00edcio f\u00edsico em excesso, jejum e v\u00f4mitos).<\/li><\/ul>\n\n\n\n<div class=\"wp-block-image\"><figure class=\"aligncenter size-large\"><img loading=\"lazy\" decoding=\"async\" width=\"300\" height=\"270\" src=\"https:\/\/jornalfatosenoticias.com.br\/wp-content\/uploads\/2023\/03\/Crypton-1000-\u00d7-900-px-300x270-1.png\" alt=\"\" class=\"wp-image-40206\"\/><\/figure><\/div>\n\n\n\n<p>A descoberta dessa maior insatisfa\u00e7\u00e3o corporal entre as meninas ao passar pela menarca justifica, segundo Possani, medidas preventivas aos transtornos &#8220;extremamente graves&#8221;, de imagem, e alimentares, que trazem in\u00fameros preju\u00edzos no bem-estar e at\u00e9 colocam a vida em risco.<br>Identificar influ\u00eancias de vari\u00e1veis biol\u00f3gicas (idade da menarca) e ambientais (atitudes alimentares) sobre a imagem corporal e satisfa\u00e7\u00e3o com a forma corporal &#8220;permite uma interven\u00e7\u00e3o tanto no n\u00edvel pessoal quanto em programas de interven\u00e7\u00e3o para mitigar poss\u00edveis problemas no futuro&#8221;, acrescenta Almeida.<\/p>\n\n\n\n<div class=\"wp-block-image\"><figure class=\"aligncenter size-large is-resized\"><img loading=\"lazy\" decoding=\"async\" src=\"https:\/\/jornalfatosenoticias.com.br\/wp-content\/uploads\/2023\/03\/logo-Panper_portal.jpg\" alt=\"\" class=\"wp-image-40208\" width=\"310\" height=\"215\" srcset=\"https:\/\/jornalfatosenoticias.com.br\/wp-content\/uploads\/2023\/03\/logo-Panper_portal.jpg 400w, https:\/\/jornalfatosenoticias.com.br\/wp-content\/uploads\/2023\/03\/logo-Panper_portal-300x208.jpg 300w\" sizes=\"auto, (max-width: 310px) 100vw, 310px\" \/><\/figure><\/div>\n\n\n\n<p>A realidade dessas meninas pede ainda que pais, educadores, profissionais da \u00e1rea da sa\u00fade e a sociedade como um todo &#8220;favore\u00e7am a boa rela\u00e7\u00e3o da crian\u00e7a e do adolescente com seus corpos, ensinando comportamentos saud\u00e1veis de prote\u00e7\u00e3o e cuidado com o corpo&#8221;, conta a pesquisadora.<br>Esse empenho deve estimular nas meninas &#8220;a construir olhar cr\u00edtico, rejeitar imagens corporais idealizadas veiculadas pela m\u00eddia, a apreciar e valorizar seus corpos, para al\u00e9m de um padr\u00e3o de beleza com base em sua funcionalidade, favorecendo boas pr\u00e1ticas alimentares e de atividade f\u00edsica&#8221;, diz a pesquisadora.<br>A tese de doutorado de Tatiane, <em><span class=\"has-inline-color has-black-color\">Imagem corporal e puberdade<\/span><\/em>, foi apresentada em janeiro de 2023, com orienta\u00e7\u00e3o do professor Sebasti\u00e3o de Sousa Almeida e coorienta\u00e7\u00e3o da professora Maria Fernanda Laus.<\/p>\n\n\n\n<div class=\"wp-block-image\"><figure class=\"aligncenter size-large is-resized\"><img loading=\"lazy\" decoding=\"async\" src=\"https:\/\/jornalfatosenoticias.com.br\/wp-content\/uploads\/2022\/10\/RC_800x750_page-0001.jpg\" alt=\"\" class=\"wp-image-35338\" width=\"302\" height=\"283\" srcset=\"https:\/\/jornalfatosenoticias.com.br\/wp-content\/uploads\/2022\/10\/RC_800x750_page-0001.jpg 400w, https:\/\/jornalfatosenoticias.com.br\/wp-content\/uploads\/2022\/10\/RC_800x750_page-0001-300x281.jpg 300w\" sizes=\"auto, (max-width: 302px) 100vw, 302px\" \/><\/figure><\/div>\n\n\n\n<p><strong><em>Fonte: <a href=\"https:\/\/www.uol.com.br\/vivabem\/noticias\/redacao\/2023\/04\/14\/meninas-experimentam-maior-insatisfacao-corporal-apos-primeira-menstruacao.htm\">UOL<\/a><\/em><\/strong><\/p>\n","protected":false},"excerpt":{"rendered":"<p>por: Brenda Marchiori Mais que fase final da puberdade e entrada na vida adulta, o primeiro ciclo menstrual \u00e9 marcado por insatisfa\u00e7\u00e3o com a apar\u00eancia e idealiza\u00e7\u00e3o do corpo magro. A informa\u00e7\u00e3o vem de estudo do Departamento de Psicologia da Faculdade de Filosofia, Ci\u00eancias e Letras de Ribeir\u00e3o Preto da USP, realizado com 222 meninas [&hellip;]<\/p>\n","protected":false},"author":2,"featured_media":40670,"comment_status":"open","ping_status":"open","sticky":false,"template":"","format":"standard","meta":{"footnotes":""},"categories":[2522],"tags":[19050,19049,2521,9763],"class_list":["post-40669","post","type-post","status-publish","format-standard","has-post-thumbnail","hentry","category-comportamento","tag-insatisfacao-corporal","tag-menarca","tag-meninas","tag-menstruacao"],"yoast_head":"<!-- This site is optimized with the Yoast SEO plugin v26.5 - https:\/\/yoast.com\/wordpress\/plugins\/seo\/ -->\n<title>Meninas experimentam maior insatisfa\u00e7\u00e3o corporal ap\u00f3s primeira menstrua\u00e7\u00e3o - Jornal Fatos e Not\u00edcias<\/title>\n<meta name=\"robots\" content=\"index, follow, max-snippet:-1, max-image-preview:large, max-video-preview:-1\" \/>\n<link rel=\"canonical\" href=\"https:\/\/jornalfatosenoticias.com.br\/index.php\/2023\/04\/18\/meninas-experimentam-maior-insatisfacao-corporal-apos-primeira-menstruacao\/\" \/>\n<meta property=\"og:locale\" content=\"pt_BR\" \/>\n<meta property=\"og:type\" content=\"article\" \/>\n<meta property=\"og:title\" content=\"Meninas experimentam maior insatisfa\u00e7\u00e3o corporal ap\u00f3s primeira menstrua\u00e7\u00e3o - Jornal Fatos e Not\u00edcias\" \/>\n<meta property=\"og:description\" content=\"por: Brenda Marchiori Mais que fase final da puberdade e entrada na vida adulta, o primeiro ciclo menstrual \u00e9 marcado por insatisfa\u00e7\u00e3o com a apar\u00eancia e idealiza\u00e7\u00e3o do corpo magro. A informa\u00e7\u00e3o vem de estudo do Departamento de Psicologia da Faculdade de Filosofia, Ci\u00eancias e Letras de Ribeir\u00e3o Preto da USP, realizado com 222 meninas [&hellip;]\" \/>\n<meta property=\"og:url\" content=\"https:\/\/jornalfatosenoticias.com.br\/index.php\/2023\/04\/18\/meninas-experimentam-maior-insatisfacao-corporal-apos-primeira-menstruacao\/\" \/>\n<meta property=\"og:site_name\" content=\"Jornal Fatos e Not\u00edcias\" \/>\n<meta property=\"article:published_time\" content=\"2023-04-18T12:23:45+00:00\" \/>\n<meta property=\"article:modified_time\" content=\"2023-04-18T12:23:46+00:00\" \/>\n<meta property=\"og:image\" content=\"https:\/\/jornalfatosenoticias.com.br\/wp-content\/uploads\/2023\/04\/meninas-menstruacao.jpg\" \/>\n\t<meta property=\"og:image:width\" content=\"1000\" \/>\n\t<meta property=\"og:image:height\" content=\"565\" \/>\n\t<meta property=\"og:image:type\" content=\"image\/jpeg\" \/>\n<meta name=\"author\" content=\"Luzimara Fernandes\" \/>\n<meta name=\"twitter:card\" content=\"summary_large_image\" \/>\n<meta name=\"twitter:label1\" content=\"Escrito por\" \/>\n\t<meta name=\"twitter:data1\" content=\"Luzimara Fernandes\" \/>\n\t<meta name=\"twitter:label2\" content=\"Est. tempo de leitura\" \/>\n\t<meta name=\"twitter:data2\" content=\"4 minutos\" \/>\n<script type=\"application\/ld+json\" class=\"yoast-schema-graph\">{\"@context\":\"https:\/\/schema.org\",\"@graph\":[{\"@type\":\"Article\",\"@id\":\"https:\/\/jornalfatosenoticias.com.br\/index.php\/2023\/04\/18\/meninas-experimentam-maior-insatisfacao-corporal-apos-primeira-menstruacao\/#article\",\"isPartOf\":{\"@id\":\"https:\/\/jornalfatosenoticias.com.br\/index.php\/2023\/04\/18\/meninas-experimentam-maior-insatisfacao-corporal-apos-primeira-menstruacao\/\"},\"author\":{\"name\":\"Luzimara Fernandes\",\"@id\":\"https:\/\/jornalfatosenoticias.com.br\/#\/schema\/person\/d63837fa13ac8666eb9e74e0985d6f81\"},\"headline\":\"Meninas experimentam maior insatisfa\u00e7\u00e3o corporal ap\u00f3s primeira menstrua\u00e7\u00e3o\",\"datePublished\":\"2023-04-18T12:23:45+00:00\",\"dateModified\":\"2023-04-18T12:23:46+00:00\",\"mainEntityOfPage\":{\"@id\":\"https:\/\/jornalfatosenoticias.com.br\/index.php\/2023\/04\/18\/meninas-experimentam-maior-insatisfacao-corporal-apos-primeira-menstruacao\/\"},\"wordCount\":906,\"commentCount\":0,\"publisher\":{\"@id\":\"https:\/\/jornalfatosenoticias.com.br\/#organization\"},\"image\":{\"@id\":\"https:\/\/jornalfatosenoticias.com.br\/index.php\/2023\/04\/18\/meninas-experimentam-maior-insatisfacao-corporal-apos-primeira-menstruacao\/#primaryimage\"},\"thumbnailUrl\":\"https:\/\/jornalfatosenoticias.com.br\/wp-content\/uploads\/2023\/04\/meninas-menstruacao.jpg\",\"keywords\":[\"insatisfa\u00e7\u00e3o corporal\",\"menarca\",\"meninas\",\"menstrua\u00e7\u00e3o\"],\"articleSection\":[\"Comportamento &amp; Equil\u00edbrio\"],\"inLanguage\":\"pt-BR\",\"potentialAction\":[{\"@type\":\"CommentAction\",\"name\":\"Comment\",\"target\":[\"https:\/\/jornalfatosenoticias.com.br\/index.php\/2023\/04\/18\/meninas-experimentam-maior-insatisfacao-corporal-apos-primeira-menstruacao\/#respond\"]}]},{\"@type\":\"WebPage\",\"@id\":\"https:\/\/jornalfatosenoticias.com.br\/index.php\/2023\/04\/18\/meninas-experimentam-maior-insatisfacao-corporal-apos-primeira-menstruacao\/\",\"url\":\"https:\/\/jornalfatosenoticias.com.br\/index.php\/2023\/04\/18\/meninas-experimentam-maior-insatisfacao-corporal-apos-primeira-menstruacao\/\",\"name\":\"Meninas experimentam maior insatisfa\u00e7\u00e3o corporal ap\u00f3s primeira menstrua\u00e7\u00e3o - Jornal Fatos e Not\u00edcias\",\"isPartOf\":{\"@id\":\"https:\/\/jornalfatosenoticias.com.br\/#website\"},\"primaryImageOfPage\":{\"@id\":\"https:\/\/jornalfatosenoticias.com.br\/index.php\/2023\/04\/18\/meninas-experimentam-maior-insatisfacao-corporal-apos-primeira-menstruacao\/#primaryimage\"},\"image\":{\"@id\":\"https:\/\/jornalfatosenoticias.com.br\/index.php\/2023\/04\/18\/meninas-experimentam-maior-insatisfacao-corporal-apos-primeira-menstruacao\/#primaryimage\"},\"thumbnailUrl\":\"https:\/\/jornalfatosenoticias.com.br\/wp-content\/uploads\/2023\/04\/meninas-menstruacao.jpg\",\"datePublished\":\"2023-04-18T12:23:45+00:00\",\"dateModified\":\"2023-04-18T12:23:46+00:00\",\"breadcrumb\":{\"@id\":\"https:\/\/jornalfatosenoticias.com.br\/index.php\/2023\/04\/18\/meninas-experimentam-maior-insatisfacao-corporal-apos-primeira-menstruacao\/#breadcrumb\"},\"inLanguage\":\"pt-BR\",\"potentialAction\":[{\"@type\":\"ReadAction\",\"target\":[\"https:\/\/jornalfatosenoticias.com.br\/index.php\/2023\/04\/18\/meninas-experimentam-maior-insatisfacao-corporal-apos-primeira-menstruacao\/\"]}]},{\"@type\":\"ImageObject\",\"inLanguage\":\"pt-BR\",\"@id\":\"https:\/\/jornalfatosenoticias.com.br\/index.php\/2023\/04\/18\/meninas-experimentam-maior-insatisfacao-corporal-apos-primeira-menstruacao\/#primaryimage\",\"url\":\"https:\/\/jornalfatosenoticias.com.br\/wp-content\/uploads\/2023\/04\/meninas-menstruacao.jpg\",\"contentUrl\":\"https:\/\/jornalfatosenoticias.com.br\/wp-content\/uploads\/2023\/04\/meninas-menstruacao.jpg\",\"width\":1000,\"height\":565,\"caption\":\"Menstruationsschmerzen. Traurige afrikanische Frau mit Bauchkr\u00e4mpfen oder PMS-Symptomen. Weibliche kritische Tagesprobleme. Vektorillustration im flachen Cartoon-Stil - Stock-Grafiken Menstrual pain. Sad african woman with abdominal cramps or pms symptoms. Female critical day problems. Vector illustration in flat cartoon style.\"},{\"@type\":\"BreadcrumbList\",\"@id\":\"https:\/\/jornalfatosenoticias.com.br\/index.php\/2023\/04\/18\/meninas-experimentam-maior-insatisfacao-corporal-apos-primeira-menstruacao\/#breadcrumb\",\"itemListElement\":[{\"@type\":\"ListItem\",\"position\":1,\"name\":\"In\u00edcio\",\"item\":\"https:\/\/jornalfatosenoticias.com.br\/\"},{\"@type\":\"ListItem\",\"position\":2,\"name\":\"Meninas experimentam maior insatisfa\u00e7\u00e3o corporal ap\u00f3s primeira menstrua\u00e7\u00e3o\"}]},{\"@type\":\"WebSite\",\"@id\":\"https:\/\/jornalfatosenoticias.com.br\/#website\",\"url\":\"https:\/\/jornalfatosenoticias.com.br\/\",\"name\":\"Jornal Fatos e Not\u00edcias\",\"description\":\"Not\u00edcias em geral\",\"publisher\":{\"@id\":\"https:\/\/jornalfatosenoticias.com.br\/#organization\"},\"potentialAction\":[{\"@type\":\"SearchAction\",\"target\":{\"@type\":\"EntryPoint\",\"urlTemplate\":\"https:\/\/jornalfatosenoticias.com.br\/?s={search_term_string}\"},\"query-input\":{\"@type\":\"PropertyValueSpecification\",\"valueRequired\":true,\"valueName\":\"search_term_string\"}}],\"inLanguage\":\"pt-BR\"},{\"@type\":\"Organization\",\"@id\":\"https:\/\/jornalfatosenoticias.com.br\/#organization\",\"name\":\"Jornal Fatos e Not\u00edcias\",\"url\":\"https:\/\/jornalfatosenoticias.com.br\/\",\"logo\":{\"@type\":\"ImageObject\",\"inLanguage\":\"pt-BR\",\"@id\":\"https:\/\/jornalfatosenoticias.com.br\/#\/schema\/logo\/image\/\",\"url\":\"https:\/\/jornalfatosenoticias.com.br\/wp-content\/uploads\/2020\/02\/logo120.png\",\"contentUrl\":\"https:\/\/jornalfatosenoticias.com.br\/wp-content\/uploads\/2020\/02\/logo120.png\",\"width\":1227,\"height\":120,\"caption\":\"Jornal Fatos e Not\u00edcias\"},\"image\":{\"@id\":\"https:\/\/jornalfatosenoticias.com.br\/#\/schema\/logo\/image\/\"}},{\"@type\":\"Person\",\"@id\":\"https:\/\/jornalfatosenoticias.com.br\/#\/schema\/person\/d63837fa13ac8666eb9e74e0985d6f81\",\"name\":\"Luzimara Fernandes\",\"image\":{\"@type\":\"ImageObject\",\"inLanguage\":\"pt-BR\",\"@id\":\"https:\/\/jornalfatosenoticias.com.br\/#\/schema\/person\/image\/\",\"url\":\"https:\/\/jornalfatosenoticias.com.br\/wp-content\/uploads\/2025\/05\/EU_portal.jpg\",\"contentUrl\":\"https:\/\/jornalfatosenoticias.com.br\/wp-content\/uploads\/2025\/05\/EU_portal.jpg\",\"caption\":\"Luzimara Fernandes\"},\"description\":\"Jornalista MTB 2358-ES\",\"sameAs\":[\"https:\/\/jornalfatosenoticias.com.br\"],\"url\":\"https:\/\/jornalfatosenoticias.com.br\/index.php\/author\/luzimara\/\"}]}<\/script>\n<!-- \/ Yoast SEO plugin. -->","yoast_head_json":{"title":"Meninas experimentam maior insatisfa\u00e7\u00e3o corporal ap\u00f3s primeira menstrua\u00e7\u00e3o - Jornal Fatos e Not\u00edcias","robots":{"index":"index","follow":"follow","max-snippet":"max-snippet:-1","max-image-preview":"max-image-preview:large","max-video-preview":"max-video-preview:-1"},"canonical":"https:\/\/jornalfatosenoticias.com.br\/index.php\/2023\/04\/18\/meninas-experimentam-maior-insatisfacao-corporal-apos-primeira-menstruacao\/","og_locale":"pt_BR","og_type":"article","og_title":"Meninas experimentam maior insatisfa\u00e7\u00e3o corporal ap\u00f3s primeira menstrua\u00e7\u00e3o - Jornal Fatos e Not\u00edcias","og_description":"por: Brenda Marchiori Mais que fase final da puberdade e entrada na vida adulta, o primeiro ciclo menstrual \u00e9 marcado por insatisfa\u00e7\u00e3o com a apar\u00eancia e idealiza\u00e7\u00e3o do corpo magro. A informa\u00e7\u00e3o vem de estudo do Departamento de Psicologia da Faculdade de Filosofia, Ci\u00eancias e Letras de Ribeir\u00e3o Preto da USP, realizado com 222 meninas [&hellip;]","og_url":"https:\/\/jornalfatosenoticias.com.br\/index.php\/2023\/04\/18\/meninas-experimentam-maior-insatisfacao-corporal-apos-primeira-menstruacao\/","og_site_name":"Jornal Fatos e Not\u00edcias","article_published_time":"2023-04-18T12:23:45+00:00","article_modified_time":"2023-04-18T12:23:46+00:00","og_image":[{"width":1000,"height":565,"url":"https:\/\/jornalfatosenoticias.com.br\/wp-content\/uploads\/2023\/04\/meninas-menstruacao.jpg","type":"image\/jpeg"}],"author":"Luzimara Fernandes","twitter_card":"summary_large_image","twitter_misc":{"Escrito por":"Luzimara Fernandes","Est. tempo de leitura":"4 minutos"},"schema":{"@context":"https:\/\/schema.org","@graph":[{"@type":"Article","@id":"https:\/\/jornalfatosenoticias.com.br\/index.php\/2023\/04\/18\/meninas-experimentam-maior-insatisfacao-corporal-apos-primeira-menstruacao\/#article","isPartOf":{"@id":"https:\/\/jornalfatosenoticias.com.br\/index.php\/2023\/04\/18\/meninas-experimentam-maior-insatisfacao-corporal-apos-primeira-menstruacao\/"},"author":{"name":"Luzimara Fernandes","@id":"https:\/\/jornalfatosenoticias.com.br\/#\/schema\/person\/d63837fa13ac8666eb9e74e0985d6f81"},"headline":"Meninas experimentam maior insatisfa\u00e7\u00e3o corporal ap\u00f3s primeira menstrua\u00e7\u00e3o","datePublished":"2023-04-18T12:23:45+00:00","dateModified":"2023-04-18T12:23:46+00:00","mainEntityOfPage":{"@id":"https:\/\/jornalfatosenoticias.com.br\/index.php\/2023\/04\/18\/meninas-experimentam-maior-insatisfacao-corporal-apos-primeira-menstruacao\/"},"wordCount":906,"commentCount":0,"publisher":{"@id":"https:\/\/jornalfatosenoticias.com.br\/#organization"},"image":{"@id":"https:\/\/jornalfatosenoticias.com.br\/index.php\/2023\/04\/18\/meninas-experimentam-maior-insatisfacao-corporal-apos-primeira-menstruacao\/#primaryimage"},"thumbnailUrl":"https:\/\/jornalfatosenoticias.com.br\/wp-content\/uploads\/2023\/04\/meninas-menstruacao.jpg","keywords":["insatisfa\u00e7\u00e3o corporal","menarca","meninas","menstrua\u00e7\u00e3o"],"articleSection":["Comportamento &amp; Equil\u00edbrio"],"inLanguage":"pt-BR","potentialAction":[{"@type":"CommentAction","name":"Comment","target":["https:\/\/jornalfatosenoticias.com.br\/index.php\/2023\/04\/18\/meninas-experimentam-maior-insatisfacao-corporal-apos-primeira-menstruacao\/#respond"]}]},{"@type":"WebPage","@id":"https:\/\/jornalfatosenoticias.com.br\/index.php\/2023\/04\/18\/meninas-experimentam-maior-insatisfacao-corporal-apos-primeira-menstruacao\/","url":"https:\/\/jornalfatosenoticias.com.br\/index.php\/2023\/04\/18\/meninas-experimentam-maior-insatisfacao-corporal-apos-primeira-menstruacao\/","name":"Meninas experimentam maior insatisfa\u00e7\u00e3o corporal ap\u00f3s primeira menstrua\u00e7\u00e3o - Jornal Fatos e Not\u00edcias","isPartOf":{"@id":"https:\/\/jornalfatosenoticias.com.br\/#website"},"primaryImageOfPage":{"@id":"https:\/\/jornalfatosenoticias.com.br\/index.php\/2023\/04\/18\/meninas-experimentam-maior-insatisfacao-corporal-apos-primeira-menstruacao\/#primaryimage"},"image":{"@id":"https:\/\/jornalfatosenoticias.com.br\/index.php\/2023\/04\/18\/meninas-experimentam-maior-insatisfacao-corporal-apos-primeira-menstruacao\/#primaryimage"},"thumbnailUrl":"https:\/\/jornalfatosenoticias.com.br\/wp-content\/uploads\/2023\/04\/meninas-menstruacao.jpg","datePublished":"2023-04-18T12:23:45+00:00","dateModified":"2023-04-18T12:23:46+00:00","breadcrumb":{"@id":"https:\/\/jornalfatosenoticias.com.br\/index.php\/2023\/04\/18\/meninas-experimentam-maior-insatisfacao-corporal-apos-primeira-menstruacao\/#breadcrumb"},"inLanguage":"pt-BR","potentialAction":[{"@type":"ReadAction","target":["https:\/\/jornalfatosenoticias.com.br\/index.php\/2023\/04\/18\/meninas-experimentam-maior-insatisfacao-corporal-apos-primeira-menstruacao\/"]}]},{"@type":"ImageObject","inLanguage":"pt-BR","@id":"https:\/\/jornalfatosenoticias.com.br\/index.php\/2023\/04\/18\/meninas-experimentam-maior-insatisfacao-corporal-apos-primeira-menstruacao\/#primaryimage","url":"https:\/\/jornalfatosenoticias.com.br\/wp-content\/uploads\/2023\/04\/meninas-menstruacao.jpg","contentUrl":"https:\/\/jornalfatosenoticias.com.br\/wp-content\/uploads\/2023\/04\/meninas-menstruacao.jpg","width":1000,"height":565,"caption":"Menstruationsschmerzen. Traurige afrikanische Frau mit Bauchkr\u00e4mpfen oder PMS-Symptomen. Weibliche kritische Tagesprobleme. Vektorillustration im flachen Cartoon-Stil - Stock-Grafiken Menstrual pain. Sad african woman with abdominal cramps or pms symptoms. Female critical day problems. Vector illustration in flat cartoon style."},{"@type":"BreadcrumbList","@id":"https:\/\/jornalfatosenoticias.com.br\/index.php\/2023\/04\/18\/meninas-experimentam-maior-insatisfacao-corporal-apos-primeira-menstruacao\/#breadcrumb","itemListElement":[{"@type":"ListItem","position":1,"name":"In\u00edcio","item":"https:\/\/jornalfatosenoticias.com.br\/"},{"@type":"ListItem","position":2,"name":"Meninas experimentam maior insatisfa\u00e7\u00e3o corporal ap\u00f3s primeira menstrua\u00e7\u00e3o"}]},{"@type":"WebSite","@id":"https:\/\/jornalfatosenoticias.com.br\/#website","url":"https:\/\/jornalfatosenoticias.com.br\/","name":"Jornal Fatos e Not\u00edcias","description":"Not\u00edcias em geral","publisher":{"@id":"https:\/\/jornalfatosenoticias.com.br\/#organization"},"potentialAction":[{"@type":"SearchAction","target":{"@type":"EntryPoint","urlTemplate":"https:\/\/jornalfatosenoticias.com.br\/?s={search_term_string}"},"query-input":{"@type":"PropertyValueSpecification","valueRequired":true,"valueName":"search_term_string"}}],"inLanguage":"pt-BR"},{"@type":"Organization","@id":"https:\/\/jornalfatosenoticias.com.br\/#organization","name":"Jornal Fatos e Not\u00edcias","url":"https:\/\/jornalfatosenoticias.com.br\/","logo":{"@type":"ImageObject","inLanguage":"pt-BR","@id":"https:\/\/jornalfatosenoticias.com.br\/#\/schema\/logo\/image\/","url":"https:\/\/jornalfatosenoticias.com.br\/wp-content\/uploads\/2020\/02\/logo120.png","contentUrl":"https:\/\/jornalfatosenoticias.com.br\/wp-content\/uploads\/2020\/02\/logo120.png","width":1227,"height":120,"caption":"Jornal Fatos e Not\u00edcias"},"image":{"@id":"https:\/\/jornalfatosenoticias.com.br\/#\/schema\/logo\/image\/"}},{"@type":"Person","@id":"https:\/\/jornalfatosenoticias.com.br\/#\/schema\/person\/d63837fa13ac8666eb9e74e0985d6f81","name":"Luzimara Fernandes","image":{"@type":"ImageObject","inLanguage":"pt-BR","@id":"https:\/\/jornalfatosenoticias.com.br\/#\/schema\/person\/image\/","url":"https:\/\/jornalfatosenoticias.com.br\/wp-content\/uploads\/2025\/05\/EU_portal.jpg","contentUrl":"https:\/\/jornalfatosenoticias.com.br\/wp-content\/uploads\/2025\/05\/EU_portal.jpg","caption":"Luzimara Fernandes"},"description":"Jornalista MTB 2358-ES","sameAs":["https:\/\/jornalfatosenoticias.com.br"],"url":"https:\/\/jornalfatosenoticias.com.br\/index.php\/author\/luzimara\/"}]}},"cc_featured_image_caption":{"caption_text":"(Foto: iStock\/Getty Images) ","source_text":"","source_url":""},"jetpack_featured_media_url":"https:\/\/jornalfatosenoticias.com.br\/wp-content\/uploads\/2023\/04\/meninas-menstruacao.jpg","_links":{"self":[{"href":"https:\/\/jornalfatosenoticias.com.br\/index.php\/wp-json\/wp\/v2\/posts\/40669","targetHints":{"allow":["GET"]}}],"collection":[{"href":"https:\/\/jornalfatosenoticias.com.br\/index.php\/wp-json\/wp\/v2\/posts"}],"about":[{"href":"https:\/\/jornalfatosenoticias.com.br\/index.php\/wp-json\/wp\/v2\/types\/post"}],"author":[{"embeddable":true,"href":"https:\/\/jornalfatosenoticias.com.br\/index.php\/wp-json\/wp\/v2\/users\/2"}],"replies":[{"embeddable":true,"href":"https:\/\/jornalfatosenoticias.com.br\/index.php\/wp-json\/wp\/v2\/comments?post=40669"}],"version-history":[{"count":0,"href":"https:\/\/jornalfatosenoticias.com.br\/index.php\/wp-json\/wp\/v2\/posts\/40669\/revisions"}],"wp:featuredmedia":[{"embeddable":true,"href":"https:\/\/jornalfatosenoticias.com.br\/index.php\/wp-json\/wp\/v2\/media\/40670"}],"wp:attachment":[{"href":"https:\/\/jornalfatosenoticias.com.br\/index.php\/wp-json\/wp\/v2\/media?parent=40669"}],"wp:term":[{"taxonomy":"category","embeddable":true,"href":"https:\/\/jornalfatosenoticias.com.br\/index.php\/wp-json\/wp\/v2\/categories?post=40669"},{"taxonomy":"post_tag","embeddable":true,"href":"https:\/\/jornalfatosenoticias.com.br\/index.php\/wp-json\/wp\/v2\/tags?post=40669"}],"curies":[{"name":"wp","href":"https:\/\/api.w.org\/{rel}","templated":true}]}}