{"id":40672,"date":"2023-04-18T10:22:04","date_gmt":"2023-04-18T13:22:04","guid":{"rendered":"https:\/\/jornalfatosenoticias.com.br\/?p=40672"},"modified":"2023-04-18T10:22:05","modified_gmt":"2023-04-18T13:22:05","slug":"manaus-vai-sediar-nova-edicao-da-campus-party-amazonia-em-outubro-ingressos-ja-estao-a-venda","status":"publish","type":"post","link":"https:\/\/jornalfatosenoticias.com.br\/index.php\/2023\/04\/18\/manaus-vai-sediar-nova-edicao-da-campus-party-amazonia-em-outubro-ingressos-ja-estao-a-venda\/","title":{"rendered":"Manaus vai sediar nova edi\u00e7\u00e3o da Campus Party Amaz\u00f4nia em outubro; ingressos j\u00e1 est\u00e3o \u00e0 venda"},"content":{"rendered":"\n<p><span class=\"has-inline-color has-black-color\"><em>O an\u00fancio foi feito durante a quinta edi\u00e7\u00e3o da Campus Party Bras\u00edlia (CPBSB5). A edi\u00e7\u00e3o na Amaz\u00f4nia ser\u00e1 realizada entre os dias 11 e 15 de outubro<\/em><\/span><\/p>\n\n\n\n<div class=\"wp-block-image\"><figure class=\"aligncenter size-large\"><img loading=\"lazy\" decoding=\"async\" width=\"300\" height=\"250\" src=\"https:\/\/jornalfatosenoticias.com.br\/wp-content\/uploads\/2022\/02\/FERRARI_MAQUINAS-E-FERRAMENTAS2.jpg\" alt=\"\" class=\"wp-image-27860\"\/><\/figure><\/div>\n\n\n\n<p>A edi\u00e7\u00e3o 2023 da <strong><span class=\"has-inline-color has-black-color\">Campus Party Amaz\u00f4nia <\/span><\/strong>ser\u00e1 realizada entre os dias 11 e 15 de outubro, no Studio 5 Shopping e Conven\u00e7\u00f5es, em Manaus (AM). O an\u00fancio foi feito durante a quinta edi\u00e7\u00e3o da Campus Party Bras\u00edlia (CPBSB5), no Est\u00e1dio Man\u00e9 Garrincha, no Distrito Federal.<br>Em seu discurso, ao lado do diretor da Campus Party, Francesco Farruggia, o governador do Amazonas, Wilson Lima, destacou o potencial do Estado para se tornar refer\u00eancia nas \u00e1reas de tecnologia e desenvolvimento sustent\u00e1vel e destacou que eventos como a #CPAmaz\u00f4nia d\u00e3o visibilidade, atraem investimentos e ajudam a propor solu\u00e7\u00f5es para demandas como a quest\u00e3o da internet no Estado.<\/p>\n\n\n\n<div class=\"wp-block-image\"><figure class=\"aligncenter size-large\"><img loading=\"lazy\" decoding=\"async\" width=\"250\" height=\"250\" src=\"https:\/\/jornalfatosenoticias.com.br\/wp-content\/uploads\/2023\/04\/baile.jpg\" alt=\"\" class=\"wp-image-40627\" srcset=\"https:\/\/jornalfatosenoticias.com.br\/wp-content\/uploads\/2023\/04\/baile.jpg 250w, https:\/\/jornalfatosenoticias.com.br\/wp-content\/uploads\/2023\/04\/baile-150x150.jpg 150w\" sizes=\"auto, (max-width: 250px) 100vw, 250px\" \/><\/figure><\/div>\n\n\n\n<blockquote class=\"wp-block-quote is-layout-flow wp-block-quote-is-layout-flow\"><p><span class=\"has-inline-color has-luminous-vivid-orange-color\">\u00c9 uma oportunidade que a gente tem de conciliar tecnologia e desenvolvimento sustent\u00e1vel, levando tamb\u00e9m em considera\u00e7\u00e3o a grande quantidade de empresas de perfil tecnol\u00f3gico que se tem na Zona Franca de Manaus&#8221;, disse Wilson Lima, ao tamb\u00e9m destacar que essas empresas ter\u00e3o a chance de participar e compartilhar inova\u00e7\u00f5es que estar\u00e3o na <strong>Campus Party Amaz\u00f4nia.<\/strong><\/span><\/p><\/blockquote>\n\n\n\n<div class=\"wp-block-image\"><figure class=\"aligncenter size-large\"><img loading=\"lazy\" decoding=\"async\" width=\"1024\" height=\"100\" src=\"https:\/\/jornalfatosenoticias.com.br\/wp-content\/uploads\/2022\/05\/NOVA-LOGO-CESCONETTO-1024x100.jpg\" alt=\"\" class=\"wp-image-30792\" srcset=\"https:\/\/jornalfatosenoticias.com.br\/wp-content\/uploads\/2022\/05\/NOVA-LOGO-CESCONETTO-1024x100.jpg 1024w, https:\/\/jornalfatosenoticias.com.br\/wp-content\/uploads\/2022\/05\/NOVA-LOGO-CESCONETTO-300x29.jpg 300w, https:\/\/jornalfatosenoticias.com.br\/wp-content\/uploads\/2022\/05\/NOVA-LOGO-CESCONETTO-768x75.jpg 768w, https:\/\/jornalfatosenoticias.com.br\/wp-content\/uploads\/2022\/05\/NOVA-LOGO-CESCONETTO.jpg 1280w\" sizes=\"auto, (max-width: 1024px) 100vw, 1024px\" \/><\/figure><\/div>\n\n\n\n<p>Anunciada inicialmente para 2020, mas adiada por conta da pandemia de covid-19, a vers\u00e3o amaz\u00f4nica do evento \u00e9 planejada para o Amazonas, conforme j\u00e1 acontece em Estados brasileiros como S\u00e3o Paulo, Paran\u00e1, Minas Gerais e Goi\u00e1s, al\u00e9m do Distrito Federal. <\/p>\n\n\n\n<div class=\"wp-block-image\"><figure class=\"aligncenter size-large is-resized\"><img loading=\"lazy\" decoding=\"async\" src=\"https:\/\/jornalfatosenoticias.com.br\/wp-content\/uploads\/2020\/02\/logo-embacia.jpg\" alt=\"\" class=\"wp-image-33905\" width=\"277\" height=\"277\"\/><\/figure><\/div>\n\n\n\n<blockquote class=\"wp-block-quote is-layout-flow wp-block-quote-is-layout-flow\"><p><span class=\"has-inline-color has-luminous-vivid-orange-color\">N\u00f3s j\u00e1 temos 50 laborat\u00f3rios de rob\u00f3tica, e esses laborat\u00f3rios ser\u00e3o complementados com o legado que ser\u00e1 deixado pela Campus Party, que tamb\u00e9m vai come\u00e7ar a montar estruturas nas nossas escolas p\u00fablicas para que outros alunos possam ter acesso ao que h\u00e1 de mais moderno no mundo da tecnologia&#8221;, declarou Wilson Lima. Os ingressos para a #CPAmaz\u00f4nia j\u00e1 est\u00e3o \u00e0 venda no site <a class=\"\" href=\"https:\/\/brasil.campus-party.org\/ingressos-cpamazonia\/\" rel=\"noreferrer noopener\" target=\"_blank\"><strong>oficial do evento<\/strong><\/a>.\u00a0<\/span><\/p><\/blockquote>\n\n\n\n<div class=\"wp-block-image\"><figure class=\"aligncenter size-large is-resized\"><img loading=\"lazy\" decoding=\"async\" src=\"https:\/\/jornalfatosenoticias.com.br\/wp-content\/uploads\/2022\/07\/Logo-Grupo-SEI.jpg\" alt=\"\" class=\"wp-image-31973\" width=\"351\" height=\"184\" srcset=\"https:\/\/jornalfatosenoticias.com.br\/wp-content\/uploads\/2022\/07\/Logo-Grupo-SEI.jpg 713w, https:\/\/jornalfatosenoticias.com.br\/wp-content\/uploads\/2022\/07\/Logo-Grupo-SEI-300x158.jpg 300w\" sizes=\"auto, (max-width: 351px) 100vw, 351px\" \/><\/figure><\/div>\n\n\n\n<p><strong><span class=\"has-inline-color has-vivid-purple-color\">Campus Party<br><\/span><\/strong>Em Bras\u00edlia, o evento ocorreu de 4 a 9 de abril, no Est\u00e1dio Man\u00e9 Garrincha. Nesta edi\u00e7\u00e3o, a tem\u00e1tica games era o carro-chefe, com campeonatos de e-Sports e palestras. Al\u00e9m disso, temas como astronomia, biomedicina, gen\u00e9tica e empreendedorismo s\u00e3o abordados nos cinco dias de evento, somando mais de 200 horas de atividades.<\/p>\n\n\n\n<div class=\"wp-block-image\"><figure class=\"aligncenter size-large\"><img loading=\"lazy\" decoding=\"async\" width=\"300\" height=\"270\" src=\"https:\/\/jornalfatosenoticias.com.br\/wp-content\/uploads\/2023\/03\/Crypton-1000-\u00d7-900-px-300x270-1.png\" alt=\"\" class=\"wp-image-40206\"\/><\/figure><\/div>\n\n\n\n<p>A Campus Party \u00e9 a maior experi\u00eancia tecnol\u00f3gica em Internet das Coisas, Blockchain, Cultura Maker, Educa\u00e7\u00e3o e Empreendedorismo do mundo. O evento conta hoje com mais de 550 mil campuseiros cadastrados em todo mundo, e j\u00e1 produziu edi\u00e7\u00f5es na Espanha, Holanda, M\u00e9xico, Alemanha, Reino Unido, Canad\u00e1, Argentina, Panam\u00e1, El Salvador, Costa Rica, Col\u00f4mbia e Equador. O evento est\u00e1 presente no Brasil h\u00e1 dez anos.<\/p>\n\n\n\n<div class=\"wp-block-image\"><figure class=\"aligncenter size-large is-resized\"><img loading=\"lazy\" decoding=\"async\" src=\"https:\/\/jornalfatosenoticias.com.br\/wp-content\/uploads\/2022\/10\/Arte-jornal-Zucchi-600x600_Prancheta-1-1024x1024.jpg\" alt=\"\" class=\"wp-image-34782\" width=\"277\" height=\"277\" srcset=\"https:\/\/jornalfatosenoticias.com.br\/wp-content\/uploads\/2022\/10\/Arte-jornal-Zucchi-600x600_Prancheta-1-1024x1024.jpg 1024w, https:\/\/jornalfatosenoticias.com.br\/wp-content\/uploads\/2022\/10\/Arte-jornal-Zucchi-600x600_Prancheta-1-300x300.jpg 300w, https:\/\/jornalfatosenoticias.com.br\/wp-content\/uploads\/2022\/10\/Arte-jornal-Zucchi-600x600_Prancheta-1-150x150.jpg 150w, https:\/\/jornalfatosenoticias.com.br\/wp-content\/uploads\/2022\/10\/Arte-jornal-Zucchi-600x600_Prancheta-1-768x768.jpg 768w, https:\/\/jornalfatosenoticias.com.br\/wp-content\/uploads\/2022\/10\/Arte-jornal-Zucchi-600x600_Prancheta-1.jpg 1250w\" sizes=\"auto, (max-width: 277px) 100vw, 277px\" \/><\/figure><\/div>\n\n\n\n<p><strong><em>Fonte: <a href=\"https:\/\/portalamazonia.com\/noticias\/inovacao-e-tecnologia\/manaus-vai-sediar-nova-edicao-da-campus-party-amazonia-em-outubro\">Portal Amaz\u00f4nia<\/a><\/em><\/strong><\/p>\n","protected":false},"excerpt":{"rendered":"<p>O an\u00fancio foi feito durante a quinta edi\u00e7\u00e3o da Campus Party Bras\u00edlia (CPBSB5). A edi\u00e7\u00e3o na Amaz\u00f4nia ser\u00e1 realizada entre os dias 11 e 15 de outubro A edi\u00e7\u00e3o 2023 da Campus Party Amaz\u00f4nia ser\u00e1 realizada entre os dias 11 e 15 de outubro, no Studio 5 Shopping e Conven\u00e7\u00f5es, em Manaus (AM). O an\u00fancio [&hellip;]<\/p>\n","protected":false},"author":2,"featured_media":40673,"comment_status":"open","ping_status":"open","sticky":false,"template":"","format":"standard","meta":{"footnotes":""},"categories":[3],"tags":[19052,1068,13786,19051,911,3856,198],"class_list":["post-40672","post","type-post","status-publish","format-standard","has-post-thumbnail","hentry","category-tecnologia","tag-cpamazonia","tag-amazonas","tag-campus-party","tag-campus-party-amazonia","tag-inovacao","tag-manaus","tag-tecnologia"],"yoast_head":"<!-- This site is optimized with the Yoast SEO plugin v26.5 - https:\/\/yoast.com\/wordpress\/plugins\/seo\/ -->\n<title>Manaus vai sediar nova edi\u00e7\u00e3o da Campus Party Amaz\u00f4nia em outubro; ingressos j\u00e1 est\u00e3o \u00e0 venda - Jornal Fatos e Not\u00edcias<\/title>\n<meta name=\"robots\" content=\"index, follow, max-snippet:-1, max-image-preview:large, max-video-preview:-1\" \/>\n<link rel=\"canonical\" href=\"https:\/\/jornalfatosenoticias.com.br\/index.php\/2023\/04\/18\/manaus-vai-sediar-nova-edicao-da-campus-party-amazonia-em-outubro-ingressos-ja-estao-a-venda\/\" \/>\n<meta property=\"og:locale\" content=\"pt_BR\" \/>\n<meta property=\"og:type\" content=\"article\" \/>\n<meta property=\"og:title\" content=\"Manaus vai sediar nova edi\u00e7\u00e3o da Campus Party Amaz\u00f4nia em outubro; ingressos j\u00e1 est\u00e3o \u00e0 venda - Jornal Fatos e Not\u00edcias\" \/>\n<meta property=\"og:description\" content=\"O an\u00fancio foi feito durante a quinta edi\u00e7\u00e3o da Campus Party Bras\u00edlia (CPBSB5). A edi\u00e7\u00e3o na Amaz\u00f4nia ser\u00e1 realizada entre os dias 11 e 15 de outubro A edi\u00e7\u00e3o 2023 da Campus Party Amaz\u00f4nia ser\u00e1 realizada entre os dias 11 e 15 de outubro, no Studio 5 Shopping e Conven\u00e7\u00f5es, em Manaus (AM). O an\u00fancio [&hellip;]\" \/>\n<meta property=\"og:url\" content=\"https:\/\/jornalfatosenoticias.com.br\/index.php\/2023\/04\/18\/manaus-vai-sediar-nova-edicao-da-campus-party-amazonia-em-outubro-ingressos-ja-estao-a-venda\/\" \/>\n<meta property=\"og:site_name\" content=\"Jornal Fatos e Not\u00edcias\" \/>\n<meta property=\"article:published_time\" content=\"2023-04-18T13:22:04+00:00\" \/>\n<meta property=\"article:modified_time\" content=\"2023-04-18T13:22:05+00:00\" \/>\n<meta property=\"og:image\" content=\"https:\/\/jornalfatosenoticias.com.br\/wp-content\/uploads\/2023\/04\/Campus-Party-Amazonia.jpeg\" \/>\n\t<meta property=\"og:image:width\" content=\"1000\" \/>\n\t<meta property=\"og:image:height\" content=\"666\" \/>\n\t<meta property=\"og:image:type\" content=\"image\/jpeg\" \/>\n<meta name=\"author\" content=\"Luzimara Fernandes\" \/>\n<meta name=\"twitter:card\" content=\"summary_large_image\" \/>\n<meta name=\"twitter:label1\" content=\"Escrito por\" \/>\n\t<meta name=\"twitter:data1\" content=\"Luzimara Fernandes\" \/>\n\t<meta name=\"twitter:label2\" content=\"Est. tempo de leitura\" \/>\n\t<meta name=\"twitter:data2\" content=\"2 minutos\" \/>\n<script type=\"application\/ld+json\" class=\"yoast-schema-graph\">{\"@context\":\"https:\/\/schema.org\",\"@graph\":[{\"@type\":\"Article\",\"@id\":\"https:\/\/jornalfatosenoticias.com.br\/index.php\/2023\/04\/18\/manaus-vai-sediar-nova-edicao-da-campus-party-amazonia-em-outubro-ingressos-ja-estao-a-venda\/#article\",\"isPartOf\":{\"@id\":\"https:\/\/jornalfatosenoticias.com.br\/index.php\/2023\/04\/18\/manaus-vai-sediar-nova-edicao-da-campus-party-amazonia-em-outubro-ingressos-ja-estao-a-venda\/\"},\"author\":{\"name\":\"Luzimara Fernandes\",\"@id\":\"https:\/\/jornalfatosenoticias.com.br\/#\/schema\/person\/d63837fa13ac8666eb9e74e0985d6f81\"},\"headline\":\"Manaus vai sediar nova edi\u00e7\u00e3o da Campus Party Amaz\u00f4nia em outubro; ingressos j\u00e1 est\u00e3o \u00e0 venda\",\"datePublished\":\"2023-04-18T13:22:04+00:00\",\"dateModified\":\"2023-04-18T13:22:05+00:00\",\"mainEntityOfPage\":{\"@id\":\"https:\/\/jornalfatosenoticias.com.br\/index.php\/2023\/04\/18\/manaus-vai-sediar-nova-edicao-da-campus-party-amazonia-em-outubro-ingressos-ja-estao-a-venda\/\"},\"wordCount\":473,\"commentCount\":0,\"publisher\":{\"@id\":\"https:\/\/jornalfatosenoticias.com.br\/#organization\"},\"image\":{\"@id\":\"https:\/\/jornalfatosenoticias.com.br\/index.php\/2023\/04\/18\/manaus-vai-sediar-nova-edicao-da-campus-party-amazonia-em-outubro-ingressos-ja-estao-a-venda\/#primaryimage\"},\"thumbnailUrl\":\"https:\/\/jornalfatosenoticias.com.br\/wp-content\/uploads\/2023\/04\/Campus-Party-Amazonia.jpeg\",\"keywords\":[\"#CPAmaz\u00f4nia\",\"Amazonas\",\"Campus Party\",\"Campus Party Amaz\u00f4nia\",\"inova\u00e7\u00e3o\",\"Manaus\",\"tecnologia\"],\"articleSection\":[\"Tecnologia &amp; Inova\u00e7\u00e3o\"],\"inLanguage\":\"pt-BR\",\"potentialAction\":[{\"@type\":\"CommentAction\",\"name\":\"Comment\",\"target\":[\"https:\/\/jornalfatosenoticias.com.br\/index.php\/2023\/04\/18\/manaus-vai-sediar-nova-edicao-da-campus-party-amazonia-em-outubro-ingressos-ja-estao-a-venda\/#respond\"]}]},{\"@type\":\"WebPage\",\"@id\":\"https:\/\/jornalfatosenoticias.com.br\/index.php\/2023\/04\/18\/manaus-vai-sediar-nova-edicao-da-campus-party-amazonia-em-outubro-ingressos-ja-estao-a-venda\/\",\"url\":\"https:\/\/jornalfatosenoticias.com.br\/index.php\/2023\/04\/18\/manaus-vai-sediar-nova-edicao-da-campus-party-amazonia-em-outubro-ingressos-ja-estao-a-venda\/\",\"name\":\"Manaus vai sediar nova edi\u00e7\u00e3o da Campus Party Amaz\u00f4nia em outubro; ingressos j\u00e1 est\u00e3o \u00e0 venda - Jornal Fatos e Not\u00edcias\",\"isPartOf\":{\"@id\":\"https:\/\/jornalfatosenoticias.com.br\/#website\"},\"primaryImageOfPage\":{\"@id\":\"https:\/\/jornalfatosenoticias.com.br\/index.php\/2023\/04\/18\/manaus-vai-sediar-nova-edicao-da-campus-party-amazonia-em-outubro-ingressos-ja-estao-a-venda\/#primaryimage\"},\"image\":{\"@id\":\"https:\/\/jornalfatosenoticias.com.br\/index.php\/2023\/04\/18\/manaus-vai-sediar-nova-edicao-da-campus-party-amazonia-em-outubro-ingressos-ja-estao-a-venda\/#primaryimage\"},\"thumbnailUrl\":\"https:\/\/jornalfatosenoticias.com.br\/wp-content\/uploads\/2023\/04\/Campus-Party-Amazonia.jpeg\",\"datePublished\":\"2023-04-18T13:22:04+00:00\",\"dateModified\":\"2023-04-18T13:22:05+00:00\",\"breadcrumb\":{\"@id\":\"https:\/\/jornalfatosenoticias.com.br\/index.php\/2023\/04\/18\/manaus-vai-sediar-nova-edicao-da-campus-party-amazonia-em-outubro-ingressos-ja-estao-a-venda\/#breadcrumb\"},\"inLanguage\":\"pt-BR\",\"potentialAction\":[{\"@type\":\"ReadAction\",\"target\":[\"https:\/\/jornalfatosenoticias.com.br\/index.php\/2023\/04\/18\/manaus-vai-sediar-nova-edicao-da-campus-party-amazonia-em-outubro-ingressos-ja-estao-a-venda\/\"]}]},{\"@type\":\"ImageObject\",\"inLanguage\":\"pt-BR\",\"@id\":\"https:\/\/jornalfatosenoticias.com.br\/index.php\/2023\/04\/18\/manaus-vai-sediar-nova-edicao-da-campus-party-amazonia-em-outubro-ingressos-ja-estao-a-venda\/#primaryimage\",\"url\":\"https:\/\/jornalfatosenoticias.com.br\/wp-content\/uploads\/2023\/04\/Campus-Party-Amazonia.jpeg\",\"contentUrl\":\"https:\/\/jornalfatosenoticias.com.br\/wp-content\/uploads\/2023\/04\/Campus-Party-Amazonia.jpeg\",\"width\":1000,\"height\":666},{\"@type\":\"BreadcrumbList\",\"@id\":\"https:\/\/jornalfatosenoticias.com.br\/index.php\/2023\/04\/18\/manaus-vai-sediar-nova-edicao-da-campus-party-amazonia-em-outubro-ingressos-ja-estao-a-venda\/#breadcrumb\",\"itemListElement\":[{\"@type\":\"ListItem\",\"position\":1,\"name\":\"In\u00edcio\",\"item\":\"https:\/\/jornalfatosenoticias.com.br\/\"},{\"@type\":\"ListItem\",\"position\":2,\"name\":\"Manaus vai sediar nova edi\u00e7\u00e3o da Campus Party Amaz\u00f4nia em outubro; ingressos j\u00e1 est\u00e3o \u00e0 venda\"}]},{\"@type\":\"WebSite\",\"@id\":\"https:\/\/jornalfatosenoticias.com.br\/#website\",\"url\":\"https:\/\/jornalfatosenoticias.com.br\/\",\"name\":\"Jornal Fatos e Not\u00edcias\",\"description\":\"Not\u00edcias em geral\",\"publisher\":{\"@id\":\"https:\/\/jornalfatosenoticias.com.br\/#organization\"},\"potentialAction\":[{\"@type\":\"SearchAction\",\"target\":{\"@type\":\"EntryPoint\",\"urlTemplate\":\"https:\/\/jornalfatosenoticias.com.br\/?s={search_term_string}\"},\"query-input\":{\"@type\":\"PropertyValueSpecification\",\"valueRequired\":true,\"valueName\":\"search_term_string\"}}],\"inLanguage\":\"pt-BR\"},{\"@type\":\"Organization\",\"@id\":\"https:\/\/jornalfatosenoticias.com.br\/#organization\",\"name\":\"Jornal Fatos e Not\u00edcias\",\"url\":\"https:\/\/jornalfatosenoticias.com.br\/\",\"logo\":{\"@type\":\"ImageObject\",\"inLanguage\":\"pt-BR\",\"@id\":\"https:\/\/jornalfatosenoticias.com.br\/#\/schema\/logo\/image\/\",\"url\":\"https:\/\/jornalfatosenoticias.com.br\/wp-content\/uploads\/2020\/02\/logo120.png\",\"contentUrl\":\"https:\/\/jornalfatosenoticias.com.br\/wp-content\/uploads\/2020\/02\/logo120.png\",\"width\":1227,\"height\":120,\"caption\":\"Jornal Fatos e Not\u00edcias\"},\"image\":{\"@id\":\"https:\/\/jornalfatosenoticias.com.br\/#\/schema\/logo\/image\/\"}},{\"@type\":\"Person\",\"@id\":\"https:\/\/jornalfatosenoticias.com.br\/#\/schema\/person\/d63837fa13ac8666eb9e74e0985d6f81\",\"name\":\"Luzimara Fernandes\",\"image\":{\"@type\":\"ImageObject\",\"inLanguage\":\"pt-BR\",\"@id\":\"https:\/\/jornalfatosenoticias.com.br\/#\/schema\/person\/image\/\",\"url\":\"https:\/\/jornalfatosenoticias.com.br\/wp-content\/uploads\/2025\/05\/EU_portal.jpg\",\"contentUrl\":\"https:\/\/jornalfatosenoticias.com.br\/wp-content\/uploads\/2025\/05\/EU_portal.jpg\",\"caption\":\"Luzimara Fernandes\"},\"description\":\"Jornalista MTB 2358-ES\",\"sameAs\":[\"https:\/\/jornalfatosenoticias.com.br\"],\"url\":\"https:\/\/jornalfatosenoticias.com.br\/index.php\/author\/luzimara\/\"}]}<\/script>\n<!-- \/ Yoast SEO plugin. -->","yoast_head_json":{"title":"Manaus vai sediar nova edi\u00e7\u00e3o da Campus Party Amaz\u00f4nia em outubro; ingressos j\u00e1 est\u00e3o \u00e0 venda - Jornal Fatos e Not\u00edcias","robots":{"index":"index","follow":"follow","max-snippet":"max-snippet:-1","max-image-preview":"max-image-preview:large","max-video-preview":"max-video-preview:-1"},"canonical":"https:\/\/jornalfatosenoticias.com.br\/index.php\/2023\/04\/18\/manaus-vai-sediar-nova-edicao-da-campus-party-amazonia-em-outubro-ingressos-ja-estao-a-venda\/","og_locale":"pt_BR","og_type":"article","og_title":"Manaus vai sediar nova edi\u00e7\u00e3o da Campus Party Amaz\u00f4nia em outubro; ingressos j\u00e1 est\u00e3o \u00e0 venda - Jornal Fatos e Not\u00edcias","og_description":"O an\u00fancio foi feito durante a quinta edi\u00e7\u00e3o da Campus Party Bras\u00edlia (CPBSB5). A edi\u00e7\u00e3o na Amaz\u00f4nia ser\u00e1 realizada entre os dias 11 e 15 de outubro A edi\u00e7\u00e3o 2023 da Campus Party Amaz\u00f4nia ser\u00e1 realizada entre os dias 11 e 15 de outubro, no Studio 5 Shopping e Conven\u00e7\u00f5es, em Manaus (AM). O an\u00fancio [&hellip;]","og_url":"https:\/\/jornalfatosenoticias.com.br\/index.php\/2023\/04\/18\/manaus-vai-sediar-nova-edicao-da-campus-party-amazonia-em-outubro-ingressos-ja-estao-a-venda\/","og_site_name":"Jornal Fatos e Not\u00edcias","article_published_time":"2023-04-18T13:22:04+00:00","article_modified_time":"2023-04-18T13:22:05+00:00","og_image":[{"width":1000,"height":666,"url":"https:\/\/jornalfatosenoticias.com.br\/wp-content\/uploads\/2023\/04\/Campus-Party-Amazonia.jpeg","type":"image\/jpeg"}],"author":"Luzimara Fernandes","twitter_card":"summary_large_image","twitter_misc":{"Escrito por":"Luzimara Fernandes","Est. tempo de leitura":"2 minutos"},"schema":{"@context":"https:\/\/schema.org","@graph":[{"@type":"Article","@id":"https:\/\/jornalfatosenoticias.com.br\/index.php\/2023\/04\/18\/manaus-vai-sediar-nova-edicao-da-campus-party-amazonia-em-outubro-ingressos-ja-estao-a-venda\/#article","isPartOf":{"@id":"https:\/\/jornalfatosenoticias.com.br\/index.php\/2023\/04\/18\/manaus-vai-sediar-nova-edicao-da-campus-party-amazonia-em-outubro-ingressos-ja-estao-a-venda\/"},"author":{"name":"Luzimara Fernandes","@id":"https:\/\/jornalfatosenoticias.com.br\/#\/schema\/person\/d63837fa13ac8666eb9e74e0985d6f81"},"headline":"Manaus vai sediar nova edi\u00e7\u00e3o da Campus Party Amaz\u00f4nia em outubro; ingressos j\u00e1 est\u00e3o \u00e0 venda","datePublished":"2023-04-18T13:22:04+00:00","dateModified":"2023-04-18T13:22:05+00:00","mainEntityOfPage":{"@id":"https:\/\/jornalfatosenoticias.com.br\/index.php\/2023\/04\/18\/manaus-vai-sediar-nova-edicao-da-campus-party-amazonia-em-outubro-ingressos-ja-estao-a-venda\/"},"wordCount":473,"commentCount":0,"publisher":{"@id":"https:\/\/jornalfatosenoticias.com.br\/#organization"},"image":{"@id":"https:\/\/jornalfatosenoticias.com.br\/index.php\/2023\/04\/18\/manaus-vai-sediar-nova-edicao-da-campus-party-amazonia-em-outubro-ingressos-ja-estao-a-venda\/#primaryimage"},"thumbnailUrl":"https:\/\/jornalfatosenoticias.com.br\/wp-content\/uploads\/2023\/04\/Campus-Party-Amazonia.jpeg","keywords":["#CPAmaz\u00f4nia","Amazonas","Campus Party","Campus Party Amaz\u00f4nia","inova\u00e7\u00e3o","Manaus","tecnologia"],"articleSection":["Tecnologia &amp; Inova\u00e7\u00e3o"],"inLanguage":"pt-BR","potentialAction":[{"@type":"CommentAction","name":"Comment","target":["https:\/\/jornalfatosenoticias.com.br\/index.php\/2023\/04\/18\/manaus-vai-sediar-nova-edicao-da-campus-party-amazonia-em-outubro-ingressos-ja-estao-a-venda\/#respond"]}]},{"@type":"WebPage","@id":"https:\/\/jornalfatosenoticias.com.br\/index.php\/2023\/04\/18\/manaus-vai-sediar-nova-edicao-da-campus-party-amazonia-em-outubro-ingressos-ja-estao-a-venda\/","url":"https:\/\/jornalfatosenoticias.com.br\/index.php\/2023\/04\/18\/manaus-vai-sediar-nova-edicao-da-campus-party-amazonia-em-outubro-ingressos-ja-estao-a-venda\/","name":"Manaus vai sediar nova edi\u00e7\u00e3o da Campus Party Amaz\u00f4nia em outubro; ingressos j\u00e1 est\u00e3o \u00e0 venda - Jornal Fatos e Not\u00edcias","isPartOf":{"@id":"https:\/\/jornalfatosenoticias.com.br\/#website"},"primaryImageOfPage":{"@id":"https:\/\/jornalfatosenoticias.com.br\/index.php\/2023\/04\/18\/manaus-vai-sediar-nova-edicao-da-campus-party-amazonia-em-outubro-ingressos-ja-estao-a-venda\/#primaryimage"},"image":{"@id":"https:\/\/jornalfatosenoticias.com.br\/index.php\/2023\/04\/18\/manaus-vai-sediar-nova-edicao-da-campus-party-amazonia-em-outubro-ingressos-ja-estao-a-venda\/#primaryimage"},"thumbnailUrl":"https:\/\/jornalfatosenoticias.com.br\/wp-content\/uploads\/2023\/04\/Campus-Party-Amazonia.jpeg","datePublished":"2023-04-18T13:22:04+00:00","dateModified":"2023-04-18T13:22:05+00:00","breadcrumb":{"@id":"https:\/\/jornalfatosenoticias.com.br\/index.php\/2023\/04\/18\/manaus-vai-sediar-nova-edicao-da-campus-party-amazonia-em-outubro-ingressos-ja-estao-a-venda\/#breadcrumb"},"inLanguage":"pt-BR","potentialAction":[{"@type":"ReadAction","target":["https:\/\/jornalfatosenoticias.com.br\/index.php\/2023\/04\/18\/manaus-vai-sediar-nova-edicao-da-campus-party-amazonia-em-outubro-ingressos-ja-estao-a-venda\/"]}]},{"@type":"ImageObject","inLanguage":"pt-BR","@id":"https:\/\/jornalfatosenoticias.com.br\/index.php\/2023\/04\/18\/manaus-vai-sediar-nova-edicao-da-campus-party-amazonia-em-outubro-ingressos-ja-estao-a-venda\/#primaryimage","url":"https:\/\/jornalfatosenoticias.com.br\/wp-content\/uploads\/2023\/04\/Campus-Party-Amazonia.jpeg","contentUrl":"https:\/\/jornalfatosenoticias.com.br\/wp-content\/uploads\/2023\/04\/Campus-Party-Amazonia.jpeg","width":1000,"height":666},{"@type":"BreadcrumbList","@id":"https:\/\/jornalfatosenoticias.com.br\/index.php\/2023\/04\/18\/manaus-vai-sediar-nova-edicao-da-campus-party-amazonia-em-outubro-ingressos-ja-estao-a-venda\/#breadcrumb","itemListElement":[{"@type":"ListItem","position":1,"name":"In\u00edcio","item":"https:\/\/jornalfatosenoticias.com.br\/"},{"@type":"ListItem","position":2,"name":"Manaus vai sediar nova edi\u00e7\u00e3o da Campus Party Amaz\u00f4nia em outubro; ingressos j\u00e1 est\u00e3o \u00e0 venda"}]},{"@type":"WebSite","@id":"https:\/\/jornalfatosenoticias.com.br\/#website","url":"https:\/\/jornalfatosenoticias.com.br\/","name":"Jornal Fatos e Not\u00edcias","description":"Not\u00edcias em geral","publisher":{"@id":"https:\/\/jornalfatosenoticias.com.br\/#organization"},"potentialAction":[{"@type":"SearchAction","target":{"@type":"EntryPoint","urlTemplate":"https:\/\/jornalfatosenoticias.com.br\/?s={search_term_string}"},"query-input":{"@type":"PropertyValueSpecification","valueRequired":true,"valueName":"search_term_string"}}],"inLanguage":"pt-BR"},{"@type":"Organization","@id":"https:\/\/jornalfatosenoticias.com.br\/#organization","name":"Jornal Fatos e Not\u00edcias","url":"https:\/\/jornalfatosenoticias.com.br\/","logo":{"@type":"ImageObject","inLanguage":"pt-BR","@id":"https:\/\/jornalfatosenoticias.com.br\/#\/schema\/logo\/image\/","url":"https:\/\/jornalfatosenoticias.com.br\/wp-content\/uploads\/2020\/02\/logo120.png","contentUrl":"https:\/\/jornalfatosenoticias.com.br\/wp-content\/uploads\/2020\/02\/logo120.png","width":1227,"height":120,"caption":"Jornal Fatos e Not\u00edcias"},"image":{"@id":"https:\/\/jornalfatosenoticias.com.br\/#\/schema\/logo\/image\/"}},{"@type":"Person","@id":"https:\/\/jornalfatosenoticias.com.br\/#\/schema\/person\/d63837fa13ac8666eb9e74e0985d6f81","name":"Luzimara Fernandes","image":{"@type":"ImageObject","inLanguage":"pt-BR","@id":"https:\/\/jornalfatosenoticias.com.br\/#\/schema\/person\/image\/","url":"https:\/\/jornalfatosenoticias.com.br\/wp-content\/uploads\/2025\/05\/EU_portal.jpg","contentUrl":"https:\/\/jornalfatosenoticias.com.br\/wp-content\/uploads\/2025\/05\/EU_portal.jpg","caption":"Luzimara Fernandes"},"description":"Jornalista MTB 2358-ES","sameAs":["https:\/\/jornalfatosenoticias.com.br"],"url":"https:\/\/jornalfatosenoticias.com.br\/index.php\/author\/luzimara\/"}]}},"cc_featured_image_caption":{"caption_text":"(Foto: Divulga\u00e7\u00e3o) ","source_text":"","source_url":""},"jetpack_featured_media_url":"https:\/\/jornalfatosenoticias.com.br\/wp-content\/uploads\/2023\/04\/Campus-Party-Amazonia.jpeg","_links":{"self":[{"href":"https:\/\/jornalfatosenoticias.com.br\/index.php\/wp-json\/wp\/v2\/posts\/40672","targetHints":{"allow":["GET"]}}],"collection":[{"href":"https:\/\/jornalfatosenoticias.com.br\/index.php\/wp-json\/wp\/v2\/posts"}],"about":[{"href":"https:\/\/jornalfatosenoticias.com.br\/index.php\/wp-json\/wp\/v2\/types\/post"}],"author":[{"embeddable":true,"href":"https:\/\/jornalfatosenoticias.com.br\/index.php\/wp-json\/wp\/v2\/users\/2"}],"replies":[{"embeddable":true,"href":"https:\/\/jornalfatosenoticias.com.br\/index.php\/wp-json\/wp\/v2\/comments?post=40672"}],"version-history":[{"count":0,"href":"https:\/\/jornalfatosenoticias.com.br\/index.php\/wp-json\/wp\/v2\/posts\/40672\/revisions"}],"wp:featuredmedia":[{"embeddable":true,"href":"https:\/\/jornalfatosenoticias.com.br\/index.php\/wp-json\/wp\/v2\/media\/40673"}],"wp:attachment":[{"href":"https:\/\/jornalfatosenoticias.com.br\/index.php\/wp-json\/wp\/v2\/media?parent=40672"}],"wp:term":[{"taxonomy":"category","embeddable":true,"href":"https:\/\/jornalfatosenoticias.com.br\/index.php\/wp-json\/wp\/v2\/categories?post=40672"},{"taxonomy":"post_tag","embeddable":true,"href":"https:\/\/jornalfatosenoticias.com.br\/index.php\/wp-json\/wp\/v2\/tags?post=40672"}],"curies":[{"name":"wp","href":"https:\/\/api.w.org\/{rel}","templated":true}]}}