{"id":40675,"date":"2023-04-18T10:29:23","date_gmt":"2023-04-18T13:29:23","guid":{"rendered":"https:\/\/jornalfatosenoticias.com.br\/?p=40675"},"modified":"2023-04-18T10:29:35","modified_gmt":"2023-04-18T13:29:35","slug":"morro-dos-alagoanos-recebe-19o-femusquim-nos-dias-21-22-e-23","status":"publish","type":"post","link":"https:\/\/jornalfatosenoticias.com.br\/index.php\/2023\/04\/18\/morro-dos-alagoanos-recebe-19o-femusquim-nos-dias-21-22-e-23\/","title":{"rendered":"Morro dos Alagoanos recebe 19\u00ba Femusquim nos dias 21, 22 e 23"},"content":{"rendered":"\n<p><em><span class=\"has-inline-color has-black-color\">por: <strong>Pedro Vargas<\/strong><\/span><\/em><\/p>\n\n\n\n<div class=\"wp-block-image\"><figure class=\"aligncenter size-large\"><img loading=\"lazy\" decoding=\"async\" width=\"250\" height=\"250\" src=\"https:\/\/jornalfatosenoticias.com.br\/wp-content\/uploads\/2023\/04\/baile.jpg\" alt=\"\" class=\"wp-image-40627\" srcset=\"https:\/\/jornalfatosenoticias.com.br\/wp-content\/uploads\/2023\/04\/baile.jpg 250w, https:\/\/jornalfatosenoticias.com.br\/wp-content\/uploads\/2023\/04\/baile-150x150.jpg 150w\" sizes=\"auto, (max-width: 250px) 100vw, 250px\" \/><\/figure><\/div>\n\n\n\n<p>Ap\u00f3s seis anos de espera, o Morro dos Alagoanos, em Vit\u00f3ria, voltar\u00e1 a ser palco do samba de raiz. Nos pr\u00f3ximos dias 21, 22 e 23 de abril a comunidade sedia o 19\u00ba Festival de M\u00fasica de Botequim (Femusquim). Em 2023 o evento recebe o apoio da Prefeitura Municipal de Vit\u00f3ria por meio da Secretaria de Cultura (Semc).<\/p>\n\n\n\n<blockquote class=\"wp-block-quote is-layout-flow wp-block-quote-is-layout-flow\"><p><span class=\"has-inline-color has-luminous-vivid-orange-color\">O Femusquim refor\u00e7a a import\u00e2ncia da arte e da cultura para todos. Por isso fizemos quest\u00e3o de retornar com essa festa t\u00e3o importante para a comunidade depois de seis anos sem a sua realiza\u00e7\u00e3o. N\u00e3o h\u00e1 transforma\u00e7\u00e3o social, educa\u00e7\u00e3o, nem tampouco um futuro de igualdade que n\u00e3o percorra os caminhos da cultura. J\u00e1 s\u00e3o mais de dois anos em que nos preocupamos em levar forma\u00e7\u00f5es culturais, apresenta\u00e7\u00f5es de qualidade e oportunidade de contato direto com a arte de maneira igual para todos os bairros da capital. Temos dois grandes compromissos em Vit\u00f3ria: um com a valoriza\u00e7\u00e3o e o reconhecimento da cultura local e outro com a democratiza\u00e7\u00e3o da arte na cidade&#8221;, declarou o secret\u00e1rio municipal de Cultura, Luciano Gagno.<\/span><\/p><\/blockquote>\n\n\n\n<div class=\"wp-block-image\"><figure class=\"aligncenter size-large is-resized\"><img loading=\"lazy\" decoding=\"async\" src=\"https:\/\/jornalfatosenoticias.com.br\/wp-content\/uploads\/2023\/03\/nova-logo-Marquetti.jpg\" alt=\"\" class=\"wp-image-40207\" width=\"314\" height=\"211\" srcset=\"https:\/\/jornalfatosenoticias.com.br\/wp-content\/uploads\/2023\/03\/nova-logo-Marquetti.jpg 643w, https:\/\/jornalfatosenoticias.com.br\/wp-content\/uploads\/2023\/03\/nova-logo-Marquetti-300x202.jpg 300w\" sizes=\"auto, (max-width: 314px) 100vw, 314px\" \/><\/figure><\/div>\n\n\n\n<p>Em 2023 o Femusquim recebe da Semc uma programa\u00e7\u00e3o cultural especial. Na sexta, se apresentam os grupos Quintal do Tira Gosto, Mania de Samba, Choro da Ilha e Projeto Samba de Quintal. No s\u00e1bado, o Palco da Cultura recebe Samba Sim, Viol\u00eancia N\u00e3o; Dennise Pontes e L\u00e9cio; e Nelson Rufino.<\/p>\n\n\n\n<div class=\"wp-block-image\"><figure class=\"aligncenter size-large\"><img decoding=\"async\" src=\"https:\/\/jornalfatosenoticias.com.br\/wp-content\/uploads\/2020\/02\/Logomarca-Principal.gif\" alt=\"\" class=\"wp-image-7872\"\/><\/figure><\/div>\n\n\n\n<p><strong><span class=\"has-inline-color has-vivid-purple-color\">Dia do chorinho<br><\/span><\/strong>O Femusquim termina no domingo, dia 23 de abril, data em que \u00e9 comemorado o Dia do Chorinho ou Dia Nacional do Choro. Para a ocasi\u00e3o o evento recebe grupos que interpretam grandes sucessos do samba, mas tamb\u00e9m apresenta\u00e7\u00f5es em homenagem ao famoso ritmo brasileiro e anfitri\u00e3o da data.<br>Encerrando a programa\u00e7\u00e3o se apresentam o Grupo Argumento e o grupo de Choro Carne de gato. <\/p>\n\n\n\n<div class=\"wp-block-image\"><figure class=\"aligncenter size-large\"><img loading=\"lazy\" decoding=\"async\" width=\"300\" height=\"250\" src=\"https:\/\/jornalfatosenoticias.com.br\/wp-content\/uploads\/2022\/08\/arte-Casarao.jpg\" alt=\"\" class=\"wp-image-33178\"\/><\/figure><\/div>\n\n\n\n<blockquote class=\"wp-block-quote is-layout-flow wp-block-quote-is-layout-flow\"><p><span class=\"has-inline-color has-luminous-vivid-orange-color\">\u00c9 uma grande alegria poder retomar essa festa junto \u00e0 comunidade. Durante todos os dias o p\u00fablico poder\u00e1 ouvir e desfrutar de grandes sucessos de artistas renomados como Cartola, Martinho da Vila, Paulinho da Viola, Tom Jobim, Zeca Pagodinho entre outros&#8221;, detalha o organizador do evento, Raimundo de Oliveira.<\/span><\/p><\/blockquote>\n\n\n\n<div class=\"wp-block-image\"><figure class=\"aligncenter size-large is-resized\"><img loading=\"lazy\" decoding=\"async\" src=\"https:\/\/jornalfatosenoticias.com.br\/wp-content\/uploads\/2023\/03\/logo-Panper_portal.jpg\" alt=\"\" class=\"wp-image-40208\" width=\"323\" height=\"224\" srcset=\"https:\/\/jornalfatosenoticias.com.br\/wp-content\/uploads\/2023\/03\/logo-Panper_portal.jpg 400w, https:\/\/jornalfatosenoticias.com.br\/wp-content\/uploads\/2023\/03\/logo-Panper_portal-300x208.jpg 300w\" sizes=\"auto, (max-width: 323px) 100vw, 323px\" \/><\/figure><\/div>\n\n\n\n<p>\u00c9 claro que onde se re\u00fane arte, cultura e boa m\u00fasica tamb\u00e9m n\u00e3o podem faltar as tradicionais barracas com op\u00e7\u00f5es diversas de alimenta\u00e7\u00e3o. &#8220;Estamos preparando tudo com muito carinho para receber o p\u00fablico aqui na comunidade, al\u00e9m dos shows incr\u00edveis que vamos receber, n\u00e3o vai faltar a boa e velha cervejinha com diferentes tipos de comida de boteco&#8221;, finaliza Raimundo.<\/p>\n\n\n\n<div class=\"wp-block-image\"><figure class=\"aligncenter size-large\"><img decoding=\"async\" src=\"https:\/\/jornalfatosenoticias.com.br\/wp-content\/uploads\/2020\/02\/barao-das-carnes-300x164-1.jpg\" alt=\"\" class=\"wp-image-34339\"\/><\/figure><\/div>\n\n\n\n<p><strong><span class=\"has-inline-color has-black-color\">Se liga na programa\u00e7\u00e3o:<br><\/span><\/strong><span style=\"text-decoration: underline;\"><strong><span class=\"has-inline-color has-black-color\">19\u00ba Festival de M\u00fasica de Botequim \u2014 Femusquim<\/span><\/strong><br><\/span><strong><em>Sexta (21\/04)<br><\/em><\/strong>17h &#8211; Grupo Quintal do Tira Gosto<br>19h &#8211; Mania de Samba<br>21h &#8211; Choro da Ilha<br>23h &#8211; Samba de Quintal<\/p>\n\n\n\n<div class=\"wp-block-image\"><figure class=\"aligncenter size-large is-resized\"><img loading=\"lazy\" decoding=\"async\" src=\"https:\/\/jornalfatosenoticias.com.br\/wp-content\/uploads\/2022\/02\/Precisao-Contabilidade-1024x724.jpg\" alt=\"\" class=\"wp-image-28088\" width=\"289\" height=\"204\"\/><\/figure><\/div>\n\n\n\n<p><strong><em>S\u00e1bado (22\/04)<br><\/em><\/strong>19h &#8211; Samba Sim, Viol\u00eancia n\u00e3o<br>21h &#8211; Dennise Pontes<br>23h &#8211; L\u00e9cio e Nelson Rufino<\/p>\n\n\n\n<p><strong><em>Domingo (23\/04)<br><\/em><\/strong>17h &#8211; Grupo Argumento<br>19h &#8211; Carne de Gato<\/p>\n\n\n\n<div class=\"wp-block-image\"><figure class=\"aligncenter size-large is-resized\"><img loading=\"lazy\" decoding=\"async\" src=\"https:\/\/jornalfatosenoticias.com.br\/wp-content\/uploads\/2020\/02\/casa-do-torresmo_portal.jpg\" alt=\"\" class=\"wp-image-34472\" width=\"256\" height=\"256\" srcset=\"https:\/\/jornalfatosenoticias.com.br\/wp-content\/uploads\/2020\/02\/casa-do-torresmo_portal.jpg 300w, https:\/\/jornalfatosenoticias.com.br\/wp-content\/uploads\/2020\/02\/casa-do-torresmo_portal-150x150.jpg 150w\" sizes=\"auto, (max-width: 256px) 100vw, 256px\" \/><\/figure><\/div>\n\n\n\n<p><strong><em>Fonte: <a href=\"https:\/\/m.vitoria.es.gov.br\/noticia\/feriadao-morro-dos-alagoanos-recebe-19o-femusquim-nos-dias-21-22-e-23-47436\">PMV<\/a><\/em><\/strong><\/p>\n","protected":false},"excerpt":{"rendered":"<p>por: Pedro Vargas Ap\u00f3s seis anos de espera, o Morro dos Alagoanos, em Vit\u00f3ria, voltar\u00e1 a ser palco do samba de raiz. Nos pr\u00f3ximos dias 21, 22 e 23 de abril a comunidade sedia o 19\u00ba Festival de M\u00fasica de Botequim (Femusquim). Em 2023 o evento recebe o apoio da Prefeitura Municipal de Vit\u00f3ria por [&hellip;]<\/p>\n","protected":false},"author":2,"featured_media":40676,"comment_status":"open","ping_status":"open","sticky":false,"template":"","format":"standard","meta":{"footnotes":""},"categories":[4],"tags":[19056,19053,19057,19054,19055],"class_list":["post-40675","post","type-post","status-publish","format-standard","has-post-thumbnail","hentry","category-cultura","tag-chorinho","tag-femusquim","tag-festival-de-musica-de-botequim","tag-morro-dos-alagoanos","tag-samba-de-raiz"],"yoast_head":"<!-- This site is optimized with the Yoast SEO plugin v26.5 - https:\/\/yoast.com\/wordpress\/plugins\/seo\/ -->\n<title>Morro dos Alagoanos recebe 19\u00ba Femusquim nos dias 21, 22 e 23 - Jornal Fatos e Not\u00edcias<\/title>\n<meta name=\"robots\" content=\"index, follow, max-snippet:-1, max-image-preview:large, max-video-preview:-1\" \/>\n<link rel=\"canonical\" href=\"https:\/\/jornalfatosenoticias.com.br\/index.php\/2023\/04\/18\/morro-dos-alagoanos-recebe-19o-femusquim-nos-dias-21-22-e-23\/\" \/>\n<meta property=\"og:locale\" content=\"pt_BR\" \/>\n<meta property=\"og:type\" content=\"article\" \/>\n<meta property=\"og:title\" content=\"Morro dos Alagoanos recebe 19\u00ba Femusquim nos dias 21, 22 e 23 - Jornal Fatos e Not\u00edcias\" \/>\n<meta property=\"og:description\" content=\"por: Pedro Vargas Ap\u00f3s seis anos de espera, o Morro dos Alagoanos, em Vit\u00f3ria, voltar\u00e1 a ser palco do samba de raiz. Nos pr\u00f3ximos dias 21, 22 e 23 de abril a comunidade sedia o 19\u00ba Festival de M\u00fasica de Botequim (Femusquim). Em 2023 o evento recebe o apoio da Prefeitura Municipal de Vit\u00f3ria por [&hellip;]\" \/>\n<meta property=\"og:url\" content=\"https:\/\/jornalfatosenoticias.com.br\/index.php\/2023\/04\/18\/morro-dos-alagoanos-recebe-19o-femusquim-nos-dias-21-22-e-23\/\" \/>\n<meta property=\"og:site_name\" content=\"Jornal Fatos e Not\u00edcias\" \/>\n<meta property=\"article:published_time\" content=\"2023-04-18T13:29:23+00:00\" \/>\n<meta property=\"article:modified_time\" content=\"2023-04-18T13:29:35+00:00\" \/>\n<meta property=\"og:image\" content=\"https:\/\/jornalfatosenoticias.com.br\/wp-content\/uploads\/2023\/04\/femusquim.jpg\" \/>\n\t<meta property=\"og:image:width\" content=\"700\" \/>\n\t<meta property=\"og:image:height\" content=\"700\" \/>\n\t<meta property=\"og:image:type\" content=\"image\/jpeg\" \/>\n<meta name=\"author\" content=\"Luzimara Fernandes\" \/>\n<meta name=\"twitter:card\" content=\"summary_large_image\" \/>\n<meta name=\"twitter:label1\" content=\"Escrito por\" \/>\n\t<meta name=\"twitter:data1\" content=\"Luzimara Fernandes\" \/>\n\t<meta name=\"twitter:label2\" content=\"Est. tempo de leitura\" \/>\n\t<meta name=\"twitter:data2\" content=\"3 minutos\" \/>\n<script type=\"application\/ld+json\" class=\"yoast-schema-graph\">{\"@context\":\"https:\/\/schema.org\",\"@graph\":[{\"@type\":\"Article\",\"@id\":\"https:\/\/jornalfatosenoticias.com.br\/index.php\/2023\/04\/18\/morro-dos-alagoanos-recebe-19o-femusquim-nos-dias-21-22-e-23\/#article\",\"isPartOf\":{\"@id\":\"https:\/\/jornalfatosenoticias.com.br\/index.php\/2023\/04\/18\/morro-dos-alagoanos-recebe-19o-femusquim-nos-dias-21-22-e-23\/\"},\"author\":{\"name\":\"Luzimara Fernandes\",\"@id\":\"https:\/\/jornalfatosenoticias.com.br\/#\/schema\/person\/d63837fa13ac8666eb9e74e0985d6f81\"},\"headline\":\"Morro dos Alagoanos recebe 19\u00ba Femusquim nos dias 21, 22 e 23\",\"datePublished\":\"2023-04-18T13:29:23+00:00\",\"dateModified\":\"2023-04-18T13:29:35+00:00\",\"mainEntityOfPage\":{\"@id\":\"https:\/\/jornalfatosenoticias.com.br\/index.php\/2023\/04\/18\/morro-dos-alagoanos-recebe-19o-femusquim-nos-dias-21-22-e-23\/\"},\"wordCount\":514,\"commentCount\":0,\"publisher\":{\"@id\":\"https:\/\/jornalfatosenoticias.com.br\/#organization\"},\"image\":{\"@id\":\"https:\/\/jornalfatosenoticias.com.br\/index.php\/2023\/04\/18\/morro-dos-alagoanos-recebe-19o-femusquim-nos-dias-21-22-e-23\/#primaryimage\"},\"thumbnailUrl\":\"https:\/\/jornalfatosenoticias.com.br\/wp-content\/uploads\/2023\/04\/femusquim.jpg\",\"keywords\":[\"chorinho\",\"Femusquim\",\"Festival de M\u00fasica de Botequim\",\"Morro dos Alagoanos\",\"samba de raiz\"],\"articleSection\":[\"Cultura\"],\"inLanguage\":\"pt-BR\",\"potentialAction\":[{\"@type\":\"CommentAction\",\"name\":\"Comment\",\"target\":[\"https:\/\/jornalfatosenoticias.com.br\/index.php\/2023\/04\/18\/morro-dos-alagoanos-recebe-19o-femusquim-nos-dias-21-22-e-23\/#respond\"]}]},{\"@type\":\"WebPage\",\"@id\":\"https:\/\/jornalfatosenoticias.com.br\/index.php\/2023\/04\/18\/morro-dos-alagoanos-recebe-19o-femusquim-nos-dias-21-22-e-23\/\",\"url\":\"https:\/\/jornalfatosenoticias.com.br\/index.php\/2023\/04\/18\/morro-dos-alagoanos-recebe-19o-femusquim-nos-dias-21-22-e-23\/\",\"name\":\"Morro dos Alagoanos recebe 19\u00ba Femusquim nos dias 21, 22 e 23 - Jornal Fatos e Not\u00edcias\",\"isPartOf\":{\"@id\":\"https:\/\/jornalfatosenoticias.com.br\/#website\"},\"primaryImageOfPage\":{\"@id\":\"https:\/\/jornalfatosenoticias.com.br\/index.php\/2023\/04\/18\/morro-dos-alagoanos-recebe-19o-femusquim-nos-dias-21-22-e-23\/#primaryimage\"},\"image\":{\"@id\":\"https:\/\/jornalfatosenoticias.com.br\/index.php\/2023\/04\/18\/morro-dos-alagoanos-recebe-19o-femusquim-nos-dias-21-22-e-23\/#primaryimage\"},\"thumbnailUrl\":\"https:\/\/jornalfatosenoticias.com.br\/wp-content\/uploads\/2023\/04\/femusquim.jpg\",\"datePublished\":\"2023-04-18T13:29:23+00:00\",\"dateModified\":\"2023-04-18T13:29:35+00:00\",\"breadcrumb\":{\"@id\":\"https:\/\/jornalfatosenoticias.com.br\/index.php\/2023\/04\/18\/morro-dos-alagoanos-recebe-19o-femusquim-nos-dias-21-22-e-23\/#breadcrumb\"},\"inLanguage\":\"pt-BR\",\"potentialAction\":[{\"@type\":\"ReadAction\",\"target\":[\"https:\/\/jornalfatosenoticias.com.br\/index.php\/2023\/04\/18\/morro-dos-alagoanos-recebe-19o-femusquim-nos-dias-21-22-e-23\/\"]}]},{\"@type\":\"ImageObject\",\"inLanguage\":\"pt-BR\",\"@id\":\"https:\/\/jornalfatosenoticias.com.br\/index.php\/2023\/04\/18\/morro-dos-alagoanos-recebe-19o-femusquim-nos-dias-21-22-e-23\/#primaryimage\",\"url\":\"https:\/\/jornalfatosenoticias.com.br\/wp-content\/uploads\/2023\/04\/femusquim.jpg\",\"contentUrl\":\"https:\/\/jornalfatosenoticias.com.br\/wp-content\/uploads\/2023\/04\/femusquim.jpg\",\"width\":700,\"height\":700,\"caption\":\"Femusquim\"},{\"@type\":\"BreadcrumbList\",\"@id\":\"https:\/\/jornalfatosenoticias.com.br\/index.php\/2023\/04\/18\/morro-dos-alagoanos-recebe-19o-femusquim-nos-dias-21-22-e-23\/#breadcrumb\",\"itemListElement\":[{\"@type\":\"ListItem\",\"position\":1,\"name\":\"In\u00edcio\",\"item\":\"https:\/\/jornalfatosenoticias.com.br\/\"},{\"@type\":\"ListItem\",\"position\":2,\"name\":\"Morro dos Alagoanos recebe 19\u00ba Femusquim nos dias 21, 22 e 23\"}]},{\"@type\":\"WebSite\",\"@id\":\"https:\/\/jornalfatosenoticias.com.br\/#website\",\"url\":\"https:\/\/jornalfatosenoticias.com.br\/\",\"name\":\"Jornal Fatos e Not\u00edcias\",\"description\":\"Not\u00edcias em geral\",\"publisher\":{\"@id\":\"https:\/\/jornalfatosenoticias.com.br\/#organization\"},\"potentialAction\":[{\"@type\":\"SearchAction\",\"target\":{\"@type\":\"EntryPoint\",\"urlTemplate\":\"https:\/\/jornalfatosenoticias.com.br\/?s={search_term_string}\"},\"query-input\":{\"@type\":\"PropertyValueSpecification\",\"valueRequired\":true,\"valueName\":\"search_term_string\"}}],\"inLanguage\":\"pt-BR\"},{\"@type\":\"Organization\",\"@id\":\"https:\/\/jornalfatosenoticias.com.br\/#organization\",\"name\":\"Jornal Fatos e Not\u00edcias\",\"url\":\"https:\/\/jornalfatosenoticias.com.br\/\",\"logo\":{\"@type\":\"ImageObject\",\"inLanguage\":\"pt-BR\",\"@id\":\"https:\/\/jornalfatosenoticias.com.br\/#\/schema\/logo\/image\/\",\"url\":\"https:\/\/jornalfatosenoticias.com.br\/wp-content\/uploads\/2020\/02\/logo120.png\",\"contentUrl\":\"https:\/\/jornalfatosenoticias.com.br\/wp-content\/uploads\/2020\/02\/logo120.png\",\"width\":1227,\"height\":120,\"caption\":\"Jornal Fatos e Not\u00edcias\"},\"image\":{\"@id\":\"https:\/\/jornalfatosenoticias.com.br\/#\/schema\/logo\/image\/\"}},{\"@type\":\"Person\",\"@id\":\"https:\/\/jornalfatosenoticias.com.br\/#\/schema\/person\/d63837fa13ac8666eb9e74e0985d6f81\",\"name\":\"Luzimara Fernandes\",\"image\":{\"@type\":\"ImageObject\",\"inLanguage\":\"pt-BR\",\"@id\":\"https:\/\/jornalfatosenoticias.com.br\/#\/schema\/person\/image\/\",\"url\":\"https:\/\/jornalfatosenoticias.com.br\/wp-content\/uploads\/2025\/05\/EU_portal.jpg\",\"contentUrl\":\"https:\/\/jornalfatosenoticias.com.br\/wp-content\/uploads\/2025\/05\/EU_portal.jpg\",\"caption\":\"Luzimara Fernandes\"},\"description\":\"Jornalista MTB 2358-ES\",\"sameAs\":[\"https:\/\/jornalfatosenoticias.com.br\"],\"url\":\"https:\/\/jornalfatosenoticias.com.br\/index.php\/author\/luzimara\/\"}]}<\/script>\n<!-- \/ Yoast SEO plugin. -->","yoast_head_json":{"title":"Morro dos Alagoanos recebe 19\u00ba Femusquim nos dias 21, 22 e 23 - Jornal Fatos e Not\u00edcias","robots":{"index":"index","follow":"follow","max-snippet":"max-snippet:-1","max-image-preview":"max-image-preview:large","max-video-preview":"max-video-preview:-1"},"canonical":"https:\/\/jornalfatosenoticias.com.br\/index.php\/2023\/04\/18\/morro-dos-alagoanos-recebe-19o-femusquim-nos-dias-21-22-e-23\/","og_locale":"pt_BR","og_type":"article","og_title":"Morro dos Alagoanos recebe 19\u00ba Femusquim nos dias 21, 22 e 23 - Jornal Fatos e Not\u00edcias","og_description":"por: Pedro Vargas Ap\u00f3s seis anos de espera, o Morro dos Alagoanos, em Vit\u00f3ria, voltar\u00e1 a ser palco do samba de raiz. Nos pr\u00f3ximos dias 21, 22 e 23 de abril a comunidade sedia o 19\u00ba Festival de M\u00fasica de Botequim (Femusquim). Em 2023 o evento recebe o apoio da Prefeitura Municipal de Vit\u00f3ria por [&hellip;]","og_url":"https:\/\/jornalfatosenoticias.com.br\/index.php\/2023\/04\/18\/morro-dos-alagoanos-recebe-19o-femusquim-nos-dias-21-22-e-23\/","og_site_name":"Jornal Fatos e Not\u00edcias","article_published_time":"2023-04-18T13:29:23+00:00","article_modified_time":"2023-04-18T13:29:35+00:00","og_image":[{"width":700,"height":700,"url":"https:\/\/jornalfatosenoticias.com.br\/wp-content\/uploads\/2023\/04\/femusquim.jpg","type":"image\/jpeg"}],"author":"Luzimara Fernandes","twitter_card":"summary_large_image","twitter_misc":{"Escrito por":"Luzimara Fernandes","Est. tempo de leitura":"3 minutos"},"schema":{"@context":"https:\/\/schema.org","@graph":[{"@type":"Article","@id":"https:\/\/jornalfatosenoticias.com.br\/index.php\/2023\/04\/18\/morro-dos-alagoanos-recebe-19o-femusquim-nos-dias-21-22-e-23\/#article","isPartOf":{"@id":"https:\/\/jornalfatosenoticias.com.br\/index.php\/2023\/04\/18\/morro-dos-alagoanos-recebe-19o-femusquim-nos-dias-21-22-e-23\/"},"author":{"name":"Luzimara Fernandes","@id":"https:\/\/jornalfatosenoticias.com.br\/#\/schema\/person\/d63837fa13ac8666eb9e74e0985d6f81"},"headline":"Morro dos Alagoanos recebe 19\u00ba Femusquim nos dias 21, 22 e 23","datePublished":"2023-04-18T13:29:23+00:00","dateModified":"2023-04-18T13:29:35+00:00","mainEntityOfPage":{"@id":"https:\/\/jornalfatosenoticias.com.br\/index.php\/2023\/04\/18\/morro-dos-alagoanos-recebe-19o-femusquim-nos-dias-21-22-e-23\/"},"wordCount":514,"commentCount":0,"publisher":{"@id":"https:\/\/jornalfatosenoticias.com.br\/#organization"},"image":{"@id":"https:\/\/jornalfatosenoticias.com.br\/index.php\/2023\/04\/18\/morro-dos-alagoanos-recebe-19o-femusquim-nos-dias-21-22-e-23\/#primaryimage"},"thumbnailUrl":"https:\/\/jornalfatosenoticias.com.br\/wp-content\/uploads\/2023\/04\/femusquim.jpg","keywords":["chorinho","Femusquim","Festival de M\u00fasica de Botequim","Morro dos Alagoanos","samba de raiz"],"articleSection":["Cultura"],"inLanguage":"pt-BR","potentialAction":[{"@type":"CommentAction","name":"Comment","target":["https:\/\/jornalfatosenoticias.com.br\/index.php\/2023\/04\/18\/morro-dos-alagoanos-recebe-19o-femusquim-nos-dias-21-22-e-23\/#respond"]}]},{"@type":"WebPage","@id":"https:\/\/jornalfatosenoticias.com.br\/index.php\/2023\/04\/18\/morro-dos-alagoanos-recebe-19o-femusquim-nos-dias-21-22-e-23\/","url":"https:\/\/jornalfatosenoticias.com.br\/index.php\/2023\/04\/18\/morro-dos-alagoanos-recebe-19o-femusquim-nos-dias-21-22-e-23\/","name":"Morro dos Alagoanos recebe 19\u00ba Femusquim nos dias 21, 22 e 23 - Jornal Fatos e Not\u00edcias","isPartOf":{"@id":"https:\/\/jornalfatosenoticias.com.br\/#website"},"primaryImageOfPage":{"@id":"https:\/\/jornalfatosenoticias.com.br\/index.php\/2023\/04\/18\/morro-dos-alagoanos-recebe-19o-femusquim-nos-dias-21-22-e-23\/#primaryimage"},"image":{"@id":"https:\/\/jornalfatosenoticias.com.br\/index.php\/2023\/04\/18\/morro-dos-alagoanos-recebe-19o-femusquim-nos-dias-21-22-e-23\/#primaryimage"},"thumbnailUrl":"https:\/\/jornalfatosenoticias.com.br\/wp-content\/uploads\/2023\/04\/femusquim.jpg","datePublished":"2023-04-18T13:29:23+00:00","dateModified":"2023-04-18T13:29:35+00:00","breadcrumb":{"@id":"https:\/\/jornalfatosenoticias.com.br\/index.php\/2023\/04\/18\/morro-dos-alagoanos-recebe-19o-femusquim-nos-dias-21-22-e-23\/#breadcrumb"},"inLanguage":"pt-BR","potentialAction":[{"@type":"ReadAction","target":["https:\/\/jornalfatosenoticias.com.br\/index.php\/2023\/04\/18\/morro-dos-alagoanos-recebe-19o-femusquim-nos-dias-21-22-e-23\/"]}]},{"@type":"ImageObject","inLanguage":"pt-BR","@id":"https:\/\/jornalfatosenoticias.com.br\/index.php\/2023\/04\/18\/morro-dos-alagoanos-recebe-19o-femusquim-nos-dias-21-22-e-23\/#primaryimage","url":"https:\/\/jornalfatosenoticias.com.br\/wp-content\/uploads\/2023\/04\/femusquim.jpg","contentUrl":"https:\/\/jornalfatosenoticias.com.br\/wp-content\/uploads\/2023\/04\/femusquim.jpg","width":700,"height":700,"caption":"Femusquim"},{"@type":"BreadcrumbList","@id":"https:\/\/jornalfatosenoticias.com.br\/index.php\/2023\/04\/18\/morro-dos-alagoanos-recebe-19o-femusquim-nos-dias-21-22-e-23\/#breadcrumb","itemListElement":[{"@type":"ListItem","position":1,"name":"In\u00edcio","item":"https:\/\/jornalfatosenoticias.com.br\/"},{"@type":"ListItem","position":2,"name":"Morro dos Alagoanos recebe 19\u00ba Femusquim nos dias 21, 22 e 23"}]},{"@type":"WebSite","@id":"https:\/\/jornalfatosenoticias.com.br\/#website","url":"https:\/\/jornalfatosenoticias.com.br\/","name":"Jornal Fatos e Not\u00edcias","description":"Not\u00edcias em geral","publisher":{"@id":"https:\/\/jornalfatosenoticias.com.br\/#organization"},"potentialAction":[{"@type":"SearchAction","target":{"@type":"EntryPoint","urlTemplate":"https:\/\/jornalfatosenoticias.com.br\/?s={search_term_string}"},"query-input":{"@type":"PropertyValueSpecification","valueRequired":true,"valueName":"search_term_string"}}],"inLanguage":"pt-BR"},{"@type":"Organization","@id":"https:\/\/jornalfatosenoticias.com.br\/#organization","name":"Jornal Fatos e Not\u00edcias","url":"https:\/\/jornalfatosenoticias.com.br\/","logo":{"@type":"ImageObject","inLanguage":"pt-BR","@id":"https:\/\/jornalfatosenoticias.com.br\/#\/schema\/logo\/image\/","url":"https:\/\/jornalfatosenoticias.com.br\/wp-content\/uploads\/2020\/02\/logo120.png","contentUrl":"https:\/\/jornalfatosenoticias.com.br\/wp-content\/uploads\/2020\/02\/logo120.png","width":1227,"height":120,"caption":"Jornal Fatos e Not\u00edcias"},"image":{"@id":"https:\/\/jornalfatosenoticias.com.br\/#\/schema\/logo\/image\/"}},{"@type":"Person","@id":"https:\/\/jornalfatosenoticias.com.br\/#\/schema\/person\/d63837fa13ac8666eb9e74e0985d6f81","name":"Luzimara Fernandes","image":{"@type":"ImageObject","inLanguage":"pt-BR","@id":"https:\/\/jornalfatosenoticias.com.br\/#\/schema\/person\/image\/","url":"https:\/\/jornalfatosenoticias.com.br\/wp-content\/uploads\/2025\/05\/EU_portal.jpg","contentUrl":"https:\/\/jornalfatosenoticias.com.br\/wp-content\/uploads\/2025\/05\/EU_portal.jpg","caption":"Luzimara Fernandes"},"description":"Jornalista MTB 2358-ES","sameAs":["https:\/\/jornalfatosenoticias.com.br"],"url":"https:\/\/jornalfatosenoticias.com.br\/index.php\/author\/luzimara\/"}]}},"cc_featured_image_caption":{"caption_text":"(Foto: Divulga\u00e7\u00e3o) ","source_text":"","source_url":""},"jetpack_featured_media_url":"https:\/\/jornalfatosenoticias.com.br\/wp-content\/uploads\/2023\/04\/femusquim.jpg","_links":{"self":[{"href":"https:\/\/jornalfatosenoticias.com.br\/index.php\/wp-json\/wp\/v2\/posts\/40675","targetHints":{"allow":["GET"]}}],"collection":[{"href":"https:\/\/jornalfatosenoticias.com.br\/index.php\/wp-json\/wp\/v2\/posts"}],"about":[{"href":"https:\/\/jornalfatosenoticias.com.br\/index.php\/wp-json\/wp\/v2\/types\/post"}],"author":[{"embeddable":true,"href":"https:\/\/jornalfatosenoticias.com.br\/index.php\/wp-json\/wp\/v2\/users\/2"}],"replies":[{"embeddable":true,"href":"https:\/\/jornalfatosenoticias.com.br\/index.php\/wp-json\/wp\/v2\/comments?post=40675"}],"version-history":[{"count":0,"href":"https:\/\/jornalfatosenoticias.com.br\/index.php\/wp-json\/wp\/v2\/posts\/40675\/revisions"}],"wp:featuredmedia":[{"embeddable":true,"href":"https:\/\/jornalfatosenoticias.com.br\/index.php\/wp-json\/wp\/v2\/media\/40676"}],"wp:attachment":[{"href":"https:\/\/jornalfatosenoticias.com.br\/index.php\/wp-json\/wp\/v2\/media?parent=40675"}],"wp:term":[{"taxonomy":"category","embeddable":true,"href":"https:\/\/jornalfatosenoticias.com.br\/index.php\/wp-json\/wp\/v2\/categories?post=40675"},{"taxonomy":"post_tag","embeddable":true,"href":"https:\/\/jornalfatosenoticias.com.br\/index.php\/wp-json\/wp\/v2\/tags?post=40675"}],"curies":[{"name":"wp","href":"https:\/\/api.w.org\/{rel}","templated":true}]}}